{"id":20085,"date":"2024-10-14T01:21:31","date_gmt":"2024-10-13T23:21:31","guid":{"rendered":"https:\/\/www.freidenker.org\/?p=20085"},"modified":"2024-11-17T16:04:00","modified_gmt":"2024-11-17T15:04:00","slug":"warum-wird-palaestina-das-recht-auf-widerstand-verweigert","status":"publish","type":"post","link":"https:\/\/www.freidenker.org\/?p=20085","title":{"rendered":"Warum wird Pal\u00e4stina das Recht auf Widerstand verweigert?"},"content":{"rendered":"<h4>Empathie und Trauer nur f\u00fcr Juden?<\/h4>\n<p class=\"entry-title\"><strong>Kommentar vom Hochblauen<\/strong><\/p>\n<p><em>Von <strong>Evelyn Hecht-Galinski<\/strong><\/em><\/p>\n<p><span style=\"font-size: 10pt;\">Erstver\u00f6ffentlichung am 10.10.2024 im Blog <a href=\"https:\/\/www.sicht-vom-hochblauen.de\/kommentar-vom-hochblauen-warum-wird-palaestina-das-recht-auf-widerstand-verweigert-empathie-und-trauer-nur-fuer-juden-von-evelyn-hecht-galinski\/\" target=\"_blank\" rel=\"noopener\">Sicht vom Hochblauen<\/a><\/span><\/p>\n<p>Es ist ersch\u00fctternd zu erleben, wie Deutschland am Leid der Pal\u00e4stinenser vorbei gedenkt. Ein Jahr deutscher Komplizenschaft und anhaltender medialer Einseitigkeit zeigte seinen H\u00f6hepunkt in dem einseitigen Gedenken Deutschlands. Als der Bundestag am 10. Oktober 2024 der \u201eOpfer des Hamas-Angriffs\u201c gedachte, war es eine traurige und einseitige Veranstaltung, die sich dem B\u00fcrger bot. Einseitig wurde die israelische Seite als Opfer dargestellt, weder die Vorgeschichte, die zum 7. Oktober f\u00fchrte, noch die v\u00f6lkerrechtswidrige Besatzung, noch die illegale Besiedlung und Vertreibung der Pal\u00e4stinenser waren ein Thema. Aber als Bundeskanzler Scholz auch noch aufstand, um sich neben den SPD-Fraktionsvorsitzenden M\u00fctzenich zu stellen und den nach Angriffen von Oppositionsf\u00fchrer Merz in Schutz zu nehmen und eilfertig zu versichern: \u201eWaffen werden und wurden weiter geliefert\u201c, da hatte sich Deutschland endg\u00fcltig auf die falsche Seite der Geschichte gestellt und klar gemacht, dass es nicht gewillt ist, das heuchlerische \u201enie wieder\u201c ernst zu nehmen, sondern sich weiter mitschuldig zu machen. (1)(2)<\/p>\n<h5>Empathie f\u00fcr V\u00f6lkermord?<\/h5>\n<p>Was erwartet man von einem Pr\u00e4sidenten des Zentralrats der Juden eigentlich angesichts der seit 7. Oktober \u00fcber 42.010 get\u00f6teten und 97,720 (09.10.2024) verwundeten Pal\u00e4stinenser in Gaza, davon 16,756 Kinder, 11,946 Frauen (zusammen 69 Prozent)? Empathie! Doch Fehlanzeige! Die weltweit f\u00fchrende medizinische Fachzeitschrift The Lancet h\u00e4lt es f\u00fcr plausibel, dass 186.000 Todesf\u00e4lle im aktuellen Gaza Krieg zu beklagen sind. Das sind unvorstellbare Zahlen und Zerst\u00f6rungen in Gaza, das weitgehend dem Erdboden gleich gemacht wurde. Kein Wort von den offiziellen Vertretern dazu. Es ist fast wie ein Hohn, wenn sich Pr\u00e4sident Schuster am Limit f\u00fchlt und Empathie f\u00fcr die Juden und Israel vermisst. Wie kann man Empathie f\u00fcr V\u00f6lkermord, grausame Massaker und enthemmte israelische Soldaten empfinden, die zum Teil aus \u201eLangeweile\u201c t\u00f6ten oder \u201efreies schie\u00dfen auf alle\u201c (3) Diese entsetzliche Enthemmung und Verrohung verdeutlicht, wie entmenschlicht die \u201ej\u00fcdische Verteidigungsarmee\u201c \u2013 gest\u00fctzt von \u201eoben\u201c \u2013 gegen Pal\u00e4stinenser in Gaza oder jetzt im Libanon vorgeht \u2013 mit auch schon 2.119 Toten und 1,2 Millionen Vertriebener auf der Flucht.<\/p>\n<p>Nicht Antisemitismus ist das wirkliche Problem, sondern es ist die Diffamierung jede Israel-Kritik, als \u201eIsrael-Hass\u201c oder schlimmer noch als Judenhass zu verunglimpfen. Tatsache ist, dass der \u201ej\u00fcdische Staat Israel\u201c, der seit Staatsgr\u00fcndung darauf zielt Pal\u00e4stinenser zu vertreiben, ethnisch zu s\u00e4ubern oder zu t\u00f6ten, hat es immer bewusst darauf angelegt den Opferstatus zu erhalten, der nichts will, au\u00dfer mit der \u201eausgestreckten Hand\u201c in Frieden mit seinen Nachbarn zu leben. Nichts davon entspricht der Wahrheit, man kann und muss es immer wieder wiederholen, Israel war und ist immer der Besatzer und uneingeschr\u00e4nkte Herrscher \u00fcber die Pal\u00e4stinenser, mit dem \u201eEndziel\u201c der Judaisierung. Das dieses Vorgehen auf Dauer nicht unwidersprochen hingenommen werden konnte, war abzusehen und eingeplant. Ach ja, wenn man von Trauma spricht, dann betrifft das doch wohl eher die Pal\u00e4stinenser, die ihr zionistisches Trauma schon seit Jahrzehnten erleben. W\u00e4hrend traumatisierte Israelis, wenn sie denn aus ihren Besatzungs-h\u00e4uschen m\u00fcssen, Bunker haben, wo sie Trauma entspannt pflegen k\u00f6nnen. Besatzung und Unterdr\u00fcckung fordern einen Preis und das haben auch Israelis schmerzhaft erfahren m\u00fcssen. Merke, nicht Besatzung und Unterdr\u00fcckung schafft ein friedliches Miteinander, sondern ein Zusammenleben auf Augenh\u00f6he unter Gleichgestellten.<\/p>\n<h5>Verurteilung des verzweifelten Schreis im Kampf um Freiheit?<\/h5>\n<p>Der 7. Oktober hat die Vorgeschichte des Ausbruchs aus dem Freiluftgef\u00e4ngnis, aus der totalen \u00dcberwachung, Kontrolle und Isolierung heraus, der verzweifelte Schrei und ein Entkommen im Kampf um Freiheit. Sofort erschallte der westliche Chor, angef\u00fchrt von Israel: \u201eTerroristen\u201c und schlimmster Judenmord seit dem Holocaust. Dabei kam der 7. Oktober keineswegs so \u00fcberraschend, wie es scheint. So berichtete der israelische Fernsehsender KAN TV von einem Dokument, das Gaza-Division erstellt hatte und das den geplanten Ablauf der Geiselnahme durch die Hamas schildert und zitierte eine israelische Sicherheitsquelle mit den Worten, dass das Dokument auch dem israelischen Geheimdienst bekannt sei. Die Zahl der bei der Operation gefangenen Israelis entsprach fast genau der Zahl, die in dem ver\u00f6ffentlichten Dokument vorausgesagt wurde. Am 7. Oktober wurden auch Hunderte durch die t\u00f6dliche \u201eHannibal Richtlinie\u201c oder durch \u201e\u201cfriendly fire\u201c get\u00f6tet. (4)(5) Nichts davon in deutschen Medien, geschweige denn bei den heuchlerischen Gedenkfeiern an der \u201eSeite Israels stehend\u201c. Ja, in der Tat es gibt einen Fl\u00e4chenbrand, der sich inzwischen von Gaza, dem Westjordanland, bis tief in den Libanon zieht. (6) Es k\u00f6nnte der Eindruck entstehen, als ob alles sorgf\u00e4ltig im Voraus geplant wurde. Von Hamas bis Hisbollah, und als Kr\u00f6nung kommt der Angriff gegen den Iran. Was f\u00fcr ein Vernichtungs-Plan! Auch dort sind inzwischen mehr als 2000 Libanesen get\u00f6tet worden und mehr als eine Million auf der Flucht. Es ist wie eine Kopie von Gaza, scheint es doch unter Netanjahus t\u00f6dlicher Regie nach Vorbild von Gaza abzulaufen. Gezielte Morde, z\u00fcgellos, geradezu entfesselt im \u201eEliminierungsrausch\u201c. Netanjahu scheint sich seiner Macht so sicher, dass er fern von Justiz und Bestrafung herrscht wie der ungekr\u00f6nte \u201eMelech Israel\u201c in einem \u201eGro\u00df-Israel\u201c vom Meer bis zum Fluss ohne die Pal\u00e4stinenser. Von einem Pal\u00e4stinenserstaat ist er weiter entfernt denn je, schlie\u00dflich war dieser f\u00fcr Netanjahu und sein Regime nie ein Thema.<\/p>\n<p>Eine israelische Schriftstellerin, die ich sehr sch\u00e4tze, Lizzie Doron, sagte genau die Worte in der FAZ vom 7. Oktober 2024, die mich auch hier bewegen. \u201eIch bin eine Feindin im eigenen Land\u201c. Ich zitiere: Auf die Frage der Verantwortung f\u00fcr die Bundesregierung, sagte Lizzie Doron:\u201c Ich w\u00fcrde mir w\u00fcnschen, dass die deutsche Regierung kritischer mit dem Vorgehen der israelischen Regierung ins Gericht geht. Ich denke, Deutschland ist eben aufgrund der Vergangenheit moralischen Werten verpflichtet und nicht der israelischen Regierung. Es sollte sich gegen Krieg einsetzen, gegen die Besatzung, gegen die Entmenschlichung, es sollte sich daf\u00fcr einsetzen, dass alle Menschen die gleichen Werte genie\u00dfen. Dass Deutschland Israel auf alle Ewigkeit in die Opferrolle steckt, ist falsch. Die Schuldgef\u00fchle f\u00fcr die Vergangenheit sollten nicht das heutige Handeln bestimmen. Aus ihnen sollte eine Verantwortung erwachsen. Ich w\u00fcrde mir w\u00fcnschen, dass die deutsche Regierung f\u00fcr die liberalen Israelis spricht, die heute v\u00f6llig isoliert sind.\u201c Zitat Ende (7)<\/p>\n<h5>Empathie f\u00fcr ein faschistoides, zutiefst rassistisches und gewaltt\u00e4tiges Regime?<\/h5>\n<p>Auch die Geiseln scheinen Netanjahu nicht sonderlich wichtig, warum sonst schaffte er st\u00e4ndig neue Bedingungen, wenn ein Abkommen mit der Hamas so greifbar nahe schien. Inzwischen finden sich die Angeh\u00f6rigen der Geiseln von der Regierung nicht nur nicht sonderlich gut behandelt, sondern sie f\u00fchlen sich mit \u201ePhrasen\u201c abgespeist. Netanjahu steht sein politisches \u00dcberleben \u00fcber allem, da stehen die Geiseln nicht auf der Priorit\u00e4tslinie. Ist es \u00fcberhaupt noch nachvollziehbar, dass westliche \u201eWerte\u201c-L\u00e4nder, die sich als Verfechter von Demokratie und Menschenrechten bezeichnen, den V\u00f6lkermord in Gaza, gezielte Morde und kriegerische Aggressionen des zionistischen Regimes aktiv mit Waffenlieferungen unterst\u00fctzen?<\/p>\n<p>Dieser zionistische Staat \u2013 entstanden aus der Nakba, gegr\u00fcndet mit dem Mythos der \u201eeinzigen Demokratie im Nahen Osten\u201c, dem \u201emoralischen und sozialem Leuchtfeuer\u201c, dem \u201eLicht unter den V\u00f6lkern\u201c, biblisch (Jesaya) \u2013 betreibt Missbrauch mit der universellen Bestimmung der Israeliten als Mentoren f\u00fcr die moralische F\u00fchrung f\u00fcr die ganze Welt. Dieser \u201ej\u00fcdische Staat\u201c ist zu einem dunklen westlichen Kolonialstaat mit einem zionistisch-faschistoid, zutiefst rassistisch und gewaltt\u00e4tig herrschenden Staatsterror-Regime verkommen \u2013 zu einem v\u00f6llig von USA-Gnaden abh\u00e4ngender V\u00f6lkermord- und Apartheidstaat. Ein Staat hat nur ein Recht auf Existenz, wenn er ein Staat in seinen Grenzen f\u00fcr alle Ethnien und Religionen mit gleichen Rechten und Pflichten ist. Nur so ein Staat darf Unterst\u00fctzung finden. Diese westliche Komplizenschaft, die diesen V\u00f6lkermord und die Judaisierung erst straffrei erm\u00f6glichte und jahrzehntelang medial begleitete, muss endlich ein Ende finden. Warum wird jeder Widerstand, wie der des Warschauer Ghetto oder in der ehemaligen DDR gefeiert, w\u00e4hrend muslimischer, pal\u00e4stinensischer Widerstand als Terror bek\u00e4mpft und verdammt wird?<\/p>\n<h5>Recht auf Widerstand!<\/h5>\n<p>Das Recht auf Widerstand gilt auch f\u00fcr Pal\u00e4stinenser! Die Tausenden get\u00f6teten Pal\u00e4stinenser, die unschuldig als Zivilisten oder im Widerstand f\u00fcr ein freies Leben in Pal\u00e4stina starben, haben meine Empathie, und ich trauere um sie. Das sind f\u00fcr mich die Lehren, die ich aus dem 7. Oktober gezogen habe. (8) Ich rufe alle, die noch ein Gesp\u00fcr f\u00fcr Gerechtigkeit und Mitmenschlichkeit haben auf, jeden Abend eine Kerze ins Fenster zu stellen.<\/p>\n<p style=\"text-align: right;\"><em>Evelyn Hecht-Galinski ist Mitglied des Deutschen Freidenker-Verbandes<\/em><\/p>\n<hr \/>\n<h4><strong>Eure Toten \u2013 Die Pal\u00e4stinenser an die Zionisten<\/strong><\/h4>\n<p><em>Von <strong>Erich Fried<\/strong><\/em><\/p>\n<p>Eure Toten<br \/>\neure toten Eltern und Gro\u00dfeltern<br \/>\neure toten Br\u00fcder und Schwestern<br \/>\nauf die ihr euch immer beruft<br \/>\neure Toten die euer Trumpf sind<br \/>\neure Toten f\u00fcr die ihr euch Geld bezahlen lasst<br \/>\nals Wiedergutmachung<br \/>\nsie sind nicht mehr eure Toten<br \/>\nIhr habt eure Toten verloren<br \/>\ndenn eure Toten<br \/>\ndas waren die Opfer der M\u00f6rder<br \/>\ndie Gerechten die Unterdr\u00fcckten:<br \/>\nDie Machtlosen die Verfolgten<br \/>\ndie ermordeten Widerstandsk\u00e4mpfer<br \/>\nund ihre Kinder<br \/>\ndas waren eure Toten<br \/>\nJetzt aber seid ihr Machtanbeter und M\u00f6rder geworden<br \/>\nund werft Bomben auf eure Opfer wenn sie sich wehren<br \/>\nIhr vertreibt die Machtlosen aus ihren niederen H\u00fctten<br \/>\nIhr kommt rasselnd in rasenden Panzern<br \/>\nIhr lasst das Spr\u00fchgift<br \/>\naus euren Flugzeugen regnen<br \/>\nnieder auf unsere Felder<br \/>\nund euer Napalm auf unsere Frauen und Kinder<br \/>\nGlaubt ihr denn eure Toten w\u00fcrden euch wiedererkennen<br \/>\nversteckt in eure Panzer und Kampfflugzeuge?<br \/>\nEure Toten sind \u00fcbergegangen zu uns<br \/>\nOpfer zu Opfern<br \/>\nVerfolgte zu Verfolgten<br \/>\ndenn die Ermordeten sind der Ermordeten Br\u00fcder und Schwestern<br \/>\nund nicht die der M\u00f6rder<br \/>\nEure Toten wollen euch nicht mehr kennen<br \/>\nDarum beruft euch lieber nicht mehr auf eure Toten<br \/>\num die Welt schweigen zu machen jedes Mal wenn ihr t\u00f6tet<br \/>\nDarum tut lieber nicht mehr<br \/>\nals w\u00e4ren sie das gewesen was ihr seid<br \/>\nals w\u00e4ret ihr wirklich noch ihre echten Kinder und Enkel<br \/>\ndenn ihr habt Verrat begangen an ihrem Leben und Sterben<br \/>\nals ihr eingetreten seid in die Dienste derselben Ordnung<br \/>\ndie eure Toten gequ\u00e4lt und get\u00f6tet hat<br \/>\nEure Toten sind nun zu Gast bei unseren Toten<br \/>\ndie versuchen sie zu beruhigen dass ihr vielleicht nur<br \/>\naus Unwissenheit und aus Dummheit tut was ihr tut<br \/>\nDoch eure Toten sagen ihr seid immer so klug gewesen<br \/>\ndie kl\u00fcgsten Kinder der Welt<br \/>\nund sie k\u00f6nnen euch nicht mehr verstehen<br \/>\nUnd unsere Toten wollen sie tr\u00f6sten und sagen<br \/>\ndass nur die Macht der M\u00e4chtigen euch so verlockt und verwirrt hat<br \/>\nund dass ihr vielleicht es noch sehen und doch noch umkehren werdet<br \/>\nstatt so zu sterben dass eure Toten euch nicht mehr kennen<\/p>\n<p>&nbsp;<\/p>\n<hr \/>\n<p><strong>Fu\u00dfnoten:<\/strong><\/p>\n<p>1 <a href=\"https:\/\/www.sueddeutsche.de\/politik\/ruestungsexporte-scholz-kuendigt-weitere-waffenlieferungen-an-israel-an-dpa.urn-newsml-dpa-com-20090101-241010-930-256665\">https:\/\/www.sueddeutsche.de\/politik\/ruestungsexporte-scholz-kuendigt-weitere-waffenlieferungen-an-israel-an-dpa.urn-newsml-dpa-com-20090101-241010-930-256665<\/a><\/p>\n<p>2 <a href=\"https:\/\/www.zeit.de\/politik\/deutschland\/2024-10\/bundestag-gedenken-7-oktober-hamas-angriff-israel-antisemitismus\">https:\/\/www.zeit.de\/politik\/deutschland\/2024-10\/bundestag-gedenken-7-oktober-hamas-angriff-israel-antisemitismus<\/a><\/p>\n<p>3 <a href=\"https:\/\/www.972mag.com\/israeli-soldiers-gaza-firing-regulations\/\">https:\/\/www.972mag.com\/israeli-soldiers-gaza-firing-regulations\/<\/a><\/p>\n<p>4 <a href=\"https:\/\/www.palestinechronicle.com\/israeli-army-intelligence-knew-of-october-7-plan-kan\/\">https:\/\/www.palestinechronicle.com\/israeli-army-intelligence-knew-of-october-7-plan-kan\/<\/a><\/p>\n<p>5 <a href=\"https:\/\/electronicintifada.net\/content\/how-israel-killed-hundreds-its-own-people-7-october\/49216\">https:\/\/electronicintifada.net\/content\/how-israel-killed-hundreds-its-own-people-7-october\/49216<\/a><\/p>\n<p>6 <a href=\"https:\/\/www.aljazeera.com\/news\/2024\/10\/8\/israels-netanyahu-warns-lebanon-could-face-destruction-like-gaza\">https:\/\/www.aljazeera.com\/news\/2024\/10\/8\/israels-netanyahu-warns-lebanon-could-face-destruction-like-gaza<\/a><\/p>\n<p>7 <a href=\"https:\/\/www.faz.net\/aktuell\/feuilleton\/debatten\/lizzie-doron-ueber-ein-jahr-krieg-in-israel-und-ihre-verlorene-identitaet-110029242.html\">https:\/\/www.faz.net\/aktuell\/feuilleton\/debatten\/lizzie-doron-ueber-ein-jahr-krieg-in-israel-und-ihre-verlorene-identitaet-110029242.html<\/a><\/p>\n<p>8 <a href=\"https:\/\/www.aljazeera.com\/news\/longform\/2024\/10\/8\/know-their-names-palestinian-families-killed-in-israeli-attacks-on-gaza\">https:\/\/www.aljazeera.com\/news\/longform\/2024\/10\/8\/know-their-names-palestinian-families-killed-in-israeli-attacks-on-gaza<\/a><\/p>\n<p>&nbsp;<\/p>\n<p><span style=\"font-size: 10pt;\">Auch ver\u00f6ffentlicht in der Neuen Rheinischen Zeitung (NRhZ) in Ausgabe 837 vom 11.10.2024 unter <a href=\"http:\/\/www.nrhz.de\/flyer\/beitrag.php?id=29257\">http:\/\/www.nrhz.de\/flyer\/beitrag.php?id=29257<\/a><\/span><\/p>\n<hr \/>\n<p><span style=\"font-size: 10pt;\">Bild oben: <a href=\"https:\/\/pixabay.com\/de\/photos\/kerze-flamme-bokeh-brennende-kerze-5859094\/\" target=\"_blank\" rel=\"noopener\">pixabay.com<\/a> \/ <a class=\"userName--owby3\" href=\"https:\/\/pixabay.com\/de\/users\/jrydertr-13047018\/\" target=\"_blank\" rel=\"noopener\">jrydertr<\/a> \/ <a href=\"https:\/\/pixabay.com\/de\/service\/license-summary\/\" target=\"_blank\" rel=\"noopener\">Inhaltslizenz<\/a><\/span><\/p>\n<p>&nbsp;<\/p>\n","protected":false},"excerpt":{"rendered":"<p><b>Empathie und Trauer nur f\u00fcr Juden?<\/b><br \/>\n<b>Kommentar von Evelyn Hecht-Galinski<\/b><br \/>\nEs ist ersch\u00fctternd zu erleben, wie Deutschland am Leid der Pal\u00e4stinenser vorbei gedenkt. Ein Jahr deutscher Komplizenschaft und anhaltender medialer Einseitigkeit zeigte seinen H\u00f6hepunkt in dem einseitigen Gedenken Deutschlands. Als der Bundestag am 10. Oktober 2024 der \u201eOpfer des Hamas-Angriffs\u201c gedachte, war es eine traurige und einseitige Veranstaltung, die sich dem B\u00fcrger bot. Einseitig wurde die israelische Seite als Opfer dargestellt, weder die Vorgeschichte, die zum 7. Oktober f\u00fchrte, noch die v\u00f6lkerrechtswidrige Besatzung, noch die illegale Besiedlung und Vertreibung der Pal\u00e4stinenser waren ein Thema. Aber als Bundeskanzler Scholz auch noch aufstand, um sich neben den SPD-Fraktionsvorsitzenden M\u00fctzenich zu stellen und den nach Angriffen von Oppositionsf\u00fchrer Merz in Schutz zu nehmen und eilfertig zu versichern: \u201eWaffen werden und wurden weiter geliefert\u201c, da hatte sich Deutschland endg\u00fcltig auf die falsche Seite der Geschichte gestellt &#8230;<\/p>\n","protected":false},"author":3,"featured_media":20087,"comment_status":"closed","ping_status":"closed","sticky":false,"template":"","format":"standard","meta":{"colormag_page_container_layout":"default_layout","colormag_page_sidebar_layout":"default_layout","advanced_seo_description":"","jetpack_seo_html_title":"","jetpack_seo_noindex":false,"jetpack_post_was_ever_published":false,"footnotes":""},"categories":[13],"tags":[512,451,1172,393,807,394,653,1931,489,2136,579],"class_list":["post-20085","post","type-post","status-publish","format-standard","has-post-thumbnail","hentry","category-frieden-antifaschismus-solidaritaet","tag-antisemitismus","tag-faschismus","tag-gaza","tag-israel","tag-nakba","tag-palaestina","tag-rassismus","tag-voelkermord","tag-widerstand","tag-zentralrat-der-juden","tag-zionismus"],"jetpack_featured_media_url":"https:\/\/i0.wp.com\/www.freidenker.org\/fw17\/wp-content\/uploads\/2024\/10\/candle-5859094_800x450.jpg?fit=800%2C450&ssl=1","jetpack_shortlink":"https:\/\/wp.me\/p9stpK-5dX","jetpack-related-posts":[{"id":20365,"url":"https:\/\/www.freidenker.org\/?p=20365","url_meta":{"origin":20085,"position":0},"title":"Wenn Widerstand in Pal\u00e4stina zur Existenzfrage wird","author":"Webredaktion","date":"23. November 2024","format":false,"excerpt":"Kommentar von Evelyn Hecht-Galinski Es ist an der Zeit, dass die Weltgemeinschaft akzeptiert, dass Pal\u00e4stinenser als besetztes Volk das Recht hat, Widerstand zu leisten \u2013 und zwar auf jede erdenkliche Weise? Pal\u00e4stinensern wird das Grundrecht auf Freiheit, Selbstbestimmung und Unabh\u00e4ngigkeit seit Staatsgr\u00fcndung des \u201ej\u00fcdischen Staats\u201c 1948 verweigert. Wurde nicht dem\u2026","rel":"","context":"In &quot;Frieden - Antifaschismus - Solidarit\u00e4t&quot;","block_context":{"text":"Frieden - Antifaschismus - Solidarit\u00e4t","link":"https:\/\/www.freidenker.org\/?cat=13"},"img":{"alt_text":"","src":"https:\/\/i0.wp.com\/www.freidenker.org\/fw17\/wp-content\/uploads\/2024\/11\/injury-6860646_800x450.jpg?fit=800%2C450&ssl=1&resize=350%2C200","width":350,"height":200,"srcset":"https:\/\/i0.wp.com\/www.freidenker.org\/fw17\/wp-content\/uploads\/2024\/11\/injury-6860646_800x450.jpg?fit=800%2C450&ssl=1&resize=350%2C200 1x, https:\/\/i0.wp.com\/www.freidenker.org\/fw17\/wp-content\/uploads\/2024\/11\/injury-6860646_800x450.jpg?fit=800%2C450&ssl=1&resize=525%2C300 1.5x, https:\/\/i0.wp.com\/www.freidenker.org\/fw17\/wp-content\/uploads\/2024\/11\/injury-6860646_800x450.jpg?fit=800%2C450&ssl=1&resize=700%2C400 2x"},"classes":[]},{"id":19719,"url":"https:\/\/www.freidenker.org\/?p=19719","url_meta":{"origin":20085,"position":1},"title":"Wenn \u201eSelbstverteidigung\u201c zu V\u00f6lkermord wird \u2013 Pal\u00e4stinensischer Widerstand gegen zionistischen Terror","author":"Webredaktion","date":"14. August 2024","format":false,"excerpt":"Kommentar von Evelyn Hecht-Galinski Wie lange will Deutschland noch die unhaltbaren Positionen der schwerwiegenden Fehlinterpretationen der Geschichte als \u201eStaatsr\u00e4son\u201c beibehalten? Der \u201ej\u00fcdische Staat\u201c baute sich von Beginn an \u00fcber die Geschichte der zionistischen Kolonisierung auf, ethnische S\u00e4uberung wurde als \u201elegitimes\u201c Recht f\u00fcr ein \u201eVolk ohne Land\u201c f\u00fcr ein \u201eLand ohne\u2026","rel":"","context":"In &quot;Demokratie \u2013 Medien \u2013 Aufkl\u00e4rung&quot;","block_context":{"text":"Demokratie \u2013 Medien \u2013 Aufkl\u00e4rung","link":"https:\/\/www.freidenker.org\/?cat=12"},"img":{"alt_text":"","src":"https:\/\/i0.wp.com\/www.freidenker.org\/fw17\/wp-content\/uploads\/2024\/08\/Selbstverteidigungevelyn_800x450.jpg?fit=800%2C450&ssl=1&resize=350%2C200","width":350,"height":200,"srcset":"https:\/\/i0.wp.com\/www.freidenker.org\/fw17\/wp-content\/uploads\/2024\/08\/Selbstverteidigungevelyn_800x450.jpg?fit=800%2C450&ssl=1&resize=350%2C200 1x, https:\/\/i0.wp.com\/www.freidenker.org\/fw17\/wp-content\/uploads\/2024\/08\/Selbstverteidigungevelyn_800x450.jpg?fit=800%2C450&ssl=1&resize=525%2C300 1.5x, https:\/\/i0.wp.com\/www.freidenker.org\/fw17\/wp-content\/uploads\/2024\/08\/Selbstverteidigungevelyn_800x450.jpg?fit=800%2C450&ssl=1&resize=700%2C400 2x"},"classes":[]},{"id":17597,"url":"https:\/\/www.freidenker.org\/?p=17597","url_meta":{"origin":20085,"position":2},"title":"\u201eNie wieder\u201c? \u201eImmer wieder\u201c!","author":"Webredaktion","date":"1. Dezember 2023","format":false,"excerpt":"Kommentar von Evelyn Hecht-Galinski Wenn uns die Geschichte lehrt, dass es \u201eNie wieder Krieg und V\u00f6lkermord\u201c geben darf, dann muss sich gerade Deutschland daran erinnern und endlich beginnen, seine Lehren daraus zu ziehen. Solange sich Bundeskanzler und Bundespr\u00e4sident aber so einseitig auf die Seite der j\u00fcdischen Besatzer stellen, ist jeder\u2026","rel":"","context":"In &quot;Demokratie \u2013 Medien \u2013 Aufkl\u00e4rung&quot;","block_context":{"text":"Demokratie \u2013 Medien \u2013 Aufkl\u00e4rung","link":"https:\/\/www.freidenker.org\/?cat=12"},"img":{"alt_text":"","src":"https:\/\/i0.wp.com\/www.freidenker.org\/fw17\/wp-content\/uploads\/2023\/12\/Damage_in_Gaza_Strip_during_the_October_2023_-_32_800x450.jpg?fit=800%2C450&ssl=1&resize=350%2C200","width":350,"height":200,"srcset":"https:\/\/i0.wp.com\/www.freidenker.org\/fw17\/wp-content\/uploads\/2023\/12\/Damage_in_Gaza_Strip_during_the_October_2023_-_32_800x450.jpg?fit=800%2C450&ssl=1&resize=350%2C200 1x, https:\/\/i0.wp.com\/www.freidenker.org\/fw17\/wp-content\/uploads\/2023\/12\/Damage_in_Gaza_Strip_during_the_October_2023_-_32_800x450.jpg?fit=800%2C450&ssl=1&resize=525%2C300 1.5x, https:\/\/i0.wp.com\/www.freidenker.org\/fw17\/wp-content\/uploads\/2023\/12\/Damage_in_Gaza_Strip_during_the_October_2023_-_32_800x450.jpg?fit=800%2C450&ssl=1&resize=700%2C400 2x"},"classes":[]},{"id":17752,"url":"https:\/\/www.freidenker.org\/?p=17752","url_meta":{"origin":20085,"position":3},"title":"Israels \u201eExistenzrecht\u201c und \u201eSelbstverteidigung\u201c sind die Unw\u00f6rter des Jahres!","author":"Webredaktion","date":"31. Dezember 2023","format":false,"excerpt":"Kommentar von\u00a0Evelyn Hecht-Galinski Hat nicht der \u201ej\u00fcdische Besatzerstaat\u201c jedes Recht auf \u201eSelbstverteidigung\u201c verwirkt und als Besatzer auch nie gehabt? Wer gibt Besatzern das Recht auf \u201eSelbstverteidigung\u201c gegen Besetzte, die sich mit allen wenigen Mitteln versuchen, sich dieser illegalen Besatzung zu widersetzen? Ja, das ist ihr legales Recht! Ja, es waren\u2026","rel":"","context":"In &quot;Frieden - Antifaschismus - Solidarit\u00e4t&quot;","block_context":{"text":"Frieden - Antifaschismus - Solidarit\u00e4t","link":"https:\/\/www.freidenker.org\/?cat=13"},"img":{"alt_text":"","src":"https:\/\/i0.wp.com\/www.freidenker.org\/fw17\/wp-content\/uploads\/2023\/12\/ScreenHunter-44512_800x450.jpg?fit=800%2C450&ssl=1&resize=350%2C200","width":350,"height":200,"srcset":"https:\/\/i0.wp.com\/www.freidenker.org\/fw17\/wp-content\/uploads\/2023\/12\/ScreenHunter-44512_800x450.jpg?fit=800%2C450&ssl=1&resize=350%2C200 1x, https:\/\/i0.wp.com\/www.freidenker.org\/fw17\/wp-content\/uploads\/2023\/12\/ScreenHunter-44512_800x450.jpg?fit=800%2C450&ssl=1&resize=525%2C300 1.5x, https:\/\/i0.wp.com\/www.freidenker.org\/fw17\/wp-content\/uploads\/2023\/12\/ScreenHunter-44512_800x450.jpg?fit=800%2C450&ssl=1&resize=700%2C400 2x"},"classes":[]},{"id":19489,"url":"https:\/\/www.freidenker.org\/?p=19489","url_meta":{"origin":20085,"position":4},"title":"Der Missbrauch von Solidarit\u00e4t","author":"Webredaktion","date":"10. Juli 2024","format":false,"excerpt":"Kommentar von Evelyn Hecht-Galinski Als Bundespr\u00e4sident Frank-Walter-Steinmeier bei der Einweihung der neuen Synagoge in Potsdam dazu aufrief, \u201esolidarisch mit Israel zu bleiben\u201c, da war ich wieder einmal entsetzt, anl\u00e4sslich dieser falschen und einseitigen Solidarit\u00e4tsaufforderung. Es gibt keine Solidarit\u00e4t mit Besatzung, Vertreibung und V\u00f6lkermord. Die Unterst\u00fctzer des \u201ej\u00fcdischen Staats machen sich\u2026","rel":"","context":"In &quot;Demokratie \u2013 Medien \u2013 Aufkl\u00e4rung&quot;","block_context":{"text":"Demokratie \u2013 Medien \u2013 Aufkl\u00e4rung","link":"https:\/\/www.freidenker.org\/?cat=12"},"img":{"alt_text":"","src":"https:\/\/i0.wp.com\/www.freidenker.org\/fw17\/wp-content\/uploads\/2024\/07\/solidaritaet_missbrauch_800x450.jpg?fit=800%2C450&ssl=1&resize=350%2C200","width":350,"height":200,"srcset":"https:\/\/i0.wp.com\/www.freidenker.org\/fw17\/wp-content\/uploads\/2024\/07\/solidaritaet_missbrauch_800x450.jpg?fit=800%2C450&ssl=1&resize=350%2C200 1x, https:\/\/i0.wp.com\/www.freidenker.org\/fw17\/wp-content\/uploads\/2024\/07\/solidaritaet_missbrauch_800x450.jpg?fit=800%2C450&ssl=1&resize=525%2C300 1.5x, https:\/\/i0.wp.com\/www.freidenker.org\/fw17\/wp-content\/uploads\/2024\/07\/solidaritaet_missbrauch_800x450.jpg?fit=800%2C450&ssl=1&resize=700%2C400 2x"},"classes":[]},{"id":19230,"url":"https:\/\/www.freidenker.org\/?p=19230","url_meta":{"origin":20085,"position":5},"title":"Die Farce mit der \u201eZivilcourage\u201c, \u201eMeinungsfreiheit\u201c und \u201eW\u00fcrde des Menschen\u201c","author":"Webredaktion","date":"31. Mai 2024","format":false,"excerpt":"Kommentar von Evelyn Hecht-Galinski Als am 23. Mai 2024 75 Jahre Grundgesetz gefeiert wurde, dachte ich mir, wie kann man so verlogen und geschichtsverleugnend \u201efeiern\u201c? Mich verbindet mit dem Grundgesetz besonders, dass es im selben Jahr geboren wurde wie ich, und der pr\u00e4gende Satz: \u201eDie W\u00fcrde des Menschen ist unantastbar\u201c\u2026","rel":"","context":"In &quot;Demokratie \u2013 Medien \u2013 Aufkl\u00e4rung&quot;","block_context":{"text":"Demokratie \u2013 Medien \u2013 Aufkl\u00e4rung","link":"https:\/\/www.freidenker.org\/?cat=12"},"img":{"alt_text":"","src":"https:\/\/i0.wp.com\/www.freidenker.org\/fw17\/wp-content\/uploads\/2024\/05\/the-basic-law-2454404_800x450.jpg?fit=800%2C450&ssl=1&resize=350%2C200","width":350,"height":200,"srcset":"https:\/\/i0.wp.com\/www.freidenker.org\/fw17\/wp-content\/uploads\/2024\/05\/the-basic-law-2454404_800x450.jpg?fit=800%2C450&ssl=1&resize=350%2C200 1x, https:\/\/i0.wp.com\/www.freidenker.org\/fw17\/wp-content\/uploads\/2024\/05\/the-basic-law-2454404_800x450.jpg?fit=800%2C450&ssl=1&resize=525%2C300 1.5x, https:\/\/i0.wp.com\/www.freidenker.org\/fw17\/wp-content\/uploads\/2024\/05\/the-basic-law-2454404_800x450.jpg?fit=800%2C450&ssl=1&resize=700%2C400 2x"},"classes":[]}],"_links":{"self":[{"href":"https:\/\/www.freidenker.org\/index.php?rest_route=\/wp\/v2\/posts\/20085","targetHints":{"allow":["GET"]}}],"collection":[{"href":"https:\/\/www.freidenker.org\/index.php?rest_route=\/wp\/v2\/posts"}],"about":[{"href":"https:\/\/www.freidenker.org\/index.php?rest_route=\/wp\/v2\/types\/post"}],"author":[{"embeddable":true,"href":"https:\/\/www.freidenker.org\/index.php?rest_route=\/wp\/v2\/users\/3"}],"replies":[{"embeddable":true,"href":"https:\/\/www.freidenker.org\/index.php?rest_route=%2Fwp%2Fv2%2Fcomments&post=20085"}],"version-history":[{"count":0,"href":"https:\/\/www.freidenker.org\/index.php?rest_route=\/wp\/v2\/posts\/20085\/revisions"}],"wp:featuredmedia":[{"embeddable":true,"href":"https:\/\/www.freidenker.org\/index.php?rest_route=\/wp\/v2\/media\/20087"}],"wp:attachment":[{"href":"https:\/\/www.freidenker.org\/index.php?rest_route=%2Fwp%2Fv2%2Fmedia&parent=20085"}],"wp:term":[{"taxonomy":"category","embeddable":true,"href":"https:\/\/www.freidenker.org\/index.php?rest_route=%2Fwp%2Fv2%2Fcategories&post=20085"},{"taxonomy":"post_tag","embeddable":true,"href":"https:\/\/www.freidenker.org\/index.php?rest_route=%2Fwp%2Fv2%2Ftags&post=20085"}],"curies":[{"name":"wp","href":"https:\/\/api.w.org\/{rel}","templated":true}]}}