{"id":2005,"date":"2017-11-23T22:06:28","date_gmt":"2017-11-23T21:06:28","guid":{"rendered":"http:\/\/www.freidenker.org\/fw17\/?p=2005"},"modified":"2018-03-09T10:54:29","modified_gmt":"2018-03-09T09:54:29","slug":"gespraech-mit-sputnik-kritik-an-skandalurteil-gegen-mladic-illegales-tribunal-im-auftrag-der-nato","status":"publish","type":"post","link":"https:\/\/www.freidenker.org\/?p=2005","title":{"rendered":"Gespr\u00e4ch mit Sputnik: \u201eIllegales Tribunal im Auftrag der Nato\u201c"},"content":{"rendered":"<h4>Kritik an \u201eSkandalurteil\u201c gegen Mladic: \u201eIllegales Tribunal im Auftrag der Nato\u201c<\/h4>\n<p>Klaus Hartmann im Interview mit <a href=\"https:\/\/sptnkne.ws\/ga9N\" target=\"_blank\" rel=\"noopener\">Sputnik Deutschland<\/a><\/p>\n<p><strong>Von einem &#8222;Skandalurteil auf Basis vorgefasster Meinungen&#8220; gegen den bosnisch-serbischen Ex-General Ratko Mladic am Mittwoch spricht Klaus Hartmann, Vorsitzender des Freidenker-Verbandes und Beobachter der Ereignisse. Der Journalist Hannes Hofbauer sieht im Urteil eine juristische Fortsetzung des Nato-Vorgehens gegen Jugoslawien.<\/strong><\/p>\n<p>Mit deutlicher Kritik haben langj\u00e4hrige Beobachter der Ereignisse, Prozesse und Hintergr\u00fcnde beim Zerfall Jugoslawiens auf das Urteil des UN-Sondertribunals in Den Haag vom Mittwoch gegen den ehemaligen bosnisch-serbischen Milit\u00e4rchef Ratko Mladic reagiert. Dieser wurde zu lebenslanger Haft verurteilt, weil der heute 75-J\u00e4hrige des V\u00f6lkermordes, Kriegsverbrechen und Verbrechen gegen die Menschlichkeit w\u00e4hrend des Bosnien-Krieges (1992 bis 1995) schuldig sei. Der Ex-General war in elf F\u00e4llen angeklagt worden. Dazu z\u00e4hlte laut den Berichten die Ermordung von 8000 muslimischen Jungen und M\u00e4nnern in Srebrenica, die <a href=\"https:\/\/de.sputniknews.com\/videos\/20171122318395043-uno-tribunal-ratko-mladic\/\" target=\"_blank\" rel=\"noopener\">vom UN-Tribunal<\/a> als V\u00f6lkermord eingestuft wurde.<\/p>\n<p>Es war der letzte V\u00f6lkermord-Prozess des Tribunals. Ende des Jahres wird das Gericht laut der Nachrichtenagentur dpa nach 24 Jahren seine Arbeit abschlie\u00dfen. Wegen des angeblichen V\u00f6lkermordes in Srebrenica waren mit Mladic 16 Personen schuldig gesprochen worden.<\/p>\n<p>[ &#8230; ]<\/p>\n<ul>\n<li>Zum Weiterlesen des Artikels auf Sputnik Deutschland: <strong><a href=\"https:\/\/sptnkne.ws\/ga9N\" target=\"_blank\" rel=\"noopener\">https:\/\/sptnkne.ws\/ga9N<\/a><\/strong><\/li>\n<li>Zum Nachh\u00f6ren des Interviews von Klaus Hartmann mit Sputnik Deutschland: <strong><a href=\"https:\/\/soundcloud.com\/sna-radio\/skandalurteil-gegen-mladic-illegales-tribunal-im-auftrag-der-nato\" target=\"_blank\" rel=\"noopener\">https:\/\/soundcloud.com\/sna-radio\/skandalurteil-gegen-mladic-illegales-tribunal-im-auftrag-der-nato<\/a><\/strong><\/li>\n<\/ul>\n<hr \/>\n<p>Bild oben: Proteste in Banja Luka am 31.05.2011 gegen die Verhaftung von Ratko Mladi\u0107<br \/>\nFoto: Rade Nagraisalovi\u0107 Quelle: https:\/\/commons.wikimedia.org\/wiki\/File:\u0411\u0430\u045a\u0430_\u041b\u0443\u043a\u0430_\u043f\u0440\u043e\u0442\u0435\u0441\u0442\u0438.jpg<\/p>\n","protected":false},"excerpt":{"rendered":"<p>Von einem &#8222;Skandalurteil auf Basis vorgefasster Meinungen&#8220; gegen den bosnisch-serbischen Ex-General Ratko Mladic am Mittwoch spricht Klaus Hartmann, Vorsitzender des Freidenker-Verbandes und Beobachter der Ereignisse. Der Journalist Hannes Hofbauer sieht im Urteil eine juristische Fortsetzung des Nato-Vorgehens gegen Jugoslawien.<\/p>\n","protected":false},"author":3,"featured_media":2019,"comment_status":"closed","ping_status":"closed","sticky":false,"template":"","format":"standard","meta":{"colormag_page_container_layout":"default_layout","colormag_page_sidebar_layout":"default_layout","advanced_seo_description":"","jetpack_seo_html_title":"","jetpack_seo_noindex":false,"jetpack_post_was_ever_published":false,"footnotes":""},"categories":[12],"tags":[46,62,590,56,588,1004],"class_list":["post-2005","post","type-post","status-publish","format-standard","has-post-thumbnail","hentry","category-demokratie-medien-aufklaerung","tag-den-haag","tag-interview","tag-jugoslawien","tag-nato","tag-sputnik-deutschland","tag-tribunal"],"jetpack_featured_media_url":"https:\/\/i0.wp.com\/www.freidenker.org\/fw17\/wp-content\/uploads\/2017\/11\/Banja_Luka_Protesti_800x445_v2.jpg?fit=800%2C445&ssl=1","jetpack_shortlink":"https:\/\/wp.me\/p9stpK-wl","jetpack-related-posts":[{"id":265,"url":"https:\/\/www.freidenker.org\/?p=265","url_meta":{"origin":2005,"position":0},"title":"Protestaktion in Den Haag &#8211; Zehnter Todestag S. Milo\u0161evic","author":"Webmaster","date":"8. M\u00e4rz 2016","format":false,"excerpt":"Am Freitag, den 11. M\u00e4rz 2016, j\u00e4hrt sich der Todestag des fr\u00fcheren serbischen und jugoslawischen Pr\u00e4sidenten Slobodan Milo\u0161evic zum zehnten Mal. Im M\u00e4rz 2006 wurde Milo\u0161evic Opfer der NATO-Siegerjustiz in Gestalt des v\u00f6lkerrechtswidrigen Haager Tribunals f\u00fcr das ehemalige Jugoslawien! Slobodan Milo\u0161evic entlarvte vor dem Tribunal die L\u00fcgen der Anklage und\u2026","rel":"","context":"In &quot;Frieden - Antifaschismus - Solidarit\u00e4t&quot;","block_context":{"text":"Frieden - Antifaschismus - Solidarit\u00e4t","link":"https:\/\/www.freidenker.org\/?cat=13"},"img":{"alt_text":"","src":"https:\/\/i0.wp.com\/www.freidenker.org\/fw17\/wp-content\/uploads\/2016\/07\/Den_Haag.jpg?fit=800%2C445&ssl=1&resize=350%2C200","width":350,"height":200,"srcset":"https:\/\/i0.wp.com\/www.freidenker.org\/fw17\/wp-content\/uploads\/2016\/07\/Den_Haag.jpg?fit=800%2C445&ssl=1&resize=350%2C200 1x, https:\/\/i0.wp.com\/www.freidenker.org\/fw17\/wp-content\/uploads\/2016\/07\/Den_Haag.jpg?fit=800%2C445&ssl=1&resize=525%2C300 1.5x, https:\/\/i0.wp.com\/www.freidenker.org\/fw17\/wp-content\/uploads\/2016\/07\/Den_Haag.jpg?fit=800%2C445&ssl=1&resize=700%2C400 2x"},"classes":[]},{"id":2986,"url":"https:\/\/www.freidenker.org\/?p=2986","url_meta":{"origin":2005,"position":1},"title":"&#8222;Deutschland raus aus der NATO&#8220;: DFV-Weckruf an den Bundestag","author":"Webredaktion","date":"8. September 2015","format":false,"excerpt":"Interview von Klaus Hartmann, Bundesvorsitzender des Deutschen Freidenker-Verbandes, mit Sputnik Deutschland \"Deutschland raus aus der Nato, Nato raus aus Deutschland\" \u2013 fordert der Deutsche Freidenker-Verband in seinem Aufruf an die Bundestagsabgeordneten. Der Appell ist eine Reaktion auf den Nato-Konfrontationskurs gegen Russland, wie der DFV-Vorstand erkl\u00e4rt. Nach 1990 erlebte die Nato\u2026","rel":"","context":"In &quot;Frieden - Antifaschismus - Solidarit\u00e4t&quot;","block_context":{"text":"Frieden - Antifaschismus - Solidarit\u00e4t","link":"https:\/\/www.freidenker.org\/?cat=13"},"img":{"alt_text":"","src":"https:\/\/i0.wp.com\/www.freidenker.org\/fw17\/wp-content\/uploads\/2015\/09\/the-eleventh-hour-758726_800x445.jpg?fit=800%2C445&ssl=1&resize=350%2C200","width":350,"height":200,"srcset":"https:\/\/i0.wp.com\/www.freidenker.org\/fw17\/wp-content\/uploads\/2015\/09\/the-eleventh-hour-758726_800x445.jpg?fit=800%2C445&ssl=1&resize=350%2C200 1x, https:\/\/i0.wp.com\/www.freidenker.org\/fw17\/wp-content\/uploads\/2015\/09\/the-eleventh-hour-758726_800x445.jpg?fit=800%2C445&ssl=1&resize=525%2C300 1.5x, https:\/\/i0.wp.com\/www.freidenker.org\/fw17\/wp-content\/uploads\/2015\/09\/the-eleventh-hour-758726_800x445.jpg?fit=800%2C445&ssl=1&resize=700%2C400 2x"},"classes":[]},{"id":6013,"url":"https:\/\/www.freidenker.org\/?p=6013","url_meta":{"origin":2005,"position":2},"title":"20 Jahre seit NATO-Angriffskrieg gegen Jugoslawien &#8211; Teil 9 und 10","author":"Webredaktion","date":"11. M\u00e4rz 2019","format":false,"excerpt":"Der Angriffskrieg der NATO gegen Jugoslawien am 24. M\u00e4rz 1999 markierte das Ende des Friedens in Europa, ein Frieden, der seit der Katastrophe des Zweiten Weltkriegs gehalten hatte, zumindest in Europa. Mit Beitr\u00e4gen in loser Folge wird RT-Deutsch in den n\u00e4chsten Wochen die wichtigsten Stationen der NATO-Vorbereitungen auf diesen Krieg\u2026","rel":"","context":"In &quot;Frieden - Antifaschismus - Solidarit\u00e4t&quot;","block_context":{"text":"Frieden - Antifaschismus - Solidarit\u00e4t","link":"https:\/\/www.freidenker.org\/?cat=13"},"img":{"alt_text":"","src":"https:\/\/i0.wp.com\/www.freidenker.org\/fw17\/wp-content\/uploads\/2019\/03\/20_Jahre_Jugoslawienkrieg_800x445_T9-10.jpg?fit=800%2C445&ssl=1&resize=350%2C200","width":350,"height":200,"srcset":"https:\/\/i0.wp.com\/www.freidenker.org\/fw17\/wp-content\/uploads\/2019\/03\/20_Jahre_Jugoslawienkrieg_800x445_T9-10.jpg?fit=800%2C445&ssl=1&resize=350%2C200 1x, https:\/\/i0.wp.com\/www.freidenker.org\/fw17\/wp-content\/uploads\/2019\/03\/20_Jahre_Jugoslawienkrieg_800x445_T9-10.jpg?fit=800%2C445&ssl=1&resize=525%2C300 1.5x, https:\/\/i0.wp.com\/www.freidenker.org\/fw17\/wp-content\/uploads\/2019\/03\/20_Jahre_Jugoslawienkrieg_800x445_T9-10.jpg?fit=800%2C445&ssl=1&resize=700%2C400 2x"},"classes":[]},{"id":18593,"url":"https:\/\/www.freidenker.org\/?p=18593","url_meta":{"origin":2005,"position":3},"title":"FREIDENKER 1-24 \u2013 25 Jahre NATO-Aggression gegen Jugoslawien","author":"Webredaktion","date":"24. M\u00e4rz 2024","format":false,"excerpt":"Die Ausgabe 1-24 des Verbandsorgans FREIDENKER hat das Schwerpunkt-Thema \u201e25 Jahre NATO-Aggression gegen Jugoslawien\u201c und enth\u00e4lt u.a. folgende Beitr\u00e4ge: - Die Zerst\u00f6rung der europ\u00e4ischen Friedensordnung - Die Enteignung der Meinungsfreiheit - Deutschland f\u00fchrt wieder Krieg - Rainer Rupp: NATO-Angriffskrieg: Fake News, False Flag - Klaus von Raussendorff: Die Propagandakeule \u201eNationalismus\u201c\u2026","rel":"","context":"In &quot;Verbandsorgan FREIDENKER&quot;","block_context":{"text":"Verbandsorgan FREIDENKER","link":"https:\/\/www.freidenker.org\/?cat=8"},"img":{"alt_text":"","src":"https:\/\/i0.wp.com\/www.freidenker.org\/fw17\/wp-content\/uploads\/2024\/03\/FD_2024-01_Titel_mR.jpg?fit=800%2C445&ssl=1&resize=350%2C200","width":350,"height":200,"srcset":"https:\/\/i0.wp.com\/www.freidenker.org\/fw17\/wp-content\/uploads\/2024\/03\/FD_2024-01_Titel_mR.jpg?fit=800%2C445&ssl=1&resize=350%2C200 1x, https:\/\/i0.wp.com\/www.freidenker.org\/fw17\/wp-content\/uploads\/2024\/03\/FD_2024-01_Titel_mR.jpg?fit=800%2C445&ssl=1&resize=525%2C300 1.5x, https:\/\/i0.wp.com\/www.freidenker.org\/fw17\/wp-content\/uploads\/2024\/03\/FD_2024-01_Titel_mR.jpg?fit=800%2C445&ssl=1&resize=700%2C400 2x"},"classes":[]},{"id":5761,"url":"https:\/\/www.freidenker.org\/?p=5761","url_meta":{"origin":2005,"position":4},"title":"Vortrag am 16.01.2019: 20 Jahre nach dem NATO-\u00dcberfall auf Jugoslawien","author":"Webredaktion","date":"14. Januar 2019","format":false,"excerpt":"Einladung zu einem Vortrag von Klaus Hartmann (Bundesvorsitzender des Deutschen Freidenker-Verbandes) 20 Jahre nach dem NATO-\u00dcberfall auf Jugoslawien \u2013 Die neokoloniale Neuaufteilung der Welt und der Kampf f\u00fcr die multipolare Weltordnung Mittwoch, 16. Januar 2019, 18.00 Uhr, ND-Geb\u00e4ude, Franz-Mehring-Platz 1, 10243 Berlin","rel":"","context":"In &quot;Frieden - Antifaschismus - Solidarit\u00e4t&quot;","block_context":{"text":"Frieden - Antifaschismus - Solidarit\u00e4t","link":"https:\/\/www.freidenker.org\/?cat=13"},"img":{"alt_text":"","src":"https:\/\/i0.wp.com\/www.freidenker.org\/fw17\/wp-content\/uploads\/2019\/01\/Hartmann_Belgrad_800x445.jpg?fit=800%2C445&ssl=1&resize=350%2C200","width":350,"height":200,"srcset":"https:\/\/i0.wp.com\/www.freidenker.org\/fw17\/wp-content\/uploads\/2019\/01\/Hartmann_Belgrad_800x445.jpg?fit=800%2C445&ssl=1&resize=350%2C200 1x, https:\/\/i0.wp.com\/www.freidenker.org\/fw17\/wp-content\/uploads\/2019\/01\/Hartmann_Belgrad_800x445.jpg?fit=800%2C445&ssl=1&resize=525%2C300 1.5x, https:\/\/i0.wp.com\/www.freidenker.org\/fw17\/wp-content\/uploads\/2019\/01\/Hartmann_Belgrad_800x445.jpg?fit=800%2C445&ssl=1&resize=700%2C400 2x"},"classes":[]},{"id":14959,"url":"https:\/\/www.freidenker.org\/?p=14959","url_meta":{"origin":2005,"position":5},"title":"NATO z\u00fcndelt im Kosovo","author":"Webredaktion","date":"7. Januar 2023","format":false,"excerpt":"Beitrag von Klaus Hartmann Die regelm\u00e4\u00dfigen und j\u00fcngst wieder aufflammenden Konflikte zwischen Kosovo-Albanern und Serben rufen uns in Erinnerung, was aus dem Bewusstsein der Bev\u00f6lkerung im \u201eWesten\u201c verdr\u00e4ngt werden soll: Nicht der Konflikt in der Ukraine hat \u201eden Krieg nach Europa zur\u00fcckgebracht\u201c, sondern die NATO selbst mit ihrer v\u00f6lkerrechtswidrigen Aggression\u2026","rel":"","context":"In &quot;Demokratie \u2013 Medien \u2013 Aufkl\u00e4rung&quot;","block_context":{"text":"Demokratie \u2013 Medien \u2013 Aufkl\u00e4rung","link":"https:\/\/www.freidenker.org\/?cat=12"},"img":{"alt_text":"","src":"https:\/\/i0.wp.com\/www.freidenker.org\/fw17\/wp-content\/uploads\/2023\/01\/The_Killer_Bees_by_Harley_Copic_800x450.jpg?fit=800%2C450&ssl=1&resize=350%2C200","width":350,"height":200,"srcset":"https:\/\/i0.wp.com\/www.freidenker.org\/fw17\/wp-content\/uploads\/2023\/01\/The_Killer_Bees_by_Harley_Copic_800x450.jpg?fit=800%2C450&ssl=1&resize=350%2C200 1x, https:\/\/i0.wp.com\/www.freidenker.org\/fw17\/wp-content\/uploads\/2023\/01\/The_Killer_Bees_by_Harley_Copic_800x450.jpg?fit=800%2C450&ssl=1&resize=525%2C300 1.5x, https:\/\/i0.wp.com\/www.freidenker.org\/fw17\/wp-content\/uploads\/2023\/01\/The_Killer_Bees_by_Harley_Copic_800x450.jpg?fit=800%2C450&ssl=1&resize=700%2C400 2x"},"classes":[]}],"_links":{"self":[{"href":"https:\/\/www.freidenker.org\/index.php?rest_route=\/wp\/v2\/posts\/2005","targetHints":{"allow":["GET"]}}],"collection":[{"href":"https:\/\/www.freidenker.org\/index.php?rest_route=\/wp\/v2\/posts"}],"about":[{"href":"https:\/\/www.freidenker.org\/index.php?rest_route=\/wp\/v2\/types\/post"}],"author":[{"embeddable":true,"href":"https:\/\/www.freidenker.org\/index.php?rest_route=\/wp\/v2\/users\/3"}],"replies":[{"embeddable":true,"href":"https:\/\/www.freidenker.org\/index.php?rest_route=%2Fwp%2Fv2%2Fcomments&post=2005"}],"version-history":[{"count":0,"href":"https:\/\/www.freidenker.org\/index.php?rest_route=\/wp\/v2\/posts\/2005\/revisions"}],"wp:featuredmedia":[{"embeddable":true,"href":"https:\/\/www.freidenker.org\/index.php?rest_route=\/wp\/v2\/media\/2019"}],"wp:attachment":[{"href":"https:\/\/www.freidenker.org\/index.php?rest_route=%2Fwp%2Fv2%2Fmedia&parent=2005"}],"wp:term":[{"taxonomy":"category","embeddable":true,"href":"https:\/\/www.freidenker.org\/index.php?rest_route=%2Fwp%2Fv2%2Fcategories&post=2005"},{"taxonomy":"post_tag","embeddable":true,"href":"https:\/\/www.freidenker.org\/index.php?rest_route=%2Fwp%2Fv2%2Ftags&post=2005"}],"curies":[{"name":"wp","href":"https:\/\/api.w.org\/{rel}","templated":true}]}}