{"id":20010,"date":"2024-10-05T22:29:18","date_gmt":"2024-10-05T20:29:18","guid":{"rendered":"https:\/\/www.freidenker.org\/?p=20010"},"modified":"2024-10-14T08:43:50","modified_gmt":"2024-10-14T06:43:50","slug":"diskussion-china-feindbild-und-wirklichkeit","status":"publish","type":"post","link":"https:\/\/www.freidenker.org\/?p=20010","title":{"rendered":"Diskussion: China \u2013 Feindbild und Wirklichkeit"},"content":{"rendered":"<h4>Einladung<\/h4>\n<h3>Diskussion:<strong> China \u2013 Feindbild und Wirklichkeit<\/strong><\/h3>\n<p><strong>Sonnabend, 12. Oktober 2024, 10:00 Uhr<\/strong><br \/>\n<strong>Jugendherberge Leiterstra\u00dfe 10, 39104 Magdeburg<\/strong><\/p>\n<p>Einleitungsreferat: <strong>Uwe Behrens <\/strong>\u00a0 \u00a0 \u00a0 \u00a0 \u00a0 \u00a0 \u00a0 \u00a0 \u00a0 \u00a0 \u00a0 \u00a0 \u00a0 \u00a0 \u00a0 \u00a0 \u00a0 \u00a0 \u00a0 \u00a0 \u00a0 \u00a0 \u00a0 \u00a0 \u00a0 \u00a0 \u00a0 \u00a0 \u00a0 \u00a0 \u00a0 \u00a0 \u00a0 \u00a0 \u00a0 \u00a0 \u00a0 \u00a0 \u00a0 \u00a0 \u00a0 \u00a0 \u00a0 \u00a0 \u00a0 \u00a0 \u00a0 \u00a0 \u00a0 \u00a0 \u00a0 \u00a0 \u00a0 \u00a0 \u00a0 \u00a0 \u00a0 \u00a0 \u00a0 \u00a0 \u00a0\u00a0<strong>\u00a0<\/strong><\/p>\n<ul>\n<li>Die Entwicklung der Volksrepublik China an die Spitze der Weltwirtschaft<\/li>\n<li>Staatskapitalismus \u2013 Grundlagen der chinesischen Wirtschaftsordnung<\/li>\n<li>Wie schaffte es China, 800 Millionen Menschen aus der Armut zu befreien?<\/li>\n<li>Die Neue Seidenstra\u00dfe \u2013 ein Projekt des Neokolonialismus oder zur Emanzipation des Globalen S\u00fcdens?<\/li>\n<li>Das propagandistische Dauerfeuer des \u201ekollektiven Westens\u201c gegen China<\/li>\n<li>Wie steht es um die \u201eUnterdr\u00fcckung der Uiguren\u201c, um die Menschenrechte?<\/li>\n<li>Wirtschaftskonflikte und milit\u00e4rische Provokationen \u2013 Vorboten eines Krieges?<\/li>\n<\/ul>\n<p><em><img data-recalc-dims=\"1\" loading=\"lazy\" decoding=\"async\" data-attachment-id=\"20011\" data-permalink=\"https:\/\/www.freidenker.org\/?attachment_id=20011\" data-orig-file=\"https:\/\/i0.wp.com\/www.freidenker.org\/fw17\/wp-content\/uploads\/2024\/10\/Uwe_Behrens.jpg?fit=246%2C350&amp;ssl=1\" data-orig-size=\"246,350\" data-comments-opened=\"0\" data-image-meta=\"{&quot;aperture&quot;:&quot;0&quot;,&quot;credit&quot;:&quot;&quot;,&quot;camera&quot;:&quot;&quot;,&quot;caption&quot;:&quot;&quot;,&quot;created_timestamp&quot;:&quot;0&quot;,&quot;copyright&quot;:&quot;&quot;,&quot;focal_length&quot;:&quot;0&quot;,&quot;iso&quot;:&quot;0&quot;,&quot;shutter_speed&quot;:&quot;0&quot;,&quot;title&quot;:&quot;&quot;,&quot;orientation&quot;:&quot;0&quot;}\" data-image-title=\"Uwe_Behrens\" data-image-description=\"\" data-image-caption=\"\" data-large-file=\"https:\/\/i0.wp.com\/www.freidenker.org\/fw17\/wp-content\/uploads\/2024\/10\/Uwe_Behrens.jpg?fit=246%2C350&amp;ssl=1\" class=\"alignleft wp-image-20011 size-medium\" src=\"https:\/\/i0.wp.com\/www.freidenker.org\/fw17\/wp-content\/uploads\/2024\/10\/Uwe_Behrens.jpg?resize=211%2C300&#038;ssl=1\" alt=\"\" width=\"211\" height=\"300\" srcset=\"https:\/\/i0.wp.com\/www.freidenker.org\/fw17\/wp-content\/uploads\/2024\/10\/Uwe_Behrens.jpg?resize=211%2C300&amp;ssl=1 211w, https:\/\/i0.wp.com\/www.freidenker.org\/fw17\/wp-content\/uploads\/2024\/10\/Uwe_Behrens.jpg?w=246&amp;ssl=1 246w\" sizes=\"auto, (max-width: 211px) 100vw, 211px\" \/>Uwe Behrens, Jahrgang 1944, hat an der Hochschule f\u00fcr Verkehrswesen \u201eFriedrich List\u201c in Dresden studiert und promoviert. Er war Vertreter der DDR bei Intercontainer in Basel und Logistiker bei DeutransTranscontainer.\u00a0<\/em><\/p>\n<p><em>Ab 1990 lebte er in der Volksrepublik China und arbeitete f\u00fcr verschiedene Logistikunternehmen, 2000 \u00fcbernahm er auch das Management eines franz\u00f6sischen Joint Ventures in Indien.\u00a0 2017 kehrte er nach Deutschland zur\u00fcck und kontrastierte seine Beobachtungen und Erfahrungen mit den Darstellungen in den Medien.\u00a0<\/em><\/p>\n<p><em>Er publizierte u.a. die B\u00fccher \u201e<\/em>Der Umbau der Welt.\u00a0Wohin f\u00fchrt die neue Seidenstra\u00dfe?<em>\u201c und \u201e<\/em>Feindbild China<em>\u201c.<\/em><\/p>\n<hr \/>\n<h4>Download<\/h4>\n<p><img data-recalc-dims=\"1\" loading=\"lazy\" decoding=\"async\" data-attachment-id=\"1076\" data-permalink=\"https:\/\/www.freidenker.org\/?attachment_id=1076\" data-orig-file=\"https:\/\/i0.wp.com\/www.freidenker.org\/fw17\/wp-content\/uploads\/2017\/10\/pdf_icon-2.png?fit=32%2C32&amp;ssl=1\" data-orig-size=\"32,32\" data-comments-opened=\"0\" data-image-meta=\"{&quot;aperture&quot;:&quot;0&quot;,&quot;credit&quot;:&quot;&quot;,&quot;camera&quot;:&quot;&quot;,&quot;caption&quot;:&quot;&quot;,&quot;created_timestamp&quot;:&quot;0&quot;,&quot;copyright&quot;:&quot;&quot;,&quot;focal_length&quot;:&quot;0&quot;,&quot;iso&quot;:&quot;0&quot;,&quot;shutter_speed&quot;:&quot;0&quot;,&quot;title&quot;:&quot;&quot;,&quot;orientation&quot;:&quot;0&quot;}\" data-image-title=\"pdf_icon\" data-image-description=\"\" data-image-caption=\"\" data-large-file=\"https:\/\/i0.wp.com\/www.freidenker.org\/fw17\/wp-content\/uploads\/2017\/10\/pdf_icon-2.png?fit=32%2C32&amp;ssl=1\" class=\"alignnone size-full wp-image-1076\" src=\"https:\/\/i0.wp.com\/www.freidenker.org\/fw17\/wp-content\/uploads\/2017\/10\/pdf_icon-2.png?resize=32%2C32&#038;ssl=1\" alt=\"\" width=\"32\" height=\"32\" \/> <a href=\"https:\/\/www.freidenker.org\/fw17\/wp-content\/uploads\/2024\/10\/VV-241012-Veranstaltung.pdf\" target=\"_blank\" rel=\"noopener\">Flyer zur Veranstaltung<\/a> (PDF-Dokument, ca. 302 KB)<\/p>\n<hr \/>\n<p><span style=\"font-size: 10pt;\">Bild oben: &#8222;<a href=\"https:\/\/ccnull.de\/index.php\/foto\/high-tech-roboter-mit-chinesischer-flagge\/1103746\" target=\"_blank\" rel=\"noopener\">High-Tech-Roboter mit chinesischer Flagge<\/a>&#8220; von <a href=\"https:\/\/ccnull.de\/index.php\/fotograf\/marco-verch-1\" target=\"_blank\" rel=\"noopener\">Marco Verch <\/a>\u00a0via <a href=\"https:\/\/ccnull.de\/index.php\" target=\"_blank\" rel=\"noopener\">ccnull.de<\/a>, <a href=\"https:\/\/creativecommons.org\/licenses\/by\/2.0\/de\/\" target=\"_blank\" rel=\"noopener\">CC-BY 2.0<\/a><\/span><\/p>\n<p>&nbsp;<\/p>\n","protected":false},"excerpt":{"rendered":"<p><b>Einladung<\/b> &#8211; Sonnabend, 12. Oktober 2024, 10:00 Uhr, Jugendherberge Leiterstra\u00dfe 10, 39104 Magdeburg<\/b><br \/>\n<b>Einleitungsreferat: Uwe Behrens<\/b><br \/>\n&#8211; Die Entwicklung der Volksrepublik China an die Spitze der Weltwirtschaft<br \/>\n&#8211; Staatskapitalismus \u2013 Grundlagen der chinesischen Wirtschaftsordnung<br \/>\n&#8211; Wie schaffte es China, 800 Millionen Menschen aus der Armut zu befreien?<br \/>\n&#8211; Die Neue Seidenstra\u00dfe \u2013 ein Projekt des Neokolonialismus oder zur Emanzipation des Globalen S\u00fcdens?<br \/>\n&#8211; Das propagandistische Dauerfeuer des \u201ekollektiven Westens\u201c gegen China<br \/>\n&#8211; Wie steht es um die \u201eUnterdr\u00fcckung der Uiguren\u201c, um die Menschenrechte?<br \/>\n&#8211; Wirtschaftskonflikte und milit\u00e4rische Provokationen \u2013 Vorboten eines Krieges?<\/p>\n","protected":false},"author":3,"featured_media":20017,"comment_status":"closed","ping_status":"closed","sticky":false,"template":"","format":"standard","meta":{"colormag_page_container_layout":"default_layout","colormag_page_sidebar_layout":"default_layout","advanced_seo_description":"","jetpack_seo_html_title":"","jetpack_seo_noindex":false,"jetpack_post_was_ever_published":false,"footnotes":""},"categories":[11,20],"tags":[1261,413,1037,2349,563,900,1326,637,707,1524,122],"class_list":["post-20010","post","type-post","status-publish","format-standard","has-post-thumbnail","hentry","category-arbeit-soziales","category-zentrale-veranstaltungen","tag-armut","tag-china","tag-emanzipation","tag-magdeburg","tag-menschenrechte","tag-neokolonialismus","tag-neue-seidenstrasse","tag-propaganda","tag-staatskapitalismus","tag-vortrag","tag-wirtschaft"],"jetpack_featured_media_url":"https:\/\/i0.wp.com\/www.freidenker.org\/fw17\/wp-content\/uploads\/2024\/10\/high-tech-roboter-mit-chinesischer-flagge_cc-by-20_800x450.jpg?fit=800%2C450&ssl=1","jetpack_shortlink":"https:\/\/wp.me\/p9stpK-5cK","jetpack-related-posts":[{"id":23450,"url":"https:\/\/www.freidenker.org\/?p=23450","url_meta":{"origin":20010,"position":0},"title":"Video: Chinas Gegenentwurf &#8211; Ein aktueller Bericht \u00fcber die Lage in China","author":"Webredaktion","date":"4. November 2025","format":false,"excerpt":"Buchvorstellung von Uwe Behrens zu \"Chinas Gegenentwurf - Ein Weg in die Zukunft\" Der Ortsverband M\u00fcnchen hat am 24.10.2025 als Mitveranstalter eine Veranstaltung mit Uwe Behrens zu China durchgef\u00fchrt.\u00a0Uwe Behrens beschrieb und analysierte die Gegenwart in China und gr\u00fcndete darauf seine Prognose. Zugleich warf er einen Blick zur\u00fcck und beantwortete\u2026","rel":"","context":"In &quot;Demokratie \u2013 Medien \u2013 Aufkl\u00e4rung&quot;","block_context":{"text":"Demokratie \u2013 Medien \u2013 Aufkl\u00e4rung","link":"https:\/\/www.freidenker.org\/?cat=12"},"img":{"alt_text":"","src":"https:\/\/i0.wp.com\/www.freidenker.org\/fw17\/wp-content\/uploads\/2025\/11\/Uwe_Behrens_Muenchen_800x450.jpg?fit=800%2C450&ssl=1&resize=350%2C200","width":350,"height":200,"srcset":"https:\/\/i0.wp.com\/www.freidenker.org\/fw17\/wp-content\/uploads\/2025\/11\/Uwe_Behrens_Muenchen_800x450.jpg?fit=800%2C450&ssl=1&resize=350%2C200 1x, https:\/\/i0.wp.com\/www.freidenker.org\/fw17\/wp-content\/uploads\/2025\/11\/Uwe_Behrens_Muenchen_800x450.jpg?fit=800%2C450&ssl=1&resize=525%2C300 1.5x, https:\/\/i0.wp.com\/www.freidenker.org\/fw17\/wp-content\/uploads\/2025\/11\/Uwe_Behrens_Muenchen_800x450.jpg?fit=800%2C450&ssl=1&resize=700%2C400 2x"},"classes":[]},{"id":15271,"url":"https:\/\/www.freidenker.org\/?p=15271","url_meta":{"origin":20010,"position":1},"title":"Feindbild China: Was wir alles nicht \u00fcber die Volksrepublik wissen","author":"Webredaktion","date":"18. Februar 2023","format":false,"excerpt":"Themenabend mit Uwe Behrens Freitag, 10. M\u00e4rz 2023 um 19.30 Uhr, Villa Leon N\u00fcrnberg, Kleiner Saal 1. OG China \u2013 das Reich der Mitte hat in den letzten Jahrzehnten einen beispielhaften wirtschaftlichen Aufschwung erfahren. Uwe Behrens, der 27 Jahre in diesem Land lebte und arbeitete, informiert in zehn Fragebl\u00f6cken kenntnisreich,\u2026","rel":"","context":"In &quot;Veranstaltungen in den DFV-Landesverb\u00e4nden&quot;","block_context":{"text":"Veranstaltungen in den DFV-Landesverb\u00e4nden","link":"https:\/\/www.freidenker.org\/?cat=19"},"img":{"alt_text":"","src":"https:\/\/i0.wp.com\/www.freidenker.org\/fw17\/wp-content\/uploads\/2023\/02\/ICBC_Beijing_800x450.jpg?fit=800%2C450&ssl=1&resize=350%2C200","width":350,"height":200,"srcset":"https:\/\/i0.wp.com\/www.freidenker.org\/fw17\/wp-content\/uploads\/2023\/02\/ICBC_Beijing_800x450.jpg?fit=800%2C450&ssl=1&resize=350%2C200 1x, https:\/\/i0.wp.com\/www.freidenker.org\/fw17\/wp-content\/uploads\/2023\/02\/ICBC_Beijing_800x450.jpg?fit=800%2C450&ssl=1&resize=525%2C300 1.5x, https:\/\/i0.wp.com\/www.freidenker.org\/fw17\/wp-content\/uploads\/2023\/02\/ICBC_Beijing_800x450.jpg?fit=800%2C450&ssl=1&resize=700%2C400 2x"},"classes":[]},{"id":10864,"url":"https:\/\/www.freidenker.org\/?p=10864","url_meta":{"origin":20010,"position":2},"title":"Seminar: Kapitalismus \u2013 mit Perspektive?","author":"Webredaktion","date":"21. Juli 2021","format":false,"excerpt":"Corona und die Folgen \u2013 was planen \u201esie\u201c \u2013 was ist mit China? \/ Vortr\u00e4ge und Diskussion mit Dr. Werner R\u00fcgemer und Rainer Rupp Veranstaltung des Deutschen Freidenker-Verbandes Rheinland-Pfalz \/ Saarland am Sa.\/So, 07. + 08. August 2021, Naturfreundehaus Rahnenhof in Carlsberg-Hertlingshausen Die Themen u.a.: - Die westliche Corona-Politik als\u2026","rel":"","context":"In &quot;Demokratie \u2013 Medien \u2013 Aufkl\u00e4rung&quot;","block_context":{"text":"Demokratie \u2013 Medien \u2013 Aufkl\u00e4rung","link":"https:\/\/www.freidenker.org\/?cat=12"},"img":{"alt_text":"","src":"https:\/\/i0.wp.com\/www.freidenker.org\/fw17\/wp-content\/uploads\/2021\/07\/corona-5081311_800x450.jpg?fit=800%2C450&ssl=1&resize=350%2C200","width":350,"height":200,"srcset":"https:\/\/i0.wp.com\/www.freidenker.org\/fw17\/wp-content\/uploads\/2021\/07\/corona-5081311_800x450.jpg?fit=800%2C450&ssl=1&resize=350%2C200 1x, https:\/\/i0.wp.com\/www.freidenker.org\/fw17\/wp-content\/uploads\/2021\/07\/corona-5081311_800x450.jpg?fit=800%2C450&ssl=1&resize=525%2C300 1.5x, https:\/\/i0.wp.com\/www.freidenker.org\/fw17\/wp-content\/uploads\/2021\/07\/corona-5081311_800x450.jpg?fit=800%2C450&ssl=1&resize=700%2C400 2x"},"classes":[]},{"id":9772,"url":"https:\/\/www.freidenker.org\/?p=9772","url_meta":{"origin":20010,"position":3},"title":"FREIDENKER 1-21 \u2013 Chinas Weg","author":"Webredaktion","date":"28. M\u00e4rz 2021","format":false,"excerpt":"Die Ausgabe 1-21 des Verbandsorgans FREIDENKER hat das Schwerpunkt-Thema \u201eChinas Weg\u201c und enth\u00e4lt u.a. folgende Beitr\u00e4ge: - Bj\u00f6rn Schmidt: Ein neuer Kalter Krieg gegen China - Artur Leier: Neue Seidenstra\u00dfe: Zukunftsprojekt f\u00fcr Europa und Asien \/ Kulturelle Vielfalt statt Kulturimperialismus - Eike Kopf: China \u2013 \u201emit sozialistischer Orientierung\u201c oder sich\u2026","rel":"","context":"In &quot;Verbandsorgan FREIDENKER&quot;","block_context":{"text":"Verbandsorgan FREIDENKER","link":"https:\/\/www.freidenker.org\/?cat=8"},"img":{"alt_text":"","src":"https:\/\/i0.wp.com\/www.freidenker.org\/fw17\/wp-content\/uploads\/2021\/03\/FD_2021-01_Titel_mR.jpg?fit=800%2C445&ssl=1&resize=350%2C200","width":350,"height":200,"srcset":"https:\/\/i0.wp.com\/www.freidenker.org\/fw17\/wp-content\/uploads\/2021\/03\/FD_2021-01_Titel_mR.jpg?fit=800%2C445&ssl=1&resize=350%2C200 1x, https:\/\/i0.wp.com\/www.freidenker.org\/fw17\/wp-content\/uploads\/2021\/03\/FD_2021-01_Titel_mR.jpg?fit=800%2C445&ssl=1&resize=525%2C300 1.5x, https:\/\/i0.wp.com\/www.freidenker.org\/fw17\/wp-content\/uploads\/2021\/03\/FD_2021-01_Titel_mR.jpg?fit=800%2C445&ssl=1&resize=700%2C400 2x"},"classes":[]},{"id":8791,"url":"https:\/\/www.freidenker.org\/?p=8791","url_meta":{"origin":20010,"position":4},"title":"Neue Seidenstra\u00dfe: Zukunftsprojekt fu\u0308r Europa und Asien","author":"Webredaktion","date":"13. Oktober 2020","format":false,"excerpt":"Beitrag von Artur Leier Die Neue Seidenstra\u00dfe ist das gro\u0308\u00dfte Infrastrukturprojekt der Geschichte. Sie verbindet die kontinentalen Transportwege Eurasiens mit maritimer Infrastruktur in Su\u0308d-, Su\u0308dostasien, Afrika und daru\u0308ber hinaus. Das Ziel sind Investitionen in Ho\u0308he von 4000 bis 8000 Milliarden US-Dollar. Dabei legt die Neue Seidenstra\u00dfe einen starken Fokus auf\u2026","rel":"","context":"In &quot;Arbeit &amp; Soziales&quot;","block_context":{"text":"Arbeit &amp; Soziales","link":"https:\/\/www.freidenker.org\/?cat=11"},"img":{"alt_text":"","src":"https:\/\/i0.wp.com\/www.freidenker.org\/fw17\/wp-content\/uploads\/2020\/10\/Container_train_crosses_BAB_42_800x450.jpg?fit=800%2C450&ssl=1&resize=350%2C200","width":350,"height":200,"srcset":"https:\/\/i0.wp.com\/www.freidenker.org\/fw17\/wp-content\/uploads\/2020\/10\/Container_train_crosses_BAB_42_800x450.jpg?fit=800%2C450&ssl=1&resize=350%2C200 1x, https:\/\/i0.wp.com\/www.freidenker.org\/fw17\/wp-content\/uploads\/2020\/10\/Container_train_crosses_BAB_42_800x450.jpg?fit=800%2C450&ssl=1&resize=525%2C300 1.5x, https:\/\/i0.wp.com\/www.freidenker.org\/fw17\/wp-content\/uploads\/2020\/10\/Container_train_crosses_BAB_42_800x450.jpg?fit=800%2C450&ssl=1&resize=700%2C400 2x"},"classes":[]},{"id":3023,"url":"https:\/\/www.freidenker.org\/?p=3023","url_meta":{"origin":20010,"position":5},"title":"NATO-Weltmachtpolitik und Schwellenl\u00e4nder","author":"Webredaktion","date":"27. Januar 2015","format":false,"excerpt":"Beitrag aus jw von Klaus von Raussendorff Ist Russland ein imperialistischer Staat? Hat sich dort eine spezifische Variante des staatsmonopolistischen Kapitalismus entwickelt? W\u00e4re das der Fall, w\u00e4re die nachstehend diskutierte Frage sinnlos. Sie lautet, ob in Russland (wie auch in den anderen BRICS-Staaten: Brasilien, Indien, China und S\u00fcdafrika) Strukturen und\u2026","rel":"","context":"In &quot;Demokratie \u2013 Medien \u2013 Aufkl\u00e4rung&quot;","block_context":{"text":"Demokratie \u2013 Medien \u2013 Aufkl\u00e4rung","link":"https:\/\/www.freidenker.org\/?cat=12"},"img":{"alt_text":"","src":"https:\/\/i0.wp.com\/www.freidenker.org\/fw17\/wp-content\/uploads\/2015\/01\/flag-3036169_800x445.jpg?fit=800%2C445&ssl=1&resize=350%2C200","width":350,"height":200,"srcset":"https:\/\/i0.wp.com\/www.freidenker.org\/fw17\/wp-content\/uploads\/2015\/01\/flag-3036169_800x445.jpg?fit=800%2C445&ssl=1&resize=350%2C200 1x, https:\/\/i0.wp.com\/www.freidenker.org\/fw17\/wp-content\/uploads\/2015\/01\/flag-3036169_800x445.jpg?fit=800%2C445&ssl=1&resize=525%2C300 1.5x, https:\/\/i0.wp.com\/www.freidenker.org\/fw17\/wp-content\/uploads\/2015\/01\/flag-3036169_800x445.jpg?fit=800%2C445&ssl=1&resize=700%2C400 2x"},"classes":[]}],"_links":{"self":[{"href":"https:\/\/www.freidenker.org\/index.php?rest_route=\/wp\/v2\/posts\/20010","targetHints":{"allow":["GET"]}}],"collection":[{"href":"https:\/\/www.freidenker.org\/index.php?rest_route=\/wp\/v2\/posts"}],"about":[{"href":"https:\/\/www.freidenker.org\/index.php?rest_route=\/wp\/v2\/types\/post"}],"author":[{"embeddable":true,"href":"https:\/\/www.freidenker.org\/index.php?rest_route=\/wp\/v2\/users\/3"}],"replies":[{"embeddable":true,"href":"https:\/\/www.freidenker.org\/index.php?rest_route=%2Fwp%2Fv2%2Fcomments&post=20010"}],"version-history":[{"count":0,"href":"https:\/\/www.freidenker.org\/index.php?rest_route=\/wp\/v2\/posts\/20010\/revisions"}],"wp:featuredmedia":[{"embeddable":true,"href":"https:\/\/www.freidenker.org\/index.php?rest_route=\/wp\/v2\/media\/20017"}],"wp:attachment":[{"href":"https:\/\/www.freidenker.org\/index.php?rest_route=%2Fwp%2Fv2%2Fmedia&parent=20010"}],"wp:term":[{"taxonomy":"category","embeddable":true,"href":"https:\/\/www.freidenker.org\/index.php?rest_route=%2Fwp%2Fv2%2Fcategories&post=20010"},{"taxonomy":"post_tag","embeddable":true,"href":"https:\/\/www.freidenker.org\/index.php?rest_route=%2Fwp%2Fv2%2Ftags&post=20010"}],"curies":[{"name":"wp","href":"https:\/\/api.w.org\/{rel}","templated":true}]}}