{"id":20008,"date":"2024-10-05T22:28:56","date_gmt":"2024-10-05T20:28:56","guid":{"rendered":"https:\/\/www.freidenker.org\/?p=20008"},"modified":"2024-11-17T16:03:31","modified_gmt":"2024-11-17T15:03:31","slug":"eine-millionen-menschen-auf-der-flucht","status":"publish","type":"post","link":"https:\/\/www.freidenker.org\/?p=20008","title":{"rendered":"Eine Million Menschen auf der Flucht"},"content":{"rendered":"<h4>Israel t\u00f6tet Hassan Nasrallah. In einer Woche mehr als 1.000 Tote im Libanon durch israelische Luftangriffe.<\/h4>\n<p><em>von <strong>Karin Leukefeld<\/strong><\/em><\/p>\n<p><span style=\"font-size: 10pt;\">Erstver\u00f6ffentlichung am 01.10.2024 in der &#8222;<a href=\"https:\/\/www.zlv.lu\/db\/1\/1447909634759\/0\" target=\"_blank\" rel=\"noopener\">Zeitung vum L\u00ebtzebuerger Vollek<\/a>&#8222;<\/span><\/p>\n<p>Das Morden im Nahen Osten geht weiter. Mit gezielten Luftangriffen hat die israelische Luftwaffe am Wochenende Dutzende hochrangige Mitglieder der libanesischen Hisbollah, der pal\u00e4stinensischen Hamas und der Volksfront zur Befreiung Pal\u00e4stinas (PFLP) im Libanon und in Gaza gezielt get\u00f6tet. Mit einem massiven Luftangriff bombardierte die israelische Luftwaffe die jemenitische Hafenstadt Hodeidah und setzte \u00d6ltanks und mindestens ein Kraftwerk in Brand. Am Montagmorgen wurde ein Angriff auf die syrische Hauptstadt Damaskus gemeldet.<\/p>\n<div class=\"text\">\n<p>Im Libanon, im Gazastreifen, im Westjordanland, in Syrien und im Jemen werden t\u00e4glich Hunderte Menschen von Israel ermordet. Die Opfer stehen nicht als bewaffnete K\u00e4mpfer an der Front der israelischen Armee gegen\u00fcber, sondern werden von Piloten in Kampfjets, mit Artillerie, Raketen und mit Drohnen get\u00f6tet, Es trifft sie in ihren Autos, H\u00e4usern, Notunterk\u00fcnften oder in Schutzr\u00e4umen tief unter Hochh\u00e4usern in der Erde.<\/p>\n<p>Am vergangenen Freitag, am sp\u00e4ten Nachmittag, wurden sieben mehrst\u00f6ckige Wohnh\u00e4user in einem s\u00fcdlichen Vorort der libanesischen Hauptstadt Beirut von israelischen Kampfjets attackiert. Augenzeugen berichteten von zw\u00f6lf Einschl\u00e4gen. Videoaufnahmen zeigen gigantische Feuerb\u00e4lle und Rauchentwicklung \u00fcber dem Wohnviertel.<\/p>\n<p>Nach Darstellung der \u00bbNew York Times\u00ab, die nach eigenen Angaben einen Videofilm der Israelischen Armee ausgewertet hat, sollen 15 \u00bbmehrere 2000 Pfund schwere Bomben\u00ab eingesetzt worden sei, so genannte \u00bbBunker buster\u00ab, bunkerbrechende Bomben, die Israel von den USA geliefert bekam. Bunkerbrechende Bomben sind mit abgereichertem Uran geh\u00e4rtet und werden auf ein Geb\u00e4ude gefeuert, das sie geradezu durchschneiden. Sie dringen tief ins Erdreich ein, wo sie dann explodieren und alles \u00fcber sich zum Einsturz bringen.<\/p>\n<p>In dem Video der israelischen Armee, das \u2013 laut \u00bbNYT\u00ab \u2013 auf dem offiziellen Telegram-Kanal der Armee ver\u00f6ffentlicht worden war, seien mindestens acht israelische Kampfjets in einer Reihe geflogen, hei\u00dft es in dem \u00bbNYT\u00ab-Bericht. Die Geschosse seien demnach mit Pr\u00e4zisionslenksystemen ausger\u00fcstet gewesen, einer so genannten JDAM Ausstattung, mit der \u00bbeinfache\u00ab Bomben in pr\u00e4zisionsgelenkte Bomben umgewandelt werden k\u00f6nnen.<\/p>\n<p>Die israelische Armee \u00e4u\u00dferte sich nicht zu Fragen der \u00bbNew York Times\u00ab. Allerdings gab ein Armee-Sprecher fast unmittelbar nach dem Anschlag an, das Ziel sei das Hauptquartier der Hisbollah, ein Bunker, gewesen, in dem sich Hassan Nasrallah befunden habe.<\/p>\n<h5><em>Netanjahu: \u00bbWir sind die Guten\u00ab<\/em><\/h5>\n<p>Der Angriff ereignete sich nahezu zeitgleich mit der Rede, die der israelische Ministerpr\u00e4sident Benjamin Netanjahu in der UNO-Generalversammlung in New York hielt. Zahlreiche Delegierte hatten den Raum schon vor dem Auftritt Netanjahus verlassen. Bei seiner Rede wurde Netanjahu von einer gro\u00dfen Gruppe von Claqueuren unterst\u00fctzt, die sich gegen\u00fcber der Rednerb\u00fchne versammelt hatten. Netanjahu zeigte zwei Landkarten der Region, ein \u00bbReich des B\u00f6sen\u00ab (Iran, Irak, Syrien, Hisbollah, Jemen) und ein \u00bbReich des Guten\u00ab (Israel, Saudi Arabien, \u00c4gypten, Sudan).<\/p>\n<p>Nach seiner R\u00fcckkehr in Tel Aviv meldeten auf dem Ben Gurion Flughafen Sirenen Luftalarm. Netanjahu und seine Begleiter wurden in einen Schutzraum gebracht. Der Tod Nasrallahs sei \u00bbhistorisch\u00ab, so Netanjahu. Er werde die ganze Region ver\u00e4ndern. In Richtung Iran gewandt warnte er, wer immer sich gegen Israel auflehne m\u00fcsse wissen, da\u00df \u00bbder lange Arm Israels\u00ab ihn jederzeit und \u00fcberall erreichen werde.<\/p>\n<h5><em>Libanon: Mehr als 1.000 Tote in einer Woche<\/em><\/h5>\n<p>Die Hisbollah best\u00e4tigte am Samstagnachmittag den Tod von Hassan Nasrallah. Mit ihm wurden demnach zw\u00f6lf weitere Angeh\u00f6rige der Hisbollah get\u00f6tet. Der Iran best\u00e4tigte, da\u00df sich unter den Toten auch Abbad Nilforoushan, der stellvertretende Kommandeur der Iranischen Revolutionsgarden befunden habe. Der Iran forderte eine Dringlichkeitssitzung des UNO-Sicherheitsrates zu den israelischen Angriffen auf den Libanon und andere L\u00e4nder der Region. Der Iran werde \u00bbnicht z\u00f6gern seine grundlegenden Rechte entsprechend dem Internationalen Recht in Anspruch zu nehmen, um seine nationalen und Sicherheitsinteressen zu verteidigen\u00ab, hie\u00df es in einem Schreiben des iranischen Botschafters bei der UNO, Amir Saeid Iravani.<\/p>\n<p>Das libanesische Gesundheitsministerium gab am Samstag die Zahl der Toten durch den Angriff auf Hassan Nasrallah und seine Gef\u00e4hrten mit 33 an, 195 Personen wurden verletzt. Die israelischen Angriffe auf Libanon setzten sich das ganze Wochenende fort. In einem Fall zerst\u00f6rten die israelischen Bomben ein Geb\u00e4ude in unmittelbarer N\u00e4he des Internationalen Flughafens von Beirut. Die Starts und Landungen seien auch w\u00e4hrend der Angriffe fortgesetzt worden, teilte der Gesch\u00e4ftsf\u00fchrer der libanesischen Fluglinie Middle East Airlines (MEA) mit. Bis auf wenige haben internationale Fluglinien ihre Fl\u00fcge nach Beirut bis auf weiteres ausgesetzt. Da der Andrang von Ausreisenden sehr gro\u00df ist, hat MEA viele der ausgesetzten Fl\u00fcge \u00fcbernommen.<\/p>\n<p>Am Sonntag gab der libanesische Gesundheitsminister Firas Abiad vor Journalisten bekannt, da\u00df seit Beginn der K\u00e4mpfe mit Israel am 8. Oktober 2023 im Libanon 1.640 Tote gez\u00e4hlt worden seien, darunter 104 Kinder und 194 Frauen. 8.404 Verletzte wurden gemeldet, darunter auch rund 3.000 Personen, die durch den israelischen Angriff mit manipulierten Personenrufger\u00e4ten und Walkie-Talkies am 18. und 19. September teilweise schwer verletzt und f\u00fcr ihr Leben verst\u00fcmmelt wurden. Allein seit Beginn der massiven israelischen Luftangriffe am 23. September sind mehr als 1.000 Menschen get\u00f6tet worden.<\/p>\n<p>Die Zahl der Inlandsvertriebenen gab Minister Abiad mit mehr als 1 Millionen Menschen an. Nach den Hunderttausenden, die aus dem S\u00fcdlibanon mit israelischem Bombenterror aus ihren D\u00f6rfern und H\u00e4usern vertrieben wurden, verlie\u00dfen weitere Hunderttausende am vergangenen Wochenende die s\u00fcdlichen Vororte von Beirut und liefen, meist zu Fu\u00df, in Richtung der westlichen und n\u00f6rdlichen Beiruter Wohnviertel. Viele kampieren auf \u00f6ffentlichen Pl\u00e4tzen, in Parks und an der Uferpromenade.<\/p>\n<p>Mehr als 500.000 Menschen flohen \u00fcber die Grenze nach Syrien, darunter auch viele Syrer, die in den letzten Jahren vor dem Krieg im eigenen Land im Libanon Zuflucht gesucht hatten. Angesichts der gro\u00dfen Armut von vielen dieser Menschen setzte die syrische Regierung f\u00fcr die zur\u00fcckkehrenden Syrer den bisher geltenden Zwangsumtausch bei Einreise von 100 US-Dollar in Syrische Landesw\u00e4hrung aus. Die Schulen in Syrien wurden angewiesen, libanesische Sch\u00fcler in die Klassen aufzunehmen, damit sie ihren Unterricht fortsetzen k\u00f6nnen. Allerdings unterscheiden sich die Schulsysteme in beiden L\u00e4ndern massiv, so da\u00df die libanesischen Sch\u00fcler den ausfallenden Unterricht in ihrer Heimat, der dem franz\u00f6sischen Schulsystem folgt, nicht wirklich ausgleichen k\u00f6nnen.<\/p>\n<h5><em>Biden hat \u00bbnichts gewu\u00dft\u00ab<\/em><\/h5>\n<p>Wie schon bei vorherigen gezielten T\u00f6tungen durch die Armee Israels zeigte sich die USA-Administration \u00bb\u00fcberrascht\u00ab und erkl\u00e4rte, man habe von den m\u00f6rderischen Angriffspl\u00e4nen Israels auf Hassan Nasrallah \u00bbnichts gewu\u00dft\u00ab. Washington trete angeblich weiterhin f\u00fcr eine Verhandlungsl\u00f6sung nicht nur im Gazastreifen, sondern auch im Libanon ein.<\/p>\n<p>Gleichwohl seien Hassan Nasrallah und die \u00bbTerrorgruppe\u00ab, die er anf\u00fchrte, die Hisbollah, \u00bbf\u00fcr Hunderte von Morden an Amerikanern verantwortlich\u00ab. Vier Jahrzehnte dauere deren \u00bbTerrorherrschaft\u00ab, lie\u00df USA-Pr\u00e4sident Biden in einer Erkl\u00e4rung \u00fcber das Wei\u00dfe Haus mitteilen. \u00bbSein Tod durch einen israelischen Luftangriff ist eine Ma\u00dfnahme der Gerechtigkeit f\u00fcr seine vielen Opfer, darunter Tausende von Amerikanern, Israelis und libanesischen Zivilisten\u00ab, erkl\u00e4rte der greise Pr\u00e4sident. Der Angriff auf Nasrallah sei \u00bbim gr\u00f6\u00dferen Kontext\u00ab entstanden, hie\u00df es in der Biden-Erkl\u00e4rung.<\/p>\n<p>Einen Tag nach dem 7. Oktober 2023 habe Nasrallah \u00bbdie verh\u00e4ngnisvolle Entscheidung\u00ab getroffen, eine \u00bbNordfront\u00ab gegen Israel zu er\u00f6ffnen, um die Hamas zu unterst\u00fctzen. Die USA unterst\u00fctzten \u00bbuneingeschr\u00e4nkt das Recht Israels, sich gegen die Hisbollah, die Hamas, die Houthis und alle anderen von iran unterst\u00fctzten Terrorgruppen zu verteidigen\u00ab. Der USA-Kriegsminister wurde angewiesen, \u00bbdie Verteidigungsposition der USA-Streitkr\u00e4fte in der Nahostregion\u00ab weiter zu verbessern. Das Ziel der USA sei \u00bbletztlich, die anhaltenden Konflikte im Gazastreifen und im Libanon mit diplomatischen Mitteln zu deeskalieren\u00ab.<\/p>\n<p>Der noch amtierende EU-Au\u00dfenbeauftragte Josep Borrell lud die Au\u00dfenminister der EU f\u00fcr Montagnachmittag zu einem Treffen per Video-Schaltung ein, um sich \u00fcber die Situation im Libanon und die eskalierenden Luftangriffe Israels zu beraten. Nach Angaben seines B\u00fcros sollte versucht werden, die unterschiedlichen Positionen der EU-Staaten in eine gemeinsame Erkl\u00e4rung zu fassen. Der franz\u00f6sische Au\u00dfenminister hat ein sofortiges Ende der israelischen Luftangriffe auf Libanon gefordert. Er flog am Montag nach Beirut, um sich dort zu beraten.<\/p>\n<h5><em>Der Kampf geht weiter<\/em><\/h5>\n<p>Weite Teile der Bev\u00f6lkerung im Libanon zeigten sich schockiert \u00fcber die Ermordung von Hassan Nasrallah. Westliche Medien richteten Mikrophone und Kameras eher auf seine Gegner und spekulierten \u00fcber m\u00f6gliche Machtk\u00e4mpfe, die den Libanon nun destabilisieren k\u00f6nnten.<\/p>\n<p>Die milit\u00e4rischen Einheiten der Hisbollah setzten ihre Angriffe auf den Norden Israels weiter fort. Ziele waren milit\u00e4rische Einrichtungen am Rande von Tel Aviv, entlang der Mittelmeerk\u00fcste, n\u00f6rdlich von Haifa und auf den besetzten Golanh\u00f6hen. Die Hisbollah bleibt bei ihrer Entschlossenheit, milit\u00e4rische Ziele in Israel so lange zu attackieren, bis Israel seinen Angriffskrieg gegen das Volk von Pal\u00e4stina beendet.<\/p>\n<p>Der stellvertretende Generalsekret\u00e4r der Hisbollah, Scheich Naim Qassem sagte am Montag in einer ersten offiziellen Stellungnahme, man habe mit Hassan Nasrallah \u00bbeinen Bruder, Vater und gro\u00dfartigen F\u00fchrer verloren\u00ab. Er sei der \u00bbF\u00fchrer des langen Marsches der freien K\u00e4mpfer\u00ab gewesen. Pal\u00e4stina und Jerusalem h\u00e4tten immer oben auf seiner Agenda gestanden. Die Hisbollah werde ihre Ziele nicht aufgeben und den Kampf fortsetzen, so Qassem weiter. Das Kommandosystem sei intakt, die K\u00e4mpfer w\u00fcrden die alternativen Pl\u00e4ne umsetzen. Alle Hisbollah-K\u00e4mpfer seien auf eine m\u00f6gliche Bodeninvasion Israels vorbereitet.<\/p>\n<p>Iran, Irak, Syrien und Libanon haben f\u00fcr die kommenden Tage staatliche Trauer erkl\u00e4rt. Weltweit protestierten Hunderttausende gegen die Ermordung von Hassan Nasrallah.<\/p>\n<\/div>\n<p style=\"text-align: right;\"><em>Karin Leukefeld ist Buchautorin und arbeitet als freie Journalistin im Mittleren Osten<\/em><\/p>\n<p><span style=\"font-size: 10pt;\">Quelle: <a href=\"https:\/\/www.zlv.lu\/db\/1\/1447909634759\/0\" target=\"_blank\" rel=\"noopener\">https:\/\/www.zlv.lu\/db\/1\/1447909634759\/0<\/a><\/span><br \/>\n<span style=\"font-size: 10pt;\">Mit freundlicher Genehmigung der Autorin<\/span><\/p>\n<hr \/>\n<p><span style=\"font-size: 10pt;\">Bild oben: Eine\u00a0Boeing AH-64 Apache der israelischen Luftwaffe startet eine AGM-114 Hellfire-Rakete (Aufnahme vom Gaza-Israel-Konflikte November 2018).<\/span><br \/>\n<span style=\"font-size: 10pt;\">Foto: MinoZig, <a href=\"https:\/\/creativecommons.org\/licenses\/by-sa\/4.0\" target=\"_blank\" rel=\"noopener\">CC BY-SA 4.0<\/a>,<\/span><br \/>\n<span style=\"font-size: 10pt;\">Quelle: <a href=\"https:\/\/commons.wikimedia.org\/w\/index.php?curid=74364134\" target=\"_blank\" rel=\"noopener\">https:\/\/commons.wikimedia.org\/w\/index.php?curid=74364134<\/a><\/span><\/p>\n","protected":false},"excerpt":{"rendered":"<p><b>Beitrag von Karin Leukefeld<\/b><br \/>\nDas Morden im Nahen Osten geht weiter. Mit gezielten Luftangriffen hat die israelische Luftwaffe am Wochenende Dutzende hochrangige Mitglieder der libanesischen Hisbollah, der pal\u00e4stinensischen Hamas und der Volksfront zur Befreiung Pal\u00e4stinas (PFLP) im Libanon und in Gaza gezielt get\u00f6tet. Mit einem massiven Luftangriff bombardierte die israelische Luftwaffe die jemenitische Hafenstadt Hodeidah und setzte \u00d6ltanks und mindestens ein Kraftwerk in Brand. Am Montagmorgen wurde ein Angriff auf die syrische Hauptstadt Damaskus gemeldet. Im Libanon, im Gazastreifen, im Westjordanland, in Syrien und im Jemen werden t\u00e4glich Hunderte Menschen von Israel ermordet. Die Opfer stehen nicht als bewaffnete K\u00e4mpfer an der Front der israelischen Armee gegen\u00fcber, sondern werden von Piloten in Kampfjets, mit Artillerie, Raketen und mit Drohnen get\u00f6tet, <\/p>\n","protected":false},"author":3,"featured_media":20021,"comment_status":"closed","ping_status":"closed","sticky":false,"template":"","format":"standard","meta":{"colormag_page_container_layout":"default_layout","colormag_page_sidebar_layout":"default_layout","advanced_seo_description":"","jetpack_seo_html_title":"","jetpack_seo_noindex":false,"jetpack_post_was_ever_published":false,"footnotes":""},"categories":[12],"tags":[182,1172,1954,2056,393,188,658,1586,1955,394,185],"class_list":["post-20008","post","type-post","status-publish","format-standard","has-post-thumbnail","hentry","category-demokratie-medien-aufklaerung","tag-eu","tag-gaza","tag-hamas","tag-hisbollah","tag-israel","tag-krieg","tag-libanon","tag-mord","tag-nahostkonflikt","tag-palaestina","tag-usa"],"jetpack_featured_media_url":"https:\/\/i0.wp.com\/www.freidenker.org\/fw17\/wp-content\/uploads\/2024\/10\/AH-64A_Israeli_Air_Force_800x450.jpg?fit=800%2C450&ssl=1","jetpack_shortlink":"https:\/\/wp.me\/p9stpK-5cI","jetpack-related-posts":[{"id":17731,"url":"https:\/\/www.freidenker.org\/?p=17731","url_meta":{"origin":20008,"position":0},"title":"Der Gazakrieg und die Destabilisierung des Nahen Ostens","author":"Webredaktion","date":"29. Dezember 2023","format":false,"excerpt":"Video-Interview von Sabine Kebir mit Karin Leukefeld Im Gespr\u00e4ch mit Sabine Kebir erl\u00e4utert Karin Leukefeld die durch den Krieg zwischen Israel und den Pal\u00e4stinensern ausgel\u00f6ste erh\u00f6hte milit\u00e4rische Aktivit\u00e4t an der Grenze zum Libanon sowie in Syrien. Auch Angriffe irakischer Milizen auf amerikanische Basen in den syrischen Kurdengebieten sind Zeichen erh\u00f6hter\u2026","rel":"","context":"In &quot;Frieden - Antifaschismus - Solidarit\u00e4t&quot;","block_context":{"text":"Frieden - Antifaschismus - Solidarit\u00e4t","link":"https:\/\/www.freidenker.org\/?cat=13"},"img":{"alt_text":"","src":"https:\/\/i0.wp.com\/www.freidenker.org\/fw17\/wp-content\/uploads\/2023\/12\/Kebir_Leukefeld_2_800x450.jpg?fit=800%2C450&ssl=1&resize=350%2C200","width":350,"height":200,"srcset":"https:\/\/i0.wp.com\/www.freidenker.org\/fw17\/wp-content\/uploads\/2023\/12\/Kebir_Leukefeld_2_800x450.jpg?fit=800%2C450&ssl=1&resize=350%2C200 1x, https:\/\/i0.wp.com\/www.freidenker.org\/fw17\/wp-content\/uploads\/2023\/12\/Kebir_Leukefeld_2_800x450.jpg?fit=800%2C450&ssl=1&resize=525%2C300 1.5x, https:\/\/i0.wp.com\/www.freidenker.org\/fw17\/wp-content\/uploads\/2023\/12\/Kebir_Leukefeld_2_800x450.jpg?fit=800%2C450&ssl=1&resize=700%2C400 2x"},"classes":[]},{"id":19896,"url":"https:\/\/www.freidenker.org\/?p=19896","url_meta":{"origin":20008,"position":1},"title":"Ein Schurkenstaat und sein Staatsterrorismus","author":"Webredaktion","date":"23. September 2024","format":false,"excerpt":"Kommentar von Evelyn Hecht-Galinski Was ist der Unterschied zwischen Terrorismus und Staatsterrorismus? Diese Doppelmoral wird jetzt nur allzu deutlich, wenn es um terroristische Handlungen Israels gegen Pal\u00e4stinenser geht. Die Handlungen Israels in Gaza und Libanon als Staatsterrorismus zu bezeichnen, ist \u00fcberf\u00e4llig. Fragen wir uns doch einmal, warum wird der gewaltt\u00e4tige\u2026","rel":"","context":"In &quot;Frieden - Antifaschismus - Solidarit\u00e4t&quot;","block_context":{"text":"Frieden - Antifaschismus - Solidarit\u00e4t","link":"https:\/\/www.freidenker.org\/?cat=13"},"img":{"alt_text":"","src":"https:\/\/i0.wp.com\/www.freidenker.org\/fw17\/wp-content\/uploads\/2024\/09\/Schurken-evelyn_800x450.jpg?fit=800%2C450&ssl=1&resize=350%2C200","width":350,"height":200,"srcset":"https:\/\/i0.wp.com\/www.freidenker.org\/fw17\/wp-content\/uploads\/2024\/09\/Schurken-evelyn_800x450.jpg?fit=800%2C450&ssl=1&resize=350%2C200 1x, https:\/\/i0.wp.com\/www.freidenker.org\/fw17\/wp-content\/uploads\/2024\/09\/Schurken-evelyn_800x450.jpg?fit=800%2C450&ssl=1&resize=525%2C300 1.5x, https:\/\/i0.wp.com\/www.freidenker.org\/fw17\/wp-content\/uploads\/2024\/09\/Schurken-evelyn_800x450.jpg?fit=800%2C450&ssl=1&resize=700%2C400 2x"},"classes":[]},{"id":21005,"url":"https:\/\/www.freidenker.org\/?p=21005","url_meta":{"origin":20008,"position":2},"title":"Washingtons Plan f\u00fcr den Libanon: Beschleunigter Regimewechsel","author":"Webredaktion","date":"19. Februar 2025","format":false,"excerpt":"von Robert Inlakesh Die Trump-Regierung arbeitet aktiv daran, die Hisbollah aus der libanesischen Politik zu verdr\u00e4ngen \u2013 ein Schritt, der darauf abzielt, die schiitische Bev\u00f6lkerung des Landes zu marginalisieren. Diese Bem\u00fchungen laufen nicht nur Gefahr, die Reste der fragilen libanesischen Demokratie zu zerst\u00f6ren, sondern auch einen B\u00fcrgerkrieg auszul\u00f6sen. Am 13.\u00a0Februar\u2026","rel":"","context":"In &quot;Demokratie \u2013 Medien \u2013 Aufkl\u00e4rung&quot;","block_context":{"text":"Demokratie \u2013 Medien \u2013 Aufkl\u00e4rung","link":"https:\/\/www.freidenker.org\/?cat=12"},"img":{"alt_text":"","src":"https:\/\/i0.wp.com\/www.freidenker.org\/fw17\/wp-content\/uploads\/2025\/02\/Hezzzzbollah_800x450.jpg?fit=800%2C450&ssl=1&resize=350%2C200","width":350,"height":200,"srcset":"https:\/\/i0.wp.com\/www.freidenker.org\/fw17\/wp-content\/uploads\/2025\/02\/Hezzzzbollah_800x450.jpg?fit=800%2C450&ssl=1&resize=350%2C200 1x, https:\/\/i0.wp.com\/www.freidenker.org\/fw17\/wp-content\/uploads\/2025\/02\/Hezzzzbollah_800x450.jpg?fit=800%2C450&ssl=1&resize=525%2C300 1.5x, https:\/\/i0.wp.com\/www.freidenker.org\/fw17\/wp-content\/uploads\/2025\/02\/Hezzzzbollah_800x450.jpg?fit=800%2C450&ssl=1&resize=700%2C400 2x"},"classes":[]},{"id":23359,"url":"https:\/\/www.freidenker.org\/?p=23359","url_meta":{"origin":20008,"position":3},"title":"Deutsche Journalisten und Israel \u2013 Zu lange geschwiegen","author":"Webredaktion","date":"29. Oktober 2025","format":false,"excerpt":"Beitrag Von Karin Leukefeld. Ausl\u00e4ndische Journalisten berichten seit 748 Tagen aus Israel \u00fcber den israelischen Feldzug gegen Gaza. Manche von ihnen fuhren \u201eembedded\u201c in Jeeps oder auf Panzern der israelischen Streitkr\u00e4fte mit der israelischen Armee durch die Tr\u00fcmmerw\u00fcste. Ber\u00fchmt sind die Fotos von einer Art Aussichtsh\u00fcgel s\u00fcdlich von Ashdod an\u2026","rel":"","context":"In &quot;Demokratie \u2013 Medien \u2013 Aufkl\u00e4rung&quot;","block_context":{"text":"Demokratie \u2013 Medien \u2013 Aufkl\u00e4rung","link":"https:\/\/www.freidenker.org\/?cat=12"},"img":{"alt_text":"","src":"https:\/\/i0.wp.com\/www.freidenker.org\/fw17\/wp-content\/uploads\/2025\/10\/Netanjahu_December_2023_800x450.jpg?fit=800%2C450&ssl=1&resize=350%2C200","width":350,"height":200,"srcset":"https:\/\/i0.wp.com\/www.freidenker.org\/fw17\/wp-content\/uploads\/2025\/10\/Netanjahu_December_2023_800x450.jpg?fit=800%2C450&ssl=1&resize=350%2C200 1x, https:\/\/i0.wp.com\/www.freidenker.org\/fw17\/wp-content\/uploads\/2025\/10\/Netanjahu_December_2023_800x450.jpg?fit=800%2C450&ssl=1&resize=525%2C300 1.5x, https:\/\/i0.wp.com\/www.freidenker.org\/fw17\/wp-content\/uploads\/2025\/10\/Netanjahu_December_2023_800x450.jpg?fit=800%2C450&ssl=1&resize=700%2C400 2x"},"classes":[]},{"id":22251,"url":"https:\/\/www.freidenker.org\/?p=22251","url_meta":{"origin":20008,"position":4},"title":"Gaza: Massaker, Aushungern, Vertreibung stoppen!","author":"Webredaktion","date":"30. Juni 2025","format":false,"excerpt":"Aufruf zu einer \u00fcberregionalen Demonstration in Heidelberg Gaza: Massaker, Aushungern, Vertreibung stoppen! Kriege gegen Iran, Syrien und Libanon beenden! Schluss mit Waffen und Beihilfe aus Deutschland! F\u00fcr einen gerechten Frieden im Nahen Osten! u.a. mit Tsafrir Cohen (medico inernational) und Prof. Helga Baumgarten (Birzeit Universit\u00e4t) am 05.07.2025 in Heidelberg, Auftakt:\u2026","rel":"","context":"In &quot;Frieden - Antifaschismus - Solidarit\u00e4t&quot;","block_context":{"text":"Frieden - Antifaschismus - Solidarit\u00e4t","link":"https:\/\/www.freidenker.org\/?cat=13"},"img":{"alt_text":"","src":"https:\/\/i0.wp.com\/www.freidenker.org\/fw17\/wp-content\/uploads\/2025\/06\/gaza_demo_heidelberg_plakat2_800x450.jpg?fit=800%2C450&ssl=1&resize=350%2C200","width":350,"height":200,"srcset":"https:\/\/i0.wp.com\/www.freidenker.org\/fw17\/wp-content\/uploads\/2025\/06\/gaza_demo_heidelberg_plakat2_800x450.jpg?fit=800%2C450&ssl=1&resize=350%2C200 1x, https:\/\/i0.wp.com\/www.freidenker.org\/fw17\/wp-content\/uploads\/2025\/06\/gaza_demo_heidelberg_plakat2_800x450.jpg?fit=800%2C450&ssl=1&resize=525%2C300 1.5x, https:\/\/i0.wp.com\/www.freidenker.org\/fw17\/wp-content\/uploads\/2025\/06\/gaza_demo_heidelberg_plakat2_800x450.jpg?fit=800%2C450&ssl=1&resize=700%2C400 2x"},"classes":[]},{"id":21107,"url":"https:\/\/www.freidenker.org\/?p=21107","url_meta":{"origin":20008,"position":5},"title":"Israel verw\u00fcstet seine Nachbarn an sieben Fronten","author":"Webredaktion","date":"7. M\u00e4rz 2025","format":false,"excerpt":"\u2013 Gaza, Westjordanland, Libanon, Syrien, Irak, Jemen, Iran Beitrag von Karin Leukefeld Friedrich Merz wird voraussichtlich der n\u00e4chste deutsche Bundeskanzler. Im Gespr\u00e4ch mit der ARD-Journalistin Caren Miosga\u00a0hat der ehemalige Wirtschaftsanwalt und Aufsichtsrat bei der deutschen Niederlassung der Finanzfirma BlackRock \u00fcber seine politischen Pl\u00e4ne gesprochen. Unter anderem bekr\u00e4ftigte Merz, den israelischen\u2026","rel":"","context":"In &quot;Demokratie \u2013 Medien \u2013 Aufkl\u00e4rung&quot;","block_context":{"text":"Demokratie \u2013 Medien \u2013 Aufkl\u00e4rung","link":"https:\/\/www.freidenker.org\/?cat=12"},"img":{"alt_text":"","src":"https:\/\/i0.wp.com\/www.freidenker.org\/fw17\/wp-content\/uploads\/2025\/03\/palestine-8590339_800x450.jpg?fit=800%2C450&ssl=1&resize=350%2C200","width":350,"height":200,"srcset":"https:\/\/i0.wp.com\/www.freidenker.org\/fw17\/wp-content\/uploads\/2025\/03\/palestine-8590339_800x450.jpg?fit=800%2C450&ssl=1&resize=350%2C200 1x, https:\/\/i0.wp.com\/www.freidenker.org\/fw17\/wp-content\/uploads\/2025\/03\/palestine-8590339_800x450.jpg?fit=800%2C450&ssl=1&resize=525%2C300 1.5x, https:\/\/i0.wp.com\/www.freidenker.org\/fw17\/wp-content\/uploads\/2025\/03\/palestine-8590339_800x450.jpg?fit=800%2C450&ssl=1&resize=700%2C400 2x"},"classes":[]}],"_links":{"self":[{"href":"https:\/\/www.freidenker.org\/index.php?rest_route=\/wp\/v2\/posts\/20008","targetHints":{"allow":["GET"]}}],"collection":[{"href":"https:\/\/www.freidenker.org\/index.php?rest_route=\/wp\/v2\/posts"}],"about":[{"href":"https:\/\/www.freidenker.org\/index.php?rest_route=\/wp\/v2\/types\/post"}],"author":[{"embeddable":true,"href":"https:\/\/www.freidenker.org\/index.php?rest_route=\/wp\/v2\/users\/3"}],"replies":[{"embeddable":true,"href":"https:\/\/www.freidenker.org\/index.php?rest_route=%2Fwp%2Fv2%2Fcomments&post=20008"}],"version-history":[{"count":0,"href":"https:\/\/www.freidenker.org\/index.php?rest_route=\/wp\/v2\/posts\/20008\/revisions"}],"wp:featuredmedia":[{"embeddable":true,"href":"https:\/\/www.freidenker.org\/index.php?rest_route=\/wp\/v2\/media\/20021"}],"wp:attachment":[{"href":"https:\/\/www.freidenker.org\/index.php?rest_route=%2Fwp%2Fv2%2Fmedia&parent=20008"}],"wp:term":[{"taxonomy":"category","embeddable":true,"href":"https:\/\/www.freidenker.org\/index.php?rest_route=%2Fwp%2Fv2%2Fcategories&post=20008"},{"taxonomy":"post_tag","embeddable":true,"href":"https:\/\/www.freidenker.org\/index.php?rest_route=%2Fwp%2Fv2%2Ftags&post=20008"}],"curies":[{"name":"wp","href":"https:\/\/api.w.org\/{rel}","templated":true}]}}