{"id":20006,"date":"2024-10-05T22:28:46","date_gmt":"2024-10-05T20:28:46","guid":{"rendered":"https:\/\/www.freidenker.org\/?p=20006"},"modified":"2024-11-17T16:03:21","modified_gmt":"2024-11-17T15:03:21","slug":"die-marionettenshow-im-weissen-haus","status":"publish","type":"post","link":"https:\/\/www.freidenker.org\/?p=20006","title":{"rendered":"Die Marionettenshow im Wei\u00dfen Haus"},"content":{"rendered":"<p><strong>Wer regiert eigentlich im Wei\u00dfen Haus? Wer zieht wirklich dort die F\u00e4den, mit denen H\u00e4nde, Beine und Mund des dementen Pr\u00e4sidenten aktiviert und gesteuert werden? Immerhin sind die USA eine nuklear bis an die Z\u00e4hne bewaffnete Supermacht, die aktuell eine Reihe von Kriegen f\u00fchrt. <\/strong><\/p>\n<p><em>Von <strong>Rainer Rupp<\/strong><\/em><\/p>\n<p><span style=\"font-size: 10pt;\">Erstver\u00f6ffentlichung am 02.10.2024 auf <a href=\"https:\/\/freedert.online\/meinung\/221035-rainer-rupp-marionettenshow-im-weissen\/\" target=\"_blank\" rel=\"noopener\">RT DE<\/a><\/span><\/p>\n<p>Niemand, weder in Bonn noch in Berlin noch bei EU und NATO in Br\u00fcssel, wirklich niemand scheint sich daf\u00fcr zu interessieren, wer tats\u00e4chlich in Washington die Entscheidungen \u00fcber Krieg und Frieden f\u00e4llt. Stattdessen wird man an Andersens M\u00e4rchen vom nackten Kaiser mit seinen unsichtbaren, aber pr\u00e4chtigen Kleidern erinnert. \u00c4hnlich wie in dem M\u00e4rchen gaukeln Politiker und selbst ernannte &#8222;Qualit\u00e4tsmedien&#8220; dem US-amerikanischen Volk und dem gesamten kollektiven Westen vor, dass Joe Biden weiterhin fest die Z\u00fcgel in der Hand h\u00e4lt.<\/p>\n<p>Aber selbst die eher gutgl\u00e4ubigen US-Amerikaner, die noch st\u00e4rker von der geballten medialen Einheitsdiktatur manipuliert sind als die meisten Europ\u00e4er, erahnen oder wissen bereits, was hinter dem Vorhang vorgeht.<\/p>\n<p>Verzweifelt versuchen die Puppenspieler im Wei\u00dfen Haus, diese politische Farce bis nach den Wahlen Anfang November und bis zur erhofften Amts\u00fcbergabe an Pr\u00e4sidentin Kamala Harris aufrechtzuerhalten. Aber es gelingt immer weniger, dem US-amerikanischen oder dem globalen Publikum etwas vormachen. Im Laufe der Zeit ist der Theaternebel immer durchsichtiger geworden, und bei genauem Hinschauen kann man bereits die F\u00e4den sehen, an denen Bidens Gliedma\u00dfen h\u00e4ngen, um dann tief in den Eingeweiden von Washingtons &#8222;Tiefem Staat&#8220; gezogen zu werden.<\/p>\n<p>Der Ablauf der Biden-Vorstellung ist derweil vorhersehbar geworden; immer dasselbe Muster: Biden tippelt hinter dem Vorhang hervor, schaut sich hilflos um, dann finden seine Augen den Teleprompter, dann murmelt und verschluckt er teilweise seine Rede, um anschlie\u00dfend wieder von der B\u00fchne zu verschwinden, falls er sich daran erinnert, wo er \u00fcberhaupt ist. Von Fragen der Journalisten oder des Publikums wird er hermetisch abgeschirmt.<\/p>\n<p>F\u00fcr die F\u00fchrung der Demokratischen Partei, ihre immer loyalen Massenmedien und ihre braven Parteisoldaten ist diese routinem\u00e4\u00dfige Pantomime ein notwendiges \u00dcbel, das sie bis zum 20.\u00a0Januar\u00a02025 durchhalten m\u00fcssen. Danach k\u00f6nnen die Maskerade beenden und Biden in ein Heim abschieben. Bis dahin aber sollen die USA und die Welt glauben, dass Biden immer noch das US-Staatsschiff steuert, obwohl klar ist, dass Kapit\u00e4n Biden bereits seit der Wahl\u00a02020 nicht am Steuer gestanden hat.<\/p>\n<p>Liebe Leser, erinnern Sie sich an diesen tragikomischen Moment, als Biden w\u00e4hrend eines Gipfels mit den Staatschefs von Japan, Australien und Indien den Namen des indischen Premierministers Narendra Modi vergessen hatte? Die ganze Welt war peinlich ber\u00fchrt, w\u00e4hrend er verwirrt am Rednerpult stand und darauf wartete, dass ihm jemand \u2013 irgendjemand \u2013 ein Rettungsseil zuwarf. Das war mal wieder US-Diplomatie vom Feinsten.<\/p>\n<p>Unl\u00e4ngst hatte sogar Bidens Ehefrau Jill kurze Zeit Pr\u00e4sidentin der Vereinigten Staaten gespielt. In den Medien war angek\u00fcndigt, dass Biden eine Kabinettssitzung im Wei\u00dfen Haus leiten werde. Es sollte die erste seit fast einem Jahr sein. Das stelle man sich mal vor; seit fast zw\u00f6lf Monaten keine Kabinettssitzung des Pr\u00e4sidenten mit seinen Ministern. In normalen Regierungen kommen bei solchen Sitzungen Probleme aus den verschiedenen Ministerien auf den Tisch und politische Reaktionen werden koordiniert. Das wirft die Frage auf: Wie wurde in den letzten zw\u00f6lf Monaten \u00fcberhaupt US-Politik gemacht? Anscheinend hat jeder Minister mit seinen Anh\u00e4ngern und Beratern ohne Abstimmung mit dem Kabinett seine eigene Politik gemacht, was vieles erkl\u00e4ren w\u00fcrde.<\/p>\n<p>Bei der eben angesprochenen Kabinettssitzung ging es ebenfalls \u2013 gelinde gesagt \u2013 sehr unkonventionell zu. Zuerst setzte sich Biden nicht auf seinen Pr\u00e4sidenten-Platz, sondern suchte sich einen Stuhl inmitten seiner Minister. Dann las er weitgehend unverst\u00e4ndlich einen Text von einem Blatt ab, hob dann den Blick und sagte etwas lauter, dass er nun die Leitung der Kabinettssitzung an seine Frau Jill \u00fcbergibt. Die sa\u00df bereits mit am Tisch, und zwar auf dem Platz des Pr\u00e4sidenten am Kopfende, von wo sie dann auch prompt die Sitzung \u00fcbernommen hat. Bei der schieren Absurdit\u00e4t dieses beispiellosen Schrittes kann man sich nur noch fremdsch\u00e4men. Aber unsere Qualit\u00e4tsmedien haben sich daran nicht gest\u00f6rt. Und die intellektuellen \u00dcberflieger an den Spitzen der Bundestagsparteien haben das offensichtlich auch als das ganz normale Verhalten des genialen US-Pr\u00e4sidenten Biden angesehen.<\/p>\n<p>Allerdings war das alles kein Ausschnitt aus einer &#8222;Stand-up-Comedy&#8220; des Fernsehens. Es ist eine ernste Frage, wer die Vereinigten Staaten von Amerika regiert. Mit jedem zunehmend peinlichen \u00f6ffentlichen Auftritt erinnert uns Biden daran, dass die wahren Akteure irgendwo im Schatten agieren \u2013 ins Ohr fl\u00fcsternd und eifrig tippend, w\u00e4hrend Joe selbst als freundliches Aush\u00e4ngeschild dient. Der Mann, der einst sagte: &#8222;Ich kandidiere f\u00fcr das Pr\u00e4sidentenamt&#8220;, wirkt nun eher wie jemand, der den n\u00e4chsten Ausgang sucht.<\/p>\n<p>Neuerdings versuchen die Demokraten, Biden als den vom ungezogenen US-amerikanischen Volk genervten Opa zu pr\u00e4sentieren, der zwar etwas m\u00fcde, aber immer noch der Boss ist, selbst wenn er am Mittagstisch die So\u00dfe versch\u00fcttet. Selbst demokratische Insider wie der Kongressabgeordnete Dean Phillips haben offen eingestanden, dass die ganze Situation &#8222;tief entt\u00e4uschend&#8220; ist. Entt\u00e4uschend? Das ist eine h\u00f6fliche Art zu sagen, dass die demokratische Maschine von &#8222;kaum funktionsf\u00e4hig&#8220; in die v\u00f6llige Katastrophe \u00fcbergegangen ist.<\/p>\n<p>Schlie\u00dflich ist es noch nicht so lange her, dass die Demokratische Partei nicht aufh\u00f6rte, \u00fcber den 25.\u00a0Zusatz zur US-Verfassung zu sprechen. Jedes Mal, wenn Donald Trump einen Tippfehler machte oder etwas Unh\u00f6fliches sagte, standen die Demokraten und ihre Medienpartner vor den Kameras Schlange, um zu erkl\u00e4ren, warum es Zeit war, die Karte des 25.\u00a0Verfassungszusatz herauszuziehen, denn Trump sei geistig nicht mehr f\u00e4hig, dem US-amerikanischen Volk &#8222;zu dienen&#8220;, und m\u00fcsse gehen. Und jetzt? Schweigen im Walde. Wer mit Blick auf Biden den 25.\u00a0Verfassungszusatz erw\u00e4hnt, riskiert, auf die Schwarze Liste der Verschw\u00f6rungstheoretiker gesetzt zu werden.<\/p>\n<p>Und was ist mit Harris, Bidens geplagter Vizepr\u00e4sidentin? Trotz der Tatsache, dass sie noch vor wenigen Monaten von fast allen, selbst in der eigenen Demokratischen Partei, als totes Gewicht abgetan worden war, wurde sie pl\u00f6tzlich zur Thronfolgerin bef\u00f6rdert. Das geschah an allen innerparteilichen demokratischen H\u00fcrden vorbei. Daf\u00fcr hat die F\u00fchrung der Demokraten z.\u00a0B. 14\u00a0Millionen abgegebene Vorwahlstimmen in den M\u00fcll geworfen, so, als w\u00e4ren sie nie abgegeben worden.<\/p>\n<p>Nat\u00fcrlich kann Harris nicht scharf darauf sei, das Chaos zu erben, das sie in der Biden-Regierung flei\u00dfig mit angerichtet hat. Aber die Glorie, als erste Frau, und dann auch noch als farbige Frau, das US-Pr\u00e4sidentenamt zu bekleiden, ist eine zu gro\u00dfe Verlockung. Und wenn es dann sp\u00e4ter darum geht, echte Probleme zu l\u00f6sen, dann hat Kamala ihre altbew\u00e4hrte L\u00f6sung parat, n\u00e4mlich sich durch lautes, ansteckendes Kichern schnell aus der Aff\u00e4re zu ziehen.<\/p>\n<p>Und was ist mit der US-\u00d6ffentlichkeit, deren t\u00e4gliches Leben von diesen Entscheidungen gepr\u00e4gt ist? Wer ist wirklich daf\u00fcr verantwortlich, dass immer mehr Lebensmittel f\u00fcr die Masse der Menschen zu teuer werden? Oder wer soll sie vor den &#8222;kriminellen illegalen Einwanderern&#8220; sch\u00fctzen, die in manchen US-Bundesstaaten ganze Gemeinden \u00fcbernommen haben und angeblich auch die alteingesessenen Bewohner terrorisieren und mit der Waffe in der Hand Schutzgelder abkassieren? W\u00e4hrend Biden durch inszenierte Presseauftritte stolpert, schwelen im ganzen Land echte Probleme weiter.<\/p>\n<p>Demokratische W\u00e4hler sollten am w\u00fctendsten sein \u00fcber ihre Lage. Ihre Stimmen wurden manipuliert, ihre Vorwahlen wurden manipuliert, und jetzt m\u00fcssen sie sich hinter jemanden stellen, der ohne fremde Hilfe keine Rede halten und beenden kann.<\/p>\n<p>Auch die den Demokraten gegen\u00fcber loyal eingestellte Presse sollte emp\u00f6rt sein, denn von ihr wird erwartet, dass sie dem Kandidaten Biden weiter den R\u00fccken freih\u00e4lt, der sich weigert, ihnen in Live-Pressekonferenzen zu begegnen. Auch die deutschen &#8222;Qualit\u00e4tsmedien&#8220; machen bei diesem sch\u00e4bigen Spiel der Massenverdummung und Manipulierung mit, denn die Alternative w\u00e4re, dass sie eingestehen m\u00fcssten, dass Trump trotz all seiner Fehler der bessere US-Pr\u00e4sident w\u00e4re. Das allerdings sehen die neoliberalen, woken Globalisierer der deutschen Eliten anders. Deshalb marschieren die Fake-&#8222;Qualit\u00e4tsmedien&#8220; auch hierzulande pflichtbewusst weiter hinter Biden und Harris, \u00fcbert\u00fcnchen alle Fehler und hoffen, dass niemand die wachsenden Haufen von Unrat unter dem Teppich entdeckt.<\/p>\n<p>Wer aber zieht nun wirklich die F\u00e4den in Washington? Wir werden es vielleicht nie genau wissen. Aber eines scheint inzwischen sicher: Ein guter, wom\u00f6glich bereits ein Gro\u00dfteil der US-Bev\u00f6lkerung hat genug von diesem grotesken Theater. Allerdings besteht die begr\u00fcndete Gefahr, dass hinter jedem l\u00e4chelnden Politiker, der sich mit gro\u00dfartigen Versprechen im November zur Wahl stellt, andere Puppenspieler im Hintergrund ebenfalls die F\u00e4den ziehen \u2013 f\u00fcr eine ganz andere Agenda.<\/p>\n<p style=\"text-align: right;\"><em>Rainer Rupp ist Mitglied des Beirats des Deutschen Freidenker-Verbandes<\/em><\/p>\n<hr \/>\n<p><span style=\"font-size: 10pt;\">Bild oben: Collage von Ralf Lux unter Verwendung von:<\/span><\/p>\n<p><span style=\"font-size: 10pt;\">Marionette: <a href=\"https:\/\/pixabay.com\/de\/photos\/h%C3%A4nde-mann-b%C3%BChne-pr%C3%A4sentation-966492\/\" target=\"_blank\" rel=\"noopener\">pixabay.com<\/a> \/ <a class=\"userName--owby3\" href=\"https:\/\/pixabay.com\/de\/users\/kalhh-86169\/\" target=\"_blank\" rel=\"noopener\">kalhh<\/a> \/ <a href=\"https:\/\/pixabay.com\/de\/service\/license-summary\/\" target=\"_blank\" rel=\"noopener\">Inhaltslizenz<\/a><\/span><\/p>\n<p><span style=\"font-size: 10pt;\">Biden: <\/span><br \/>\n<span style=\"font-size: 10pt;\">Foto: Adam Schultz &#8211; <a href=\"https:\/\/www.whitehouse.gov\/administration\/president-biden\/\" target=\"_blank\" rel=\"noopener\">https:\/\/www.whitehouse.gov\/administration\/president-biden\/<\/a> Public Domain, <\/span><br \/>\n<span style=\"font-size: 10pt;\">Quelle: <a href=\"https:\/\/commons.wikimedia.org\/w\/index.php?curid=103323939\" target=\"_blank\" rel=\"noopener\">https:\/\/commons.wikimedia.org\/w\/index.php?curid=103323939<\/a><\/span><\/p>\n","protected":false},"excerpt":{"rendered":"<p><b>Beitrag von Rainer Rupp<\/b><br \/>\nNiemand, weder in Bonn noch in Berlin noch bei EU und NATO in Br\u00fcssel, wirklich niemand scheint sich daf\u00fcr zu interessieren, wer tats\u00e4chlich in Washington die Entscheidungen \u00fcber Krieg und Frieden f\u00e4llt. Stattdessen wird man an Andersens M\u00e4rchen vom nackten Kaiser mit seinen unsichtbaren, aber pr\u00e4chtigen Kleidern erinnert. \u00c4hnlich wie in dem M\u00e4rchen gaukeln Politiker und selbst ernannte &#8222;Qualit\u00e4tsmedien&#8220; dem US-amerikanischen Volk und dem gesamten kollektiven Westen vor, dass Joe Biden weiterhin fest die Z\u00fcgel in der Hand h\u00e4lt. Aber selbst die eher gutgl\u00e4ubigen US-Amerikaner, die noch st\u00e4rker von der geballten medialen Einheitsdiktatur manipuliert sind als die meisten Europ\u00e4er, erahnen oder wissen bereits, was hinter dem Vorhang vorgeht.<\/p>\n","protected":false},"author":3,"featured_media":20023,"comment_status":"closed","ping_status":"closed","sticky":false,"template":"","format":"standard","meta":{"colormag_page_container_layout":"default_layout","colormag_page_sidebar_layout":"default_layout","advanced_seo_description":"","jetpack_seo_html_title":"","jetpack_seo_noindex":false,"jetpack_post_was_ever_published":false,"footnotes":""},"categories":[12],"tags":[2351,162,182,335,1332,188,121,56,185,1251,2350],"class_list":["post-20006","post","type-post","status-publish","format-standard","has-post-thumbnail","hentry","category-demokratie-medien-aufklaerung","tag-demenz","tag-demokratie","tag-eu","tag-frieden","tag-joe-biden","tag-krieg","tag-medien","tag-nato","tag-usa","tag-wahlkampf","tag-washington"],"jetpack_featured_media_url":"https:\/\/i0.wp.com\/www.freidenker.org\/fw17\/wp-content\/uploads\/2024\/10\/Biden_Marionette_800x450.jpg?fit=800%2C450&ssl=1","jetpack_shortlink":"https:\/\/wp.me\/p9stpK-5cG","jetpack-related-posts":[{"id":21091,"url":"https:\/\/www.freidenker.org\/?p=21091","url_meta":{"origin":20006,"position":0},"title":"Das schm\u00e4hliche Ende des Selenskij-Kults","author":"Webredaktion","date":"3. M\u00e4rz 2025","format":false,"excerpt":"Beitrag von Rainer Rupp Noch nie hat jemand Selenskij so niedergeschlagen gesehen wie bei der Pressekonferenz mit Donald Trump in Washington am vergangenen Freitag. Angesichts der Vorw\u00fcrfe Trumps h\u00e4tte er sich im Wei\u00dfen Haus in Washington am liebsten in ein Mauseloch verkrochen, wenn er eins gefunden h\u00e4tte. Tats\u00e4chlich wurde er\u2026","rel":"","context":"In &quot;Demokratie \u2013 Medien \u2013 Aufkl\u00e4rung&quot;","block_context":{"text":"Demokratie \u2013 Medien \u2013 Aufkl\u00e4rung","link":"https:\/\/www.freidenker.org\/?cat=12"},"img":{"alt_text":"","src":"https:\/\/i0.wp.com\/www.freidenker.org\/fw17\/wp-content\/uploads\/2025\/03\/President_Trump_and_Ukrainian_President_Zelenskyy_800x450.jpg?fit=800%2C450&ssl=1&resize=350%2C200","width":350,"height":200,"srcset":"https:\/\/i0.wp.com\/www.freidenker.org\/fw17\/wp-content\/uploads\/2025\/03\/President_Trump_and_Ukrainian_President_Zelenskyy_800x450.jpg?fit=800%2C450&ssl=1&resize=350%2C200 1x, https:\/\/i0.wp.com\/www.freidenker.org\/fw17\/wp-content\/uploads\/2025\/03\/President_Trump_and_Ukrainian_President_Zelenskyy_800x450.jpg?fit=800%2C450&ssl=1&resize=525%2C300 1.5x, https:\/\/i0.wp.com\/www.freidenker.org\/fw17\/wp-content\/uploads\/2025\/03\/President_Trump_and_Ukrainian_President_Zelenskyy_800x450.jpg?fit=800%2C450&ssl=1&resize=700%2C400 2x"},"classes":[]},{"id":14818,"url":"https:\/\/www.freidenker.org\/?p=14818","url_meta":{"origin":20006,"position":1},"title":"V\u00f6lkerhass um jeden Preis","author":"Webredaktion","date":"11. Dezember 2022","format":false,"excerpt":"Beitrag von Arnold Sch\u00f6lzel Der NATO-Krieg in der Ukraine steckt fest, den Wirtschaftskrieg gegen Russland h\u00e4lt nur Annalena Baerbock f\u00fcr erfolgreich, bleibt die ideologische Gigantenschlacht zwischen \u201eDemokratie\u201c und \u201eAutokratie\u201c. Universalwaffen dabei sind: Verharmlosung des Faschismus und das M\u00e4rchen von einer Ukraine und allen Nachbarstaaten Russlands, die seit mindestens 1.000 Jahren\u2026","rel":"","context":"In &quot;Frieden - Antifaschismus - Solidarit\u00e4t&quot;","block_context":{"text":"Frieden - Antifaschismus - Solidarit\u00e4t","link":"https:\/\/www.freidenker.org\/?cat=13"},"img":{"alt_text":"","src":"https:\/\/i0.wp.com\/www.freidenker.org\/fw17\/wp-content\/uploads\/2022\/12\/Fuck_Russia_800x450.jpg?fit=800%2C450&ssl=1&resize=350%2C200","width":350,"height":200,"srcset":"https:\/\/i0.wp.com\/www.freidenker.org\/fw17\/wp-content\/uploads\/2022\/12\/Fuck_Russia_800x450.jpg?fit=800%2C450&ssl=1&resize=350%2C200 1x, https:\/\/i0.wp.com\/www.freidenker.org\/fw17\/wp-content\/uploads\/2022\/12\/Fuck_Russia_800x450.jpg?fit=800%2C450&ssl=1&resize=525%2C300 1.5x, https:\/\/i0.wp.com\/www.freidenker.org\/fw17\/wp-content\/uploads\/2022\/12\/Fuck_Russia_800x450.jpg?fit=800%2C450&ssl=1&resize=700%2C400 2x"},"classes":[]},{"id":21437,"url":"https:\/\/www.freidenker.org\/?p=21437","url_meta":{"origin":20006,"position":2},"title":"Trump bef\u00f6rdert Machtverschiebung von EU-Br\u00fcssel zur\u00fcck zu Mitgliedsstaaten","author":"Webredaktion","date":"11. April 2025","format":false,"excerpt":"Beitrag von Rainer Rupp Ein eisiger Wind weht zwischen Br\u00fcssel und Washington. Trump benimmt sich gegen\u00fcber den europ\u00e4ischen US-Vasallen, wie dies die r\u00f6mischen Gott-Kaiser einst mit ihren Untertanen in Rom taten. Er \u2013 und nur er pers\u00f6nlich \u2013 entscheidet, wer was, wo tun und nicht tun darf. Die EU-Kommissionspr\u00e4sidentin Ursula\u2026","rel":"","context":"In &quot;Demokratie \u2013 Medien \u2013 Aufkl\u00e4rung&quot;","block_context":{"text":"Demokratie \u2013 Medien \u2013 Aufkl\u00e4rung","link":"https:\/\/www.freidenker.org\/?cat=12"},"img":{"alt_text":"","src":"https:\/\/i0.wp.com\/www.freidenker.org\/fw17\/wp-content\/uploads\/2025\/04\/Giorgia_Meloni_at_the_Special_European_Council_-_February_2023_06_800x450.jpg?fit=800%2C450&ssl=1&resize=350%2C200","width":350,"height":200,"srcset":"https:\/\/i0.wp.com\/www.freidenker.org\/fw17\/wp-content\/uploads\/2025\/04\/Giorgia_Meloni_at_the_Special_European_Council_-_February_2023_06_800x450.jpg?fit=800%2C450&ssl=1&resize=350%2C200 1x, https:\/\/i0.wp.com\/www.freidenker.org\/fw17\/wp-content\/uploads\/2025\/04\/Giorgia_Meloni_at_the_Special_European_Council_-_February_2023_06_800x450.jpg?fit=800%2C450&ssl=1&resize=525%2C300 1.5x, https:\/\/i0.wp.com\/www.freidenker.org\/fw17\/wp-content\/uploads\/2025\/04\/Giorgia_Meloni_at_the_Special_European_Council_-_February_2023_06_800x450.jpg?fit=800%2C450&ssl=1&resize=700%2C400 2x"},"classes":[]},{"id":12562,"url":"https:\/\/www.freidenker.org\/?p=12562","url_meta":{"origin":20006,"position":3},"title":"Ein brennendes Herz f\u00fcr den Frieden braucht einen k\u00fchlen Kopf","author":"Webredaktion","date":"10. April 2022","format":false,"excerpt":"Bilder-Galerie und Rede von M\u00e4nne Gr\u00fc\u00df auf dem Potsdamer Ostermarsch 2022 [Aus der Rede:] Liebe Friedensfreundinnen, liebe Friedensfreunde, ich m\u00f6chte meine Rede mit einem Ausspruch beginnen, den viele von Euch wahrscheinlich im Schlaf aufsagen k\u00f6nnen: Im Krieg gilt: Die Wahrheit stirbt zuerst. So eing\u00e4ngig der Ausspruch aber auch ist: Er\u2026","rel":"","context":"In &quot;Frieden - Antifaschismus - Solidarit\u00e4t&quot;","block_context":{"text":"Frieden - Antifaschismus - Solidarit\u00e4t","link":"https:\/\/www.freidenker.org\/?cat=13"},"img":{"alt_text":"","src":"https:\/\/i0.wp.com\/www.freidenker.org\/fw17\/wp-content\/uploads\/2022\/04\/Potsdamer-Ostermarsch_2022_800x450.jpg?fit=800%2C450&ssl=1&resize=350%2C200","width":350,"height":200,"srcset":"https:\/\/i0.wp.com\/www.freidenker.org\/fw17\/wp-content\/uploads\/2022\/04\/Potsdamer-Ostermarsch_2022_800x450.jpg?fit=800%2C450&ssl=1&resize=350%2C200 1x, https:\/\/i0.wp.com\/www.freidenker.org\/fw17\/wp-content\/uploads\/2022\/04\/Potsdamer-Ostermarsch_2022_800x450.jpg?fit=800%2C450&ssl=1&resize=525%2C300 1.5x, https:\/\/i0.wp.com\/www.freidenker.org\/fw17\/wp-content\/uploads\/2022\/04\/Potsdamer-Ostermarsch_2022_800x450.jpg?fit=800%2C450&ssl=1&resize=700%2C400 2x"},"classes":[]},{"id":24860,"url":"https:\/\/www.freidenker.org\/?p=24860","url_meta":{"origin":20006,"position":4},"title":"N\u00fcrnberger Ostermarsch 2026: Friedenst\u00fcchtig statt kriegss\u00fcchtig","author":"Webredaktion","date":"9. April 2026","format":false,"excerpt":"Kurzbericht und Rede von Michael Kraus Seit 44 Jahren treffen sich unterschiedlichste Organisationen und Personen aus der Region unter dem Dach des N\u00fcrnberger Friedensforums zum Ostermarsch in N\u00fcrnberg. Weit \u00fcber tausend Menschen reihten sich unter der Losung \u201eFriedenst\u00fcchtig statt kriegss\u00fcchtig\u201c in Demonstrationsz\u00fcgen, ausgehend vom Kopernikusplatz und vom Rosa-Luxemburg-Platz sowie in\u2026","rel":"","context":"In &quot;Aktuelles&quot;","block_context":{"text":"Aktuelles","link":"https:\/\/www.freidenker.org\/?cat=574"},"img":{"alt_text":"","src":"https:\/\/i0.wp.com\/www.freidenker.org\/fw17\/wp-content\/uploads\/2026\/04\/om_nuernberg_2026_800x450.jpg?fit=800%2C450&ssl=1&resize=350%2C200","width":350,"height":200,"srcset":"https:\/\/i0.wp.com\/www.freidenker.org\/fw17\/wp-content\/uploads\/2026\/04\/om_nuernberg_2026_800x450.jpg?fit=800%2C450&ssl=1&resize=350%2C200 1x, https:\/\/i0.wp.com\/www.freidenker.org\/fw17\/wp-content\/uploads\/2026\/04\/om_nuernberg_2026_800x450.jpg?fit=800%2C450&ssl=1&resize=525%2C300 1.5x, https:\/\/i0.wp.com\/www.freidenker.org\/fw17\/wp-content\/uploads\/2026\/04\/om_nuernberg_2026_800x450.jpg?fit=800%2C450&ssl=1&resize=700%2C400 2x"},"classes":[]},{"id":20368,"url":"https:\/\/www.freidenker.org\/?p=20368","url_meta":{"origin":20006,"position":5},"title":"US-Raketen auf Ziele in Russland \u2013 Nach uns die Sintflut","author":"Webredaktion","date":"23. November 2024","format":false,"excerpt":"Beitrag von Rainer Rupp Die unfassbare Nachricht aus Washington erinnert an die \"Nach mir die Sintflut\"-Bunkermentalit\u00e4t fanatischer Nazis in den letzten Tagen des Dritten Reiches. Noch vor knapp zwei Jahren, als Biden offensichtlich noch selbst denken konnte, hatte er in einer \u00f6ffentlichen Ansprache entschieden vor einem solchen Schritt gewarnt, weil\u2026","rel":"","context":"In &quot;Demokratie \u2013 Medien \u2013 Aufkl\u00e4rung&quot;","block_context":{"text":"Demokratie \u2013 Medien \u2013 Aufkl\u00e4rung","link":"https:\/\/www.freidenker.org\/?cat=12"},"img":{"alt_text":"","src":"https:\/\/i0.wp.com\/www.freidenker.org\/fw17\/wp-content\/uploads\/2024\/11\/Joe_Biden_49405323707_2_800x450.jpg?fit=800%2C450&ssl=1&resize=350%2C200","width":350,"height":200,"srcset":"https:\/\/i0.wp.com\/www.freidenker.org\/fw17\/wp-content\/uploads\/2024\/11\/Joe_Biden_49405323707_2_800x450.jpg?fit=800%2C450&ssl=1&resize=350%2C200 1x, https:\/\/i0.wp.com\/www.freidenker.org\/fw17\/wp-content\/uploads\/2024\/11\/Joe_Biden_49405323707_2_800x450.jpg?fit=800%2C450&ssl=1&resize=525%2C300 1.5x, https:\/\/i0.wp.com\/www.freidenker.org\/fw17\/wp-content\/uploads\/2024\/11\/Joe_Biden_49405323707_2_800x450.jpg?fit=800%2C450&ssl=1&resize=700%2C400 2x"},"classes":[]}],"_links":{"self":[{"href":"https:\/\/www.freidenker.org\/index.php?rest_route=\/wp\/v2\/posts\/20006","targetHints":{"allow":["GET"]}}],"collection":[{"href":"https:\/\/www.freidenker.org\/index.php?rest_route=\/wp\/v2\/posts"}],"about":[{"href":"https:\/\/www.freidenker.org\/index.php?rest_route=\/wp\/v2\/types\/post"}],"author":[{"embeddable":true,"href":"https:\/\/www.freidenker.org\/index.php?rest_route=\/wp\/v2\/users\/3"}],"replies":[{"embeddable":true,"href":"https:\/\/www.freidenker.org\/index.php?rest_route=%2Fwp%2Fv2%2Fcomments&post=20006"}],"version-history":[{"count":0,"href":"https:\/\/www.freidenker.org\/index.php?rest_route=\/wp\/v2\/posts\/20006\/revisions"}],"wp:featuredmedia":[{"embeddable":true,"href":"https:\/\/www.freidenker.org\/index.php?rest_route=\/wp\/v2\/media\/20023"}],"wp:attachment":[{"href":"https:\/\/www.freidenker.org\/index.php?rest_route=%2Fwp%2Fv2%2Fmedia&parent=20006"}],"wp:term":[{"taxonomy":"category","embeddable":true,"href":"https:\/\/www.freidenker.org\/index.php?rest_route=%2Fwp%2Fv2%2Fcategories&post=20006"},{"taxonomy":"post_tag","embeddable":true,"href":"https:\/\/www.freidenker.org\/index.php?rest_route=%2Fwp%2Fv2%2Ftags&post=20006"}],"curies":[{"name":"wp","href":"https:\/\/api.w.org\/{rel}","templated":true}]}}