{"id":20002,"date":"2024-10-05T22:28:26","date_gmt":"2024-10-05T20:28:26","guid":{"rendered":"https:\/\/www.freidenker.org\/?p=20002"},"modified":"2024-11-17T16:08:32","modified_gmt":"2024-11-17T15:08:32","slug":"frieden-durch-dialog-ein-weg-fuer-die-zukunft","status":"publish","type":"post","link":"https:\/\/www.freidenker.org\/?p=20002","title":{"rendered":"Frieden durch Dialog \u2013 Ein Weg f\u00fcr die Zukunft"},"content":{"rendered":"<p><em>Wir weisen gern auf eine von Freunden des Verbandes organisierte Veranstaltung hin.<\/em><\/p>\n<p style=\"text-align: right;\"><em>Webredaktion<\/em><\/p>\n<h4>Frieden durch Dialog \u2013 Ein Weg f\u00fcr die Zukunft<\/h4>\n<p><em>Von <strong>Marion Schneider<\/strong><\/em><\/p>\n<p>Vom 25. bis 27. Oktober 2024 wird die Ordensburg Liebstedt in Th\u00fcringen zum Zentrum f\u00fcr den internationalen Dialog \u00fcber Frieden und Verst\u00e4ndigung. Der <strong>Kongress \u201eFrieden und Dialog\u201c<\/strong>, organisiert von der <strong>Gesellschaft zur F\u00f6rderung guten Lebens e.V.<\/strong>, bringt renommierte Referentinnen und Referenten, Friedensaktivisten und interessierte B\u00fcrger zusammen, um \u00fcber aktuelle Herausforderungen zu sprechen und gemeinsam L\u00f6sungswege f\u00fcr eine friedlichere Welt zu erarbeiten.<\/p>\n<p>In einer Zeit, in der globale Konflikte eskalieren und gesellschaftliche Gr\u00e4ben tiefer werden, ist der Dialog wichtiger denn je. Der Kongress zielt darauf ab, nicht nur \u00fcber Frieden zu diskutieren, sondern konkrete L\u00f6sungen zu entwickeln, die langfristig Bestand haben. Angesichts geopolitischer Spannungen, die die Welt an den Rand eines neuen gro\u00dfen Krieges f\u00fchren k\u00f6nnten, setzt die Veranstaltung ein starkes Zeichen. Es wird nicht nur ein sofortiges Ende der Gewalt gefordert, sondern auch die Dringlichkeit echter Friedensverhandlungen hervorgehoben, fernab der dominierenden Interessen des milit\u00e4risch-industriellen Komplexes, der die politische Agenda in Washington und Br\u00fcssel ma\u00dfgeblich pr\u00e4gt.<\/p>\n<h5>Der Frieden beginnt im Dialog<\/h5>\n<p>Ein zentraler Leitsatz des Kongresses ist Mahatma Gandhis ber\u00fchmtes Zitat:<\/p>\n<blockquote><p><em>\u201eEs gibt keinen Weg zum Frieden, Frieden ist der Weg.\u201c<\/em><\/p><\/blockquote>\n<p>Dieses Zitat bildet die Grundlage der Veranstaltung, die darauf abzielt, den Austausch \u00fcber friedliche Konfliktl\u00f6sungen zu f\u00f6rdern. Es geht nicht nur darum, bestehende Probleme zu benennen, sondern L\u00f6sungen zu finden, die langfristig Frieden und Gerechtigkeit gew\u00e4hrleisten k\u00f6nnen.<\/p>\n<p>Der Kongress bietet eine Vielzahl von Vortr\u00e4gen, Diskussionen und Workshops an, die Themen wie die Rolle der Demokratie in Friedensprozessen, die Bedeutung des Grundgesetzes und die Gefahren des Ukraine-Kriegs behandeln. Dabei kommen Pers\u00f6nlichkeiten aus den unterschiedlichsten Bereichen zu Wort \u2013 von Akademikern \u00fcber Aktivisten bis hin zu K\u00fcnstlern.<\/p>\n<h5>Ein vielf\u00e4ltiges Programm f\u00fcr den Frieden<\/h5>\n<p>Der Kongress startet am Freitag, dem 25. Oktober, mit einem <strong>Friedensgottesdienst<\/strong> in der Kirche St. Laurentius, begleitet von musikalischen Beitr\u00e4gen lokaler K\u00fcnstler. Ein besonderes Highlight des Abends ist das <strong>Konzert von Tino Eisbrenner<\/strong>, einem bekannten deutschen Liedermacher und Friedensaktivisten, der mit seinen tiefgr\u00fcndigen Texten den Auftakt f\u00fcr ein Wochenende voller inspirierender Gespr\u00e4che und Begegnungen bietet.<\/p>\n<p>Am Samstag er\u00f6ffnet <strong>Marion Schneider<\/strong>, die Organisatorin des Kongresses, die Tagung. Es folgen Vortr\u00e4ge von <strong>Prof. Dr. Dr. habil. Reinhard Hesse<\/strong>, der \u00fcber die Kant\u2018sche Vision von Vernunft im Frieden spricht, sowie von <strong>Ralph Boes<\/strong>, der die Bedeutung des Grundgesetzes f\u00fcr die Friedensarbeit betont. Ein besonderes Podiumsgespr\u00e4ch thematisiert die Erfahrungen aus friedlichen Protesten, die seit 2020 in Deutschland stattfinden. Hier teilen <strong>Aktive<\/strong> ihre pers\u00f6nlichen Geschichten und regen die Teilnehmerinnen und Teilnehmer zu einem offenen Austausch an. <strong>Reiner Braun<\/strong> von IALANA spricht \u00fcber die Friedensarbeit als solche und erz\u00e4hlt Beispiele aus seiner T\u00e4tigkeit.<\/p>\n<p>Am Sonntag wird der Fokus auf die Gefahren der modernen Kriegsf\u00fchrung gelegt. <strong>Dr. Jonas T\u00f6gel<\/strong> erl\u00e4utert die bedenklichen Strategien der \u201ekognitiven Kriegsf\u00fchrung\u201c, w\u00e4hrend <strong>Iwana Steinigk<\/strong> \u00fcber die humanit\u00e4ren Folgen der Angriffe auf zivile Infrastruktur spricht. Der Abschlussvortrag von <strong>Prof. Dr. med. Klaus-Dieter Kolenda<\/strong> beleuchtet die nukleare Bedrohung im Ukraine-Krieg, bevor eine <strong>Friedenswerkstatt<\/strong> den Kongress beschlie\u00dft. Hier wird ein gemeinsames Manifest erarbeitet, das die Ziele des Kongresses zusammenfasst und Wege aufzeigt, wie das Netzwerk der Teilnehmenden aktiv zur F\u00f6rderung des Friedens beitragen kann.<\/p>\n<h5>Kultur und Austausch als Grundlage des Dialogs<\/h5>\n<p>Neben den Vortr\u00e4gen und Diskussionen bildet das kulturelle Rahmenprogramm eine weitere S\u00e4ule des Kongresses. Am Samstagabend f\u00fchrt <strong>Dr. Diether Dehm<\/strong> durch ein abwechslungsreiches Programm mit Liedern und k\u00fcnstlerischen Darbietungen. K\u00fcnstler wie <strong>Uli Masuth<\/strong> und der Chor <strong>\u201eanima libera\u201c<\/strong> sorgen f\u00fcr eine friedvolle Atmosph\u00e4re, die den Austausch der Teilnehmerinnen und Teilnehmer noch intensiver werden l\u00e4sst.<\/p>\n<h5>Ein Signal f\u00fcr den Frieden<\/h5>\n<p>Der Kongress \u201eFrieden und Dialog\u201c setzt ein starkes Zeichen f\u00fcr die Notwendigkeit eines neuen Umgangs mit globalen Konflikten. Anstatt auf Gewalt und Konfrontation zu setzen, pl\u00e4dieren die Rednerinnen und Redner f\u00fcr eine Kultur des Dialogs, die auf gegenseitigem Respekt und Verst\u00e4ndnis basiert. Diese Botschaft soll weit \u00fcber den Kongress hinausreichen und dazu beitragen, dass auch zuk\u00fcnftige Generationen in einer friedlichen Welt leben k\u00f6nnen.<\/p>\n<p>Der bevorstehende Kongress wird eine klare Botschaft vermitteln: Frieden ist m\u00f6glich, wenn die Weltgemeinschaft bereit ist, sich von den \u00fcberholten Paradigmen der Machtpolitik zu l\u00f6sen. Im Mittelpunkt steht eine Vision, die nicht l\u00e4nger von den Interessen weniger Gro\u00dfm\u00e4chte dominiert wird, sondern das Wohl der gesamten Menschheit in den Vordergrund stellt \u2013 ein zentraler Ansatz, den der Kongress weiterentwickeln m\u00f6chte.<\/p>\n<p>Denn, wie Mahatma Gandhi uns lehrt: Der Frieden selbst ist der Weg. Lasst uns diesen Weg gemeinsam gehen.<\/p>\n<p style=\"text-align: right;\"><em><span class=\"yt-core-attributed-string yt-core-attributed-string--white-space-pre-wrap\" role=\"text\"><span class=\"yt-core-attributed-string--link-inherit-color\">Marion Schneider ist Vorsitzende der <\/span><\/span><\/em><i>Gesellschaft zur F\u00f6rderung guten Lebens e.V.,\u00a0<\/i> <em><span class=\"yt-core-attributed-string yt-core-attributed-string--white-space-pre-wrap\" role=\"text\"><span class=\"yt-core-attributed-string--link-inherit-color\">Unternehmerin und Autorin <\/span><\/span><\/em><em><span class=\"yt-core-attributed-string yt-core-attributed-string--white-space-pre-wrap\" role=\"text\"><span class=\"yt-core-attributed-string--link-inherit-color\">aus Th\u00fcringen<\/span><\/span><\/em><\/p>\n<hr \/>\n<p><strong>Weitere Informationen zur Veranstaltung &#8222;Frieden und Dialog&#8220; finden Sie auf der Webseite <em><span class=\"yt-core-attributed-string yt-core-attributed-string--white-space-pre-wrap\" role=\"text\"><span class=\"yt-core-attributed-string--link-inherit-color\">der <\/span><\/span><\/em><i>Gesellschaft zur F\u00f6rderung guten Lebens e.V:<\/i><\/strong><\/p>\n<blockquote class=\"wp-embedded-content\" data-secret=\"DkTgnAEUKU\"><p><a href=\"https:\/\/gesellschaft-gutes-leben.org\/kongress-frieden-und-dialog\/\">Friedenskongress 2024 \u2013 Gemeinsam f\u00fcr eine friedliche Zukunft 25. \u2013 27. Oktober 2024 | Ordensburg Liebstedt, Th\u00fcringen<\/a><\/p><\/blockquote>\n<p><iframe loading=\"lazy\" class=\"wp-embedded-content\" sandbox=\"allow-scripts\" security=\"restricted\" style=\"position: absolute; visibility: hidden;\" title=\"&#8222;Friedenskongress 2024 \u2013 Gemeinsam f\u00fcr eine friedliche Zukunft 25. \u2013 27. Oktober 2024 | Ordensburg Liebstedt, Th\u00fcringen&#8220; &#8212; Gesellschaft zur F\u00f6rderung Guten Lebens e.V.\" src=\"https:\/\/gesellschaft-gutes-leben.org\/kongress-frieden-und-dialog\/embed\/#?secret=2K3dAtJsyu#?secret=DkTgnAEUKU\" data-secret=\"DkTgnAEUKU\" width=\"600\" height=\"338\" frameborder=\"0\" marginwidth=\"0\" marginheight=\"0\" scrolling=\"no\"><\/iframe><\/p>\n<p><img data-recalc-dims=\"1\" loading=\"lazy\" decoding=\"async\" data-attachment-id=\"13977\" data-permalink=\"https:\/\/www.freidenker.org\/?attachment_id=13977\" data-orig-file=\"https:\/\/i0.wp.com\/www.freidenker.org\/fw17\/wp-content\/uploads\/2022\/08\/External_Link_24px.jpg?fit=24%2C24&amp;ssl=1\" data-orig-size=\"24,24\" data-comments-opened=\"0\" data-image-meta=\"{&quot;aperture&quot;:&quot;0&quot;,&quot;credit&quot;:&quot;&quot;,&quot;camera&quot;:&quot;&quot;,&quot;caption&quot;:&quot;&quot;,&quot;created_timestamp&quot;:&quot;0&quot;,&quot;copyright&quot;:&quot;&quot;,&quot;focal_length&quot;:&quot;0&quot;,&quot;iso&quot;:&quot;0&quot;,&quot;shutter_speed&quot;:&quot;0&quot;,&quot;title&quot;:&quot;&quot;,&quot;orientation&quot;:&quot;1&quot;}\" data-image-title=\"External_Link_24px icon\" data-image-description=\"\" data-image-caption=\"\" data-large-file=\"https:\/\/i0.wp.com\/www.freidenker.org\/fw17\/wp-content\/uploads\/2022\/08\/External_Link_24px.jpg?fit=24%2C24&amp;ssl=1\" class=\"alignnone size-full wp-image-13977\" src=\"https:\/\/i0.wp.com\/www.freidenker.org\/fw17\/wp-content\/uploads\/2022\/08\/External_Link_24px.jpg?resize=24%2C24&#038;ssl=1\" alt=\"\" width=\"24\" height=\"24\" \/>\u00a0<a href=\"https:\/\/gesellschaft-gutes-leben.org\/kongress-frieden-und-dialog\/\" target=\"_blank\" rel=\"noopener\">https:\/\/gesellschaft-gutes-leben.org\/kongress-frieden-und-dialog\/<\/a><\/p>\n<hr \/>\n<h4>Download<\/h4>\n<p><img data-recalc-dims=\"1\" loading=\"lazy\" decoding=\"async\" data-attachment-id=\"1076\" data-permalink=\"https:\/\/www.freidenker.org\/?attachment_id=1076\" data-orig-file=\"https:\/\/i0.wp.com\/www.freidenker.org\/fw17\/wp-content\/uploads\/2017\/10\/pdf_icon-2.png?fit=32%2C32&amp;ssl=1\" data-orig-size=\"32,32\" data-comments-opened=\"0\" data-image-meta=\"{&quot;aperture&quot;:&quot;0&quot;,&quot;credit&quot;:&quot;&quot;,&quot;camera&quot;:&quot;&quot;,&quot;caption&quot;:&quot;&quot;,&quot;created_timestamp&quot;:&quot;0&quot;,&quot;copyright&quot;:&quot;&quot;,&quot;focal_length&quot;:&quot;0&quot;,&quot;iso&quot;:&quot;0&quot;,&quot;shutter_speed&quot;:&quot;0&quot;,&quot;title&quot;:&quot;&quot;,&quot;orientation&quot;:&quot;0&quot;}\" data-image-title=\"pdf_icon\" data-image-description=\"\" data-image-caption=\"\" data-large-file=\"https:\/\/i0.wp.com\/www.freidenker.org\/fw17\/wp-content\/uploads\/2017\/10\/pdf_icon-2.png?fit=32%2C32&amp;ssl=1\" class=\"alignnone size-full wp-image-1076\" src=\"https:\/\/i0.wp.com\/www.freidenker.org\/fw17\/wp-content\/uploads\/2017\/10\/pdf_icon-2.png?resize=32%2C32&#038;ssl=1\" alt=\"\" width=\"32\" height=\"32\" \/> <a href=\"https:\/\/www.freidenker.org\/fw17\/wp-content\/uploads\/2024\/10\/Frieden_und_Dialog_Flyer-8-seitig.pdf\" target=\"_blank\" rel=\"noopener\">Programm der Veranstaltung &#8222;Frieden und Dialog&#8220;<\/a> (PDF-Datei, ca. 157 KB)<\/p>\n<hr \/>\n<p><span style=\"font-size: 10pt;\">Bild oben: Ordensburg Liebst\u00e4dt<\/span><br \/>\n<span style=\"font-size: 10pt;\">Quelle: <a href=\"https:\/\/gesellschaft-gutes-leben.org\/kongress-frieden-und-dialog\/\" target=\"_blank\" rel=\"noopener\">gesellschaft-gutes-leben.org<\/a><\/span><\/p>\n<p>&nbsp;<\/p>\n","protected":false},"excerpt":{"rendered":"<p><b>Beitrag von Marion Schneider<\/b><br \/>\nVom 25. bis 27. Oktober 2024 wird die Ordensburg Liebstedt in Th\u00fcringen zum Zentrum f\u00fcr den internationalen Dialog \u00fcber Frieden und Verst\u00e4ndigung. Der Kongress \u201eFrieden und Dialog\u201c, organisiert von der Gesellschaft zur F\u00f6rderung guten Lebens e.V., bringt renommierte Referentinnen und Referenten, Friedensaktivisten und interessierte B\u00fcrger zusammen, um \u00fcber aktuelle Herausforderungen zu sprechen und gemeinsam L\u00f6sungswege f\u00fcr eine friedlichere Welt zu erarbeiten. In einer Zeit, in der globale Konflikte eskalieren und gesellschaftliche Gr\u00e4ben tiefer werden, ist der Dialog wichtiger denn je. Der Kongress zielt darauf ab, nicht nur \u00fcber Frieden zu diskutieren, sondern konkrete L\u00f6sungen zu entwickeln, die langfristig Bestand haben. <\/p>\n","protected":false},"author":3,"featured_media":20019,"comment_status":"closed","ping_status":"closed","sticky":false,"template":"","format":"standard","meta":{"colormag_page_container_layout":"default_layout","colormag_page_sidebar_layout":"default_layout","advanced_seo_description":"","jetpack_seo_html_title":"","jetpack_seo_noindex":false,"jetpack_post_was_ever_published":false,"footnotes":""},"categories":[13,20],"tags":[1659,335,1644,2225,844,1389,1809,188,668,1051,39],"class_list":["post-20002","post","type-post","status-publish","format-standard","has-post-thumbnail","hentry","category-frieden-antifaschismus-solidaritaet","category-zentrale-veranstaltungen","tag-dialog","tag-frieden","tag-gewalt","tag-globaler-konflikt","tag-grundgesetz","tag-konfrontation","tag-kongress","tag-krieg","tag-kultur","tag-thueringen","tag-vernunft"],"jetpack_featured_media_url":"https:\/\/i0.wp.com\/www.freidenker.org\/fw17\/wp-content\/uploads\/2024\/10\/Ordensburg-1-800x450-1.jpg?fit=800%2C450&ssl=1","jetpack_shortlink":"https:\/\/wp.me\/p9stpK-5cC","jetpack-related-posts":[{"id":20561,"url":"https:\/\/www.freidenker.org\/?p=20561","url_meta":{"origin":20002,"position":0},"title":"Frieden wird aus Mut gemacht","author":"Webredaktion","date":"24. Dezember 2024","format":false,"excerpt":"Beitrag von Marion Schneider sowie R\u00fcckblick auf den Kongress Frieden und Dialog\u201c 2024 in Liebstedt und Aufruf zu einer Kundgebung \"Aufstehn f\u00fcr Frieden\" am 28.12.2024 in Wiesbaden Die meisten Menschen haben ein tiefes Bed\u00fcrfnis nach Frieden. Sie w\u00fcnschen sich Frieden in ihrer Familie, Frieden mit ihren Freunden, Frieden an der\u2026","rel":"","context":"In &quot;Frieden - Antifaschismus - Solidarit\u00e4t&quot;","block_context":{"text":"Frieden - Antifaschismus - Solidarit\u00e4t","link":"https:\/\/www.freidenker.org\/?cat=13"},"img":{"alt_text":"","src":"https:\/\/i0.wp.com\/www.freidenker.org\/fw17\/wp-content\/uploads\/2024\/12\/dove-7044783_800x450.jpg?fit=800%2C450&ssl=1&resize=350%2C200","width":350,"height":200,"srcset":"https:\/\/i0.wp.com\/www.freidenker.org\/fw17\/wp-content\/uploads\/2024\/12\/dove-7044783_800x450.jpg?fit=800%2C450&ssl=1&resize=350%2C200 1x, https:\/\/i0.wp.com\/www.freidenker.org\/fw17\/wp-content\/uploads\/2024\/12\/dove-7044783_800x450.jpg?fit=800%2C450&ssl=1&resize=525%2C300 1.5x, https:\/\/i0.wp.com\/www.freidenker.org\/fw17\/wp-content\/uploads\/2024\/12\/dove-7044783_800x450.jpg?fit=800%2C450&ssl=1&resize=700%2C400 2x"},"classes":[]},{"id":22162,"url":"https:\/\/www.freidenker.org\/?p=22162","url_meta":{"origin":20002,"position":1},"title":"Dieter Hallervorden zu &#8222;Nahost und Gaza Video&#8220;","author":"Webredaktion","date":"25. Juni 2025","format":false,"excerpt":"Video von Dieter Hallervorden Vor \u00fcber einem Jahr, im April 2024, hatte Diether Dehm, Mitglied des Deutschen Freidenkerverbandes und seines Beirats, mit und f\u00fcr Dieter Hallervorden das Gedicht \"GAZA GAZA\" geschrieben und als Video ver\u00f6ffentlicht. Darin hatte sich Dieter Hallervorden in feinsinniger Lyrik, aber deutlich auf die Seite der im\u2026","rel":"","context":"In &quot;Frieden - Antifaschismus - Solidarit\u00e4t&quot;","block_context":{"text":"Frieden - Antifaschismus - Solidarit\u00e4t","link":"https:\/\/www.freidenker.org\/?cat=13"},"img":{"alt_text":"","src":"https:\/\/i0.wp.com\/www.freidenker.org\/fw17\/wp-content\/uploads\/2025\/06\/Hallervorden_Gaza-Video_ausschnitt_800x450.jpg?fit=800%2C450&ssl=1&resize=350%2C200","width":350,"height":200,"srcset":"https:\/\/i0.wp.com\/www.freidenker.org\/fw17\/wp-content\/uploads\/2025\/06\/Hallervorden_Gaza-Video_ausschnitt_800x450.jpg?fit=800%2C450&ssl=1&resize=350%2C200 1x, https:\/\/i0.wp.com\/www.freidenker.org\/fw17\/wp-content\/uploads\/2025\/06\/Hallervorden_Gaza-Video_ausschnitt_800x450.jpg?fit=800%2C450&ssl=1&resize=525%2C300 1.5x, https:\/\/i0.wp.com\/www.freidenker.org\/fw17\/wp-content\/uploads\/2025\/06\/Hallervorden_Gaza-Video_ausschnitt_800x450.jpg?fit=800%2C450&ssl=1&resize=700%2C400 2x"},"classes":[]},{"id":15665,"url":"https:\/\/www.freidenker.org\/?p=15665","url_meta":{"origin":20002,"position":2},"title":"\u00dcberparteilich gegen den Krieg","author":"Webredaktion","date":"4. April 2023","format":false,"excerpt":"Am 27. M\u00e4rz 2023 fand in Berlin eine Konferenz des Ostdeutschen Kuratoriums von Verb\u00e4nden statt, dem auch der Landesverband Berlin des Deutschen Freidenker-Verbandes angeh\u00f6rt. Die Konferenz stand unter dem Motto \"Dialog statt Waffen - \u00fcberparteilich gegen den Krieg - Frieden mit Russland.\" Wir dokumentieren nachfolgend die Abschlusserkl\u00e4rung und die Redebeitr\u00e4ge\u2026","rel":"","context":"In &quot;Frieden - Antifaschismus - Solidarit\u00e4t&quot;","block_context":{"text":"Frieden - Antifaschismus - Solidarit\u00e4t","link":"https:\/\/www.freidenker.org\/?cat=13"},"img":{"alt_text":"","src":"https:\/\/i0.wp.com\/www.freidenker.org\/fw17\/wp-content\/uploads\/2023\/04\/Konferenz_Berlin_230327-FKz-2.jpg?fit=800%2C450&ssl=1&resize=350%2C200","width":350,"height":200,"srcset":"https:\/\/i0.wp.com\/www.freidenker.org\/fw17\/wp-content\/uploads\/2023\/04\/Konferenz_Berlin_230327-FKz-2.jpg?fit=800%2C450&ssl=1&resize=350%2C200 1x, https:\/\/i0.wp.com\/www.freidenker.org\/fw17\/wp-content\/uploads\/2023\/04\/Konferenz_Berlin_230327-FKz-2.jpg?fit=800%2C450&ssl=1&resize=525%2C300 1.5x, https:\/\/i0.wp.com\/www.freidenker.org\/fw17\/wp-content\/uploads\/2023\/04\/Konferenz_Berlin_230327-FKz-2.jpg?fit=800%2C450&ssl=1&resize=700%2C400 2x"},"classes":[]},{"id":16310,"url":"https:\/\/www.freidenker.org\/?p=16310","url_meta":{"origin":20002,"position":3},"title":"Keine Bomber \u00fcber unseren K\u00f6pfen! Kein Werben f\u00fcrs Sterben!","author":"Webredaktion","date":"12. Juni 2023","format":false,"excerpt":"Zentrale Kundgebung gegen Air Defender 23 und gegen den Tag der Bundeswehr in Brandenburg an der Havel am 17.06.2023 Pressemitteilung des Organisationsteams des B\u00fcndnis f\u00fcr Frieden F\u00fcr Samstag, 17.06.2023 hat das B\u00fcndnis f\u00fcr Frieden Brandenburg eine Protestkundgebung gegen Air Defender 23, das gr\u00f6\u00dfte Luftman\u00f6ver in der Geschichte der NATO, angemeldet.\u2026","rel":"","context":"In &quot;Frieden - Antifaschismus - Solidarit\u00e4t&quot;","block_context":{"text":"Frieden - Antifaschismus - Solidarit\u00e4t","link":"https:\/\/www.freidenker.org\/?cat=13"},"img":{"alt_text":"","src":"https:\/\/i0.wp.com\/www.freidenker.org\/fw17\/wp-content\/uploads\/2023\/06\/Flyer_Brandeburg_2023-06-07_s1_auszug_800x450.jpg?fit=799%2C450&ssl=1&resize=350%2C200","width":350,"height":200,"srcset":"https:\/\/i0.wp.com\/www.freidenker.org\/fw17\/wp-content\/uploads\/2023\/06\/Flyer_Brandeburg_2023-06-07_s1_auszug_800x450.jpg?fit=799%2C450&ssl=1&resize=350%2C200 1x, https:\/\/i0.wp.com\/www.freidenker.org\/fw17\/wp-content\/uploads\/2023\/06\/Flyer_Brandeburg_2023-06-07_s1_auszug_800x450.jpg?fit=799%2C450&ssl=1&resize=525%2C300 1.5x, https:\/\/i0.wp.com\/www.freidenker.org\/fw17\/wp-content\/uploads\/2023\/06\/Flyer_Brandeburg_2023-06-07_s1_auszug_800x450.jpg?fit=799%2C450&ssl=1&resize=700%2C400 2x"},"classes":[]},{"id":20288,"url":"https:\/\/www.freidenker.org\/?p=20288","url_meta":{"origin":20002,"position":4},"title":"General und Friedensaktivist Sebald Daum gestorben","author":"Webredaktion","date":"17. November 2024","format":false,"excerpt":"Nachruf von\u00a0Rainer Rupp \"Das Leben eines aufrechten Soldaten der Nationalen Volksarmee der Deutschen Demokratischen Republik hat sich vollendet.\" So beginnt der Nachruf auf einen herausragenden Soldaten, Generalmajor a.D. Sebald Daum (geboren 22.01.1934 \u2013 gestorben 12.11.2024). Sebald Daum hat sich nicht nur w\u00e4hrend des Kalten Krieges leidenschaftlich f\u00fcr den Erhalt des\u2026","rel":"","context":"In &quot;Frieden - Antifaschismus - Solidarit\u00e4t&quot;","block_context":{"text":"Frieden - Antifaschismus - Solidarit\u00e4t","link":"https:\/\/www.freidenker.org\/?cat=13"},"img":{"alt_text":"","src":"https:\/\/i0.wp.com\/www.freidenker.org\/fw17\/wp-content\/uploads\/2024\/11\/Generalmajor_Daum_800x445.jpg?fit=800%2C445&ssl=1&resize=350%2C200","width":350,"height":200,"srcset":"https:\/\/i0.wp.com\/www.freidenker.org\/fw17\/wp-content\/uploads\/2024\/11\/Generalmajor_Daum_800x445.jpg?fit=800%2C445&ssl=1&resize=350%2C200 1x, https:\/\/i0.wp.com\/www.freidenker.org\/fw17\/wp-content\/uploads\/2024\/11\/Generalmajor_Daum_800x445.jpg?fit=800%2C445&ssl=1&resize=525%2C300 1.5x, https:\/\/i0.wp.com\/www.freidenker.org\/fw17\/wp-content\/uploads\/2024\/11\/Generalmajor_Daum_800x445.jpg?fit=800%2C445&ssl=1&resize=700%2C400 2x"},"classes":[]},{"id":24883,"url":"https:\/\/www.freidenker.org\/?p=24883","url_meta":{"origin":20002,"position":5},"title":"Osterm\u00e4rsche 2026 in Hessen","author":"Webredaktion","date":"18. April 2026","format":false,"excerpt":"Wir berichten von einigen Veranstaltungen anl\u00e4sslich der Osterm\u00e4rsche in Hessen, an denen auch zahlreiche Mitglieder unseres Verbandes teilnahmen und mitwirkten. Der traditionelle Start der Hessischen Osterm\u00e4rsche fand auch diesmal mit dem Ostermarsch der Friedenplattform Hanau 2026 am Karfreitag (3.4.26) in Bruchk\u00f6bel statt. Die Kundgebung begann um 14:00 Uhr und stand\u2026","rel":"","context":"In &quot;Aktuelles&quot;","block_context":{"text":"Aktuelles","link":"https:\/\/www.freidenker.org\/?cat=574"},"img":{"alt_text":"","src":"https:\/\/i0.wp.com\/www.freidenker.org\/fw17\/wp-content\/uploads\/2026\/04\/OM26-Frankfurt-133056_800x450.jpg?fit=800%2C450&ssl=1&resize=350%2C200","width":350,"height":200,"srcset":"https:\/\/i0.wp.com\/www.freidenker.org\/fw17\/wp-content\/uploads\/2026\/04\/OM26-Frankfurt-133056_800x450.jpg?fit=800%2C450&ssl=1&resize=350%2C200 1x, https:\/\/i0.wp.com\/www.freidenker.org\/fw17\/wp-content\/uploads\/2026\/04\/OM26-Frankfurt-133056_800x450.jpg?fit=800%2C450&ssl=1&resize=525%2C300 1.5x, https:\/\/i0.wp.com\/www.freidenker.org\/fw17\/wp-content\/uploads\/2026\/04\/OM26-Frankfurt-133056_800x450.jpg?fit=800%2C450&ssl=1&resize=700%2C400 2x"},"classes":[]}],"_links":{"self":[{"href":"https:\/\/www.freidenker.org\/index.php?rest_route=\/wp\/v2\/posts\/20002","targetHints":{"allow":["GET"]}}],"collection":[{"href":"https:\/\/www.freidenker.org\/index.php?rest_route=\/wp\/v2\/posts"}],"about":[{"href":"https:\/\/www.freidenker.org\/index.php?rest_route=\/wp\/v2\/types\/post"}],"author":[{"embeddable":true,"href":"https:\/\/www.freidenker.org\/index.php?rest_route=\/wp\/v2\/users\/3"}],"replies":[{"embeddable":true,"href":"https:\/\/www.freidenker.org\/index.php?rest_route=%2Fwp%2Fv2%2Fcomments&post=20002"}],"version-history":[{"count":0,"href":"https:\/\/www.freidenker.org\/index.php?rest_route=\/wp\/v2\/posts\/20002\/revisions"}],"wp:featuredmedia":[{"embeddable":true,"href":"https:\/\/www.freidenker.org\/index.php?rest_route=\/wp\/v2\/media\/20019"}],"wp:attachment":[{"href":"https:\/\/www.freidenker.org\/index.php?rest_route=%2Fwp%2Fv2%2Fmedia&parent=20002"}],"wp:term":[{"taxonomy":"category","embeddable":true,"href":"https:\/\/www.freidenker.org\/index.php?rest_route=%2Fwp%2Fv2%2Fcategories&post=20002"},{"taxonomy":"post_tag","embeddable":true,"href":"https:\/\/www.freidenker.org\/index.php?rest_route=%2Fwp%2Fv2%2Ftags&post=20002"}],"curies":[{"name":"wp","href":"https:\/\/api.w.org\/{rel}","templated":true}]}}