{"id":19983,"date":"2024-10-03T01:24:33","date_gmt":"2024-10-02T23:24:33","guid":{"rendered":"https:\/\/www.freidenker.org\/?p=19983"},"modified":"2024-11-17T16:03:13","modified_gmt":"2024-11-17T15:03:13","slug":"ddr-synonym-fuer-demokratie-antifaschismus-und-frieden","status":"publish","type":"post","link":"https:\/\/www.freidenker.org\/?p=19983","title":{"rendered":"DDR &#8211; Synonym f\u00fcr Demokratie, Antifaschismus und Frieden"},"content":{"rendered":"<p><em>Wieder einmal fallen Jahrestage und gegenw\u00e4rtige Ereignisse der deutschen Geschichte auf lehrreiche Weise zusammen. So betr\u00fcblich die von den Westm\u00e4chten herbeigef\u00fchrte Deutsche Teilung war \u2014 die sogenannte &#8222;Wiedervereinigung&#8220;, eine v\u00f6lkerrechtswidrige Annexion mit folgender Etablierung eines faktischen westdeutschen Kolonialregimes, war das gr\u00f6\u00dfere Ungl\u00fcck. Nichts beweist das so beredt wie die Tatsache, dass wir am 34. Jahrestag der Liquidierung der Deutschen Demokratischen Republik in Berlin gegen die Vorbereitung des Dritten Weltkriegs demonstrieren. Wir ver\u00f6ffentlichen hier zwei Texte unserer Genossen Anton Latzo und Wolfgang Sch\u00fcrer anl\u00e4sslich der 75. Jahrestage der DDR-Gr\u00fcndung (7. Oktober), beziehungsweise der Einsetzung ersten BRD-Regierung (20. September).<\/em><\/p>\n<p style=\"text-align: right;\"><em>Webredaktion<\/em><\/p>\n<p>\u2192 Link zu: <a href=\"https:\/\/www.freidenker.org\/?p=19899\">Die Bildung der ersten westdeutschen Regierung am 20. September 1949<\/a><\/p>\n<hr \/>\n<h3>DDR &#8211; Synonym f\u00fcr Demokratie, Antifaschismus und Frieden<\/h3>\n<h4>Gedanken zum 75sten<\/h4>\n<p><em>von <strong>Prof. Dr. Anton Latzo<\/strong><\/em><\/p>\n<p>Die DDR wurde am 7. Oktober 1949 als Reaktion auf die vorherige Konstituierung der BRD gegr\u00fcndet.<\/p>\n<p>Diese Vorg\u00e4nge sind nur dann richtig einzuordnen, wenn man mit dem 8. Mai 1945 beginnt. An diesem Tag wurden die Tage des deutschen Faschismus, des wahnsinnigen Traumes vom deutschen Tausendj\u00e4hrigen Reich beendet.<\/p>\n<p>Die Niederlage des deutschen Imperialismus und Militarismus war noch nie in der Geschichte so erdr\u00fcckend, wie 1945. Sein Zusammenbruch hatte alle Bereiche erfasst. Er war geschw\u00e4cht, wie selten zuvor eine herrschende Klasse in der Geschichte.<\/p>\n<p>Der Zusammenbruch des deutschen Imperialismus und Militarismus erfolgte aber infolge des Krieges, durch \u00e4u\u00dfere Faktoren, nicht durch revolution\u00e4re Aktion der Volksmassen. Die antiimperialistischen fortschrittlichen Kr\u00e4fte waren durch die faschistische Herrschaft selbst geschw\u00e4cht.<\/p>\n<p>Als die K\u00e4mpfe zwischen der Sowjetarmee und den faschistischen Kr\u00e4fte in Berlin noch tobten, traf am 30. April 1945 eine Initiativgruppe der KPD unter Leitung von Walter Ulbricht in der Stadt ein, die sich die Aufgabe stellte, die ersten Schritte zur \u00dcberwindung der Kriegsfolgen und zum Aufbau einer antifaschistisch-demokratischen Ordnung einzuleiten.<\/p>\n<p>Am 5. Juni 1945 verk\u00fcndeten die Regierungen der UdSSR, der USA. Gro\u00dfbritanniens und Frankreichs in einer gemeinsamen Deklaration, dass die oberste Gewalt in Deutschland von den Oberbefehlshabern der Streitkr\u00e4fte der vier M\u00e4chte auf Weisung ihrer Regierungen ausge\u00fcbt wird.<\/p>\n<p>Die erste deutsche Partei, die mit einem Programm an die \u00d6ffentlichkeit trat, war die KPD (11. Juni 1945). Darin wurde ihr Programm zur nationalen Wiedergeburt <em>ganz Deutschlands<\/em> als friedliebender und demokratischer Staat dargelegt. Das war ein Programm einer grundlegenden Umw\u00e4lzung und des Aufbaus einer antifaschistisch-demokratischen Ordnung in ganz Deutschland, der Errichtung einer einheitlichen parlamentarisch-demokratischen Republik mit allen demokratischen Rechten und Pflichten, was sowohl den nationalen Interessen als auch dem Potsdamer Abkommen entsprach, das im August 1945 von den Alliierten M\u00e4chten vereinbart wurde.<\/p>\n<p>Der am 15.6.1945 ver\u00f6ffentlichte Aufruf der SPD hat wesentliche \u00dcbereinstimmungen offenbart. Ihre Verwirklichung wurde durch die Schumacher-Gruppe verhindert.<\/p>\n<p>Schon im Fr\u00fchjahr 1945 wurde im Auftrag von Winston Churchill der Plan zur \u201eOperation Unthinkable\u201c zum Einmarsch in die Sowjetunion erarbeitet. Der Angriff sollte am 1. Juli beginnen. Der Plan war zwar irrsinnig, aber er legt Zeugnis vom wahnsinnigen Denken, das bestimmende Kreise der westlichen Alliierten beherrschte und das von Antisowjetismus und Antikommunismus und von Revanche gepr\u00e4gt war. Die Konzentrationslager der Nazis waren noch nicht befreit und man erwog schon, eine deutsche Armee wieder aufzubauen, um gegen die Sowjetunion zu k\u00e4mpfen.!<\/p>\n<p>Diese Grundhaltung bestimmte die Haltung der Westm\u00e4chte und der von den ihnen gest\u00fctzten Vertreter der Interessen des deutschen Kapitals bei der Umsetzung der Nachkriegsbeschl\u00fcsse zur Einheit Deutschlands, zur Herstellung seiner Souver\u00e4nit\u00e4t und zum Abschluss eines Friedensvertrages in den folgenden Jahren und Jahrzehnten. Sie verhinderte die Verwirklichung der Konzeption von Potsdam. Erst 40 Jahre sp\u00e4ter fand sich ein Bundespr\u00e4sident, der formulierte: \u201eDer 8. Mai (1945) war ein Tag der Befreiung\u201c!<\/p>\n<p>Die Revanche, das \u201eRoll back\u201c bestimmten die Haltung der Westm\u00e4chte ebenso wie die des deutschen Kapitals. Die damit verbundenen Ziele dienten als Leitfaden f\u00fcr ihre Politik, die zur Spaltung Deutschlands und zur Gr\u00fcndung der Bundesrepublik Deutschland f\u00fchrte.<\/p>\n<h5>Die Alternative<\/h5>\n<p>Die DDR ist als Alternative zu dieser den Frieden und sogar die Existenz der Menschheit gef\u00e4hrdenden Politik entstanden.<\/p>\n<p>Je\u00a0 mehr Zeit seit der Zerschlagung der DDR mit ihrer gleichzeitigen Einverleibung in die BRD vergeht, um so deutlicher wird die historische Bedeutung der DDR und ihres Wirkens f\u00fcr eine sozialistische Gesellschaft und f\u00fcr eine Welt des Friedens und der Zusammenarbeit zum gegenseitigen Vorteil..<\/p>\n<p>Angesichts des krisengesch\u00fcttelten kapitalistischen Systems und der damit zunehmenden \u00f6konomischen, sozialen und politischen Widerspr\u00fcchen in und zwischen den kapitalistischen M\u00e4chten, des schwindenden Einflusses der regierenden Parteien, der intensivierten Militarisierung des politischen und gesellschaftlichen Lebens und der verst\u00e4rkten Durchsetzung der Ziele des Kapitals im Inneren und auch international mit Mitteln der Gewalt, einschlie\u00dflich der milit\u00e4rischen Gewalt,\u00a0 gewinnen die Erfahrungen der DDR zunehmend an Bedeutung.<\/p>\n<h5>Demokratie<\/h5>\n<p>Die DDR ist entstanden als eine Gemeinschaft gleichberechtigter B\u00fcrger zum Zwecke der Erm\u00f6glichung der besten Lebensf\u00fchrung des Menschen in Frieden und Sicherheit f\u00fcr alle V\u00f6lker und ihren Staaten. Sie war ein sozialer Staat und ein demokratischer.<\/p>\n<p>Sie war sozial, aber, im Unterschied zur BRD, nicht durch die Zugest\u00e4ndnisse und Almosen der Besitzenden, sondern von ihrem Wesen her. Das war der Sinn ihrer Gr\u00fcndung, ihrer Existenz und ihres nationalen und internationalen Wirkens. Und deshalb war sie auch ein Friedensstaat, von dem niemals die Gefahr bzw. ein tats\u00e4chlicher Krieg ausging.<\/p>\n<p>Sie war demokratisch, aber nicht im Rahmen der von den tats\u00e4chlich herrschenden Milliard\u00e4ren und Million\u00e4ren zugestandenen Auslegung von Freiheit und Demokratie. Es gibt keine Demokratie schlechthin, eine Demokratie f\u00fcr alle Zeiten. Auch Demokratie ist immer konkret und wird immer durch das jeweilige Adjektiv\u00a0 definiert \u2013 also kapitalistische oder sozialistische Demokratie.<\/p>\n<p>Es gibt keine \u201ewestliche\u201c oder \u00f6stliche Demokratie. Nicht nur die Beseitigung der DDR, sondern auch das Beispiel Chiles und sp\u00e4ter die Zerschlagung der UdSSR und des Sozialismus in anderen europ\u00e4ischen Staaten haben das gezeigt. In Chile hat man versucht, die reale staatliche Existenz von Sozialismus mit der b\u00fcrgerlichen Demokratie zu verbinden. Der Imperialismus, besonders der der USA, bediente sich ihrer, um den chilenischen Sozialismus zu zerschlagen &#8211; ebenso wie sp\u00e4ter in der Sowjetunion und in Osteuropa!<\/p>\n<p>Das zeigt: sozialistische Demokratie geht von da aus, wo sie im Kapitalismus gar nichts zu suchen hat, n\u00e4mlich am Arbeitsplatz. Und von da aus kann sie stabil erweitert werden. Dazu braucht man ein gro\u00dfes Ma\u00df an Wissen, Gemeinsamkeit und bewusster Solidarit\u00e4t, ebenso an Kritik des Imperialismus, des \u00fcberkommenen b\u00fcrgerlichen Denkens und Verhaltens.<\/p>\n<p>In den westlichen Besatzungszonen und dann in der BRD ging es aber immer darum, Sicherheit und Profit f\u00fcr die Monopole zu schaffen und zu sichern. Sie schufen sich den Staat und eine solche Demokratie, die als Instrument dazu geeignet waren \u2013 und nannten sie Freiheit und westliche Demokratie. In Wirklichkeit schufen sie ein Instrument, das als \u201ePfahl im Fleisch der DDR\u201c und des Sozialismus eingesetzt wurde!<\/p>\n<h5>Antifaschismus<\/h5>\n<p>Der Geburt des ersten Arbeiter- und Bauernstaates ging eine ereignisreiche umw\u00e4lzende Entwicklung in den Jahren 1945 bis 1949 voraus. Der im Kampf gegen den Faschismus entwickelte Antifaschismus wurde &#8211; nach der Befreiung &#8211; im Prozess der antifaschistisch-demokratischen Umw\u00e4lzung umgesetzt und weiter bereichert.<\/p>\n<p>Er wurde zu einem kl\u00e4renden und verbindenden Faktor bei der Herstellung der Einheit der deutschen Arbeiterparteien, der Gr\u00fcndung der Sozialistischen Einheitspartei Deutschlands (SED)\u00a0 und bei der Gestaltung ihrer B\u00fcndnispolitik.<\/p>\n<p>Der Antifaschismus wurde zum konstitutiven und konstituierenden Faktor, zu einem Faktor von entscheidender Bedeutung f\u00fcr die Gr\u00fcndung der Deutschen Demokratischen Republik (DDR)\u00a0 als Antwort auf die Restauration- und Spaltungspolitik der deutschen Monopole, die von den westlichen Alliierten aktiv gest\u00fctzt und gef\u00f6rdert wurde.<\/p>\n<p>Er wurde ebenso zur Motivation und zum Leitfaden f\u00fcr die Entwicklung und Umsetzung der Innen- und Au\u00dfenpolitik der DDR in den folgenden Jahrzehnten.<\/p>\n<p>Sowohl die historischen Erfahrungen als auch die konkreten Bedingungen und Erfordernisse in ganz Deutschland, mit denen die Politik der DDR konfrontiert war, haben gezeigt, dass die Wirksamkeit des Antifaschismus davon abh\u00e4ngig ist, ob die Handlungen zu seiner Verwirklichung bewusst vom Zusammenhang zwischen Monopolkapital und Faschismus, zwischen Imperialismus und Faschismus ausgehen.<\/p>\n<p>Die antifaschistisch-demokratischen Kr\u00e4fte und die Regierungen der DDR lie\u00dfen sich davon leiten, dass die von den Faschisten erzielten Ergebnisse durch die T\u00e4uschung\u00a0 der Massen m\u00f6glich wurden. Die Faschisten t\u00e4uschten eine Opposition gegen die Ausw\u00fcchse des Kapitalismus vor und gaben sich demagogisch als Interessenvertreter des Mittelstandes, der Bauern und Arbeiter aus. Die Verf\u00e4lschung der Wirklichkeit erf\u00fcllte schon damals ihren politischen Zweck.<\/p>\n<p>Davon ausgehend sahen die Antifaschisten eine st\u00e4ndige Aufgabe darin, die Menschen dar\u00fcber aufzukl\u00e4ren, dass der Faschismus keine auf die Zeit vor 1945, also der Vergangenheit angeh\u00f6rende politische Bewegung ist. Es ging darum, nicht nur das Ausma\u00df der begangenen Verbrechen vor Augen zu f\u00fchren, sondern den Charakter, das Wesen des Faschismus zu verdeutlichen. Es ging darum, aufzukl\u00e4ren, wessen Instrument der Faschismus war..<\/p>\n<p>Auf dieser Grundlage wurde der Antifaschismus und der Antiimperialismus als zusammen geh\u00f6rende Erscheinungen, als objektiv existierende Einheit betrachtet.<\/p>\n<p>Die Umsetzung dieser Betrachtungsweise in konkrete Politik im Prozess der Gr\u00fcndung der DDR und in ihrer Politik danach fand zunehmend weltweite Anerkennung und ist ein wichtiger Grund f\u00fcr die internationale Anerkennung f\u00fcr die Innen- und Au\u00dfenpolitik der DDR.<\/p>\n<h5>Frieden<\/h5>\n<p>Die Einheit zwischen Antifaschismus und Antiimperialismus war Grundlage nicht nur der Innenpolitik, sondern auch der Au\u00dfenpolitik der DDR, die vom Streben nach Frieden und gleichberechtigter Zusammenarbeit der V\u00f6lker und Staaten zum gegenseitigen Vorteil gekennzeichnet war.<\/p>\n<p>Die DDR ber\u00fccksichtigte die Erkenntnis von Marx: \u201eDie V\u00f6lker aneinander zu hetzen, das eine zur Unterdr\u00fcckung des anderen zu benutzen und so f\u00fcr die Fortdauer\u00a0 der absoluten Herrschermacht zu sorgen \u2013 das war die Kunst und das Werk der bisherigen Gewalthaber und ihrer Diplomatie.\u201c<\/p>\n<p>Mit der Politik der Restauration in den westlichen Besatzungszonen und mit der diesem Zweck dienenden\u00a0 Gr\u00fcndung der BRD haben die westlichen Alliierten und die Herren des deutschen Kapitals bewiesen, dass dies nicht nur Vergangenheit war. Es wurde erneut ein deutscher Staat der Monopole geschaffen, der ihre \u00f6konomischen und politischen Interessen in seiner Innen- und Au\u00dfenpolitik zu verwirklichen hatte.<\/p>\n<p>Angesichts des antisowjetischen und antisozialistischen Kurses der westlichen Alliierten und ihres offenen und verdeckten Zusammenwirkens mit den auf Restauration und Militarisierung setzenden Kreise der BRD verst\u00e4rkte sich f\u00fcr die DDR auch die Notwendigkeit, eine selbst\u00e4ndige Au\u00dfenpolitik zu entwickeln, die erstmalig \u201e\u2026 im allgemeinen Kampf f\u00fcr die<em> Emanzipation der Arbeiterklasse\u201c<\/em> eingeschlossen ist, \u201ederen int<em>e<\/em>rnat<em>i<\/em>o<em>na<\/em>les Prinz<em>ip <\/em>der<em> Frieden <\/em>sein wird, weil bei jeder Nation dasselbe Prinzip herrscht, die <em>Arbeit\u201c (Marx).<\/em><\/p>\n<p>Mit der Beseitigung der Grundlagen des Imperialismus und Militarismus auf dem Gebiet der DDR wurden die Voraussetzungen f\u00fcr eine neue deutsche Au\u00dfenpolitik geschaffen. Sowohl die Verfassung der DDR von 1949 als auch die von 1968, letztere wurde durch Volksentscheid angenommen, verankerten die Friedenspolitik als staatsrechtlichen Grundsatz. Die Au\u00dfenpolitik der DDR war ausdr\u00fccklich darauf ausgerichtet, alles zu tun, um den Krieg zur Durchsetzung politischer Ziele auszuschlie\u00dfen. W\u00e4hrend ihrer gesamten Existenz ist sie diesem Grundanliegen treu geblieben und hat nachgewiesen, dass der Frieden zum Wesen des Sozialismus\u00a0 geh\u00f6rt.<\/p>\n<p>Dabei war sie jahrelang mit einer offenen Grenze zur BRD und zu Westberlin konfrontiert, die durch die BRD und ihren Verb\u00fcndeten in den USA \/NATO im Kampf gegen den Sozialismus st\u00e4ndig f\u00fcr Provokationen missbraucht wurde, die nicht nur eine Gefahr f\u00fcr die DDR darstellten, sondern zugleich die gesamte europ\u00e4ische Nachkriegsordnung in Frage stellten.<\/p>\n<p>Dazu geh\u00f6rten massive, auf die Beseitigung der DDR gerichtete \u00f6konomische Embargoma\u00dfnahmen (Stahl\/R\u00f6hren)\u00a0 und politische und handelspolitische St\u00f6raktionen, massive Abwerbung von qualifizierten Arbeitskr\u00e4ften durch die BRD-Regierung. Hinzu kamen Anti-DDR-Kampagnen der westlichen Medien. Westberlin wurde systematisch zu einem Zentrum der Diversion und Spionage gegen die DDR und die anderen Staaten des Warschauer Vertrages ausgebaut.<\/p>\n<p>Es ging um Existenz und Selbstbehauptung der DDR, aber auch um die Stabilit\u00e4t der Entwicklungsbedingungen in den anderen sozialistischen Staaten und nicht zuletzt um die europ\u00e4ische Ordnung. Es ging immer um die Frage von Krieg und Frieden!<\/p>\n<p>Diese und viele gleichartige Vorg\u00e4nge werden durch die Politik, aber auch durch die Medien und in publizistischen und analytischen Arbeiten leider ausgeblendet oder verf\u00e4lscht. Sie geh\u00f6ren aber dazu, wenn man eine gerechte Beurteilung der DDR und ihrer Politik vornehmen will. Besonders wichtig ist ihre Ber\u00fccksichtigung durch die Anh\u00e4nger der Friedensbewegungen in ihren Bem\u00fchungen um historische Wahrheit und Klarheit, um realistische Orientierung.<\/p>\n<p style=\"text-align: right;\"><em>Prof. Dr. Anton Latzo ist Historiker und Mitglied des Beirats des Deutschen Freidenker-Verbandes<\/em><\/p>\n<hr \/>\n<p><span style=\"font-size: 10pt;\">Bild oben: <span class=\"mw-mmv-title\">Fackelzug am 11.10.1949 in Berlin anl\u00e4sslich der Gr\u00fcndung der DDR am 7.10.1949 <\/span><\/span><br \/>\n<span style=\"font-size: 10pt;\">Foto: <span class=\"mw-mmv-title\">ADN-ZB\/Z\u00fchlsdorf &#8211; <\/span>Bundesarchiv, Bild 183-S88796, <a href=\"https:\/\/creativecommons.org\/licenses\/by-sa\/3.0\/de\/deed.en\" target=\"_blank\" rel=\"noopener\">CC BY-SA 3.0 de<\/a><\/span><br \/>\n<span style=\"font-size: 10pt;\">Quelle: <a href=\"https:\/\/commons.wikimedia.org\/w\/index.php?curid=5369671\" target=\"_blank\" rel=\"noopener\">https:\/\/commons.wikimedia.org\/w\/index.php?curid=5369671<\/a><\/span><\/p>\n<p>&nbsp;<\/p>\n","protected":false},"excerpt":{"rendered":"<p><b>Beitrag von Prof. Dr. Anton Latzo<\/b><br \/>\nDie DDR wurde am 7. Oktober 1949 als Reaktion auf die vorherige Konstituierung der BRD gegr\u00fcndet. Diese Vorg\u00e4nge sind nur dann richtig einzuordnen, wenn man mit dem 8. Mai 1945 beginnt. An diesem Tag wurden die Tage des deutschen Faschismus, des wahnsinnigen Traumes vom deutschen Tausendj\u00e4hrigen Reich beendet. Die Niederlage des deutschen Imperialismus und Militarismus war noch nie in der Geschichte so erdr\u00fcckend, wie 1945. Sein Zusammenbruch hatte alle Bereiche erfasst. Er war geschw\u00e4cht, wie selten zuvor eine herrschende Klasse in der Geschichte. Der Zusammenbruch des deutschen Imperialismus und Militarismus erfolgte aber infolge des Krieges, durch \u00e4u\u00dfere Faktoren, nicht durch revolution\u00e4re Aktion der Volksmassen. Die antiimperialistischen fortschrittlichen Kr\u00e4fte waren durch die faschistische Herrschaft selbst geschw\u00e4cht.<\/p>\n","protected":false},"author":3,"featured_media":19984,"comment_status":"closed","ping_status":"closed","sticky":false,"template":"","format":"standard","meta":{"colormag_page_container_layout":"default_layout","colormag_page_sidebar_layout":"default_layout","advanced_seo_description":"","jetpack_seo_html_title":"","jetpack_seo_noindex":false,"jetpack_post_was_ever_published":false,"footnotes":""},"categories":[1162],"tags":[370,455,454,162,451,335,404,1265,430,564,717,1845],"class_list":["post-19983","post","type-post","status-publish","format-standard","has-post-thumbnail","hentry","category-geschichte","tag-antifaschismus","tag-brd","tag-ddr","tag-demokratie","tag-faschismus","tag-frieden","tag-imperialismus","tag-militarismus","tag-sowjetunion","tag-sozialismus","tag-wahrheit","tag-zusammenarbeit"],"jetpack_featured_media_url":"https:\/\/i0.wp.com\/www.freidenker.org\/fw17\/wp-content\/uploads\/2024\/10\/Bundesarchiv_Bild_183-S88796_Berlin_Fackelzug_zur_Gruendung_der_DDR_800x450.jpg?fit=800%2C450&ssl=1","jetpack_shortlink":"https:\/\/wp.me\/p9stpK-5cj","jetpack-related-posts":[{"id":19899,"url":"https:\/\/www.freidenker.org\/?p=19899","url_meta":{"origin":19983,"position":0},"title":"Die Bildung der ersten westdeutschen Regierung am 20. September 1949","author":"Webredaktion","date":"3. Oktober 2024","format":false,"excerpt":"Historischer \u00dcberblick von Wolfgang Sch\u00fcrer Am 05. Juni 1945 erkl\u00e4rten die Sowjetunion (SU), die Vereinigten Staaten (US), das Vereinigte K\u00f6nigreich (UK) und Frankreich (FR) die gemeinsame \u00dcbernahme der Souver\u00e4nit\u00e4t \u00fcber Deutschland (DE). DE wurde in 4 Zonen eingeteilt, in jeder Zone hatte eine der 4 Besatzungsm\u00e4chte die Hoheit. Berlin, in\u2026","rel":"","context":"In &quot;Geschichte&quot;","block_context":{"text":"Geschichte","link":"https:\/\/www.freidenker.org\/?cat=1162"},"img":{"alt_text":"","src":"https:\/\/i0.wp.com\/www.freidenker.org\/fw17\/wp-content\/uploads\/2024\/09\/Bundesarchiv_B_145_Bild-F006929-0004_Bundeskanzler_Adenauer_mit_Theodor_Heuss_800x450.jpg?fit=800%2C450&ssl=1&resize=350%2C200","width":350,"height":200,"srcset":"https:\/\/i0.wp.com\/www.freidenker.org\/fw17\/wp-content\/uploads\/2024\/09\/Bundesarchiv_B_145_Bild-F006929-0004_Bundeskanzler_Adenauer_mit_Theodor_Heuss_800x450.jpg?fit=800%2C450&ssl=1&resize=350%2C200 1x, https:\/\/i0.wp.com\/www.freidenker.org\/fw17\/wp-content\/uploads\/2024\/09\/Bundesarchiv_B_145_Bild-F006929-0004_Bundeskanzler_Adenauer_mit_Theodor_Heuss_800x450.jpg?fit=800%2C450&ssl=1&resize=525%2C300 1.5x, https:\/\/i0.wp.com\/www.freidenker.org\/fw17\/wp-content\/uploads\/2024\/09\/Bundesarchiv_B_145_Bild-F006929-0004_Bundeskanzler_Adenauer_mit_Theodor_Heuss_800x450.jpg?fit=800%2C450&ssl=1&resize=700%2C400 2x"},"classes":[]},{"id":7009,"url":"https:\/\/www.freidenker.org\/?p=7009","url_meta":{"origin":19983,"position":1},"title":"Was war und was bleibt","author":"Webredaktion","date":"19. September 2019","format":false,"excerpt":"Beitrag von Egon Krenz aus FREIDENKER 3-19 Als Heranwachsender habe ich noch Plakate der Nazis gesehen, auf denen Russen mit einem Messer im Mund als Untermenschen gezeigt wurden. ... Wenn 1990 das Verst\u00e4ndnis vieler Russen f\u00fcr die deutsche Einheit vorhanden war, dann auch deshalb, weil die DDR das Wort \u201eDeutscher\u201c\u2026","rel":"","context":"In &quot;Frieden - Antifaschismus - Solidarit\u00e4t&quot;","block_context":{"text":"Frieden - Antifaschismus - Solidarit\u00e4t","link":"https:\/\/www.freidenker.org\/?cat=13"},"img":{"alt_text":"","src":"https:\/\/i0.wp.com\/www.freidenker.org\/fw17\/wp-content\/uploads\/2019\/09\/egon_krenz_325704007_800x445.jpg?fit=800%2C445&ssl=1&resize=350%2C200","width":350,"height":200,"srcset":"https:\/\/i0.wp.com\/www.freidenker.org\/fw17\/wp-content\/uploads\/2019\/09\/egon_krenz_325704007_800x445.jpg?fit=800%2C445&ssl=1&resize=350%2C200 1x, https:\/\/i0.wp.com\/www.freidenker.org\/fw17\/wp-content\/uploads\/2019\/09\/egon_krenz_325704007_800x445.jpg?fit=800%2C445&ssl=1&resize=525%2C300 1.5x, https:\/\/i0.wp.com\/www.freidenker.org\/fw17\/wp-content\/uploads\/2019\/09\/egon_krenz_325704007_800x445.jpg?fit=800%2C445&ssl=1&resize=700%2C400 2x"},"classes":[]},{"id":11062,"url":"https:\/\/www.freidenker.org\/?p=11062","url_meta":{"origin":19983,"position":2},"title":"Ein Beitrag zur Friedensicherung","author":"Webredaktion","date":"16. August 2021","format":false,"excerpt":"Beitrag von Prof. Dr. Anton Latzo Die historische Wahrheit ist nicht nur Grundlage und Bestandteil der allgemeinen Kultur des Menschen. Sie sollte auch als Lernstoff f\u00fcr ein verantwortungsvolles Verhalten der Menschen und besonders der Politiker bei der Gestaltung friedlicher Lebensbedingungen sein. Das Wissen um die tats\u00e4chlichen Vorg\u00e4nge, die zu den\u2026","rel":"","context":"In &quot;Frieden - Antifaschismus - Solidarit\u00e4t&quot;","block_context":{"text":"Frieden - Antifaschismus - Solidarit\u00e4t","link":"https:\/\/www.freidenker.org\/?cat=13"},"img":{"alt_text":"","src":"https:\/\/i0.wp.com\/www.freidenker.org\/fw17\/wp-content\/uploads\/2021\/08\/Berlin_Brandenburger_Tor_1961_800x450.jpg?fit=800%2C450&ssl=1&resize=350%2C200","width":350,"height":200,"srcset":"https:\/\/i0.wp.com\/www.freidenker.org\/fw17\/wp-content\/uploads\/2021\/08\/Berlin_Brandenburger_Tor_1961_800x450.jpg?fit=800%2C450&ssl=1&resize=350%2C200 1x, https:\/\/i0.wp.com\/www.freidenker.org\/fw17\/wp-content\/uploads\/2021\/08\/Berlin_Brandenburger_Tor_1961_800x450.jpg?fit=800%2C450&ssl=1&resize=525%2C300 1.5x, https:\/\/i0.wp.com\/www.freidenker.org\/fw17\/wp-content\/uploads\/2021\/08\/Berlin_Brandenburger_Tor_1961_800x450.jpg?fit=800%2C450&ssl=1&resize=700%2C400 2x"},"classes":[]},{"id":22258,"url":"https:\/\/www.freidenker.org\/?p=22258","url_meta":{"origin":19983,"position":3},"title":"Von der DDR bis heute \u2013 \u00fcber die Pflege Jahrzehnte w\u00e4hrender deutsch-russischer Freundschaften","author":"Webredaktion","date":"30. Juni 2025","format":false,"excerpt":"Interview von Felicitas Rabe mit Hans Bauer Am 22. Juni um 4 Uhr morgens trafen sich die Freunde Russlands am Sowjetischen Ehrenmal Berlin-Treptower Park zu einem stillen Gedenken. Anl\u00e4sslich des 84. Jahrestages des deutschen \u00dcberfalls auf die Sowjetunion hatte die Gesellschaft f\u00fcr \"Deutsch-Russische- Freundschaft\" im Morgengrauen zu dieser Veranstaltung eingeladen.\u2026","rel":"","context":"In &quot;Frieden - Antifaschismus - Solidarit\u00e4t&quot;","block_context":{"text":"Frieden - Antifaschismus - Solidarit\u00e4t","link":"https:\/\/www.freidenker.org\/?cat=13"},"img":{"alt_text":"","src":"https:\/\/i0.wp.com\/www.freidenker.org\/fw17\/wp-content\/uploads\/2025\/06\/gedenken_ueberfall_treptower_park_2025_800x450.jpg?fit=800%2C450&ssl=1&resize=350%2C200","width":350,"height":200,"srcset":"https:\/\/i0.wp.com\/www.freidenker.org\/fw17\/wp-content\/uploads\/2025\/06\/gedenken_ueberfall_treptower_park_2025_800x450.jpg?fit=800%2C450&ssl=1&resize=350%2C200 1x, https:\/\/i0.wp.com\/www.freidenker.org\/fw17\/wp-content\/uploads\/2025\/06\/gedenken_ueberfall_treptower_park_2025_800x450.jpg?fit=800%2C450&ssl=1&resize=525%2C300 1.5x, https:\/\/i0.wp.com\/www.freidenker.org\/fw17\/wp-content\/uploads\/2025\/06\/gedenken_ueberfall_treptower_park_2025_800x450.jpg?fit=800%2C450&ssl=1&resize=700%2C400 2x"},"classes":[]},{"id":3244,"url":"https:\/\/www.freidenker.org\/?p=3244","url_meta":{"origin":19983,"position":4},"title":"Mit Ernst Th\u00e4lmann verteidigen wir den Antifaschismus","author":"Webredaktion","date":"19. April 2009","format":false,"excerpt":"Rede von Klaus Hartmann in Ziegenhals bei Berlin am 19. April 2009 Wir sind zusammengekommen, um des 123. Geburtstages von Ernst Th\u00e4lmann am 16. April zu gedenken. Wir ehren das Andenken, das Leben und das Lebenswerk dieses gro\u00dfen deutschen Arbeiterf\u00fchrers und Antifaschisten. Gegen den Zeitgeist, also den Geist der Herrschenden,\u2026","rel":"","context":"In &quot;Frieden - Antifaschismus - Solidarit\u00e4t&quot;","block_context":{"text":"Frieden - Antifaschismus - Solidarit\u00e4t","link":"https:\/\/www.freidenker.org\/?cat=13"},"img":{"alt_text":"","src":"https:\/\/i0.wp.com\/www.freidenker.org\/fw17\/wp-content\/uploads\/2009\/04\/10-2016-07-03-1-0599_800x445.jpg?fit=800%2C445&ssl=1&resize=350%2C200","width":350,"height":200,"srcset":"https:\/\/i0.wp.com\/www.freidenker.org\/fw17\/wp-content\/uploads\/2009\/04\/10-2016-07-03-1-0599_800x445.jpg?fit=800%2C445&ssl=1&resize=350%2C200 1x, https:\/\/i0.wp.com\/www.freidenker.org\/fw17\/wp-content\/uploads\/2009\/04\/10-2016-07-03-1-0599_800x445.jpg?fit=800%2C445&ssl=1&resize=525%2C300 1.5x, https:\/\/i0.wp.com\/www.freidenker.org\/fw17\/wp-content\/uploads\/2009\/04\/10-2016-07-03-1-0599_800x445.jpg?fit=800%2C445&ssl=1&resize=700%2C400 2x"},"classes":[]},{"id":9915,"url":"https:\/\/www.freidenker.org\/?p=9915","url_meta":{"origin":19983,"position":5},"title":"Kundgebungen zum 135. Geburtstag von Ernst Th\u00e4lmann","author":"Webredaktion","date":"21. April 2021","format":false,"excerpt":"Anl\u00e4sslich des 135. Geburtstages von Ernst Th\u00e4lmann fanden am 17. und 18. April 2021 Kundgebungen am Ernst-Th\u00e4lmann-Denkmal in Berlin sowie vor dem Gel\u00e4nde der gesch\u00e4ndeten und zerst\u00f6rten Ernst-Th\u00e4lmann-Gedenkst\u00e4tte in Ziegenhals statt. Auf der Kundgebung am 17. April in Berlin sprach Hans Bauer, Vorsitzender der Gesellschaft zur Rechtlichen und Humanit\u00e4ren Unterst\u00fctzung\u2026","rel":"","context":"In &quot;Frieden - Antifaschismus - Solidarit\u00e4t&quot;","block_context":{"text":"Frieden - Antifaschismus - Solidarit\u00e4t","link":"https:\/\/www.freidenker.org\/?cat=13"},"img":{"alt_text":"","src":"https:\/\/i0.wp.com\/www.freidenker.org\/fw17\/wp-content\/uploads\/2021\/04\/thaelmann_2021_800x450_v3.jpg?fit=800%2C450&ssl=1&resize=350%2C200","width":350,"height":200,"srcset":"https:\/\/i0.wp.com\/www.freidenker.org\/fw17\/wp-content\/uploads\/2021\/04\/thaelmann_2021_800x450_v3.jpg?fit=800%2C450&ssl=1&resize=350%2C200 1x, https:\/\/i0.wp.com\/www.freidenker.org\/fw17\/wp-content\/uploads\/2021\/04\/thaelmann_2021_800x450_v3.jpg?fit=800%2C450&ssl=1&resize=525%2C300 1.5x, https:\/\/i0.wp.com\/www.freidenker.org\/fw17\/wp-content\/uploads\/2021\/04\/thaelmann_2021_800x450_v3.jpg?fit=800%2C450&ssl=1&resize=700%2C400 2x"},"classes":[]}],"_links":{"self":[{"href":"https:\/\/www.freidenker.org\/index.php?rest_route=\/wp\/v2\/posts\/19983","targetHints":{"allow":["GET"]}}],"collection":[{"href":"https:\/\/www.freidenker.org\/index.php?rest_route=\/wp\/v2\/posts"}],"about":[{"href":"https:\/\/www.freidenker.org\/index.php?rest_route=\/wp\/v2\/types\/post"}],"author":[{"embeddable":true,"href":"https:\/\/www.freidenker.org\/index.php?rest_route=\/wp\/v2\/users\/3"}],"replies":[{"embeddable":true,"href":"https:\/\/www.freidenker.org\/index.php?rest_route=%2Fwp%2Fv2%2Fcomments&post=19983"}],"version-history":[{"count":0,"href":"https:\/\/www.freidenker.org\/index.php?rest_route=\/wp\/v2\/posts\/19983\/revisions"}],"wp:featuredmedia":[{"embeddable":true,"href":"https:\/\/www.freidenker.org\/index.php?rest_route=\/wp\/v2\/media\/19984"}],"wp:attachment":[{"href":"https:\/\/www.freidenker.org\/index.php?rest_route=%2Fwp%2Fv2%2Fmedia&parent=19983"}],"wp:term":[{"taxonomy":"category","embeddable":true,"href":"https:\/\/www.freidenker.org\/index.php?rest_route=%2Fwp%2Fv2%2Fcategories&post=19983"},{"taxonomy":"post_tag","embeddable":true,"href":"https:\/\/www.freidenker.org\/index.php?rest_route=%2Fwp%2Fv2%2Ftags&post=19983"}],"curies":[{"name":"wp","href":"https:\/\/api.w.org\/{rel}","templated":true}]}}