{"id":19927,"date":"2024-09-27T23:17:08","date_gmt":"2024-09-27T21:17:08","guid":{"rendered":"https:\/\/www.freidenker.org\/?p=19927"},"modified":"2025-09-25T22:46:37","modified_gmt":"2025-09-25T20:46:37","slug":"freidenker-3-24-extra-deindustrialisierung","status":"publish","type":"post","link":"https:\/\/www.freidenker.org\/?p=19927","title":{"rendered":"FREIDENKER 3-24 EXTRA \u2013 Deindustrialisierung"},"content":{"rendered":"<p>FREIDENKER Nr. 3-24, EXTRA\u00a0 September 2024, 83. Jahrgang<\/p>\n<h4>Deindustrialisierung<\/h4>\n<p>Dieses Heft enth\u00e4lt die Redebeitr\u00e4ge der Konferenz des Deutschen Freidenker-Verbandes \u201eDeindustrialisierung \u201c vom 20. April 2024 in Retgendorf bei Schwerin<\/p>\n<p>&nbsp;<\/p>\n<p><strong>Editorial<\/strong><\/p>\n<p>Liebe Leserin, lieber Leser,<\/p>\n<p>in diesem Heft sind die Beitr\u00e4ge zur Konfe\u00adrenz \u00fcber \u201eDeindustrialisierung\u201c versammelt, die wir mit Unterst\u00fctzung des Ostdeutschen Kuratoriums von Verb\u00e4nden am 20.04.2024 in Retgendorf bei Schwerin durchgef\u00fchrt ha\u00adben. Als wir gut ein Jahr vorher die Konfe\u00adrenz-Idee beraten hatten, war das Wort von der Deindustrialisierung noch verp\u00f6nt, als \u201eStoff f\u00fcr Verschw\u00f6rungsgl\u00e4ubige\u201c, \u201eQuer\u00addenker\u201c und \u201eneue Staatsfeinde.\u201c Heute ist die Entwicklung in allen Talkshows und Stellungnahmen von Unternehmerverb\u00e4nden unbestritten. Ende 2023 gab der t\u00f6lpelhafte Insolvenzminister zu Protokoll, wir k\u00e4men \u201elangsamer aus der Krise heraus als gedacht\u201c (das Wort \u201egedacht\u201c aus seinem Munde \u2013 ein\u00adfach k\u00f6stlich!), und f\u00fcr 2024 \u201eerwartete\u201c er 1,4% Wachstum \u2013 daraus wurden erst 0,4% und real 0,0%. Zu den vielen in den Beitr\u00e4gen genannten Daten nur noch diese: Im ersten Halbjahr 2024 stieg die Zahl der Konkurse auf 8.019, das sind 29,5% mehr als im Vorjah\u00adreszeitraum.<\/p>\n<p>Das sind Ergebnisse eines Politikmix aus Inkompetenz, Knechtsgeist gegen\u00fcber den USA, pathologischem Russenhass und einer gr\u00fcn angestrichenen posthumanen Agenda.<\/p>\n<p>Echt aufw\u00e4rts geht es nur bei der Kriegs\u00adt\u00fcchtigkeit: Auf 53,5 Milliarden steigt der \u201eoffizielle\u201c R\u00fcstungshaushalt, dazu kommen 22 Mrd. aus den Kriegskrediten. Sind diese bis 2028 verbraten, steigen die Kriegsausgaben auf irrwitzige 80 Mrd. Euro. Ohne Bundes\u00adtagsvotum, geschweige denn \u00f6ffentliche Dis\u00adkussion, verk\u00fcndeten Scholz und Baerbock beim NATO-Gipfel in Washington den \u201eBe\u00adschluss\u201c zur Stationierung neuer US-Raketen in Deutschland ab 2026, die bis zur K\u00fcndi\u00adgung des INF-Vertrags durch die USA ver\u00adboten waren. Dazu z\u00e4hlt die Hyperschallrake\u00adte \u201eDark Eagle\u201c mit einer Flugzeit von 10 Mi\u00adnuten bis Moskau, von der Nord-Ukraine nur 5 Minuten \u2013 eine typische Erstschlagwaffe. Sie macht Deutschland zum potenziellen Ziel eines Gegenschlages. Dagegen muss Protest auf die Stra\u00dfe getragen werden: Keine Zu\u00adstimmung zur Stationierung und NATO raus \u2013 aus der Ukraine und aus Deutschland!<\/p>\n<p style=\"text-align: right;\"><em>Herzlichst Sebastian Bahlo<\/em><\/p>\n<p>Inhalt:<\/p>\n<p><strong>Thema<\/strong><\/p>\n<ul>\n<li>Klaus Hartmann<br \/>\nDie Ideologie der Produktivkraftvernichtung<\/li>\n<li>Manfred Sohn<br \/>\n<a href=\"https:\/\/www.freidenker.org\/?p=19951\">Der Abstieg von \u201eMade in Germany\u201c \u2013 Aspekte der Deindustrialisierung des imperialistischen Deutschlands<\/a><br \/>\n(<img data-recalc-dims=\"1\" loading=\"lazy\" decoding=\"async\" data-attachment-id=\"1072\" data-permalink=\"https:\/\/www.freidenker.org\/?attachment_id=1072\" data-orig-file=\"https:\/\/i0.wp.com\/www.freidenker.org\/fw17\/wp-content\/uploads\/2017\/10\/pdf_icon-e1509487447542.png?fit=16%2C16&amp;ssl=1\" data-orig-size=\"16,16\" data-comments-opened=\"0\" data-image-meta=\"{&quot;aperture&quot;:&quot;0&quot;,&quot;credit&quot;:&quot;&quot;,&quot;camera&quot;:&quot;&quot;,&quot;caption&quot;:&quot;&quot;,&quot;created_timestamp&quot;:&quot;0&quot;,&quot;copyright&quot;:&quot;&quot;,&quot;focal_length&quot;:&quot;0&quot;,&quot;iso&quot;:&quot;0&quot;,&quot;shutter_speed&quot;:&quot;0&quot;,&quot;title&quot;:&quot;&quot;,&quot;orientation&quot;:&quot;0&quot;}\" data-image-title=\"pdf_icon_16\" data-image-description=\"\" data-image-caption=\"\" data-large-file=\"https:\/\/i0.wp.com\/www.freidenker.org\/fw17\/wp-content\/uploads\/2017\/10\/pdf_icon-e1509487447542.png?fit=16%2C16&amp;ssl=1\" class=\"alignnone size-full wp-image-1072\" src=\"https:\/\/i0.wp.com\/www.freidenker.org\/fw17\/wp-content\/uploads\/2017\/10\/pdf_icon-e1509487447542.png?resize=16%2C16&#038;ssl=1\" alt=\"\" width=\"16\" height=\"16\" \/> <a href=\"https:\/\/www.freidenker.org\/fw17\/wp-content\/uploads\/2024\/09\/Freidenker_2024-03_Sohn_DerAbstiegVonMadeInGermany.pdf\" target=\"_blank\" rel=\"noopener\">PDF-Dokument<\/a>, ca. 497 KB)<\/li>\n<li>Wolfgang Beck<br \/>\n<a href=\"https:\/\/www.freidenker.org\/?p=19956\">Alles hat ein Ende \u2013 auch die Marktwirtschaft<\/a><br \/>\n(<img data-recalc-dims=\"1\" loading=\"lazy\" decoding=\"async\" data-attachment-id=\"1072\" data-permalink=\"https:\/\/www.freidenker.org\/?attachment_id=1072\" data-orig-file=\"https:\/\/i0.wp.com\/www.freidenker.org\/fw17\/wp-content\/uploads\/2017\/10\/pdf_icon-e1509487447542.png?fit=16%2C16&amp;ssl=1\" data-orig-size=\"16,16\" data-comments-opened=\"0\" data-image-meta=\"{&quot;aperture&quot;:&quot;0&quot;,&quot;credit&quot;:&quot;&quot;,&quot;camera&quot;:&quot;&quot;,&quot;caption&quot;:&quot;&quot;,&quot;created_timestamp&quot;:&quot;0&quot;,&quot;copyright&quot;:&quot;&quot;,&quot;focal_length&quot;:&quot;0&quot;,&quot;iso&quot;:&quot;0&quot;,&quot;shutter_speed&quot;:&quot;0&quot;,&quot;title&quot;:&quot;&quot;,&quot;orientation&quot;:&quot;0&quot;}\" data-image-title=\"pdf_icon_16\" data-image-description=\"\" data-image-caption=\"\" data-large-file=\"https:\/\/i0.wp.com\/www.freidenker.org\/fw17\/wp-content\/uploads\/2017\/10\/pdf_icon-e1509487447542.png?fit=16%2C16&amp;ssl=1\" class=\"alignnone size-full wp-image-1072\" src=\"https:\/\/i0.wp.com\/www.freidenker.org\/fw17\/wp-content\/uploads\/2017\/10\/pdf_icon-e1509487447542.png?resize=16%2C16&#038;ssl=1\" alt=\"\" width=\"16\" height=\"16\" \/> <a href=\"https:\/\/www.freidenker.org\/fw17\/wp-content\/uploads\/2024\/09\/Freidenker_2024-03_Beck_AllesHatEinEndeAuchDieMarktwirtschaft.pdf\" target=\"_blank\" rel=\"noopener\">PDF-Dokument<\/a>, ca. 290 KB)<\/li>\n<li>Werner R\u00fcgemer<br \/>\nAusweg aus dem gef\u00e4hrlichen Vasallen-Status<\/li>\n<li>Rainer Rupp<br \/>\nAbsteiger und Aufsteiger<\/li>\n<li>Sebastian Bahlo<br \/>\n\u201eZeitenwende\u201c: Krise des Imperialismus, neue Bedingungen des Klassenkampfs<\/li>\n<\/ul>\n<p><strong>Leserbriefe<\/strong><\/p>\n<ul>\n<li>Zum Artikel von <a href=\"https:\/\/www.freidenker.org\/?p=19431\">Diether Dehm: \u201eEin neuer deutscher Faschismus \u2013 kommt er wieder \u201av\u00f6lkisch`\u2018?\u201c<\/a> (Freidenker 2-24)<\/li>\n<\/ul>\n<p><strong>Neue und lieferbare Aufkleber<\/strong><\/p>\n<p><strong>Karlheinz Schulz zum 102. Geburtstag<\/strong><\/p>\n<p><strong>Trauer um Prof. Dr. Herbert H\u00f6rz<\/strong><\/p>\n<p><strong>B\u00fccher f\u00fcr Freidenker<\/strong><\/p>\n<ul>\n<li>Gabi M\u00fcller-Ballin: Andreas, Lubov, Jaques &#8211; Vergessene Fremdarbeiterkinder in N\u00fcrnberg w\u00e4hrend des Zweiten Weltkrieges<br \/>\nRezension von Gudrun Huhn<\/li>\n<li>Raimund Ernst (Hrg.): Krieg kommt nicht aus einer schwarzen Wolke, Beitr\u00e4ge von Kurt Barthel (KuBa)<br \/>\nRezension von Bernd Gerwanski<\/li>\n<\/ul>\n<p><strong>Lyrik<\/strong><\/p>\n<ul>\n<li>Dieter S\u00fcverkr\u00fcp<br \/>\nDas Lied von Kalle seiner Freundin<\/li>\n<\/ul>\n<p><img data-recalc-dims=\"1\" loading=\"lazy\" decoding=\"async\" data-attachment-id=\"19931\" data-permalink=\"https:\/\/www.freidenker.org\/?attachment_id=19931\" data-orig-file=\"https:\/\/i0.wp.com\/www.freidenker.org\/fw17\/wp-content\/uploads\/2024\/09\/fd_2024-03_640px.jpg?fit=453%2C642&amp;ssl=1\" data-orig-size=\"453,642\" data-comments-opened=\"0\" data-image-meta=\"{&quot;aperture&quot;:&quot;0&quot;,&quot;credit&quot;:&quot;&quot;,&quot;camera&quot;:&quot;&quot;,&quot;caption&quot;:&quot;&quot;,&quot;created_timestamp&quot;:&quot;0&quot;,&quot;copyright&quot;:&quot;&quot;,&quot;focal_length&quot;:&quot;0&quot;,&quot;iso&quot;:&quot;0&quot;,&quot;shutter_speed&quot;:&quot;0&quot;,&quot;title&quot;:&quot;&quot;,&quot;orientation&quot;:&quot;1&quot;}\" data-image-title=\"fd_2024-03_640px\" data-image-description=\"\" data-image-caption=\"\" data-large-file=\"https:\/\/i0.wp.com\/www.freidenker.org\/fw17\/wp-content\/uploads\/2024\/09\/fd_2024-03_640px.jpg?fit=453%2C642&amp;ssl=1\" class=\"alignnone wp-image-19931 size-full\" src=\"https:\/\/i0.wp.com\/www.freidenker.org\/fw17\/wp-content\/uploads\/2024\/09\/fd_2024-03_640px.jpg?resize=453%2C642&#038;ssl=1\" alt=\"\" width=\"453\" height=\"642\" srcset=\"https:\/\/i0.wp.com\/www.freidenker.org\/fw17\/wp-content\/uploads\/2024\/09\/fd_2024-03_640px.jpg?w=453&amp;ssl=1 453w, https:\/\/i0.wp.com\/www.freidenker.org\/fw17\/wp-content\/uploads\/2024\/09\/fd_2024-03_640px.jpg?resize=212%2C300&amp;ssl=1 212w\" sizes=\"auto, (max-width: 453px) 100vw, 453px\" \/><\/p>\n<p>&nbsp;<\/p>\n<p><img data-recalc-dims=\"1\" loading=\"lazy\" decoding=\"async\" data-attachment-id=\"5427\" data-permalink=\"https:\/\/www.freidenker.org\/?attachment_id=5427\" data-orig-file=\"https:\/\/i0.wp.com\/www.freidenker.org\/fw17\/wp-content\/uploads\/2018\/09\/video_icon_32x32.jpg?fit=32%2C32&amp;ssl=1\" data-orig-size=\"32,32\" data-comments-opened=\"0\" data-image-meta=\"{&quot;aperture&quot;:&quot;0&quot;,&quot;credit&quot;:&quot;&quot;,&quot;camera&quot;:&quot;&quot;,&quot;caption&quot;:&quot;&quot;,&quot;created_timestamp&quot;:&quot;0&quot;,&quot;copyright&quot;:&quot;&quot;,&quot;focal_length&quot;:&quot;0&quot;,&quot;iso&quot;:&quot;0&quot;,&quot;shutter_speed&quot;:&quot;0&quot;,&quot;title&quot;:&quot;&quot;,&quot;orientation&quot;:&quot;1&quot;}\" data-image-title=\"video_icon_32x32\" data-image-description=\"\" data-image-caption=\"\" data-large-file=\"https:\/\/i0.wp.com\/www.freidenker.org\/fw17\/wp-content\/uploads\/2018\/09\/video_icon_32x32.jpg?fit=32%2C32&amp;ssl=1\" class=\"alignnone size-full wp-image-5427\" src=\"https:\/\/i0.wp.com\/www.freidenker.org\/fw17\/wp-content\/uploads\/2018\/09\/video_icon_32x32.jpg?resize=32%2C32&#038;ssl=1\" alt=\"\" width=\"32\" height=\"32\" \/> \u00a0 Die Redebeitr\u00e4ge sind hier zum Teil als Videos verf\u00fcgbar: <a href=\"https:\/\/www.freidenker.org\/?p=18866\">https:\/\/www.freidenker.org\/?p=18866<\/a><\/p>\n<hr \/>\n<h5>Online-Ausgabe:<\/h5>\n<p><img data-recalc-dims=\"1\" loading=\"lazy\" decoding=\"async\" data-attachment-id=\"1076\" data-permalink=\"https:\/\/www.freidenker.org\/?attachment_id=1076\" data-orig-file=\"https:\/\/i0.wp.com\/www.freidenker.org\/fw17\/wp-content\/uploads\/2017\/10\/pdf_icon-2.png?fit=32%2C32&amp;ssl=1\" data-orig-size=\"32,32\" data-comments-opened=\"0\" data-image-meta=\"{&quot;aperture&quot;:&quot;0&quot;,&quot;credit&quot;:&quot;&quot;,&quot;camera&quot;:&quot;&quot;,&quot;caption&quot;:&quot;&quot;,&quot;created_timestamp&quot;:&quot;0&quot;,&quot;copyright&quot;:&quot;&quot;,&quot;focal_length&quot;:&quot;0&quot;,&quot;iso&quot;:&quot;0&quot;,&quot;shutter_speed&quot;:&quot;0&quot;,&quot;title&quot;:&quot;&quot;,&quot;orientation&quot;:&quot;0&quot;}\" data-image-title=\"pdf_icon\" data-image-description=\"\" data-image-caption=\"\" data-large-file=\"https:\/\/i0.wp.com\/www.freidenker.org\/fw17\/wp-content\/uploads\/2017\/10\/pdf_icon-2.png?fit=32%2C32&amp;ssl=1\" class=\"alignnone size-full wp-image-1076\" src=\"https:\/\/i0.wp.com\/www.freidenker.org\/fw17\/wp-content\/uploads\/2017\/10\/pdf_icon-2.png?resize=32%2C32&#038;ssl=1\" alt=\"\" width=\"32\" height=\"32\" \/>\u00a0<a href=\"https:\/\/www.freidenker.org\/fw17\/wp-content\/uploads\/2025\/09\/Freidenker_2024-03_online.pdf\" target=\"_blank\" rel=\"noopener\">Verbandsorgan FREIDENKER 3-24 im PDF-Format<\/a> (ca. 3,3 MB)<\/p>\n<p>Zum\u00a0<a href=\"https:\/\/www.freidenker.org\/?page_id=1682\">\u00dcberblick \u00fcber alle Online-Ausgaben<\/a><\/p>\n","protected":false},"excerpt":{"rendered":"<p><b>Die Ausgabe 3-24 EXTRA des Verbandsorgans FREIDENKER hat das Schwerpunkt-Thema \u201eDeindustrialisierung\u201c und enth\u00e4lt u.a. folgende Beitr\u00e4ge:<\/b><br \/>\n&#8211; Klaus Hartmann: Die Ideologie der Produktivkraftvernichtung<br \/>\n&#8211; Manfred Sohn: Der Abstieg von \u201eMade in Germany\u201c \u2013 Aspekte der Deindustrialisierung des imperialistischen Deutschlands<br \/>\n&#8211; Wolfgang Beck: Alles hat ein Ende \u2013 auch die Marktwirtschaft<br \/>\n&#8211; Werner R\u00fcgemer: Ausweg aus dem gef\u00e4hrlichen Vasallen-Status<br \/>\n&#8211; Rainer Rupp: Absteiger und Aufsteiger<br \/>\n&#8211; Sebastian Bahlo: \u201eZeitenwende\u201c: Krise des Imperialismus, neue Bedingungen des Klassenkampfs<\/p>\n","protected":false},"author":3,"featured_media":19932,"comment_status":"closed","ping_status":"closed","sticky":false,"template":"","format":"standard","meta":{"colormag_page_container_layout":"default_layout","colormag_page_sidebar_layout":"default_layout","advanced_seo_description":"","jetpack_seo_html_title":"","jetpack_seo_noindex":false,"jetpack_post_was_ever_published":false,"footnotes":""},"categories":[8],"tags":[1642,404,2186,180,1924,1603],"class_list":["post-19927","post","type-post","status-publish","format-standard","has-post-thumbnail","hentry","category-verbandsorgan-freidenker","tag-deindustrialisierung","tag-imperialismus","tag-kriegshetze","tag-krise","tag-marktwirtschaft","tag-produktivkraftvernichtung"],"jetpack_featured_media_url":"https:\/\/i0.wp.com\/www.freidenker.org\/fw17\/wp-content\/uploads\/2024\/09\/FD_2024-03_Titel_mR.jpg?fit=800%2C445&ssl=1","jetpack_shortlink":"https:\/\/wp.me\/p9stpK-5bp","jetpack-related-posts":[{"id":18158,"url":"https:\/\/www.freidenker.org\/?p=18158","url_meta":{"origin":19927,"position":0},"title":"Konferenz &#8222;Deindustrialisierung&#8220;","author":"Webredaktion","date":"13. Februar 2024","format":false,"excerpt":"Der Deutsche Freidenker-Verband l\u00e4dt ein zur Konferenz: \"Deindustrialisierung\" in Kooperation mit dem Ostdeutschen Kuratorium von Verb\u00e4nden (OKV) Samstag, 20.04.2024, 10.30 Uhr, Ferienpark Retgendorf bei Schwerin, Kiefernweg 1, 19067 Dobin am See, Ortsteil Retgendorf Vortr\u00e4ge und Diskussion: Klaus Hartmann: Die Ideologie der Produktivkraftvernichtung Dr. Manfred Sohn: Der Abstieg von \u201eMade in\u2026","rel":"","context":"In &quot;Zentrale Veranstaltungen&quot;","block_context":{"text":"Zentrale Veranstaltungen","link":"https:\/\/www.freidenker.org\/?cat=20"},"img":{"alt_text":"","src":"https:\/\/i0.wp.com\/www.freidenker.org\/fw17\/wp-content\/uploads\/2024\/02\/Deindustrialisierung_titel_800x450.jpg?fit=800%2C450&ssl=1&resize=350%2C200","width":350,"height":200,"srcset":"https:\/\/i0.wp.com\/www.freidenker.org\/fw17\/wp-content\/uploads\/2024\/02\/Deindustrialisierung_titel_800x450.jpg?fit=800%2C450&ssl=1&resize=350%2C200 1x, https:\/\/i0.wp.com\/www.freidenker.org\/fw17\/wp-content\/uploads\/2024\/02\/Deindustrialisierung_titel_800x450.jpg?fit=800%2C450&ssl=1&resize=525%2C300 1.5x, https:\/\/i0.wp.com\/www.freidenker.org\/fw17\/wp-content\/uploads\/2024\/02\/Deindustrialisierung_titel_800x450.jpg?fit=800%2C450&ssl=1&resize=700%2C400 2x"},"classes":[]},{"id":18866,"url":"https:\/\/www.freidenker.org\/?p=18866","url_meta":{"origin":19927,"position":1},"title":"Videos und Galerie: Konferenz Deindustrialisierung","author":"Webredaktion","date":"25. April 2024","format":false,"excerpt":"Am 20.04.2024 fand in Retgendorf bei Schwerin die Konferenz Deindustrialisierung des Deutschen Freidenker-Verbandes statt. Bruno Jeup vom Landesverband Berlin hat die Veranstaltung im Video dokumentiert. Wir ver\u00f6ffentlichen hier die Videos der vier Referate von Klaus Hartmann (\"\"Die Ideologie der Produktivkraftvernichtung\"), Dr. Manfred Sohn (\"Der Abstieg von 'Made in Germany'\"), Dr.\u2026","rel":"","context":"In &quot;Demokratie \u2013 Medien \u2013 Aufkl\u00e4rung&quot;","block_context":{"text":"Demokratie \u2013 Medien \u2013 Aufkl\u00e4rung","link":"https:\/\/www.freidenker.org\/?cat=12"},"img":{"alt_text":"","src":"https:\/\/i0.wp.com\/www.freidenker.org\/fw17\/wp-content\/uploads\/2024\/04\/Retgendorf_Totale_20240420_142853.jpg?fit=800%2C450&ssl=1&resize=350%2C200","width":350,"height":200,"srcset":"https:\/\/i0.wp.com\/www.freidenker.org\/fw17\/wp-content\/uploads\/2024\/04\/Retgendorf_Totale_20240420_142853.jpg?fit=800%2C450&ssl=1&resize=350%2C200 1x, https:\/\/i0.wp.com\/www.freidenker.org\/fw17\/wp-content\/uploads\/2024\/04\/Retgendorf_Totale_20240420_142853.jpg?fit=800%2C450&ssl=1&resize=525%2C300 1.5x, https:\/\/i0.wp.com\/www.freidenker.org\/fw17\/wp-content\/uploads\/2024\/04\/Retgendorf_Totale_20240420_142853.jpg?fit=800%2C450&ssl=1&resize=700%2C400 2x"},"classes":[]},{"id":19956,"url":"https:\/\/www.freidenker.org\/?p=19956","url_meta":{"origin":19927,"position":2},"title":"Alles hat ein Ende \u2013 auch die Marktwirtschaft","author":"Webredaktion","date":"29. September 2024","format":false,"excerpt":"Beitrag von Wolfgang Beck aus FREIDENKER 3-24 Diesen verr\u00fcckten und prozierenden Titel habe ich nicht ohne Grund gew\u00e4hlt. Denn die historische Vergesslichkeit greift immer weiter um sich, und ich staune immer wieder, wie wenig die Leute \u00fcber die DDR wissen. Im Westen dominiert die recht einseitige Betrach\u00adtungsweise der DDR-Planwirtschaft bzw.\u2026","rel":"","context":"In &quot;Arbeit &amp; Soziales&quot;","block_context":{"text":"Arbeit &amp; Soziales","link":"https:\/\/www.freidenker.org\/?cat=11"},"img":{"alt_text":"","src":"https:\/\/i0.wp.com\/www.freidenker.org\/fw17\/wp-content\/uploads\/2024\/09\/retgendorf_beck_800x450.jpg?fit=800%2C450&ssl=1&resize=350%2C200","width":350,"height":200,"srcset":"https:\/\/i0.wp.com\/www.freidenker.org\/fw17\/wp-content\/uploads\/2024\/09\/retgendorf_beck_800x450.jpg?fit=800%2C450&ssl=1&resize=350%2C200 1x, https:\/\/i0.wp.com\/www.freidenker.org\/fw17\/wp-content\/uploads\/2024\/09\/retgendorf_beck_800x450.jpg?fit=800%2C450&ssl=1&resize=525%2C300 1.5x, https:\/\/i0.wp.com\/www.freidenker.org\/fw17\/wp-content\/uploads\/2024\/09\/retgendorf_beck_800x450.jpg?fit=800%2C450&ssl=1&resize=700%2C400 2x"},"classes":[]},{"id":15574,"url":"https:\/\/www.freidenker.org\/?p=15574","url_meta":{"origin":19927,"position":3},"title":"Konferenz zur Einigung des Widerstandes gegen den US\/NATO-Krieg in der Ukraine","author":"Webredaktion","date":"23. M\u00e4rz 2023","format":false,"excerpt":"von Rainer Rupp Mit tagt\u00e4glichen Herz-Schmerz-Geschichten aus der Ukraine und mit Hilfe linkssektiererischer Str\u00f6mungen wurde die Antikriegs-Bewegung gespalten und weitgehend gel\u00e4hmt. Zugleich vollzieht sich hinter den Kulissen Bidens Reindustrialisierung der USA auf Kosten der Deindustrialisierung Deutschlands. Die Ukraine und Deutschland werden zugleich von den transatlantischen Eliten verheizt, wenn auch auf\u2026","rel":"","context":"In &quot;Frieden - Antifaschismus - Solidarit\u00e4t&quot;","block_context":{"text":"Frieden - Antifaschismus - Solidarit\u00e4t","link":"https:\/\/www.freidenker.org\/?cat=13"},"img":{"alt_text":"","src":"https:\/\/i0.wp.com\/www.freidenker.org\/fw17\/wp-content\/uploads\/2023\/03\/aufstand_fuer_frieden_20230225_142740_800x450.jpg?fit=800%2C450&ssl=1&resize=350%2C200","width":350,"height":200,"srcset":"https:\/\/i0.wp.com\/www.freidenker.org\/fw17\/wp-content\/uploads\/2023\/03\/aufstand_fuer_frieden_20230225_142740_800x450.jpg?fit=800%2C450&ssl=1&resize=350%2C200 1x, https:\/\/i0.wp.com\/www.freidenker.org\/fw17\/wp-content\/uploads\/2023\/03\/aufstand_fuer_frieden_20230225_142740_800x450.jpg?fit=800%2C450&ssl=1&resize=525%2C300 1.5x, https:\/\/i0.wp.com\/www.freidenker.org\/fw17\/wp-content\/uploads\/2023\/03\/aufstand_fuer_frieden_20230225_142740_800x450.jpg?fit=800%2C450&ssl=1&resize=700%2C400 2x"},"classes":[]},{"id":23210,"url":"https:\/\/www.freidenker.org\/?p=23210","url_meta":{"origin":19927,"position":4},"title":"III. Nationales Denkfest &#8211; Werner R\u00fcgemer &#8211; Verh\u00e4ngnisvolle Freundschaft, wie die USA Europa eroberten","author":"Webredaktion","date":"17. Oktober 2025","format":false,"excerpt":"Video eines Vortrages von Dr. Werner R\u00fcgemer auf dem III. Denkfest der Aktiven Im Ferienpark Retgendorf bei Schwerin fand vom 28.\u201030. M\u00e4rz 2025 das 3. \u201eDenkfest der Aktiven\u201c statt. Zahlreiche Mitglieder unseres Verbandes beteiligten sich an der Programmgestaltung. Wir ver\u00f6ffentlichen hiermit ein Video des Vortrages unseres Beiratsmitgliedes Dr. Werner R\u00fcgemer\u2026","rel":"","context":"In &quot;Demokratie \u2013 Medien \u2013 Aufkl\u00e4rung&quot;","block_context":{"text":"Demokratie \u2013 Medien \u2013 Aufkl\u00e4rung","link":"https:\/\/www.freidenker.org\/?cat=12"},"img":{"alt_text":"","src":"https:\/\/i0.wp.com\/www.freidenker.org\/fw17\/wp-content\/uploads\/2025\/10\/friedenstaub03_ruegemer_youtube_800x450.jpg?fit=800%2C450&ssl=1&resize=350%2C200","width":350,"height":200,"srcset":"https:\/\/i0.wp.com\/www.freidenker.org\/fw17\/wp-content\/uploads\/2025\/10\/friedenstaub03_ruegemer_youtube_800x450.jpg?fit=800%2C450&ssl=1&resize=350%2C200 1x, https:\/\/i0.wp.com\/www.freidenker.org\/fw17\/wp-content\/uploads\/2025\/10\/friedenstaub03_ruegemer_youtube_800x450.jpg?fit=800%2C450&ssl=1&resize=525%2C300 1.5x, https:\/\/i0.wp.com\/www.freidenker.org\/fw17\/wp-content\/uploads\/2025\/10\/friedenstaub03_ruegemer_youtube_800x450.jpg?fit=800%2C450&ssl=1&resize=700%2C400 2x"},"classes":[]},{"id":23233,"url":"https:\/\/www.freidenker.org\/?p=23233","url_meta":{"origin":19927,"position":5},"title":"III. Nationales Denkfest &#8211; Sag mir wo Du stehst &#8211;  Hartmut K\u00f6nig und Tino Eisbrenner","author":"Webredaktion","date":"20. Oktober 2025","format":false,"excerpt":"Video eines musikalischen Programms von Hartmut K\u00f6nig und Tino Eisbrenner\u00a0auf dem III. Denkfest der Aktiven Im Ferienpark Retgendorf bei Schwerin fand vom 28.\u201030. M\u00e4rz 2025 das 3. \u201eDenkfest der Aktiven\u201c statt. Zahlreiche Mitglieder unseres Verbandes beteiligten sich an der Programmgestaltung. Wir ver\u00f6ffentlichen hiermit ein Video des musikalischen Programms \"Sag mir,\u2026","rel":"","context":"In &quot;Kultur &amp; Kunst&quot;","block_context":{"text":"Kultur &amp; Kunst","link":"https:\/\/www.freidenker.org\/?cat=913"},"img":{"alt_text":"","src":"https:\/\/i0.wp.com\/www.freidenker.org\/fw17\/wp-content\/uploads\/2025\/10\/friedenstaub03_koenig-eisbrenner_youtube_800x450.jpg?fit=800%2C450&ssl=1&resize=350%2C200","width":350,"height":200,"srcset":"https:\/\/i0.wp.com\/www.freidenker.org\/fw17\/wp-content\/uploads\/2025\/10\/friedenstaub03_koenig-eisbrenner_youtube_800x450.jpg?fit=800%2C450&ssl=1&resize=350%2C200 1x, https:\/\/i0.wp.com\/www.freidenker.org\/fw17\/wp-content\/uploads\/2025\/10\/friedenstaub03_koenig-eisbrenner_youtube_800x450.jpg?fit=800%2C450&ssl=1&resize=525%2C300 1.5x, https:\/\/i0.wp.com\/www.freidenker.org\/fw17\/wp-content\/uploads\/2025\/10\/friedenstaub03_koenig-eisbrenner_youtube_800x450.jpg?fit=800%2C450&ssl=1&resize=700%2C400 2x"},"classes":[]}],"_links":{"self":[{"href":"https:\/\/www.freidenker.org\/index.php?rest_route=\/wp\/v2\/posts\/19927","targetHints":{"allow":["GET"]}}],"collection":[{"href":"https:\/\/www.freidenker.org\/index.php?rest_route=\/wp\/v2\/posts"}],"about":[{"href":"https:\/\/www.freidenker.org\/index.php?rest_route=\/wp\/v2\/types\/post"}],"author":[{"embeddable":true,"href":"https:\/\/www.freidenker.org\/index.php?rest_route=\/wp\/v2\/users\/3"}],"replies":[{"embeddable":true,"href":"https:\/\/www.freidenker.org\/index.php?rest_route=%2Fwp%2Fv2%2Fcomments&post=19927"}],"version-history":[{"count":3,"href":"https:\/\/www.freidenker.org\/index.php?rest_route=\/wp\/v2\/posts\/19927\/revisions"}],"predecessor-version":[{"id":22948,"href":"https:\/\/www.freidenker.org\/index.php?rest_route=\/wp\/v2\/posts\/19927\/revisions\/22948"}],"wp:featuredmedia":[{"embeddable":true,"href":"https:\/\/www.freidenker.org\/index.php?rest_route=\/wp\/v2\/media\/19932"}],"wp:attachment":[{"href":"https:\/\/www.freidenker.org\/index.php?rest_route=%2Fwp%2Fv2%2Fmedia&parent=19927"}],"wp:term":[{"taxonomy":"category","embeddable":true,"href":"https:\/\/www.freidenker.org\/index.php?rest_route=%2Fwp%2Fv2%2Fcategories&post=19927"},{"taxonomy":"post_tag","embeddable":true,"href":"https:\/\/www.freidenker.org\/index.php?rest_route=%2Fwp%2Fv2%2Ftags&post=19927"}],"curies":[{"name":"wp","href":"https:\/\/api.w.org\/{rel}","templated":true}]}}