{"id":19922,"date":"2024-09-27T23:16:53","date_gmt":"2024-09-27T21:16:53","guid":{"rendered":"https:\/\/www.freidenker.org\/?p=19922"},"modified":"2024-11-17T16:02:01","modified_gmt":"2024-11-17T15:02:01","slug":"offener-brief-an-den-praesidenten-der-vereinigten-staaten-joe-biden","status":"publish","type":"post","link":"https:\/\/www.freidenker.org\/?p=19922","title":{"rendered":"Offener Brief an den Pr\u00e4sidenten der Vereinigten Staaten Joe Biden"},"content":{"rendered":"<h4><strong>Offener Brief an den Pr\u00e4sidenten der Vereinigten Staaten Joe Biden<\/strong><\/h4>\n<h5>(25. September 2024)<\/h5>\n<p>&nbsp;<\/p>\n<p>Sehr geehrter Herr Pr\u00e4sident!<\/p>\n<p>Wir sind gespannt auf Ihren f\u00fcr den 10. Oktober 2024 geplanten Besuch in Deutschland und hoffen inst\u00e4ndig, dass Sie mit 81 Jahren, nach Ihrer \u00fcber 50-j\u00e4hrigen politischen T\u00e4tigkeit und am Ende Ihrer Amtszeit als US-Pr\u00e4sident, Ihre M\u00f6glichkeiten nutzen werden, um einen drohenden Atomkrieg abzuwenden.<\/p>\n<p>Uns ist es bewusst, dass Sie an der Entwicklung der gegenw\u00e4rtigen Misere in exponierter Stellung mitgewirkt haben. Beim Staatsstreich in der Ukraine im Februar 2014 und der folgenden Entwicklung zum B\u00fcrgerkrieg waren Sie als US-Vizepr\u00e4sident unter Obama zusammen mit Frau Victoria Nuland als Assistant Secretary of State ma\u00dfgeblich beteiligt.<\/p>\n<p>Im September 2014 wurde vom US-Training and Doctrine Command das Dokument \u201eThe U.S. Army Operating Concept: Win in a Complex World: 2020-2040; TRADOC Pamphlet 525-3-1\u201c verabschiedet. Darin werden die US-Streitkr\u00e4fte auf die k\u00fcnftigen Konflikte eingestimmt und angewiesen, in diesen zwei Dekaden die von Russland und China ausgehende Bedrohung abzubauen.<\/p>\n<p>Als US-Pr\u00e4sident unterzeichneten Sie im Oktober 2022 die neue Nationale Verteidigungsstrategie, in der die wesentlichen Vorgaben des Dokuments \u201eWin in a Complex World: 2020-2040\u201c aufgef\u00fchrt werden:<\/p>\n<ul>\n<li><strong>\u00a0Abbau<\/strong> <strong>der wachsenden multidisziplin\u00e4ren Bedrohung durch China<\/strong><\/li>\n<li><strong>\u00a0Abschreckung<\/strong> <strong>der von Russland ausgehenden Herausforderung in Europa<\/strong><\/li>\n<\/ul>\n<p>In der aktuellen US-Nuklear-Doktrin wird der<strong> Ausschluss<\/strong> <strong>jedes Verzichts auf einen nuklearen Erstschlag<\/strong> manifestiert.<\/p>\n<p>Weiter fordern Sie in der Verteidigungsstrategie zur Umsetzung dieser Priorit\u00e4ten den Aufbau eines <strong>dauerhaften Vorteils f\u00fcr die USA<\/strong>.<\/p>\n<p>Wie will ein Land mit diesen Anspr\u00fcchen dauerhaft in Frieden mit anderen Nationen leben?<\/p>\n<p>Im laufenden Kampf um eine unipolare oder multipolare Weltordnung wird der Planet in eine beispiellose Katastrophe taumeln.<\/p>\n<p>Sie k\u00f6nnten das noch verhindern! Die im Dokument \u201eWin in a Complex World: 2020-2040\u201c festgelegte US-Doktrin wurde in Ihrer Zeit als US-Vizepr\u00e4sident beschlossen und sie bestimmt die amerikanische Politik: <strong>eine immanente Gefahr f\u00fcr den Weltfrieden<\/strong>.<\/p>\n<p>Machen Sie Schluss mit dem Krieg gegen Russland, Herr Pr\u00e4sident!<\/p>\n<p>Die USA m\u00fcssen sich mit der Welt \u2013 au\u00dfen wie innen \u2013 vers\u00f6hnen!<\/p>\n<p>Helfen Sie, das US-Streben nach einer unipolaren Weltordnung sowie den von den USA eingeforderten Exzeptionalismus aufzugeben.<\/p>\n<p>In einer multipolaren Weltordnung werden die USA als Partner dringend gebraucht.<\/p>\n<p>Gehen Sie als der wahre Friedenspr\u00e4sident der USA in die Geschichte ein!<\/p>\n<p style=\"padding-left: 40px;\"><em>Wolfgang Effenberger, ehemaliger Major d.R. und Publizist (Deutschland)<\/em><\/p>\n<p style=\"padding-left: 40px;\"><em>Dr. Amir Mortasawi, Arzt und Publizist (Deutschland)<\/em><\/p>\n<p>&nbsp;<\/p>\n<p style=\"text-align: right;\"><em>Wolfgang Effenberger ist Mitglied des Deutschen Freidenker-Verbandes und seines Beirats<\/em><br \/>\n<em>Dr. Amir Mortasawi ist Arzt und Publizist<\/em><\/p>\n<p><span style=\"font-size: 10pt;\">Quelle: <a href=\"https:\/\/afsaneyebahar.com\/2024\/09\/26\/20701979\/\" target=\"_blank\" rel=\"noopener\">https:\/\/afsaneyebahar.com\/2024\/09\/26\/20701979\/<\/a><\/span><\/p>\n<hr \/>\n<p><span style=\"font-size: 10pt;\">Bild oben: Joe Biden h\u00e4lt eine Rede vor dem Economic Club of Washington D.C., 19. September 2024<\/span><br \/>\n<span style=\"font-size: 10pt;\">Foto: The White House &#8211; P20240919AS-0842, Public Domain<\/span><br \/>\n<span style=\"font-size: 10pt;\">Quelle: <a href=\"https:\/\/commons.wikimedia.org\/w\/index.php?curid=152890219\" target=\"_blank\" rel=\"noopener\">https:\/\/commons.wikimedia.org\/w\/index.php?curid=152890219<\/a><\/span><\/p>\n","protected":false},"excerpt":{"rendered":"<p>Offener Brief von <b>Wolfgang Effenberger<\/b> und <b>Dr. Amir Mortasawi<\/b> (25. September 2024)<br \/>\nSehr geehrter Herr Pr\u00e4sident! Wir sind gespannt auf Ihren f\u00fcr den 10. Oktober 2024 geplanten Besuch in Deutschland und hoffen inst\u00e4ndig, dass Sie mit 81 Jahren, nach Ihrer \u00fcber 50-j\u00e4hrigen politischen T\u00e4tigkeit und am Ende Ihrer Amtszeit als US-Pr\u00e4sident, Ihre M\u00f6glichkeiten nutzen werden, um einen drohenden Atomkrieg abzuwenden. Uns ist es bewusst, dass Sie an der Entwicklung der gegenw\u00e4rtigen Misere in exponierter Stellung mitgewirkt haben. [&#8230;] Machen Sie Schluss mit dem Krieg gegen Russland, Herr Pr\u00e4sident! Die USA m\u00fcssen sich mit der Welt \u2013 au\u00dfen wie innen \u2013 vers\u00f6hnen! Helfen Sie, das US-Streben nach einer unipolaren Weltordnung sowie den von den USA eingeforderten Exzeptionalismus aufzugeben.<\/p>\n","protected":false},"author":3,"featured_media":19924,"comment_status":"closed","ping_status":"closed","sticky":false,"template":"","format":"standard","meta":{"colormag_page_container_layout":"default_layout","colormag_page_sidebar_layout":"default_layout","advanced_seo_description":"","jetpack_seo_html_title":"","jetpack_seo_noindex":false,"jetpack_post_was_ever_published":false,"footnotes":""},"categories":[12],"tags":[1522,1458,335,1332,2055,1904,222,185],"class_list":["post-19922","post","type-post","status-publish","format-standard","has-post-thumbnail","hentry","category-demokratie-medien-aufklaerung","tag-atomkrieg","tag-bedrohung","tag-frieden","tag-joe-biden","tag-multipolare-weltordnung","tag-offener-brief","tag-russland","tag-usa"],"jetpack_featured_media_url":"https:\/\/i0.wp.com\/www.freidenker.org\/fw17\/wp-content\/uploads\/2024\/09\/biden_P20240919AS-0842_800x450.jpg?fit=800%2C450&ssl=1","jetpack_shortlink":"https:\/\/wp.me\/p9stpK-5bk","jetpack-related-posts":[{"id":9407,"url":"https:\/\/www.freidenker.org\/?p=9407","url_meta":{"origin":19922,"position":0},"title":"Auch mit Joe Biden: Osteuropa bleibt im Visier der USA","author":"Webredaktion","date":"24. Januar 2021","format":false,"excerpt":"Beitrag von Prof. Dr. Anton Latzo Die au\u00dfenpolitische Praxis der USA nach dem zweiten Weltkrieg, einschlie\u00dflich der von Pr\u00e4sident Barack Obama und seinem Vize Joe Biden gef\u00fchrten Regierung, hat eine hegemoniale Politik verfolgt. Die USA haben sich von dem von Zbigniew Brzezinski formulierten Ziel, die \"einzige\" und sogar die \"letzte\"\u2026","rel":"","context":"In &quot;Frieden - Antifaschismus - Solidarit\u00e4t&quot;","block_context":{"text":"Frieden - Antifaschismus - Solidarit\u00e4t","link":"https:\/\/www.freidenker.org\/?cat=13"},"img":{"alt_text":"","src":"https:\/\/i0.wp.com\/www.freidenker.org\/fw17\/wp-content\/uploads\/2021\/01\/usa_osteuropa.jpg?fit=800%2C450&ssl=1&resize=350%2C200","width":350,"height":200,"srcset":"https:\/\/i0.wp.com\/www.freidenker.org\/fw17\/wp-content\/uploads\/2021\/01\/usa_osteuropa.jpg?fit=800%2C450&ssl=1&resize=350%2C200 1x, https:\/\/i0.wp.com\/www.freidenker.org\/fw17\/wp-content\/uploads\/2021\/01\/usa_osteuropa.jpg?fit=800%2C450&ssl=1&resize=525%2C300 1.5x, https:\/\/i0.wp.com\/www.freidenker.org\/fw17\/wp-content\/uploads\/2021\/01\/usa_osteuropa.jpg?fit=800%2C450&ssl=1&resize=700%2C400 2x"},"classes":[]},{"id":8971,"url":"https:\/\/www.freidenker.org\/?p=8971","url_meta":{"origin":19922,"position":1},"title":"Zur Au\u00dfenpolitik der USA unter Pr\u00e4sident Joe Biden","author":"Webredaktion","date":"8. Dezember 2020","format":false,"excerpt":"Beitrag von Prof. Dr. Anton Latzo \u201eMit Joe Biden wird es auch nicht besser\u201c, so Sergej Lawrow, der Au\u00dfenminister Russlands, kurz und b\u00fcndig. Biden hat seinerseits erkl\u00e4rt, dass er eine R\u00fcckkehr zur \u201eNormalit\u00e4t\u201c anstrebe. Diese soll laut USA-Pr\u00e4sident darin bestehen, dass die USA wieder bereit seien, die Welt anzuf\u00fchren. Die\u2026","rel":"","context":"In &quot;Frieden - Antifaschismus - Solidarit\u00e4t&quot;","block_context":{"text":"Frieden - Antifaschismus - Solidarit\u00e4t","link":"https:\/\/www.freidenker.org\/?cat=13"},"img":{"alt_text":"","src":"https:\/\/i0.wp.com\/www.freidenker.org\/fw17\/wp-content\/uploads\/2020\/12\/usa_adler_1008448_800x450.jpg?fit=800%2C450&ssl=1&resize=350%2C200","width":350,"height":200,"srcset":"https:\/\/i0.wp.com\/www.freidenker.org\/fw17\/wp-content\/uploads\/2020\/12\/usa_adler_1008448_800x450.jpg?fit=800%2C450&ssl=1&resize=350%2C200 1x, https:\/\/i0.wp.com\/www.freidenker.org\/fw17\/wp-content\/uploads\/2020\/12\/usa_adler_1008448_800x450.jpg?fit=800%2C450&ssl=1&resize=525%2C300 1.5x, https:\/\/i0.wp.com\/www.freidenker.org\/fw17\/wp-content\/uploads\/2020\/12\/usa_adler_1008448_800x450.jpg?fit=800%2C450&ssl=1&resize=700%2C400 2x"},"classes":[]},{"id":20148,"url":"https:\/\/www.freidenker.org\/?p=20148","url_meta":{"origin":19922,"position":2},"title":"Joe Biden in Deutschland","author":"Webredaktion","date":"19. Oktober 2024","format":false,"excerpt":"Der US-Pr\u00e4sident besucht seine Kolonie Kommentar von\u00a0Wolfgang Bittner Urspr\u00fcnglich hatte sich US-Pr\u00e4sident Joseph (Joe) Biden f\u00fcr den 10. bis 13. Oktober in Berlin und Ramstein angesagt,[1] den Besuch jedoch kurzfristig verschoben, angeblich wegen des in Florida erwarteten Hurrikans Milton. Nun wurde bekannt, dass Biden seinen Abschiedsbesuch am 17. und 18.\u2026","rel":"","context":"In &quot;Demokratie \u2013 Medien \u2013 Aufkl\u00e4rung&quot;","block_context":{"text":"Demokratie \u2013 Medien \u2013 Aufkl\u00e4rung","link":"https:\/\/www.freidenker.org\/?cat=12"},"img":{"alt_text":"","src":"https:\/\/i0.wp.com\/www.freidenker.org\/fw17\/wp-content\/uploads\/2024\/10\/Joe_Biden_is_escorted_to_Air_Force_One_800x450.jpg?fit=800%2C450&ssl=1&resize=350%2C200","width":350,"height":200,"srcset":"https:\/\/i0.wp.com\/www.freidenker.org\/fw17\/wp-content\/uploads\/2024\/10\/Joe_Biden_is_escorted_to_Air_Force_One_800x450.jpg?fit=800%2C450&ssl=1&resize=350%2C200 1x, https:\/\/i0.wp.com\/www.freidenker.org\/fw17\/wp-content\/uploads\/2024\/10\/Joe_Biden_is_escorted_to_Air_Force_One_800x450.jpg?fit=800%2C450&ssl=1&resize=525%2C300 1.5x, https:\/\/i0.wp.com\/www.freidenker.org\/fw17\/wp-content\/uploads\/2024\/10\/Joe_Biden_is_escorted_to_Air_Force_One_800x450.jpg?fit=800%2C450&ssl=1&resize=700%2C400 2x"},"classes":[]},{"id":8934,"url":"https:\/\/www.freidenker.org\/?p=8934","url_meta":{"origin":19922,"position":3},"title":"Biden-Administration hei\u00dft mehr Aggressionen","author":"Webredaktion","date":"30. November 2020","format":false,"excerpt":"Interview mit Christopher Black, Mitglied der Weltunion der Freidenker Ich erwarte, dass die Biden-Administration, wenn sie ihr Amt antritt, die gleiche aggressive Politik fortsetzt, die die USA seit Generationen verfolgt, wo immer sie ihre Interessen sieht, d.h. ihren Zugang zu M\u00e4rkten und Ressourcen, herausgefordert durch den Wettbewerb mit anderen Nationen,\u2026","rel":"","context":"In &quot;Frieden - Antifaschismus - Solidarit\u00e4t&quot;","block_context":{"text":"Frieden - Antifaschismus - Solidarit\u00e4t","link":"https:\/\/www.freidenker.org\/?cat=13"},"img":{"alt_text":"","src":"https:\/\/i0.wp.com\/www.freidenker.org\/fw17\/wp-content\/uploads\/2020\/11\/Joe_Biden_49405107506_800x450.jpg?fit=800%2C450&ssl=1&resize=350%2C200","width":350,"height":200,"srcset":"https:\/\/i0.wp.com\/www.freidenker.org\/fw17\/wp-content\/uploads\/2020\/11\/Joe_Biden_49405107506_800x450.jpg?fit=800%2C450&ssl=1&resize=350%2C200 1x, https:\/\/i0.wp.com\/www.freidenker.org\/fw17\/wp-content\/uploads\/2020\/11\/Joe_Biden_49405107506_800x450.jpg?fit=800%2C450&ssl=1&resize=525%2C300 1.5x, https:\/\/i0.wp.com\/www.freidenker.org\/fw17\/wp-content\/uploads\/2020\/11\/Joe_Biden_49405107506_800x450.jpg?fit=800%2C450&ssl=1&resize=700%2C400 2x"},"classes":[]},{"id":10092,"url":"https:\/\/www.freidenker.org\/?p=10092","url_meta":{"origin":19922,"position":4},"title":"100 Tage US-Pr\u00e4sident Joe Biden: Eine Bestandsaufnahme","author":"Webredaktion","date":"29. April 2021","format":false,"excerpt":"Beitrag von Rainer Rupp Nach den ersten 100 Tagen der neuen Joe-Biden-Administration ist es Zeit f\u00fcr eine erste Einsch\u00e4tzung, ob die gro\u00dfen Hoffnungen, die viele Trump-Gegner in Biden gesetzt hatten, sich wenigstens ansatzweise erf\u00fcllt haben. Innenpolitisch steht die Biden-Administration noch ganz unter dem Einfluss der Corona-Krise. Wenn man von den\u2026","rel":"","context":"In &quot;Demokratie \u2013 Medien \u2013 Aufkl\u00e4rung&quot;","block_context":{"text":"Demokratie \u2013 Medien \u2013 Aufkl\u00e4rung","link":"https:\/\/www.freidenker.org\/?cat=12"},"img":{"alt_text":"","src":"https:\/\/i0.wp.com\/www.freidenker.org\/fw17\/wp-content\/uploads\/2021\/04\/joe-biden-5383307_800x450.jpg?fit=800%2C450&ssl=1&resize=350%2C200","width":350,"height":200,"srcset":"https:\/\/i0.wp.com\/www.freidenker.org\/fw17\/wp-content\/uploads\/2021\/04\/joe-biden-5383307_800x450.jpg?fit=800%2C450&ssl=1&resize=350%2C200 1x, https:\/\/i0.wp.com\/www.freidenker.org\/fw17\/wp-content\/uploads\/2021\/04\/joe-biden-5383307_800x450.jpg?fit=800%2C450&ssl=1&resize=525%2C300 1.5x, https:\/\/i0.wp.com\/www.freidenker.org\/fw17\/wp-content\/uploads\/2021\/04\/joe-biden-5383307_800x450.jpg?fit=800%2C450&ssl=1&resize=700%2C400 2x"},"classes":[]},{"id":17370,"url":"https:\/\/www.freidenker.org\/?p=17370","url_meta":{"origin":19922,"position":5},"title":"Panik im Wei\u00dfen Haus?","author":"Webredaktion","date":"30. Oktober 2023","format":false,"excerpt":"\u00a0\u2013 geplagt von \"epischen Sorgen und historischer Gefahr\" Beitrag von Dagmar Henn Es ist im Grunde schon seit Monaten die zentrale Frage, die alle Beobachter au\u00dferhalb des Westens umtreibt: Gibt es irgendjemanden im Regierungsapparat der Vereinigten Staaten, der die kontinuierliche Eskalation anh\u00e4lt? Die Informationsquellen, die man finden kann, um einen\u2026","rel":"","context":"In &quot;Demokratie \u2013 Medien \u2013 Aufkl\u00e4rung&quot;","block_context":{"text":"Demokratie \u2013 Medien \u2013 Aufkl\u00e4rung","link":"https:\/\/www.freidenker.org\/?cat=12"},"img":{"alt_text":"","src":"https:\/\/i0.wp.com\/www.freidenker.org\/fw17\/wp-content\/uploads\/2023\/10\/White_House_Party_5-1-2011_5680869878_800x450.jpg?fit=800%2C450&ssl=1&resize=350%2C200","width":350,"height":200,"srcset":"https:\/\/i0.wp.com\/www.freidenker.org\/fw17\/wp-content\/uploads\/2023\/10\/White_House_Party_5-1-2011_5680869878_800x450.jpg?fit=800%2C450&ssl=1&resize=350%2C200 1x, https:\/\/i0.wp.com\/www.freidenker.org\/fw17\/wp-content\/uploads\/2023\/10\/White_House_Party_5-1-2011_5680869878_800x450.jpg?fit=800%2C450&ssl=1&resize=525%2C300 1.5x, https:\/\/i0.wp.com\/www.freidenker.org\/fw17\/wp-content\/uploads\/2023\/10\/White_House_Party_5-1-2011_5680869878_800x450.jpg?fit=800%2C450&ssl=1&resize=700%2C400 2x"},"classes":[]}],"_links":{"self":[{"href":"https:\/\/www.freidenker.org\/index.php?rest_route=\/wp\/v2\/posts\/19922","targetHints":{"allow":["GET"]}}],"collection":[{"href":"https:\/\/www.freidenker.org\/index.php?rest_route=\/wp\/v2\/posts"}],"about":[{"href":"https:\/\/www.freidenker.org\/index.php?rest_route=\/wp\/v2\/types\/post"}],"author":[{"embeddable":true,"href":"https:\/\/www.freidenker.org\/index.php?rest_route=\/wp\/v2\/users\/3"}],"replies":[{"embeddable":true,"href":"https:\/\/www.freidenker.org\/index.php?rest_route=%2Fwp%2Fv2%2Fcomments&post=19922"}],"version-history":[{"count":0,"href":"https:\/\/www.freidenker.org\/index.php?rest_route=\/wp\/v2\/posts\/19922\/revisions"}],"wp:featuredmedia":[{"embeddable":true,"href":"https:\/\/www.freidenker.org\/index.php?rest_route=\/wp\/v2\/media\/19924"}],"wp:attachment":[{"href":"https:\/\/www.freidenker.org\/index.php?rest_route=%2Fwp%2Fv2%2Fmedia&parent=19922"}],"wp:term":[{"taxonomy":"category","embeddable":true,"href":"https:\/\/www.freidenker.org\/index.php?rest_route=%2Fwp%2Fv2%2Fcategories&post=19922"},{"taxonomy":"post_tag","embeddable":true,"href":"https:\/\/www.freidenker.org\/index.php?rest_route=%2Fwp%2Fv2%2Ftags&post=19922"}],"curies":[{"name":"wp","href":"https:\/\/api.w.org\/{rel}","templated":true}]}}