{"id":19914,"date":"2024-09-27T23:17:18","date_gmt":"2024-09-27T21:17:18","guid":{"rendered":"https:\/\/www.freidenker.org\/?p=19914"},"modified":"2024-11-17T16:02:15","modified_gmt":"2024-11-17T15:02:15","slug":"nie-wieder-krieg-freidenker-verband-ruft-zur-teilnahme-am-3-oktober-auf","status":"publish","type":"post","link":"https:\/\/www.freidenker.org\/?p=19914","title":{"rendered":"&#8222;Nie wieder Krieg!&#8220; &#8211; Freidenker-Verband ruft zur Teilnahme am 3. Oktober auf"},"content":{"rendered":"<p><em>von <strong>Sebastian Bahlo<\/strong><\/em><\/p>\n<p>Um den Aufruf zur <strong>Demonstration &#8222;Nie wieder Krieg!&#8220;<\/strong>, zu der am 3. Oktober 2024 in Berlin aufgerufen wird (s. <a href=\"#flugblatt\">Anhang<\/a>), gibt es aus naheliegenden Gr\u00fcnden Kontroversen. Nicht ohne Grund hatten wir den <a href=\"https:\/\/www.freidenker.org\/?p=19584\">Meinungsbeitrag unserer Genossin Dagmar Henn<\/a> ver\u00f6ffentlicht, der den Text des Aufrufs scharf kritisiert. Diese Kritik teilen wir vollumf\u00e4nglich. Sachfremde Forderungen wie die, Geld u.a. in Klimaschutz zu investieren und den Sozialstaat auszubauen, oder strittige wie die nach Unterzeichnung des Atomwaffenverbotsvertrags oder: &#8222;Recht auf Kriegsdienstverweigerung \u00fcberall!&#8220; haben nach unserer Einsch\u00e4tzung nur die Funktion, dass das ideologische Milieu der Veranstalter bei der Demo unter sich bleibt. Allen Kriegsgegnern, die zu Klima, Sozialstaat, Wehrpflicht und Atomwaffen im Allgemeinen eine andere Meinung haben als die Veranstalter, signalisieren diese Forderungen: Wir m\u00fcssen drau\u00dfen bleiben. In einem allgemeinen Aufruf zu verschiedenen Aktionen, darunter auch der zum 3. Oktober, erdreisten sich die Initiatoren gar zu dem Urteilsspruch, dass die &#8222;unmittelbare Kriegsschuld Russlands au\u00dfer Frage steht&#8220;, womit alle, die das Wesen des aktuellen Krieges klarer erfasst haben als die Autoren, und das sind viele, dazu gebracht werden, sich ver\u00e4chtlich abzuwenden. Es hat schon eine traurige Ironie, da\u00df gleichzeitig die fr\u00fchere St\u00e4rke der Friedensbewegung beschworen wird, wenn alles unternommen wird, um zu verhindern, dass Menschen aller Lebenbereiche und politischer \u00dcberzeugungen am 3. Oktober ihre Kr\u00e4fte b\u00fcndeln.<\/p>\n<p>Allerdings w\u00e4re es verfehlt, aus dieser Kritik des Aufrufs und der Aufrufer etwa den Schluss zu ziehen, dass man der Demo fernbleiben sollte. Im Gegenteil. Wir beurteilen den objektiven Charakter der Aktion nicht nach den Auslassungen der Initiatoren, sondern danach, wie gef\u00e4hrlich den Kriegstreibern zu werden sie das Potential hat. Und die Kriegstreiber spucken Gift und Galle. Der ukrainische Botschafter bef\u00fcrchtet eine &#8222;Friedensshow&#8220;, &#8222;bei der die Ukraine zum Bestpreis verh\u00f6kert&#8220; werde. Dem SPD-Bundestagsabgeordneten Ralf Stegner, der sich als Redner angek\u00fcndigt hat, wird vorgeworfen, &#8222;f\u00fcr den Sieg des russischen Imperialismus&#8220; zu agitieren. Wir finden, dass solche Werbung die Defizite des Aufrufs wettmacht.<\/p>\n<p>Es sei auch der k\u00fcrzlich von uns online ver\u00f6ffentlichte <a href=\"https:\/\/www.freidenker.org\/?p=19902\">Meinungsbeitrag von Klaus Hartmann<\/a> &#8222;Kriegshetzer in der Deutschen &#8218;Friedensgesellschaft&#8216; gegen Friedensdemonstration&#8220; zur Vertiefung empfohlen, der sich mit Angriffen auf die Friedensbewegung von innen besch\u00e4ftigt.<\/p>\n<p>Wir wissen, dass die Freunde des Freidenker-Verbands ein tiefes Verst\u00e4ndnis f\u00fcr die Ursachen der gegenw\u00e4rtigen geopolitischen Zuspitzung haben gem\u00e4\u00df unserer seit 2014 g\u00fcltigen Losung: &#8222;Der Aggressor hei\u00dft NATO&#8220;, aber auch \u00fcber die Einsicht verf\u00fcgen, welche Bewegungen die objektiv fortschrittlichen sind, auch wenn die Phrase hinter der Sache zur\u00fcckbleibt. Es gibt schon eine Reihe ehemals fortschrittlicher Organisationen, die inzwischen offenbar von den \u201eDiensten\u201c \u00fcbernommen wurden. Wir m\u00fcssen alles tun, um die Spaltungs- und Zersetzungsversuchen gegen\u00fcber der Friedensbewegung zur\u00fcckzuweisen. Aktuell ist das wirksamste Mittel daf\u00fcr, die Demonstration am 3. Oktober 2024 zum Erfolg zu machen, indem wir viele Teilnehmer daf\u00fcr mobilisieren. Man muss nicht mit jeder einzelnen Formulierung eines Aufrufs \u00fcbereinstimmen, in \u201eB\u00fcndnisaufrufen\u201c wird ohnehin niemand seine eigene Position in Reinkultur wiederfinden. Man muss nicht unbedingt selbst unterschreiben, aber die Frage der Teilnahme und Unterst\u00fctzung ist eine ganz andere: Wir m\u00fcssen auf die Stra\u00dfe, um den wahnsinnigen Kurs auf Aufr\u00fcstung, Sterbehilfe f\u00fcr die Ukraine und Kriegseskalation gegen\u00fcber Russland zu stoppen.<\/p>\n<p>&nbsp;<\/p>\n<h4 style=\"text-align: center;\"><strong>Keine Zustimmung zur Stationierung neuer US-Raketen!<\/strong><\/h4>\n<h4 style=\"text-align: center;\"><strong>NATO raus \u2013 aus der Ukraine und aus Deutschland!<\/strong><\/h4>\n<p>&nbsp;<\/p>\n<p style=\"text-align: right;\"><em>Sebastian Bahlo ist Vorsitzender des Deutschen Freidenker-Verbandes<\/em><\/p>\n<hr \/>\n<p>&nbsp;<\/p>\n<p><img data-recalc-dims=\"1\" loading=\"lazy\" decoding=\"async\" data-attachment-id=\"19904\" data-permalink=\"https:\/\/www.freidenker.org\/?attachment_id=19904\" data-orig-file=\"https:\/\/i0.wp.com\/www.freidenker.org\/fw17\/wp-content\/uploads\/2024\/09\/Flugi-A4-final-3.10._Vorderseite-.jpg?fit=1252%2C1766&amp;ssl=1\" data-orig-size=\"1252,1766\" data-comments-opened=\"0\" data-image-meta=\"{&quot;aperture&quot;:&quot;0&quot;,&quot;credit&quot;:&quot;&quot;,&quot;camera&quot;:&quot;&quot;,&quot;caption&quot;:&quot;&quot;,&quot;created_timestamp&quot;:&quot;0&quot;,&quot;copyright&quot;:&quot;&quot;,&quot;focal_length&quot;:&quot;0&quot;,&quot;iso&quot;:&quot;0&quot;,&quot;shutter_speed&quot;:&quot;0&quot;,&quot;title&quot;:&quot;&quot;,&quot;orientation&quot;:&quot;0&quot;}\" data-image-title=\"Flugi-A4-final-3.10._Vorderseite-\" data-image-description=\"\" data-image-caption=\"\" data-large-file=\"https:\/\/i0.wp.com\/www.freidenker.org\/fw17\/wp-content\/uploads\/2024\/09\/Flugi-A4-final-3.10._Vorderseite-.jpg?fit=726%2C1024&amp;ssl=1\" class=\"alignnone wp-image-19904\" src=\"https:\/\/i0.wp.com\/www.freidenker.org\/fw17\/wp-content\/uploads\/2024\/09\/Flugi-A4-final-3.10._Vorderseite-.jpg?resize=532%2C750&#038;ssl=1\" alt=\"\" width=\"532\" height=\"750\" srcset=\"https:\/\/i0.wp.com\/www.freidenker.org\/fw17\/wp-content\/uploads\/2024\/09\/Flugi-A4-final-3.10._Vorderseite-.jpg?resize=726%2C1024&amp;ssl=1 726w, https:\/\/i0.wp.com\/www.freidenker.org\/fw17\/wp-content\/uploads\/2024\/09\/Flugi-A4-final-3.10._Vorderseite-.jpg?resize=213%2C300&amp;ssl=1 213w, https:\/\/i0.wp.com\/www.freidenker.org\/fw17\/wp-content\/uploads\/2024\/09\/Flugi-A4-final-3.10._Vorderseite-.jpg?resize=768%2C1083&amp;ssl=1 768w, https:\/\/i0.wp.com\/www.freidenker.org\/fw17\/wp-content\/uploads\/2024\/09\/Flugi-A4-final-3.10._Vorderseite-.jpg?resize=1089%2C1536&amp;ssl=1 1089w, https:\/\/i0.wp.com\/www.freidenker.org\/fw17\/wp-content\/uploads\/2024\/09\/Flugi-A4-final-3.10._Vorderseite-.jpg?w=1252&amp;ssl=1 1252w\" sizes=\"auto, (max-width: 532px) 100vw, 532px\" \/><\/p>\n<p><span style=\"font-size: 10pt;\">Plakat zur Demo, Quelle: <a href=\"https:\/\/nie-wieder-krieg.org\/2024\/09\/08\/neue-flugblaetter-neue-plakate\/\" target=\"_blank\" rel=\"noopener\">nie-wieder-krieg.org<\/a><\/span><\/p>\n<hr \/>\n<h4><a id=\"flugblatt\"><\/a>Download<\/h4>\n<p><img data-recalc-dims=\"1\" loading=\"lazy\" decoding=\"async\" data-attachment-id=\"1076\" data-permalink=\"https:\/\/www.freidenker.org\/?attachment_id=1076\" data-orig-file=\"https:\/\/i0.wp.com\/www.freidenker.org\/fw17\/wp-content\/uploads\/2017\/10\/pdf_icon-2.png?fit=32%2C32&amp;ssl=1\" data-orig-size=\"32,32\" data-comments-opened=\"0\" data-image-meta=\"{&quot;aperture&quot;:&quot;0&quot;,&quot;credit&quot;:&quot;&quot;,&quot;camera&quot;:&quot;&quot;,&quot;caption&quot;:&quot;&quot;,&quot;created_timestamp&quot;:&quot;0&quot;,&quot;copyright&quot;:&quot;&quot;,&quot;focal_length&quot;:&quot;0&quot;,&quot;iso&quot;:&quot;0&quot;,&quot;shutter_speed&quot;:&quot;0&quot;,&quot;title&quot;:&quot;&quot;,&quot;orientation&quot;:&quot;0&quot;}\" data-image-title=\"pdf_icon\" data-image-description=\"\" data-image-caption=\"\" data-large-file=\"https:\/\/i0.wp.com\/www.freidenker.org\/fw17\/wp-content\/uploads\/2017\/10\/pdf_icon-2.png?fit=32%2C32&amp;ssl=1\" class=\"alignnone size-full wp-image-1076\" src=\"https:\/\/i0.wp.com\/www.freidenker.org\/fw17\/wp-content\/uploads\/2017\/10\/pdf_icon-2.png?resize=32%2C32&#038;ssl=1\" alt=\"\" width=\"32\" height=\"32\" \/>\u00a0<a href=\"https:\/\/www.freidenker.org\/fw17\/wp-content\/uploads\/2024\/09\/Demo_2024-10-03_Flugi-A4-final-3.10._farbe_print.pdf\" target=\"_blank\" rel=\"noopener\">Flugblatt zur Demo, Format A4<\/a> (PDF-Dokument, ca. 540 KB)<\/p>\n<hr \/>\n<h4>Lesen Sie zum Thema auch:<\/h4>\n<blockquote class=\"wp-embedded-content\" data-secret=\"yBq1EoJcXv\"><p><a href=\"https:\/\/www.freidenker.org\/?p=19584\">Wie man nicht f\u00fcr den Frieden mobilisiert<\/a><\/p><\/blockquote>\n<p><iframe loading=\"lazy\" class=\"wp-embedded-content\" sandbox=\"allow-scripts\" security=\"restricted\" style=\"position: absolute; visibility: hidden;\" title=\"&#8222;Wie man nicht f\u00fcr den Frieden mobilisiert&#8220; &#8212; Deutscher Freidenker-Verband e.V.\" src=\"https:\/\/www.freidenker.org\/?p=19584&#038;embed=true#?secret=yP1peIZk53#?secret=yBq1EoJcXv\" data-secret=\"yBq1EoJcXv\" width=\"600\" height=\"338\" frameborder=\"0\" marginwidth=\"0\" marginheight=\"0\" scrolling=\"no\"><\/iframe><\/p>\n<blockquote class=\"wp-embedded-content\" data-secret=\"R0GvihmhiI\"><p><a href=\"https:\/\/www.freidenker.org\/?p=19902\">Kriegshetzer in der Deutschen \u201eFriedensgesellschaft\u201c gegen Friedensdemonstration<\/a><\/p><\/blockquote>\n<p><iframe loading=\"lazy\" class=\"wp-embedded-content\" sandbox=\"allow-scripts\" security=\"restricted\" style=\"position: absolute; visibility: hidden;\" title=\"&#8222;Kriegshetzer in der Deutschen \u201eFriedensgesellschaft\u201c gegen Friedensdemonstration&#8220; &#8212; Deutscher Freidenker-Verband e.V.\" src=\"https:\/\/www.freidenker.org\/?p=19902&#038;embed=true#?secret=GKfz0X6fbh#?secret=R0GvihmhiI\" data-secret=\"R0GvihmhiI\" width=\"600\" height=\"338\" frameborder=\"0\" marginwidth=\"0\" marginheight=\"0\" scrolling=\"no\"><\/iframe><\/p>\n<hr \/>\n<p><span style=\"font-size: 10pt;\">Bild oben: Ausschnitt aus dem <a href=\"https:\/\/nie-wieder-krieg.org\/2024\/09\/08\/neue-flugblaetter-neue-plakate\/\" target=\"_blank\" rel=\"noopener\">Plakat zur Demo<\/a><\/span><\/p>\n","protected":false},"excerpt":{"rendered":"<p><b>Aufruf von Sebastian Bahlo<\/b><br \/>\nUm den Aufruf zur Demonstration &#8222;Nie wieder Krieg!&#8220;, zu der am 3. Oktober 2024 in Berlin aufgerufen wird, gibt es aus naheliegenden Gr\u00fcnden Kontroversen. Nicht ohne Grund hatten wir den Meinungsbeitrag unserer Genossin Dagmar Henn ver\u00f6ffentlicht, der den Text des Aufrufs scharf kritisiert. Diese Kritik teilen wir vollumf\u00e4nglich. Sachfremde Forderungen wie die, Geld u.a. in Klimaschutz zu investieren und den Sozialstaat auszubauen, oder strittige wie die nach Unterzeichnung des Atomwaffenverbotsvertrags oder: &#8222;Recht auf Kriegsdienstverweigerung \u00fcberall!&#8220; haben nach unserer Einsch\u00e4tzung nur die Funktion, dass das ideologische Milieu der Veranstalter bei der Demo unter sich bleibt. [&#8230;] Allerdings w\u00e4re es verfehlt, aus dieser Kritik des Aufrufs und der Aufrufer etwa den Schluss zu ziehen, dass man der Demo fernbleiben sollte.<\/p>\n","protected":false},"author":3,"featured_media":19907,"comment_status":"closed","ping_status":"closed","sticky":false,"template":"","format":"standard","meta":{"colormag_page_container_layout":"default_layout","colormag_page_sidebar_layout":"default_layout","advanced_seo_description":"","jetpack_seo_html_title":"","jetpack_seo_noindex":false,"jetpack_post_was_ever_published":false,"footnotes":""},"categories":[13,20],"tags":[1201,409,411,2343,335,43,1350,56,1672,2264],"class_list":["post-19914","post","type-post","status-publish","format-standard","has-post-thumbnail","hentry","category-frieden-antifaschismus-solidaritaet","category-zentrale-veranstaltungen","tag-aufruf","tag-berlin","tag-demonstration","tag-dfg-vk","tag-frieden","tag-friedensbewegung","tag-kritik","tag-nato","tag-raketen","tag-raketenstationierung"],"jetpack_featured_media_url":"https:\/\/i0.wp.com\/www.freidenker.org\/fw17\/wp-content\/uploads\/2024\/09\/plakat-demo_2024-10-03_800x450.jpg?fit=800%2C450&ssl=1","jetpack_shortlink":"https:\/\/wp.me\/p9stpK-5bc","jetpack-related-posts":[{"id":22989,"url":"https:\/\/www.freidenker.org\/?p=22989","url_meta":{"origin":19914,"position":0},"title":"Bundesweite Demonstration am 03. Oktober: Nie wieder Krieg \u2013 die Waffen nieder","author":"Webredaktion","date":"28. September 2025","format":false,"excerpt":"Bundesweite Demonstration am 3. Oktober 2025 in Berlin und in Stuttgart Die Initiative \u201eNie wieder Krieg \u2013 die Waffen nieder!\u201c ruft f\u00fcr den 3. Oktober gemeinsam mit Friedensorganisationen zu einer bundesweiten Demonstration an zwei Orten in Berlin und Stuttgart auf. Aus dem Aufruf: Die Situation in Europa entwickelt sich gef\u00e4hrlich\u2026","rel":"","context":"In &quot;Frieden - Antifaschismus - Solidarit\u00e4t&quot;","block_context":{"text":"Frieden - Antifaschismus - Solidarit\u00e4t","link":"https:\/\/www.freidenker.org\/?cat=13"},"img":{"alt_text":"","src":"https:\/\/i0.wp.com\/www.freidenker.org\/fw17\/wp-content\/uploads\/2025\/09\/Plakat03-oktober_auszug_800x450.jpg?fit=800%2C450&ssl=1&resize=350%2C200","width":350,"height":200,"srcset":"https:\/\/i0.wp.com\/www.freidenker.org\/fw17\/wp-content\/uploads\/2025\/09\/Plakat03-oktober_auszug_800x450.jpg?fit=800%2C450&ssl=1&resize=350%2C200 1x, https:\/\/i0.wp.com\/www.freidenker.org\/fw17\/wp-content\/uploads\/2025\/09\/Plakat03-oktober_auszug_800x450.jpg?fit=800%2C450&ssl=1&resize=525%2C300 1.5x, https:\/\/i0.wp.com\/www.freidenker.org\/fw17\/wp-content\/uploads\/2025\/09\/Plakat03-oktober_auszug_800x450.jpg?fit=800%2C450&ssl=1&resize=700%2C400 2x"},"classes":[]},{"id":15176,"url":"https:\/\/www.freidenker.org\/?p=15176","url_meta":{"origin":19914,"position":1},"title":"VVN diffamiert Friedensdemonstranten","author":"Webredaktion","date":"6. Februar 2023","format":false,"excerpt":"Zusammengestellt von Klaus Hartmann Die Berliner VVN\/BdA ist auf die gl\u00e4nzende Idee gekommen, sich im Nachhinein von der Kundgebung der Friedenskoordination Berlin zu distanzieren, zu der diese am 27. Januar 2023 (\u201eHolocaust-Gedenktag\u201c) aufgerufen hat. Inhalt: Aus dem Aufruf der Friko Berlin \/ Antwort der VVN: Querfront f\u00fcr den Frieden? Ohne\u2026","rel":"","context":"In &quot;Frieden - Antifaschismus - Solidarit\u00e4t&quot;","block_context":{"text":"Frieden - Antifaschismus - Solidarit\u00e4t","link":"https:\/\/www.freidenker.org\/?cat=13"},"img":{"alt_text":"","src":"https:\/\/i0.wp.com\/www.freidenker.org\/fw17\/wp-content\/uploads\/2023\/02\/klartext_FrikoBerlin_52652636483_2023-01-27_800x450.jpg?fit=800%2C450&ssl=1&resize=350%2C200","width":350,"height":200,"srcset":"https:\/\/i0.wp.com\/www.freidenker.org\/fw17\/wp-content\/uploads\/2023\/02\/klartext_FrikoBerlin_52652636483_2023-01-27_800x450.jpg?fit=800%2C450&ssl=1&resize=350%2C200 1x, https:\/\/i0.wp.com\/www.freidenker.org\/fw17\/wp-content\/uploads\/2023\/02\/klartext_FrikoBerlin_52652636483_2023-01-27_800x450.jpg?fit=800%2C450&ssl=1&resize=525%2C300 1.5x, https:\/\/i0.wp.com\/www.freidenker.org\/fw17\/wp-content\/uploads\/2023\/02\/klartext_FrikoBerlin_52652636483_2023-01-27_800x450.jpg?fit=800%2C450&ssl=1&resize=700%2C400 2x"},"classes":[]},{"id":20722,"url":"https:\/\/www.freidenker.org\/?p=20722","url_meta":{"origin":19914,"position":2},"title":"Galerie: Liebknecht-Luxemburg-Wochenende 2025","author":"Webredaktion","date":"17. Januar 2025","format":false,"excerpt":"Beitrag der Webredaktion Allj\u00e4hrlich am zweiten Januar-Wochenende finden traditionsgem\u00e4\u00df die Rosa-Luxemburg-Konferenz und die Liebknecht-Luxemburg-Demonstration in Berlin statt. Da sich zu diesem Anlass viele Mitglieder des Deutschen Freidenker-Verbandes ohnehin in Berlin aufhalten, nutzen wir die Gelegenheit zu weiteren Veranstaltungen in der Hauptstadt: Sitzung des Gesch\u00e4ftsf\u00fchrenden Verbandsvorstandes und Treffen des Beirates des\u2026","rel":"","context":"In &quot;Frieden - Antifaschismus - Solidarit\u00e4t&quot;","block_context":{"text":"Frieden - Antifaschismus - Solidarit\u00e4t","link":"https:\/\/www.freidenker.org\/?cat=13"},"img":{"alt_text":"","src":"https:\/\/i0.wp.com\/www.freidenker.org\/fw17\/wp-content\/uploads\/2025\/01\/RLK_LLD_2025_800x450.jpg?fit=800%2C450&ssl=1&resize=350%2C200","width":350,"height":200,"srcset":"https:\/\/i0.wp.com\/www.freidenker.org\/fw17\/wp-content\/uploads\/2025\/01\/RLK_LLD_2025_800x450.jpg?fit=800%2C450&ssl=1&resize=350%2C200 1x, https:\/\/i0.wp.com\/www.freidenker.org\/fw17\/wp-content\/uploads\/2025\/01\/RLK_LLD_2025_800x450.jpg?fit=800%2C450&ssl=1&resize=525%2C300 1.5x, https:\/\/i0.wp.com\/www.freidenker.org\/fw17\/wp-content\/uploads\/2025\/01\/RLK_LLD_2025_800x450.jpg?fit=800%2C450&ssl=1&resize=700%2C400 2x"},"classes":[]},{"id":15340,"url":"https:\/\/www.freidenker.org\/?p=15340","url_meta":{"origin":19914,"position":3},"title":"K\u00f6nnen wir dieser Regierung noch vertrauen?","author":"Webredaktion","date":"21. Februar 2023","format":false,"excerpt":"Aufruf zur Protestkundgebung am Samstag, den 25. Februar 2023 um 10:00 Uhr in Brandenburg\/Havel, Neust\u00e4dtischer Markt Pressemitteilung des B\u00fcndnisses f\u00fcr Frieden: \"Am 24.2. wird es in zahlreichen Medien um die Tatsache gehen, dass 365 Tage Krieg in der Ukraine herrscht. Kein Wort wird davon zu h\u00f6ren sein, dass die Besch\u00fcsse\u2026","rel":"","context":"In &quot;Frieden - Antifaschismus - Solidarit\u00e4t&quot;","block_context":{"text":"Frieden - Antifaschismus - Solidarit\u00e4t","link":"https:\/\/www.freidenker.org\/?cat=13"},"img":{"alt_text":"","src":"https:\/\/i0.wp.com\/www.freidenker.org\/fw17\/wp-content\/uploads\/2023\/02\/mahnwache_bbg_2023_800x450.jpg?fit=800%2C450&ssl=1&resize=350%2C200","width":350,"height":200,"srcset":"https:\/\/i0.wp.com\/www.freidenker.org\/fw17\/wp-content\/uploads\/2023\/02\/mahnwache_bbg_2023_800x450.jpg?fit=800%2C450&ssl=1&resize=350%2C200 1x, https:\/\/i0.wp.com\/www.freidenker.org\/fw17\/wp-content\/uploads\/2023\/02\/mahnwache_bbg_2023_800x450.jpg?fit=800%2C450&ssl=1&resize=525%2C300 1.5x, https:\/\/i0.wp.com\/www.freidenker.org\/fw17\/wp-content\/uploads\/2023\/02\/mahnwache_bbg_2023_800x450.jpg?fit=800%2C450&ssl=1&resize=700%2C400 2x"},"classes":[]},{"id":24934,"url":"https:\/\/www.freidenker.org\/?p=24934","url_meta":{"origin":19914,"position":4},"title":"Demonstration, Kundgebung und Konzert zum Tag der Begegnung am 25. April 2026 in Torgau","author":"Webredaktion","date":"20. April 2026","format":false,"excerpt":"Anl\u00e4sslich des 81. Jahrestages des Tages der Begegnung in Torgau finden mehrere Veranstaltungen statt. Die DKP und zahlreiche Unterst\u00fctzer, darunter der Deutsche Freidenker-Verband rufen auf zur Friedensdemonstration zum Tag der Begegnung, Torgau 1945-2026 am 25. April 2026, Beginn um 11.30 Uhr am Br\u00fcckenkopf Torgau. Aus dem Aufruf: Nie wieder Faschismus\u2026","rel":"","context":"In &quot;Frieden - Antifaschismus - Solidarit\u00e4t&quot;","block_context":{"text":"Frieden - Antifaschismus - Solidarit\u00e4t","link":"https:\/\/www.freidenker.org\/?cat=13"},"img":{"alt_text":"","src":"https:\/\/i0.wp.com\/www.freidenker.org\/fw17\/wp-content\/uploads\/2026\/04\/TdB_Torgau_2026_800x450.jpg?fit=800%2C450&ssl=1&resize=350%2C200","width":350,"height":200,"srcset":"https:\/\/i0.wp.com\/www.freidenker.org\/fw17\/wp-content\/uploads\/2026\/04\/TdB_Torgau_2026_800x450.jpg?fit=800%2C450&ssl=1&resize=350%2C200 1x, https:\/\/i0.wp.com\/www.freidenker.org\/fw17\/wp-content\/uploads\/2026\/04\/TdB_Torgau_2026_800x450.jpg?fit=800%2C450&ssl=1&resize=525%2C300 1.5x, https:\/\/i0.wp.com\/www.freidenker.org\/fw17\/wp-content\/uploads\/2026\/04\/TdB_Torgau_2026_800x450.jpg?fit=800%2C450&ssl=1&resize=700%2C400 2x"},"classes":[]},{"id":10588,"url":"https:\/\/www.freidenker.org\/?p=10588","url_meta":{"origin":19914,"position":5},"title":"Gemeinsam f\u00fcr den Frieden &#8211; Ein Aufruf zur Vernunft","author":"Webredaktion","date":"22. Juni 2021","format":false,"excerpt":"Zur Erinnerung und Mahnung an den 22.06.1941, dem Tag des \u00dcberfalls der deutschen Wehrmacht auf die Sowjetunion, fand am 16.06.2021 eine Pressekonferenz des Verbandes zur Pflege der Traditionen der NVA und GT der DDR und von ISOR e.V. statt. Dort wurde der Aufruf \"Gemeinsam f\u00fcr den Frieden\" von Milit\u00e4rs aus\u2026","rel":"","context":"In &quot;Frieden - Antifaschismus - Solidarit\u00e4t&quot;","block_context":{"text":"Frieden - Antifaschismus - Solidarit\u00e4t","link":"https:\/\/www.freidenker.org\/?cat=13"},"img":{"alt_text":"","src":"https:\/\/i0.wp.com\/www.freidenker.org\/fw17\/wp-content\/uploads\/2021\/06\/Treptow_P1040660_800x450_v2.jpg?fit=800%2C450&ssl=1&resize=350%2C200","width":350,"height":200,"srcset":"https:\/\/i0.wp.com\/www.freidenker.org\/fw17\/wp-content\/uploads\/2021\/06\/Treptow_P1040660_800x450_v2.jpg?fit=800%2C450&ssl=1&resize=350%2C200 1x, https:\/\/i0.wp.com\/www.freidenker.org\/fw17\/wp-content\/uploads\/2021\/06\/Treptow_P1040660_800x450_v2.jpg?fit=800%2C450&ssl=1&resize=525%2C300 1.5x, https:\/\/i0.wp.com\/www.freidenker.org\/fw17\/wp-content\/uploads\/2021\/06\/Treptow_P1040660_800x450_v2.jpg?fit=800%2C450&ssl=1&resize=700%2C400 2x"},"classes":[]}],"_links":{"self":[{"href":"https:\/\/www.freidenker.org\/index.php?rest_route=\/wp\/v2\/posts\/19914","targetHints":{"allow":["GET"]}}],"collection":[{"href":"https:\/\/www.freidenker.org\/index.php?rest_route=\/wp\/v2\/posts"}],"about":[{"href":"https:\/\/www.freidenker.org\/index.php?rest_route=\/wp\/v2\/types\/post"}],"author":[{"embeddable":true,"href":"https:\/\/www.freidenker.org\/index.php?rest_route=\/wp\/v2\/users\/3"}],"replies":[{"embeddable":true,"href":"https:\/\/www.freidenker.org\/index.php?rest_route=%2Fwp%2Fv2%2Fcomments&post=19914"}],"version-history":[{"count":0,"href":"https:\/\/www.freidenker.org\/index.php?rest_route=\/wp\/v2\/posts\/19914\/revisions"}],"wp:featuredmedia":[{"embeddable":true,"href":"https:\/\/www.freidenker.org\/index.php?rest_route=\/wp\/v2\/media\/19907"}],"wp:attachment":[{"href":"https:\/\/www.freidenker.org\/index.php?rest_route=%2Fwp%2Fv2%2Fmedia&parent=19914"}],"wp:term":[{"taxonomy":"category","embeddable":true,"href":"https:\/\/www.freidenker.org\/index.php?rest_route=%2Fwp%2Fv2%2Fcategories&post=19914"},{"taxonomy":"post_tag","embeddable":true,"href":"https:\/\/www.freidenker.org\/index.php?rest_route=%2Fwp%2Fv2%2Ftags&post=19914"}],"curies":[{"name":"wp","href":"https:\/\/api.w.org\/{rel}","templated":true}]}}