{"id":19902,"date":"2024-09-24T23:32:21","date_gmt":"2024-09-24T21:32:21","guid":{"rendered":"https:\/\/www.freidenker.org\/?p=19902"},"modified":"2024-11-17T16:01:43","modified_gmt":"2024-11-17T15:01:43","slug":"kriegshetzer-in-der-deutschen-friedensgesellschaft-gegen-friedensdemonstration","status":"publish","type":"post","link":"https:\/\/www.freidenker.org\/?p=19902","title":{"rendered":"Kriegshetzer in der Deutschen \u201eFriedensgesellschaft\u201c gegen Friedensdemonstration"},"content":{"rendered":"<p><em>Von <strong>Klaus Hartmann<\/strong><\/em><\/p>\n<p>Wenn W\u00fcterich Kiesewetter, Strack-Rheinmetall oder Panzertoni Hofreiter von Friedensdemonstrationen nicht erbaut sind, verwundert das ebensowenig wie beim Bundeskanzler, f\u00fcr den die Demonstranten \u201egefallene Engel aus der H\u00f6lle\u201c sind oder seinem \u201eVerteidigungs\u201c-Minister, der Deutschland lieber kriegst\u00fcchtig als friedensf\u00e4hig sehen will. Doch wenn eine Organisation, die lange f\u00fcr einen Teil der Friedensbewegung gehalten wurde, ins gleiche Horn st\u00f6\u00dft, ist das von ganz anderer Qualit\u00e4t.<\/p>\n<p>Manche Fragen zu stellen bedeutet, sie zu beantworten. \u201eVon der Friedensbewegung zur Weltuntergangssekte?\u201c ist so eine Frage, und sie wird (rhetorisch) gestellt vom Berliner Landesvorstand der DFG-VK. Ausgeschrieben bedeutet das \u201eDeutsche Friedensgesellschaft &#8211; Vereinigte Kriegsdienstgegner\u201c, und das ist ein gro\u00dfer Name. Die Gesellschaft blickt auf eine lange, verdienstvolle Geschichte zur\u00fcck. Sie wurde schon 1892 gegr\u00fcndet, und die Initiatorin war Bertha von Suttner, die erste Friedensnobelpreistr\u00e4gerin, wie die Internetseite der Organisation <a href=\"https:\/\/dfg-vk.de\/unsere-geschichte\/\">https:\/\/dfg-vk.de\/unsere-geschichte\/<\/a> nebst ungez\u00e4hlten schriftlichen Dokumenten auch stolz verk\u00fcndet. Verschwiegen wird hingegen, dass Genossin Bertha organisierte (\u00f6sterreichische) Freidenkerin war. Ihre ber\u00fchmte Losung \u201eDie Waffen nieder! war auch Titel ihres Romans, mit dem sie 1889 versuchte, gegen die Vorbereitungen zum ersten imperialistischen Weltkrieg zu mobilisieren.<\/p>\n<p>In dieser Tradition der Mobilisierung gegen einen Weltkrieg scheinen die heutigen Protagonisten dieser Organisation nicht zu stehen. Doch wie begr\u00fcnden die Berliner Friedensgesellschafter ihre infame \u201eFrage\u201c? Sie wenden sich gegen die zum 3. Oktober 2024 in Berlin aufgerufene bundesweite Demonstration der Friedensbewegung, und bereits das Datum bringt sie auf die Palme: \u201eAusgerechnet am 3. Oktober, dem Tag der Deutschen Einheit, soll es soweit sein\u201c, als handele es sich um ein Sakrileg, den heiligen Staatsfeiertag mit dem profanen Verlangen nach Frieden sozusagen zu entehren respektive zu sch\u00e4nden.<\/p>\n<p>Dem zur Demonstration aufrufenden B\u00fcndnis \u201eNie wieder Krieg\u201c wird attestiert, dass es sich \u201el\u00e4ngst aus jeder Menge Verschw\u00f6rungsschwurbeln zusammensetzt, die sich gegenseitig in Weltuntergangsfantasien, Pressehass und Gr\u00f6\u00dfenwahn best\u00e4rken\u201c, woraus folgt: \u201eDie DFG-VK sollte sich von diesem B\u00fcndnis fernhalten!\u201c Es ist bemerkenswert, dass Presseerzeugnisse, die permanent Hass auf Russland propagieren, angeblich von diesem B\u00fcndnis best\u00e4rkt werden sollen \u2013 den Nachweis bleibt die DFG-VK nat\u00fcrlich schuldig.<\/p>\n<p>Dem B\u00fcndnis-Protagonisten Reiner Braun wirft sie vor, er habe \u201esich in den letzten drei Jahren allergr\u00f6\u00dfte M\u00fche gegeben, die Reste der Corona-Hass-Verschw\u00f6rungswahnsinnigen in seinen Bundesausschuss Friedensratschlag zu integrieren\u201c. Das ist schon wieder eine Unwahrheit \u2013 es gab zu keiner Zeit Integrationsversuche gegen\u00fcber Jens Spahn oder Karl Lauterbach, Alena Buyx oder Frank Ulrich Montgomery, Saskia Esken oder Janosch Dahmen.<\/p>\n<p>Besonders erregen sich die Friedensgesellschafter \u00fcber den Satz \u201eStatt sich f\u00fcr Frieden einzusetzen, liefert der Westen \u2013 einschlie\u00dflich der Bundesregierung \u2013 immer mehr Waffen und beschleunigt die Eskalation durch die Erlaubnis, diese auch gegen russisches Gebiet einzusetzen.\u201c Das w\u00fcrde \u201eRussland v\u00f6llig unzutreffend eine Opfer-Rolle\u201c zuweisen, und man weigere sich, \u201eRussland-Propaganda nachzuquatschen\u201c. Sie quatschen lieber NATO-Propaganda nach, wenn \u201ein unseren Augen\u201c ein \u201erecht besonnene(s) Auftreten der Nato-Staaten\u201c stattfindet, n\u00e4mlich: \u201ez\u00f6gerliche Waffenlieferungen, Waffenlieferungen mit starken Nutzungseinschr\u00e4nkungen, keine Flugverbotszonen, keine Friedenstruppen\u201c. Ganz anders der Friedensdemoaufruf: Mit seiner Warnung vor einer Entwicklung \u201egef\u00e4hrlich in Richtung Gro\u00dfkrieg \u2026 bediene (er) lieber alter Feindbilder\u201c.<\/p>\n<p>Da freut sich die DFG-VK doch lieber \u00fcber den Beginn einer wunderbaren Freundschaft \u2013 mit den USA. Deren Kriegsdrohung \u201eFalls Russland taktische Nuklearwaffen in der Ukraine einsetzt, werden sie helfen, die Souver\u00e4nit\u00e4t der Ukraine wiederherzustellen, indem sie ganz konventionell nicht-nuklear alle russischen Besatzungstruppen in der Ukraine und alle Schiffe im Schwarzen Meer versenken\u201c bejubeln unsere etwas aus der Art geschlagenen Friedensfreunde, die \u201eAnsage sei sehr klar, deutlich und begrenzt\u201c. Ganz anders der Demo-Aufruf-Satz: \u201eWir alle sollen kriegst\u00fcchtig gemacht werden\u201c sei einer \u201ein den Schwurbel mit wirren bis antisemitischen Vorstellungen beliebige Hetz- und Hassfantasie hineininterpretieren und sich aufgehoben f\u00fchlen k\u00f6nnen\u201c.<\/p>\n<p>Ein Feindbild bedienen die Friedensgesellschafter aber auch, und es ist das der NATO-Propagandisten: Es sei das \u201erussischen Regime, das st\u00e4ndig und andauernd dem Rest der Welt mit seinen Atomwaffen droht\u201c. \u00dcbereinstimmend verdrehen sie die Warnung der russischen Seite, dass immer neue Waffenlieferungen an die Ukraine die Gefahr einer direkten Kriegsbeteiligung der NATO-Staaten und die Eskalation zum 3. Weltkrieg mit dem Einsatz von Atomwaffen heraufbeschw\u00f6ren.<\/p>\n<p>Die \u201eklassischen Forderungen aus der Friedensbewegung\u201c machen die DFG-VKler als \u201ewirres Sammelsurium\u201c nieder, die Forderung \u201eKeine Einschr\u00e4nkung der Meinungs- und Versammlungsfreiheit\u201c glauben sie ernsthaft kommentieren zu m\u00fcssen mit \u201eAls ob es eine solche Einschr\u00e4nkung g\u00e4be\u201c, und die Forderung nach \u201esachlicher Berichterstattung\u201c wird gekontert: \u201eAls w\u00e4ren die Presseberichterstattungen \u00fcber die Friedensschwurbel nicht sachlich. Der Absatz soll suggerieren, dass die Berichterstattung \u00fcber die Friedensbewegung total undemokratisch und unsachlich sei.\u201c Welchen Begriff von Sachlichkeit die DFG-VK hat, tut sie mit ihrem Text zur Gen\u00fcge kund, und deshalb gehen ihnen Hetzartikel gegen die Friedensbewegung in den \u201eQualit\u00e4tsmedien\u201c auch runter wie \u00d6l, und Kritik daran muss selbstredend \u201eeinen pressefeindlichen Hintergrund\u201c haben.<\/p>\n<p>Ein online-Vorbereitungstreffen f\u00fcr die Demonstration am 3. Oktober 2024 fand am 30. Juni mit 250 Teilnehmern statt, die Kundschafter des Krieges waren auch dabei, allerdings beklagen sie \u201ees war sehr schwer auszuhalten\u201c. Aus ihrer folgenden Suada l\u00e4sst sich schlie\u00dfen, dass sie tats\u00e4chlich einen schweren Schaden davongetragen haben, allerdings m\u00f6glicherweise nicht erst von dieser Veranstaltung: Die Teilnehmer seien gekommen, um \u201eihrem Sektenf\u00fchrer Reiner zu lauschen. Vereint waren fast alle der Teilnehmenden in Weltuntergangsfantasien.\u201c \u201eIm Treffen regierte die Panik vor einem \u201aDritten Weltkrieg\u2018. Das war bei einigen fast wahnhaft\u201c. Doch welcher Wahn hat jene befallen, die den Dritten Weltkrieg in Anf\u00fchrungszeichen schreiben m\u00fcssen? Denken sie etwa, dass sich Russland nicht wehren wird, wenn ukrainischen Angriffe in die Tiefe Russlands mit Waffen aus westlicher Produktion stattfinden, die Zielkoordinaten von US-Satelliten stammen, und von Milit\u00e4rpersonal der NATO-L\u00e4nder in die Raketen eingespeist werden?<\/p>\n<p>Ohne Bundestagsvotum, geschweige denn \u00f6ffentliche Diskussion, verk\u00fcndeten Scholz und Baerbock beim NATO-Gipfel in Washington den \u201eBeschluss\u201c zur Stationierung neuer US-Raketen in Deutschland ab 2026, die bis zur K\u00fcndigung des INF-Vertrags durch die USA verboten waren. Dazu z\u00e4hlt die Hyperschallrakete \u201eDark Eagle\u201c mit einer Flugzeit von 10 Minuten bis Moskau, von der Nord-Ukraine nur 5 Minuten \u2013 eine typische Erstschlagswaffe. Sie macht Deutschland zum potenziellen Ziel eines Gegenschlages. Aber den Berliner DFG-Vklern in dieser Situation nur ein: \u201eDie Russland-Apologie hat schlie\u00dflich Tradition in der Friedensbewegung.\u201c Jedenfalls hat ihre eigene NATO-Apologie keine Tradition in der Friedensbewegung\u2013 und auch keinen Platz.<\/p>\n<p>Moniert werden weiterhin \u201eviele positive Bez\u00fcge auf Sahra Wagenknecht\u201c, Aussagen wie \u201eDie USA sind an allem schuld\u201c, \u201eDeutschland ist Vasalle der USA\u201c, \u201ees m\u00fcsse versucht werden, einen Schulterschluss zwischen \u201aalten\u2018 und \u201aneuen\u2018 Protestbewegungen zu schaffen\u201c und \u201eWir sind eine Friedensbewegung\u201c. Die Bezeichnung \u201aNeue Friedensbewegung\u201c sei \u201eeine euphemistische Selbstbezeichnung f\u00fcr Corona-Hass-Verschw\u00f6rungsschwurbel\u201c. Die Autoren br\u00fcsten sich mit ihrem Untertanengeist und geben zu erkennen, dass sie selbst weiterhin unersch\u00fctterlich und in Treue fest zu den irrsinnigen, diktatorischen Corona-\u201eMa\u00dfnahmen\u201c, der Au\u00dferkraftsetzung von Grundrechten und den Angstmachern im Dienste der Pharma-Konzerne stehen. Ob das auch so sein wird, wenn demn\u00e4chst mal das Recht auf Kriegsdienstverweigerung suspendiert wird?<\/p>\n<p>Und der Bundesverband der DFG-VK? Er ruft seine Berliner Statthalter nicht etwa zur Ordnung, sondern kritisiert ebenfalls angebliche Wortmeldungen beim Vorbereitungstreffen wie: \u201eMan solle Wladimir Putin nicht verurteilen \u2013 er habe keinen v\u00f6lkerrechtswidrigen Angriffskrieg begonnen; die Friedensbewegung m\u00fcsse endlich mit politisch rechten Kr\u00e4ften zusammengehen; Teilnehmende der gro\u00dfen Anti-AfD-Demonstrationen am Anfang des Jahres seien vom Staat finanziert worden.\u201c<\/p>\n<p>Der Bundesverband weiter: \u201eSeit 2014 gibt es Versuche politisch rechter Kr\u00e4fte, Friedensproteste zu unterwandern. Zudem springen zunehmend Anh\u00e4nger*innen aus dem Spektrum der \u201aCorona-Leugner*innen\u2018 die oft antisemitischen und nationalistischen Verschw\u00f6rungsmythen anh\u00e4ngen, auf das Thema \u201aFrieden\u2018 auf.\u201c (Interpunktionsfehler im Original.) Ihr Berliner Ableger kommt zu dem Schluss: \u201eDie Friedensbewegung muss endlich lernen, einen Bogen um Russland-Fanmeilen zu machen.\u201c Die DFG-VK darf das gerne so halten, und ansonsten ihre bevorzugte Nachbarschaft zum NATO-Hauptquartier pflegen und sich auf der Atlantik-Br\u00fccke wohlf\u00fchlen.<\/p>\n<p>Es gibt schon eine Reihe ehemals fortschrittlicher Organisationen, die inzwischen offenbar von den \u201eDiensten\u201c \u00fcbernommen wurden. Wir m\u00fcssen alles tun, um die Spaltungs- und Zersetzungsversuchen gegen\u00fcber der Friedensbewegung zur\u00fcckzuweisen. Aktuell ist das wirksamste Mittel daf\u00fcr, die Demonstration am 3. Oktober 2024 zum Erfolg zu machen, indem wir viele Teilnehmer daf\u00fcr mobilisieren. Man muss nicht mit jeder einzelnen Formulierung eines Aufrufs \u00fcbereinstimmen, in \u201eB\u00fcndnisaufrufen\u201c wird ohnehin niemand seine eigene Position in Reinkultur wiederfinden. Man muss nicht unbedingt selbst unterschreiben, aber die Frage der Teilnahme und Unterst\u00fctzung ist eine ganz andere: Wir m\u00fcssen auf die Stra\u00dfe, um den wahnsinnigen Kurs auf Aufr\u00fcstung, Sterbehilfe f\u00fcr die Ukraine und Kriegseskalation gegen\u00fcber Russland zu stoppen.<\/p>\n<p style=\"text-align: center;\"><strong>Keine Zustimmung zur Stationierung neuer US-Raketen!<br \/>\nNATO raus \u2013 aus der Ukraine und aus Deutschland!<\/strong><\/p>\n<p style=\"text-align: right;\"><em>Klaus Hartmann ist stellvertretender Bundesvorsitzender des Deutschen Freidenker-Verbandes<\/em><\/p>\n<p><span style=\"font-size: 10pt;\">Auch ver\u00f6ffentlicht am 24.09.2024 auf <a href=\"https:\/\/apolut.net\/kriegshetzer-in-der-deutschen-friedensgesellschaft-gegen-friedensdemonstration\/\" target=\"_blank\" rel=\"noopener\">apolut.net<\/a><\/span><\/p>\n<hr \/>\n<p><img data-recalc-dims=\"1\" loading=\"lazy\" decoding=\"async\" data-attachment-id=\"19904\" data-permalink=\"https:\/\/www.freidenker.org\/?attachment_id=19904\" data-orig-file=\"https:\/\/i0.wp.com\/www.freidenker.org\/fw17\/wp-content\/uploads\/2024\/09\/Flugi-A4-final-3.10._Vorderseite-.jpg?fit=1252%2C1766&amp;ssl=1\" data-orig-size=\"1252,1766\" data-comments-opened=\"0\" data-image-meta=\"{&quot;aperture&quot;:&quot;0&quot;,&quot;credit&quot;:&quot;&quot;,&quot;camera&quot;:&quot;&quot;,&quot;caption&quot;:&quot;&quot;,&quot;created_timestamp&quot;:&quot;0&quot;,&quot;copyright&quot;:&quot;&quot;,&quot;focal_length&quot;:&quot;0&quot;,&quot;iso&quot;:&quot;0&quot;,&quot;shutter_speed&quot;:&quot;0&quot;,&quot;title&quot;:&quot;&quot;,&quot;orientation&quot;:&quot;0&quot;}\" data-image-title=\"Flugi-A4-final-3.10._Vorderseite-\" data-image-description=\"\" data-image-caption=\"\" data-large-file=\"https:\/\/i0.wp.com\/www.freidenker.org\/fw17\/wp-content\/uploads\/2024\/09\/Flugi-A4-final-3.10._Vorderseite-.jpg?fit=726%2C1024&amp;ssl=1\" class=\"alignnone wp-image-19904\" src=\"https:\/\/i0.wp.com\/www.freidenker.org\/fw17\/wp-content\/uploads\/2024\/09\/Flugi-A4-final-3.10._Vorderseite-.jpg?resize=532%2C750&#038;ssl=1\" alt=\"\" width=\"532\" height=\"750\" srcset=\"https:\/\/i0.wp.com\/www.freidenker.org\/fw17\/wp-content\/uploads\/2024\/09\/Flugi-A4-final-3.10._Vorderseite-.jpg?resize=726%2C1024&amp;ssl=1 726w, https:\/\/i0.wp.com\/www.freidenker.org\/fw17\/wp-content\/uploads\/2024\/09\/Flugi-A4-final-3.10._Vorderseite-.jpg?resize=213%2C300&amp;ssl=1 213w, https:\/\/i0.wp.com\/www.freidenker.org\/fw17\/wp-content\/uploads\/2024\/09\/Flugi-A4-final-3.10._Vorderseite-.jpg?resize=768%2C1083&amp;ssl=1 768w, https:\/\/i0.wp.com\/www.freidenker.org\/fw17\/wp-content\/uploads\/2024\/09\/Flugi-A4-final-3.10._Vorderseite-.jpg?resize=1089%2C1536&amp;ssl=1 1089w, https:\/\/i0.wp.com\/www.freidenker.org\/fw17\/wp-content\/uploads\/2024\/09\/Flugi-A4-final-3.10._Vorderseite-.jpg?w=1252&amp;ssl=1 1252w\" sizes=\"auto, (max-width: 532px) 100vw, 532px\" \/><\/p>\n<p><span style=\"font-size: 10pt;\">Plakat zur Demo, Quelle: <a href=\"https:\/\/nie-wieder-krieg.org\/2024\/09\/08\/neue-flugblaetter-neue-plakate\/\" target=\"_blank\" rel=\"noopener\">nie-wieder-krieg.org<\/a><\/span><\/p>\n<hr \/>\n<h5>Download<\/h5>\n<p><img data-recalc-dims=\"1\" loading=\"lazy\" decoding=\"async\" data-attachment-id=\"1076\" data-permalink=\"https:\/\/www.freidenker.org\/?attachment_id=1076\" data-orig-file=\"https:\/\/i0.wp.com\/www.freidenker.org\/fw17\/wp-content\/uploads\/2017\/10\/pdf_icon-2.png?fit=32%2C32&amp;ssl=1\" data-orig-size=\"32,32\" data-comments-opened=\"0\" data-image-meta=\"{&quot;aperture&quot;:&quot;0&quot;,&quot;credit&quot;:&quot;&quot;,&quot;camera&quot;:&quot;&quot;,&quot;caption&quot;:&quot;&quot;,&quot;created_timestamp&quot;:&quot;0&quot;,&quot;copyright&quot;:&quot;&quot;,&quot;focal_length&quot;:&quot;0&quot;,&quot;iso&quot;:&quot;0&quot;,&quot;shutter_speed&quot;:&quot;0&quot;,&quot;title&quot;:&quot;&quot;,&quot;orientation&quot;:&quot;0&quot;}\" data-image-title=\"pdf_icon\" data-image-description=\"\" data-image-caption=\"\" data-large-file=\"https:\/\/i0.wp.com\/www.freidenker.org\/fw17\/wp-content\/uploads\/2017\/10\/pdf_icon-2.png?fit=32%2C32&amp;ssl=1\" class=\"alignnone size-full wp-image-1076\" src=\"https:\/\/i0.wp.com\/www.freidenker.org\/fw17\/wp-content\/uploads\/2017\/10\/pdf_icon-2.png?resize=32%2C32&#038;ssl=1\" alt=\"\" width=\"32\" height=\"32\" \/>\u00a0<a href=\"https:\/\/www.freidenker.org\/fw17\/wp-content\/uploads\/2024\/09\/Demo_2024-10-03_Flugi-A4-final-3.10._farbe_print.pdf\" target=\"_blank\" rel=\"noopener\">Flugblatt zur Demo, Format A4<\/a> (PDF-Dokument, ca. 540 KB)<\/p>\n<p>&nbsp;<\/p>\n<hr \/>\n<p><span style=\"font-size: 10pt;\">Bild oben: <span class=\"mw-mmv-title\">Fahne der DFG-VK auf der Demonstration gegen die M\u00fcnchner Sicherheitskonferenz 2023<\/span><\/span><br \/>\n<span style=\"font-size: 10pt;\">Foto: Henning Schlottman (User:H-stt), <a href=\"https:\/\/creativecommons.org\/licenses\/by-sa\/4.0\" target=\"_blank\" rel=\"noopener\">CC BY-SA 4.0<\/a><\/span><br \/>\n<span style=\"font-size: 10pt;\"><a href=\"https:\/\/commons.wikimedia.org\/w\/index.php?curid=128848374\" target=\"_blank\" rel=\"noopener\">https:\/\/commons.wikimedia.org\/w\/index.php?curid=128848374<\/a><\/span><\/p>\n","protected":false},"excerpt":{"rendered":"<p><b>Beitrag von Klaus Hartmann<\/b><br \/>\nWenn W\u00fcterich Kiesewetter, Strack-Rheinmetall oder Panzertoni Hofreiter von Friedensdemonstrationen nicht erbaut sind, verwundert das ebensowenig wie beim Bundeskanzler, f\u00fcr den die Demonstranten \u201egefallene Engel aus der H\u00f6lle\u201c sind oder seinem \u201eVerteidigungs\u201c-Minister, der Deutschland lieber kriegst\u00fcchtig als friedensf\u00e4hig sehen will. Doch wenn eine Organisation, die lange f\u00fcr einen Teil der Friedensbewegung gehalten wurde, ins gleiche Horn st\u00f6\u00dft, ist das von ganz anderer Qualit\u00e4t. Manche Fragen zu stellen bedeutet, sie zu beantworten. \u201eVon der Friedensbewegung zur Weltuntergangssekte?\u201c ist so eine Frage, und sie wird (rhetorisch) gestellt vom Berliner Landesvorstand der DFG-VK. Ausgeschrieben bedeutet das \u201eDeutsche Friedensgesellschaft &#8211; Vereinigte Kriegsdienstgegner\u201c, und das ist ein gro\u00dfer Name. Die Gesellschaft blickt auf eine lange, verdienstvolle Geschichte zur\u00fcck. <\/p>\n","protected":false},"author":3,"featured_media":19916,"comment_status":"closed","ping_status":"closed","sticky":false,"template":"","format":"standard","meta":{"colormag_page_container_layout":"default_layout","colormag_page_sidebar_layout":"default_layout","advanced_seo_description":"","jetpack_seo_html_title":"","jetpack_seo_noindex":false,"jetpack_post_was_ever_published":false,"footnotes":""},"categories":[13,937],"tags":[1046,409,2342,1754,411,2343,335,43,395,56,2264,1852,185,986,641,1813,1950],"class_list":["post-19902","post","type-post","status-publish","format-standard","has-post-thumbnail","hentry","category-frieden-antifaschismus-solidaritaet","category-zeit-der-verleumder-freidenker-fuer-klartext","tag-3-weltkrieg","tag-berlin","tag-bertha-von-suttner","tag-corona-leugner","tag-demonstration","tag-dfg-vk","tag-frieden","tag-friedensbewegung","tag-meinungsfreiheit","tag-nato","tag-raketenstationierung","tag-spaltung","tag-usa","tag-versammlungsfreiheit","tag-verschwoerungstheorie","tag-wagenknecht","tag-zersetzung"],"jetpack_featured_media_url":"https:\/\/i0.wp.com\/www.freidenker.org\/fw17\/wp-content\/uploads\/2024\/09\/klartext_Siko_Demo_2023_9234_DFG-VK_800x450.jpg?fit=800%2C450&ssl=1","jetpack_shortlink":"https:\/\/wp.me\/p9stpK-5b0","jetpack-related-posts":[{"id":2998,"url":"https:\/\/www.freidenker.org\/?p=2998","url_meta":{"origin":19902,"position":0},"title":"\u201eKrieg der Friedensfreunde\u201c?","author":"Webredaktion","date":"19. April 2015","format":false,"excerpt":"Breitseiten gegen die Friedensbewegung (1. Fortsetzung). Beitrag von Klaus Hartmann Wenn eine Zeitung wie die \u201eTaz\u201c, die bisher allen imperialistischen Kriegen in den letzten Jahrzehnten ihre propagandistische Unterst\u00fctzung nicht versagen wollte, mit dieser \u00dcberschrift einen Zustandsbericht \u00fcber die Friedensbewegung ver\u00f6ffentlicht, liegt die Diagnose nahe: \u201eDer Wunsch ist der Vater des\u2026","rel":"","context":"In &quot;Frieden - Antifaschismus - Solidarit\u00e4t&quot;","block_context":{"text":"Frieden - Antifaschismus - Solidarit\u00e4t","link":"https:\/\/www.freidenker.org\/?cat=13"},"img":{"alt_text":"","src":"https:\/\/i0.wp.com\/www.freidenker.org\/fw17\/wp-content\/uploads\/2015\/04\/klartext_22-2015-02-07-wr-6224_800x445.jpg?fit=800%2C445&ssl=1&resize=350%2C200","width":350,"height":200,"srcset":"https:\/\/i0.wp.com\/www.freidenker.org\/fw17\/wp-content\/uploads\/2015\/04\/klartext_22-2015-02-07-wr-6224_800x445.jpg?fit=800%2C445&ssl=1&resize=350%2C200 1x, https:\/\/i0.wp.com\/www.freidenker.org\/fw17\/wp-content\/uploads\/2015\/04\/klartext_22-2015-02-07-wr-6224_800x445.jpg?fit=800%2C445&ssl=1&resize=525%2C300 1.5x, https:\/\/i0.wp.com\/www.freidenker.org\/fw17\/wp-content\/uploads\/2015\/04\/klartext_22-2015-02-07-wr-6224_800x445.jpg?fit=800%2C445&ssl=1&resize=700%2C400 2x"},"classes":[]},{"id":3951,"url":"https:\/\/www.freidenker.org\/?p=3951","url_meta":{"origin":19902,"position":1},"title":"Der &#8222;Querfront&#8220; auf der Spur: Interview mit Klaus Hartmann","author":"Webredaktion","date":"17. Januar 2018","format":false,"excerpt":"Interview von RT-Deutsch mit Klaus Hartmann In Deutschland gilt Meinungsfreiheit. Sagen vor allem diejenigen, die von einer Mainstream-Meinung nie abgewichen sind. Was aber passiert, wenn man die Kriege hinterfragt, die im Namen der Demokratie gef\u00fchrt werden? Oder etwa das Sozialsystem in Deutschland? Diejenigen, die das wagen, sind oft gezwungen, sich\u2026","rel":"","context":"In &quot;Frieden - Antifaschismus - Solidarit\u00e4t&quot;","block_context":{"text":"Frieden - Antifaschismus - Solidarit\u00e4t","link":"https:\/\/www.freidenker.org\/?cat=13"},"img":{"alt_text":"","src":"https:\/\/i0.wp.com\/www.freidenker.org\/fw17\/wp-content\/uploads\/2018\/01\/Klartext_Hartmann_RTDeutsch_2018-01-16_800x445.jpg?fit=800%2C445&ssl=1&resize=350%2C200","width":350,"height":200,"srcset":"https:\/\/i0.wp.com\/www.freidenker.org\/fw17\/wp-content\/uploads\/2018\/01\/Klartext_Hartmann_RTDeutsch_2018-01-16_800x445.jpg?fit=800%2C445&ssl=1&resize=350%2C200 1x, https:\/\/i0.wp.com\/www.freidenker.org\/fw17\/wp-content\/uploads\/2018\/01\/Klartext_Hartmann_RTDeutsch_2018-01-16_800x445.jpg?fit=800%2C445&ssl=1&resize=525%2C300 1.5x, https:\/\/i0.wp.com\/www.freidenker.org\/fw17\/wp-content\/uploads\/2018\/01\/Klartext_Hartmann_RTDeutsch_2018-01-16_800x445.jpg?fit=800%2C445&ssl=1&resize=700%2C400 2x"},"classes":[]},{"id":3020,"url":"https:\/\/www.freidenker.org\/?p=3020","url_meta":{"origin":19902,"position":2},"title":"Passend zur Kriegszeit: Breitseiten gegen die Friedensbewegung","author":"Webredaktion","date":"15. Februar 2015","format":false,"excerpt":"Beitrag von Klaus Hartmann, sp\u00e4ter ver\u00f6ffentlicht in FREIDENKER 1-15 Die Bedrohung des Weltfriedens ist mit der NATO-Aggression in der Ukraine und der psychologischen Kriegsf\u00fchrung gegen Russland erheblich gewachsen. Die Aktions- und Mobilisierungsf\u00e4higkeit der Friedensbewegung ist der Bedrohung v\u00f6llig unangemessen. Als mit den \u201eMontagsmahnwachen f\u00fcr den Frieden\u201c nach Beginn der Ukraine-Krise\u2026","rel":"","context":"In &quot;Frieden - Antifaschismus - Solidarit\u00e4t&quot;","block_context":{"text":"Frieden - Antifaschismus - Solidarit\u00e4t","link":"https:\/\/www.freidenker.org\/?cat=13"},"img":{"alt_text":"","src":"https:\/\/i0.wp.com\/www.freidenker.org\/fw17\/wp-content\/uploads\/2015\/02\/klartext_2014-12-13-rt-0042_800x445.jpg?fit=800%2C445&ssl=1&resize=350%2C200","width":350,"height":200,"srcset":"https:\/\/i0.wp.com\/www.freidenker.org\/fw17\/wp-content\/uploads\/2015\/02\/klartext_2014-12-13-rt-0042_800x445.jpg?fit=800%2C445&ssl=1&resize=350%2C200 1x, https:\/\/i0.wp.com\/www.freidenker.org\/fw17\/wp-content\/uploads\/2015\/02\/klartext_2014-12-13-rt-0042_800x445.jpg?fit=800%2C445&ssl=1&resize=525%2C300 1.5x, https:\/\/i0.wp.com\/www.freidenker.org\/fw17\/wp-content\/uploads\/2015\/02\/klartext_2014-12-13-rt-0042_800x445.jpg?fit=800%2C445&ssl=1&resize=700%2C400 2x"},"classes":[]},{"id":14867,"url":"https:\/\/www.freidenker.org\/?p=14867","url_meta":{"origin":19902,"position":3},"title":"Karin Leukefeld: Erlebe Friedensbewegung zersplittert und zerstritten","author":"Webredaktion","date":"23. Dezember 2022","format":false,"excerpt":"Interview von\u00a0Felicitas Rabe mit Karin Leukefeld F: Frau Leukefeld, am zweiten Dezemberwochenende fand in Kassel der 29. Friedensratschlag statt. Wie haben sich Vertreter der deutschen Friedensbewegung zum Krieg in der Ukraine positioniert? ... A: Sehr viele Menschen waren zu dem \"Friedensratschlag\" gekommen, das ist sicherlich ein Erfolg. Auf den Podien\u2026","rel":"","context":"In &quot;Frieden - Antifaschismus - Solidarit\u00e4t&quot;","block_context":{"text":"Frieden - Antifaschismus - Solidarit\u00e4t","link":"https:\/\/www.freidenker.org\/?cat=13"},"img":{"alt_text":"","src":"https:\/\/i0.wp.com\/www.freidenker.org\/fw17\/wp-content\/uploads\/2022\/12\/Bremen_01-2022-09-01-gmv-0021_800x450.jpg?fit=800%2C450&ssl=1&resize=350%2C200","width":350,"height":200,"srcset":"https:\/\/i0.wp.com\/www.freidenker.org\/fw17\/wp-content\/uploads\/2022\/12\/Bremen_01-2022-09-01-gmv-0021_800x450.jpg?fit=800%2C450&ssl=1&resize=350%2C200 1x, https:\/\/i0.wp.com\/www.freidenker.org\/fw17\/wp-content\/uploads\/2022\/12\/Bremen_01-2022-09-01-gmv-0021_800x450.jpg?fit=800%2C450&ssl=1&resize=525%2C300 1.5x, https:\/\/i0.wp.com\/www.freidenker.org\/fw17\/wp-content\/uploads\/2022\/12\/Bremen_01-2022-09-01-gmv-0021_800x450.jpg?fit=800%2C450&ssl=1&resize=700%2C400 2x"},"classes":[]},{"id":3018,"url":"https:\/\/www.freidenker.org\/?p=3018","url_meta":{"origin":19902,"position":4},"title":"Freidenker-Brief 2-2015: Breitseiten gegen die Friedensbewegung","author":"Webredaktion","date":"17. Februar 2015","format":false,"excerpt":"Der Vorsitzende des Deutschen Freidenker-Verbands, Klaus Hartmann, analysiert im n\u00e4chsten \u201eFreidenker\u201c (Nr. 1-2015) den Zustand der Friedensbewegung. Der Artikel schlie\u00dft mit den Worten: \u201eWir bekr\u00e4ftigen die Feststellung Eugen Drewermanns \u201aDer wichtigste Beitrag zur Friedenspolitik lautet: Raus aus der NATO!\u2018 Wir arbeiten und demonstrieren mit allen zusammen, die auch am 8.\u2026","rel":"","context":"In &quot;Freidenker-Brief&quot;","block_context":{"text":"Freidenker-Brief","link":"https:\/\/www.freidenker.org\/?cat=341"},"img":{"alt_text":"","src":"https:\/\/i0.wp.com\/www.freidenker.org\/fw17\/wp-content\/uploads\/2015\/02\/peace-dove-588081_800x445.jpg?fit=800%2C445&ssl=1&resize=350%2C200","width":350,"height":200,"srcset":"https:\/\/i0.wp.com\/www.freidenker.org\/fw17\/wp-content\/uploads\/2015\/02\/peace-dove-588081_800x445.jpg?fit=800%2C445&ssl=1&resize=350%2C200 1x, https:\/\/i0.wp.com\/www.freidenker.org\/fw17\/wp-content\/uploads\/2015\/02\/peace-dove-588081_800x445.jpg?fit=800%2C445&ssl=1&resize=525%2C300 1.5x, https:\/\/i0.wp.com\/www.freidenker.org\/fw17\/wp-content\/uploads\/2015\/02\/peace-dove-588081_800x445.jpg?fit=800%2C445&ssl=1&resize=700%2C400 2x"},"classes":[]},{"id":21493,"url":"https:\/\/www.freidenker.org\/?p=21493","url_meta":{"origin":19902,"position":5},"title":"Die Friedensbewegung im Spannungsfeld","author":"Webredaktion","date":"16. April 2025","format":false,"excerpt":"Vortrag von Doris Pumphrey, Gehalten auf dem Kongress \"Krieg und Frieden\" der Neuen Gesellschaft f\u00fcr Psychologie, Berlin 10. bis 12. April 2025 Die Friedensbewegung ist eine sog. Graswurzelbewegung, die die M\u00fchen durchlaufen muss eines Aufbaus und einer Mobilisierung von unten. Authentische, unabh\u00e4ngige Graswurzelbewegungen haben es heute viel schwerer als fr\u00fcher.\u2026","rel":"","context":"In &quot;Frieden - Antifaschismus - Solidarit\u00e4t&quot;","block_context":{"text":"Frieden - Antifaschismus - Solidarit\u00e4t","link":"https:\/\/www.freidenker.org\/?cat=13"},"img":{"alt_text":"","src":"https:\/\/i0.wp.com\/www.freidenker.org\/fw17\/wp-content\/uploads\/2025\/04\/Ostermarsch_Berlin_20180331_133450b_800x450.jpg?fit=800%2C450&ssl=1&resize=350%2C200","width":350,"height":200,"srcset":"https:\/\/i0.wp.com\/www.freidenker.org\/fw17\/wp-content\/uploads\/2025\/04\/Ostermarsch_Berlin_20180331_133450b_800x450.jpg?fit=800%2C450&ssl=1&resize=350%2C200 1x, https:\/\/i0.wp.com\/www.freidenker.org\/fw17\/wp-content\/uploads\/2025\/04\/Ostermarsch_Berlin_20180331_133450b_800x450.jpg?fit=800%2C450&ssl=1&resize=525%2C300 1.5x, https:\/\/i0.wp.com\/www.freidenker.org\/fw17\/wp-content\/uploads\/2025\/04\/Ostermarsch_Berlin_20180331_133450b_800x450.jpg?fit=800%2C450&ssl=1&resize=700%2C400 2x"},"classes":[]}],"_links":{"self":[{"href":"https:\/\/www.freidenker.org\/index.php?rest_route=\/wp\/v2\/posts\/19902","targetHints":{"allow":["GET"]}}],"collection":[{"href":"https:\/\/www.freidenker.org\/index.php?rest_route=\/wp\/v2\/posts"}],"about":[{"href":"https:\/\/www.freidenker.org\/index.php?rest_route=\/wp\/v2\/types\/post"}],"author":[{"embeddable":true,"href":"https:\/\/www.freidenker.org\/index.php?rest_route=\/wp\/v2\/users\/3"}],"replies":[{"embeddable":true,"href":"https:\/\/www.freidenker.org\/index.php?rest_route=%2Fwp%2Fv2%2Fcomments&post=19902"}],"version-history":[{"count":0,"href":"https:\/\/www.freidenker.org\/index.php?rest_route=\/wp\/v2\/posts\/19902\/revisions"}],"wp:featuredmedia":[{"embeddable":true,"href":"https:\/\/www.freidenker.org\/index.php?rest_route=\/wp\/v2\/media\/19916"}],"wp:attachment":[{"href":"https:\/\/www.freidenker.org\/index.php?rest_route=%2Fwp%2Fv2%2Fmedia&parent=19902"}],"wp:term":[{"taxonomy":"category","embeddable":true,"href":"https:\/\/www.freidenker.org\/index.php?rest_route=%2Fwp%2Fv2%2Fcategories&post=19902"},{"taxonomy":"post_tag","embeddable":true,"href":"https:\/\/www.freidenker.org\/index.php?rest_route=%2Fwp%2Fv2%2Ftags&post=19902"}],"curies":[{"name":"wp","href":"https:\/\/api.w.org\/{rel}","templated":true}]}}