{"id":19793,"date":"2024-08-01T10:38:18","date_gmt":"2024-08-01T08:38:18","guid":{"rendered":"https:\/\/www.freidenker.org\/?p=19793"},"modified":"2024-10-06T02:09:24","modified_gmt":"2024-10-06T00:09:24","slug":"existenzrecht-fuer-besatzung-vertreibung-und-voelkermord-freiheit-vom-fluss-bis-zum-meer","status":"publish","type":"post","link":"https:\/\/www.freidenker.org\/?p=19793","title":{"rendered":"Existenzrecht? F\u00fcr Besatzung, Vertreibung und V\u00f6lkermord? Freiheit vom Fluss bis zum Meer!"},"content":{"rendered":"<p><em>Kommentar vom Hochblauen<\/em><\/p>\n<p><em>Von <strong>Evelyn Hecht-Galinski<\/strong><\/em><\/p>\n<p><span style=\"font-size: 10pt;\">Erstver\u00f6ffentlichung am 29.08.2024 im Blog <a href=\"https:\/\/www.sicht-vom-hochblauen.de\/kommentar-vom-hochblauen-existenzrecht-fuer-besatzung-vertreibung-und-voelkermord-freiheit-vom-fluss-bis-zum-meer-von-evelyn-hecht-galinski\/\" target=\"_blank\" rel=\"noopener\">Sicht vom Hochblauen<\/a><\/span><\/p>\n<p>Es ist erschreckend, mit welch blindem Aktionismus nicht nur die Politik und ihre Vertreter versuchen, diesen schrecklichen Solinger Anschlag daf\u00fcr missbrauchen zu wollen, um daraus den Honig f\u00fcr Wahlgewinne oder Sympathiekundgebungen zu saugen. Es ist aber noch verwerflicher, wie christliche und j\u00fcdische \u201eW\u00fcrdentr\u00e4ger\u201c und Funktion\u00e4re diesen Anschlag versuchen zu nutzen, um von eigenem Versagen abzulenken. War es nat\u00fcrlich zuerst der Pr\u00e4sident des Zentralrats der Juden Schuster, der sich beeilte, die \u201eGefahren des Islamismus\u201c ernster zu nehmen. Au\u00dferdem warf er Sarah Wagenknecht (BSW) vor, dass sie nicht anerkenne, dass Israel sich gegen eine Terrororganisation verteidige, und warf ihr indirekt Judenhass vor. Wagenknecht wiederum konterte zu Recht, dass der Zentralrat die Kriegsf\u00fchrung nicht ausreichend verurteile. Wagenknecht war zu Recht sehr erstaunt \u00fcber die \u00c4u\u00dferungen. \u201eWenn jeder, der die Netanjahu-Regierung und deren brutale Kriegsf\u00fchrung im Gazastreifen kritisiert, ein Israelhasser ist, dann w\u00e4re ein erheblicher Teil der Israelis, der Deutschen, der US-B\u00fcrger, gerade auch j\u00fcdischer und vieler anderer Nationalit\u00e4ten Israelhasser.\u201c<\/p>\n<h5>Unverm\u00f6gen und schlechtes Demokratieverst\u00e4ndnis<\/h5>\n<p>Als sich auch noch der frischgebackene Karlspreistr\u00e4ger und Pr\u00e4sident der Europ\u00e4ischen Rabbinerkonferenz Pinchas Goldschmidt meldete und vor den wachsenden Islamismus warnte, der sich indes nicht gegen den Gazakrieg ge\u00e4u\u00dfert hatte, war die j\u00fcdische Front wieder geschlossen. Als sich dann auch noch die Katholische Bischofskonferenz meldete und vor der Wahl von AfD und BSW warnte, dachte ich, was f\u00fcr eine scheinheilige Dreistigkeit. Die Kirche, die weder ihre Faschismus-Unterst\u00fctzung in der Vergangenheit noch ihren Missbrauchsskandal aufgearbeitet hat, wirft das BSW und die AfD in einen Topf. Das zeugt nicht nur von politischem Unverm\u00f6gen, sondern auch von einem schlechten Demokratieverst\u00e4ndnis.<\/p>\n<p>Wo bleibt die Kritik der j\u00fcdisch-christlichen Funktion\u00e4re gegen Frankreichs Oberrabbiner Haim Korsia, der Israel aufforderte, die \u201eArbeit in Gaza zu beenden\u201c.\u00a0 Er bezeichnete Israels Vorgehen und die \u201eKriegshandlungen\u201c zum \u201eSchutz seiner B\u00fcrger\u201c als gerechtfertigt und bekundete seine Unterst\u00fctzung f\u00fcr Netanjahu. Sind das die gemeinsamen religi\u00f6sen Werte? So ist es nur allzu verst\u00e4ndlich, wenn die Religionsgemeinschaften immer mehr Mitglieder verlieren \u2013 bei diesem Personal auf Erden!<\/p>\n<p>Es ist verwerflich, wie die westlichen Politiker Israel nicht wie einen Besatzer und v\u00f6lkermordenden Staat behandeln, sondern j\u00fcdische Besatzer, Kriegsverbrecher und V\u00f6lkerm\u00f6rder immer noch einen Heiligenschein des \u201eauserw\u00e4hlt sein\u201c verleihen und deshalb jede Kritik zu Blasphemie verkommt. Es ist nicht hinnehmbar, wie politisch und medial Widerstandk\u00e4mpfer, die f\u00fcr eine nationale Freiheit, ein Ende der illegalen Besatzung k\u00e4mpfen, sich also zu Recht wehren, als Terroristen verunglimpft werden?\u00a0 F\u00e4llt es uns \u00fcberhaupt nicht mehr auf, wie uns die W\u00f6rter und Titulierungen das Gehirn vernebeln sollen? Ich kann es nur immer wiederholen, die Hamas k\u00e4mpft in Gaza gegen eine zionistische, rechtsextreme, m\u00f6rderische \u00dcbermacht, die versucht, das gesamte pal\u00e4stinensische Volk, seine Kultur und sein Dasein zu zerst\u00f6ren. Die Hamas als Hassobjekt ist nur vorgeschoben, um alles zu vernichten und das alleinige \u201cExistenzrecht\u201c zu garantieren. Dieses \u201eExistenzrecht\u201c entbehrt jedes Anspruchs und darf nur im Rahmen eines freien Pal\u00e4stinas f\u00fcr alle seine Ethnien und Religionen garantiert sein. So ist es also auch geradezu unmoralisch, von neu einzub\u00fcrgernden Menschen in Deutschland zu verlangen, dass sie nicht nur das \u201eExistenzrecht\u201c Israels anerkennen, sondern auch einen Teil der Holocaust-Schuld mitzutragen haben \u2013 einer Schuld, die mehr als kritikw\u00fcrdig aufgearbeitet wurde. Wenn sich schlie\u00dflich heute daraus v\u00f6llig falsche Schl\u00fcsse ableiten \u2013 wie deutsche Staatsr\u00e4son und blinde Unterst\u00fctzung f\u00fcr einen v\u00f6lkermordenden Besatzerstaat \u2013 dann ist das abzulehnen.<\/p>\n<h5>Tief verstrickt in die Schuld der Beihilfe zum israelischen V\u00f6lkermord<\/h5>\n<p>Deutschland hat sich tief verstrickt in die Schuld der Beihilfe zum israelischen V\u00f6lkermord. Sie sch\u00e4men sich \u2013 wie das israelische Regime und ein Gro\u00dfteil seiner B\u00fcrger \u2013 nicht f\u00fcr ihren V\u00f6lkermord. Der Zionismus und Israel brauchen den Antisemitismus als\u00a0 Lebenselixier. Nur so l\u00e4sst sich die Existenzberechtigung und ewige Bedrohung aufrechterhalten. Mit der Neudefinition und Vermischung von Israelkritik und Judenhass versucht das Regime, jede Opposition als Judenhass einzustufen. Der \u201ej\u00fcdische Staat\u201c soll immun bleiben gegen jede Kritik oder Anklage. Nichts anderes darf z\u00e4hlen \u2013 genau wie der ewige Mythos der Einmaligkeit des Holocaust. Sie fanden neue Verb\u00fcndete bei den neuen Rechten, die sich verb\u00fcnden im \u201eTerrorkampf\u201c, in einem angeblich \u201ezivilisatorischen Krieg\u201c f\u00fcr unsere Lebensart und \u201eWerte\u201c gegen den Islam und Muslime, den neuen Juden. Es ist diese schreckliche Entmenschlichung im \u201eKampf gegen \u201eTiere\u201c, wie es rechtsextreme israelische Regierungsmitglieder formulierten. Das alles ist im zionistischen Regime m\u00f6glich: rassistische Politiker, die zu Mord und Totschlag aufrufen, und vollenden wollen, was in der Nakba 1948 begann.\u00a0 Das Recht des Widerstands gegen eine kriegerische und milit\u00e4rische Besetzung ist im V\u00f6lkerrecht verankert. Wann wird Deutschland und die EU das endlich anerkennen und umsetzen?<\/p>\n<p>Die Macht der israelischen Lobby in den Vereinigen Staaten und in westlichen Staaten in Verbindung mit einem christlichen Zionismus ist eine toxische Mischung, ein Gebr\u00e4u, was es dem \u201ej\u00fcdischen Staat\u201c erm\u00f6glicht, weiter ungestraft seine v\u00f6lkerm\u00f6rderische Ausrottungspolitik erfolgreich fortzuf\u00fchren.<\/p>\n<p>Sie breitet sich aus \u00fcber ganz Pal\u00e4stina und schreckt weder vor gezielten T\u00f6tungen und angezettelten Kriegen und v\u00f6lkerrechtswidrigen Eins\u00e4tzen zur\u00fcck. Die Drohung, nach dem vorigen auch den neuen Hamas-F\u00fchrer zu t\u00f6ten, ist weder hinnehmbar noch wird es zu Waffenstillstand und Ende des Gemetzels beitragen. Aber all das ist auch weder im Interesse von Netanjahu, der um seinen Machterhalt k\u00e4mpft, noch seines Regimes einer zum Teil vorbestraften skrupellosen Mannschaft. Auch das ist eine Einmaligkeit der \u201eeinzigen Demokratie im Nahen Osten\u201c mit der \u201emoralischsten Armeen\u201c, die selbstverst\u00e4ndlich vor keiner Gr\u00e4ueltat zur\u00fcckschreckt. Es ist ein Regime, das sich inzwischen so sicher f\u00fchlt in seiner Macht und \u00dcberlegenheit, dass es besonders jedem j\u00fcdischen und anst\u00e4ndigen B\u00fcrger weltweit verzweifeln l\u00e4sst. Es ist erschreckend, mit welcher Leichtigkeit Gewalt gegen Pal\u00e4stinenser akzeptiert wird, da sie ja terroristische Ziele verfolgen, w\u00e4hrend j\u00fcdische \u201eSelbstverteidiger\u201c nur ihre friedfertige Existenz verteidigen. Solange diese Lesart in den K\u00f6pfen verankert bleibt, solange wird sich nichts \u00e4ndern.<\/p>\n<h5>Schluss mit den Waffenlieferungen an den \u201ej\u00fcdischen Staat\u201c und die Ukraine!<\/h5>\n<p>Vergleichen wir einmal v\u00f6lkerrechtswidrige Kriege. Nachdem Russland und Pr\u00e4sident Putin nach seinem Angriff gegen die Ukraine sofort sanktioniert und zum \u201eHitler-Verschnitt\u201c medial verunglimpft wurde, wurden Israel und seinen v\u00f6lkerrechtswidrigen Angriffen weder Sanktionen auferlegt noch Netanjahu als Monster und M\u00f6rder dargestellt. Ja, kritisch gesehen, aber im Grunde nichts wirklich f\u00fcr ihn Beunruhigendes. Schlie\u00dflich wurde nach der Anklage gegen ihn vor dem Internationalen Gerichtshof in Den Haag die deutsche AA Baerbock gleich vorstellig, um sich f\u00fcr ihn in deutschem Namen einzusetzen. Ganz im Sinne \u201edeutscher Werte\u201c.<\/p>\n<p>Stellen wir uns einmal vor, dass Kiew oder die Ukraine so auss\u00e4hen wie Gaza oder dass es mehr als 40.000 Opfer zu beklagen g\u00e4be. Was f\u00fcr einen politischen und medialen Aufschrei w\u00fcrde es geben! W\u00e4hrend jedes ukrainische Kriegsopfer \u2013 absolut nicht zu vergleichen mit der Menge der pal\u00e4stinensischen \u2013 hier aufmerksam gemeldet wird, sind die pal\u00e4stinensischen Opfer eigentlich nur Nebensache und verdienen es nicht, mit gro\u00dfer Aufmerksamkeit bedacht zu werden. Sind sie doch Terroristen! Diese scheinheiligen Doppelstandards machen mich zornig.<\/p>\n<p>Schluss mit den Waffenlieferungen an den \u201ej\u00fcdischen Staat\u201c und die Ukraine! Weder in der Ukraine noch im \u201ej\u00fcdischen Staat\u201c wird unsere Freiheit oder unsere \u201eLebensart\u201c verteidigt. Unsere Freiheit und Lebensart k\u00f6nnen wir nur an der Wahlurne zeigen, indem wir keinen populistischen Propagandagurus folgen. Deutschland muss endlich wieder \u2013 wie ich schon einmal schrieb \u2013 \u201efriedensf\u00e4hig\u201c werden. Ohne Angriffs-Waffenstationierung und begeisterten Kriegsparolen und dem Aufbau einer Kriegswirtschaft.\u00a0 Keine Geschichtsklitterung und kein Russlandhass. Es begann schon einmal mit Wegschauen. Schauen wir nicht mehr weg, wenn im \u201ej\u00fcdischen Staat\u201c Menschen abgeschlachtet werden! Unsere Solidarit\u00e4t gilt den Schwachen, Besetzten und Vertriebenen. Das gebietet das humanit\u00e4re V\u00f6lkerrecht. Das Existenzecht verteidigen! Das gilt besonders f\u00fcr Pal\u00e4stina.<\/p>\n<p style=\"text-align: right;\"><em>Evelyn Hecht-Galinski ist Mitglied des Deutschen Freidenker-Verbandes<\/em><\/p>\n<hr \/>\n<p><strong>Worauf es ankommt<\/strong><\/p>\n<p><em>Von <strong>Erich Fried<\/strong><\/em><\/p>\n<p>Es kommt im Augenblick<br \/>\nnicht darauf an<br \/>\nwann es war<br \/>\nda\u00df die Unterdr\u00fcckerregierung<br \/>\nin Israel<br \/>\nsich verwandelt hat<br \/>\nin eine Verbrecherregierung<\/p>\n<p>Aber es kommt darauf an<br \/>\nzu erkennen<br \/>\nda\u00df sie jetzt eine<br \/>\nVerbrecherregierung ist<\/p>\n<p>Es kommt auch nicht mehr<br \/>\ndarauf an<br \/>\ndar\u00fcber zu streiten<br \/>\nnach welchem Vorbild<br \/>\nsie ihre Verbrechen begeht<br \/>\nDiese Verbrechen selbst<br \/>\ntragen sichtbar die Spur ihres Vorbilds<\/p>\n<p>Aber es kommt darauf an<br \/>\nnicht nur klagend oder erstaunt<br \/>\nden Kopf zu sch\u00fctteln<br \/>\n\u00fcber diese Verbrechen<br \/>\nsondern endlich<br \/>\netwas dagegen zu tun<\/p>\n<p>Es kommt nicht darauf an<br \/>\nwas man ist<br \/>\nMoslem, Christ, Jude, Freigeist:<\/p>\n<p>Ein Mensch<br \/>\nder ein Mensch ist<br \/>\nkann nicht schweigen<\/p>\n<hr \/>\n<p>&nbsp;<\/p>\n<p><span style=\"font-size: 10pt;\">Auch ver\u00f6ffentlicht in der Neuen Rheinischen Zeitung (NRhZ) in Ausgabe 835 vom 30.08.2024 unter <a href=\"http:\/\/www.nrhz.de\/flyer\/beitrag.php?id=29213\">http:\/\/www.nrhz.de\/flyer\/beitrag.php?id=29213<\/a><\/span><\/p>\n<hr \/>\n<p><span style=\"font-size: 10pt;\">Bild oben: <a href=\"https:\/\/pixabay.com\/de\/photos\/gaza-pal%C3%A4stina-armut-kind-junge-6782232\/\" target=\"_blank\" rel=\"noopener\">pixabay.com<\/a> \/ <a class=\"userName--owby3\" href=\"https:\/\/pixabay.com\/de\/users\/hosnysalah-10285169\/\" target=\"_blank\" rel=\"noopener\">hosnysalah<\/a> \/ <a href=\"https:\/\/pixabay.com\/de\/service\/license-summary\/\" target=\"_blank\" rel=\"noopener\">Inhaltslizenz<\/a><\/span><\/p>\n","protected":false},"excerpt":{"rendered":"<p><b>Kommentar von Evelyn Hecht-Galinski<\/b><br \/>\nEs ist erschreckend, mit welch blindem Aktionismus nicht nur die Politik und ihre Vertreter versuchen, diesen schrecklichen Solinger Anschlag daf\u00fcr missbrauchen zu wollen, um daraus den Honig f\u00fcr Wahlgewinne oder Sympathiekundgebungen zu saugen. Es ist aber noch verwerflicher, wie christliche und j\u00fcdische \u201eW\u00fcrdentr\u00e4ger\u201c und Funktion\u00e4re diesen Anschlag versuchen zu nutzen, um von eigenem Versagen abzulenken. War es nat\u00fcrlich zuerst der Pr\u00e4sident des Zentralrats der Juden Schuster, der sich beeilte, die \u201eGefahren des Islamismus\u201c ernster zu nehmen. Au\u00dferdem warf er Sarah Wagenknecht (BSW) vor, dass sie nicht anerkenne, dass Israel sich gegen eine Terrororganisation verteidige, und warf ihr indirekt Judenhass vor. Wagenknecht wiederum konterte zu Recht, dass der Zentralrat die Kriegsf\u00fchrung nicht ausreichend verurteile. <\/p>\n","protected":false},"author":3,"featured_media":19796,"comment_status":"closed","ping_status":"closed","sticky":false,"template":"","format":"standard","meta":{"colormag_page_container_layout":"default_layout","colormag_page_sidebar_layout":"default_layout","advanced_seo_description":"","jetpack_seo_html_title":"","jetpack_seo_noindex":false,"jetpack_post_was_ever_published":false,"footnotes":""},"categories":[13],"tags":[1587,1336,1172,1954,714,393,2328,54,576,394,1931,1525,579],"class_list":["post-19793","post","type-post","status-publish","format-standard","has-post-thumbnail","hentry","category-frieden-antifaschismus-solidaritaet","tag-anschlag","tag-blasphemie","tag-gaza","tag-hamas","tag-islamismus","tag-israel","tag-judenhass","tag-kirche","tag-missbrauchsskandale","tag-palaestina","tag-voelkermord","tag-waffenlieferungen","tag-zionismus"],"jetpack_featured_media_url":"https:\/\/i0.wp.com\/www.freidenker.org\/fw17\/wp-content\/uploads\/2024\/09\/gaza-6782232_800x450.jpg?fit=800%2C450&ssl=1","jetpack_shortlink":"https:\/\/wp.me\/p9stpK-59f","jetpack-related-posts":[{"id":19489,"url":"https:\/\/www.freidenker.org\/?p=19489","url_meta":{"origin":19793,"position":0},"title":"Der Missbrauch von Solidarit\u00e4t","author":"Webredaktion","date":"10. Juli 2024","format":false,"excerpt":"Kommentar von Evelyn Hecht-Galinski Als Bundespr\u00e4sident Frank-Walter-Steinmeier bei der Einweihung der neuen Synagoge in Potsdam dazu aufrief, \u201esolidarisch mit Israel zu bleiben\u201c, da war ich wieder einmal entsetzt, anl\u00e4sslich dieser falschen und einseitigen Solidarit\u00e4tsaufforderung. Es gibt keine Solidarit\u00e4t mit Besatzung, Vertreibung und V\u00f6lkermord. Die Unterst\u00fctzer des \u201ej\u00fcdischen Staats machen sich\u2026","rel":"","context":"In &quot;Demokratie \u2013 Medien \u2013 Aufkl\u00e4rung&quot;","block_context":{"text":"Demokratie \u2013 Medien \u2013 Aufkl\u00e4rung","link":"https:\/\/www.freidenker.org\/?cat=12"},"img":{"alt_text":"","src":"https:\/\/i0.wp.com\/www.freidenker.org\/fw17\/wp-content\/uploads\/2024\/07\/solidaritaet_missbrauch_800x450.jpg?fit=800%2C450&ssl=1&resize=350%2C200","width":350,"height":200,"srcset":"https:\/\/i0.wp.com\/www.freidenker.org\/fw17\/wp-content\/uploads\/2024\/07\/solidaritaet_missbrauch_800x450.jpg?fit=800%2C450&ssl=1&resize=350%2C200 1x, https:\/\/i0.wp.com\/www.freidenker.org\/fw17\/wp-content\/uploads\/2024\/07\/solidaritaet_missbrauch_800x450.jpg?fit=800%2C450&ssl=1&resize=525%2C300 1.5x, https:\/\/i0.wp.com\/www.freidenker.org\/fw17\/wp-content\/uploads\/2024\/07\/solidaritaet_missbrauch_800x450.jpg?fit=800%2C450&ssl=1&resize=700%2C400 2x"},"classes":[]},{"id":22095,"url":"https:\/\/www.freidenker.org\/?p=22095","url_meta":{"origin":19793,"position":1},"title":"Genug der deutschen Scheinheiligkeit und Schamlosigkeit \u2013 Gaza und die deutschen Krokodilstr\u00e4nen","author":"Webredaktion","date":"12. Juni 2025","format":false,"excerpt":"Kommentar von Von Evelyn Hecht-Galinski Wie lange kann und will man das israelische Regime noch als \u201eeinzige\u201c Demokratie im Nahen Osten bezeichnen? Dieses Regime wurde zwar demokratisch gew\u00e4hlt, aber was hei\u00dft das schon? Eine Demokratie besteht nicht nur aus Wahlen, sondern auch aus W\u00e4hlern. Wenn also 82% dieser W\u00e4hler die\u2026","rel":"","context":"In &quot;Frieden - Antifaschismus - Solidarit\u00e4t&quot;","block_context":{"text":"Frieden - Antifaschismus - Solidarit\u00e4t","link":"https:\/\/www.freidenker.org\/?cat=13"},"img":{"alt_text":"","src":"https:\/\/i0.wp.com\/www.freidenker.org\/fw17\/wp-content\/uploads\/2025\/06\/palestine-6950484_800x450.jpg?fit=800%2C450&ssl=1&resize=350%2C200","width":350,"height":200,"srcset":"https:\/\/i0.wp.com\/www.freidenker.org\/fw17\/wp-content\/uploads\/2025\/06\/palestine-6950484_800x450.jpg?fit=800%2C450&ssl=1&resize=350%2C200 1x, https:\/\/i0.wp.com\/www.freidenker.org\/fw17\/wp-content\/uploads\/2025\/06\/palestine-6950484_800x450.jpg?fit=800%2C450&ssl=1&resize=525%2C300 1.5x, https:\/\/i0.wp.com\/www.freidenker.org\/fw17\/wp-content\/uploads\/2025\/06\/palestine-6950484_800x450.jpg?fit=800%2C450&ssl=1&resize=700%2C400 2x"},"classes":[]},{"id":23075,"url":"https:\/\/www.freidenker.org\/?p=23075","url_meta":{"origin":19793,"position":2},"title":"\u201eIsraels Politik wird von einer v\u00f6lkerm\u00f6rderischen Logik getrieben\u201c","author":"Webredaktion","date":"9. Oktober 2025","format":false,"excerpt":"Rezension von Arn Strohmeyer zu Avi Shlaim: Genozid in Gaza. Israels langer Krieg gegen Pal\u00e4stina Avi Shlaim ist einer der renommiertesten israelischen Historiker. Bei dieser Feststellung muss man aber eine Differenzierung vornehmen. Denn die israelische Geschichtsschreibung steht in der Regel unter dem Diktat der zionistischen Staatsideologie. Die Historiker dieser Richtung\u2026","rel":"","context":"In &quot;Demokratie \u2013 Medien \u2013 Aufkl\u00e4rung&quot;","block_context":{"text":"Demokratie \u2013 Medien \u2013 Aufkl\u00e4rung","link":"https:\/\/www.freidenker.org\/?cat=12"},"img":{"alt_text":"","src":"https:\/\/i0.wp.com\/www.freidenker.org\/fw17\/wp-content\/uploads\/2025\/10\/Shlaim_Genozid_in_Gaza_800x450_v2.jpg?fit=800%2C450&ssl=1&resize=350%2C200","width":350,"height":200,"srcset":"https:\/\/i0.wp.com\/www.freidenker.org\/fw17\/wp-content\/uploads\/2025\/10\/Shlaim_Genozid_in_Gaza_800x450_v2.jpg?fit=800%2C450&ssl=1&resize=350%2C200 1x, https:\/\/i0.wp.com\/www.freidenker.org\/fw17\/wp-content\/uploads\/2025\/10\/Shlaim_Genozid_in_Gaza_800x450_v2.jpg?fit=800%2C450&ssl=1&resize=525%2C300 1.5x, https:\/\/i0.wp.com\/www.freidenker.org\/fw17\/wp-content\/uploads\/2025\/10\/Shlaim_Genozid_in_Gaza_800x450_v2.jpg?fit=800%2C450&ssl=1&resize=700%2C400 2x"},"classes":[]},{"id":19719,"url":"https:\/\/www.freidenker.org\/?p=19719","url_meta":{"origin":19793,"position":3},"title":"Wenn \u201eSelbstverteidigung\u201c zu V\u00f6lkermord wird \u2013 Pal\u00e4stinensischer Widerstand gegen zionistischen Terror","author":"Webredaktion","date":"14. August 2024","format":false,"excerpt":"Kommentar von Evelyn Hecht-Galinski Wie lange will Deutschland noch die unhaltbaren Positionen der schwerwiegenden Fehlinterpretationen der Geschichte als \u201eStaatsr\u00e4son\u201c beibehalten? Der \u201ej\u00fcdische Staat\u201c baute sich von Beginn an \u00fcber die Geschichte der zionistischen Kolonisierung auf, ethnische S\u00e4uberung wurde als \u201elegitimes\u201c Recht f\u00fcr ein \u201eVolk ohne Land\u201c f\u00fcr ein \u201eLand ohne\u2026","rel":"","context":"In &quot;Demokratie \u2013 Medien \u2013 Aufkl\u00e4rung&quot;","block_context":{"text":"Demokratie \u2013 Medien \u2013 Aufkl\u00e4rung","link":"https:\/\/www.freidenker.org\/?cat=12"},"img":{"alt_text":"","src":"https:\/\/i0.wp.com\/www.freidenker.org\/fw17\/wp-content\/uploads\/2024\/08\/Selbstverteidigungevelyn_800x450.jpg?fit=800%2C450&ssl=1&resize=350%2C200","width":350,"height":200,"srcset":"https:\/\/i0.wp.com\/www.freidenker.org\/fw17\/wp-content\/uploads\/2024\/08\/Selbstverteidigungevelyn_800x450.jpg?fit=800%2C450&ssl=1&resize=350%2C200 1x, https:\/\/i0.wp.com\/www.freidenker.org\/fw17\/wp-content\/uploads\/2024\/08\/Selbstverteidigungevelyn_800x450.jpg?fit=800%2C450&ssl=1&resize=525%2C300 1.5x, https:\/\/i0.wp.com\/www.freidenker.org\/fw17\/wp-content\/uploads\/2024\/08\/Selbstverteidigungevelyn_800x450.jpg?fit=800%2C450&ssl=1&resize=700%2C400 2x"},"classes":[]},{"id":17153,"url":"https:\/\/www.freidenker.org\/?p=17153","url_meta":{"origin":19793,"position":4},"title":"Nord Stream: Es ist an der Zeit, \u00fcber Verrat zu reden","author":"Webredaktion","date":"1. Oktober 2023","format":false,"excerpt":"Beitrag von Dagmar Henn Der neueste Artikel von Seymour Hersh hat zwei L\u00fccken geschlossen, die es bisher in der Geschichte des Nord Stream-Anschlags gab. Die Erste betrifft das Motiv seiner Quellen\u00a0\u2012 die Zweite ist weit schwerwiegender, sie betrifft die Rolle der Bundesregierung in der ganzen Geschichte. Das Motiv ist nicht\u2026","rel":"","context":"In &quot;Demokratie \u2013 Medien \u2013 Aufkl\u00e4rung&quot;","block_context":{"text":"Demokratie \u2013 Medien \u2013 Aufkl\u00e4rung","link":"https:\/\/www.freidenker.org\/?cat=12"},"img":{"alt_text":"","src":"https:\/\/i0.wp.com\/www.freidenker.org\/fw17\/wp-content\/uploads\/2023\/09\/kukuschka_scholz-usa_mr_800x450.jpg?fit=800%2C450&ssl=1&resize=350%2C200","width":350,"height":200,"srcset":"https:\/\/i0.wp.com\/www.freidenker.org\/fw17\/wp-content\/uploads\/2023\/09\/kukuschka_scholz-usa_mr_800x450.jpg?fit=800%2C450&ssl=1&resize=350%2C200 1x, https:\/\/i0.wp.com\/www.freidenker.org\/fw17\/wp-content\/uploads\/2023\/09\/kukuschka_scholz-usa_mr_800x450.jpg?fit=800%2C450&ssl=1&resize=525%2C300 1.5x, https:\/\/i0.wp.com\/www.freidenker.org\/fw17\/wp-content\/uploads\/2023\/09\/kukuschka_scholz-usa_mr_800x450.jpg?fit=800%2C450&ssl=1&resize=700%2C400 2x"},"classes":[]},{"id":17270,"url":"https:\/\/www.freidenker.org\/?p=17270","url_meta":{"origin":19793,"position":5},"title":"Sieg des Widerstands oder ausgekl\u00fcgelter Coup Israels?","author":"Webredaktion","date":"12. Oktober 2023","format":false,"excerpt":"Kommentar von Evelyn Hecht-Galinski Was unbedingt gesagt werden muss und nicht gewollt wird: ich sehe mich gezwungen es auszusprechen \u2013 gegen alle Widerst\u00e4nde! Warum soll es Menschen auf deutschem Boden verboten werden, sich mit den nach Freiheit strebenden Pal\u00e4stinensern zu solidarisieren, die es wagten, den Grenzzaun nach Israel zu durchbrechen\u2026","rel":"","context":"In &quot;Frieden - Antifaschismus - Solidarit\u00e4t&quot;","block_context":{"text":"Frieden - Antifaschismus - Solidarit\u00e4t","link":"https:\/\/www.freidenker.org\/?cat=13"},"img":{"alt_text":"","src":"https:\/\/i0.wp.com\/www.freidenker.org\/fw17\/wp-content\/uploads\/2019\/08\/gaza-3829414_800x445.jpg?fit=800%2C445&ssl=1&resize=350%2C200","width":350,"height":200,"srcset":"https:\/\/i0.wp.com\/www.freidenker.org\/fw17\/wp-content\/uploads\/2019\/08\/gaza-3829414_800x445.jpg?fit=800%2C445&ssl=1&resize=350%2C200 1x, https:\/\/i0.wp.com\/www.freidenker.org\/fw17\/wp-content\/uploads\/2019\/08\/gaza-3829414_800x445.jpg?fit=800%2C445&ssl=1&resize=525%2C300 1.5x, https:\/\/i0.wp.com\/www.freidenker.org\/fw17\/wp-content\/uploads\/2019\/08\/gaza-3829414_800x445.jpg?fit=800%2C445&ssl=1&resize=700%2C400 2x"},"classes":[]}],"_links":{"self":[{"href":"https:\/\/www.freidenker.org\/index.php?rest_route=\/wp\/v2\/posts\/19793","targetHints":{"allow":["GET"]}}],"collection":[{"href":"https:\/\/www.freidenker.org\/index.php?rest_route=\/wp\/v2\/posts"}],"about":[{"href":"https:\/\/www.freidenker.org\/index.php?rest_route=\/wp\/v2\/types\/post"}],"author":[{"embeddable":true,"href":"https:\/\/www.freidenker.org\/index.php?rest_route=\/wp\/v2\/users\/3"}],"replies":[{"embeddable":true,"href":"https:\/\/www.freidenker.org\/index.php?rest_route=%2Fwp%2Fv2%2Fcomments&post=19793"}],"version-history":[{"count":0,"href":"https:\/\/www.freidenker.org\/index.php?rest_route=\/wp\/v2\/posts\/19793\/revisions"}],"wp:featuredmedia":[{"embeddable":true,"href":"https:\/\/www.freidenker.org\/index.php?rest_route=\/wp\/v2\/media\/19796"}],"wp:attachment":[{"href":"https:\/\/www.freidenker.org\/index.php?rest_route=%2Fwp%2Fv2%2Fmedia&parent=19793"}],"wp:term":[{"taxonomy":"category","embeddable":true,"href":"https:\/\/www.freidenker.org\/index.php?rest_route=%2Fwp%2Fv2%2Fcategories&post=19793"},{"taxonomy":"post_tag","embeddable":true,"href":"https:\/\/www.freidenker.org\/index.php?rest_route=%2Fwp%2Fv2%2Ftags&post=19793"}],"curies":[{"name":"wp","href":"https:\/\/api.w.org\/{rel}","templated":true}]}}