{"id":19789,"date":"2024-08-31T13:15:21","date_gmt":"2024-08-31T11:15:21","guid":{"rendered":"https:\/\/www.freidenker.org\/?p=19789"},"modified":"2024-10-06T02:15:24","modified_gmt":"2024-10-06T00:15:24","slug":"nord-stream-reden-wir-doch-ueber-baeume","status":"publish","type":"post","link":"https:\/\/www.freidenker.org\/?p=19789","title":{"rendered":"Nord Stream: Reden wir doch \u00fcber B\u00e4ume!"},"content":{"rendered":"<p><strong>Ein Segelboot und f\u00fcnf Amateure, das ist immer noch die Geschichte, die man in Deutschland zum Anschlag auf Nord Stream auftischt. Und die man in den Medien mit vielen bunten Bl\u00fcmchen ausschm\u00fcckt. Das ist nicht nur Kumpanei. Das ist Komplizenschaft.<\/strong><\/p>\n<p><em>Von <strong>Dagmar Henn<\/strong><\/em><\/p>\n<p><span style=\"font-size: 10pt;\">Erstver\u00f6ffentlichung am 28.08.2024 auf <a href=\"https:\/\/freedert.online\/meinung\/217075-nord-stream-reden-wir-doch\/\" target=\"_blank\" rel=\"noopener\">RT DE<\/a><\/span><\/p>\n<p>Vorerst wird das nichts werden mit der Wahrheit zu Nord Stream. Jedenfalls nicht in Deutschland. Und das liegt nicht nur an der Gewohnheit deutscher Journalisten, das, was ihnen die Beh\u00f6rden vorlegen, kritiklos zu glauben.<\/p>\n<p>Ein Kommentar, der vor einiger Zeit in der <em>Berliner Zeitung <\/em><a href=\"https:\/\/archive.fo\/WLg70#selection-1803.0-1803.395\" target=\"_blank\" rel=\"noopener noreferrer\">erschien<\/a>, machte genau das der Berichterstattung zum Vorwurf; er bezog sich dabei vor allem auf die <a href=\"https:\/\/www.tagesschau.de\/investigativ\/ndr-wdr\/nordstream-172.html\" target=\"_blank\" rel=\"noopener noreferrer\">Darstellung<\/a> des deutschen Leitmediums \u00fcberhaupt, der <em>Tagesschau<\/em>. Und erkl\u00e4rte, man m\u00fcsse den Zweifel als Produktivkraft f\u00fcr eine aufgekl\u00e4rte Gesellschaft nutzbar machen.<\/p>\n<p>Dass die N\u00e4he zum politischen Personal gerade f\u00fcr politischen Journalismus ein Problem ist, ist keine neue Erkenntnis. Das kann man schon in den Schriften von Franz Mehring aus dem vorvergangenen Jahrhundert finden. Mehring, sozialdemokratischer Journalist und in den Urspr\u00fcngen des sp\u00e4teren SPD-Presseimperiums so bedeutend, dass die Parteischule nach ihm benannt wurde, lehnte allzu gro\u00dfe N\u00e4he etwa zu den Parlamentsabgeordneten rigide ab. Der Preis, den die m\u00f6glicherweise zu erhaschenden Br\u00f6ckchen irgendwelcher Interna forderten, sei zu hoch; schlie\u00dflich gehe es um Kritik, nicht um Mitwirkung.<\/p>\n<p>Es ist immer und in jeder Umgebung eine gro\u00dfe Versuchung, sich als einer der Eingeweihten empfinden zu d\u00fcrfen, und einer der Hauptmechanismen, wie seitens der Politiker daf\u00fcr gesorgt wird, sich die Presse gewogen zu halten, besteht darin, genau dieses Gef\u00fchl wohldosiert immer wieder mal zu vermitteln. Kumpanei jedenfalls ist der sicherste Weg zum Erfolg.<\/p>\n<p>&#8222;Mittendrin statt nur dabei&#8220; nennt das die Autorin der <em>Berliner Zeitung<\/em>, und das ist sicher auch ein Punkt. Sie belegt das etwa mit der kritiklosen Formulierung, die Ermittlungen gegen den aktuell von der Bundesanwaltschaft als schuldig Ausgegebenen beruhten &#8222;auf Hinweisen eines ausl\u00e4ndischen Nachrichtendienstes&#8220;. Eine solche Formulierung &#8222;macht deutlich, dass sich die Journalisten in gewisser Weise mit im Boot sehen&#8220;. Wobei es technische Aspekte gibt, die eine solche Haltung beg\u00fcnstigen, denn die Kriterien, nach denen Informationen bewertet werden, unterscheiden sich nicht, und selbst die Arbeitsweise gerade im investigativen Journalismus ist \u00e4hnlich.<\/p>\n<p>Was allerdings in der Kritik der <em>Berliner Zeitung<\/em>fehlt, ist, dass auch solche Informationen, eben jene &#8222;eines ausl\u00e4ndischen Nachrichtendienstes&#8220;, wie alle anderen Informationen behandelt werden m\u00fcssen \u2013 sprich die Frage, wer etwas warum sagt, also welches Ziel verfolgt wird, ist ein notwendiger und unverzichtbarer Teil der Bewertung. Mehr noch \u2013 ein Abgeordneter mag bei einem Glas Wein etwas erz\u00e4hlen, das f\u00fcr sich genommen keiner Absicht folgt. Eine Information aus einem &#8222;ausl\u00e4ndischen Geheimdienst&#8220; wird nie, unter keinen Umst\u00e4nden, absichtslos weitergegeben.<\/p>\n<p>Genau diese Frage stellt sich im Zusammenhang mit Nord Stream \u00f6fter. In der ganzen Aff\u00e4re rund um Nord Stream gibt es ja auch noch die angeblichen Warnungen aus den Niederlanden, noch ehe der Anschlag passierte. Der Ort des Anschlags selbst liegt in der N\u00e4he der Zentrale des d\u00e4nischen Marinegeheimdienstes. Dieser &#8222;ausl\u00e4ndische Nachrichtendienst&#8220;, der zwei Ukrainer zu Tatverd\u00e4chtigen machte, ist, ob er nun CIA oder MI6 hei\u00dft, nur Teilaspekt einer ganzen Buchstabensuppe, in der man meint, die Wahrheit finden zu k\u00f6nnen.<\/p>\n<p>In dem Bericht der <em>Tagesschau<\/em> wird, ganz beil\u00e4ufig, erw\u00e4hnt, der laut Haftbefehl der Generalbundesanwaltschaft hauptverd\u00e4chtige Ukrainer Wolodymyr Z. (Ist das ein reiner Zufall, dass man damit auch Wladimir Selenskij verkn\u00fcpfen kann, dessen Name in der englischen Schreibweise mit einem Z beginnt?) habe telefonisch die Vorw\u00fcrfe bestritten: &#8222;In einem kurzen Telefonat am Dienstag zeigte sich Z. \u00fcberrascht von dem Vorwurf.&#8220;<\/p>\n<p>Was die <em>Berliner Zeitung <\/em>mit h\u00fcbschen Fragen garniert:<\/p>\n<blockquote><p><em>&#8222;Wer hat denn bittesch\u00f6n wie mit dem Verd\u00e4chtigen Z. gesprochen? Woher hatte man dessen aktuelle Telefonnummer? Obwohl der Mann doch k\u00fcrzlich erst untergetaucht sein soll? Und dann nimmt diese Person im Untergrund einen Anruf an, von einer ihr vermutlich unbekannten Telefonnummer? Und spricht zudem, wenn auch angeblich nur &#8218;kurz&#8216;, mit dem fremden Anrufer? Geht dabei sogar auf, sorry, hochexplosive Fragen ein?&#8220;<\/em><\/p><\/blockquote>\n<p>Vieles an den Vorhaltungen der <em>Berliner Zeitung <\/em>ist durchaus berechtigt. Auch die Vermutung, die deutschen Beh\u00f6rden h\u00e4tten eigentlich die Hoffnung, &#8222;dass die ganze Sache weiter im (Ostsee-)Sande verlaufen m\u00f6ge&#8220;. Auch die Anmerkung, die von Seymour Hersh ver\u00f6ffentlichte Version ohne weitere Argumentation einfach vom Tisch zu fegen, entspreche nicht der n\u00f6tigen journalistischen Sorgfalt, trifft zu.<\/p>\n<blockquote><p><em>&#8222;Wie kommen etablierte Redaktionen darauf, einerseits erfahrene Kollegen pauschal als &#8218;Verschw\u00f6rungserz\u00e4hler&#8216; abzuwerten, andererseits zugleich einer offenbar besonders skurrilen Verschw\u00f6rungsannahme anzuh\u00e4ngen: Dass eine solch weitreichende Aktion inmitten mannigfacher M\u00e4chte auf dem Grunde der Ostsee von einigen patriotischen Tauchern aus der Ukraine auf eigene Faust durchgezogen worden sei?&#8220;<\/em><\/p><\/blockquote>\n<p>Aber in diesem Fall geht das, was geschieht, weit \u00fcber schlichte Kumpanei hinaus, oder \u00fcber Vernachl\u00e4ssigung journalistisch angebrachten Zweifels. Immerhin geht es bei der Sprengung von Nord Stream um ein Ereignis, das niemanden in Deutschland unbeeintr\u00e4chtigt gelassen hat. Die Kumpanei, das, was die <em>Berliner Zeitung <\/em>mit &#8222;mittendrin statt nur dabei&#8220; bezeichnet, besitzt noch eine gewisse Elastizit\u00e4t, l\u00e4sst noch einen gewissen Freiraum.<\/p>\n<p>Doch wer im Zusammenhang mit Nord Stream die Version von Hersh f\u00fcr schl\u00fcssig h\u00e4lt und vertritt, hat ein ganz anderes Problem als einen gekr\u00e4nkten Kumpel. Vieles an den harten technischen Daten (wie die Voraussetzungen f\u00fcr nicht nur einen Tauchgang, sondern noch dazu l\u00e4ngere Arbeiten auf 80 Metern Tiefe, oder das Problem, eine halbe Tonne Sprengstoff von einem doch recht kleinen Gef\u00e4hrt auf offener See abzuladen) spricht sehr f\u00fcr eine mindestens staatlich unterst\u00fctzte Handlung. Es sind die technischen Fragen, die die Andromeda-Hypothese in die gr\u00f6\u00dften N\u00f6te bringen. Aber in solche Richtungen wird weitgehend gar nicht mehr recherchiert. Auch in anderen Zusammenh\u00e4ngen nicht.<\/p>\n<p>Das wirkliche Problem sind n\u00e4mlich die Konsequenzen, die sich daraus ergeben. Wenn ich zu dem Schluss komme, die Sprengung von Nord Stream sei durch die USA erfolgt, und nicht durch eine Truppe ukrainischer Aushilfsterroristen, was bedeutet das? Bin ich bereit, im Interesse der eigenen Karriere dazu zu schweigen? Kann ich dann noch entspannt mit dem Abgeordneten XY beim Wein sitzen und den Details lauschen, wie beispielsweise bei Fragen wie deutschen Waffenlieferungen an die Ukraine die Fraktion bei der Stange gehalten wurde? Gibt es nicht Momente in der journalistischen Arbeit, in denen der Zorn \u00fcber das Unrecht seinen Platz einfordert? Oder, andersherum, wenn das Schweigen der Bundesregierung in diesem Zusammenhang eine Form des Verrats ist, was ist es dann, dieses Schweigen zu decken?<\/p>\n<p>Wie w\u00e4ren die letzten Jahre verlaufen, h\u00e4tte der deutsche Mainstreamjournalismus nicht mit solcher Folgerichtigkeit unterlassen, die entscheidenden Fragen zu stellen? Die Position der Bundesregierung, weiter bedingungslos der US-amerikanischen Linie zu folgen, w\u00e4re kaum mehr zu halten gewesen. Nur, weil niemand laut genug dieses Ereignis als das benannt hat, was es war, eine Kriegshandlung durch einen vermeintlichen Verb\u00fcndeten, konnte der Krieg in der Ukraine so weitergehen, wie es geschehen ist. Ja, wer wei\u00df, h\u00e4tte damals eine Bundesregierung aus diesem Anschlag die n\u00f6tigen Schlussfolgerungen gezogen, wom\u00f6glich h\u00e4tte selbst das Gemetzel in Gaza so nicht stattfinden k\u00f6nnen. Es gibt auch im Journalismus Entscheidungen, die weitreichende Konsequenzen haben.<\/p>\n<p>Die Kritik der <em>Berliner Zeitung<\/em>, die dennoch lesenswert bleibt, nutzt ein Gedicht von Bertolt Brecht als Leitmotiv, &#8222;Die Fragen eines lesenden Arbeiters&#8220;. Mir kommen da eher drei Zeilen aus einem Gedicht in den Sinn, das drei Jahre sp\u00e4ter entstanden ist: &#8222;An die Nachgeborenen&#8220;. &#8222;Was sind das f\u00fcr Zeiten, wo ein Gespr\u00e4ch \u00fcber B\u00e4ume fast ein Verbrechen ist, weil es ein Schweigen \u00fcber so viele Untaten einschlie\u00dft!&#8220;<\/p>\n<p>Das ist ein harter Satz, aber er trifft das Gef\u00fchl, das solche Zeiten vermitteln; auch wenn es unm\u00f6glich ist, st\u00e4ndig den Blick auf das Entsetzliche zu richten, und das Gespr\u00e4ch \u00fcber B\u00e4ume geradezu unverzichtbar ist, um den Blick auf die Wirklichkeit ertragen zu k\u00f6nnen, bleibt es dennoch &#8222;fast ein Verbrechen&#8220;.<\/p>\n<p>Das, was nicht nur die <em>Tagesschau<\/em> betrieben hat und betreibt, ist aber, stets nur \u00fcber B\u00e4ume zu sprechen, um von den Untaten nicht reden zu m\u00fcssen. Das ist nicht nur fast ein Verbrechen. Das ist auch nicht nur die Kumpanei, die die <em>Berliner Zeitung <\/em>in diesem Verhalten sieht. Es gibt Momente, in denen das Verschweigen der Wahrheit zum Mitt\u00e4ter macht.<\/p>\n<p>Das ganze Ablenkungstheater rund um Nord Stream, dieses Weiterspinnen an immer absurderen Geschichten, diese Nebelwerferei ist nur in genau dem Sinne &#8222;mittendrin statt nur dabei&#8220;, als dass die Verbrechen, die in den letzten Jahren begangen und geduldet wurden, an den Deutschen wie an den Ukrainern wie an den Russen und Pal\u00e4stinensern, ohne dieses freudige Mitwirken der Medien so nicht m\u00f6glich gewesen w\u00e4ren.<\/p>\n<p>Es gibt allein im Zusammenhang mit der Ukraine eine Reihe von Punkten, an denen die Bereitschaft zu schweigen hilfreich war, um die Voraussetzungen f\u00fcr die heutige Lage zu schaffen. Dass man \u00fcber die Nazis auf dem Maidan schwieg, dass man den Text der Minsker Vereinbarungen nie zitierte, sondern jede Behauptung der deutschen Politiker dar\u00fcber blind glaubte. Alles nicht unschuldig, alles Momente, in denen entscheidende Fragen nicht gestellt wurden.<\/p>\n<p>Aber f\u00fcr die deutsche Beteiligung an der westlichen Aggression gab es genau einen entscheidenden Moment, in dem die oft nur behauptete Kontrollmacht der Medienmacher real war: beim Anschlag auf Nord Stream. Das ist der Moment, an dem eine ordentliche Berichterstattung, selbst wenn sie nur rigide die n\u00f6tigen Fragen gestellt h\u00e4tte, die Richtung h\u00e4tte \u00e4ndern k\u00f6nnen. Doch selbst in einem solchen Moment erwies sich in der Breite das R\u00fcckgrat als zu schwach und der Wunsch nach Karriere als zu stark.<\/p>\n<p>Wobei man noch hinzuf\u00fcgen sollte, dass die alte deutsche Ausrede des &#8222;ich habe davon nichts gewusst&#8220; f\u00fcr eine Gruppe bestimmt nicht gilt: f\u00fcr die, deren Beruf es ist, Fragen zu stellen. Da gibt es keinen Weg, die Verantwortung ab<em>z<\/em>ustreiten.<\/p>\n<p style=\"text-align: right;\"><em>Dagmar Henn ist Mitglied des Deutschen Freidenker-Verbandes<\/em><\/p>\n<hr \/>\n<p><span style=\"font-size: 10pt;\">Bild oben: Symbolbild<\/span><br \/>\n<span style=\"font-size: 10pt;\"><a href=\"https:\/\/pixabay.com\/de\/photos\/b%C3%A4ume-sumpf-wald-wasser-natur-7724177\/\" target=\"_blank\" rel=\"noopener\">pixabay.com<\/a> \/ <a class=\"userName--owby3\" href=\"https:\/\/pixabay.com\/de\/users\/ruslansikunov-11647343\/\" target=\"_blank\" rel=\"noopener\">RuslanSikunov<\/a> \/ <a href=\"https:\/\/pixabay.com\/de\/service\/license-summary\/\" target=\"_blank\" rel=\"noopener\">Inhaltslizenz<\/a><\/span><\/p>\n","protected":false},"excerpt":{"rendered":"<p><b>Beitrag von Dagmar Henn<\/b><br \/>\nVorerst wird das nichts werden mit der Wahrheit zu Nord Stream. Jedenfalls nicht in Deutschland. Und das liegt nicht nur an der Gewohnheit deutscher Journalisten, das, was ihnen die Beh\u00f6rden vorlegen, kritiklos zu glauben. Ein Kommentar, der vor einiger Zeit in der <i>Berliner Zeitung<\/i> erschien, machte genau das der Berichterstattung zum Vorwurf; er bezog sich dabei vor allem auf die Darstellung des deutschen Leitmediums \u00fcberhaupt, der Tagesschau. Und erkl\u00e4rte, man m\u00fcsse den Zweifel als Produktivkraft f\u00fcr eine aufgekl\u00e4rte Gesellschaft nutzbar machen. Dass die N\u00e4he zum politischen Personal gerade f\u00fcr politischen Journalismus ein Problem ist, ist keine neue Erkenntnis. Das kann man schon in den Schriften von Franz Mehring aus dem vorvergangenen Jahrhundert finden.<\/p>\n","protected":false},"author":3,"featured_media":19790,"comment_status":"closed","ping_status":"closed","sticky":false,"template":"","format":"standard","meta":{"colormag_page_container_layout":"default_layout","colormag_page_sidebar_layout":"default_layout","advanced_seo_description":"","jetpack_seo_html_title":"","jetpack_seo_noindex":false,"jetpack_post_was_ever_published":false,"footnotes":""},"categories":[12],"tags":[1587,2327,2305,121,1317,1815,1126,1111,185,1525],"class_list":["post-19789","post","type-post","status-publish","format-standard","has-post-thumbnail","hentry","category-demokratie-medien-aufklaerung","tag-anschlag","tag-berliner-zeitung","tag-kriegshandlung","tag-medien","tag-nord-stream","tag-selenskyj","tag-tagesschau","tag-ukraine","tag-usa","tag-waffenlieferungen"],"jetpack_featured_media_url":"https:\/\/i0.wp.com\/www.freidenker.org\/fw17\/wp-content\/uploads\/2024\/08\/trees-7724177_800x450.jpg?fit=800%2C450&ssl=1","jetpack_shortlink":"https:\/\/wp.me\/p9stpK-59b","jetpack-related-posts":[{"id":17125,"url":"https:\/\/www.freidenker.org\/?p=17125","url_meta":{"origin":19789,"position":0},"title":"Journalistisches Versagen zum Jahrestag","author":"Webredaktion","date":"30. September 2023","format":false,"excerpt":"Beitrag von Gert Ewen Ungar Am 26. September j\u00e4hrte sich der Anschlag auf die Ostsee-Pipeline Nord Stream zum ersten Mal. Damit j\u00e4hrte sich auch das umfassende journalistische Versagen deutscher Medien zum Thema. Der 26. September ist nicht nur der Jahrestag des Anschlags auf das wichtigste deutsche Energieinfrastrukturprojekt, sondern gleichzeitig auch\u2026","rel":"","context":"In &quot;Demokratie \u2013 Medien \u2013 Aufkl\u00e4rung&quot;","block_context":{"text":"Demokratie \u2013 Medien \u2013 Aufkl\u00e4rung","link":"https:\/\/www.freidenker.org\/?cat=12"},"img":{"alt_text":"","src":"https:\/\/i0.wp.com\/www.freidenker.org\/fw17\/wp-content\/uploads\/2023\/09\/kukuschka_nord-stream3_800x450_mr.jpg?fit=800%2C450&ssl=1&resize=350%2C200","width":350,"height":200,"srcset":"https:\/\/i0.wp.com\/www.freidenker.org\/fw17\/wp-content\/uploads\/2023\/09\/kukuschka_nord-stream3_800x450_mr.jpg?fit=800%2C450&ssl=1&resize=350%2C200 1x, https:\/\/i0.wp.com\/www.freidenker.org\/fw17\/wp-content\/uploads\/2023\/09\/kukuschka_nord-stream3_800x450_mr.jpg?fit=800%2C450&ssl=1&resize=525%2C300 1.5x, https:\/\/i0.wp.com\/www.freidenker.org\/fw17\/wp-content\/uploads\/2023\/09\/kukuschka_nord-stream3_800x450_mr.jpg?fit=800%2C450&ssl=1&resize=700%2C400 2x"},"classes":[]},{"id":17153,"url":"https:\/\/www.freidenker.org\/?p=17153","url_meta":{"origin":19789,"position":1},"title":"Nord Stream: Es ist an der Zeit, \u00fcber Verrat zu reden","author":"Webredaktion","date":"1. Oktober 2023","format":false,"excerpt":"Beitrag von Dagmar Henn Der neueste Artikel von Seymour Hersh hat zwei L\u00fccken geschlossen, die es bisher in der Geschichte des Nord Stream-Anschlags gab. Die Erste betrifft das Motiv seiner Quellen\u00a0\u2012 die Zweite ist weit schwerwiegender, sie betrifft die Rolle der Bundesregierung in der ganzen Geschichte. Das Motiv ist nicht\u2026","rel":"","context":"In &quot;Demokratie \u2013 Medien \u2013 Aufkl\u00e4rung&quot;","block_context":{"text":"Demokratie \u2013 Medien \u2013 Aufkl\u00e4rung","link":"https:\/\/www.freidenker.org\/?cat=12"},"img":{"alt_text":"","src":"https:\/\/i0.wp.com\/www.freidenker.org\/fw17\/wp-content\/uploads\/2023\/09\/kukuschka_scholz-usa_mr_800x450.jpg?fit=800%2C450&ssl=1&resize=350%2C200","width":350,"height":200,"srcset":"https:\/\/i0.wp.com\/www.freidenker.org\/fw17\/wp-content\/uploads\/2023\/09\/kukuschka_scholz-usa_mr_800x450.jpg?fit=800%2C450&ssl=1&resize=350%2C200 1x, https:\/\/i0.wp.com\/www.freidenker.org\/fw17\/wp-content\/uploads\/2023\/09\/kukuschka_scholz-usa_mr_800x450.jpg?fit=800%2C450&ssl=1&resize=525%2C300 1.5x, https:\/\/i0.wp.com\/www.freidenker.org\/fw17\/wp-content\/uploads\/2023\/09\/kukuschka_scholz-usa_mr_800x450.jpg?fit=800%2C450&ssl=1&resize=700%2C400 2x"},"classes":[]},{"id":19740,"url":"https:\/\/www.freidenker.org\/?p=19740","url_meta":{"origin":19789,"position":2},"title":"Nord-Stream-Attent\u00e4ter: Befinden wir uns nun im Krieg mit der Ukraine?","author":"Webredaktion","date":"20. August 2024","format":false,"excerpt":"Beitrag von Dagmar Henn Jeder Deutsche kann die Folgen der Sprengung von Nord Stream in seinem Geldbeutel wahrnehmen. Viele an ihrem K\u00fcndigungsschreiben. Wenn jetzt offiziell (und offizieller als Generalbundesanwalt geht nicht) erkl\u00e4rt wird, das sei die Ukraine gewesen, muss das Folgen haben. Immerhin, die ARD-Tagesschau hat ihre Meldung zu dem\u2026","rel":"","context":"In &quot;Demokratie \u2013 Medien \u2013 Aufkl\u00e4rung&quot;","block_context":{"text":"Demokratie \u2013 Medien \u2013 Aufkl\u00e4rung","link":"https:\/\/www.freidenker.org\/?cat=12"},"img":{"alt_text":"","src":"https:\/\/i0.wp.com\/www.freidenker.org\/fw17\/wp-content\/uploads\/2024\/08\/Stack_of_pipes_North_Stream_2_800x450.jpg?fit=800%2C450&ssl=1&resize=350%2C200","width":350,"height":200,"srcset":"https:\/\/i0.wp.com\/www.freidenker.org\/fw17\/wp-content\/uploads\/2024\/08\/Stack_of_pipes_North_Stream_2_800x450.jpg?fit=800%2C450&ssl=1&resize=350%2C200 1x, https:\/\/i0.wp.com\/www.freidenker.org\/fw17\/wp-content\/uploads\/2024\/08\/Stack_of_pipes_North_Stream_2_800x450.jpg?fit=800%2C450&ssl=1&resize=525%2C300 1.5x, https:\/\/i0.wp.com\/www.freidenker.org\/fw17\/wp-content\/uploads\/2024\/08\/Stack_of_pipes_North_Stream_2_800x450.jpg?fit=800%2C450&ssl=1&resize=700%2C400 2x"},"classes":[]},{"id":14497,"url":"https:\/\/www.freidenker.org\/?p=14497","url_meta":{"origin":19789,"position":3},"title":"Nord Stream: Das verr\u00e4terische Schweigen der Bundesregierung","author":"Webredaktion","date":"21. Oktober 2022","format":false,"excerpt":"Beitrag von Dagmar Henn Man wird und wird nicht schlauer, was die Anschl\u00e4ge auf die Nord-Stream-Pipelines betrifft. Zumindest will die Bundesregierung keine Antwort geben, und diese Tatsache wurde auch aufgegriffen und gemeldet. Aber der Teufel steckt hier, wie so oft, im Detail. Es gibt n\u00e4mlich in solchen F\u00e4llen keine Art\u2026","rel":"","context":"In &quot;Demokratie \u2013 Medien \u2013 Aufkl\u00e4rung&quot;","block_context":{"text":"Demokratie \u2013 Medien \u2013 Aufkl\u00e4rung","link":"https:\/\/www.freidenker.org\/?cat=12"},"img":{"alt_text":"","src":"https:\/\/i0.wp.com\/www.freidenker.org\/fw17\/wp-content\/uploads\/2022\/10\/In_die_Roehre_geschaut_800x450.jpg?fit=800%2C450&ssl=1&resize=350%2C200","width":350,"height":200,"srcset":"https:\/\/i0.wp.com\/www.freidenker.org\/fw17\/wp-content\/uploads\/2022\/10\/In_die_Roehre_geschaut_800x450.jpg?fit=800%2C450&ssl=1&resize=350%2C200 1x, https:\/\/i0.wp.com\/www.freidenker.org\/fw17\/wp-content\/uploads\/2022\/10\/In_die_Roehre_geschaut_800x450.jpg?fit=800%2C450&ssl=1&resize=525%2C300 1.5x, https:\/\/i0.wp.com\/www.freidenker.org\/fw17\/wp-content\/uploads\/2022\/10\/In_die_Roehre_geschaut_800x450.jpg?fit=800%2C450&ssl=1&resize=700%2C400 2x"},"classes":[]},{"id":11750,"url":"https:\/\/www.freidenker.org\/?p=11750","url_meta":{"origin":19789,"position":4},"title":"Ein Brief aus dem transatlantischen Sumpf \u2013 aus Angst vor einem &#8222;Sieg f\u00fcr Putin&#8220;","author":"Webredaktion","date":"4. Dezember 2021","format":false,"excerpt":"Beitrag von Dagmar Henn Das Schreiben der deutschen Botschaft in Washington, das wohl an demokratische Vertreter im US-Parlament ging und das das Internet-Portal Axios am Sonntag ver\u00f6ffentlichte, zeigt, welcher Sumpf auch in diesen Beziehungen herrscht. Axios\u00a0dekorierte den Inhalt des Schreibens nat\u00fcrlich mit den laufenden Propagandageschichten wie den angeblich drohenden 100.000\u2026","rel":"","context":"In &quot;Demokratie \u2013 Medien \u2013 Aufkl\u00e4rung&quot;","block_context":{"text":"Demokratie \u2013 Medien \u2013 Aufkl\u00e4rung","link":"https:\/\/www.freidenker.org\/?cat=12"},"img":{"alt_text":"","src":"https:\/\/i0.wp.com\/www.freidenker.org\/fw17\/wp-content\/uploads\/2021\/12\/Nordstream2_45188318294_800x450.jpg?fit=800%2C450&ssl=1&resize=350%2C200","width":350,"height":200,"srcset":"https:\/\/i0.wp.com\/www.freidenker.org\/fw17\/wp-content\/uploads\/2021\/12\/Nordstream2_45188318294_800x450.jpg?fit=800%2C450&ssl=1&resize=350%2C200 1x, https:\/\/i0.wp.com\/www.freidenker.org\/fw17\/wp-content\/uploads\/2021\/12\/Nordstream2_45188318294_800x450.jpg?fit=800%2C450&ssl=1&resize=525%2C300 1.5x, https:\/\/i0.wp.com\/www.freidenker.org\/fw17\/wp-content\/uploads\/2021\/12\/Nordstream2_45188318294_800x450.jpg?fit=800%2C450&ssl=1&resize=700%2C400 2x"},"classes":[]},{"id":10896,"url":"https:\/\/www.freidenker.org\/?p=10896","url_meta":{"origin":19789,"position":5},"title":"Ein Pakt zum Pl\u00fcndern","author":"Webredaktion","date":"25. Juli 2021","format":false,"excerpt":"Die Einigung zwischen den USA und der Bundesrepublik zu Nord Stream 2 Beitrag von Dagmar Henn Die USA und die Bundesrepublik vertragen sich wieder, und Nord Stream 2 geht in Betrieb. Die Grundlage der Vers\u00f6hnung: gemeinsam die Osteurop\u00e4er bluten lassen ... wof\u00fcr die \"Energiewende\" gerade den rechten Vorwand liefert. ....\u2026","rel":"","context":"In &quot;Demokratie \u2013 Medien \u2013 Aufkl\u00e4rung&quot;","block_context":{"text":"Demokratie \u2013 Medien \u2013 Aufkl\u00e4rung","link":"https:\/\/www.freidenker.org\/?cat=12"},"img":{"alt_text":"","src":"https:\/\/i0.wp.com\/www.freidenker.org\/fw17\/wp-content\/uploads\/2021\/07\/Merkel_Biden_800x450.jpg?fit=800%2C450&ssl=1&resize=350%2C200","width":350,"height":200,"srcset":"https:\/\/i0.wp.com\/www.freidenker.org\/fw17\/wp-content\/uploads\/2021\/07\/Merkel_Biden_800x450.jpg?fit=800%2C450&ssl=1&resize=350%2C200 1x, https:\/\/i0.wp.com\/www.freidenker.org\/fw17\/wp-content\/uploads\/2021\/07\/Merkel_Biden_800x450.jpg?fit=800%2C450&ssl=1&resize=525%2C300 1.5x, https:\/\/i0.wp.com\/www.freidenker.org\/fw17\/wp-content\/uploads\/2021\/07\/Merkel_Biden_800x450.jpg?fit=800%2C450&ssl=1&resize=700%2C400 2x"},"classes":[]}],"_links":{"self":[{"href":"https:\/\/www.freidenker.org\/index.php?rest_route=\/wp\/v2\/posts\/19789","targetHints":{"allow":["GET"]}}],"collection":[{"href":"https:\/\/www.freidenker.org\/index.php?rest_route=\/wp\/v2\/posts"}],"about":[{"href":"https:\/\/www.freidenker.org\/index.php?rest_route=\/wp\/v2\/types\/post"}],"author":[{"embeddable":true,"href":"https:\/\/www.freidenker.org\/index.php?rest_route=\/wp\/v2\/users\/3"}],"replies":[{"embeddable":true,"href":"https:\/\/www.freidenker.org\/index.php?rest_route=%2Fwp%2Fv2%2Fcomments&post=19789"}],"version-history":[{"count":0,"href":"https:\/\/www.freidenker.org\/index.php?rest_route=\/wp\/v2\/posts\/19789\/revisions"}],"wp:featuredmedia":[{"embeddable":true,"href":"https:\/\/www.freidenker.org\/index.php?rest_route=\/wp\/v2\/media\/19790"}],"wp:attachment":[{"href":"https:\/\/www.freidenker.org\/index.php?rest_route=%2Fwp%2Fv2%2Fmedia&parent=19789"}],"wp:term":[{"taxonomy":"category","embeddable":true,"href":"https:\/\/www.freidenker.org\/index.php?rest_route=%2Fwp%2Fv2%2Fcategories&post=19789"},{"taxonomy":"post_tag","embeddable":true,"href":"https:\/\/www.freidenker.org\/index.php?rest_route=%2Fwp%2Fv2%2Ftags&post=19789"}],"curies":[{"name":"wp","href":"https:\/\/api.w.org\/{rel}","templated":true}]}}