{"id":19763,"date":"2024-08-23T00:04:09","date_gmt":"2024-08-22T22:04:09","guid":{"rendered":"https:\/\/www.freidenker.org\/?p=19763"},"modified":"2024-10-06T02:14:32","modified_gmt":"2024-10-06T00:14:32","slug":"der-deutsch-sowjetische-nichtangriffsvertrag-vom-23-august-1939","status":"publish","type":"post","link":"https:\/\/www.freidenker.org\/?p=19763","title":{"rendered":"Der deutsch-sowjetische Nichtangriffsvertrag vom 23. August 1939"},"content":{"rendered":"<p><em>Historischer \u00dcberblick von <strong>Wolfgang Sch\u00fcrer<\/strong><\/em><\/p>\n<h5>1. Bev\u00f6lkerungszahlen der europ\u00e4ischen Machtbl\u00f6cke im Fr\u00fchjahr 1939<\/h5>\n<p>Die Bev\u00f6lkerung des geographischen Europa und der asiatischen Gebiete der Sowjetunion und der T\u00fcrkei betrug etwa 590 Millionen.<\/p>\n<p>Daran betrug der Anteil <strong>Deutschlands<\/strong> 15,3 Prozent, eingerechnet die annektierten und abh\u00e4ngigen Gebiete <strong>\u00d6sterreich<\/strong>, <strong>Sudetenland<\/strong>, das <strong>Protektorat<\/strong> <strong>B\u00f6hmen und M\u00e4hren<\/strong>, den Satellitenstaat <strong>Slowakei<\/strong> und das litauische <strong>Memelgebiet<\/strong>.<\/p>\n<p><strong>Italien<\/strong> mit dem annektiertem <strong>Albanien<\/strong> hatte einen Anteil von 7,6 Prozent an der europ\u00e4ischen Gesamtbev\u00f6lkerung, <strong>Ungarn<\/strong> mit annektierten <strong>tschechoslowakischen Gebieten<\/strong> 1,7 Prozent, <strong>Spanien<\/strong> 4,4 Prozent.<\/p>\n<p><strong>Deutschland, Italien, Ungarn <\/strong>und<strong> Spanien<\/strong> kontrollierten somit 29 Prozent der Gesamtbev\u00f6lkerung.<\/p>\n<p>Das <strong>Vereinigte K\u00f6nigreich<\/strong> (8,2 Prozent), <strong>Frankreich<\/strong> (7,1 Prozent) und <strong>Polen<\/strong> (6,0 Prozent, <strong>Danzig<\/strong> und annektierte <strong>tschechoslowakische Gebiete<\/strong> eingerechnet) kontrollierten 21,3 Prozent der Gesamtbev\u00f6lkerung. Auf die <strong>Sowjetunion<\/strong> entfielen 28,7 Prozent, 21,0 Prozent auf <strong>sonstige Staaten<\/strong>.<\/p>\n<h5>2. Bemerkungen zum Anti-Komintern-Pakt (AKP)<\/h5>\n<p><strong>Deutschland<\/strong> und <strong>Japan<\/strong> hatten den <strong>AKP <\/strong>am 25. November 1936 unterzeichnet. In einer <strong>geheimen Zusatzvereinbarung<\/strong> hatten sich beide Staaten <strong>wohlwollende Neutralit\u00e4t<\/strong> im Falle eines <strong>Krieges<\/strong> gegen die <strong>Sowjetunion<\/strong> zugesichert. <strong>Italien<\/strong> war am 06. November 1937 dem <strong>AKP<\/strong> beigetreten. Der Beitritt <strong>Ungarns<\/strong> zum <strong>AKP <\/strong>erfolgte am 24. Februar 1939, der von <strong>Spanien<\/strong> am 27. M\u00e4rz 1939.<\/p>\n<h5>3. Bemerkungen zum japanisch-sowjetischen 127-Tage-Krieg 1939<\/h5>\n<p>Am 11. Mai 1939 griff <strong>Japan <\/strong>die <strong>\u00c4u\u00dfere Mongolei<\/strong> an. Die \u00c4u\u00dfere Mongolei war <strong>v\u00f6lkerrechtlich <\/strong>ein Teil <strong>Chinas<\/strong>, jedoch seit 1912 <strong>faktisch<\/strong> <strong>selbstst\u00e4ndig<\/strong>, und sie war mit der <strong>Sowjetunion<\/strong> <strong>verb\u00fcndet<\/strong>. Die <strong>Kampfhandlungen<\/strong> zwischen den <strong>japanischen Truppen<\/strong> und der <strong>Roten Armee<\/strong> fanden auf dem Gebiet der \u00c4u\u00dferen Mongolei statt. <strong>Japan<\/strong> und die<strong> Sowjetunion <\/strong>unterhielten weiterhin <strong>diplomatische Beziehungen<\/strong>.<\/p>\n<h5>4. Der bevorstehende deutsche Angriff auf Polen 1939<\/h5>\n<p><strong>Deutschland<\/strong> und <strong>Polen<\/strong> hatten am 26. Januar 1934 eine <strong>Nichtangriffs-Erkl\u00e4rung <\/strong>unterzeichnet. <strong>Polen<\/strong> hatte sich 1938 an der <strong>Beseitigung<\/strong> der <strong>Tschechoslowakei <\/strong>beteiligt. Am 24. Oktober 1938 hatte <strong>Deutschland<\/strong> von <strong>Polen<\/strong> die <strong>R\u00fcckgabe Danzigs <\/strong>und den Bau einer <strong>exterritorialen Autobahn- <\/strong>und <strong>Eisenbahnverbindung<\/strong> durch den <strong>polnischen Korridor<\/strong> nach <strong>Ostpreu\u00dfen <\/strong>verlangt. <strong>Deutschland<\/strong> bot <strong>Polen<\/strong> ein <strong>Angriffsb\u00fcndnis <\/strong>gegen die <strong>Sowjetunion <\/strong>an, die <strong>Sowjetukraine<\/strong> sollte zwischen <strong>Deutschland<\/strong> und <strong>Polen<\/strong> aufgeteilt werden. Am 26. M\u00e4rz 1939 <strong>lehnte Polen<\/strong> die deutschen Forderungen endg\u00fcltig <strong>ab<\/strong>. Am 15. April 1939 <strong>k\u00fcndigte Deutschland<\/strong> die <strong>deutsch-polnische Nichtangriffserkl\u00e4rung<\/strong>.<\/p>\n<h5>5. Die sowjetisch-britisch-franz\u00f6sischen B\u00fcndnisverhandlungen 1939<\/h5>\n<p>Am 18. April 1939 bot die <strong>Sowjetunion<\/strong> den <strong>beiden Westm\u00e4chten<\/strong> eine <strong>Abwehr-Allianz <\/strong>gegen <strong>Deutschland<\/strong> an, f\u00fcr den Fall eines <strong>deutschen Angriffs<\/strong> auf <strong>Polen<\/strong>, f\u00fcr den Fall eines <strong>deutschen Angriffs<\/strong> auf <strong>Frankreich<\/strong>, und f\u00fcr den Fall eines<strong> deutschen Angriffs <\/strong>auf die<strong> Sowjetunion<\/strong>, unter<strong> Umgehung Polens<\/strong>, \u00fcber<strong> Lettland<\/strong>, <strong>Estland <\/strong>und <strong>Finnland<\/strong> (<strong>Litauen<\/strong> <strong>grenzte<\/strong> damals <strong>nicht<\/strong> an die <strong>Sowjetunion<\/strong>.). Die <strong>Sowjetunion<\/strong> verlangte, dass sich <strong>Polen<\/strong> auch im zweiten und dritten Falle am Krieg gegen <strong>Deutschland<\/strong> <strong>beteiligen<\/strong> sollte. F\u00fcr den dritten Fall forderte die <strong>Sowjetunion<\/strong> von <strong>Polen <\/strong>zwei <strong>Korridore<\/strong> mit <strong>Durchmarschrecht<\/strong> f\u00fcr die <strong>Rote Armee<\/strong>. <strong>Polen<\/strong> <strong>lehnte<\/strong> die sowjetischen Forderungen <strong>ab<\/strong>. Die <strong>beiden Westm\u00e4chte<\/strong> gaben der <strong>Sowjetunion<\/strong> keine verbindlichen Zusagen, wie sie sich im Falle eines <strong>deutsch-sowjetischen Krieges<\/strong> verhalten w\u00fcrden. Die B\u00fcndnisverhandlungen <strong>scheiterten<\/strong>.<\/p>\n<h5>6. Der Abschluss des deutsch-sowjetische Nichtangriffsvertrages<\/h5>\n<p>Am 14. August 1939 lie\u00dfen die <strong>beiden Westm\u00e4chte<\/strong> eine letzte <strong>sowjetische <\/strong>Anfrage f\u00fcr eine verbindliche <strong>Milit\u00e4rkonvention<\/strong> unbeantwortet. Die <strong>Sowjetunion<\/strong> signalisierte dem <strong>deutschen Botschafter<\/strong> in <strong>Moskau<\/strong>, dass sie, unter bestimmten Bedingungen, auf die <strong>deutschen<\/strong> Vorschl\u00e4ge zum Abschluss eines <strong>Nichtangriffsvertrages<\/strong> eingehen w\u00fcrde.<\/p>\n<p>In <strong>Moskau<\/strong>, datiert auf den 23. August 1939, wurden je zwei Originale, in <strong>deutsche<\/strong>r und <strong>russischer <\/strong>Sprache, des <strong>Nichtangriffsvertrages<\/strong> von beiden Staaten unterzeichnet.<\/p>\n<h5>7. Das geheime Zusatzprotokoll zum Nichtangriffsvertrag<\/h5>\n<p>Die <strong>sowjetischen Bedingungen<\/strong> zum Abschluss des Nichtangriffsvertrages wurden ebenfalls in jeweils 2 Protokollen, in deutscher und russischer Sprache, unterzeichnet.<\/p>\n<p>Die <strong>Sowjetunion<\/strong> betrachtete folgende Gebiete als ihre <strong>Interessensph\u00e4re<\/strong>:<\/p>\n<ul>\n<li><strong>Polen<\/strong> \u00f6stlich der Fl\u00fcsse Narew, <strong>Weichsel<\/strong> und San;<\/li>\n<li><strong>Lettland<\/strong>, <strong>Estland<\/strong>, <strong>Finnland<\/strong>;<\/li>\n<li><strong>Bessarabien<\/strong>, das <strong>Rum\u00e4nien <\/strong>1918 annektiert hatte;<\/li>\n<\/ul>\n<h5>8. Das bevorstehende Ende des japanisch-sowjetischen Krieges<\/h5>\n<p>Der <strong>japanische Botschafter<\/strong> in <strong>Berlin<\/strong> legte, im Namen seiner Regierung, und unter Berufung auf den <strong>Anti-Komintern-Pakt<\/strong> vom 25. November 1936, <strong>Protest<\/strong> gegen den <strong>deutsch-sowjetischen Nichtangriffsvertrag<\/strong> ein. Am 31. August 1939 erhielt der <strong>japanische Botschafter<\/strong> in <strong>Moskau<\/strong> von seiner Regierung die Anweisung, mit der <strong>Sowjetunion<\/strong> in <strong>Friedensverhandlungen<\/strong> zu treten.<\/p>\n<h5>9. Die ersten 36 Tage des Zweiten Weltkrieges<\/h5>\n<p><strong>Deutschland griff<\/strong> am 01. September 1939 <strong>Polen an<\/strong>. Das <strong>Vereinigte K\u00f6nigreich<\/strong> und <strong>Frankreich<\/strong> erkl\u00e4rten am 03. September 1939 den <strong>Kriegszustand<\/strong> mit <strong>Deutschland<\/strong>.<\/p>\n<p><strong>Frankreich<\/strong> sicherte <strong>Polen<\/strong> f\u00fcr den 15. September 1939 einen <strong>Entlastungsangriff<\/strong> auf <strong>Deutschland<\/strong> zu, f\u00fchrte diesen jedoch nicht durch. Die <strong>polnische Armee<\/strong> wurde in einem <strong>Blitzkrieg<\/strong> besiegt. Die <strong>polnische Regierung<\/strong> <strong>floh<\/strong> am 17. September 1939 nach <strong>Rum\u00e4nen<\/strong>. Am 30. September 1939 wurde in <strong>Paris<\/strong> eine <strong>polnische Exilregierung <\/strong>gebildet. Am 06. Oktober 1939 <strong>kapitulierten<\/strong> die letzten polnischen Truppen.<\/p>\n<h5>10. Das endg\u00fcltige Ende des japanisch-sowjetischen Krieges<\/h5>\n<p>Am 16. September 1939 erkl\u00e4rten <strong>Japan<\/strong> und die <strong>Sowjetunion<\/strong> die <strong>Kriegshandlungen<\/strong> in der <strong>\u00c4u\u00dferen Mongolei<\/strong> f\u00fcr<strong> beendet<\/strong>. (Am 13. April 1941, in <strong>Moskau<\/strong>, unterzeichneten <strong>Japan<\/strong> und die <strong>Sowjetunion<\/strong> einen <strong>Neutralit\u00e4tsvertrag<\/strong>.)<\/p>\n<h5>11. Die milit\u00e4rische Intervention der Sowjetunion in Polen<\/h5>\n<p>Die <strong>deutschen Truppen<\/strong> waren bereits in die <strong>sowjetische Interessensph\u00e4re<\/strong> in <strong>Polen<\/strong> eingedrungen. Am 17. September 1939 marschierte die <strong>Rote Armee<\/strong> in <strong>Polen <\/strong>ein. Am 18. September 1939 trafen sich <strong>deutsche<\/strong> und <strong>sowjetische <\/strong>Truppen in Brest-Litowsk.<\/p>\n<h5>12. Der Abschluss eines zweiten deutsch-sowjetischen Vertrages<\/h5>\n<p>Am 28. September 1939 schlossen <strong>Deutschland<\/strong> und die <strong>Sowjetunion<\/strong> einen Vertrag, in dem die <strong>Sowjetunion<\/strong> sich zu einer <strong>wohlwollenden Neutralit\u00e4t<\/strong> gegen\u00fcber <strong>Deutschland<\/strong> verpflichtete.<\/p>\n<p>Das <strong>geheime Zusatzprotokoll<\/strong> vom 23. August 1939 wurde <strong>ge\u00e4ndert<\/strong>:<\/p>\n<ul>\n<li><strong>Polen<\/strong> zwischen <strong>Weichsel<\/strong> und <strong>Bug<\/strong> sowie einige n\u00f6rdlichere polnische Gebiete geh\u00f6ren <strong>nicht<\/strong> mehr zur <strong>sowjetischen Interessensph\u00e4re<\/strong>.<\/li>\n<li><strong>Litauen<\/strong> geh\u00f6rt nunmehr zur <strong>sowjetischen Interessensph\u00e4re<\/strong>.<\/li>\n<\/ul>\n<h5>13. Die Eingliederung der polnischen Ostgebiete in die Sowjetunion<\/h5>\n<p>Die <strong>polnischen Ostgebiete<\/strong> wurden der <strong>Sowjetukraine<\/strong> und <strong>Sowjetwei\u00dfrussland <\/strong>\u00fcbergeben. Das Gebiet um <strong>Wilna<\/strong> wurde an <strong>Litauen<\/strong> \u00fcbergeben. (Am 16. August 1945 schlossen die <strong>Sowjetunion<\/strong> und <strong>Polen<\/strong> einen <strong>Grenzvertrag<\/strong>. Die <strong>Sowjetunion<\/strong> gab das Gebiet um <strong>Bialystok<\/strong> und einige s\u00fcdlichere Gebiete an <strong>Polen zur\u00fcck<\/strong>.)<\/p>\n<p style=\"text-align: right;\"><em>Wolfgang Sch\u00fcrer ist Vorsitzender des Kreisverbandes Offenbach a. M. der Freidenker<\/em><\/p>\n<hr \/>\n<h4>Siehe auch<\/h4>\n<p>Siehe zum Thema auch den fr\u00fcheren Artikel des Autors vom 23.08.2019, der andere Aspekte behandelt:<\/p>\n<blockquote class=\"wp-embedded-content\" data-secret=\"xWvFJKaNrw\"><p><a href=\"https:\/\/www.freidenker.org\/?p=6850\">80 Jahre Deutsch-Sowjetischer Nichtangriffsvertrag<\/a><\/p><\/blockquote>\n<p><iframe loading=\"lazy\" class=\"wp-embedded-content\" sandbox=\"allow-scripts\" security=\"restricted\" style=\"position: absolute; visibility: hidden;\" title=\"&#8222;80 Jahre Deutsch-Sowjetischer Nichtangriffsvertrag&#8220; &#8212; Deutscher Freidenker-Verband e.V.\" src=\"https:\/\/www.freidenker.org\/?p=6850&#038;embed=true#?secret=UkzaHLZvHk#?secret=xWvFJKaNrw\" data-secret=\"xWvFJKaNrw\" width=\"600\" height=\"338\" frameborder=\"0\" marginwidth=\"0\" marginheight=\"0\" scrolling=\"no\"><\/iframe><\/p>\n<p>&nbsp;<\/p>\n<hr \/>\n<p><span style=\"font-size: 10pt;\">Bild oben: Nach der Unterzeichnung des Nichtangriffspaktes am 23.08.1939 in Moskau &#8211; v.l.n.r.: Friedrich Gau\u00df, Leiter der Rechtsabteilung des deutschen Au\u00dfenministeriums, der deutsche Au\u00dfenminister Joachim von Ribbentrop, Josef Stalin, der Au\u00dfenminister der UdSSR Wjatscheslaw Molotow.<\/span><br \/>\n<span style=\"font-size: 10pt;\">Foto: Mikhail Kalashnikov &#8211; <a href=\"http:\/\/mtdata.ru\/u25\/photo72FB\/20634308905-0\/original.jpg\" target=\"_blank\" rel=\"noopener\">http:\/\/mtdata.ru\/u25\/photo72FB\/20634308905-0\/original.jpg<\/a>, Public Domain<\/span><br \/>\n<span style=\"font-size: 10pt;\">Quelle: <a href=\"https:\/\/commons.wikimedia.org\/w\/index.php?curid=77825023\" target=\"_blank\" rel=\"noopener\">https:\/\/commons.wikimedia.org\/w\/index.php?curid=77825023<\/a><\/span><\/p>\n","protected":false},"excerpt":{"rendered":"<p><b>Historischer \u00dcberblick von Wolfgang Sch\u00fcrer<\/b><br \/>\n[&#8230;] Am 18. April 1939 bot die Sowjetunion den beiden Westm\u00e4chten eine Abwehr-Allianz gegen Deutschland an, f\u00fcr den Fall eines deutschen Angriffs auf Polen, f\u00fcr den Fall eines deutschen Angriffs auf Frankreich, und f\u00fcr den Fall eines deutschen Angriffs auf die Sowjetunion, unter Umgehung Polens, \u00fcber Lettland, Estland und Finnland (Litauen grenzte damals nicht an die Sowjetunion.). [&#8230;] Die B\u00fcndnisverhandlungen scheiterten.<br \/>\nAm 14. August 1939 lie\u00dfen die beiden Westm\u00e4chte eine letzte sowjetische Anfrage f\u00fcr eine verbindliche Milit\u00e4rkonvention unbeantwortet. Die Sowjetunion signalisierte dem deutschen Botschafter in Moskau, dass sie, unter bestimmten Bedingungen, auf die deutschen Vorschl\u00e4ge zum Abschluss eines Nichtangriffsvertrages eingehen w\u00fcrde. In Moskau, datiert auf den 23. August 1939, wurden je zwei Originale, in deutscher und russischer Sprache, des Nichtangriffsvertrages von beiden Staaten unterzeichnet.<\/p>\n","protected":false},"author":3,"featured_media":19768,"comment_status":"closed","ping_status":"closed","sticky":false,"template":"","format":"standard","meta":{"colormag_page_container_layout":"default_layout","colormag_page_sidebar_layout":"default_layout","advanced_seo_description":"","jetpack_seo_html_title":"","jetpack_seo_noindex":false,"jetpack_post_was_ever_published":false,"footnotes":""},"categories":[1162],"tags":[648,2303,452,451,1027,1038,1455,1279,2304,1311,430],"class_list":["post-19763","post","type-post","status-publish","format-standard","has-post-thumbnail","hentry","category-geschichte","tag-2-weltkrieg","tag-bevoelkerung","tag-deutschland","tag-faschismus","tag-frankreich","tag-grossbritannien","tag-interessen","tag-komintern","tag-nichtangriffspakt","tag-polen","tag-sowjetunion"],"jetpack_featured_media_url":"https:\/\/i0.wp.com\/www.freidenker.org\/fw17\/wp-content\/uploads\/2024\/08\/Sowjetisch-deutscher_Nichtangriffspakt_800x450.jpg?fit=800%2C450&ssl=1","jetpack_shortlink":"https:\/\/wp.me\/p9stpK-58L","jetpack-related-posts":[{"id":17386,"url":"https:\/\/www.freidenker.org\/?p=17386","url_meta":{"origin":19763,"position":0},"title":"Das Komplott von M\u00fcnchen 1938","author":"Webredaktion","date":"31. Oktober 2023","format":false,"excerpt":"K\u00fcrzlich j\u00e4hrte sich die Unterzeichnung des M\u00fcnchner Abkommens zum 85. Mal. Aus diesem Anlass hat Wolfgang Sch\u00fcrer Daten und Fakten zusammengetragen, die den historischen Kontext dieses Ereignisses beleuchten. ... Tschechen und Slowaken sind 2 Ethnien. Es gab jedoch keine separate Erfassung, beide wurden als das Staatsvolk der \u201eTschechoslowaken\u201c ausgewiesen. Die\u2026","rel":"","context":"In &quot;Geschichte&quot;","block_context":{"text":"Geschichte","link":"https:\/\/www.freidenker.org\/?cat=1162"},"img":{"alt_text":"","src":"https:\/\/i0.wp.com\/www.freidenker.org\/fw17\/wp-content\/uploads\/2023\/10\/Bundesarchiv_Bild_183-R69173_Muenchener_Abkommen_Staatschefs_800x450.jpg?fit=800%2C450&ssl=1&resize=350%2C200","width":350,"height":200,"srcset":"https:\/\/i0.wp.com\/www.freidenker.org\/fw17\/wp-content\/uploads\/2023\/10\/Bundesarchiv_Bild_183-R69173_Muenchener_Abkommen_Staatschefs_800x450.jpg?fit=800%2C450&ssl=1&resize=350%2C200 1x, https:\/\/i0.wp.com\/www.freidenker.org\/fw17\/wp-content\/uploads\/2023\/10\/Bundesarchiv_Bild_183-R69173_Muenchener_Abkommen_Staatschefs_800x450.jpg?fit=800%2C450&ssl=1&resize=525%2C300 1.5x, https:\/\/i0.wp.com\/www.freidenker.org\/fw17\/wp-content\/uploads\/2023\/10\/Bundesarchiv_Bild_183-R69173_Muenchener_Abkommen_Staatschefs_800x450.jpg?fit=800%2C450&ssl=1&resize=700%2C400 2x"},"classes":[]},{"id":21634,"url":"https:\/\/www.freidenker.org\/?p=21634","url_meta":{"origin":19763,"position":1},"title":"Die Bedeutung der Ostfront 1941-1945","author":"Webredaktion","date":"28. April 2025","format":false,"excerpt":"Historischer \u00dcberblick von Wolfgang Sch\u00fcrer Deutschland und Japan schlossen den Anti-Komintern-Pakt am 25. November 1936. Italien trat am 06. November 1937 bei, Ungarn am 24. Februar 1939, Spanien am 27. M\u00e4rz 1939. Rum\u00e4nien, Bulgarien und Finnland wurden am 25. November 1941 aufgenommen. Der Drei-M\u00e4chte-Pakt wurde am 27. September 1940, von\u2026","rel":"","context":"In &quot;Geschichte&quot;","block_context":{"text":"Geschichte","link":"https:\/\/www.freidenker.org\/?cat=1162"},"img":{"alt_text":"","src":"https:\/\/i0.wp.com\/www.freidenker.org\/fw17\/wp-content\/uploads\/2025\/04\/RIAN_archive_662733_Recruits_leave_for_front_during_mobilization_800x450.jpg?fit=800%2C450&ssl=1&resize=350%2C200","width":350,"height":200,"srcset":"https:\/\/i0.wp.com\/www.freidenker.org\/fw17\/wp-content\/uploads\/2025\/04\/RIAN_archive_662733_Recruits_leave_for_front_during_mobilization_800x450.jpg?fit=800%2C450&ssl=1&resize=350%2C200 1x, https:\/\/i0.wp.com\/www.freidenker.org\/fw17\/wp-content\/uploads\/2025\/04\/RIAN_archive_662733_Recruits_leave_for_front_during_mobilization_800x450.jpg?fit=800%2C450&ssl=1&resize=525%2C300 1.5x, https:\/\/i0.wp.com\/www.freidenker.org\/fw17\/wp-content\/uploads\/2025\/04\/RIAN_archive_662733_Recruits_leave_for_front_during_mobilization_800x450.jpg?fit=800%2C450&ssl=1&resize=700%2C400 2x"},"classes":[]},{"id":6850,"url":"https:\/\/www.freidenker.org\/?p=6850","url_meta":{"origin":19763,"position":2},"title":"80 Jahre Deutsch-Sowjetischer Nichtangriffsvertrag","author":"Webredaktion","date":"23. August 2019","format":false,"excerpt":"Beitrag von Wolfgang Sch\u00fcrer Vor 80 Jahren, am 24. August 1939 (Ortszeit) unterzeichneten der sowjetische Au\u00dfenminister W. M. Molotow und der deutsche Au\u00dfenminister von Ribbentrop in Moskau den deutsch-sowjetischen Nichtangriffsvertrag. Er trat mit Datum vom 23.8.1939 in Kraft. Noch heute wird der Vertrag bis in linke Kreise als \"Hitler-Stalin-Pakt\" verunglimpft,\u2026","rel":"","context":"In &quot;Geschichte&quot;","block_context":{"text":"Geschichte","link":"https:\/\/www.freidenker.org\/?cat=1162"},"img":{"alt_text":"","src":"https:\/\/i0.wp.com\/www.freidenker.org\/fw17\/wp-content\/uploads\/2019\/08\/Bundesarchiv_Bild_183-H27337_800x445.jpg?fit=800%2C445&ssl=1&resize=350%2C200","width":350,"height":200,"srcset":"https:\/\/i0.wp.com\/www.freidenker.org\/fw17\/wp-content\/uploads\/2019\/08\/Bundesarchiv_Bild_183-H27337_800x445.jpg?fit=800%2C445&ssl=1&resize=350%2C200 1x, https:\/\/i0.wp.com\/www.freidenker.org\/fw17\/wp-content\/uploads\/2019\/08\/Bundesarchiv_Bild_183-H27337_800x445.jpg?fit=800%2C445&ssl=1&resize=525%2C300 1.5x, https:\/\/i0.wp.com\/www.freidenker.org\/fw17\/wp-content\/uploads\/2019\/08\/Bundesarchiv_Bild_183-H27337_800x445.jpg?fit=800%2C445&ssl=1&resize=700%2C400 2x"},"classes":[]},{"id":22123,"url":"https:\/\/www.freidenker.org\/?p=22123","url_meta":{"origin":19763,"position":3},"title":"Die Au\u00dfenpolitik der Sowjetunion unter der Leitung von Maxim Litwinow","author":"Webredaktion","date":"14. Juni 2025","format":false,"excerpt":"Ein historischer \u00dcberblick von Wofgang Sch\u00fcrer Bemerkungen zu Maxim Litwinow, geboren am 17. Juli 1876, gestorben am 31. Dezember 1951: Er wurde in Bialystok geboren. Die Stadt geh\u00f6rte damals zum zaristischen Russland und geh\u00f6rt heute zu Polen. Er entstammte einer aschkenasischen j\u00fcdischen Familie. Nach der sozialistischen Revolution in Russland (07.\u2026","rel":"","context":"In &quot;Geschichte&quot;","block_context":{"text":"Geschichte","link":"https:\/\/www.freidenker.org\/?cat=1162"},"img":{"alt_text":"","src":"https:\/\/i0.wp.com\/www.freidenker.org\/fw17\/wp-content\/uploads\/2025\/06\/Litvinovs_visit_to_Turkey_1931_800x450.jpg?fit=800%2C450&ssl=1&resize=350%2C200","width":350,"height":200,"srcset":"https:\/\/i0.wp.com\/www.freidenker.org\/fw17\/wp-content\/uploads\/2025\/06\/Litvinovs_visit_to_Turkey_1931_800x450.jpg?fit=800%2C450&ssl=1&resize=350%2C200 1x, https:\/\/i0.wp.com\/www.freidenker.org\/fw17\/wp-content\/uploads\/2025\/06\/Litvinovs_visit_to_Turkey_1931_800x450.jpg?fit=800%2C450&ssl=1&resize=525%2C300 1.5x, https:\/\/i0.wp.com\/www.freidenker.org\/fw17\/wp-content\/uploads\/2025\/06\/Litvinovs_visit_to_Turkey_1931_800x450.jpg?fit=800%2C450&ssl=1&resize=700%2C400 2x"},"classes":[]},{"id":19149,"url":"https:\/\/www.freidenker.org\/?p=19149","url_meta":{"origin":19763,"position":4},"title":"Mangel als Dauerzustand: Wohnungspolitik steckt in der Sackgasse","author":"Webredaktion","date":"22. Mai 2024","format":false,"excerpt":"Beitrag von Dagmar Henn Wer wirklich verstehen will, dass die momentane Lage auf dem Wohnungsmarkt nicht einfach nur die Wohnungssuche in ein Elend verwandelt, sondern noch viel weitreichendere Folgen hat, muss sich erst einmal durch Zahlen k\u00e4mpfen. Es ist alles noch schlimmer, als es aussieht. Die Wohnungsfrage ist nicht nur\u2026","rel":"","context":"In &quot;Arbeit &amp; Soziales&quot;","block_context":{"text":"Arbeit &amp; Soziales","link":"https:\/\/www.freidenker.org\/?cat=11"},"img":{"alt_text":"","src":"https:\/\/i0.wp.com\/www.freidenker.org\/fw17\/wp-content\/uploads\/2024\/05\/Wohnungsbau_Mika_1_Dresden_2019_An_der_Elbaue_1_800x450.jpg?fit=800%2C450&ssl=1&resize=350%2C200","width":350,"height":200,"srcset":"https:\/\/i0.wp.com\/www.freidenker.org\/fw17\/wp-content\/uploads\/2024\/05\/Wohnungsbau_Mika_1_Dresden_2019_An_der_Elbaue_1_800x450.jpg?fit=800%2C450&ssl=1&resize=350%2C200 1x, https:\/\/i0.wp.com\/www.freidenker.org\/fw17\/wp-content\/uploads\/2024\/05\/Wohnungsbau_Mika_1_Dresden_2019_An_der_Elbaue_1_800x450.jpg?fit=800%2C450&ssl=1&resize=525%2C300 1.5x, https:\/\/i0.wp.com\/www.freidenker.org\/fw17\/wp-content\/uploads\/2024\/05\/Wohnungsbau_Mika_1_Dresden_2019_An_der_Elbaue_1_800x450.jpg?fit=800%2C450&ssl=1&resize=700%2C400 2x"},"classes":[]},{"id":20258,"url":"https:\/\/www.freidenker.org\/?p=20258","url_meta":{"origin":19763,"position":5},"title":"Europas Weg in den Ersten Weltkrieg","author":"Webredaktion","date":"10. November 2024","format":false,"excerpt":"Historischer \u00dcberblick von\u00a0Wolfgang Sch\u00fcrer Die 22 Staaten in Europa 1914: 6 Staaten waren Gro\u00dfm\u00e4chte: Das Vereinigtes K\u00f6nigreich (mit dem Empire), Deutschland (mit Kolonien), Russland (Vielv\u00f6lkerstaat), Frankreich (mit Kolonien), \u00d6sterreich-Ungarn (Vielv\u00f6lkerstaat), Italien (mit Kolonien). Die T\u00fcrkei (damals das Osmanische Reich, ein Vielv\u00f6lkerstaat) und Spanien waren ehemalige Gro\u00dfm\u00e4chte. Die Niederlande, Belgien und\u2026","rel":"","context":"In &quot;Geschichte&quot;","block_context":{"text":"Geschichte","link":"https:\/\/www.freidenker.org\/?cat=1162"},"img":{"alt_text":"","src":"https:\/\/i0.wp.com\/www.freidenker.org\/fw17\/wp-content\/uploads\/2024\/11\/Der_Weltkrieg__Zigarettenalbum_6_800x450.jpg?fit=800%2C450&ssl=1&resize=350%2C200","width":350,"height":200,"srcset":"https:\/\/i0.wp.com\/www.freidenker.org\/fw17\/wp-content\/uploads\/2024\/11\/Der_Weltkrieg__Zigarettenalbum_6_800x450.jpg?fit=800%2C450&ssl=1&resize=350%2C200 1x, https:\/\/i0.wp.com\/www.freidenker.org\/fw17\/wp-content\/uploads\/2024\/11\/Der_Weltkrieg__Zigarettenalbum_6_800x450.jpg?fit=800%2C450&ssl=1&resize=525%2C300 1.5x, https:\/\/i0.wp.com\/www.freidenker.org\/fw17\/wp-content\/uploads\/2024\/11\/Der_Weltkrieg__Zigarettenalbum_6_800x450.jpg?fit=800%2C450&ssl=1&resize=700%2C400 2x"},"classes":[]}],"_links":{"self":[{"href":"https:\/\/www.freidenker.org\/index.php?rest_route=\/wp\/v2\/posts\/19763","targetHints":{"allow":["GET"]}}],"collection":[{"href":"https:\/\/www.freidenker.org\/index.php?rest_route=\/wp\/v2\/posts"}],"about":[{"href":"https:\/\/www.freidenker.org\/index.php?rest_route=\/wp\/v2\/types\/post"}],"author":[{"embeddable":true,"href":"https:\/\/www.freidenker.org\/index.php?rest_route=\/wp\/v2\/users\/3"}],"replies":[{"embeddable":true,"href":"https:\/\/www.freidenker.org\/index.php?rest_route=%2Fwp%2Fv2%2Fcomments&post=19763"}],"version-history":[{"count":0,"href":"https:\/\/www.freidenker.org\/index.php?rest_route=\/wp\/v2\/posts\/19763\/revisions"}],"wp:featuredmedia":[{"embeddable":true,"href":"https:\/\/www.freidenker.org\/index.php?rest_route=\/wp\/v2\/media\/19768"}],"wp:attachment":[{"href":"https:\/\/www.freidenker.org\/index.php?rest_route=%2Fwp%2Fv2%2Fmedia&parent=19763"}],"wp:term":[{"taxonomy":"category","embeddable":true,"href":"https:\/\/www.freidenker.org\/index.php?rest_route=%2Fwp%2Fv2%2Fcategories&post=19763"},{"taxonomy":"post_tag","embeddable":true,"href":"https:\/\/www.freidenker.org\/index.php?rest_route=%2Fwp%2Fv2%2Ftags&post=19763"}],"curies":[{"name":"wp","href":"https:\/\/api.w.org\/{rel}","templated":true}]}}