{"id":19744,"date":"2024-08-20T00:52:13","date_gmt":"2024-08-19T22:52:13","guid":{"rendered":"https:\/\/www.freidenker.org\/?p=19744"},"modified":"2024-10-06T02:13:57","modified_gmt":"2024-10-06T00:13:57","slug":"naency-ohne-mass-faeser-ministerium-will-geheime-wohnungsdurchsuchungen-ermoeglichen","status":"publish","type":"post","link":"https:\/\/www.freidenker.org\/?p=19744","title":{"rendered":"N\u00e4ncy ohne Ma\u00df: Faeser-Ministerium will geheime Wohnungsdurchsuchungen erm\u00f6glichen"},"content":{"rendered":"<p><strong>Das Innenministerium sieht in geheimen Wohnungsdurchsuchungen ein Mittel zur Terrorismusbek\u00e4mpfung. Die Begr\u00fcndung ist vorgeschoben. Die Bundesregierung arbeitet am Umbau Deutschlands zum repressiven Staat. Die Abwehrrechte des Einzelnen gegen\u00fcber staatlicher Macht werden zur\u00fcckgebaut. <\/strong><\/p>\n<p><em>Von <strong>Gert Ewen Ungar<\/strong><\/em><\/p>\n<div class=\"EmbedBlock-root EmbedBlock-all\">\n<div class=\"AllEmbed\"><iframe loading=\"lazy\" title=\"N\u00e4ncy ohne Ma\u00df: Faeser-Ministerium will geheime Wohnungsdurchsuchungen erm\u00f6glichen\" src=\"https:\/\/www.podbean.com\/player-v2\/?i=6ng7p-16a18ed-pb&amp;from=pb6admin&amp;share=1&amp;download=1&amp;rtl=0&amp;fonts=Arial&amp;skin=f6f6f6&amp;font-color=&amp;logo_link=episode_page&amp;btn-skin=7\" width=\"100%\" height=\"150\" scrolling=\"no\" allowfullscreen=\"allowfullscreen\" data-name=\"pb-iframe-player\" data-mce-fragment=\"1\"><\/iframe><\/div>\n<\/div>\n<p>Die Grundrechte sind zun\u00e4chst vor allem eins: Abwehrrechte des Einzelnen gegen\u00fcber dem Staat. Das Recht sch\u00fctzt das angesichts der Machtf\u00fclle des Staates faktisch ohnm\u00e4chtige Individuum vor\u00a0staatlichen\u00a0\u00dcbergriffen. Die Unversehrtheit der Wohnung ist eines dieser Rechte, das den Einzelnen vor willk\u00fcrlichem staatlichen Zugriff sch\u00fctzt. Es gibt nur wenige, streng reglementierte Ausnahmen, in denen sich der Staat Zugang zu einer Wohnung verschaffen darf.<\/p>\n<p>Innenministerin Faeser will dieses Gesetz nun aush\u00f6hlen und hat einen entsprechenden Gesetzesentwurf vorgelegt. Als Grund f\u00fcr die Notwendigkeit, dass sich das BKA k\u00fcnftig im Geheimen Zutritt zu Wohnungen verschaffen darf, wird die Bek\u00e4mpfung von Terrorismus angegeben.<\/p>\n<p>Das Vorhaben erinnert an den Vorschlag von Wolfgang Sch\u00e4uble, der als Innenminister das Grundgesetz \u00e4ndern wollte, um den Abschuss von Passagierflugzeugen als Mittel der Terrorbek\u00e4mpfung zu erm\u00f6glichen. Der von Sch\u00e4uble angef\u00fchrte Fall einer Flugzeugentf\u00fchrung durch Terroristen war rein hypothetisch.<\/p>\n<p>Warum bisherige M\u00f6glichkeiten polizeilicher Ermittlung zur Terrorismusbek\u00e4mpfung nicht ausreichend sein sollen und das BKA unbedingt geheimen Zutritt zu Wohnungen braucht, m\u00fcsste Faeser eigentlich erst einmal begr\u00fcnden \u2012 sie tut es aber nicht. Vermutlich w\u00e4re mit einer besseren finanziellen und personellen Ausstattung des BKA das Problem gr\u00fcndlicher und vor allem weniger verfassungswidrig gel\u00f6st. Aber das ist wohl viel zu realit\u00e4tsnah gedacht.<\/p>\n<p>Die Pl\u00e4ne Faesers kommen einer faktischen Abschaffung des Prinzips der Unverletzlichkeit der Wohnung gleich. Die bizarre Idee wirft mehr als nur eine Frage auf. Bisher musste der Betroffene von einer Durchsuchung in\u00a0Kenntnis gesetzt werden. In der Regel lie\u00df sich die Durchsuchung dadurch nicht verhindern, aber es gab immerhin die M\u00f6glichkeit, Rechtsmittel einzulegen und den Vorgang zumindest \u00fcberpr\u00fcfen zu lassen. Bis hin zum Gang vor das Verfassungsgericht war alles drin.<\/p>\n<p>Um Rechtsmittel gegen etwas einzulegen, muss man wissen, dass es stattgefunden hat. Das ist bei geheimen Wohnungsdurchsuchungen schlicht nicht gegeben. Dass der Staat an dieser Stelle einen Mechanismus eingebaut hat, der die Rechte der Betroffenen vertritt, kann bezweifelt werden, denn dann k\u00f6nnte man alles so lassen, wie es ist. Daran wird deutlich, dass es Faeser nicht um Terrorbek\u00e4mpfung geht,\u00a0sondern\u00a0um den Ausbau des autorit\u00e4ren Staates. Deutschland soll zu einem \u00dcberwachungs- und Spitzelstaat werden.<\/p>\n<p>Der Vorsto\u00df von Faeser ist\u00a0ein erneuter Ausdruck des tief autorit\u00e4ren Geistes der aktuellen Bundesregierung. Unter dem Oberbegriff &#8222;wehrhafte Demokratie&#8220; werden die Demokratie und die sie begr\u00fcndenden Grundrechte immer weiter eingeschr\u00e4nkt. Die Ampel zimmert f\u00fcr die Bundesb\u00fcrger einen autorit\u00e4ren Staat zurecht. Recht sch\u00fctzt nicht mehr die B\u00fcrger vor der Macht des Staates, sondern die Staatsmacht vor den B\u00fcrgern. Die Ampel setzt damit allerdings nur fort, was die CDU bereits zu Corona-Zeiten begonnen hat.<\/p>\n<p>Zensur und Einschr\u00e4nkung der Meinungsfreiheit werden seit geraumer Zeit immer umfassender. Gesetze wurden in der Weise versch\u00e4rft, dass sie\u00a0selbst in den Wissenschaften eine offene Debatte verhindern. Das Ergebnis von Diskussionen zu relevanten Themen wurde schlicht gesetzlich festgelegt.<\/p>\n<p>Wer beispielsweise meint, dem sogenannten Holodomor w\u00fcrde gar keine Genozidabsicht Stalins gegen\u00fcber den Ukrainern zugrunde liegen, sollte auch dann die Klappe halten, wenn er gute Belege zur Begr\u00fcndung anf\u00fchren kann. Deutschland hat den Holodomor als Genozid der Sowjetunion an den Ukrainern anerkannt und den Paragraphen 130 des Strafgesetzbuchs versch\u00e4rft. Leugnung von V\u00f6lkermord steht jetzt unter Strafe. Also haltet den Mund!<\/p>\n<p>\u00c4hnlich sieht das in Bezug auf den &#8222;brutalen russischen Angriffskrieg&#8220; aus. Es empfiehlt sich, \u00f6ffentlichen Ausf\u00fchrungen zum Ukraine-Konflikt eine Verurteilung des russischen Angriffskriegs auch dann voranzustellen, wenn man die Ursache f\u00fcr den Krieg gar nicht bei Russland sieht.<\/p>\n<p>Staatliche Kontrolle \u00fcber soziale Medien sortiert aus, was vonseiten der Regierung f\u00fcr unwahr gehalten wird. Der deutsche Staat legt fest, in welchem Rahmen diskutiert werden darf und was ungesagt zu bleiben hat. Er legt auch fest, was richtig und was falsch ist. Jetzt verschafft er sich Zutritt zu Wohnungen\u00a0\u2012 ohne Wissen der Betroffenen. Mit Freiheit und Demokratie hat das nat\u00fcrlich nichts mehr zu tun.<\/p>\n<p>Die Grundrechte, eigentlich Abwehrrechte gegen\u00fcber dem Staat, sind in Deutschland weitgehend ausgeh\u00f6hlt. Der Staat sch\u00fctzt Demokratie und Freiheit vor allem dadurch, dass er diese Rechte nicht einschr\u00e4nkt und sich nicht \u00fcber sie hinwegsetzt. In Deutschland passiert gerade das Gegenteil. In Deutschland weht ein tief autorit\u00e4rer, repressiver Geist. Der Staat hat Angst vor seinen B\u00fcrgern.<\/p>\n<p>Zu hoffen ist, dass Faesers neuerlicher repressiver Vorsto\u00df gerichtlich keinen Bestand haben wird. Die ganz gro\u00dfe Koalition von CDU \u00fcber SPD, Gr\u00fcne bis hin zur FDP wird dem Vorhaben keinen Riegel vorschieben, denn sie haben ein Interesse an der Repression. Ihre Politik findet bei den Deutschen keine Zustimmung. Sie k\u00f6nnen nur an der Macht bleiben, wenn sie alles verbieten, einschr\u00e4nken, unterdr\u00fccken, was sie selbst nicht sind. Die von deutschen Politikern gern bem\u00fchte, aber absolut leere Floskel von der Demokratie w\u00e4re dann durch die Abschaffung von allem, was es zur Demokratie braucht, gut vor jeder inhaltlichen Diskussion gesch\u00fctzt.<\/p>\n<p style=\"text-align: right;\"><em>Gert-Ewen Ungar studierte Philosophie und Germanistik und schreibt regelm\u00e4\u00dfig f\u00fcr die <a href=\"https:\/\/www.neulandrebellen.de\/\" target=\"_blank\" rel=\"noopener\">Neulandrebellen<\/a>\u00a0<\/em><\/p>\n<hr \/>\n<p><span style=\"font-size: 10pt;\">Bild oben: <a href=\"https:\/\/pixabay.com\/de\/photos\/t%C3%BCrknopf-t%C3%BCr-griff-eingang-haus-5051139\/\" target=\"_blank\" rel=\"noopener\">pixabay.com<\/a> \/ <a class=\"userName--owby3\" href=\"https:\/\/pixabay.com\/de\/users\/morgengry-9461268\/\" target=\"_blank\" rel=\"noopener\">Morgengry<\/a> \/ <a href=\"https:\/\/pixabay.com\/de\/service\/license-summary\/\" target=\"_blank\" rel=\"noopener\">Inhaltslizenz<\/a><\/span><\/p>\n","protected":false},"excerpt":{"rendered":"<p><b>Beitrag von Gert Ewen Ungar<\/b><br \/>\nDie Grundrechte sind zun\u00e4chst vor allem eins: Abwehrrechte des Einzelnen gegen\u00fcber dem Staat. Das Recht sch\u00fctzt das angesichts der Machtf\u00fclle des Staates faktisch ohnm\u00e4chtige Individuum vor\u00a0staatlichen\u00a0\u00dcbergriffen. Die Unversehrtheit der Wohnung ist eines dieser Rechte, das den Einzelnen vor willk\u00fcrlichem staatlichen Zugriff sch\u00fctzt. Es gibt nur wenige, streng reglementierte Ausnahmen, in denen sich der Staat Zugang zu einer Wohnung verschaffen darf.\u00a0Innenministerin Faeser will dieses Gesetz nun aush\u00f6hlen und hat einen entsprechenden Gesetzesentwurf vorgelegt. Als Grund f\u00fcr die Notwendigkeit, dass sich das BKA k\u00fcnftig im Geheimen Zutritt zu Wohnungen verschaffen darf, wird die Bek\u00e4mpfung von Terrorismus angegeben.<\/p>\n","protected":false},"author":3,"featured_media":19747,"comment_status":"closed","ping_status":"closed","sticky":false,"template":"","format":"standard","meta":{"colormag_page_container_layout":"default_layout","colormag_page_sidebar_layout":"default_layout","advanced_seo_description":"","jetpack_seo_html_title":"","jetpack_seo_noindex":false,"jetpack_post_was_ever_published":false,"footnotes":""},"categories":[12],"tags":[1679,2310,2313,154,2309,1323,121,756,2311,2312,1931,527],"class_list":["post-19744","post","type-post","status-publish","format-standard","has-post-thumbnail","hentry","category-demokratie-medien-aufklaerung","tag-angriffskrieg","tag-bka","tag-durchsuchung","tag-grundrechte","tag-innenministerium","tag-innenpolitik","tag-medien","tag-repressionen","tag-terrorbekaempfung","tag-unverletzlichkeit-der-wohnung","tag-voelkermord","tag-zensur"],"jetpack_featured_media_url":"https:\/\/i0.wp.com\/www.freidenker.org\/fw17\/wp-content\/uploads\/2024\/08\/door-knob-5051139_800x450.jpg?fit=800%2C450&ssl=1","jetpack_shortlink":"https:\/\/wp.me\/p9stpK-58s","jetpack-related-posts":[{"id":20226,"url":"https:\/\/www.freidenker.org\/?p=20226","url_meta":{"origin":19744,"position":0},"title":"US-Wahlkampf: Der K\u00f6nig ist nackt","author":"Webredaktion","date":"9. November 2024","format":false,"excerpt":"Beitrag von Gert Ewen Ungar Ein unertr\u00e4glich langer US-Wahlkampf endete schlie\u00dflich mit der Wahl von Donald Trump. Es ist vorbei, das in \u00dcbersee aufgef\u00fchrte, einf\u00e4ltige Theater hat ein zumindest vorl\u00e4ufiges Ende. Die USA halten\u00a0sich selbst\u00a0f\u00fcr den Leuchtturm der Demokratie. Was sie darunter verstehen, haben sie der Welt in den vergangenen\u2026","rel":"","context":"In &quot;Demokratie \u2013 Medien \u2013 Aufkl\u00e4rung&quot;","block_context":{"text":"Demokratie \u2013 Medien \u2013 Aufkl\u00e4rung","link":"https:\/\/www.freidenker.org\/?cat=12"},"img":{"alt_text":"","src":"https:\/\/i0.wp.com\/www.freidenker.org\/fw17\/wp-content\/uploads\/2024\/11\/US-Wahlen_2024_Karte_g_800x450.jpg?fit=800%2C450&ssl=1&resize=350%2C200","width":350,"height":200,"srcset":"https:\/\/i0.wp.com\/www.freidenker.org\/fw17\/wp-content\/uploads\/2024\/11\/US-Wahlen_2024_Karte_g_800x450.jpg?fit=800%2C450&ssl=1&resize=350%2C200 1x, https:\/\/i0.wp.com\/www.freidenker.org\/fw17\/wp-content\/uploads\/2024\/11\/US-Wahlen_2024_Karte_g_800x450.jpg?fit=800%2C450&ssl=1&resize=525%2C300 1.5x, https:\/\/i0.wp.com\/www.freidenker.org\/fw17\/wp-content\/uploads\/2024\/11\/US-Wahlen_2024_Karte_g_800x450.jpg?fit=800%2C450&ssl=1&resize=700%2C400 2x"},"classes":[]},{"id":18732,"url":"https:\/\/www.freidenker.org\/?p=18732","url_meta":{"origin":19744,"position":1},"title":"&#8222;Spiegel&#8220; beklagt Zensur und Einschr\u00e4nkung der Pressefreiheit \u2013 in Israel","author":"Webredaktion","date":"9. April 2024","format":false,"excerpt":"Beitrag von Gert Ewen Ungar \"Wer an die Pressefreiheit glaubt, muss auch abstruse Positionen der anderen aushalten, muss auf den freien Wettstreit der Meinungen vertrauen und hoffen, dass sich das plausibelste Argument am Ende durchsetzt\", schreibt der deutsche Journalist und Dokumentarfilmer Richard C. Schneider im \"Spiegel\".\u00a0Man liest es und reibt\u2026","rel":"","context":"In &quot;Demokratie \u2013 Medien \u2013 Aufkl\u00e4rung&quot;","block_context":{"text":"Demokratie \u2013 Medien \u2013 Aufkl\u00e4rung","link":"https:\/\/www.freidenker.org\/?cat=12"},"img":{"alt_text":"","src":"https:\/\/i0.wp.com\/www.freidenker.org\/fw17\/wp-content\/uploads\/2024\/04\/DER_SPIEGEL05_800x450.jpg?fit=800%2C450&ssl=1&resize=350%2C200","width":350,"height":200,"srcset":"https:\/\/i0.wp.com\/www.freidenker.org\/fw17\/wp-content\/uploads\/2024\/04\/DER_SPIEGEL05_800x450.jpg?fit=800%2C450&ssl=1&resize=350%2C200 1x, https:\/\/i0.wp.com\/www.freidenker.org\/fw17\/wp-content\/uploads\/2024\/04\/DER_SPIEGEL05_800x450.jpg?fit=800%2C450&ssl=1&resize=525%2C300 1.5x, https:\/\/i0.wp.com\/www.freidenker.org\/fw17\/wp-content\/uploads\/2024\/04\/DER_SPIEGEL05_800x450.jpg?fit=800%2C450&ssl=1&resize=700%2C400 2x"},"classes":[]},{"id":17980,"url":"https:\/\/www.freidenker.org\/?p=17980","url_meta":{"origin":19744,"position":2},"title":"Die Bauernproteste in russischen Medien","author":"Webredaktion","date":"23. Januar 2024","format":false,"excerpt":"Beitrag von Gert Ewen Ungar Es wird Lenin zugeschrieben, gesagt zu haben, wenn die Deutschen einen Bahnhof st\u00fcrmen wollen, kaufen sie vorher eine Bahnsteigkarte. Mit umso mehr Erstaunen nahm man in Russland die Bauernproteste und ihren enormen Umfang zur Kenntnis. Russische Medien haben breit \u00fcber die landesweiten Aktionen berichtet. Die\u2026","rel":"","context":"In &quot;Demokratie \u2013 Medien \u2013 Aufkl\u00e4rung&quot;","block_context":{"text":"Demokratie \u2013 Medien \u2013 Aufkl\u00e4rung","link":"https:\/\/www.freidenker.org\/?cat=12"},"img":{"alt_text":"","src":"https:\/\/i0.wp.com\/www.freidenker.org\/fw17\/wp-content\/uploads\/2024\/01\/Bauernproteste_Nordhausen-6890_800x450.jpg?fit=800%2C450&ssl=1&resize=350%2C200","width":350,"height":200,"srcset":"https:\/\/i0.wp.com\/www.freidenker.org\/fw17\/wp-content\/uploads\/2024\/01\/Bauernproteste_Nordhausen-6890_800x450.jpg?fit=800%2C450&ssl=1&resize=350%2C200 1x, https:\/\/i0.wp.com\/www.freidenker.org\/fw17\/wp-content\/uploads\/2024\/01\/Bauernproteste_Nordhausen-6890_800x450.jpg?fit=800%2C450&ssl=1&resize=525%2C300 1.5x, https:\/\/i0.wp.com\/www.freidenker.org\/fw17\/wp-content\/uploads\/2024\/01\/Bauernproteste_Nordhausen-6890_800x450.jpg?fit=800%2C450&ssl=1&resize=700%2C400 2x"},"classes":[]},{"id":19623,"url":"https:\/\/www.freidenker.org\/?p=19623","url_meta":{"origin":19744,"position":3},"title":"Wiederholungszwang: Deutschland zweifelt erneut Wahl in Venezuela an","author":"Webredaktion","date":"2. August 2024","format":false,"excerpt":"Beitrag von Gert Ewen Ungar US-Au\u00dfenminister Antony Blinken gab den Ton vor und das Ausw\u00e4rtige Amt folgte den Vorgaben aus \u00dcbersee prompt.\u00a0Im Hinblick auf den Wahlausgang der Pr\u00e4sidentschaftswahlen in Venezuela sagte Blinken, \"wir haben gro\u00dfe Zweifel daran, dass das ver\u00f6ffentlichte Ergebnis den Willen des venezolanischen Volkes widerspiegelt\". Das Echo aus\u2026","rel":"","context":"In &quot;Demokratie \u2013 Medien \u2013 Aufkl\u00e4rung&quot;","block_context":{"text":"Demokratie \u2013 Medien \u2013 Aufkl\u00e4rung","link":"https:\/\/www.freidenker.org\/?cat=12"},"img":{"alt_text":"","src":"https:\/\/i0.wp.com\/www.freidenker.org\/fw17\/wp-content\/uploads\/2024\/08\/Nicolas_Maduro_2019_Inauguration_800x450.jpg?fit=800%2C450&ssl=1&resize=350%2C200","width":350,"height":200,"srcset":"https:\/\/i0.wp.com\/www.freidenker.org\/fw17\/wp-content\/uploads\/2024\/08\/Nicolas_Maduro_2019_Inauguration_800x450.jpg?fit=800%2C450&ssl=1&resize=350%2C200 1x, https:\/\/i0.wp.com\/www.freidenker.org\/fw17\/wp-content\/uploads\/2024\/08\/Nicolas_Maduro_2019_Inauguration_800x450.jpg?fit=800%2C450&ssl=1&resize=525%2C300 1.5x, https:\/\/i0.wp.com\/www.freidenker.org\/fw17\/wp-content\/uploads\/2024\/08\/Nicolas_Maduro_2019_Inauguration_800x450.jpg?fit=800%2C450&ssl=1&resize=700%2C400 2x"},"classes":[]},{"id":18440,"url":"https:\/\/www.freidenker.org\/?p=18440","url_meta":{"origin":19744,"position":4},"title":"Berlinale: Ungezieme Israelkritik und deutsche Verlogenheit","author":"Webredaktion","date":"1. M\u00e4rz 2024","format":false,"excerpt":"von Gert Ewen Ungar Der Streit um auf der Berlinale ge\u00e4u\u00dferte Israelkritik ist entlarvend. Das Gute daran ist: Erneut macht ein Kulturevent auf die realen Zust\u00e4nde in Deutschland aufmerksam. In Deutschland wird weder frei noch offen diskutiert. Die Grenzen des Sagbaren sind eng gesteckt und werden streng kontrolliert. In Deutschland\u2026","rel":"","context":"In &quot;Demokratie \u2013 Medien \u2013 Aufkl\u00e4rung&quot;","block_context":{"text":"Demokratie \u2013 Medien \u2013 Aufkl\u00e4rung","link":"https:\/\/www.freidenker.org\/?cat=12"},"img":{"alt_text":"","src":"https:\/\/i0.wp.com\/www.freidenker.org\/fw17\/wp-content\/uploads\/2024\/02\/Vogter_Premiere_Berlinale_2024_Eingang_Berlinale-Palast_2_800x450.jpg?fit=800%2C450&ssl=1&resize=350%2C200","width":350,"height":200,"srcset":"https:\/\/i0.wp.com\/www.freidenker.org\/fw17\/wp-content\/uploads\/2024\/02\/Vogter_Premiere_Berlinale_2024_Eingang_Berlinale-Palast_2_800x450.jpg?fit=800%2C450&ssl=1&resize=350%2C200 1x, https:\/\/i0.wp.com\/www.freidenker.org\/fw17\/wp-content\/uploads\/2024\/02\/Vogter_Premiere_Berlinale_2024_Eingang_Berlinale-Palast_2_800x450.jpg?fit=800%2C450&ssl=1&resize=525%2C300 1.5x, https:\/\/i0.wp.com\/www.freidenker.org\/fw17\/wp-content\/uploads\/2024\/02\/Vogter_Premiere_Berlinale_2024_Eingang_Berlinale-Palast_2_800x450.jpg?fit=800%2C450&ssl=1&resize=700%2C400 2x"},"classes":[]},{"id":15194,"url":"https:\/\/www.freidenker.org\/?p=15194","url_meta":{"origin":19744,"position":5},"title":"Deutschland auf dem Weg in den autorit\u00e4ren Staat","author":"Webredaktion","date":"9. Februar 2023","format":false,"excerpt":"Beitrag von Gert Ewen Ungar Dem Schweizer Historiker Daniele Ganser wurden auf politischen Druck und begleitet von einer Medienkampagne in mehreren deutschen St\u00e4dten Veranstaltungsr\u00e4ume gek\u00fcndigt. Ganser musste seine Vortr\u00e4ge daraufhin absagen. Es passiert ihm nicht zum ersten Mal, und es passiert nicht ihm allein. Deutschland eifert in Bezug auf die\u2026","rel":"","context":"In &quot;Demokratie \u2013 Medien \u2013 Aufkl\u00e4rung&quot;","block_context":{"text":"Demokratie \u2013 Medien \u2013 Aufkl\u00e4rung","link":"https:\/\/www.freidenker.org\/?cat=12"},"img":{"alt_text":"","src":"https:\/\/i0.wp.com\/www.freidenker.org\/fw17\/wp-content\/uploads\/2023\/02\/antifa_388bc1a65b_c_800x450.jpg?fit=800%2C450&ssl=1&resize=350%2C200","width":350,"height":200,"srcset":"https:\/\/i0.wp.com\/www.freidenker.org\/fw17\/wp-content\/uploads\/2023\/02\/antifa_388bc1a65b_c_800x450.jpg?fit=800%2C450&ssl=1&resize=350%2C200 1x, https:\/\/i0.wp.com\/www.freidenker.org\/fw17\/wp-content\/uploads\/2023\/02\/antifa_388bc1a65b_c_800x450.jpg?fit=800%2C450&ssl=1&resize=525%2C300 1.5x, https:\/\/i0.wp.com\/www.freidenker.org\/fw17\/wp-content\/uploads\/2023\/02\/antifa_388bc1a65b_c_800x450.jpg?fit=800%2C450&ssl=1&resize=700%2C400 2x"},"classes":[]}],"_links":{"self":[{"href":"https:\/\/www.freidenker.org\/index.php?rest_route=\/wp\/v2\/posts\/19744","targetHints":{"allow":["GET"]}}],"collection":[{"href":"https:\/\/www.freidenker.org\/index.php?rest_route=\/wp\/v2\/posts"}],"about":[{"href":"https:\/\/www.freidenker.org\/index.php?rest_route=\/wp\/v2\/types\/post"}],"author":[{"embeddable":true,"href":"https:\/\/www.freidenker.org\/index.php?rest_route=\/wp\/v2\/users\/3"}],"replies":[{"embeddable":true,"href":"https:\/\/www.freidenker.org\/index.php?rest_route=%2Fwp%2Fv2%2Fcomments&post=19744"}],"version-history":[{"count":0,"href":"https:\/\/www.freidenker.org\/index.php?rest_route=\/wp\/v2\/posts\/19744\/revisions"}],"wp:featuredmedia":[{"embeddable":true,"href":"https:\/\/www.freidenker.org\/index.php?rest_route=\/wp\/v2\/media\/19747"}],"wp:attachment":[{"href":"https:\/\/www.freidenker.org\/index.php?rest_route=%2Fwp%2Fv2%2Fmedia&parent=19744"}],"wp:term":[{"taxonomy":"category","embeddable":true,"href":"https:\/\/www.freidenker.org\/index.php?rest_route=%2Fwp%2Fv2%2Fcategories&post=19744"},{"taxonomy":"post_tag","embeddable":true,"href":"https:\/\/www.freidenker.org\/index.php?rest_route=%2Fwp%2Fv2%2Ftags&post=19744"}],"curies":[{"name":"wp","href":"https:\/\/api.w.org\/{rel}","templated":true}]}}