{"id":19732,"date":"2024-08-18T13:56:25","date_gmt":"2024-08-18T11:56:25","guid":{"rendered":"https:\/\/www.freidenker.org\/?p=19732"},"modified":"2024-10-06T02:12:52","modified_gmt":"2024-10-06T00:12:52","slug":"abschaffung-der-tierhaltung-durch-die-hintertuer-am-beispiel-vogelgrippe","status":"publish","type":"post","link":"https:\/\/www.freidenker.org\/?p=19732","title":{"rendered":"Abschaffung der Tierhaltung durch die Hintert\u00fcr: Am Beispiel Vogelgrippe"},"content":{"rendered":"<p class=\"p1\"><strong><span class=\"s2\">Seit 2022 recherchiert die freie Journalistin Doris Schr\u00f6der zum Thema Vogelgrippe. In dem Video-Podcast mit Sabiene Jahn, bekannt aus \u201aKoblenz: im Dialog\u2018, erkl\u00e4rt sie, wie amtlich festgestellte Tierseuchen dazu beitragen, die klassische Tierhaltung zu verdr\u00e4ngen, was dahinter steckt und wer davon profitiert. Ein Podcast f\u00fcr Tierhalter, \u00c4rzte und Verbraucher: Vom H\u00fchnerstall in den Kaninchenbau, mit allem, was auf eine Kuhhaut geht.<\/span><\/strong><\/p>\n<p class=\"p1\"><em><span class=\"s1\">Beitrag von <strong>Sabiene Jahn<\/strong><\/span><\/em><\/p>\n<p class=\"p1\"><span class=\"s1\">Ob Tierhalter, Landwirt oder Verbraucher \u2013 wir alle unterliegen politischen Entscheidungen. Bereits jetzt merken wir die Konsequenzen: Mehr Vorgaben, mehr B\u00fcrokratie und mehr \u00dcberwachung in der (privaten) Nutztierhaltung, aber auch bei Katze, Hund und Pferd. Die Landwirtschaft wird unwirtschaftlich.\u00a0<\/span><\/p>\n<p class=\"p1\"><span class=\"s1\">Landwirtschaftliche Erzeugnisse werden teurer. Hinzu kommen mehr und mehr amtlich behauptete Tierseuchenausbr\u00fcche: Millionen Nutztiere wurden bereits wegen Rindertuberkulose, (Afrikanische) Schweinepest oder Gefl\u00fcgelpest\/Vogelgrippe gekeult, um nur einige zu nennen. Tierseuchen und Zoonosen stehen im Focus abh\u00e4ngiger Wissenschaftler und Berater, gesch\u00e4ftst\u00fcchtiger Investoren und von ihnen finanzierter Medien.<\/span><\/p>\n<p class=\"p1\"><span class=\"s1\">Der Video-Podcast wurde aus aktuellem Anlass produziert: Beitr\u00e4ge in den Medien \u00fcber Vogelgrippe als Kandidat f\u00fcr eine neue Pandemie nach Corona mehren sich. Es wird ein Interview mit Professor Klaus St\u00f6hr mit \u201aDie Welt\u2018 eingeblendet, in welchem Impfstoffe wieder als rettende L\u00f6sung angepriesen werden.<\/span><\/p>\n<p class=\"p1\"><span class=\"s1\">Aus den USA wurde berichtet, dass sich Arbeiter und Rinder in Milchviehhaltungen mit H5N1, einem Vogelgrippevirus, infizierten. Anfang Juli gab es einen amtlich festgestellten Ausbruch der Gefl\u00fcgelpest (Vogelgrippe) in der Grafschaft Bad Bentheim nahe der niederl\u00e4ndischen Grenze. Detektiert wurde H7N5. Konsequenz: es wurden \u00fcber 91.000 Hennen gekeult, also get\u00f6tet.<\/span><\/p>\n<p class=\"p1\"><span class=\"s1\">Wir besprechen auch, dass Vogelgrippe, mehr als eine einfache Tierseuche ist, wie der Einfluss von Investoren und Konzernen auf Verordnungs- und Gesetzgeber funktioniert.<\/span><\/p>\n<p class=\"p1\"><span class=\"s1\">Wie schon bei Corona sollen PCR-Tests nachweisen, dass Menschen und Tiere von einem bestimmten Erreger erkranken und infekti\u00f6s seien. Doch die Erkenntnis, dass PCR-Tests beides nicht nachweisen k\u00f6nnen, ist bereits von dem Nobelpreistr\u00e4ger und Erfinder des PCR-Tests, Karry Mullis bekannt. Ein Ausschnitt aus dem Film \u201eH5N1 antwortet nicht\u201c, von Michael Leitner aus dem Jahre 2006, vermittelt, warum PCR-Tests allein f\u00fcr die Diagnostik nicht taugen.<\/span><\/p>\n<p class=\"p1\"><span class=\"s1\">Doris Schr\u00f6der befragte\u00a0 Wissenschaftler, die den Einsatz der PCR als alleiniges Diagnostikmittel kritisch sehen. \u00dcber Anfragen nach dem Informationsfreiheitsgesetz (Deutschland) hat sie von der obersten Tierseuchenbeh\u00f6rde Deutschlands, dem Friedrich-L\u00f6ffler-Institut auf der Insel Riems, erstaunliche Aussagen dar\u00fcber erhalten, ob mit PCR-Tests Infektionen nachgewiesen werden oder nicht.<\/span><\/p>\n<p class=\"p1\"><span class=\"s1\">Das Thema Vogelgrippe ist komplex: Was ist dran an dieser Krankheit? Wer profitiert von den politischen Entscheidungen, Tiere massenhaft zu \u00fcberwachen und zu keulen? Sind die grundrechteinschr\u00e4nkenden Biosicherheitsma\u00dfnahmen, die gegen die Vogelgrippe helfen sollen, evidenzbasiert? Wer profitiert wirklich von der \u201ePandemievorsorge\u201c f\u00fcr uns Menschen? Was bedeutet anlassloses Testen? Wer hat ein vitales Interesse daran, dass wir uns zuk\u00fcnftig anders ern\u00e4hren sollen?<\/span><\/p>\n<p class=\"p1\"><span class=\"s1\">Wer nicht selbst die Zeit hat, sich tiefergehend mit Vogelgrippe\/ Gefl\u00fcgelpest\/ avi\u00e4re Influenza zu befassen, bekommt in diesem Podcast einen fundierten \u00dcberblick \u00fcber die Facetten so einer Tierseuche bzw. Zoonose. Das ist nicht nur interessant, f\u00fcr Tierhalter, (Tier-)\u00c4rzte oder Konsumenten von tierischen Lebensmitteln: Falls die WHO wieder eine neue Pandemie ausruft und zu Impfungen aufruft, ist Mensch besser gewappnet, die Hintergr\u00fcnde zu erfragen.<\/span><\/p>\n<h5 class=\"p2\">Video<\/h5>\n<div class=\"jetpack-video-wrapper\"><span class=\"embed-youtube\" style=\"text-align:center; display: block;\"><iframe loading=\"lazy\" class=\"youtube-player\" width=\"800\" height=\"450\" src=\"https:\/\/www.youtube.com\/embed\/IITWaXqsmhs?version=3&#038;rel=1&#038;showsearch=0&#038;showinfo=1&#038;iv_load_policy=1&#038;fs=1&#038;hl=de-DE&#038;autohide=2&#038;wmode=transparent\" allowfullscreen=\"true\" style=\"border:0;\" sandbox=\"allow-scripts allow-same-origin allow-popups allow-presentation allow-popups-to-escape-sandbox\"><\/iframe><\/span><\/div>\n<p><span style=\"font-size: 10pt;\">Direktlink zum Video auf YouTube:\u00a0<span class=\"s1\"><a class=\"moz-txt-link-freetext\" href=\"https:\/\/youtu.be\/IITWaXqsmhs\">https:\/\/youtu.be\/IITWaXqsmhs<\/a><\/span><\/span><\/p>\n<p style=\"text-align: right;\"><em>Sabiene Jahn,\u00a0 Tr\u00e4gerin des K\u00f6lner Karlspreises f\u00fcr Engagierte Literatur und Publizistik, ist Mitglied des Deutschen Freidenker-Verbandes, LV Rheinland-Pfalz \/ Saarland<\/em><\/p>\n<p style=\"text-align: right;\"><em><span class=\"s2\">Doris Schr\u00f6der ist freie Journalistin und lebt in Mecklenburg-Vorpommern<\/span><\/em><\/p>\n<hr \/>\n<h5 class=\"p1\"><span class=\"s1\">Hinweis der Podcast-Herausgeberin: <\/span><\/h5>\n<p class=\"p1\"><span class=\"s1\"><strong>Koblenz: Im Dialog<\/strong> (<a class=\"moz-txt-link-abbreviated\" href=\"http:\/\/www.koblenzimdialog.de\">www.koblenzimdialog.de<\/a>) ist eine Veranstaltungsreihe mit Experten-Vortr\u00e4gen, Interviews, Dokumentationen und pers\u00f6nlichem Austausch. Der B\u00fcrgerdialog m\u00f6chte den freien Meinungsaustausch unter Menschen f\u00f6rdern, die sich wohltuend und respektvoll begegnen.\u00a0<\/span><\/p>\n<p class=\"p1\">Der Kanal <a href=\"https:\/\/www.youtube.com\/@koblenzimdialog\" target=\"_blank\" rel=\"noopener\">Koblenz: Im Dialog<\/a> ist nicht monetarisiert und die Arbeit ausschlie\u00dflich aus Spenden finanziert. Bitte helfen Sie mit, dass wir unsere Arbeit weiterhin fortsetzen k\u00f6nnen:<\/p>\n<p class=\"p1\">NAME: Sabiene Jahn<br \/>\nIBAN: DE72 3101 0833 9910 4427 77<br \/>\nBIC: SCFBDE33XXX<br \/>\nPAYPAL: <a class=\"moz-txt-link-abbreviated\" href=\"mailto:sabiene.jahn@t-online.de\">sabiene.jahn@t-online.de<\/a><br \/>\npaypal.me\/sabienejahn<\/p>\n<hr \/>\n<p><span style=\"font-size: 10pt;\">Bild oben: Screenshot aus dem<a href=\"https:\/\/youtu.be\/IITWaXqsmhs\" target=\"_blank\" rel=\"noopener\"> Video von Sabiene Jahn<\/a><br \/>\nv.l.n.r.: Doris Schr\u00f6der, Sabiene Jahn<\/span><\/p>\n<p>&nbsp;<\/p>\n","protected":false},"excerpt":{"rendered":"<p><b>Podcast von Sabiene Jahn &#8211; Interview mit Doris Schr\u00f6der<\/b><br \/>\nOb Tierhalter, Landwirt oder Verbraucher \u2013 wir alle unterliegen politischen Entscheidungen. Bereits jetzt merken wir die Konsequenzen: Mehr Vorgaben, mehr B\u00fcrokratie und mehr \u00dcberwachung in der (privaten) Nutztierhaltung, aber auch bei Katze, Hund und Pferd. Die Landwirtschaft wird unwirtschaftlich.\u00a0Landwirtschaftliche Erzeugnisse werden teurer. Hinzu kommen mehr und mehr amtlich behauptete Tierseuchenausbr\u00fcche: Millionen Nutztiere wurden bereits wegen Rindertuberkulose, (Afrikanische) Schweinepest oder Gefl\u00fcgelpest\/Vogelgrippe gekeult, um nur einige zu nennen. Tierseuchen und Zoonosen stehen im Focus abh\u00e4ngiger Wissenschaftler und Berater, gesch\u00e4ftst\u00fcchtiger Investoren und von ihnen finanzierter Medien. Der Video-Podcast wurde aus aktuellem Anlass produziert: Beitr\u00e4ge in den Medien \u00fcber Vogelgrippe als Kandidat f\u00fcr eine neue Pandemie nach Corona mehren sich. <\/p>\n","protected":false},"author":3,"featured_media":19734,"comment_status":"closed","ping_status":"closed","sticky":false,"template":"","format":"standard","meta":{"colormag_page_container_layout":"default_layout","colormag_page_sidebar_layout":"default_layout","advanced_seo_description":"","jetpack_seo_html_title":"","jetpack_seo_noindex":false,"jetpack_post_was_ever_published":false,"footnotes":""},"categories":[12],"tags":[1256,1278,1213,1257,2301,1729,2302,1368,2300,1267],"class_list":["post-19732","post","type-post","status-publish","format-standard","has-post-thumbnail","hentry","category-demokratie-medien-aufklaerung","tag-corona-virus","tag-impfung","tag-landwirtschaft","tag-pandemie","tag-pcr-test","tag-tiere","tag-tierhaltung","tag-tierwohl","tag-vogelgrippe","tag-who"],"jetpack_featured_media_url":"https:\/\/i0.wp.com\/www.freidenker.org\/fw17\/wp-content\/uploads\/2024\/08\/Sabiene_Jahn_Vogelgrippe_800x450.jpg?fit=800%2C450&ssl=1","jetpack_shortlink":"https:\/\/wp.me\/p9stpK-58g","jetpack-related-posts":[{"id":15954,"url":"https:\/\/www.freidenker.org\/?p=15954","url_meta":{"origin":19732,"position":0},"title":"Kesseltreiben gegen die &#8222;Nicht-Mainstream-Konformen&#8220;","author":"Webredaktion","date":"6. Mai 2023","format":false,"excerpt":"Podcast \"Kontrafunk aktuell\" vom 23.03.2023, u.a. mit Sabiene Jahn In den letzten Jahren wurden alle, die nicht der Regierungs- und NATO-Linie sowie ihrer Medien huldigten, zu Objekten einer Hexenjagd. Der Kontrafunk zeigt dies an Beispielen auf und l\u00e4sst die Betroffenen zu Wort kommen. Der Journalist Ulrich Heyden berichtet regelm\u00e4\u00dfig aus\u2026","rel":"","context":"In &quot;Zeit der Verleumder - Freidenker f\u00fcr Klartext&quot;","block_context":{"text":"Zeit der Verleumder - Freidenker f\u00fcr Klartext","link":"https:\/\/www.freidenker.org\/?cat=937"},"img":{"alt_text":"","src":"https:\/\/i0.wp.com\/www.freidenker.org\/fw17\/wp-content\/uploads\/2023\/05\/klartext_Kontrafunk_800x450.jpg?fit=800%2C450&ssl=1&resize=350%2C200","width":350,"height":200,"srcset":"https:\/\/i0.wp.com\/www.freidenker.org\/fw17\/wp-content\/uploads\/2023\/05\/klartext_Kontrafunk_800x450.jpg?fit=800%2C450&ssl=1&resize=350%2C200 1x, https:\/\/i0.wp.com\/www.freidenker.org\/fw17\/wp-content\/uploads\/2023\/05\/klartext_Kontrafunk_800x450.jpg?fit=800%2C450&ssl=1&resize=525%2C300 1.5x, https:\/\/i0.wp.com\/www.freidenker.org\/fw17\/wp-content\/uploads\/2023\/05\/klartext_Kontrafunk_800x450.jpg?fit=800%2C450&ssl=1&resize=700%2C400 2x"},"classes":[]},{"id":23363,"url":"https:\/\/www.freidenker.org\/?p=23363","url_meta":{"origin":19732,"position":1},"title":"Tiervernichtung: Das M\u00e4rchen von der PCR-Vogelgrippe-Pandemie","author":"Webredaktion","date":"29. Oktober 2025","format":false,"excerpt":"Von Felicitas Rabe Seit ein paar Wochen grassiert in Deutschland wieder einmal die sogenannte Vogelgrippe. RT DE\u00a0berichtete dar\u00fcber. In einem Betrieb in Baden-W\u00fcrttemberg wurden vorsorglich 15.000 Tiere get\u00f6tet. Zwei Gefl\u00fcgelbetriebe im Landkreis M\u00e4rkisch-Oderland planen diesbez\u00fcglich die T\u00f6tung von rund 85.000 Tieren. W\u00e4hrend sich die einen offenbar mit der traurigen Tatsache\u2026","rel":"","context":"In &quot;Arbeit &amp; Soziales&quot;","block_context":{"text":"Arbeit &amp; Soziales","link":"https:\/\/www.freidenker.org\/?cat=11"},"img":{"alt_text":"","src":"https:\/\/i0.wp.com\/www.freidenker.org\/fw17\/wp-content\/uploads\/2025\/10\/Aufbruch_EO5P2268-2_800x450.jpg?fit=800%2C450&ssl=1&resize=350%2C200","width":350,"height":200,"srcset":"https:\/\/i0.wp.com\/www.freidenker.org\/fw17\/wp-content\/uploads\/2025\/10\/Aufbruch_EO5P2268-2_800x450.jpg?fit=800%2C450&ssl=1&resize=350%2C200 1x, https:\/\/i0.wp.com\/www.freidenker.org\/fw17\/wp-content\/uploads\/2025\/10\/Aufbruch_EO5P2268-2_800x450.jpg?fit=800%2C450&ssl=1&resize=525%2C300 1.5x, https:\/\/i0.wp.com\/www.freidenker.org\/fw17\/wp-content\/uploads\/2025\/10\/Aufbruch_EO5P2268-2_800x450.jpg?fit=800%2C450&ssl=1&resize=700%2C400 2x"},"classes":[]},{"id":24824,"url":"https:\/\/www.freidenker.org\/?p=24824","url_meta":{"origin":19732,"position":2},"title":"Clown in Kiew","author":"Webredaktion","date":"8. April 2026","format":false,"excerpt":"Zur \u00f6ffentlichen Diffamierung von Ferhat Cato und zum Zustand der politischen Debatte. E-Mail von Sabiene Jahn an den Stadtrat Neuwied Sehr geehrte Damen und Herren des Stadtrats Neuwied, mit Befremden verfolge ich die Debatte um Ferhat Cato und die inzwischen ritualisierte Emp\u00f6rung \u00fcber dessen Formulierung vom \u201eClown in Kiew\u201c. Ich\u2026","rel":"","context":"In &quot;Aktuelles&quot;","block_context":{"text":"Aktuelles","link":"https:\/\/www.freidenker.org\/?cat=574"},"img":{"alt_text":"","src":"https:\/\/i0.wp.com\/www.freidenker.org\/fw17\/wp-content\/uploads\/2026\/04\/klartext_selenskij_clown_800x450.jpg?fit=800%2C450&ssl=1&resize=350%2C200","width":350,"height":200,"srcset":"https:\/\/i0.wp.com\/www.freidenker.org\/fw17\/wp-content\/uploads\/2026\/04\/klartext_selenskij_clown_800x450.jpg?fit=800%2C450&ssl=1&resize=350%2C200 1x, https:\/\/i0.wp.com\/www.freidenker.org\/fw17\/wp-content\/uploads\/2026\/04\/klartext_selenskij_clown_800x450.jpg?fit=800%2C450&ssl=1&resize=525%2C300 1.5x, https:\/\/i0.wp.com\/www.freidenker.org\/fw17\/wp-content\/uploads\/2026\/04\/klartext_selenskij_clown_800x450.jpg?fit=800%2C450&ssl=1&resize=700%2C400 2x"},"classes":[]},{"id":14745,"url":"https:\/\/www.freidenker.org\/?p=14745","url_meta":{"origin":19732,"position":3},"title":"NATO-Akte: Putin hat Polen angegriffen?","author":"Webredaktion","date":"22. November 2022","format":false,"excerpt":"Video von Druschba FM Die Sendung besch\u00e4ftigt sich damit, was in Polen am vergangenen Dienstag tats\u00e4chlich geschah. Wir schauen auch nach Cherson und berichten, aus welchem Grund sich russische Truppen aus der Stadt zur\u00fcckzogen. Auch zeigen wir, weshalb die Situation f\u00fcr die Einwohner Chersons lebensbedrohliche Konsequenzen hat, nachdem ukrainische Truppen\u2026","rel":"","context":"In &quot;Demokratie \u2013 Medien \u2013 Aufkl\u00e4rung&quot;","block_context":{"text":"Demokratie \u2013 Medien \u2013 Aufkl\u00e4rung","link":"https:\/\/www.freidenker.org\/?cat=12"},"img":{"alt_text":"","src":"https:\/\/i0.wp.com\/www.freidenker.org\/fw17\/wp-content\/uploads\/2022\/11\/NATO-Akte_DrushbaFM_800x450.jpg?fit=800%2C450&ssl=1&resize=350%2C200","width":350,"height":200,"srcset":"https:\/\/i0.wp.com\/www.freidenker.org\/fw17\/wp-content\/uploads\/2022\/11\/NATO-Akte_DrushbaFM_800x450.jpg?fit=800%2C450&ssl=1&resize=350%2C200 1x, https:\/\/i0.wp.com\/www.freidenker.org\/fw17\/wp-content\/uploads\/2022\/11\/NATO-Akte_DrushbaFM_800x450.jpg?fit=800%2C450&ssl=1&resize=525%2C300 1.5x, https:\/\/i0.wp.com\/www.freidenker.org\/fw17\/wp-content\/uploads\/2022\/11\/NATO-Akte_DrushbaFM_800x450.jpg?fit=800%2C450&ssl=1&resize=700%2C400 2x"},"classes":[]},{"id":10508,"url":"https:\/\/www.freidenker.org\/?p=10508","url_meta":{"origin":19732,"position":4},"title":"Video: Sabiene Jahn &#8211; Freedoms Claws","author":"Webredaktion","date":"5. Juni 2021","format":false,"excerpt":"Video von und mit Sabiene Jahn Freedoms Claws versteht sich als Hymne f\u00fcr die weltweit um Frieden und Freiheit wirkenden Menschen. Der Song wurde 2020 von der heute in Rheinland-Pfalz lebenden K\u00fcnstlerin Sabiene Jahn komponiert und getextet und schildert den teilweise erbarmungslosen Umgang mit Menschen, die Wahrheiten aufdecken, die die\u2026","rel":"","context":"In &quot;Frieden - Antifaschismus - Solidarit\u00e4t&quot;","block_context":{"text":"Frieden - Antifaschismus - Solidarit\u00e4t","link":"https:\/\/www.freidenker.org\/?cat=13"},"img":{"alt_text":"","src":"https:\/\/i0.wp.com\/www.freidenker.org\/fw17\/wp-content\/uploads\/2021\/06\/anythingtosay_800x450.jpg?fit=800%2C450&ssl=1&resize=350%2C200","width":350,"height":200,"srcset":"https:\/\/i0.wp.com\/www.freidenker.org\/fw17\/wp-content\/uploads\/2021\/06\/anythingtosay_800x450.jpg?fit=800%2C450&ssl=1&resize=350%2C200 1x, https:\/\/i0.wp.com\/www.freidenker.org\/fw17\/wp-content\/uploads\/2021\/06\/anythingtosay_800x450.jpg?fit=800%2C450&ssl=1&resize=525%2C300 1.5x, https:\/\/i0.wp.com\/www.freidenker.org\/fw17\/wp-content\/uploads\/2021\/06\/anythingtosay_800x450.jpg?fit=800%2C450&ssl=1&resize=700%2C400 2x"},"classes":[]},{"id":8839,"url":"https:\/\/www.freidenker.org\/?p=8839","url_meta":{"origin":19732,"position":5},"title":"F\u00fcr aufrechten, wahrheitsgem\u00e4\u00dfen Journalismus","author":"Webredaktion","date":"24. Oktober 2020","format":false,"excerpt":"Beitrag der NRhZ-Redaktion sowie Rede von Annette Groth In Kooperation mit Assange-Aktionsgruppen und dem Bundesverband Arbeiterfotografie hat die Neue Rheinische Zeitung (NRhZ) am 16. Oktober 2020 den K\u00f6lner Karlspreis f\u00fcr Engagierte Literatur und Publizistik an die Eventmanagerin und K\u00fcnstlerin Sabiene Jahn und den WikiLeaks-Gr\u00fcnder Julian Assange verliehen. Stellvertretend f\u00fcr den\u2026","rel":"","context":"In &quot;Demokratie \u2013 Medien \u2013 Aufkl\u00e4rung&quot;","block_context":{"text":"Demokratie \u2013 Medien \u2013 Aufkl\u00e4rung","link":"https:\/\/www.freidenker.org\/?cat=12"},"img":{"alt_text":"","src":"https:\/\/i0.wp.com\/www.freidenker.org\/fw17\/wp-content\/uploads\/2020\/10\/karlspreis_2020-10-16-1-40918_800x450.jpg?fit=800%2C450&ssl=1&resize=350%2C200","width":350,"height":200,"srcset":"https:\/\/i0.wp.com\/www.freidenker.org\/fw17\/wp-content\/uploads\/2020\/10\/karlspreis_2020-10-16-1-40918_800x450.jpg?fit=800%2C450&ssl=1&resize=350%2C200 1x, https:\/\/i0.wp.com\/www.freidenker.org\/fw17\/wp-content\/uploads\/2020\/10\/karlspreis_2020-10-16-1-40918_800x450.jpg?fit=800%2C450&ssl=1&resize=525%2C300 1.5x, https:\/\/i0.wp.com\/www.freidenker.org\/fw17\/wp-content\/uploads\/2020\/10\/karlspreis_2020-10-16-1-40918_800x450.jpg?fit=800%2C450&ssl=1&resize=700%2C400 2x"},"classes":[]}],"_links":{"self":[{"href":"https:\/\/www.freidenker.org\/index.php?rest_route=\/wp\/v2\/posts\/19732","targetHints":{"allow":["GET"]}}],"collection":[{"href":"https:\/\/www.freidenker.org\/index.php?rest_route=\/wp\/v2\/posts"}],"about":[{"href":"https:\/\/www.freidenker.org\/index.php?rest_route=\/wp\/v2\/types\/post"}],"author":[{"embeddable":true,"href":"https:\/\/www.freidenker.org\/index.php?rest_route=\/wp\/v2\/users\/3"}],"replies":[{"embeddable":true,"href":"https:\/\/www.freidenker.org\/index.php?rest_route=%2Fwp%2Fv2%2Fcomments&post=19732"}],"version-history":[{"count":0,"href":"https:\/\/www.freidenker.org\/index.php?rest_route=\/wp\/v2\/posts\/19732\/revisions"}],"wp:featuredmedia":[{"embeddable":true,"href":"https:\/\/www.freidenker.org\/index.php?rest_route=\/wp\/v2\/media\/19734"}],"wp:attachment":[{"href":"https:\/\/www.freidenker.org\/index.php?rest_route=%2Fwp%2Fv2%2Fmedia&parent=19732"}],"wp:term":[{"taxonomy":"category","embeddable":true,"href":"https:\/\/www.freidenker.org\/index.php?rest_route=%2Fwp%2Fv2%2Fcategories&post=19732"},{"taxonomy":"post_tag","embeddable":true,"href":"https:\/\/www.freidenker.org\/index.php?rest_route=%2Fwp%2Fv2%2Ftags&post=19732"}],"curies":[{"name":"wp","href":"https:\/\/api.w.org\/{rel}","templated":true}]}}