{"id":19703,"date":"2024-08-13T23:42:46","date_gmt":"2024-08-13T21:42:46","guid":{"rendered":"https:\/\/www.freidenker.org\/?p=19703"},"modified":"2024-10-06T02:11:59","modified_gmt":"2024-10-06T00:11:59","slug":"friedensaktivist-heinrich-buecker-ueber-seinen-strafprozess-und-anfeindungen-aus-linken-kreisen","status":"publish","type":"post","link":"https:\/\/www.freidenker.org\/?p=19703","title":{"rendered":"Friedensaktivist Heinrich B\u00fccker \u00fcber seinen Strafprozess und Anfeindungen aus linken Kreisen"},"content":{"rendered":"<p><strong>Die Staatsanwaltschaft Berlin hat die Revision gegen das Urteil im Prozess gegen Heiner B\u00fccker in zweiter Instanz zur\u00fcckgezogen. Der Berliner Friedensaktivist wurde wegen vermeintlicher Unterst\u00fctzung des &#8222;russischen Angriffskriegs&#8220; angezeigt. Er berichtet \u00fcber seine Erlebnisse in einer gespaltenen Friedensbewegung. <\/strong><\/p>\n<p><em>Von <strong>Felicitas Rabe<\/strong><\/em><\/p>\n<p><span style=\"font-size: 10pt;\">Erstver\u00f6ffentlichung am 11.08.2024 auf <a href=\"https:\/\/freedert.online\/inland\/214959-friedensaktivist-heinrich-buecker-ueber-seinen\/\" target=\"_blank\" rel=\"noopener\">RT DE<\/a><\/span><\/p>\n<p>Vor zwei Jahren, am 22. Juni 2022, hielt der Berliner Friedensaktivist Heinrich B\u00fccker am 81. Jahrestags des deutschen Einmarsches nach Russland\u00a0<a href=\"https:\/\/www.youtube.com\/watch?v=BshdbeMaM50\" target=\"_blank\" rel=\"noopener noreferrer\">eine Rede vor dem sowjetischen Ehrenmal<\/a>\u00a0im Treptower Park in Berlin. Die\u00a0<a href=\"https:\/\/www.friedenskooperative.de\/friedensorganisationen\/berliner-friedenskoordination-friko\" target=\"_blank\" rel=\"noopener noreferrer\">Berliner Friedenskoordination<\/a>\u00a0hatte die Gedenkveranstaltung organisiert, um an die Opfer des Unternehmens Barbarossa zu erinnern. Infolge seiner Rede wurde der Friedensaktivist von einem Rechtsanwalt bei der Berliner Staatsanwaltschaft wegen angeblicher Unterst\u00fctzung von &#8222;Putins Angriffskrieg gegen die Ukraine&#8220; angezeigt.<\/p>\n<p>Im April 2023 endete die erste Hauptverhandlung beim Amtsgericht Tiergarten mit einem Freispruch f\u00fcr B\u00fccker. Auch bei der von der Staatsanwaltschaft beantragten Revisionsverhandlung, die am 26. Februar am Landgericht Berlin stattfand, wurde er freigesprochen. B\u00fcckers Rede sei vollumf\u00e4nglich vom Recht auf Redefreiheit gedeckt, urteilte das Gericht. Die Staatsanwaltschaft war aber weiterhin der \u00dcberzeugung, der Betreiber des Berliner Friedenscaf\u00e9s habe einen &#8222;v\u00f6lkerrechtswidrigen Angriffskrieg&#8220; unterst\u00fctzt. Insofern legte sie nach dem erneuten Freispruch in der 2. Hauptverhandlung nochmals Einspruch ein und beantragte eine weitere Berufungsverhandlung.<\/p>\n<p><strong>Freispruch f\u00fcr Heiner B\u00fccker \u2013 Staatsanwaltschaft Berlin zieht Revisionsantrag zur\u00fcck<\/strong><\/p>\n<p>Im\u00a0<a href=\"http:\/\/www.coopcafeberlin.de\/\" target=\"_blank\" rel=\"noopener noreferrer\">Coop Anti-War Caf\u00e9<\/a>\u00a0in Berlin sprach\u00a0<em>RT<\/em>\u00a0am Donnerstag mit Heinrich B\u00fccker \u00fcber den \u00fcberraschenden Ausgang des Gerichtsverfahrens und \u00fcber die Situation der Friedensbewegung in Deutschland. Wie es denn nach dem erneuten Einspruch der Staatsanwaltschaft mit dem Verfahren weitergegangen sei, will die Autorin zun\u00e4chst wissen. Nach der Revisionsverhandlung vor dem Berliner Landgericht sei ihm zun\u00e4chst vom Gericht mitgeteilt worden, dass die Staatsanwaltschaft nochmals Widerspruch gegen den Freispruch erhoben habe. Anschlie\u00dfend habe er wochenlang weder von der Staatsanwaltschaft noch vom Gericht etwas geh\u00f6rt, erkl\u00e4rt der Friedensaktivist. Erst drei Monate sp\u00e4ter, im Juli, sei er vom Gericht benachrichtigt worden, dass die Staatsanwaltschaft ihren\u00a0<a href=\"https:\/\/cooptv.wordpress.com\/2022\/12\/27\/stellungnahmen-zu-den-ermittlungen-wegen-gedenkrede-zum-uberfall-auf-udssr-gegen-heinrich-bucker-betreiber-des-coop-anti-war-cafe-berlin\/\" target=\"_blank\" rel=\"noopener noreferrer\">Revisionsantrag zur\u00fcckgezogen<\/a>\u00a0habe. Eine offizielle Begr\u00fcndung f\u00fcr den Sinneswandel bei der Justiz habe er nicht erhalten.<\/p>\n<p>Im Ergebnis w\u00fcrde somit das Urteil des Amtsgerichts Tiergartens rechtskr\u00e4ftig: Das Amtsgericht hatte ihn bereits im April 2023 vom Vorwurf der Unterst\u00fctzung eines russischen Angriffskriegs freigesprochen. Das nunmehr rechtskr\u00e4ftige Urteil bedeute auch, dass er bez\u00fcglich seiner Rede bei der Gedenkveranstaltung im Treptower Park nicht mehr weiter angeklagt werden k\u00f6nne. Ob B\u00fccker Vermutungen habe, was die Staatsanwaltschaft zur R\u00fccknahme ihres Revisionsvorhabens gebracht haben k\u00f6nnte, fragt die Autorin. Da k\u00f6nne er nur nach Bauchgef\u00fchl spekulieren, so B\u00fccker. Als ein m\u00f6glicher Grund f\u00fcr den Sinneswandel der Staatsanwaltschaft k\u00e4me f\u00fcr ihn unter anderem ein Wechsel des Narratives beim Ukrainekrieg infrage:<\/p>\n<blockquote><p><em>&#8222;Die Stimmung schl\u00e4gt gerade um, was den Ukrainekrieg betrifft. Selenskij will jetzt eine weitere Friedenskonferenz einberufen, zu der nach seiner Aussage auch Putin einberufen werden soll.&#8220;<\/em><\/p><\/blockquote>\n<p>Inzwischen g\u00e4be es immer wieder Berichte in zahlreichen Presseorganen, die eigentlich gegen Russland eingestellt seien, wonach die ukrainische Milit\u00e4rkampagne gegen Russland nicht so erfolgreich sei wie anfangs erwartet. Zudem k\u00f6nnte bei seinem Freispruch auch eine gewisse Prominenz eine Rolle gespielt haben, die er als Betreiber des Coop Anti-War Caf\u00e9s habe. Durch zahlreiche Interviews zu seinem Strafverfahren sei sein Bekanntheitsgrad noch verst\u00e4rkt worden. Schlie\u00dflich habe der ehemalige US-amerikanische CIA-Analyst Ray McGovern seinen Fall im Jahr 2023 auf Initiative von Russland sogar\u00a0<a href=\"https:\/\/www.youtube.com\/watch?v=CZyi4Bjnjlg\" target=\"_blank\" rel=\"noopener noreferrer\">in einer Rede<\/a>\u00a0vor dem UNO-Sicherheitsrat erw\u00e4hnt.<\/p>\n<p><strong>B\u00fcckers Kommentar zu weiteren US-Raketenstationierungen in Deutschland<\/strong><\/p>\n<p>Deutschland sei ma\u00dfgeblich an den geplanten US-Raketenstationierungen beteiligt, weil deutsche Politiker dies zulie\u00dfen, so B\u00fccker. Sollten die neuen US-Raketen und Marschflugk\u00f6rper tats\u00e4chlich bis 2026 in Deutschland stationiert werden, dann verk\u00fcrze sich die Vorwarnzeit f\u00fcr die russische Raketenabwehr auf nur wenige Minuten. B\u00fccker erl\u00e4utert die deutsche Beteiligung:<\/p>\n<blockquote><p><em>&#8222;Und damit beteiligt sich auch Deutschland skandal\u00f6serweise nach dem schrecklichen Zweiten Weltkrieg an einer solchen Provokation.&#8220;<\/em><\/p><\/blockquote>\n<p>Die Kriegsgefahr wachse durch die neuen US-Raketenstationierungen ins Unermessliche. In der Konsequenz werde es auch dazu f\u00fchren, dass Russland wahrscheinlich keinerlei Beziehungen mehr mit Deutschland aufbaue. Dazu k\u00e4me noch die eskalierende Kriegsgefahr aufgrund der geopolitischen Lage im Mittleren Osten, wo die Bundesregierung auch noch den Genozid der zionistischen Israelis an den Pal\u00e4stinensern unterst\u00fctzen.<\/p>\n<p><strong>Wie bewertet der Berliner Friedensaktivist aktuell die deutsche Friedensbewegung?<\/strong><\/p>\n<p>Die Friedensbewegung sei zum einen sehr geschw\u00e4cht und zum anderen sehr gespalten. Obwohl er sich als linker Aktivist verstehe, habe er mittlerweile sehr viel \u00c4rger aus seinem politischen Umfeld. Von gro\u00dfen Teilen der Linken werde ihm vorgeworfen, einen &#8222;russischen Angriffskrieg in der Ukraine&#8220; zu unterst\u00fctzen. Insbesondere k\u00e4me der Vorwurf auch von den Teilen der Linkspartei, die Russland als Feind betrachteten. Der Konflikt ginge mittlerweile so weit, dass ihm auch schon die Glasscheibe der Caf\u00e9t\u00fcre zerst\u00f6rt und sein Lokal von au\u00dfen mit Schmierereien verunstaltet worden sei.<\/p>\n<p><strong>Warum teilt Heiner B\u00fccker das Narrativ &#8222;eines russischen Angriffskriegs&#8220; nicht?<\/strong><\/p>\n<p>Als Betreiber des Coop Anti-War Caf\u00e9s vermittle er all seinen G\u00e4sten, dass er weder gegen Russland noch gegen China eingestellt sei. Von Anfang an mache er jedem Caf\u00e9-Besucher zudem deutlich, dass er f\u00fcr die Unterst\u00fctzung des Globalen S\u00fcdens und f\u00fcr die Unterst\u00fctzung Pal\u00e4stinas sei. Und er halte nicht mit seiner Meinung hinterm Berg, wonach in der Ukraine gro\u00dfe Teile des Machtapparats beim Milit\u00e4r, bei der Polizei, sowie in Politik und Verwaltung Neonazis seien. Als Beispiel f\u00fchrt B\u00fccker an:<\/p>\n<blockquote><p><em>&#8222;Ukrainische Neonazis sind daf\u00fcr verantwortlich, dass mindestens seit 2014 in der Ukraine Hunderte von Denkm\u00e4lern f\u00fcr Bandera und andere faschistoide Pers\u00f6nlichkeiten errichtet wurden. Das habe ich in meiner Rede am 22. Juni 2022 ausf\u00fchrlich erl\u00e4utert.&#8220;<\/em><\/p><\/blockquote>\n<p>Seiner Meinung nach entspr\u00e4che diese Nazi-Verehrung aber nicht der Haltung der Mehrheit der ukrainischen Bev\u00f6lkerung. Viele Ukrainer versuchten inzwischen, sich der Rekrutierung zu entziehen, und es gebe immer st\u00e4rker werdenden Widerstand gegen die Ma\u00dfnahmen der Regierung. Aber dies w\u00fcrde in Deutschland kaum zum Thema gemacht. Im Coop Anti-War Caf\u00e9 w\u00fcrde man dar\u00fcber sprechen. Der Friedensaktivist betont:<\/p>\n<blockquote><p><em>&#8222;Das Coop Anti-War Caf\u00e9 ist einer der wenigen Orte in Berlin, wo diese Zust\u00e4nde in der Ukraine offen thematisiert werden und wo es eine offene prorussische Haltung gibt.&#8220;<\/em><\/p><\/blockquote>\n<p><strong>Wie erkl\u00e4rt Heinrich B\u00fccker den Einmarsch Russlands in die Ukraine und den Wechsel der Donbass-Republiken nach Russland?<\/strong><\/p>\n<p>Der Einmarsch der Russen in die Ukraine sei vom Westen bewusst provoziert worden, so B\u00fccker. Kurz vor dem Einmarsch der Russen in die Ukraine konstatierten sogar die Mitarbeiter der OSZE (Organisation f\u00fcr Sicherheit und Zusammenarbeit in Europa) ganz offiziell, dass 10 Tage vorher der Beschuss seitens der ukrainischen Armee auf die Ostukraine um ein Zigfaches erh\u00f6ht wurde. Infolge dieses massiven Beschusses habe Russland die Donbass-Republiken als von der Ukraine unabh\u00e4ngige Staaten anerkannt.<\/p>\n<p>Anschlie\u00dfend sei im Schnellverfahren ein gegenseitiges Beistandsabkommen beschlossen worden. Per Volksabstimmung h\u00e4tten sich die B\u00fcrger von Donezk und Lugansk dann mehrheitlich f\u00fcr den Beitritt ihrer L\u00e4nder zu Russland entschieden. Dem Beitrittsansinnen wurde vonseiten des russischen Parlaments nur wenige Tage vor dem milit\u00e4rischen Konflikt zugestimmt. Der weitere Beschuss des ukrainischen Milit\u00e4rs auf den Donbass habe ab dann f\u00fcr die Russen als Angriff der Ukraine auf Russland gegolten. Dagegen habe sich Russland zur Wehr gesetzt. B\u00fccker fasst zusammen:<\/p>\n<blockquote><p><em>&#8222;Sodass man den sogenannten Einmarsch Russlands vielleicht sogar als russische Verteidigungsma\u00dfnahme bewerten k\u00f6nnte.&#8220;<\/em><\/p><\/blockquote>\n<p>Vor der Milit\u00e4raktion habe der russische Pr\u00e4sident Wladimir Putin den Westen mehrfach aufgefordert, sich zu besinnen und keine Roten Linien zu \u00fcberschreiten. An der Stelle erinnert B\u00fccker auch noch einmal daran, dass der ehemalige russische Pr\u00e4sident Michael Gorbatschow bereits direkt nach dem Mauerfall erkl\u00e4rt hatte, die NATO d\u00fcrfe nicht einen Zentimeter nach Osten ausgedehnt werden. Schlie\u00dflich h\u00e4tten die Ukraine und Russland bereits Ende April 2022 ein unterschriftsreifes Friedensabkommen ausgehandelt und es h\u00e4tte nur noch von den Pr\u00e4sidenten Putin und Selenskij unterzeichnet werden m\u00fcssen. Aber dann sei der britische Premier Boris Johnson umgehend nach Kiew geflogen und habe den Ukrainern erkl\u00e4rt, sie sollten weiterk\u00e4mpfen.<\/p>\n<p style=\"text-align: right;\"><em>Felicitas Rabe ist freie Journalistin. Am 29. Mai 2023 berichtete die Autorin \u00fcber die <a href=\"https:\/\/www.freidenker.org\/?p=16200\">Konferenz der Weltunion der Freidenker<\/a><\/em><\/p>\n<hr \/>\n<p><span style=\"font-size: 10pt;\">Bild oben: <span class=\"Cover-caption\"><span class=\"Cover-captionItem\">Friedensaktivist und Caf\u00e9betreiber Heinrich B\u00fccker vor dem Coop Anti-War Caf\u00e9 in Berlin am 2. August 2024<\/span><\/span><br \/>\n<span class=\"Cover-imageSource\"><span class=\"Cover-captionItem\">Foto: \u00a9 Felicitas Rabe<\/span><\/span><\/span><\/p>\n","protected":false},"excerpt":{"rendered":"<p><b>Beitrag von Felicitas Rabe<\/b><br \/>\nVor zwei Jahren, am 22. Juni 2022, hielt der Berliner Friedensaktivist Heinrich B\u00fccker am 81. Jahrestags des deutschen Einmarsches nach Russland\u00a0eine Rede vor dem sowjetischen Ehrenmal\u00a0im Treptower Park in Berlin. Die\u00a0Berliner Friedenskoordination\u00a0hatte die Gedenkveranstaltung organisiert, um an die Opfer des Unternehmens Barbarossa zu erinnern. Infolge seiner Rede wurde der Friedensaktivist von einem Rechtsanwalt bei der Berliner Staatsanwaltschaft wegen angeblicher Unterst\u00fctzung von &#8222;Putins Angriffskrieg gegen die Ukraine&#8220; angezeigt. Im April 2023 endete die erste Hauptverhandlung beim Amtsgericht Tiergarten mit einem Freispruch f\u00fcr B\u00fccker. Auch bei der von der Staatsanwaltschaft beantragten Revisionsverhandlung, die am 26. Februar am Landgericht Berlin stattfand, wurde er freigesprochen. &#8230;<\/p>\n","protected":false},"author":3,"featured_media":19704,"comment_status":"closed","ping_status":"closed","sticky":false,"template":"","format":"standard","meta":{"colormag_page_container_layout":"default_layout","colormag_page_sidebar_layout":"default_layout","advanced_seo_description":"","jetpack_seo_html_title":"","jetpack_seo_noindex":false,"jetpack_post_was_ever_published":false,"footnotes":""},"categories":[13],"tags":[1679,409,1121,43,1255,1412,1691,2264,222,639],"class_list":["post-19703","post","type-post","status-publish","format-standard","has-post-thumbnail","hentry","category-frieden-antifaschismus-solidaritaet","tag-angriffskrieg","tag-berlin","tag-donbass","tag-friedensbewegung","tag-gerichtsprozess","tag-gerichtsurteil","tag-kiew","tag-raketenstationierung","tag-russland","tag-ukraine-konflikt"],"jetpack_featured_media_url":"https:\/\/i0.wp.com\/www.freidenker.org\/fw17\/wp-content\/uploads\/2024\/08\/heinrich_buecker_800x450.jpg?fit=800%2C450&ssl=1","jetpack_shortlink":"https:\/\/wp.me\/p9stpK-57N","jetpack-related-posts":[{"id":15080,"url":"https:\/\/www.freidenker.org\/?p=15080","url_meta":{"origin":19703,"position":0},"title":"Update zur Fressefreiheit","author":"Webredaktion","date":"27. Januar 2023","format":false,"excerpt":"Video einer Rede von Heiner B\u00fccker Wer noch irgendwelche Illusionen \u00fcber den Zustand der Meinungsfreiheit in Deutschland hat, der vergegenw\u00e4rtige sich, dass die im Video festgehaltene Rede des Berliner Friedensaktivisten und Antifaschisten Heiner B\u00fccker wegen \"Billigung von Straftaten\" von einem Berliner Amtsrichter mit einem Strafbefehl belegt wurde. \u00dcber den Fall\u2026","rel":"","context":"In &quot;Zeit der Verleumder - Freidenker f\u00fcr Klartext&quot;","block_context":{"text":"Zeit der Verleumder - Freidenker f\u00fcr Klartext","link":"https:\/\/www.freidenker.org\/?cat=937"},"img":{"alt_text":"","src":"https:\/\/i0.wp.com\/www.freidenker.org\/fw17\/wp-content\/uploads\/2023\/01\/klartext_heiner_buecker_800x450.jpg?fit=800%2C450&ssl=1&resize=350%2C200","width":350,"height":200,"srcset":"https:\/\/i0.wp.com\/www.freidenker.org\/fw17\/wp-content\/uploads\/2023\/01\/klartext_heiner_buecker_800x450.jpg?fit=800%2C450&ssl=1&resize=350%2C200 1x, https:\/\/i0.wp.com\/www.freidenker.org\/fw17\/wp-content\/uploads\/2023\/01\/klartext_heiner_buecker_800x450.jpg?fit=800%2C450&ssl=1&resize=525%2C300 1.5x, https:\/\/i0.wp.com\/www.freidenker.org\/fw17\/wp-content\/uploads\/2023\/01\/klartext_heiner_buecker_800x450.jpg?fit=800%2C450&ssl=1&resize=700%2C400 2x"},"classes":[]},{"id":13610,"url":"https:\/\/www.freidenker.org\/?p=13610","url_meta":{"origin":19703,"position":1},"title":"Wir vergessen den 22. Juni nicht","author":"Webredaktion","date":"28. Juni 2022","format":false,"excerpt":"Berlin: Kundgebung am Sowjetischen Ehrenmal im Treptower Park Friedensaktivistinnen und -Aktivisten erinnerten am 22. Juni 2022 an den \u00dcberfall Nazi-Deutschlands auf die Sowjet-Union vor 81 Jahren. Unter dem Motto \u201eWir vergessen nicht!\u201c hatte die \u201eFriedenskoordination Berlin\u201c zu einer Kundgebung am Sowjetischen Ehrenmal im Berliner Treptower Park aufgerufen. Rund 200 Menschen\u2026","rel":"","context":"In &quot;Frieden - Antifaschismus - Solidarit\u00e4t&quot;","block_context":{"text":"Frieden - Antifaschismus - Solidarit\u00e4t","link":"https:\/\/www.freidenker.org\/?cat=13"},"img":{"alt_text":"","src":"https:\/\/i0.wp.com\/www.freidenker.org\/fw17\/wp-content\/uploads\/2022\/06\/hans_bauer_2022-06-22_800x450.jpg?fit=800%2C450&ssl=1&resize=350%2C200","width":350,"height":200,"srcset":"https:\/\/i0.wp.com\/www.freidenker.org\/fw17\/wp-content\/uploads\/2022\/06\/hans_bauer_2022-06-22_800x450.jpg?fit=800%2C450&ssl=1&resize=350%2C200 1x, https:\/\/i0.wp.com\/www.freidenker.org\/fw17\/wp-content\/uploads\/2022\/06\/hans_bauer_2022-06-22_800x450.jpg?fit=800%2C450&ssl=1&resize=525%2C300 1.5x, https:\/\/i0.wp.com\/www.freidenker.org\/fw17\/wp-content\/uploads\/2022\/06\/hans_bauer_2022-06-22_800x450.jpg?fit=800%2C450&ssl=1&resize=700%2C400 2x"},"classes":[]},{"id":16821,"url":"https:\/\/www.freidenker.org\/?p=16821","url_meta":{"origin":19703,"position":2},"title":"Wer gef\u00e4hrdet den Frieden?","author":"Webredaktion","date":"12. August 2023","format":false,"excerpt":"Diffamierung, Zensur und Strafverfolgung treffen Kriegsgegner. Dabei sitzen die Volksverhetzer im Bundestag Beitrag von von Hans Bauer Wer Zweifel an der Politik der deutschen Machthaber \u00f6ffentlich \u00e4u\u00dfert, hat keine guten Karten. Schlimmer ist es, Ursachen und Anlass des Ukraine-Krieges anders zu sehen als amtlich verordnet. Die offiziellen Reaktionen reichen von\u2026","rel":"","context":"In &quot;Frieden - Antifaschismus - Solidarit\u00e4t&quot;","block_context":{"text":"Frieden - Antifaschismus - Solidarit\u00e4t","link":"https:\/\/www.freidenker.org\/?cat=13"},"img":{"alt_text":"","src":"https:\/\/i0.wp.com\/www.freidenker.org\/fw17\/wp-content\/uploads\/2023\/08\/keine_angst_vor_putin_800x445_v2.jpg?fit=800%2C445&ssl=1&resize=350%2C200","width":350,"height":200,"srcset":"https:\/\/i0.wp.com\/www.freidenker.org\/fw17\/wp-content\/uploads\/2023\/08\/keine_angst_vor_putin_800x445_v2.jpg?fit=800%2C445&ssl=1&resize=350%2C200 1x, https:\/\/i0.wp.com\/www.freidenker.org\/fw17\/wp-content\/uploads\/2023\/08\/keine_angst_vor_putin_800x445_v2.jpg?fit=800%2C445&ssl=1&resize=525%2C300 1.5x, https:\/\/i0.wp.com\/www.freidenker.org\/fw17\/wp-content\/uploads\/2023\/08\/keine_angst_vor_putin_800x445_v2.jpg?fit=800%2C445&ssl=1&resize=700%2C400 2x"},"classes":[]},{"id":21538,"url":"https:\/\/www.freidenker.org\/?p=21538","url_meta":{"origin":19703,"position":3},"title":"Falsche Redner eingeladen: Ostermarsch D\u00fcsseldorf von Friedensbewegung Rhein-Ruhr ausgegrenzt","author":"Webredaktion","date":"28. April 2025","format":false,"excerpt":"Beitrag von Felicitas Rabe Organisiert vom Friedensforum D\u00fcsseldorf fand am Samstag der traditionelle D\u00fcsseldorfer Ostermarsch statt. Unter dem Motto \"Kriegst\u00fcchtig? Nicht mit uns!\" beteiligten sich am Samstag rund 700 Friedensaktivisten am D\u00fcsseldorfer Ostermarsch, darunter Bef\u00fcrworter und Mitglieder der pal\u00e4stinensischen Allianz NRW, der Assange-Gruppe D\u00fcsseldorf, der DKP, des B\u00fcndnisses Sahra Wagenknecht,\u2026","rel":"","context":"In &quot;Demokratie \u2013 Medien \u2013 Aufkl\u00e4rung&quot;","block_context":{"text":"Demokratie \u2013 Medien \u2013 Aufkl\u00e4rung","link":"https:\/\/www.freidenker.org\/?cat=12"},"img":{"alt_text":"","src":"https:\/\/i0.wp.com\/www.freidenker.org\/fw17\/wp-content\/uploads\/2025\/04\/Ostermarsch-Duesseldorf-2025_800x450.jpg?fit=800%2C450&ssl=1&resize=350%2C200","width":350,"height":200,"srcset":"https:\/\/i0.wp.com\/www.freidenker.org\/fw17\/wp-content\/uploads\/2025\/04\/Ostermarsch-Duesseldorf-2025_800x450.jpg?fit=800%2C450&ssl=1&resize=350%2C200 1x, https:\/\/i0.wp.com\/www.freidenker.org\/fw17\/wp-content\/uploads\/2025\/04\/Ostermarsch-Duesseldorf-2025_800x450.jpg?fit=800%2C450&ssl=1&resize=525%2C300 1.5x, https:\/\/i0.wp.com\/www.freidenker.org\/fw17\/wp-content\/uploads\/2025\/04\/Ostermarsch-Duesseldorf-2025_800x450.jpg?fit=800%2C450&ssl=1&resize=700%2C400 2x"},"classes":[]},{"id":16017,"url":"https:\/\/www.freidenker.org\/?p=16017","url_meta":{"origin":19703,"position":4},"title":"Befreiung vom Faschismus und Tag des Sieges 2023","author":"Webredaktion","date":"13. Mai 2023","format":false,"excerpt":"Wir dokumentieren - den Marsch des Unsterblichen Regiments am 07. Mai 2023 in Frankfurt am Main mit Kundgebung am Opernplatz und Demonstration zum R\u00f6merberg, Reden von Sebastian Bahlo (Text) und von Sergey Filbert (Video) - Bilder von der Gedenkstunde am 08.05.2023 zum Tag der Befreiung am Mahnmal f\u00fcr die Opfer\u2026","rel":"","context":"In &quot;Frieden - Antifaschismus - Solidarit\u00e4t&quot;","block_context":{"text":"Frieden - Antifaschismus - Solidarit\u00e4t","link":"https:\/\/www.freidenker.org\/?cat=13"},"img":{"alt_text":"","src":"https:\/\/i0.wp.com\/www.freidenker.org\/fw17\/wp-content\/uploads\/2023\/05\/TdB_2023_20230509_113616_800x450.jpg?fit=800%2C450&ssl=1&resize=350%2C200","width":350,"height":200,"srcset":"https:\/\/i0.wp.com\/www.freidenker.org\/fw17\/wp-content\/uploads\/2023\/05\/TdB_2023_20230509_113616_800x450.jpg?fit=800%2C450&ssl=1&resize=350%2C200 1x, https:\/\/i0.wp.com\/www.freidenker.org\/fw17\/wp-content\/uploads\/2023\/05\/TdB_2023_20230509_113616_800x450.jpg?fit=800%2C450&ssl=1&resize=525%2C300 1.5x, https:\/\/i0.wp.com\/www.freidenker.org\/fw17\/wp-content\/uploads\/2023\/05\/TdB_2023_20230509_113616_800x450.jpg?fit=800%2C450&ssl=1&resize=700%2C400 2x"},"classes":[]},{"id":1203,"url":"https:\/\/www.freidenker.org\/?p=1203","url_meta":{"origin":19703,"position":5},"title":"Freidenker-Brief 1-2017: Gegen diesen NATO-Wahnsinn","author":"Webredaktion","date":"4. Februar 2017","format":false,"excerpt":"Zu den Demonstrationen am 20. oder 21.1.2017 gegen die Amtseinf\u00fchrung des neuen Pr\u00e4sidenten der USA erkl\u00e4rt der Vorsitzende des Deutschen Freidenker-Verbandes: Wer dazu aufruft, \u201esendet ein falsches Signal. Eine andere Mobilisierung ist n\u00f6tig: Trump beim Wort nehmen, damit seinen positiven Worten positive Taten folgen!\u201c Woran sich die Friedensbewegung in der\u2026","rel":"","context":"In &quot;Freidenker-Brief&quot;","block_context":{"text":"Freidenker-Brief","link":"https:\/\/www.freidenker.org\/?cat=341"},"img":{"alt_text":"","src":"https:\/\/i0.wp.com\/www.freidenker.org\/fw17\/wp-content\/uploads\/2017\/02\/NO_NATO_800x445.jpg?fit=800%2C445&ssl=1&resize=350%2C200","width":350,"height":200,"srcset":"https:\/\/i0.wp.com\/www.freidenker.org\/fw17\/wp-content\/uploads\/2017\/02\/NO_NATO_800x445.jpg?fit=800%2C445&ssl=1&resize=350%2C200 1x, https:\/\/i0.wp.com\/www.freidenker.org\/fw17\/wp-content\/uploads\/2017\/02\/NO_NATO_800x445.jpg?fit=800%2C445&ssl=1&resize=525%2C300 1.5x, https:\/\/i0.wp.com\/www.freidenker.org\/fw17\/wp-content\/uploads\/2017\/02\/NO_NATO_800x445.jpg?fit=800%2C445&ssl=1&resize=700%2C400 2x"},"classes":[]}],"_links":{"self":[{"href":"https:\/\/www.freidenker.org\/index.php?rest_route=\/wp\/v2\/posts\/19703","targetHints":{"allow":["GET"]}}],"collection":[{"href":"https:\/\/www.freidenker.org\/index.php?rest_route=\/wp\/v2\/posts"}],"about":[{"href":"https:\/\/www.freidenker.org\/index.php?rest_route=\/wp\/v2\/types\/post"}],"author":[{"embeddable":true,"href":"https:\/\/www.freidenker.org\/index.php?rest_route=\/wp\/v2\/users\/3"}],"replies":[{"embeddable":true,"href":"https:\/\/www.freidenker.org\/index.php?rest_route=%2Fwp%2Fv2%2Fcomments&post=19703"}],"version-history":[{"count":0,"href":"https:\/\/www.freidenker.org\/index.php?rest_route=\/wp\/v2\/posts\/19703\/revisions"}],"wp:featuredmedia":[{"embeddable":true,"href":"https:\/\/www.freidenker.org\/index.php?rest_route=\/wp\/v2\/media\/19704"}],"wp:attachment":[{"href":"https:\/\/www.freidenker.org\/index.php?rest_route=%2Fwp%2Fv2%2Fmedia&parent=19703"}],"wp:term":[{"taxonomy":"category","embeddable":true,"href":"https:\/\/www.freidenker.org\/index.php?rest_route=%2Fwp%2Fv2%2Fcategories&post=19703"},{"taxonomy":"post_tag","embeddable":true,"href":"https:\/\/www.freidenker.org\/index.php?rest_route=%2Fwp%2Fv2%2Ftags&post=19703"}],"curies":[{"name":"wp","href":"https:\/\/api.w.org\/{rel}","templated":true}]}}