{"id":197,"date":"2005-06-17T16:35:52","date_gmt":"2005-06-17T14:35:52","guid":{"rendered":"http:\/\/www.freidenker.org\/fw17\/?p=197"},"modified":"2023-02-19T15:55:18","modified_gmt":"2023-02-19T14:55:18","slug":"jugendfeier-2005-in-muenchen","status":"publish","type":"post","link":"https:\/\/www.freidenker.org\/?p=197","title":{"rendered":"Jugendfeier 2005 in M\u00fcnchen"},"content":{"rendered":"<p>aus FREIDENKER Nr. 2-05 Juni 2005, 64. Jahrgang, S. 36-37<\/p>\n<p><em><span class=\"subnav2\">von Christiane Kr\u00f6ll<\/span><\/em><\/p>\n<p align=\"left\">Unter dem Motto &#8222;\u00c4ndere die Welt, sie braucht es.&#8220; begingen in M\u00fcnchen 12 Jugendliche mit rund 100 G\u00e4sten am Vorabend des &#8222;Tages der Befreiung&#8220; ihre Jugendfeier in der Gastst\u00e4tte Weyprechthof.<\/p>\n<p align=\"left\">In der Festrede hob Eva Bulling-Schr\u00f6ter, Landesvorsitzende der PDS Bayern und Freidenker-Mitglied, u.a. die Bedeutung des 8. Mai und der Friedensfrage, die Verpflichtung jeder\/s Einzelnen zum aufrechten Gang, zur Eigenverantwortung und zum Einsatz f\u00fcr eine menschlichere Gesellschaft hervor. Dass bereits viele Ans\u00e4tze in dieser Richtung vorhanden sind, zeigten die Beitr\u00e4ge der Jugendlichen. Bei der Jugendfeier wurden von den ,Hauptakteuren&#8216; die w\u00e4hrend der gemeinsamen Zeit seit Anfang Februar gewonnenen Ergebnisse bzw. Erkenntnisse vorgetragen, in der anschlie\u00dfenden szenischen Darstellung zum &#8222;Sinn des Lebens&#8220; kamen dann einige von den Jugendlichen dargestellte Philosophen zu Wort.<\/p>\n<p align=\"left\">Bei den Vorbereitungstreffen hatten die Jugendlichen \u00fcber die Themen &#8222;Krieg und Frieden&#8220;. &#8222;Woher kommen Vorurteile\/ Feindbilder?&#8220;, &#8222;Dritte Welt&#8220;, &#8222;Meinungsmanipulation&#8220; und &#8222;Religion\/Esoterik&#8220; sehr engagiert diskutiert. Besonders beeindruckt war die Gruppe vom Besuch in der Gedenkst\u00e4tte KZ Dachau, wo die Jugendlichen, denen sich bei diesem Termin auch mehrere Eltern und Verwandte anschlossen, von dem Zeitzeugen Ernst Grube gef\u00fchrt wurden.<\/p>\n<hr \/>\n<p align=\"left\">Bild: FreeImages.com\/Michael Richter<\/p>\n","protected":false},"excerpt":{"rendered":"<p><strong>Beitrag von Christiane Kr\u00f6ll aus FREIDENKER 2-05<\/strong><br \/>\nUnter dem Motto &#8222;\u00c4ndere die Welt, sie braucht es.&#8220; begingen in M\u00fcnchen 12 Jugendliche mit rund 100 G\u00e4sten am Vorabend des &#8222;Tages der Befreiung&#8220; ihre Jugendfeier in der Gastst\u00e4tte Weyprechthof. In der Festrede hob Eva Bulling-Schr\u00f6ter, Landesvorsitzende der PDS Bayern und Freidenker-Mitglied, u.a. die Bedeutung des 8. Mai und der Friedensfrage, die Verpflichtung jeder\/s Einzelnen zum aufrechten Gang, zur Eigenverantwortung und zum Einsatz f\u00fcr eine menschlichere Gesellschaft hervor.<\/p>\n","protected":false},"author":2,"featured_media":198,"comment_status":"closed","ping_status":"closed","sticky":false,"template":"","format":"standard","meta":{"colormag_page_container_layout":"default_layout","colormag_page_sidebar_layout":"default_layout","advanced_seo_description":"","jetpack_seo_html_title":"","jetpack_seo_noindex":false,"jetpack_post_was_ever_published":false,"footnotes":""},"categories":[14],"tags":[366,365,1451,835],"class_list":["post-197","post","type-post","status-publish","format-standard","has-post-thumbnail","hentry","category-jugendweihe-jugendfeier","tag-jugendfeier","tag-jugendweihe","tag-lv-bayern","tag-muenchen"],"jetpack_featured_media_url":"https:\/\/i0.wp.com\/www.freidenker.org\/fw17\/wp-content\/uploads\/2016\/05\/Munch.jpg?fit=800%2C445&ssl=1","jetpack_shortlink":"https:\/\/wp.me\/p9stpK-3b","jetpack-related-posts":[{"id":3301,"url":"https:\/\/www.freidenker.org\/?p=3301","url_meta":{"origin":197,"position":0},"title":"Jugendfeier 2005 in Braunschweig","author":"Webredaktion","date":"17. Juni 2005","format":false,"excerpt":"Bericht der Braunschweiger Zeitung, nachgedruckt in: FREIDENKER 2-05 \u201eSie werden heute hochoffiziell vom Kind zum Jugendlichen bef\u00f6rdert\", sagte Klaus Hartmann, Vorsitzender des Deutschen Freidenker-Verbandes, am Sonntag zu 34 M\u00e4dchen und Jungen in der Stadthalle. Die 13- bis 15 J\u00e4hrigen feierten mit ihren Eltern und Verwandten die Jugendweihe. \"Dieses Fest hat\u2026","rel":"","context":"In &quot;Jugendweihe &amp; Jugendfeier&quot;","block_context":{"text":"Jugendweihe &amp; Jugendfeier","link":"https:\/\/www.freidenker.org\/?cat=14"},"img":{"alt_text":"","src":"https:\/\/i0.wp.com\/www.freidenker.org\/fw17\/wp-content\/uploads\/2005\/06\/braunschweig-2179636_800x445.jpg?fit=800%2C445&ssl=1&resize=350%2C200","width":350,"height":200,"srcset":"https:\/\/i0.wp.com\/www.freidenker.org\/fw17\/wp-content\/uploads\/2005\/06\/braunschweig-2179636_800x445.jpg?fit=800%2C445&ssl=1&resize=350%2C200 1x, https:\/\/i0.wp.com\/www.freidenker.org\/fw17\/wp-content\/uploads\/2005\/06\/braunschweig-2179636_800x445.jpg?fit=800%2C445&ssl=1&resize=525%2C300 1.5x, https:\/\/i0.wp.com\/www.freidenker.org\/fw17\/wp-content\/uploads\/2005\/06\/braunschweig-2179636_800x445.jpg?fit=800%2C445&ssl=1&resize=700%2C400 2x"},"classes":[]},{"id":189,"url":"https:\/\/www.freidenker.org\/?p=189","url_meta":{"origin":197,"position":1},"title":"Jugendfeier 2005 in Frankfurt am Main","author":"Webmaster","date":"17. Juni 2005","format":false,"excerpt":"Beitrag von Norbert M\u00fcller aus FREIDENKER 2-05 Am Pfingstsonntag war es soweit. Nach sieben Vorbereitungstreffen, einem gemeinsamen Treff mit den Eltern sowie einem Wochenendseminar in Weimar mit Besuch der Gedenkst\u00e4tte Buchenwald fand f\u00fcr 31 Jugendliche in Hessen die Jugendfeier statt, die wie immer unter dem Motto \"Nicht religi\u00f6s und trotzdem\u2026","rel":"","context":"In &quot;Jugendweihe &amp; Jugendfeier&quot;","block_context":{"text":"Jugendweihe &amp; Jugendfeier","link":"https:\/\/www.freidenker.org\/?cat=14"},"img":{"alt_text":"","src":"https:\/\/i0.wp.com\/www.freidenker.org\/fw17\/wp-content\/uploads\/2016\/05\/Frankfurt.jpg?fit=800%2C445&ssl=1&resize=350%2C200","width":350,"height":200,"srcset":"https:\/\/i0.wp.com\/www.freidenker.org\/fw17\/wp-content\/uploads\/2016\/05\/Frankfurt.jpg?fit=800%2C445&ssl=1&resize=350%2C200 1x, https:\/\/i0.wp.com\/www.freidenker.org\/fw17\/wp-content\/uploads\/2016\/05\/Frankfurt.jpg?fit=800%2C445&ssl=1&resize=525%2C300 1.5x, https:\/\/i0.wp.com\/www.freidenker.org\/fw17\/wp-content\/uploads\/2016\/05\/Frankfurt.jpg?fit=800%2C445&ssl=1&resize=700%2C400 2x"},"classes":[]},{"id":186,"url":"https:\/\/www.freidenker.org\/?p=186","url_meta":{"origin":197,"position":2},"title":"Bedeutung und Geschichte von Jugendweihen und Jugendfeiern","author":"Webmaster","date":"1. Januar 2010","format":false,"excerpt":"F\u00fcr immer mehr Jugendliche stellt sich die Frage: Hat es Sinn, ohne religi\u00f6se \u00dcberzeugung an der kirchlichen Feier zum Erwachsenwerden teilzunehmen? Der immer gr\u00f6\u00dfer werdenden Zahl von Kirchenaustritten der Erwachsenen muss nicht das weltanschauliche Nichts f\u00fcr die Kinder folgen. Au\u00dfer religi\u00f6sen Ansichten gibt es zumindest noch die Ansicht, dass das\u2026","rel":"","context":"In &quot;Geschichte&quot;","block_context":{"text":"Geschichte","link":"https:\/\/www.freidenker.org\/?cat=1162"},"img":{"alt_text":"","src":"https:\/\/i0.wp.com\/www.freidenker.org\/fw17\/wp-content\/uploads\/2016\/05\/Statue_3_Stufen_der_Liebe.jpg?fit=800%2C445&ssl=1&resize=350%2C200","width":350,"height":200,"srcset":"https:\/\/i0.wp.com\/www.freidenker.org\/fw17\/wp-content\/uploads\/2016\/05\/Statue_3_Stufen_der_Liebe.jpg?fit=800%2C445&ssl=1&resize=350%2C200 1x, https:\/\/i0.wp.com\/www.freidenker.org\/fw17\/wp-content\/uploads\/2016\/05\/Statue_3_Stufen_der_Liebe.jpg?fit=800%2C445&ssl=1&resize=525%2C300 1.5x, https:\/\/i0.wp.com\/www.freidenker.org\/fw17\/wp-content\/uploads\/2016\/05\/Statue_3_Stufen_der_Liebe.jpg?fit=800%2C445&ssl=1&resize=700%2C400 2x"},"classes":[]},{"id":3298,"url":"https:\/\/www.freidenker.org\/?p=3298","url_meta":{"origin":197,"position":3},"title":"Jugendweihen 2005 in Bremerhaven, Hamburg und Kiel","author":"Webredaktion","date":"17. Juni 2005","format":false,"excerpt":"Beitr\u00e4ge von Helmuth Sturmhoebel und Norbert Diener aus: FREIDENKER 2-05 Die 81. Jugendweihe des Freidenkerverbandes Bremen\/Unterweser fand am 22. Mai 2005 in Bremerhaven statt. 13 Jugendliche hatten sich seit Anfang M\u00e4rz unter der bew\u00e4hrten Leitung von Helmut Brauner w\u00f6chentlich getroffen. Sie diskutierten \u00fcber die Themen Arbeitslosigkeit, Gewalt, Drogen und Faschismus\u2026","rel":"","context":"In &quot;Jugendweihe &amp; Jugendfeier&quot;","block_context":{"text":"Jugendweihe &amp; Jugendfeier","link":"https:\/\/www.freidenker.org\/?cat=14"},"img":{"alt_text":"","src":"https:\/\/i0.wp.com\/www.freidenker.org\/fw17\/wp-content\/uploads\/2005\/06\/bremerhaven-hamburg-kiel_mb.jpg?fit=800%2C445&ssl=1&resize=350%2C200","width":350,"height":200,"srcset":"https:\/\/i0.wp.com\/www.freidenker.org\/fw17\/wp-content\/uploads\/2005\/06\/bremerhaven-hamburg-kiel_mb.jpg?fit=800%2C445&ssl=1&resize=350%2C200 1x, https:\/\/i0.wp.com\/www.freidenker.org\/fw17\/wp-content\/uploads\/2005\/06\/bremerhaven-hamburg-kiel_mb.jpg?fit=800%2C445&ssl=1&resize=525%2C300 1.5x, https:\/\/i0.wp.com\/www.freidenker.org\/fw17\/wp-content\/uploads\/2005\/06\/bremerhaven-hamburg-kiel_mb.jpg?fit=800%2C445&ssl=1&resize=700%2C400 2x"},"classes":[]},{"id":4226,"url":"https:\/\/www.freidenker.org\/?p=4226","url_meta":{"origin":197,"position":4},"title":"Was haben die Freidenker mit der Jugendfeier zu tun?","author":"Webredaktion","date":"27. Mai 2017","format":false,"excerpt":"Interview der Jugendfeier-Teilnehmerin Sara Martin mit Klaus Hartmann K.H.: Bei den Kirchen gibt es Konfirmation oder Firmung, aber schon l\u00e4ngere Zeit vorher, eigentlich zu allen Zeiten, in allen Kulturkreisen, wurde der \u00dcbergang ins Erwachsenenleben durch sogenannte Initiationsriten gefeiert. Und die Freidenker bieten Feiern, weltliche Feiern zu allen Wendepunkten des Lebens\u2026","rel":"","context":"In &quot;Geschichte&quot;","block_context":{"text":"Geschichte","link":"https:\/\/www.freidenker.org\/?cat=1162"},"img":{"alt_text":"","src":"https:\/\/i0.wp.com\/www.freidenker.org\/fw17\/wp-content\/uploads\/2017\/11\/Jugendfeier_Hessen_2017.jpg?fit=800%2C445&ssl=1&resize=350%2C200","width":350,"height":200,"srcset":"https:\/\/i0.wp.com\/www.freidenker.org\/fw17\/wp-content\/uploads\/2017\/11\/Jugendfeier_Hessen_2017.jpg?fit=800%2C445&ssl=1&resize=350%2C200 1x, https:\/\/i0.wp.com\/www.freidenker.org\/fw17\/wp-content\/uploads\/2017\/11\/Jugendfeier_Hessen_2017.jpg?fit=800%2C445&ssl=1&resize=525%2C300 1.5x, https:\/\/i0.wp.com\/www.freidenker.org\/fw17\/wp-content\/uploads\/2017\/11\/Jugendfeier_Hessen_2017.jpg?fit=800%2C445&ssl=1&resize=700%2C400 2x"},"classes":[]},{"id":193,"url":"https:\/\/www.freidenker.org\/?p=193","url_meta":{"origin":197,"position":5},"title":"Jugendweihe 2005 in Dresden","author":"Webmaster","date":"17. Juni 2005","format":false,"excerpt":"Beitrag von Heinz Nikolaus aus FREIDENKER 2-05 Im Sinne der mehr als 100-j\u00e4hrigen Freidenkertradition in Deutschland wurden nach dem .Anschluss' der DDR an die Bundesrepublik Deutschland bei uns in Sachsen viel Kraft und viele Ideen entwickelt, um nach wie vor jungen Menschen ein bleibendes Erlebnis ihrer Jugendweihe zu erm\u00f6glichen, diese\u2026","rel":"","context":"In &quot;Jugendweihe &amp; Jugendfeier&quot;","block_context":{"text":"Jugendweihe &amp; Jugendfeier","link":"https:\/\/www.freidenker.org\/?cat=14"},"img":{"alt_text":"","src":"https:\/\/i0.wp.com\/www.freidenker.org\/fw17\/wp-content\/uploads\/2016\/05\/Dresden.jpg?fit=800%2C445&ssl=1&resize=350%2C200","width":350,"height":200,"srcset":"https:\/\/i0.wp.com\/www.freidenker.org\/fw17\/wp-content\/uploads\/2016\/05\/Dresden.jpg?fit=800%2C445&ssl=1&resize=350%2C200 1x, https:\/\/i0.wp.com\/www.freidenker.org\/fw17\/wp-content\/uploads\/2016\/05\/Dresden.jpg?fit=800%2C445&ssl=1&resize=525%2C300 1.5x, https:\/\/i0.wp.com\/www.freidenker.org\/fw17\/wp-content\/uploads\/2016\/05\/Dresden.jpg?fit=800%2C445&ssl=1&resize=700%2C400 2x"},"classes":[]}],"_links":{"self":[{"href":"https:\/\/www.freidenker.org\/index.php?rest_route=\/wp\/v2\/posts\/197","targetHints":{"allow":["GET"]}}],"collection":[{"href":"https:\/\/www.freidenker.org\/index.php?rest_route=\/wp\/v2\/posts"}],"about":[{"href":"https:\/\/www.freidenker.org\/index.php?rest_route=\/wp\/v2\/types\/post"}],"author":[{"embeddable":true,"href":"https:\/\/www.freidenker.org\/index.php?rest_route=\/wp\/v2\/users\/2"}],"replies":[{"embeddable":true,"href":"https:\/\/www.freidenker.org\/index.php?rest_route=%2Fwp%2Fv2%2Fcomments&post=197"}],"version-history":[{"count":0,"href":"https:\/\/www.freidenker.org\/index.php?rest_route=\/wp\/v2\/posts\/197\/revisions"}],"wp:featuredmedia":[{"embeddable":true,"href":"https:\/\/www.freidenker.org\/index.php?rest_route=\/wp\/v2\/media\/198"}],"wp:attachment":[{"href":"https:\/\/www.freidenker.org\/index.php?rest_route=%2Fwp%2Fv2%2Fmedia&parent=197"}],"wp:term":[{"taxonomy":"category","embeddable":true,"href":"https:\/\/www.freidenker.org\/index.php?rest_route=%2Fwp%2Fv2%2Fcategories&post=197"},{"taxonomy":"post_tag","embeddable":true,"href":"https:\/\/www.freidenker.org\/index.php?rest_route=%2Fwp%2Fv2%2Ftags&post=197"}],"curies":[{"name":"wp","href":"https:\/\/api.w.org\/{rel}","templated":true}]}}