{"id":19610,"date":"2024-07-31T00:56:05","date_gmt":"2024-07-30T22:56:05","guid":{"rendered":"https:\/\/www.freidenker.org\/?p=19610"},"modified":"2024-08-14T23:38:47","modified_gmt":"2024-08-14T21:38:47","slug":"widerstand-oder-wie-man-dem-gewissen-folgt","status":"publish","type":"post","link":"https:\/\/www.freidenker.org\/?p=19610","title":{"rendered":"Widerstand \u2013 Oder wie man dem Gewissen folgt"},"content":{"rendered":"<p><strong>Kommentar vom Hochblauen<\/strong><\/p>\n<p><em>Von <strong>Evelyn Hecht-Galinski<\/strong><\/em><\/p>\n<p><span style=\"font-size: 10pt;\">Erstver\u00f6ffentlichung am 26.07.2024 im Blog <a href=\"https:\/\/www.sicht-vom-hochblauen.de\/kommentar-vom-hochblauen-widerstand-oder-wie-man-dem-gewissen-folgt-von-evelyn-hecht-galinski\/\" target=\"_blank\" rel=\"noopener\">Sicht vom Hochblauen<\/a><\/span><\/p>\n<p>Es war schon makaber, als am 20. Juli anl\u00e4sslich des 80. Jahrestags des (missgl\u00fcckten) Attentats auf Hitler dazu aufgerufen wurde (Scholz), die Demokratie zu verteidigen. W\u00e4hrend des feierlichen Gel\u00f6bnisses von etwa 400 Frauen und M\u00e4nnern bekennen sie sich zum Widerstand gegen den Tyrannen. Sie wollen nicht in der Tradition der Wehrmacht stehen, bei der Offiziere und Gener\u00e4le dem \u201eF\u00fchrer\u201c in \u00fcberw\u00e4ltigender Mehrzahl bis zum Untergang die Treue hielten. So gut und so sch\u00f6n. Aber ketzerisch angemerkt: nachdem Deutschland nur 79 Jahre nach Kriegsende und Kapitulation wieder \u2013 diesmal eingebettet in den Schoss der US-gef\u00fchrten NATO seinen \u201eF\u00fchrungsanspruch\u201c weltweit bekr\u00e4ftigt und \u201eKriegsminister Pistorius den Deutschen mehr \u201eKriegst\u00fcchtigkeit\u201c abverlangt \u2013 wird Deutschland immer mehr zu einer Kriegspartei und Kriegswirtschaft.<\/p>\n<h5>Das ist eklig, Kanzler Scholz!<\/h5>\n<p>Am Rande des NATO-Gipfels verk\u00fcndeten Wei\u00dfes Haus und Bundesregierung gemeinsam, dass die USA ab 2026 wieder Waffensysteme in Deutschland stationieren wollen, die weit bis nach Russland reichen. Darunter sind Marschflugk\u00f6rper vom Typ Tomahawk mit einer Reichweite von bis zu 2500 Kilometern, die auch nuklear best\u00fcckt werden k\u00f6nnen, dazu noch Luftabwehrraketen vom Typ SM-6 und neue Hyperschallwaffen. Alles einfach erkl\u00e4rt von Kanzler Scholz vor der Bundespressekonferenz bei seinem Auftritt am 24. Juli, als \u201eWirkmittel\u201c, die der Abschreckung gegen Russland dienen sollen. Frei nach dem Motto: \u201eDer Russe steht vor der T\u00fcr\u201c. W\u00e4hrend er die Idee der eigenen Atom-Aufr\u00fcstung \u201ef\u00fcr v\u00f6llig absurd h\u00e4lt\u201c. Was f\u00fcr ein \u201eUnterschied\u201c in der Wirkung!<\/p>\n<p>Als es bei dieser Pressekonferenz zum Thema Nahost kam, da \u201escholzte\u201c der Kanzler in gewohnter und furchtbarer Weise. Man habe innen- und au\u00dfenpolitisch viel geleistet und alles richtig gemacht, und man werde weitermachen mit der gro\u00dfen Unterst\u00fctzung der Ukraine und im Umgang mit Israel. So hatte ein Gutachten des Internationalen Gerichtshofs f\u00fcr Israel zwar nicht bindend aber durchaus wirksam festgestellt, dass die Besatzung des Westjordanlands und von Ost-Jerusalem illegal ist.<\/p>\n<p>Scholz bekr\u00e4ftigte die deutsche Position der \u201eZweistaatenl\u00f6sung\u201c die Frieden schaffe. Als Scholz nach den Konsequenzen, die Deutschland nach dem v\u00f6lkerrechtswidrigen Verhalten zieht, gefragt wurde, gerade im Blick auf die andauernden Waffenlieferungen an Israel, sowie dem Bezug \u201eisraelischer\u201c Waren aus den illegal besetzten Siedlungen im Westjordanland, da wurde er \u201eemp\u00f6rend\u201c deutlich: Weder gebe es eine Entscheidung, keine Waffen an Israel zu liefern, noch werde er unter seiner Regierung einen Boykott von G\u00fctern, Dienstleistungen und Waren unterst\u00fctzen und ehrlicherweise finde er diese Forderung auch \u201eeklig\u201c. Scholz und seine \u201eFriedensperspektive\u201c sind in Anbetracht der sich unter dem israelischen rechtsextremistischen Regime wie Krakenarme ausbildenden illegalen Siedlungen (alle Siedlungen sind illegal) v\u00f6llig irrational. Auch die Netanjahu-Rede vor dem US-Kongress wird Scholz kaum zum Nachdenken anregen. Der \u201eZeitenwende\u201c-Kanzler und die deutsche Haltung f\u00fcr einen v\u00f6lkermordenden \u201ej\u00fcdischen Staat\u201c bleiben \u201eStaatsr\u00e4son\u201c f\u00fcr Scholz. Das ist eklig, Kanzler Scholz!<\/p>\n<h5>Das ist keine zivilisierte Welt, Herr Netanjahu!<\/h5>\n<p>Der Generalsekret\u00e4r der Pal\u00e4stinensischen Nationalen Initiative Mustafa Barghouti dr\u00fcckte es sch\u00f6n aus: Netanjahus Behauptung, er vertrete eine zivilisierte Welt, sei eine L\u00fcge. Er vertrete die Islamophobie. Wenn er seine Kriegsverbrechen wie den V\u00f6lkermord in Gaza als kollektive Bestrafung bezeichne und die ethnische S\u00e4uberung als \u201eZivilisation\u201c r\u00fchme, dann sei das in Wirklichkeit eine Erniedrigung, die in der Ermordung von 48.000 Pal\u00e4stinensern in Gaza zum Ausdruck komme. Tragische Folge auch f\u00fcr die Kinder: 17.000 Kinder sind get\u00f6tet worden, und 1.200 haben Amputationen erlitten. Tats\u00e4chlich blockiert die Bundesregierung medizinische Hilfe f\u00fcr Kinder, die im Gaza Krieg verletzt wurden \u2013 im Gegensatz zu anderen Staaten, als jetzt zum ersten Mal 16 verletzte Kinder samt Familienangeh\u00f6riger unter EU-Finanzierung und -Koordination in Spanien auf verschiedene Krankenh\u00e4user im Land verteilt wurden. Wenn es um die Ukraine geht, ist Deutschland dagegen mehr als \u201egro\u00dfherzig\u201c in der Aufnahme. Schlie\u00dflich ist Putin ein \u201eKriegsverbrecher\u201c und Netanjahu ein \u201eSelbstverteidiger\u201c. (1)(2)(3)<\/p>\n<p>W\u00e4hrend also der gesuchte Kriegsverbrecher Netanjahu vor der H\u00e4lfte der Kongressabgeordneten (die andere H\u00e4lfte hatte geschw\u00e4nzt) seine v\u00f6lkerm\u00f6rderischen Aktionen im Gazastreifen verteidigte und versprach, den Angriff fortzusetzen, bis der \u201etotale Sieg\u201c erreicht sei, protestierten Tausende Demonstranten in Washington auf der Stra\u00dfe \u2013 darunter auch hunderte von Juden, die sich dagegen auflehnten, dass ihre Regierung den V\u00f6lkermord mitfinanziert. Netanjahu beschimpfte sie als \u201en\u00fctzliche Idioten\u201c des Iran. (4)(5)(6)<\/p>\n<p>In Deutschland werden seit dem 7. Oktober immer mehr Proteste und Organisationen verboten, Protestierende zu \u201eTerroristen\u201c erkl\u00e4rt, finden verst\u00e4rkt Razzien mit massiven Repressalien statt, kommt es verst\u00e4rkt zur Unterdr\u00fcckung pal\u00e4stinensischer und israelkritischer Stimmen: Raumk\u00fcndigungen, Einreiseverbote, Konto-K\u00fcndigung bei der J\u00fcdischen Stimme, Pal\u00e4stina-Konferenz-Verbot, Verbot der Pal\u00e4stina-Solidarit\u00e4t Duisburg Verbot\u2026 Soweit als kleine Auswahl. (7)(8)(9)<\/p>\n<h5>Das macht mich fassungslos, Frau Faeser!<\/h5>\n<p>Was ich aber am Morgen des 24. Juli um 6:00 in den Nachrichten h\u00f6rte, machte mich fassungslos. \u201eEndlich\u201c nachdem \u201eFaeser zweimal geklingelt\u201c hatte, war sie dem lang gehegten Wunsch aller im Bundestag vertretenen Parteien nachgekommen und hatte das Islamische Zentrum Hamburg (IZH) zusammen mit f\u00fcnf zugeordneten Organisationen in Teilen der BRD verboten. In acht Bundesl\u00e4ndern wurden 53 Objekte der Organisation durchsucht. Dabei handelte es sich um vier Moscheen, die im Zuge des Verbots geschlossen wurden. Es traf Vereinsr\u00e4ume, Privatwohnungen und Bankkonten. Das Islamische Zentrum und die ber\u00fchmte Blaue Moschee (Imam Ali Moschee) sind ein wunderbares Kulturdenkmal und Schmuckst\u00fcck f\u00fcr Hamburg. Nach dem rechtsextremen und islamophoben Compact-Magazin traf es jetzt also schiitische Zentren und Organisationen. Allerdings unterlief laut verschiedener Medien im Jagd- und \u201eSchlie\u00dfungseifer\u201c Faesers \u201eJ\u00e4gern\u201c ein peinlicher Fehler: anstatt den youtube-Kanal des (IZH) zu schlie\u00dfen, traf es den Kanal der franz\u00f6sischen Luxusmarke Chanel, was nat\u00fcrlich schnell korrigiert wurde, aber hoffentlich nicht ohne Folgen f\u00fcr die Staatsgewalt bleibt. (8)<\/p>\n<p>Forderungen nach einem Verbot gab es schon seit l\u00e4ngerem, an vorderster Front, wie nicht anders zu erwarten, im April vom Zentralrat der Juden. Das Islamische Zentrum Hamburg steht laut Bundesamt f\u00fcr Verfassungsschutz dem autorit\u00e4ren Regime im Iran nahe. Es sei \u201eneben der Botschaft\u201c die wichtigste Vertretung der Islamischen Republik in Deutschland und ein bedeutendes Propagandazentrum Irans in Europa. Wie nicht anders zu erwarten gab es eine breite Zustimmung zum Verbot. F\u00fcr mich nat\u00fcrlich besonders erw\u00e4hnenswert ist der Pr\u00e4sident des Zentralrats der Juden Josef Schuster. Er nannte das Verbot konsequent. Das Mullah-Regime des Irans und seine Unterst\u00fctzer seien weltweit in Stellung. Aggressiver Antisemitismus sei ein Kernelement der Ideologie. Deutschland m\u00fcsse alles daf\u00fcr tun, dass dieser Hass keine Verbreitung finde. Ich empfehle zu diesem Thema \u201eHass\u201c unbedingt die Lekt\u00fcre des vom Zentralrat der Juden herausgegebenen Propagandablatts \u201eJ\u00fcdische Allgemeine\u201c. Zum Teil reichen schon die Titel!<\/p>\n<p>Dazu h\u00e4tte ich ein paar Fragen. Interessant, dass gerade das \u201eSprachrohr\u201c und Zweitvertretung in Deutschland das Verbot forderte. Muss nicht die Frage erlaubt sein, wie es denn aussieht, wenn israelische Hasspropaganda in Deutschland gepredigt und verbreitet wird? Ist es nicht mehr als gef\u00e4hrlich, wenn aufgrund unserer \u201ebesonderen\u201c Beziehungen alles, was von offizieller j\u00fcdischer Seite kommt, positiv bewertet wird, Verbreitung von Hasbara-Propaganda und Staatsterrorismus als \u201eSelbstverteidigung\u201c unterst\u00fctzt wird? W\u00e4hrend weltweit j\u00fcdische B\u00fcrger gegen dieses v\u00f6lkermordende zionistische Regime protestieren, l\u00e4sst die deutsche Politik schlimme Doppelstandards walten. Als ich 2012 schrieb \u201eIsrael darf alles\u201c, war das vorausdenkend, aber was sich daraus entwickelte, ist selbst f\u00fcr mich unfassbar und erinnert mich an Erz\u00e4hlungen meines Vaters, als er die Ereignisse nach der Machtergreifung der Nazis schilderte. Ich m\u00f6chte hier nichts gleichsetzen, aber sehr wohl vergleichen. Der von mir gesch\u00e4tzte Knut Mellenthin schrieb in der Jungen Welt zwei sehr lesenswerte Artikel zu dem \u201eVerbotswahn\u201c und \u201eFaesers Sch\u00fcssen ins Blaue\u201c. Mellenthin stellt genau die richtigen Fragen! Unbedingt lesen. (9)(10)<\/p>\n<h5>Ich schweige nicht!<\/h5>\n<p>Was heute schiitische \u201eIran-Unterst\u00fctzer\u201c, \u201eRussland-Unterst\u00fctzer\u201c und \u201ePal\u00e4stina-Unterst\u00fctzer\u201c trifft, wirft die Frage auf: wer wird der N\u00e4chste sein?<\/p>\n<p>Ich hoffe sehr, dass viele denkende B\u00fcrger sich fragen, ob sich dieses Vorgehen, wie es hier gegen das IZH geschah, nur ein Vorgeschmack auf kommende politische Vorgehensweisen darstellt und dieses Handeln nur infolge mehr als fragw\u00fcrdiger Gesetzesversch\u00e4rfungen m\u00f6glich ist \u2013 unter Missachtung des Grundgesetzes. Diese Willk\u00fcr nimmt mittlerweile erschreckende Dimensionen an. Bei wem wird Frau Faeser als n\u00e4chstes 2mal klingeln?<\/p>\n<p>Mein Fazit: immer seinem Gewissen folgen und Widerstand gegen Willk\u00fcr leisten \u2013 in Gedenken an meinen Vater Heinz Galinski, der am 19. Juli 1992 verstarb und der sagte \u201eIch habe Auschwitz nicht \u00fcberlebt um zu neuem Unrecht zu schweigen\u201c. Ich schweige nicht!<\/p>\n<p style=\"text-align: right;\"><em>Evelyn Hecht-Galinski ist Mitglied des Deutschen Freidenker-Verbandes<\/em><\/p>\n<hr \/>\n<h4>\u201eAls die Nazis die Kommunisten holten\u2026\u201c<\/h4>\n<p>Viel zitiert, oft abgewandelt, manchmal missbraucht, immer noch aktuell das ber\u00fchmte Zitat <em><strong>Martin Niem\u00f6llers<\/strong><\/em>:<\/p>\n<p>Als die Nazis die Kommunisten holten,<br \/>\nhabe ich geschwiegen,<br \/>\nich war ja kein Kommunist.<\/p>\n<p>Als sie die Sozialdemokraten einsperrten,<br \/>\nhabe ich geschwiegen,<br \/>\nich war ja kein Sozialdemokrat.<\/p>\n<p>Als sie die Gewerkschafter holten,<br \/>\nhabe ich geschwiegen,<br \/>\nich war ja kein Gewerkschafter.<\/p>\n<p>Als sie mich holten,<br \/>\ngab es keinen mehr,<br \/>\nder protestieren konnte.<\/p>\n<hr \/>\n<p><strong>Fu\u00dfnoten:<\/strong><\/p>\n<p>Bildquelle: Pixabay<\/p>\n<p>1 <a href=\"https:\/\/www.middleeastmonitor.com\/20240724-palestinian-leader-says-netanyahus-claim-about-civilization-is-degradation-seen-in-killing-of-48000-palestinians-in-gaza\/\">https:\/\/www.middleeastmonitor.com\/20240724-palestinian-leader-says-netanyahus-claim-about-civilization-is-degradation-seen-in-killing-of-48000-palestinians-in-gaza\/<\/a><\/p>\n<p>2 <a href=\"https:\/\/www.fr.de\/politik\/deutschland-verhindert-hilfe-fuer-verletzte-kinder-93203127.html\">https:\/\/www.fr.de\/politik\/deutschland-verhindert-hilfe-fuer-verletzte-kinder-93203127.html<\/a><\/p>\n<p>2 <a href=\"https:\/\/de.euronews.com\/my-europe\/2024\/07\/25\/sechzehn-kinder-aus-dem-gazastreifen-werden-medizinisch-in-die-eu-evakuiert-und-hunderte-w\">https:\/\/de.euronews.com\/my-europe\/2024\/07\/25\/sechzehn-kinder-aus-dem-gazastreifen-werden-medizinisch-in-die-eu-evakuiert-und-hunderte-w<\/a><\/p>\n<p>3 <a href=\"https:\/\/mondoweiss.net\/2024\/07\/wanted-war-criminal-benjamin-netanyahu-addresses-congress\/\">https:\/\/mondoweiss.net\/2024\/07\/wanted-war-criminal-benjamin-netanyahu-addresses-congress\/<\/a><\/p>\n<p>4 <a href=\"https:\/\/www.middleeasteye.net\/news\/jewish-americans-fractured-over-netanyahus-us-visit\">https:\/\/www.middleeasteye.net\/news\/jewish-americans-fractured-over-netanyahus-us-visit<\/a><\/p>\n<p>5 <a href=\"https:\/\/www.bundesgesundheitsministerium.de\/medizinische-versorgung-der-menschen-aus-ukraine\">https:\/\/www.bundesgesundheitsministerium.de\/medizinische-versorgung-der-menschen-aus-ukraine<\/a><\/p>\n<p>6 <a href=\"https:\/\/untoldmag.org\/no-country-for-palestinians-a-chronicle-of-suppression-and-resistance-in-germany\/\">https:\/\/untoldmag.org\/no-country-for-palestinians-a-chronicle-of-suppression-and-resistance-in-germany\/<\/a><\/p>\n<p>7 <a href=\"https:\/\/www.verfassungsschutz.de\/SharedDocs\/hintergruende\/DE\/auslandsbezogener-extremismus\/samidoun.html\">https:\/\/www.verfassungsschutz.de\/SharedDocs\/hintergruende\/DE\/auslandsbezogener-extremismus\/samidoun.html<\/a><\/p>\n<p>8 <a href=\"https:\/\/www.tagesspiegel.de\/gesellschaft\/panorama\/fehler-korrigiert-faeser-sperrte-versehentlich-youtube-kanal-von-chanel-statt-von-islamischem-zentrum-12080822.html\">https:\/\/www.tagesspiegel.de\/gesellschaft\/panorama\/fehler-korrigiert-faeser-sperrte-versehentlich-youtube-kanal-von-chanel-statt-von-islamischem-zentrum-12080822.html<\/a><\/p>\n<p>9 <a href=\"https:\/\/www.jungewelt.de\/artikel\/480216.im-verbotswahn.html\">https:\/\/www.jungewelt.de\/artikel\/480216.im-verbotswahn.html<\/a><\/p>\n<p>10 <a href=\"https:\/\/www.jungewelt.de\/artikel\/480181.staat-und-islam-faeser-schie%C3%9Ft-ins-blaue.html\/\">https:\/\/www.jungewelt.de\/artikel\/480181.staat-und-islam-faeser-schie%C3%9Ft-ins-blaue.html\/<\/a><\/p>\n<p>&nbsp;<\/p>\n<p><span style=\"font-size: 10pt;\">Auch ver\u00f6ffentlicht in der Neuen Rheinischen Zeitung (NRhZ) in Ausgabe 833 vom 25.07.2024 unter <a href=\"http:\/\/www.nrhz.de\/flyer\/beitrag.php?id=29179\">http:\/\/www.nrhz.de\/flyer\/beitrag.php?id=29179<\/a><\/span><\/p>\n<hr \/>\n<p><span style=\"font-size: 10pt;\">Bild oben: <span class=\"mw-mmv-title\">Razzia im Islamischen Zentrum Hamburg, 24. Juli 2024<\/span><\/span><br \/>\n<span style=\"font-size: 10pt;\">Foto: Bildforyou7, <a href=\"https:\/\/creativecommons.org\/licenses\/by-sa\/4.0\" target=\"_blank\" rel=\"noopener\">CC BY-SA 4.0<\/a><\/span><br \/>\n<span style=\"font-size: 10pt;\">Quelle: <a href=\"https:\/\/commons.wikimedia.org\/w\/index.php?curid=150728830\" target=\"_blank\" rel=\"noopener\">https:\/\/commons.wikimedia.org\/w\/index.php?curid=150728830<\/a><\/span><\/p>\n","protected":false},"excerpt":{"rendered":"<p><b>Kommentar von Evelyn Hecht-Galinski<\/b><br \/>\nEs war schon makaber, als am 20. Juli anl\u00e4sslich des 80. Jahrestags des (missgl\u00fcckten) Attentats auf Hitler dazu aufgerufen wurde (Scholz), die Demokratie zu verteidigen. W\u00e4hrend des feierlichen Gel\u00f6bnisses von etwa 400 Frauen und M\u00e4nnern bekennen sie sich zum Widerstand gegen den Tyrannen. Sie wollen nicht in der Tradition der Wehrmacht stehen, bei der Offiziere und Gener\u00e4le dem \u201eF\u00fchrer\u201c in \u00fcberw\u00e4ltigender Mehrzahl bis zum Untergang die Treue hielten. So gut und so sch\u00f6n. Aber ketzerisch angemerkt: nachdem Deutschland nur 79 Jahre nach Kriegsende und Kapitulation wieder \u2013 diesmal eingebettet in den Schoss der US-gef\u00fchrten NATO seinen \u201eF\u00fchrungsanspruch\u201c weltweit bekr\u00e4ftigt und \u201eKriegsminister Pistorius den Deutschen mehr \u201eKriegst\u00fcchtigkeit\u201c abverlangt \u2013 wird Deutschland immer mehr zu einer Kriegspartei und Kriegswirtschaft.<\/p>\n","protected":false},"author":3,"featured_media":19612,"comment_status":"closed","ping_status":"closed","sticky":false,"template":"","format":"standard","meta":{"colormag_page_container_layout":"default_layout","colormag_page_sidebar_layout":"default_layout","advanced_seo_description":"","jetpack_seo_html_title":"","jetpack_seo_noindex":false,"jetpack_post_was_ever_published":false,"footnotes":""},"categories":[12],"tags":[1096,1493,277,660,393,1527,746,1819,1955,1662,394,637,639,1855,489],"class_list":["post-19610","post","type-post","status-publish","format-standard","has-post-thumbnail","hentry","category-demokratie-medien-aufklaerung","tag-attentat","tag-hitler","tag-holocaust","tag-iran","tag-israel","tag-kriegspartei","tag-kriegsverbrechen","tag-marschflugkoerper","tag-nahostkonflikt","tag-olaf-scholz","tag-palaestina","tag-propaganda","tag-ukraine-konflikt","tag-verbot","tag-widerstand"],"jetpack_featured_media_url":"https:\/\/i0.wp.com\/www.freidenker.org\/fw17\/wp-content\/uploads\/2024\/07\/Islamischen_Zentrum_Hamburg_Razzia_und_Schliessung_am_24._Juli_2024_800x450.jpg?fit=800%2C450&ssl=1","jetpack_shortlink":"https:\/\/wp.me\/p9stpK-56i","jetpack-related-posts":[{"id":20365,"url":"https:\/\/www.freidenker.org\/?p=20365","url_meta":{"origin":19610,"position":0},"title":"Wenn Widerstand in Pal\u00e4stina zur Existenzfrage wird","author":"Webredaktion","date":"23. November 2024","format":false,"excerpt":"Kommentar von Evelyn Hecht-Galinski Es ist an der Zeit, dass die Weltgemeinschaft akzeptiert, dass Pal\u00e4stinenser als besetztes Volk das Recht hat, Widerstand zu leisten \u2013 und zwar auf jede erdenkliche Weise? Pal\u00e4stinensern wird das Grundrecht auf Freiheit, Selbstbestimmung und Unabh\u00e4ngigkeit seit Staatsgr\u00fcndung des \u201ej\u00fcdischen Staats\u201c 1948 verweigert. Wurde nicht dem\u2026","rel":"","context":"In &quot;Frieden - Antifaschismus - Solidarit\u00e4t&quot;","block_context":{"text":"Frieden - Antifaschismus - Solidarit\u00e4t","link":"https:\/\/www.freidenker.org\/?cat=13"},"img":{"alt_text":"","src":"https:\/\/i0.wp.com\/www.freidenker.org\/fw17\/wp-content\/uploads\/2024\/11\/injury-6860646_800x450.jpg?fit=800%2C450&ssl=1&resize=350%2C200","width":350,"height":200,"srcset":"https:\/\/i0.wp.com\/www.freidenker.org\/fw17\/wp-content\/uploads\/2024\/11\/injury-6860646_800x450.jpg?fit=800%2C450&ssl=1&resize=350%2C200 1x, https:\/\/i0.wp.com\/www.freidenker.org\/fw17\/wp-content\/uploads\/2024\/11\/injury-6860646_800x450.jpg?fit=800%2C450&ssl=1&resize=525%2C300 1.5x, https:\/\/i0.wp.com\/www.freidenker.org\/fw17\/wp-content\/uploads\/2024\/11\/injury-6860646_800x450.jpg?fit=800%2C450&ssl=1&resize=700%2C400 2x"},"classes":[]},{"id":16194,"url":"https:\/\/www.freidenker.org\/?p=16194","url_meta":{"origin":19610,"position":1},"title":"Braune Bande rosten nicht!","author":"Webredaktion","date":"29. Mai 2023","format":false,"excerpt":"Kommentar von Evelyn Hecht-Galinski Was sich am letzten Wochenende in Berlin und Aachen abspielte, war so exemplarisch f\u00fcr die sogenannte \u201eZeitenwende\u201c, die in Wirklichkeit nichts anderes ist als eine transatlantische Arschleckerei schleimender Funktionstr\u00e4ger und Ampel-Regierender, die sich durch alle Parteien zieht. Es war geradezu erschreckend, wie schon im Vorfeld des\u2026","rel":"","context":"In &quot;Demokratie \u2013 Medien \u2013 Aufkl\u00e4rung&quot;","block_context":{"text":"Demokratie \u2013 Medien \u2013 Aufkl\u00e4rung","link":"https:\/\/www.freidenker.org\/?cat=12"},"img":{"alt_text":"","src":"https:\/\/i0.wp.com\/www.freidenker.org\/fw17\/wp-content\/uploads\/2023\/05\/selenski_scholz_800x450.jpg?fit=800%2C450&ssl=1&resize=350%2C200","width":350,"height":200,"srcset":"https:\/\/i0.wp.com\/www.freidenker.org\/fw17\/wp-content\/uploads\/2023\/05\/selenski_scholz_800x450.jpg?fit=800%2C450&ssl=1&resize=350%2C200 1x, https:\/\/i0.wp.com\/www.freidenker.org\/fw17\/wp-content\/uploads\/2023\/05\/selenski_scholz_800x450.jpg?fit=800%2C450&ssl=1&resize=525%2C300 1.5x, https:\/\/i0.wp.com\/www.freidenker.org\/fw17\/wp-content\/uploads\/2023\/05\/selenski_scholz_800x450.jpg?fit=800%2C450&ssl=1&resize=700%2C400 2x"},"classes":[]},{"id":14696,"url":"https:\/\/www.freidenker.org\/?p=14696","url_meta":{"origin":19610,"position":2},"title":"Was haben wir f\u00fcr eine Regierung","author":"Webredaktion","date":"17. November 2022","format":false,"excerpt":"Beitrag von Evelyn Hecht-Galinski Die deutsche Regierung ist schnell dabei, andere L\u00e4nder zu ma\u00dfregeln. Allerdings geschieht dies ausgew\u00e4hlt, und wie es scheint, nach US- oder israelischen Vorgaben. Nehmen wir das j\u00fcngste Beispiel Iran. W\u00e4hrend unsere au\u00dfenpolitische Kampfdrohne, AA Baerbock, Iran-Sanktionen forderte, schoss Kanzler Scholz nach und sagte am Sonntag w\u00f6rtlich:\u2026","rel":"","context":"In &quot;Demokratie \u2013 Medien \u2013 Aufkl\u00e4rung&quot;","block_context":{"text":"Demokratie \u2013 Medien \u2013 Aufkl\u00e4rung","link":"https:\/\/www.freidenker.org\/?cat=12"},"img":{"alt_text":"","src":"https:\/\/i0.wp.com\/www.freidenker.org\/fw17\/wp-content\/uploads\/2022\/11\/heuchelei_800x450.jpg?fit=800%2C450&ssl=1&resize=350%2C200","width":350,"height":200,"srcset":"https:\/\/i0.wp.com\/www.freidenker.org\/fw17\/wp-content\/uploads\/2022\/11\/heuchelei_800x450.jpg?fit=800%2C450&ssl=1&resize=350%2C200 1x, https:\/\/i0.wp.com\/www.freidenker.org\/fw17\/wp-content\/uploads\/2022\/11\/heuchelei_800x450.jpg?fit=800%2C450&ssl=1&resize=525%2C300 1.5x, https:\/\/i0.wp.com\/www.freidenker.org\/fw17\/wp-content\/uploads\/2022\/11\/heuchelei_800x450.jpg?fit=800%2C450&ssl=1&resize=700%2C400 2x"},"classes":[]},{"id":20085,"url":"https:\/\/www.freidenker.org\/?p=20085","url_meta":{"origin":19610,"position":3},"title":"Warum wird Pal\u00e4stina das Recht auf Widerstand verweigert?","author":"Webredaktion","date":"14. Oktober 2024","format":false,"excerpt":"Empathie und Trauer nur f\u00fcr Juden? Kommentar von Evelyn Hecht-Galinski Es ist ersch\u00fctternd zu erleben, wie Deutschland am Leid der Pal\u00e4stinenser vorbei gedenkt. Ein Jahr deutscher Komplizenschaft und anhaltender medialer Einseitigkeit zeigte seinen H\u00f6hepunkt in dem einseitigen Gedenken Deutschlands. Als der Bundestag am 10. Oktober 2024 der \u201eOpfer des Hamas-Angriffs\u201c\u2026","rel":"","context":"In &quot;Frieden - Antifaschismus - Solidarit\u00e4t&quot;","block_context":{"text":"Frieden - Antifaschismus - Solidarit\u00e4t","link":"https:\/\/www.freidenker.org\/?cat=13"},"img":{"alt_text":"","src":"https:\/\/i0.wp.com\/www.freidenker.org\/fw17\/wp-content\/uploads\/2024\/10\/candle-5859094_800x450.jpg?fit=800%2C450&ssl=1&resize=350%2C200","width":350,"height":200,"srcset":"https:\/\/i0.wp.com\/www.freidenker.org\/fw17\/wp-content\/uploads\/2024\/10\/candle-5859094_800x450.jpg?fit=800%2C450&ssl=1&resize=350%2C200 1x, https:\/\/i0.wp.com\/www.freidenker.org\/fw17\/wp-content\/uploads\/2024\/10\/candle-5859094_800x450.jpg?fit=800%2C450&ssl=1&resize=525%2C300 1.5x, https:\/\/i0.wp.com\/www.freidenker.org\/fw17\/wp-content\/uploads\/2024\/10\/candle-5859094_800x450.jpg?fit=800%2C450&ssl=1&resize=700%2C400 2x"},"classes":[]},{"id":17597,"url":"https:\/\/www.freidenker.org\/?p=17597","url_meta":{"origin":19610,"position":4},"title":"\u201eNie wieder\u201c? \u201eImmer wieder\u201c!","author":"Webredaktion","date":"1. Dezember 2023","format":false,"excerpt":"Kommentar von Evelyn Hecht-Galinski Wenn uns die Geschichte lehrt, dass es \u201eNie wieder Krieg und V\u00f6lkermord\u201c geben darf, dann muss sich gerade Deutschland daran erinnern und endlich beginnen, seine Lehren daraus zu ziehen. Solange sich Bundeskanzler und Bundespr\u00e4sident aber so einseitig auf die Seite der j\u00fcdischen Besatzer stellen, ist jeder\u2026","rel":"","context":"In &quot;Demokratie \u2013 Medien \u2013 Aufkl\u00e4rung&quot;","block_context":{"text":"Demokratie \u2013 Medien \u2013 Aufkl\u00e4rung","link":"https:\/\/www.freidenker.org\/?cat=12"},"img":{"alt_text":"","src":"https:\/\/i0.wp.com\/www.freidenker.org\/fw17\/wp-content\/uploads\/2023\/12\/Damage_in_Gaza_Strip_during_the_October_2023_-_32_800x450.jpg?fit=800%2C450&ssl=1&resize=350%2C200","width":350,"height":200,"srcset":"https:\/\/i0.wp.com\/www.freidenker.org\/fw17\/wp-content\/uploads\/2023\/12\/Damage_in_Gaza_Strip_during_the_October_2023_-_32_800x450.jpg?fit=800%2C450&ssl=1&resize=350%2C200 1x, https:\/\/i0.wp.com\/www.freidenker.org\/fw17\/wp-content\/uploads\/2023\/12\/Damage_in_Gaza_Strip_during_the_October_2023_-_32_800x450.jpg?fit=800%2C450&ssl=1&resize=525%2C300 1.5x, https:\/\/i0.wp.com\/www.freidenker.org\/fw17\/wp-content\/uploads\/2023\/12\/Damage_in_Gaza_Strip_during_the_October_2023_-_32_800x450.jpg?fit=800%2C450&ssl=1&resize=700%2C400 2x"},"classes":[]},{"id":8093,"url":"https:\/\/www.freidenker.org\/?p=8093","url_meta":{"origin":19610,"position":5},"title":"Die Befreiung Pal\u00e4stinas steht noch aus","author":"Webredaktion","date":"15. Mai 2020","format":false,"excerpt":"Beitrag von Evelyn Hecht-Galinski Am 8. Mai 2020, dem 75. Jahrestag des Kriegsendes, und dem Tag der Befreiung vom Faschismus durch die Rote Armee, hielt Bundespr\u00e4sident Steinmeier seine obligatorische Rede und brachte es fertig, mit keinem Wort die tapferen Soldaten der Roten Armee als Befreier zu erw\u00e4hnen. ... Das wirft\u2026","rel":"","context":"In &quot;Frieden - Antifaschismus - Solidarit\u00e4t&quot;","block_context":{"text":"Frieden - Antifaschismus - Solidarit\u00e4t","link":"https:\/\/www.freidenker.org\/?cat=13"},"img":{"alt_text":"","src":"https:\/\/i0.wp.com\/www.freidenker.org\/fw17\/wp-content\/uploads\/2020\/05\/nakba_plakat_ausschn_800x450.jpg?fit=800%2C450&ssl=1&resize=350%2C200","width":350,"height":200,"srcset":"https:\/\/i0.wp.com\/www.freidenker.org\/fw17\/wp-content\/uploads\/2020\/05\/nakba_plakat_ausschn_800x450.jpg?fit=800%2C450&ssl=1&resize=350%2C200 1x, https:\/\/i0.wp.com\/www.freidenker.org\/fw17\/wp-content\/uploads\/2020\/05\/nakba_plakat_ausschn_800x450.jpg?fit=800%2C450&ssl=1&resize=525%2C300 1.5x, https:\/\/i0.wp.com\/www.freidenker.org\/fw17\/wp-content\/uploads\/2020\/05\/nakba_plakat_ausschn_800x450.jpg?fit=800%2C450&ssl=1&resize=700%2C400 2x"},"classes":[]}],"_links":{"self":[{"href":"https:\/\/www.freidenker.org\/index.php?rest_route=\/wp\/v2\/posts\/19610","targetHints":{"allow":["GET"]}}],"collection":[{"href":"https:\/\/www.freidenker.org\/index.php?rest_route=\/wp\/v2\/posts"}],"about":[{"href":"https:\/\/www.freidenker.org\/index.php?rest_route=\/wp\/v2\/types\/post"}],"author":[{"embeddable":true,"href":"https:\/\/www.freidenker.org\/index.php?rest_route=\/wp\/v2\/users\/3"}],"replies":[{"embeddable":true,"href":"https:\/\/www.freidenker.org\/index.php?rest_route=%2Fwp%2Fv2%2Fcomments&post=19610"}],"version-history":[{"count":0,"href":"https:\/\/www.freidenker.org\/index.php?rest_route=\/wp\/v2\/posts\/19610\/revisions"}],"wp:featuredmedia":[{"embeddable":true,"href":"https:\/\/www.freidenker.org\/index.php?rest_route=\/wp\/v2\/media\/19612"}],"wp:attachment":[{"href":"https:\/\/www.freidenker.org\/index.php?rest_route=%2Fwp%2Fv2%2Fmedia&parent=19610"}],"wp:term":[{"taxonomy":"category","embeddable":true,"href":"https:\/\/www.freidenker.org\/index.php?rest_route=%2Fwp%2Fv2%2Fcategories&post=19610"},{"taxonomy":"post_tag","embeddable":true,"href":"https:\/\/www.freidenker.org\/index.php?rest_route=%2Fwp%2Fv2%2Ftags&post=19610"}],"curies":[{"name":"wp","href":"https:\/\/api.w.org\/{rel}","templated":true}]}}