{"id":19595,"date":"2024-07-30T01:51:07","date_gmt":"2024-07-29T23:51:07","guid":{"rendered":"https:\/\/www.freidenker.org\/?p=19595"},"modified":"2024-09-15T12:03:21","modified_gmt":"2024-09-15T10:03:21","slug":"die-langen-schatten-des-ersten-weltkriegs-1","status":"publish","type":"post","link":"https:\/\/www.freidenker.org\/?p=19595","title":{"rendered":"Die langen Schatten des Ersten Weltkriegs (1)"},"content":{"rendered":"<h4>Teil 1: Der lange Weg in das Verh\u00e4ngnis Europas<\/h4>\n<p><em>Kommentar von <strong>Wolfgang Effenberger<\/strong><\/em><\/p>\n<p><span style=\"font-size: 10pt;\">Auch ver\u00f6ffentlicht als Tagesdosis vom 25.07.2024 auf <a href=\"https:\/\/apolut.net\/die-langen-schatten-des-ersten-weltkriegs-teil-1-von-wolfgang-effenberger\/\" target=\"_blank\" rel=\"noopener\">apolut.net<\/a><\/span><\/p>\n<p>Der Beitrag ist auch als Audiopodcast verf\u00fcgbar:<\/p>\n<audio class=\"wp-audio-shortcode\" id=\"audio-19595-1\" preload=\"none\" style=\"width: 100%;\" controls=\"controls\"><source type=\"audio\/mpeg\" src=\"https:\/\/apolut.net\/multimedia_apolut\/podcast\/tagesdosis-20240725-apolut.mp3?_=1\" \/><a href=\"https:\/\/apolut.net\/multimedia_apolut\/podcast\/tagesdosis-20240725-apolut.mp3\">https:\/\/apolut.net\/multimedia_apolut\/podcast\/tagesdosis-20240725-apolut.mp3<\/a><\/audio>\n<p><span style=\"font-size: 10pt;\">Bereitgestellt von <a href=\"https:\/\/apolut.net\/die-langen-schatten-des-ersten-weltkriegs-teil-1-von-wolfgang-effenberger\/\" target=\"_blank\" rel=\"noopener\">apolut.net<\/a><\/span><br \/>\n<span style=\"font-size: 10pt;\"><a href=\"https:\/\/apolut.net\/multimedia_apolut\/podcast\/tagesdosis-20240725-apolut.mp3\" target=\"_blank\" rel=\"noopener\">Download<\/a><\/span><\/p>\n<p>&nbsp;<\/p>\n<p>Vor 110 Jahren wurden die letzten Weichen f\u00fcr den D-Zug in Europas Verh\u00e4ngnis 1914\/1918 gestellt.<\/p>\n<p>Anl\u00e4sslich des 100. Jahrestags brachten im Juli 2014 Willy Wimmer und Wolfgang Effenberger das Buch &#8222;Wiederkehr der Hasardeure &#8211; Schattenstrategen, Kriegstreiber, stille Profiteure 1914 und heute&#8220; heraus. In ihrem Vorwort schrieben die Autoren damals: <em>\u201eDenn die gleichen Kreise, die vor hundert Jahren nationale Konflikte f\u00fcr ihre Interessen instrumentalisierten, sind heute wieder am Werk. Wieder wird bedenkenlos gepokert und dabei billigend die Gefahr eines Weltkriegs und damit neues unermessliches Leid in Kauf genommen.\u201c<\/em>(1) Drei Monate sp\u00e4ter erschien das US-Langzeit-Strategie-Papier TRADOC 525-3-1 <em>&#8222;Win in a Complex World 2020-2040<\/em>&#8220; mit der Anweisung an die Streitkr\u00e4fte, sich auf einen Krieg gegen Russland und China vorzubereiten (In diesem Dokument hei\u00dft das euphemistisch <em>\u201e\u2026die Bedrohung durch Russland und China abbauen\u201c<\/em>). <em>\u201eAngeblich will kein Mensch Krieg. Millionen gehen immer wieder auf die Stra\u00dfen und demonstrieren gegen Kriege. Und dennoch gibt es st\u00e4ndig neue Kriege. Warum eigentlich, wenn doch keiner Krieg will?\u201c.<\/em> Mit dieser Frage begann im Oktober 2014 der Journalist Udo Ulfkotte (1960-2017) seine Rezension des Buches, um gleich darauf seine L\u00f6sung anzubieten: <em>\u201eDie brutale Antwort: Da drau\u00dfen gibt es einige wenige, die eiskalt Kriege planen und davon profitieren\u201c.<\/em><\/p>\n<figure id=\"attachment_19596\" aria-describedby=\"caption-attachment-19596\" style=\"width: 800px\" class=\"wp-caption alignnone\"><img data-recalc-dims=\"1\" loading=\"lazy\" decoding=\"async\" data-attachment-id=\"19596\" data-permalink=\"https:\/\/www.freidenker.org\/?attachment_id=19596\" data-orig-file=\"https:\/\/i0.wp.com\/www.freidenker.org\/fw17\/wp-content\/uploads\/2024\/07\/Effenberger_Lange_Schatten_01.jpg?fit=1067%2C602&amp;ssl=1\" data-orig-size=\"1067,602\" data-comments-opened=\"0\" data-image-meta=\"{&quot;aperture&quot;:&quot;0&quot;,&quot;credit&quot;:&quot;&quot;,&quot;camera&quot;:&quot;&quot;,&quot;caption&quot;:&quot;&quot;,&quot;created_timestamp&quot;:&quot;0&quot;,&quot;copyright&quot;:&quot;&quot;,&quot;focal_length&quot;:&quot;0&quot;,&quot;iso&quot;:&quot;0&quot;,&quot;shutter_speed&quot;:&quot;0&quot;,&quot;title&quot;:&quot;&quot;,&quot;orientation&quot;:&quot;0&quot;}\" data-image-title=\"Effenberger_Lange_Schatten_01\" data-image-description=\"\" data-image-caption=\"\" data-large-file=\"https:\/\/i0.wp.com\/www.freidenker.org\/fw17\/wp-content\/uploads\/2024\/07\/Effenberger_Lange_Schatten_01.jpg?fit=800%2C452&amp;ssl=1\" class=\"wp-image-19596 size-large\" src=\"https:\/\/i0.wp.com\/www.freidenker.org\/fw17\/wp-content\/uploads\/2024\/07\/Effenberger_Lange_Schatten_01.jpg?resize=800%2C452&#038;ssl=1\" alt=\"\" width=\"800\" height=\"452\" srcset=\"https:\/\/i0.wp.com\/www.freidenker.org\/fw17\/wp-content\/uploads\/2024\/07\/Effenberger_Lange_Schatten_01.jpg?resize=1024%2C578&amp;ssl=1 1024w, https:\/\/i0.wp.com\/www.freidenker.org\/fw17\/wp-content\/uploads\/2024\/07\/Effenberger_Lange_Schatten_01.jpg?resize=300%2C169&amp;ssl=1 300w, https:\/\/i0.wp.com\/www.freidenker.org\/fw17\/wp-content\/uploads\/2024\/07\/Effenberger_Lange_Schatten_01.jpg?resize=768%2C433&amp;ssl=1 768w, https:\/\/i0.wp.com\/www.freidenker.org\/fw17\/wp-content\/uploads\/2024\/07\/Effenberger_Lange_Schatten_01.jpg?w=1067&amp;ssl=1 1067w\" sizes=\"auto, (max-width: 800px) 100vw, 800px\" \/><figcaption id=\"caption-attachment-19596\" class=\"wp-caption-text\"><span style=\"font-size: 10pt;\">Collage von Dr. Udo Ulfkotte im Oktober 2014<\/span><\/figcaption><\/figure>\n<p><em>\u201eVor 100 Jahren brach der Erste Weltkrieg aus. Diese Desinformation verbreiten derzeit alle Leitmedien, denn der Erste Weltkrieg ist nicht \u00fcber Nacht pl\u00f6tzlich und unerwartet \u00bbausgebrochen\u00ab &#8211; er wurde vielmehr systematisch Schritt f\u00fcr Schritt geplant\u201c<\/em>. Wer verstehen will, wie Kriege entstehen, der komme an \u201eWiederkehr der Hasardeure\u201c nicht vorbei, schreibt Ulfkotte und bezeichnet das Buch als einzigartigen Augen\u00f6ffner.<\/p>\n<p>Das liege zum einen an den Autoren. Willy Wimmer sa\u00df 33 Jahre lang f\u00fcr die CDU im Bundestag. Er war zun\u00e4chst Verteidigungspolitischer Sprecher der CDU\/CSU und dann Parlamentarischer Staatssekretar im Verteidigungsministerium sowie Vizepr\u00e4sident der Parlamentarischen Versammlung der KSZE\/OSZE.<\/p>\n<p>Er setzte sich f\u00fcr einen friedlich-kooperativen \u00dcbergang in den Jahren der Wende ein und war schon w\u00e4hrend seiner aktiven politischen Zeit f\u00fcr sein Engagement au\u00dferhalb der offiziellen Parteilinie und Doktrinen bekannt.<\/p>\n<p>Wolfgang Effenberger hatte bereits mehrere historisch-kritische B\u00fccher ver\u00f6ffentlicht und engagiert sich aufgrund seiner tiefen Einblicke in die Kriegsplanungen der NATO als ehemaliger Hauptmann gegen die Kriegsplanungen und f\u00fcr den Frieden. <em>\u201eIn Wiederkehr der Hasardeure wagen es die Autoren, freim\u00fctig und unerschrocken Gro\u00dfmachtinteressen &#8211; vor allem der USA &#8211; aufzudecken und anzuprangern. Das machen sie sachlich und objektiv\u201c.\u00a0 <\/em>Das Buch werde wegen seiner politisch inkorrekten Tendenz von den Massenmedien ignoriert. Die Ausgangsfrage, wer vom Ersten Weltkrieg am meisten profitiert hat, werde brutal und ehrlich beantwortet: Vor allem die Vereinigten Staaten.<\/p>\n<p>F\u00fcr Udo Ulfkotte ist eindeutig klar: <em>\u201eDie Europ\u00e4er sind nicht wie Schlafwandler in den Ersten Weltkrieg gegangen, sondern wurden zielgerichtet von Bankern, Politikern und Milit\u00e4rs in diesen Krieg getrieben\u2026Erschreckend: Der Erste Weltkrieg ist die Blaupause f\u00fcr viele neue Kriege. Die USA, die in ihm zur Weltmacht aufstiegen, nutzen das bew\u00e4hrte Konzept seither weltweit. Und sie planen f\u00fcr die Europ\u00e4er &#8211; allen voran f\u00fcr die Deutschen &#8211; gerade eiskalt die n\u00e4chste gro\u00dfe Katastrophe. Im Hintergrund stets &#8211; wie auch schon beim Ersten Weltkrieg &#8211; dabei: willf\u00e4hrige Helfer in den Reihen der Medien\u201c.<\/em> Soweit das Resumee von Udo Ulfkotte.<\/p>\n<p>Nachdem US-Pr\u00e4sident Joe Biden am 27. Oktober 2022 im neuen Verteidigungsdekret das bereits in TRADOC 525-3-1 festgelegte Hauptziel der USA &#8211; <em>Abbau der wachsenden multidisziplin\u00e4ren Bedrohung durch China<\/em><em> und Russland<\/em> &#8211; wiederholt hatte, ver\u00f6ffentlichte der wissenschaftliche Dienst des US-Kongresses eine geschichtstr\u00e4chtige Handreichung f\u00fcr Senatoren und Abgeordnete:<\/p>\n<p><em>\u201eUm regionale Hegemonie in Eurasien zu verhindern, sind anscheinend viele milit\u00e4rische Operationen der USA <strong>im 1. <\/strong><\/em><strong><em>(!) <\/em><\/strong><strong><em>und 2. Weltkrieg<\/em><\/strong><em> und zahlreiche milit\u00e4rische Kriegseins\u00e4tze und allt\u00e4gliche Operationen der USA seit dem 2. Weltkrieg zu einem nicht geringen Teil zur Unterst\u00fctzung dieses Ziels durchgef\u00fchrt worden\u201c.<\/em>(2) Es geht heute vor allem darum, <strong>regionale Hegemonie in Eurasien zu verhindern<\/strong>.<\/p>\n<h5>Seit 1904 beherrscht Mackinder die Weltmachts-Phantasien der Seem\u00e4chte<\/h5>\n<p>Schon die Geostrategen des ausgehenden 19. Jahrhunderts sahen im \u201eEurasischen Herzland\u201c den Schl\u00fcssel f\u00fcr Weltmachttr\u00e4ume &#8211; zu einem Zeitpunkt, als niemand die dort lagernden Energiereserven auch nur erahnen konnte.\u00a0Nachhaltig verst\u00e4rkt wurden diese Appetenzen durch die geopolitischen Visionen des englischen Geographen Sir Harold Mackinder, Mentor von Generationen britischer Diplomaten. Im April 1904 erschien von ihm im <em>\u00bbGeographical<\/em> <em>Journal\u00ab<\/em> der <em>\u00bbRoyal Society\u00ab<\/em> in London seine folgenschwere Abhandlung \u00fcber die andauernden, beherrschenden Antriebe in der Weltpolitik. Unter dem Titel<em> \u00bbDer geographische Drehpunkt der Geschichte\u00ab<\/em> (The Geographical Pivot of History) schilderte Mackinder <em>\u201e\u2026das uralte, ewig neue Gegenspiel der gro\u00dfen zentralen Steppenmacht der alten Welt, die sich immer wieder erhebt, gegen die meerbestimmten Randl\u00e4nder, die zuerst, wie die Griechen gegen\u00fcber den Persern, mittelmeerisch lebten\u201c<\/em>(3) und heute mit den USA ozeanisch verankert sind.<\/p>\n<p>Mackinder pr\u00e4gte die Begriffe der Eurasischen Zentralregion (Pivot Area) und\u00a0des Ostmitteleurop\u00e4ischen Herzlandes, Jede dieser Regionen bezeichnete er als Sprungbrett zur Erlangung der Herrschaft \u00fcber den Kontinent. Zum Durchbruch verhalf er seiner Theorie mit dem ber\u00fchmten Ausspruch:<\/p>\n<p><em>\u201eWer \u00fcber Osteuropa herrscht, beherrscht das Herzland: Wer \u00fcber das Herzland herrscht, beherrscht die Weltinsel (Eurasien). Wer \u00fcber die Weltinsel herrscht, beherrscht die Welt\u201c<\/em>.(4)<\/p>\n<figure id=\"attachment_19597\" aria-describedby=\"caption-attachment-19597\" style=\"width: 400px\" class=\"wp-caption alignnone\"><img data-recalc-dims=\"1\" loading=\"lazy\" decoding=\"async\" data-attachment-id=\"19597\" data-permalink=\"https:\/\/www.freidenker.org\/?attachment_id=19597\" data-orig-file=\"https:\/\/i0.wp.com\/www.freidenker.org\/fw17\/wp-content\/uploads\/2024\/07\/Effenberger_Lange_Schatten_02.jpg?fit=277%2C182&amp;ssl=1\" data-orig-size=\"277,182\" data-comments-opened=\"0\" data-image-meta=\"{&quot;aperture&quot;:&quot;0&quot;,&quot;credit&quot;:&quot;&quot;,&quot;camera&quot;:&quot;&quot;,&quot;caption&quot;:&quot;&quot;,&quot;created_timestamp&quot;:&quot;0&quot;,&quot;copyright&quot;:&quot;&quot;,&quot;focal_length&quot;:&quot;0&quot;,&quot;iso&quot;:&quot;0&quot;,&quot;shutter_speed&quot;:&quot;0&quot;,&quot;title&quot;:&quot;&quot;,&quot;orientation&quot;:&quot;0&quot;}\" data-image-title=\"Effenberger_Lange_Schatten_02\" data-image-description=\"\" data-image-caption=\"\" data-large-file=\"https:\/\/i0.wp.com\/www.freidenker.org\/fw17\/wp-content\/uploads\/2024\/07\/Effenberger_Lange_Schatten_02.jpg?fit=277%2C182&amp;ssl=1\" class=\"wp-image-19597\" src=\"https:\/\/i0.wp.com\/www.freidenker.org\/fw17\/wp-content\/uploads\/2024\/07\/Effenberger_Lange_Schatten_02.jpg?resize=400%2C263&#038;ssl=1\" alt=\"\" width=\"400\" height=\"263\" \/><figcaption id=\"caption-attachment-19597\" class=\"wp-caption-text\"><span style=\"font-size: 10pt;\">US-Br\u00fcckenk\u00f6pfe am inneren G\u00fcrtel des Herzlandes.<\/span><br \/><span style=\"font-size: 10pt;\">Collage: Wolfgang Effenberger<\/span><\/figcaption><\/figure>\n<p>Mit der &#8222;Weltinsel&#8220; (Eurasien) bezeichnete Mackinder die fl\u00e4chenm\u00e4\u00dfig gr\u00f6\u00dfte, die bev\u00f6lkerungsst\u00e4rkste sowie die in jeder Hinsicht reichste aller m\u00f6glichen Kombinationen der L\u00e4nder der\u00a0Erde. Das im Zentrum der &#8222;Weltinsel&#8220; liegende &#8222;Heartland&#8220; (<em>Pivot Area<\/em>) reicht von der Wolga bis zum Jangtsekiang und vom Himalaya zur Arktis. Zum Zeitpunkt der Analyse Mackinders im Jahr 1904 wurde das Gebiet von &#8222;Heartland&#8220; ohne die Halbinsel Kamtschatka vom Russischen Reich regiert, sp\u00e4ter von der Sowjetunion.<\/p>\n<p>Die imperiale Politik des britischen Commonwealth in Anlehnung an die Heartland-Theorie wirkt in Gro\u00dfbritannien fort bis in unsere Tage. Die Vereinigten Staaten von Amerika begr\u00fcnden ihre internationale Politik bis heute auf der Grundlage und dem Geist der geopolitischen Vorstellungen Mackinders.<\/p>\n<p>Demgem\u00e4\u00df haben die USA 1981 ihr zentrales Milit\u00e4rkommando CENTCOM direkt unterhalb des <em>\u201eHerzlandes\u201c<\/em> gelegt. Von den ann\u00e4hernd 800 US-St\u00fctzpunkten befinden sich die meisten in Eurasien. (5)<\/p>\n<p>Der anglo-amerikanische Albtraum: Eine neue Kontinentalmacht (und das wird China sein), die mit den modernsten technischen Errungenschaften ausgestattet und kapitalkr\u00e4ftig genug ist &#8211; eine nicht hinnehmbare Gefahr f\u00fcr die angestrebte unipolare Weltordnung.<\/p>\n<h5>Seit 1904 plante Gro\u00dfbritannien den Krieg in Europa<\/h5>\n<p>Nach dem f\u00fcr Gro\u00dfbritannien desastr\u00f6sen Burenkrieg(6) in Afrika (1899-1902) schuf die britische Regierung 1904 ein bedeutendes Gremium, das\u00a0<strong>&#8222;Committee of Imperial Defence&#8220;<\/strong>\u00a0(<strong>CID<\/strong>; dt. etwa <em>\u201eAusschuss f\u00fcr imperiale Verteidigung\u201c<\/em>). Besetzt mit handverlesenen Spitzenpolitikern und -milit\u00e4rs, war es die Schaltzentrale der strategischen Verteidigungspolitik des\u00a0Britischen Weltreichs\u00a0in der Periode vom Ende des\u00a0Zweiten Burenkriegs\u00a0bis zum Beginn des\u00a0Zweiten Weltkriegs.(7)<\/p>\n<p>Der wichtigste Sekret\u00e4r des CID war\u00a0Maurice Hankey, der das Amt 1912 \u00fcbernahm und bis 1938 innehatte. W\u00e4hrend des Krieges nahm das CID eine untergeordnete Rolle ein und wurde vom\u00a0Kriegskabinett\u00a0\u00fcberdeckt (dessen Sekret\u00e4r ebenfalls Hankey war).<\/p>\n<p>So unterschl\u00e4gt Christopher Clark in seinem 2014 medienpr\u00e4senten Buch <em>\u201eDie Schlafwandler\u201c<\/em> die jahrelange Planung der Seeblockade ab 1908 gegen Deutschland vonseiten des Committee of Imperial Defense, obwohl diese durch zwei Mitglieder des Committee &#8211; Maurice Hankey <em>(\u00bbThe Supreme Command\u00ab<\/em>) und A. C. Bell (<em>\u00bbA History of the Blockade of Germany\u00ab<\/em>) pr\u00e4zise dokumentiert ist.<\/p>\n<p>Sogar der offizielle britische Marinehistoriker und Marinestratege Sir Julian Corbett best\u00e4tigt: Der Erste Weltkrieg sei durch Lord Hankey und seine Mitarbeiter mit <em>\u201eeiner geordneten<\/em> Vollst\u00e4ndigkeit im Detail, die keine Parallele in unserer Geschichte hat<em>\u201c<\/em>, geplant worden.(8) Doch Hankey, Bell und Corbett sucht man im Index der <em>&#8222;<\/em><em>Schlafwandler<\/em><em>&#8222;<\/em> vergebens, nat\u00fcrlich erst recht in den Publikationen anderer namhafter Historiker.<\/p>\n<h5>Deutschland und die Haager Friedenskonferenzen von 1899 und 1907<\/h5>\n<p>Von einem Friedenshistoriker wurde ich Anfang Juli 2024 darauf hingewiesen, dass die Haager Friedenskonferenzen von 1899 und 1907, zu denen Russland eingeladen hatte und an denen alle zivilisierten Nationen der Welt (u.a. Japan, die USA, Thailand und China) teilnahmen, bereits den Waffengang verbieten und stattdessen den Rechtsweg zur Beilegung von Streitig-keiten obligatorisch machen wollten. Dies scheiterte haupts\u00e4chlich an Deutschland (u.a. auch \u00d6sterreich). Dann kam der Erste Weltkrieg.(9)<\/p>\n<p>Dieser kausale Schluss ist ein keiner Weise dazu geeignet, den Ersten Weltkrieg verantwortungsvoll aufzuarbeiten, denn die Mittelm\u00e4chte w\u00e4ren bei einer solchen Regelung stets im Hintertreffen gewesen.<\/p>\n<p>Der Erste Weltkrieg wurde nie beendet. Heute lodern an all seinen Verwerfungslinien die Kriegsfeuer. Das war 1919 wohl auch so gewollt. F\u00fcr de Gaulle und Winston Churchill gab es ohnehin keinen Ersten Weltkrieg. Beide sahen in der Zeitspanne von 1914 bis 1945 einen zweiten <em>\u201eDrei\u00dfigj\u00e4hrigen Krieg\u201c<\/em>. Und heute d\u00fcrften wir uns wohl im \u201edritten\u201c Drei\u00dfigj\u00e4hrigen Krieg befinden. Die Ziele haben sich kaum ver\u00e4ndert.<\/p>\n<p>Die Haltung Deutschlands in Den Haag war u.a. geleitet von dem sich seit 1891 abzeichnenden Milit\u00e4rb\u00fcndnis Frankreich und Russland. Damit drohte Deutschland ein Zweifrontenkrieg. Au\u00dferdem w\u00e4ren bei einem Schiedsgerichtsverfahren Deutschlands Interessen komplett untergegangen, da alle Nachbarl\u00e4nder ihre eigenen Interessen mit den geopolitischen Ambitionen Gro\u00dfbritanniens und den USA ohne gro\u00dfe Probleme h\u00e4tten durchsetzen k\u00f6nnen.<\/p>\n<p>Die Furcht davor wurde noch verst\u00e4rkt durch die Erfahrungen aus dem ersten Drei\u00dfigj\u00e4hrigen Krieg (1618-48) und den Napoleonischen Kriegen (1792-1815). Den deutschen Landen sollte eine nochmalige Verheerung erspart bleiben.<\/p>\n<figure id=\"attachment_19598\" aria-describedby=\"caption-attachment-19598\" style=\"width: 400px\" class=\"wp-caption alignnone\"><img data-recalc-dims=\"1\" loading=\"lazy\" decoding=\"async\" data-attachment-id=\"19598\" data-permalink=\"https:\/\/www.freidenker.org\/?attachment_id=19598\" data-orig-file=\"https:\/\/i0.wp.com\/www.freidenker.org\/fw17\/wp-content\/uploads\/2024\/07\/Effenberger_Lange_Schatten_03.png?fit=690%2C682&amp;ssl=1\" data-orig-size=\"690,682\" data-comments-opened=\"0\" data-image-meta=\"{&quot;aperture&quot;:&quot;0&quot;,&quot;credit&quot;:&quot;&quot;,&quot;camera&quot;:&quot;&quot;,&quot;caption&quot;:&quot;&quot;,&quot;created_timestamp&quot;:&quot;0&quot;,&quot;copyright&quot;:&quot;&quot;,&quot;focal_length&quot;:&quot;0&quot;,&quot;iso&quot;:&quot;0&quot;,&quot;shutter_speed&quot;:&quot;0&quot;,&quot;title&quot;:&quot;&quot;,&quot;orientation&quot;:&quot;0&quot;}\" data-image-title=\"Effenberger_Lange_Schatten_03\" data-image-description=\"\" data-image-caption=\"\" data-large-file=\"https:\/\/i0.wp.com\/www.freidenker.org\/fw17\/wp-content\/uploads\/2024\/07\/Effenberger_Lange_Schatten_03.png?fit=690%2C682&amp;ssl=1\" class=\"wp-image-19598\" src=\"https:\/\/i0.wp.com\/www.freidenker.org\/fw17\/wp-content\/uploads\/2024\/07\/Effenberger_Lange_Schatten_03.png?resize=400%2C395&#038;ssl=1\" alt=\"\" width=\"400\" height=\"395\" srcset=\"https:\/\/i0.wp.com\/www.freidenker.org\/fw17\/wp-content\/uploads\/2024\/07\/Effenberger_Lange_Schatten_03.png?resize=300%2C297&amp;ssl=1 300w, https:\/\/i0.wp.com\/www.freidenker.org\/fw17\/wp-content\/uploads\/2024\/07\/Effenberger_Lange_Schatten_03.png?w=690&amp;ssl=1 690w\" sizes=\"auto, (max-width: 400px) 100vw, 400px\" \/><figcaption id=\"caption-attachment-19598\" class=\"wp-caption-text\"><span style=\"font-size: 10pt;\">Karte Bev\u00f6lkerungsr\u00fcckgang infolge des Drei\u00dfigj\u00e4hrigen Krieges(10)<\/span><\/figcaption><\/figure>\n<p>Im Gegensatz zu den Seem\u00e4chten (USA und Gro\u00dfbritannien, welche die gegen\u00fcberliegenden K\u00fcsten beherrschen wollen), haben die Landm\u00e4chte andere Sicherheitsinteressen:<\/p>\n<p>Hier spielen die r\u00e4umliche Entfernung zur n\u00e4chsten Gro\u00dfmacht und Hindernisse wie Berge (Pyren\u00e4en) oder Fl\u00fcsse (Rhein) eine entscheidende Rolle. Auch die Anzahl der Nachbarn samt ihren <em>\u00bbterritorialen W\u00fcnschen\u00ab<\/em> ist f\u00fcr die Sicherheit relevant. Eine schlechtere Situation als die deutsche Mittellage ist in dieser Hinsicht wohl kaum vorstellbar. Kein Land hat in seiner Geschichte mit derart vielen Nachbarn politisch agieren m\u00fcssen wie Deutschland.<\/p>\n<p>So wurden \u00fcber Deutschland hinweg B\u00fcndnisse geschmiedet: Schweden-Frankreich, Russland-Frankreich, Polen-Frankreich, Polen-England, Russland-England, Tschechoslowakei-Frankreich, um nur einige zu nennen. Der deutsche Geograf und Theoretiker der Geopolitik Otto Maull (1857-1957) gab von 1925 bis 1932 zusammen mit Karl Haushofer die Zeitschrift f\u00fcr Geopolitik heraus und verfasste im Buch <em>&#8222;Bausteine zur Geopolitik&#8220;<\/em> einen beeindruckenden Aufsatz <em>&#8222;\u00dcber politisch-geographische-geopolitische Karten&#8220;<\/em>. Eindrucksvoll hielt er hier in einer Deutschland-Karte mit nur ein paar Pfeilrichtungen die Auswirkungen der dynamischen Kr\u00e4fte fest.<\/p>\n<p><img data-recalc-dims=\"1\" loading=\"lazy\" decoding=\"async\" data-attachment-id=\"19599\" data-permalink=\"https:\/\/www.freidenker.org\/?attachment_id=19599\" data-orig-file=\"https:\/\/i0.wp.com\/www.freidenker.org\/fw17\/wp-content\/uploads\/2024\/07\/Effenberger_Lange_Schatten_04-scaled.jpg?fit=2560%2C2353&amp;ssl=1\" data-orig-size=\"2560,2353\" data-comments-opened=\"0\" data-image-meta=\"{&quot;aperture&quot;:&quot;0&quot;,&quot;credit&quot;:&quot;&quot;,&quot;camera&quot;:&quot;&quot;,&quot;caption&quot;:&quot;&quot;,&quot;created_timestamp&quot;:&quot;0&quot;,&quot;copyright&quot;:&quot;&quot;,&quot;focal_length&quot;:&quot;0&quot;,&quot;iso&quot;:&quot;0&quot;,&quot;shutter_speed&quot;:&quot;0&quot;,&quot;title&quot;:&quot;&quot;,&quot;orientation&quot;:&quot;0&quot;}\" data-image-title=\"Effenberger_Lange_Schatten_04\" data-image-description=\"\" data-image-caption=\"\" data-large-file=\"https:\/\/i0.wp.com\/www.freidenker.org\/fw17\/wp-content\/uploads\/2024\/07\/Effenberger_Lange_Schatten_04-scaled.jpg?fit=800%2C735&amp;ssl=1\" class=\"alignnone wp-image-19599\" src=\"https:\/\/i0.wp.com\/www.freidenker.org\/fw17\/wp-content\/uploads\/2024\/07\/Effenberger_Lange_Schatten_04.jpg?resize=400%2C368&#038;ssl=1\" alt=\"\" width=\"400\" height=\"368\" srcset=\"https:\/\/i0.wp.com\/www.freidenker.org\/fw17\/wp-content\/uploads\/2024\/07\/Effenberger_Lange_Schatten_04-scaled.jpg?resize=1024%2C941&amp;ssl=1 1024w, https:\/\/i0.wp.com\/www.freidenker.org\/fw17\/wp-content\/uploads\/2024\/07\/Effenberger_Lange_Schatten_04-scaled.jpg?resize=300%2C276&amp;ssl=1 300w, https:\/\/i0.wp.com\/www.freidenker.org\/fw17\/wp-content\/uploads\/2024\/07\/Effenberger_Lange_Schatten_04-scaled.jpg?resize=768%2C706&amp;ssl=1 768w, https:\/\/i0.wp.com\/www.freidenker.org\/fw17\/wp-content\/uploads\/2024\/07\/Effenberger_Lange_Schatten_04-scaled.jpg?resize=1536%2C1412&amp;ssl=1 1536w, https:\/\/i0.wp.com\/www.freidenker.org\/fw17\/wp-content\/uploads\/2024\/07\/Effenberger_Lange_Schatten_04-scaled.jpg?resize=2048%2C1883&amp;ssl=1 2048w, https:\/\/i0.wp.com\/www.freidenker.org\/fw17\/wp-content\/uploads\/2024\/07\/Effenberger_Lange_Schatten_04-scaled.jpg?w=1600&amp;ssl=1 1600w, https:\/\/i0.wp.com\/www.freidenker.org\/fw17\/wp-content\/uploads\/2024\/07\/Effenberger_Lange_Schatten_04-scaled.jpg?w=2400&amp;ssl=1 2400w\" sizes=\"auto, (max-width: 400px) 100vw, 400px\" \/><\/p>\n<h5>1907: Das Jahr der britischen Kriegspl\u00e4ne<\/h5>\n<p>Wer einen Krieg plant, braucht hierf\u00fcr eine Begr\u00fcndung, welche die Vorbereitungen als notwendige Verteidigungsanstrengung gegen eine ernstzunehmende Bedrohung erscheinen l\u00e4sst, denn die meisten Politiker sind bestrebt, es m\u00f6glichst nicht zu einer Auseinandersetzung mit Waffengewalt kommen zu lassen. Aus diesem Grund bat Edward VII. wohl den zuverl\u00e4ssig deutschfeindlichen B\u00fcroleiter im britischen Ausw\u00e4rtigen Amt, Sir Eyre Crowe, um eine Denkschrift. Im 25-seitigen Papier <em>&#8222;Memorandum on the Present State of British Relations with France and Germany&#8220;<\/em> vom 1. Januar 1907 war dann Crow\u2018s Besorgnis bez\u00fcglich der wachsenden Bedrohung des Vereinigten K\u00f6nigreichs durch das aufstrebende kaiserliche Deutschland Ausdruck verliehen worden.<\/p>\n<p>1907 wurde Konteradmiral Sir Charles Ottley Sekret\u00e4r des CID. 1908 schrieb er dem Ersten Seelord, dass eine Blockade Deutschlands w\u00e4hrend der gesamten drei Jahre seiner Amtszeit als Marinegeheimdienstchef ein st\u00e4ndiges Thema gewesen sei. Die Admiralit\u00e4t habe den Standpunkt vertreten, das Zusammenspiel aus der geografischen Lage und seiner heraus-ragenden Seemacht gebe England hierzu eine einfache Methode an Hand. Die M\u00fchlen der Seestreitkr\u00e4fte w\u00fcrden <em>\u201e\u2026die deutsche Industrie sowie die Bev\u00f6lkerung vielleicht nur langsam, aber, \u00fcberaus fein zermahlen. Fr\u00fcher oder sp\u00e4ter w\u00fcrde Gras auf den Stra\u00dfen Hamburgs wachsen, Tod und Untergang w\u00fcrden sich ausbreiten<\/em>\u201c.(11) Seit 1907 wurden in Acht-Stunden-Intervallen die Positionen deutscher Schiffe \u00fcberwacht.<\/p>\n<p>Angesichts der \u00dcberlegenheit der britischen Seestreitkr\u00e4fte kann man sich vorstellen, was die Blockade f\u00fcr Deutschland bedeuten w\u00fcrde. Die Akte mit Kriegspl\u00e4nen der Admiralit\u00e4t von 1907 enthalt nachfolgende sieben Argumente:<\/p>\n<ol>\n<li>Der deutsche Handel w\u00e4chst rasch.<\/li>\n<li>Der Pro-Kopf-Verbrauch von Getreide nimmt zu.<\/li>\n<li>Deutschland wird immer starker abh\u00e4ngig davon, Lebensmittel und Rohstoffe aus dem Ausland zu beziehen und deutsche Schiffe, die aufgrund eines Krieges festsitzen (und ansonsten Deutschland beliefern w\u00fcrden), zu ersetzen.<\/li>\n<li>Aufgrund ihrer geografischen Lage k\u00f6nnen Deutschlands Handelsh\u00e4fen gut durch einen starken von See angreifenden Gegner geschlossen werden.<\/li>\n<li>Von dem Geld, das Deutschland aufgrund der Handelsausf\u00e4lle entgehen w\u00fcrde, f\u00e4nde ein Gro\u00dfteil seinen Weg zwingend nach England.<\/li>\n<li>Selbst wenn man davon ausgeht, dass Deutschland Getreide usw. dem Landweg beziehen wurde, w\u00e4ren die Preise sehr hoch.(12)<\/li>\n<\/ol>\n<h5>Der Chef des britischen Verteidigungsstabs r\u00fchmt Crowe und Kennan<\/h5>\n<p>Im Dezember 2020 erkl\u00e4rte General Sir Nicholas Carter, der Chef des britischen Verteidigungs-stabs, w\u00e4hrend seiner j\u00e4hrlichen Vorlesung am Royal United Services Institute, dass die Demokratien heute die Vorgaben von Sir Eyre Crowe und George Kennan ber\u00fccksichtigen m\u00fcssten:<em> \u201eWas wir brauchen, ist ein Katalysator \u00e4hnlich dem \u201alangen Telegramm\u2018 von George Kennan, in dem er 1946 feststellte, dass eine friedliche Koexistenz mit der Sowjetunion unwahrscheinlich sei\u201c(13).<\/em><\/p>\n<p>Kennans Telegramm vom Februar 1946 f\u00fchrte ein Jahr sp\u00e4ter zur Truman-Doktrin: Eind\u00e4mmung der Sowjetunion und \u201eKalter Krieg\u201c.<\/p>\n<p><em>\u00a0<\/em>Ein noch besseres strategisches Dokument sieht General Carter im<em> Memorandum <\/em>von Sir Eyre Crowe aus dem Jahr 1907<em>, <\/em>welches<em> \u201e\u2026das Denken des damaligen Au\u00dfenministers Sir Edward Grey beeinflusst haben soll\u201c(14). <\/em>Sir Eyre argumentierte, dass Gro\u00dfbritannien Bedrohungen f\u00fcr den Frieden in Europa abwehren m\u00fcsse, wenn schw\u00e4chere Nationen bedroht w\u00fcrden. Seine Strategie passt besser in unsere Zeit, so der General, in der der Wettbewerb der Gro\u00dfm\u00e4chte zunimmt. 1914 war Deutschland durch das Frankreich-Russlandb\u00fcndnis bedroht. Wer war hier der Schw\u00e4chere?<\/p>\n<p>Seit 2015 sei die Geopolitik mit voller Wucht zur\u00fcckgekehrt, was die <em>&#8222;regelbasierte&#8220;<\/em> oder <em>&#8222;freie und offene&#8220;<\/em> internationale Ordnung in Gefahr gebracht hat. War dem nicht die NATO-Osterweiterung und der Putsch auf dem Maidan vorausgegangen?<\/p>\n<p>Nun h\u00e4tten die autorit\u00e4ren M\u00e4chte Russland und China die internationale Ordnung in Gefahr gebracht. Peking w\u00fcrde versuchen, die freie und offene internationale Ordnung zu zerst\u00f6ren, um sie durch eine neue, auf China konzentrierte Ordnung zu ersetzen, w\u00e4hrend Russland hingegen nicht \u00fcber die Mittel verf\u00fcge, um die herrschende Ordnung &#8211; selbst im euro-atlantischen Raum &#8211; durch eine neue zu ersetzen.<\/p>\n<p>Vor diesem Hintergrund schl\u00e4gt der General Atlantisch-Pazifischen NATO-Rat und die St\u00e4rkung der nationalen Widerstandsf\u00e4higkeit vor. <em>\u201eVerbesserung der Medien-kompetenz, die Sch\u00e4rfung des Bewusstseins f\u00fcr Spionagebedrohungen und die Gew\u00e4hrleistung einer starken und dynamischen Zivilgesellschaft sind wesentliche Faktoren, um demokratische Gesellschaften widerstandsf\u00e4higer zu machen\u201c(15).<\/em><\/p>\n<p>Wenn wir heute auf dem Globus die aktuellen Kriege und Konflikte wahrnehmen, so sind die Verwerfungslinien rund um den Ersten Weltkrieg zu erkennen. Ein Krieg, der laut dem deutschen Philosophen Oswald Spengler bereits 1911 begonnen hat: Mit der Besetzung der marokkanischen St\u00e4dte Fes und Rabat durch Frankreich, dem Krieg Italiens gegen das Osmanische Reich in Tripolitanien, den britischen Aktivit\u00e4ten in \u00c4gypten und Persien sowie der Besetzung Koreas durch Japan; 1912 und 1913 folgten dann die beiden Balkankriege.<\/p>\n<p>Einen tragf\u00e4higen Frieden wird es nur geben, wenn all diese Zusammenh\u00e4nge so wahrhaftig wie m\u00f6glich aufgearbeitet werden. Doch wer hat daran Interesse? Nach seinen drei Hauptwerken (Kritik der reinen Vernunft, Kritik der praktischen Vernunft und Kritik der Urteilskraft) machte sich Immanuel Kant in seinem Sp\u00e4twerk <em>\u201eZum Ewigen Frieden\u201c<\/em> Gedanken \u00fcber die Regeln einer globalen Friedensordnung. Idealistische Erwartungen d\u00e4mpfte er mit der Einsicht, dass die Macht des Geldes immer wieder f\u00fcr Krieg und Zerst\u00f6rung sorgen wird und dass unter der <em>\u201eHeeresmacht, der Bundesmacht und der Geldmacht die Letztere wohl das zuverl\u00e4ssigste Kriegswerkzeug sein d\u00fcrfte\u201c<\/em>.(16)<\/p>\n<p>Zusammengefasst geht es in seiner Friedensschrift darum, dass kein ungerechter Frieden mit dem Keim zu k\u00fcnftigen Konflikten geschlossen werden darf (wie z.B. nach dem Ersten Weltkrieg der Frieden von Versailles), dass Staatsgebiete nicht getauscht oder erworben werden k\u00f6nnen, dass stehende Heere abgebaut werden m\u00fcssen und dass <em>\u201ekeine Staatsschulden in Beziehung auf \u00e4u\u00dfere Staatsh\u00e4ndel gemacht werden\u201c<\/em> sollen. Der Erste Weltkrieg z.B. konnte nur mit massiver Unterst\u00fctzung der Entente durch Kredite der Wall Street \u00fcber Jahre gef\u00fchrt werden und da die Schuldenpapiere bei einer Niederlage der Entente wertlos geworden waren, mussten die USA schlie\u00dflich 1917 in den Krieg eintreten.<\/p>\n<p>Walter Hines Page, U.S.-Gesandter in Gro\u00dfbritannien, schrieb am 5. M\u00e4rz 1917 in einem dringenden Brief vertraulich an U.S.-Pr\u00e4sident Woodrow Wilson:<\/p>\n<p style=\"padding-left: 40px;\"><em>\u201eIch glaube, da\u00df der Druck der <strong>herannahenden Krise<\/strong> die finanziellen M\u00f6glichkeiten [John Pierpont] Morgans zugunsten der Briten und Franzosen \u00fcbersteigt\u2026. Die gr\u00f6\u00dfte Hilfe, die wir den Verb\u00fcndeten geben k\u00f6nnten, best\u00fcnde in einem Kredit. Unsere Regierung k\u00f6nnte eine betr\u00e4chtliche Summe Geldes in einer franz\u00f6sisch-britischen Anleihe anlegen \u2026. Nat\u00fcrlich kann sie diesen Kredit nur gew\u00e4hren, wenn wir [die USA] an dem Krieg gegen Deutschland teilnehmen\u201c.<\/em>(17)<\/p>\n<p>Diese Schulden der Entente f\u00fchrten letztlich zur Festschreibung von Deutschlands Alleinschuld in Artikel 231 des Versailler Vertrags, denn Einer musste die Zeche schlie\u00dflich zahlen! Allein Kants Forderung, dass wegen \u00e4u\u00dferer Staatsh\u00e4ndel keine Staatsschulden gemacht werden sollen, w\u00fcrde die Absicht, Krieg f\u00fchren zu wollen, bereits im Keim ersticken.<\/p>\n<p>In <em>\u201eWiederkehr der Hasardeure\u201c<\/em> wird der Weg in die Katastrophe beschrieben, die Kriegstreiber werden identifiziert und deren Motive und Ziele erl\u00e4utert. Dabei wird deutlich, dass es sich keineswegs um Schlafwandler, sondern um k\u00fchl kalkulierende, machtbesessene Hasardeure handelte. Sie finden sich unter Politikern, Milit\u00e4rs, Unternehmern und Bankiers, die ihren Einfluss h\u00e4ufig aus der \u201ezweiten Reihe\u201c aus\u00fcben. V\u00f6llig untersch\u00e4tzt wird das Wirken verdeckter Netzwerke, deren Wurzeln in die Zeit vor dem Ersten Weltkrieg zur\u00fcckreichen.<\/p>\n<p>Heute, ein Jahrhundert sp\u00e4ter, wird erneut ein Konflikt der Gro\u00dfm\u00e4chte heraufbeschworen und die Massenmedien stimmen wie seinerzeit in den Kriegskanon ein, mit einem Unterschied: die Mittel sind totaler, subtiler und noch perfider geworden.<\/p>\n<p>W\u00e4hrend <em>\u201eWiederkehr der Hasardeure\u201c<\/em> im Mainstream v\u00f6llig untergegangen ist, gab es doch neben Dr. Ulfkotte weitere Stimmen:<\/p>\n<p style=\"padding-left: 40px;\"><em>\u201eEin hochbedeutendes Buch\u201c.<\/em> (Dramaturg Rolf Hochhuth im Juli 2015)<\/p>\n<p style=\"padding-left: 40px;\"><em>\u201eDas Dargebotene ragt wie ein Fels aus dem Flachland deutscher Historiker-\u00c4ngstlichkeiten heraus.\u201c<\/em> (Ehemaliger Verfassungsschutzpr\u00e4sident Helmut Roewer in \u201eBlaue Narzisse\u201c, Online &#8211; Ausgabe vom 20. Januar 2015)<\/p>\n<p style=\"padding-left: 40px;\"><em>\u00a0\u201eEs hat verwundert, dass unter den vielen Ver\u00f6ffentlichungen zum Ersten Weltkrieg kaum ein Werk den komparatistischen Ansatz verfolgte. Das dickleibige Buch &#8230; versucht verdienstvoll, die Politik der Gro\u00dfm\u00e4chte um die Wende zum 20. Jahrhundert mit der der Gegenwart zu vergleichen\u201c.<\/em> (Publizist und Autor Olaf Haselhorst in \u201eSezession\u201c, Nr. 63, Dezember\u00a02014)<\/p>\n<p style=\"padding-left: 40px;\"><em>\u00a0\u201eF\u00fcr Wimmer ist die Gefahr latent, dass zwischen den aktuellen Krisenherden eine Verbindung entsteht, sodass es zu einem globalen Krieg kommt. Dabei kritisiert er vor allem, dass bew\u00e4hrte Dialog-Ebenen, die selbst in Zeiten des Kalten Krieges erfolgreich gewesen seien, heute nicht mehr genutzt w\u00fcrden. &#8230; Das Buch ,Wiederkehr der Hasardeure&#8216; zeigt Hintergr\u00fcnde auf, die zum Verst\u00e4ndnis der Gegenwart beitragen k\u00f6nnen.\u201c<\/em><br \/>\n(Journalist Ludger Baten in der \u201eNeuss-Grevenbroicher Zeitung\u201c vom 13. Oktober 2014)<\/p>\n<p>So profitieren heute wie 1914 <em>&#8222;Schattenstrategen, Kriegstreiber, stille Profiteure&#8220;<\/em> von den nicht enden wollenden Kriegen.<\/p>\n<p>Das muss aber nicht so bleiben, wenn wir dem Schweizer Historiker Dr. Jacob Ruchti Glauben schenken:<\/p>\n<p style=\"padding-left: 40px;\"><em>Aber die Geschichte l\u00e4sst sich auf die Dauer nicht f\u00e4lschen, die Legende vermag vor der wissenschaftlichen Forschung nicht standzuhalten, das dunkle Gewebe wird ans Licht gebracht und zerrissen, auch wenn es noch so kunstvoll und fein gesponnen war\u201c.(18)<\/em><\/p>\n<p>Im Gegensatz zum geschichtsvergessenen, sich selbst beweihr\u00e4uchernden Wertewesten hat die Welt des globalen S\u00fcdens dagegen ein realistischeres Geschichtsbewusstsein, und eine k\u00fcnftige multipolare Friedensordnung wird immer wahrscheinlicher.<\/p>\n<p style=\"text-align: right;\"><em>Wolfgang Effenberger ist Mitglied des Deutschen Freidenker-Verbandes und seines Beirats<\/em><\/p>\n<p><span style=\"font-size: 10pt;\">Demn\u00e4chst folgt Teil 2: <a href=\"https:\/\/www.freidenker.org\/?p=19644\">Keineswegs schlafwandelnd in den Krieg<\/a><\/span><\/p>\n<p><strong>Anmerkungen und Quellen<\/strong><\/p>\n<p>1) Wolfgang Effenberger\/ Willy Wimmer: Wiederkehr der Hasardeure. H\u00f6hr-Grenzhausen 2014, S. 18<\/p>\n<p>2) Handreichung des wissenschaftlichen Dienstes des US-Kongresses vom 15. November 2022<\/p>\n<p>3) Haushofer, Karl: Weltpolitik von heute. Berlin 1934, S. 51<\/p>\n<p>4) Brzezinski, Zbigniew: Die einzige Weltmacht. Frankfurt a.M 1999, S. 63<\/p>\n<p>5) <a href=\"https:\/\/www.overseasbases.net\/uploads\/5\/7\/1\/7\/57170837\/deutsche_die_fakten_obracc.pdf\">https:\/\/www.overseasbases.net\/uploads\/5\/7\/1\/7\/57170837\/deutsche_die_fakten_obracc.pdf<\/a><\/p>\n<p>6) Der Vertraute von Cecil Rhodes, Alfred Milner begann den S\u00fcdafrikanischen Krieg (Burenkrieg), um die Kontrolle \u00fcber S\u00fcdafrika und seine riesigen Goldvorkommen zu erlangen. Er leistete Pionierarbeit beim Einsatz von Konzentrationslagern, um Krieg gegen die Zivilbev\u00f6lkerung zu f\u00fchren.<\/p>\n<p>7) <a href=\"https:\/\/de.wikipedia.org\/wiki\/Committee_of_Imperial_Defence\">https:\/\/de.wikipedia.org\/wiki\/Committee_of_Imperial_Defence<\/a><\/p>\n<p>8) Effenberger\/Wimmer 2014, S. 115<\/p>\n<p>9) Mail von 7. Juli 2024 von NN (Name kann angefragt werden)<\/p>\n<p>10) <a href=\"https:\/\/upload.wikimedia.org\/wikipedia\/commons\/5\/57\/Bev\u00f6lkerkungsr\u00fcckgang_im_HRRDN_nach_dem_Drei\u00dfigj\u00e4hrigen_Krieg.PNG\">https:\/\/upload.wikimedia.org\/wikipedia\/commons\/5\/57\/Bev\u00f6lkerkungsr\u00fcckgang_im_HRRDN_nach_dem_Drei\u00dfigj\u00e4hrigen_Krieg.PNG<\/a><\/p>\n<p>11) Wolfgang Effenberger: Europas Verh\u00e4ngnis 14\/18. H\u00f6hr-Grenzhausen S. 37<\/p>\n<p>12) Ebda. 39<\/p>\n<p>13) <a href=\"https:\/\/de.alphahistory.com\/kalter-Krieg\/George-Kennan-Langtelegramm-1946\/\">https:\/\/de.alphahistory.com\/kalter-Krieg\/George-Kennan-Langtelegramm-1946\/<\/a><\/p>\n<p>14) <em><a href=\"https:\/\/www.geostrategy.org.uk\/research\/a-crowe-memorandum-for-the-twenty-first-century\/\">https:\/\/www.geostrategy.org.uk\/research\/a-crowe-memorandum-for-the-twenty-first-century\/<\/a> <\/em><\/p>\n<p>15) Ebda.<\/p>\n<p>16) Kant, Immanuel: Zum ewigen Frieden und andere Schriften. Frankfurt 2008, S. 154<\/p>\n<p>17) zit. n. Eustace Mullins, Die Bankierverschw\u00f6rung, S. 77<\/p>\n<p>18) <a href=\"https:\/\/perseus.ch\/produkt\/der-ausbruch-des-ersten-weltkrieges-2\">https:\/\/perseus.ch\/produkt\/der-ausbruch-des-ersten-weltkrieges-2<\/a><\/p>\n<hr \/>\n<p><span style=\"font-size: 10pt;\">Bild oben: Feldpostkarte von 1914: Beschie\u00dfung der Festung Reims<br \/>\nBild: G.Garitan, <a href=\"https:\/\/creativecommons.org\/licenses\/by-sa\/4.0\" target=\"_blank\" rel=\"noopener\">CC BY-SA 4.0<\/a><br \/>\nQuelle: <a href=\"https:\/\/commons.wikimedia.org\/w\/index.php?curid=38722678\" target=\"_blank\" rel=\"noopener\">https:\/\/commons.wikimedia.org\/w\/index.php?curid=38722678<\/a><\/span><\/p>\n","protected":false},"excerpt":{"rendered":"<p><b>Teil 1: Der lange Weg in das Verh\u00e4ngnis Europas<\/b><br \/>\n<b>Kommentar von Wolfgang Effenberger<\/b><br \/>\nVor 110 Jahren wurden die letzten Weichen f\u00fcr den D-Zug in Europas Verh\u00e4ngnis 1914\/1918 gestellt. Anl\u00e4sslich des 100. Jahrestags brachten im Juli 2014 Willy Wimmer und Wolfgang Effenberger das Buch &#8222;Wiederkehr der Hasardeure &#8211; Schattenstrategen, Kriegstreiber, stille Profiteure 1914 und heute&#8220; heraus. In ihrem Vorwort schrieben die Autoren damals: <i>\u201eDenn die gleichen Kreise, die vor hundert Jahren nationale Konflikte f\u00fcr ihre Interessen instrumentalisierten, sind heute wieder am Werk. Wieder wird bedenkenlos gepokert und dabei billigend die Gefahr eines Weltkriegs und damit neues unermessliches Leid in Kauf genommen.\u201c<\/i> Drei Monate sp\u00e4ter erschien das US-Langzeit-Strategie-Papier TRADOC 525-3-1 &#8222;Win in a Complex World 2020-2040&#8220; mit der Anweisung an die Streitkr\u00e4fte, sich auf einen Krieg gegen Russland und China vorzubereiten.<\/p>\n","protected":false},"author":3,"featured_media":19600,"comment_status":"closed","ping_status":"closed","sticky":false,"template":"","format":"standard","meta":{"colormag_page_container_layout":"default_layout","colormag_page_sidebar_layout":"default_layout","advanced_seo_description":"","jetpack_seo_html_title":"","jetpack_seo_noindex":false,"jetpack_post_was_ever_published":false,"footnotes":""},"categories":[1162],"tags":[473,1458,605,452,572,1495,1155,1069,188,2227,638,185],"class_list":["post-19595","post","type-post","status-publish","format-standard","has-post-thumbnail","hentry","category-geschichte","tag-1-weltkrieg","tag-bedrohung","tag-desinformation","tag-deutschland","tag-geschichtsfaelschung","tag-globalstrategie","tag-hegemonie","tag-katastrophe","tag-krieg","tag-kriegstreiber","tag-medienverantwortung","tag-usa"],"jetpack_featured_media_url":"https:\/\/i0.wp.com\/www.freidenker.org\/fw17\/wp-content\/uploads\/2024\/07\/Bombardement_allemand_sur_Reims_01_800x450.jpg?fit=800%2C450&ssl=1","jetpack_shortlink":"https:\/\/wp.me\/p9stpK-563","jetpack-related-posts":[{"id":21149,"url":"https:\/\/www.freidenker.org\/?p=21149","url_meta":{"origin":19595,"position":0},"title":"Diskussion: Die geopolitische Bedeutung der BRICS+","author":"Webredaktion","date":"12. M\u00e4rz 2025","format":false,"excerpt":"Einladung: Sonnabend, 15. M\u00e4rz 2025, 10:00 Uhr, Jugendherberge Leiterstra\u00dfe 10, 39104 Magdeburg Einleitungsreferat: Dr. Wolfgang Effenberger Die Chance, nach Aufl\u00f6sung der Warschauer Vertragsorganisation und dem Ende der Sowjetunion eine Friedensordnung f\u00fcr das 21. Jahrhundert zu begr\u00fcnden, wurde vertan. .... Die Entwicklung der BRIC-\/ BRICS-\/ BRICS+ Staaten markiert den Weg in\u2026","rel":"","context":"In &quot;Zentrale Veranstaltungen&quot;","block_context":{"text":"Zentrale Veranstaltungen","link":"https:\/\/www.freidenker.org\/?cat=20"},"img":{"alt_text":"","src":"https:\/\/i0.wp.com\/www.freidenker.org\/fw17\/wp-content\/uploads\/2025\/03\/2018_BRICS_summit_6_800x450.jpg?fit=800%2C450&ssl=1&resize=350%2C200","width":350,"height":200,"srcset":"https:\/\/i0.wp.com\/www.freidenker.org\/fw17\/wp-content\/uploads\/2025\/03\/2018_BRICS_summit_6_800x450.jpg?fit=800%2C450&ssl=1&resize=350%2C200 1x, https:\/\/i0.wp.com\/www.freidenker.org\/fw17\/wp-content\/uploads\/2025\/03\/2018_BRICS_summit_6_800x450.jpg?fit=800%2C450&ssl=1&resize=525%2C300 1.5x, https:\/\/i0.wp.com\/www.freidenker.org\/fw17\/wp-content\/uploads\/2025\/03\/2018_BRICS_summit_6_800x450.jpg?fit=800%2C450&ssl=1&resize=700%2C400 2x"},"classes":[]},{"id":20575,"url":"https:\/\/www.freidenker.org\/?p=20575","url_meta":{"origin":19595,"position":1},"title":"Herrschaftsinstrument Geschichtsmanipulation &#8211; Teil 1","author":"Webredaktion","date":"25. Dezember 2024","format":false,"excerpt":"Teil 1: Wie in Europa konsequent ein pro-angloamerikanisches Geschichtsbild\u00a0verankert wird. Standpunkt von Wolfgang Effenberger \u201eDas 2005 gegr\u00fcndete Europ\u00e4ische Netzwerk Erinnerung und Solidarit\u00e4t f\u00f6rdert den Dialog \u00fcber die Geschichte Europas im 20. Jahrhundert, indem es Projekte wie Konferenzen, Workshops, Exkursionen und Ausstellungen veranstaltet\u201c, hei\u00dft es auf der Homepage. Die monumentale Freiluftausstellung\u2026","rel":"","context":"In &quot;Demokratie \u2013 Medien \u2013 Aufkl\u00e4rung&quot;","block_context":{"text":"Demokratie \u2013 Medien \u2013 Aufkl\u00e4rung","link":"https:\/\/www.freidenker.org\/?cat=12"},"img":{"alt_text":"","src":"https:\/\/i0.wp.com\/www.freidenker.org\/fw17\/wp-content\/uploads\/2024\/12\/Patriotic_Service_League_512626_800x450_v2.jpg?fit=800%2C450&ssl=1&resize=350%2C200","width":350,"height":200,"srcset":"https:\/\/i0.wp.com\/www.freidenker.org\/fw17\/wp-content\/uploads\/2024\/12\/Patriotic_Service_League_512626_800x450_v2.jpg?fit=800%2C450&ssl=1&resize=350%2C200 1x, https:\/\/i0.wp.com\/www.freidenker.org\/fw17\/wp-content\/uploads\/2024\/12\/Patriotic_Service_League_512626_800x450_v2.jpg?fit=800%2C450&ssl=1&resize=525%2C300 1.5x, https:\/\/i0.wp.com\/www.freidenker.org\/fw17\/wp-content\/uploads\/2024\/12\/Patriotic_Service_League_512626_800x450_v2.jpg?fit=800%2C450&ssl=1&resize=700%2C400 2x"},"classes":[]},{"id":19181,"url":"https:\/\/www.freidenker.org\/?p=19181","url_meta":{"origin":19595,"position":2},"title":"Immanuel Kants 300. Geburtstag &#8211; Teil 2","author":"Webredaktion","date":"25. Mai 2024","format":false,"excerpt":"Teil 2: Reiseimpressionen aus Kaliningrad (ehemals K\u00f6nigsberg) Ein Kommentar von Wolfgang Effenberger Am 22. April 2024, dem 300sten Geburtstag von Immanuel Kant, sollte neben anderen Veranstaltungen die 1. Internationale Konferenz \u201cZum ewigen Frieden\u201d in K\u00f6nigsberg \/ Kaliningrad stattfinden. Wolfgang Effenberger war eingeladen, einen Kurzvortrag zur aktuellen Lage und zu Kants\u2026","rel":"","context":"In &quot;Kultur &amp; Kunst&quot;","block_context":{"text":"Kultur &amp; Kunst","link":"https:\/\/www.freidenker.org\/?cat=913"},"img":{"alt_text":"","src":"https:\/\/i0.wp.com\/www.freidenker.org\/fw17\/wp-content\/uploads\/2024\/05\/effenberger_kant2_02_800x450.jpg?fit=800%2C448&ssl=1&resize=350%2C200","width":350,"height":200,"srcset":"https:\/\/i0.wp.com\/www.freidenker.org\/fw17\/wp-content\/uploads\/2024\/05\/effenberger_kant2_02_800x450.jpg?fit=800%2C448&ssl=1&resize=350%2C200 1x, https:\/\/i0.wp.com\/www.freidenker.org\/fw17\/wp-content\/uploads\/2024\/05\/effenberger_kant2_02_800x450.jpg?fit=800%2C448&ssl=1&resize=525%2C300 1.5x, https:\/\/i0.wp.com\/www.freidenker.org\/fw17\/wp-content\/uploads\/2024\/05\/effenberger_kant2_02_800x450.jpg?fit=800%2C448&ssl=1&resize=700%2C400 2x"},"classes":[]},{"id":18884,"url":"https:\/\/www.freidenker.org\/?p=18884","url_meta":{"origin":19595,"position":3},"title":"EU-Wahl 2024: Kein Ruf nach Frieden \u2013 fast alle Parteien sind auf R\u00fcstung und Krieg fixiert (Teil 2)","author":"Webredaktion","date":"29. April 2024","format":false,"excerpt":"Teil 2: \u00a0Die 10. EU-Wahl im Schatten des Krieges Kommentar von\u00a0Wolfgang Effenberger Vom 6. bis zum 9. Juni 2024 (in Deutschland am 9. Juni) w\u00e4hlen die\u00a027 Mitgliedsstaaten der EU ein neues Europ\u00e4isches Parlament. Zum ersten Mal sind auch Jugendliche ab 16 Jahren wahlberechtigt. Daf\u00fcr haben sich die GR\u00dcNEN\u00a0seit zwei Jahren\u2026","rel":"","context":"In &quot;Demokratie \u2013 Medien \u2013 Aufkl\u00e4rung&quot;","block_context":{"text":"Demokratie \u2013 Medien \u2013 Aufkl\u00e4rung","link":"https:\/\/www.freidenker.org\/?cat=12"},"img":{"alt_text":"","src":"https:\/\/i0.wp.com\/www.freidenker.org\/fw17\/wp-content\/uploads\/2024\/04\/Effenberger_EU-Wahl_02_800x450.jpg?fit=800%2C450&ssl=1&resize=350%2C200","width":350,"height":200,"srcset":"https:\/\/i0.wp.com\/www.freidenker.org\/fw17\/wp-content\/uploads\/2024\/04\/Effenberger_EU-Wahl_02_800x450.jpg?fit=800%2C450&ssl=1&resize=350%2C200 1x, https:\/\/i0.wp.com\/www.freidenker.org\/fw17\/wp-content\/uploads\/2024\/04\/Effenberger_EU-Wahl_02_800x450.jpg?fit=800%2C450&ssl=1&resize=525%2C300 1.5x, https:\/\/i0.wp.com\/www.freidenker.org\/fw17\/wp-content\/uploads\/2024\/04\/Effenberger_EU-Wahl_02_800x450.jpg?fit=800%2C450&ssl=1&resize=700%2C400 2x"},"classes":[]},{"id":19858,"url":"https:\/\/www.freidenker.org\/?p=19858","url_meta":{"origin":19595,"position":4},"title":"Die langen Schatten des Ersten Weltkriegs (6)","author":"Webredaktion","date":"24. September 2024","format":false,"excerpt":"Teil 6: Kritische Stimmen aus Gro\u00dfbritannien Kommentar von\u00a0Wolfgang Effenberger. 1897 \u2013 zwei Jahre vor Beginn des barbarischen Zweiten Burenkriegs der Briten (Lord Milner\u00b4s War) \u2013 hielt der deutsche Au\u00dfenminister und sp\u00e4tere Kanzler Bernhard von B\u00fclow seine ber\u00fchmte, aber oft auch verk\u00fcrzt wiedergegebene Rede im Reichstag. Wohl in Anspielung an die\u2026","rel":"","context":"In &quot;Geschichte&quot;","block_context":{"text":"Geschichte","link":"https:\/\/www.freidenker.org\/?cat=1162"},"img":{"alt_text":"","src":"https:\/\/i0.wp.com\/www.freidenker.org\/fw17\/wp-content\/uploads\/2024\/09\/Bombardement_allemand_sur_Reims_01_800x450_t6.jpg?fit=800%2C450&ssl=1&resize=350%2C200","width":350,"height":200,"srcset":"https:\/\/i0.wp.com\/www.freidenker.org\/fw17\/wp-content\/uploads\/2024\/09\/Bombardement_allemand_sur_Reims_01_800x450_t6.jpg?fit=800%2C450&ssl=1&resize=350%2C200 1x, https:\/\/i0.wp.com\/www.freidenker.org\/fw17\/wp-content\/uploads\/2024\/09\/Bombardement_allemand_sur_Reims_01_800x450_t6.jpg?fit=800%2C450&ssl=1&resize=525%2C300 1.5x, https:\/\/i0.wp.com\/www.freidenker.org\/fw17\/wp-content\/uploads\/2024\/09\/Bombardement_allemand_sur_Reims_01_800x450_t6.jpg?fit=800%2C450&ssl=1&resize=700%2C400 2x"},"classes":[]},{"id":10812,"url":"https:\/\/www.freidenker.org\/?p=10812","url_meta":{"origin":19595,"position":5},"title":"Nach tristem G-7 Gipfel Hoffnungsschimmer in Genf?","author":"Webredaktion","date":"11. Juli 2021","format":false,"excerpt":"Beitrag von Wolfgang Effenberger, Sprecherin Sabiene Jahn Bereits eine Woche vor dem G7-Gipfel waren die Finanzminister in London zusammengekommen, um nach jahrelangen Verhandlungen einheitliche Regeln zur k\u00fcnftigen Besteuerung von multinationalen Unternehmen wie beispielsweise Amazon, Google, Microsoft oder Apple zu verabschieden mit dem Ziel, Steueroasen auszutrocknen. Angeblich ein Jahrhundertwerk. Die US-amerikanische\u2026","rel":"","context":"In &quot;Frieden - Antifaschismus - Solidarit\u00e4t&quot;","block_context":{"text":"Frieden - Antifaschismus - Solidarit\u00e4t","link":"https:\/\/www.freidenker.org\/?cat=13"},"img":{"alt_text":"","src":"https:\/\/i0.wp.com\/www.freidenker.org\/fw17\/wp-content\/uploads\/2021\/07\/jahn_effenberger_g7_800x450.jpg?fit=800%2C450&ssl=1&resize=350%2C200","width":350,"height":200,"srcset":"https:\/\/i0.wp.com\/www.freidenker.org\/fw17\/wp-content\/uploads\/2021\/07\/jahn_effenberger_g7_800x450.jpg?fit=800%2C450&ssl=1&resize=350%2C200 1x, https:\/\/i0.wp.com\/www.freidenker.org\/fw17\/wp-content\/uploads\/2021\/07\/jahn_effenberger_g7_800x450.jpg?fit=800%2C450&ssl=1&resize=525%2C300 1.5x, https:\/\/i0.wp.com\/www.freidenker.org\/fw17\/wp-content\/uploads\/2021\/07\/jahn_effenberger_g7_800x450.jpg?fit=800%2C450&ssl=1&resize=700%2C400 2x"},"classes":[]}],"_links":{"self":[{"href":"https:\/\/www.freidenker.org\/index.php?rest_route=\/wp\/v2\/posts\/19595","targetHints":{"allow":["GET"]}}],"collection":[{"href":"https:\/\/www.freidenker.org\/index.php?rest_route=\/wp\/v2\/posts"}],"about":[{"href":"https:\/\/www.freidenker.org\/index.php?rest_route=\/wp\/v2\/types\/post"}],"author":[{"embeddable":true,"href":"https:\/\/www.freidenker.org\/index.php?rest_route=\/wp\/v2\/users\/3"}],"replies":[{"embeddable":true,"href":"https:\/\/www.freidenker.org\/index.php?rest_route=%2Fwp%2Fv2%2Fcomments&post=19595"}],"version-history":[{"count":0,"href":"https:\/\/www.freidenker.org\/index.php?rest_route=\/wp\/v2\/posts\/19595\/revisions"}],"wp:featuredmedia":[{"embeddable":true,"href":"https:\/\/www.freidenker.org\/index.php?rest_route=\/wp\/v2\/media\/19600"}],"wp:attachment":[{"href":"https:\/\/www.freidenker.org\/index.php?rest_route=%2Fwp%2Fv2%2Fmedia&parent=19595"}],"wp:term":[{"taxonomy":"category","embeddable":true,"href":"https:\/\/www.freidenker.org\/index.php?rest_route=%2Fwp%2Fv2%2Fcategories&post=19595"},{"taxonomy":"post_tag","embeddable":true,"href":"https:\/\/www.freidenker.org\/index.php?rest_route=%2Fwp%2Fv2%2Ftags&post=19595"}],"curies":[{"name":"wp","href":"https:\/\/api.w.org\/{rel}","templated":true}]}}