{"id":19586,"date":"2024-07-28T17:42:43","date_gmt":"2024-07-28T15:42:43","guid":{"rendered":"https:\/\/www.freidenker.org\/?p=19586"},"modified":"2024-08-14T23:38:13","modified_gmt":"2024-08-14T21:38:13","slug":"dressierter-journalismus-wie-der-bundeskanzler-fake-news-streut","status":"publish","type":"post","link":"https:\/\/www.freidenker.org\/?p=19586","title":{"rendered":"Dressierter Journalismus: Wie der Bundeskanzler Fake News streut"},"content":{"rendered":"<p><strong>In der BPK mit dem Bundeskanzler wurde deutlich, welche Auswirkungen Zensur auf Journalismus hat. Er kann faktisch alles behaupten, Widerspruch unterbleibt. Dem deutschen Mainstream wurden die Instrumente Zensur und Repression vorgef\u00fchrt \u2013 er gibt sich handzahm und gut dressiert. <\/strong><\/p>\n<p><em>Von <strong>Gert Ewen Ungar<\/strong><br \/>\n<\/em><\/p>\n<p><span style=\"font-size: 10pt;\">Erstver\u00f6ffentlichung am 25.07.2024 auf <a href=\"https:\/\/freedert.online\/meinung\/213559-dressierter-journalismus-wie-bundeskanzler-fake\/\" target=\"_blank\" rel=\"noopener\">RT DE<\/a><\/span><\/p>\n<div class=\"EmbedBlock-root EmbedBlock-all\">\n<div class=\"AllEmbed\"><iframe loading=\"lazy\" title=\"Dressierter Journalismus: Wie der Bundeskanzler Fake News streut\" src=\"https:\/\/www.podbean.com\/player-v2\/?i=de7cu-167f552-pb&amp;from=pb6admin&amp;share=1&amp;download=1&amp;rtl=0&amp;fonts=Arial&amp;skin=f6f6f6&amp;font-color=&amp;logo_link=episode_page&amp;btn-skin=7\" width=\"100%\" height=\"150\" scrolling=\"no\" allowfullscreen=\"allowfullscreen\" data-name=\"pb-iframe-player\" data-mce-fragment=\"1\"><\/iframe><\/div>\n<\/div>\n<p>Die Bundespressekonferenz (BPK) mit Bundeskanzler Olaf Scholz lieferte einen Eindruck davon, welche Auswirkungen Zensur und Einschr\u00e4nkung der Pressefreiheit auf den Journalismus haben. Handzahme, gut domestizierte Journalisten stellten absehbare Fragen, die den Themenkreis, in dem sich der \u00f6ffentliche Diskurs in Deutschland bewegen darf, nicht einen Millimeter \u00fcberschritten.<\/p>\n<p>Wer beispielsweise meint, die versammelte Haupstadtjournaille h\u00e4tte den Schneid besessen, vom Kanzler Auskunft \u00fcber den Stand der Ermittlungen zu Nord Stream zu fordern, sieht sich get\u00e4uscht. Den Mut hatten die wohl dressierten Pressevertreter nat\u00fcrlich nicht. Woher auch. Ihnen wird mit jedem neuen Tag immer noch ein bisschen deutlicher vor Augen gef\u00fchrt, wohin kritischer Journalismus in Deutschland f\u00fchren kann \u2013 zu Isolation und Ausgrenzung, zu Jobverlust, zu Verbot, zu Festnahme und Beschlagnahmung privaten Verm\u00f6gens. In Deutschland herrschen l\u00e4ngst autorit\u00e4re Zust\u00e4nde.<\/p>\n<p>Jeder der anwesenden Journalisten hat daher tief verinnerlicht, in welchem Rahmen Fragen zul\u00e4ssig sind, welche Grenze nicht \u00fcberschritten werden d\u00fcrfen, wovon man im eigenen, vitalen Interesse besser die Finger l\u00e4sst. Nord Stream ist so ein Thema. Die Themen Russland und Ukraine-Krieg sind sensibel. So darf der Kanzler unwidersprochen Desinformation und Fake verbreiten, ohne mit Widerspruch rechnen zu m\u00fcssen. Zensur z\u00e4hmt, Repression l\u00e4hmt.<\/p>\n<blockquote><p><em>&#8222;Das, was uns heute und schon seit langer Zeit passiert, ist der Ausstieg Russlands aus den R\u00fcstungskontrollregimen, die wir im Rahmen der Entspannungspolitik m\u00fchselig entwickelt und aufgebaut haben, bei der Willy Brandt und Helmut Schmidt f\u00fcr uns in Deutschland eine ganz zentrale Rolle gespielt haben&#8220;<\/em>,<\/p><\/blockquote>\n<p>behauptet der Kanzler die Fakten grob und wissentlich verzerrend. Die deutsche Journaille nimmt\u00a0die Faktenverdreherei des Kanzlers einfach hin.<\/p>\n<p>Tats\u00e4chlich haben die USA die wichtigsten Abr\u00fcstungs- und R\u00fcstungskontrollvertr\u00e4ge aufgek\u00fcndigt. Es begann bereits unter Obama, wurde unter Trump fortgesetzt und schlie\u00dflich von Biden vollendet. Die Sicherheitsarchitektur Europas ist Geschichte \u2013 der Hegemon wollte es so. Echter Journalismus w\u00fcrde zumindest an die Chronologie der Abl\u00e4ufe erinnern. In Deutschland gibt es echten Journalismus jedoch nur noch in hom\u00f6opathischen Dosen. Scholz darf seine Desinformation ungeschoren verbreiten.<\/p>\n<p>Aber nat\u00fcrlich nutzt nicht nur der Kanzler den Freiraum zur L\u00fcge, der durch umfassende Zensur geschaffen wurde. Wirtschaftsminister Robert Habeck verbreitet regelm\u00e4\u00dfig, Putin habe Deutschland das Gas abgestellt. Fakt ist auch hier: Die Abl\u00e4ufe waren anders. Ebenso greift auch Baerbock gern und h\u00e4ufig zu frei erfundenen Geschichten, um ihre politischen Forderungen zu begr\u00fcnden. Das Gleiche machen auch andere Mitglieder der Ampel-Regierung und der CDU-Opposition. Sie k\u00f6nnen das tun, denn das journalistische Korrektiv wurde in Deutschland abgew\u00fcrgt. Das Narrativ steht \u00fcber allem, vor allem \u00fcber der Wahrheit. Wer sich dem nicht f\u00fcgt, wird zensiert, dem wird die Existenzgrundlage genommen, der wird ausgegrenzt. Also lieber f\u00fcgen.<\/p>\n<p>Jeder, der f\u00fcr Verhandlungen ist, will die Ukraine zur Kapitulation dr\u00e4ngen, behauptet der Kanzler, der sich gern wieder mit dem Schlagwort &#8222;Frieden&#8220; auf Wahlkampftour begeben will. Seine Auslegung des Wortes &#8222;Frieden&#8220; impliziert jedoch die vollst\u00e4ndige Vernichtung der Ukraine.<\/p>\n<blockquote><p><em>&#8222;Nein, ich w\u00fcrde mich gerne wieder damit plakatieren lassen, weil ich ja nicht der Polemik rechter und linker Populisten und einiger Scharfmacher folge, wonach man nur dann f\u00fcr Frieden ist, wenn man der Ukraine die bedingungslose Kapitulation empfiehlt.&#8220;<\/em><\/p><\/blockquote>\n<p>Die weichgesp\u00fclte Hauptstadtjournaille nimmt es hin. Dabei ist die Politik der Waffenlieferungen bei Ausschluss von Verhandlungen der Garant daf\u00fcr, die Ukraine in eine bedingungslose Kapitulation zu zwingen. Das Land ist am Ende \u2013 wirtschaftlich, milit\u00e4risch und politisch. Es wird k\u00fcnstlich am Leben erhalten, w\u00e4hrend die Kiewer Machthaber die eigenen M\u00e4nner an der Front verheizen. Aktuell sterben dort nach offiziellen russischen Angaben t\u00e4glich um die 2000 Mann. Das Durchschnittsalter ukrainischer Soldaten liegt inzwischen weit jenseits der 40. Eine greise Truppe versucht deutsche Sehns\u00fcchte nach einer russischen Niederlage zu befriedigen \u2013 das muss schiefgehen. G\u00e4be es den journalistischen Willen, sich um die Einsicht in Zusammenh\u00e4nge zu bem\u00fchen, w\u00fcrde Scholz mit diesen Fakten konfrontiert. Diesen Willen gibt es jedoch nicht.<\/p>\n<p>Dass Deutschland weiterhin keinen Beitrag zum Frieden in Europa leistet, nehmen deutsche Medien nicht nur hin, mit einer Riesen-Portion Gratismut hetzen sie gegen Ungarns Ministerpr\u00e4sidenten Orb\u00e1n, der sich als einziger Politiker eines EU-Landes f\u00fcr eine diplomatische L\u00f6sung eingesetzt und zu diesem Zweck mit allen Parteien gesprochen hat.\u00a0Aber genau in dem Ma\u00df, wie man gegen\u00fcber Orb\u00e1n austeilt, so katzbuckelt man vor der Regierungsbank. Der deutsche Untertan hat seinen Platz in den Redaktionen des deutschen Mainstreams gefunden.<\/p>\n<p>Vor diesem Hintergrund ist auch die pathetisch zur Schau getragene Sorge um die Pressefreiheit in Russland zu verstehen. Russland, die grausame Diktatur, unterdr\u00fcckt die freie Berichterstattung und hat ein neues Gesetz erlassen, dass sich gegen ausl\u00e4ndische Einflussnahme richtet. Darauf angesprochen antwortet Scholz:<\/p>\n<blockquote><p><em>&#8222;Es macht gar keinen gro\u00dfen Sinn, viel \u00fcber die verschiedenen diktatorischen Ma\u00dfnahmen der russischen Regierung zu spekulieren. Das wird nicht die letzte sein, und es wird auch noch welche geben. Wir stehen immer f\u00fcr freie Medien und freie Presse ein und setzen uns daf\u00fcr auch ein mit den M\u00f6glichkeiten, die wir au\u00dferhalb Deutschlands manchmal nur sehr begrenzt haben.&#8220;<\/em><\/p><\/blockquote>\n<p>Absurdes Theater in reiner Form. Nein, an dieser Stelle ist keiner der Journalisten im Saal in Lachen ausgebrochen. Es gab selbstverst\u00e4ndlich keinen Widerspruch, keinen Einwand angesichts der umfassenden Zensurma\u00dfnahmen und Verbote in Deutschland.\u00a0 Die Meute kuscht vorm Kanzler. Die doppelten Standards\u00a0deutscher Politik im Brustton der \u00dcberzeugung ihrer Richtigkeit durchdeklinieren zu k\u00f6nnen, ist zur Einstellungsvoraussetzung f\u00fcr Mainstream-Journalisten geworden.<\/p>\n<p>Dabei agieren die aus Russland berichtenden deutschen Medien in Russland deutlich freier als in Deutschland. Sie d\u00fcrfen in einem Ausma\u00df Fake und Desinformation \u00fcber\u00a0Russland und die russische Regierung verbreiten, f\u00fcr die sie \u2013 w\u00fcrden sie das in demselben Ausma\u00df \u00fcber die deutsche Regierung tun \u2013 sofort Opfer von Zensur und Verbot werden w\u00fcrden. Wie im Falle Orb\u00e1ns zeigen deutsche Journalisten gegen\u00fcber Russlands ganz viel Gratismut. Respekt und Achtung verdienen sie daf\u00fcr allerdings nicht. Mit dem Verbreiten von Fake News \u00fcber Russland bedienen sie das deutsche Narrativ. Sie f\u00fchren ihre Konsumenten in die Irre. Man nennt den Vorgang &#8222;Propaganda&#8220;.<\/p>\n<p>Die BPK mit dem Kanzler lieferte ein anschauliches Beispiel daf\u00fcr, wohin Zensur, Einschr\u00e4nkung von Presse- und Meinungsfreiheit sowie offene Repression f\u00fchren. Man verschanzt sich in einer eigenen, von der Realit\u00e4t abgekoppelten Welt und tut so, als sei sie echt. Deutscher Journalismus ist ein weltabgewandte Bubble. Man best\u00e4tigt sich und seinen Lesern, dass alles in bester Ordnung ist. Mit der Welt der Tatsachen hat diese Form journalistischen Gesundbetens jedoch rein gar nichts zu tun.<\/p>\n<p>Das Abgleiten ins Irreale, in die Bubble wurde m\u00f6glich, da in Deutschland jedes Korrektiv, echter Journalismus, echte Kritik unterdr\u00fcckt wird. Durch Statuieren von Exempeln gegen\u00fcber unabh\u00e4ngigen, kritischen Journalisten wird der verbliebene Rest journalistisch kastriert. Er mauzt, wo er br\u00fcllen sollte. Er wedelt mit dem Schwanz, wo er zubei\u00dfen m\u00fcsste. Die Bundespressekonferenz mit Scholz f\u00fchrte den bedenklichen Zustand des deutschen Journalismus gestern anschaulich vor.<\/p>\n<p>Dauerhaften Bestand hat diese Form von Repression und Unterdr\u00fcckung journalistischer Freiheit nicht, zeigt gerade auch die deutsche Geschichte. Deutschland geht erneut in die Irre. Es wiederholt wie im Zwang in der Vergangenheit gemachte Fehler. Mit tats\u00e4chlichem Respekt der politisch Verantwortlichen vor Pressefreiheit und kritischem Denken w\u00e4re Deutschland dieser erneute Irrweg erspart geblieben. F\u00fcr die Konsumenten deutscher Medienerzeugnisse wird das Erwachen in der Wirklichkeit absehbar ein schwerer Schlag.<\/p>\n<p style=\"text-align: right;\"><em>Gert-Ewen Ungar studierte Philosophie und Germanistik und schreibt regelm\u00e4\u00dfig f\u00fcr die <a href=\"https:\/\/www.neulandrebellen.de\/\" target=\"_blank\" rel=\"noopener\">Neulandrebellen\u00a0<\/a><\/em><\/p>\n<hr \/>\n<p><span style=\"font-size: 10pt;\">Bild oben: Olaf Scholz auf einer Pressekonferenz mit dem britischen Premierminister Rishi Sunak im Bundeskanzleramt am 24.04.2024 (Bildausschnitt)\u00a0<\/span><br \/>\n<span style=\"font-size: 10pt;\">Foto: Simon Walker \/ Prime Minister&#8217;s Office of the United Kingdom &#8211; <a href=\"https:\/\/www.gov.uk\/government\/speeches\/prime-ministers-conference-speech-in-germany-24-april-2024\" target=\"_blank\" rel=\"noopener\">https:\/\/www.gov.uk\/government\/speeches\/prime-ministers-conference-speech-in-germany-24-april-2024<\/a>, <a href=\"http:\/\/www.nationalarchives.gov.uk\/doc\/open-government-licence\/version\/3\" target=\"_blank\" rel=\"noopener\">OGL 3<\/a>,<br \/>\nQuelle: <a href=\"https:\/\/commons.wikimedia.org\/w\/index.php?curid=149054815\" target=\"_blank\" rel=\"noopener\">https:\/\/commons.wikimedia.org\/w\/index.php?curid=149054815<\/a><\/span><\/p>\n","protected":false},"excerpt":{"rendered":"<p><b>Beitrag von Gert Ewen Ungar<\/b><br \/>\nDie Bundespressekonferenz (BPK) mit Bundeskanzler Olaf Scholz lieferte einen Eindruck davon, welche Auswirkungen Zensur und Einschr\u00e4nkung der Pressefreiheit auf den Journalismus haben. Handzahme, gut domestizierte Journalisten stellten absehbare Fragen, die den Themenkreis, in dem sich der \u00f6ffentliche Diskurs in Deutschland bewegen darf, nicht einen Millimeter \u00fcberschritten.\u00a0Wer beispielsweise meint, die versammelte Haupstadtjournaille h\u00e4tte den Schneid besessen, vom Kanzler Auskunft \u00fcber den Stand der Ermittlungen zu Nord Stream zu fordern, sieht sich get\u00e4uscht. Den Mut hatten die wohl dressierten Pressevertreter nat\u00fcrlich nicht. Woher auch. Ihnen wird mit jedem neuen Tag immer noch ein bisschen deutlicher vor Augen gef\u00fchrt, wohin kritischer Journalismus in Deutschland f\u00fchren kann \u2013 zu Isolation und Ausgrenzung, zu Jobverlust, zu Verbot, zu Festnahme und Beschlagnahmung privaten Verm\u00f6gens. In Deutschland herrschen l\u00e4ngst autorit\u00e4re Zust\u00e4nde.\u00a0<\/p>\n","protected":false},"author":3,"featured_media":19589,"comment_status":"closed","ping_status":"closed","sticky":false,"template":"","format":"standard","meta":{"colormag_page_container_layout":"default_layout","colormag_page_sidebar_layout":"default_layout","advanced_seo_description":"","jetpack_seo_html_title":"","jetpack_seo_noindex":false,"jetpack_post_was_ever_published":false,"footnotes":""},"categories":[12],"tags":[335,1315,1317,596,2266,637,222,2267,1715,1525,527],"class_list":["post-19586","post","type-post","status-publish","format-standard","has-post-thumbnail","hentry","category-demokratie-medien-aufklaerung","tag-frieden","tag-journalismus","tag-nord-stream","tag-pressefreiheit","tag-pressekonferenz","tag-propaganda","tag-russland","tag-ruestungskontrolle","tag-verhandlungen","tag-waffenlieferungen","tag-zensur"],"jetpack_featured_media_url":"https:\/\/i0.wp.com\/www.freidenker.org\/fw17\/wp-content\/uploads\/2024\/07\/Sunak_press_conference_with_Scholz_2024.jpg?fit=800%2C450&ssl=1","jetpack_shortlink":"https:\/\/wp.me\/p9stpK-55U","jetpack-related-posts":[{"id":13817,"url":"https:\/\/www.freidenker.org\/?p=13817","url_meta":{"origin":19586,"position":0},"title":"FREIDENKER Nr. 2-22 \u2013 Zensur","author":"Webredaktion","date":"22. Juli 2022","format":false,"excerpt":"Die Ausgabe 2-22 des Verbandsorgans FREIDENKER hat das Schwerpunkt-Thema \u201eZensur\u201c und enth\u00e4lt u.a. folgende Beitr\u00e4ge: - \u201eCancel Culture\u201c gegen Freidenker: Kultur gegen Denunzianten verteidigt - Hannes Hofbauer: Geschichte der Zensur im deutschsprachigen Raum - Michael Meyen: Auf dem Weg zum Wahrheitsministerium - Gert Ewen Ungar: Zensur russischer Medien durch die\u2026","rel":"","context":"In &quot;Verbandsorgan FREIDENKER&quot;","block_context":{"text":"Verbandsorgan FREIDENKER","link":"https:\/\/www.freidenker.org\/?cat=8"},"img":{"alt_text":"","src":"https:\/\/i0.wp.com\/www.freidenker.org\/fw17\/wp-content\/uploads\/2022\/07\/FD_2022-02_Titel_mR.jpg?fit=800%2C445&ssl=1&resize=350%2C200","width":350,"height":200,"srcset":"https:\/\/i0.wp.com\/www.freidenker.org\/fw17\/wp-content\/uploads\/2022\/07\/FD_2022-02_Titel_mR.jpg?fit=800%2C445&ssl=1&resize=350%2C200 1x, https:\/\/i0.wp.com\/www.freidenker.org\/fw17\/wp-content\/uploads\/2022\/07\/FD_2022-02_Titel_mR.jpg?fit=800%2C445&ssl=1&resize=525%2C300 1.5x, https:\/\/i0.wp.com\/www.freidenker.org\/fw17\/wp-content\/uploads\/2022\/07\/FD_2022-02_Titel_mR.jpg?fit=800%2C445&ssl=1&resize=700%2C400 2x"},"classes":[]},{"id":18732,"url":"https:\/\/www.freidenker.org\/?p=18732","url_meta":{"origin":19586,"position":1},"title":"&#8222;Spiegel&#8220; beklagt Zensur und Einschr\u00e4nkung der Pressefreiheit \u2013 in Israel","author":"Webredaktion","date":"9. April 2024","format":false,"excerpt":"Beitrag von Gert Ewen Ungar \"Wer an die Pressefreiheit glaubt, muss auch abstruse Positionen der anderen aushalten, muss auf den freien Wettstreit der Meinungen vertrauen und hoffen, dass sich das plausibelste Argument am Ende durchsetzt\", schreibt der deutsche Journalist und Dokumentarfilmer Richard C. Schneider im \"Spiegel\".\u00a0Man liest es und reibt\u2026","rel":"","context":"In &quot;Demokratie \u2013 Medien \u2013 Aufkl\u00e4rung&quot;","block_context":{"text":"Demokratie \u2013 Medien \u2013 Aufkl\u00e4rung","link":"https:\/\/www.freidenker.org\/?cat=12"},"img":{"alt_text":"","src":"https:\/\/i0.wp.com\/www.freidenker.org\/fw17\/wp-content\/uploads\/2024\/04\/DER_SPIEGEL05_800x450.jpg?fit=800%2C450&ssl=1&resize=350%2C200","width":350,"height":200,"srcset":"https:\/\/i0.wp.com\/www.freidenker.org\/fw17\/wp-content\/uploads\/2024\/04\/DER_SPIEGEL05_800x450.jpg?fit=800%2C450&ssl=1&resize=350%2C200 1x, https:\/\/i0.wp.com\/www.freidenker.org\/fw17\/wp-content\/uploads\/2024\/04\/DER_SPIEGEL05_800x450.jpg?fit=800%2C450&ssl=1&resize=525%2C300 1.5x, https:\/\/i0.wp.com\/www.freidenker.org\/fw17\/wp-content\/uploads\/2024\/04\/DER_SPIEGEL05_800x450.jpg?fit=800%2C450&ssl=1&resize=700%2C400 2x"},"classes":[]},{"id":17663,"url":"https:\/\/www.freidenker.org\/?p=17663","url_meta":{"origin":19586,"position":2},"title":"Diffamierungs-Journalismus: &#8222;Die Zeit&#8220; attackiert die &#8222;NachDenkSeiten&#8220;","author":"Webredaktion","date":"15. Dezember 2023","format":false,"excerpt":"Beitrag von Gert Ewen Ungar Ein diffamierender Beitrag f\u00fcr Die Zeit macht auf die grundlegenden Probleme im deutschen Journalismus aufmerksam. Viele Journalisten haben sich bedingungslos und v\u00f6llig unkritisch dem Regierungsnarrativ angeschlossen und jede kritische Distanz zu regierungsoffiziellen Positionen verloren. Vom kritischen Begleiter der Politiker wurden sie zu ihren Lautsprechern. Als\u2026","rel":"","context":"In &quot;Demokratie \u2013 Medien \u2013 Aufkl\u00e4rung&quot;","block_context":{"text":"Demokratie \u2013 Medien \u2013 Aufkl\u00e4rung","link":"https:\/\/www.freidenker.org\/?cat=12"},"img":{"alt_text":"","src":"https:\/\/i0.wp.com\/www.freidenker.org\/fw17\/wp-content\/uploads\/2023\/12\/Die_Zeit_Pressehaus_Hamburg_800x450.jpg?fit=800%2C450&ssl=1&resize=350%2C200","width":350,"height":200,"srcset":"https:\/\/i0.wp.com\/www.freidenker.org\/fw17\/wp-content\/uploads\/2023\/12\/Die_Zeit_Pressehaus_Hamburg_800x450.jpg?fit=800%2C450&ssl=1&resize=350%2C200 1x, https:\/\/i0.wp.com\/www.freidenker.org\/fw17\/wp-content\/uploads\/2023\/12\/Die_Zeit_Pressehaus_Hamburg_800x450.jpg?fit=800%2C450&ssl=1&resize=525%2C300 1.5x, https:\/\/i0.wp.com\/www.freidenker.org\/fw17\/wp-content\/uploads\/2023\/12\/Die_Zeit_Pressehaus_Hamburg_800x450.jpg?fit=800%2C450&ssl=1&resize=700%2C400 2x"},"classes":[]},{"id":11154,"url":"https:\/\/www.freidenker.org\/?p=11154","url_meta":{"origin":19586,"position":3},"title":"Journalismus als Blase: Wie der DJV die Pressefreiheit interpretiert","author":"Webredaktion","date":"31. August 2021","format":false,"excerpt":"Beitrag von Gerd Ewen Ungar An den gro\u00dfen Ersch\u00fctterungen, an Finanzkrise, Ukrainekrise, an der Berichterstattung \u00fcber Syrien oder jetzt Afghanistan wird deutlich: Dem deutschen Journalismus fehlt es an ganz viel. Es fehlt an Ausgewogenheit, an Differenziertheit und Vielfalt in der Themensetzung und in der Setzung von Blickwinkeln. Seinen Meinungsbeitr\u00e4gen fehlt\u2026","rel":"","context":"In &quot;Zeit der Verleumder - Freidenker f\u00fcr Klartext&quot;","block_context":{"text":"Zeit der Verleumder - Freidenker f\u00fcr Klartext","link":"https:\/\/www.freidenker.org\/?cat=937"},"img":{"alt_text":"","src":"https:\/\/i0.wp.com\/www.freidenker.org\/fw17\/wp-content\/uploads\/2021\/08\/klartext_pressefreiheit_800x450.jpg?fit=800%2C450&ssl=1&resize=350%2C200","width":350,"height":200,"srcset":"https:\/\/i0.wp.com\/www.freidenker.org\/fw17\/wp-content\/uploads\/2021\/08\/klartext_pressefreiheit_800x450.jpg?fit=800%2C450&ssl=1&resize=350%2C200 1x, https:\/\/i0.wp.com\/www.freidenker.org\/fw17\/wp-content\/uploads\/2021\/08\/klartext_pressefreiheit_800x450.jpg?fit=800%2C450&ssl=1&resize=525%2C300 1.5x, https:\/\/i0.wp.com\/www.freidenker.org\/fw17\/wp-content\/uploads\/2021\/08\/klartext_pressefreiheit_800x450.jpg?fit=800%2C450&ssl=1&resize=700%2C400 2x"},"classes":[]},{"id":15167,"url":"https:\/\/www.freidenker.org\/?p=15167","url_meta":{"origin":19586,"position":4},"title":"&#8222;Faktenfinder&#8220; der Tagesschau: Diffamierungskampagne gegen Alina Lipp geht weiter","author":"Webredaktion","date":"5. Februar 2023","format":false,"excerpt":"Beitrag von Gert Ewen Ungar Die Tagesschau behauptet von sich, das Flaggschiff des deutschen Journalismus zu sein und hohe Standards in der Berichterstattung zu befolgen. Mit dieser vollmundigen Selbstwahrnehmung korrespondiert die Realit\u00e4t immer weniger. Insbesondere in Krisenzeiten zeigt sich die Tagesschau wie viele andere deutsche Medien auch extrem anf\u00e4llig f\u00fcr\u2026","rel":"","context":"In &quot;Demokratie \u2013 Medien \u2013 Aufkl\u00e4rung&quot;","block_context":{"text":"Demokratie \u2013 Medien \u2013 Aufkl\u00e4rung","link":"https:\/\/www.freidenker.org\/?cat=12"},"img":{"alt_text":"","src":"https:\/\/i0.wp.com\/www.freidenker.org\/fw17\/wp-content\/uploads\/2023\/02\/alina_lipp_donbass_800x450.jpg?fit=800%2C450&ssl=1&resize=350%2C200","width":350,"height":200,"srcset":"https:\/\/i0.wp.com\/www.freidenker.org\/fw17\/wp-content\/uploads\/2023\/02\/alina_lipp_donbass_800x450.jpg?fit=800%2C450&ssl=1&resize=350%2C200 1x, https:\/\/i0.wp.com\/www.freidenker.org\/fw17\/wp-content\/uploads\/2023\/02\/alina_lipp_donbass_800x450.jpg?fit=800%2C450&ssl=1&resize=525%2C300 1.5x, https:\/\/i0.wp.com\/www.freidenker.org\/fw17\/wp-content\/uploads\/2023\/02\/alina_lipp_donbass_800x450.jpg?fit=800%2C450&ssl=1&resize=700%2C400 2x"},"classes":[]},{"id":19887,"url":"https:\/\/www.freidenker.org\/?p=19887","url_meta":{"origin":19586,"position":5},"title":"Zensur von RT: Ende der liberalen Demokratien","author":"Webredaktion","date":"23. September 2024","format":false,"excerpt":"Beitrag von Gert Ewen Ungar\u00a0 In einer konzertierten Aktion versetzt der kollektive Westen unter F\u00fchrung der USA der Presse- und Meinungsfreiheit einen weiteren Schlag. Im Zentrum der Attacke steht erneut\u00a0RT. Nachdem die USA neue Sanktionen gegen den russischen Sender verh\u00e4ngt haben, hat nun auch der eng mit der US-Administration verflochtene\u2026","rel":"","context":"In &quot;Demokratie \u2013 Medien \u2013 Aufkl\u00e4rung&quot;","block_context":{"text":"Demokratie \u2013 Medien \u2013 Aufkl\u00e4rung","link":"https:\/\/www.freidenker.org\/?cat=12"},"img":{"alt_text":"","src":"https:\/\/i0.wp.com\/www.freidenker.org\/fw17\/wp-content\/uploads\/2024\/09\/Secretary_Blinken_Delivers_Remarks_in_the_Press_Briefing_Room_53992799309_800x450.jpg?fit=800%2C450&ssl=1&resize=350%2C200","width":350,"height":200,"srcset":"https:\/\/i0.wp.com\/www.freidenker.org\/fw17\/wp-content\/uploads\/2024\/09\/Secretary_Blinken_Delivers_Remarks_in_the_Press_Briefing_Room_53992799309_800x450.jpg?fit=800%2C450&ssl=1&resize=350%2C200 1x, https:\/\/i0.wp.com\/www.freidenker.org\/fw17\/wp-content\/uploads\/2024\/09\/Secretary_Blinken_Delivers_Remarks_in_the_Press_Briefing_Room_53992799309_800x450.jpg?fit=800%2C450&ssl=1&resize=525%2C300 1.5x, https:\/\/i0.wp.com\/www.freidenker.org\/fw17\/wp-content\/uploads\/2024\/09\/Secretary_Blinken_Delivers_Remarks_in_the_Press_Briefing_Room_53992799309_800x450.jpg?fit=800%2C450&ssl=1&resize=700%2C400 2x"},"classes":[]}],"_links":{"self":[{"href":"https:\/\/www.freidenker.org\/index.php?rest_route=\/wp\/v2\/posts\/19586","targetHints":{"allow":["GET"]}}],"collection":[{"href":"https:\/\/www.freidenker.org\/index.php?rest_route=\/wp\/v2\/posts"}],"about":[{"href":"https:\/\/www.freidenker.org\/index.php?rest_route=\/wp\/v2\/types\/post"}],"author":[{"embeddable":true,"href":"https:\/\/www.freidenker.org\/index.php?rest_route=\/wp\/v2\/users\/3"}],"replies":[{"embeddable":true,"href":"https:\/\/www.freidenker.org\/index.php?rest_route=%2Fwp%2Fv2%2Fcomments&post=19586"}],"version-history":[{"count":0,"href":"https:\/\/www.freidenker.org\/index.php?rest_route=\/wp\/v2\/posts\/19586\/revisions"}],"wp:featuredmedia":[{"embeddable":true,"href":"https:\/\/www.freidenker.org\/index.php?rest_route=\/wp\/v2\/media\/19589"}],"wp:attachment":[{"href":"https:\/\/www.freidenker.org\/index.php?rest_route=%2Fwp%2Fv2%2Fmedia&parent=19586"}],"wp:term":[{"taxonomy":"category","embeddable":true,"href":"https:\/\/www.freidenker.org\/index.php?rest_route=%2Fwp%2Fv2%2Fcategories&post=19586"},{"taxonomy":"post_tag","embeddable":true,"href":"https:\/\/www.freidenker.org\/index.php?rest_route=%2Fwp%2Fv2%2Ftags&post=19586"}],"curies":[{"name":"wp","href":"https:\/\/api.w.org\/{rel}","templated":true}]}}