{"id":19581,"date":"2024-07-26T19:51:37","date_gmt":"2024-07-26T17:51:37","guid":{"rendered":"https:\/\/www.freidenker.org\/?p=19581"},"modified":"2024-08-14T23:38:01","modified_gmt":"2024-08-14T21:38:01","slug":"nachruf-fuer-wolfgang-jung","status":"publish","type":"post","link":"https:\/\/www.freidenker.org\/?p=19581","title":{"rendered":"Nachruf f\u00fcr Wolfgang Jung"},"content":{"rendered":"<h3><strong><a id=\"top\"><\/a>Wolfgang Jung<\/strong><\/h3>\n<h4>27.01.1938 \u2014 21.06.2024<\/h4>\n<p><em>Von <strong>Klaus Hartmann<\/strong><\/em><\/p>\n<p><a href=\"#anhang\"><span style=\"font-size: 10pt;\">\u2193 zum Anhang<\/span><\/a><\/p>\n<p>Mit Wolfgang verliert die Friedensbewegung einen unerm\u00fcdlichen K\u00e4mpfer gegen den Krieg und insbesondere gegen Deutschlands \u201eKriegsdrehscheibe\u201c, die US-Air Base Ramstein nahe Kaiserslautern in der Pfalz. Ihn \u201eUrgestein der Friedensbewegung\u201c zu nennen, ist zwar nicht falsch, aber es erfasst sein spezielles Engagement ungen\u00fcgend \u2013 Wolfgang war in erster Linie Friedensforscher, Aufkl\u00e4rer und Mahner.<\/p>\n<p>Von seinen zahlreichen Aktivit\u00e4ten zur Bewahrung des Friedens ist an erster Stelle die gemeinsam mit seiner Ehefrau Fee Strieffler herausgegebene Internetzeitung \u201eDie LUFTPOST \u2013 Friedenspolitische Mitteilungen aus der US-Milit\u00e4rregion Kaiserslautern \/Ramstein\u201c zu nennen. Sie erschien von November 2004 bis April 2021 mit 3.185 Ausgaben und fand viele Tausend Leser im In- und Ausland. Grundlage der faktenbasierten Informationen waren zumeist die von Wolfgang Jung \u00fcbersetzten, \u00f6ffentlich zug\u00e4nglichen offiziellen Mitteilungen aus US-Regierungs- und Milit\u00e4r-Quellen sowie Artikel von US-Autoren.<\/p>\n<p>Die \u201eLuftpost\u201c bleibt auch in Zukunft eine Fundgrube f\u00fcr alle friedenspolitisch interessierten Menschen, denn Fee und Wolfgang haben darin alle erreichbaren milit\u00e4rstrategischen, geopolitischen und waffentechnischen Informationen aus Strategiepapieren sowie in- und ausl\u00e4ndischen Zeitungen akribisch ausgewertet, analysiert und orientierungsgebend eingesch\u00e4tzt. Diese Arbeit bleibt ein Verm\u00e4chtnis f\u00fcr die Friedensbewegung, die gut beraten w\u00e4re, sich diese Kenntnisse und Orientierungen anzueignen.<\/p>\n<p>Wolfgang Jung wurde als Sohn einer Arbeiterfamilie in Miesenbach geboren, das heute Ortsteil von Ramstein-Miesenbach ist. Als Kind erlebte er die Schrecken des Zweiten Weltkriegs, Bombenabw\u00fcrfe und Zerst\u00f6rungen, den Verlust von Spielkameraden, den Tod von Vater und Verwandten. Diese traumatischen Erlebnisse pr\u00e4gten ihn und bestimmten sein unbedingtes Eintreten f\u00fcr Frieden und V\u00f6lkerverst\u00e4ndigung.<\/p>\n<p>Nach Abitur und Lehrerausbildung unterrichtete Wolfgang von 1960 bis 1999 an verschiedenen pf\u00e4lzischen Schulen und wurde von Sch\u00fclern und Kollegen gesch\u00e4tzt. Er erkl\u00e4rte den jungen Menschen, dass Kriege nur Tod und Zerst\u00f6rung bringen. Ehrenamtlich engagierte er sich \u00fcber Jahrzehnte in der Gewerkschaft Erziehung und Wissenschaft, in der Arbeitsloseninitiative, in lokalpolitischen Initiativen, gegen die aufkommenden Berufsverbote und in Friedensinitiativen.<\/p>\n<p>Seit Anfang der 1960er Jahre trug Wolfgang Berichte \u00fcber US-Basen in Rheinland-Pfalz zusammen und war selbst erstaunt \u00fcber die Vielzahl hochkar\u00e4tiger US-Milit\u00e4reinrichtungen, die sich allein in der Region Kaiserslautern\/Ramstein befanden, z.B. die Kommandozentralen der USA und der NATO auf der Air Base Ramstein, die dort stationierten Atombomben und das Atomwaffenlager Miesau, dr\u00fcber hinaus die Atomwaffen, die auf dem Bundeswehrflugplatz B\u00fcchel in der Eifel und auf dem US-Flugplatz Spangdahlem gelagert waren.<\/p>\n<p>F\u00fcr das vom Siegelbacher Pfarrer Hans Joachim Oeffler geleitete \u201eKomitee f\u00fcr Frieden, Abr\u00fcstung und Zusammenarbeit-Kaiserslautern\u201c erarbeiteten Wolfgang Jung und Fee Strieffler die Dokumentation \u201eUS-Milit\u00e4rregion Kaiserslautern\/Ramstein, gr\u00f6\u00dftes atomares Machtzentrum der USA und der NATO in Europa\u201c. Diese erregte bundesweites Aufsehen und rief zugleich den sogenannten \u201eVerfassungsschutz\u201c in Rheinland-Pfalz auf den Plan. Die Bezirksregierung Neustadt a. d. Weinstra\u00dfe er\u00f6ffnete ein Dienstordnungsverfahren gegen Wolfgang mit dem Ziel, den Beamten auf Lebenszeit aus dem Schuldienst zu entfernen. Nach \u00fcber f\u00fcnf Jahren scheiterte der Antrag zwar beim Verwaltungsgericht Neustadt, aber es verf\u00fcgte eine K\u00fcrzung der Bez\u00fcge f\u00fcr die Dauer von drei Jahren um 15%. Nachdem in \u00e4hnlich gelagerten F\u00e4llen in Nordrhein-Westfalen dieses Vorgehen vom Europ\u00e4ischen Gerichtshof f\u00fcr Menschenrechte als menschenrechtswidrig eingestuft und das Land NRW dazu verurteilt wurde, den Betroffenen nicht nur die vorenthaltenen Bez\u00fcge, sondern auch eine hohe Entsch\u00e4digung zu zahlen, forderte Wolfgang Jung Entsprechendes vom Land Rheinland-Pfalz. Dieses zahlte zwar die einbehalten Bez\u00fcge und die durch das Verfahren entstandenen Kosten als \u201eGnadenerweis\u201c, lehnte aber eine Entsch\u00e4digungszahlung ab.<\/p>\n<p>Nachdem Wolfgang Jung 1997 die nebenamtliche Leitung des Medienzentrums Kaiserslautern \u00fcbertragen worden war, fand er in dessen Keller Film-Fragmente, die sich nach m\u00fchevoller Aufbereitung und vorl\u00e4ufiger Datierung als Aufnahmen des ersten Bildstellenleiters Peter Turgetto aus der Nazi-Zeit in Kaiserslautern herausstellten. Der Filmemacher Andreas Pesch erkl\u00e4rte sich bereit, dar\u00fcber eine filmische Dokumentation zu erstellen, und trotz des gro\u00dfen \u00f6ffentlichen Interesses der B\u00fcrger Kaiserslauterns gab es von der Stadtverwaltung keine Unterst\u00fctzung f\u00fcr das Filmprojekt. Eine Spende des damaligen Sparkassendirektors Grob von 10.000 DM deckte wenigsten einen Teil der Produktionskosten, die Suche nach Zeitzeugen begann, und schlie\u00dflich entstand dank des Engagements von Andreas Pesch 1998 der fast einst\u00fcndige Film \u201e12 Jahre und 12 Tage \u2013 Kaiserslautern, eine Stadt im Nationalsozialismus\u201c, er weckte landesweites Interesse, das bis heute anh\u00e4lt.<\/p>\n<p>Gegen die 1979 beschlossene Stationierung der US-Atomraketen Pershing II und Cruise Missiles protestierten Fee und Wolfgang gemeinsam mit Hundertausenden, in Bonn und an den Stationierungsorten. Der Abzug erfolgte nach einer Einigung zwischen Ronald Reagan und Michail Gorbatschow auf Grundlage des INF-Vertrags von 1987, der ihre Verschrottung 1988 und ein Verbot von Raketen der Reichweite zwischen 500 und 5.500 Kilometern in Europa vorsah.<\/p>\n<p>Wolfgang warnte vor der weitverbreiteten tr\u00fcgerischen Erwartung eines ewigen Friedens nach dem Ende der sozialistischen Staaten in Europa, als sich der Warschauer Vertrag aufl\u00f6ste, aber die NATO nicht dran dachte, dies ebenfalls zu tun, und nach dem Abzug der russischen Truppen vom Territorium der DDR blieben die US-Truppen in Westdeutschland. Entgegen gegebener Versprechen r\u00fcckte die NATO immer weiter nach Osten gegen Russlands Grenzen vor. Vor der damit wachsenden Kriegsgefahr warnten Fee und Wolfgang immer wieder in ihren Luftpost-Ver\u00f6ffentlichungen. Der INF-Vertrag wurde von US-Pr\u00e4sident Obama verletzt, indem die USA die mit Cruise Missiles best\u00fcckten Aegis-Systeme auf Schiffen sowie zu Land in Rum\u00e4nien und Polen installierten, das mobile THAAD-System kann mit Raketen gr\u00f6\u00dferer Reichweite best\u00fcckt werden, die auch Atomsprengk\u00f6pfe tragen k\u00f6nnen. \u201eDamit ist eine noch gef\u00e4hrlichere Bedrohungslage f\u00fcr Europa und Russland entstanden als zu Zeiten des Krefelder Appells, denn die US-Mittelstreckenraketen sind jetzt viel n\u00e4her an die russische Westgrenze heranger\u00fcckt und die Vorwarnzeit f\u00fcr russische Abwehrma\u00dfnahmen ist dadurch extrem kurz geworden\u201c, lesen wir in der Luftpost. Schlie\u00dflich k\u00fcndigte Pr\u00e4sident Trump 2019 den INF-Vertrag auch formell auf.<\/p>\n<p>2013 strengte Wolfgang Jung eine Einzelklage gegen die Bundesregierung an, weil diese die v\u00f6lkerrechts- und verfassungswidrige Nutzung der Air Base Ramstein, insbesondere f\u00fcr den US-Drohnen-Krieg, zul\u00e4sst. Die Klage wurde 2013 &#8211; 2016 von drei Instanzen \u2013 dem Verwaltungsgericht K\u00f6ln, dem Oberverwaltungsgericht M\u00fcnster und dem Bundesverwaltungsgericht Leipzig \u2013 mit der fadenscheinigen und absurden Begr\u00fcndung abgewiesen, Wolfgang Jung habe kein Klagerecht, weil er ja selbst gar nicht von US-Drohnen bedroht sei. 2016 fand in Kaiserslautern die Urauff\u00fchrung der Filmdokumentation \u201eRamstein \u2013 das letzte Gefecht\u201c statt, Autor ist der Journalist und Filmemacher Norbert Fleischer, und Wolfgang wirkte an der Dokumentation mit, um die v\u00f6lkerrechts- und grundgesetzwidrigen Aktivit\u00e4ten auf der Air Base Ramstein aufzuzeigen.<\/p>\n<p>Auf den reichen Informationsfundus, den Fee und Wolfgang zusammengetragen und hauts\u00e4chlich via \u201eLuftpost\u201c verbreitet haben, konnten sich viele Friedensinitiativen und -aktionen st\u00fctzen, so auch die Kampagne \u201eStopp Air Base Ramstein\u201c. Leider haben manche davon nur \u201eselektiven Gebrauch\u201c gemacht. So kritisierte Wolfgang beispielsweise, dass der Kampagnenaufruf \u201eauf Betreiben einiger Leute in Berlin auf den Drohnenkrieg via Ramstein verengt wurde\u201c, und: \u201eSie weigern sich hartn\u00e4ckig, die f\u00fcr unser aller \u00dcberleben zwingend notwendige K\u00fcndigung des Vertrages \u00fcber den Aufenthalt ausl\u00e4ndischer Streitkr\u00e4fte in der Bundesrepublik Deutschland und den Austritt der Bundesrepublik aus der NATO, der anschlie\u00dfend erfolgen muss, in ihre Forderungskataloge aufzunehmen und zu dem einigenden Band zu machen, das der Krefelder Appell einmal war.\u201c<\/p>\n<p>Diese Mahnung ist umso dringlicher geworden, nachdem beim j\u00fcngsten NATO-Gipfel zu ihrem 75. Gr\u00fcndungstag der Aufr\u00fcstungskurs zur Aufrechterhaltung der US-Hegemonie nochmals versch\u00e4rft wurde. Bundeskanzler Olaf Scholz unterst\u00fctzte die Erkl\u00e4rung, dass ab 2026 in Deutschland Mittelstreckenraketen der USA stationiert werden sollen, die Ziele in Russland treffen k\u00f6nnen: Tomahawk-Marschflugk\u00f6rper, Reichweite \u00fcber 1.000 Kilometer, Ballistische SM-6- Raketen, Reichweite weniger als tausend Kilometer sowie Hyperschallraketen Dark Eagle, Reichweite \u00fcber 2.500 Kilometer mit extrem verk\u00fcrzter Vorwarnzeit. Damit kommt die 1988 entfernte und verbotene Waffengattung nach Deutschland (Clay-Kaserne Wiesbaden) zur\u00fcck, das damit wie schon im Kalten Krieg m\u00f6gliche Abschussrampe, Zielscheibe und Schlachtfeld eines Atomkrieges wird.<\/p>\n<p>Fee Strieffler bemerkt: \u201eEin Trost ist, dass Wolfgang die schrecklichen Nachrichten der letzten Tage nicht mehr h\u00f6ren und sehen muss. Er muss nicht mehr h\u00f6ren, wie diese in jeder Beziehung zu kurz gekommen wichtigtuenden Kriegstreiber und Kriegsert\u00fcchtiger die Deutschen in einen Dritten Weltkrieg gegen Russland treiben werden. Und alles Geschwerls von \u201aWir sind mehr\u2018 bis hin zu den verblendeten \u201aOmas gegen Rechts\u2018 tappen diesen Rattenf\u00e4ngern auf der Leimrute hinterher \u2013 und schicken ihre Enkel zum Bund \u2013 unfassbar. Er hat es genauso vorhergesagt. Alle k\u00f6nnen wissen was geplant ist, schon lange.\u201c<\/p>\n<p>Wolfgang Jung hat bis zuletzt vor der stetig wachsenden Kriegsgefahr gewarnt. Seine letzte Botschaft lautet: \u201eWenn sich die Bewohner Deutschlands, besonders die, die in dieser Region leben, nicht endlich selbst DAGEGEN aufzulehnen beginnen, werden sie und ihre Kinder, mit den Kriegstreibern und denen, die unser Land wieder \u201akriegst\u00fcchtig\u2018 machen wollen, untergehen \u2026\u201c.<\/p>\n<p>Deshalb nochmal zur\u00fcck zur \u201ef\u00fcr unser aller \u00dcberleben zwingend notwendigen K\u00fcndigung des Vertrages \u00fcber den Aufenthalt ausl\u00e4ndischer Streitkr\u00e4fte in der Bundesrepublik Deutschland und den Austritt der Bundesrepublik aus der NATO. Mit diesen beiden Forderungen, die sich in der pr\u00e4gnanten Formel \u201aNATO raus \u2013 raus aus der NATO!\u2018 zusammenfassen lassen, und durch die gezielte Verbreitung des reichlich vorhandenen Aufkl\u00e4rungsmaterials \u00fcber die besonders in unserem Land laufenden Vorbereitungen f\u00fcr einen Atomkrieg gegen Russland und\/oder China m\u00fcssen die Menschen dar\u00fcber informiert werden, dass sie ganz pl\u00f6tzlich den Atomtod sterben k\u00f6nnten.\u201c<\/p>\n<p>Erf\u00fcllen wir Wolfgangs Verm\u00e4chtnis, indem wir seinem Vorschlag folgen und mit dem kurzen Friedensappell \u201eDer Atomtod bedroht uns alle \u2013 deshalb NATO raus und raus aus der NATO!&#8220; in die \u00d6ffentlichkeit gehen.<\/p>\n<p style=\"text-align: right;\"><em>Klaus Hartmann, stellvertretender Bundesvorsitzender des Deutschen Freidenker-Verbandes<\/em><\/p>\n<p><a href=\"#top\"><span style=\"font-size: 10pt;\">\u2191\u00a0nach oben<\/span><\/a><\/p>\n<hr \/>\n<p>&nbsp;<\/p>\n<h4><a id=\"anhang\"><\/a>Anhang<\/h4>\n<p>Wir dokumentieren einen der letzten gemeinsamen Aufs\u00e4tze von Fee und Wolfgang, der das \u201eWeltbild\u201c der Bundesregierung untersucht, auf dessen Grundlage die neue selbstm\u00f6rderische Raketenstationierung in Deutschland stattfinden soll.<\/p>\n<p><strong>Kanzler Scholz, Au\u00dfenministerin Baerbock\u00a0<\/strong><strong>und die neue Sicherheitsstrategie f\u00fcr die Bundesrepublik Deutschland <\/strong><\/p>\n<p><em>Von <strong>Fee Strieffler<\/strong> und <strong>Wolfgang Jung,<\/strong> 30.06.23<\/em><\/p>\n<p>Am 14. Juni 2023 hat die Bundesregierung ein Dokument mit dem pomp\u00f6sen Titel &#8222;Wehrhaft \u2013 Resilient \u2013 Nachhaltig \/ Integrierte Sicherheit f\u00fcr Deutschland \/ Nationale Sicherheitsstrategie&#8220; ver\u00f6ffentlicht, das direkt aufzurufen ist unter <a href=\"https:\/\/www.nationalesicherheitsstrategie.de\/Sicherheitsstrategie-DE.pdf\">https:\/\/www.nationalesicherheitsstrategie.de\/Sicherheitsstrategie-DE.pdf<\/a> und au\u00dferdem eingebettet \u00fcber <a href=\"https:\/\/www.nationalesicherheitsstrategie.de\/\">https:\/\/www.nationalesicherheitsstrategie.de\/<\/a> ). Eingangs \u00e4u\u00dfern sich Kanzler Scholz und Au\u00dfenministerin Baerbock, die bei der Erstellung dieses Dokumentes die Federf\u00fchrung hatte (s. <a href=\"https:\/\/www.bundesregierung.de\/breg-de\/aktuelles\/pressekonferenz-von-bundeskanzler-scholz-bundesministerin-baerbock-bundesminister-lindner-bundesminister-pistorius-und-bundesministerin-faeser-zur-vorstellung-der-nationalen-sicherheitsstrategie-am-14-juni-2023-2196324\">https:\/\/www.bundesregierung.de\/breg-de\/aktuelles\/pressekonferenz-von-bundeskanzler-scholz-bundesministerin-baerbock-bundesminister-lindner-bundesminister-pistorius-und-bundesministerin-faeser-zur-vorstellung-der-nationalen-sicherheitsstrategie-am-14-juni-2023-2196324<\/a> ,), zu den damit verfolgten Absichten.<\/p>\n<p><strong>Bundeskanzler Olaf Scholz<\/strong>, der sich die Richtlinien seiner Politik nicht nur von Washington diktieren l\u00e4sst , sondern sie auch noch pers\u00f6nlich dort abholt (s. <a href=\"https:\/\/afsaneyebahar.com\/2023\/03\/17\/20695211\/\">https:\/\/afsaneyebahar.com\/2023\/03\/17\/20695211\/<\/a> ), weist die Aufgabe, die Sicherheit der Bundesb\u00fcrger zu gew\u00e4hrleisten, dem &#8222;Staat und der Gesellschaft&#8220; zu:<\/p>\n<p style=\"padding-left: 40px;\"><em>&#8222;Es ist die wichtigste Aufgabe eines jeden Staates, einer jeden Gesellschaft, f\u00fcr die Sicherheit ihrer B\u00fcrgerinnen und B\u00fcrger zu sorgen. Ohne Sicherheit gibt es keine Freiheit, keine Stabilit\u00e4t, keinen Wohlstand.&#8220; <\/em><\/p>\n<p>Er scheint sich also auch nicht mehr an seinen Amtseid zu erinnern, mit dem er gelobt hat, er wolle seine &#8222;Kraft dem Wohle des deutschen Volkes widmen, seinen Nutzen mehren (und) Schaden von ihm wenden&#8220; (s. <a href=\"https:\/\/www.youtube.com\/watch?v=4hgoG78dN7E\">https:\/\/www.youtube.com\/watch?v=4hgoG78dN7E<\/a> ). Weil er im Verteidigungsfall auch Oberbefehlshaber der Bundeswehr ist (s. <a href=\"https:\/\/www.bpb.de\/kurz-knapp\/lexika\/das-junge-politik-lexikon\/320878\/oberbefehlshaber-in\/\">https:\/\/www.bpb.de\/kurz-knapp\/lexika\/das-junge-politik-lexikon\/320878\/oberbefehlshaber-in\/<\/a> ), tr\u00e4gt er und nicht ein anonymer Staat oder die Gesellschaft selbst die Hauptverantwortung f\u00fcr unsere Sicherheit.<\/p>\n<p>Auch in seiner Begr\u00fcndung f\u00fcr die pl\u00f6tzliche Vorlage einer Nationalen Sicherheitsstrategie spielt die Sicherheit der Bundesrepublik allenfalls eine untergeordnete Rolle.<\/p>\n<p style=\"padding-left: 40px;\"><em>&#8222;Die Zeitenwende, die Russlands Angriffskrieg bedeutet, nehmen wir zum Anlass, um unsere Bundeswehr endlich angemessen auszur\u00fcsten. Damit sie ihren Kernauftrag auch in Zukunft erf\u00fcllen kann: die Verteidigung unseres Landes und unserer B\u00fcndnispartner gegen jeden nur denkbaren Angriff. In nur wenigen Monaten haben wir uns aus der Abh\u00e4ngigkeit von russischer Energie befreit und Alternativen geschaffen. Diesen Weg hin zu mehr Sicherheit und weniger Abh\u00e4ngigkeit gehen wir konsequent weiter.&#8220; &#8230;<\/em><\/p>\n<p>Scholz unterstellt einfach, dass der &#8222;Angriffskrieg Russlands&#8220; letztlich auch gegen die Bundesrepublik gerichtet ist und begr\u00fcndet damit seine &#8222;Zeitenwende&#8220;,die ja eigentlich nur ein milliardenschweres Programm zu Hochr\u00fcstung der Bundeswehr mit US-Waffen, also ein sehr profitables Gesch\u00e4ft f\u00fcr die US-R\u00fcstungsindustrie ist (s. <a href=\"https:\/\/www.welt.de\/wirtschaft\/article242043513\/Bundeswehr-Neue-US-Kampfjets-und-Hubschrauber-Industrie-warnt-vor-Abhaengigkeit.html\">https:\/\/www.welt.de\/wirtschaft\/article242043513\/Bundeswehr-Neue-US-Kampfjets-und-Hubschrauber-Industrie-warnt-vor-Abhaengigkeit.html<\/a> ).<\/p>\n<p>Au\u00dferdem will Scholz die Bundeswehr auch weiterhin zur &#8222;Landes- und B\u00fcndnisverteidigung&#8220; (s. <a href=\"https:\/\/www.gesetze-im-internet.de\/gg\/art_87a.html\">https:\/\/www.gesetze-im-internet.de\/gg\/art_87a.html<\/a> ) einsetzen, d. h. sie im Rahmen der NATO den USA auch k\u00fcnftig f\u00fcr imperiale Angriffskriege wie die gegen Jugoslawien und Afghanistan zur Verf\u00fcgung stellen.<\/p>\n<p>Auch im Fall Ukraine kann oder will sich der Kanzler nicht daran &#8222;erinnern&#8220;, wie bedrohlich nahe die NATO mit ihrer vor allem von den USA forcierten &#8222;Ostereiterung&#8220; Russland schon auf den Leib ger\u00fcckt ist, und dass NATO-Staaten die Ukrainer auch schon vor der russischen Milit\u00e4raktion f\u00fcr einen Angriff auf Russland bis an die Z\u00e4hne bewaffnet haben.<\/p>\n<p>Warum sollte Russland die Bundesrepublik angreifen? Wir w\u00fcrden vermutlich heute noch mit preiswertem russischem Erdgas beliefert, wenn die Bundesregierung die von den USA betriebene Konfrontations- und Sanktionspolitik nicht mitgemacht, die Inbetriebnahme von Nord Stream 2 genehmigt und sich der von Biden angek\u00fcndigten Zerst\u00f6rung der Gas-Pipelines widersetzt h\u00e4tte.<\/p>\n<p>Jetzt ist die Bundesrepublik weitgehend abh\u00e4ngig von einer regelm\u00e4\u00dfigen Belieferung mit \u00fcberteuertem, durch \u00e4u\u00dferst umweltsch\u00e4dliches Fracking gef\u00f6rdertem LNG-Gas die auch pl\u00f6tzlich ausbleiben k\u00f6nnte, wenn die US-Regierung politischen Druck auf die Bundesregierung aus\u00fcben m\u00f6chte.<\/p>\n<p style=\"padding-left: 40px;\"><em>&#8222;Unsere europ\u00e4ische Verwurzelung, die Einbettung in das transatlantische B\u00fcndnis, die St\u00e4rke unserer Wirtschaft, vor allem aber der Zusammenhalt unserer Gesellschaft sind ein sicheres Fundament, von dem aus wir dieses Ziel gemeinsam erreichen.&#8220;<\/em><\/p>\n<p>Die &#8222;Einbindung in das transatlantische B\u00fcndnis&#8220; ist eigentlich nur eine besch\u00f6nigende Umschreibung der von der Scholz Regierung vollzogenen totalen Unterwerfung unter die US-Regierung und deren &#8222;Weisungen&#8220;. Und &#8222;unsere europ\u00e4ische Verwurzelung&#8220; ist eine v\u00f6llig unpassende Bezeichnung f\u00fcr die &#8222;dienenden F\u00fchrungsrolle&#8220; (s. <a href=\"https:\/\/www.focus.de\/politik\/deutschland\/besuch-in-den-usa-habeck-sieht-deutschland-in-einer-dienenden\">https:\/\/www.focus.de\/politik\/deutschland\/besuch-in-den-usa-habeck-sieht-deutschland-in-einer-dienenden<\/a><a href=\"https:\/\/www.focus.de\/politik\/deutschland\/besuch-in-den-usa-habeck-sieht-deutschland-in-einer-dienenden-fuehrungsrolle_id_61552626.html\"> -fuehrungsrolle_id_61552626.html<\/a> ), die Kanzler Scholz, Habeck und andere deutsche Minister im Auftrag der USA bei der &#8222;Einnordung&#8220; der Europ\u00e4er auf den US-Konfrontationskurs spielen sollen.<\/p>\n<p>Mit ihrer US-h\u00f6rigen Politik tut die Scholz-Regierung gerade alles, um die deutsche Wirtschaft zu schw\u00e4chen und unsere Gesellschaft noch st\u00e4rker zu spalten.<\/p>\n<p>Dass ausgerechnet <strong>Au\u00dfenministerin Annalena Baerbock<\/strong> (s.<a href=\"https:\/\/seniora.org\/politik-wirtschaft\/deutschland\/anmerkungen-zu-annalena-baerbocks-befragung-am-27-april-2022-im-bundestag\">https:\/\/seniora.org\/politik-wirtschaft\/deutschland\/anmerkungen-zu-annalena-baerbocks-befragung-am-27-april-2022-im-bundestag<\/a> ), die Madeleine Albright, die ehemalige US-Au\u00dfenministerin als Vorbild verehrt (s. <a href=\"https:\/\/taz.de\/Ex-US-Aussenministerin-Albright-ist-tot\/!5843919\/\">https:\/\/taz.de\/Ex-US-Aussenministerin-Albright-ist-tot\/!5843919\/<\/a> ) zur &#8222;Sicherheitsbeauftragten&#8220; der Bundesrepublik gek\u00fcrt wurde, erinnert fatal an den sprichw\u00f6rtlichen &#8222;Bock, den man zum G\u00e4rtner gemacht hat&#8220;. Auf jeder ihrer Auslandsreisen hat sie sich doch mit ihrer obligatorischen &#8222;Menschenrechtspredigt&#8220; in die inneren Angelegenheiten anderer Staaten eingemischt, damit Regierungen vor den Kopf gesto\u00dfen und gegen unser Land aufgebracht. Das hat garantiert nicht Deutschlands Sicherheit erh\u00f6ht. In ihrem Vorwort versucht sie uns \u2013 vollmundig wie immer \u2013 zu erkl\u00e4ren, was im Rahmen einer Nationalen Sicherheitsstrategie alles zu beachten ist.<\/p>\n<p style=\"padding-left: 40px;\"><em>&#8222;Zu lange haben wir in Deutschland geglaubt, unsere Sicherheit in Europa sei selbstverst\u00e4ndlich. Doch unsere Friedensordnung ist nicht in Stein gemei\u00dfelt. Das sehen wir sp\u00e4testens seit Russlands Angriffskrieg gegen die Ukraine. Auch die Klimakrise gef\u00e4hrdet die Sicherheit der Menschen in unserem Land, mit Fluten und Hitzewellen. Die Corona-Pandemie, Cyberattacken, Desinformationskampagnen \u2013all diese Bedrohungen zeigen, wie verwundbar wir sind. Uns in allen Lebensbereichen robuster zu machen, das ist Ziel dieser ersten Nationalen Sicherheitsstrategie. Denn Sicherheit bedeutet im 21. Jahrhundert auch, dass im Winter unsere Heizungen laufen. Sicherheit bedeutet, dass wir in Apotheken Medikamente f\u00fcr unsere Kinder finden. Dass unsere Smartphones funktionieren, weil die notwendigen Mikrochips verl\u00e4sslich geliefert werden k\u00f6nnen. Dass wir sicher zur Arbeit kommen, weil unsere Z\u00fcge nicht durch Cyberanschl\u00e4ge lahmgelegt sind. Weil neue Bedrohungen komplex sind und alle Bereiche von Staat, Gesellschaft und Wirtschaft treffen, spannen wir unsere Sicherheitspolitik \u201eintegriert\u201c \u00fcber all diese Bereiche. Integrierte Sicherheitspolitik bedeutet, Sicherheitsfragen konsequent mitzudenken: nicht nur bei Entscheidungen zur Ausstattung der Bundeswehr, sondern auch bei der Frage, wie verl\u00e4sslich unsere Lieferketten sind oder wie frei unsere Medienlandschaft ist.&#8220;<\/em><\/p>\n<p>Au\u00dfer von Russland werde unsere Sicherheit auch von der Klimakrise, Pandemien, Cyberattacken, Desinformationskampagnen, von &#8222;klimasch\u00e4dlichen&#8220; Heizungen, einem Mangel an Medikamenten und Mikrochips, durch von Cyber Angriffen verursachte Zugversp\u00e4tungen, durch die mangelhafte Ausstattung der Bundeswehr, nicht funktionierende Lieferketten und eine Medienlandschaft bedroht, von der man nicht wisse, wie frei sie noch sei.<\/p>\n<p>Wen man dieses Sammelsurium nach den bekannten Baerbockschen Denkmustern strukturiert, wird die Liste sehr viel k\u00fcrzer:<\/p>\n<p>Nach Erkenntnissen der Frau Baerbock und ihrer GR\u00dcNEN-Partei bedrohen die Russen nicht nur unsere \u00e4u\u00dfere Sicherheit und haben uns dadurch dazu gezwungen, die Bundeswehr u. a. mit 35 US-Atombombern des Typs F-35 hochzur\u00fcsten. Durch Cyber Attacken auf lebenswichtige deutsche Infrastruktur und Desinformationskampagnen in der deutschen Medienlandschaft gef\u00e4hrden sie auch unsere innere Sicherheit. Au\u00dferdem h\u00e4tten sie mit der &#8222;\u00fcberraschenden&#8220; Einstellung ihrer Gaslieferungen unsere Heizungsprobleme verursacht.<\/p>\n<p>F\u00fcr den Mangel an Medikamenten und Mikrochips macht Frau Baerbock vermutlich die Chinesen verantwortlich, weil die v\u00f6llig willk\u00fcrlich die Lieferketten unterbrochen h\u00e4tten. Und eigentlich seien sie auch f\u00fcr die Covid-19-Pandemie verantwortlich zu machen, denn das sie ausl\u00f6sende Virus habe sich schlie\u00dflich von der chinesischen Stadt Wuhan aus weltweit ausgebreitet.<\/p>\n<p>Durch die GR\u00dcNE Brille der Frau Baerbock betrachtet, geh\u00f6ren Russland und China eigentlich auch zu den Hauptverursachern der &#8222;Klimakrise&#8220;, weil sie sich nicht engagiert genug an der Dekarbonisierung der Welt beteiligten.<\/p>\n<p><strong>Fazit:<\/strong> Die Bundesrepublik braucht eine Nationale Sicherheitsstrategie, weil sie sich gegen Gefahren sch\u00fctzen muss, die im Grund alle von Russland und China ausgehen.<\/p>\n<p>Wenn wir die urspr\u00fcngliche Liste der Frau Baerbock einem der derzeit so beliebten &#8222;Faktenchecks&#8220; unterziehen ergibt sich allerdings ein ganz anderes Bild:<\/p>\n<p>Russland s\u00e4he sich nur dann gezwungen die Bundesrepublik anzugreifen, wenn die USA und die NATO den &#8222;gemeinsamen Feind im Osten&#8220; \u00fcberfallen w\u00fcrden, weil es dann zum Selbstschutz die vielen Milit\u00e4rbasen der USA und die wichtigen Kommandozentralen der USA und der NATO, die sich in unserem Land befinden (s. <a href=\"http:\/\/www.luftpost-kl.de\/luftpost-archiv\/LP_13\/LP20714_291214.pdf\">http:\/\/www.luftpost-kl.de\/luftpost-archiv\/LP_13\/LP20714_291214.pdf<\/a> ), umgehend ausschalten m\u00fcsste. Einen solchen solchen Gegenschlag, der vermutlich mit atomar best\u00fcckten Hyperschallraketen erfolgen w\u00fcrde, k\u00f6nnte eine wie auch immer ausger\u00fcstete Bundeswehr kaum komplett abwehren (s. <a href=\"https:\/\/www.wiwo.de\/technologie\/forschung\/abschuss-von-kinschal-raketen-patriot-system-taugt-nur-bedingt-gegen-putins-hyperschallraketen\/29157904.html\">https:\/\/www.wiwo.de\/technologie\/forschung\/abschuss-von-kinschal-raketen-patriot-system-taugt-nur-bedingt-gegen-putins-hyperschallraketen\/29157904.html<\/a> ). Deshalb darf es keinesfalls dazu kommen.<\/p>\n<p>Die unbewiesene Behauptung des IPCC, die derzeit zu beobachtende Ver\u00e4nderungen des Weltklimas sei eine &#8222;menschengemachte Klimakrise&#8220;, wird von zahlreichen renommierten Wissenschaftlern bestritten (s. <a href=\"https:\/\/afsaneyebahar.com\/2023\/05\/20\/20695506\/\">https:\/\/afsaneyebahar.com\/2023\/05\/20\/20695506\/<\/a> ). Wenn diese fachkundigen Kritiker Recht haben, sind alle im Rahmen der &#8222;Energiewende&#8220; beschlossenen Gesetze und Ma\u00dfnahmen obsolet und hinf\u00e4llig. Dann entfiele auch die in den USA &#8222;erfundene&#8220; Geldschneiderei mit CO2-Zertifikaten und CO2\u2013Abgaben (s. <a href=\"https:\/\/www.wiwo.de\/finanzen\/prominente-spekulanten-die-profiteure-im-handel-mit-co2-zertifikaten\/5155246.html\">https:\/\/www.wiwo.de\/finanzen\/prominente-spekulanten-die-profiteure-im-handel-mit-co2-zertifikaten\/5155246.html<\/a> <a href=\"https:\/\/www.stern.de\/politik\/ausland\/kurz-das-klima-retten--ueber-den--un--sinn-von-co2-zertifikaten-33166894.html\">l<\/a> ).<\/p>\n<p>Dass das Covid-19-Virus ein Produkt der US-Biowaffenforschung und die Pandemie eigentlich eine &#8222;Plandemie&#8220; war, wird heftig bestritten. Unbestreitbar ist aber, dass die Pharmaindustrie mit ihren kaum wirksamen, aber schlimme Nebenwirkungen verursachenden Corona-Impfstoffen bombastische Profite erzielt hat. (s. dazu auch <a href=\"https:\/\/www.spiegel.de\/wirtschaft\/coronaimpfstoffe-bringen-ueber-jahre-milliardengewinne-ein-a-cc95139f-8f56-4d9a-9ef5-0d272d595e0f\">https:\/\/www.spiegel.de\/wirtschaft\/coronaimpfstoffe-bringen-ueber-jahre-milliardengewinne-ein-a-cc95139f-8f56-4d9a-9ef5-0d272d595e0f<\/a> ). Dieses Vorgehen m\u00f6chte sie vermutlich bald wiederholen.<\/p>\n<p>Bewiesen sind bisher nur die Cyberattacken des US-Abh\u00f6rgeheimdienste NSA, der sogar das Handy der Frau Merkel \u00fcberwacht hat (s. <a href=\"https:\/\/www.spiegel.de\/politik\/deutschland\/nsa-ueberwachung-merkel-steht-seit-2002-auf-us-abhoerliste-a-930193.html\">https:\/\/www.spiegel.de\/politik\/deutschland\/nsa-ueberwachung-merkel-steht-seit-2002-auf-us-abhoerliste-a-930193.html<\/a> ). Nicht nur die Cyberattacken, sondern auch Blockadeaktionen der &#8222;Letzten Generation&#8220; k\u00f6nnten ganz schnell beendet werden, wenn die politisch Verantwortlichen endlich einsehen und bekanntmachen w\u00fcrden, dass die Behauptung, es g\u00e4be einen&#8220;menschengemachten Klimawandel&#8220;, wissenschaftlich nicht mehr zu halten ist.<\/p>\n<p>Die &#8222;Freiheit der deutschen Medienlandschaft&#8220;, ist nicht durch &#8222;Desinformationskampagnen&#8220; aus dem &#8222;feindlichen&#8220; Ausland, sondern durch vorgegebene Narrative, die Vorenthaltung von Informationen, und die Behinderung von kritischen Journalisten und Plattformen bedroht.<\/p>\n<p>Das &#8222;Heizungschaos&#8220; hat die Bundesregierung mit ihrem mehr oder weniger zwangsverordneten Geb\u00e4udeenergiegesetz selbst verursacht. Der bisher infamste reale Angriff auf ein f\u00fcr uns besonders wichtiges Infrastruktur-Objekt, die Sprengung der Nord-Stream Pipelines, d\u00fcrfte auf das Konto der\u00a0US-Regierung gehen (s. <a href=\"https:\/\/afsaneyebahar.com\/2023\/02\/16\/20694866\/\">https:\/\/afsaneyebahar.com\/2023\/02\/16\/20694866\/<\/a>).<\/p>\n<p>Der Mangel an Medikamenten ist die Folge der chaotischen deutschen Gesundheitspolitik. Der Mangel an chinesischen Mikrochips soll bald behoben sein, denn die US-Firma Intel baut in Magdeburg eine Mikrochip-Fabrik (s. <a href=\"https:\/\/www.zdf.de\/nachrichten\/politik\/intel-staatsmittel-subvention-chip-fabrik-magdeburg-100.html\">https:\/\/www.zdf.de\/nachrichten\/politik\/intel-staatsmittel-subvention-chip-fabrik-magdeburg-100.html<\/a> ), die von der Bundesregierung mit dem Rekordbetrag von 10 Milliarden Euro subventioniert wird.<\/p>\n<p><strong>Diese von der Bundesregierung vorgelegte Nationale Sicherheitsstrategie erh\u00f6ht nicht die Sicherheit unseres Landes, sie bindet es nur noch st\u00e4rker in die gegen Russland und China gerichtete Konfrontationspolitik der US-Regierung ein und dient damit vorrangig der Durchsetzung von US-Interessen. <\/strong><\/p>\n<p><strong>Eine Bundesregierung, die wirklich etwas f\u00fcr unsere Sicherheit tun will, w\u00fcrde endlich von der vollen Souver\u00e4nit\u00e4t Gebrauch machen, die das Vereinte Deutschland mit dem Zwei-plus-Vier-Vertrag zur\u00fcckgewonnen hat<\/strong> (s. dazu unbedingt <a href=\"https:\/\/www.luftpost-kl.de\/luftpost-archiv\/LP_19\/LP07919_080719.pdf\">https:\/\/www.luftpost-kl.de\/luftpost-archiv\/LP_19\/LP07919_080719.pdf<\/a> )<strong>.<\/strong> <strong>Sie w\u00fcrde<\/strong> <strong>unser Land<\/strong> <strong>aus der<\/strong> <strong>Umklammerung der USA l\u00f6sen und dazu den Stationierungsvertrag k\u00fcndigen und aus der Nato austreten. Wie das geht, ist nachzulesen unter <\/strong><a href=\"https:\/\/www.luftpost-kl.de\/luftpost-archiv\/LP_05\/LP01805_010705.pdf\">https:\/\/www.luftpost-kl.de\/luftpost-archiv\/LP_05\/LP01805_010705.pdf<\/a> und <a href=\"http:\/\/www.luftpost-kl.de\/luftpost-archiv\/LP_19\/LP12919_081119.pdf\">http:\/\/www.luftpost-kl.de\/luftpost-archiv\/LP_19\/LP12919_081119.pdf<\/a> <strong>.<\/strong><\/p>\n<p>Wer sich schnell eine eigene Meinung \u00fcber die &#8222;Nationale Sicherheitsstrategie f\u00fcr Deutschland&#8220; bilden will, sollte die unter <a href=\"https:\/\/www.nationalesicherheitsstrategie.de\/Sicherheitsstrategie-Zusammenfassung-DE.pdf\">https:\/\/www.nationalesicherheitsstrategie.de\/Sicherheitsstrategie-Zusammenfassung-DE.pdf<\/a> aufzurufende Zusammenfassung lesen.<\/p>\n<p>&nbsp;<\/p>\n<p><a href=\"#top\"><span style=\"font-size: 10pt;\">\u2191\u00a0nach oben<\/span><\/a><\/p>\n<hr \/>\n<p><span style=\"font-size: 10pt;\">Bild oben: Wolfgang Jung<\/span><\/p>\n<p>&nbsp;<\/p>\n","protected":false},"excerpt":{"rendered":"<p><b>Nachruf von Klaus Hartmann<\/b><br \/>\nMit Wolfgang verliert die Friedensbewegung einen unerm\u00fcdlichen K\u00e4mpfer gegen den Krieg und insbesondere gegen Deutschlands \u201eKriegsdrehscheibe\u201c, die US-Air Base Ramstein nahe Kaiserslautern in der Pfalz. Ihn \u201eUrgestein der Friedensbewegung\u201c zu nennen, ist zwar nicht falsch, aber es erfasst sein spezielles Engagement ungen\u00fcgend \u2013 Wolfgang war in erster Linie Friedensforscher, Aufkl\u00e4rer und Mahner. Von seinen zahlreichen Aktivit\u00e4ten zur Bewahrung des Friedens ist an erster Stelle die gemeinsam mit seiner Ehefrau Fee Strieffler herausgegebene Internetzeitung \u201eDie LUFTPOST \u2013 Friedenspolitische Mitteilungen aus der US-Milit\u00e4rregion Kaiserslautern \/Ramstein\u201c zu nennen. Sie erschien von November 2004 bis April 2021 mit 3.185 Ausgaben und fand viele Tausend Leser im In- und Ausland.<br \/>\n(Beitrag enth\u00e4lt den <b>Aufsatz<\/b> &#8222;Kanzler Scholz, Au\u00dfenministerin Baerbock\u00a0und die neue Sicherheitsstrategie f\u00fcr die Bundesrepublik Deutschland&#8220; <b>von Fee Strieffler und Wolfgang Jung<\/b>)<\/p>\n","protected":false},"author":3,"featured_media":19582,"comment_status":"closed","ping_status":"closed","sticky":false,"template":"","format":"standard","meta":{"colormag_page_container_layout":"default_layout","colormag_page_sidebar_layout":"default_layout","advanced_seo_description":"","jetpack_seo_html_title":"","jetpack_seo_noindex":false,"jetpack_post_was_ever_published":false,"footnotes":""},"categories":[13],"tags":[1061,43,2263,1631,57,1819,700,56,1068,1785,1352,1397],"class_list":["post-19581","post","type-post","status-publish","format-standard","has-post-thumbnail","hentry","category-frieden-antifaschismus-solidaritaet","tag-atomwaffen","tag-friedensbewegung","tag-friedensforschung","tag-geopolitik","tag-kriegsgefahr","tag-marschflugkoerper","tag-nachruf","tag-nato","tag-ramstein","tag-rheinland-pfalz","tag-strategie","tag-verfassungsschutz"],"jetpack_featured_media_url":"https:\/\/i0.wp.com\/www.freidenker.org\/fw17\/wp-content\/uploads\/2024\/07\/Wolfgang-Jung_800x450.jpg?fit=800%2C450&ssl=1","jetpack_shortlink":"https:\/\/wp.me\/p9stpK-55P","jetpack-related-posts":[{"id":2988,"url":"https:\/\/www.freidenker.org\/?p=2988","url_meta":{"origin":19581,"position":0},"title":"Freidenker-Brief 6-2015: Deutschland raus aus der NATO &#8211; NATO raus aus Deutschland","author":"Webredaktion","date":"27. August 2015","format":false,"excerpt":"W\u00e4hrend manche \"Institutionen\" der Friedensbewegung fortgesetzt die Diskussion \u201eWie weiter mit der Friedensbewegung?\u201c f\u00fchren, gibt es erfreulicherweise auch Friedenskr\u00e4fte, die angesichts der gef\u00e4hrlichen internationalen Entwicklung aktiv werden, die auf Aktionen und auf Klarheit dr\u00e4ngen: Einerseits die im \"AK Frieden \/ Internationales\" des Deutschen Freidenker-Verbandes erarbeitete programmatische Erkl\u00e4rung zu Fragen von\u2026","rel":"","context":"In &quot;Freidenker-Brief&quot;","block_context":{"text":"Freidenker-Brief","link":"https:\/\/www.freidenker.org\/?cat=341"},"img":{"alt_text":"","src":"https:\/\/i0.wp.com\/www.freidenker.org\/fw17\/wp-content\/uploads\/2015\/08\/Global_Hawk_800x445_mLogo.jpg?fit=800%2C445&ssl=1&resize=350%2C200","width":350,"height":200,"srcset":"https:\/\/i0.wp.com\/www.freidenker.org\/fw17\/wp-content\/uploads\/2015\/08\/Global_Hawk_800x445_mLogo.jpg?fit=800%2C445&ssl=1&resize=350%2C200 1x, https:\/\/i0.wp.com\/www.freidenker.org\/fw17\/wp-content\/uploads\/2015\/08\/Global_Hawk_800x445_mLogo.jpg?fit=800%2C445&ssl=1&resize=525%2C300 1.5x, https:\/\/i0.wp.com\/www.freidenker.org\/fw17\/wp-content\/uploads\/2015\/08\/Global_Hawk_800x445_mLogo.jpg?fit=800%2C445&ssl=1&resize=700%2C400 2x"},"classes":[]},{"id":12959,"url":"https:\/\/www.freidenker.org\/?p=12959","url_meta":{"origin":19581,"position":1},"title":"Feindstaat Deutschland","author":"Webredaktion","date":"1. Mai 2022","format":false,"excerpt":"Kein Friedensvertrag, aber Einbindung in die US- und NATO-Aggression Beitrag von Wolfgang Bittner Nicht wenige Menschen wundern sich \u00fcber die Aggressionen, die von der Berliner Regierung gegen Russland ausgehen. Offensichtlich gibt es Vorgaben aus Washington. Aber warum geht die Bundesregierung, warum geht Kanzler Olaf Scholz darauf ein? Dazu ist es\u2026","rel":"","context":"In &quot;Frieden - Antifaschismus - Solidarit\u00e4t&quot;","block_context":{"text":"Frieden - Antifaschismus - Solidarit\u00e4t","link":"https:\/\/www.freidenker.org\/?cat=13"},"img":{"alt_text":"","src":"https:\/\/i0.wp.com\/www.freidenker.org\/fw17\/wp-content\/uploads\/2021\/02\/germany-3115774_800x450.jpg?fit=800%2C450&ssl=1&resize=350%2C200","width":350,"height":200,"srcset":"https:\/\/i0.wp.com\/www.freidenker.org\/fw17\/wp-content\/uploads\/2021\/02\/germany-3115774_800x450.jpg?fit=800%2C450&ssl=1&resize=350%2C200 1x, https:\/\/i0.wp.com\/www.freidenker.org\/fw17\/wp-content\/uploads\/2021\/02\/germany-3115774_800x450.jpg?fit=800%2C450&ssl=1&resize=525%2C300 1.5x, https:\/\/i0.wp.com\/www.freidenker.org\/fw17\/wp-content\/uploads\/2021\/02\/germany-3115774_800x450.jpg?fit=800%2C450&ssl=1&resize=700%2C400 2x"},"classes":[]},{"id":252,"url":"https:\/\/www.freidenker.org\/?p=252","url_meta":{"origin":19581,"position":2},"title":"Kein Drohnenkrieg \u2013 Stopp Ramstein","author":"Webmaster","date":"21. Mai 2016","format":false,"excerpt":"Appell der Planungskonferenz \u201eStopp Ramstein\u201c Kommt und macht mit bei der Menschenkette am 11. Juno 2016! Ramstein steht f\u00fcr die Politik von Interventionen und Krieg, von \u00dcberwachung und Militarismus. Von Ramstein gehen durch die weltweiten Drohneneins\u00e4tze tagt\u00e4glich Tod, Leid, Terror und Verderben aus. Drohnenkrieg ist Serienmord. Als erstes muss die\u2026","rel":"","context":"In &quot;Frieden - Antifaschismus - Solidarit\u00e4t&quot;","block_context":{"text":"Frieden - Antifaschismus - Solidarit\u00e4t","link":"https:\/\/www.freidenker.org\/?cat=13"},"img":{"alt_text":"","src":"https:\/\/i0.wp.com\/www.freidenker.org\/fw17\/wp-content\/uploads\/2016\/07\/Stop_Hand.jpg?fit=800%2C445&ssl=1&resize=350%2C200","width":350,"height":200,"srcset":"https:\/\/i0.wp.com\/www.freidenker.org\/fw17\/wp-content\/uploads\/2016\/07\/Stop_Hand.jpg?fit=800%2C445&ssl=1&resize=350%2C200 1x, https:\/\/i0.wp.com\/www.freidenker.org\/fw17\/wp-content\/uploads\/2016\/07\/Stop_Hand.jpg?fit=800%2C445&ssl=1&resize=525%2C300 1.5x, https:\/\/i0.wp.com\/www.freidenker.org\/fw17\/wp-content\/uploads\/2016\/07\/Stop_Hand.jpg?fit=800%2C445&ssl=1&resize=700%2C400 2x"},"classes":[]},{"id":4491,"url":"https:\/\/www.freidenker.org\/?p=4491","url_meta":{"origin":19581,"position":3},"title":"Aktionswoche Stopp Air Base Ramstein 2017","author":"Webredaktion","date":"12. September 2017","format":false,"excerpt":"Kurzbericht von der Aktionswoche an der Ramstein Air Base vom 3. bis zum 10.09.2017 Die diesj\u00e4hrigen Aktionen gegen die Air Base Ramstein wurden von den Veranstaltern als gro\u00dfer Erfolg gewertet: Sie waren eine der gro\u00dfen Aktionen der Friedensbewegung, als Einzelaktion 2017 mit Abstand die gr\u00f6\u00dfte Friedensaktion in Deutschland. Die Gr\u00fcndung\u2026","rel":"","context":"In &quot;Frieden - Antifaschismus - Solidarit\u00e4t&quot;","block_context":{"text":"Frieden - Antifaschismus - Solidarit\u00e4t","link":"https:\/\/www.freidenker.org\/?cat=13"},"img":{"alt_text":"","src":"https:\/\/i0.wp.com\/www.freidenker.org\/fw17\/wp-content\/uploads\/2018\/02\/Ramstein-2017.jpg?fit=800%2C445&ssl=1&resize=350%2C200","width":350,"height":200,"srcset":"https:\/\/i0.wp.com\/www.freidenker.org\/fw17\/wp-content\/uploads\/2018\/02\/Ramstein-2017.jpg?fit=800%2C445&ssl=1&resize=350%2C200 1x, https:\/\/i0.wp.com\/www.freidenker.org\/fw17\/wp-content\/uploads\/2018\/02\/Ramstein-2017.jpg?fit=800%2C445&ssl=1&resize=525%2C300 1.5x, https:\/\/i0.wp.com\/www.freidenker.org\/fw17\/wp-content\/uploads\/2018\/02\/Ramstein-2017.jpg?fit=800%2C445&ssl=1&resize=700%2C400 2x"},"classes":[]},{"id":1853,"url":"https:\/\/www.freidenker.org\/?p=1853","url_meta":{"origin":19581,"position":4},"title":"Freidenker-Brief 4-2017: Freidenker unterst\u00fctzen Appell \u201eabr\u00fcsten statt aufr\u00fcsten\u201c","author":"Webredaktion","date":"16. November 2017","format":false,"excerpt":"Klaus Hartmann, Bundesvorsitzender des Deutschen Freidenker-Verbands, unterst\u00fctzt den Aufruf der Friedensbewegung mit der Forderung \u201eAbr\u00fcsten statt aufr\u00fcsten!\u201c. In seiner Begr\u00fcndung hei\u00dft es u.a.: \"Auf 2% ihrer Wirtschaftsleistung sollen die Ausgaben f\u00fcr Krieg und Vernichtung in den NATO-Staaten bis 2024 steigen. ... Dagegen mobil zu machen, ist ein Gebot der Stunde:\u2026","rel":"","context":"In &quot;Freidenker-Brief&quot;","block_context":{"text":"Freidenker-Brief","link":"https:\/\/www.freidenker.org\/?cat=341"},"img":{"alt_text":"Appell \"abr\u00fcsten statt aufr\u00fcsten\"","src":"https:\/\/i0.wp.com\/www.freidenker.org\/fw17\/wp-content\/uploads\/2017\/11\/KFR_ABstattAUF800x445.png?fit=800%2C445&ssl=1&resize=350%2C200","width":350,"height":200,"srcset":"https:\/\/i0.wp.com\/www.freidenker.org\/fw17\/wp-content\/uploads\/2017\/11\/KFR_ABstattAUF800x445.png?fit=800%2C445&ssl=1&resize=350%2C200 1x, https:\/\/i0.wp.com\/www.freidenker.org\/fw17\/wp-content\/uploads\/2017\/11\/KFR_ABstattAUF800x445.png?fit=800%2C445&ssl=1&resize=525%2C300 1.5x, https:\/\/i0.wp.com\/www.freidenker.org\/fw17\/wp-content\/uploads\/2017\/11\/KFR_ABstattAUF800x445.png?fit=800%2C445&ssl=1&resize=700%2C400 2x"},"classes":[]},{"id":275,"url":"https:\/\/www.freidenker.org\/?p=275","url_meta":{"origin":19581,"position":5},"title":"Freidenker-Brief 2-2016: Kampagne Stopp Ramstein \u2013 Aktionswochenende im Juni","author":"Webmaster","date":"3. Juni 2016","format":false,"excerpt":"Der Deutsche Freidenker-Verband appelliert an seine Mitglieder und Sympathisanten, die Kampagne \u201eStopp Ramstein\u201c zu unterst\u00fctzen und an dem Aktionswochenende in Kaiserslautern\/Ramstein, 10. \u2013 12. Juni 2016, teilzunehmen. \u201eDie US-Airbase in Ramstein repr\u00e4sentiert fast alle Friedensbedrohungen, denen wir heute ausgesetzt sind.\u201c So Klaus Hartmann, der Vorsitzende des Deutschen Freidenker-Verbands in einem\u2026","rel":"","context":"In &quot;Freidenker-Brief&quot;","block_context":{"text":"Freidenker-Brief","link":"https:\/\/www.freidenker.org\/?cat=341"},"img":{"alt_text":"","src":"https:\/\/i0.wp.com\/www.freidenker.org\/fw17\/wp-content\/uploads\/2016\/07\/Megaphone.jpg?fit=800%2C445&ssl=1&resize=350%2C200","width":350,"height":200,"srcset":"https:\/\/i0.wp.com\/www.freidenker.org\/fw17\/wp-content\/uploads\/2016\/07\/Megaphone.jpg?fit=800%2C445&ssl=1&resize=350%2C200 1x, https:\/\/i0.wp.com\/www.freidenker.org\/fw17\/wp-content\/uploads\/2016\/07\/Megaphone.jpg?fit=800%2C445&ssl=1&resize=525%2C300 1.5x, https:\/\/i0.wp.com\/www.freidenker.org\/fw17\/wp-content\/uploads\/2016\/07\/Megaphone.jpg?fit=800%2C445&ssl=1&resize=700%2C400 2x"},"classes":[]}],"_links":{"self":[{"href":"https:\/\/www.freidenker.org\/index.php?rest_route=\/wp\/v2\/posts\/19581","targetHints":{"allow":["GET"]}}],"collection":[{"href":"https:\/\/www.freidenker.org\/index.php?rest_route=\/wp\/v2\/posts"}],"about":[{"href":"https:\/\/www.freidenker.org\/index.php?rest_route=\/wp\/v2\/types\/post"}],"author":[{"embeddable":true,"href":"https:\/\/www.freidenker.org\/index.php?rest_route=\/wp\/v2\/users\/3"}],"replies":[{"embeddable":true,"href":"https:\/\/www.freidenker.org\/index.php?rest_route=%2Fwp%2Fv2%2Fcomments&post=19581"}],"version-history":[{"count":0,"href":"https:\/\/www.freidenker.org\/index.php?rest_route=\/wp\/v2\/posts\/19581\/revisions"}],"wp:featuredmedia":[{"embeddable":true,"href":"https:\/\/www.freidenker.org\/index.php?rest_route=\/wp\/v2\/media\/19582"}],"wp:attachment":[{"href":"https:\/\/www.freidenker.org\/index.php?rest_route=%2Fwp%2Fv2%2Fmedia&parent=19581"}],"wp:term":[{"taxonomy":"category","embeddable":true,"href":"https:\/\/www.freidenker.org\/index.php?rest_route=%2Fwp%2Fv2%2Fcategories&post=19581"},{"taxonomy":"post_tag","embeddable":true,"href":"https:\/\/www.freidenker.org\/index.php?rest_route=%2Fwp%2Fv2%2Ftags&post=19581"}],"curies":[{"name":"wp","href":"https:\/\/api.w.org\/{rel}","templated":true}]}}