{"id":19544,"date":"2024-07-19T00:25:34","date_gmt":"2024-07-18T22:25:34","guid":{"rendered":"https:\/\/www.freidenker.org\/?p=19544"},"modified":"2024-08-14T23:37:22","modified_gmt":"2024-08-14T21:37:22","slug":"im-westen-nichts-neues-hubertus-knabe-und-das-stockholm-syndrom","status":"publish","type":"post","link":"https:\/\/www.freidenker.org\/?p=19544","title":{"rendered":"Im Westen nichts Neues: Hubertus Knabe und das Stockholm-Syndrom"},"content":{"rendered":"<p><strong>Die meisten westdeutschen Autoren, die \u00fcber die Nachfahren der DDR schreiben, tun dies mit einer kolonialherrlichen Attit\u00fcde. Das ist bei Hubertus Knabe nicht anders, der meint, sich wegen der &#8222;falschen&#8220; Wahlentscheidungen der Angeschlossenen zu Wort melden zu m\u00fcssen. <\/strong><\/p>\n<p><em>Von <strong>Dagmar Henn<\/strong><\/em><\/p>\n<p><span style=\"font-size: 10pt;\">Erstver\u00f6ffentlichung am 15.07.2024 auf <a href=\"https:\/\/freedert.online\/meinung\/212473-hubertus-knabe-und-stockholm-syndrom\/\" target=\"_blank\" rel=\"noopener\">RT DE<\/a><\/span><\/p>\n<div class=\"EmbedBlock-root EmbedBlock-all\">\n<div class=\"AllEmbed\"><iframe loading=\"lazy\" title=\"Im Westen nichts Neues: Hubertus Knabe und das Stockholm-Syndrom\" src=\"https:\/\/www.podbean.com\/player-v2\/?i=t5j3h-166e3d7-pb&amp;from=pb6admin&amp;share=1&amp;download=1&amp;rtl=0&amp;fonts=Arial&amp;skin=f6f6f6&amp;font-color=&amp;logo_link=episode_page&amp;btn-skin=7\" width=\"100%\" height=\"150\" scrolling=\"no\" allowfullscreen=\"allowfullscreen\" data-name=\"pb-iframe-player\" data-mce-fragment=\"1\"><\/iframe><\/div>\n<\/div>\n<p>Irgendwie hat es auch sein Gutes, dass die militantesten Propagandisten des Westens, zu denen Hubertus Knabe ohne jeden Zweifel zu z\u00e4hlen ist, meinen, die beste Methode, die b\u00f6sen Ostdeutschen von ihren politischen Irrwegen abzubringen, sei, sie m\u00f6glichst lautstark zu beleidigen. Der Erfinder des DDR-Gruselkabinetts, auch bekannt als &#8222;Gedenkst\u00e4tte Berlin-Sch\u00f6nhausen&#8220;, <a href=\"https:\/\/www.welt.de\/debatte\/kommentare\/plus252461728\/Beziehung-zu-Russland-Das-kurze-Gedaechtnis-der-Ostdeutschen.html\" target=\"_blank\" rel=\"noopener noreferrer\">verwendet<\/a> einen ganzen Artikel darauf, zu behaupten, die B\u00fcrger der DDR h\u00e4tten allesamt an einem Stockholm-Syndrom gelitten und sich &#8222;mit ihren Unterdr\u00fcckern identifiziert&#8220;.<\/p>\n<p>Man kann das nat\u00fcrlich auch mit Humor nehmen, schlie\u00dflich w\u00e4re eben dieses Stockholm-Syndrom fast die einzig denkbare Entschuldigung f\u00fcr die gegenw\u00e4rtige Bundesregierung, w\u00fcrde man sie eines Tages f\u00fcr die begangenen Untaten vor Gericht stellen, als psychiatrische Ausrede, warum sie v\u00f6llig unf\u00e4hig waren, die Sprengung von Nord Stream als einen Angriff zu begreifen, denn von den guten US-Amerikanern k\u00f6nne nur Gutes ausgehen\u2026<\/p>\n<p>Knabe g\u00f6nnt dem Publikum eine lange Litanei, wie sehr doch die &#8222;Verbrechen der Roten Armee&#8220; in der DDR verschwiegen worden seien. Man ist versucht, ihm das Stichwort &#8222;Rheinwiesenlager&#8220; links und rechts um die Ohren zu hauen, ein klein wenig darauf zu verweisen, dass die Kriegsf\u00fchrung der Westalliierten mit gro\u00dffl\u00e4chigen Bombardements von Wohngebieten auch damals ein Kriegsverbrechen war, und dass die kr\u00f6nende Kirsche auf dieser Torte dann die Wiederinthronisierung der Nazieliten unter Adenauer war, die man ebenfalls als freundliches Geschenk der US-Amerikaner betrachten sollte (von Kleinigkeiten wie der deutschen Spaltung ganz abgesehen), aber das w\u00e4re im Grunde gar nicht n\u00f6tig.<\/p>\n<p>Das beklagte Schweigen ist nur noch entfernte Erinnerung \u00e4lterer Mitb\u00fcrger, denn seit 1990 braucht man im Grunde nur noch den Fernseher anzuschalten, um regelm\u00e4\u00dfig mit Berichten berieselt zu werden, die betonen, wie grauenvoll doch die DDR war. Au\u00dfer nat\u00fcrlich, es kommt gerade ein neuer PISA-Bericht, und man muss wieder einmal kleinlaut zugeben, dass das Bildungssystem der Finnen, das st\u00e4ndig weit oben liegt, eine Kopie desjenigen der DDR war.<\/p>\n<p>&#8222;Sowjetische Fremdherrschaft \u00fcber Ostdeutschland&#8220;, wirklich? Wie bitte bezeichnet er dann den heutigen Zustand der Bundesrepublik?<\/p>\n<blockquote><p><em>&#8222;Im Westen ist vielen dagegen bis heute bewusst, dass sie ihre Freiheit nur der St\u00e4rke der NATO und der Unterst\u00fctzung der USA im Ost-West-Konflikt zu verdanken haben.&#8220;<\/em><\/p><\/blockquote>\n<p>Wenn man jahrzehntelang sein Brot mit politischer Denunziation verdient, schl\u00e4gt das irgendwann auf den Charakter. W\u00e4re Knabe tats\u00e4chlich der Historiker, der zu sein er behauptet, m\u00fcsste er irgendwann auch \u00fcber solche Dinge wie den Artikel 131 Grundgesetz gestolpert sein, der die Nazibeamten wieder in Amt und W\u00fcrden brachte. Hundertfach, tausendfach Personen, die an schwersten Verbrechen beteiligt waren oder diese sogar befehligt haben, siehe Theodor Oberl\u00e4nder. Er h\u00e4tte, w\u00e4re er nicht v\u00f6llig in seinem Auftrag, die DDR in den allerschw\u00e4rzesten Farben zu zeichnen, irgendwann auch auf so unangenehme kleine Details in Deutschland West gesto\u00dfen, wie die Zust\u00e4nde in Kinderheimen.<\/p>\n<p>In denen \u00fcbrigens, Bemerkung am Rande, sehr h\u00e4ufig sogenannte &#8222;Besatzungskinder&#8220; landeten, die Kinder schwarzer US-Soldaten, die bis gegen Ende der 1960er von den Jugend\u00e4mtern ihren M\u00fcttern entrissen wurden, sofern die V\u00e4ter zur\u00fcck in die Staaten gingen. Und wer wei\u00df, dass es tats\u00e4chlich ein Urteil des Bundesverfassungsgerichts gab, in dem festgelegt wird, wie dick ein Gummischlauch sein darf, mit dem ein Vater sein Kind schl\u00e4gt, dem wird ganz schwummrig angesichts der Verherrlichung des deutschen Westens durch den Herrn Knabe.<\/p>\n<p>Nun mag ja ein Historiker ein Fachgebiet haben und ansonsten v\u00f6llig blind sein f\u00fcr andere Informationen. Und sicher w\u00e4re es seiner Karriere nicht zutr\u00e4glich gewesen, wahrzunehmen, dass die Insassen der von ihm so hervorgehobenen sowjetischen Speziallager tats\u00e4chlich \u00fcberwiegend Naziverbrecher waren, ja, eben jene Leute, die unter der sch\u00fctzenden Hand der Vereinigten Staaten in der Bundesrepublik wieder Kommissare, Richter, Studienr\u00e4te, Professoren und Minister wurden, w\u00e4hrend in den Rheinwiesenlagern eher die gew\u00f6hnlichen Soldaten krepierten, weil man SS und Offiziere sehr bald zur weiteren Verwendung gut unterbrachte.<\/p>\n<p>Aber auch das ist nicht der Punkt, denn wir reden von der Vergangenheit, \u00fcber die man unterschiedliche Ansichten haben kann, denen man allerdings immer hinzuf\u00fcgen sollte, dass diese Ereignisse alle noch viel zu nah liegen, um sie wirklich bewerten zu k\u00f6nnen. Mehr noch \u2013 die wirkliche Erz\u00e4hlung, welcher Teil Deutschlands nun wie besetzt und wie souver\u00e4n war oder ist, kann erst geschrieben werden, wenn die letzten Teile Besatzung entfernt sind, n\u00e4mlich all die Zweigniederlassungen der US-Armee, die ganzen Kommandozentralen, EUCOM, CENTCOM, AFRICOM; wenn sie weg sind, und die unz\u00e4hligen NGOs, Stiftungen et cetera, die diese Interessen vertreten; wenn endlich offen dar\u00fcber gesprochen werden kann, was ab 1990 tats\u00e4chlich geschehen ist, eingeschlossen die massive Enteignung der Bev\u00f6lkerung der DDR, eingeschlossen die Entwertung s\u00e4mtlicher Berufsabschl\u00fcsse, eingeschlossen die volle Aufkl\u00e4rung \u00fcber die eigenartige Anh\u00e4ufung politischer Morde, die die weitere Entwicklung verzerrten.<\/p>\n<p>Alles nicht Knabes Auftrag. Sein Auftrag ist die Spaltung. Und die Behauptung von &#8222;Moskaus brutalem Imperialismus&#8220;. Selbst wenn er am Ende seines Artikels schreibt, &#8222;das verloren gegangene Vertrauen l\u00e4sst sich nur durch eine Politik zur\u00fcckgewinnen, die Probleme l\u00f6st statt sie zu tabuisieren&#8220; \u2013 der Mann ist gr\u00fcn. Die Kriegspolitik ist ihm kein Problem. Und er hat das US-Gepose vollst\u00e4ndig verinnerlicht, in ihm gibt es nicht den geringsten Raum f\u00fcr Zweifel, kein Vietnam, kein Abu Ghraib, und man geht sicher nicht fehl, dass nicht einmal der live \u00fcbertragene Genozid in Gaza den leisesten Wellenschlag auf seinem bergseetiefen Glauben an die Vereinigten Staaten von Amerika verursachen kann:<\/p>\n<blockquote><p><em>&#8222;Im fairen Streit um die besseren Konzepte d\u00fcrften auch die W\u00e4hler von AfD, BSW und Linken erkennen, dass der ehemalige KGB-Offizier Putin am Ende nur durch St\u00e4rke zu beeindrucken ist.&#8220;<\/em><\/p><\/blockquote>\n<p>Das klingt, als habe er zu viele James-Bond-Filme gesehen und nicht einmal John le Carr\u00e9 gelesen. Dabei m\u00fcsste er es in mehrfacher Hinsicht besser wissen.<\/p>\n<p>In Knabes Wikipedia-Biografie steht, er habe 1992 &#8222;aus seiner Stasiakte&#8220; erfahren, dass ein Freund \u00fcber ihn berichtet habe, und: &#8222;von da an widmete sich Knabe der Enttarnung oder Blo\u00dfstellung fr\u00fcherer MfS-Spitzel&#8220;. Das ist eine extreme Schieflage. (Ich h\u00e4tte auch gerne 1992 in meine Akte gesehen, aber die lag (mindestens) beim Bayrischen Landesamt f\u00fcr Verfassungsschutz, und dessen Akten sind, wie die aller anderen Verfassungsschutz\u00e4mter, die des BND und die des MAD eben nicht 1992 zug\u00e4nglich gewesen, und selbst heute g\u00e4be es da bestenfalls geschw\u00e4rzte Seiten). Wer wei\u00df, wie viele sonst im Westen begonnen h\u00e4tten, sich &#8222;der Enttarnung oder Blo\u00dfstellung&#8220; von Verfassungsschutzspitzeln zu widmen.<\/p>\n<p>Da bleibt im Hinterkopf nur immer diese ungeheuerliche Zahl aus dem NSU-Prozess \u00fcber den &#8222;Th\u00fcringer Heimatschutz&#8220;, 40 Mitarbeiter irgendwelcher Dienste unter 120 Personen. Eine wirklich atemberaubende Dimension, die man nicht ernst genug nehmen kann, und das schon vor der Erfindung all dieser gr\u00fcnen Nebengeheimdienste.<\/p>\n<p>Die ganze Geschichte, die Knabe erz\u00e4hlt, mit der er sein ganzes Leben verbracht und finanziert hat, auf durchaus angenehmem Niveau und als umworbener Experte, funktionierte immer nur, weil die andere Seite fehlt. Weil eben die Westakten nicht f\u00fcr eine wirkliche Bewertung zur Verf\u00fcgung stehen. Einzelne Punkte machen es dennoch klar, dass dieses Schwarz-Wei\u00df-Bild, das Knabe mitzuzeichnen half, nicht stimmen kann. Briefe, die von Ost nach West gingen und umgekehrt, wurden immer dreimal gelesen. Einmal im Osten, einmal im Westen, und zuletzt erst vom Empf\u00e4nger.<\/p>\n<p>Wobei man im R\u00fcckblick zugeben m\u00fcsste, dass auch da vieles schlicht Ergebnis dieser Frontstellung war, der Tatsache, dass die Grenze zwischen beiden deutschen Staaten nicht nur dies, sondern auch die eingefrorene Frontlinie des Kalten Krieges war, ein Weltkrieg in Wartestellung, der ein wirklich ziviles Leben auf beiden Seiten erschwerte. Man k\u00f6nnte auch erkennen, dass nichts verheerender f\u00fcr die Zukunft eines Landes ist, als dauerhaft eine Trennlinie zwischen Siegern und Besiegten zu etablieren. In gewisser Weise sind es Leute wie Knabe, die daf\u00fcr gesorgt haben, dass es beinahe schon wieder zwei L\u00e4nder sind.<\/p>\n<p>2007 hat Knabe gefordert, die Rosenholz-Dateien sollten ver\u00f6ffentlicht werden. Dabei handelte es sich um mikroverfilmte Akten des Ministeriums f\u00fcr Staatssicherheit, die allerdings nicht unmittelbar in deutschen Archiven landeten; sie befanden sich zuvor in den H\u00e4nden der CIA. Auch wenn die \u00f6ffentliche Erz\u00e4hlung behauptet, sie seien von der CIA selbst &#8222;erbeutet&#8220; worden, ist dies falsch. Zuerst hatte sie der BND; er hat sie aber, ohne sie zu kopieren, an die CIA weitergegeben. Der Grund, warum die CIA an diesen Akten \u00fcberhaupt interessiert war, war nicht, dass sich daraus Informationen f\u00fcr m\u00f6gliche Erpressungen ziehen lie\u00dfen (das sicher auch); viel entscheidender war, dass die Hauptverwaltung Aufkl\u00e4rung des Ministeriums f\u00fcr Staatssicherheit auch daran gearbeitet hatte, US-Agenten in der Bundesrepublik zu identifizieren. Diese Liste w\u00e4re im Ringen um deutsche Souver\u00e4nit\u00e4t der Joker gewesen. Das, was die CIA letztlich an Deutschland zur\u00fcckgab, und was zu ver\u00f6ffentlichen Knabe forderte, enthielt diese Informationen selbstverst\u00e4ndlich nicht mehr.<\/p>\n<p>Knabe hat, zusammen mit Joachim Gauck und in der Folge Marianne Birthler, letztlich nach Kr\u00e4ften daf\u00fcr gesorgt, den Blick nur auf jene Akten zu lenken, die f\u00fcr die Eliten des Westens v\u00f6llig ungef\u00e4hrlich sind. Weder die Akten der Ermittlungen der DDR-Beh\u00f6rden zu Naziverbrechen, die ebenfalls in der Gauck-Beh\u00f6rde verschwanden, noch die so zentrale Agentenliste waren ihm je eine Erw\u00e4hnung wert.<\/p>\n<p>Allerdings stellt sich, wenn man die Karriere von Knabe betrachtet, durchaus auch die Frage, ob er nicht noch andere Auftraggeber hatte als die Bundesrepublik. Er war 1988 Leiter der evangelischen Akademie in Westberlin. Das bedeutet, sein damaliger Arbeitgeber war die evangelische Kirche. Er sa\u00df aber auch auf einer Stelle, die f\u00fcr die politischen Angriffe auf die DDR nicht ganz unwichtig war, oder vielmehr, die eines der Scharniere darstellte, \u00fcber das die daf\u00fcr erforderlichen Kontakte gekn\u00fcpft werden konnten. Was bedeutet, dass er mit Sicherheit regelm\u00e4\u00dfige Kontakte zum BND hatte. Was aber ebenfalls bedeuten kann, dass er mindestens Kontakte zur CIA hatte. Wenn nicht mehr.<\/p>\n<p>Dann w\u00e4re das, was er in den letzten Jahrzehnten getrieben hat, und was er in seinem Artikel noch einmal so eindringlich darstellt, kein Ergebnis eines Stockholm-Syndroms, sondern schlicht die Arbeit eines langj\u00e4hrigen Bediensteten im Interesse seines Auftraggebers.<\/p>\n<p style=\"text-align: right;\"><em>Dagmar Henn ist Mitglied des Deutschen Freidenker-Verbandes<\/em><\/p>\n<hr \/>\n<p><span style=\"font-size: 10pt;\">Hubertus Knabe auf einer Veranstaltung des Club Bertelsmann 2009<\/span><br \/>\n<span style=\"font-size: 10pt;\">Foto: \u00a9 Blaues Sofa \/ Club Bertelsmann, <a href=\"https:\/\/creativecommons.org\/licenses\/by\/2.0\" target=\"_blank\" rel=\"noopener\">CC BY 2.0<\/a><\/span><br \/>\n<span style=\"font-size: 10pt;\">Quelle: <a href=\"https:\/\/commons.wikimedia.org\/w\/index.php?curid=49367133\" target=\"_blank\" rel=\"noopener\">https:\/\/commons.wikimedia.org\/w\/index.php?curid=49367133<\/a><\/span><\/p>\n","protected":false},"excerpt":{"rendered":"<p><b>Beitrag von Dagmar Henn<\/b><br \/>\nIrgendwie hat es auch sein Gutes, dass die militantesten Propagandisten des Westens, zu denen Hubertus Knabe ohne jeden Zweifel zu z\u00e4hlen ist, meinen, die beste Methode, die b\u00f6sen Ostdeutschen von ihren politischen Irrwegen abzubringen, sei, sie m\u00f6glichst lautstark zu beleidigen. Der Erfinder des DDR-Gruselkabinetts, auch bekannt als &#8222;Gedenkst\u00e4tte Berlin-Sch\u00f6nhausen&#8220;, verwendet einen ganzen Artikel darauf, zu behaupten, die B\u00fcrger der DDR h\u00e4tten allesamt an einem Stockholm-Syndrom gelitten und sich &#8222;mit ihren Unterdr\u00fcckern identifiziert&#8220;. Man kann das nat\u00fcrlich auch mit Humor nehmen, schlie\u00dflich w\u00e4re eben dieses Stockholm-Syndrom fast die einzig denkbare Entschuldigung f\u00fcr die gegenw\u00e4rtige Bundesregierung, w\u00fcrde man sie eines Tages f\u00fcr die begangenen Untaten vor Gericht stellen, als psychiatrische Ausrede, warum sie v\u00f6llig unf\u00e4hig waren, die Sprengung von Nord Stream als einen Angriff zu begreifen, &#8230;<\/p>\n","protected":false},"author":3,"featured_media":19553,"comment_status":"closed","ping_status":"closed","sticky":false,"template":"","format":"standard","meta":{"colormag_page_container_layout":"default_layout","colormag_page_sidebar_layout":"default_layout","advanced_seo_description":"","jetpack_seo_html_title":"","jetpack_seo_noindex":false,"jetpack_post_was_ever_published":false,"footnotes":""},"categories":[12],"tags":[2004,760,455,1358,454,451,759,404,1490,1317,1852],"class_list":["post-19544","post","type-post","status-publish","format-standard","has-post-thumbnail","hentry","category-demokratie-medien-aufklaerung","tag-besatzung","tag-bnd","tag-brd","tag-cia","tag-ddr","tag-faschismus","tag-geheimdienste","tag-imperialismus","tag-ministerium-fuer-staatssicherheit","tag-nord-stream","tag-spaltung"],"jetpack_featured_media_url":"https:\/\/i0.wp.com\/www.freidenker.org\/fw17\/wp-content\/uploads\/2024\/07\/Hubertus_Knabe_auf_dem_Blauen_Sofa_6318869951_800x450.jpg?fit=800%2C450&ssl=1","jetpack_shortlink":"https:\/\/wp.me\/p9stpK-55e","jetpack-related-posts":[{"id":14673,"url":"https:\/\/www.freidenker.org\/?p=14673","url_meta":{"origin":19544,"position":0},"title":"Der Kanzler mit dem kurzen Ged\u00e4chtnis: Olaf Scholz in Vietnam","author":"Webredaktion","date":"15. November 2022","format":false,"excerpt":"Beitrag von Dagmar Henn Olaf Scholz h\u00e4tte es besser wissen m\u00fcssen. Aber vermutlich hatte er gehofft, wenn ihn die Chinesen schon nicht lieben, dann wenigstens die Vietnamesen, schon allein, weil deren Verh\u00e4ltnis untereinander nicht ganz frei von Komplikationen ist. Jedenfalls hat er, Pressemeldungen zufolge, in Vietnam erkl\u00e4rt, er w\u00fcnsche sich\u2026","rel":"","context":"In &quot;Demokratie \u2013 Medien \u2013 Aufkl\u00e4rung&quot;","block_context":{"text":"Demokratie \u2013 Medien \u2013 Aufkl\u00e4rung","link":"https:\/\/www.freidenker.org\/?cat=12"},"img":{"alt_text":"","src":"https:\/\/i0.wp.com\/www.freidenker.org\/fw17\/wp-content\/uploads\/2022\/11\/Ho_Chi_Minh_Mausoleum_7360943118_800x450.jpg?fit=800%2C450&ssl=1&resize=350%2C200","width":350,"height":200,"srcset":"https:\/\/i0.wp.com\/www.freidenker.org\/fw17\/wp-content\/uploads\/2022\/11\/Ho_Chi_Minh_Mausoleum_7360943118_800x450.jpg?fit=800%2C450&ssl=1&resize=350%2C200 1x, https:\/\/i0.wp.com\/www.freidenker.org\/fw17\/wp-content\/uploads\/2022\/11\/Ho_Chi_Minh_Mausoleum_7360943118_800x450.jpg?fit=800%2C450&ssl=1&resize=525%2C300 1.5x, https:\/\/i0.wp.com\/www.freidenker.org\/fw17\/wp-content\/uploads\/2022\/11\/Ho_Chi_Minh_Mausoleum_7360943118_800x450.jpg?fit=800%2C450&ssl=1&resize=700%2C400 2x"},"classes":[]},{"id":16681,"url":"https:\/\/www.freidenker.org\/?p=16681","url_meta":{"origin":19544,"position":1},"title":"&#8222;Gehorsam und Anpassung wie zu Zeiten der F\u00fcrsten&#8220;: Joachim Gauck bei Lanz","author":"Webredaktion","date":"26. Juli 2023","format":false,"excerpt":"Beitrag von Dagmar Henn Ehe man Joachim Gauck zuh\u00f6rt oder \u00fcberlegt, ob und inwieweit seine Aussagen etwas mit der Wirklichkeit zu tun haben, muss man sich in Erinnerung rufen, wer da spricht. Ein ehemaliger Pfarrer, angetrieben von einem unbez\u00e4hmbaren Groll gegen die DDR und die Sowjetunion, weil Letztere es gewagt\u2026","rel":"","context":"In &quot;Demokratie \u2013 Medien \u2013 Aufkl\u00e4rung&quot;","block_context":{"text":"Demokratie \u2013 Medien \u2013 Aufkl\u00e4rung","link":"https:\/\/www.freidenker.org\/?cat=12"},"img":{"alt_text":"","src":"https:\/\/i0.wp.com\/www.freidenker.org\/fw17\/wp-content\/uploads\/2023\/07\/MSC_2014_Gauck_Kleinschmidt_MSC2014_800x450.jpg?fit=800%2C450&ssl=1&resize=350%2C200","width":350,"height":200,"srcset":"https:\/\/i0.wp.com\/www.freidenker.org\/fw17\/wp-content\/uploads\/2023\/07\/MSC_2014_Gauck_Kleinschmidt_MSC2014_800x450.jpg?fit=800%2C450&ssl=1&resize=350%2C200 1x, https:\/\/i0.wp.com\/www.freidenker.org\/fw17\/wp-content\/uploads\/2023\/07\/MSC_2014_Gauck_Kleinschmidt_MSC2014_800x450.jpg?fit=800%2C450&ssl=1&resize=525%2C300 1.5x, https:\/\/i0.wp.com\/www.freidenker.org\/fw17\/wp-content\/uploads\/2023\/07\/MSC_2014_Gauck_Kleinschmidt_MSC2014_800x450.jpg?fit=800%2C450&ssl=1&resize=700%2C400 2x"},"classes":[]},{"id":22764,"url":"https:\/\/www.freidenker.org\/?p=22764","url_meta":{"origin":19544,"position":2},"title":"Bundeskanzler Merz, Putin und die Geografie","author":"Webredaktion","date":"7. September 2025","format":false,"excerpt":"Beitrag von Dagmar Henn Wom\u00f6glich l\u00f6st Bundeskanzler Friedrich Merz mit einer Aussage in seinem Interview mit dem franz\u00f6sischen Sender TF1 ganz andere Empfindungen aus, als er beabsichtigt. Denn neben seiner Betonung, er wolle wieder eine Wehrpflicht\u00a0\u2012 auch f\u00fcr Frauen \u2012, lieferte er auch noch eine eigenartige Begr\u00fcndung. So zitiert das\u2026","rel":"","context":"In &quot;Demokratie \u2013 Medien \u2013 Aufkl\u00e4rung&quot;","block_context":{"text":"Demokratie \u2013 Medien \u2013 Aufkl\u00e4rung","link":"https:\/\/www.freidenker.org\/?cat=12"},"img":{"alt_text":"","src":"https:\/\/i0.wp.com\/www.freidenker.org\/fw17\/wp-content\/uploads\/2025\/09\/Merz_Grenzen1937.jpg?fit=800%2C450&ssl=1&resize=350%2C200","width":350,"height":200,"srcset":"https:\/\/i0.wp.com\/www.freidenker.org\/fw17\/wp-content\/uploads\/2025\/09\/Merz_Grenzen1937.jpg?fit=800%2C450&ssl=1&resize=350%2C200 1x, https:\/\/i0.wp.com\/www.freidenker.org\/fw17\/wp-content\/uploads\/2025\/09\/Merz_Grenzen1937.jpg?fit=800%2C450&ssl=1&resize=525%2C300 1.5x, https:\/\/i0.wp.com\/www.freidenker.org\/fw17\/wp-content\/uploads\/2025\/09\/Merz_Grenzen1937.jpg?fit=800%2C450&ssl=1&resize=700%2C400 2x"},"classes":[]},{"id":16322,"url":"https:\/\/www.freidenker.org\/?p=16322","url_meta":{"origin":19544,"position":3},"title":"Das klingt nach &#8222;Endlich wieder!&#8220; BILD bejubelt deutsche Panzer gegen Russen","author":"Webredaktion","date":"12. Juni 2023","format":false,"excerpt":"Beitrag von Dagmar Henn Man k\u00f6nnte wetten, Julian R\u00f6pcke hatte heute einen Ohrwurm. Und stellte sich beim Schreiben die entsprechend betont m\u00e4nnliche Stimme vor, einen tiefen Bariton. \"Die ganze Welt wartete darauf. Jetzt ist es soweit: die Ukraine st\u00f6\u00dft mit deutschen Leopard-2-Panzern gegen die Russen vor! Erstmals wurden die deutschen\u2026","rel":"","context":"In &quot;Demokratie \u2013 Medien \u2013 Aufkl\u00e4rung&quot;","block_context":{"text":"Demokratie \u2013 Medien \u2013 Aufkl\u00e4rung","link":"https:\/\/www.freidenker.org\/?cat=12"},"img":{"alt_text":"","src":"https:\/\/i0.wp.com\/www.freidenker.org\/fw17\/wp-content\/uploads\/2023\/06\/bild.de_2023-06-08_800x450.jpg?fit=800%2C450&ssl=1&resize=350%2C200","width":350,"height":200,"srcset":"https:\/\/i0.wp.com\/www.freidenker.org\/fw17\/wp-content\/uploads\/2023\/06\/bild.de_2023-06-08_800x450.jpg?fit=800%2C450&ssl=1&resize=350%2C200 1x, https:\/\/i0.wp.com\/www.freidenker.org\/fw17\/wp-content\/uploads\/2023\/06\/bild.de_2023-06-08_800x450.jpg?fit=800%2C450&ssl=1&resize=525%2C300 1.5x, https:\/\/i0.wp.com\/www.freidenker.org\/fw17\/wp-content\/uploads\/2023\/06\/bild.de_2023-06-08_800x450.jpg?fit=800%2C450&ssl=1&resize=700%2C400 2x"},"classes":[]},{"id":15505,"url":"https:\/\/www.freidenker.org\/?p=15505","url_meta":{"origin":19544,"position":4},"title":"Wof\u00fcr will Deutschland in Ghana Arbeitskr\u00e4fte stehlen?","author":"Webredaktion","date":"16. M\u00e4rz 2023","format":false,"excerpt":"Beitrag von Dagmar Henn Zuerst eine Anmerkung vorneweg, nur, damit auch dem Letzten klar ist, dass ich keine Probleme mit afrikanischen Migranten habe \u2013 meine beiden j\u00fcngeren T\u00f6chter haben einen westafrikanischen Vater. Aber genau darum wei\u00df ich auch sehr genau, dass man Menschen nicht problemlos von einem Ende der Welt\u2026","rel":"","context":"In &quot;Arbeit &amp; Soziales&quot;","block_context":{"text":"Arbeit &amp; Soziales","link":"https:\/\/www.freidenker.org\/?cat=11"},"img":{"alt_text":"","src":"https:\/\/i0.wp.com\/www.freidenker.org\/fw17\/wp-content\/uploads\/2023\/03\/Agbogbloshie_800x450.jpg?fit=800%2C450&ssl=1&resize=350%2C200","width":350,"height":200,"srcset":"https:\/\/i0.wp.com\/www.freidenker.org\/fw17\/wp-content\/uploads\/2023\/03\/Agbogbloshie_800x450.jpg?fit=800%2C450&ssl=1&resize=350%2C200 1x, https:\/\/i0.wp.com\/www.freidenker.org\/fw17\/wp-content\/uploads\/2023\/03\/Agbogbloshie_800x450.jpg?fit=800%2C450&ssl=1&resize=525%2C300 1.5x, https:\/\/i0.wp.com\/www.freidenker.org\/fw17\/wp-content\/uploads\/2023\/03\/Agbogbloshie_800x450.jpg?fit=800%2C450&ssl=1&resize=700%2C400 2x"},"classes":[]},{"id":12816,"url":"https:\/\/www.freidenker.org\/?p=12816","url_meta":{"origin":19544,"position":5},"title":"Buchenwald und die vertauschten Fahnen \u2013 Geht es noch zynischer?","author":"Webredaktion","date":"16. April 2022","format":false,"excerpt":"Beitrag von von Dagmar Henn \"Unsere Sache ist gerecht \u2013 der Sieg muss unser sein!\" So endete nicht nur die Rede Molotows am Tag des \u00dcberfalls der Naziwehrmacht auf die Sowjetunion, dieser Satz ist auch Teil des Schwurs von Buchenwald. Ein Schwur, den Tage, nachdem die H\u00e4ftlinge selbst ihre Bewacher\u2026","rel":"","context":"In &quot;Demokratie \u2013 Medien \u2013 Aufkl\u00e4rung&quot;","block_context":{"text":"Demokratie \u2013 Medien \u2013 Aufkl\u00e4rung","link":"https:\/\/www.freidenker.org\/?cat=12"},"img":{"alt_text":"","src":"https:\/\/i0.wp.com\/www.freidenker.org\/fw17\/wp-content\/uploads\/2022\/04\/fahne_belarus_tausch_800x450.jpg?fit=800%2C450&ssl=1&resize=350%2C200","width":350,"height":200,"srcset":"https:\/\/i0.wp.com\/www.freidenker.org\/fw17\/wp-content\/uploads\/2022\/04\/fahne_belarus_tausch_800x450.jpg?fit=800%2C450&ssl=1&resize=350%2C200 1x, https:\/\/i0.wp.com\/www.freidenker.org\/fw17\/wp-content\/uploads\/2022\/04\/fahne_belarus_tausch_800x450.jpg?fit=800%2C450&ssl=1&resize=525%2C300 1.5x, https:\/\/i0.wp.com\/www.freidenker.org\/fw17\/wp-content\/uploads\/2022\/04\/fahne_belarus_tausch_800x450.jpg?fit=800%2C450&ssl=1&resize=700%2C400 2x"},"classes":[]}],"_links":{"self":[{"href":"https:\/\/www.freidenker.org\/index.php?rest_route=\/wp\/v2\/posts\/19544","targetHints":{"allow":["GET"]}}],"collection":[{"href":"https:\/\/www.freidenker.org\/index.php?rest_route=\/wp\/v2\/posts"}],"about":[{"href":"https:\/\/www.freidenker.org\/index.php?rest_route=\/wp\/v2\/types\/post"}],"author":[{"embeddable":true,"href":"https:\/\/www.freidenker.org\/index.php?rest_route=\/wp\/v2\/users\/3"}],"replies":[{"embeddable":true,"href":"https:\/\/www.freidenker.org\/index.php?rest_route=%2Fwp%2Fv2%2Fcomments&post=19544"}],"version-history":[{"count":0,"href":"https:\/\/www.freidenker.org\/index.php?rest_route=\/wp\/v2\/posts\/19544\/revisions"}],"wp:featuredmedia":[{"embeddable":true,"href":"https:\/\/www.freidenker.org\/index.php?rest_route=\/wp\/v2\/media\/19553"}],"wp:attachment":[{"href":"https:\/\/www.freidenker.org\/index.php?rest_route=%2Fwp%2Fv2%2Fmedia&parent=19544"}],"wp:term":[{"taxonomy":"category","embeddable":true,"href":"https:\/\/www.freidenker.org\/index.php?rest_route=%2Fwp%2Fv2%2Fcategories&post=19544"},{"taxonomy":"post_tag","embeddable":true,"href":"https:\/\/www.freidenker.org\/index.php?rest_route=%2Fwp%2Fv2%2Ftags&post=19544"}],"curies":[{"name":"wp","href":"https:\/\/api.w.org\/{rel}","templated":true}]}}