{"id":19524,"date":"2024-07-16T23:01:57","date_gmt":"2024-07-16T21:01:57","guid":{"rendered":"https:\/\/www.freidenker.org\/?p=19524"},"modified":"2024-08-14T23:37:02","modified_gmt":"2024-08-14T21:37:02","slug":"interview-von-compact-mit-maria-sacharowa","status":"publish","type":"post","link":"https:\/\/www.freidenker.org\/?p=19524","title":{"rendered":"Interview von Compact mit Maria Sacharowa"},"content":{"rendered":"<p><em>Fressefreiheit: Noch am Samstag (13.07.2024) ver\u00f6ffentlichte Compact ein Interview mit Maria Sacharowa &#8212; heute wird der Medienbetrieb schon von der gesichert rechtsextremistischen Bundesinnenministerin Nancy Faeser verboten.<\/em><\/p>\n<p><em>Bundesvorsitzender <strong>Sebastian Bahlo<\/strong> kommentiert:<\/em><\/p>\n<blockquote><p><em>Heute Compact, morgen die junge Welt? Der Deutsche Freidenker-Verband protestiert gegen die immer rabiatere Einschr\u00e4nkung demokratischer Rechte!<\/em><\/p><\/blockquote>\n<p><em>Wenig \u00fcberraschend ist das Video des sehenswerten Interviews, das der Moskau-Korrespondent des Compact-Magazins, der ehemalige Bundestagsabgeordnete <strong>Hansj\u00f6rg M\u00fcller<\/strong>, mit der Sprecherin des russischen Au\u00dfenministeriums <strong>Maria Sacharowa<\/strong> gef\u00fchrt hat, bei YouTube bereits f\u00fcr Nutzer aus Deutschland <a href=\"https:\/\/m.youtube.com\/watch?v=0DAeXDU6Ek8\" target=\"_blank\" rel=\"noopener\">gesperrt worden<\/a>. Wir verweisen hier auf eine Spiegelung des Interviews bei <a href=\"https:\/\/odysee.com\/@camaeleon:a\/Exklusiv_-Interview-mit-der-Kreml-Sprecherin!-(720p):7\" target=\"_blank\" rel=\"noopener\">odysee.com<\/a>. Bisher noch abrufbar ist auch eine Version auf dem YouTube-Kanal von weltnetz.tv: <a class=\"moz-txt-link-freetext\" href=\"https:\/\/youtu.be\/5ZJ-HfriC2A?feature=shared\" target=\"_blank\" rel=\"noopener\">https:\/\/youtu.be\/5ZJ-HfriC2A<\/a><\/em><\/p>\n<p style=\"text-align: right;\"><em>Webredaktion<\/em><\/p>\n<hr \/>\n<h3>Video: Interview von CompactTV mit Maria Sacharowa<\/h3>\n<p><span style=\"font-size: 10pt;\">Ver\u00f6ffentlicht am 13.07.2024<\/span><\/p>\n<p><iframe id=\"odysee-iframe\" style=\"width: 100%; aspect-ratio: 16 \/ 9;\" src=\"https:\/\/odysee.com\/$\/embed\/@camaeleon:a\/Exklusiv_-Interview-mit-der-Kreml-Sprecherin!-(720p):7?r=BgUut11KeLCMyibxUDy5dtfm8PLEErVq\" allowfullscreen=\"allowfullscreen\"><\/iframe><\/p>\n<p><span style=\"font-size: 10pt;\">Direktlink zum Video von Compact, eingestellt von <a class=\"active\" href=\"https:\/\/odysee.com\/@camaeleon:a\" aria-label=\"Camaeleon\"><span class=\"truncated-text\" title=\"Camaeleon\">Camaeleon<\/span><\/a> auf odysee.com: <a href=\"https:\/\/odysee.com\/@camaeleon:a\/Exklusiv_-Interview-mit-der-Kreml-Sprecherin!-(720p):7\" target=\"_blank\" rel=\"noopener\">https:\/\/odysee.com\/@camaeleon:a\/Exklusiv_-Interview-mit-der-Kreml-Sprecherin!-(720p):7<\/a><\/span><\/p>\n<hr \/>\n<p><span style=\"font-size: 10pt;\">Bild oben: Die Sprecherin des russischen Au\u00dfenministeriums Maria Sacharowa im Gespr\u00e4ch mit Hansj\u00f6rg M\u00fcller<br \/>\nScreenshot aus dem Video von Compact<\/span><\/p>\n","protected":false},"excerpt":{"rendered":"<p>Fressefreiheit: Noch am Samstag (13.07.2024) ver\u00f6ffentlichte Compact ein Interview mit Maria Sacharowa &#8212; heute wird der Medienbetrieb schon von der gesichert rechtsextremistischen Bundesinnenministerin Nancy Faeser verboten.<br \/>\nBundesvorsitzender <b>Sebastian Bahlo<\/b> kommentiert: <i>Heute Compact, morgen die junge Welt? Der Deutsche Freidenker-Verband protestiert gegen die immer rabiatere Einschr\u00e4nkung demokratischer Rechte!<\/i><br \/>\nWenig \u00fcberraschend ist das Video des sehenswerten Interviews, das der Moskau-Korrespondent des Compact-Magazins, der ehemalige Bundestagsabgeordnete <b>Hansj\u00f6rg M\u00fcller<\/b>, mit der Sprecherin des russischen Au\u00dfenministeriums <b>Maria Sacharowa<\/b> gef\u00fchrt hat, bei YouTube bereits f\u00fcr Nutzer aus Deutschland gesperrt worden. Wir verweisen hier auf eine Spiegelung des Interviews bei odysee.com.<\/p>\n","protected":false},"author":3,"featured_media":19526,"comment_status":"closed","ping_status":"closed","sticky":false,"template":"","format":"standard","meta":{"colormag_page_container_layout":"default_layout","colormag_page_sidebar_layout":"default_layout","advanced_seo_description":"","jetpack_seo_html_title":"","jetpack_seo_noindex":false,"jetpack_post_was_ever_published":false,"footnotes":""},"categories":[937],"tags":[699,2112,162,182,62,56,596,222,639,185,1855],"class_list":["post-19524","post","type-post","status-publish","format-standard","has-post-thumbnail","hentry","category-zeit-der-verleumder-freidenker-fuer-klartext","tag-aussenpolitik","tag-compact","tag-demokratie","tag-eu","tag-interview","tag-nato","tag-pressefreiheit","tag-russland","tag-ukraine-konflikt","tag-usa","tag-verbot"],"jetpack_featured_media_url":"https:\/\/i0.wp.com\/www.freidenker.org\/fw17\/wp-content\/uploads\/2024\/07\/klartext_compact_interview.jpg?fit=800%2C450&ssl=1","jetpack_shortlink":"https:\/\/wp.me\/p9stpK-54U","jetpack-related-posts":[{"id":22273,"url":"https:\/\/www.freidenker.org\/?p=22273","url_meta":{"origin":19524,"position":0},"title":"Compact-Verbot aufgehoben \u2013 Urteil pro Pressefreiheit mit Beigeschmack","author":"Webredaktion","date":"3. Juli 2025","format":false,"excerpt":"Kommentar von Tilo Gr\u00e4ser. Fast ein Jahr, nachdem die damalige Bundesinnenministerin Nancy Faeser (SPD) am 16. Juli 2024 das Magazin Compact, dessen Verlag und eine dazu geh\u00f6rige Filmfirma verbieten lie\u00df, hat nun das Bundesverwaltungsgericht (BVerwG) in Leipzig das Verbot endg\u00fcltig aufgehoben. Damit war die Klage des Verlages Compact-Magazin GmbH und\u2026","rel":"","context":"In &quot;Demokratie \u2013 Medien \u2013 Aufkl\u00e4rung&quot;","block_context":{"text":"Demokratie \u2013 Medien \u2013 Aufkl\u00e4rung","link":"https:\/\/www.freidenker.org\/?cat=12"},"img":{"alt_text":"","src":"https:\/\/i0.wp.com\/www.freidenker.org\/fw17\/wp-content\/uploads\/2025\/07\/collage_compact_800x450.jpg?fit=800%2C450&ssl=1&resize=350%2C200","width":350,"height":200,"srcset":"https:\/\/i0.wp.com\/www.freidenker.org\/fw17\/wp-content\/uploads\/2025\/07\/collage_compact_800x450.jpg?fit=800%2C450&ssl=1&resize=350%2C200 1x, https:\/\/i0.wp.com\/www.freidenker.org\/fw17\/wp-content\/uploads\/2025\/07\/collage_compact_800x450.jpg?fit=800%2C450&ssl=1&resize=525%2C300 1.5x, https:\/\/i0.wp.com\/www.freidenker.org\/fw17\/wp-content\/uploads\/2025\/07\/collage_compact_800x450.jpg?fit=800%2C450&ssl=1&resize=700%2C400 2x"},"classes":[]},{"id":20977,"url":"https:\/\/www.freidenker.org\/?p=20977","url_meta":{"origin":19524,"position":1},"title":"Diether Dehm: \u201eWarum ich trotzdem BSW w\u00e4hle\u201c","author":"Webredaktion","date":"18. Februar 2025","format":false,"excerpt":"Interview von J\u00fcrgen Els\u00e4sser mit Diether Dehm Der langj\u00e4hrige Bundestagsabgeordnete der Linken, Diether Dehm, erl\u00e4utert im COMPACT-Interview, warum er Gauland und Chrupalla sch\u00e4tzt, was er an Wagenknecht kritisiert \u2013 und warum er trotzdem empfiehlt, das BSW zu w\u00e4hlen. Die Fragen stellte J\u00fcrgen Els\u00e4sser. Frage: Warum werden Sie als sozialer Patriot\u2026","rel":"","context":"In &quot;Demokratie \u2013 Medien \u2013 Aufkl\u00e4rung&quot;","block_context":{"text":"Demokratie \u2013 Medien \u2013 Aufkl\u00e4rung","link":"https:\/\/www.freidenker.org\/?cat=12"},"img":{"alt_text":"","src":"https:\/\/i0.wp.com\/www.freidenker.org\/fw17\/wp-content\/uploads\/2025\/02\/Demo_Muenchen_Sicherheitskonferenz_Diether_Dehm_Online_4_800x450.jpg?fit=800%2C450&ssl=1&resize=350%2C200","width":350,"height":200,"srcset":"https:\/\/i0.wp.com\/www.freidenker.org\/fw17\/wp-content\/uploads\/2025\/02\/Demo_Muenchen_Sicherheitskonferenz_Diether_Dehm_Online_4_800x450.jpg?fit=800%2C450&ssl=1&resize=350%2C200 1x, https:\/\/i0.wp.com\/www.freidenker.org\/fw17\/wp-content\/uploads\/2025\/02\/Demo_Muenchen_Sicherheitskonferenz_Diether_Dehm_Online_4_800x450.jpg?fit=800%2C450&ssl=1&resize=525%2C300 1.5x, https:\/\/i0.wp.com\/www.freidenker.org\/fw17\/wp-content\/uploads\/2025\/02\/Demo_Muenchen_Sicherheitskonferenz_Diether_Dehm_Online_4_800x450.jpg?fit=800%2C450&ssl=1&resize=700%2C400 2x"},"classes":[]},{"id":22117,"url":"https:\/\/www.freidenker.org\/?p=22117","url_meta":{"origin":19524,"position":2},"title":"Der falsche und der wahre Verfassungsschutz","author":"Webredaktion","date":"13. Juni 2025","format":false,"excerpt":"Zwei \u201eVerfassungsschutzberichte\u201c: ein staatlicher und ein am Grundgesetz orientierter Kommentar von Tilo Gr\u00e4ser Das Bundesverwaltungsgericht in Leipzig pr\u00fcft seit Dienstag in der Hauptverhandlung, ob das im Juli 2024 vom Bundesinnenministerium erlassene Verbot des Magazins Compact rechtm\u00e4\u00dfig war. Im Eilverfahren hatten die Richter damals das Verbot vorl\u00e4ufig ausgesetzt, so dass das\u2026","rel":"","context":"In &quot;Demokratie \u2013 Medien \u2013 Aufkl\u00e4rung&quot;","block_context":{"text":"Demokratie \u2013 Medien \u2013 Aufkl\u00e4rung","link":"https:\/\/www.freidenker.org\/?cat=12"},"img":{"alt_text":"","src":"https:\/\/i0.wp.com\/www.freidenker.org\/fw17\/wp-content\/uploads\/2025\/06\/2023-10-08_Wahlabend_Bayern_by_Sandro_Halank%E2%80%93024_800x450.jpg?fit=800%2C450&ssl=1&resize=350%2C200","width":350,"height":200,"srcset":"https:\/\/i0.wp.com\/www.freidenker.org\/fw17\/wp-content\/uploads\/2025\/06\/2023-10-08_Wahlabend_Bayern_by_Sandro_Halank%E2%80%93024_800x450.jpg?fit=800%2C450&ssl=1&resize=350%2C200 1x, https:\/\/i0.wp.com\/www.freidenker.org\/fw17\/wp-content\/uploads\/2025\/06\/2023-10-08_Wahlabend_Bayern_by_Sandro_Halank%E2%80%93024_800x450.jpg?fit=800%2C450&ssl=1&resize=525%2C300 1.5x, https:\/\/i0.wp.com\/www.freidenker.org\/fw17\/wp-content\/uploads\/2025\/06\/2023-10-08_Wahlabend_Bayern_by_Sandro_Halank%E2%80%93024_800x450.jpg?fit=800%2C450&ssl=1&resize=700%2C400 2x"},"classes":[]},{"id":19531,"url":"https:\/\/www.freidenker.org\/?p=19531","url_meta":{"origin":19524,"position":3},"title":"Warum ich mich \u00fcber das Compact-Verbot nicht freuen kann!","author":"Webredaktion","date":"18. Juli 2024","format":false,"excerpt":"Beitrag von Yavuz \u00d6zoguz Die \u00dcberschrift wird einige \u00fcberraschen, denn das Compact-Magazin war eines der islamfeindlichsten Publikationen Deutschlands in den letzten Jahren. Dennoch \u2013 oder vielleicht sogar gerade deswegen \u2013 stelle ich mich als vergleichsweise unbedeutende Stimme unter den Muslimen gegen dieses Verbot! Zun\u00e4chst einmal kenne ich den Chefredakteur J\u00fcrgen\u2026","rel":"","context":"In &quot;Demokratie \u2013 Medien \u2013 Aufkl\u00e4rung&quot;","block_context":{"text":"Demokratie \u2013 Medien \u2013 Aufkl\u00e4rung","link":"https:\/\/www.freidenker.org\/?cat=12"},"img":{"alt_text":"","src":"https:\/\/i0.wp.com\/www.freidenker.org\/fw17\/wp-content\/uploads\/2024\/07\/compact-verbot_800x450.jpg?fit=800%2C450&ssl=1&resize=350%2C200","width":350,"height":200,"srcset":"https:\/\/i0.wp.com\/www.freidenker.org\/fw17\/wp-content\/uploads\/2024\/07\/compact-verbot_800x450.jpg?fit=800%2C450&ssl=1&resize=350%2C200 1x, https:\/\/i0.wp.com\/www.freidenker.org\/fw17\/wp-content\/uploads\/2024\/07\/compact-verbot_800x450.jpg?fit=800%2C450&ssl=1&resize=525%2C300 1.5x, https:\/\/i0.wp.com\/www.freidenker.org\/fw17\/wp-content\/uploads\/2024\/07\/compact-verbot_800x450.jpg?fit=800%2C450&ssl=1&resize=700%2C400 2x"},"classes":[]},{"id":19562,"url":"https:\/\/www.freidenker.org\/?p=19562","url_meta":{"origin":19524,"position":4},"title":"Faeser und das Compact-Verbot: Von der Enteignung bis zur Reichsschrifttumskammer","author":"Webredaktion","date":"20. Juli 2024","format":false,"excerpt":"Beitrag von Dagmar Henn Bei den Dingen, die die ber\u00fcchtigte Innenministerin Nancy Faeser so treibt, muss man oft sehr genau darauf achten, was der Vorwand f\u00fcr eine Ma\u00dfnahme ist und was das wirkliche Ziel. So widerlich und grundgesetzwidrig das Vorgehen gegen eine Publikation ist, gegen die unbestritten nicht einmal Strafverfahren\u2026","rel":"","context":"In &quot;Demokratie \u2013 Medien \u2013 Aufkl\u00e4rung&quot;","block_context":{"text":"Demokratie \u2013 Medien \u2013 Aufkl\u00e4rung","link":"https:\/\/www.freidenker.org\/?cat=12"},"img":{"alt_text":"","src":"https:\/\/i0.wp.com\/www.freidenker.org\/fw17\/wp-content\/uploads\/2024\/07\/Faeser_53486591650_800x450.jpg?fit=800%2C450&ssl=1&resize=350%2C200","width":350,"height":200,"srcset":"https:\/\/i0.wp.com\/www.freidenker.org\/fw17\/wp-content\/uploads\/2024\/07\/Faeser_53486591650_800x450.jpg?fit=800%2C450&ssl=1&resize=350%2C200 1x, https:\/\/i0.wp.com\/www.freidenker.org\/fw17\/wp-content\/uploads\/2024\/07\/Faeser_53486591650_800x450.jpg?fit=800%2C450&ssl=1&resize=525%2C300 1.5x, https:\/\/i0.wp.com\/www.freidenker.org\/fw17\/wp-content\/uploads\/2024\/07\/Faeser_53486591650_800x450.jpg?fit=800%2C450&ssl=1&resize=700%2C400 2x"},"classes":[]},{"id":24509,"url":"https:\/\/www.freidenker.org\/?p=24509","url_meta":{"origin":19524,"position":5},"title":"Gr\u00f6nland in der EU \u2013 ein neuer Baerbock und ein Vorschlag von Sacharowa","author":"Webredaktion","date":"28. Februar 2026","format":false,"excerpt":"Beitrag von Dagmar Henn Den EU-B\u00fcrgern w\u00e4re vermutlich viel Leid erspart geblieben, h\u00e4tte man im Fr\u00fchjahr 2022, vor der Verh\u00e4ngung der Sanktionen gegen Russland, die Au\u00dfenminister gen\u00f6tigt, die Ukraine auf einer Landkarte zu zeigen. Annalena Baerbock jedenfalls w\u00e4re vermutlich daran gescheitert. Immerhin hat sie sich gerade erst wieder mit einer\u2026","rel":"","context":"In &quot;Demokratie \u2013 Medien \u2013 Aufkl\u00e4rung&quot;","block_context":{"text":"Demokratie \u2013 Medien \u2013 Aufkl\u00e4rung","link":"https:\/\/www.freidenker.org\/?cat=12"},"img":{"alt_text":"","src":"https:\/\/i0.wp.com\/www.freidenker.org\/fw17\/wp-content\/uploads\/2026\/02\/ChatGPT_Baerbock_und_Groenland_800x450.jpg?fit=800%2C450&ssl=1&resize=350%2C200","width":350,"height":200,"srcset":"https:\/\/i0.wp.com\/www.freidenker.org\/fw17\/wp-content\/uploads\/2026\/02\/ChatGPT_Baerbock_und_Groenland_800x450.jpg?fit=800%2C450&ssl=1&resize=350%2C200 1x, https:\/\/i0.wp.com\/www.freidenker.org\/fw17\/wp-content\/uploads\/2026\/02\/ChatGPT_Baerbock_und_Groenland_800x450.jpg?fit=800%2C450&ssl=1&resize=525%2C300 1.5x, https:\/\/i0.wp.com\/www.freidenker.org\/fw17\/wp-content\/uploads\/2026\/02\/ChatGPT_Baerbock_und_Groenland_800x450.jpg?fit=800%2C450&ssl=1&resize=700%2C400 2x"},"classes":[]}],"_links":{"self":[{"href":"https:\/\/www.freidenker.org\/index.php?rest_route=\/wp\/v2\/posts\/19524","targetHints":{"allow":["GET"]}}],"collection":[{"href":"https:\/\/www.freidenker.org\/index.php?rest_route=\/wp\/v2\/posts"}],"about":[{"href":"https:\/\/www.freidenker.org\/index.php?rest_route=\/wp\/v2\/types\/post"}],"author":[{"embeddable":true,"href":"https:\/\/www.freidenker.org\/index.php?rest_route=\/wp\/v2\/users\/3"}],"replies":[{"embeddable":true,"href":"https:\/\/www.freidenker.org\/index.php?rest_route=%2Fwp%2Fv2%2Fcomments&post=19524"}],"version-history":[{"count":0,"href":"https:\/\/www.freidenker.org\/index.php?rest_route=\/wp\/v2\/posts\/19524\/revisions"}],"wp:featuredmedia":[{"embeddable":true,"href":"https:\/\/www.freidenker.org\/index.php?rest_route=\/wp\/v2\/media\/19526"}],"wp:attachment":[{"href":"https:\/\/www.freidenker.org\/index.php?rest_route=%2Fwp%2Fv2%2Fmedia&parent=19524"}],"wp:term":[{"taxonomy":"category","embeddable":true,"href":"https:\/\/www.freidenker.org\/index.php?rest_route=%2Fwp%2Fv2%2Fcategories&post=19524"},{"taxonomy":"post_tag","embeddable":true,"href":"https:\/\/www.freidenker.org\/index.php?rest_route=%2Fwp%2Fv2%2Ftags&post=19524"}],"curies":[{"name":"wp","href":"https:\/\/api.w.org\/{rel}","templated":true}]}}