{"id":19511,"date":"2024-07-15T23:40:50","date_gmt":"2024-07-15T21:40:50","guid":{"rendered":"https:\/\/www.freidenker.org\/?p=19511"},"modified":"2024-08-14T23:36:39","modified_gmt":"2024-08-14T21:36:39","slug":"anschlagsplaene-auf-rheinmetall-chef-und-das-sommerloch","status":"publish","type":"post","link":"https:\/\/www.freidenker.org\/?p=19511","title":{"rendered":"Anschlagspl\u00e4ne auf Rheinmetall-Chef und das Sommerloch"},"content":{"rendered":"<p><strong>Russland wollte Rheinmetall-Chef Papperger ermorden? Logisch ist an der Geschichte nichts dran, Belege gibt es keine, dennoch wird sie durch das mediale Dorf getrieben. Es ist Sommerloch und Politiker im Umfragetief suchen nach Profilierung. Das erkl\u00e4rt den Hype, die Geschichte selbst ist Fake.<\/strong><\/p>\n<p><em>Von <strong>Gert Ewen Ungar<\/strong><\/em><\/p>\n<p><span style=\"font-size: 10pt;\">Erstver\u00f6ffentlichung am 12.07.2024 auf <a href=\"https:\/\/freedert.online\/meinung\/212182-anschlagsplaene-auf-rheinmetall-chef-und\/\" target=\"_blank\" rel=\"noopener\">RT DE<\/a><\/span><\/p>\n<p>Russland hatte Pl\u00e4ne f\u00fcr ein Attentat auf den Vorstandsvorsitzenden des R\u00fcstungskonzerns Rheinmetall, Armin Papperger, behauptet der US-Sender <em>CNN<\/em> und deutsche Medien springen unmittelbar darauf an. Handfeste Belege f\u00fcr die Anschuldigung gibt es keine, die entsprechenden Medienberichte ergehen sich in Konjunktiven, selbst deutsche Sicherheitsbeh\u00f6rden kochen die Nachricht eher runter, aber sie hat ausreichend Nervenkitzel, das Sommerloch f\u00fcr ein paar Tage zu f\u00fcllen.<\/p>\n<p>Die abenteuerliche Geschichte liefert zudem die Steilvorlage, die es deutschen Politikern im Umfragetief erm\u00f6glicht, ein paar saftige Erkl\u00e4rungen in den \u00c4ther zu entlassen, mit denen sie sich ein wenig scheinprofilieren k\u00f6nnen. Gratismut ist eine zentrale Charaktereigenschaft, die alle Mitglieder des Kabinetts teilen und die auch unter den Abgeordneten des Bundestags weitverbreitet ist.<\/p>\n<p>Innenministerin Nancy Faeser (SPD) ergriff die Chance und giftete in Richtung Russland. Au\u00dfenministerin Annalena Baerbock (B\u00fcndnis 90\/Die Gr\u00fcnen) giftet mit \u2013 sie glaubt anscheinend, das st\u00fcnde so in\u00a0ihrer Arbeitsplatzbeschreibung. Die Europ\u00e4er d\u00fcrften nicht naiv sein, meinte Baerbock hinsichtlich der vermeintlichen Anschlagspl\u00e4ne Russlands. Baerbock ist sich der unfreiwilligen Komik ihrer \u00c4u\u00dferung erneut nicht bewusst. Die FDP fordert gleich eine Sondersitzung des Bundessicherheitsrats. Es geht Schlag auf Schlag.<\/p>\n<p>Wenn Politiker eine Nachricht nutzen, um sich dann in einer Art Profilierungswettbewerb gegenseitig mit drastischen Forderungen zu \u00fcberbieten, dann bleibt die Vernunft und Rationalit\u00e4t auf der Strecke. Konkrete Belege f\u00fcr die Behauptung, Russlands Geheimdienst habe einen Anschlag auf Rheinmetall-Chef Papperger geplant, gibt es n\u00e4mlich keine. Festgenommen wurde niemand, der Konzernchef erfreut sich bester Gesundheit, die Geschichte ist in sich zudem nicht stimmig.<\/p>\n<p>Russland wird Rheinmetall so ausschalten, wie es bisher alles an R\u00fcstungsproduktion in der Ukraine ausgeschaltet hat.\u00a0Die Produktion, die Rheinmetall in der Ukraine aufbauen will, wird mit gezielten Schl\u00e4gen zerst\u00f6rt. Papperger ist als Manager v\u00f6llig unwichtig. Wird er liquidiert, nimmt ein anderer seine Position ein. Sein Tod w\u00fcrde an der von der Bundesregierung getroffenen Entscheidung, die Ukrainer bis zum letzten Mann k\u00e4mpfen zu lassen, nichts \u00e4ndern. Die Militarisierung der Bundesrepublik ist gesetztes Programm, die Ukraine aufzur\u00fcsten und die deutschen Steuerzahler daf\u00fcr bluten zu lassen, ebenfalls.<\/p>\n<p>Da das aber so offensichtlich ist, ist die Frage, die sich stellt, warum glaubt ein relevanter Teil der Deutschen den Unsinn dennoch, den ihnen der Mainstream und die &#8222;Ganz Gro\u00dfe Koalition&#8220; von Ampel\u00a0einschlie\u00dflich\u00a0CDU vorsetzt? Es fand gerade ein NATO-Gipfel statt und im zeitlichen Umfeld des Treffens hat Russland entgegen aller bisherigen Strategie angeblich ein Kinderkrankenhaus beschossen. Im Anschluss machte die Meldung der Anschlagsplanung die Runde. Man muss keine f\u00fcnfzehn Semester Medienwissenschaften studiert haben, um erkennen zu k\u00f6nnen, dass es sich um eine konzertierte Aktion, um ein Medienspektakel handelt: Es ist Fake.<\/p>\n<p>Wer das nicht glaubt, sollte genau darauf achten, was in den n\u00e4chsten Wochen passiert. Die Meldung verschwindet einfach aus dem Fokus, ohne dass irgendein konkretes Ergebnis zu vermelden w\u00e4re. Wie bei Butscha \u2013 au\u00dfer dem gro\u00dfen Medienrummel gab es nichts Konkretes. Auf die damals von UN-Generalsekret\u00e4r Guterres geforderte unabh\u00e4ngige Untersuchung wartet die Welt noch heute.<\/p>\n<p>Gewartet wird auch noch immer auf konkrete Ergebnisse einer umfassenden Untersuchung des Anschlags auf den Doppelagenten Sergei Skripal und seine Tochter Julia in der englischen Kleinstadt Salisbury im Jahr 2018. Zwei russische Geheimdienstmitarbeiter sollen die Wohnungst\u00fcr der Skripals mit dem Nervenkampfstoff Nowitschok pr\u00e4pariert haben. Die Skripals \u00fcberlebten und sind seitdem verschwunden. Die wichtigsten Zeugen sind einfach weg. Die Tochter meldete sich von Zeit zu Zeit telefonisch. Ob sie es tats\u00e4chlich ist, wei\u00df kein Mensch. Das Motiv ist g\u00e4nzlich unklar. Die ganz Geschichte strotzt nur so von Widerspr\u00fcchen.<\/p>\n<p>Mit Nowitschok soll auch Alexei Nawalny vergiftet worden sein. Wie ihm das Gift verabreicht wurde, ob mittels Tee, durch eine kontaminierte Wasserflasche oder ob es auf der Unterhose aufgetragen war, ist bis heute nicht klar. Klar ist nur, Putin war\u2019s. Zumindest f\u00fcr Konsumenten des deutschen Mainstreams. Dabei wirft auch der Fall Nawalny mehr Fragen auf, als er Antworten liefert. Er l\u00e4sst zudem die damalige Bundesregierung in einem mindestens zwielichtigen Licht erscheinen. Sie hat sich jeder Kooperation und Zusammenarbeit bei der Aufkl\u00e4rung des Falls verweigert. Er wurde daher auch nie richtig aufgekl\u00e4rt. Das brauchte man auch gar nicht, denn der Medienrummel hat seinen Zweck erf\u00fcllt.<\/p>\n<p>Es lie\u00dfen sich weitere Beispiele finden. Alle F\u00e4lle eint, dass faktisch nichts bewiesen wurde, niemand verurteilt wurde, nie eine offizielle Verhandlung stattfand, die Schuldfrage aber medial immer gekl\u00e4rt wurde. Man nennt das Propaganda. Dass es sich auch im Fall Pappergers um Propaganda handelt, ist anzunehmen. Er passt in die Reihe.<\/p>\n<p>Das eigentlich Bedauerliche ist, dass dieses systematische Desinformieren des heimischen Publikums immer wieder funktioniert. Dabei sollte man als Deutscher vorrangig eins aus der Geschichte des eigenen Landes gelernt haben: Deutsche Medien und deutsche Politiker l\u00fcgen \u2013 nicht immer, aber doch ziemlich regelm\u00e4\u00dfig. Es ist ihnen mit einer gesunden Portion von Misstrauen zu begegnen.<\/p>\n<p>Der gesunde Menschenverstand sagt, dass die Geschichte um ein geplantes Attentat auf einen Rheinmetall-Vorstand Fake ist. Sie passt zu den Geschichten, die deutsche Propaganda \u00fcblicherweise erz\u00e4hlt. In die Welt der Tatsachen passt sie nicht.<\/p>\n<p style=\"text-align: right;\"><em>Gert-Ewen Ungar studierte Philosophie und Germanistik und schreibt regelm\u00e4\u00dfig f\u00fcr die <a href=\"https:\/\/www.neulandrebellen.de\/\" target=\"_blank\" rel=\"noopener\">Neulandrebellen<\/a> <\/em><\/p>\n<hr \/>\n<p><span style=\"font-size: 10pt;\">Bild oben: <span class=\"mw-mmv-title\">Zentrale der Rheinmetall AG in D\u00fcsseldorf, 2021<\/span><\/span><br \/>\n<span style=\"font-size: 10pt;\">Foto: Dacse, <a href=\"https:\/\/creativecommons.org\/licenses\/by-sa\/4.0\" target=\"_blank\" rel=\"noopener\">CC BY-SA 4.0<\/a><\/span><br \/>\n<span style=\"font-size: 10pt;\">Quelle: <a href=\"https:\/\/commons.wikimedia.org\/w\/index.php?curid=118032253\" target=\"_blank\" rel=\"noopener\">https:\/\/commons.wikimedia.org\/w\/index.php?curid=118032253<\/a><\/span><\/p>\n","protected":false},"excerpt":{"rendered":"<p><b>Beitrag von Gert Ewen Ungar<\/b><br \/>\nRussland hatte Pl\u00e4ne f\u00fcr ein Attentat auf den Vorstandsvorsitzenden des R\u00fcstungskonzerns Rheinmetall, Armin Papperger, behauptet der US-Sender CNN und deutsche Medien springen unmittelbar darauf an. Handfeste Belege f\u00fcr die Anschuldigung gibt es keine, die entsprechenden Medienberichte ergehen sich in Konjunktiven, selbst deutsche Sicherheitsbeh\u00f6rden kochen die Nachricht eher runter, aber sie hat ausreichend Nervenkitzel, das Sommerloch f\u00fcr ein paar Tage zu f\u00fcllen. Die abenteuerliche Geschichte liefert zudem die Steilvorlage, die es deutschen Politikern im Umfragetief erm\u00f6glicht, ein paar saftige Erkl\u00e4rungen in den \u00c4ther zu entlassen, mit denen sie sich ein wenig scheinprofilieren k\u00f6nnen. <\/p>\n","protected":false},"author":3,"featured_media":19516,"comment_status":"closed","ping_status":"closed","sticky":false,"template":"","format":"standard","meta":{"colormag_page_container_layout":"default_layout","colormag_page_sidebar_layout":"default_layout","advanced_seo_description":"","jetpack_seo_html_title":"","jetpack_seo_noindex":false,"jetpack_post_was_ever_published":false,"footnotes":""},"categories":[12],"tags":[1587,1096,605,602,704,637,222,422,1784],"class_list":["post-19511","post","type-post","status-publish","format-standard","has-post-thumbnail","hentry","category-demokratie-medien-aufklaerung","tag-anschlag","tag-attentat","tag-desinformation","tag-fake-news","tag-militarisierung","tag-propaganda","tag-russland","tag-ruestung","tag-ruestungsindustrie"],"jetpack_featured_media_url":"https:\/\/i0.wp.com\/www.freidenker.org\/fw17\/wp-content\/uploads\/2024\/07\/Rheinmetall_Zentrale_Duesseldorf_800x450.jpg?fit=800%2C450&ssl=1","jetpack_shortlink":"https:\/\/wp.me\/p9stpK-54H","jetpack-related-posts":[{"id":15498,"url":"https:\/\/www.freidenker.org\/?p=15498","url_meta":{"origin":19511,"position":0},"title":"Die neuen gr\u00fcnen Krieger, CO\u2082-neutral","author":"Webredaktion","date":"16. M\u00e4rz 2023","format":false,"excerpt":"Beitrag von Dr. Werner R\u00fcgemer Der deutsche R\u00fcstungskonzern Rheinmetall hat schon Kaiser Wilhelm und Adolf Hitler im Ersten und Zweiten Weltkrieg lukrativ gedient. In der Bundesrepublik Deutschland mit dem Gr\u00fcndungskanzler Konrad Adenauer stieg er mit amerikanischer Hilfe wieder auf: Er produzierte f\u00fcr den Krieg der USA gegen Korea. Heute produziert\u2026","rel":"","context":"In &quot;Demokratie \u2013 Medien \u2013 Aufkl\u00e4rung&quot;","block_context":{"text":"Demokratie \u2013 Medien \u2013 Aufkl\u00e4rung","link":"https:\/\/www.freidenker.org\/?cat=12"},"img":{"alt_text":"","src":"https:\/\/i0.wp.com\/www.freidenker.org\/fw17\/wp-content\/uploads\/2023\/03\/rheinmetall_800x450.jpg?fit=800%2C450&ssl=1&resize=350%2C200","width":350,"height":200,"srcset":"https:\/\/i0.wp.com\/www.freidenker.org\/fw17\/wp-content\/uploads\/2023\/03\/rheinmetall_800x450.jpg?fit=800%2C450&ssl=1&resize=350%2C200 1x, https:\/\/i0.wp.com\/www.freidenker.org\/fw17\/wp-content\/uploads\/2023\/03\/rheinmetall_800x450.jpg?fit=800%2C450&ssl=1&resize=525%2C300 1.5x, https:\/\/i0.wp.com\/www.freidenker.org\/fw17\/wp-content\/uploads\/2023\/03\/rheinmetall_800x450.jpg?fit=800%2C450&ssl=1&resize=700%2C400 2x"},"classes":[]},{"id":19835,"url":"https:\/\/www.freidenker.org\/?p=19835","url_meta":{"origin":19511,"position":1},"title":"Putin war&#8217;s \u2013 &#8222;Die Zeit&#8220; sieht Russland f\u00fcr Wahlergebnisse verantwortlich","author":"Webredaktion","date":"14. September 2024","format":false,"excerpt":"Von Gert Ewen Ungar Immer mehr Deutsche w\u00e4hlen in Deutschland nach Auffassung des Mainstreams die falschen Parteien. Daf\u00fcr muss es einen Grund geben. Die Zeit-Kolumnist Michael Thumann kennt ihn. Der Grund hei\u00dft Putin. In seiner Einfallslosigkeit ist das wenig \u00fcberraschend. Statt Analyse und Korrektur setzt man in Deutschland auf Propaganda\u2026","rel":"","context":"In &quot;Demokratie \u2013 Medien \u2013 Aufkl\u00e4rung&quot;","block_context":{"text":"Demokratie \u2013 Medien \u2013 Aufkl\u00e4rung","link":"https:\/\/www.freidenker.org\/?cat=12"},"img":{"alt_text":"","src":"https:\/\/i0.wp.com\/www.freidenker.org\/fw17\/wp-content\/uploads\/2024\/09\/Frankfurter_Buchmesse_2016_-_Die_Zeit_2._800x450jpg.jpg?fit=800%2C450&ssl=1&resize=350%2C200","width":350,"height":200,"srcset":"https:\/\/i0.wp.com\/www.freidenker.org\/fw17\/wp-content\/uploads\/2024\/09\/Frankfurter_Buchmesse_2016_-_Die_Zeit_2._800x450jpg.jpg?fit=800%2C450&ssl=1&resize=350%2C200 1x, https:\/\/i0.wp.com\/www.freidenker.org\/fw17\/wp-content\/uploads\/2024\/09\/Frankfurter_Buchmesse_2016_-_Die_Zeit_2._800x450jpg.jpg?fit=800%2C450&ssl=1&resize=525%2C300 1.5x, https:\/\/i0.wp.com\/www.freidenker.org\/fw17\/wp-content\/uploads\/2024\/09\/Frankfurter_Buchmesse_2016_-_Die_Zeit_2._800x450jpg.jpg?fit=800%2C450&ssl=1&resize=700%2C400 2x"},"classes":[]},{"id":15933,"url":"https:\/\/www.freidenker.org\/?p=15933","url_meta":{"origin":19511,"position":2},"title":"Ein Geschenk zum &#8222;Tag der Pressefreiheit&#8220;","author":"Webredaktion","date":"3. Mai 2023","format":false,"excerpt":"Die Berliner Zeitung hat einen von ihr bei Freidenker-Beiratsmitglied Werner R\u00fcgemer bestellten Artikel \u00fcber Rheinmetall zensiert und sch\u00fctzt damit die R\u00fcstungslobbyistin Strack-Zimmermann und den Verteidigungsminister Pistorius. Auf Antrag von Werner R\u00fcgemer hin hat das Landgericht K\u00f6ln gegen die Berliner Zeitung eine Einstweilige Verf\u00fcgung erlassen: Der Originaltext ist wieder herzustellen! Zum\u2026","rel":"","context":"In &quot;Demokratie \u2013 Medien \u2013 Aufkl\u00e4rung&quot;","block_context":{"text":"Demokratie \u2013 Medien \u2013 Aufkl\u00e4rung","link":"https:\/\/www.freidenker.org\/?cat=12"},"img":{"alt_text":"","src":"https:\/\/i0.wp.com\/www.freidenker.org\/fw17\/wp-content\/uploads\/2023\/05\/strack_berlinerzeitung_zensur_800x450.jpg?fit=800%2C450&ssl=1&resize=350%2C200","width":350,"height":200,"srcset":"https:\/\/i0.wp.com\/www.freidenker.org\/fw17\/wp-content\/uploads\/2023\/05\/strack_berlinerzeitung_zensur_800x450.jpg?fit=800%2C450&ssl=1&resize=350%2C200 1x, https:\/\/i0.wp.com\/www.freidenker.org\/fw17\/wp-content\/uploads\/2023\/05\/strack_berlinerzeitung_zensur_800x450.jpg?fit=800%2C450&ssl=1&resize=525%2C300 1.5x, https:\/\/i0.wp.com\/www.freidenker.org\/fw17\/wp-content\/uploads\/2023\/05\/strack_berlinerzeitung_zensur_800x450.jpg?fit=800%2C450&ssl=1&resize=700%2C400 2x"},"classes":[]},{"id":16234,"url":"https:\/\/www.freidenker.org\/?p=16234","url_meta":{"origin":19511,"position":3},"title":"Die Russland-Sanktionen und der Geist des Versailler Vertrags","author":"Webredaktion","date":"3. Juni 2023","format":false,"excerpt":"Beitrag von Gert-Ewen Ungar Deutschland ist als gesellschaftliche Entit\u00e4t erneut aus der Zivilisation gefallen und wieder im Zustand der Barbarei angekommen. Das war schon vor dem 24. Februar 2022 der Fall, es blieb jedoch noch verdeckt. Mit dem Einmarsch Russlands in die Ukraine wurde es ganz offenbar. Deutschland ist ein\u2026","rel":"","context":"In &quot;Frieden - Antifaschismus - Solidarit\u00e4t&quot;","block_context":{"text":"Frieden - Antifaschismus - Solidarit\u00e4t","link":"https:\/\/www.freidenker.org\/?cat=13"},"img":{"alt_text":"","src":"https:\/\/i0.wp.com\/www.freidenker.org\/fw17\/wp-content\/uploads\/2023\/06\/Treaty_of_Versailles_Reparations_800x445.jpg?fit=800%2C445&ssl=1&resize=350%2C200","width":350,"height":200,"srcset":"https:\/\/i0.wp.com\/www.freidenker.org\/fw17\/wp-content\/uploads\/2023\/06\/Treaty_of_Versailles_Reparations_800x445.jpg?fit=800%2C445&ssl=1&resize=350%2C200 1x, https:\/\/i0.wp.com\/www.freidenker.org\/fw17\/wp-content\/uploads\/2023\/06\/Treaty_of_Versailles_Reparations_800x445.jpg?fit=800%2C445&ssl=1&resize=525%2C300 1.5x, https:\/\/i0.wp.com\/www.freidenker.org\/fw17\/wp-content\/uploads\/2023\/06\/Treaty_of_Versailles_Reparations_800x445.jpg?fit=800%2C445&ssl=1&resize=700%2C400 2x"},"classes":[]},{"id":22612,"url":"https:\/\/www.freidenker.org\/?p=22612","url_meta":{"origin":19511,"position":4},"title":"Protestcamp des B\u00fcndnisses &#8222;Rheinmetall Entwaffnen&#8220; wird gerichtlich verboten","author":"Webredaktion","date":"19. August 2025","format":false,"excerpt":"Beitrag von Felicitas Rabe Dieses Jahr wurde das Protestcamp \"Rheinmetall Entwaffnen\" vom 26. bis zum 31. August in K\u00f6ln angemeldet. Wie die Aktivisten der gleichnamigen Initiative in der vergangenen Woche auf ihrer Webseite mitteilten, wurde das mehrt\u00e4gige Camp im K\u00f6lner Gr\u00fcng\u00fcrtel von der K\u00f6lner Polizei verboten. Die Verbotsverf\u00fcgung sei mit\u2026","rel":"","context":"In &quot;Demokratie \u2013 Medien \u2013 Aufkl\u00e4rung&quot;","block_context":{"text":"Demokratie \u2013 Medien \u2013 Aufkl\u00e4rung","link":"https:\/\/www.freidenker.org\/?cat=12"},"img":{"alt_text":"","src":"https:\/\/i0.wp.com\/www.freidenker.org\/fw17\/wp-content\/uploads\/2025\/08\/yes_we_camp_preko2025_800x450.jpg?fit=800%2C450&ssl=1&resize=350%2C200","width":350,"height":200,"srcset":"https:\/\/i0.wp.com\/www.freidenker.org\/fw17\/wp-content\/uploads\/2025\/08\/yes_we_camp_preko2025_800x450.jpg?fit=800%2C450&ssl=1&resize=350%2C200 1x, https:\/\/i0.wp.com\/www.freidenker.org\/fw17\/wp-content\/uploads\/2025\/08\/yes_we_camp_preko2025_800x450.jpg?fit=800%2C450&ssl=1&resize=525%2C300 1.5x, https:\/\/i0.wp.com\/www.freidenker.org\/fw17\/wp-content\/uploads\/2025\/08\/yes_we_camp_preko2025_800x450.jpg?fit=800%2C450&ssl=1&resize=700%2C400 2x"},"classes":[]},{"id":22520,"url":"https:\/\/www.freidenker.org\/?p=22520","url_meta":{"origin":19511,"position":5},"title":"Putin und das Sommerloch: FR wittert &#8222;Nervosit\u00e4t im Kreml&#8220;","author":"Webredaktion","date":"2. August 2025","format":false,"excerpt":"Beitrag von Gert Ewen Ungar Margarita Simonjan ist die Chefin von RT und damit in Russland eine Pers\u00f6nlichkeit des \u00f6ffentlichen Lebens. Sie ist regelm\u00e4\u00dfig zu Gast in Talkshows, moderiert Diskussionen oder ist selbst als Expertin zu Podiumsdiskussionen eingeladen. Sie betreibt zudem einen eigenen Telegram-Kanal, ist Buchautorin und auch noch Ehefrau\u2026","rel":"","context":"In &quot;Demokratie \u2013 Medien \u2013 Aufkl\u00e4rung&quot;","block_context":{"text":"Demokratie \u2013 Medien \u2013 Aufkl\u00e4rung","link":"https:\/\/www.freidenker.org\/?cat=12"},"img":{"alt_text":"","src":"https:\/\/i0.wp.com\/www.freidenker.org\/fw17\/wp-content\/uploads\/2025\/08\/Vladimir_Putin_Russia_Today_2015-12-10_01_800x450.jpg?fit=800%2C450&ssl=1&resize=350%2C200","width":350,"height":200,"srcset":"https:\/\/i0.wp.com\/www.freidenker.org\/fw17\/wp-content\/uploads\/2025\/08\/Vladimir_Putin_Russia_Today_2015-12-10_01_800x450.jpg?fit=800%2C450&ssl=1&resize=350%2C200 1x, https:\/\/i0.wp.com\/www.freidenker.org\/fw17\/wp-content\/uploads\/2025\/08\/Vladimir_Putin_Russia_Today_2015-12-10_01_800x450.jpg?fit=800%2C450&ssl=1&resize=525%2C300 1.5x, https:\/\/i0.wp.com\/www.freidenker.org\/fw17\/wp-content\/uploads\/2025\/08\/Vladimir_Putin_Russia_Today_2015-12-10_01_800x450.jpg?fit=800%2C450&ssl=1&resize=700%2C400 2x"},"classes":[]}],"_links":{"self":[{"href":"https:\/\/www.freidenker.org\/index.php?rest_route=\/wp\/v2\/posts\/19511","targetHints":{"allow":["GET"]}}],"collection":[{"href":"https:\/\/www.freidenker.org\/index.php?rest_route=\/wp\/v2\/posts"}],"about":[{"href":"https:\/\/www.freidenker.org\/index.php?rest_route=\/wp\/v2\/types\/post"}],"author":[{"embeddable":true,"href":"https:\/\/www.freidenker.org\/index.php?rest_route=\/wp\/v2\/users\/3"}],"replies":[{"embeddable":true,"href":"https:\/\/www.freidenker.org\/index.php?rest_route=%2Fwp%2Fv2%2Fcomments&post=19511"}],"version-history":[{"count":0,"href":"https:\/\/www.freidenker.org\/index.php?rest_route=\/wp\/v2\/posts\/19511\/revisions"}],"wp:featuredmedia":[{"embeddable":true,"href":"https:\/\/www.freidenker.org\/index.php?rest_route=\/wp\/v2\/media\/19516"}],"wp:attachment":[{"href":"https:\/\/www.freidenker.org\/index.php?rest_route=%2Fwp%2Fv2%2Fmedia&parent=19511"}],"wp:term":[{"taxonomy":"category","embeddable":true,"href":"https:\/\/www.freidenker.org\/index.php?rest_route=%2Fwp%2Fv2%2Fcategories&post=19511"},{"taxonomy":"post_tag","embeddable":true,"href":"https:\/\/www.freidenker.org\/index.php?rest_route=%2Fwp%2Fv2%2Ftags&post=19511"}],"curies":[{"name":"wp","href":"https:\/\/api.w.org\/{rel}","templated":true}]}}