{"id":19489,"date":"2024-07-10T12:38:19","date_gmt":"2024-07-10T10:38:19","guid":{"rendered":"https:\/\/www.freidenker.org\/?p=19489"},"modified":"2024-08-14T23:35:49","modified_gmt":"2024-08-14T21:35:49","slug":"der-missbrauch-von-solidaritaet","status":"publish","type":"post","link":"https:\/\/www.freidenker.org\/?p=19489","title":{"rendered":"Der Missbrauch von Solidarit\u00e4t"},"content":{"rendered":"<p><strong>Kommentar vom Hochblauen<\/strong><\/p>\n<p><em>Von <strong>Evelyn Hecht-Galinski<\/strong><\/em><\/p>\n<p><span style=\"font-size: 10pt;\">Erstver\u00f6ffentlichung am 09.07.2024 im Blog <a href=\"https:\/\/www.sicht-vom-hochblauen.de\/kommentar-vom-hochblauen-der-missbrauch-von-solidaritaet-von-evelyn-hecht-galinski\/\" target=\"_blank\" rel=\"noopener\">Sicht vom Hochblauen<\/a><\/span><\/p>\n<p>Als Bundespr\u00e4sident Frank-Walter-Steinmeier bei der Einweihung der neuen Synagoge in Potsdam dazu aufrief, \u201esolidarisch mit Israel zu bleiben\u201c, da war ich wieder einmal entsetzt, anl\u00e4sslich dieser falschen und einseitigen Solidarit\u00e4tsaufforderung. Es gibt keine Solidarit\u00e4t mit Besatzung, Vertreibung und V\u00f6lkermord. Die Unterst\u00fctzer des \u201ej\u00fcdischen Staats machen sich mitschuldig am V\u00f6lkermord! Deutschland vermischt wieder einmal eigene Schuld mit unschuldigen Pal\u00e4stinensern, die noch heute als letzte Holocaustopfer leiden m\u00fcssen. Wenn Steinmeier den Schl\u00fcssel zum Frieden nicht bei Israel sieht, sondern bei der Hamas, die das eigene Volk seit Jahren als Geisel h\u00e4lt, so zeugt das von einem mehr als gest\u00f6rten Geschichtsbewusstsein! (1) Wo bleibt die Solidarit\u00e4t mit mehr als 38.000 get\u00f6teten Pal\u00e4stinensern, Frauen, Kindern und unschuldigen Zivilisten \u2013 mehr als 10.000 Pal\u00e4stinensern vermutlich unter Tr\u00fcmmern der von israelischen Bombenangriffen zerst\u00f6rten H\u00e4user und den mehr als 9.500 nach Tel Aviv entf\u00fchrten Pal\u00e4stinensern.<\/p>\n<h5>Ich schweige nicht zu neuem Unrecht!<\/h5>\n<p>Eilfertig wurden Hamas und Samidoun, dem einzigen pal\u00e4stinensischen Hilfswerk f\u00fcr Tausende pal\u00e4stinensischer H\u00e4ftlinge, zu Terrororganisationen erkl\u00e4rt, w\u00e4hrend zionistischer Staatsterror unter F\u00fchrung des \u201ePaten des modernen israelischen Faschismus\u201c Netanjahu weiter mit Solidarit\u00e4t koscher gemacht wird. (2)(3) AA Baerbock, die sich st\u00e4ndig f\u00fcr mehr \u201eTerror-Sanktionen\u201c ausspricht, aber israelischen oder ukrainischen Terror nicht sanktioniert, \u201ebegl\u00fcckt\u201c\u00a0 beide L\u00e4nder st\u00e4ndig mit ihren Solidarit\u00e4ts-Reisen. Soviel zur deutschen \u201efeministischen\u201c Au\u00dfenpolitik, die uns mehr an Kosten und Ozon-Loch, als Nutzen bringt<\/p>\n<p>Wie also kann ein deutscher Bundespr\u00e4sident diese Tatsachen negieren und stattdessen falsch verstandene \u201eIsrael-Liebe\u201c und \u201eJuden-Liebe\u201c zelebrieren. Nicht der 7. Oktober wirft Schatten auf das j\u00fcdische Leben in Deutschland, sondern es ist die Solidarisierung mit Israel, die die wirkliche Gefahr f\u00fcr die Sicherheit von j\u00fcdischen B\u00fcrgern in Deutschland, der gesamten Diaspora und Israel mit sich bringt. Solange aber diese Fakten nicht anerkannt werden, solange wird es keine Sicherheit und keinen Frieden geben. Es ist die Vorgeschichte, die zu dem Anschlag am 7. Oktober f\u00fchrte, ein Widerstand gegen Jahrzehnte lange Unterdr\u00fcckung und Entmenschlichung des pal\u00e4stinensischen Volkes.<\/p>\n<p>Israel nutzt brutal den Holocaust als Vorwand f\u00fcr den V\u00f6lkermord in Gaza. Viele Holocaust\u00fcberlende und Nachfahren sch\u00e4men sich f\u00fcr diese Art der Politik und deren Unterst\u00fctzung. Ich kann immer wieder nur das Motto meines Lebens, von meinem Vater Heinz Galinski wiederholen \u201eich habe Auschwitz nicht \u00fcberlebt, um zu neuem Unrecht zu schweigen\u201c. Ich schweige nicht!<\/p>\n<h5>Nicht Ausl\u00f6schung Israels ist das Ziel, sondern das Ende der illegalen Besatzung<\/h5>\n<p>In einem Land wie gerade Deutschland, in dem j\u00fcdische B\u00fcrger wieder mit Repressalien verfolgt werden, wenn sie sich kritisch und pro-pal\u00e4stinensisch \u00e4u\u00dfern, ist das eine mehr als bedenkliche Situation, die genau in die falsche Richtung f\u00fchrt. Ich bin sehr froh, dass es immer mehr j\u00fcdische oppositionelle Stimmen gibt, gerade auch von der J\u00fcdischen Stimme, die ich einmal mitgr\u00fcndete. Iris Hefets von der J\u00fcdischen Stimme kommt im TRT-Artikel \u201eZur\u00fcck zu den Nazi-Wurzeln: J\u00fcdische Aktivistin beklagt Deutschlands \u201abe\u00e4ngstigendes\u2018 Vorgehen gegen pro-pal\u00e4stinensische Stimmen\u201c zu Wort. In dem Artikel hei\u00dft es:<\/p>\n<p>In den vergangenen Monaten war die J\u00fcdische Stimme f\u00fcr den Frieden mit verschiedenen Formen der Unterdr\u00fcckung durch die deutsche Regierung konfrontiert, darunter die Sperrung von Bankkonten, die Absage von Veranstaltungen und die Verhaftung von Mitgliedern.<\/p>\n<p>\u201eWir haben uns gegr\u00fcndet, weil wir glauben, dass wir als Juden die Verantwortung haben, zu sagen \u2019nicht in unserem Namen\u2018, weil Israel behauptet, in unserem Namen zu sprechen\u201c, sagte Hefets.<\/p>\n<p>Die Repression der deutschen Regierung habe einen \u201ebe\u00e4ngstigenden\u201c Punkt erreicht, sagte sie.<\/p>\n<p>\u201eEs gibt kaum noch Juden in Deutschland, also reden wir \u00fcber eine sehr kleine, zerbrechliche Gruppe, gegen die sie vorgehen, um den Juden zu formen, den sie wollen, und das ist etwas, worin Deutschland sehr gut ist\u201c, sagte sie.<\/p>\n<p>\u201eDas ist etwas, das nicht neu ist, es ist eine R\u00fcckkehr zu den Wurzeln der Nazis \u2026 Das ist so erschreckend.\u201c<\/p>\n<p>Die Bedingungen f\u00fcr Juden in Deutschland sind so, dass \u201ees jetzt erlaubt ist, \u00f6ffentlich zu sagen, dass Juden Antisemiten sind\u201c, erkl\u00e4rte sie.<\/p>\n<p>\u201eDie Polizei darf Juden schlagen. Alles ist pervers\u2026 Es ist alles pervers, weil man Juden schl\u00e4gt, um j\u00fcdisches Leben zu sch\u00fctzen\u201c, f\u00fcgte sie hinzu. (4)<\/p>\n<p>Dass das \u201eSprachrohr\u201c der israelischen Regierung, Pr\u00e4sident des Zentralrats der Juden Josef Schuster auf der selben Veranstaltung eine fraktions\u00fcbergreifende Entschlie\u00dfung des Bundstages zum Schutz j\u00fcdischen Lebens forderte, dem \u201ealten Hass im neuen\u00a0 mehrheitsf\u00e4higen Gewand\u201c des Antisemitismus entschieden entgegenzutreten, war eine weitere wenig hilfreiche Verkennung der Tatsachen.<\/p>\n<p>Niemand will den Staat Israel ausl\u00f6schen, sondern nur die illegale Besatzung und Vertreibung der Pal\u00e4stinenser stoppen. Aber der \u201ej\u00fcdische Staat\u201c ein Staat ohne Grenzen, daf\u00fcr st\u00e4ndige Ausbreitung, mit einem Rekordjahr des israelischen Landraubs und j\u00fcdischen Siedlerterrors unter Netanjahus Regierungsschutz.<\/p>\n<p>Mit Lieferung von Waffen f\u00fcr den V\u00f6lkermord gibt man Israel immer neue Gelegenheiten, die Vertreibung und den V\u00f6lkermord in Gaza weiterzuf\u00fchren \u2013 bis zum bitteren Ende. Steinmeier vers\u00e4umte es, ein Wort dar\u00fcber zu verlieren, was auch durch deutsche Waffen, von Waffenschmieden wie Rheinmetall, die f\u00fcr etwa 169 Millionen Euro Panzergranaten nach Israel schickten, angerichtet wird. Das sind dieselben Firmen, sogar unter denselben Namen, die einmal Hitler im II. Welt-Krieg belieferten. Dar\u00fcber hinaus geben die EU-L\u00e4nder seit Jahrzehnten Steuergelder f\u00fcr israelische Waffen aus und unterst\u00fctzen damit nicht nur die illegale Besatzung, unz\u00e4hlige Angriffe, gezielte T\u00f6tungen und den V\u00f6lkermord in Gaza, sondern auch den milit\u00e4risch-industriellen Komplex Israels, als einem der zehn gr\u00f6\u00dften Waffenexporteuren der Welt, mit dem \u201eVorteil\u201c der Vermarktung ihrer t\u00f6dlichen Produkte als \u201ekampferprobt\u201c.<\/p>\n<h5>Anatomie des zionistischen V\u00f6lkermords<\/h5>\n<p>Aber in der momentanen politischen \u201eKriegseuphorie\u201c und Propagandastimmung sind alle Schleusen ge\u00f6ffnet, die uns in eine gef\u00e4hrliche Richtung f\u00fchren. Dieselben deutschen Parteien, die die AfD bek\u00e4mpfen, scheuen sich weder mit israelischen Faschisten zusammenzuarbeiten noch mit ukrainischen. Auch Israel hat keine Ber\u00fchrungs\u00e4ngste, sich mit rechtsextremistischen Parteien zu verbr\u00fcdern, schlie\u00dflich steht man sich so nahe und vertritt viele gleiche Ziele.<\/p>\n<p>Die Anatomie des zionistischen V\u00f6lkermords beschrieb Yoav Litvin, der israelisch-amerikanische Doktor der Psychologie\/Neurowissenschaften. Au\u00dferdem wurde der Vortrag vom Vorsitzenden des Redaktionsausschusses der World Socialist Web Site International, David North, am 14. Dezember 2023 an der Humboldt-Universit\u00e4t in Berlin gehalten. (5)(6)<\/p>\n<p>Seit dem 7. Oktober geht es auch in Deutschland vorrangig darum, pro-pal\u00e4stinensisches Engagement zu unterbinden, anstatt dieses zu f\u00f6rdern. Der neue Antisemitismus macht sich breit, der \u201egute\u201c und schlechte Juden teilt. Die schlechten Juden, die Freiheit f\u00fcr Pal\u00e4stina fordern, werden in die islamistische Ecke verbannt, und die guten Juden werden mit allen erdenklichen Hofierungen bedacht. So ist j\u00fcdisches Leben weder m\u00f6glich noch demokratisch. Deutschland war und ist immer auf dem rechten Auge blind und auf Linken-Hass getrimmt. W\u00e4hrend die KPD verboten wurde, durfte die NPD weitermachen. Die heutige Israel- und Ukraine-Politik unter USA F\u00fchrung f\u00fchrt uns alle in den n\u00e4chsten Weltkrieg. Wollen wir das? Es hilft nur, endlich F\u00fchrung zu zeigen in Friedenswillen, Freiheit f\u00fcr Pal\u00e4stina und Verhandlungen mit Russland, f\u00fcr einen Frieden, anstatt zu suggerieren das die Ukraine \u201ef\u00fcr uns und unsere Freiheit\u201c siegen muss. Unsere Freiheit m\u00fcssen wir selbst erhalten und daf\u00fcr k\u00e4mpfen ohne Missbrauch falscher Solidarit\u00e4t mit falschen Partnern.<\/p>\n<p style=\"text-align: right;\"><em>Evelyn Hecht-Galinski ist Mitglied des Deutschen Freidenker-Verbandes<\/em><\/p>\n<hr \/>\n<h4><strong>Die Gewalt<\/strong><\/h4>\n<p><em>Von <strong>Erich Fried<\/strong><\/em><\/p>\n<p>Die Gewalt f\u00e4ngt nicht an<br \/>\nwenn einer einen erw\u00fcrgt.<br \/>\nSie f\u00e4ngt an, wenn einer sagt:<br \/>\n\u201cIch liebe dich:<br \/>\nDu geh\u00f6rst mir!\u201d<\/p>\n<p>Die Gewalt f\u00e4ngt nicht an<br \/>\nwenn Kranke get\u00f6tet werden.<br \/>\nSie f\u00e4ngt an, wenn einer sagt:<br \/>\n\u201cDu bist krank:<br \/>\nDu mu\u00dft tun was ich sage!\u201d<\/p>\n<p>Die Gewalt f\u00e4ngt an,<br \/>\nwenn Eltern<br \/>\nihre folgsamen Kinder beherrschen<br \/>\nund wenn P\u00e4pste und Lehrer und Eltern<br \/>\nSelbstbeherrschung verlangen.<\/p>\n<p>Die Gewalt herrscht dort wo der Staat sagt:<br \/>\n\u201cUm die Gewalt zu bek\u00e4mpfen<br \/>\ndarf es keine Gewalt mehr geben<br \/>\nau\u00dfer meiner Gewalt\u201d<\/p>\n<p>Die Gewalt herrscht<br \/>\nwo irgendwer oder irgend etwas<br \/>\nzu hoch ist oder zu heilig,<br \/>\num noch kritisiert zu werden.<\/p>\n<p>Oder wo die Kritik nichts tun darf<br \/>\nsondern nur reden,<br \/>\nund die Heiligen oder die Hohen<br \/>\nmehr tun d\u00fcrfen als reden.<\/p>\n<p>Die Gewalt herrscht dort wo es hei\u00dft:<br \/>\n\u201eDu darfst Gewalt anwenden!\u201c<br \/>\nAber auch dort wo es hei\u00dft:<br \/>\n\u201cDu darfst keine Gewalt anwenden!\u201d<\/p>\n<p>Die Gewalt herrscht dort<br \/>\nwo sie ihre Gegner einsperrt<br \/>\nund sie verleumdet<br \/>\nals Anstifter zur Gewalt.<\/p>\n<p>Das Grundgesetz der Gewalt lautet:<br \/>\n\u201cRecht ist, was wir tun.<br \/>\nUnd was die anderen tun,<br \/>\ndas ist Gewalt!\u201d<\/p>\n<p>Die Gewalt kann man vielleicht nie<br \/>\nmit Gewalt \u00fcberwinden,<br \/>\naber auch nicht immer<br \/>\nohne Gewalt.<\/p>\n<hr \/>\n<p><strong>Fu\u00dfnoten<\/strong><\/p>\n<p>(1) <a href=\"https:\/\/www.bundespraesident.de\/SharedDocs\/Reden\/DE\/Frank-Walter-Steinmeier\/Reden\/2024\/07\/240704-synagogenzentrum-potsdam.html\">https:\/\/www.bundespraesident.de\/SharedDocs\/Reden\/DE\/Frank-Walter-Steinmeier\/Reden\/2024\/07\/240704-synagogenzentrum-potsdam.html<\/a><\/p>\n<p>(2) <a href=\"https:\/\/www.aa.com.tr\/en\/middle-east\/israel-a-terrorist-state-apartheid-regime-son-of-israeli-general-says\/3062836https:\/www.aljazeera.com\/opinions\/2022\/12\/21\/netanyahu-is-the-godfather-of-modern-israeli-fascism\">https:\/\/www.aa.com.tr\/en\/middle-east\/israel-a-terrorist-state-apartheid-regime-son-of-israeli-general-says\/3062836https:\/\/www.aljazeera.com\/opinions\/2022\/12\/21\/netanyahu-is-the-godfather-of-modern-israeli-fascism<\/a><\/p>\n<p>(3) <a href=\"https:\/\/www.bmi.bund.de\/SharedDocs\/pressemitteilungen\/EN\/2023\/11\/banned-hamas-samidoun.html\">https:\/\/www.bmi.bund.de\/SharedDocs\/pressemitteilungen\/EN\/2023\/11\/banned-hamas-samidoun.html<\/a><\/p>\n<p>(4) <a href=\"https:\/\/www.aa.com.tr\/en\/europe\/-back-to-nazi-roots-jewish-activist-decries-germany-s-frightening-crackdown-on-pro-palestine-voices\/3232991\">https:\/\/www.aa.com.tr\/en\/europe\/-back-to-nazi-roots-jewish-activist-decries-germany-s-frightening-crackdown-on-pro-palestine-voices\/3232991<\/a><\/p>\n<p>(5) <a href=\"https:\/\/www.wsws.org\/en\/articles\/2023\/12\/19\/pers-d19.html\">https:\/\/www.wsws.org\/en\/articles\/2023\/12\/19\/pers-d19.html<\/a><\/p>\n<p>(6) <a href=\"https:\/\/www.counterpunch.org\/2023\/12\/22\/the-anatomy-of-zionist-genocide\/\">https:\/\/www.counterpunch.org\/2023\/12\/22\/the-anatomy-of-zionist-genocide\/<\/a><\/p>\n<p>&nbsp;<\/p>\n<p><span style=\"font-size: 10pt;\">Auch ver\u00f6ffentlicht in der Neuen Rheinischen Zeitung (NRhZ) in Ausgabe 832 vom 08.07.2024 unter <a href=\"http:\/\/www.nrhz.de\/flyer\/beitrag.php?id=29157\">http:\/\/www.nrhz.de\/flyer\/beitrag.php?id=29157<\/a><\/span><\/p>\n<hr \/>\n<p><span style=\"font-size: 10pt;\">Bild oben: \u00dcbernommen vom <a href=\"https:\/\/www.sicht-vom-hochblauen.de\/kommentar-vom-hochblauen-der-missbrauch-von-solidaritaet-von-evelyn-hecht-galinski\/\" target=\"_blank\" rel=\"noopener\">Blog &#8222;Sicht vom Hochblauen&#8220;<\/a>\u00a0<\/span><\/p>\n","protected":false},"excerpt":{"rendered":"<p><b>Kommentar von Evelyn Hecht-Galinski<\/b><br \/>\nAls Bundespr\u00e4sident Frank-Walter-Steinmeier bei der Einweihung der neuen Synagoge in Potsdam dazu aufrief, \u201esolidarisch mit Israel zu bleiben\u201c, da war ich wieder einmal entsetzt, anl\u00e4sslich dieser falschen und einseitigen Solidarit\u00e4tsaufforderung. Es gibt keine Solidarit\u00e4t mit Besatzung, Vertreibung und V\u00f6lkermord. Die Unterst\u00fctzer des \u201ej\u00fcdischen Staats machen sich mitschuldig am V\u00f6lkermord! Deutschland vermischt wieder einmal eigene Schuld mit unschuldigen Pal\u00e4stinensern, die noch heute als letzte Holocaustopfer leiden m\u00fcssen. Wenn Steinmeier den Schl\u00fcssel zum Frieden nicht bei Israel sieht, sondern bei der Hamas, die das eigene Volk seit Jahren als Geisel h\u00e4lt, so zeugt das von einem mehr als gest\u00f6rten Geschichtsbewusstsein! <\/p>\n","protected":false},"author":3,"featured_media":19491,"comment_status":"closed","ping_status":"closed","sticky":false,"template":"","format":"standard","meta":{"colormag_page_container_layout":"default_layout","colormag_page_sidebar_layout":"default_layout","advanced_seo_description":"","jetpack_seo_html_title":"","jetpack_seo_noindex":false,"jetpack_post_was_ever_published":false,"footnotes":""},"categories":[12],"tags":[1046,512,159,1644,1954,277,393,1955,394,943,2243,1668,1931,579],"class_list":["post-19489","post","type-post","status-publish","format-standard","has-post-thumbnail","hentry","category-demokratie-medien-aufklaerung","tag-3-weltkrieg","tag-antisemitismus","tag-freiheit","tag-gewalt","tag-hamas","tag-holocaust","tag-israel","tag-nahostkonflikt","tag-palaestina","tag-potsdam","tag-synagoge","tag-terror","tag-voelkermord","tag-zionismus"],"jetpack_featured_media_url":"https:\/\/i0.wp.com\/www.freidenker.org\/fw17\/wp-content\/uploads\/2024\/07\/solidaritaet_missbrauch_800x450.jpg?fit=800%2C450&ssl=1","jetpack_shortlink":"https:\/\/wp.me\/p9stpK-54l","jetpack-related-posts":[{"id":19719,"url":"https:\/\/www.freidenker.org\/?p=19719","url_meta":{"origin":19489,"position":0},"title":"Wenn \u201eSelbstverteidigung\u201c zu V\u00f6lkermord wird \u2013 Pal\u00e4stinensischer Widerstand gegen zionistischen Terror","author":"Webredaktion","date":"14. August 2024","format":false,"excerpt":"Kommentar von Evelyn Hecht-Galinski Wie lange will Deutschland noch die unhaltbaren Positionen der schwerwiegenden Fehlinterpretationen der Geschichte als \u201eStaatsr\u00e4son\u201c beibehalten? Der \u201ej\u00fcdische Staat\u201c baute sich von Beginn an \u00fcber die Geschichte der zionistischen Kolonisierung auf, ethnische S\u00e4uberung wurde als \u201elegitimes\u201c Recht f\u00fcr ein \u201eVolk ohne Land\u201c f\u00fcr ein \u201eLand ohne\u2026","rel":"","context":"In &quot;Demokratie \u2013 Medien \u2013 Aufkl\u00e4rung&quot;","block_context":{"text":"Demokratie \u2013 Medien \u2013 Aufkl\u00e4rung","link":"https:\/\/www.freidenker.org\/?cat=12"},"img":{"alt_text":"","src":"https:\/\/i0.wp.com\/www.freidenker.org\/fw17\/wp-content\/uploads\/2024\/08\/Selbstverteidigungevelyn_800x450.jpg?fit=800%2C450&ssl=1&resize=350%2C200","width":350,"height":200,"srcset":"https:\/\/i0.wp.com\/www.freidenker.org\/fw17\/wp-content\/uploads\/2024\/08\/Selbstverteidigungevelyn_800x450.jpg?fit=800%2C450&ssl=1&resize=350%2C200 1x, https:\/\/i0.wp.com\/www.freidenker.org\/fw17\/wp-content\/uploads\/2024\/08\/Selbstverteidigungevelyn_800x450.jpg?fit=800%2C450&ssl=1&resize=525%2C300 1.5x, https:\/\/i0.wp.com\/www.freidenker.org\/fw17\/wp-content\/uploads\/2024\/08\/Selbstverteidigungevelyn_800x450.jpg?fit=800%2C450&ssl=1&resize=700%2C400 2x"},"classes":[]},{"id":22095,"url":"https:\/\/www.freidenker.org\/?p=22095","url_meta":{"origin":19489,"position":1},"title":"Genug der deutschen Scheinheiligkeit und Schamlosigkeit \u2013 Gaza und die deutschen Krokodilstr\u00e4nen","author":"Webredaktion","date":"12. Juni 2025","format":false,"excerpt":"Kommentar von Von Evelyn Hecht-Galinski Wie lange kann und will man das israelische Regime noch als \u201eeinzige\u201c Demokratie im Nahen Osten bezeichnen? Dieses Regime wurde zwar demokratisch gew\u00e4hlt, aber was hei\u00dft das schon? Eine Demokratie besteht nicht nur aus Wahlen, sondern auch aus W\u00e4hlern. Wenn also 82% dieser W\u00e4hler die\u2026","rel":"","context":"In &quot;Frieden - Antifaschismus - Solidarit\u00e4t&quot;","block_context":{"text":"Frieden - Antifaschismus - Solidarit\u00e4t","link":"https:\/\/www.freidenker.org\/?cat=13"},"img":{"alt_text":"","src":"https:\/\/i0.wp.com\/www.freidenker.org\/fw17\/wp-content\/uploads\/2025\/06\/palestine-6950484_800x450.jpg?fit=800%2C450&ssl=1&resize=350%2C200","width":350,"height":200,"srcset":"https:\/\/i0.wp.com\/www.freidenker.org\/fw17\/wp-content\/uploads\/2025\/06\/palestine-6950484_800x450.jpg?fit=800%2C450&ssl=1&resize=350%2C200 1x, https:\/\/i0.wp.com\/www.freidenker.org\/fw17\/wp-content\/uploads\/2025\/06\/palestine-6950484_800x450.jpg?fit=800%2C450&ssl=1&resize=525%2C300 1.5x, https:\/\/i0.wp.com\/www.freidenker.org\/fw17\/wp-content\/uploads\/2025\/06\/palestine-6950484_800x450.jpg?fit=800%2C450&ssl=1&resize=700%2C400 2x"},"classes":[]},{"id":21521,"url":"https:\/\/www.freidenker.org\/?p=21521","url_meta":{"origin":19489,"position":2},"title":"Stoppt den Genozid! Sofort!","author":"Webredaktion","date":"22. April 2025","format":false,"excerpt":"Video von Marlies und S\u00f6nke Hundt\u00a0 Unbarmherzig und vor den Augen der Welt\u00f6ffentlichkeit wird der V\u00f6lkermord an den Pal\u00e4stinensern in Gaza weitergef\u00fchrt. Die Pal\u00e4stinensische Gemeinde in Bremen hat am 05.04.2025 wieder zum Protest gegen den Genozid in Gaza aufgerufen. Mit einer Demonstration vom Hauptbahnhof und einer Kundgebung auf dem Marktplatz.\u2026","rel":"","context":"In &quot;Frieden - Antifaschismus - Solidarit\u00e4t&quot;","block_context":{"text":"Frieden - Antifaschismus - Solidarit\u00e4t","link":"https:\/\/www.freidenker.org\/?cat=13"},"img":{"alt_text":"","src":"https:\/\/i0.wp.com\/www.freidenker.org\/fw17\/wp-content\/uploads\/2025\/04\/video_soenke_hundt.jpg?fit=800%2C450&ssl=1&resize=350%2C200","width":350,"height":200,"srcset":"https:\/\/i0.wp.com\/www.freidenker.org\/fw17\/wp-content\/uploads\/2025\/04\/video_soenke_hundt.jpg?fit=800%2C450&ssl=1&resize=350%2C200 1x, https:\/\/i0.wp.com\/www.freidenker.org\/fw17\/wp-content\/uploads\/2025\/04\/video_soenke_hundt.jpg?fit=800%2C450&ssl=1&resize=525%2C300 1.5x, https:\/\/i0.wp.com\/www.freidenker.org\/fw17\/wp-content\/uploads\/2025\/04\/video_soenke_hundt.jpg?fit=800%2C450&ssl=1&resize=700%2C400 2x"},"classes":[]},{"id":18081,"url":"https:\/\/www.freidenker.org\/?p=18081","url_meta":{"origin":19489,"position":3},"title":"Gedenken, Genozid, Vertreibung untrennbar verbunden","author":"Webredaktion","date":"2. Februar 2024","format":false,"excerpt":"Kommentar von Evelyn Hecht-Galinski Als am Mittwoch dieser Woche im Bundestag der Befreiung des KZ-Auschwitz vor 79 Jahren gedacht wurde, fehlte ein grundlegendes Gedenken. Als die ungarische Holocaust\u00fcberlebende Eva Szepesi vom Grauen der Vergangenheit berichtete und die Br\u00fccke in die Gegenwart schlug, da erw\u00e4hnte sie nicht das Grauen in Gaza\u2026","rel":"","context":"In &quot;Demokratie \u2013 Medien \u2013 Aufkl\u00e4rung&quot;","block_context":{"text":"Demokratie \u2013 Medien \u2013 Aufkl\u00e4rung","link":"https:\/\/www.freidenker.org\/?cat=12"},"img":{"alt_text":"","src":"https:\/\/i0.wp.com\/www.freidenker.org\/fw17\/wp-content\/uploads\/2024\/02\/Auschwitz_I_22_May_2010_800x450.jpg?fit=800%2C450&ssl=1&resize=350%2C200","width":350,"height":200,"srcset":"https:\/\/i0.wp.com\/www.freidenker.org\/fw17\/wp-content\/uploads\/2024\/02\/Auschwitz_I_22_May_2010_800x450.jpg?fit=800%2C450&ssl=1&resize=350%2C200 1x, https:\/\/i0.wp.com\/www.freidenker.org\/fw17\/wp-content\/uploads\/2024\/02\/Auschwitz_I_22_May_2010_800x450.jpg?fit=800%2C450&ssl=1&resize=525%2C300 1.5x, https:\/\/i0.wp.com\/www.freidenker.org\/fw17\/wp-content\/uploads\/2024\/02\/Auschwitz_I_22_May_2010_800x450.jpg?fit=800%2C450&ssl=1&resize=700%2C400 2x"},"classes":[]},{"id":19793,"url":"https:\/\/www.freidenker.org\/?p=19793","url_meta":{"origin":19489,"position":4},"title":"Existenzrecht? F\u00fcr Besatzung, Vertreibung und V\u00f6lkermord? Freiheit vom Fluss bis zum Meer!","author":"Webredaktion","date":"1. August 2024","format":false,"excerpt":"Kommentar von Evelyn Hecht-Galinski Es ist erschreckend, mit welch blindem Aktionismus nicht nur die Politik und ihre Vertreter versuchen, diesen schrecklichen Solinger Anschlag daf\u00fcr missbrauchen zu wollen, um daraus den Honig f\u00fcr Wahlgewinne oder Sympathiekundgebungen zu saugen. Es ist aber noch verwerflicher, wie christliche und j\u00fcdische \u201eW\u00fcrdentr\u00e4ger\u201c und Funktion\u00e4re diesen\u2026","rel":"","context":"In &quot;Frieden - Antifaschismus - Solidarit\u00e4t&quot;","block_context":{"text":"Frieden - Antifaschismus - Solidarit\u00e4t","link":"https:\/\/www.freidenker.org\/?cat=13"},"img":{"alt_text":"","src":"https:\/\/i0.wp.com\/www.freidenker.org\/fw17\/wp-content\/uploads\/2024\/09\/gaza-6782232_800x450.jpg?fit=800%2C450&ssl=1&resize=350%2C200","width":350,"height":200,"srcset":"https:\/\/i0.wp.com\/www.freidenker.org\/fw17\/wp-content\/uploads\/2024\/09\/gaza-6782232_800x450.jpg?fit=800%2C450&ssl=1&resize=350%2C200 1x, https:\/\/i0.wp.com\/www.freidenker.org\/fw17\/wp-content\/uploads\/2024\/09\/gaza-6782232_800x450.jpg?fit=800%2C450&ssl=1&resize=525%2C300 1.5x, https:\/\/i0.wp.com\/www.freidenker.org\/fw17\/wp-content\/uploads\/2024\/09\/gaza-6782232_800x450.jpg?fit=800%2C450&ssl=1&resize=700%2C400 2x"},"classes":[]},{"id":19230,"url":"https:\/\/www.freidenker.org\/?p=19230","url_meta":{"origin":19489,"position":5},"title":"Die Farce mit der \u201eZivilcourage\u201c, \u201eMeinungsfreiheit\u201c und \u201eW\u00fcrde des Menschen\u201c","author":"Webredaktion","date":"31. Mai 2024","format":false,"excerpt":"Kommentar von Evelyn Hecht-Galinski Als am 23. Mai 2024 75 Jahre Grundgesetz gefeiert wurde, dachte ich mir, wie kann man so verlogen und geschichtsverleugnend \u201efeiern\u201c? Mich verbindet mit dem Grundgesetz besonders, dass es im selben Jahr geboren wurde wie ich, und der pr\u00e4gende Satz: \u201eDie W\u00fcrde des Menschen ist unantastbar\u201c\u2026","rel":"","context":"In &quot;Demokratie \u2013 Medien \u2013 Aufkl\u00e4rung&quot;","block_context":{"text":"Demokratie \u2013 Medien \u2013 Aufkl\u00e4rung","link":"https:\/\/www.freidenker.org\/?cat=12"},"img":{"alt_text":"","src":"https:\/\/i0.wp.com\/www.freidenker.org\/fw17\/wp-content\/uploads\/2024\/05\/the-basic-law-2454404_800x450.jpg?fit=800%2C450&ssl=1&resize=350%2C200","width":350,"height":200,"srcset":"https:\/\/i0.wp.com\/www.freidenker.org\/fw17\/wp-content\/uploads\/2024\/05\/the-basic-law-2454404_800x450.jpg?fit=800%2C450&ssl=1&resize=350%2C200 1x, https:\/\/i0.wp.com\/www.freidenker.org\/fw17\/wp-content\/uploads\/2024\/05\/the-basic-law-2454404_800x450.jpg?fit=800%2C450&ssl=1&resize=525%2C300 1.5x, https:\/\/i0.wp.com\/www.freidenker.org\/fw17\/wp-content\/uploads\/2024\/05\/the-basic-law-2454404_800x450.jpg?fit=800%2C450&ssl=1&resize=700%2C400 2x"},"classes":[]}],"_links":{"self":[{"href":"https:\/\/www.freidenker.org\/index.php?rest_route=\/wp\/v2\/posts\/19489","targetHints":{"allow":["GET"]}}],"collection":[{"href":"https:\/\/www.freidenker.org\/index.php?rest_route=\/wp\/v2\/posts"}],"about":[{"href":"https:\/\/www.freidenker.org\/index.php?rest_route=\/wp\/v2\/types\/post"}],"author":[{"embeddable":true,"href":"https:\/\/www.freidenker.org\/index.php?rest_route=\/wp\/v2\/users\/3"}],"replies":[{"embeddable":true,"href":"https:\/\/www.freidenker.org\/index.php?rest_route=%2Fwp%2Fv2%2Fcomments&post=19489"}],"version-history":[{"count":0,"href":"https:\/\/www.freidenker.org\/index.php?rest_route=\/wp\/v2\/posts\/19489\/revisions"}],"wp:featuredmedia":[{"embeddable":true,"href":"https:\/\/www.freidenker.org\/index.php?rest_route=\/wp\/v2\/media\/19491"}],"wp:attachment":[{"href":"https:\/\/www.freidenker.org\/index.php?rest_route=%2Fwp%2Fv2%2Fmedia&parent=19489"}],"wp:term":[{"taxonomy":"category","embeddable":true,"href":"https:\/\/www.freidenker.org\/index.php?rest_route=%2Fwp%2Fv2%2Fcategories&post=19489"},{"taxonomy":"post_tag","embeddable":true,"href":"https:\/\/www.freidenker.org\/index.php?rest_route=%2Fwp%2Fv2%2Ftags&post=19489"}],"curies":[{"name":"wp","href":"https:\/\/api.w.org\/{rel}","templated":true}]}}