{"id":19487,"date":"2024-07-10T12:38:08","date_gmt":"2024-07-10T10:38:08","guid":{"rendered":"https:\/\/www.freidenker.org\/?p=19487"},"modified":"2024-08-14T23:35:41","modified_gmt":"2024-08-14T21:35:41","slug":"operationsplan-deutschland-unfug-luegen-und-ein-fall-fuer-die-steuerfahndung","status":"publish","type":"post","link":"https:\/\/www.freidenker.org\/?p=19487","title":{"rendered":"&#8222;Operationsplan Deutschland&#8220; \u2013 Unfug, L\u00fcgen und ein Fall f\u00fcr die Steuerfahndung"},"content":{"rendered":"<p><strong>Noch vor den Wetterfr\u00f6schen, die inzwischen nicht vor dem Wetter, sondern vor dem Klimawandel warnen, gibt es in deutschen Nachrichten inzwischen die Gener\u00e4le, die sich um die Angst vor dem b\u00f6sen Russen k\u00fcmmern. Und \u00fcber supergeheime Kriegspl\u00e4ne orakeln. <\/strong><\/p>\n<p><em>Von <strong>Dagmar Henn<\/strong><\/em><\/p>\n<p><span style=\"font-size: 10pt;\">Erstver\u00f6ffentlichung am 05.07.2024 auf <a href=\"https:\/\/freedert.online\/meinung\/211287-operationsplan-deutschland-viel-unfug-und\/\" target=\"_blank\" rel=\"noopener\">RT DE<\/a><\/span><\/p>\n<p>Es h\u00e4tte nat\u00fcrlich einen gewissen Reiz, sich mit einem Psychogramm des Bundeswehr-Generalleutnants Andr\u00e9 Bodemann zu befassen. Schon allein, weil es keine Aufnahme von ihm gibt, auf der die Uniform richtig sitzt, was sich beim Einkommen eines Generalleutnants (13.200 Euro\/Monat) nur dadurch erkl\u00e4ren l\u00e4sst, dass er zu geizig ist, um eine Schneiderei zu beauftragen. Und man k\u00f6nnte sich damit befassen, was eigentlich die (derzeit so in Mode geratenen) Formulierungen wie &#8222;wir als Deutschland&#8220; oder &#8222;wir als Milit\u00e4r&#8220; besagen, die immer den Eindruck erwecken, als sei dahinter eine zweite, wirkliche Identit\u00e4t verborgen. Was auf subtile Weise wahr ist, denn Herr &#8222;wir als Deutschland&#8220; agiert ja tats\u00e4chlich nicht im Mindesten im Interesse desselben.<\/p>\n<p>Im Gegenteil, und wenn er nutzlos w\u00e4re, dann w\u00e4re das schon g\u00fcnstig, weil er dann wenigstens keinen Schaden anrichten w\u00fcrde, mit seiner festen \u00dcberzeugung, dass Putin &#8222;das alte Gebiet der Sowjetunion wiederherstellen m\u00f6chte&#8220;, und dass &#8222;wir Sabotage in Deutschland&#8220; haben, &#8222;denken Sie an Nord Stream 2&#8220;, was f\u00fcr ihn selbstverst\u00e4ndlich die Russen waren.<\/p>\n<p>Schon allein daf\u00fcr, dass er den aktuellen Nebelwerferbegriff der NATO so gern wiederholt, m\u00f6chte man ihn hauen. &#8222;Ostflanke der NATO&#8220;. Das hat sich mit Sicherheit ein Werbetexter ausgedacht, dem aufgefallen ist, dass &#8222;Ostfront&#8220; seltsame Erinnerungen weckt, insbesondere solche, die nach Angriff und blutiger Niederlage riechen. Der &#8222;Operationsplan Deutschland&#8220;, den er in seinem Interview mit\u00a0<em>ntv<\/em>\u00a0irgendwie\u00a0<a href=\"https:\/\/www.youtube.com\/watch?v=vstvRwdyGO0\" target=\"_blank\" rel=\"noopener noreferrer\">umschrieb<\/a>, sei vor allem deshalb wichtig, weil dann, wenn die US-Truppen eintr\u00e4fen, die Bundeswehr schon an der &#8222;Ostflanke&#8220;, also Ostfront, oder auf dem Weg dorthin sei.<\/p>\n<p>Immerhin nett, dass er auf diese Weise den Bundesb\u00fcrgern mitteilt, dass selbstverst\u00e4ndlich erst die Deutschen dran sind; man wei\u00df ja, dass die Amerikaner gern in europ\u00e4ische Kriege eintreten, wenn im Grunde nur noch aufgewischt werden muss. Also, die BW ist schon unterwegs, um verheizt zu werden (die Polen sind zu diesem Zeitpunkt vermutlich schon aufgebraucht, die Ukrainer sind ja jetzt schon weitgehend vernutzt), und irgendwer muss dann die lieben Verb\u00fcndeten verpflegen und umsorgen.<\/p>\n<p>Nun, ich an seiner Stelle h\u00e4tte da ganz andere Sorgen. Immerhin h\u00e4ngen nicht alle Deutschen seinem Irrglauben an; es gibt doch ein paar, die eine etwas realistischere Vorstellung der Nord-Stream-Terroristen haben. Da w\u00e4re es vermutlich besser, die US-Truppen, die durch Deutschland ziehen sollen, in einigen Gebieten von der Bundeswehr bewachen zu lassen; es g\u00e4be keine Garantie daf\u00fcr, dass nicht doch zumindest einige Fleischsalatbr\u00f6tchen mit Salmonellen geliefert oder der Benzinnachschub mit Zucker versetzt w\u00fcrde, um die freundlicheren Varianten zu erw\u00e4hnen, in denen sich ein gewisser Groll \u00fcber den wirtschaftlichen Niedergang artikulieren k\u00f6nnte.<\/p>\n<p>\u00dcberhaupt ist nach Sicht des Herrn Bodemann (und nein, Entschuldigung, nachdem er sich in jeder seiner \u00c4u\u00dferungen als transatlantischer Vaterlandsverr\u00e4ter erweist, ist es mir innerlich zutiefst zuwider, seinen milit\u00e4rischen Rang auch nur zu erw\u00e4hnen, au\u00dfer, es w\u00e4re ein US-amerikanischer) die deutsche Bev\u00f6lkerung absolut begeistert von dem, was da getrieben wird, so wie alles, was geschieht, einzig in dem Rahmen &#8222;wir gegen Russland&#8220; einen Sinn ergibt.<\/p>\n<p>Allen Ernstes, der Herr erw\u00e4hnt &#8222;Diebstahl von Eisen oder Stahl oder was auch immer&#8220; an Bahnstrecken als Sabotageakte im Auftrag Russlands. Abgesehen davon, dass weit eher Kupfer gestohlen wird als Stahl, schlicht wegen des g\u00fcnstigeren Verh\u00e4ltnisses von Gewicht und Wert, ist das eben keine Sabotage, da wird einfach geklaut. Wobei klar ist, je h\u00f6her die Preise, desto eher lohnt es sich nat\u00fcrlich,\u00a0was wiederum durch die westliche Sanktionspolitik \u2013 nun, das w\u00fcrde ja erfordern, dass Herr Bodemann \u00f6konomisch denken kann. Er hat P\u00e4dagogik studiert.<\/p>\n<p>Nat\u00fcrlich sind selbst die wenigen Details, die er aus diesem hochgeheimen Plan verr\u00e4t, belustigend. Beispielsweise dann, wenn es darum geht, wie das &#8222;schwere Gesch\u00fctz in Richtung Ostflanke&#8220;, Ostfront eben, bef\u00f6rdert werden soll. Drei Varianten, von denen jede Potenzial hat.<\/p>\n<p>Bei der ersten hat er hoffentlich die Deutsche Bahn zu einer erheblichen Lohnerh\u00f6hung f\u00fcr die Lokomotivf\u00fchrer \u00fcberredet, denn er nennt tats\u00e4chlich zuerst die Bahn. Nun, wird interessant, was die GDL aus dieser Lage macht, denn wahrscheinlich hat er nicht an die Besch\u00e4ftigten gedacht, die diese Transporte steuern sollen\u2026<\/p>\n<p>Das hat er in der zweiten Variante auch nicht, weil er zivile Transportunternehmen beanspruchen will, &#8222;weil es nicht genug milit\u00e4rische Transportm\u00f6glichkeiten gibt, um diese Masse an Soldatinnen und Soldaten und insbesondere schwerem Ger\u00e4t durch Deutschland&#8220; an besagte Ostfront zu bef\u00f6rdern. Das ist vor allem vor dem Hintergrund interessant, dass in vielen deutschen St\u00e4dten der \u00f6ffentliche Nahverkehr schon Buslinien gestrichen hat, weil es nicht genug Fahrer gibt. Wenn Bodemann da noch Fahrer abzieht, gibt es dann keine Buslinien mehr? Und wie meint er, Mitarbeiter in einer Branche, die verzweifelt Personal sucht, dazu zu motivieren, mit dem Transport von US-Soldaten an die &#8222;Ostflanke&#8220; mitsamt Fahrzeug zum legitimen Ziel zu werden? Indem dem Fahrer eine Waffe an den Kopf gehalten wird?<\/p>\n<p>Noch ein wenig h\u00fcbscher ist die letzte Variante. Man k\u00f6nne ja per Roll-on\/Roll-off-Material in einem deutschen Hafen auf Schiffe laden, und dann in einem Hafen in Litauen\u2026 Das ist das Detail, mit dem er selbst all seine Behauptungen von der russischen Aggression aufhebt. Denn erstens w\u00fcrde, sollte die russische Armee tats\u00e4chlich Interesse an Litauen haben (wer hat eigentlich \u00fcberhaupt Interesse an Litauen?), in der Zeit, die es braucht, um ein Schiff in Deutschland zu beladen und damit bis Litauen zu fahren, kein litauischer Hafen mehr vorfindbar sein, in dem entladen werden k\u00f6nnte, gleich, ob im Container verschifft oder eben per Roll-on\/Roll-off. G\u00e4be es einen Krieg mit Russland, ohne dass Litauen einbezogen w\u00e4re, g\u00e4be es dennoch f\u00fcr Russland keinen Grund, das besagte Schiff seine Fracht in Ruhe abladen zu lassen. Im Grunde gibt es exakt ein Szenario, in dem diese Transportoption \u00fcberhaupt existiert: im Falle der Vorbereitung eines Angriffskriegs der NATO gegen Russland. Was dann aber hie\u00dfe, die Bundeswehr, die schon an die Ostfront expediert ist, reinszeniert tats\u00e4chlich das Unternehmen Barbarossa.<\/p>\n<p>Aber wer will sich schon mit solchen Details befassen. Wenn Bodemann &#8222;erst seit dem 22. Februar 2022 gemerkt&#8220; hat, &#8222;dass Krieg in Europa doch wieder stattfindet&#8220;, muss man ihm diesen Ausfall mit Litauen schon allein deshalb verzeihen, weil er vermutlich besagten Zwergstaat auf keiner Karte finden k\u00f6nnte, wenn es ihm schon gelingt, trotz eines sechsmonatigen Aufenthalts im Kosovo im Jahr 2003 nicht zu wissen, dass Belgrad in Europa liegt.<\/p>\n<p>Doch das sind alles Nicklichkeiten. Denn das wirklich Bedeutende an diesem &#8222;Operationsplan Deutschland&#8220;, der so ungeheuer geheim ist, dass seine tausend Seiten in hundert Tagen geheimer Sitzungen an geheimen Orten geschaffen wurden, ist etwas ganz Anderes. Daf\u00fcr muss man eine Passage aus dem Interview etwas gegen den Strich lesen, oder den inneren Buchhalter mobilisieren:<\/p>\n<blockquote><p><em>&#8222;Wir arbeiten mit dem Prinzip der maximalen zivilen Leistungserbringung. Wir bleiben wieder bei dem Beispiel des amerikanischen Konvois, dieser wird dann eben nicht versorgt durch einen Betriebsstoff-Lkw der Bundeswehr, sondern durch einen Betriebsstoff-Lkw eines namhaften Betriebsstoff-Unternehmens in Deutschland, die sanit\u00e4tliche Versorgung w\u00fcrde nicht durch die Bundeswehr-Sanit\u00e4ter erfolgen, sondern durch Malteser, Johanniter, durch das Deutsche Rote Kreuz, und die Verpflegung kommt nicht von der Truppenk\u00fcche der Bundeswehr, sondern durch einen zivilen Caterer.&#8220;<\/em><\/p><\/blockquote>\n<p>Hier werden einer ganzen Reihe von Unternehmen Auftr\u00e4ge erteilt. Das bewegt sich zwar sicher noch auf der Ebene von Vorvertr\u00e4gen, weil ja nicht sicher sein kann, dass diese US-Truppentransporte tats\u00e4chlich anfallen, aber es sind keine kleinen Auftr\u00e4ge. Und alles rund um diese Auftr\u00e4ge ist geheim. Das bedeutet logischerweise, sie wurden nicht ausgeschrieben, und sie werden auch zuk\u00fcnftig nicht ausgeschrieben, weil in dem Moment, in dem sich die Notwendigkeit erg\u00e4be, derartige Vertr\u00e4ge zu schlie\u00dfen, die Zeit f\u00fcr eine Ausschreibung nicht vorhanden ist. Bezahlt werden diese Auftr\u00e4ge jedenfalls mit deutschen Steuergeldern.<\/p>\n<p>Das passt nat\u00fcrlich ins Muster der letzten Jahre, beginnend sp\u00e4testens mit der Fl\u00fcchtlingswelle 2015, seit der ein Notstand auf dem anderen folgt, in dem leider, leider so schnell gehandelt werden muss, dass die klassische Freihandvergabe im Vergleich ein pingeliges Auswahlverfahren ist. Man wiederholt es ungern, aber die ber\u00fcchtigten SMS von EU-Kommissionspr\u00e4sidentin Ursula von der Leyen sind ein typisches Beispiel daf\u00fcr.<\/p>\n<p>Bodemann ist als Befehlshaber des Territorialen F\u00fchrungskommandos Bundeswehr der letztlich Verantwortliche f\u00fcr diese irregul\u00e4ren Vergaben. Das, was an Bodemann wirklich interessant ist, ist nicht sein Geschw\u00e4tz, das h\u00e4lt schlicht die in NATO-Kreisen vermutlich vorgegebene Hirnlosigkeit. Was an Bodemann interessant w\u00e4re, sind die Bewegungen auf seinen Konten und jenen seiner Familienangeh\u00f6rigen. Vergaben im Milliardenbereich ohne Ausschreibung und ohne jegliche \u00f6ffentliche Kontrolle, weil alles hyperdupergeheim sein muss? Da m\u00fcsste bei der Steuerfahndung eine ganze Flutlichtanlage rot leuchten. Und um noch einmal zum Psychogramm zu Beginn zur\u00fcckzukehren \u2013 Geiz und Gier sind Eigenschaften, die oft zusammen auftreten.<\/p>\n<p>Aber Bodemann wird nicht f\u00fcrchten m\u00fcssen, belangt zu werden. Sollte, aus welchem Grund auch immer, das Projekt Ukraine und all die damit verkn\u00fcpften Gesch\u00e4fte beendet werden m\u00fcssen, die Vogelgrippe ist schon in Arbeit.<\/p>\n<p style=\"text-align: right;\"><em>Dagmar Henn ist Mitglied des Deutschen Freidenker-Verbandes<\/em><\/p>\n<hr \/>\n<p><span style=\"font-size: 10pt;\">Bild oben: <span class=\"mw-mmv-title\">Generaleutnant Andr\u00e9 Bodemann, Juni2023<\/span><\/span><br \/>\n<span style=\"font-size: 10pt;\">Foto: PIZ TFK, <a href=\"https:\/\/creativecommons.org\/licenses\/by-sa\/4.0\" target=\"_blank\" rel=\"noopener\">CC BY-SA 4.0<\/a><\/span><br \/>\n<span style=\"font-size: 10pt;\">Quelle: <a href=\"https:\/\/commons.wikimedia.org\/w\/index.php?curid=140707775\" target=\"_blank\" rel=\"noopener\">https:\/\/commons.wikimedia.org\/w\/index.php?curid=140707775<\/a><\/span><\/p>\n","protected":false},"excerpt":{"rendered":"<p><b>Beitrag von Dagmar Henn<\/b><br \/>\nEs h\u00e4tte nat\u00fcrlich einen gewissen Reiz, sich mit einem Psychogramm des Bundeswehr-Generalleutnants Andr\u00e9 Bodemann zu befassen. Schon allein, weil es keine Aufnahme von ihm gibt, auf der die Uniform richtig sitzt, was sich beim Einkommen eines Generalleutnants (13.200 Euro\/Monat) nur dadurch erkl\u00e4ren l\u00e4sst, dass er zu geizig ist, um eine Schneiderei zu beauftragen. Und man k\u00f6nnte sich damit befassen, was eigentlich die (derzeit so in Mode geratenen) Formulierungen wie &#8222;wir als Deutschland&#8220; oder &#8222;wir als Milit\u00e4r&#8220; besagen, die immer den Eindruck erwecken, als sei dahinter eine zweite, wirkliche Identit\u00e4t verborgen. Was auf subtile Weise wahr ist, denn Herr &#8222;wir als Deutschland&#8220; agiert ja tats\u00e4chlich nicht im Mindesten im Interesse desselben.<\/p>\n","protected":false},"author":3,"featured_media":19493,"comment_status":"closed","ping_status":"closed","sticky":false,"template":"","format":"standard","meta":{"colormag_page_container_layout":"default_layout","colormag_page_sidebar_layout":"default_layout","advanced_seo_description":"","jetpack_seo_html_title":"","jetpack_seo_noindex":false,"jetpack_post_was_ever_published":false,"footnotes":""},"categories":[12],"tags":[688,1414,452,704,1636,1572,1829,833],"class_list":["post-19487","post","type-post","status-publish","format-standard","has-post-thumbnail","hentry","category-demokratie-medien-aufklaerung","tag-bundeswehr","tag-deutsche-bahn","tag-deutschland","tag-militarisierung","tag-sabotage","tag-steuern","tag-verkehr","tag-zivilgesellschaft"],"jetpack_featured_media_url":"https:\/\/i0.wp.com\/www.freidenker.org\/fw17\/wp-content\/uploads\/2024\/07\/PotraitAndreBodemann_cut_800x450.jpg?fit=800%2C450&ssl=1","jetpack_shortlink":"https:\/\/wp.me\/p9stpK-54j","jetpack-related-posts":[{"id":21475,"url":"https:\/\/www.freidenker.org\/?p=21475","url_meta":{"origin":19487,"position":0},"title":"So unterst\u00fctzen prominente Deutsche die Kriegstreiberei","author":"Webredaktion","date":"14. April 2025","format":false,"excerpt":"Anne Will: Das L\u00e4cheln einer Schlange Kommentar von Ulrich Heyden Der Film \u201eAngst vor Krieg\u201c von Anne Will (ARD) ist ein Zeugnis f\u00fcr den Verfall Deutschlands.\u00a0Diese Frau mit dem sch\u00f6nen Gesicht wirkt auf mich wie eine gef\u00e4hrliche Schlange, die Kriegspropaganda mit kokettem L\u00e4cheln verkauft. Sehr geschickt von den Kriegstreibern, dass\u2026","rel":"","context":"In &quot;Demokratie \u2013 Medien \u2013 Aufkl\u00e4rung&quot;","block_context":{"text":"Demokratie \u2013 Medien \u2013 Aufkl\u00e4rung","link":"https:\/\/www.freidenker.org\/?cat=12"},"img":{"alt_text":"","src":"https:\/\/i0.wp.com\/www.freidenker.org\/fw17\/wp-content\/uploads\/2025\/04\/Empfang_fuer_xxx_und_Anne_Will_im_Koelner_Rathaus-1631_Ausz_800x450.jpg?fit=800%2C450&ssl=1&resize=350%2C200","width":350,"height":200,"srcset":"https:\/\/i0.wp.com\/www.freidenker.org\/fw17\/wp-content\/uploads\/2025\/04\/Empfang_fuer_xxx_und_Anne_Will_im_Koelner_Rathaus-1631_Ausz_800x450.jpg?fit=800%2C450&ssl=1&resize=350%2C200 1x, https:\/\/i0.wp.com\/www.freidenker.org\/fw17\/wp-content\/uploads\/2025\/04\/Empfang_fuer_xxx_und_Anne_Will_im_Koelner_Rathaus-1631_Ausz_800x450.jpg?fit=800%2C450&ssl=1&resize=525%2C300 1.5x, https:\/\/i0.wp.com\/www.freidenker.org\/fw17\/wp-content\/uploads\/2025\/04\/Empfang_fuer_xxx_und_Anne_Will_im_Koelner_Rathaus-1631_Ausz_800x450.jpg?fit=800%2C450&ssl=1&resize=700%2C400 2x"},"classes":[]},{"id":15100,"url":"https:\/\/www.freidenker.org\/?p=15100","url_meta":{"origin":19487,"position":1},"title":"Krieg als Selbstzweck: Das Ziel deutscher Waffenlieferungen","author":"Webredaktion","date":"31. Januar 2023","format":false,"excerpt":"Beitrag von Gert Ewen Ungar Bundeskanzler Olaf Scholz wird nicht m\u00fcde, der Ukraine die Unterst\u00fctzung Deutschlands zu versichern. Mit der Zusage der Lieferung von Leopard-2-Panzern steht die n\u00e4chste Forderung im Raum. Selenskij fordert nun Kampfjets. Begleitet wird diese Forderung von der Wiederholung seiner Absage an jegliche Verhandlungen mit dem russischen\u2026","rel":"","context":"In &quot;Frieden - Antifaschismus - Solidarit\u00e4t&quot;","block_context":{"text":"Frieden - Antifaschismus - Solidarit\u00e4t","link":"https:\/\/www.freidenker.org\/?cat=13"},"img":{"alt_text":"","src":"https:\/\/i0.wp.com\/www.freidenker.org\/fw17\/wp-content\/uploads\/2023\/01\/schuetzenpanzer-puma-der-bundeswehr_800x450.jpg?fit=800%2C450&ssl=1&resize=350%2C200","width":350,"height":200,"srcset":"https:\/\/i0.wp.com\/www.freidenker.org\/fw17\/wp-content\/uploads\/2023\/01\/schuetzenpanzer-puma-der-bundeswehr_800x450.jpg?fit=800%2C450&ssl=1&resize=350%2C200 1x, https:\/\/i0.wp.com\/www.freidenker.org\/fw17\/wp-content\/uploads\/2023\/01\/schuetzenpanzer-puma-der-bundeswehr_800x450.jpg?fit=800%2C450&ssl=1&resize=525%2C300 1.5x, https:\/\/i0.wp.com\/www.freidenker.org\/fw17\/wp-content\/uploads\/2023\/01\/schuetzenpanzer-puma-der-bundeswehr_800x450.jpg?fit=800%2C450&ssl=1&resize=700%2C400 2x"},"classes":[]},{"id":17762,"url":"https:\/\/www.freidenker.org\/?p=17762","url_meta":{"origin":19487,"position":2},"title":"Der demokratische Antidemokrat \u2013 Zum Tod von Wolfgang Sch\u00e4uble","author":"Webredaktion","date":"6. Januar 2024","format":false,"excerpt":"Beitrag von Gert Ewen Ungar Wolfgang Sch\u00e4uble ist tot. Er starb im Alter von 81 Jahren im Kreise seiner Familie. Sch\u00e4uble konnte auf eine lange politische Karriere zur\u00fcckblicken, die nicht frei von Skandalen war. Sch\u00e4uble war durch und durch Machtpolitiker, wollte bestimmen, dominieren, dem politischen Gegner Niederlagen beibringen. Der Machtkampf\u2026","rel":"","context":"In &quot;Demokratie \u2013 Medien \u2013 Aufkl\u00e4rung&quot;","block_context":{"text":"Demokratie \u2013 Medien \u2013 Aufkl\u00e4rung","link":"https:\/\/www.freidenker.org\/?cat=12"},"img":{"alt_text":"","src":"https:\/\/i0.wp.com\/www.freidenker.org\/fw17\/wp-content\/uploads\/2024\/01\/Wolfgang_Schaeuble_by_OlafKosinsky_2772_800x450.jpg?fit=800%2C450&ssl=1&resize=350%2C200","width":350,"height":200,"srcset":"https:\/\/i0.wp.com\/www.freidenker.org\/fw17\/wp-content\/uploads\/2024\/01\/Wolfgang_Schaeuble_by_OlafKosinsky_2772_800x450.jpg?fit=800%2C450&ssl=1&resize=350%2C200 1x, https:\/\/i0.wp.com\/www.freidenker.org\/fw17\/wp-content\/uploads\/2024\/01\/Wolfgang_Schaeuble_by_OlafKosinsky_2772_800x450.jpg?fit=800%2C450&ssl=1&resize=525%2C300 1.5x, https:\/\/i0.wp.com\/www.freidenker.org\/fw17\/wp-content\/uploads\/2024\/01\/Wolfgang_Schaeuble_by_OlafKosinsky_2772_800x450.jpg?fit=800%2C450&ssl=1&resize=700%2C400 2x"},"classes":[]},{"id":15140,"url":"https:\/\/www.freidenker.org\/?p=15140","url_meta":{"origin":19487,"position":3},"title":"Bevormundung versus Respekt","author":"Webredaktion","date":"4. Februar 2023","format":false,"excerpt":"Beitrag von Gert Ewen Ungar Ein Tweet des Ausw\u00e4rtigen Amtes, der die Verh\u00f6hnung des russischen Au\u00dfenministers Sergej Lawrow zum Ziel hatte, der zu diesem Zeitpunkt gerade Afrika besuchte, steht symbolisch f\u00fcr die unterschiedlichen Afrika-Strategien von Deutschland und Russland. Deutschland verliert auf dem afrikanischen Kontinent massiv an Einfluss. Der ungeschickte Tweet,\u2026","rel":"","context":"In &quot;Arbeit &amp; Soziales&quot;","block_context":{"text":"Arbeit &amp; Soziales","link":"https:\/\/www.freidenker.org\/?cat=11"},"img":{"alt_text":"","src":"https:\/\/i0.wp.com\/www.freidenker.org\/fw17\/wp-content\/uploads\/2023\/02\/globe-5153531_800x450.jpg?fit=800%2C450&ssl=1&resize=350%2C200","width":350,"height":200,"srcset":"https:\/\/i0.wp.com\/www.freidenker.org\/fw17\/wp-content\/uploads\/2023\/02\/globe-5153531_800x450.jpg?fit=800%2C450&ssl=1&resize=350%2C200 1x, https:\/\/i0.wp.com\/www.freidenker.org\/fw17\/wp-content\/uploads\/2023\/02\/globe-5153531_800x450.jpg?fit=800%2C450&ssl=1&resize=525%2C300 1.5x, https:\/\/i0.wp.com\/www.freidenker.org\/fw17\/wp-content\/uploads\/2023\/02\/globe-5153531_800x450.jpg?fit=800%2C450&ssl=1&resize=700%2C400 2x"},"classes":[]},{"id":18539,"url":"https:\/\/www.freidenker.org\/?p=18539","url_meta":{"origin":19487,"position":4},"title":"Die Protagonisten des Krieges handeln richtungsweisend: Auf Krieg einstellen!","author":"Webredaktion","date":"10. M\u00e4rz 2024","format":false,"excerpt":"Ein Kommentar von Wolfgang Effenberger Am Abend des 26. Februar 2023 haben in Paris auf einer Hilfskonferenz f\u00fcr die Ukraine mehr als 20 Staats- und Regierungschefs beschlossen, schnell und effektiv Hilfe f\u00fcr das von Russland angegriffene Land zu leisten. Unter den politischen Repr\u00e4sentanten war auch Bundeskanzler\u00a0Olaf Scholz. Es gab zwar\u2026","rel":"","context":"In &quot;Demokratie \u2013 Medien \u2013 Aufkl\u00e4rung&quot;","block_context":{"text":"Demokratie \u2013 Medien \u2013 Aufkl\u00e4rung","link":"https:\/\/www.freidenker.org\/?cat=12"},"img":{"alt_text":"","src":"https:\/\/i0.wp.com\/www.freidenker.org\/fw17\/wp-content\/uploads\/2024\/03\/SETC_18_Opening_Ceremony_41820394604_800x450.jpg?fit=800%2C450&ssl=1&resize=350%2C200","width":350,"height":200,"srcset":"https:\/\/i0.wp.com\/www.freidenker.org\/fw17\/wp-content\/uploads\/2024\/03\/SETC_18_Opening_Ceremony_41820394604_800x450.jpg?fit=800%2C450&ssl=1&resize=350%2C200 1x, https:\/\/i0.wp.com\/www.freidenker.org\/fw17\/wp-content\/uploads\/2024\/03\/SETC_18_Opening_Ceremony_41820394604_800x450.jpg?fit=800%2C450&ssl=1&resize=525%2C300 1.5x, https:\/\/i0.wp.com\/www.freidenker.org\/fw17\/wp-content\/uploads\/2024\/03\/SETC_18_Opening_Ceremony_41820394604_800x450.jpg?fit=800%2C450&ssl=1&resize=700%2C400 2x"},"classes":[]},{"id":12245,"url":"https:\/\/www.freidenker.org\/?p=12245","url_meta":{"origin":19487,"position":5},"title":"Eine neue Phase der Propaganda gegen Russland","author":"Webredaktion","date":"20. Februar 2022","format":false,"excerpt":"Ein Kommentar von Wolfgang Bittner Die Auseinandersetzungen in der Ostukraine spitzen sich nach einer wahnsinnigen Hetzkampagne und Kriegspropaganda, die sich inzwischen \u00fcber Wochen hinzieht, immer mehr zu. Nat\u00fcrlich kann man dabei die Vorgeschichte nicht au\u00dfer Acht lassen. Denn es gibt Indizien daf\u00fcr, dass der Regime Change von 2014 \u00fcber Jahre\u2026","rel":"","context":"In &quot;Frieden - Antifaschismus - Solidarit\u00e4t&quot;","block_context":{"text":"Frieden - Antifaschismus - Solidarit\u00e4t","link":"https:\/\/www.freidenker.org\/?cat=13"},"img":{"alt_text":"","src":"https:\/\/i0.wp.com\/www.freidenker.org\/fw17\/wp-content\/uploads\/2022\/02\/Nato_Smartphone_v2_800x450.jpg?fit=800%2C450&ssl=1&resize=350%2C200","width":350,"height":200,"srcset":"https:\/\/i0.wp.com\/www.freidenker.org\/fw17\/wp-content\/uploads\/2022\/02\/Nato_Smartphone_v2_800x450.jpg?fit=800%2C450&ssl=1&resize=350%2C200 1x, https:\/\/i0.wp.com\/www.freidenker.org\/fw17\/wp-content\/uploads\/2022\/02\/Nato_Smartphone_v2_800x450.jpg?fit=800%2C450&ssl=1&resize=525%2C300 1.5x, https:\/\/i0.wp.com\/www.freidenker.org\/fw17\/wp-content\/uploads\/2022\/02\/Nato_Smartphone_v2_800x450.jpg?fit=800%2C450&ssl=1&resize=700%2C400 2x"},"classes":[]}],"_links":{"self":[{"href":"https:\/\/www.freidenker.org\/index.php?rest_route=\/wp\/v2\/posts\/19487","targetHints":{"allow":["GET"]}}],"collection":[{"href":"https:\/\/www.freidenker.org\/index.php?rest_route=\/wp\/v2\/posts"}],"about":[{"href":"https:\/\/www.freidenker.org\/index.php?rest_route=\/wp\/v2\/types\/post"}],"author":[{"embeddable":true,"href":"https:\/\/www.freidenker.org\/index.php?rest_route=\/wp\/v2\/users\/3"}],"replies":[{"embeddable":true,"href":"https:\/\/www.freidenker.org\/index.php?rest_route=%2Fwp%2Fv2%2Fcomments&post=19487"}],"version-history":[{"count":0,"href":"https:\/\/www.freidenker.org\/index.php?rest_route=\/wp\/v2\/posts\/19487\/revisions"}],"wp:featuredmedia":[{"embeddable":true,"href":"https:\/\/www.freidenker.org\/index.php?rest_route=\/wp\/v2\/media\/19493"}],"wp:attachment":[{"href":"https:\/\/www.freidenker.org\/index.php?rest_route=%2Fwp%2Fv2%2Fmedia&parent=19487"}],"wp:term":[{"taxonomy":"category","embeddable":true,"href":"https:\/\/www.freidenker.org\/index.php?rest_route=%2Fwp%2Fv2%2Fcategories&post=19487"},{"taxonomy":"post_tag","embeddable":true,"href":"https:\/\/www.freidenker.org\/index.php?rest_route=%2Fwp%2Fv2%2Ftags&post=19487"}],"curies":[{"name":"wp","href":"https:\/\/api.w.org\/{rel}","templated":true}]}}