{"id":19480,"date":"2024-07-10T12:36:22","date_gmt":"2024-07-10T10:36:22","guid":{"rendered":"https:\/\/www.freidenker.org\/?p=19480"},"modified":"2024-08-14T23:35:29","modified_gmt":"2024-08-14T21:35:29","slug":"mehr-mehrwertsteuer-auf-fleisch-oezdemir-foerdert-die-buerokratie","status":"publish","type":"post","link":"https:\/\/www.freidenker.org\/?p=19480","title":{"rendered":"Mehr Mehrwertsteuer auf Fleisch? \u00d6zdemir f\u00f6rdert die B\u00fcrokratie&#8230;"},"content":{"rendered":"<p><strong>Im Sommer erst hatte er die gr\u00f6\u00dften Bauernproteste ausgel\u00f6st, die Deutschland in den letzten Jahrzehnten gesehen hatte. Das scheint keine dauerhafte Wirkung gehabt zu haben, denn er folgt weiter seiner Agenda aus Verwehren und Strafen. <\/strong><\/p>\n<p><em>Von <strong>Dagmar Henn<\/strong><\/em><\/p>\n<p><span style=\"font-size: 10pt;\">Erstver\u00f6ffentlichung am 04.07.2024 auf <a href=\"https:\/\/freedert.online\/meinung\/211310-mehr-mehrwertsteuer-auf-fleisch-oezdemir\/\" target=\"_blank\" rel=\"noopener\">RT DE<\/a><\/span><\/p>\n<div class=\"EmbedBlock-root EmbedBlock-all\">\n<div class=\"AllEmbed\"><iframe loading=\"lazy\" title=\"Mehr Mehrwertsteuer auf Fleisch? \u00d6zdemir f\u00f6rdert die B\u00fcrokratie...\" src=\"https:\/\/www.podbean.com\/player-v2\/?i=advag-166142f-pb&amp;from=pb6admin&amp;share=1&amp;download=1&amp;rtl=0&amp;fonts=Arial&amp;skin=f6f6f6&amp;font-color=&amp;logo_link=episode_page&amp;btn-skin=7\" width=\"100%\" height=\"150\" scrolling=\"no\" allowfullscreen=\"allowfullscreen\" data-name=\"pb-iframe-player\" data-mce-fragment=\"1\"><\/iframe><\/div>\n<\/div>\n<p>Was sollte von einem Gr\u00fcnen auch anderes kommen als typisch gr\u00fcner Mist. Landwirtschaftsminister \u00d6zdemirs Vorschlag, man k\u00f6nne doch die Mehrwertsteuer f\u00fcr Fleischprodukte um zwei, drei Prozent erh\u00f6hen, ist ein typischer Fall. Diese Nummer ist derart schr\u00e4g, dass die einzig denkbare Erkl\u00e4rung daf\u00fcr ist, dass er ein privates Abendessen mit dem Vorsitzenden der Berliner Steuerberaterkammer hatte.<\/p>\n<p>Warum Steuerberaterkammer? Weil er ganz nebenbei einen dritten Mehrwertsteuersatz einf\u00fchrt. Der nat\u00fcrlich dazu f\u00fchrt, dass s\u00e4mtliche Rechnungen auf der ganzen Strecke vom Produzenten bis zum Kunden in drei, nicht in zwei Positionen f\u00fcr die Mehrwertsteuer aufgeteilt werden m\u00fcssen; dass Kontenpl\u00e4ne und Formulare \u00fcberarbeitet werden m\u00fcssen, ganz abgesehen von den gesetzlichen \u00c4nderungen, die erforderlich sind. Man muss dabei an den alten Witz denken, in dem ein Kunde einen Metzger verklagte, weil er von seinem Leberk\u00e4s eine Fleischvergiftung erlitten habe, und der Metzger nachwies, dass sich in seinem Leberk\u00e4s gar kein Fleisch befinde. Ab wie viel Prozent Fleisch schl\u00e4gt die h\u00f6here Mehrwertsteuer zu? F\u00fcnf, zehn\u00a0Prozent?<\/p>\n<p>Jeder, der ein bisschen Ahnung hat, wie Buchhaltung funktioniert, h\u00e4tte ihm erz\u00e4hlen k\u00f6nnen, was f\u00fcr eine Schnapsidee das ist. Und wie hoch der b\u00fcrokratische Aufwand, der dadurch generiert wird. Wahrscheinlich gibt es dann auch noch Meldelisten f\u00fcr Mischprodukte, die dann getestet werden m\u00fcssen, damit der Fleischgrenzwert nicht \u00fcberschritten wird. Wie man es dreht und wendet, es wird viel Papier und viel menschliche Lebenszeit durch diesen Bl\u00f6dsinn vernichtet werden.<\/p>\n<p>Und das von \u00d6zdemir vorgetragene Argument, dass, wenn die Einnahmen in die St\u00e4lle investiert w\u00fcrden, dies ja zum Vorteil der Verbraucher w\u00e4re, ist ebenfalls Unfug. Die Mehrwertsteuer flie\u00dft in den allgemeinen Steuertopf, der nicht mit einer Bestimmung versehen ist. Mehr noch, sie flie\u00dft zu 51,2 Prozent in die L\u00e4nderkassen\u00a0\u2013 \u00d6zdemir kann also gar nicht \u00fcber dieses Geld verf\u00fcgen. Auch die Gemeinden erhalten 3,7 Prozent. Allerdings sind die Finanzbeh\u00f6rden, die diesen ganzen Abrechnungswust w\u00e4lzen d\u00fcrfen, Landesbeh\u00f6rden, sprich, den L\u00e4ndern werden mindestens so viele zus\u00e4tzliche Kosten auferlegt, wie sie vielleicht durch diese Steuer einnehmen.<\/p>\n<p>Und auch nur vielleicht. Klar, dass \u00d6zdemir keine Ahnung von den Lebensverh\u00e4ltnissen normaler Sterblicher hat, aber man h\u00e4tte ihm irgendwann erkl\u00e4ren k\u00f6nnen, dass in Deutschland die realen Durchschnittsl\u00f6hne seit 30 Jahren stagnieren, w\u00e4hrend eine ganze Reihe von Kosten, wie Mieten, Energiepreise et cetera, kontinuierlich gestiegen sind. Das bedeutet, der Spielraum, f\u00fcr irgendetwas mehr Geld auszugeben, egal mit welcher Begr\u00fcndung, ist bei den meisten Deutschen extrem gering bis nicht vorhanden. Die einzige M\u00f6glichkeit, h\u00f6here Preise zu kompensieren, besteht darin, auf billigere Produkte auszuweichen.<\/p>\n<p>Aber halt! Da war ja die gr\u00fcne Propaganda schon wirksam und hat daf\u00fcr gesorgt, dass die Discounter nur noch die edle Tierwohl-Ware anbieten wollen. Ausweichen ist also nicht. Bleibt nur, ganz auf Fleischprodukte zu verzichten.<\/p>\n<p>Was nur zum Schein gesund ist. Zu wenig Protein ist in manchen Lebensphasen, w\u00e4hrend einer Schwangerschaft beispielsweise, sogar unmittelbar gef\u00e4hrlich. Und dieses vegane Zeug ist in der Regel von einer K\u00fcnstlichkeit, dass ein Men\u00fc bei McDonald&#8217;s dagegen schon eine Orgie gesunder Ern\u00e4hrung darstellt. Aber was interessiert das den Landwirtschaftsminister, der ohnehin jeden als Feind betrachtet, der nicht gleich bio produziert.<\/p>\n<p>Selbst von elektrischen Traktoren tr\u00e4umt der Herr. Was eine witzige Vorstellung ist; nicht nur, weil dann ja jeder Bauernhof einen Starkstromanschluss br\u00e4uchte, der in vielen F\u00e4llen erst verlegt werden m\u00fcsste, sondern auch, weil eine der klassischen gr\u00fcnen Klagen \u00fcber eine mechanisierte Landwirtschaft lautet, die Traktoren w\u00fcrden die B\u00f6den zu sehr verdichten. Was mit dem zus\u00e4tzlichen Gewicht, das die erforderliche Batterie auf die Waage br\u00e4chte, sicher vorz\u00fcglich bek\u00e4mpft w\u00fcrde.<\/p>\n<p>Die Verbraucher wollten das, behauptet er. Schlie\u00dflich hatte er extra einen &#8222;B\u00fcrgerrat&#8220; einberufen lassen und keinen Trick ausgelassen, mit dem man so tun kann, als sei das, was man sich selbst so einbildet, das Wahre, Gute und Sch\u00f6ne, und auch noch wissenschaftlich best\u00e4tigt. Wie, sich von der Deutschen Gesellschaft f\u00fcr Ern\u00e4hrung passende Gutachten schreiben zu lassen, auch wenn diese nach der \u00fcblichen gr\u00fcnen Methode einfach von anderen Gr\u00fcnen kontrolliert wird. Muss man ja nicht dazuschreiben.<\/p>\n<p>Vielleicht sollte \u00d6zdemir mal eine Runde bei den Kreuzberger D\u00f6ner-Anbietern drehen, um sich zu erkundigen, was die von seiner Steuererh\u00f6hung auf Fleisch halten. Sofern sie noch mit ihm reden. Oder man k\u00f6nnte ihn f\u00fcr vier Wochen irgendwohin schicken, wo er k\u00f6rperliche Arbeit verrichten muss, und ihn dabei weiter konsequent vegetarisch ern\u00e4hren.<\/p>\n<p>Es ist einfach immer wieder dasselbe. Seine Kollegin Paus hat es geschafft, die Idee der Kindergrundsicherung in ein Monstrum zu verwandeln, und er will nun mit der Ausrede, davon w\u00fcrden die St\u00e4lle besser, ein weiteres b\u00fcrokratisches Ungeheuer in die Welt setzen. Wobei sich schon absehen l\u00e4sst, dass FDP-Lindner das Ganze betrachtet und dann erkl\u00e4rt, man solle doch gleich alles Fleischliche auf den erh\u00f6hten Mehrwertsteuersatz nehmen, weil dann der zus\u00e4tzliche Aufwand entf\u00e4llt. Womit dann Fleisch, das wie alle anderen Lebensmittel in den letzten Jahren ohnehin deutlich teurer wurde, um weitere 12 Prozent verteuert wird. Wenn aber das Essen mit dem Vorsitzenden der Steuerberaterkammer besonders gut war, droht dann \u00d6zdemir damit, die Koalition platzen zu lassen.<\/p>\n<p>Egal, wie man es dreht und wendet, und was am Ende von dieser Koalition umgesetzt wird \u2013 das Ergebnis wird auf jeden Fall ein weiterer Einschnitt in den Lebensstandard der Normalb\u00fcrger. Das ist das Einzige, was diese Regierung vollendet beherrscht.<\/p>\n<p style=\"text-align: right;\"><em>Dagmar Henn ist Mitglied des Deutschen Freidenker-Verbandes<\/em><\/p>\n<hr \/>\n<p><span style=\"font-size: 10pt;\">Bild oben: <a href=\"https:\/\/pixabay.com\/de\/photos\/fleisch-steak-ribeye-roh-ungekocht-1411787\/\" target=\"_blank\" rel=\"noopener\">pixabay.com<\/a> \/ <a class=\"userName--owby3\" href=\"https:\/\/pixabay.com\/de\/users\/brett_hondow-49958\/\" target=\"_blank\" rel=\"noopener\">Brett_Hondow<\/a> \/ <a href=\"https:\/\/pixabay.com\/de\/service\/license-summary\/\" target=\"_blank\" rel=\"noopener\">Inhaltslizenz<\/a><\/span><\/p>\n","protected":false},"excerpt":{"rendered":"<p><b>Beitrag von Dagmar Henn<\/b><br \/>\nWas sollte von einem Gr\u00fcnen auch anderes kommen als typisch gr\u00fcner Mist. Landwirtschaftsminister \u00d6zdemirs Vorschlag, man k\u00f6nne doch die Mehrwertsteuer f\u00fcr Fleischprodukte um zwei, drei Prozent erh\u00f6hen, ist ein typischer Fall. Diese Nummer ist derart schr\u00e4g, dass die einzig denkbare Erkl\u00e4rung daf\u00fcr ist, dass er ein privates Abendessen mit dem Vorsitzenden der Berliner Steuerberaterkammer hatte. Warum Steuerberaterkammer? Weil er ganz nebenbei einen dritten Mehrwertsteuersatz einf\u00fchrt. Der nat\u00fcrlich dazu f\u00fchrt, dass s\u00e4mtliche Rechnungen auf der ganzen Strecke vom Produzenten bis zum Kunden in drei, nicht in zwei Positionen f\u00fcr die Mehrwertsteuer aufgeteilt werden m\u00fcssen; dass Kontenpl\u00e4ne und Formulare \u00fcberarbeitet werden m\u00fcssen, ganz abgesehen von den gesetzlichen \u00c4nderungen, die erforderlich sind. <\/p>\n","protected":false},"author":3,"featured_media":19497,"comment_status":"closed","ping_status":"closed","sticky":false,"template":"","format":"standard","meta":{"colormag_page_container_layout":"default_layout","colormag_page_sidebar_layout":"default_layout","advanced_seo_description":"","jetpack_seo_html_title":"","jetpack_seo_noindex":false,"jetpack_post_was_ever_published":false,"footnotes":""},"categories":[11],"tags":[1968,2095,1847,1477,2242,1213,1766,1572],"class_list":["post-19480","post","type-post","status-publish","format-standard","has-post-thumbnail","hentry","category-arbeit-soziales","tag-ampelkoalition","tag-bauernproteste","tag-buerokratie","tag-ernaehrung","tag-fleisch","tag-landwirtschaft","tag-lebensstandard","tag-steuern"],"jetpack_featured_media_url":"https:\/\/i0.wp.com\/www.freidenker.org\/fw17\/wp-content\/uploads\/2024\/07\/meat-1411787_800x450.jpg?fit=800%2C450&ssl=1","jetpack_shortlink":"https:\/\/wp.me\/p9stpK-54c","jetpack-related-posts":[{"id":22499,"url":"https:\/\/www.freidenker.org\/?p=22499","url_meta":{"origin":19480,"position":0},"title":"Von der Leyen ruiniert Europa \u2013 f\u00fcr die Br\u00fcsseler B\u00fcrokratie","author":"Webredaktion","date":"31. Juli 2025","format":false,"excerpt":"Beitrag von Dagmar Henn Ist Ursula von der Leyen so dumm und ahnungslos, oder so unterw\u00fcrfig, dass dieses Abkommen alles war, was sie liefern konnte? [...] Dieses Mal war das Ergebnis so \u00fcberw\u00e4ltigend schlecht, dass das nicht einmal ein Bundeskanzler Friedrich Merz \u00fcberspielen konnte. Und im Internet kursieren Witze, die\u2026","rel":"","context":"In &quot;Arbeit &amp; Soziales&quot;","block_context":{"text":"Arbeit &amp; Soziales","link":"https:\/\/www.freidenker.org\/?cat=11"},"img":{"alt_text":"","src":"https:\/\/i0.wp.com\/www.freidenker.org\/fw17\/wp-content\/uploads\/2025\/07\/vonderLeyen_LudwigXIV_800x450.jpg?fit=800%2C450&ssl=1&resize=350%2C200","width":350,"height":200,"srcset":"https:\/\/i0.wp.com\/www.freidenker.org\/fw17\/wp-content\/uploads\/2025\/07\/vonderLeyen_LudwigXIV_800x450.jpg?fit=800%2C450&ssl=1&resize=350%2C200 1x, https:\/\/i0.wp.com\/www.freidenker.org\/fw17\/wp-content\/uploads\/2025\/07\/vonderLeyen_LudwigXIV_800x450.jpg?fit=800%2C450&ssl=1&resize=525%2C300 1.5x, https:\/\/i0.wp.com\/www.freidenker.org\/fw17\/wp-content\/uploads\/2025\/07\/vonderLeyen_LudwigXIV_800x450.jpg?fit=800%2C450&ssl=1&resize=700%2C400 2x"},"classes":[]},{"id":21382,"url":"https:\/\/www.freidenker.org\/?p=21382","url_meta":{"origin":19480,"position":1},"title":"Gr\u00fcner &#8222;Freiheitsdienst&#8220; oder: wie man Reichsarbeitsdienst und Volkssturm kreuzt","author":"Webredaktion","date":"7. April 2025","format":false,"excerpt":"Beitrag von Dagmar Henn Vielleicht ist der Antrieb ja unschuldiger, als ich mir das vorstelle, und es sind gar keine alten braunen Sumpfblasen, die da durch die gr\u00fcne Algenbl\u00fcte brechen, sondern sie haben nur an die kommende Entwicklung der Arbeitslosigkeit gedacht, zu der sie gerade mit ihrem \"klimaneutral bis 2045\"\u2026","rel":"","context":"In &quot;Demokratie \u2013 Medien \u2013 Aufkl\u00e4rung&quot;","block_context":{"text":"Demokratie \u2013 Medien \u2013 Aufkl\u00e4rung","link":"https:\/\/www.freidenker.org\/?cat=12"},"img":{"alt_text":"","src":"https:\/\/i0.wp.com\/www.freidenker.org\/fw17\/wp-content\/uploads\/2025\/04\/Modriach_RAD_Aufstellung_1_800x450.jpg?fit=800%2C450&ssl=1&resize=350%2C200","width":350,"height":200,"srcset":"https:\/\/i0.wp.com\/www.freidenker.org\/fw17\/wp-content\/uploads\/2025\/04\/Modriach_RAD_Aufstellung_1_800x450.jpg?fit=800%2C450&ssl=1&resize=350%2C200 1x, https:\/\/i0.wp.com\/www.freidenker.org\/fw17\/wp-content\/uploads\/2025\/04\/Modriach_RAD_Aufstellung_1_800x450.jpg?fit=800%2C450&ssl=1&resize=525%2C300 1.5x, https:\/\/i0.wp.com\/www.freidenker.org\/fw17\/wp-content\/uploads\/2025\/04\/Modriach_RAD_Aufstellung_1_800x450.jpg?fit=800%2C450&ssl=1&resize=700%2C400 2x"},"classes":[]},{"id":11917,"url":"https:\/\/www.freidenker.org\/?p=11917","url_meta":{"origin":19480,"position":2},"title":"Ern\u00e4hrung unter \u00d6zdemir: F\u00fcr die einen Hanf, f\u00fcr die anderen noch schlechteres Essen","author":"Webredaktion","date":"31. Dezember 2021","format":false,"excerpt":"von Dagmar Henn Cem \u00d6zdemir hat es endlich auf einen Ministerposten geschafft, und nun verk\u00fcndet er, was ihm am Herzen liegt. Sein Rundumschlag zum Thema Ern\u00e4hrung und Landwirtschaft kollidiert an vielen Punkten mit der Wirklichkeit; schlimmer noch, er kollidiert mit Verh\u00e4ltnissen, die die Gr\u00fcnen mit geschaffen haben. Beim ersten Punkt\u2026","rel":"","context":"In &quot;Arbeit &amp; Soziales&quot;","block_context":{"text":"Arbeit &amp; Soziales","link":"https:\/\/www.freidenker.org\/?cat=11"},"img":{"alt_text":"","src":"https:\/\/i0.wp.com\/www.freidenker.org\/fw17\/wp-content\/uploads\/2021\/12\/euro-1972867_800x450.jpg?fit=800%2C450&ssl=1&resize=350%2C200","width":350,"height":200,"srcset":"https:\/\/i0.wp.com\/www.freidenker.org\/fw17\/wp-content\/uploads\/2021\/12\/euro-1972867_800x450.jpg?fit=800%2C450&ssl=1&resize=350%2C200 1x, https:\/\/i0.wp.com\/www.freidenker.org\/fw17\/wp-content\/uploads\/2021\/12\/euro-1972867_800x450.jpg?fit=800%2C450&ssl=1&resize=525%2C300 1.5x, https:\/\/i0.wp.com\/www.freidenker.org\/fw17\/wp-content\/uploads\/2021\/12\/euro-1972867_800x450.jpg?fit=800%2C450&ssl=1&resize=700%2C400 2x"},"classes":[]},{"id":14673,"url":"https:\/\/www.freidenker.org\/?p=14673","url_meta":{"origin":19480,"position":3},"title":"Der Kanzler mit dem kurzen Ged\u00e4chtnis: Olaf Scholz in Vietnam","author":"Webredaktion","date":"15. November 2022","format":false,"excerpt":"Beitrag von Dagmar Henn Olaf Scholz h\u00e4tte es besser wissen m\u00fcssen. Aber vermutlich hatte er gehofft, wenn ihn die Chinesen schon nicht lieben, dann wenigstens die Vietnamesen, schon allein, weil deren Verh\u00e4ltnis untereinander nicht ganz frei von Komplikationen ist. Jedenfalls hat er, Pressemeldungen zufolge, in Vietnam erkl\u00e4rt, er w\u00fcnsche sich\u2026","rel":"","context":"In &quot;Demokratie \u2013 Medien \u2013 Aufkl\u00e4rung&quot;","block_context":{"text":"Demokratie \u2013 Medien \u2013 Aufkl\u00e4rung","link":"https:\/\/www.freidenker.org\/?cat=12"},"img":{"alt_text":"","src":"https:\/\/i0.wp.com\/www.freidenker.org\/fw17\/wp-content\/uploads\/2022\/11\/Ho_Chi_Minh_Mausoleum_7360943118_800x450.jpg?fit=800%2C450&ssl=1&resize=350%2C200","width":350,"height":200,"srcset":"https:\/\/i0.wp.com\/www.freidenker.org\/fw17\/wp-content\/uploads\/2022\/11\/Ho_Chi_Minh_Mausoleum_7360943118_800x450.jpg?fit=800%2C450&ssl=1&resize=350%2C200 1x, https:\/\/i0.wp.com\/www.freidenker.org\/fw17\/wp-content\/uploads\/2022\/11\/Ho_Chi_Minh_Mausoleum_7360943118_800x450.jpg?fit=800%2C450&ssl=1&resize=525%2C300 1.5x, https:\/\/i0.wp.com\/www.freidenker.org\/fw17\/wp-content\/uploads\/2022\/11\/Ho_Chi_Minh_Mausoleum_7360943118_800x450.jpg?fit=800%2C450&ssl=1&resize=700%2C400 2x"},"classes":[]},{"id":16353,"url":"https:\/\/www.freidenker.org\/?p=16353","url_meta":{"origin":19480,"position":4},"title":"Habeck im Bundestag: &#8222;Falschunterstellungen&#8220; und ein &#8222;erster russischer Angriffskrieg 2014&#8220;","author":"Webredaktion","date":"24. Juni 2023","format":false,"excerpt":"Beitrag von Dagmar Henn Bundeswirtschaftsminister Habeck wurde im Bundestag befragt und benahm sich wie \u00fcblich \u2013 Antworten nur, wenn die Frage entsprechend unterw\u00fcrfig gestellt wurde, auf massivere Kritik jedoch arrogant und ausfallend. Bis hin zu eigenen neuen Geschichtsf\u00e4lschungen. Auch wenn Bundeswirtschaftsminister Robert Habeck in der Fragestunde des Bundestags nur selten\u2026","rel":"","context":"In &quot;Demokratie \u2013 Medien \u2013 Aufkl\u00e4rung&quot;","block_context":{"text":"Demokratie \u2013 Medien \u2013 Aufkl\u00e4rung","link":"https:\/\/www.freidenker.org\/?cat=12"},"img":{"alt_text":"","src":"https:\/\/i0.wp.com\/www.freidenker.org\/fw17\/wp-content\/uploads\/2023\/06\/Habeck-2023-06-07_Event_Konferenz_re-publica_800x450.jpg?fit=800%2C450&ssl=1&resize=350%2C200","width":350,"height":200,"srcset":"https:\/\/i0.wp.com\/www.freidenker.org\/fw17\/wp-content\/uploads\/2023\/06\/Habeck-2023-06-07_Event_Konferenz_re-publica_800x450.jpg?fit=800%2C450&ssl=1&resize=350%2C200 1x, https:\/\/i0.wp.com\/www.freidenker.org\/fw17\/wp-content\/uploads\/2023\/06\/Habeck-2023-06-07_Event_Konferenz_re-publica_800x450.jpg?fit=800%2C450&ssl=1&resize=525%2C300 1.5x, https:\/\/i0.wp.com\/www.freidenker.org\/fw17\/wp-content\/uploads\/2023\/06\/Habeck-2023-06-07_Event_Konferenz_re-publica_800x450.jpg?fit=800%2C450&ssl=1&resize=700%2C400 2x"},"classes":[]},{"id":22764,"url":"https:\/\/www.freidenker.org\/?p=22764","url_meta":{"origin":19480,"position":5},"title":"Bundeskanzler Merz, Putin und die Geografie","author":"Webredaktion","date":"7. September 2025","format":false,"excerpt":"Beitrag von Dagmar Henn Wom\u00f6glich l\u00f6st Bundeskanzler Friedrich Merz mit einer Aussage in seinem Interview mit dem franz\u00f6sischen Sender TF1 ganz andere Empfindungen aus, als er beabsichtigt. Denn neben seiner Betonung, er wolle wieder eine Wehrpflicht\u00a0\u2012 auch f\u00fcr Frauen \u2012, lieferte er auch noch eine eigenartige Begr\u00fcndung. So zitiert das\u2026","rel":"","context":"In &quot;Demokratie \u2013 Medien \u2013 Aufkl\u00e4rung&quot;","block_context":{"text":"Demokratie \u2013 Medien \u2013 Aufkl\u00e4rung","link":"https:\/\/www.freidenker.org\/?cat=12"},"img":{"alt_text":"","src":"https:\/\/i0.wp.com\/www.freidenker.org\/fw17\/wp-content\/uploads\/2025\/09\/Merz_Grenzen1937.jpg?fit=800%2C450&ssl=1&resize=350%2C200","width":350,"height":200,"srcset":"https:\/\/i0.wp.com\/www.freidenker.org\/fw17\/wp-content\/uploads\/2025\/09\/Merz_Grenzen1937.jpg?fit=800%2C450&ssl=1&resize=350%2C200 1x, https:\/\/i0.wp.com\/www.freidenker.org\/fw17\/wp-content\/uploads\/2025\/09\/Merz_Grenzen1937.jpg?fit=800%2C450&ssl=1&resize=525%2C300 1.5x, https:\/\/i0.wp.com\/www.freidenker.org\/fw17\/wp-content\/uploads\/2025\/09\/Merz_Grenzen1937.jpg?fit=800%2C450&ssl=1&resize=700%2C400 2x"},"classes":[]}],"_links":{"self":[{"href":"https:\/\/www.freidenker.org\/index.php?rest_route=\/wp\/v2\/posts\/19480","targetHints":{"allow":["GET"]}}],"collection":[{"href":"https:\/\/www.freidenker.org\/index.php?rest_route=\/wp\/v2\/posts"}],"about":[{"href":"https:\/\/www.freidenker.org\/index.php?rest_route=\/wp\/v2\/types\/post"}],"author":[{"embeddable":true,"href":"https:\/\/www.freidenker.org\/index.php?rest_route=\/wp\/v2\/users\/3"}],"replies":[{"embeddable":true,"href":"https:\/\/www.freidenker.org\/index.php?rest_route=%2Fwp%2Fv2%2Fcomments&post=19480"}],"version-history":[{"count":0,"href":"https:\/\/www.freidenker.org\/index.php?rest_route=\/wp\/v2\/posts\/19480\/revisions"}],"wp:featuredmedia":[{"embeddable":true,"href":"https:\/\/www.freidenker.org\/index.php?rest_route=\/wp\/v2\/media\/19497"}],"wp:attachment":[{"href":"https:\/\/www.freidenker.org\/index.php?rest_route=%2Fwp%2Fv2%2Fmedia&parent=19480"}],"wp:term":[{"taxonomy":"category","embeddable":true,"href":"https:\/\/www.freidenker.org\/index.php?rest_route=%2Fwp%2Fv2%2Fcategories&post=19480"},{"taxonomy":"post_tag","embeddable":true,"href":"https:\/\/www.freidenker.org\/index.php?rest_route=%2Fwp%2Fv2%2Ftags&post=19480"}],"curies":[{"name":"wp","href":"https:\/\/api.w.org\/{rel}","templated":true}]}}