{"id":19457,"date":"2024-07-04T16:24:09","date_gmt":"2024-07-04T14:24:09","guid":{"rendered":"https:\/\/www.freidenker.org\/?p=19457"},"modified":"2024-08-14T23:35:19","modified_gmt":"2024-08-14T21:35:19","slug":"serbische-schuelergruppe-in-pfaffenhofen","status":"publish","type":"post","link":"https:\/\/www.freidenker.org\/?p=19457","title":{"rendered":"Serbische Sch\u00fclergruppe in Pfaffenhofen"},"content":{"rendered":"<h5>Friedenspolitik von B\u00fcrger zu B\u00fcrger:<\/h5>\n<h4>Serbische Sch\u00fclergruppe in Pfaffenhofen<\/h4>\n<p><em>von <strong>Bernd Duschner<\/strong><\/em><\/p>\n<p><strong><em>Vom 7.-14. Juli 2024 ist wieder eine Sch\u00fclergruppe aus dem serbischen Stadt Valjevo in Pfaffenhofen zu Gast. Daf\u00fcr bittet der Verein \u201eFreundschaft mit Valjevo\u201c um Solidarit\u00e4ts-spenden \u2013 siehe am Ende des Beitrags.<\/em><\/strong><\/p>\n<p>25 Jahre liegt der Krieg der Nato gegen die Bundesrepublik Jugoslawien mittlerweile zur\u00fcck. W\u00e4hrend des Krieges 1999 war es nicht m\u00f6glich gewesen, Visa f\u00fcr die Einreise von serbischen B\u00fcrgern in die EU zu erhalten. Zusammenk\u00fcnfte, Informations- und Meinungsaustausch mit ihnen h\u00e4tten das propagierte \u201eFeindbild\u201c zerst\u00f6ren k\u00f6nnen. Dieses \u201eFeindbild\u201c wirkte\u00a0 nach dem Krieg weiter, so dass die brutale Vertreibung von 250.000 Serben, Roma und Juden nach dem Einmarsch der Nato im Kosovo als \u201egerechte\u201c Bestrafung verkauft werden konnte und es keine nennenswerte humanit\u00e4re Hilfe f\u00fcr die Bev\u00f6lkerung des schwer bombardierten und durch Sanktionen v\u00f6llig verarmten Landes gab.<\/p>\n<p>Zu den aggressivsten Kriegshetzern gegen die Serben geh\u00f6rte in den 90er Jahren der heutige US-Pr\u00e4sident Joe Biden. Er forderte damals, Belgrad zu bombardieren, alle Br\u00fccken \u00fcber die Drina zu zerst\u00f6ren, ohne R\u00fccksicht auf eigene Opfer US Truppen nach Serben zu entsenden und das Land wie Japan und Deutschland nach dem 2. Weltkrieg zu besetzen.<\/p>\n<div class=\"jetpack-video-wrapper\"><span class=\"embed-youtube\" style=\"text-align:center; display: block;\"><iframe loading=\"lazy\" class=\"youtube-player\" width=\"800\" height=\"450\" src=\"https:\/\/www.youtube.com\/embed\/4SrN4KnZj9Q?version=3&#038;rel=1&#038;showsearch=0&#038;showinfo=1&#038;iv_load_policy=1&#038;fs=1&#038;hl=de-DE&#038;autohide=2&#038;wmode=transparent\" allowfullscreen=\"true\" style=\"border:0;\" sandbox=\"allow-scripts allow-same-origin allow-popups allow-presentation allow-popups-to-escape-sandbox\"><\/iframe><\/span><\/div>\n<p><span style=\"font-size: 10pt;\">Direktlink zum Video auf YouTube: <a href=\"https:\/\/www.youtube.com\/watch?v=4SrN4KnZj9Q\" target=\"_blank\" rel=\"noopener\">https:\/\/www.youtube.com\/watch?v=4SrN4KnZj9Q<\/a><\/span><\/p>\n<p><span style=\"font-size: 10pt;\">(Die im Video als Redefragmente erscheinenden \u00c4u\u00dferungen Bidens t\u00e4tigte er bei der Anh\u00f6rung des Komitees f\u00fcr Ausw\u00e4rtige Beziehungen des US-Senats am 6. Mai bzw. 24. Juni 1998 In Washington. <em>Webredaktion<\/em>)<\/span><\/p>\n<p>Als lokale Friedensgruppe haben wir Ostern 2000 die erste Sch\u00fclergruppe aus der serbischen Stadt Valjevo f\u00fcr eine Woche nach Pfaffenhofen geholt und sie in Kontakt mit vielen unserer B\u00fcrger gebracht. Sie besuchten unser Jugendparlament und konnten im Ingolst\u00e4dter Regionalfernsehen \u00fcber ihr Leben unter den Bomben der Nato berichten.<\/p>\n<figure id=\"attachment_19459\" aria-describedby=\"caption-attachment-19459\" style=\"width: 800px\" class=\"wp-caption alignnone\"><img data-recalc-dims=\"1\" loading=\"lazy\" decoding=\"async\" data-attachment-id=\"19459\" data-permalink=\"https:\/\/www.freidenker.org\/?attachment_id=19459\" data-orig-file=\"https:\/\/i0.wp.com\/www.freidenker.org\/fw17\/wp-content\/uploads\/2024\/07\/valjevo_schuelergruppe_02.jpg?fit=1600%2C1200&amp;ssl=1\" data-orig-size=\"1600,1200\" data-comments-opened=\"0\" data-image-meta=\"{&quot;aperture&quot;:&quot;0&quot;,&quot;credit&quot;:&quot;&quot;,&quot;camera&quot;:&quot;&quot;,&quot;caption&quot;:&quot;&quot;,&quot;created_timestamp&quot;:&quot;0&quot;,&quot;copyright&quot;:&quot;&quot;,&quot;focal_length&quot;:&quot;0&quot;,&quot;iso&quot;:&quot;0&quot;,&quot;shutter_speed&quot;:&quot;0&quot;,&quot;title&quot;:&quot;&quot;,&quot;orientation&quot;:&quot;0&quot;}\" data-image-title=\"valjevo_schuelergruppe_02\" data-image-description=\"\" data-image-caption=\"\" data-large-file=\"https:\/\/i0.wp.com\/www.freidenker.org\/fw17\/wp-content\/uploads\/2024\/07\/valjevo_schuelergruppe_02.jpg?fit=800%2C600&amp;ssl=1\" class=\"wp-image-19459 size-large\" src=\"https:\/\/i0.wp.com\/www.freidenker.org\/fw17\/wp-content\/uploads\/2024\/07\/valjevo_schuelergruppe_02.jpg?resize=800%2C600&#038;ssl=1\" alt=\"\" width=\"800\" height=\"600\" srcset=\"https:\/\/i0.wp.com\/www.freidenker.org\/fw17\/wp-content\/uploads\/2024\/07\/valjevo_schuelergruppe_02.jpg?resize=1024%2C768&amp;ssl=1 1024w, https:\/\/i0.wp.com\/www.freidenker.org\/fw17\/wp-content\/uploads\/2024\/07\/valjevo_schuelergruppe_02.jpg?resize=300%2C225&amp;ssl=1 300w, https:\/\/i0.wp.com\/www.freidenker.org\/fw17\/wp-content\/uploads\/2024\/07\/valjevo_schuelergruppe_02.jpg?resize=768%2C576&amp;ssl=1 768w, https:\/\/i0.wp.com\/www.freidenker.org\/fw17\/wp-content\/uploads\/2024\/07\/valjevo_schuelergruppe_02.jpg?resize=1536%2C1152&amp;ssl=1 1536w, https:\/\/i0.wp.com\/www.freidenker.org\/fw17\/wp-content\/uploads\/2024\/07\/valjevo_schuelergruppe_02.jpg?w=1600&amp;ssl=1 1600w\" sizes=\"auto, (max-width: 800px) 100vw, 800px\" \/><figcaption id=\"caption-attachment-19459\" class=\"wp-caption-text\"><span style=\"font-size: 10pt;\">Die Sch\u00fclergruppe 2023 bei einem Konzert im Stadtpark von Pfaffenhofen<\/span><\/figcaption><\/figure>\n<h5>Serben im Visier der Nato<\/h5>\n<p>Wie in den 90er Jahren sind die Serben auch heute im Visier der Nato-Strategen: Serbien weigert sich, Sanktionen gegen Russland zu verh\u00e4ngen und sich in die Front gegen dieses Land einzureihen. In Bosnien fordert die Teilrepublik \u201eRepublika Srpska\u201c eine Beendigung des Status ihres Landes als Kolonie der EU. Der ehemalige deutsche Landwirtschaftsminister Christian Schmidt nimmt dort mit Unterst\u00fctzung der EU f\u00fcr sich in Anspruch, als \u201eHoher Repr\u00e4sentant\u201c Gesetze erlassen und Mandatstr\u00e4ger und Beamte nach Belieben entlassen zu k\u00f6nnen. Auch die \u201eRepublika Srpska\u201c m\u00f6chte sich nicht in die Front gegen Russland einreihen.<\/p>\n<p>Aus Solidarit\u00e4t mit der serbischen Bev\u00f6lkerung haben wir auch in diesem Jahr vom 7.-14. Juli eine Sch\u00fclergruppe aus dem serbischen Stadt Valjevo nach Pfaffenhofen eingeladen und f\u00fcr sie ein informatives und abwechslungsreiches Programm vorbereitet. Wir werden mit ihnen Schulen, Lehrwerkst\u00e4tten und Betriebe besuchen, Gespr\u00e4che mit Jugendlichen und Politikern organisieren und ihnen M\u00fcnchen, N\u00fcrnberg und Regensburg zeigen. Mit der Gruppe kommt der Chor des Gymnasiums\u00a0 von Valjevo, der an einem Konzert in unserer Stadt mitwirken wird.<\/p>\n<p style=\"text-align: right;\"><em>Bernd Duschner ist Sprecher der Hilfsorganisation Freundschaft mit Valjevo e.V. und Mitglied des Deutschen Freidenker-Verbandes<\/em><\/p>\n<hr \/>\n<h5>Bitte um Spenden<\/h5>\n<p><strong>Solidarit\u00e4t ist nicht kostenlos.<\/strong> Um die Ausgaben f\u00fcr die serbischen Jugendlichen decken zu k\u00f6nnen, <strong>bitten wir um Spenden<\/strong> auf das Konto unseres Vereins \u201eFreundschaft mit Valjevo\u201c, Sparkasse Pfaffenhofen, IBAN DE06 7215 1650 0008 0119 91.<\/p>\n<hr \/>\n<p><span style=\"font-size: 10pt;\">Bild oben: Die Sch\u00fclergruppe 2023 bei einem Besuch\u00a0auf der Burg in N\u00fcrnberg<\/span><br \/>\n<span style=\"font-size: 10pt;\">Fotos: Bernd Duschner<\/span><\/p>\n","protected":false},"excerpt":{"rendered":"<p><b>Beitrag von Bernd Duschner<\/b><br \/>\nVom 7.-14. Juli 2024 ist wieder eine Sch\u00fclergruppe aus dem serbischen Stadt Valjevo in Pfaffenhofen zu Gast. Daf\u00fcr bittet der Verein \u201eFreundschaft mit Valjevo\u201c um Solidarit\u00e4tsspenden<br \/>\n25 Jahre liegt der Krieg der Nato gegen die Bundesrepublik Jugoslawien mittlerweile zur\u00fcck. W\u00e4hrend des Krieges 1999 war es nicht m\u00f6glich gewesen, Visa f\u00fcr die Einreise von serbischen B\u00fcrgern in die EU zu erhalten. Zusammenk\u00fcnfte, Informations- und Meinungsaustausch mit ihnen h\u00e4tten das propagierte \u201eFeindbild\u201c zerst\u00f6ren k\u00f6nnen. Dieses \u201eFeindbild\u201c wirkte\u00a0 nach dem Krieg weiter, so dass die brutale Vertreibung von 250.000 Serben, Roma und Juden nach dem Einmarsch der Nato im Kosovo als \u201egerechte\u201c Bestrafung verkauft werden konnte und es keine nennenswerte humanit\u00e4re Hilfe f\u00fcr die Bev\u00f6lkerung des schwer bombardierten und durch Sanktionen v\u00f6llig verarmten Landes gab.<\/p>\n","protected":false},"author":3,"featured_media":19458,"comment_status":"closed","ping_status":"closed","sticky":false,"template":"","format":"standard","meta":{"colormag_page_container_layout":"default_layout","colormag_page_sidebar_layout":"default_layout","advanced_seo_description":"","jetpack_seo_html_title":"","jetpack_seo_noindex":false,"jetpack_post_was_ever_published":false,"footnotes":""},"categories":[13],"tags":[1332,269,222,719,2241,764,1203,185],"class_list":["post-19457","post","type-post","status-publish","format-standard","has-post-thumbnail","hentry","category-frieden-antifaschismus-solidaritaet","tag-joe-biden","tag-nato-ueberfall-auf-jugoslawien","tag-russland","tag-sanktionen","tag-schuelergruppe","tag-serbien","tag-spendenaufruf","tag-usa"],"jetpack_featured_media_url":"https:\/\/i0.wp.com\/www.freidenker.org\/fw17\/wp-content\/uploads\/2024\/07\/valjevo_schuelergruppe_01_800x450.jpg?fit=800%2C450&ssl=1","jetpack_shortlink":"https:\/\/wp.me\/p9stpK-53P","jetpack-related-posts":[{"id":10337,"url":"https:\/\/www.freidenker.org\/?p=10337","url_meta":{"origin":19457,"position":0},"title":"Wir lassen Freundschaftsbande nicht abrei\u00dfen","author":"Webredaktion","date":"14. Mai 2021","format":false,"excerpt":"Freundschaften d\u00fcrfen auch in Krisenzeiten nicht zum Erliegen kommen. F\u00fcr den Verein \u201eFreundschaft mit Valjevo e.V.\u201c hat Bernd Duschner im April die serbische Stadt Valjevo besucht. Bei seinem gut zweiw\u00f6chigen Aufenthalt konnte er zahlreiche Gespr\u00e4che, so u.a. mit Lehrkr\u00e4ften, Krankenhaus\u00e4rzten, Journalisten und dem neuen 36 j\u00e4hrigen B\u00fcrgermeister der Stadt Lazar\u2026","rel":"","context":"In &quot;Frieden - Antifaschismus - Solidarit\u00e4t&quot;","block_context":{"text":"Frieden - Antifaschismus - Solidarit\u00e4t","link":"https:\/\/www.freidenker.org\/?cat=13"},"img":{"alt_text":"","src":"https:\/\/i0.wp.com\/www.freidenker.org\/fw17\/wp-content\/uploads\/2021\/05\/Valjevo_2021_Taxi-3_800x450.jpg?fit=800%2C450&ssl=1&resize=350%2C200","width":350,"height":200,"srcset":"https:\/\/i0.wp.com\/www.freidenker.org\/fw17\/wp-content\/uploads\/2021\/05\/Valjevo_2021_Taxi-3_800x450.jpg?fit=800%2C450&ssl=1&resize=350%2C200 1x, https:\/\/i0.wp.com\/www.freidenker.org\/fw17\/wp-content\/uploads\/2021\/05\/Valjevo_2021_Taxi-3_800x450.jpg?fit=800%2C450&ssl=1&resize=525%2C300 1.5x, https:\/\/i0.wp.com\/www.freidenker.org\/fw17\/wp-content\/uploads\/2021\/05\/Valjevo_2021_Taxi-3_800x450.jpg?fit=800%2C450&ssl=1&resize=700%2C400 2x"},"classes":[]},{"id":9474,"url":"https:\/\/www.freidenker.org\/?p=9474","url_meta":{"origin":19457,"position":1},"title":"Serbien in Zeiten der Corona-Pandemie","author":"Webredaktion","date":"31. Januar 2021","format":false,"excerpt":"Kein Lockdown und freie Wahl des Impfstoffes - Beitrag von Bernd Duschner Im vergangenen Jahr geh\u00f6rte Valjevo samt den eingegliederten D\u00f6rfern mit seinen rund 86.000 Einwohnern zu den Hotspots der Pandemie in Serbien. Bis einschlie\u00dflich 21.1.2021, so der Chefredakteur der Lokalzeitung \u201eNapred\u201c, Slobodan Ciric, waren 151 B\u00fcrger mit oder infolge\u2026","rel":"","context":"In &quot;Arbeit &amp; Soziales&quot;","block_context":{"text":"Arbeit &amp; Soziales","link":"https:\/\/www.freidenker.org\/?cat=11"},"img":{"alt_text":"","src":"https:\/\/i0.wp.com\/www.freidenker.org\/fw17\/wp-content\/uploads\/2021\/01\/Serbien_corona-titel_800x450.jpg?fit=800%2C450&ssl=1&resize=350%2C200","width":350,"height":200,"srcset":"https:\/\/i0.wp.com\/www.freidenker.org\/fw17\/wp-content\/uploads\/2021\/01\/Serbien_corona-titel_800x450.jpg?fit=800%2C450&ssl=1&resize=350%2C200 1x, https:\/\/i0.wp.com\/www.freidenker.org\/fw17\/wp-content\/uploads\/2021\/01\/Serbien_corona-titel_800x450.jpg?fit=800%2C450&ssl=1&resize=525%2C300 1.5x, https:\/\/i0.wp.com\/www.freidenker.org\/fw17\/wp-content\/uploads\/2021\/01\/Serbien_corona-titel_800x450.jpg?fit=800%2C450&ssl=1&resize=700%2C400 2x"},"classes":[]},{"id":14691,"url":"https:\/\/www.freidenker.org\/?p=14691","url_meta":{"origin":19457,"position":2},"title":"Ein Gespr\u00e4ch mit der Leiterin des Italienischen Krankenhauses in Damaskus","author":"Webredaktion","date":"17. November 2022","format":false,"excerpt":"Beitrag von Bernd Duschner Die Friedensgruppe \u201eFreundschaft mit Valjevo e.V.\u201c im oberbayerischen Pfaffenhofen a. d. Ilm arbeitet seit 6 Jahren mit dem \u201eItalienischen Krankenhaus\u201c in Damaskus zusammen. Mit Spendengeldern konnten der Verein dem Krankenhaus immer wieder helfen, so beim Kauf eines gebrauchten Computertomographen, neuer Betten, von Defibrillatoren, der Beschaffung von\u2026","rel":"","context":"In &quot;Frieden - Antifaschismus - Solidarit\u00e4t&quot;","block_context":{"text":"Frieden - Antifaschismus - Solidarit\u00e4t","link":"https:\/\/www.freidenker.org\/?cat=13"},"img":{"alt_text":"","src":"https:\/\/i0.wp.com\/www.freidenker.org\/fw17\/wp-content\/uploads\/2022\/11\/Carol-Tahhan-01_800x450.jpg?fit=800%2C450&ssl=1&resize=350%2C200","width":350,"height":200,"srcset":"https:\/\/i0.wp.com\/www.freidenker.org\/fw17\/wp-content\/uploads\/2022\/11\/Carol-Tahhan-01_800x450.jpg?fit=800%2C450&ssl=1&resize=350%2C200 1x, https:\/\/i0.wp.com\/www.freidenker.org\/fw17\/wp-content\/uploads\/2022\/11\/Carol-Tahhan-01_800x450.jpg?fit=800%2C450&ssl=1&resize=525%2C300 1.5x, https:\/\/i0.wp.com\/www.freidenker.org\/fw17\/wp-content\/uploads\/2022\/11\/Carol-Tahhan-01_800x450.jpg?fit=800%2C450&ssl=1&resize=700%2C400 2x"},"classes":[]},{"id":6856,"url":"https:\/\/www.freidenker.org\/?p=6856","url_meta":{"origin":19457,"position":3},"title":"Nie wieder Krieg!","author":"Webredaktion","date":"24. August 2019","format":false,"excerpt":"Beitrag von Bernd Duschner Mit der Zerschlagung Jugoslawiens und den NATO-Bombardements endete f\u00fcr Deutschland eine mehr als 50-j\u00e4hrige \u201eKriegs-Pause\u201c. Die Vorg\u00e4nge des Jahres 1999 sind eine Blaupause, an der man studieren kann, wie Kriege vor- und medial aufbereitet werden k\u00f6nnen, so dass die Mehrheit der Bev\u00f6lkerung am Ende von der\u2026","rel":"","context":"In &quot;Frieden - Antifaschismus - Solidarit\u00e4t&quot;","block_context":{"text":"Frieden - Antifaschismus - Solidarit\u00e4t","link":"https:\/\/www.freidenker.org\/?cat=13"},"img":{"alt_text":"","src":"https:\/\/i0.wp.com\/www.freidenker.org\/fw17\/wp-content\/uploads\/2019\/08\/Zerst%C3%B6rte_Fabrik_Krusik_Freundschaft_mit_Valjevo.jpg?fit=800%2C445&ssl=1&resize=350%2C200","width":350,"height":200,"srcset":"https:\/\/i0.wp.com\/www.freidenker.org\/fw17\/wp-content\/uploads\/2019\/08\/Zerst%C3%B6rte_Fabrik_Krusik_Freundschaft_mit_Valjevo.jpg?fit=800%2C445&ssl=1&resize=350%2C200 1x, https:\/\/i0.wp.com\/www.freidenker.org\/fw17\/wp-content\/uploads\/2019\/08\/Zerst%C3%B6rte_Fabrik_Krusik_Freundschaft_mit_Valjevo.jpg?fit=800%2C445&ssl=1&resize=525%2C300 1.5x, https:\/\/i0.wp.com\/www.freidenker.org\/fw17\/wp-content\/uploads\/2019\/08\/Zerst%C3%B6rte_Fabrik_Krusik_Freundschaft_mit_Valjevo.jpg?fit=800%2C445&ssl=1&resize=700%2C400 2x"},"classes":[]},{"id":11032,"url":"https:\/\/www.freidenker.org\/?p=11032","url_meta":{"origin":19457,"position":4},"title":"Veranstaltung: 1941 &#8211; Zerst\u00f6rung des ersten Jugoslawien","author":"Webredaktion","date":"15. August 2021","format":false,"excerpt":"Vortrag und Diskussion mit Bernd Duschner Samstag, 28. August 2021, 15 Uhr, Wiener Hof, Langener Str. 23, 63073 Offenbach a. M. - Bieber Vor 80 Jahren, am 6. April 1941, \u00fcberfiel das faschistische Deutschland das damalige K\u00f6nigreich Jugoslawien. Seine territoriale Zerschlagung und Besetzung sollte vor dem Krieg gegen die Sowjetunion\u2026","rel":"","context":"In &quot;Geschichte&quot;","block_context":{"text":"Geschichte","link":"https:\/\/www.freidenker.org\/?cat=1162"},"img":{"alt_text":"","src":"https:\/\/i0.wp.com\/www.freidenker.org\/fw17\/wp-content\/uploads\/2021\/08\/belgrad_1941_faks_800x450.jpg?fit=800%2C450&ssl=1&resize=350%2C200","width":350,"height":200,"srcset":"https:\/\/i0.wp.com\/www.freidenker.org\/fw17\/wp-content\/uploads\/2021\/08\/belgrad_1941_faks_800x450.jpg?fit=800%2C450&ssl=1&resize=350%2C200 1x, https:\/\/i0.wp.com\/www.freidenker.org\/fw17\/wp-content\/uploads\/2021\/08\/belgrad_1941_faks_800x450.jpg?fit=800%2C450&ssl=1&resize=525%2C300 1.5x, https:\/\/i0.wp.com\/www.freidenker.org\/fw17\/wp-content\/uploads\/2021\/08\/belgrad_1941_faks_800x450.jpg?fit=800%2C450&ssl=1&resize=700%2C400 2x"},"classes":[]},{"id":6013,"url":"https:\/\/www.freidenker.org\/?p=6013","url_meta":{"origin":19457,"position":5},"title":"20 Jahre seit NATO-Angriffskrieg gegen Jugoslawien &#8211; Teil 9 und 10","author":"Webredaktion","date":"11. M\u00e4rz 2019","format":false,"excerpt":"Der Angriffskrieg der NATO gegen Jugoslawien am 24. M\u00e4rz 1999 markierte das Ende des Friedens in Europa, ein Frieden, der seit der Katastrophe des Zweiten Weltkriegs gehalten hatte, zumindest in Europa. Mit Beitr\u00e4gen in loser Folge wird RT-Deutsch in den n\u00e4chsten Wochen die wichtigsten Stationen der NATO-Vorbereitungen auf diesen Krieg\u2026","rel":"","context":"In &quot;Frieden - Antifaschismus - Solidarit\u00e4t&quot;","block_context":{"text":"Frieden - Antifaschismus - Solidarit\u00e4t","link":"https:\/\/www.freidenker.org\/?cat=13"},"img":{"alt_text":"","src":"https:\/\/i0.wp.com\/www.freidenker.org\/fw17\/wp-content\/uploads\/2019\/03\/20_Jahre_Jugoslawienkrieg_800x445_T9-10.jpg?fit=800%2C445&ssl=1&resize=350%2C200","width":350,"height":200,"srcset":"https:\/\/i0.wp.com\/www.freidenker.org\/fw17\/wp-content\/uploads\/2019\/03\/20_Jahre_Jugoslawienkrieg_800x445_T9-10.jpg?fit=800%2C445&ssl=1&resize=350%2C200 1x, https:\/\/i0.wp.com\/www.freidenker.org\/fw17\/wp-content\/uploads\/2019\/03\/20_Jahre_Jugoslawienkrieg_800x445_T9-10.jpg?fit=800%2C445&ssl=1&resize=525%2C300 1.5x, https:\/\/i0.wp.com\/www.freidenker.org\/fw17\/wp-content\/uploads\/2019\/03\/20_Jahre_Jugoslawienkrieg_800x445_T9-10.jpg?fit=800%2C445&ssl=1&resize=700%2C400 2x"},"classes":[]}],"_links":{"self":[{"href":"https:\/\/www.freidenker.org\/index.php?rest_route=\/wp\/v2\/posts\/19457","targetHints":{"allow":["GET"]}}],"collection":[{"href":"https:\/\/www.freidenker.org\/index.php?rest_route=\/wp\/v2\/posts"}],"about":[{"href":"https:\/\/www.freidenker.org\/index.php?rest_route=\/wp\/v2\/types\/post"}],"author":[{"embeddable":true,"href":"https:\/\/www.freidenker.org\/index.php?rest_route=\/wp\/v2\/users\/3"}],"replies":[{"embeddable":true,"href":"https:\/\/www.freidenker.org\/index.php?rest_route=%2Fwp%2Fv2%2Fcomments&post=19457"}],"version-history":[{"count":0,"href":"https:\/\/www.freidenker.org\/index.php?rest_route=\/wp\/v2\/posts\/19457\/revisions"}],"wp:featuredmedia":[{"embeddable":true,"href":"https:\/\/www.freidenker.org\/index.php?rest_route=\/wp\/v2\/media\/19458"}],"wp:attachment":[{"href":"https:\/\/www.freidenker.org\/index.php?rest_route=%2Fwp%2Fv2%2Fmedia&parent=19457"}],"wp:term":[{"taxonomy":"category","embeddable":true,"href":"https:\/\/www.freidenker.org\/index.php?rest_route=%2Fwp%2Fv2%2Fcategories&post=19457"},{"taxonomy":"post_tag","embeddable":true,"href":"https:\/\/www.freidenker.org\/index.php?rest_route=%2Fwp%2Fv2%2Ftags&post=19457"}],"curies":[{"name":"wp","href":"https:\/\/api.w.org\/{rel}","templated":true}]}}