{"id":19452,"date":"2024-07-04T16:24:05","date_gmt":"2024-07-04T14:24:05","guid":{"rendered":"https:\/\/www.freidenker.org\/?p=19452"},"modified":"2024-08-14T23:35:11","modified_gmt":"2024-08-14T21:35:11","slug":"erklaerung-widerstand-gegen-meinungsdiktat","status":"publish","type":"post","link":"https:\/\/www.freidenker.org\/?p=19452","title":{"rendered":"Erkl\u00e4rung:  Widerstand gegen Meinungsdiktat"},"content":{"rendered":"<p><em>Die verantwortungslose Eskalation der Bundesregierung im Ukrainekrieg gegen\u00fcber Russland veranlasste die Initiative \u201e<a href=\"https:\/\/www.freidenker.org\/?p=15537\">Meinungsfreiheit verteidigen<\/a>\u201c zu nachfolgender Stellungnahme. Der Bitte, unsere M\u00f6glichkeiten zu nutzen, um die Erkl\u00e4rung bekannt zu machen, kommen wir gern nach.<\/em><\/p>\n<p style=\"text-align: right;\"><em>Webredaktion<\/em><\/p>\n<h5><em>Erkl\u00e4rung: <\/em><\/h5>\n<h4><strong>Widerstand gegen Meinungsdiktat<\/strong><\/h4>\n<p>85 Jahre nach Beginn des Zweiten Weltkrieges und 83 Jahre nach dem \u00dcberfall des faschistischen Deutschlands auf die Sowjetunion hat die deutsche Regierung Angriffe auf das Territorium der russischen F\u00f6deration mit deutschen Waffen freigegeben.<\/p>\n<p>Gegen jegliche historische Verantwortung und politische Vernunft ist Deutschland mit Waffenlieferungen und seiner finanziellen Unterst\u00fctzung Kiews Teil der US-gef\u00fchrten Kriegsallianz und tr\u00e4gt mit dieser letzten Entscheidung ma\u00dfgeblich zur weiteren Eskalation des Ukraine-Krieges bei, bis hin zur Gefahr eines atomaren Weltbrandes.<\/p>\n<p>In der Festrede zum 75. Jahrestag der Bundesrepublik k\u00fcndigte Bundespr\u00e4sident Frank-Walter Steinmeier schon einmal an, dass man sich auf \u201eraue und h\u00e4rtere Jahre\u201c einstellen m\u00fcsse. Die j\u00e4hrlichen Ausgaben f\u00fcr die \u201eVerteidigung\u201c werden exorbitant steigen. Weitere Kriegskredite, verbr\u00e4mt als \u201eSonderverm\u00f6gen\u201c wird das Kriegsparlament auf Kosten sozialer und anderer Leistungen mit \u00fcberw\u00e4ltigender Mehrheit bewilligen. Die R\u00fcstungsindustrie wird mit unseren Steuergeldern weiter wachsen und horrende Profite erzielen.<\/p>\n<p>Ein solcher Kriegskurs verlangt eine stabile Heimatfront. Wir sollen \u201ekriegst\u00fcchtig\u201c gemacht werden! Das hei\u00dft, wir sollen der \u201eStaatsr\u00e4son des Krieges gegen Russland\u201c kritiklos und willig folgen.<\/p>\n<p>Um das zu erreichen, werden die im Grundgesetz Deutschlands garantierten fundamentalen Grund- und Menschenrechte faktisch au\u00dfer Kraft gesetzt, so die f\u00fcr eine demokratische Gesellschaft unverzichtbare Informations-, Presse- und Meinungsfreiheit. Die notwendige gesellschaftliche Auseinandersetzung \u00fcber eine Politik der Verst\u00e4ndigung und des Friedens zum Wohle der Menschen wird in unserem Land reglementiert und unterdr\u00fcckt. Die Medien als vierte Gewalt im Staat haben sich ihrer Kontrollfunktion entledigt und stattdessen in den Dienst der herrschenden Politik gestellt. Mit beispielloser Kriegspropaganda und antirussischer Hysterie wird die Bev\u00f6lkerung get\u00e4uscht und irregef\u00fchrt.<\/p>\n<p>Wer der offiziellen Staatsvorgabe nicht folgt, hat mit pers\u00f6nlichen und beruflichen Konsequenzen zu rechnen. Diffamierung, Diskriminierung, Ausgrenzung, Sanktionen, alle Mittel des Staates werden eingesetzt. Die Leitmedien, neue und versch\u00e4rfte Gesetze, restriktive Auflagen f\u00fcr Versammlungen und Demonstrationen, exzessive Polizeigewalt und geheimdienstliche Ma\u00dfnahmen sowie eine abh\u00e4ngige Justiz dienen dazu, die Bev\u00f6lkerung zu manipulieren, einzusch\u00fcchtern und folgsam zu machen.<\/p>\n<p>Unz\u00e4hlige B\u00fcrgerinnen und B\u00fcrger unterliegen bereits der Strafverfolgung, weil sie zu den Konflikten in der Ukraine und im Nahen Osten nicht staatskonformer Meinung sind.<\/p>\n<p>Weitere den \u00dcberwachungs-, Repressions-, Zwangs- und Sanktionscharakter des Staates versch\u00e4rfende Ma\u00dfnahmen sind in Vorbereitung.<\/p>\n<p><strong>Dem widersetzen wir uns!<\/strong><\/p>\n<p>Wir nehmen die historische Verantwortung Deutschlands f\u00fcr zwei Weltkriege im 20. Jahrhundert und die daraus erwachsene Verpflichtung Deutschlands f\u00fcr Frieden und Demokratie ernst.<\/p>\n<p>Es gilt, das im Grundgesetz verankerte Friedensgebot zu verwirklichen und elementare Grundrechte nicht anzutasten bzw. wieder herzustellen.<\/p>\n<p><em>\u00a0<\/em><\/p>\n<p><em>F\u00fcr die Initiative \u201eMeinungsfreiheit verteidigen\u201c<\/em><\/p>\n<p><em>Laura Fr. v. Wimmersperg und Hans Bauer, Rechtsanwalt &#8211; Berlin im Juli 2024<\/em><\/p>\n<hr \/>\n<h5>Download<\/h5>\n<p><img data-recalc-dims=\"1\" loading=\"lazy\" decoding=\"async\" data-attachment-id=\"1076\" data-permalink=\"https:\/\/www.freidenker.org\/?attachment_id=1076\" data-orig-file=\"https:\/\/i0.wp.com\/www.freidenker.org\/fw17\/wp-content\/uploads\/2017\/10\/pdf_icon-2.png?fit=32%2C32&amp;ssl=1\" data-orig-size=\"32,32\" data-comments-opened=\"0\" data-image-meta=\"{&quot;aperture&quot;:&quot;0&quot;,&quot;credit&quot;:&quot;&quot;,&quot;camera&quot;:&quot;&quot;,&quot;caption&quot;:&quot;&quot;,&quot;created_timestamp&quot;:&quot;0&quot;,&quot;copyright&quot;:&quot;&quot;,&quot;focal_length&quot;:&quot;0&quot;,&quot;iso&quot;:&quot;0&quot;,&quot;shutter_speed&quot;:&quot;0&quot;,&quot;title&quot;:&quot;&quot;,&quot;orientation&quot;:&quot;0&quot;}\" data-image-title=\"pdf_icon\" data-image-description=\"\" data-image-caption=\"\" data-large-file=\"https:\/\/i0.wp.com\/www.freidenker.org\/fw17\/wp-content\/uploads\/2017\/10\/pdf_icon-2.png?fit=32%2C32&amp;ssl=1\" class=\"alignnone size-full wp-image-1076\" src=\"https:\/\/i0.wp.com\/www.freidenker.org\/fw17\/wp-content\/uploads\/2017\/10\/pdf_icon-2.png?resize=32%2C32&#038;ssl=1\" alt=\"\" width=\"32\" height=\"32\" \/>\u00a0Die <a href=\"https:\/\/www.freidenker.org\/fw17\/wp-content\/uploads\/2024\/07\/Widerstand-gegen-Meinungsdiktat.pdf\" target=\"_blank\" rel=\"noopener\">Erkl\u00e4rung als PDF-Dokument<\/a> ansehen oder herunterladen (PDF-Datei, ca. 89 KB)<\/p>\n<hr \/>\n<p><span style=\"font-size: 10pt;\">Bild oben: Antikriegs-Demo am 08.06.2024 in Berlin<\/span><br \/>\n<span style=\"font-size: 10pt;\">Screenshot aus einem <a href=\"https:\/\/youtu.be\/bDsxY8NqWbk?t=161\" target=\"_blank\" rel=\"noopener\">Video von AntikriegTV<\/a><\/span><\/p>\n","protected":false},"excerpt":{"rendered":"<p><b>Erkl\u00e4rung der Initiative \u201eMeinungsfreiheit verteidigen\u201c<\/b><br \/>\n85 Jahre nach Beginn des Zweiten Weltkrieges und 83 Jahre nach dem \u00dcberfall des faschistischen Deutschlands auf die Sowjetunion hat die deutsche Regierung Angriffe auf das Territorium der russischen F\u00f6deration mit deutschen Waffen freigegeben. Gegen jegliche historische Verantwortung und politische Vernunft ist Deutschland mit Waffenlieferungen und seiner finanziellen Unterst\u00fctzung Kiews Teil der US-gef\u00fchrten Kriegsallianz und tr\u00e4gt mit dieser letzten Entscheidung ma\u00dfgeblich zur weiteren Eskalation des Ukraine-Krieges bei, bis hin zur Gefahr eines atomaren Weltbrandes. In der Festrede zum 75. Jahrestag der Bundesrepublik k\u00fcndigte Bundespr\u00e4sident Frank-Walter Steinmeier schon einmal an, dass man sich auf \u201eraue und h\u00e4rtere Jahre\u201c einstellen m\u00fcsse. Die j\u00e4hrlichen Ausgaben f\u00fcr die \u201eVerteidigung\u201c werden exorbitant steigen. <\/p>\n","protected":false},"author":3,"featured_media":19455,"comment_status":"closed","ping_status":"closed","sticky":false,"template":"","format":"standard","meta":{"colormag_page_container_layout":"default_layout","colormag_page_sidebar_layout":"default_layout","advanced_seo_description":"","jetpack_seo_html_title":"","jetpack_seo_noindex":false,"jetpack_post_was_ever_published":false,"footnotes":""},"categories":[12],"tags":[1293,1629,960,649,154,57,395,563,1955,222,639,1525],"class_list":["post-19452","post","type-post","status-publish","format-standard","has-post-thumbnail","hentry","category-demokratie-medien-aufklaerung","tag-diskriminierung","tag-eskalation","tag-faschistischer-ueberfall-auf-die-sowjetunion","tag-friedensgebot","tag-grundrechte","tag-kriegsgefahr","tag-meinungsfreiheit","tag-menschenrechte","tag-nahostkonflikt","tag-russland","tag-ukraine-konflikt","tag-waffenlieferungen"],"jetpack_featured_media_url":"https:\/\/i0.wp.com\/www.freidenker.org\/fw17\/wp-content\/uploads\/2024\/07\/antikriegsdemo_berlin_2024-06_01_800x450.jpg?fit=800%2C450&ssl=1","jetpack_shortlink":"https:\/\/wp.me\/p9stpK-53K","jetpack-related-posts":[{"id":459,"url":"https:\/\/www.freidenker.org\/?p=459","url_meta":{"origin":19452,"position":0},"title":"Freidenker zum 75. Jahrestag des faschistischen \u00dcberfalls auf die Sowjetunion","author":"Webmaster","date":"22. Juni 2016","format":false,"excerpt":"Erkl\u00e4rung des Deutschen Freidenker-Verbandes zum 70. Jahrestag des faschistischen \u00dcberfalls auf die Sowjetunion Am 22. Juni 2016 gedenken wir der 27 Millionen Sowjetb\u00fcrger, die beim \u00dcberfall der faschistischen Wehrmacht auf die Sowjetunion ihr Leben verloren. Am 22. Juni 1941 begann der Vernichtungskrieg mit dem Ziel der \u201eAusrottung des Kommunismus f\u00fcr\u2026","rel":"","context":"In &quot;Frieden - Antifaschismus - Solidarit\u00e4t&quot;","block_context":{"text":"Frieden - Antifaschismus - Solidarit\u00e4t","link":"https:\/\/www.freidenker.org\/?cat=13"},"img":{"alt_text":"","src":"https:\/\/i0.wp.com\/www.freidenker.org\/fw17\/wp-content\/uploads\/2016\/08\/CCCP.jpg?fit=800%2C445&ssl=1&resize=350%2C200","width":350,"height":200,"srcset":"https:\/\/i0.wp.com\/www.freidenker.org\/fw17\/wp-content\/uploads\/2016\/08\/CCCP.jpg?fit=800%2C445&ssl=1&resize=350%2C200 1x, https:\/\/i0.wp.com\/www.freidenker.org\/fw17\/wp-content\/uploads\/2016\/08\/CCCP.jpg?fit=800%2C445&ssl=1&resize=525%2C300 1.5x, https:\/\/i0.wp.com\/www.freidenker.org\/fw17\/wp-content\/uploads\/2016\/08\/CCCP.jpg?fit=800%2C445&ssl=1&resize=700%2C400 2x"},"classes":[]},{"id":18593,"url":"https:\/\/www.freidenker.org\/?p=18593","url_meta":{"origin":19452,"position":1},"title":"FREIDENKER 1-24 \u2013 25 Jahre NATO-Aggression gegen Jugoslawien","author":"Webredaktion","date":"24. M\u00e4rz 2024","format":false,"excerpt":"Die Ausgabe 1-24 des Verbandsorgans FREIDENKER hat das Schwerpunkt-Thema \u201e25 Jahre NATO-Aggression gegen Jugoslawien\u201c und enth\u00e4lt u.a. folgende Beitr\u00e4ge: - Die Zerst\u00f6rung der europ\u00e4ischen Friedensordnung - Die Enteignung der Meinungsfreiheit - Deutschland f\u00fchrt wieder Krieg - Rainer Rupp: NATO-Angriffskrieg: Fake News, False Flag - Klaus von Raussendorff: Die Propagandakeule \u201eNationalismus\u201c\u2026","rel":"","context":"In &quot;Verbandsorgan FREIDENKER&quot;","block_context":{"text":"Verbandsorgan FREIDENKER","link":"https:\/\/www.freidenker.org\/?cat=8"},"img":{"alt_text":"","src":"https:\/\/i0.wp.com\/www.freidenker.org\/fw17\/wp-content\/uploads\/2024\/03\/FD_2024-01_Titel_mR.jpg?fit=800%2C445&ssl=1&resize=350%2C200","width":350,"height":200,"srcset":"https:\/\/i0.wp.com\/www.freidenker.org\/fw17\/wp-content\/uploads\/2024\/03\/FD_2024-01_Titel_mR.jpg?fit=800%2C445&ssl=1&resize=350%2C200 1x, https:\/\/i0.wp.com\/www.freidenker.org\/fw17\/wp-content\/uploads\/2024\/03\/FD_2024-01_Titel_mR.jpg?fit=800%2C445&ssl=1&resize=525%2C300 1.5x, https:\/\/i0.wp.com\/www.freidenker.org\/fw17\/wp-content\/uploads\/2024\/03\/FD_2024-01_Titel_mR.jpg?fit=800%2C445&ssl=1&resize=700%2C400 2x"},"classes":[]},{"id":22674,"url":"https:\/\/www.freidenker.org\/?p=22674","url_meta":{"origin":19452,"position":2},"title":"Zum Antikriegstag: DGB weiter auf Kriegskurs &#8211; WIR WIDERSPRECHEN","author":"Webredaktion","date":"29. August 2025","format":false,"excerpt":"Die antimilitaristische organisations\u00fcbergreifende gewerkschaftliche Basisinitiative \u201eSAGT NEIN!\" hat in diesem Jahr der DGB-Erkl\u00e4rung zu den Osterm\u00e4rschen widersprochen und sieht sich nun angesichts des Aufrufes des DGB-Bundesvorstands zum gewerkschaftlichen Antikriegstag in ihrer Haltung best\u00e4tigt. Darin werden erneut Russland, die USA und China zum Gegner erkl\u00e4rt, gegen den es aufzur\u00fcsten gilt. Die\u2026","rel":"","context":"In &quot;Frieden - Antifaschismus - Solidarit\u00e4t&quot;","block_context":{"text":"Frieden - Antifaschismus - Solidarit\u00e4t","link":"https:\/\/www.freidenker.org\/?cat=13"},"img":{"alt_text":"","src":"https:\/\/i0.wp.com\/www.freidenker.org\/fw17\/wp-content\/uploads\/2025\/08\/sagtnein_logo_800x450.jpg?fit=800%2C450&ssl=1&resize=350%2C200","width":350,"height":200,"srcset":"https:\/\/i0.wp.com\/www.freidenker.org\/fw17\/wp-content\/uploads\/2025\/08\/sagtnein_logo_800x450.jpg?fit=800%2C450&ssl=1&resize=350%2C200 1x, https:\/\/i0.wp.com\/www.freidenker.org\/fw17\/wp-content\/uploads\/2025\/08\/sagtnein_logo_800x450.jpg?fit=800%2C450&ssl=1&resize=525%2C300 1.5x, https:\/\/i0.wp.com\/www.freidenker.org\/fw17\/wp-content\/uploads\/2025\/08\/sagtnein_logo_800x450.jpg?fit=800%2C450&ssl=1&resize=700%2C400 2x"},"classes":[]},{"id":5808,"url":"https:\/\/www.freidenker.org\/?p=5808","url_meta":{"origin":19452,"position":3},"title":"Diskussion: 20 Jahre nach dem NATO-\u00dcberfall auf Jugoslawien","author":"Webredaktion","date":"30. Januar 2019","format":false,"excerpt":"Am 16.01.2019 folgten mehr als 65 Interessierte der Einladung der Berliner Freidenker zur Diskussion mit Klaus Hartmann zum Thema \"20 Jahre nach dem NATO-\u00dcberfall auf Jugoslawien \u2013 Die neokoloniale Neuaufteilung der Welt und der Kampf f\u00fcr die multipolare Weltordnung\". Klaus Hartmann wies auf die fr\u00fche Einsch\u00e4tzung der Freidenker in den\u2026","rel":"","context":"In &quot;Frieden - Antifaschismus - Solidarit\u00e4t&quot;","block_context":{"text":"Frieden - Antifaschismus - Solidarit\u00e4t","link":"https:\/\/www.freidenker.org\/?cat=13"},"img":{"alt_text":"","src":"https:\/\/i0.wp.com\/www.freidenker.org\/fw17\/wp-content\/uploads\/2019\/01\/190116_Podium_ND_02.jpg?fit=800%2C445&ssl=1&resize=350%2C200","width":350,"height":200,"srcset":"https:\/\/i0.wp.com\/www.freidenker.org\/fw17\/wp-content\/uploads\/2019\/01\/190116_Podium_ND_02.jpg?fit=800%2C445&ssl=1&resize=350%2C200 1x, https:\/\/i0.wp.com\/www.freidenker.org\/fw17\/wp-content\/uploads\/2019\/01\/190116_Podium_ND_02.jpg?fit=800%2C445&ssl=1&resize=525%2C300 1.5x, https:\/\/i0.wp.com\/www.freidenker.org\/fw17\/wp-content\/uploads\/2019\/01\/190116_Podium_ND_02.jpg?fit=800%2C445&ssl=1&resize=700%2C400 2x"},"classes":[]},{"id":15426,"url":"https:\/\/www.freidenker.org\/?p=15426","url_meta":{"origin":19452,"position":4},"title":"Zum Tod von Bruno Mahlow","author":"Webredaktion","date":"4. M\u00e4rz 2023","format":false,"excerpt":"Unser am 22.02.2023 in Berlin verstorbener Freund Bruno Mahlow war h\u00e4ufig Referent und Diskussionpartner bei Veranstaltungen und Konferenzen des Deutschen Freidenkerverbandes. Wir ver\u00f6ffentlichen hier einen Nachruf von Arnold Sch\u00f6lzel sowie Bruno Mahlows Gegenrede gegen seine Vorladung wegen \u201eBelohnung und Billigung von Straftaten\u201c Bruno Mahlow kam 1937 als Kind kommunistischer Emigranten\u2026","rel":"","context":"In &quot;Frieden - Antifaschismus - Solidarit\u00e4t&quot;","block_context":{"text":"Frieden - Antifaschismus - Solidarit\u00e4t","link":"https:\/\/www.freidenker.org\/?cat=13"},"img":{"alt_text":"","src":"https:\/\/i0.wp.com\/www.freidenker.org\/fw17\/wp-content\/uploads\/2023\/03\/Bruno_Mahlow_uz_800x450.jpg?fit=800%2C450&ssl=1&resize=350%2C200","width":350,"height":200,"srcset":"https:\/\/i0.wp.com\/www.freidenker.org\/fw17\/wp-content\/uploads\/2023\/03\/Bruno_Mahlow_uz_800x450.jpg?fit=800%2C450&ssl=1&resize=350%2C200 1x, https:\/\/i0.wp.com\/www.freidenker.org\/fw17\/wp-content\/uploads\/2023\/03\/Bruno_Mahlow_uz_800x450.jpg?fit=800%2C450&ssl=1&resize=525%2C300 1.5x, https:\/\/i0.wp.com\/www.freidenker.org\/fw17\/wp-content\/uploads\/2023\/03\/Bruno_Mahlow_uz_800x450.jpg?fit=800%2C450&ssl=1&resize=700%2C400 2x"},"classes":[]},{"id":18498,"url":"https:\/\/www.freidenker.org\/?p=18498","url_meta":{"origin":19452,"position":5},"title":"25 Jahre NATO-Aggression gegen Jugoslawien &#8211; Solidarit\u00e4tsreise","author":"Webredaktion","date":"8. M\u00e4rz 2024","format":false,"excerpt":"Solidarit\u00e4tsreise nach Belgrad 21. - 27 M\u00e4rz 2024 Der \u00dcberfall der NATO am 24. M\u00e4rz 1999 und der 78 Tage lange Bombenterror gegen Jugoslawien war nicht nur \u2013 wie wir damals sagten - der \u201eT\u00fcr\u00f6ffnerkrieg\u201c f\u00fcr die kommenden v\u00f6lkerrechtswidrigen Kriege des Aggressionsb\u00fcndnisses. Diese Kriege folgten einer langfristigen Strategie der Umzingelung\u2026","rel":"","context":"In &quot;Frieden - Antifaschismus - Solidarit\u00e4t&quot;","block_context":{"text":"Frieden - Antifaschismus - Solidarit\u00e4t","link":"https:\/\/www.freidenker.org\/?cat=13"},"img":{"alt_text":"","src":"https:\/\/i0.wp.com\/www.freidenker.org\/fw17\/wp-content\/uploads\/2024\/03\/belgrad_34-2019-03-25-1-0881_800x450.jpg?fit=800%2C450&ssl=1&resize=350%2C200","width":350,"height":200,"srcset":"https:\/\/i0.wp.com\/www.freidenker.org\/fw17\/wp-content\/uploads\/2024\/03\/belgrad_34-2019-03-25-1-0881_800x450.jpg?fit=800%2C450&ssl=1&resize=350%2C200 1x, https:\/\/i0.wp.com\/www.freidenker.org\/fw17\/wp-content\/uploads\/2024\/03\/belgrad_34-2019-03-25-1-0881_800x450.jpg?fit=800%2C450&ssl=1&resize=525%2C300 1.5x, https:\/\/i0.wp.com\/www.freidenker.org\/fw17\/wp-content\/uploads\/2024\/03\/belgrad_34-2019-03-25-1-0881_800x450.jpg?fit=800%2C450&ssl=1&resize=700%2C400 2x"},"classes":[]}],"_links":{"self":[{"href":"https:\/\/www.freidenker.org\/index.php?rest_route=\/wp\/v2\/posts\/19452","targetHints":{"allow":["GET"]}}],"collection":[{"href":"https:\/\/www.freidenker.org\/index.php?rest_route=\/wp\/v2\/posts"}],"about":[{"href":"https:\/\/www.freidenker.org\/index.php?rest_route=\/wp\/v2\/types\/post"}],"author":[{"embeddable":true,"href":"https:\/\/www.freidenker.org\/index.php?rest_route=\/wp\/v2\/users\/3"}],"replies":[{"embeddable":true,"href":"https:\/\/www.freidenker.org\/index.php?rest_route=%2Fwp%2Fv2%2Fcomments&post=19452"}],"version-history":[{"count":0,"href":"https:\/\/www.freidenker.org\/index.php?rest_route=\/wp\/v2\/posts\/19452\/revisions"}],"wp:featuredmedia":[{"embeddable":true,"href":"https:\/\/www.freidenker.org\/index.php?rest_route=\/wp\/v2\/media\/19455"}],"wp:attachment":[{"href":"https:\/\/www.freidenker.org\/index.php?rest_route=%2Fwp%2Fv2%2Fmedia&parent=19452"}],"wp:term":[{"taxonomy":"category","embeddable":true,"href":"https:\/\/www.freidenker.org\/index.php?rest_route=%2Fwp%2Fv2%2Fcategories&post=19452"},{"taxonomy":"post_tag","embeddable":true,"href":"https:\/\/www.freidenker.org\/index.php?rest_route=%2Fwp%2Fv2%2Ftags&post=19452"}],"curies":[{"name":"wp","href":"https:\/\/api.w.org\/{rel}","templated":true}]}}