{"id":19443,"date":"2024-07-03T00:51:30","date_gmt":"2024-07-02T22:51:30","guid":{"rendered":"https:\/\/www.freidenker.org\/?p=19443"},"modified":"2024-08-14T23:35:03","modified_gmt":"2024-08-14T21:35:03","slug":"wenn-ein-deutscher-nicht-binaerer-schlaeger-versehentlich-in-ungarn-landet","status":"publish","type":"post","link":"https:\/\/www.freidenker.org\/?p=19443","title":{"rendered":"Wenn ein deutscher &#8222;nicht-bin\u00e4rer&#8220; Schl\u00e4ger versehentlich in Ungarn landet"},"content":{"rendered":"<p><strong>Mal sehen, was aus dieser Geschichte noch alles herausgeholt werden wird. Bestimmt ganz viel &#8222;Ungarn ist b\u00f6se&#8220;. In Wirklichkeit ist aber das, was hier als &#8222;Antifaschismus&#8220; verkauft wird, eher ein Grund zum Sch\u00e4men. Gleich, ob M\u00e4dchen oder Kerl. <\/strong><\/p>\n<p><em>Von <strong>Dagmar Henn<\/strong><\/em><\/p>\n<p><span style=\"font-size: 10pt;\">Erstver\u00f6ffentlichung am 29.06.2024 auf <a href=\"https:\/\/freedert.online\/meinung\/210708-wenn-deutscher-nicht-binaerer-schlaeger-in-ungarn-landet\/\" target=\"_blank\" rel=\"noopener\">RT DE<\/a><\/span><\/p>\n<p>Eigentlich ist das, was aktuell geschehen ist, eher eine Farce: Da gibt es aus Ungarn einen Auslieferungsantrag gegen eine Deutsche (wobei die besagte Person, das betonen alle Presseberichte, &#8222;nicht-bin\u00e4r&#8220; sein soll, also ebenso gut m\u00e4nnlich sein kann) und das Berliner Kammergericht entscheidet, dass die Auslieferung zul\u00e4ssig ist. Die Anw\u00e4lte stellen einen Eilantrag beim Verfassungsgericht, um die Auslieferung zu verhindern, aber als um 11 Uhr die Entscheidung ergeht, die Auslieferung sei unzul\u00e4ssig, befindet sich besagte Person bereits seit einer Stunde in den H\u00e4nden der ungarischen Beh\u00f6rden \u2013 was in den deutschen Medien mit viel Emp\u00f6rung quittiert wird.<\/p>\n<p>Dahinter wird die Sache aber kompliziert. Der Vorwurf gegen Maja T. lautet, im vergangenen Jahr an \u00dcberf\u00e4llen in Budapest beteiligt gewesen zu sein, bei denen mehrere Personen schwer verletzt wurden. Die \u00dcberfallenen sollen Teilnehmer eines &#8222;Tages der Ehre&#8220; in Budapest gewesen sein, weshalb die <em>taz<\/em> beispielsweise von einer &#8222;Auslieferung von Antifaschistin&#8220; <a href=\"https:\/\/taz.de\/Auslieferung-von-Antifaschistin\/!6020213\/\" target=\"_blank\" rel=\"noopener noreferrer\">schreibt<\/a>. Tats\u00e4chlich ist der &#8222;Tag der Ehre&#8220; eine ziemlich widerliche Veranstaltung, und die Opfer des \u00dcberfalls, soweit sie bekannt sind, sind ebenfalls nicht gerade Sympathietr\u00e4ger. (Allerdings schreibt das <em>Neue Deutschland <\/em>(ND), das den \u00dcberfallenden sehr gewogen ist, &#8222;die Staatsanwaltschaft stellt einige der Opfer als Wanderer und Touristen dar, ein Bericht auf <em>Indymedia<\/em> hat diese Behauptung jedoch in mehreren F\u00e4llen widerlegt&#8220;, was dem aufmerksamen Leser signalisiert, dass auch v\u00f6llig Unschuldige unter den Opfern gewesen sein k\u00f6nnen).<\/p>\n<p>Dieser &#8222;Tag der Ehre&#8220; ist eine Veranstaltung, bei der Neonazis aus vielen europ\u00e4ischen L\u00e4ndern an einen Ausbruchsversuch im Februar 1945 erinnern, den Waffen-SS, Wehrmacht und ungarische Nazikollaborateure unternommen hatten. Besagte Maja T. war nach Budapest gereist, um gegen diese Veranstaltung zu protestieren, aber offenbar wohl auch, um gegen die Teilnehmer Gewalt auszu\u00fcben. Im <a href=\"https:\/\/www.nd-aktuell.de\/artikel\/1179966.antifa-prozess-bundesregierung-hat-kein-problem-mit-haftbedingungen-in-ungarn.html\" target=\"_blank\" rel=\"noopener noreferrer\">Bericht<\/a> des <em>ND<\/em> vom M\u00e4rz ist immerhin von &#8222;Schlagwerkzeugen&#8220; die Rede, was Planung zumindest nahelegt.<\/p>\n<p>Schwierig wird es allerdings, wenn man etwas mehr in die Details geht. Warum zieht es Maja T. und ihre Kumpane ausgerechnet nach Ungarn? Diese Veranstaltung ist bei weitem nicht die einzige, in der Nazis geehrt werden; sie m\u00fcsste nicht einmal nach Lwow fahren, Estland oder Litauen haben Derartiges auch zu bieten. Es gibt jedoch einen entscheidenden Unterschied \u2013 an all diesen Orten w\u00e4re es weitaus schwieriger, mal eben einen der Gegner zusammenzuschlagen, weil dort diese Veranstaltungen nicht nur mit Billigung, sondern sogar unter Beteiligung der jeweiligen Regierung stattfinden.<\/p>\n<p>Das ist in Budapest nicht der Fall. Im Gegenteil, Kundgebungen in der Innenstadt wurden verboten. Das <em>ND<\/em> r\u00fcgt nat\u00fcrlich, dass die Polizei dennoch nicht eingegriffen habe, als Nazisymbolik offen gezeigt wurde. Aber das hat grunds\u00e4tzlich keine andere Qualit\u00e4t als irgendwelche Neonazitreffen in Deutschland, im Gegensatz zu Veranstaltungen, die mit dem Segen der Regierungen stattfinden.<\/p>\n<p>Es ist g\u00e4nzlich unm\u00f6glich, zu behaupten, dieses Treffen in Ungarn sei das Schlimmste, oder auch nur ann\u00e4hernd das Schlimmste, was an Derartigem in Europa geboten wird. Nicht nur, dass der Wunsch, seine Ablehnung dieser Gesinnung mit dem Pr\u00fcgel auszuleben, problemlos in Deutschland selbst erf\u00fcllt werden kann (bereits ohne das inzwischen ebenfalls reichlich importierte ukrainische komplement\u00e4re Angebot einzubeziehen), und es politisch doch eher angebracht w\u00e4re, an jenen Orten zu protestieren, an denen die Obrigkeit ein Faible f\u00fcr die Waffen-SS hegt. Es bleibt ein sehr eigenartiger Geschmack bei diesem Reiseprotest, der weniger nach Solidarit\u00e4t und mehr nach ziemlichen Rabaukentum schmeckt.<\/p>\n<p>Auch wenn die heutige, politisch ziemlich orientierungslose Antifa so etwas f\u00fcr gerechtfertigt h\u00e4lt \u2013 historisch gesehen ging es immer um den Schutz des Eigenen, um Abwehr von \u00dcbergriffen auf eigene Veranstaltungen oder \u00dcbergriffen auf eigenes Gebiet. Weil genau dieser Punkt die Trennlinie zwischen politisch begr\u00fcndeter Gewalt und der Gewalt um der Gewalt willen darstellt. Tausend Kilometer zu fahren, um in einem anderen Land einem Nazi die Fresse zu polieren, nicht, weil andere durch ihn gef\u00e4hrdet sind, sondern nur, weil einem danach ist, ist schon eine seltsame Einstellung. Keiner der Berichte \u00fcber den Vorfall beinhaltet auch nur die Andeutung, dass es dabei darum gegangen w\u00e4re, andere zu sch\u00fctzen, oder dass es Selbstverteidigung war. Es wird nicht in Abrede gestellt, dass die &#8222;Linksradikalen&#8220; die Angreifer waren.<\/p>\n<p>Wenn es besagter Maja T., aus welchem Grund auch immer, darum gegangen w\u00e4re, mit maximaler H\u00e4rte gegen jene vorzugehen, die den Nazismus verherrlichen \u2013 nun, wo sich die Asow-Truppen an der Front befinden \u2013 ist den Meisten bekannt, dass sich mit ein bisschen Geschick jederzeit die M\u00f6glichkeit h\u00e4tte finden k\u00f6nnen, die Feinde ernsthaft zu bek\u00e4mpfen.<\/p>\n<p>Aber wir reden hier von der deutschen Antifa und dieser \u00dcberfall folgte einigen Zusatzkriterien. Dummerweise sind n\u00e4mlich gerade die L\u00e4nder, in denen solche Aufm\u00e4rsche Regierungsveranstaltungen sind, die allerengsten Verb\u00fcndeten der Vereinigten Staaten, die f\u00fcr die Antideutschen ja neben Israel den Inbegriff des Guten darstellen. Also d\u00fcrfen diese Veranstaltungen in Estland, Litauen oder gar der Ukraine nicht angegriffen werden. Ungarn hat jedoch den Vorteil, dass es ohnehin nicht linientreu ist, und damit die nachvollziehbare staatliche Reaktion, die schlicht darauf beruht, dass man nicht einfach so mal Menschen zusammenschl\u00e4gt (nicht einmal schlechte Menschen), als Verfolgung einer braven deutschen Antifaschistin durch den b\u00f6sen ungarischen Staat dargestellt und bei der Gelegenheit Ungarn unterstellt werden kann, es nehme die Seite der Neonazis ein.<\/p>\n<p>Was, wie bereits erw\u00e4hnt, faktisch falsch ist. Noch h\u00fcbscher wird die ganze Geschichte dadurch, dass sich besagte Maja T. als &#8222;nicht-bin\u00e4r&#8220; klassifiziert, und daraus dann der Anspruch abgeleitet wird, sie bed\u00fcrfe einer besonders schonenden Behandlung. Was schon bizarr ist, denn jemand, der mit &#8222;Schlagwerkzeug&#8220; jemand anderen schwer verletzt hat, m\u00fcsste im Grunde bereit sein, ebenso viel einzustecken wie auszuteilen. Das war zumindest einmal die Regel, selbst bei Schulhofpr\u00fcgeleien. Aber schon die Selbstbezeichnung als &#8222;nicht-bin\u00e4r&#8220; legt nahe, dass es hier um ein verirrtes B\u00fcrgerkind geht, das den Anspruch, als etwas Besseres gesehen zu werden, gleichsam automatisch eingebaut hat.<\/p>\n<p>&#8222;Die Zellen in Ungarn sind bekanntlich \u00fcberf\u00fcllt, schmutzig und ohne nat\u00fcrliches Licht&#8220;, stand in einer <a href=\"https:\/\/de.indymedia.org\/node\/288147\" target=\"_blank\" rel=\"noopener noreferrer\">Erkl\u00e4rung<\/a> zu einer Kundgebung zur &#8222;Solidarit\u00e4t mit den Budapest-Antifas&#8220; vor wenigen Tagen. Die <em>taz<\/em> zitiert den Anwalt der Beschuldigten, die Haftbedingungen in dem Land seien &#8222;nicht menschenrechtskonform, insbesondere f\u00fcr non-bin\u00e4re Menschen&#8220;. Auch in dem alten Bericht des <em>ND<\/em> wird dar\u00fcber geklagt, dass es in ungarischen Gef\u00e4ngnissen Bettwanzen und Kakerlaken gebe.<\/p>\n<p>Mindestens das mit den Kakerlaken m\u00fcssten \u00e4ltere deutsche Haftanstalten auch problemlos schaffen. Aber die Haltung, die sich dahinter verbirgt, ist durchaus interessant. Klar, dass in L\u00e4ndern, die \u00e4rmer sind als Deutschland, auch die Ausstattung von Haftanstalten anders aussieht. Doch, ganz ehrlich \u2013 wer Wert auf deutsche Haftbedingungen legt, soll dann eben nicht andernorts herumschl\u00e4gern. Nebenbei, die Presseerkl\u00e4rung des Bundesverfassungsgerichts <a href=\"https:\/\/www.bundesverfassungsgericht.de\/SharedDocs\/Pressemitteilungen\/DE\/2024\/bvg24-055.html;jsessionid=3A26A055161A3B68C9157A805A96F945.internet982\" target=\"_blank\" rel=\"noopener noreferrer\">spricht<\/a> durchgehend von &#8222;er&#8220;. Die Wahrscheinlichkeit ist also hoch, dass hinter &#8222;Maja T.&#8220; in Wirklichkeit ein Kerl steckt, der nun vermutlich gerne in einer Frauenhaftanstalt landen w\u00fcrde. Weder in Deutschland noch in Ungarn ist davon auszugehen, dass die dort inhaftierten Frauen \u00fcber die Anwesenheit eines derartigen Schl\u00e4gers begeistert sind.<\/p>\n<p>Es geht also um einen 23-j\u00e4hrigen Kerl, der mit einer schwachen politischen Rechtfertigung, im Ausland herumgeschl\u00e4gert hat wie ein britischer Hooligan beim Ausw\u00e4rtsspiel seiner Nationalmannschaft, aber den Anspruch erhebt, das aus edlen politischen Motiven getan zu haben und auch noch einfordert, wie ein M\u00e4dchen behandelt zu werden. Wie ein deutsches M\u00e4dchen, nebenbei, denn so antinational sich diese Antifas geben, die Hackordnung des Westens haben sie tief verinnerlicht. Und wo k\u00e4me man da hin, wenn solch ein Edeldeutscher in einer Halbkolonie wie Ungarn vor Gericht m\u00fcsste?<\/p>\n<p>Die ungarischen Beh\u00f6rden haben \u00fcbrigens nicht einmal die Absicht, er\/sie\/es dauerhaft zu behalten; es geht ihnen vor allem darum, den Prozess in Ungarn durchzuf\u00fchren. Was nachvollziehbar ist, denn es handelt sich eben, nebenbei auch um politische \u00dcbergriffe von Deutschen in Ungarn. Dass die Opfer dieses \u00dcbergriffs wom\u00f6glich selbst keine Unschuldsl\u00e4mmer waren, \u00e4ndert an dieser Qualit\u00e4t nichts und ist auch kein Grund, dass sich deutsche Beh\u00f6rden sch\u00fctzend vor den Schl\u00e4ger werfen sollten, die in diesem Fall genauso wenig Gesp\u00fcr f\u00fcr den Respekt vor der Souver\u00e4nit\u00e4t eines anderen Landes zeigen wie der T\u00e4ter selbst.<\/p>\n<p>Vermutlich wird die ganze Geschichte jetzt zum Anlass, um wieder eine Runde lang Ungarn in den d\u00fcstersten Farben zu malen. Weil das gerade in die Regierungslinie passt, k\u00f6nnten ganz viele deutsche Akteure pl\u00f6tzlich ihre Zuneigung zu diesem Pseudo-Antifaschisten entdecken und bei der Gelegenheit mindestens so ausdauernd dar\u00fcber klagen, wie entsetzlich doch dieser Neonaziaufmarsch in Ungarn ist, wie sie ansonsten \u00fcber die regierungsseitige SS-Verherrlichung in Estland, Litauen und gar erst in der Ukraine schweigen. Nun, Ungarn wird das \u00fcberstehen. Schlimm ist nur, dass dieses sch\u00e4bige Hooligan-Verhalten gekoppelt mit Weinerlichkeit bei vielen Deutschen dann als Antifaschismus gilt. Was das Andenken an Zehntausende ehrlicher Antifaschisten, die im Kampf gegen den Nazismus in Deutschland und f\u00fcr Deutschland ihr Leben gegeben haben, in den Schmutz zieht.<\/p>\n<p style=\"text-align: right;\"><em>Dagmar Henn ist Mitglied des Deutschen Freidenker-Verbandes<\/em><\/p>\n<hr \/>\n<p><span style=\"font-size: 10pt;\">Bild oben: <a href=\"https:\/\/pixabay.com\/de\/illustrations\/generative-ki-hintergrund-aufstand-8400311\/\" target=\"_blank\" rel=\"noopener\">pixabay.com<\/a> \/ <a class=\"userName--owby3\" href=\"https:\/\/pixabay.com\/de\/users\/deeznutz1-3086161\/\" target=\"_blank\" rel=\"noopener\">deeznutz1<\/a> \/ <a href=\"https:\/\/pixabay.com\/de\/service\/license-summary\/\" target=\"_blank\" rel=\"noopener\">Inhaltslizenz<\/a><\/span><\/p>\n","protected":false},"excerpt":{"rendered":"<p><b>Beitrag von Dagmar Henn<\/b><br \/>\nEigentlich ist das, was aktuell geschehen ist, eher eine Farce: Da gibt es aus Ungarn einen Auslieferungsantrag gegen eine Deutsche (wobei die besagte Person, das betonen alle Presseberichte, &#8222;nicht-bin\u00e4r&#8220; sein soll, also ebenso gut m\u00e4nnlich sein kann) und das Berliner Kammergericht entscheidet, dass die Auslieferung zul\u00e4ssig ist. Die Anw\u00e4lte stellen einen Eilantrag beim Verfassungsgericht, um die Auslieferung zu verhindern, aber als um 11 Uhr die Entscheidung ergeht, die Auslieferung sei unzul\u00e4ssig, befindet sich besagte Person bereits seit einer Stunde in den H\u00e4nden der ungarischen Beh\u00f6rden \u2013 was in den deutschen Medien mit viel Emp\u00f6rung quittiert wird. Dahinter wird die Sache aber kompliziert. Der Vorwurf gegen Maja T. lautet, im vergangenen Jahr an \u00dcberf\u00e4llen in Budapest beteiligt gewesen zu sein, bei denen mehrere Personen schwer verletzt wurden.<\/p>\n","protected":false},"author":3,"featured_media":19445,"comment_status":"closed","ping_status":"closed","sticky":false,"template":"","format":"standard","meta":{"colormag_page_container_layout":"default_layout","colormag_page_sidebar_layout":"default_layout","advanced_seo_description":"","jetpack_seo_html_title":"","jetpack_seo_noindex":false,"jetpack_post_was_ever_published":false,"footnotes":""},"categories":[12],"tags":[348,1918,2240,452,1861,1644,1062,1994,1292],"class_list":["post-19443","post","type-post","status-publish","format-standard","has-post-thumbnail","hentry","category-demokratie-medien-aufklaerung","tag-antifa","tag-auslieferung","tag-budapest","tag-deutschland","tag-geschlechter","tag-gewalt","tag-linksradikalismus","tag-neonazismus","tag-ungarn"],"jetpack_featured_media_url":"https:\/\/i0.wp.com\/www.freidenker.org\/fw17\/wp-content\/uploads\/2024\/07\/gewalt_generative-ai-8400311_800x450.jpg?fit=800%2C450&ssl=1","jetpack_shortlink":"https:\/\/wp.me\/p9stpK-53B","jetpack-related-posts":[{"id":22307,"url":"https:\/\/www.freidenker.org\/?p=22307","url_meta":{"origin":19443,"position":0},"title":"Ob Simeon oder Maja \u2013 auf jeden Fall ein falscher Held","author":"Webredaktion","date":"7. Juli 2025","format":false,"excerpt":"Beitrag von Dagmar Henn Jetzt wird also ein brutaler Schl\u00e4ger, der sich aus Furcht vor Seinesgleichen vor der Haft zum M\u00e4dchen erkl\u00e4rte, auch noch breit zum Helden stilisiert. Und als \"Antifaschist\" gepriesen, den man vor Verfolgung sch\u00fctzen m\u00fcsse. Und unbedingt aus Ungarn zur\u00fcckholen. Wiederholen wir noch einmal die Fakten: Eine\u2026","rel":"","context":"In &quot;Frieden - Antifaschismus - Solidarit\u00e4t&quot;","block_context":{"text":"Frieden - Antifaschismus - Solidarit\u00e4t","link":"https:\/\/www.freidenker.org\/?cat=13"},"img":{"alt_text":"","src":"https:\/\/i0.wp.com\/www.freidenker.org\/fw17\/wp-content\/uploads\/2025\/07\/antifa_ist_notwendig_free-maja_800x450.jpg?fit=800%2C450&ssl=1&resize=350%2C200","width":350,"height":200,"srcset":"https:\/\/i0.wp.com\/www.freidenker.org\/fw17\/wp-content\/uploads\/2025\/07\/antifa_ist_notwendig_free-maja_800x450.jpg?fit=800%2C450&ssl=1&resize=350%2C200 1x, https:\/\/i0.wp.com\/www.freidenker.org\/fw17\/wp-content\/uploads\/2025\/07\/antifa_ist_notwendig_free-maja_800x450.jpg?fit=800%2C450&ssl=1&resize=525%2C300 1.5x, https:\/\/i0.wp.com\/www.freidenker.org\/fw17\/wp-content\/uploads\/2025\/07\/antifa_ist_notwendig_free-maja_800x450.jpg?fit=800%2C450&ssl=1&resize=700%2C400 2x"},"classes":[]},{"id":8203,"url":"https:\/\/www.freidenker.org\/?p=8203","url_meta":{"origin":19443,"position":1},"title":"Viktor Orb\u00e1n: Ungarn zuerst! \u2013 Konzeptionelle Hintergr\u00fcnde seiner Politik","author":"Webredaktion","date":"14. Juni 2020","format":false,"excerpt":"Beitrag von Prof. Dr. Anton Latzo Unter Pr\u00e4sident Viktor Orb\u00e1n vollzieht Ungarn eine politische Neuausrichtung. Ohne sich vom Westen abzukoppeln, will Orb\u00e1n engere Beziehungen zu Russland und China. Dagegen stemmt sich Deutschland mit seinem wirtschaftlichen Einfluss. In den vergangenen 30 Jahren haben in Ungarn vor allem zwei politische Kr\u00e4ftegruppierungen die\u2026","rel":"","context":"In &quot;Frieden - Antifaschismus - Solidarit\u00e4t&quot;","block_context":{"text":"Frieden - Antifaschismus - Solidarit\u00e4t","link":"https:\/\/www.freidenker.org\/?cat=13"},"img":{"alt_text":"","src":"https:\/\/i0.wp.com\/www.freidenker.org\/fw17\/wp-content\/uploads\/2020\/06\/orban_putin_v2_800x450.jpg?fit=800%2C450&ssl=1&resize=350%2C200","width":350,"height":200,"srcset":"https:\/\/i0.wp.com\/www.freidenker.org\/fw17\/wp-content\/uploads\/2020\/06\/orban_putin_v2_800x450.jpg?fit=800%2C450&ssl=1&resize=350%2C200 1x, https:\/\/i0.wp.com\/www.freidenker.org\/fw17\/wp-content\/uploads\/2020\/06\/orban_putin_v2_800x450.jpg?fit=800%2C450&ssl=1&resize=525%2C300 1.5x, https:\/\/i0.wp.com\/www.freidenker.org\/fw17\/wp-content\/uploads\/2020\/06\/orban_putin_v2_800x450.jpg?fit=800%2C450&ssl=1&resize=700%2C400 2x"},"classes":[]},{"id":24460,"url":"https:\/\/www.freidenker.org\/?p=24460","url_meta":{"origin":19443,"position":2},"title":"Wie der Spiegel die ukrainische \u00d6lblockade Ungarns und der Slowakei vertuscht","author":"Webredaktion","date":"21. Februar 2026","format":false,"excerpt":"Beitrag von Anti-Spiegel (d.i. Thomas R\u00f6per) Die Ukraine hat die Lieferungen von russischem \u00d6l nach Ungarn und damit auch in die Slowakei eingestellt, um vor den Wahlen in Ungarn eine Krise herbeizuf\u00fchren, wobei Kiew von der EU unterst\u00fctzt wird. Der Spiegel verschweigt die Zusammenh\u00e4nge und suggeriert, Russland sei an allem\u2026","rel":"","context":"In &quot;Demokratie \u2013 Medien \u2013 Aufkl\u00e4rung&quot;","block_context":{"text":"Demokratie \u2013 Medien \u2013 Aufkl\u00e4rung","link":"https:\/\/www.freidenker.org\/?cat=12"},"img":{"alt_text":"","src":"https:\/\/i0.wp.com\/www.freidenker.org\/fw17\/wp-content\/uploads\/2026\/02\/Mazir-Druzsba_800x450.jpg?fit=800%2C450&ssl=1&resize=350%2C200","width":350,"height":200,"srcset":"https:\/\/i0.wp.com\/www.freidenker.org\/fw17\/wp-content\/uploads\/2026\/02\/Mazir-Druzsba_800x450.jpg?fit=800%2C450&ssl=1&resize=350%2C200 1x, https:\/\/i0.wp.com\/www.freidenker.org\/fw17\/wp-content\/uploads\/2026\/02\/Mazir-Druzsba_800x450.jpg?fit=800%2C450&ssl=1&resize=525%2C300 1.5x, https:\/\/i0.wp.com\/www.freidenker.org\/fw17\/wp-content\/uploads\/2026\/02\/Mazir-Druzsba_800x450.jpg?fit=800%2C450&ssl=1&resize=700%2C400 2x"},"classes":[]},{"id":17321,"url":"https:\/\/www.freidenker.org\/?p=17321","url_meta":{"origin":19443,"position":3},"title":"Droht Ungarn eine Farbrevolution?","author":"Webredaktion","date":"24. Oktober 2023","format":false,"excerpt":"Beitrag von Dagmar Henn Seit dem Treffen des ungarischen Ministerpr\u00e4sidenten Viktor Orb\u00e1n erschienen eine Reihe von Artikeln, in denen betont wird, wie verwerflich diese Begegnung doch gewesen sei. Die Vorhaltungen sind dabei irgendwo zwischen zynisch und komisch, wenn man die aktuelle Weltlage mit in Blick nimmt, aber sie sind vor\u2026","rel":"","context":"In &quot;Demokratie \u2013 Medien \u2013 Aufkl\u00e4rung&quot;","block_context":{"text":"Demokratie \u2013 Medien \u2013 Aufkl\u00e4rung","link":"https:\/\/www.freidenker.org\/?cat=12"},"img":{"alt_text":"","src":"https:\/\/i0.wp.com\/www.freidenker.org\/fw17\/wp-content\/uploads\/2023\/10\/Vladimir_Putin_and_Viktor_Orban_2017-08-28_800x450.jpg?fit=800%2C450&ssl=1&resize=350%2C200","width":350,"height":200,"srcset":"https:\/\/i0.wp.com\/www.freidenker.org\/fw17\/wp-content\/uploads\/2023\/10\/Vladimir_Putin_and_Viktor_Orban_2017-08-28_800x450.jpg?fit=800%2C450&ssl=1&resize=350%2C200 1x, https:\/\/i0.wp.com\/www.freidenker.org\/fw17\/wp-content\/uploads\/2023\/10\/Vladimir_Putin_and_Viktor_Orban_2017-08-28_800x450.jpg?fit=800%2C450&ssl=1&resize=525%2C300 1.5x, https:\/\/i0.wp.com\/www.freidenker.org\/fw17\/wp-content\/uploads\/2023\/10\/Vladimir_Putin_and_Viktor_Orban_2017-08-28_800x450.jpg?fit=800%2C450&ssl=1&resize=700%2C400 2x"},"classes":[]},{"id":24906,"url":"https:\/\/www.freidenker.org\/?p=24906","url_meta":{"origin":19443,"position":4},"title":"Orban wankte \u2013 und fiel","author":"Webredaktion","date":"18. April 2026","format":false,"excerpt":"Ungarn hat gew\u00e4hlt. Viele hoffen, dass die EU ihre Probleme l\u00f6st \u2013 ein m\u00f6glicher Irrtum Ein Kommentar von Tilo Gr\u00e4ser \u201eOrban wankt\u201c habe ich im Juni vergangenen Jahres nach einem meiner Aufenthalte in Ungarn geschrieben. In dem Beitrag habe ich auf eine Stimmung in dem Land an Donau und Thei\u00df\u2026","rel":"","context":"In &quot;Aktuelles&quot;","block_context":{"text":"Aktuelles","link":"https:\/\/www.freidenker.org\/?cat=574"},"img":{"alt_text":"","src":"https:\/\/i0.wp.com\/www.freidenker.org\/fw17\/wp-content\/uploads\/2026\/04\/1280px-Viktor_Orban_2025.06.26_03_800x450.jpg?fit=800%2C450&ssl=1&resize=350%2C200","width":350,"height":200,"srcset":"https:\/\/i0.wp.com\/www.freidenker.org\/fw17\/wp-content\/uploads\/2026\/04\/1280px-Viktor_Orban_2025.06.26_03_800x450.jpg?fit=800%2C450&ssl=1&resize=350%2C200 1x, https:\/\/i0.wp.com\/www.freidenker.org\/fw17\/wp-content\/uploads\/2026\/04\/1280px-Viktor_Orban_2025.06.26_03_800x450.jpg?fit=800%2C450&ssl=1&resize=525%2C300 1.5x, https:\/\/i0.wp.com\/www.freidenker.org\/fw17\/wp-content\/uploads\/2026\/04\/1280px-Viktor_Orban_2025.06.26_03_800x450.jpg?fit=800%2C450&ssl=1&resize=700%2C400 2x"},"classes":[]},{"id":18646,"url":"https:\/\/www.freidenker.org\/?p=18646","url_meta":{"origin":19443,"position":5},"title":"Warum Macron so auf Odessa fixiert ist","author":"Webredaktion","date":"31. M\u00e4rz 2024","format":false,"excerpt":"Von Dagmar Henn Bei den schwankenden \u00c4u\u00dferungen des franz\u00f6sischen Pr\u00e4sidenten Emmanuel Macron sticht ein Detail\u00a0ins Auge \u2013 immer wieder taucht Odessa auf. Nicht Kiew, nicht Charkow, nein, es scheint eine Befreiung Odessas zu sein, die um jeden Preis verhindert werden m\u00fcsse. \u00dcbrigens schreibe ich in diesem Fall ganz absichtlich explizit\u2026","rel":"","context":"In &quot;Demokratie \u2013 Medien \u2013 Aufkl\u00e4rung&quot;","block_context":{"text":"Demokratie \u2013 Medien \u2013 Aufkl\u00e4rung","link":"https:\/\/www.freidenker.org\/?cat=12"},"img":{"alt_text":"","src":"https:\/\/i0.wp.com\/www.freidenker.org\/fw17\/wp-content\/uploads\/2024\/03\/Emmanuel_Macron_-_51830991330_800x450.jpg?fit=800%2C450&ssl=1&resize=350%2C200","width":350,"height":200,"srcset":"https:\/\/i0.wp.com\/www.freidenker.org\/fw17\/wp-content\/uploads\/2024\/03\/Emmanuel_Macron_-_51830991330_800x450.jpg?fit=800%2C450&ssl=1&resize=350%2C200 1x, https:\/\/i0.wp.com\/www.freidenker.org\/fw17\/wp-content\/uploads\/2024\/03\/Emmanuel_Macron_-_51830991330_800x450.jpg?fit=800%2C450&ssl=1&resize=525%2C300 1.5x, https:\/\/i0.wp.com\/www.freidenker.org\/fw17\/wp-content\/uploads\/2024\/03\/Emmanuel_Macron_-_51830991330_800x450.jpg?fit=800%2C450&ssl=1&resize=700%2C400 2x"},"classes":[]}],"_links":{"self":[{"href":"https:\/\/www.freidenker.org\/index.php?rest_route=\/wp\/v2\/posts\/19443","targetHints":{"allow":["GET"]}}],"collection":[{"href":"https:\/\/www.freidenker.org\/index.php?rest_route=\/wp\/v2\/posts"}],"about":[{"href":"https:\/\/www.freidenker.org\/index.php?rest_route=\/wp\/v2\/types\/post"}],"author":[{"embeddable":true,"href":"https:\/\/www.freidenker.org\/index.php?rest_route=\/wp\/v2\/users\/3"}],"replies":[{"embeddable":true,"href":"https:\/\/www.freidenker.org\/index.php?rest_route=%2Fwp%2Fv2%2Fcomments&post=19443"}],"version-history":[{"count":0,"href":"https:\/\/www.freidenker.org\/index.php?rest_route=\/wp\/v2\/posts\/19443\/revisions"}],"wp:featuredmedia":[{"embeddable":true,"href":"https:\/\/www.freidenker.org\/index.php?rest_route=\/wp\/v2\/media\/19445"}],"wp:attachment":[{"href":"https:\/\/www.freidenker.org\/index.php?rest_route=%2Fwp%2Fv2%2Fmedia&parent=19443"}],"wp:term":[{"taxonomy":"category","embeddable":true,"href":"https:\/\/www.freidenker.org\/index.php?rest_route=%2Fwp%2Fv2%2Fcategories&post=19443"},{"taxonomy":"post_tag","embeddable":true,"href":"https:\/\/www.freidenker.org\/index.php?rest_route=%2Fwp%2Fv2%2Ftags&post=19443"}],"curies":[{"name":"wp","href":"https:\/\/api.w.org\/{rel}","templated":true}]}}