{"id":19405,"date":"2024-07-01T21:23:06","date_gmt":"2024-07-01T19:23:06","guid":{"rendered":"https:\/\/www.freidenker.org\/?p=19405"},"modified":"2025-07-04T03:07:59","modified_gmt":"2025-07-04T01:07:59","slug":"freidenker-2-24-protestbewegungen-strategien-der-zersetzung-und-spaltung","status":"publish","type":"post","link":"https:\/\/www.freidenker.org\/?p=19405","title":{"rendered":"FREIDENKER 2-24 \u2013 Protestbewegungen: Strategien der Zersetzung und Spaltung"},"content":{"rendered":"<p>FREIDENKER Nr. 2-24, Juni 2024, 83. Jahrgang<\/p>\n<h4>Protestbewegungen: Strategien der Zersetzung und Spaltung <strong>und was dagegen zu tun ist<\/strong><\/h4>\n<p><strong>Editorial<\/strong><\/p>\n<p>Liebe Leserin, lieber Leser,<\/p>\n<p>als George Orwell in seinem dystopischen Roman \u201e1984\u201c die Losungen \u201eKrieg ist Frie\u00adden. Unwissenheit ist Macht\u201c proklamierte, ahnte er wahrscheinlich nicht, wie viel weiter wir heute schon gekommen sind.<\/p>\n<p>Auf ihren EU-Wahlplakaten verspricht die SPD ausgerechnet \u201eFrieden\u201c, was nach der \u201eZeitenwende\u201c in Deutschland, das \u201ewieder kriegst\u00fcchtig\u201c werden muss, ein starkes St\u00fcck ist, unglaublich. Die SPD plakatiert auch \u201ege\u00adgen Hass und Hetze\u201c, nachdem ihre Vorsit\u00adzende Esken die Kritiker der \u201eCorona-Ma\u00df\u00adnahmen\u201c als \u201eCovidioten\u201c beschimpft hat.<\/p>\n<p>Getrieben von der R\u00e4uberpistole einer \u201eRe\u00adcherchenetzwerk\u201c genannten Bande gehen Zehntausende \u201ef\u00fcr Demokratie\u201c auf die Stra\u00dfe, w\u00e4hrend sie in den letzten Jahren des Grundrechteentzugs wie befohlen zu Hause geblieben sind. Sie finden auch nichts dabei, dies Seit an Seit mit Baerbock und Lindner zu tun, die als Demokraten noch nie auff\u00e4llig wurden, und das Lob von Scholz macht sie auch nicht stutzig. Der Inlandsgeheimdienst mit dem Marketingnamen \u201eVerfassungs\u00adschutz\u201c stimmt in die Lobeshymnen auf die \u201eDemokraten\u201c ein, und sieht sich auch zu immer offenerer Einmischung in den politi\u00adschen Disput veranlasst.<\/p>\n<p>Die Bundeswehr, gem\u00e4\u00df Grundgesetz f\u00fcr die Landesverteidigung zust\u00e4ndig (und nur daf\u00fcr), hat einen Bernd Sch\u00fctt als Befehls\u00adhaber des Einsatzf\u00fchrungskommandos, der gern abschweift: er warnt \u201evor einem weiter zunehmenden milit\u00e4rischen Einfluss Russ\u00adlands in afrikanischen Staaten\u201c. Dass Deutschland (wieder) mit (zun\u00e4chst) immer mehr Waffen gegen das b\u00f6se Russland zielt, scheint recht und (nicht ganz) billig. Unent\u00adwegt h\u00f6ren wir von \u201ePutin-Propaganda\u201c, aber nie von \u201eScholz-\u201c, \u201eMacron-\u201c oder \u201eBiden-Propaganda\u201c. Propaganda machen immer nur die Anderen, \u201ewir\u201c sind \u201edie Guten\u201c.<\/p>\n<p>Die massenmediale Gehirnw\u00e4sche scheint auch an einigen nicht spurlos vorbei zu gehen, die sich eigentlich der \u201eStaatsr\u00e4son\u201c entge\u00adgenstemmen wollen. Da bleibt nur best\u00e4ndi\u00adges argumentatives Dagegenhalten \u2013 Auf\u00adkl\u00e4rung in Diskussionen und auf der Stra\u00dfe.<\/p>\n<p style=\"text-align: right;\"><em>Herzlichst Klaus Hartmann<\/em><\/p>\n<p>Inhalt:<\/p>\n<p><strong>Thema<\/strong><\/p>\n<ul>\n<li>Dagmar Henn<br \/>\n\u201eHassrede\u201c: Rigorose Sprechverbote bedrohen die Grundlagen der Zivilisation<\/li>\n<li>Mona Aranea<br \/>\nRechtsoffen? Impfgegner? Spaltung und Zersetzung in der Friedensbewegung &#8211; und was dagegen zu tun ist<\/li>\n<li>J\u00fcrgen Sch\u00fctte<br \/>\n\u201eRechtsoffen\u201c \u2013 Die Nebelkerze der Kriegsunterst\u00fctzer<\/li>\n<li>Doris Pumphrey<br \/>\n<a href=\"https:\/\/www.freidenker.org\/?p=19429\">Friedensbewegung zwischen NATO-Mantra, \u00c4quidistanz und Abgrenzung<\/a><br \/>\n(<img data-recalc-dims=\"1\" loading=\"lazy\" decoding=\"async\" data-attachment-id=\"1072\" data-permalink=\"https:\/\/www.freidenker.org\/?attachment_id=1072\" data-orig-file=\"https:\/\/i0.wp.com\/www.freidenker.org\/fw17\/wp-content\/uploads\/2017\/10\/pdf_icon-e1509487447542.png?fit=16%2C16&amp;ssl=1\" data-orig-size=\"16,16\" data-comments-opened=\"0\" data-image-meta=\"{&quot;aperture&quot;:&quot;0&quot;,&quot;credit&quot;:&quot;&quot;,&quot;camera&quot;:&quot;&quot;,&quot;caption&quot;:&quot;&quot;,&quot;created_timestamp&quot;:&quot;0&quot;,&quot;copyright&quot;:&quot;&quot;,&quot;focal_length&quot;:&quot;0&quot;,&quot;iso&quot;:&quot;0&quot;,&quot;shutter_speed&quot;:&quot;0&quot;,&quot;title&quot;:&quot;&quot;,&quot;orientation&quot;:&quot;0&quot;}\" data-image-title=\"pdf_icon_16\" data-image-description=\"\" data-image-caption=\"\" data-large-file=\"https:\/\/i0.wp.com\/www.freidenker.org\/fw17\/wp-content\/uploads\/2017\/10\/pdf_icon-e1509487447542.png?fit=16%2C16&amp;ssl=1\" class=\"alignnone size-full wp-image-1072\" src=\"https:\/\/i0.wp.com\/www.freidenker.org\/fw17\/wp-content\/uploads\/2017\/10\/pdf_icon-e1509487447542.png?resize=16%2C16&#038;ssl=1\" alt=\"\" width=\"16\" height=\"16\" \/> <a href=\"https:\/\/www.freidenker.org\/fw17\/wp-content\/uploads\/2024\/07\/Freidenker_2024-02_Pumphrey_FriedensbewegungZwischenNatoMantra.pdf\" target=\"_blank\" rel=\"noopener\">PDF-Dokument<\/a>, ca. 540 KB)<\/li>\n<li>Flugblatt der Offenbacher Freidenker<br \/>\nSolidarit\u00e4t mit Daniele Ganser!<\/li>\n<li>Diether Dehm<br \/>\n<a href=\"https:\/\/www.freidenker.org\/?p=19431\">Ein neuer deutscher Faschismus \u2013 kommt er wieder v\u00f6lkisch?<\/a><br \/>\n(<img data-recalc-dims=\"1\" loading=\"lazy\" decoding=\"async\" data-attachment-id=\"1072\" data-permalink=\"https:\/\/www.freidenker.org\/?attachment_id=1072\" data-orig-file=\"https:\/\/i0.wp.com\/www.freidenker.org\/fw17\/wp-content\/uploads\/2017\/10\/pdf_icon-e1509487447542.png?fit=16%2C16&amp;ssl=1\" data-orig-size=\"16,16\" data-comments-opened=\"0\" data-image-meta=\"{&quot;aperture&quot;:&quot;0&quot;,&quot;credit&quot;:&quot;&quot;,&quot;camera&quot;:&quot;&quot;,&quot;caption&quot;:&quot;&quot;,&quot;created_timestamp&quot;:&quot;0&quot;,&quot;copyright&quot;:&quot;&quot;,&quot;focal_length&quot;:&quot;0&quot;,&quot;iso&quot;:&quot;0&quot;,&quot;shutter_speed&quot;:&quot;0&quot;,&quot;title&quot;:&quot;&quot;,&quot;orientation&quot;:&quot;0&quot;}\" data-image-title=\"pdf_icon_16\" data-image-description=\"\" data-image-caption=\"\" data-large-file=\"https:\/\/i0.wp.com\/www.freidenker.org\/fw17\/wp-content\/uploads\/2017\/10\/pdf_icon-e1509487447542.png?fit=16%2C16&amp;ssl=1\" class=\"alignnone size-full wp-image-1072\" src=\"https:\/\/i0.wp.com\/www.freidenker.org\/fw17\/wp-content\/uploads\/2017\/10\/pdf_icon-e1509487447542.png?resize=16%2C16&#038;ssl=1\" alt=\"\" width=\"16\" height=\"16\" \/> <a href=\"https:\/\/www.freidenker.org\/fw17\/wp-content\/uploads\/2024\/07\/Freidenker_2024-02_Dehm_EinNeuerDeutscherFaschismus.pdf\" target=\"_blank\" rel=\"noopener\">PDF-Dokument<\/a>, ca. 506 KB)<\/li>\n<li>Zum Verbot der Organisation \u201ePal\u00e4stina-Solidarit\u00e4t Duisburg\u201c<\/li>\n<li>Flugblatt der N\u00fcrnberger Freidenker<\/li>\n<li>Warum wir nicht schweigen d\u00fcrfen<\/li>\n<li>Klaus Hartmann<br \/>\nCorona \u2013 ohne Folgen?<\/li>\n<\/ul>\n<p><strong>Meldungen, Meinungen<\/strong><\/p>\n<p><strong>Chronik<\/strong><\/p>\n<ul>\n<li>Verbandsvorstand<\/li>\n<li>Einberufung des Verbandstags 2025<\/li>\n<li><a href=\"https:\/\/www.freidenker.org\/?p=18866\">Konferenz \u00fcber Deindustrialisierung<\/a><\/li>\n<li><a href=\"https:\/\/www.freidenker.org\/?p=18944\">Tag der Begegnung in Torgau<\/a><\/li>\n<li><a href=\"https:\/\/www.freidenker.org\/?p=19086\" target=\"_blank\" rel=\"noopener\">Befreiung vom Faschismus und Tag des Sieges<\/a><\/li>\n<li>Verband der Freidenker der DDR vor 35 Jahren gegr\u00fcndet<br \/>\nHans Jacobus<br \/>\nFrieden \u2013 um des Lebens willen<\/li>\n<\/ul>\n<p><strong>Neu gestaltete Aufkleber<\/strong><\/p>\n<p><strong>B\u00fccher f\u00fcr Freidenker<\/strong><\/p>\n<ul>\n<li>Sevim Da\u0121delen \/ Annette Groth \/ Norman Paech (Hg.), Erk\u00e4mpft das Menschenrecht!<br \/>\nRezension von Evelyn Hecht-Galinski<\/li>\n<\/ul>\n<p><strong>Lyrik<\/strong><\/p>\n<ul>\n<li>Franz-Josef Degenhardt<br \/>\nEigentlich unglaublich, da\u00df ihnen das immer wieder gelingt<\/li>\n<\/ul>\n<p><img data-recalc-dims=\"1\" loading=\"lazy\" decoding=\"async\" data-attachment-id=\"19408\" data-permalink=\"https:\/\/www.freidenker.org\/?attachment_id=19408\" data-orig-file=\"https:\/\/i0.wp.com\/www.freidenker.org\/fw17\/wp-content\/uploads\/2024\/07\/fd_2024-02_640px.jpg?fit=455%2C642&amp;ssl=1\" data-orig-size=\"455,642\" data-comments-opened=\"0\" data-image-meta=\"{&quot;aperture&quot;:&quot;0&quot;,&quot;credit&quot;:&quot;&quot;,&quot;camera&quot;:&quot;&quot;,&quot;caption&quot;:&quot;&quot;,&quot;created_timestamp&quot;:&quot;0&quot;,&quot;copyright&quot;:&quot;&quot;,&quot;focal_length&quot;:&quot;0&quot;,&quot;iso&quot;:&quot;0&quot;,&quot;shutter_speed&quot;:&quot;0&quot;,&quot;title&quot;:&quot;&quot;,&quot;orientation&quot;:&quot;1&quot;}\" data-image-title=\"fd_2024-02_640px\" data-image-description=\"\" data-image-caption=\"\" data-large-file=\"https:\/\/i0.wp.com\/www.freidenker.org\/fw17\/wp-content\/uploads\/2024\/07\/fd_2024-02_640px.jpg?fit=455%2C642&amp;ssl=1\" class=\"alignnone wp-image-19408 size-full\" src=\"https:\/\/i0.wp.com\/www.freidenker.org\/fw17\/wp-content\/uploads\/2024\/07\/fd_2024-02_640px.jpg?resize=455%2C642&#038;ssl=1\" alt=\"\" width=\"455\" height=\"642\" srcset=\"https:\/\/i0.wp.com\/www.freidenker.org\/fw17\/wp-content\/uploads\/2024\/07\/fd_2024-02_640px.jpg?w=455&amp;ssl=1 455w, https:\/\/i0.wp.com\/www.freidenker.org\/fw17\/wp-content\/uploads\/2024\/07\/fd_2024-02_640px.jpg?resize=213%2C300&amp;ssl=1 213w\" sizes=\"auto, (max-width: 455px) 100vw, 455px\" \/><\/p>\n<hr \/>\n<h5>Online-Ausgabe:<\/h5>\n<p><img data-recalc-dims=\"1\" loading=\"lazy\" decoding=\"async\" data-attachment-id=\"1076\" data-permalink=\"https:\/\/www.freidenker.org\/?attachment_id=1076\" data-orig-file=\"https:\/\/i0.wp.com\/www.freidenker.org\/fw17\/wp-content\/uploads\/2017\/10\/pdf_icon-2.png?fit=32%2C32&amp;ssl=1\" data-orig-size=\"32,32\" data-comments-opened=\"0\" data-image-meta=\"{&quot;aperture&quot;:&quot;0&quot;,&quot;credit&quot;:&quot;&quot;,&quot;camera&quot;:&quot;&quot;,&quot;caption&quot;:&quot;&quot;,&quot;created_timestamp&quot;:&quot;0&quot;,&quot;copyright&quot;:&quot;&quot;,&quot;focal_length&quot;:&quot;0&quot;,&quot;iso&quot;:&quot;0&quot;,&quot;shutter_speed&quot;:&quot;0&quot;,&quot;title&quot;:&quot;&quot;,&quot;orientation&quot;:&quot;0&quot;}\" data-image-title=\"pdf_icon\" data-image-description=\"\" data-image-caption=\"\" data-large-file=\"https:\/\/i0.wp.com\/www.freidenker.org\/fw17\/wp-content\/uploads\/2017\/10\/pdf_icon-2.png?fit=32%2C32&amp;ssl=1\" class=\"alignnone size-full wp-image-1076\" src=\"https:\/\/i0.wp.com\/www.freidenker.org\/fw17\/wp-content\/uploads\/2017\/10\/pdf_icon-2.png?resize=32%2C32&#038;ssl=1\" alt=\"\" width=\"32\" height=\"32\" \/>\u00a0<a href=\"https:\/\/www.freidenker.org\/fw17\/wp-content\/uploads\/2025\/07\/Freidenker_2024-02_online.pdf\" target=\"_blank\" rel=\"noopener\">Verbandsorgan FREIDENKER 2-24 im PDF-Format<\/a> (ca. 3,9 MB)<\/p>\n<p>Zum\u00a0<a href=\"https:\/\/www.freidenker.org\/?page_id=1682\">\u00dcberblick \u00fcber alle Online-Ausgaben<\/a><\/p>\n","protected":false},"excerpt":{"rendered":"<p><b>Die Ausgabe 2-24 des Verbandsorgans FREIDENKER hat das Schwerpunkt-Thema \u201eProtestbewegungen: Strategien der Zersetzung und Spaltung und was dagegen zu tun ist\u201c und enth\u00e4lt u.a. folgende Beitr\u00e4ge:<\/b><br \/>\n&#8211; Dagmar Henn: \u201eHassrede\u201c: Rigorose Sprechverbote bedrohen die Grundlagen der Zivilisation<br \/>\n&#8211; Mona Aranea: Rechtsoffen? Impfgegner? Spaltung und Zersetzung in der Friedensbewegung &#8211; und was dagegen zu tun ist<br \/>\n&#8211; J\u00fcrgen Sch\u00fctte: \u201eRechtsoffen\u201c \u2013 Die Nebelkerze der Kriegsunterst\u00fctzer<br \/>\n&#8211; Doris Pumphrey: Friedensbewegung zwischen NATO-Mantra, \u00c4quidistanz und Abgrenzung<br \/>\n&#8211; Flugblatt der Offenbacher Freidenker: Solidarit\u00e4t mit Daniele Ganser!<br \/>\n&#8211; Diether Dehm: Ein neuer deutscher Faschismus \u2013 kommt er wieder v\u00f6lkisch?<br \/>\n&#8211; Zum Verbot der Organisation \u201ePal\u00e4stina-Solidarit\u00e4t Duisburg\u201c<br \/>\n&#8211; Flugblatt der N\u00fcrnberger Freidenker<br \/>\n&#8211; Warum wir nicht schweigen d\u00fcrfen<br \/>\n&#8211; Klaus Hartmann: Corona \u2013 ohne Folgen?<\/p>\n","protected":false},"author":3,"featured_media":19409,"comment_status":"closed","ping_status":"closed","sticky":false,"template":"","format":"standard","meta":{"colormag_page_container_layout":"default_layout","colormag_page_sidebar_layout":"default_layout","advanced_seo_description":"","jetpack_seo_html_title":"","jetpack_seo_noindex":false,"jetpack_post_was_ever_published":false,"footnotes":""},"categories":[8],"tags":[1256,451,43,1491,394,812,1953,344,1852,1950],"class_list":["post-19405","post","type-post","status-publish","format-standard","has-post-thumbnail","hentry","category-verbandsorgan-freidenker","tag-corona-virus","tag-faschismus","tag-friedensbewegung","tag-kriegstreiberei","tag-palaestina","tag-protest","tag-rechtsoffenheit","tag-solidaritaet","tag-spaltung","tag-zersetzung"],"jetpack_featured_media_url":"https:\/\/i0.wp.com\/www.freidenker.org\/fw17\/wp-content\/uploads\/2024\/07\/FD_2024-02_Titel_mR.jpg?fit=800%2C445&ssl=1","jetpack_shortlink":"https:\/\/wp.me\/p9stpK-52Z","jetpack-related-posts":[{"id":18474,"url":"https:\/\/www.freidenker.org\/?p=18474","url_meta":{"origin":19405,"position":0},"title":"Diether Dehm: Vortrag und Diskussion &#8222;Soziale Bewegungen&#8220; \/ Lieder und Texte &#8222;Kultur im Widerstand&#8220;","author":"Webredaktion","date":"5. M\u00e4rz 2024","format":false,"excerpt":"Zwei Veranstaltungen am 16.03.2024 in Magdeburg 10:00 Uhr: Referat und Diskussion: Soziale Bewegungen \u2013 Zersetzung, Spaltung, Desorientierung und Auswege \/ Einleitungsreferat: Dr. Diether Dehm 18:00 Uhr: Kultur im Widerstand - Lieder und Texte \/ Ges\u00e4nge von Diether Dehm mit Michael Letz am Piano Demonstrationen gegen das Heizungsgesetz und Proteste der\u2026","rel":"","context":"In &quot;Demokratie \u2013 Medien \u2013 Aufkl\u00e4rung&quot;","block_context":{"text":"Demokratie \u2013 Medien \u2013 Aufkl\u00e4rung","link":"https:\/\/www.freidenker.org\/?cat=12"},"img":{"alt_text":"","src":"https:\/\/i0.wp.com\/www.freidenker.org\/fw17\/wp-content\/uploads\/2024\/03\/diether-dehm_800x450.jpg?fit=800%2C450&ssl=1&resize=350%2C200","width":350,"height":200,"srcset":"https:\/\/i0.wp.com\/www.freidenker.org\/fw17\/wp-content\/uploads\/2024\/03\/diether-dehm_800x450.jpg?fit=800%2C450&ssl=1&resize=350%2C200 1x, https:\/\/i0.wp.com\/www.freidenker.org\/fw17\/wp-content\/uploads\/2024\/03\/diether-dehm_800x450.jpg?fit=800%2C450&ssl=1&resize=525%2C300 1.5x, https:\/\/i0.wp.com\/www.freidenker.org\/fw17\/wp-content\/uploads\/2024\/03\/diether-dehm_800x450.jpg?fit=800%2C450&ssl=1&resize=700%2C400 2x"},"classes":[]},{"id":456,"url":"https:\/\/www.freidenker.org\/?p=456","url_meta":{"origin":19405,"position":1},"title":"Freidenker-Verbandstag 2016","author":"Webmaster","date":"6. Juni 2016","format":false,"excerpt":"\"Wie wollen wir leben? Solidarisch und selbstbestimmt \u2013 ohne Kapitalismus und ohne Kriege\" - Unter diesem Motto tagte am 4. und 5. Juni 2016 in Potsdam der alle vier Jahre stattfindende Verbandstag des Deutschen Freidenker-Verbandes. Mehr als 50 Delegierte aus allen Bundesl\u00e4ndern sowie einige Dutzend weitere Funktion\u00e4re und G\u00e4ste gestalteten\u2026","rel":"","context":"In &quot;Zentrale Veranstaltungen&quot;","block_context":{"text":"Zentrale Veranstaltungen","link":"https:\/\/www.freidenker.org\/?cat=20"},"img":{"alt_text":"","src":"https:\/\/i0.wp.com\/www.freidenker.org\/fw17\/wp-content\/uploads\/2016\/08\/Verbandstag-2016.jpg?fit=800%2C445&ssl=1&resize=350%2C200","width":350,"height":200,"srcset":"https:\/\/i0.wp.com\/www.freidenker.org\/fw17\/wp-content\/uploads\/2016\/08\/Verbandstag-2016.jpg?fit=800%2C445&ssl=1&resize=350%2C200 1x, https:\/\/i0.wp.com\/www.freidenker.org\/fw17\/wp-content\/uploads\/2016\/08\/Verbandstag-2016.jpg?fit=800%2C445&ssl=1&resize=525%2C300 1.5x, https:\/\/i0.wp.com\/www.freidenker.org\/fw17\/wp-content\/uploads\/2016\/08\/Verbandstag-2016.jpg?fit=800%2C445&ssl=1&resize=700%2C400 2x"},"classes":[]},{"id":17197,"url":"https:\/\/www.freidenker.org\/?p=17197","url_meta":{"origin":19405,"position":2},"title":"Solidarit\u00e4t mit Hermann Kopp","author":"Webredaktion","date":"7. Oktober 2023","format":false,"excerpt":"Zur Spaltung und Zersetzung der Friedenskr\u00e4fte haben in letzter Zeit besonders denunziatorische Aussagen wie \"rechtsoffen\" und \"Querfront\" Konjunktur. Dass die Regierung, ihre Medien und Geheimdienste daran interessiert sind und diese Kampagnen befeuern, verwundert nicht. Wenn aber ein Funktion\u00e4r der VVN (die K\u00fcrzel stand einstmals f\u00fcr \"Verfolgte des Naziregimes\") namens Uwe\u2026","rel":"","context":"In &quot;Zeit der Verleumder - Freidenker f\u00fcr Klartext&quot;","block_context":{"text":"Zeit der Verleumder - Freidenker f\u00fcr Klartext","link":"https:\/\/www.freidenker.org\/?cat=937"},"img":{"alt_text":"","src":"https:\/\/i0.wp.com\/www.freidenker.org\/fw17\/wp-content\/uploads\/2023\/10\/klartext_hermann_kopp_nrhz_800x450.jpg?fit=800%2C450&ssl=1&resize=350%2C200","width":350,"height":200,"srcset":"https:\/\/i0.wp.com\/www.freidenker.org\/fw17\/wp-content\/uploads\/2023\/10\/klartext_hermann_kopp_nrhz_800x450.jpg?fit=800%2C450&ssl=1&resize=350%2C200 1x, https:\/\/i0.wp.com\/www.freidenker.org\/fw17\/wp-content\/uploads\/2023\/10\/klartext_hermann_kopp_nrhz_800x450.jpg?fit=800%2C450&ssl=1&resize=525%2C300 1.5x, https:\/\/i0.wp.com\/www.freidenker.org\/fw17\/wp-content\/uploads\/2023\/10\/klartext_hermann_kopp_nrhz_800x450.jpg?fit=800%2C450&ssl=1&resize=700%2C400 2x"},"classes":[]},{"id":15031,"url":"https:\/\/www.freidenker.org\/?p=15031","url_meta":{"origin":19405,"position":3},"title":"Corona, Demokratieabbau, Krisen &#038; Kriege","author":"Webredaktion","date":"21. Januar 2023","format":false,"excerpt":"Videos der Veranstaltung des Deutschen Freidenker-Verbandes, Landesverband Hessen am 21.09.2022 in Offenbach am Main Kurzvortr\u00e4ge von Klaus Hartmann und Jan Veil sowie Diskussion Schwerpunkte der Vortr\u00e4ge und der Diskussion: Corona und die \u201eMa\u00dfnahmen\u201c \u2013 eine (Zwischen-)Bilanz \/ Der zunehmende Abbau demokratischer Rechte \u2013 ein Fall von \u201eLong Covid\u201c? \/ Politisierte\u2026","rel":"","context":"In &quot;Demokratie \u2013 Medien \u2013 Aufkl\u00e4rung&quot;","block_context":{"text":"Demokratie \u2013 Medien \u2013 Aufkl\u00e4rung","link":"https:\/\/www.freidenker.org\/?cat=12"},"img":{"alt_text":"","src":"https:\/\/i0.wp.com\/www.freidenker.org\/fw17\/wp-content\/uploads\/2023\/01\/hartmann_veil_offenbach_4_800x450.jpg?fit=800%2C450&ssl=1&resize=350%2C200","width":350,"height":200,"srcset":"https:\/\/i0.wp.com\/www.freidenker.org\/fw17\/wp-content\/uploads\/2023\/01\/hartmann_veil_offenbach_4_800x450.jpg?fit=800%2C450&ssl=1&resize=350%2C200 1x, https:\/\/i0.wp.com\/www.freidenker.org\/fw17\/wp-content\/uploads\/2023\/01\/hartmann_veil_offenbach_4_800x450.jpg?fit=800%2C450&ssl=1&resize=525%2C300 1.5x, https:\/\/i0.wp.com\/www.freidenker.org\/fw17\/wp-content\/uploads\/2023\/01\/hartmann_veil_offenbach_4_800x450.jpg?fit=800%2C450&ssl=1&resize=700%2C400 2x"},"classes":[]},{"id":18049,"url":"https:\/\/www.freidenker.org\/?p=18049","url_meta":{"origin":19405,"position":4},"title":"Offener Brief an pax christi","author":"Webredaktion","date":"29. Januar 2024","format":false,"excerpt":"Am 26.01.2024 verteilte die katholische Friedensorganisation \"pax christi\" eine E-Mail mit folgendem Inhalt: pax christi - Deutsche Sektion e.V. ruft mit auf: Schlie\u00df dich der Brandmauer gegen Rechts an!\u00a0Gegen Spaltung - F\u00fcr Demokratie Jetzt sind wir alle gefragt: Es ist unsere gemeinsame Verantwortung, als Zivilgesellschaft ein solidarisches Miteinander zu verteidigen.\u2026","rel":"","context":"In &quot;Frieden - Antifaschismus - Solidarit\u00e4t&quot;","block_context":{"text":"Frieden - Antifaschismus - Solidarit\u00e4t","link":"https:\/\/www.freidenker.org\/?cat=13"},"img":{"alt_text":"","src":"https:\/\/i0.wp.com\/www.freidenker.org\/fw17\/wp-content\/uploads\/2024\/01\/Plakat_auf_der_Demo_-Gemeinsam_gegen_Rechts-_08_800x450.jpg?fit=800%2C450&ssl=1&resize=350%2C200","width":350,"height":200,"srcset":"https:\/\/i0.wp.com\/www.freidenker.org\/fw17\/wp-content\/uploads\/2024\/01\/Plakat_auf_der_Demo_-Gemeinsam_gegen_Rechts-_08_800x450.jpg?fit=800%2C450&ssl=1&resize=350%2C200 1x, https:\/\/i0.wp.com\/www.freidenker.org\/fw17\/wp-content\/uploads\/2024\/01\/Plakat_auf_der_Demo_-Gemeinsam_gegen_Rechts-_08_800x450.jpg?fit=800%2C450&ssl=1&resize=525%2C300 1.5x, https:\/\/i0.wp.com\/www.freidenker.org\/fw17\/wp-content\/uploads\/2024\/01\/Plakat_auf_der_Demo_-Gemeinsam_gegen_Rechts-_08_800x450.jpg?fit=800%2C450&ssl=1&resize=700%2C400 2x"},"classes":[]},{"id":6267,"url":"https:\/\/www.freidenker.org\/?p=6267","url_meta":{"origin":19405,"position":5},"title":"Historiker im Interview: Anton Latzo \u00fcber Au\u00dfen- und Friedenspolitik","author":"Webredaktion","date":"25. April 2019","format":false,"excerpt":"Prof. Dr. Anton Latzow, Historiker, Osteuropa-Experte und Mitglied des Beirats des Deutschen Freidenker-Verbandes gab RT Deutsch ein zweiteiliges Video-Interview. Er bespricht im ersten Teil des Interviews die Wesensz\u00fcge der DDR-Au\u00dfenpolitik. Zudem geht er auf die Unterschiede zur Au\u00dfenpolitik der BRD ein. Auch die Spaltung Deutschlands ist ein Thema. Im zweiten\u2026","rel":"","context":"In &quot;Frieden - Antifaschismus - Solidarit\u00e4t&quot;","block_context":{"text":"Frieden - Antifaschismus - Solidarit\u00e4t","link":"https:\/\/www.freidenker.org\/?cat=13"},"img":{"alt_text":"","src":"https:\/\/i0.wp.com\/www.freidenker.org\/fw17\/wp-content\/uploads\/2019\/04\/anton_latzo_800x445.jpg?fit=800%2C445&ssl=1&resize=350%2C200","width":350,"height":200,"srcset":"https:\/\/i0.wp.com\/www.freidenker.org\/fw17\/wp-content\/uploads\/2019\/04\/anton_latzo_800x445.jpg?fit=800%2C445&ssl=1&resize=350%2C200 1x, https:\/\/i0.wp.com\/www.freidenker.org\/fw17\/wp-content\/uploads\/2019\/04\/anton_latzo_800x445.jpg?fit=800%2C445&ssl=1&resize=525%2C300 1.5x, https:\/\/i0.wp.com\/www.freidenker.org\/fw17\/wp-content\/uploads\/2019\/04\/anton_latzo_800x445.jpg?fit=800%2C445&ssl=1&resize=700%2C400 2x"},"classes":[]}],"_links":{"self":[{"href":"https:\/\/www.freidenker.org\/index.php?rest_route=\/wp\/v2\/posts\/19405","targetHints":{"allow":["GET"]}}],"collection":[{"href":"https:\/\/www.freidenker.org\/index.php?rest_route=\/wp\/v2\/posts"}],"about":[{"href":"https:\/\/www.freidenker.org\/index.php?rest_route=\/wp\/v2\/types\/post"}],"author":[{"embeddable":true,"href":"https:\/\/www.freidenker.org\/index.php?rest_route=\/wp\/v2\/users\/3"}],"replies":[{"embeddable":true,"href":"https:\/\/www.freidenker.org\/index.php?rest_route=%2Fwp%2Fv2%2Fcomments&post=19405"}],"version-history":[{"count":3,"href":"https:\/\/www.freidenker.org\/index.php?rest_route=\/wp\/v2\/posts\/19405\/revisions"}],"predecessor-version":[{"id":22298,"href":"https:\/\/www.freidenker.org\/index.php?rest_route=\/wp\/v2\/posts\/19405\/revisions\/22298"}],"wp:featuredmedia":[{"embeddable":true,"href":"https:\/\/www.freidenker.org\/index.php?rest_route=\/wp\/v2\/media\/19409"}],"wp:attachment":[{"href":"https:\/\/www.freidenker.org\/index.php?rest_route=%2Fwp%2Fv2%2Fmedia&parent=19405"}],"wp:term":[{"taxonomy":"category","embeddable":true,"href":"https:\/\/www.freidenker.org\/index.php?rest_route=%2Fwp%2Fv2%2Fcategories&post=19405"},{"taxonomy":"post_tag","embeddable":true,"href":"https:\/\/www.freidenker.org\/index.php?rest_route=%2Fwp%2Fv2%2Ftags&post=19405"}],"curies":[{"name":"wp","href":"https:\/\/api.w.org\/{rel}","templated":true}]}}