{"id":19382,"date":"2024-06-27T22:57:51","date_gmt":"2024-06-27T20:57:51","guid":{"rendered":"https:\/\/www.freidenker.org\/?p=19382"},"modified":"2024-07-10T13:26:14","modified_gmt":"2024-07-10T11:26:14","slug":"klaus-hartmann-was-ist-heute-links-was-rechts-was-faschismus","status":"publish","type":"post","link":"https:\/\/www.freidenker.org\/?p=19382","title":{"rendered":"Klaus Hartmann: Was ist heute links, was rechts, was Faschismus?"},"content":{"rendered":"<p><strong>Filmmitschnitt zur Veranstaltung des Linken Forums Paderborn vom 28. Mai 2024.<\/strong><\/p>\n<div class=\"jetpack-video-wrapper\"><span class=\"embed-youtube\" style=\"text-align:center; display: block;\"><iframe loading=\"lazy\" class=\"youtube-player\" width=\"800\" height=\"450\" src=\"https:\/\/www.youtube.com\/embed\/alkqB4bDCCA?version=3&#038;rel=1&#038;showsearch=0&#038;showinfo=1&#038;iv_load_policy=1&#038;fs=1&#038;hl=de-DE&#038;autohide=2&#038;start=826&#038;wmode=transparent\" allowfullscreen=\"true\" style=\"border:0;\" sandbox=\"allow-scripts allow-same-origin allow-popups allow-presentation allow-popups-to-escape-sandbox\"><\/iframe><\/span><\/div>\n<p><span style=\"font-size: 10pt;\">Direktlink zum Video des <a href=\"https:\/\/www.linkesforum-paderborn.de\/\" target=\"_blank\" rel=\"noopener\">Linken Forums Paderborn<\/a> auf YouTube: <a href=\"https:\/\/www.youtube.com\/watch?v=alkqB4bDCCA\" target=\"_blank\" rel=\"noopener\">https:\/\/www.youtube.com\/watch?v=alkqB4bDCCA<\/a><\/span><\/p>\n<p>Gilt das alte Links heute als das neue Rechts? Woher stammte die Einteilung in \u201erechts\u201c und \u201elinks\u201c urspr\u00fcnglich? Ist das heute noch g\u00fcltig oder \u00fcberholt? Wie steht es mit den Behauptungen, man sei weder \u201erechts\u201c noch \u201elinks\u201c?<\/p>\n<p>Die AfD \u2013 Alternative zu was? Krieg oder Abr\u00fcstung, vom \u201eGendern\u201c bis zum Heizungsgesetz: Was sind heute die Interessen der Bev\u00f6lkerungsmehrheit, wer vertritt sie, und ist das rechts oder links?<\/p>\n<p>Zu diesen Themen referierte und diskutierte Klaus Hartmann vom Deutschen Freidenker-Verband.<\/p>\n<p style=\"text-align: right;\"><em>Klaus Hartmann ist Pr\u00e4sident der Weltunion der Freidenker und stellvertretender Vorsitzender des Deutschen Freidenker-Verbandes<\/em><\/p>\n<hr \/>\n<p><strong>Download<\/strong><\/p>\n<p><img data-recalc-dims=\"1\" loading=\"lazy\" decoding=\"async\" data-attachment-id=\"1076\" data-permalink=\"https:\/\/www.freidenker.org\/?attachment_id=1076\" data-orig-file=\"https:\/\/i0.wp.com\/www.freidenker.org\/fw17\/wp-content\/uploads\/2017\/10\/pdf_icon-2.png?fit=32%2C32&amp;ssl=1\" data-orig-size=\"32,32\" data-comments-opened=\"0\" data-image-meta=\"{&quot;aperture&quot;:&quot;0&quot;,&quot;credit&quot;:&quot;&quot;,&quot;camera&quot;:&quot;&quot;,&quot;caption&quot;:&quot;&quot;,&quot;created_timestamp&quot;:&quot;0&quot;,&quot;copyright&quot;:&quot;&quot;,&quot;focal_length&quot;:&quot;0&quot;,&quot;iso&quot;:&quot;0&quot;,&quot;shutter_speed&quot;:&quot;0&quot;,&quot;title&quot;:&quot;&quot;,&quot;orientation&quot;:&quot;0&quot;}\" data-image-title=\"pdf_icon\" data-image-description=\"\" data-image-caption=\"\" data-large-file=\"https:\/\/i0.wp.com\/www.freidenker.org\/fw17\/wp-content\/uploads\/2017\/10\/pdf_icon-2.png?fit=32%2C32&amp;ssl=1\" class=\"alignnone size-full wp-image-1076\" src=\"https:\/\/i0.wp.com\/www.freidenker.org\/fw17\/wp-content\/uploads\/2017\/10\/pdf_icon-2.png?resize=32%2C32&#038;ssl=1\" alt=\"\" width=\"32\" height=\"32\" \/>\u00a0<a href=\"https:\/\/www.freidenker.org\/fw17\/wp-content\/uploads\/2024\/06\/Flyer_LiFo_28.05.2024_DIN_A_4_mail.pdf\" target=\"_blank\" rel=\"noopener\">Einladung zur Veranstaltung<\/a> des Linken Forums Paderborn vom 28. Mai 2024<\/p>\n<hr \/>\n<p><span style=\"font-size: 10pt;\">Bild oben: Klaus Hartmann.\u00a0<\/span><br \/>\n<span style=\"font-size: 10pt;\">Screenshot aus dem <a href=\"https:\/\/www.youtube.com\/watch?v=alkqB4bDCCA\" target=\"_blank\" rel=\"noopener\">Video vom Linken Forum Paderborn<\/a><\/span><\/p>\n","protected":false},"excerpt":{"rendered":"<p><b>Filmmitschnitt einer Veranstaltung des Linken Forums Paderborn<\/b> am 28. Mai 2024.<br \/>\nGilt das alte Links heute als das neue Rechts? Woher stammte die Einteilung in \u201erechts\u201c und \u201elinks\u201c urspr\u00fcnglich? Ist das heute noch g\u00fcltig oder \u00fcberholt? Wie steht es mit den Behauptungen, man sei weder \u201erechts\u201c noch \u201elinks\u201c? Die AfD \u2013 Alternative zu was? Krieg oder Abr\u00fcstung, vom \u201eGendern\u201c bis zum Heizungsgesetz: Was sind heute die Interessen der Bev\u00f6lkerungsmehrheit, wer vertritt sie, und ist das rechts oder links? Zu diesen Themen referierte und diskutierte Klaus Hartmann vom Deutschen Freidenker-Verband.<\/p>\n","protected":false},"author":3,"featured_media":19383,"comment_status":"closed","ping_status":"closed","sticky":false,"template":"","format":"standard","meta":{"colormag_page_container_layout":"default_layout","colormag_page_sidebar_layout":"default_layout","advanced_seo_description":"","jetpack_seo_html_title":"","jetpack_seo_noindex":false,"jetpack_post_was_ever_published":false,"footnotes":""},"categories":[12],"tags":[961,1031,1455,188,1091],"class_list":["post-19382","post","type-post","status-publish","format-standard","has-post-thumbnail","hentry","category-demokratie-medien-aufklaerung","tag-abruestung","tag-afd","tag-interessen","tag-krieg","tag-links-rechts"],"jetpack_featured_media_url":"https:\/\/i0.wp.com\/www.freidenker.org\/fw17\/wp-content\/uploads\/2024\/06\/hartmann_paderborn_2024_800x450.jpg?fit=800%2C450&ssl=1","jetpack_shortlink":"https:\/\/wp.me\/p9stpK-52C","jetpack-related-posts":[{"id":17542,"url":"https:\/\/www.freidenker.org\/?p=17542","url_meta":{"origin":19382,"position":0},"title":"\u201eWas ist rechts, was ist links?\u201c","author":"Webredaktion","date":"20. November 2023","format":false,"excerpt":"Vortrag von Klaus Hartmann Mitgeschnitten auf der Mitgliederversammlung des LV Rheinland-Pfalz\/Saarland des Deutschen Freidenker-Verbandes am 12.11.2023 in Idar-Oberstein. Gilt das alte Links heute als das neue Rechts? Woher stammte die Einteilung in \"rechts\" und \"links\" urspr\u00fcnglich? Ist das heute noch g\u00fcltig oder \u00fcberholt? Wie steht es mit den Behauptungen, man\u2026","rel":"","context":"In &quot;Demokratie \u2013 Medien \u2013 Aufkl\u00e4rung&quot;","block_context":{"text":"Demokratie \u2013 Medien \u2013 Aufkl\u00e4rung","link":"https:\/\/www.freidenker.org\/?cat=12"},"img":{"alt_text":"","src":"https:\/\/i0.wp.com\/www.freidenker.org\/fw17\/wp-content\/uploads\/2023\/11\/Hartmann_rechts_links_2023_v3_800x450.jpg?fit=800%2C450&ssl=1&resize=350%2C200","width":350,"height":200,"srcset":"https:\/\/i0.wp.com\/www.freidenker.org\/fw17\/wp-content\/uploads\/2023\/11\/Hartmann_rechts_links_2023_v3_800x450.jpg?fit=800%2C450&ssl=1&resize=350%2C200 1x, https:\/\/i0.wp.com\/www.freidenker.org\/fw17\/wp-content\/uploads\/2023\/11\/Hartmann_rechts_links_2023_v3_800x450.jpg?fit=800%2C450&ssl=1&resize=525%2C300 1.5x, https:\/\/i0.wp.com\/www.freidenker.org\/fw17\/wp-content\/uploads\/2023\/11\/Hartmann_rechts_links_2023_v3_800x450.jpg?fit=800%2C450&ssl=1&resize=700%2C400 2x"},"classes":[]},{"id":20445,"url":"https:\/\/www.freidenker.org\/?p=20445","url_meta":{"origin":19382,"position":1},"title":"Links wie Rechts &#8211; einig und gleich schlecht?","author":"Webredaktion","date":"30. November 2024","format":false,"excerpt":"Video der Kulturwerkstatt Beckingen \u00fcber eine Veranstaltung des Deutschen Freidenkerverbandes, Landesverband Rheinland-Pfalz\/Saar am 17.11.2024 Gilt das alte Links heute als das neue Rechts? Woher stammte die Einteilung in \u201erechts\u201c und \u201elinks\u201c urspr\u00fcnglich? Ist das heute noch g\u00fcltig oder \u00fcberholt? Wie steht es mit den Behauptungen, man sei weder \u201erechts\u201c noch\u2026","rel":"","context":"In &quot;Kultur &amp; Kunst&quot;","block_context":{"text":"Kultur &amp; Kunst","link":"https:\/\/www.freidenker.org\/?cat=913"},"img":{"alt_text":"","src":"https:\/\/i0.wp.com\/www.freidenker.org\/fw17\/wp-content\/uploads\/2024\/11\/Hartmann_Beckingen-2024_800x450.jpg?fit=800%2C450&ssl=1&resize=350%2C200","width":350,"height":200,"srcset":"https:\/\/i0.wp.com\/www.freidenker.org\/fw17\/wp-content\/uploads\/2024\/11\/Hartmann_Beckingen-2024_800x450.jpg?fit=800%2C450&ssl=1&resize=350%2C200 1x, https:\/\/i0.wp.com\/www.freidenker.org\/fw17\/wp-content\/uploads\/2024\/11\/Hartmann_Beckingen-2024_800x450.jpg?fit=800%2C450&ssl=1&resize=525%2C300 1.5x, https:\/\/i0.wp.com\/www.freidenker.org\/fw17\/wp-content\/uploads\/2024\/11\/Hartmann_Beckingen-2024_800x450.jpg?fit=800%2C450&ssl=1&resize=700%2C400 2x"},"classes":[]},{"id":18001,"url":"https:\/\/www.freidenker.org\/?p=18001","url_meta":{"origin":19382,"position":2},"title":"Video: Klaus Hartmann bei MOATS","author":"Webredaktion","date":"24. Januar 2024","format":false,"excerpt":"Video-Interview von Dr. Diether Dehm mit Klaus Hartmann In seiner Sendung \"MOATS (Mother of all Talkshows)\", der deutschen Variante des vom britischen linken ehemaligen Parlamentarier George Galloway entwickelten w\u00f6chentlichen Podcasts, pr\u00e4sentiert Diether Dehm G\u00e4ste, die zu aktuellen Fragen unangepasste Meinungen \u00e4u\u00dfern. Zum zweiten Mal sa\u00df Klaus Hartmann vor der Kamera\u2026","rel":"","context":"In &quot;Demokratie \u2013 Medien \u2013 Aufkl\u00e4rung&quot;","block_context":{"text":"Demokratie \u2013 Medien \u2013 Aufkl\u00e4rung","link":"https:\/\/www.freidenker.org\/?cat=12"},"img":{"alt_text":"","src":"https:\/\/i0.wp.com\/www.freidenker.org\/fw17\/wp-content\/uploads\/2024\/01\/dehm_hartmann_moats_2024-01_b2_800x450.jpg?fit=800%2C450&ssl=1&resize=350%2C200","width":350,"height":200,"srcset":"https:\/\/i0.wp.com\/www.freidenker.org\/fw17\/wp-content\/uploads\/2024\/01\/dehm_hartmann_moats_2024-01_b2_800x450.jpg?fit=800%2C450&ssl=1&resize=350%2C200 1x, https:\/\/i0.wp.com\/www.freidenker.org\/fw17\/wp-content\/uploads\/2024\/01\/dehm_hartmann_moats_2024-01_b2_800x450.jpg?fit=800%2C450&ssl=1&resize=525%2C300 1.5x, https:\/\/i0.wp.com\/www.freidenker.org\/fw17\/wp-content\/uploads\/2024\/01\/dehm_hartmann_moats_2024-01_b2_800x450.jpg?fit=800%2C450&ssl=1&resize=700%2C400 2x"},"classes":[]},{"id":17582,"url":"https:\/\/www.freidenker.org\/?p=17582","url_meta":{"origin":19382,"position":3},"title":"Was ist \u201eRechts\u201c, was ist \u201eLinks\u201c?","author":"Webredaktion","date":"25. November 2023","format":false,"excerpt":"Beitrag von Klaus Hartmann In den letzten Jahren ist es zunehmend \u00fcblich geworden, Menschen und Proteste als \u201erechts\u201c zu etikettieren, wenn sie sich gegen den \u201eMainstream\u201c oder den Kurs der Regierung wenden. Wer zur Zuwanderung, den \u201eCorona-Ma\u00dfnahmen\u201c, zum \u201eKlima\u201c oder dem Heizungsgesetz, zu den Kriegen in der Ukraine oder in\u2026","rel":"","context":"In &quot;Demokratie \u2013 Medien \u2013 Aufkl\u00e4rung&quot;","block_context":{"text":"Demokratie \u2013 Medien \u2013 Aufkl\u00e4rung","link":"https:\/\/www.freidenker.org\/?cat=12"},"img":{"alt_text":"","src":"https:\/\/i0.wp.com\/www.freidenker.org\/fw17\/wp-content\/uploads\/2023\/11\/directory-5413030_800x450.jpg?fit=800%2C450&ssl=1&resize=350%2C200","width":350,"height":200,"srcset":"https:\/\/i0.wp.com\/www.freidenker.org\/fw17\/wp-content\/uploads\/2023\/11\/directory-5413030_800x450.jpg?fit=800%2C450&ssl=1&resize=350%2C200 1x, https:\/\/i0.wp.com\/www.freidenker.org\/fw17\/wp-content\/uploads\/2023\/11\/directory-5413030_800x450.jpg?fit=800%2C450&ssl=1&resize=525%2C300 1.5x, https:\/\/i0.wp.com\/www.freidenker.org\/fw17\/wp-content\/uploads\/2023\/11\/directory-5413030_800x450.jpg?fit=800%2C450&ssl=1&resize=700%2C400 2x"},"classes":[]},{"id":19798,"url":"https:\/\/www.freidenker.org\/?p=19798","url_meta":{"origin":19382,"position":4},"title":"Klaus Hartmann spricht Klartext: Deutsche Regierung ist rechts!","author":"Webredaktion","date":"1. September 2024","format":false,"excerpt":"Video-Interview von Masha Janssen\u00a0mit Klaus Hartmann In einem aufschlussreichen Gespr\u00e4ch mit Klaus Hartmann, dem stellvertretenden Vorsitzenden des Freidenkerverbandes ..., diskutieren wir \u00fcber die wahre Bedeutungen der politischen Begriffe \"links\" und \"rechts\". Seit ihrer Entstehung haben sich die Bedeutungen von \"links\" und \"rechts\" stark ver\u00e4ndert und sind oft Gegenstand von Verwirrung\u2026","rel":"","context":"In &quot;Demokratie \u2013 Medien \u2013 Aufkl\u00e4rung&quot;","block_context":{"text":"Demokratie \u2013 Medien \u2013 Aufkl\u00e4rung","link":"https:\/\/www.freidenker.org\/?cat=12"},"img":{"alt_text":"","src":"https:\/\/i0.wp.com\/www.freidenker.org\/fw17\/wp-content\/uploads\/2024\/09\/Hartmann_Masha_3_800x450.jpg?fit=800%2C450&ssl=1&resize=350%2C200","width":350,"height":200,"srcset":"https:\/\/i0.wp.com\/www.freidenker.org\/fw17\/wp-content\/uploads\/2024\/09\/Hartmann_Masha_3_800x450.jpg?fit=800%2C450&ssl=1&resize=350%2C200 1x, https:\/\/i0.wp.com\/www.freidenker.org\/fw17\/wp-content\/uploads\/2024\/09\/Hartmann_Masha_3_800x450.jpg?fit=800%2C450&ssl=1&resize=525%2C300 1.5x, https:\/\/i0.wp.com\/www.freidenker.org\/fw17\/wp-content\/uploads\/2024\/09\/Hartmann_Masha_3_800x450.jpg?fit=800%2C450&ssl=1&resize=700%2C400 2x"},"classes":[]},{"id":2847,"url":"https:\/\/www.freidenker.org\/?p=2847","url_meta":{"origin":19382,"position":5},"title":"\u201eNicht rechts, nicht links\u201c?","author":"Webredaktion","date":"17. M\u00e4rz 2016","format":false,"excerpt":"Aus: FREIDENKER 1-16 \u201eNicht rechts, nicht links\u201c - in politischen Auseinandersetzungen und Bewegungen begegnet man dieser Aussage h\u00e4ufig. Sie ist aber oft sehr unterschiedlich motiviert, mit ihr k\u00f6nnen sehr verschiedene Zwecke gemeint sein. Die unterschiedlichen Motive und Zwecke muss man kennen und unterscheiden, weil man sich andernfalls sparen k\u00f6nnte, darauf\u2026","rel":"","context":"In &quot;Demokratie \u2013 Medien \u2013 Aufkl\u00e4rung&quot;","block_context":{"text":"Demokratie \u2013 Medien \u2013 Aufkl\u00e4rung","link":"https:\/\/www.freidenker.org\/?cat=12"},"img":{"alt_text":"","src":"https:\/\/i0.wp.com\/www.freidenker.org\/fw17\/wp-content\/uploads\/2017\/12\/board-2084777_800x445.jpg?fit=850%2C445&ssl=1&resize=350%2C200","width":350,"height":200,"srcset":"https:\/\/i0.wp.com\/www.freidenker.org\/fw17\/wp-content\/uploads\/2017\/12\/board-2084777_800x445.jpg?fit=850%2C445&ssl=1&resize=350%2C200 1x, https:\/\/i0.wp.com\/www.freidenker.org\/fw17\/wp-content\/uploads\/2017\/12\/board-2084777_800x445.jpg?fit=850%2C445&ssl=1&resize=525%2C300 1.5x, https:\/\/i0.wp.com\/www.freidenker.org\/fw17\/wp-content\/uploads\/2017\/12\/board-2084777_800x445.jpg?fit=850%2C445&ssl=1&resize=700%2C400 2x"},"classes":[]}],"_links":{"self":[{"href":"https:\/\/www.freidenker.org\/index.php?rest_route=\/wp\/v2\/posts\/19382","targetHints":{"allow":["GET"]}}],"collection":[{"href":"https:\/\/www.freidenker.org\/index.php?rest_route=\/wp\/v2\/posts"}],"about":[{"href":"https:\/\/www.freidenker.org\/index.php?rest_route=\/wp\/v2\/types\/post"}],"author":[{"embeddable":true,"href":"https:\/\/www.freidenker.org\/index.php?rest_route=\/wp\/v2\/users\/3"}],"replies":[{"embeddable":true,"href":"https:\/\/www.freidenker.org\/index.php?rest_route=%2Fwp%2Fv2%2Fcomments&post=19382"}],"version-history":[{"count":0,"href":"https:\/\/www.freidenker.org\/index.php?rest_route=\/wp\/v2\/posts\/19382\/revisions"}],"wp:featuredmedia":[{"embeddable":true,"href":"https:\/\/www.freidenker.org\/index.php?rest_route=\/wp\/v2\/media\/19383"}],"wp:attachment":[{"href":"https:\/\/www.freidenker.org\/index.php?rest_route=%2Fwp%2Fv2%2Fmedia&parent=19382"}],"wp:term":[{"taxonomy":"category","embeddable":true,"href":"https:\/\/www.freidenker.org\/index.php?rest_route=%2Fwp%2Fv2%2Fcategories&post=19382"},{"taxonomy":"post_tag","embeddable":true,"href":"https:\/\/www.freidenker.org\/index.php?rest_route=%2Fwp%2Fv2%2Ftags&post=19382"}],"curies":[{"name":"wp","href":"https:\/\/api.w.org\/{rel}","templated":true}]}}