{"id":19342,"date":"2024-06-14T19:26:31","date_gmt":"2024-06-14T17:26:31","guid":{"rendered":"https:\/\/www.freidenker.org\/?p=19342"},"modified":"2024-07-10T12:43:20","modified_gmt":"2024-07-10T10:43:20","slug":"chinas-ueberkapazitaeten-ein-neues-maerchen-fuer-den-kriegstauglichen-kindergarten","status":"publish","type":"post","link":"https:\/\/www.freidenker.org\/?p=19342","title":{"rendered":"Chinas \u201e\u00dcberkapazit\u00e4ten\u201c: Ein neues M\u00e4rchen f\u00fcr den kriegstauglichen Kindergarten"},"content":{"rendered":"<p><em>von <strong>Wolfram Elsner<\/strong><\/em><\/p>\n<h5>Imperialer Niedergang<\/h5>\n<p>Die hoffentlich letzte \u201eeinzige Weltmacht\u201c der Menschheitsgeschichte ist im unvermeidlichen und umfassenden Niedergang, und mit ihr ihr Trabantensystem um EU, Japan und andere. Den Prozess zu einer neuartigen Weltstruktur mit gr\u00f6\u00dferer Gleichberechtigung und Multipolarit\u00e4t will das Ex-Hegemonialsystem, das noch etwa 14% der Weltbev\u00f6lkerung repr\u00e4sentiert, aber unter keinen Umst\u00e4nden hinnehmen.<\/p>\n<p>So wurden hybride Kriege gegen die zu neuen Feinden erkl\u00e4rten Aufsteiger entwickelt, der koordinierte Einsatz aller bekannten einzelnen Kriegsformen, milit\u00e4rische, geheimdienstliche, politische, wirtschaftlich-finanzielle und ideologische.<\/p>\n<p>Daf\u00fcr muss nun auch das eigene System umgebaut, m\u00fcssen die Institutionen der Herrschaft reorganisiert werden. Freundliche parlamentarische Vertreterdemokratie war gestern, denn es wird nun \u00fcberall eng f\u00fcrs imperiale System. Offene (wenngleich weitgehend privatisierte) Zensur und Verfolgung von Nichtkonformen, betreutes Denken und strafbewehrte Einheitsmeinung zwischen immer engeren Leitplanken, Gleichschritt in umfassende Kriegsvorbereitung und psychopathische Polizeistaats-Gewalt sind nun die dominanten Prozesse im Kollektiven Westen.<\/p>\n<p>Es herrscht nun der neue MIMPIK, der Medial-Industriell-(Finanziell)-Milit\u00e4risch-Politisch-Intellektuelle Komplex.<a href=\"#_edn1\" name=\"_ednref1\">[1]<\/a> Dessen Wesen ist es, die lange geplanten neuen Kriege vorzubereiten, zu begr\u00fcnden und zu begleiten und mit allen m\u00f6glichen Zwischenf\u00e4llen, einheizenden Fakes und Narrativen sein Publikum in einer neuen regressiven Kindermentalit\u00e4t des \u201eGut gegen B\u00f6se\u201c, des Hasses und der Kriegs- und Gewaltgeilheit gefangen zu nehmen.<\/p>\n<h5>Neuestes Narrativ f\u00fcrs naive Publikum<\/h5>\n<p>Seit Wochen wird nun eine weitere Sau durchs imperiale Dorf (unter der medialen K\u00e4seglocke) gejagt: Chinesische \u201e\u00dcberkapazit\u00e4ten\u201c. Das M\u00e4rchen geht so: China subventioniert seine Firmen derart, dass sie die Produktion beliebig ausweiten, zu Dumpingpreisen \u201edie Weltm\u00e4rkte\u201c \u201e\u00fcberschwemmen\u201c und die \u201egute\u201c, \u201eanst\u00e4ndige\u201c \u201eMarkt\u201c-Wirtschaft des \u201efreien Westens\u201c zerst\u00f6ren k\u00f6nnen.<\/p>\n<p>Beim heutigen umfassend dequalifizierten Politpersonal in Berlin, Br\u00fcssel und Washington ist dabei zu bef\u00fcrchten, dass sie uns gar nicht mehr nur f\u00fcr dumm verkaufen wollen, wie fr\u00fcher, sondern dass sie selbst gar nicht mehr begreifen, wovon sie reden. Ihre eigene \u00d6konomie haben sie ja erkennbar bereits gar nicht mehr begriffen.<\/p>\n<p>Die US-Finanzministerin Yellen spielte die Melodie beim Besuch in Beijing im April 24 an, Au\u00dfenminister Blinken repetierte folgsam beim Besuch Beijings drei Wochen sp\u00e4ter, und der Chor der Adlaten, der Leyens, Baerbocks, Scholzens &amp; Kumpanie hatten ihre Texte inzwischen auch erhalten und plapperten beflissen nach.<\/p>\n<p>Nach 30 Jahren relevanter chinesischer Export\u00fcbersch\u00fcsse haben sie nun, wo z.B. die relative Bedeutung des chinesischen Export\u00fcberschusses (gemessen am chinesischen Sozialprodukt) vom H\u00f6hepunkt 2007 (8,7%) nachhaltig auf nun 3-4% gefallen ist,<a href=\"#_edn2\" name=\"_ednref2\">[2]<\/a> \u201e\u00dcberkapazit\u00e4ten\u201c entdeckt. Inzwischen darf jeder seinem Bauchgef\u00fchl freien Lauf lassen: \u201eChinesische \u00dcberkapazit\u00e4ten, eine Gefahr f\u00fcr die Welt\u201c \u2026 was sonst!?<\/p>\n<h5><strong>\u201e\u00dcberkapazit\u00e4ten\u201c I: J\u00e4ger und Sammler<\/strong><\/h5>\n<p>Als sich vor 30.000 Jahren der Osterholzer Clan und der Westerholzer Clan in den weiten norddeutschen \u00c4stuar- und \u00dcberschwemmungs-Gebieten auf einem neutralen und trockenen Fleck inmitten der Marsch trafen, einer 8m hohen Sandd\u00fcne aus der vorletzten Eiszeit, auf der sp\u00e4ter ein Bremer Dom stehen sollte, tauschten sie z.B. N\u00fcsse gegen B\u00e4renfelle. Sie konnten das nur, weil beide Gruppen \u201e\u00dcberkapazit\u00e4ten\u201c entwickelt hatten: Die einen in der Technik N\u00fcsse zu finden, zu sammeln, aufzubereiten und trocken zu lagern, die anderen darin, den H\u00f6hlenb\u00e4r zu jagen und sein Fell aufzubereiten.<\/p>\n<p>Sie hatten sich also spezialisiert, konnten darin Effektivit\u00e4tsgewinne erzielen, mussten nun aber auch tauschen. Dabei es ging nicht nur um statischen Austausch und punktbezogene Austauschrelationen (\u201ePreise\u201c), es ging (unbewusst) um ihre dynamischen F\u00e4higkeiten in ihren Spezialisierungen. Der Begriff \u201eKapazit\u00e4t\u201c hat ja bis heute neben der Bedeutung eines statischen Produktionspotentials immer auch die Bedeutung der dynamischen \u201eLeistungsf\u00e4higkeit\u201c, \u201eCapacity\u201c, ein Faktor k\u00fcnftiger Entwicklung.<a href=\"#_edn3\" name=\"_ednref3\">[3]<\/a><\/p>\n<p>Jede Spezialisierung, jeder Produktivit\u00e4tsgewinn, jeder Austausch setzt also \u201e\u00dcberkapazit\u00e4ten\u201c auf beiden Seiten voraus, die besondere F\u00e4higkeit, etwas herstellen zu k\u00f6nnen \u00fcber den eigenen Bedarf hinaus. Das gilt im Kleinen, Allt\u00e4glichen, Zwischenmenschlichen bis hin zum internationalen, staatliche Grenzen \u00fcberschreitenden Handel.<\/p>\n<p>Wir k\u00f6nnen uns gar nicht vorstellen, wo die Welt st\u00fcnde, g\u00e4be es keine \u201e\u00dcberkapazit\u00e4ten\u201c. \u201eWir\u201c st\u00fcnden vermutlich unterhalb der Schwelle von Einzellern, denn schon Eukaryoten k\u00f6nnen \u201eich\u201c und \u201e\u201cdu\u201c sowie \u201egleich\u201c und \u201eanders\u201c unterscheiden, gewisse Spezialisierungen generieren, Arbeitsteilungen, Kooperationen und Symbiosen eingehen. So demonstrieren sie bereits \u201e\u00dcberkapazit\u00e4ten\u201c. Und selbst die Zellteilung, die eigene Verdopplung, Fortpflanzung, geht \u00fcber den blo\u00dfen Prozess des Existierens und allm\u00e4hlichen Absterbens hinaus, eine Art \u201e\u00dcberkapazit\u00e4t\u201c, das Leben zu erhalten.<\/p>\n<p>Baerbock, Harbeck, Scholz, Leyen, Biden, k\u00f6nnen Sie folgen?<\/p>\n<h5>\u201e\u00dcberkapazit\u00e4ten\u201c II: David Ricardo, Komparative Kostenvorteile<\/h5>\n<p>Als der b\u00fcrgerliche englische \u00d6konom David Ricardo 1817<a href=\"#_edn4\" name=\"_ednref4\">[4]<\/a> die b\u00fcrgerliche Theorie des internationalen Handels begr\u00fcndete, sprach er faktisch von \u201e\u00dcberkapazit\u00e4ten\u201c bei beiden handelnden L\u00e4ndern. Er nannte sie \u201ekomparative Kostenvorteile\u201c. England war (in seinem Beispiel) sowohl in der Textilproduktion wie in der Agrarproduktion absolut teurer als Portugal, konnte aber relativ zur Agrarproduktion industrielle G\u00fcter mit seinen Ressourcen g\u00fcnstiger herstellen, also durch Verlagerung von Ressourcen von der Agrar- in die Industrieproduktion das Sozialprodukt steigern, w\u00e4hrend es sich bei Portugal umgekehrt verhielt. Damit aber mussten sie ihre Spezialisierungsg\u00fcter gegen die der anderen handeln. Beide sparten Ressourcen bzw. steigerten das Sozialprodukt, wenn sie sich spezialisierten und \u201e\u00dcberkapazit\u00e4ten\u201c in den Bereichen generierten, in denen sie \u201ekomparative Kostenvorteile\u201c hatten.<\/p>\n<p>Der kluge \u00d6konom Ricardo war aber auch ein schlitzohriger englischer Kapitalist und B\u00f6rsenjobber, der die schon bestehende internationale Arbeitsteilung zwischen dem industriell entwickelten England und den Rohstoffen und Nahrungsmittel billig liefernden Entwicklungsl\u00e4ndern und Kolonien rechtfertigen und verewigen wollte. Deshalb blieb sein Modell statisch. (Und genau deshalb war die Theorie des \u201eHaus\u00f6konomen\u201c des preu\u00dfischen Aufsteigers und Konkurrenten Englands, Friedrich List, perspektivisch, entwicklungspolitisch.<a href=\"#_edn5\" name=\"_ednref5\">[5]<\/a>) Keine Option bei Ricardo f\u00fcr den \u201eGlobalen S\u00fcden\u201c, sich durch Eigenentwicklung dynamischer F\u00e4higkeiten (also von \u201e\u00dcberkapazit\u00e4ten\u201c auf h\u00f6herer Wertsch\u00f6pfungsstufe) am eigenen Schopf in eine fortgeschrittene Industrialisierung und entlang der internationalen Wertsch\u00f6pfungsketten aufw\u00e4rts zu ziehen.<\/p>\n<p>Auch die sp\u00e4ter theoretisch ber\u00fccksichtigte Dynamisierung von Produktivkr\u00e4ften, die Mobilisierung von sog. Skalenersparnissen (Economies of Scale) im Zuge einer Spezialisierung, rechtfertigte weiter die Oligopolisierung und Monopolisierung (Kostenvorteile der Gr\u00f6\u00dfe) des exklusiven imperialen Clubs und damit der zunehmenden Renteneinkassierung durch die Beherrscher der kolonialen und neokolonialen Dominanzstrukturen.<\/p>\n<p>Aufstiege von L\u00e4ndern, wie sp\u00e4ter v.a. der Sowjetunion und Chinas, waren in der b\u00fcrgerlichen Theorie der Au\u00dfenwirtschaft daher nie vorgesehen. Die kolonial-imperiale internationale Spezialisierungsstruktur sollte aus angels\u00e4chsischer Sicht auf ewig festgeschrieben bleiben. Dass sich ein Land mit Eigenanstrengung und kollektivem Lernen in den internationalen Wertsch\u00f6pfungsketten nach oben arbeitet, war im westlichen Weltbeherrschungskonzept nie vorgesehen und wird nun mit Mitteln des hybriden Krieges bek\u00e4mpft. Der verzweifelte Abstiegskampf des Ex-Hegemons gegen eine aufwachende Welt findet soeben vor unseren Augen statt.<\/p>\n<h5>\u201e\u00dcberkapazit\u00e4ten\u201c III: Dynamischer Strukturwandel und nationaler Aufstieg<\/h5>\n<p>Unabh\u00e4ngig von internationalem Handel muss ein Land, das beginnt, aus der Reihe der neokolonialen \u201eWerte- und Regel-Ordnung\u201c zu tanzen (in der es, mit wenigen Ausnahmen, jahrzehntelang ja keine L\u00e4nderaufstiege mehr gegeben hat) und sein Schicksal in die eigene Hand zu nehmen, eine gezielte und langfristige sozial\u00f6konomische Dynamik generieren. Der umfassende Strukturwandel, den es dazu organisieren muss, besteht aus der Schaffung von \u201e\u00dcberkapazit\u00e4ten\u201c auf h\u00f6heren Stufen der Wertsch\u00f6pfung (\u201eZukunftsbranchen\u201c) sowie der Vernichtung von r\u00fcckst\u00e4ndigen und umweltsch\u00e4dlichen alten \u201e\u00dcberkapazit\u00e4ten\u201c (\u201eAltindustrien\u201c). China z.B. hat in den letzten 10 Jahren gigantische alte \u201e\u00dcberkapazit\u00e4ten\u201c in Kohlebergbau, Kohleverstromung, Stahlproduktion und anderen alten Industrien stillgelegt.<a href=\"#_edn6\" name=\"_ednref6\">[6]<\/a><\/p>\n<p>Deutschland dagegen denkt nicht im Traum daran, aktiv seine weltweit relativ gr\u00f6\u00dften \u00dcberkapazit\u00e4ten, n\u00e4mlich in der Verbrennertechnologie, seine jahrzehntelange \u201e\u00dcberschwemmung\u201c der Weltm\u00e4rkte mit Verbrennerfahrzeugen, die \u00dcberproduktion einer auch jahrzehntelang von allen BundeskanzlerInnen gesch\u00fctzten und gepamperten \u201eFlaggschiff\u201c-Industrie, abzubauen. Im Ergebnis eines fast zum Stillstand gekommenen Strukturwandels in diesem Sektor l\u00e4uft jetzt die deutsche Automobilindustrie der Entwicklung zu neuen Mobilit\u00e4tsformen (E-Vehikel, Wasserstoff, u.a.) technologisch und preislich weit hinterher.<\/p>\n<p>Einer der \u00f6konomischen Stars in den Sonntagsreden der fr\u00fchen hoffnungsfrohen Zeiten des Neoliberalismus, Joseph Schumpeter, nannte das \u201esch\u00f6pferische Zerst\u00f6rung\u201c. Solange aber die L\u00e4nder des Globalen S\u00fcdens genau die den \u201eM\u00e4rkten\u201c des monopolaren Systems \u00fcberlassen mussten, bestand f\u00fcr sie keine Chance zum Aufstieg.<\/p>\n<p>Dass der Globale S\u00fcden, einschlie\u00dflich der antihegemonialen L\u00e4nder der Nordhalbkugel, dies nun selbst in die Hand nimmt, wird ihm nicht verziehen, sie werden mit Krieg, Kriegsdrohungen und Sanktionssystemen \u00fcberzogen.<\/p>\n<h5>\u201e\u00dcberkapazit\u00e4ten\u201c IV: \u201eIntraindustrieller Handel\u201c<\/h5>\n<p>Der exklusive Club passte seine Au\u00dfenhandelstheorie weiter an, so dass sie die Handelsfakten der Nordhalbkugel in ihren besten \u201eliberalen\u201c oligopolistischen Zeiten abbildete. Die Arbeitsteilung zwischen den fortgeschrittensten kapitalistischen L\u00e4ndern und ihren zu engen Oligopolen entwickelten Industrien wurde immer kleinteiliger. Von nationalen \u201ekomparativen Vorteilen\u201c zwischen gro\u00dfen G\u00fctergruppen hin zur Konkurrenz und gegenseitigen Marktdurchdringung durch internationale Konzerne. In den guten, expansiven 3-4 Jahrzehnten nach 1945 konnte man hier untereinander gro\u00dfz\u00fcgig sein. Aber wie war es nun zu erkl\u00e4ren, dass Autos, Maschinen, Konsumg\u00fcter in beide Richtungen transportiert wurden? Arbeitsteilung? Spezialisierung?<\/p>\n<p>Die \u00f6konomische Theorie folgte und rechtfertigte, dass in letzter Konsequenz ein amerikanisches Ford-Auto eben nicht dasselbe ist wie ein deutscher Mercedes. Durchschnittseurop\u00e4er kaufen gerne das erste, wohlhabende Amerikaner das zweite. Diese konzernbestimmte \u201eSpezialisierungs\u201c-Struktur war auch in der kleinteiligsten statistischen G\u00fcterklassifikation nicht mehr vorgesehen. Am Ende waren der Ford, der Mercedes, also die Marke der Firma eine eigene G\u00fcterkategorie, nicht mehr v\u00f6llig substituierbar durch ein Produkt mit zwar gleicher Funktionalit\u00e4t aber anderer Marke, anderem Design und anderer Symbolik. Das Lehrbuch nannte das \u201eintraindustriellen Handel\u201c.<\/p>\n<p>Monopolistische Konkurrenz bestand nun also aus den \u201e\u00dcberkapazit\u00e4ten\u201c der internationalen Konzerne, ihrer \u00dcberakkumulation und \u00dcberproduktion und der gegenseitigen Eroberung der Heimatm\u00e4rkte der anderen im \u201efreien Markt\u201c. Internationale monopolistische Konkurrenz als b\u00fcrgerliche Au\u00dfenwirtschafts-Theorie. Das waren nat\u00fcrlich gute \u201e\u00dcberkapazit\u00e4ten\u201c.<\/p>\n<h5>\u201e\u00dcberkapazit\u00e4ten\u201c V: \u201eExportweltmeister\u201c Deutschland kritisiert Chinas Au\u00dfenhandel<\/h5>\n<p>Nat\u00fcrlich blieb sogar innerimperial nichts davon allzu lange eitel Sonnenschein. Schon in den 1970ern war die kollektive Nachkriegs-Erholung vorbei, der Konkurrenzkampf wurde sch\u00e4rfer, die innerimperialistischen Gewichte hatten sich verschoben, der Hegemon hatte sich allm\u00e4hlich wirtschaftlich \u00fcberdehnt und begann, auf Pump vom Rest der Welt zu leben.<\/p>\n<p>Deutschland hatte sich allm\u00e4hlich zum wirtschaftlichen Hauptkonkurrenten des Hegemons entwickelt und wurde \u00fcber Jahrzehnte, insbesondere nach Japans erzwungenem \u00dcbergang zum Neoliberalismus und seine nachfolgende Dauerkrise, in den 2000ern und 2010ern einer der wichtigsten Exporteure der Welt, mit Spitzenwerten der Relation der Exporte zum Sozialprodukt von 7,6% (2015).<a href=\"#_edn7\" name=\"_ednref7\">[7]<\/a> Der deutsche H\u00f6henflug wurde erst mit Corona (2022) und dem nachfolgenden anhaltenden Krisenmodus der Weltwirtschaft beendet.<\/p>\n<p>Exportweltmeister ist Deutschland z.B. auch in dieser Hinsicht: Mit einem Weltbev\u00f6lkerungsanteil von 1,1% und einem Weltexportanteil von 7,3% (2021),<a href=\"#_edn8\" name=\"_ednref8\">[8]<\/a> hat Deutschland \u201e\u00dcberkapazit\u00e4ten\u201c vom Faktor 6,6. F\u00fcr die USA (Weltbev\u00f6lkerungsanteil 4,3%, Weltexportanteil 7,9%) ist der \u201e\u00dcberkapazit\u00e4ten\u201c-Faktor noch 1,8. China hat bei einem Weltbev\u00f6lkerungs-Anteil von 18,5% und einem Weltexport-Anteil von 15,5% einen \u201e\u00dcberkapazit\u00e4ten\u201c-Faktor von 0,8. Wer also bitte hat hier \u201e\u00dcberkapazit\u00e4ten\u201c und \u201e\u00fcberschwemmt\u201c \u201eden Weltmarkt\u201c mit seinen Produkten?<\/p>\n<p>\u201eWerte\u201c-technisch sind die (relativ) mehr als achtmal gr\u00f6\u00dferen deutschen \u201e\u00dcberkapazit\u00e4ten\u201c nat\u00fcrlich gute, die kleineren chinesischen b\u00f6se \u201e\u00dcberkapazit\u00e4ten\u201c. Frau Baerbock kann Ihnen das erkl\u00e4ren.<\/p>\n<h5>\u201eJoe, the Donald\u201c<a href=\"#_edn9\" name=\"_ednref9\">[9]<\/a>: Versch\u00e4rfte Abschottung, Vervielfachung der Zolls\u00e4tze<\/h5>\n<p>Nat\u00fcrlich waren die praktischen Konsequenzen der faktenfreien medialen M\u00e4rchenkampagne l\u00e4ngst geplant und vorbereitet. \u201eBiden, the Trump\u201c hatte ja keine einzige von Trumps fr\u00fcheren Ma\u00dfnahmen zur geplanten Spaltung der Welt in zwei Teile aufgehoben, viele aber versch\u00e4rft und ausgeweitet.<\/p>\n<p>Nun kam also die Vervielfachung einer ganzen Serie protektionistischer Z\u00f6lle, pikanterweise insbesondere auf diejenigen chinesischen Produktgruppen, die f\u00fcr die globale Klimawende unabdingbar sind, u.a. Elektrovehikel (EV), Solarpaneele, Speichertechnologien (Batterien), Rohstoffe, Materialien, Steuerungen und Anlagen f\u00fcr Wind- und Wasserkraft u.v.m. Der Zollsatz f\u00fcr EVs allein wurde von 27% auf 100% erh\u00f6ht.<a href=\"#_edn10\" name=\"_ednref10\">[10]<\/a> Die EU wird nun, wie von Leyens politisiertem \u201eAnti-Subventions-Pr\u00fcfverfahren\u201c lange vorbereitet, trotz Warnungen, u.a. aus der Autoindustrie selbst, in k\u00fcrzester Zeit nachziehen.<\/p>\n<p>Nach allen Studien, die schon nach Trumps Zollerh\u00f6hungen 2017 durchgef\u00fchrt wurden, ist angesichts der Nicht-Substituierbarkeit der chinesischen Produkte durch (nicht vorhandene) westliche Produkte (technisch: die geringe \u201ePreiselastizit\u00e4t\u201c der US-Konsumnachfrage nach chinesischen G\u00fctern) die US-Verbraucherin die Leidtragende der US-Weltspaltung. Sie zahlt die h\u00f6heren Zolleinnahmen, eine gigantische Umverteilung von den US-Haushalten in die US-Staatskasse.<a href=\"#_edn11\" name=\"_ednref11\">[11]<\/a><\/p>\n<p>Der hybride Krieg gegen China wird nat\u00fcrlich parallel auch mit anderen Mitteln gef\u00fchrt: Biden will TikTok enteignen und ins Eigentum von Wall-Street-Billion\u00e4ren \u00fcberf\u00fchren, Leyen kann den Wirtschaftsrowdy genauso gut wie der Ami und l\u00e4sst mal eben die Gesch\u00e4ftsr\u00e4ume chinesischer Staatsunternehmen in Polen und den Niederlanden \u00fcberfallen.<a href=\"#_edn12\" name=\"_ednref12\">[12]<\/a> Fortsetzungen werden folgen.<\/p>\n<h5>Weitere Fakten zum Au\u00dfenhandel<\/h5>\n<p>Der chinesische Au\u00dfenhandel entwickelte sich seit der in China beschlossenen Verabschiedung vom Export-Modell Mitte der 2010er in Richtung eines kleineren Anteils am eigenen Sozialprodukt, w\u00e4hrend Deutschland unver\u00e4ndert an der Nadel des Export\u00fcberschusses h\u00e4ngt, unf\u00e4hig zur strukturellen Korrektur seines Nachkriegs-Wachstumsmodells. Chinas Exportanteile an der eigenen Produktion sind also wesentlich kleiner als die Deutschlands und der meisten f\u00fchrenden kapitalistischen L\u00e4nder.<\/p>\n<p>Von den verteufelten chinesischen EVs z.B. gehen \u00fcber 87% in den eigenen Markt, nur knapp 13% werden \u00fcberhaupt exportiert.<a href=\"#_edn13\" name=\"_ednref13\">[13]<\/a> Der zum Weltuntergang stilisierte chinesische EV-Export in die EU macht gerade mal 8% des EU-Automarktes aus.<a href=\"#_edn14\" name=\"_ednref14\">[14]<\/a> W\u00e4hrend deutsche und internationale Autohersteller und ihre Joint Ventures immer noch fast 50% des chinesischen Automarktes bedienen und deutsche Hersteller 30-40% ihres globalen Absatzes in China verkaufen,<a href=\"#_edn15\" name=\"_ednref15\">[15]<\/a> spricht in China niemand von der \u201e\u00dcberflutung durch ausl\u00e4ndische Angreifer\u201c.<\/p>\n<p>Ein Gro\u00dfteil der chinesischen Exporte (\u201e\u00dcberkapazit\u00e4ten\u201c) ist \u00fcbrigens Export westlicher Firmen in den Westen, \u201calso unsere eigenen Exporte, die nur aus China geliefert werden.\u201d<a href=\"#_edn16\" name=\"_ednref16\">[16]<\/a><\/p>\n<p>China hat au\u00dfenhandelsm\u00e4\u00dfig gegen den westlichen Weltspalt-Pilz vorgesorgt, v.a. durch eine erhebliche Entwicklung seiner Binnenwirtschaft. Chinas Exporte in die USA z.B. haben heute eine geringere Bedeutung f\u00fcr Chinas Sozialprodukt als fr\u00fcher. Bei Exporten von 427 Mrd. $ in die USA und bei einem BIP von 17.662 Mrd. $ (beide 2023) machen sie einen Anteil von 2,4% aus.<a href=\"#_edn17\" name=\"_ednref17\">[17]<\/a> Selbst deren kompletter Wegfall durch eine westliche Total-Abschottung k\u00f6nnte China nicht mehr gravierend sch\u00e4digen. Und die alternativen Absatzm\u00e4rkte sind weit entwickelt. Ein weiteres Mal wird westliche Abschottung ein Schuss ins eigene Knie.<\/p>\n<p>Chinas Au\u00dfenhandel ist heute krisensicherer aufgestellt, in Kooperation mit den verl\u00e4sslicheren Partnern des Globalen S\u00fcdens, den 150 Partnern der Neuen Seidenstra\u00dfen, der BRICS+, der SCO+,<a href=\"#_edn18\" name=\"_ednref18\">[18]<\/a> der RCEP<a href=\"#_edn19\" name=\"_ednref19\">[19]<\/a> und ASEAN, all den neuen Motoren der weltwirtschaftlichen Entwicklung und sich neu organisierenden Wertsch\u00f6pfungsketten, mit neuen regionalen Wirtschaftsclustern entlang der Seidenstra\u00dfen.<a href=\"#_edn20\" name=\"_ednref20\">[20]<\/a> Chinas Handel mit dem Globalen S\u00fcden hat sich in den letzten vier Jahren verdoppelt. China importiert Afrikas erste Industrieprodukte, entwickelt dort produktive Kapazit\u00e4ten und erlaubt dem Globalen S\u00fcden damit auch schon industrielle Exporterfolge in die entwickelten kapitalistischen L\u00e4nder.<a href=\"#_edn21\" name=\"_ednref21\">[21]<\/a><\/p>\n<p>China ist schlie\u00dflich auch \u00fcber Zuliefer-Verflechtungen mit Drittl\u00e4ndern intensiver in die globalen Produktionsketten integriert als der deutsche \u201eExportweltmeister\u201c, weshalb z.B. die noch \u201eerlaubten\u201c Importe der USA und EU aus Drittl\u00e4ndern voll sind mit chinesischen Zulieferteilen. Viel Spa\u00df dabei, diese globalen Arbeitsteilungen der \u201ezweiten Ebene\u201c auch noch zu zerschlagen!<\/p>\n<p>Der \u201eWeltmarkt\u201c, der hier angeblich von China \u201e\u00fcberschwemmt\u201c wird, ist nach dem unver\u00e4nderten eurozentristischen Weltbild der Markt des Kollektivwestens. Ein US-\u201eKlimaberater\u201c im Wei\u00dfen Haus behauptet allen Ernstes, China w\u00fcrde mehr Klimawende-Technologien herstellen als es globalen Bedarf gebe.<a href=\"#_edn22\" name=\"_ednref22\">[22]<\/a> Er lebt nicht in diesem Universum. W\u00e4hrend der Kollektivwesten aufgrund des eigenen \u00f6kologischen Versagens und industriellen Niedergangs die \u201e\u00dcberkapazit\u00e4ten\u201c Chinas in den Klimawende-Technologien nun eigentlich umso dringender br\u00e4uchte, wird die Panik-Bremse gezogen, und das Klimawende-Kind gleich mit dem \u201eEntkopplungs\u201c-Badewasser ausgesch\u00fcttet.<\/p>\n<h5>Westen opfert die Klimawende, f\u00fcr den Kampf gegen China<\/h5>\n<p>Da der Kollektivwesten bisher, systemisch bedingt, nicht mehr in der Lage war, Rohstoffe, Materialien, Produkte, Technologien, Energien und Infrastrukturen f\u00fcr seine Klimawende und die Erreichung seiner selbstgesetzten UN-Klimaziele 2030 und 2035 zu generieren, und bisher bereits offensichtlich weder die USA noch die EU (noch die anderen Vasallen, Japan, Australien \u2026) ihre Klimaziele realisieren konnten, wird mit dem aktuellen Entkopplungs- und Abschottungs-Schlag nun, un\u00fcbersehbar f\u00fcr die Welt, im Westen die Klimawende beerdigt. Denn sie w\u00e4re unbestritten nur mithilfe der chinesischen \u00d6kowende-Technologien und -Produkte \u00fcberhaupt noch zu retten gewesen. Stand der \u00d6komotor im Westen zuvor schon fast still, hat der Westen nun klimapolitisch endg\u00fcltig in den R\u00fcckw\u00e4rtsgang geschaltet.<\/p>\n<p>Der Absatz von EVs z.B. ist im Westen schon wieder r\u00fcckl\u00e4ufig,<a href=\"#_edn23\" name=\"_ednref23\">[23]<\/a> weil z.B. unser hochqualifiziertes Berliner Politpersonal nur noch in Kriegsvorbereitung denkt, nicht aber daran, dass EVs auch eine Ladeinfrastruktur br\u00e4uchten. Sie haben nicht nur ihre eigene \u00d6konomie nicht begriffen, sie k\u00f6nnen auch nicht mehr auch nur halbwegs ganzheitlich, in komplexen Systemen, denken, planen und handeln. Konsequentes und lange vorhergesagtes Ergebnis von vier Jahrzehnten neoliberaler Zerst\u00f6rung von Staaten und Gesellschaften. Infrastrukturen sind heute f\u00fcr das Berliner Parteienkartell nun nur noch von Bedeutung, wenn es um Panzertransporte Richtung Russland geht. Die Schienen und Br\u00fccken nach Osten werden repariert, die anderen vergammeln.<\/p>\n<h5>Chinas \u201e\u00dcberkapazit\u00e4ten\u201c entwickeln den Globalen S\u00fcden und erm\u00f6glichen die globale Klimawende<\/h5>\n<p>Chinas \u201e\u00dcberkapazit\u00e4ten\u201c in Klimawende-Produkten und -Technologien werden also nun im Kollektivwesten fehlen, der mit einer Klimawende mental, organisatorisch, staatlich, politisch und sozialpsychologisch \u00fcberfordert ist. Sie bedienen heute \u00fcberwiegend den Globalen S\u00fcden, werten Afrika, Lateinamerika und Zentralasien auf, bringen sie an die Front der Klimawende und tragen so die globale Klimawende. Bis die Welt in der Lage ist, die Klimawende \u00fcber alle neuen multipolaren Kooperations-Strukturen hinweg dezentral und selbstorganisiert zu bew\u00e4ltigen, sind die chinesischen \u00f6kologischen \u201e\u00dcberkapazit\u00e4ten\u201c der Anschub und wesentliche Voraussetzung des \u00dcberlebens der Menschheit.<\/p>\n<p>Und der Globale S\u00fcden w\u00fcrdigt es, dass nun wie in China erneuerbare Energie billiger wird als Kohle-, \u00d6l-, Gas- und Atomstrom.<a href=\"#_edn24\" name=\"_ednref24\">[24]<\/a><\/p>\n<p>Aber selbst chinesische \u00d6kowende-\u201e\u00dcberkapazit\u00e4ten\u201c sind f\u00fcr die globale Klimawende unzureichend.<a href=\"#_edn25\" name=\"_ednref25\">[25]<\/a> Das Ausbautempo der erneuerbaren Energien muss verdreifacht werden, um die globalen Klimaziele zu erreichen.<a href=\"#_edn26\" name=\"_ednref26\">[26]<\/a> Die Internationale Energieagentur berechnet, dass sich z.B. auch der Absatz von Fahrzeugen mit neuer Energie (EVs und andere) global auf das 4,5-Ffache von 2022 erh\u00f6hen muss, der PV-Paneelen-Absatz muss sich verzehnfachen, um die erkl\u00e4rten Klimaziele bis 2030 zu erreichen.<a href=\"#_edn27\" name=\"_ednref27\">[27]<\/a> China bleibt die Fabrik der Welt und ist nun zwar die gr\u00fcne und nachhaltige Fabrik der Welt, wie Roland Berger sagt.<a href=\"#_edn28\" name=\"_ednref28\">[28]<\/a> Aber daf\u00fcr reichen auch die chinesischen \u201e\u00dcberkapazit\u00e4ten\u201c nicht aus.<\/p>\n<p>Der Westen hat sich hier endg\u00fcltig verabschiedet, dehnt den Verbrauch von Kohle, \u00d6l und Gas wieder aus, und die CO<sub>2<\/sub>-Emissionen des Energiesektors wachsen weiter.<a href=\"#_edn29\" name=\"_ednref29\">[29]<\/a> Der m\u00f6gliche n\u00e4chste US-Pr\u00e4sident Trump und seinesgleichen sowie die westlichen Energie- und Stahlindustrien werden es feiern.<\/p>\n<h5>Apropos \u201eSubventionen\u201c<\/h5>\n<p>Im Gegensatz zum Wertewesten forciert China die Klimawende nicht nur mit aller Macht sondern praktisch ohne betriebliche Subventionen. W\u00e4hrend die USA die Welt z.B. mit hochsubventionierten Agrarprodukten, Mais, Soja \u2026, \u00fcberschwemmen.<\/p>\n<p>Washington hat mit seinem \u201eInflation Reduction Act\u201c mal eben 700Mrd.$ f\u00fcr Produktionsf\u00f6rderung und -ansiedlung in den Ring geworfen. Die EU hat einen Wiederherstellungs- und Resilienzfonds von 723Mrd.\u20ac aufgelegt. Subventionen f\u00fcr gr\u00fcne Projekte kommen aber auch aus EU-Strukturfonds, \u201eKoh\u00e4sionsfonds\u201c und anderen Programmen. Und Deutschland ist seit jeher eines der L\u00e4nder mit den h\u00f6chsten Subventionsquoten. Offizielle betriebliche Subventionen betragen 2024 27Mrd.\u20ac. Aktuell werden EV-, Batterie- und Halbleiter-Ansiedlungen subventioniert, erh\u00e4lt Intel f\u00fcr Produktionsst\u00e4tten in Deutschland 10Mrd.\u20ac, TSMC<a href=\"#_edn30\" name=\"_ednref30\">[30]<\/a> 5Mrd.\u20ac, Northvolt 0,7Mrd.\u20ac usw.<\/p>\n<p>In China dagegen wird z.B. die E-Mobilit\u00e4t, entgegen anhaltender Behauptungen der Br\u00fcssel-Berliner Laien-Kumpanie, seit 2019 \u00fcberhaupt nicht mehr gef\u00f6rdert. Ebensowenig Photovoltaik oder Batterien. Auch weil man dort fr\u00fch erkannt hat, dass individuelle Elektromobilit\u00e4t l\u00e4ngerfristig keineswegs das letzte Wort der Klimawende sein muss. Stattdessen ist China bereits das gr\u00f6\u00dfte Zentrum der Wasserstoff-Produktion, -Versorgung und -Anwendung (H<sub>2<\/sub>-Stra\u00dfenbahnen, -LKW, -Busse, -Lokomotiven, H<sub>2<\/sub>-betriebene Autofabriken \u2026), der Induktions-Mobilit\u00e4t auf Solarplatten-Fahrbahnen u.a.<a href=\"#_edn31\" name=\"_ednref31\">[31]<\/a><\/p>\n<p>China forciert Strukturwandel und \u00f6kologische Entwicklung v\u00f6llig anders als Deutschland, n\u00e4mlich praktisch nur indirekt, z.B. \u00fcber Bildung und Ausbildung seiner Arbeitskr\u00e4fte. Vom Arbeiter bis zum Entwicklungsingenieur ist qualifiziertes Potential f\u00fcr die Klimawende vorhanden, das gr\u00f6\u00dfer ist als das des gesamten Westens, \u00fcber \u00f6ffentliche und halb\u00f6ffentliche Forschung und Entwicklung (FuE) und \u00fcber die kostenlose Bereitstellung effektiver Infrastrukturen im weitesten Sinne (Verkehr, Energie, IT, Forschung, Weiterbildung, soziale Infrastrukturen \u2026). Aber auch \u201esoft\u201c \u00fcber klare Zielangaben und Planungen und \u00fcber entsprechende Informationsfl\u00fcsse. National abgestimmte und transparente Ziele und Kooperations-Strukturen sind bekanntlich (au\u00dfer bei den neoliberalen \u201emarktlichen\u201c ChefideologInnen in Berlin und Br\u00fcssel) langfristig um ein Vielfaches produktiver als betriebliche Subventionen.<\/p>\n<p>Die EU hat dagegen inzwischen alle ihre traditionellen \u201ewettbewerbs\u201c-theoretischen Subventionshemmungen fallen lassen: Massive betriebliche Subventionen aus Berlin f\u00fcr \u201egr\u00fcnen Kapitalismus\u201c werden in Br\u00fcssel nur noch durchgewunken. \u201eMarkt\u201c und \u201eWettbewerb\u201c waren gestern, staatliche Konzernf\u00f6rderung ist heute, heute nicht mehr prim\u00e4r f\u00fcr den innerkapitalistischen Positionskampf sondern f\u00fcr den Kampf gegen China, dadurch komplett enthemmt. Die neue Ehrlichkeit hei\u00dft nun \u201eIndustriepolitik\u201c.<\/p>\n<p>Industriepolitik und staatliche Entwicklungssouver\u00e4nit\u00e4t b\u00f6ten im Prinzip die Chance f\u00fcr Spezialisierungen, Arbeitsteilungen und die Schaffung notwendiger \u201e\u00dcberkapazit\u00e4ten\u201c, f\u00fcr internationale Entwicklungs- und Klimawende-Kooperation, wie Chinas Ministerpr\u00e4sident sie zuletzt auf den \u201eZwei Sitzungen\u201c im M\u00e4rz wieder angeboten hat und wie noch einige intelligente westliche Berater empfehlen, die die Entwicklung von \u201ereverse dependencies\u201c zwischen dem Westen und China und \u201estrategic entanglement\u201c statt De-Coupling vorschlagen<a href=\"#_edn32\" name=\"_ednref32\">[32]<\/a>. McKinsey, Wall Street Journal, Brookings, Roland Berger, Jeffrey Sachs,<a href=\"#_edn33\" name=\"_ednref33\">[33]<\/a> der VDA<a href=\"#_edn34\" name=\"_ednref34\">[34]<\/a>, Bloomberg und sogar die NZZ<a href=\"#_edn35\" name=\"_ednref35\">[35]<\/a> warnen vor der Totalabschottung. Bloomberg: Kein Protektionismus bringt die alte Industrie in den Westen zur\u00fcck, aber nun werden verheerende Barrieren gegen saubere Technologien errichtet.<a href=\"#_edn36\" name=\"_ednref36\">[36]<\/a><\/p>\n<p>Daran, bei Handelskonflikten das vom Westen selbst daf\u00fcr einst geschaffene Instrument, die WTO, anzurufen, denkt im Westen niemand mehr. Der Mohr hat seine Schuldigkeit getan, die WTO ihre ideologische Rolle in den 1990ern und fr\u00fchen 2000ern l\u00e4ngst ausgespielt. Sie wird seit langem von den USA boykottiert. Dem Westen geht es inzwischen um den finalen \u201eClash of Cultures\u201c, den Endkampf gegen China und Russland und die Unterwerfung aller Aufm\u00fcpfigen dieser Welt.<\/p>\n<h5>Die offenen Geheimnisse der chinesischen Effektivit\u00e4t<\/h5>\n<p>Die \u201eGeheimnisse\u201c des chinesischen sozio\u00f6konomischen Erfolges liegen ganz woanders und sind f\u00fcr jeden erkennbar, der sehen will:<\/p>\n<ul>\n<li>Jeder VWL- und BWL-Student im zweiten Semester kennt die Bedeutung der Gr\u00f6\u00dfe einer \u00d6konomie, schon bei Adam Smith 1776 als ein erster zentraler Faktor genannt. Economies of Scale (Ersparnisse der Markt- und Produktionsgr\u00f6\u00dfe). Eine \u00d6konomie mit 1,4Mrd. Einwohnern, die in die globalen mittleren Einkommens-Bereiche hineinwachsen, kann unter gegebenen technologischen Bedingungen ganz andere (niedrigere) St\u00fcckkosten realisieren als eine mit 80Mio. Einwohnern. Fords legend\u00e4res Model T, 1908 noch f\u00fcr 850$ verkauft, kostete 1925 nur noch 250$.<a href=\"#_edn37\" name=\"_ednref37\">[37]<\/a> Deshalb sagt die deutsche Industrie deutlich, dass, wenn sie von den blutorange-tarnfleckoliv-todschwarzen Kriegern gezwungen w\u00fcrde, ihrer Spaltung der Welt zu folgen und sich aus China zur\u00fcckzuziehen, sie weg w\u00e4re vom Fenster.<\/li>\n<li>China ist als sich rational und konsequent entwickelndes System aber eben auch in der Lage, komplette und effektive Wertsch\u00f6pfungsketten an allen Produktionszentren bereitzustellen. Millionen junge Gr\u00fcnderfirmen sorgen f\u00fcr eine Zuliefer-Infrastruktur und f\u00fcr regionale Cluster, die ihresgleichen auf der Welt suchen. Deutsche Firmen organisieren gezielt ihre Wertsch\u00f6pfungsketten mit chinesischen Zulieferern. F\u00e4llt einer aus, k\u00f6nnen drei andere einspringen. Deutsche \u201eTop-Tier\u201c-System-Zulieferer haben l\u00e4ngst ihre Produktions- und FuE-Standorte in China errichtet. Und die meiste FuE kommt heute bei ihnen allen aus ihren chinesischen Werken.<\/li>\n<li>Ebenso ist China in der Lage, vollst\u00e4ndige und effektive Infrastrukturen jeder Art kostenlos bereitstellen. Nicht umsonst ist China in der Kaufkraft bereits seit 2016 die Nr. 1 in der Welt: Kostenlose Infrastruktur-Nutzung ist ein wichtiger Faktor der Realeinkommen und der Kaufkraft der Haushalte. Aber eben auch der Kostenersparnis der Firmen. Wir reden sowohl von \u201eharten\u201c Infrastrukturen (Verkehr, Energie, IT \u2026) wie auch von weichen (sozialen) Infrastrukturen (Kooperationsstrukturen, \u00f6ffentliche Dienstleistungen, Gesundheitsdienste, Kinder-, M\u00fctter-, Familien-, Altenversorgung), die alle vor Ort vorhanden sind und zus\u00e4tzlich von den Industriest\u00e4dten bereitgestellt werden.<\/li>\n<li>Chinas Vorteil ist auch Bildung und Qualifikation der Arbeitskr\u00e4fte, gute Schulbildung, 600.000 neu ausgebildete Ingenieure jedes Jahr. Westliche Unternehmen in China mit Qualit\u00e4tsprodukten k\u00f6nnen sich trotz des Drucks der hohen L\u00f6hne und der h\u00f6heren Sozialabgaben, trotz politischer Regulierung und hohen Selbstbewusstseins und Aktivismus der chinesischen Arbeiter auch insofern im industriellen Paradies f\u00fchlen.<\/li>\n<li>Das alles sind nat\u00fcrlich ebenfalls Vorteile der chinesischen Unternehmen, die aber mental und kulturell darauf besser eingestellt und adaptiver zu sein scheinen. Kooperationen (Joint Ventures) deutscher Unternehmen auch mit chinesischen Wettbewerbern sind daher begehrt, besser und schneller k\u00f6nnen sie nicht lernen und gewinnen. Und insgesamt ist damit in China ein wirtschaftliches Umfeld entstanden, das der Kapitalismus sp\u00e4testens seit seiner neoliberal-oligopolistischen Phase, also seit Jahrzehnten nicht mehr kennt: In China selbst und durch chinesische Unternehmen weltweit wird wieder echter Preiswettbewerb zugunsten der K\u00e4ufer und Nutzer generiert. China hat die Konzerne gerade in den letzten Jahren einer harten Wettbewerbskultur unterworfen, und entsprechende Crackdowns auf die Oligopole des IT-, Immobilien-, Banken- und Finanzsektors waren und sind spektakul\u00e4r. China ist daher auch der \u201eFitnessclub\u201c der Welt f\u00fcr die deutsche Industrie geworden.<a href=\"#_edn38\" name=\"_ednref38\">[38]<\/a> Die westlichen Firmen und M\u00e4rkte kommen nun aber in Bedr\u00e4ngnis, weil chinesische Unternehmen weltweit ihre hohe Effektivit\u00e4t auch preislich weitergeben m\u00fcssen (und k\u00f6nnen). Das, obwohl der Yuan-Wechselkurs gestiegen ist und ihre Verkaufspreise in der EU, etwa f\u00fcr EVs, deutlich h\u00f6her sind als in China selbst. Gegen kreative und g\u00fcnstige chinesische EVs an der Front der technischen Entwicklung kommt nun die jahrzehntelang von Schr\u00f6der und Merkel gepamperte und gegen jeden \u00f6kologischen Fortschritt besch\u00fctzte deutsche Automobilindustrie nun technisch wie preislich nicht mehr an. Der Wertewesten reagiert damit, die eigene Gesellschaft gegen den Rest der Welt abzuschotten und mental einzumauern, die Welt in zwei Teile zu zerlegen. Sch\u00f6n wird das nicht werden f\u00fcr die B\u00fcrgerInnen im Westen.<\/li>\n<\/ul>\n<p>In Kreisen des deutschen Maschinenbaus muss man sich da realistisch informieren: Man erkennt auf den Punkt, warum z.B. Chinas Start-ups weltweit f\u00fchren: \u201eHarter Wettbewerb bei gleichzeitig guten Rahmenbedingungen\u201c.<a href=\"#_edn39\" name=\"_ednref39\">[39]<\/a><\/p>\n<p>\u201e\u00dcberkapazit\u00e4ten\u201c haben also viele Facetten, positive und negative Potentiale f\u00fcr die Menschheit. Den Verdummungsnarrativen des MIMPIK m\u00fcssen wir uns also nicht mehr ausliefern.<\/p>\n<h5>Reale Zukunftsprobleme<\/h5>\n<p>Politisch-\u00f6konomisch vorgebildete, kluge ZeitgenossInnen werden die Frage der \u201e\u00dcberkapazit\u00e4ten\u201c auch unter dem Aspekt kapitalistischer \u00dcberakkumulation und -produktion analysieren wollen (und m\u00fcssen). Konkrete Analysen heutiger \u00dcberakkumulations-Formen im niedergehenden neoliberalen Finanzkapitalismus im geopolitischen Kriegsmodus und in einer national industriepolitisch gesteuerten und profitm\u00e4\u00dfig regulierten Kapitalakkumulation in China sind ein weiteres Feld. Die \u201e\u00dcberkapazit\u00e4ten\u201c des westlichen MIMPIK-Zirkus m\u00fcssen zerlegt werden, um Platz zu schaffen f\u00fcr reale Problemanalysen. Fortsetzung hat zu folgen.<\/p>\n<p style=\"text-align: right;\"><em>Wolfram Elsner ist Professor f\u00fcr Volkswirtschaftslehre an der Uni Bremen. Er ist Autor und Herausgeber zahlreicher internationaler Publikationen und Lehrb\u00fccher<\/em><\/p>\n<p><span style=\"font-size: 10pt;\">Der Beitrag wurde am 11.06.2024 fertiggestellt und per Mail verbreitet. Wir danken dem Autor f\u00fcr das Recht zur Ver\u00f6ffentlichung.\u00a0<\/span><\/p>\n<hr \/>\n<p><strong>Download<\/strong><\/p>\n<p><img loading=\"lazy\" decoding=\"async\" data-attachment-id=\"1076\" data-permalink=\"https:\/\/www.freidenker.org\/?attachment_id=1076\" data-orig-file=\"https:\/\/i0.wp.com\/www.freidenker.org\/fw17\/wp-content\/uploads\/2017\/10\/pdf_icon-2.png?fit=32%2C32&amp;ssl=1\" data-orig-size=\"32,32\" data-comments-opened=\"0\" data-image-meta=\"{&quot;aperture&quot;:&quot;0&quot;,&quot;credit&quot;:&quot;&quot;,&quot;camera&quot;:&quot;&quot;,&quot;caption&quot;:&quot;&quot;,&quot;created_timestamp&quot;:&quot;0&quot;,&quot;copyright&quot;:&quot;&quot;,&quot;focal_length&quot;:&quot;0&quot;,&quot;iso&quot;:&quot;0&quot;,&quot;shutter_speed&quot;:&quot;0&quot;,&quot;title&quot;:&quot;&quot;,&quot;orientation&quot;:&quot;0&quot;}\" data-image-title=\"pdf_icon\" data-image-description=\"\" data-image-caption=\"\" data-large-file=\"https:\/\/i0.wp.com\/www.freidenker.org\/fw17\/wp-content\/uploads\/2017\/10\/pdf_icon-2.png?fit=32%2C32&amp;ssl=1\" class=\"alignnone size-full wp-image-1076\" src=\"https:\/\/i0.wp.com\/www.freidenker.org\/fw17\/wp-content\/uploads\/2017\/10\/pdf_icon-2.png?resize=32%2C32&amp;ssl=1\" alt=\"\" width=\"32\" height=\"32\" data-attachment-id=\"1076\" data-permalink=\"https:\/\/www.freidenker.org\/?attachment_id=1076\" data-orig-file=\"https:\/\/i0.wp.com\/www.freidenker.org\/fw17\/wp-content\/uploads\/2017\/10\/pdf_icon-2.png?fit=32%2C32&amp;ssl=1\" data-orig-size=\"32,32\" data-comments-opened=\"0\" data-image-meta=\"{&quot;aperture&quot;:&quot;0&quot;,&quot;credit&quot;:&quot;&quot;,&quot;camera&quot;:&quot;&quot;,&quot;caption&quot;:&quot;&quot;,&quot;created_timestamp&quot;:&quot;0&quot;,&quot;copyright&quot;:&quot;&quot;,&quot;focal_length&quot;:&quot;0&quot;,&quot;iso&quot;:&quot;0&quot;,&quot;shutter_speed&quot;:&quot;0&quot;,&quot;title&quot;:&quot;&quot;,&quot;orientation&quot;:&quot;0&quot;}\" data-image-title=\"pdf_icon\" data-image-description=\"\" data-image-caption=\"\" data-medium-file=\"https:\/\/i0.wp.com\/www.freidenker.org\/fw17\/wp-content\/uploads\/2017\/10\/pdf_icon-2.png?fit=32%2C32&amp;ssl=1\" data-large-file=\"https:\/\/i0.wp.com\/www.freidenker.org\/fw17\/wp-content\/uploads\/2017\/10\/pdf_icon-2.png?fit=32%2C32&amp;ssl=1\" data-recalc-dims=\"1\" \/>\u00a0Den\u00a0<a href=\"https:\/\/www.freidenker.org\/fw17\/wp-content\/uploads\/2024\/06\/Chinas_Ueberkapazitaeten_WElsner_lang_6_24.pdf\" target=\"_blank\" rel=\"noopener\">Beitrag als PDF-Dokument<\/a> ansehen oder herunterladen (PDF-Dokument, ca. 294 KB)<\/p>\n<hr \/>\n<p><strong>Quellen und Anmerkungen<\/strong><\/p>\n<p><a href=\"#_ednref1\" name=\"_edn1\">[1]<\/a> Fr\u00fcher sprach man vom Milit\u00e4risch-Industriellen Komplex MIK, der aber nur eine Fraktion des Herrschaftssystems abdeckte. In den neuen Kriegen des Kollektivwestens seit Jugoslawien 1999 entstand in der Literatur der MIMIC, der Milit\u00e4risch-Industriell-Medial-Intellektuelle Komplex. Wir haben leicht erweitert und die Priorit\u00e4tenfolge angepasst.<\/p>\n<p><a href=\"#_ednref2\" name=\"_edn2\">[2]<\/a> Z.B. <em>macrotrends<\/em>, <a href=\"https:\/\/www.macrotrends.net\/global-metrics\/countries\/CHN\/china\/trade-balance-deficit\">https:\/\/www.macrotrends.net\/global-metrics\/countries\/CHN\/china\/trade-balance-deficit<\/a>, oder Weltbank, <a href=\"https:\/\/data.worldbank.org\/indicator\/NE.EXP.GNFS.ZS?end=2022&amp;locations=%20CN&amp;start=1960&amp;view=chart\">https:\/\/data.worldbank.org\/indicator\/NE.EXP.GNFS.ZS?end=2022&amp;locations= CN&amp;start=1960&amp;view=chart<\/a>, beide besucht 19.5.24.<\/p>\n<p><a href=\"#_ednref3\" name=\"_edn3\">[3]<\/a> Im Englischen noch pr\u00e4senter: \u201eCapacity\u201c bedeutet zuerst \u201eF\u00e4higkeit\u201c.<\/p>\n<p><a href=\"#_ednref4\" name=\"_edn4\">[4]<\/a> D. Ricardo, <em>Principles of Political Economy and Taxation,<\/em> London: Murray, 1817, Ch. VII, On Foreign Trade.<\/p>\n<p><a href=\"#_ednref5\" name=\"_edn5\">[5]<\/a> F. List, <em>Das nationale System der politischen \u00d6konomie<\/em>, Stuttgart, Berlin: Cotta\u2019sche Buchhandlung Nachf., 1841, 8. Aufl. 1925.<\/p>\n<p><a href=\"#_ednref6\" name=\"_edn6\">[6]<\/a> Z.B. Newsletter <em>Chinah<\/em>, Sonderausgabe 4-24.<\/p>\n<p><a href=\"#_ednref7\" name=\"_edn7\">[7]<\/a> Z.B. <em>macrotrends<\/em>, <a href=\"https:\/\/www.macrotrends.net\/global-metrics\/countries\/DEU\/germany\/trade-balance-deficit\">https:\/\/www.macrotrends.net\/global-metrics\/countries\/DEU\/germany\/trade-balance-deficit<\/a>, besucht 19.5.24.<\/p>\n<p><a href=\"#_ednref8\" name=\"_edn8\">[8]<\/a> Z.B. <a href=\"https:\/\/www.bmwk.de\/Redaktion\/EN\/Publikationen\/Aussenwirtschaft\/facts-about-german-foreign-trade-2022.pdf?__blob=publicationFile&amp;v=1\">https:\/\/www.bmwk.de\/Redaktion\/EN\/Publikationen\/Aussenwirtschaft\/facts-about-german-foreign-trade-2022.pdf?__blob=publicationFile&amp;v=1<\/a>, besucht 19.5.24.<\/p>\n<p><a href=\"#_ednref9\" name=\"_edn9\">[9]<\/a> So J. Kronauer in der <em>jW<\/em> 15.5.24.<\/p>\n<p><a href=\"#_ednref10\" name=\"_edn10\">[10]<\/a> Z.B. A. Reich, Neue US-Strafz\u00f6lle gegen China, <em>jW<\/em> 15.5.24, S.1; W. Pomrehn, Von wegen \u201e\u00dcberkapazit\u00e4ten\u201c, <em>jW<\/em> 18.-20.5.24, S.9.<\/p>\n<p><a href=\"#_ednref11\" name=\"_edn11\">[11]<\/a> Ausf. z.B. W. Elsner, <em>China und der Westen<\/em>, K\u00f6ln: PapyRossa, 2022.<\/p>\n<p><a href=\"#_ednref12\" name=\"_edn12\"><sup>[12]<\/sup><\/a> Z.B.: O.A., Razzien im Morgengrauen, <em>Business Insider<\/em> 24.4.24, <a href=\"https:\/\/www.businessinsider.de\/wirt%20schaft\/eu-kommission-laesst-chinesisches-sicherheitsunternehmen-durchsuchen\/\">https:\/\/www.businessinsider.de\/wirt schaft\/eu-kommission-laesst-chinesisches-sicherheitsunternehmen-durchsuchen\/<\/a>, besucht 20.5.24.<\/p>\n<p><a href=\"#_ednref13\" name=\"_edn13\">[13]<\/a> Z.B. Newsletter <em>Chinah<\/em>, Sonderausgabe 4-24, S.6.<\/p>\n<p><a href=\"#_ednref14\" name=\"_edn14\">[14]<\/a> Ebd.<\/p>\n<p><a href=\"#_ednref15\" name=\"_edn15\">[15]<\/a> Z.B. H. Bork, Hype oder R\u00fcckstau bei chinesischen E-Autos?, <em>MaschinenMarkt<\/em> 9.5.24, https:\/\/www. maschinenmarkt.vogel.de\/hype \u2026<\/p>\n<p><a href=\"#_ednref16\" name=\"_edn16\">[16]<\/a> H. Flassbeck, \u201eMythos China \u2013 warum wir das Land nicht verstehen k\u00f6nnen und wollen\u201d, <em>Relevante \u00d6konomik<\/em>, <a href=\"http:\/\/www.relevante-oekonomik.com\/2023\/10\/23\/mythos\">www.relevante-oekonomik.com\/2023\/10\/23\/mythos<\/a>&#8230;, besucht 20.5.24.<\/p>\n<p><a href=\"#_ednref17\" name=\"_edn17\">[17]<\/a> Z.B. Statista, <a href=\"https:\/\/www.statista.com\/statistics\/263770\/gross-domestic-product-gdp-of-china\/\">https:\/\/www.statista.com\/statistics\/263770\/gross-domestic-product-gdp-of-china\/<\/a>; Nikkei Asia, <a href=\"https:\/\/asia.nikkei.com\/Economy\/Trade\/Mexico-replaces-China-as-top-exporter-to-U.S.-in-2023\">https:\/\/asia.nikkei.com\/Economy\/Trade\/Mexico-replaces-China-as-top-exporter-to-U.S.-in-2023<\/a>, alle besucht 9.6.24.<\/p>\n<p><a href=\"#_ednref18\" name=\"_edn18\">[18]<\/a> Shanghai Cooperation Organization: 9 Mitgliedsl\u00e4nder, 6 Dialogpartner, 3 Beobachter, 5 Dauerg\u00e4ste, 7 Bewerberstaaten.<\/p>\n<p><a href=\"#_ednref19\" name=\"_edn19\">[19]<\/a> Regional Comprehensive Economic Partnership: Seit Januar 2022 in Kraft, Freihandelszone zwischen16 s\u00fcdostasisatischen und pazifischen Staaten.<\/p>\n<p><a href=\"#_ednref20\" name=\"_edn20\">[20]<\/a> Ausf. z.B. D. Goldman, Debunking China\u2019s overcapacity myth, <em>Asia Times<\/em> 6.5.24, https:\/\/asiatimes. com\/ 2024\/05\/debunking &#8230;<\/p>\n<p><a href=\"#_ednref21\" name=\"_edn21\">[21]<\/a> Ebd.<\/p>\n<p><a href=\"#_ednref22\" name=\"_edn22\">[22]<\/a> Pomrehn, a.a.O.<\/p>\n<p><a href=\"#_ednref23\" name=\"_edn23\">[23]<\/a> Bork, a.a.O.<\/p>\n<p><a href=\"#_ednref24\" name=\"_edn24\">[24]<\/a> Z.B. Pomrehn, a.a.O.<\/p>\n<p><a href=\"#_ednref25\" name=\"_edn25\">[25]<\/a> Z.B. W. Hirn, \u201eKeine erneuerbaren Energien ohne China\u201c, <em>ChinaHirn<\/em> 16.6.22; <em>German Foreign Policy<\/em> 15.9.23; <em>South China Morning Post<\/em> 3.2.24.<\/p>\n<p><a href=\"#_ednref26\" name=\"_edn26\">[26]<\/a> Z.B. Pomrehn, a.a.O.<\/p>\n<p><a href=\"#_ednref27\" name=\"_edn27\">[27]<\/a> Z.B. Newsletter <em>Chinah<\/em>, Sonderausgabe 4-24, S.11.<\/p>\n<p><a href=\"#_ednref28\" name=\"_edn28\">[28]<\/a> Ma J., China\u2019s standing as \u2018world\u2019s factory\u2019 difficult to replace: Roland Berger Global Managing Director, <em>Global Times<\/em> 7.3.24, <a href=\"https:\/\/www.globaltimes.cn\/page\/202403\/1308410.shtml\">https:\/\/www.globaltimes.cn\/page\/202403\/1308410.shtml<\/a>, besucht 20.5.24.<\/p>\n<p><a href=\"#_ednref29\" name=\"_edn29\"><sup>[29]<\/sup><\/a> Z.B. D. Wetzel, \u201eMehr Fossile als je zuvor\u201c \u2013 der Mythos von der schnellen erneuerbaren Zukunft, <em>Die Welt<\/em> 24.4.24, <a href=\"https:\/\/www.welt.de\/wirtschaft\/plus250861880\/Energiewende-Mehr-Fossile-als-je-zuvor-Der-Mythos-von-der-schnellen-erneuerbaren-Zukunft.html\">https:\/\/www.welt.de\/wirtschaft\/plus250861880\/Energiewende-Mehr-Fossile<\/a> &#8230;, besucht 20.5.24.<\/p>\n<p><a href=\"#_ednref30\" name=\"_edn30\">[30]<\/a> Taiwan Semiconductor Manufacturing Company.<\/p>\n<p><a href=\"#_ednref31\" name=\"_edn31\">[31]<\/a> Z.B. Newsletter <em>Chinah<\/em>, Sonderausgabe 4-24, S.9.<\/p>\n<p><a href=\"#_ednref32\" name=\"_edn32\">[32]<\/a> Z.B. China Macro Group, <em>CMG Insights<\/em> 19, 14.5.24; McKinsey, Reconfiguring trade, https:\/\/www. mckinsey.com\/featured-insights\/sustainable &#8230;, 9.5.24.<\/p>\n<p><a href=\"#_ednref33\" name=\"_edn33\"><sup>[33]<\/sup><\/a> J. Sachs, US badmouthing of more competitive China imprudent, <em>Nation<\/em> 17.4.24, <a href=\"https:\/\/nation.africa\/kenya\/blogs-opinion\/blogs\/sachs-us-badmouthing\">https:\/\/nation.africa\/kenya\/blogs-opinion\/blogs\/sachs-us-badmouthing<\/a> \u2026, besucht 20.5.24.<\/p>\n<p><a href=\"#_ednref34\" name=\"_edn34\"><sup>[34]<\/sup><\/a> Verband der Automobilindustrie, \u201eEU: Deutsche Autobauer gegen Strafz\u00f6lle auf chinesische E-Autos\u201c, <em>Autohaus<\/em> 15.4.24; <a href=\"https:\/\/www.autohaus.de\/nachrichten\/autohersteller\/eu-deutsche-autobauer-gegen-strafzoelle-auf-chinesische-e-autos-3503478\">https:\/\/www.autohaus.de\/nachrichten\/autohersteller\/eu-deutsche-autobauer<\/a> &#8230;, besucht 20.5.24.<\/p>\n<p><a href=\"#_ednref35\" name=\"_edn35\"><sup>[35]<\/sup><\/a> P. Fischer, Chinas \u00ab\u00dcberkapazit\u00e4ten\u00bb: Das westliche Jammern ist scheinheilig und kurzsichtig, <em>NZZ<\/em> 19.4 .24, <a href=\"https:\/\/www.nzz.ch\/meinung\/chinas-exporte-das-westliche-jammern\">https:\/\/www.nzz.ch\/meinung\/chinas-exporte-das-westliche-jammern<\/a> &#8230;, besucht 20.5.24.<\/p>\n<p><a href=\"#_ednref36\" name=\"_edn36\">[36]<\/a> D. Fickling, Yellen\u2019s Steel History Lesson Draws the Wrong Conclusion, <em>Bloomberg<\/em> 2.4.24, <a href=\"https:\/\/www.bloomberg.com\/opinion\/articles\/2024-04-02\/us-china-yellen-s-steel-argument-will-hurt-clean-technology\">https:\/\/www.bloomberg.com\/opinion\/articles\/2024-04-02\/us-china-yellen-s<\/a> &#8230;, besucht 20.5.24.<\/p>\n<p><a href=\"#_ednref37\" name=\"_edn37\">[37]<\/a> Goldman, a.a.O.<\/p>\n<p><a href=\"#_ednref38\" name=\"_edn38\">[38]<\/a> J. Wuttke, ehem. Pr\u00e4s. d. EU-Handelskammer in China, <em>WirtschaftsWoche<\/em> 2.5.21, https:\/\/www.wi wo.de\/my\/politik\/ausland\/interview-mit-joerg-wuttke \u2026, besucht 20.5.24.<\/p>\n<p><a href=\"#_ednref39\" name=\"_edn39\">[39]<\/a> H. Bork, Die 5 hei\u00dfesten Start-ups in der chinesischen Fertigungsindustrie 2024, <em>China Market Insider<\/em>, <em>MaschinenMarkt<\/em>, 30.5.24, <a href=\"https:\/\/www.maschinenmarkt.vogel.de\/chinesische-industrie-start-ups-harter-wettbewerb-a-e275ebca9a2a3add09674ce038644a29\/\">https:\/\/www.maschinenmarkt.vogel.de\/chinesische-industrie-start-ups-harter-wettbewerb-a-e275ebca9a2a3add09674ce038644a29\/<\/a>, besucht 9.6.24.<\/p>\n<hr \/>\n<p><span style=\"font-size: 10pt;\">Bild oben: Symbolbild. KI-generiert mit <a href=\"https:\/\/ki-bild-erstellen.de\/\" target=\"_blank\" rel=\"noopener\">https:\/\/ki-bild-erstellen.de<\/a><\/span><\/p>\n","protected":false},"excerpt":{"rendered":"<p><b>Beitrag von Wolfram Elsner<\/b><br \/>\nDie hoffentlich letzte \u201eeinzige Weltmacht\u201c der Menschheitsgeschichte ist im unvermeidlichen und umfassenden Niedergang, und mit ihr ihr Trabantensystem um EU, Japan und andere. Den Prozess zu einer neuartigen Weltstruktur mit gr\u00f6\u00dferer Gleichberechtigung und Multipolarit\u00e4t will das Ex-Hegemonialsystem, das noch etwa 14% der Weltbev\u00f6lkerung repr\u00e4sentiert, aber unter keinen Umst\u00e4nden hinnehmen. So wurden hybride Kriege gegen die zu neuen Feinden erkl\u00e4rten Aufsteiger entwickelt, der koordinierte Einsatz aller bekannten einzelnen Kriegsformen, milit\u00e4rische, geheimdienstliche, politische, wirtschaftlich-finanzielle und ideologische. Daf\u00fcr muss nun auch das eigene System umgebaut, m\u00fcssen die Institutionen der Herrschaft reorganisiert werden. Freundliche parlamentarische Vertreterdemokratie war gestern, denn es wird nun \u00fcberall eng f\u00fcrs imperiale System.<\/p>\n","protected":false},"author":3,"featured_media":19345,"comment_status":"closed","ping_status":"closed","sticky":false,"template":"","format":"standard","meta":{"colormag_page_container_layout":"default_layout","colormag_page_sidebar_layout":"default_layout","advanced_seo_description":"","jetpack_seo_html_title":"","jetpack_seo_noindex":false,"jetpack_post_was_ever_published":false,"footnotes":""},"categories":[12],"tags":[1611,413,182,1843,1494,1155,1402,2233,1803,2060,1355,2234,2076,2230,185,2231,2232],"class_list":["post-19342","post","type-post","status-publish","format-standard","has-post-thumbnail","hentry","category-demokratie-medien-aufklaerung","tag-binnenmarkt","tag-china","tag-eu","tag-export","tag-handel","tag-hegemonie","tag-industrialisierung","tag-klimawende","tag-klimaziele","tag-konkurrenz","tag-militaerisch-industrieller-komplex","tag-strukturwandel","tag-subventionen","tag-ueberkapazitaeten","tag-usa","tag-weltmarkt","tag-zoelle"],"jetpack_featured_media_url":"https:\/\/i0.wp.com\/www.freidenker.org\/fw17\/wp-content\/uploads\/2024\/06\/KI-autos_ueberprodukt_fahne_800x450.jpg?fit=800%2C450&ssl=1","jetpack_shortlink":"https:\/\/wp.me\/p9stpK-51Y","jetpack-related-posts":[{"id":23111,"url":"https:\/\/www.freidenker.org\/?p=23111","url_meta":{"origin":19342,"position":0},"title":"Das Ende ist eingeleitet: Ukraine pleite \u2013 EU zerf\u00e4llt","author":"Webredaktion","date":"13. Oktober 2025","format":false,"excerpt":"Beitrag von Gert Ewen Ungar Die politische Krise in Frankreich ist nur ein Symptom einer tiefer liegenden Krise der EU. Die Europ\u00e4ische Union hat mit ihrem Willen zur Unterst\u00fctzung der Ukraine ihren Mitgliedstaaten zu viel aufgeb\u00fcrdet. Sie bluten finanziell aus, ihre Gesellschaften werden instabil. Der Zerfall der EU beginnt. [...]\u2026","rel":"","context":"In &quot;Demokratie \u2013 Medien \u2013 Aufkl\u00e4rung&quot;","block_context":{"text":"Demokratie \u2013 Medien \u2013 Aufkl\u00e4rung","link":"https:\/\/www.freidenker.org\/?cat=12"},"img":{"alt_text":"","src":"https:\/\/i0.wp.com\/www.freidenker.org\/fw17\/wp-content\/uploads\/2025\/10\/eu-flagge_stein_800x450.jpg?fit=800%2C450&ssl=1&resize=350%2C200","width":350,"height":200,"srcset":"https:\/\/i0.wp.com\/www.freidenker.org\/fw17\/wp-content\/uploads\/2025\/10\/eu-flagge_stein_800x450.jpg?fit=800%2C450&ssl=1&resize=350%2C200 1x, https:\/\/i0.wp.com\/www.freidenker.org\/fw17\/wp-content\/uploads\/2025\/10\/eu-flagge_stein_800x450.jpg?fit=800%2C450&ssl=1&resize=525%2C300 1.5x, https:\/\/i0.wp.com\/www.freidenker.org\/fw17\/wp-content\/uploads\/2025\/10\/eu-flagge_stein_800x450.jpg?fit=800%2C450&ssl=1&resize=700%2C400 2x"},"classes":[]},{"id":22772,"url":"https:\/\/www.freidenker.org\/?p=22772","url_meta":{"origin":19342,"position":1},"title":"Zum SOZ-Gipfel: Europas Niedergang als abschreckendes Beispiel","author":"Webredaktion","date":"8. September 2025","format":false,"excerpt":"Beitrag von Rainer Rupp W\u00e4hrend sich\u00a0vom 31. August bis zum 1. September\u00a0die Staatschefs der Welt beim Gipfel der Schanghaier Organisation f\u00fcr Zusammenarbeit (SOZ) in Tianjin versammelten, richtete sich der Focus auf die neu entstehende multipolare Weltordnung, in der drei der vier Weltm\u00e4chte vereint sind: China, Indien und Russland, zusammen mit\u2026","rel":"","context":"In &quot;Demokratie \u2013 Medien \u2013 Aufkl\u00e4rung&quot;","block_context":{"text":"Demokratie \u2013 Medien \u2013 Aufkl\u00e4rung","link":"https:\/\/www.freidenker.org\/?cat=12"},"img":{"alt_text":"","src":"https:\/\/i0.wp.com\/www.freidenker.org\/fw17\/wp-content\/uploads\/2025\/09\/SOZ-Gipfel_2025_KI_von_RT-DE_800x450.jpg?fit=800%2C450&ssl=1&resize=350%2C200","width":350,"height":200,"srcset":"https:\/\/i0.wp.com\/www.freidenker.org\/fw17\/wp-content\/uploads\/2025\/09\/SOZ-Gipfel_2025_KI_von_RT-DE_800x450.jpg?fit=800%2C450&ssl=1&resize=350%2C200 1x, https:\/\/i0.wp.com\/www.freidenker.org\/fw17\/wp-content\/uploads\/2025\/09\/SOZ-Gipfel_2025_KI_von_RT-DE_800x450.jpg?fit=800%2C450&ssl=1&resize=525%2C300 1.5x, https:\/\/i0.wp.com\/www.freidenker.org\/fw17\/wp-content\/uploads\/2025\/09\/SOZ-Gipfel_2025_KI_von_RT-DE_800x450.jpg?fit=800%2C450&ssl=1&resize=700%2C400 2x"},"classes":[]},{"id":21437,"url":"https:\/\/www.freidenker.org\/?p=21437","url_meta":{"origin":19342,"position":2},"title":"Trump bef\u00f6rdert Machtverschiebung von EU-Br\u00fcssel zur\u00fcck zu Mitgliedsstaaten","author":"Webredaktion","date":"11. April 2025","format":false,"excerpt":"Beitrag von Rainer Rupp Ein eisiger Wind weht zwischen Br\u00fcssel und Washington. Trump benimmt sich gegen\u00fcber den europ\u00e4ischen US-Vasallen, wie dies die r\u00f6mischen Gott-Kaiser einst mit ihren Untertanen in Rom taten. Er \u2013 und nur er pers\u00f6nlich \u2013 entscheidet, wer was, wo tun und nicht tun darf. Die EU-Kommissionspr\u00e4sidentin Ursula\u2026","rel":"","context":"In &quot;Demokratie \u2013 Medien \u2013 Aufkl\u00e4rung&quot;","block_context":{"text":"Demokratie \u2013 Medien \u2013 Aufkl\u00e4rung","link":"https:\/\/www.freidenker.org\/?cat=12"},"img":{"alt_text":"","src":"https:\/\/i0.wp.com\/www.freidenker.org\/fw17\/wp-content\/uploads\/2025\/04\/Giorgia_Meloni_at_the_Special_European_Council_-_February_2023_06_800x450.jpg?fit=800%2C450&ssl=1&resize=350%2C200","width":350,"height":200,"srcset":"https:\/\/i0.wp.com\/www.freidenker.org\/fw17\/wp-content\/uploads\/2025\/04\/Giorgia_Meloni_at_the_Special_European_Council_-_February_2023_06_800x450.jpg?fit=800%2C450&ssl=1&resize=350%2C200 1x, https:\/\/i0.wp.com\/www.freidenker.org\/fw17\/wp-content\/uploads\/2025\/04\/Giorgia_Meloni_at_the_Special_European_Council_-_February_2023_06_800x450.jpg?fit=800%2C450&ssl=1&resize=525%2C300 1.5x, https:\/\/i0.wp.com\/www.freidenker.org\/fw17\/wp-content\/uploads\/2025\/04\/Giorgia_Meloni_at_the_Special_European_Council_-_February_2023_06_800x450.jpg?fit=800%2C450&ssl=1&resize=700%2C400 2x"},"classes":[]},{"id":23108,"url":"https:\/\/www.freidenker.org\/?p=23108","url_meta":{"origin":19342,"position":3},"title":"Verk\u00f6rperung des Niedergangs der EU","author":"Webredaktion","date":"13. Oktober 2025","format":false,"excerpt":"Ein Kommentar von\u00a0Rainer Rupp. Das Europ\u00e4ische Parlament pr\u00fcfte diese Woche gleich zwei Misstrauensantr\u00e4ge gegen die abgehobene, aber inkompetente Frau an der Spitze der EU-Kommission. Obwohl beide Antr\u00e4ge scheiterten, wird europaweit dennoch die Frage gestellt, wie lange sie sich noch in ihrer Position halten kann und ob die zunehmende Kritik an\u2026","rel":"","context":"In &quot;Demokratie \u2013 Medien \u2013 Aufkl\u00e4rung&quot;","block_context":{"text":"Demokratie \u2013 Medien \u2013 Aufkl\u00e4rung","link":"https:\/\/www.freidenker.org\/?cat=12"},"img":{"alt_text":"","src":"https:\/\/i0.wp.com\/www.freidenker.org\/fw17\/wp-content\/uploads\/2025\/10\/Ursula_von_der_Leyen_in_Scotland_July_27_2025_800x450.jpg?fit=800%2C450&ssl=1&resize=350%2C200","width":350,"height":200,"srcset":"https:\/\/i0.wp.com\/www.freidenker.org\/fw17\/wp-content\/uploads\/2025\/10\/Ursula_von_der_Leyen_in_Scotland_July_27_2025_800x450.jpg?fit=800%2C450&ssl=1&resize=350%2C200 1x, https:\/\/i0.wp.com\/www.freidenker.org\/fw17\/wp-content\/uploads\/2025\/10\/Ursula_von_der_Leyen_in_Scotland_July_27_2025_800x450.jpg?fit=800%2C450&ssl=1&resize=525%2C300 1.5x, https:\/\/i0.wp.com\/www.freidenker.org\/fw17\/wp-content\/uploads\/2025\/10\/Ursula_von_der_Leyen_in_Scotland_July_27_2025_800x450.jpg?fit=800%2C450&ssl=1&resize=700%2C400 2x"},"classes":[]},{"id":24725,"url":"https:\/\/www.freidenker.org\/?p=24725","url_meta":{"origin":19342,"position":4},"title":"Russland, China und der Selbstmord des US-Imperiums in Iran","author":"Webredaktion","date":"25. M\u00e4rz 2026","format":false,"excerpt":"Beitrag von Rainer Rupp In einem brisanten Gespr\u00e4ch mit Judge Andrew Napolitano kam der norwegische Geopolitik-Experte, Prof. Glenn Diesen, am 18. M\u00e4rz 2026 zu dem Schluss, dass der brutale, unprovozierte, hinterh\u00e4ltige und v\u00f6lkerrechtswidrige Angriffskrieg der USA und Israels gegen Iran der letzte Versuch Washingtons war, den relativen Niedergang des US-Imperiums\u2026","rel":"","context":"In &quot;Demokratie \u2013 Medien \u2013 Aufkl\u00e4rung&quot;","block_context":{"text":"Demokratie \u2013 Medien \u2013 Aufkl\u00e4rung","link":"https:\/\/www.freidenker.org\/?cat=12"},"img":{"alt_text":"","src":"https:\/\/i0.wp.com\/www.freidenker.org\/fw17\/wp-content\/uploads\/2026\/03\/trump_netanjahu_sandkasten_800x450.jpg?fit=800%2C450&ssl=1&resize=350%2C200","width":350,"height":200,"srcset":"https:\/\/i0.wp.com\/www.freidenker.org\/fw17\/wp-content\/uploads\/2026\/03\/trump_netanjahu_sandkasten_800x450.jpg?fit=800%2C450&ssl=1&resize=350%2C200 1x, https:\/\/i0.wp.com\/www.freidenker.org\/fw17\/wp-content\/uploads\/2026\/03\/trump_netanjahu_sandkasten_800x450.jpg?fit=800%2C450&ssl=1&resize=525%2C300 1.5x, https:\/\/i0.wp.com\/www.freidenker.org\/fw17\/wp-content\/uploads\/2026\/03\/trump_netanjahu_sandkasten_800x450.jpg?fit=800%2C450&ssl=1&resize=700%2C400 2x"},"classes":[]},{"id":24124,"url":"https:\/\/www.freidenker.org\/?p=24124","url_meta":{"origin":19342,"position":5},"title":"Alles wie gehabt: USA mit M\u00f6rder-Pr\u00e4sident an der Spitze","author":"Webredaktion","date":"3. Januar 2026","format":false,"excerpt":"Erkl\u00e4rung des Deutschen Freidenker-Verbandes, Kommuniqu\u00e9 der Regierung Venezuelas zur US-Aggression und Erkl\u00e4rung der Antiimperialistischen Koordination (AIK) Der Deutsche Freidenker-Verband verurteilt den v\u00f6lkerrechtswidrigen Angriffskrieg der USA gegen das souver\u00e4ne und freiheitsliebende Venezuela. Das Kidnapping des gew\u00e4hlten Pr\u00e4sidenten der Bolivarischen Republik Nicol\u00e1s Maduro ist ein krimineller Piratenakt. Der Einsatz brutaler milit\u00e4rischer Gewalt\u2026","rel":"","context":"In &quot;Frieden - Antifaschismus - Solidarit\u00e4t&quot;","block_context":{"text":"Frieden - Antifaschismus - Solidarit\u00e4t","link":"https:\/\/www.freidenker.org\/?cat=13"},"img":{"alt_text":"","src":"https:\/\/i0.wp.com\/www.freidenker.org\/fw17\/wp-content\/uploads\/2026\/01\/angriff_auf_venezuela_02_800x450.jpg?fit=800%2C450&ssl=1&resize=350%2C200","width":350,"height":200,"srcset":"https:\/\/i0.wp.com\/www.freidenker.org\/fw17\/wp-content\/uploads\/2026\/01\/angriff_auf_venezuela_02_800x450.jpg?fit=800%2C450&ssl=1&resize=350%2C200 1x, https:\/\/i0.wp.com\/www.freidenker.org\/fw17\/wp-content\/uploads\/2026\/01\/angriff_auf_venezuela_02_800x450.jpg?fit=800%2C450&ssl=1&resize=525%2C300 1.5x, https:\/\/i0.wp.com\/www.freidenker.org\/fw17\/wp-content\/uploads\/2026\/01\/angriff_auf_venezuela_02_800x450.jpg?fit=800%2C450&ssl=1&resize=700%2C400 2x"},"classes":[]}],"_links":{"self":[{"href":"https:\/\/www.freidenker.org\/index.php?rest_route=\/wp\/v2\/posts\/19342","targetHints":{"allow":["GET"]}}],"collection":[{"href":"https:\/\/www.freidenker.org\/index.php?rest_route=\/wp\/v2\/posts"}],"about":[{"href":"https:\/\/www.freidenker.org\/index.php?rest_route=\/wp\/v2\/types\/post"}],"author":[{"embeddable":true,"href":"https:\/\/www.freidenker.org\/index.php?rest_route=\/wp\/v2\/users\/3"}],"replies":[{"embeddable":true,"href":"https:\/\/www.freidenker.org\/index.php?rest_route=%2Fwp%2Fv2%2Fcomments&post=19342"}],"version-history":[{"count":0,"href":"https:\/\/www.freidenker.org\/index.php?rest_route=\/wp\/v2\/posts\/19342\/revisions"}],"wp:featuredmedia":[{"embeddable":true,"href":"https:\/\/www.freidenker.org\/index.php?rest_route=\/wp\/v2\/media\/19345"}],"wp:attachment":[{"href":"https:\/\/www.freidenker.org\/index.php?rest_route=%2Fwp%2Fv2%2Fmedia&parent=19342"}],"wp:term":[{"taxonomy":"category","embeddable":true,"href":"https:\/\/www.freidenker.org\/index.php?rest_route=%2Fwp%2Fv2%2Fcategories&post=19342"},{"taxonomy":"post_tag","embeddable":true,"href":"https:\/\/www.freidenker.org\/index.php?rest_route=%2Fwp%2Fv2%2Ftags&post=19342"}],"curies":[{"name":"wp","href":"https:\/\/api.w.org\/{rel}","templated":true}]}}