{"id":19332,"date":"2024-06-13T03:01:53","date_gmt":"2024-06-13T01:01:53","guid":{"rendered":"https:\/\/www.freidenker.org\/?p=19332"},"modified":"2024-07-10T12:43:02","modified_gmt":"2024-07-10T10:43:02","slug":"selenskyj-im-bundestag-ohne-bsw-und-afd","status":"publish","type":"post","link":"https:\/\/www.freidenker.org\/?p=19332","title":{"rendered":"Selenskyj im Bundestag: Ohne BSW und AfD"},"content":{"rendered":"<p><em>Am Dienstag hielt der russische Kom\u00f6diant, Schauspieler, ehemalige Pr\u00e4sident und derzeitige Diktator der Ukraine, Wolodymyr Selenskyj, eine Rede vor dem Deutschen Bundestag, um f\u00fcr weitere Unterst\u00fctzung seines Krieges gegen Russland bis zum letzten Ukrainer zu werben. Zwei Gruppierungen des Parlaments blieben dem makabren Zirkus erkl\u00e4rterma\u00dfen fern. Wir dokumentieren ihre Begr\u00fcndungen.<\/em><\/p>\n<p style=\"text-align: right;\"><em>Webredaktion<\/em><\/p>\n<hr \/>\n<h4 class=\"textGradient\">Warum die BSW-Gruppe dem Auftritt des ukrainischen Pr\u00e4sidenten im Deutschen Bundestag fernbleibt<\/h4>\n<p class=\"has-text-align-left\">Als Gruppe BSW im Bundestag verurteilen wir den v\u00f6lkerrechtswidrigen Krieg Russlands in der Ukraine. Den Opfern dieses Krieges gelten unsere Solidarit\u00e4t und unser Mitgef\u00fchl. Allen, die daf\u00fcr verantwortlich sind, das Leid und das Sterben in der Ukraine zu verl\u00e4ngern, gilt unser entschiedener Widerstand. Dieser Krieg muss so schnell wie m\u00f6glich beendet werden. Zugleich m\u00fcssen wir alles daf\u00fcr tun, dass Deutschland nicht Kriegspartei wird und der Konflikt sich nicht zu einem gro\u00dfen europ\u00e4ischen Krieg ausweitet.<\/p>\n<p class=\"has-text-align-left\">Die j\u00fcngsten Signale aus Moskau, zu einem Waffenstillstand entlang der jetzigen Frontlinie bereit zu sein und eine Friedensl\u00f6sung anzustreben, sollten von westlicher und ukrainischer Seite aufgegriffen und auf ihre Ernsthaftigkeit gepr\u00fcft werden.<\/p>\n<p class=\"has-text-align-left\">Stattdessen geht es in der deutschen Ukraine-Debatte seit zwei Jahren ausschlie\u00dflich darum, den ukrainischen W\u00fcnschen nach immer mehr Waffenlieferungen nachzukommen. Die einzige Antwort der Bundesregierung auf das Verhandlungsangebot Russlands bestand darin, der Ukraine jetzt auch zu erlauben, mit deutschen Waffen Ziele in Russland anzugreifen. Milit\u00e4risch ist diese Strategie erfolglos: weit entfernt davon, die Lage zugunsten der Ukraine zu wenden, hat sich die Front immer st\u00e4rker zu ihren Lasten verschoben. Angesichts dessen setzt die Regierung Selenskyj mittlerweile nach dem Urteil vieler internationaler Beobachter auf eine offene Eskalation des Krieges und einen unmittelbaren Kriegseintritt der NATO. Der j\u00fcngste zweimalige Angriff auf das Fr\u00fchwarnsystem der strategischen Atomstreitkr\u00e4fte Russlands ist der bisherige Gipfel dieser hochgef\u00e4hrlichen Strategie. Wir halten das f\u00fcr unverantwortlich.<\/p>\n<p class=\"has-text-align-left\">Der Aufruf von Papst Franziskus zur Aufnahme von Friedensverhandlungen unter internationaler Vermittlung sollte auch vom Westen und von der ukrainischen Regierung aufgegriffen werden. Diesem Anliegen haben auch der t\u00fcrkische Vorschlag eines Friedensgipfels und die Vermittlungsgespr\u00e4che des Sondergesandten der Volksrepublik China Rechnung getragen. Pr\u00e4sident Selenskyj indessen hat bisher alle diesbez\u00fcglichen Initiativen zur\u00fcckgewiesen. Seit Ende September 2022 gilt in der Ukraine sein Dekret, das Verhandlungen mit Russland sogar ausdr\u00fccklich verbietet.<\/p>\n<p class=\"has-text-align-left\">Pr\u00e4sident Selenskyj tr\u00e4gt leider aktuell dazu bei, eine hochgef\u00e4hrliche Eskalationsspirale zu bef\u00f6rdern und nimmt dabei das Risiko eines atomaren Konflikts mit verheerenden Konsequenzen f\u00fcr ganz Europa in Kauf. Dies haben auch seine bisherigen Auftritte in Europ\u00e4ischen Parlamenten gezeigt. Daher sollte er im Deutschen Bundestag nicht mit einer Sonderveranstaltung gew\u00fcrdigt werden, denn das ist kein kritischer Dialog, wie er n\u00f6tig w\u00e4re, sondern das Symbol der kritiklosen Zustimmung zu seiner Politik. Das k\u00f6nnen wir als BSW nicht unterst\u00fctzen. Deutschland ist mittlerweile der gr\u00f6\u00dfte europ\u00e4ische Waffenlieferant der Ukraine. Die Bundesregierung sollte ihren Einfluss auf Selenskyj geltend machen, damit er sich f\u00fcr Friedensgespr\u00e4che bereit erkl\u00e4rt. Kriege beendet man nicht mit Waffen, Kriege beendet man durch Friedensverhandlungen.<\/p>\n<p><span style=\"font-size: 10pt;\">Quelle: <a href=\"https:\/\/bsw-bt.de\/warum-die-bsw-gruppe-dem-auftritt-des-ukrainischen-praesidenten-im-deutschen-bundestag-fernbleibt\/\" target=\"_blank\" rel=\"noopener\">https:\/\/bsw-bt.de\/warum-die-bsw-gruppe-dem-auftritt-des-ukrainischen-praesidenten-im-deutschen-bundestag-fernbleibt\/<\/a><\/span><\/p>\n<hr \/>\n<h4 class=\"fusion-title-heading title-heading-left fusion-responsive-typography-calculated\">Alice Weidel\/Tino Chrupalla: AfD-Fraktion lehnt Rede von Selenskyj im Bundestag ab<\/h4>\n<div class=\"fusion-content-tb fusion-content-tb-1\">\n<p><strong>Berlin, 11. Juni 2024. Heute redet Wolodymyr Selenskyj, dessen Amtszeit als Pr\u00e4sident der Ukraine am 21. Mai geendet ist, vor dem Deutschen Bundestag. Er fordert Waffen und Milliarden f\u00fcr den Wiederaufbau. Dazu erkl\u00e4ren die Vorsitzenden der AfD-Bundestagsfraktion, Alice Weidel und Tino Chrupalla:<\/strong><\/p>\n<p>\u201eWir lehnen es ab, einen Redner im Tarnanzug anzuh\u00f6ren. Selenskyjs Amtszeit ist abgelaufen. Er ist nur noch als Kriegs- und Bettelpr\u00e4sident im Amt. Die Ukraine braucht jetzt aber keinen Kriegspr\u00e4sidenten, sie braucht einen verhandlungsbereiten Friedenspr\u00e4sidenten, damit das Sterben aufh\u00f6rt und das Land eine Zukunft hat.<\/p>\n<p>Der Fraktionsvorstand hat gestern beschlossen, der Rede von Selenskyj fernzubleiben. Dem ist die Fraktionsversammlung heute gefolgt. Die Bundesregierung sollte ihm keine B\u00fchne f\u00fcr Wiederaufbaubettelei geben. Die B\u00fcrger zahlen mehr als genug f\u00fcr Milit\u00e4rhilfe, EU-Hilfe und B\u00fcrgergeld f\u00fcr Ukrainer. Jetzt soll deutsches Steuergeld verschleudert werden f\u00fcr BlackRock und andere Investoren, die am Wiederaufbau beteiligt sind. Das lehnen wir ab. F\u00fcr uns stehen die eigenen Leute an erster Stelle.<\/p>\n<p>Genug ist genug. Die Bundesregierung muss sich mit Diplomatie f\u00fcr Frieden in der Ukraine einsetzen. Erst nach Friedensschluss kann man \u00fcber Wiederaufbau reden. Jetzt ist h\u00f6chste Zeit f\u00fcr Frieden und Diplomatie.\u201c<\/p>\n<p><span style=\"font-size: 10pt;\">Quelle: <a href=\"https:\/\/afdbundestag.de\/alice-weidel-tino-chrupalla-afd-fraktion-lehnt-rede-von-selenskyj-im-bundestag-ab\/\" target=\"_blank\" rel=\"noopener\">https:\/\/afdbundestag.de\/alice-weidel-tino-chrupalla-afd-fraktion-lehnt-rede-von-selenskyj-im-bundestag-ab\/<\/a><\/span><\/p>\n<hr \/>\n<p><span style=\"font-size: 10pt;\">Bild oben: Wolodymyr Selenskyj im Deutschen Bundestag am 11.06.2024. Links zu erkennen: Die leeren Sitze der AfD-Fraktion<\/span><br \/>\n<span style=\"font-size: 10pt;\">Foto: <a href=\"https:\/\/www.president.gov.ua\" target=\"_blank\" rel=\"noopener\">https:\/\/www.president.gov.ua<\/a>\/ Lizenz: <span class=\"alt-titles\"><span class=\"tool-identifier\"><a href=\"https:\/\/creativecommons.org\/licenses\/by-nc-nd\/4.0\/\" target=\"_blank\" rel=\"noopener\">CC BY-NC-ND 4.0<\/a><br \/>\nQ<\/span><\/span>uelle: <a href=\"https:\/\/www.president.gov.ua\/en\/news\/nashe-z-vami-liderstvo-ta-volya-ukrayinciv-mayut-spracyuvati-91449\" target=\"_blank\" rel=\"noopener\">https:\/\/www.president.gov.ua\/en\/news\/nashe-z-vami-liderstvo-ta-volya-ukrayinciv-mayut-spracyuvati-91449<\/a><\/span><\/p>\n<\/div>\n","protected":false},"excerpt":{"rendered":"<p>Am Dienstag (11.06.2024) hielt der russische Kom\u00f6diant, Schauspieler, ehemalige Pr\u00e4sident und derzeitige Diktator der Ukraine, Wolodymyr Selenskyj, eine Rede vor dem Deutschen Bundestag, um f\u00fcr weitere Unterst\u00fctzung seines Krieges gegen Russland bis zum letzten Ukrainer zu werben. Zwei Gruppierungen des Parlaments blieben dem makabren Zirkus erkl\u00e4rterma\u00dfen fern. Wir dokumentieren ihre Begr\u00fcndungen.<br \/>\n&#8211; Warum die BSW-Gruppe dem Auftritt des ukrainischen Pr\u00e4sidenten im Deutschen Bundestag fernbleibt<br \/>\n&#8211; AfD-Fraktion lehnt Rede von Selenskyj im Bundestag ab<\/p>\n","protected":false},"author":3,"featured_media":19333,"comment_status":"closed","ping_status":"closed","sticky":false,"template":"","format":"standard","meta":{"colormag_page_container_layout":"default_layout","colormag_page_sidebar_layout":"default_layout","advanced_seo_description":"","jetpack_seo_html_title":"","jetpack_seo_noindex":false,"jetpack_post_was_ever_published":false,"footnotes":""},"categories":[13],"tags":[1031,2237,477,335,188,390,1815,1111,639,1715,1525],"class_list":["post-19332","post","type-post","status-publish","format-standard","has-post-thumbnail","hentry","category-frieden-antifaschismus-solidaritaet","tag-afd","tag-bsw","tag-bundestag","tag-frieden","tag-krieg","tag-papst","tag-selenskyj","tag-ukraine","tag-ukraine-konflikt","tag-verhandlungen","tag-waffenlieferungen"],"jetpack_featured_media_url":"https:\/\/i0.wp.com\/www.freidenker.org\/fw17\/wp-content\/uploads\/2024\/06\/Selenskyj_im_Bundestag_800x450.jpg?fit=800%2C450&ssl=1","jetpack_shortlink":"https:\/\/wp.me\/p9stpK-51O","jetpack-related-posts":[{"id":19477,"url":"https:\/\/www.freidenker.org\/?p=19477","url_meta":{"origin":19332,"position":0},"title":"Was ist los mit dem B\u00fcndnis Sahra Wagenknecht?","author":"Webredaktion","date":"9. Juli 2024","format":false,"excerpt":"Beitrag von Anneliese Fikentscher und Andreas Neumann und Widerspruch aus dem LV NRW Die Abgeordneten zweier Parteien sind dem Auftritt von Wolodymyr Selenskyj im Bundestag am 11. Juni 2024 ferngeblieben: AfD und BSW. Die AfD-Fraktion ist mit folgender Begr\u00fcndung ihrer Fraktionsvorsitzenden Alice Weidel und Tino Chrupalla dem Auftritt von Selenskyj\u2026","rel":"","context":"In &quot;Demokratie \u2013 Medien \u2013 Aufkl\u00e4rung&quot;","block_context":{"text":"Demokratie \u2013 Medien \u2013 Aufkl\u00e4rung","link":"https:\/\/www.freidenker.org\/?cat=12"},"img":{"alt_text":"","src":"https:\/\/i0.wp.com\/www.freidenker.org\/fw17\/wp-content\/uploads\/2024\/07\/Wagenknecht._Nein_zu_Kriegen_2023_03_800x450.jpg?fit=800%2C450&ssl=1&resize=350%2C200","width":350,"height":200,"srcset":"https:\/\/i0.wp.com\/www.freidenker.org\/fw17\/wp-content\/uploads\/2024\/07\/Wagenknecht._Nein_zu_Kriegen_2023_03_800x450.jpg?fit=800%2C450&ssl=1&resize=350%2C200 1x, https:\/\/i0.wp.com\/www.freidenker.org\/fw17\/wp-content\/uploads\/2024\/07\/Wagenknecht._Nein_zu_Kriegen_2023_03_800x450.jpg?fit=800%2C450&ssl=1&resize=525%2C300 1.5x, https:\/\/i0.wp.com\/www.freidenker.org\/fw17\/wp-content\/uploads\/2024\/07\/Wagenknecht._Nein_zu_Kriegen_2023_03_800x450.jpg?fit=800%2C450&ssl=1&resize=700%2C400 2x"},"classes":[]},{"id":21058,"url":"https:\/\/www.freidenker.org\/?p=21058","url_meta":{"origin":19332,"position":1},"title":"Die Klageges\u00e4nge des BSW: &#8222;Ach, die Medien!&#8220;","author":"Webredaktion","date":"1. M\u00e4rz 2025","format":false,"excerpt":"Beitrag von Gert Ewen Ungar H\u00e4tte es Deutschland auf die Reihe bekommen, die im Ausland lebenden Deutschen an den Bundestagswahlen teilnehmen zu lassen, h\u00e4tte ich vermutlich mein Kreuz beim BSW gemacht. Ganz z\u00e4hneknirschend zwar, aber ich h\u00e4tte das BSW gew\u00e4hlt. Dazu kam es nicht, denn Deutschland ist nicht mehr in\u2026","rel":"","context":"In &quot;Demokratie \u2013 Medien \u2013 Aufkl\u00e4rung&quot;","block_context":{"text":"Demokratie \u2013 Medien \u2013 Aufkl\u00e4rung","link":"https:\/\/www.freidenker.org\/?cat=12"},"img":{"alt_text":"","src":"https:\/\/i0.wp.com\/www.freidenker.org\/fw17\/wp-content\/uploads\/2025\/03\/2024-08-19_Event_Thueringer_Wahlkampftour-Start_des_BSW_in_Eisenach_STP_2994_by_Stepro_800x450.jpg?fit=800%2C450&ssl=1&resize=350%2C200","width":350,"height":200,"srcset":"https:\/\/i0.wp.com\/www.freidenker.org\/fw17\/wp-content\/uploads\/2025\/03\/2024-08-19_Event_Thueringer_Wahlkampftour-Start_des_BSW_in_Eisenach_STP_2994_by_Stepro_800x450.jpg?fit=800%2C450&ssl=1&resize=350%2C200 1x, https:\/\/i0.wp.com\/www.freidenker.org\/fw17\/wp-content\/uploads\/2025\/03\/2024-08-19_Event_Thueringer_Wahlkampftour-Start_des_BSW_in_Eisenach_STP_2994_by_Stepro_800x450.jpg?fit=800%2C450&ssl=1&resize=525%2C300 1.5x, https:\/\/i0.wp.com\/www.freidenker.org\/fw17\/wp-content\/uploads\/2025\/03\/2024-08-19_Event_Thueringer_Wahlkampftour-Start_des_BSW_in_Eisenach_STP_2994_by_Stepro_800x450.jpg?fit=800%2C450&ssl=1&resize=700%2C400 2x"},"classes":[]},{"id":20884,"url":"https:\/\/www.freidenker.org\/?p=20884","url_meta":{"origin":19332,"position":2},"title":"\u201eMehr Druck f\u00fcr Frieden mit Russland und f\u00fcr eine Zweistaatenl\u00f6sung im Nahen Osten\u201c","author":"Webredaktion","date":"1. Februar 2025","format":false,"excerpt":"Video-Interview: Diether Dehm im Gespr\u00e4ch mit Albrecht M\u00fcller Diether Dehm ist ein vielseitig begabter Zeitgenosse. Er hat gute Liedertexte geschrieben und auch sonst n\u00fctzliche Ideen. Er war Mitglied des Deutschen Bundestags. Mit ihm sprach der Herausgeber der NachDenkSeiten. Schwerpunkt: Frieden mit Russland; woher kommt der Hass auf die Russen? Es\u2026","rel":"","context":"In &quot;Frieden - Antifaschismus - Solidarit\u00e4t&quot;","block_context":{"text":"Frieden - Antifaschismus - Solidarit\u00e4t","link":"https:\/\/www.freidenker.org\/?cat=13"},"img":{"alt_text":"","src":"https:\/\/i0.wp.com\/www.freidenker.org\/fw17\/wp-content\/uploads\/2025\/01\/dehm-mueller-2025-01_800x450.jpg?fit=800%2C450&ssl=1&resize=350%2C200","width":350,"height":200,"srcset":"https:\/\/i0.wp.com\/www.freidenker.org\/fw17\/wp-content\/uploads\/2025\/01\/dehm-mueller-2025-01_800x450.jpg?fit=800%2C450&ssl=1&resize=350%2C200 1x, https:\/\/i0.wp.com\/www.freidenker.org\/fw17\/wp-content\/uploads\/2025\/01\/dehm-mueller-2025-01_800x450.jpg?fit=800%2C450&ssl=1&resize=525%2C300 1.5x, https:\/\/i0.wp.com\/www.freidenker.org\/fw17\/wp-content\/uploads\/2025\/01\/dehm-mueller-2025-01_800x450.jpg?fit=800%2C450&ssl=1&resize=700%2C400 2x"},"classes":[]},{"id":20977,"url":"https:\/\/www.freidenker.org\/?p=20977","url_meta":{"origin":19332,"position":3},"title":"Diether Dehm: \u201eWarum ich trotzdem BSW w\u00e4hle\u201c","author":"Webredaktion","date":"18. Februar 2025","format":false,"excerpt":"Interview von J\u00fcrgen Els\u00e4sser mit Diether Dehm Der langj\u00e4hrige Bundestagsabgeordnete der Linken, Diether Dehm, erl\u00e4utert im COMPACT-Interview, warum er Gauland und Chrupalla sch\u00e4tzt, was er an Wagenknecht kritisiert \u2013 und warum er trotzdem empfiehlt, das BSW zu w\u00e4hlen. Die Fragen stellte J\u00fcrgen Els\u00e4sser. Frage: Warum werden Sie als sozialer Patriot\u2026","rel":"","context":"In &quot;Demokratie \u2013 Medien \u2013 Aufkl\u00e4rung&quot;","block_context":{"text":"Demokratie \u2013 Medien \u2013 Aufkl\u00e4rung","link":"https:\/\/www.freidenker.org\/?cat=12"},"img":{"alt_text":"","src":"https:\/\/i0.wp.com\/www.freidenker.org\/fw17\/wp-content\/uploads\/2025\/02\/Demo_Muenchen_Sicherheitskonferenz_Diether_Dehm_Online_4_800x450.jpg?fit=800%2C450&ssl=1&resize=350%2C200","width":350,"height":200,"srcset":"https:\/\/i0.wp.com\/www.freidenker.org\/fw17\/wp-content\/uploads\/2025\/02\/Demo_Muenchen_Sicherheitskonferenz_Diether_Dehm_Online_4_800x450.jpg?fit=800%2C450&ssl=1&resize=350%2C200 1x, https:\/\/i0.wp.com\/www.freidenker.org\/fw17\/wp-content\/uploads\/2025\/02\/Demo_Muenchen_Sicherheitskonferenz_Diether_Dehm_Online_4_800x450.jpg?fit=800%2C450&ssl=1&resize=525%2C300 1.5x, https:\/\/i0.wp.com\/www.freidenker.org\/fw17\/wp-content\/uploads\/2025\/02\/Demo_Muenchen_Sicherheitskonferenz_Diether_Dehm_Online_4_800x450.jpg?fit=800%2C450&ssl=1&resize=700%2C400 2x"},"classes":[]},{"id":21104,"url":"https:\/\/www.freidenker.org\/?p=21104","url_meta":{"origin":19332,"position":4},"title":"Wer die Wahl hat, hat die Qual, \u2026?","author":"Webredaktion","date":"7. M\u00e4rz 2025","format":false,"excerpt":"Beitrag von Thomas Loch Wer die Wahl hat, hat die Qual, allein schon weil Freiheit nicht in der M\u00f6glichkeit der Wahl steckt, sondern in der bewussten, der Einsicht in die Notwendigkeit geschuldeten, Tat begr\u00fcndet. Das spielt in einer irrationalistischen Denkweise, wie sie heutzutage in der bundesdeutschen Gesellschaft vorrangig anzutreffen, keine\u2026","rel":"","context":"In &quot;Demokratie \u2013 Medien \u2013 Aufkl\u00e4rung&quot;","block_context":{"text":"Demokratie \u2013 Medien \u2013 Aufkl\u00e4rung","link":"https:\/\/www.freidenker.org\/?cat=12"},"img":{"alt_text":"","src":"https:\/\/i0.wp.com\/www.freidenker.org\/fw17\/wp-content\/uploads\/2025\/03\/Zusammenstellung_wahl_loch_800x450.jpg?fit=800%2C450&ssl=1&resize=350%2C200","width":350,"height":200,"srcset":"https:\/\/i0.wp.com\/www.freidenker.org\/fw17\/wp-content\/uploads\/2025\/03\/Zusammenstellung_wahl_loch_800x450.jpg?fit=800%2C450&ssl=1&resize=350%2C200 1x, https:\/\/i0.wp.com\/www.freidenker.org\/fw17\/wp-content\/uploads\/2025\/03\/Zusammenstellung_wahl_loch_800x450.jpg?fit=800%2C450&ssl=1&resize=525%2C300 1.5x, https:\/\/i0.wp.com\/www.freidenker.org\/fw17\/wp-content\/uploads\/2025\/03\/Zusammenstellung_wahl_loch_800x450.jpg?fit=800%2C450&ssl=1&resize=700%2C400 2x"},"classes":[]},{"id":16821,"url":"https:\/\/www.freidenker.org\/?p=16821","url_meta":{"origin":19332,"position":5},"title":"Wer gef\u00e4hrdet den Frieden?","author":"Webredaktion","date":"12. August 2023","format":false,"excerpt":"Diffamierung, Zensur und Strafverfolgung treffen Kriegsgegner. Dabei sitzen die Volksverhetzer im Bundestag Beitrag von von Hans Bauer Wer Zweifel an der Politik der deutschen Machthaber \u00f6ffentlich \u00e4u\u00dfert, hat keine guten Karten. Schlimmer ist es, Ursachen und Anlass des Ukraine-Krieges anders zu sehen als amtlich verordnet. Die offiziellen Reaktionen reichen von\u2026","rel":"","context":"In &quot;Frieden - Antifaschismus - Solidarit\u00e4t&quot;","block_context":{"text":"Frieden - Antifaschismus - Solidarit\u00e4t","link":"https:\/\/www.freidenker.org\/?cat=13"},"img":{"alt_text":"","src":"https:\/\/i0.wp.com\/www.freidenker.org\/fw17\/wp-content\/uploads\/2023\/08\/keine_angst_vor_putin_800x445_v2.jpg?fit=800%2C445&ssl=1&resize=350%2C200","width":350,"height":200,"srcset":"https:\/\/i0.wp.com\/www.freidenker.org\/fw17\/wp-content\/uploads\/2023\/08\/keine_angst_vor_putin_800x445_v2.jpg?fit=800%2C445&ssl=1&resize=350%2C200 1x, https:\/\/i0.wp.com\/www.freidenker.org\/fw17\/wp-content\/uploads\/2023\/08\/keine_angst_vor_putin_800x445_v2.jpg?fit=800%2C445&ssl=1&resize=525%2C300 1.5x, https:\/\/i0.wp.com\/www.freidenker.org\/fw17\/wp-content\/uploads\/2023\/08\/keine_angst_vor_putin_800x445_v2.jpg?fit=800%2C445&ssl=1&resize=700%2C400 2x"},"classes":[]}],"_links":{"self":[{"href":"https:\/\/www.freidenker.org\/index.php?rest_route=\/wp\/v2\/posts\/19332","targetHints":{"allow":["GET"]}}],"collection":[{"href":"https:\/\/www.freidenker.org\/index.php?rest_route=\/wp\/v2\/posts"}],"about":[{"href":"https:\/\/www.freidenker.org\/index.php?rest_route=\/wp\/v2\/types\/post"}],"author":[{"embeddable":true,"href":"https:\/\/www.freidenker.org\/index.php?rest_route=\/wp\/v2\/users\/3"}],"replies":[{"embeddable":true,"href":"https:\/\/www.freidenker.org\/index.php?rest_route=%2Fwp%2Fv2%2Fcomments&post=19332"}],"version-history":[{"count":0,"href":"https:\/\/www.freidenker.org\/index.php?rest_route=\/wp\/v2\/posts\/19332\/revisions"}],"wp:featuredmedia":[{"embeddable":true,"href":"https:\/\/www.freidenker.org\/index.php?rest_route=\/wp\/v2\/media\/19333"}],"wp:attachment":[{"href":"https:\/\/www.freidenker.org\/index.php?rest_route=%2Fwp%2Fv2%2Fmedia&parent=19332"}],"wp:term":[{"taxonomy":"category","embeddable":true,"href":"https:\/\/www.freidenker.org\/index.php?rest_route=%2Fwp%2Fv2%2Fcategories&post=19332"},{"taxonomy":"post_tag","embeddable":true,"href":"https:\/\/www.freidenker.org\/index.php?rest_route=%2Fwp%2Fv2%2Ftags&post=19332"}],"curies":[{"name":"wp","href":"https:\/\/api.w.org\/{rel}","templated":true}]}}