{"id":19308,"date":"2024-06-11T01:39:00","date_gmt":"2024-06-10T23:39:00","guid":{"rendered":"https:\/\/www.freidenker.org\/?p=19308"},"modified":"2024-07-10T12:42:25","modified_gmt":"2024-07-10T10:42:25","slug":"warum-die-wahrheit-auf-der-strecke-bleiben-soll","status":"publish","type":"post","link":"https:\/\/www.freidenker.org\/?p=19308","title":{"rendered":"Warum die Wahrheit auf der Strecke bleiben soll"},"content":{"rendered":"<p><em>von\u00a0<strong>Prof. Dr. Anton Latzo<\/strong><\/em><\/p>\n<h3>1.<\/h3>\n<p>Anl\u00e4sslich des Jahrestages der Befreiung vom Faschismus mussten wir zur Kenntnis nehmen, dass die von den Regierenden und ihren Auftraggebern und Ideologen, von Medien und den zahlreichen Stiftungen betriebene Geschichtsbetrachtung der politischen Opportunit\u00e4t untergeordnet wird.<\/p>\n<p>Das Zeigen der sowjetischen Fahne, die 1945 als Zeichen des Sieges \u00fcber den Faschismus von Sowjetsoldaten auf dem Reichstag gehisst wurde, hat man verboten. Gedenkveranstaltungen wurden abgesagt. Die Ursachen, warum die sowjetische Armee 1945 bis Berlin vordringen musste, werden aus den Betrachtungen eliminiert. Gleichzeitig werden die Verbrechen der faschistischen Truppen auf dem Territorium der UdSSR und der anderen europ\u00e4ischen Staaten ausgeblendet.<\/p>\n<p>Der Pr\u00e4sident der USA, Joe Biden, stimmte f\u00fchrend in den Chor derjenigen ein, die die entscheidende Rolle der Sowjetunion bei der Zerschlagung der Faschisten verharmlosen und leugnen. W\u00e4hrend seiner diesj\u00e4hrigen Rede auf dem Milit\u00e4rfriedhof von Arlington zu Ehren des Memorial Day erkl\u00e4rte er kurzerhand, dass es amerikanische\u00a0 Soldaten waren, die w\u00e4hrend des Zweiten Weltkrieges die Welt retteten und Europa vom Faschismus befreiten. W\u00f6rtlich sagte er: \u201eVertreter der gro\u00dfartigsten Generation, in einer Woche sind es 80 Jahre seit diesem Tag, landeten an den Str\u00e4nden der Normandie, befreiten den Kontinent und retteten buchst\u00e4blich die Welt\u201c. Er meint nicht die Sowjetunion und auch nicht ihre Armee! Er meint die USA. Zur Rolle er Sowjetunion fand er kein Wort!<\/p>\n<p>Die Veranstaltungen zum 80. Jahrestag der Landung der Truppen der westlichen Alliierten in der Normandie waren ein neuer H\u00f6hepunkt im Bestreben der massiven Geschichtsf\u00e4lschung, die schon anl\u00e4sslich des Jahrestages der Befreiung vom Faschismus praktiziert wurde.<\/p>\n<p>Verzerrungen und Verf\u00e4lschungen der Vorg\u00e4nge des zweiten Weltkrieges sind an der Tagesordnung. Die Feder der Akteure wird nicht von der historischen Wahrheit, sondern von politischen Interessen gef\u00fchrt. Aufschlussreich d\u00fcrfte auch das Verhalten anl\u00e4sslich des Jahrestages des \u00dcberfalls des faschistischen Deutschlands auf die Sowjetunion sein, das am 22. Juni 1941.<\/p>\n<h3>2.<\/h3>\n<p>All das entspricht den Tagesbed\u00fcrfnissen ihrer Politik. Andererseits entspricht es dem Denken, das bereits im Mai 1945 zu dem von Winston Churchill in Auftrag gegebenen Plan f\u00fcr die \u201eOperation Unthinkable\u201c f\u00fchrte. Dieser sah vor, einen Krieg gegen die Sowjetunion zu beginnen, noch bevor der Zweite Weltkrieg gegen die Faschisten richtig beendet war. Man ging davon aus, die geschw\u00e4chte Sowjetunion in einer Art Blitzkrieg auszuschalten. Die Planer setzten darauf, \u00e4hnlich wie im Plan Barbarossa, die sowjetischen Streitkr\u00e4fte nahe der russischen Grenze zu besiegen, um einen l\u00e4ngeren Feldzug tief in das riesige Land zu vermeiden.<\/p>\n<p>Die Ziele bestanden darin, die Sowjetunion aus den befreiten deutschen und \u00f6sterreichischen Gebieten zur\u00fcckzudr\u00e4ngen, die osteurop\u00e4ischen Staaten unter amerikanische und britische Kontrolle (siehe Griechenland) zu stellen und die Sowjetunion zu zerschlagen. Damit h\u00e4tte man sowohl Deutschland als auch die UdSSR als Konkurrenten ausgeschaltet.<\/p>\n<p>Zu einer Zeit als noch nicht mal alle Konzentrationslager befreit waren und kurz vor dem Abwurf der ersten US-amerikanischen Atombombe auf Japan,\u00a0 plante Churchill schon, aus den Resten der\u00a0 faschistischen Truppen eine deutsche Armee aufzubauen, die unter amerikanischer und britischer Hoheit gegen die UdSSR k\u00e4mpfen sollte!<\/p>\n<p>Die Politik der USA und Gro\u00dfbritanniens gegen\u00fcber der Sowjetunion war also einerseits durch die gemeinsamen Interessen im Kampf gegen den Faschismus bestimmt. Sie war aber ebenso durch die Fortsetzung\u00a0 der antisowjetischen Winkelz\u00fcge der Westm\u00e4chte charakterisiert, die die Kanalisierung der faschistischen Aggression\u00a0 gegen die Sowjetunion verfolgten. Sie strebte die L\u00f6sung der imperialistischen Widerspr\u00fcche\u00a0 zwischen den Westm\u00e4chten und den Staaten des faschistischen Blocks auf Kosten der Sowjetunion an. Das war f\u00fcr ihre \u201eM\u00fcnchner Politik\u201c und f\u00fcr die Er\u00f6ffnung einer zweiten Front bestimmend. Wurde das faschistische Deutschland dadurch besiegt?<\/p>\n<p>Die Strategie des Westm\u00e4chte beschrieb im Jahre 1942 W. Churchill, f\u00fchrender Politiker dieser Generation, an den britischen Au\u00dfenminister, dass es sein Hauptziel sei, Deutschland und die Sowjetunion aus dem Lager der bedeutenden Hauptm\u00e4chte\u00a0 auszuschalten. Weder die USA noch Gro\u00dfbritannien w\u00fcrden sich bei Kriegsende verausgabt haben. Vielmehr w\u00fcrden sie in \u201emilit\u00e4rischer und politischer Hinsicht der m\u00e4chtigste Block sein, den die Welt je gesehen hat\u201c. (Was man ja 1949 mit der Gr\u00fcndung der NATO in Angriff nahm und nach der Niederlage des Sozialismus in Europa mit der \u201eErweiterung\u201c der NATO und der EU fortsetzte.)<\/p>\n<p>Ihre aktive Beteiligung am aktiven Kampf gegen den Faschismus erfolgte also nicht aus eigenem Antrieb. Sie war Folge der durch den Einsatz und die Erfolge der Sowjetunion geschaffenen Kr\u00e4fteverh\u00e4ltnisse. Das hat damals selbst der w\u00e4hrend des zweiten Weltkrieges h\u00f6chstdekorierte General der USA, Douglas Mac Arthur, anerkannt und gew\u00fcrdigt, als er \u00fcber das Ergebnis der Wende bei Stalingrad und \u00fcber die nachfolgenden Ereignisse schrieb: \u201eAlle Hoffnungen der Zivilisation richten sich auf die ehrw\u00fcrdigen Banner der tapferen russischen Armee. Noch niemals hat es eine solche effektive Abwehr gegen schwerste Schl\u00e4ge eines unbesiegbar scheinenden Feindes und danach einen derartigen vernichtenden Schlag gegeben, der den Gegner in das eigene Land zur\u00fccktrieb. Ihrem Ausma\u00df und ihrer Gr\u00f6\u00dfe nach ist dies eine der gr\u00f6\u00dften Errungenschaften der Geschichte\u201c.<\/p>\n<p>Auch der USA-Spitzendiplomat und Historiker G.F. Kennan schrieb, dass seit 1941 die Stimmung vorherrschend war, dass \u201eder Ausgang des Krieges vollkommen von der Bereitschaft und F\u00e4higkeit Russlands abh\u00e4ngt, dem deutschen Angriff zu widerstehen\u201c.<\/p>\n<p>Das bedeutete nicht, dass sie die imperialistischen Ziele des Staates, denen sie dienten, aufgegeben h\u00e4tten. Der Antikommunismus und die \u201erussische Weite\u201c blieben bestimmend f\u00fcr ihre k\u00fcnftigen Handlungen, die sich weitgehend mit denen deckten, die zum \u00dcberfall auf die Sowjetunion f\u00fchrten. Das wurde auch in den Handlungen von General Douglas Mac Arthur im Krieg gegen das koreanische Volk sichtbar.<\/p>\n<h3>3.<\/h3>\n<p>Die schon kurz nach 1945 praktizierte politische Ablehnung und Bek\u00e4mpfung der Sowjetunion wird heute zu einem massiven Russlandhass gesteigert und f\u00fchrt zum Geschichtsrevisionismus, um Haltungen und Handlungen vor der eigenen Bev\u00f6lkerung und der internationalen \u00d6ffentlichkeit rechtfertigen zu k\u00f6nnen.<\/p>\n<p>Das bestimmte sowohl die Regierungspolitik als auch das geistig-kulturelle Leben in den USA, aber ebenso in der BRD.<\/p>\n<p>Der KSZE-Prozess hat aber gezeigt, dass Vereinbarungen und sogar Zusammenarbeit auf der Grundlage der Gleichberechtigung und zum gegenseitigen Vorteil m\u00f6glich sind. Er war ein Beweis daf\u00fcr, dass Frieden, Sicherheit und Zusammenarbeit durch kooperatives Verh\u00e4ltnis zur und mit der Sowjetunion\/Russland m\u00f6glich und notwendig sind.<\/p>\n<p>Erst die nach der Niederlage des Sozialismus in Europa und der Zerschlagung der UdSSR erfolgte Ausweitung der EU und der NATO bis unmittelbar an die russische Grenze hat die Unsicherheit nach Europa zur\u00fcck gebracht. Die Strategie und Politik der \u201eZeitenwende\u201c wird zunehmend von dieser ideologischen Richtung gepr\u00e4gt.<\/p>\n<p>Innenpolitisch werden zunehmend repressive Gesetze des Staates verabschiedet, um die Durchsetzung dieser Richtung zu gew\u00e4hrleisten.<\/p>\n<p>Au\u00dfenpolitisch findet das seinen Niederschlag in konzeptionellen \u00dcberlegungen, die sich von der Idee der kollektiven Sicherheit verabschiedet haben und den Standpunkt vertreten, dass der mit \u201eZeitenwende\u201c charakterisierte \u201e\u00dcbergang von der kooperativ-integrativen Ordnung zur neuen konfrontativen Ordnung gegen und in Abgrenzung von Russland \u2026 eine dauerhafte\u00a0 Ver\u00e4nderung (bedeutet)\u201c, so Christian M\u00f6lling, (Stiftung f\u00fcr Wissenschaft und Politik, German Marshall Fund Berlin, stellv. Direktor des Forschungsinstituts der Deutschen Gesellschaft f\u00fcr Ausw\u00e4rtige Politik)\u00a0\u00a0 in seinem k\u00fcrzlich erschienen Buch \u201eFragile Sicherheit\u201c.<\/p>\n<p>F\u00fcr die au\u00dfenpolitische Strategie der BRD bestehe das zentrale Element der neuen Ordnung in Europa darin, \u201edass Krieg und Frieden nicht mehr die wesentlichen Kennzeichen sind, sondern der Konflikt\u201c. Eine Konfliktordnung in Europa bedeute daher, \u201edass die Abgrenzung von Russland nicht friedlich sein wird, aber nicht unbedingt in Form eines traditionellen Krieges\u201c.<\/p>\n<p>Das ist eine eindeutige Absage f\u00fcr eine <em>Friedensordnung<\/em> zugunsten einer \u201ekonfrontativen Ordnung\u201c in Europa. In dieser m\u00fcssen sich die Europ\u00e4er darauf einstellen, so Christian M\u00f6lling. \u201edass sie sich in einer dauerhaften Auseinandersetzung befinden werden, sei es mit Russland oder China. Dieser Konflikt wird sich mal intensivieren und mal abschw\u00e4chen\u201c.<\/p>\n<p>Um die Zeitenwende \u201elangfristig zu verankern\u201c, sei ein Mentalit\u00e4tswandel notwendig. Deutschland m\u00fcsse anerkennen, \u201edass milit\u00e4rische Machtpolitik zur\u00fcck ist in Europa\u201c.<\/p>\n<h3>4.<\/h3>\n<p>Insgesamt sind wir offensichtlich am Beginn radikaler Ver\u00e4nderungen in der Au\u00dfen- und Sicherheitspolitik. Dazu bedarf es wiederum eines weitreichenden politischen Umdenkens \u2013 in Strategie und Politik, aber auch in der Bev\u00f6lkerung.<\/p>\n<p>Eine auf \u201emilit\u00e4rischer Machtpolitik\u201c beruhende Au\u00dfen- und Sicherheitspolitik ist etwas qualitativ Anderes als \u201ekollektive Sicherheit\u201c. Sie ist das Gegenteil! Und deshalb braucht man die Zustimmung zumindest eines Teils der Bev\u00f6lkerung. Dazu m\u00fcssen aber Wahrnehmungen, Vorstellungen und sogar die Gef\u00fchle der Menschen ver\u00e4ndert werden.<\/p>\n<p>\u201eMilit\u00e4rische Machtpolitik\u201c ist gegen einen Feind gerichtet. Man braucht einen Feind. Auf der Grundlage wahrhaftiger Betrachtung der deutschen und europ\u00e4ischen Geschichte und der Lehren, die von progressiven Kr\u00e4ften daraus gezogen wurden, ist das aber nicht zu erreichen! Deshalb muss die Revision der Geschichtsbetrachtung her, wie sie uns anl\u00e4sslich des Jahrestages der Befreiung vorgef\u00fchrt wurde.<\/p>\n<p style=\"text-align: right;\"><em>Prof. Dr. Anton Latzo ist Historiker und Mitglied des Beirats des Deutschen Freidenker-Verbandes<\/em><\/p>\n<hr \/>\n<p><span style=\"font-size: 10pt;\">Bild oben: Halle des Ruhms in der Gedenkst\u00e4tte auf dem Mamajew-H\u00fcgel in Wolgograd.jpg<\/span><br \/>\n<span style=\"font-size: 10pt;\">Foto: Wladimir Besperstow, <a href=\"https:\/\/creativecommons.org\/licenses\/by-sa\/4.0\" target=\"_blank\" rel=\"noopener\">CC BY-SA 4.0<\/a><\/span><br \/>\n<span style=\"font-size: 10pt;\">Quelle: https:\/\/commons.wikimedia.org\/w\/index.php?curid=122831844<\/span><\/p>\n","protected":false},"excerpt":{"rendered":"<p><b>Beitrag von\u00a0Prof. Dr. Anton Latzo<\/b><br \/>\nAnl\u00e4sslich des Jahrestages der Befreiung vom Faschismus mussten wir zur Kenntnis nehmen, dass die von den Regierenden und ihren Auftraggebern und Ideologen, von Medien und den zahlreichen Stiftungen betriebene Geschichtsbetrachtung der politischen Opportunit\u00e4t untergeordnet wird. Das Zeigen der sowjetischen Fahne, die 1945 als Zeichen des Sieges \u00fcber den Faschismus von Sowjetsoldaten auf dem Reichstag gehisst wurde, hat man verboten. Gedenkveranstaltungen wurden abgesagt. Die Ursachen, warum die sowjetische Armee 1945 bis Berlin vordringen musste, werden aus den Betrachtungen eliminiert. Gleichzeitig werden die Verbrechen der faschistischen Truppen auf dem Territorium der UdSSR und der anderen europ\u00e4ischen Staaten ausgeblendet. Der Pr\u00e4sident der USA, Joe Biden, stimmte f\u00fchrend in den Chor derjenigen ein, die die entscheidende Rolle der Sowjetunion bei der Zerschlagung der Faschisten verharmlosen und leugnen.<\/p>\n","protected":false},"author":3,"featured_media":19318,"comment_status":"closed","ping_status":"closed","sticky":false,"template":"","format":"standard","meta":{"colormag_page_container_layout":"default_layout","colormag_page_sidebar_layout":"default_layout","advanced_seo_description":"","jetpack_seo_html_title":"","jetpack_seo_noindex":false,"jetpack_post_was_ever_published":false,"footnotes":""},"categories":[12,1162],"tags":[648,571,451,635,2162,491,1192,1038,404,1480,430,687,185,717],"class_list":["post-19308","post","type-post","status-publish","format-standard","has-post-thumbnail","hentry","category-demokratie-medien-aufklaerung","category-geschichte","tag-2-weltkrieg","tag-antikommunismus","tag-faschismus","tag-feindbild","tag-friedensordnung","tag-geschichte","tag-geschichtsrevisionismus","tag-grossbritannien","tag-imperialismus","tag-ksze","tag-sowjetunion","tag-tag-der-befreiung","tag-usa","tag-wahrheit"],"jetpack_featured_media_url":"https:\/\/i0.wp.com\/www.freidenker.org\/fw17\/wp-content\/uploads\/2024\/06\/Halle_des_Ruhms_Wolgograd_800x450.jpg?fit=800%2C450&ssl=1","jetpack_shortlink":"https:\/\/wp.me\/p9stpK-51q","jetpack-related-posts":[{"id":19083,"url":"https:\/\/www.freidenker.org\/?p=19083","url_meta":{"origin":19308,"position":0},"title":"Egon Krenz: Verkehrte Geschichte","author":"Webredaktion","date":"15. Mai 2024","format":false,"excerpt":"Beitrag von Egon Krenz Seit 1951 war ich in der Regel dabei, wenn Millionen DDR- B\u00fcrger auch am Treptower Ehrenmal die sowjetischen Opfer ehrten, die f\u00fcr unsere Freiheit vom Faschismus ihr Leben gaben. Immer hatte ich das Gef\u00fchl, leben zu k\u00f6nnen, weil sie ihr Leben f\u00fcr uns gaben. Dieses Jahr\u2026","rel":"","context":"In &quot;Frieden - Antifaschismus - Solidarit\u00e4t&quot;","block_context":{"text":"Frieden - Antifaschismus - Solidarit\u00e4t","link":"https:\/\/www.freidenker.org\/?cat=13"},"img":{"alt_text":"","src":"https:\/\/i0.wp.com\/www.freidenker.org\/fw17\/wp-content\/uploads\/2024\/05\/Berlin_Reichstag2_800x450.jpg?fit=800%2C450&ssl=1&resize=350%2C200","width":350,"height":200,"srcset":"https:\/\/i0.wp.com\/www.freidenker.org\/fw17\/wp-content\/uploads\/2024\/05\/Berlin_Reichstag2_800x450.jpg?fit=800%2C450&ssl=1&resize=350%2C200 1x, https:\/\/i0.wp.com\/www.freidenker.org\/fw17\/wp-content\/uploads\/2024\/05\/Berlin_Reichstag2_800x450.jpg?fit=800%2C450&ssl=1&resize=525%2C300 1.5x, https:\/\/i0.wp.com\/www.freidenker.org\/fw17\/wp-content\/uploads\/2024\/05\/Berlin_Reichstag2_800x450.jpg?fit=800%2C450&ssl=1&resize=700%2C400 2x"},"classes":[]},{"id":10166,"url":"https:\/\/www.freidenker.org\/?p=10166","url_meta":{"origin":19308,"position":1},"title":"Flugblatt zum 8. und 9. Mai 2021: Befreiung von Faschismus und Krieg","author":"Webredaktion","date":"2. Mai 2021","format":false,"excerpt":"Erfreulicherweise werden die Tage der Befreiung und des Sieges in immer gr\u00f6\u00dferem B\u00fcndnisrahmen zur Kenntnis genommen und durch Aktionen gew\u00fcrdigt. Weniger erfreulich, dass Aktionen in diesem Jahr hier und da mit der Begr\u00fcndung \"des Infektionsgeschehens\" storniert werden. Au\u00dferdem ist zu beobachten, das eine Reihe von Aufrufen zu den Jahrestagen inzwischen\u2026","rel":"","context":"In &quot;Frieden - Antifaschismus - Solidarit\u00e4t&quot;","block_context":{"text":"Frieden - Antifaschismus - Solidarit\u00e4t","link":"https:\/\/www.freidenker.org\/?cat=13"},"img":{"alt_text":"","src":"https:\/\/i0.wp.com\/www.freidenker.org\/fw17\/wp-content\/uploads\/2021\/05\/victory-day-1396078_800x450.jpg?fit=800%2C450&ssl=1&resize=350%2C200","width":350,"height":200,"srcset":"https:\/\/i0.wp.com\/www.freidenker.org\/fw17\/wp-content\/uploads\/2021\/05\/victory-day-1396078_800x450.jpg?fit=800%2C450&ssl=1&resize=350%2C200 1x, https:\/\/i0.wp.com\/www.freidenker.org\/fw17\/wp-content\/uploads\/2021\/05\/victory-day-1396078_800x450.jpg?fit=800%2C450&ssl=1&resize=525%2C300 1.5x, https:\/\/i0.wp.com\/www.freidenker.org\/fw17\/wp-content\/uploads\/2021\/05\/victory-day-1396078_800x450.jpg?fit=800%2C450&ssl=1&resize=700%2C400 2x"},"classes":[]},{"id":21258,"url":"https:\/\/www.freidenker.org\/?p=21258","url_meta":{"origin":19308,"position":2},"title":"FREIDENKER 1-25 \u2013 80 Jahre Befreiung vom Faschismus","author":"Webredaktion","date":"27. M\u00e4rz 2025","format":false,"excerpt":"Die Ausgabe 1-25 des Verbandsorgans FREIDENKER hat das Schwerpunkt-Thema \u201e80 Jahre Befreiung vom Faschismus - Revision?\u201c und enth\u00e4lt u.a. folgende Beitr\u00e4ge: - \u201eNie wieder\u201c \u2013 kriegst\u00fcchtig - Wolfgang Sch\u00fcrer: Der Zweite Weltkrieg - Anton Latzo: Auch in Jalta wirkten die langen Linien der Geschichte - Michael Polster \/ Arnold Sch\u00f6lzel:\u2026","rel":"","context":"In &quot;Verbandsorgan FREIDENKER&quot;","block_context":{"text":"Verbandsorgan FREIDENKER","link":"https:\/\/www.freidenker.org\/?cat=8"},"img":{"alt_text":"","src":"https:\/\/i0.wp.com\/www.freidenker.org\/fw17\/wp-content\/uploads\/2025\/03\/FD_2025-01_Titel_mR.jpg?fit=800%2C445&ssl=1&resize=350%2C200","width":350,"height":200,"srcset":"https:\/\/i0.wp.com\/www.freidenker.org\/fw17\/wp-content\/uploads\/2025\/03\/FD_2025-01_Titel_mR.jpg?fit=800%2C445&ssl=1&resize=350%2C200 1x, https:\/\/i0.wp.com\/www.freidenker.org\/fw17\/wp-content\/uploads\/2025\/03\/FD_2025-01_Titel_mR.jpg?fit=800%2C445&ssl=1&resize=525%2C300 1.5x, https:\/\/i0.wp.com\/www.freidenker.org\/fw17\/wp-content\/uploads\/2025\/03\/FD_2025-01_Titel_mR.jpg?fit=800%2C445&ssl=1&resize=700%2C400 2x"},"classes":[]},{"id":16017,"url":"https:\/\/www.freidenker.org\/?p=16017","url_meta":{"origin":19308,"position":3},"title":"Befreiung vom Faschismus und Tag des Sieges 2023","author":"Webredaktion","date":"13. Mai 2023","format":false,"excerpt":"Wir dokumentieren - den Marsch des Unsterblichen Regiments am 07. Mai 2023 in Frankfurt am Main mit Kundgebung am Opernplatz und Demonstration zum R\u00f6merberg, Reden von Sebastian Bahlo (Text) und von Sergey Filbert (Video) - Bilder von der Gedenkstunde am 08.05.2023 zum Tag der Befreiung am Mahnmal f\u00fcr die Opfer\u2026","rel":"","context":"In &quot;Frieden - Antifaschismus - Solidarit\u00e4t&quot;","block_context":{"text":"Frieden - Antifaschismus - Solidarit\u00e4t","link":"https:\/\/www.freidenker.org\/?cat=13"},"img":{"alt_text":"","src":"https:\/\/i0.wp.com\/www.freidenker.org\/fw17\/wp-content\/uploads\/2023\/05\/TdB_2023_20230509_113616_800x450.jpg?fit=800%2C450&ssl=1&resize=350%2C200","width":350,"height":200,"srcset":"https:\/\/i0.wp.com\/www.freidenker.org\/fw17\/wp-content\/uploads\/2023\/05\/TdB_2023_20230509_113616_800x450.jpg?fit=800%2C450&ssl=1&resize=350%2C200 1x, https:\/\/i0.wp.com\/www.freidenker.org\/fw17\/wp-content\/uploads\/2023\/05\/TdB_2023_20230509_113616_800x450.jpg?fit=800%2C450&ssl=1&resize=525%2C300 1.5x, https:\/\/i0.wp.com\/www.freidenker.org\/fw17\/wp-content\/uploads\/2023\/05\/TdB_2023_20230509_113616_800x450.jpg?fit=800%2C450&ssl=1&resize=700%2C400 2x"},"classes":[]},{"id":21305,"url":"https:\/\/www.freidenker.org\/?p=21305","url_meta":{"origin":19308,"position":4},"title":"Elbe-Tag: 80. Jahrestag der Begegnung","author":"Webredaktion","date":"30. M\u00e4rz 2025","format":false,"excerpt":"Demonstration am 26. April 2025 11:30 Uhr Br\u00fcckenkopf Torgau (anschl. 14:30 Uhr - Konzert mit Tino Eisbrenner und Ernesto Schwarz) Kein Ort an der Elbe \u2013 von Hamburg bis Dresden \u2013 hat mit seiner Symbolik am \u00a0Ende des faschistischen Krieges eine bis heute andauernde Aussagekraft und Wahrheit erlangt, die in\u2026","rel":"","context":"In &quot;Frieden - Antifaschismus - Solidarit\u00e4t&quot;","block_context":{"text":"Frieden - Antifaschismus - Solidarit\u00e4t","link":"https:\/\/www.freidenker.org\/?cat=13"},"img":{"alt_text":"","src":"https:\/\/i0.wp.com\/www.freidenker.org\/fw17\/wp-content\/uploads\/2025\/03\/Elbe-Tag_2025_800x450.jpg?fit=800%2C450&ssl=1&resize=350%2C200","width":350,"height":200,"srcset":"https:\/\/i0.wp.com\/www.freidenker.org\/fw17\/wp-content\/uploads\/2025\/03\/Elbe-Tag_2025_800x450.jpg?fit=800%2C450&ssl=1&resize=350%2C200 1x, https:\/\/i0.wp.com\/www.freidenker.org\/fw17\/wp-content\/uploads\/2025\/03\/Elbe-Tag_2025_800x450.jpg?fit=800%2C450&ssl=1&resize=525%2C300 1.5x, https:\/\/i0.wp.com\/www.freidenker.org\/fw17\/wp-content\/uploads\/2025\/03\/Elbe-Tag_2025_800x450.jpg?fit=800%2C450&ssl=1&resize=700%2C400 2x"},"classes":[]},{"id":16012,"url":"https:\/\/www.freidenker.org\/?p=16012","url_meta":{"origin":19308,"position":5},"title":"Geschichtsrevisionismus made in Germany","author":"Webredaktion","date":"13. Mai 2023","format":false,"excerpt":"Beitrag von Gert Ewen Ungar In Russland sieht man Versuche des Westens deutlich, die Geschichte umschreiben zu wollen. Die Feierlichkeiten zum Tag des Siegs \u00fcber den Faschismus zeigten, Deutschland ist bei diesen Versuchen ganz vorn mit dabei. F\u00fcr Russland ist das ein aggressiver, feindseliger Akt. Ginge es nach der Bundesregierung,\u2026","rel":"","context":"In &quot;Demokratie \u2013 Medien \u2013 Aufkl\u00e4rung&quot;","block_context":{"text":"Demokratie \u2013 Medien \u2013 Aufkl\u00e4rung","link":"https:\/\/www.freidenker.org\/?cat=12"},"img":{"alt_text":"","src":"https:\/\/i0.wp.com\/www.freidenker.org\/fw17\/wp-content\/uploads\/2023\/05\/Reichtstag_Kuppel_Innen_Denis_Apel_9_800x450.jpg?fit=800%2C450&ssl=1&resize=350%2C200","width":350,"height":200,"srcset":"https:\/\/i0.wp.com\/www.freidenker.org\/fw17\/wp-content\/uploads\/2023\/05\/Reichtstag_Kuppel_Innen_Denis_Apel_9_800x450.jpg?fit=800%2C450&ssl=1&resize=350%2C200 1x, https:\/\/i0.wp.com\/www.freidenker.org\/fw17\/wp-content\/uploads\/2023\/05\/Reichtstag_Kuppel_Innen_Denis_Apel_9_800x450.jpg?fit=800%2C450&ssl=1&resize=525%2C300 1.5x, https:\/\/i0.wp.com\/www.freidenker.org\/fw17\/wp-content\/uploads\/2023\/05\/Reichtstag_Kuppel_Innen_Denis_Apel_9_800x450.jpg?fit=800%2C450&ssl=1&resize=700%2C400 2x"},"classes":[]}],"_links":{"self":[{"href":"https:\/\/www.freidenker.org\/index.php?rest_route=\/wp\/v2\/posts\/19308","targetHints":{"allow":["GET"]}}],"collection":[{"href":"https:\/\/www.freidenker.org\/index.php?rest_route=\/wp\/v2\/posts"}],"about":[{"href":"https:\/\/www.freidenker.org\/index.php?rest_route=\/wp\/v2\/types\/post"}],"author":[{"embeddable":true,"href":"https:\/\/www.freidenker.org\/index.php?rest_route=\/wp\/v2\/users\/3"}],"replies":[{"embeddable":true,"href":"https:\/\/www.freidenker.org\/index.php?rest_route=%2Fwp%2Fv2%2Fcomments&post=19308"}],"version-history":[{"count":0,"href":"https:\/\/www.freidenker.org\/index.php?rest_route=\/wp\/v2\/posts\/19308\/revisions"}],"wp:featuredmedia":[{"embeddable":true,"href":"https:\/\/www.freidenker.org\/index.php?rest_route=\/wp\/v2\/media\/19318"}],"wp:attachment":[{"href":"https:\/\/www.freidenker.org\/index.php?rest_route=%2Fwp%2Fv2%2Fmedia&parent=19308"}],"wp:term":[{"taxonomy":"category","embeddable":true,"href":"https:\/\/www.freidenker.org\/index.php?rest_route=%2Fwp%2Fv2%2Fcategories&post=19308"},{"taxonomy":"post_tag","embeddable":true,"href":"https:\/\/www.freidenker.org\/index.php?rest_route=%2Fwp%2Fv2%2Ftags&post=19308"}],"curies":[{"name":"wp","href":"https:\/\/api.w.org\/{rel}","templated":true}]}}