{"id":193,"date":"2005-06-17T16:23:59","date_gmt":"2005-06-17T14:23:59","guid":{"rendered":"http:\/\/www.freidenker.org\/fw17\/?p=193"},"modified":"2023-02-19T15:38:52","modified_gmt":"2023-02-19T14:38:52","slug":"jugendweihe-2005-in-dresden","status":"publish","type":"post","link":"https:\/\/www.freidenker.org\/?p=193","title":{"rendered":"Jugendweihe 2005 in Dresden"},"content":{"rendered":"<p align=\"left\">aus FREIDENKER Nr. 2-05 Juni 2005, 64. Jahrgang, S. 38-39<\/p>\n<p align=\"left\"><em><span class=\"subnav2\">von Heinz Nikoloaus<\/span><\/em><\/p>\n<p>Im Sinne der mehr als 100-j\u00e4hrigen Freidenkertradition in Deutschland wurden nach dem .Anschluss&#8216; der DDR an die Bundesrepublik Deutschland bei uns in Sachsen viel Kraft und viele Ideen entwickelt, um nach wie vor jungen Menschen ein bleibendes Erlebnis ihrer Jugendweihe zu erm\u00f6glichen, diese mit ihnen zusammen vorzubereiten und zu feiern. Noch immer, im 16. Jahr nach der ,Wende&#8216;, haben die Jugendweihefestlichkeiten auch in der gesellschaftlichen \u00d6ffentlichkeit zumindest des deutschen Ostens ihren beachteten Platz.<\/p>\n<p align=\"left\">In Sachsen sind es der Landesverband des DFY und der S\u00e4chsische Verband f\u00fcr Jugendarbeit und Jugendweihe e.V. mit 14 Regionalb\u00fcros und zahlreichen ehrenamtlichen Helfern, die im Vorfeld des eigentlichen Festaktes vielseitige und interessante Aktivit\u00e4ten f\u00fcr die Jugendlichen gestalten und al&gt; Plattform<\/p>\n<p align=\"left\">wie Ansprechpartner f\u00fcr diese und ihre Eltern fungieren. Das umfasst Debatten zu naturwissenschaftlichen, geschichtlichen und selbst philosophischen, aber auch ganz ,allt\u00e4glichen&#8216; Themen mit jeweils kompetenten Gespr\u00e4chspartnern ebenso wie Exkursionen zu historischen und kulturellen St\u00e4tten. Der Landesvorstand Sachsen des DFV und seine Mitgliedergruppen in Dresden, Chemnitz, Leipzig und Bretnig\/Kamenz sind seit Beginn der mittlerweile bew\u00e4hrten Zusammenarbeit zwischen beiden Vereinen trotz bescheidener Mittel bei der Organisation von Vorbereitungsstunden und Gespr\u00e4chsrunden wie auch der festlichen Durchf\u00fchrung der Jugendweihe aktive Helfer und zuverl\u00e4ssige Partner, die Atmosph\u00e4re ist vertrauensvoll.<\/p>\n<p align=\"left\">Unter Federf\u00fchrung der kooperativen Partner DFV Sachsen und S\u00e4chsischer Verband f\u00fcr Jugendarbeit und Jugendweihe haben im Jahr 2005 bei 393 Feiern 21.564 Jugendliche ihre Weihe entgegengenommen. Die zunehmende Resonanz der s\u00e4chsischen Medien und mittlerweile selbst des \u00f6ffentlich-rechtlichen Fernsehens zeigt, dass sich in Sachsen nach einer anf\u00e4nglich abschreckenden Diskreditierung der Jugendweihe als ..Diktat des DDR-Staates&#8220; diese wieder durchsetzt, mehr noch: lebt und immer neue Generationen von Jugendlichen anzieht.<\/p>\n<p align=\"left\">Die langj\u00e4hrige Rufmordkampagne gegen die Jugendweihe fand ihre Erg\u00e4nzung auf politischer Ebene in dem vom CDU-Bundestagsabgeordneten Nooke initiierten &#8222;Maiglockenfest&#8220;: 2004 begr\u00fc\u00dfte Nooke ein Dutzend Jugendlicher, &#8222;f\u00fcr die eine kirchliche Feier nicht in Betracht kam, die religi\u00f6se Werte aber nicht ablehnen&#8220;, zu seinem Fest. Es verstand sich als Alternative zur &#8222;ehemals sozialistischen, urspr\u00fcnglich freidenkerischen Jugendweihe&#8220;. Waffenungleichheit ergibt sich auch aus der Tatsache, dass Kindern und Jugendlichen laut S\u00e4chsischer Schulordnung bei kirchlicher Firmung, Erstkommunion oder Konfirmation eine Schulbefreiung bis zu mehreren Tagen einger\u00e4umt wird, nicht aber den Jugendgeweihten.<\/p>\n<p align=\"left\">Dagegen protestieren wir und wollen gleichzeitig mit unseren Freunden im S\u00e4chsischen Verband f\u00fcr Jugendarbeit und Jugendweihe unsere Bem\u00fchungen f\u00fcr die Jugendweihe fortsetzen. Veranstalter, Saalvermieter, Kulturschaffende, der Handel und die Gastronomie &#8211; sie alle erweisen sich als .Sympathisanten&#8216; der Jugendweihe. Im Mittelpunkt stehen jedoch immer die Jugendlichen, denen das Fest nat\u00fcrlich auch Geschenke bringt, vor allem aber das Gef\u00fchl, nun in die Reihen der Erwachsenen aufgenommen zu sein.<\/p>\n<hr \/>\n<p align=\"left\">Bild: FreeImages.com\/Martin Boose<\/p>\n","protected":false},"excerpt":{"rendered":"<p><strong>Beitrag von Heinz Nikolaus aus FREIDENKER 2-05<\/strong><br \/>\nIm Sinne der mehr als 100-j\u00e4hrigen Freidenkertradition in Deutschland wurden nach dem .Anschluss&#8216; der DDR an die Bundesrepublik Deutschland bei uns in Sachsen viel Kraft und viele Ideen entwickelt, um nach wie vor jungen Menschen ein bleibendes Erlebnis ihrer Jugendweihe zu erm\u00f6glichen, diese mit ihnen zusammen vorzubereiten und zu feiern. Noch immer, im 16. Jahr nach der ,Wende&#8216;, haben die Jugendweihefestlichkeiten auch in der gesellschaftlichen \u00d6ffentlichkeit zumindest des deutschen Ostens ihren beachteten Platz.<\/p>\n","protected":false},"author":2,"featured_media":194,"comment_status":"closed","ping_status":"closed","sticky":false,"template":"","format":"standard","meta":{"colormag_page_container_layout":"default_layout","colormag_page_sidebar_layout":"default_layout","advanced_seo_description":"","jetpack_seo_html_title":"","jetpack_seo_noindex":false,"jetpack_post_was_ever_published":false,"footnotes":""},"categories":[14],"tags":[755,366,365,1131],"class_list":["post-193","post","type-post","status-publish","format-standard","has-post-thumbnail","hentry","category-jugendweihe-jugendfeier","tag-dresden","tag-jugendfeier","tag-jugendweihe","tag-lv-sachsen"],"jetpack_featured_media_url":"https:\/\/i0.wp.com\/www.freidenker.org\/fw17\/wp-content\/uploads\/2016\/05\/Dresden.jpg?fit=800%2C445&ssl=1","jetpack_shortlink":"https:\/\/wp.me\/p9stpK-37","jetpack-related-posts":[{"id":186,"url":"https:\/\/www.freidenker.org\/?p=186","url_meta":{"origin":193,"position":0},"title":"Bedeutung und Geschichte von Jugendweihen und Jugendfeiern","author":"Webmaster","date":"1. Januar 2010","format":false,"excerpt":"F\u00fcr immer mehr Jugendliche stellt sich die Frage: Hat es Sinn, ohne religi\u00f6se \u00dcberzeugung an der kirchlichen Feier zum Erwachsenwerden teilzunehmen? Der immer gr\u00f6\u00dfer werdenden Zahl von Kirchenaustritten der Erwachsenen muss nicht das weltanschauliche Nichts f\u00fcr die Kinder folgen. Au\u00dfer religi\u00f6sen Ansichten gibt es zumindest noch die Ansicht, dass das\u2026","rel":"","context":"In &quot;Geschichte&quot;","block_context":{"text":"Geschichte","link":"https:\/\/www.freidenker.org\/?cat=1162"},"img":{"alt_text":"","src":"https:\/\/i0.wp.com\/www.freidenker.org\/fw17\/wp-content\/uploads\/2016\/05\/Statue_3_Stufen_der_Liebe.jpg?fit=800%2C445&ssl=1&resize=350%2C200","width":350,"height":200,"srcset":"https:\/\/i0.wp.com\/www.freidenker.org\/fw17\/wp-content\/uploads\/2016\/05\/Statue_3_Stufen_der_Liebe.jpg?fit=800%2C445&ssl=1&resize=350%2C200 1x, https:\/\/i0.wp.com\/www.freidenker.org\/fw17\/wp-content\/uploads\/2016\/05\/Statue_3_Stufen_der_Liebe.jpg?fit=800%2C445&ssl=1&resize=525%2C300 1.5x, https:\/\/i0.wp.com\/www.freidenker.org\/fw17\/wp-content\/uploads\/2016\/05\/Statue_3_Stufen_der_Liebe.jpg?fit=800%2C445&ssl=1&resize=700%2C400 2x"},"classes":[]},{"id":3298,"url":"https:\/\/www.freidenker.org\/?p=3298","url_meta":{"origin":193,"position":1},"title":"Jugendweihen 2005 in Bremerhaven, Hamburg und Kiel","author":"Webredaktion","date":"17. Juni 2005","format":false,"excerpt":"Beitr\u00e4ge von Helmuth Sturmhoebel und Norbert Diener aus: FREIDENKER 2-05 Die 81. Jugendweihe des Freidenkerverbandes Bremen\/Unterweser fand am 22. Mai 2005 in Bremerhaven statt. 13 Jugendliche hatten sich seit Anfang M\u00e4rz unter der bew\u00e4hrten Leitung von Helmut Brauner w\u00f6chentlich getroffen. Sie diskutierten \u00fcber die Themen Arbeitslosigkeit, Gewalt, Drogen und Faschismus\u2026","rel":"","context":"In &quot;Jugendweihe &amp; Jugendfeier&quot;","block_context":{"text":"Jugendweihe &amp; Jugendfeier","link":"https:\/\/www.freidenker.org\/?cat=14"},"img":{"alt_text":"","src":"https:\/\/i0.wp.com\/www.freidenker.org\/fw17\/wp-content\/uploads\/2005\/06\/bremerhaven-hamburg-kiel_mb.jpg?fit=800%2C445&ssl=1&resize=350%2C200","width":350,"height":200,"srcset":"https:\/\/i0.wp.com\/www.freidenker.org\/fw17\/wp-content\/uploads\/2005\/06\/bremerhaven-hamburg-kiel_mb.jpg?fit=800%2C445&ssl=1&resize=350%2C200 1x, https:\/\/i0.wp.com\/www.freidenker.org\/fw17\/wp-content\/uploads\/2005\/06\/bremerhaven-hamburg-kiel_mb.jpg?fit=800%2C445&ssl=1&resize=525%2C300 1.5x, https:\/\/i0.wp.com\/www.freidenker.org\/fw17\/wp-content\/uploads\/2005\/06\/bremerhaven-hamburg-kiel_mb.jpg?fit=800%2C445&ssl=1&resize=700%2C400 2x"},"classes":[]},{"id":3301,"url":"https:\/\/www.freidenker.org\/?p=3301","url_meta":{"origin":193,"position":2},"title":"Jugendfeier 2005 in Braunschweig","author":"Webredaktion","date":"17. Juni 2005","format":false,"excerpt":"Bericht der Braunschweiger Zeitung, nachgedruckt in: FREIDENKER 2-05 \u201eSie werden heute hochoffiziell vom Kind zum Jugendlichen bef\u00f6rdert\", sagte Klaus Hartmann, Vorsitzender des Deutschen Freidenker-Verbandes, am Sonntag zu 34 M\u00e4dchen und Jungen in der Stadthalle. Die 13- bis 15 J\u00e4hrigen feierten mit ihren Eltern und Verwandten die Jugendweihe. \"Dieses Fest hat\u2026","rel":"","context":"In &quot;Jugendweihe &amp; Jugendfeier&quot;","block_context":{"text":"Jugendweihe &amp; Jugendfeier","link":"https:\/\/www.freidenker.org\/?cat=14"},"img":{"alt_text":"","src":"https:\/\/i0.wp.com\/www.freidenker.org\/fw17\/wp-content\/uploads\/2005\/06\/braunschweig-2179636_800x445.jpg?fit=800%2C445&ssl=1&resize=350%2C200","width":350,"height":200,"srcset":"https:\/\/i0.wp.com\/www.freidenker.org\/fw17\/wp-content\/uploads\/2005\/06\/braunschweig-2179636_800x445.jpg?fit=800%2C445&ssl=1&resize=350%2C200 1x, https:\/\/i0.wp.com\/www.freidenker.org\/fw17\/wp-content\/uploads\/2005\/06\/braunschweig-2179636_800x445.jpg?fit=800%2C445&ssl=1&resize=525%2C300 1.5x, https:\/\/i0.wp.com\/www.freidenker.org\/fw17\/wp-content\/uploads\/2005\/06\/braunschweig-2179636_800x445.jpg?fit=800%2C445&ssl=1&resize=700%2C400 2x"},"classes":[]},{"id":179,"url":"https:\/\/www.freidenker.org\/?p=179","url_meta":{"origin":193,"position":3},"title":"125 Jahre Jugendweihe in Hamburg","author":"Webmaster","date":"6. Mai 2015","format":false,"excerpt":"Beitrag von Helmuth Sturmhoebel In Hamburg wurde im Fr\u00fchjahr 1882 die \u00bbFreidenker-Gesellschaft Hamburg\u00ab gegr\u00fcndet. Schon Anfang 1886 wurde versucht, die Einrichtung von Schulen f\u00fcr Konfessionslose zu erreichen, jedoch ohne Erfolg. W\u00e4hrend sich in Hamburg die Freidenker noch stritten, wurde in Barmbek, damals noch selbst\u00e4ndig, heute ein Stadtteil von Hamburg, die\u2026","rel":"","context":"In &quot;Geschichte&quot;","block_context":{"text":"Geschichte","link":"https:\/\/www.freidenker.org\/?cat=1162"},"img":{"alt_text":"","src":"https:\/\/i0.wp.com\/www.freidenker.org\/fw17\/wp-content\/uploads\/2016\/05\/Hamburg.jpg?fit=800%2C445&ssl=1&resize=350%2C200","width":350,"height":200,"srcset":"https:\/\/i0.wp.com\/www.freidenker.org\/fw17\/wp-content\/uploads\/2016\/05\/Hamburg.jpg?fit=800%2C445&ssl=1&resize=350%2C200 1x, https:\/\/i0.wp.com\/www.freidenker.org\/fw17\/wp-content\/uploads\/2016\/05\/Hamburg.jpg?fit=800%2C445&ssl=1&resize=525%2C300 1.5x, https:\/\/i0.wp.com\/www.freidenker.org\/fw17\/wp-content\/uploads\/2016\/05\/Hamburg.jpg?fit=800%2C445&ssl=1&resize=700%2C400 2x"},"classes":[]},{"id":183,"url":"https:\/\/www.freidenker.org\/?p=183","url_meta":{"origin":193,"position":4},"title":"120 Jahre Jugendweihe \/ Jugendfeier in Deutschland","author":"Webmaster","date":"17. M\u00e4rz 2010","format":false,"excerpt":"Beitrag von Eberhard Schinck aus FREIDENKER 1-10 Proletarische Freidenker und Arbeiterbewegung lehnten den Begriff Jugendweihe zun\u00e4chst ab, weil er Vorstellungen von \u201eSegnen\u201c und \u201eWeihen\u201c zul\u00e4sst. Die Unterscheidung zwischen \u201eSchulentlassungsfeier\u201c und \u201eJugendweihe\u201c hatte also einen politischen Grund. Ab 1890 etwa hatten sich die meisten Freireligi\u00f6sen Gemeinden in einem komplizierten Entwicklungsprozess der\u2026","rel":"","context":"In &quot;Geschichte&quot;","block_context":{"text":"Geschichte","link":"https:\/\/www.freidenker.org\/?cat=1162"},"img":{"alt_text":"","src":"https:\/\/i0.wp.com\/www.freidenker.org\/fw17\/wp-content\/uploads\/2016\/05\/Frau-mit-roter-Rose.jpg?fit=800%2C445&ssl=1&resize=350%2C200","width":350,"height":200,"srcset":"https:\/\/i0.wp.com\/www.freidenker.org\/fw17\/wp-content\/uploads\/2016\/05\/Frau-mit-roter-Rose.jpg?fit=800%2C445&ssl=1&resize=350%2C200 1x, https:\/\/i0.wp.com\/www.freidenker.org\/fw17\/wp-content\/uploads\/2016\/05\/Frau-mit-roter-Rose.jpg?fit=800%2C445&ssl=1&resize=525%2C300 1.5x, https:\/\/i0.wp.com\/www.freidenker.org\/fw17\/wp-content\/uploads\/2016\/05\/Frau-mit-roter-Rose.jpg?fit=800%2C445&ssl=1&resize=700%2C400 2x"},"classes":[]},{"id":189,"url":"https:\/\/www.freidenker.org\/?p=189","url_meta":{"origin":193,"position":5},"title":"Jugendfeier 2005 in Frankfurt am Main","author":"Webmaster","date":"17. Juni 2005","format":false,"excerpt":"Beitrag von Norbert M\u00fcller aus FREIDENKER 2-05 Am Pfingstsonntag war es soweit. Nach sieben Vorbereitungstreffen, einem gemeinsamen Treff mit den Eltern sowie einem Wochenendseminar in Weimar mit Besuch der Gedenkst\u00e4tte Buchenwald fand f\u00fcr 31 Jugendliche in Hessen die Jugendfeier statt, die wie immer unter dem Motto \"Nicht religi\u00f6s und trotzdem\u2026","rel":"","context":"In &quot;Jugendweihe &amp; Jugendfeier&quot;","block_context":{"text":"Jugendweihe &amp; Jugendfeier","link":"https:\/\/www.freidenker.org\/?cat=14"},"img":{"alt_text":"","src":"https:\/\/i0.wp.com\/www.freidenker.org\/fw17\/wp-content\/uploads\/2016\/05\/Frankfurt.jpg?fit=800%2C445&ssl=1&resize=350%2C200","width":350,"height":200,"srcset":"https:\/\/i0.wp.com\/www.freidenker.org\/fw17\/wp-content\/uploads\/2016\/05\/Frankfurt.jpg?fit=800%2C445&ssl=1&resize=350%2C200 1x, https:\/\/i0.wp.com\/www.freidenker.org\/fw17\/wp-content\/uploads\/2016\/05\/Frankfurt.jpg?fit=800%2C445&ssl=1&resize=525%2C300 1.5x, https:\/\/i0.wp.com\/www.freidenker.org\/fw17\/wp-content\/uploads\/2016\/05\/Frankfurt.jpg?fit=800%2C445&ssl=1&resize=700%2C400 2x"},"classes":[]}],"_links":{"self":[{"href":"https:\/\/www.freidenker.org\/index.php?rest_route=\/wp\/v2\/posts\/193","targetHints":{"allow":["GET"]}}],"collection":[{"href":"https:\/\/www.freidenker.org\/index.php?rest_route=\/wp\/v2\/posts"}],"about":[{"href":"https:\/\/www.freidenker.org\/index.php?rest_route=\/wp\/v2\/types\/post"}],"author":[{"embeddable":true,"href":"https:\/\/www.freidenker.org\/index.php?rest_route=\/wp\/v2\/users\/2"}],"replies":[{"embeddable":true,"href":"https:\/\/www.freidenker.org\/index.php?rest_route=%2Fwp%2Fv2%2Fcomments&post=193"}],"version-history":[{"count":0,"href":"https:\/\/www.freidenker.org\/index.php?rest_route=\/wp\/v2\/posts\/193\/revisions"}],"wp:featuredmedia":[{"embeddable":true,"href":"https:\/\/www.freidenker.org\/index.php?rest_route=\/wp\/v2\/media\/194"}],"wp:attachment":[{"href":"https:\/\/www.freidenker.org\/index.php?rest_route=%2Fwp%2Fv2%2Fmedia&parent=193"}],"wp:term":[{"taxonomy":"category","embeddable":true,"href":"https:\/\/www.freidenker.org\/index.php?rest_route=%2Fwp%2Fv2%2Fcategories&post=193"},{"taxonomy":"post_tag","embeddable":true,"href":"https:\/\/www.freidenker.org\/index.php?rest_route=%2Fwp%2Fv2%2Ftags&post=193"}],"curies":[{"name":"wp","href":"https:\/\/api.w.org\/{rel}","templated":true}]}}