{"id":19282,"date":"2024-06-06T02:50:13","date_gmt":"2024-06-06T00:50:13","guid":{"rendered":"https:\/\/www.freidenker.org\/?p=19282"},"modified":"2024-07-10T12:41:51","modified_gmt":"2024-07-10T10:41:51","slug":"keine-stimme-fuer-den-krieg","status":"publish","type":"post","link":"https:\/\/www.freidenker.org\/?p=19282","title":{"rendered":"Keine Stimme f\u00fcr den Krieg!"},"content":{"rendered":"<h3><a id=\"top\"><\/a>Aufrufe und Stellungnahmen zur EU-Wahl<\/h3>\n<p><em>Je n\u00e4her der Wahltermin r\u00fcckt, desto mehr Wahlaufrufe erreichen uns. Unabh\u00e4ngig davon, ob solche Aufrufe hinsichtlich der Wahlentscheidung unmittelbar etwas bewirken, sind diese Stimmen \u00fcber den Wahltag hinaus f\u00fcr den Kampf um Frieden bedeutsam.<\/em><\/p>\n<p><em>Wir dokumentieren nachfolgend Aufrufe eines Zusammenschlusses vorwiegend ostdeutscher Gruppen, des Bundesverbandes Arbeiterfotografie sowie der Pal\u00e4stinensischen Gemeinde Deutschland.<\/em><\/p>\n<p style=\"text-align: right;\"><em>Webredaktion<\/em><\/p>\n<hr \/>\n<p><strong>Navigation<\/strong><\/p>\n<p><a href=\"#aufstehen\">Keine Stimme mehr f\u00fcr die Kriegstreiber und ihre Parteien!<\/a> (Neue Richtung u.a.)<br \/>\n<a href=\"#af\">EU-Wahl am 9. Juni: Die Kriegstreiberparteien abw\u00e4hlen!<\/a> (Bundesverband Arbeiterfotografie)<br \/>\n<a href=\"#pgd\">Aufruf des Bundesvorstandes der pal\u00e4stinensischen Gemeinde Deutschland e. V.<\/a><\/p>\n<hr \/>\n<h4><strong><a id=\"aufstehen\"><\/a>\u00a0<\/strong><strong>Keine Stimme mehr f\u00fcr die Kriegstreiber und ihre Parteien!<\/strong><\/h4>\n<p>Noch nie war die Gefahr f\u00fcr unser Land, in einen weltweiten Krieg hineingezogen zu werden, so gro\u00df wie jetzt. Einen Krieg, der mit hoher Wahrscheinlichkeit mit Massenvernichtungswaffen ausgetragen wird und ein v\u00f6llig verw\u00fcstetes Europa zur\u00fcckl\u00e4sst.<\/p>\n<p>Seit ca. 10 Jahren f\u00fchren NATO und Russland einen Stellvertreterkrieg in der Ukraine, in dem sie unterschiedliche Kriegsparteien aufr\u00fcsteten und unterst\u00fctzten (der Westen die Kiewer Zentralregierung, Russland die unterdr\u00fcckte Minderheit in der Ostukraine). Mit dem russischen Einmarsch in die Ukraine 2022 und den antirussischen Sanktionen des Westens wurde dieser Krieg auf ein neues Eskalationsniveau gehoben.<\/p>\n<p>Strategisch gesehen ist die Ukraine mittlerweile derartig im Nachteil, dass auch die Lieferung angeblicher \u201eWunderwaffen\u201c wie der Taurus-Marschflugk\u00f6rper keine Trendwende in diesem Krieg mehr bringen k\u00f6nnen. Sie taugen zwar f\u00fcr einzelne \u201eNadelstiche\u201c gegen Russland, werden aber keinen Abzug der russischen Truppen erzwingen k\u00f6nnen \u2013 aber sie verstricken Deutschland immer st\u00e4rker in einen Krieg mit Russland und machen unser Land zur Zielscheibe f\u00fcr russische Raketen.<\/p>\n<p>Auf den Schutz durch die NATO kann sich Deutschland auch nicht wirklich verlassen, wenn man bedenkt, dass unsere \u201eVerb\u00fcndeten\u201c mit hoher Wahrscheinlichkeit die Nordstream-Pipeline gesprengt haben. Das zeigt, dass auch die meisten NATO-Staaten vorrangig nur Eigeninteressen verfolgen.<\/p>\n<p>Das Einzige, was der Ukraine hilft, ist ein Waffenstillstand und die Aufnahme von Verhandlungen. Jede weitere Kriegswoche verschlechtert die Situation f\u00fcr das Land und schw\u00e4cht damit seine Verhandlungsposition! Minimale Erfolge, die in unseren Medien propagandistisch aufgebauscht werden, sollen vor allem den Durchhaltwillen der europ\u00e4ischen Bev\u00f6lkerung st\u00e4rken.<\/p>\n<p>Doch jeder weitere Kriegstag verl\u00e4ngert das sinnlose Sterben auf beiden Seiten und die Zerst\u00f6rung der Heimat von Millionen Menschen!<\/p>\n<p>Wer der Ukraine helfen will, verheizt sie nicht in einem Krieg, in dem sie keine Chance hat! Es ist das Interesse der USA, ihren Widersacher Russland so lange wie m\u00f6glich in der Ukraine festzunageln und milit\u00e4risch zu besch\u00e4ftigen, um ihn so zu schw\u00e4chen. Die US-h\u00f6rigen Parteien der Ampel-Koalition und die CDU wollen (oder m\u00fcssen?) weiter Milliarden Steuergelder in diesen Krieg pumpen, w\u00e4hrend es in unserem Land an allen Ecken und Enden fehlt.<\/p>\n<p>Die Unterzeichner dieses Schreibens rufen daher die W\u00e4hlerinnen und W\u00e4hler in Deutschland auf, die EU-Wahl im Juni 2024 zu einer \u201eVolksabstimmung\u201c \u00fcber die weitere Unterst\u00fctzung des Kriegskurses zu machen! Nur wenn die Kriegs(voran)treiber einen Denkzettel bei der Wahl bekommen, kann man sie zu einem Umdenken bringen, da in diesem und im n\u00e4chsten Jahr noch weitere wichtige Wahlen anstehen.<\/p>\n<p>Wenn Deutschland \u2013 einer der wichtigsten Kriegsfinanziers \u2013 ank\u00fcndigt, sich f\u00fcr Verhandlungen einzusetzen, kann das in Europa dieses Umdenken ausl\u00f6sen!<\/p>\n<p><strong>Darum rufen wir die B\u00fcrgerinnen und B\u00fcrger auf, ihr Wahlrecht wahrzunehmen und zur EU-Wahl zu gehen und f\u00fcr Parteien zu stimmen, welche sich f\u00fcr Verhandlungen und ein Ende des Krieges einsetzen.<\/strong><\/p>\n<p><strong>Wir rufen nicht auf, ausdr\u00fccklich f\u00fcr diese oder jene Partei zu stimmen. Wir sind sicher, das Gesp\u00fcr der W\u00e4hlerinnen und W\u00e4hler f\u00fcr Frieden, soziale Gerechtigkeit und Demokratie ist stark genug entwickelt, damit sie die richtigen Entscheidungen treffen.<\/strong><\/p>\n<p style=\"text-align: right;\"><em>Die unterzeichnenden Gruppierungen:<\/em><\/p>\n<p style=\"text-align: right;\"><em><strong>Aufstehen &#8211; Regionalgruppe Mittelsachsen * Freie Linke Berlin * Freie Linke Dresden *<br \/>\n<\/strong><strong>Friedensinitiative Dresden (FID) * Neue Richtung * Politischer Stammtisch der D\u00f6belner LINKEn\u00a0<\/strong><strong>*<br \/>\nWIBP e.V. (Workshops \u2013 Ideenb\u00f6rsen \u2013 Bildung \u2013 Projekte)<\/strong><\/em><\/p>\n<p><a href=\"#top\"><span style=\"font-size: 10pt;\">\u2191\u00a0Nach oben<\/span><\/a><\/p>\n<hr \/>\n<p><strong><a id=\"af\"><\/a> <img data-recalc-dims=\"1\" loading=\"lazy\" decoding=\"async\" data-attachment-id=\"19287\" data-permalink=\"https:\/\/www.freidenker.org\/?attachment_id=19287\" data-orig-file=\"https:\/\/i0.wp.com\/www.freidenker.org\/fw17\/wp-content\/uploads\/2024\/06\/Logo_Arbeiterfotografie.jpg?fit=304%2C238&amp;ssl=1\" data-orig-size=\"304,238\" data-comments-opened=\"0\" data-image-meta=\"{&quot;aperture&quot;:&quot;0&quot;,&quot;credit&quot;:&quot;&quot;,&quot;camera&quot;:&quot;&quot;,&quot;caption&quot;:&quot;&quot;,&quot;created_timestamp&quot;:&quot;0&quot;,&quot;copyright&quot;:&quot;&quot;,&quot;focal_length&quot;:&quot;0&quot;,&quot;iso&quot;:&quot;0&quot;,&quot;shutter_speed&quot;:&quot;0&quot;,&quot;title&quot;:&quot;&quot;,&quot;orientation&quot;:&quot;1&quot;}\" data-image-title=\"Logo_Arbeiterfotografie\" data-image-description=\"\" data-image-caption=\"\" data-large-file=\"https:\/\/i0.wp.com\/www.freidenker.org\/fw17\/wp-content\/uploads\/2024\/06\/Logo_Arbeiterfotografie.jpg?fit=304%2C238&amp;ssl=1\" class=\"alignnone wp-image-19287\" src=\"https:\/\/i0.wp.com\/www.freidenker.org\/fw17\/wp-content\/uploads\/2024\/06\/Logo_Arbeiterfotografie.jpg?resize=200%2C157&#038;ssl=1\" alt=\"\" width=\"200\" height=\"157\" srcset=\"https:\/\/i0.wp.com\/www.freidenker.org\/fw17\/wp-content\/uploads\/2024\/06\/Logo_Arbeiterfotografie.jpg?w=304&amp;ssl=1 304w, https:\/\/i0.wp.com\/www.freidenker.org\/fw17\/wp-content\/uploads\/2024\/06\/Logo_Arbeiterfotografie.jpg?resize=300%2C235&amp;ssl=1 300w\" sizes=\"auto, (max-width: 200px) 100vw, 200px\" \/>\u00a0<\/strong><\/p>\n<p><strong>EU-Wahl am 9. Juni: Die Kriegstreiberparteien abw\u00e4hlen!<\/strong><\/p>\n<p>Sechs Tage vor der EU-Wahl am 9. Juni 2024 verbreiten der DGB und seine acht Gewerkschaften in NRW unter dem Motto &#8222;Gute Arbeit? Besser mit Europa!&#8220; eine Pressemitteilung, in der sie behaupten, die Europ\u00e4ische Union sichere &#8222;uns seit Jahrzehnten ein Leben in Frieden, Freiheit und Wohlstand&#8220;. Sie behaupten, ein Austritt aus der EU w\u00fcrde Arbeitspl\u00e4tze kosten. Sie rufen dazu auf, &#8222;an der Wahl teilzunehmen und f\u00fcr ein starkes, demokratisches und soziales Europa zu stimmen.&#8220; Das liest sich wie die Wahlkampfdemagogie der SPD und der anderen kapitalh\u00f6rigen Parteien. Die Darstellung der DGB-Gewerkschaften ist ganz und gar realit\u00e4tsfern. Die EU ist ein weitgehend den Konzernen dienender, undemokratischer und unsozialer Moloch. Und das EU-Parlament ist ein Scheinparlament. Die Entscheidungen werden andernorts getroffen: von der nicht von den Bev\u00f6lkerungen gew\u00e4hlten EU-Kommission und ihren Lobbyisten.<\/p>\n<p>Die EU sichert nicht den Frieden. Sie steuert Europa \u00fcber den eskalierenden Kollisionskurs mit Russland in den Dritten Weltkrieg. Das ist es, was schon jetzt in erschreckendem Ma\u00dfe Arbeitspl\u00e4tze kostet, weil die nach der Sprengung der Nord-Stream-Pipelines gestiegenen Energiekosten zur Abwanderung von Unternehmen ins Ausland f\u00fchren. Und die EU hat schon lange \u2013 sp\u00e4testens seit dem Vertrag von Lissabon aus dem Jahr 2009 \u2013 einen militaristischen Charakter \u2013 mit ihrer Anbindung an die NATO, ihrer Verpflichtung zur Aufr\u00fcstung, der Au\u00dferkraftsetzung des Rechts auf Leben bei der Niederschlagung von Aufruhr oder Aufstand und der Legitimierung interessengeleiteter Kriege. Und die EU sichert auch nicht die Demokratie. Mit der Einf\u00fchrung des digitalen Euro steuert sie in Richtung Totalkontrolle. Und sie will uns im Verbund mit der WHO einer Gesundheitsdiktatur unterwerfen, die uns die Freiheit des Reisens raubt.<\/p>\n<p>Die DGB-Gewerkschaften warnen davor, die AfD zu w\u00e4hlen. Aber sie vergessen, vor den Parteien wie der CDU\/CSU, der SPD, der FDP und der Gr\u00fcnen zu warnen, die v\u00f6lkerrechtswidrige Kriege wie den von 1999 gegen Jugoslawien st\u00fctzen, die die unsoziale Hartz-Gesetzgebung zu verantworten haben und die heute Deutschland, Europa und die ganze Welt in einen Krieg zu st\u00fcrzen drohen, der alles zerst\u00f6rt \u2013 damit auch die Arbeitspl\u00e4tze und das Leben von Millionen wenn nicht Milliarden Menschen. Wenn dazu aufgefordert wird, sich an der EU-Wahl zu beteiligen, dann sollten dabei Parteien bevorzugt werden, die den militaristischen, undemokratischen und unsozialen Charakter der EU offen anprangern, sich f\u00fcr Verhandlungen und milit\u00e4rische Neutralit\u00e4t einsetzen und die Wahl ins EU-Parlament dazu nutzen wollen, Transparenz herzustellen, um damit die Machenschaften der EU aufzudecken. Auch (noch) kleine Parteien haben eine Chance, da es keine 5-Prozent-H\u00fcrde gibt.<\/p>\n<p style=\"text-align: right;\"><em><strong>Bundesverband Arbeiterfotografie<\/strong><\/em><\/p>\n<p><span style=\"font-size: 10pt;\"><img data-recalc-dims=\"1\" loading=\"lazy\" decoding=\"async\" data-attachment-id=\"1076\" data-permalink=\"https:\/\/www.freidenker.org\/?attachment_id=1076\" data-orig-file=\"https:\/\/i0.wp.com\/www.freidenker.org\/fw17\/wp-content\/uploads\/2017\/10\/pdf_icon-2.png?fit=32%2C32&amp;ssl=1\" data-orig-size=\"32,32\" data-comments-opened=\"0\" data-image-meta=\"{&quot;aperture&quot;:&quot;0&quot;,&quot;credit&quot;:&quot;&quot;,&quot;camera&quot;:&quot;&quot;,&quot;caption&quot;:&quot;&quot;,&quot;created_timestamp&quot;:&quot;0&quot;,&quot;copyright&quot;:&quot;&quot;,&quot;focal_length&quot;:&quot;0&quot;,&quot;iso&quot;:&quot;0&quot;,&quot;shutter_speed&quot;:&quot;0&quot;,&quot;title&quot;:&quot;&quot;,&quot;orientation&quot;:&quot;0&quot;}\" data-image-title=\"pdf_icon\" data-image-description=\"\" data-image-caption=\"\" data-large-file=\"https:\/\/i0.wp.com\/www.freidenker.org\/fw17\/wp-content\/uploads\/2017\/10\/pdf_icon-2.png?fit=32%2C32&amp;ssl=1\" class=\"alignnone size-full wp-image-1076\" src=\"https:\/\/i0.wp.com\/www.freidenker.org\/fw17\/wp-content\/uploads\/2017\/10\/pdf_icon-2.png?resize=32%2C32&#038;ssl=1\" alt=\"\" width=\"32\" height=\"32\" \/> <a href=\"https:\/\/www.freidenker.org\/fw17\/wp-content\/uploads\/2024\/06\/flugblatt_af_eu-wahl.pdf\" target=\"_blank\" rel=\"noopener\">Erkl\u00e4rung des Bundesverbandes Arbeiterfotografie als PDF<\/a> (ca. 400 KB)<\/span><\/p>\n<p><a href=\"#top\"><span style=\"font-size: 10pt;\">\u2191\u00a0Nach oben<\/span><\/a><\/p>\n<hr \/>\n<p><a id=\"pgd\"><\/a><img data-recalc-dims=\"1\" loading=\"lazy\" decoding=\"async\" data-attachment-id=\"19283\" data-permalink=\"https:\/\/www.freidenker.org\/?attachment_id=19283\" data-orig-file=\"https:\/\/i0.wp.com\/www.freidenker.org\/fw17\/wp-content\/uploads\/2024\/06\/PGD_Banner_Wahl.jpg?fit=664%2C117&amp;ssl=1\" data-orig-size=\"664,117\" data-comments-opened=\"0\" data-image-meta=\"{&quot;aperture&quot;:&quot;0&quot;,&quot;credit&quot;:&quot;&quot;,&quot;camera&quot;:&quot;&quot;,&quot;caption&quot;:&quot;&quot;,&quot;created_timestamp&quot;:&quot;0&quot;,&quot;copyright&quot;:&quot;&quot;,&quot;focal_length&quot;:&quot;0&quot;,&quot;iso&quot;:&quot;0&quot;,&quot;shutter_speed&quot;:&quot;0&quot;,&quot;title&quot;:&quot;&quot;,&quot;orientation&quot;:&quot;0&quot;}\" data-image-title=\"PGD_Banner_Wahl\" data-image-description=\"\" data-image-caption=\"\" data-large-file=\"https:\/\/i0.wp.com\/www.freidenker.org\/fw17\/wp-content\/uploads\/2024\/06\/PGD_Banner_Wahl.jpg?fit=664%2C117&amp;ssl=1\" class=\"alignnone wp-image-19283 size-full\" src=\"https:\/\/i0.wp.com\/www.freidenker.org\/fw17\/wp-content\/uploads\/2024\/06\/PGD_Banner_Wahl.jpg?resize=664%2C117&#038;ssl=1\" alt=\"\" width=\"664\" height=\"117\" srcset=\"https:\/\/i0.wp.com\/www.freidenker.org\/fw17\/wp-content\/uploads\/2024\/06\/PGD_Banner_Wahl.jpg?w=664&amp;ssl=1 664w, https:\/\/i0.wp.com\/www.freidenker.org\/fw17\/wp-content\/uploads\/2024\/06\/PGD_Banner_Wahl.jpg?resize=300%2C53&amp;ssl=1 300w\" sizes=\"auto, (max-width: 664px) 100vw, 664px\" \/><\/p>\n<p>An die pal\u00e4stinensischen und arabischen Gemeinden!<br \/>\nAn die Freunde unseres Volkes, an die Freunde des Friedens!<br \/>\nAn die Unterst\u00fctzer Pal\u00e4stinas!<\/p>\n<p>Am 9.6. finden die Wahlen zum Europ\u00e4ischen Parlament statt. Diese Wahlen finden statt, w\u00e4hrend der V\u00f6lkermord, den Israel gegen das pal\u00e4stinensische Volk in Gaza, der Westbank und Jerusalem f\u00fchrt, andauert. Ebenso setzt sich die rassistische Politik gegen\u00fcber allen Pal\u00e4stinensern fort. All dies geschieht angesichts einer besch\u00e4menden oder schweigenden Haltung vieler europ\u00e4ischer Regierungen und Parteien. Mit eurer Stimme k\u00f6nnt ihr Druck machen auf die Politik, damit sich das \u00e4ndert!<\/p>\n<p>Denn wir alle sind Teil der wachsenden Solidarit\u00e4tsbewegung mit dem pal\u00e4stinensischen Volk. Die sich vielfach auswirkt, sei es durch internationale UN-Beschl\u00fcsse, internationale Gerichte (Justiz und Strafgericht), die Anerkennung des Staates Pal\u00e4stina oder die breite Solidarit\u00e4tskampagne in St\u00e4dten, Universit\u00e4ten und Gewerkschaften.<\/p>\n<p>Deshalb appellieren wir an Euch, unbedingt w\u00e4hlen zu gehen, sei es per Briefwahl oder am 9.6. in den Wahllokalen.<\/p>\n<p>Ber\u00fccksichtigt dabei die Positionen der verschiedenen Parteien gegen\u00fcber dem V\u00f6lkermord an unserem Volk, deren Haltung zu unserem Recht auf freie Meinungs\u00e4u\u00dferung und deren Bereitschaft, das pal\u00e4stinensische Volk in seinem Kampf um Freiheit, R\u00fcckkehr und Selbstbestimmung sowie die Anerkennung Pal\u00e4stinas zu unterst\u00fctzen (damit nicht zehntausende Menschen staatenlos bleiben oder unter dem Status \u201eunbekannte Staatsangeh\u00f6rigkeit\u201c leiden).<\/p>\n<p>Deshalb bitten wir Euch, eine der folgenden Parteien zu w\u00e4hlen:<br \/>\n&#8211; MERA25<br \/>\n&#8211; BSW (B\u00fcndnis Sarah Wagenknecht)<br \/>\n&#8211; DKP<br \/>\n&#8211; BIG<\/p>\n<p>Oder die Abgeordnete \u00d6zlem Alev Demirel (Die Linke)<\/p>\n<p>Nein zum V\u00f6lkermord!<br \/>\nNein zu einer zweiten Nakba und erneuter Vertreibung!<br \/>\nSieg dem pal\u00e4stinensischen Volk f\u00fcr R\u00fcckkehr, Freiheit und Unabh\u00e4ngigkeit!<br \/>\nLasst unsere Stimme im Europ\u00e4ischen Parlament stark sein!<\/p>\n<p style=\"text-align: right;\"><strong><em>Bundesvorstand der pal\u00e4stinensischen Gemeinde Deutschland e. V.<\/em><\/strong><\/p>\n<p><a href=\"#top\"><span style=\"font-size: 10pt;\">\u2191\u00a0Nach oben<\/span><\/a><\/p>\n<hr \/>\n<p><span style=\"font-size: 10pt;\">Bild oben:\u00a0<\/span><br \/>\n<span style=\"font-size: 10pt;\">Foto: <a id=\"yui_3_16_0_1_1717631364021_78347\" class=\"owner-name truncate\" title=\"Geh zum Fotostream von Tim Reckmann\" href=\"https:\/\/www.flickr.com\/photos\/foto_db\/\" rel=\"author\" data-track=\"attributionNameClick\">Tim Reckmann<\/a> , <a href=\"https:\/\/creativecommons.org\/licenses\/by\/2.0\/\" target=\"_blank\" rel=\"noopener\"><span class=\"alt-titles\"><span class=\"tool-identifier\">CC BY 2.0<\/span><\/span><\/a><\/span><br \/>\n<span style=\"font-size: 10pt;\">Quelle: <a href=\"https:\/\/www.flickr.com\/photos\/foto_db\/46871452315\/\" target=\"_blank\" rel=\"noopener\">https:\/\/www.flickr.com\/photos\/foto_db\/46871452315\/<\/a><\/span><\/p>\n","protected":false},"excerpt":{"rendered":"<p><b>Aufrufe und Stellungnahmen zur EU-Wahl<\/b><br \/>\nJe n\u00e4her der Wahltermin r\u00fcckt, desto mehr Wahlaufrufe erreichen uns. Unabh\u00e4ngig davon, ob solche Aufrufe hinsichtlich der Wahlentscheidung unmittelbar etwas bewirken, sind diese Stimmen \u00fcber den Wahltag hinaus f\u00fcr den Kampf um Frieden bedeutsam. Wir dokumentieren nachfolgend Aufrufe eines Zusammenschlusses vorwiegend ostdeutscher Gruppen, des Bundesverbandes Arbeiterfotografie sowie der Pal\u00e4stinensischen Gemeinde Deutschland.<\/p>\n","protected":false},"author":3,"featured_media":19284,"comment_status":"closed","ping_status":"closed","sticky":false,"template":"","format":"standard","meta":{"colormag_page_container_layout":"default_layout","colormag_page_sidebar_layout":"default_layout","advanced_seo_description":"","jetpack_seo_html_title":"","jetpack_seo_noindex":false,"jetpack_post_was_ever_published":false,"footnotes":""},"categories":[12,13],"tags":[182,1676,335,2044,2227,394,222,639,1715,1931,1732,1313],"class_list":["post-19282","post","type-post","status-publish","format-standard","has-post-thumbnail","hentry","category-demokratie-medien-aufklaerung","category-frieden-antifaschismus-solidaritaet","tag-eu","tag-eu-parlament","tag-frieden","tag-kriegskosten","tag-kriegstreiber","tag-palaestina","tag-russland","tag-ukraine-konflikt","tag-verhandlungen","tag-voelkermord","tag-waffenstillstand","tag-wahlen"],"jetpack_featured_media_url":"https:\/\/i0.wp.com\/www.freidenker.org\/fw17\/wp-content\/uploads\/2024\/06\/wahl_eu_46871452315_800x450.jpg?fit=800%2C450&ssl=1","jetpack_shortlink":"https:\/\/wp.me\/p9stpK-510","jetpack-related-posts":[{"id":12179,"url":"https:\/\/www.freidenker.org\/?p=12179","url_meta":{"origin":19282,"position":0},"title":"Sicherheit f\u00fcr Russland ist Sicherheit f\u00fcr unser Land!","author":"Webredaktion","date":"10. Februar 2022","format":false,"excerpt":"Der Deutsche Freidenker Verband begr\u00fc\u00dft, dass sich in Anbetracht des westlichen Propagandakriegs gegen Russland und fortgesetzter NATO-Truppenverlegung an die russische Grenze auch die Friedensbewegung in Deutschland wieder zu Wort meldet und der Kriegstreiberei Einhalt gebieten will. Wir unterst\u00fctzen wegen seiner inhaltlichen Klarheit insbesondere den Aufruf aus Berlin zu einer KUNDGEBUNG\u2026","rel":"","context":"In &quot;Frieden - Antifaschismus - Solidarit\u00e4t&quot;","block_context":{"text":"Frieden - Antifaschismus - Solidarit\u00e4t","link":"https:\/\/www.freidenker.org\/?cat=13"},"img":{"alt_text":"","src":"https:\/\/i0.wp.com\/www.freidenker.org\/fw17\/wp-content\/uploads\/2022\/02\/Frieden_Russland_Deutschland_800x450.jpg?fit=800%2C450&ssl=1&resize=350%2C200","width":350,"height":200,"srcset":"https:\/\/i0.wp.com\/www.freidenker.org\/fw17\/wp-content\/uploads\/2022\/02\/Frieden_Russland_Deutschland_800x450.jpg?fit=800%2C450&ssl=1&resize=350%2C200 1x, https:\/\/i0.wp.com\/www.freidenker.org\/fw17\/wp-content\/uploads\/2022\/02\/Frieden_Russland_Deutschland_800x450.jpg?fit=800%2C450&ssl=1&resize=525%2C300 1.5x, https:\/\/i0.wp.com\/www.freidenker.org\/fw17\/wp-content\/uploads\/2022\/02\/Frieden_Russland_Deutschland_800x450.jpg?fit=800%2C450&ssl=1&resize=700%2C400 2x"},"classes":[]},{"id":15221,"url":"https:\/\/www.freidenker.org\/?p=15221","url_meta":{"origin":19282,"position":1},"title":"Zur Kundgebung gegen die \u201eSicherheitskonferenz\u201c","author":"Webredaktion","date":"14. Februar 2023","format":false,"excerpt":"Beitrag von Diether Dehm F\u00fcr die Demonstration am 18. Februar, bei der ich neben J\u00fcrgen Todenh\u00f6fer am M\u00fcnchner K\u00f6nigsplatz spreche, gibt es wohl ebenfalls Aufrufe aus rechten Kreisen. Und darum auch Empfehlungen, Leuten aus dem AfD-Umfeld das Betreten des Platzes zu untersagen \u2013 und auch das Tragen schwarz-rot-goldener Fahnen. F\u00fcr\u2026","rel":"","context":"In &quot;Frieden - Antifaschismus - Solidarit\u00e4t&quot;","block_context":{"text":"Frieden - Antifaschismus - Solidarit\u00e4t","link":"https:\/\/www.freidenker.org\/?cat=13"},"img":{"alt_text":"","src":"https:\/\/i0.wp.com\/www.freidenker.org\/fw17\/wp-content\/uploads\/2023\/02\/2019-04-11_Pressekonferenz_der_AfD_by_Olaf_Kosinsky-8130_800x450.jpg?fit=800%2C450&ssl=1&resize=350%2C200","width":350,"height":200,"srcset":"https:\/\/i0.wp.com\/www.freidenker.org\/fw17\/wp-content\/uploads\/2023\/02\/2019-04-11_Pressekonferenz_der_AfD_by_Olaf_Kosinsky-8130_800x450.jpg?fit=800%2C450&ssl=1&resize=350%2C200 1x, https:\/\/i0.wp.com\/www.freidenker.org\/fw17\/wp-content\/uploads\/2023\/02\/2019-04-11_Pressekonferenz_der_AfD_by_Olaf_Kosinsky-8130_800x450.jpg?fit=800%2C450&ssl=1&resize=525%2C300 1.5x, https:\/\/i0.wp.com\/www.freidenker.org\/fw17\/wp-content\/uploads\/2023\/02\/2019-04-11_Pressekonferenz_der_AfD_by_Olaf_Kosinsky-8130_800x450.jpg?fit=800%2C450&ssl=1&resize=700%2C400 2x"},"classes":[]},{"id":2988,"url":"https:\/\/www.freidenker.org\/?p=2988","url_meta":{"origin":19282,"position":2},"title":"Freidenker-Brief 6-2015: Deutschland raus aus der NATO &#8211; NATO raus aus Deutschland","author":"Webredaktion","date":"27. August 2015","format":false,"excerpt":"W\u00e4hrend manche \"Institutionen\" der Friedensbewegung fortgesetzt die Diskussion \u201eWie weiter mit der Friedensbewegung?\u201c f\u00fchren, gibt es erfreulicherweise auch Friedenskr\u00e4fte, die angesichts der gef\u00e4hrlichen internationalen Entwicklung aktiv werden, die auf Aktionen und auf Klarheit dr\u00e4ngen: Einerseits die im \"AK Frieden \/ Internationales\" des Deutschen Freidenker-Verbandes erarbeitete programmatische Erkl\u00e4rung zu Fragen von\u2026","rel":"","context":"In &quot;Freidenker-Brief&quot;","block_context":{"text":"Freidenker-Brief","link":"https:\/\/www.freidenker.org\/?cat=341"},"img":{"alt_text":"","src":"https:\/\/i0.wp.com\/www.freidenker.org\/fw17\/wp-content\/uploads\/2015\/08\/Global_Hawk_800x445_mLogo.jpg?fit=800%2C445&ssl=1&resize=350%2C200","width":350,"height":200,"srcset":"https:\/\/i0.wp.com\/www.freidenker.org\/fw17\/wp-content\/uploads\/2015\/08\/Global_Hawk_800x445_mLogo.jpg?fit=800%2C445&ssl=1&resize=350%2C200 1x, https:\/\/i0.wp.com\/www.freidenker.org\/fw17\/wp-content\/uploads\/2015\/08\/Global_Hawk_800x445_mLogo.jpg?fit=800%2C445&ssl=1&resize=525%2C300 1.5x, https:\/\/i0.wp.com\/www.freidenker.org\/fw17\/wp-content\/uploads\/2015\/08\/Global_Hawk_800x445_mLogo.jpg?fit=800%2C445&ssl=1&resize=700%2C400 2x"},"classes":[]},{"id":7383,"url":"https:\/\/www.freidenker.org\/?p=7383","url_meta":{"origin":19282,"position":3},"title":"Freidenker im Gespr\u00e4ch am 13.01.2020: NATO macht mobil \u2013 gegen Russland","author":"Webredaktion","date":"5. Januar 2020","format":false,"excerpt":"Berliner Runde \u2013 Freidenker im Gespr\u00e4ch: Vortrag und Diskussion mit Klaus Hartmann, Bundesvorsitzender des Deutschen Freidenker-Verbandes Montag, den 13. Januar 2020, 16.00 Uhr, ND-Geb\u00e4ude, Seminarraum 1, Franz-Mehring-Platz 1, 10243 Berlin Von Januar bis Mai 2020 planen die USA und NATO-Staaten ein Gro\u00dfman\u00f6ver zur trans\u00adatlantischen Mobilmachung gegen Russland. Eine Invasion von\u2026","rel":"","context":"In &quot;Frieden - Antifaschismus - Solidarit\u00e4t&quot;","block_context":{"text":"Frieden - Antifaschismus - Solidarit\u00e4t","link":"https:\/\/www.freidenker.org\/?cat=13"},"img":{"alt_text":"","src":"https:\/\/i0.wp.com\/www.freidenker.org\/fw17\/wp-content\/uploads\/2020\/01\/Einladung_Berlin_2020-01-13.jpg?fit=800%2C445&ssl=1&resize=350%2C200","width":350,"height":200,"srcset":"https:\/\/i0.wp.com\/www.freidenker.org\/fw17\/wp-content\/uploads\/2020\/01\/Einladung_Berlin_2020-01-13.jpg?fit=800%2C445&ssl=1&resize=350%2C200 1x, https:\/\/i0.wp.com\/www.freidenker.org\/fw17\/wp-content\/uploads\/2020\/01\/Einladung_Berlin_2020-01-13.jpg?fit=800%2C445&ssl=1&resize=525%2C300 1.5x, https:\/\/i0.wp.com\/www.freidenker.org\/fw17\/wp-content\/uploads\/2020\/01\/Einladung_Berlin_2020-01-13.jpg?fit=800%2C445&ssl=1&resize=700%2C400 2x"},"classes":[]},{"id":6436,"url":"https:\/\/www.freidenker.org\/?p=6436","url_meta":{"origin":19282,"position":4},"title":"Scheindemokratischer \u201eKlamauk\u201c f\u00fcr undemokratische und exklusive EU?","author":"Webredaktion","date":"23. Mai 2019","format":false,"excerpt":"Interview von Tilo Gr\u00e4ser (Sputniknews Deutschland) mit Klaus Hartmann Am vergangenen Sonntag hat es zahlreiche Demonstrationen unter der Losung \u201eEin Europa f\u00fcr alle\u201c gegeben. Die Organisatoren haben die Wahl zum EU-Parlament am 26. Mai im Blick gehabt. Der Deutsche Freidenker-Verband hat sich beteiligt \u2013 aber gegen die Anliegen der Aufrufer.\u2026","rel":"","context":"In &quot;Demokratie \u2013 Medien \u2013 Aufkl\u00e4rung&quot;","block_context":{"text":"Demokratie \u2013 Medien \u2013 Aufkl\u00e4rung","link":"https:\/\/www.freidenker.org\/?cat=12"},"img":{"alt_text":"","src":"https:\/\/i0.wp.com\/www.freidenker.org\/fw17\/wp-content\/uploads\/2019\/05\/eu-wahl_flickr_800x445.jpg?fit=800%2C445&ssl=1&resize=350%2C200","width":350,"height":200,"srcset":"https:\/\/i0.wp.com\/www.freidenker.org\/fw17\/wp-content\/uploads\/2019\/05\/eu-wahl_flickr_800x445.jpg?fit=800%2C445&ssl=1&resize=350%2C200 1x, https:\/\/i0.wp.com\/www.freidenker.org\/fw17\/wp-content\/uploads\/2019\/05\/eu-wahl_flickr_800x445.jpg?fit=800%2C445&ssl=1&resize=525%2C300 1.5x, https:\/\/i0.wp.com\/www.freidenker.org\/fw17\/wp-content\/uploads\/2019\/05\/eu-wahl_flickr_800x445.jpg?fit=800%2C445&ssl=1&resize=700%2C400 2x"},"classes":[]},{"id":5370,"url":"https:\/\/www.freidenker.org\/?p=5370","url_meta":{"origin":19282,"position":5},"title":"Gegen Rechts am Antikriegstag","author":"Webredaktion","date":"31. August 2018","format":false,"excerpt":"Warum ein gro\u00dfes Konzert Rock gegen Rechts zur besten Demo-Zeit ausgerechnet am 1. September, an dem traditionell Friedenskundgebungen und antimilitaristische Demonstrationen stattfinden gegen Kriegsbeteiligung und Aufr\u00fcstung, f\u00fcr R\u00fcckholung der Bundeswehr, f\u00fcr Stopp der Waffenexporte, f\u00fcr Entfernung der Atombomben aus Deutschland, f\u00fcr Schlie\u00dfung der US-Milit\u00e4rbasen? ... Damit unser Hauptanliegen am Antikriegstag\u2026","rel":"","context":"In &quot;Frieden - Antifaschismus - Solidarit\u00e4t&quot;","block_context":{"text":"Frieden - Antifaschismus - Solidarit\u00e4t","link":"https:\/\/www.freidenker.org\/?cat=13"},"img":{"alt_text":"","src":"https:\/\/i0.wp.com\/www.freidenker.org\/fw17\/wp-content\/uploads\/2018\/09\/180901_Antikriegstag.jpg?fit=800%2C445&ssl=1&resize=350%2C200","width":350,"height":200,"srcset":"https:\/\/i0.wp.com\/www.freidenker.org\/fw17\/wp-content\/uploads\/2018\/09\/180901_Antikriegstag.jpg?fit=800%2C445&ssl=1&resize=350%2C200 1x, https:\/\/i0.wp.com\/www.freidenker.org\/fw17\/wp-content\/uploads\/2018\/09\/180901_Antikriegstag.jpg?fit=800%2C445&ssl=1&resize=525%2C300 1.5x, https:\/\/i0.wp.com\/www.freidenker.org\/fw17\/wp-content\/uploads\/2018\/09\/180901_Antikriegstag.jpg?fit=800%2C445&ssl=1&resize=700%2C400 2x"},"classes":[]}],"_links":{"self":[{"href":"https:\/\/www.freidenker.org\/index.php?rest_route=\/wp\/v2\/posts\/19282","targetHints":{"allow":["GET"]}}],"collection":[{"href":"https:\/\/www.freidenker.org\/index.php?rest_route=\/wp\/v2\/posts"}],"about":[{"href":"https:\/\/www.freidenker.org\/index.php?rest_route=\/wp\/v2\/types\/post"}],"author":[{"embeddable":true,"href":"https:\/\/www.freidenker.org\/index.php?rest_route=\/wp\/v2\/users\/3"}],"replies":[{"embeddable":true,"href":"https:\/\/www.freidenker.org\/index.php?rest_route=%2Fwp%2Fv2%2Fcomments&post=19282"}],"version-history":[{"count":0,"href":"https:\/\/www.freidenker.org\/index.php?rest_route=\/wp\/v2\/posts\/19282\/revisions"}],"wp:featuredmedia":[{"embeddable":true,"href":"https:\/\/www.freidenker.org\/index.php?rest_route=\/wp\/v2\/media\/19284"}],"wp:attachment":[{"href":"https:\/\/www.freidenker.org\/index.php?rest_route=%2Fwp%2Fv2%2Fmedia&parent=19282"}],"wp:term":[{"taxonomy":"category","embeddable":true,"href":"https:\/\/www.freidenker.org\/index.php?rest_route=%2Fwp%2Fv2%2Fcategories&post=19282"},{"taxonomy":"post_tag","embeddable":true,"href":"https:\/\/www.freidenker.org\/index.php?rest_route=%2Fwp%2Fv2%2Ftags&post=19282"}],"curies":[{"name":"wp","href":"https:\/\/api.w.org\/{rel}","templated":true}]}}