{"id":19227,"date":"2024-05-31T20:12:51","date_gmt":"2024-05-31T18:12:51","guid":{"rendered":"https:\/\/www.freidenker.org\/?p=19227"},"modified":"2024-06-14T13:23:19","modified_gmt":"2024-06-14T11:23:19","slug":"meinungsterror-wie-in-deutschland-die-leichtigkeit-abgeschafft-wurde","status":"publish","type":"post","link":"https:\/\/www.freidenker.org\/?p=19227","title":{"rendered":"Meinungsterror: Wie in Deutschland die Leichtigkeit abgeschafft wurde"},"content":{"rendered":"<p><strong>Am vergangenen Wochenende wurde ein System der Disziplinierung errichtet. Mit der \u00f6ffentlich durchgef\u00fchrten Vernichtung von Existenzen und der medialen \u00dcberwachung deutscher Volksfeste auf politische Korrektheit wurde in Deutschland die Leichtigkeit abgeschafft. Von nun an herrscht Kontrolle. <\/strong><\/p>\n<p><em>Von <strong>Gert Ewen Ungar<\/strong><\/em><\/p>\n<p><span style=\"font-size: 10pt;\">Erstver\u00f6ffentlichung am 28.05.2024 auf <a href=\"https:\/\/freedert.online\/meinung\/207205-meinungsterror-wie-in-deutschland-leichtigkeit\/\" target=\"_blank\" rel=\"noopener\">RT DE<\/a><\/span><\/p>\n<div class=\"EmbedBlock-root EmbedBlock-all\">\n<div class=\"AllEmbed\"><iframe loading=\"lazy\" title=\"Meinungsterror: Wie in Deutschland die Leichtigkeit abgeschafft wurde\" src=\"https:\/\/www.podbean.com\/player-v2\/?i=5v74b-162627c-pb&amp;from=pb6admin&amp;share=1&amp;download=1&amp;rtl=0&amp;fonts=Arial&amp;skin=1&amp;font-color=&amp;logo_link=episode_page&amp;btn-skin=7\" width=\"100%\" height=\"150\" scrolling=\"no\" allowfullscreen=\"allowfullscreen\" data-name=\"pb-iframe-player\" data-mce-fragment=\"1\"><\/iframe><\/div>\n<\/div>\n<p>Es geht nun bereits den vierten Tag in Folge: Der deutsche Mainstream bl\u00e4st zur Total\u00fcberwachung von Volksfesten und Menschenansammlungen. Egal, ob eine Sylter Edelbar, eine niederbayerische Kirchweih oder Sch\u00fctzenfeste: Wer alkoholbedingt entgleist und sich zu \u00c4u\u00dferungen hinrei\u00dfen l\u00e4sst, die nicht den Vorstellungen liberaler Moralapostel entsprechen, der muss mit einem harten Gericht rechnen. Einen Anwalt wird er nicht an die Seite gestellt bekommen.<\/p>\n<p>Im Gegenteil: Pers\u00f6nlichkeitsrechte, Unschuldsvermutung, die Frage nach der Motivation und den Umst\u00e4nden \u2013 all das spielt keine Rolle mehr. Der Rechtsstaat wurde ausgehebelt. Die Politik macht bei dieser Form medialer Machtergreifung mit. Bundestagspr\u00e4sidentin B\u00e4rbel Bas (SPD), in ihrer Funktion keineswegs f\u00fcr die Rechtsprechung zust\u00e4ndig, \u00fcberschritt ihre Kompetenz und forderte die H\u00f6chststrafe f\u00fcr diejenigen, die an der Sause auf Sylt beteiligt waren. Armin Laschet (CDU) \u00e4u\u00dferte, dass er gut findet, dass alle Beteiligten auf journalistischem Weg identifiziert werden konnten und ihren Job verloren haben. Der mittelalterliche Pranger pr\u00e4sentiert sich im zeitgem\u00e4\u00dfen Gewand. Die soziale Kontrolle ist umfassend, die Strafe maximal: Es droht die \u00f6ffentliche Vernichtung der Existenz schon bei kleinsten Fehltritten.<\/p>\n<p>Was in Deutschland geschieht, ist mehr als nur ein Rechtsrutsch, es ist eine Machtergreifung. Die Gewaltenteilung existiert nicht mehr. Der politisch-mediale Komplex \u00fcbernimmt jetzt das, was einst getrennt war. Er legt die Regeln fest und ist Richter, Ermittlungsbeh\u00f6rde und Ankl\u00e4ger in einem. Ein ordentliches, rechtsstaatliches Verfahren ist gar nicht erst vorgesehen.<\/p>\n<p>Dass Deutschland nicht der Hort der Toleranz und Offenheit ist, ist nicht neu. Es ist nicht das erste Mal in der j\u00fcngsten Geschichte der Bundesrepublik, dass dies passiert. Schon w\u00e4hrend der Corona-Krise verbanden sich die Politik und der mediale Mainstream zu einem System der Repression, das zur Hatz auf alle rief, die immer noch strengere Ma\u00dfnahmen, immer noch mehr Zwang und Druck nicht mittragen wollten. Sachargumente spielten keine Rolle mehr.<\/p>\n<p>Auch in Bezug auf den Ukraine- und Nahost-Konflikt legen die etablierten Parteien und die gro\u00dfen Medien fest, was gesagt werden darf und was nicht. Das zielgerichtete Zerst\u00f6ren beruflicher Existenzen geh\u00f6rt inzwischen ins feste Repertoire dieses Komplexes. Journalisten wird gek\u00fcndigt, ein Platz am Katheder wird wegen einer falschen Haltung verwehrt. Freiheit der Wissenschaften und Freiheit der Kunst &#8211; ade!\u00a0<em>Spiegel<\/em>, <em>S\u00fcddeutsche<\/em>, <em>Tagesschau<\/em> und Co. betreiben Hass und Hetze und tarnen sie notd\u00fcrftig als Journalismus.<\/p>\n<p>Was an diesem Wochenende passiert ist, unterscheidet sich jedoch von den bisherigen Manifestationen\u00a0der Repression und Kontrolle\u00a0in Deutschland. Richteten sich der mediale Hass und die politische Hetze bisher gegen Menschen, die zu den gro\u00dfen politischen Themen eine von der ver\u00f6ffentlichten Meinung des Mainstreams und der Bundespolitik abweichende Auffassung vertraten, traf es am Wochenende Menschen, die sich gar nicht politisch bet\u00e4tigt haben. Es traf sie beim Feiern, in der Freizeit, beim Unbeschwert-Sein, in einem Moment, in dem sie dachten, sie d\u00fcrften sich gehen lassen. Das geht in Deutschland nun nicht mehr, ist die Botschaft. Leichtigkeit wurde am vergangenen Wochenende abgeschafft.<\/p>\n<p>Ein falsches Wort auf einer Feier, eine im Freundeskreis ge\u00e4u\u00dferte kontroverse Meinung, ein kurzer Auftritt in einem ung\u00fcnstigen Moment, ver\u00f6ffentlicht in einem sozialen Netzwerk, und die eigene Karriere kann zu Ende sein. Da hilft dann auch nicht, dass man alle vorgeschriebenen Impfungen mitgemacht und man sich bei politischen Themen immer enthalten hat.<\/p>\n<p>Was am vergangenen Wochenende in Deutschland passiert ist, m\u00fcsste alle Alarmglocken l\u00e4uten lassen. Junge Menschen am Beginn ihrer beruflichen Karriere verlieren wegen eines kurzen Mitschnitts, der in den sozialen Netzwerken geteilt wurde, ihren Job. Die Politik findet das nicht nur gut und gerecht, sondern fordert sogar noch knallharte Haftstrafen. Jedem muss klar sein: Wenn das durchgeht, dann kann die Willk\u00fcr jeden treffen, zu jeder Zeit, aus einem x-beliebigen Grund. Deutschland hat einen gef\u00e4hrlichen Pfad betreten.<\/p>\n<p>Es ist eine Form von umfassender sozialer Kontrolle, die sich gerade in Deutschland etabliert. Im Kern\u00a0wirkt ein Journalismus, der nicht mehr berichtet, sondern richtet. Er richtet auf der Grundlage seines eigenen Wertesystems. Gewaltenteilung ist darin nicht vorgesehen. Das System wird totalit\u00e4r.<\/p>\n<p>Das passt gut zu dem, wie Deutschland im Ausland wahrgenommen wird. Dem Land, das gleich zwei rechte Regime mit Geld und Waffen unterst\u00fctzt und dem vorgeworfen wird, V\u00f6lkermord zu beg\u00fcnstigen, nimmt man die Emp\u00f6rung \u00fcber \u00f6ffentliches Gr\u00f6len populistischer Slogans schlicht nicht ab. Es wirkt nicht nur verlogen, es ist offenkundig, dass dies einem anderen Zweck dient. Hier wird ein System extralegaler Herrschaft errichtet \u2013 an demokratischen Legitimation vorbei.<\/p>\n<p>Im Namen der Vielfalt, der Diversit\u00e4t und des Minderheitenschutzes, im Namen des Kampfes gegen rechts wird von einer kleinen liberalen Elite nach der Macht gegriffen und ein System der Willk\u00fcr erschaffen.<\/p>\n<p>Nirgendwo wird aktuell so deutlich, dass der Liberalismus in den Faschismus f\u00fchrt, wie in Deutschland. Die ver\u00f6ffentlichte Meinung wird von einer sich als linksliberal verstehenden journalistischen Elite diktiert. Sie treibt die Politik vor sich her, die zur Machtaus\u00fcbung auf jene Medien angewiesen ist und dem Takt folgen muss, der von ihr vorgegeben wird. Dass die Politik dies besonders ungern tut, lie\u00dfe sich allerdings nicht zu ihrer Verteidigung anf\u00fchren. Laschet, Bas und Faeser genie\u00dfen sichtlich ihre Rolle als moralische Racheengel.<\/p>\n<p>F\u00fcr die Demokratie ist das schlecht und f\u00fcr die \u00fcbergro\u00dfe Mehrheit der B\u00fcrger auch. Sie k\u00f6nnen jederzeit Opfer einer willk\u00fcrlichen Attacke und \u00f6ffentlich an den Pranger gestellt werden. Es ist nun zu jeder Zeit darauf zu achten, was ge\u00e4u\u00dfert wird, wer es mitschneidet, wie es ausgelegt werden k\u00f6nnte. Die Saat des gegenseitigen Misstrauens wurde am Wochenende endg\u00fcltig und tief in die deutsche Gesellschaft gebracht. Mit Freiheit und freiheitlicher Grundordnung, mit Toleranz und Offenheit hat das, was am Wochenende passiert ist, nichts mehr zu tun.\u00a0In Deutschland wurde die Leichtigkeit und das Unbeschwert-Sein abgeschafft &#8211; wiedermal.<\/p>\n<p style=\"text-align: right;\"><em>Gert-Ewen Ungar studierte Philosophie und Germanistik und schreibt regelm\u00e4\u00dfig f\u00fcr die <a href=\"https:\/\/www.neulandrebellen.de\/\" target=\"_blank\" rel=\"noopener\">Neulandrebellen<\/a><\/em><\/p>\n<hr \/>\n<p><span style=\"font-size: 10pt;\">Bild oben: <a href=\"https:\/\/pixabay.com\/de\/photos\/volksfest-bier-tradition-trinken-1434523\/\" target=\"_blank\" rel=\"noopener\">pixabay.com<\/a> \/ <a class=\"userName--owby3\" href=\"https:\/\/pixabay.com\/de\/users\/tibine-238708\/\" target=\"_blank\" rel=\"noopener\">TiBine<\/a>\u00a0\/ <a href=\"https:\/\/pixabay.com\/de\/service\/license-summary\/\" target=\"_blank\" rel=\"noopener\">Inhaltslizenz<\/a><\/span><\/p>\n","protected":false},"excerpt":{"rendered":"<p><b>Beitrag von Gert Ewen Ungar<\/b><br \/>\nEs geht nun bereits den vierten Tag in Folge: Der deutsche Mainstream bl\u00e4st zur Total\u00fcberwachung von Volksfesten und Menschenansammlungen. Egal, ob eine Sylter Edelbar, eine niederbayerische Kirchweih oder Sch\u00fctzenfeste: Wer alkoholbedingt entgleist und sich zu \u00c4u\u00dferungen hinrei\u00dfen l\u00e4sst, die nicht den Vorstellungen liberaler Moralapostel entsprechen, der muss mit einem harten Gericht rechnen. Einen Anwalt wird er nicht an die Seite gestellt bekommen. Im Gegenteil: Pers\u00f6nlichkeitsrechte, Unschuldsvermutung, die Frage nach der Motivation und den Umst\u00e4nden \u2013 all das spielt keine Rolle mehr. Der Rechtsstaat wurde ausgehebelt. Die Politik macht bei dieser Form medialer Machtergreifung mit. <\/p>\n","protected":false},"author":3,"featured_media":19228,"comment_status":"closed","ping_status":"closed","sticky":false,"template":"","format":"standard","meta":{"colormag_page_container_layout":"default_layout","colormag_page_sidebar_layout":"default_layout","advanced_seo_description":"","jetpack_seo_html_title":"","jetpack_seo_noindex":false,"jetpack_post_was_ever_published":false,"footnotes":""},"categories":[12],"tags":[395,563,1955,1257,756,1564,1082,1343,639,2222,527],"class_list":["post-19227","post","type-post","status-publish","format-standard","has-post-thumbnail","hentry","category-demokratie-medien-aufklaerung","tag-meinungsfreiheit","tag-menschenrechte","tag-nahostkonflikt","tag-pandemie","tag-repressionen","tag-toleranz","tag-totalitarismus","tag-ueberwachung","tag-ukraine-konflikt","tag-willkuer","tag-zensur"],"jetpack_featured_media_url":"https:\/\/i0.wp.com\/www.freidenker.org\/fw17\/wp-content\/uploads\/2024\/05\/folk-festival-1434523_800x450.jpg?fit=800%2C450&ssl=1","jetpack_shortlink":"https:\/\/wp.me\/p9stpK-507","jetpack-related-posts":[{"id":22168,"url":"https:\/\/www.freidenker.org\/?p=22168","url_meta":{"origin":19227,"position":0},"title":"Bodo Schiffmann: &#8222;Warum Deutschland seine Geschichte nicht aufarbeitet&#8220;","author":"Webredaktion","date":"24. Juni 2025","format":false,"excerpt":"Beitrag von Gert Ewen Ungar Bodo Schiffmann ist Arzt. Bis 2020 war seine berufliche Karriere unauff\u00e4llig. Abitur, Zivildienst, Studium, Promotion, schlie\u00dflich praktizierender Hals-Nasen-Ohren-Arzt. Dann kam Corona. Seine ma\u00dfnahmenkritische Haltung bescherte Schiffmann einen recht langen\u00a0Eintrag\u00a0auf\u00a0Wikipedia, dem jedes Bem\u00fchen um Objektivit\u00e4t fehlt. Schiffmann sei Verschw\u00f6rungstheoretiker, Querdenker, Corona-Leugner und Holocaust-Verharmloser. [...] Schiffmann ist\u2026","rel":"","context":"In &quot;Demokratie \u2013 Medien \u2013 Aufkl\u00e4rung&quot;","block_context":{"text":"Demokratie \u2013 Medien \u2013 Aufkl\u00e4rung","link":"https:\/\/www.freidenker.org\/?cat=12"},"img":{"alt_text":"","src":"https:\/\/i0.wp.com\/www.freidenker.org\/fw17\/wp-content\/uploads\/2025\/06\/Autokorso_Kellmuenz_an_der_Iller_800x450.jpg?fit=800%2C450&ssl=1&resize=350%2C200","width":350,"height":200,"srcset":"https:\/\/i0.wp.com\/www.freidenker.org\/fw17\/wp-content\/uploads\/2025\/06\/Autokorso_Kellmuenz_an_der_Iller_800x450.jpg?fit=800%2C450&ssl=1&resize=350%2C200 1x, https:\/\/i0.wp.com\/www.freidenker.org\/fw17\/wp-content\/uploads\/2025\/06\/Autokorso_Kellmuenz_an_der_Iller_800x450.jpg?fit=800%2C450&ssl=1&resize=525%2C300 1.5x, https:\/\/i0.wp.com\/www.freidenker.org\/fw17\/wp-content\/uploads\/2025\/06\/Autokorso_Kellmuenz_an_der_Iller_800x450.jpg?fit=800%2C450&ssl=1&resize=700%2C400 2x"},"classes":[]},{"id":17249,"url":"https:\/\/www.freidenker.org\/?p=17249","url_meta":{"origin":19227,"position":1},"title":"Elon Musk und Deutschlands Problem mit der Meinungsfreiheit","author":"Webredaktion","date":"11. Oktober 2023","format":false,"excerpt":"Beitrag von Gert Ewen Ungar So unterhaltsam der Vorgang an sich ist, so deutlich zeigt er, auf welch bedenklichem Weg sich Deutschland befindet. Der Multimilliard\u00e4r und Eigent\u00fcmer des Kurznachrichtendienstes X (vormals Twitter) hat sich mit dem Au\u00dfenministerium einen kleinen Schlagabtausch geliefert. Es ging im Kern darum, dass die deutsche Regierung\u2026","rel":"","context":"In &quot;Demokratie \u2013 Medien \u2013 Aufkl\u00e4rung&quot;","block_context":{"text":"Demokratie \u2013 Medien \u2013 Aufkl\u00e4rung","link":"https:\/\/www.freidenker.org\/?cat=12"},"img":{"alt_text":"","src":"https:\/\/i0.wp.com\/www.freidenker.org\/fw17\/wp-content\/uploads\/2023\/10\/Elon_Musk_Colorado_2022_800x450.jpg?fit=800%2C450&ssl=1&resize=350%2C200","width":350,"height":200,"srcset":"https:\/\/i0.wp.com\/www.freidenker.org\/fw17\/wp-content\/uploads\/2023\/10\/Elon_Musk_Colorado_2022_800x450.jpg?fit=800%2C450&ssl=1&resize=350%2C200 1x, https:\/\/i0.wp.com\/www.freidenker.org\/fw17\/wp-content\/uploads\/2023\/10\/Elon_Musk_Colorado_2022_800x450.jpg?fit=800%2C450&ssl=1&resize=525%2C300 1.5x, https:\/\/i0.wp.com\/www.freidenker.org\/fw17\/wp-content\/uploads\/2023\/10\/Elon_Musk_Colorado_2022_800x450.jpg?fit=800%2C450&ssl=1&resize=700%2C400 2x"},"classes":[]},{"id":19623,"url":"https:\/\/www.freidenker.org\/?p=19623","url_meta":{"origin":19227,"position":2},"title":"Wiederholungszwang: Deutschland zweifelt erneut Wahl in Venezuela an","author":"Webredaktion","date":"2. August 2024","format":false,"excerpt":"Beitrag von Gert Ewen Ungar US-Au\u00dfenminister Antony Blinken gab den Ton vor und das Ausw\u00e4rtige Amt folgte den Vorgaben aus \u00dcbersee prompt.\u00a0Im Hinblick auf den Wahlausgang der Pr\u00e4sidentschaftswahlen in Venezuela sagte Blinken, \"wir haben gro\u00dfe Zweifel daran, dass das ver\u00f6ffentlichte Ergebnis den Willen des venezolanischen Volkes widerspiegelt\". Das Echo aus\u2026","rel":"","context":"In &quot;Demokratie \u2013 Medien \u2013 Aufkl\u00e4rung&quot;","block_context":{"text":"Demokratie \u2013 Medien \u2013 Aufkl\u00e4rung","link":"https:\/\/www.freidenker.org\/?cat=12"},"img":{"alt_text":"","src":"https:\/\/i0.wp.com\/www.freidenker.org\/fw17\/wp-content\/uploads\/2024\/08\/Nicolas_Maduro_2019_Inauguration_800x450.jpg?fit=800%2C450&ssl=1&resize=350%2C200","width":350,"height":200,"srcset":"https:\/\/i0.wp.com\/www.freidenker.org\/fw17\/wp-content\/uploads\/2024\/08\/Nicolas_Maduro_2019_Inauguration_800x450.jpg?fit=800%2C450&ssl=1&resize=350%2C200 1x, https:\/\/i0.wp.com\/www.freidenker.org\/fw17\/wp-content\/uploads\/2024\/08\/Nicolas_Maduro_2019_Inauguration_800x450.jpg?fit=800%2C450&ssl=1&resize=525%2C300 1.5x, https:\/\/i0.wp.com\/www.freidenker.org\/fw17\/wp-content\/uploads\/2024\/08\/Nicolas_Maduro_2019_Inauguration_800x450.jpg?fit=800%2C450&ssl=1&resize=700%2C400 2x"},"classes":[]},{"id":18909,"url":"https:\/\/www.freidenker.org\/?p=18909","url_meta":{"origin":19227,"position":3},"title":"Die vergessene Aufkl\u00e4rung: Wie in Deutschland Kants 300. Geburtstag instrumentalisiert wird","author":"Webredaktion","date":"30. April 2024","format":false,"excerpt":"Beitrag von Gert Ewen Ungar Immanuel Kant hatte Geburtstag. W\u00fcrde er noch leben, h\u00e4tte er gestern seinen 300. Geburtstag feiern k\u00f6nnen. Er ist jedoch tot, feiert daher nicht mehr, kann sich aber vor allem nun auch nicht mehr gegen Vereinnahmung wehren. Kant wurde anl\u00e4sslich seines Geburtstages massiv instrumentalisiert. Einer, der\u2026","rel":"","context":"In &quot;Demokratie \u2013 Medien \u2013 Aufkl\u00e4rung&quot;","block_context":{"text":"Demokratie \u2013 Medien \u2013 Aufkl\u00e4rung","link":"https:\/\/www.freidenker.org\/?cat=12"},"img":{"alt_text":"","src":"https:\/\/i0.wp.com\/www.freidenker.org\/fw17\/wp-content\/uploads\/2024\/04\/kant_grab_44965531381_fb426147a8_c_800x450.jpg?fit=800%2C450&ssl=1&resize=350%2C200","width":350,"height":200,"srcset":"https:\/\/i0.wp.com\/www.freidenker.org\/fw17\/wp-content\/uploads\/2024\/04\/kant_grab_44965531381_fb426147a8_c_800x450.jpg?fit=800%2C450&ssl=1&resize=350%2C200 1x, https:\/\/i0.wp.com\/www.freidenker.org\/fw17\/wp-content\/uploads\/2024\/04\/kant_grab_44965531381_fb426147a8_c_800x450.jpg?fit=800%2C450&ssl=1&resize=525%2C300 1.5x, https:\/\/i0.wp.com\/www.freidenker.org\/fw17\/wp-content\/uploads\/2024\/04\/kant_grab_44965531381_fb426147a8_c_800x450.jpg?fit=800%2C450&ssl=1&resize=700%2C400 2x"},"classes":[]},{"id":16407,"url":"https:\/\/www.freidenker.org\/?p=16407","url_meta":{"origin":19227,"position":4},"title":"Die G\u00e4rten des Josep Borrell","author":"Webredaktion","date":"5. Juli 2023","format":false,"excerpt":"Beitrag von Gert Ewen Ungar Mit einem rassistischen, chauvinistischen\u00a0Statement\u00a0sorgte der Au\u00dfenbeauftragte der EU, Josep Borrell, im Oktober des vergangenen Jahres f\u00fcr Aufsehen. Die EU sei der Garten, der Rest der Welt ein Dschungel, lie\u00df der Chefdiplomat seine Zuh\u00f6rer wissen.\u00a0 Inzwischen sieht es in der EU deutlich mehr nach Dschungel aus\u2026","rel":"","context":"In &quot;Demokratie \u2013 Medien \u2013 Aufkl\u00e4rung&quot;","block_context":{"text":"Demokratie \u2013 Medien \u2013 Aufkl\u00e4rung","link":"https:\/\/www.freidenker.org\/?cat=12"},"img":{"alt_text":"","src":"https:\/\/i0.wp.com\/www.freidenker.org\/fw17\/wp-content\/uploads\/2023\/07\/Josep_Borrell_52359673274_800x450.jpg?fit=800%2C450&ssl=1&resize=350%2C200","width":350,"height":200,"srcset":"https:\/\/i0.wp.com\/www.freidenker.org\/fw17\/wp-content\/uploads\/2023\/07\/Josep_Borrell_52359673274_800x450.jpg?fit=800%2C450&ssl=1&resize=350%2C200 1x, https:\/\/i0.wp.com\/www.freidenker.org\/fw17\/wp-content\/uploads\/2023\/07\/Josep_Borrell_52359673274_800x450.jpg?fit=800%2C450&ssl=1&resize=525%2C300 1.5x, https:\/\/i0.wp.com\/www.freidenker.org\/fw17\/wp-content\/uploads\/2023\/07\/Josep_Borrell_52359673274_800x450.jpg?fit=800%2C450&ssl=1&resize=700%2C400 2x"},"classes":[]},{"id":15820,"url":"https:\/\/www.freidenker.org\/?p=15820","url_meta":{"origin":19227,"position":5},"title":"Klatschende Ohrfeige f\u00fcr Baerbock","author":"Webredaktion","date":"21. April 2023","format":false,"excerpt":"Beitrag von Gert Ewen Ungar Die deutsche Au\u00dfenministerin Annalena Baerbock (B\u00fcndnis 90\/Die Gr\u00fcnen) ist gerade auf Staatsbesuch in Japan. Dort trifft sie auf ihre Amtskollegen der G7-Staaten. In einem Tweet zum Treffen teilt sie erneut gegen China aus, das sie zuvor besucht und dort f\u00fcr einen diplomatischen Skandal gesorgt hat,\u2026","rel":"","context":"In &quot;Demokratie \u2013 Medien \u2013 Aufkl\u00e4rung&quot;","block_context":{"text":"Demokratie \u2013 Medien \u2013 Aufkl\u00e4rung","link":"https:\/\/www.freidenker.org\/?cat=12"},"img":{"alt_text":"","src":"https:\/\/i0.wp.com\/www.freidenker.org\/fw17\/wp-content\/uploads\/2023\/04\/Foreign_Secretary_James_Cleverly_attends_G7_in_Japan_day_2_-_800x450.jpg?fit=800%2C450&ssl=1&resize=350%2C200","width":350,"height":200,"srcset":"https:\/\/i0.wp.com\/www.freidenker.org\/fw17\/wp-content\/uploads\/2023\/04\/Foreign_Secretary_James_Cleverly_attends_G7_in_Japan_day_2_-_800x450.jpg?fit=800%2C450&ssl=1&resize=350%2C200 1x, https:\/\/i0.wp.com\/www.freidenker.org\/fw17\/wp-content\/uploads\/2023\/04\/Foreign_Secretary_James_Cleverly_attends_G7_in_Japan_day_2_-_800x450.jpg?fit=800%2C450&ssl=1&resize=525%2C300 1.5x, https:\/\/i0.wp.com\/www.freidenker.org\/fw17\/wp-content\/uploads\/2023\/04\/Foreign_Secretary_James_Cleverly_attends_G7_in_Japan_day_2_-_800x450.jpg?fit=800%2C450&ssl=1&resize=700%2C400 2x"},"classes":[]}],"_links":{"self":[{"href":"https:\/\/www.freidenker.org\/index.php?rest_route=\/wp\/v2\/posts\/19227","targetHints":{"allow":["GET"]}}],"collection":[{"href":"https:\/\/www.freidenker.org\/index.php?rest_route=\/wp\/v2\/posts"}],"about":[{"href":"https:\/\/www.freidenker.org\/index.php?rest_route=\/wp\/v2\/types\/post"}],"author":[{"embeddable":true,"href":"https:\/\/www.freidenker.org\/index.php?rest_route=\/wp\/v2\/users\/3"}],"replies":[{"embeddable":true,"href":"https:\/\/www.freidenker.org\/index.php?rest_route=%2Fwp%2Fv2%2Fcomments&post=19227"}],"version-history":[{"count":0,"href":"https:\/\/www.freidenker.org\/index.php?rest_route=\/wp\/v2\/posts\/19227\/revisions"}],"wp:featuredmedia":[{"embeddable":true,"href":"https:\/\/www.freidenker.org\/index.php?rest_route=\/wp\/v2\/media\/19228"}],"wp:attachment":[{"href":"https:\/\/www.freidenker.org\/index.php?rest_route=%2Fwp%2Fv2%2Fmedia&parent=19227"}],"wp:term":[{"taxonomy":"category","embeddable":true,"href":"https:\/\/www.freidenker.org\/index.php?rest_route=%2Fwp%2Fv2%2Fcategories&post=19227"},{"taxonomy":"post_tag","embeddable":true,"href":"https:\/\/www.freidenker.org\/index.php?rest_route=%2Fwp%2Fv2%2Ftags&post=19227"}],"curies":[{"name":"wp","href":"https:\/\/api.w.org\/{rel}","templated":true}]}}