{"id":19219,"date":"2024-05-31T20:12:38","date_gmt":"2024-05-31T18:12:38","guid":{"rendered":"https:\/\/www.freidenker.org\/?p=19219"},"modified":"2024-06-14T13:23:11","modified_gmt":"2024-06-14T11:23:11","slug":"wird-mit-der-un-resolution-zu-srebrenica-der-balkan-erneut-in-brand-gesetzt","status":"publish","type":"post","link":"https:\/\/www.freidenker.org\/?p=19219","title":{"rendered":"Wird mit der UN-Resolution zu Srebrenica der Balkan erneut in Brand gesetzt?"},"content":{"rendered":"<p><em>von <strong>Bernd Duschner<\/strong><\/em><\/p>\n<p><span style=\"font-size: 10pt;\">Erstver\u00f6ffentlichung am 27.05.2024 auf den <a href=\"https:\/\/www.nachdenkseiten.de\/?p=115797\" target=\"_blank\" rel=\"noopener\">NachDenkSeiten<\/a><\/span><\/p>\n<p>Sch\u00e4tzungsweise 100.000 Menschen haben im B\u00fcrgerkrieg in Bosnien 1992\u20131995 ihr Leben verloren, 2 Millionen wurden zu Fl\u00fcchtlingen. Das bekannteste Kriegsverbrechen ereignete sich im Juli 1995 in Srebrenica: Die \u00fcberwiegend von Moslems bewohnte Bergarbeiterstadt war zu einer UN-Schutzzone erkl\u00e4rt worden und stand unter dem Schutz niederl\u00e4ndischer Blauhelmsoldaten. Trotz eines Entmilitarisierungsabkommens waren in der Stadt moslemisch-bosnische Einheiten stationiert, die aus dieser Schutzzone heraus wiederholt umliegende serbische D\u00f6rfer angriffen, sie niederbrannten und deren Bewohner t\u00f6teten. Am 11. Juli st\u00fcrmte die bosnisch-serbische Armee die Stadt. Einige Tausend gefangengenommene M\u00e4nner im wehrf\u00e4higen Alter wurden kaltbl\u00fctig erschossen [<a href=\"#foot_1\" name=\"note_1\">1<\/a>].<\/p>\n<p>30 Jahre nach diesem Massaker hatte die Bundesrepublik zusammen mit Ruanda einen Resolutionsentwurf in die UN-Generalversammlung eingebracht. Darin wird gefordert, den 11. Juli zum Internationalen Tag des Gedenkens f\u00fcr den V\u00f6lkermord in Srebrenica zu erkl\u00e4ren. Jede Leugnung des V\u00f6lkermordes in Srebrenica soll verurteilt, an den \u201egesicherten Tatsachen\u201c mittels des Bildungssystems und spezieller Programme festgehalten und \u201erevisionistische\u201c Darstellungen unterbunden werden [<a href=\"#foot_2\" name=\"note_2\">2<\/a>]. Das Abstimmungsergebnis ist f\u00fcr die deutsche und die westlichen Regierungen entt\u00e4uschend ausgefallen: Zwar wurde die Resolution am 23. Mai von der UN-Generalversammlung mit 84 Ja-Stimmen angenommen, trotz eines erheblichen Drucks auf kleinere L\u00e4nder [<a href=\"#foot_3\" name=\"note_3\">3<\/a>] stimmte die Mehrheit der Staaten jedoch entweder gegen die Resolution (19), enthielt sich (68) oder nahm an der Abstimmung nicht teil (22). Neben China, der Russischen F\u00f6deration und ihren engsten Verb\u00fcndeten stimmte auch Ungarn mit Nein. F\u00fcr eine Enthaltung entschieden sich einige der wichtigsten L\u00e4nder des S\u00fcdens wie Indien, Vietnam, Brasilien, Argentinien, Mexiko, Nigeria, Kongo, aber auch die EU-Staaten Griechenland, Zypern und die Slowakei. [<a href=\"#foot_4\" name=\"note_4\">4<\/a>] Damit wurde deutlich: Die Zeiten, in denen die USA mit ihren Verb\u00fcndeten die UN-Vollversammlung dominiert haben, sind vorbei.<\/p>\n<h5>Warum die Resolution nichts zur Auss\u00f6hnung beitr\u00e4gt<\/h5>\n<p>Auch nach Beendigung des B\u00fcrgerkrieges in Bosnien vor 30 Jahren sind weitere Anstrengungen zur Auss\u00f6hnung der dortigen Volksgruppen n\u00f6tig. Dazu aber ist es erforderlich, alle betroffenen Seiten einzubinden. Die Erarbeitung der Resolution war jedoch ohne Wissen und ohne Einbeziehung Serbiens und der Republik Srpska, einem der beiden Teilstaaten Bosniens, erfolgt. Eingeweiht waren jedoch die Vertreter der muslimisch-kroatischen F\u00f6deration, des zweiten Teilstaates. Denis Be\u0107irovi\u0107, Mitglied des 3-k\u00f6pfigen Staatspr\u00e4sidiums, verk\u00fcndete stolz, bereits vor \u00fcber 10 Monaten die Resolution angesto\u00dfen zu haben. [<a href=\"#foot_5\" name=\"note_5\">5<\/a>] F\u00fcr die serbische Seite ist das ein klarer Versto\u00df gegen die bosnische Verfassung, nach der das Staatspr\u00e4sidium, zu dem auch ein Vertreter der Republik Srpska geh\u00f6rt, seine Politik gemeinsam abzustimmen hat, und ein Vertrauensbruch. [<a href=\"#foot_6\" name=\"note_6\">6<\/a>]<\/p>\n<p>Serbien und die Republik Srpska bestreiten nicht, dass in Srebrenica ein Kriegsverbrechen geschehen ist. Das serbische Parlament hatte bereits 2010 eine Erkl\u00e4rung verabschiedet, in der es das Massaker verurteilt hat. [<a href=\"#foot_7\" name=\"note_7\">7<\/a>] Die UN-Resolution haben die beiden L\u00e4nder jedoch entschieden zur\u00fcckgewiesen. Ihre Argumentation:<\/p>\n<p>Es gibt bereits einen Internationalen Gedenktag f\u00fcr Opfer von V\u00f6lkermorden. Die UN-Generalversammlung hatte bereits 1995 den 9. Dezember daf\u00fcr bestimmt. [<a href=\"#foot_8\" name=\"note_8\">8<\/a>] Im bosnischen B\u00fcrgerkrieg wurden auf allen Seiten Kriegsverbrechen begangen, nicht zuletzt von den bosnisch-muslimischen Streitkr\u00e4ften, in deren Reihen tausende Jihadisten aus Afghanistan und arabischen L\u00e4ndern gek\u00e4mpft haben. [<a href=\"#foot_9\" name=\"note_9\">9<\/a>] Ein spezieller Internationaler Gedenktag nur f\u00fcr das Massaker an den in Srebrenica erschossenen muslimisch-bosnischen Soldaten kann nur als einseitig empfunden werden und nicht zur Auss\u00f6hnung beitragen. Auf Instagram hatte der serbische Pr\u00e4sident Vucic vor der Abstimmmung vor den Folgen gewarnt: \u201eDie Annahme dieses Resolutionsentwurfes w\u00fcrde zur Destabilisierung der Region und Vertrauensverlust f\u00fcr die UN f\u00fchren, den Graben zwischen den V\u00f6lkern vertiefen und neue Spannung auf dem Westbalkan schaffen.\u201c [<a href=\"#foot_6\" name=\"note_6\">6<\/a>]<\/p>\n<p>Serbien und die Republik Srpska lehnen auch eine endg\u00fcltige Festschreibung der damaligen Ereignisse ab. Viele Fragen, wie es zu dem Verbrechen kommen konnte, und die Zahl der Opfer seien keineswegs gekl\u00e4rt. [<a href=\"#foot_10\" name=\"note_10\">10<\/a>] Sie wehren sich vehement dagegen, das Kriegsverbrechen als V\u00f6lkermord zu bezeichnen. Dabei werden sie von international prominenten j\u00fcdischen Holocaust-Forschern unterst\u00fctzt, so von Efraim Zurof, Leiter des Simon-Wiesenthal-Zentrums in Jerusalem, Jehuda Bauer, fr\u00fcherer Direktor des Forschungszentrums Yad Vashem, und von Gideon Greif, der 25 Jahre im Yad-Vashem-Holocaust-Zentrum gearbeitet hat. Diese Wissenschaftler betrachten es als inakzeptable Verharmlosung des Holocaust oder solcher schrecklichen Ereignisse wie in Ruanda 1994, wenn das Kriegsverbrechen in Srebrenica in die gleiche Kategorie \u201eV\u00f6lkermord\u201c eingeordnet wird. [<a href=\"#foot_11\" name=\"note_11\">11<\/a>] F\u00fcr Serbiens Pr\u00e4sident Vucic wurde mit der Resolution die \u201eB\u00fcchse der Pandora\u201c ge\u00f6ffnet. Er k\u00fcndigte an, dass die Russische F\u00f6deration fordern wird, die deutschen Verbrechen am russischen Volk w\u00e4hrend des 2. Weltkrieges in gleicher Weise ebenfalls als V\u00f6lkermord zu kennzeichnen, und dass Serbien dasselbe tun werde. [<a href=\"#foot_12\" name=\"note_12\">12<\/a>]<\/p>\n<p>Die wahren Motive f\u00fcr die Resolution sind aus serbischer Sicht ausschlie\u00dflich politischer und geopolitischer Natur: Weil Serbien und die Republik Srpska nicht bereit sind, sich in die Front gegen die Russische F\u00f6deration einzureihen, sollen sie mit dem Label \u201eV\u00f6lkerm\u00f6rder\u201c an den Pranger gestellt und ihre Regierungen destabilisiert werden. [<a href=\"#foot_13\" name=\"note_13\">13<\/a>] Das sehen die Russische F\u00f6deration und China genauso und haben deshalb gegen die Resolution gestimmt. Im Zentrum der Destabilisierungsversuche steht die Republik Srpska, die sich im Gegensatz zur F\u00f6deration einem Beitritt des Bundesstaates Bosnien zur EU und NATO strikt widersetzt. Mit der Resolution, so ihr Staatsoberhaupt Milorad Dodik, \u201ewurde \u201eBosnien begraben (\u2026). Die Republik Srpska und die F\u00f6deration verbindet nichts mehr.\u201c Die Regierung der Republik Srpska m\u00f6chte den Bundesstaat Bosnien jetzt einvernehmlich verlassen. [<a href=\"#foot_14\" name=\"note_14\">14<\/a>]<\/p>\n<h5>Emp\u00f6rung \u00fcber die deutsche Selbstgerechtigkeit<\/h5>\n<p>Deutschland hatte Serbien 1914, 1941 und 1999 mit Kriegen \u00fcberzogen, die zu Millionen Toten gef\u00fchrt haben. Deutsche Besatzer haben im 2. Weltkrieg zahlreiche Massaker an der serbischen Zivilbev\u00f6lkerung angerichtet. Allein in den St\u00e4dten Kraljevo und Kragujevac haben sie im Oktober 1941 rund 7.000 Zivilisten als Geiseln erschossen, darunter 300 Sch\u00fcler des Gymnasiums in Kragujevac. In Serbien erinnert man sich an die Konzentrationslager wie Jasenovac, das Auschwitz des Balkan. Im faschistischen Kroatien errichtet, wurden dort hunderttausende Serben, M\u00e4nner, Frauen und Kinder, barbarisch ermordet.<\/p>\n<p>In Serbien ist man emp\u00f6rt, dass gerade eine deutsche Regierung versucht, ihrem Volk das Label f\u00fcr einen \u201eV\u00f6lkermord\u201c anzuheften. [<a href=\"#foot_15\" name=\"note_15\">15<\/a>] Der Bundesregierung wird zudem vorgeworfen, erhebliche Mitschuld am Ausbruch des B\u00fcrgerkrieges in Bosnien 1992-95 zu tragen. Wie Jugoslawien hatte Bosnien multiethnischen Charakter: Rund 60 Prozent seiner Bewohner waren Muslime, ein Drittel orthodoxe Christen, sprich bosnische Serben. Es war bekannt, dass die serbische Minderheit ohne vorhergehende Sicherung ihrer Rechte nicht bereit war, in einem von Moslems dominierten Staat zu leben, an dessen Spitze zudem mit Alija Izetbegovic ein Islamist stand. [<a href=\"#foot_16\" name=\"note_16\">16<\/a>] Trotz zahlreicher Warnungen hatte die Bundesregierung Bosnien 1992 \u00fcberst\u00fcrzt anerkannt. \u201eDie Anerkennung eines unabh\u00e4ngigen, souver\u00e4nen bosnischen Staates im Jahre 1992 durch die NATO\u201c, so selbst Henry Kissinger, \u201ebewirkte nicht die Geburt eines Landes, sondern einen B\u00fcrgerkrieg. [<a href=\"#foot_17\" name=\"note_17\">17<\/a>] Von dieser ihrer Mitschuld will die deutsche Regierung heute nichts wissen.<\/p>\n<h5>Wie Serbien und die Republik Srpska destabilisiert werden sollen<\/h5>\n<p>Seit einigen Jahren w\u00e4chst der Druck der NATO-Staaten auf die serbische Regierung in Belgrad, auf ihre Provinz Kosovo zu verzichten, diese als selbstst\u00e4ndigen Staat anzuerkennen und sich den Sanktionen gegen die Russische F\u00f6deration anzuschlie\u00dfen. Gleichzeitig wird versucht, der Republik Srpska ihre Selbstst\u00e4ndigkeit zu nehmen, um den Bundesstaat Bosnien beschleunigt in EU und NATO aufnehmen zu k\u00f6nnen. Bei der bosnischen Regierung in Sarajevo sto\u00dfen diese W\u00fcnsche auf offene Ohren. [<a href=\"#foot_18\" name=\"note_18\">18<\/a>]<\/p>\n<p>In Serbien unterst\u00fctzen die NATO-Staaten im massivem Umfang politisch und finanziell die prowestliche Opposition gegen Pr\u00e4sident Vujic. Im Kosovo geben sie dem dortigen Ministerpr\u00e4sidenten Kurti Albin freie Hand, das Leben f\u00fcr die dort noch lebenden ca. 130.000 Serben unertr\u00e4glich zu gestalten: Trotz einer Wahlbeteiligung von nur 3,5 Prozent wurden in den serbischen Gemeinden im Norden der Provinz Albaner als B\u00fcrgermeister und Gemeindevertreter eingesetzt. [<a href=\"#foot_19\" name=\"note_19\">19<\/a>] Mit dem j\u00fcngsten Verbot, den serbischen Dinar in den Kosovo einzuf\u00fchren und zu verwenden, wird dem Gro\u00dfteil der dortigen serbischen B\u00fcrger die Existenzgrundlage entzogen. Viele von ihnen hatten als ehemalige Staatsangestellte der Bundesrepubik Jugoslawien eine Pension aus Serbien erhalten. Mit Geldern aus Serbien wurde auch der Betrieb ihrer Schulen und Krankenh\u00e4user bisher finanziert. [<a href=\"#foot_20\" name=\"note_20\">20<\/a>] Der Regierung in Belgrad wird auf diese Weise signalisiert, dass der Druck auf ihre Landsleute weiter wachsen wird, sollte sie auf die Forderungen des Westens nicht eingehen.<\/p>\n<p>Kommen wir zur Republik Srpska:<\/p>\n<p>Der B\u00fcrgerkrieg in Bosnien wurde 1995 mit dem Abkommen von Dayton beendet. Die beiden Teilstaaten, die kroatisch-bosnische F\u00f6deration und die Republik Srpska, sind gem\u00e4\u00df dieses Abkommens weitgehend selbstst\u00e4ndig, haben ihre eigene Regierung, Parlament, Justiz und Polizei. Als Organe des Bundesstaates sah das Abkommen nur eine Zentralbank, ein Verfassungsgericht und ein parit\u00e4tisch besetztes Staatspr\u00e4sidium vor. F\u00fcr die Einhaltung des Dayton-Abkommens wurde das Amt des \u201eHohen Repr\u00e4sentanten f\u00fcr Bosnien-Herzegowina\u201c geschaffen.\u201c [<a href=\"#foot_21\" name=\"note_21\">21<\/a>] Die rohstoffreiche Republika Srpska pflegt wie Serbien freundschaftliche Beziehungen zur Russischen F\u00f6deration und hat ihre T\u00fcren f\u00fcr chinesische Investitionen weit ge\u00f6ffnet. [<a href=\"#foot_22\" name=\"note_22\">22<\/a>]<\/p>\n<p>\u00dcber ihren \u201eHohen Repr\u00e4sentanten\u201c versucht die EU, den Zentralstaat zu st\u00e4rken und den Teilrepubliken ihre Eigenst\u00e4ndigkeit zu nehmen. Dazu wurden bereits von den \u201eHohen Repr\u00e4sentanten\u201c Wolfgang Petritsch und Paddy Ashdown ein Hoher Gerichtshof und eine Staatsanwaltschaft als zus\u00e4tzliche Institutionen beim Bundesstaat eingerichtet, die \u00fcber den Teilrepubliken stehen sollen. [<a href=\"#foot_23\" name=\"note_23\">23<\/a>] Seit 2021 ist der CSU-Politiker und fr\u00fchere deutsche Landwirtschaftsminister Christian Schmidt \u201eHoher Repr\u00e4sentant\u201c. Er m\u00f6chte der Republik Srpska das \u00f6ffentliche Eigentum an ihren Immobilien, Grund und Boden, W\u00e4ldern und Fl\u00fcssen entziehen und dieses beim Bundesstaat ansiedeln. Sie w\u00fcrde damit jede M\u00f6glichkeit verlieren, eigenst\u00e4ndig Politik zu betreiben.<\/p>\n<p>Bislang ignoriert die Republik Srpska alle seine Entscheidungen. [<a href=\"#foot_24\" name=\"note_24\">24<\/a>] Sie verweigert Schmidt die Anerkennung als \u201eHoher Repr\u00e4sentant\u201c mit der Begr\u00fcndung, er sei weder vom UN-Sicherheitsrat noch von der Republik Srpska als Unterzeichner des Dayton-Abkommens f\u00fcr dieses Amt best\u00e4tigt worden, und bezeichnet ihn sp\u00f6ttisch als \u201edeutschen Touristen\u201c. Inzwischen lie\u00df Schmidt den Tatbestand der \u201eNichtausf\u00fchrung von Beschl\u00fcssen des \u201eHohen Repr\u00e4sentanten\u201c\u201c in das Strafgesetzbuch des Bundesstaates aufnehmen. F\u00fcr Amtspersonen sind bei Verurteilung Gef\u00e4ngnisstrafen von 6 Monaten bis 5 Jahren vorgesehen. [<a href=\"#foot_25\" name=\"note_25\">25<\/a>] Aktuell l\u00e4uft gegen das gew\u00e4hlte und amtierende Staatsoberhaupt der Republik Srpska, Milorad Dodik, in Sarajevo ein Strafprozess wegen seines Ungehorsams. [<a href=\"#foot_26\" name=\"note_26\">26<\/a>]<\/p>\n<p>F\u00fcr die Regierung der Republik Srpska war die Resolution der letzte Ansto\u00df, jetzt eine friedliche Trennung von Bosnien zu suchen. Eine Konfrontation mit den USA und der EU scheint unausweichlich.<\/p>\n<h5>Die Resolution war ein schwerer Fehler<\/h5>\n<p>Mit der einseitigen UN-Resolution konnte kein Beitrag zu Auss\u00f6hnung zwischen den Volksgruppen in Bosnien geleistet werden. Mittlerweile ist offensichtlich, dass mit ihr nur alte Wunden aufgerissen und die Konflikte zwischen den Teilrepubliken in Bosnien und in der ganzen Region versch\u00e4rft werden.<\/p>\n<p>In Serbien selbst hat das selbstgef\u00e4llige und arrogante Vorgehen der Bundesregierung die Abneigung gegen NATO und EU erh\u00f6ht. Mit China und den BRICS-Staaten hat das Land eine attraktive Alternative. Die Volksrepublik ist in den letzten Jahren gr\u00f6\u00dfter Investor und zweitgr\u00f6\u00dfter Handelspartner Serbiens geworden. Dank chinesischer Investitionen erh\u00e4lt das Land eine moderne Infrastruktur, entstehen viele neue Betriebe und Arbeitspl\u00e4tze, w\u00e4chst seine Wirtschaft. Beim j\u00fcngsten Besuch des chinesischen Pr\u00e4sidenten Xi in Belgrad wurde eine strategische Partnerschaft vereinbart und zahlreiche Vertr\u00e4ge, darunter ein Freihandelsabkommen, unterzeichnet. China \u00f6ffnet damit seinen wachsenden und riesigen Markt f\u00fcr die serbische Wirtschaft. [<a href=\"#foot_27\" name=\"note_27\">27<\/a>] Serbien sieht keinen Grund, seine eigenst\u00e4ndige Au\u00dfenpolitik und Neutralit\u00e4t aufzugeben, und wird es nicht tun. Das zeigt auch die Ernennung von Aleksandar Vulin, der unter US-Sanktionen steht, zu einem stellvertretenden Ministerpr\u00e4sidenten in der neu gebildeten serbischen Regierung. [<a href=\"#foot_28\" name=\"note_28\">28<\/a>]<\/p>\n<p>Heute ist eine R\u00fcckkehr zu Dialog und Interessensausgleich zwischen der Russischen F\u00f6deration und den NATO-Staaten dringend erforderlich. Die Resolution, mit der Bundesregierung und NATO-Staaten erneut versucht haben, der Weltgemeinschaft ihre Sicht und ihren Willen aufzudr\u00fccken, tr\u00e4gt dazu nicht bei. Die Russische F\u00f6deration und China werden sich aus dem Balkan nicht verdr\u00e4ngen lassen. Es besteht leider die gro\u00dfe Gefahr, dass in Bosnien ein zus\u00e4tzlicher hei\u00dfer Konflikt entsteht und die Konfrontation zwischen dem Westen und der Russischen F\u00f6deration weiter eskaliert.<\/p>\n<p style=\"text-align: right;\"><em>Bernd Duschner ist Sprecher der Hilfsorganisation Freundschaft mit Valjevo e.V. und Mitglied des Deutschen Freidenker-Verbandes<\/em><\/p>\n<h5>Kleine Fotogalerie<\/h5>\n<div class=\"tiled-gallery type-rectangular tiled-gallery-unresized\" data-original-width=\"800\" data-carousel-extra='{&quot;blog_id&quot;:1,&quot;permalink&quot;:&quot;https:\\\/\\\/www.freidenker.org\\\/?p=19219&quot;,&quot;likes_blog_id&quot;:139773280}' itemscope itemtype=\"http:\/\/schema.org\/ImageGallery\" > <div class=\"gallery-row\" style=\"width: 800px; height: 130px;\" data-original-width=\"800\" data-original-height=\"130\" > <div class=\"gallery-group images-1\" style=\"width: 283px; height: 130px;\" data-original-width=\"283\" data-original-height=\"130\" > <div class=\"tiled-gallery-item tiled-gallery-item-large\" itemprop=\"associatedMedia\" itemscope itemtype=\"http:\/\/schema.org\/ImageObject\"> <a href=\"https:\/\/www.freidenker.org\/?attachment_id=19235\" border=\"0\" itemprop=\"url\"> <meta itemprop=\"width\" content=\"279\"> <meta itemprop=\"height\" content=\"126\"> <img decoding=\"async\" class=\"\" data-attachment-id=\"19235\" data-orig-file=\"https:\/\/www.freidenker.org\/fw17\/wp-content\/uploads\/2024\/05\/BanjeLuka-Praesidentenpalast.jpg\" data-orig-size=\"1200,540\" data-comments-opened=\"\" data-image-meta=\"{&quot;aperture&quot;:&quot;0&quot;,&quot;credit&quot;:&quot;&quot;,&quot;camera&quot;:&quot;&quot;,&quot;caption&quot;:&quot;&quot;,&quot;created_timestamp&quot;:&quot;0&quot;,&quot;copyright&quot;:&quot;&quot;,&quot;focal_length&quot;:&quot;0&quot;,&quot;iso&quot;:&quot;0&quot;,&quot;shutter_speed&quot;:&quot;0&quot;,&quot;title&quot;:&quot;&quot;,&quot;orientation&quot;:&quot;1&quot;}\" data-image-title=\"BanjeLuka Pr\u00e4sidentenpalast\" data-image-description=\"\" data-medium-file=\"https:\/\/i0.wp.com\/www.freidenker.org\/fw17\/wp-content\/uploads\/2024\/05\/BanjeLuka-Praesidentenpalast.jpg?fit=300%2C135&#038;ssl=1\" data-large-file=\"https:\/\/i0.wp.com\/www.freidenker.org\/fw17\/wp-content\/uploads\/2024\/05\/BanjeLuka-Praesidentenpalast.jpg?fit=800%2C360&#038;ssl=1\" src=\"https:\/\/i0.wp.com\/www.freidenker.org\/fw17\/wp-content\/uploads\/2024\/05\/BanjeLuka-Praesidentenpalast.jpg?w=279&#038;h=126&#038;ssl=1\" srcset=\"https:\/\/i0.wp.com\/www.freidenker.org\/fw17\/wp-content\/uploads\/2024\/05\/BanjeLuka-Praesidentenpalast.jpg?w=1200&amp;ssl=1 1200w, https:\/\/i0.wp.com\/www.freidenker.org\/fw17\/wp-content\/uploads\/2024\/05\/BanjeLuka-Praesidentenpalast.jpg?resize=300%2C135&amp;ssl=1 300w, https:\/\/i0.wp.com\/www.freidenker.org\/fw17\/wp-content\/uploads\/2024\/05\/BanjeLuka-Praesidentenpalast.jpg?resize=1024%2C461&amp;ssl=1 1024w, https:\/\/i0.wp.com\/www.freidenker.org\/fw17\/wp-content\/uploads\/2024\/05\/BanjeLuka-Praesidentenpalast.jpg?resize=768%2C346&amp;ssl=1 768w\" width=\"279\" height=\"126\" loading=\"lazy\" data-original-width=\"279\" data-original-height=\"126\" itemprop=\"http:\/\/schema.org\/image\" title=\"BanjeLuka Pr\u00e4sidentenpalast\" alt=\"Pr\u00e4sidentenpalast in Banja Luka\" style=\"width: 279px; height: 126px;\" \/> <\/a> <div class=\"tiled-gallery-caption\" itemprop=\"caption description\"> Pr\u00e4sidentenpalast in Banja Luka <\/div> <\/div> <\/div> <!-- close group --> <div class=\"gallery-group images-1\" style=\"width: 283px; height: 130px;\" data-original-width=\"283\" data-original-height=\"130\" > <div class=\"tiled-gallery-item tiled-gallery-item-large\" itemprop=\"associatedMedia\" itemscope itemtype=\"http:\/\/schema.org\/ImageObject\"> <a href=\"https:\/\/www.freidenker.org\/?attachment_id=19236\" border=\"0\" itemprop=\"url\"> <meta itemprop=\"width\" content=\"279\"> <meta itemprop=\"height\" content=\"126\"> <img decoding=\"async\" class=\"\" data-attachment-id=\"19236\" data-orig-file=\"https:\/\/www.freidenker.org\/fw17\/wp-content\/uploads\/2024\/05\/Srpska-Bajaluka-Christ-Eroeser-Kirche.jpg\" data-orig-size=\"1200,540\" data-comments-opened=\"\" data-image-meta=\"{&quot;aperture&quot;:&quot;0&quot;,&quot;credit&quot;:&quot;&quot;,&quot;camera&quot;:&quot;&quot;,&quot;caption&quot;:&quot;&quot;,&quot;created_timestamp&quot;:&quot;0&quot;,&quot;copyright&quot;:&quot;&quot;,&quot;focal_length&quot;:&quot;0&quot;,&quot;iso&quot;:&quot;0&quot;,&quot;shutter_speed&quot;:&quot;0&quot;,&quot;title&quot;:&quot;&quot;,&quot;orientation&quot;:&quot;1&quot;}\" data-image-title=\"Srpska Bajaluka Christ-Er\u00f6ser Kirche\" data-image-description=\"\" data-medium-file=\"https:\/\/i0.wp.com\/www.freidenker.org\/fw17\/wp-content\/uploads\/2024\/05\/Srpska-Bajaluka-Christ-Eroeser-Kirche.jpg?fit=300%2C135&#038;ssl=1\" data-large-file=\"https:\/\/i0.wp.com\/www.freidenker.org\/fw17\/wp-content\/uploads\/2024\/05\/Srpska-Bajaluka-Christ-Eroeser-Kirche.jpg?fit=800%2C360&#038;ssl=1\" src=\"https:\/\/i0.wp.com\/www.freidenker.org\/fw17\/wp-content\/uploads\/2024\/05\/Srpska-Bajaluka-Christ-Eroeser-Kirche.jpg?w=279&#038;h=126&#038;ssl=1\" srcset=\"https:\/\/i0.wp.com\/www.freidenker.org\/fw17\/wp-content\/uploads\/2024\/05\/Srpska-Bajaluka-Christ-Eroeser-Kirche.jpg?w=1200&amp;ssl=1 1200w, https:\/\/i0.wp.com\/www.freidenker.org\/fw17\/wp-content\/uploads\/2024\/05\/Srpska-Bajaluka-Christ-Eroeser-Kirche.jpg?resize=300%2C135&amp;ssl=1 300w, https:\/\/i0.wp.com\/www.freidenker.org\/fw17\/wp-content\/uploads\/2024\/05\/Srpska-Bajaluka-Christ-Eroeser-Kirche.jpg?resize=1024%2C461&amp;ssl=1 1024w, https:\/\/i0.wp.com\/www.freidenker.org\/fw17\/wp-content\/uploads\/2024\/05\/Srpska-Bajaluka-Christ-Eroeser-Kirche.jpg?resize=768%2C346&amp;ssl=1 768w\" width=\"279\" height=\"126\" loading=\"lazy\" data-original-width=\"279\" data-original-height=\"126\" itemprop=\"http:\/\/schema.org\/image\" title=\"Srpska Bajaluka Christ-Er\u00f6ser Kirche\" alt=\"Die Christ-Erl\u00f6ser-Kirche in Banja Luka\" style=\"width: 279px; height: 126px;\" \/> <\/a> <div class=\"tiled-gallery-caption\" itemprop=\"caption description\"> Die Christ-Erl\u00f6ser-Kirche in Banja Luka <\/div> <\/div> <\/div> <!-- close group --> <div class=\"gallery-group images-1\" style=\"width: 98px; height: 130px;\" data-original-width=\"98\" data-original-height=\"130\" > <div class=\"tiled-gallery-item tiled-gallery-item-small\" itemprop=\"associatedMedia\" itemscope itemtype=\"http:\/\/schema.org\/ImageObject\"> <a href=\"https:\/\/www.freidenker.org\/?attachment_id=19237\" border=\"0\" itemprop=\"url\"> <meta itemprop=\"width\" content=\"94\"> <meta itemprop=\"height\" content=\"126\"> <img decoding=\"async\" class=\"\" data-attachment-id=\"19237\" data-orig-file=\"https:\/\/www.freidenker.org\/fw17\/wp-content\/uploads\/2024\/05\/Srpska-Fluss-Vrbac-rotated.jpg\" data-orig-size=\"480,640\" data-comments-opened=\"\" data-image-meta=\"{&quot;aperture&quot;:&quot;1.6&quot;,&quot;credit&quot;:&quot;&quot;,&quot;camera&quot;:&quot;iPhone 12 mini&quot;,&quot;caption&quot;:&quot;&quot;,&quot;created_timestamp&quot;:&quot;1712127152&quot;,&quot;copyright&quot;:&quot;&quot;,&quot;focal_length&quot;:&quot;4.2&quot;,&quot;iso&quot;:&quot;32&quot;,&quot;shutter_speed&quot;:&quot;0.002&quot;,&quot;title&quot;:&quot;&quot;,&quot;orientation&quot;:&quot;1&quot;}\" data-image-title=\"Srpska Fluss Vrbac\" data-image-description=\"\" data-medium-file=\"https:\/\/i0.wp.com\/www.freidenker.org\/fw17\/wp-content\/uploads\/2024\/05\/Srpska-Fluss-Vrbac-rotated.jpg?fit=225%2C300&#038;ssl=1\" data-large-file=\"https:\/\/i0.wp.com\/www.freidenker.org\/fw17\/wp-content\/uploads\/2024\/05\/Srpska-Fluss-Vrbac-rotated.jpg?fit=480%2C640&#038;ssl=1\" src=\"https:\/\/i0.wp.com\/www.freidenker.org\/fw17\/wp-content\/uploads\/2024\/05\/Srpska-Fluss-Vrbac-rotated.jpg?w=94&#038;h=126&#038;ssl=1\" srcset=\"https:\/\/i0.wp.com\/www.freidenker.org\/fw17\/wp-content\/uploads\/2024\/05\/Srpska-Fluss-Vrbac-rotated.jpg?w=480&amp;ssl=1 480w, https:\/\/i0.wp.com\/www.freidenker.org\/fw17\/wp-content\/uploads\/2024\/05\/Srpska-Fluss-Vrbac-rotated.jpg?resize=225%2C300&amp;ssl=1 225w\" width=\"94\" height=\"126\" loading=\"lazy\" data-original-width=\"94\" data-original-height=\"126\" itemprop=\"http:\/\/schema.org\/image\" title=\"Srpska Fluss Vrbac\" alt=\"Der Fluss Vrbas\" style=\"width: 94px; height: 126px;\" \/> <\/a> <div class=\"tiled-gallery-caption\" itemprop=\"caption description\"> Der Fluss Vrbas <\/div> <\/div> <\/div> <!-- close group --> <div class=\"gallery-group images-1\" style=\"width: 136px; height: 130px;\" data-original-width=\"136\" data-original-height=\"130\" > <div class=\"tiled-gallery-item tiled-gallery-item-small\" itemprop=\"associatedMedia\" itemscope itemtype=\"http:\/\/schema.org\/ImageObject\"> <a href=\"https:\/\/www.freidenker.org\/?attachment_id=19238\" border=\"0\" itemprop=\"url\"> <meta itemprop=\"width\" content=\"132\"> <meta itemprop=\"height\" content=\"126\"> <img decoding=\"async\" class=\"\" data-attachment-id=\"19238\" data-orig-file=\"https:\/\/www.freidenker.org\/fw17\/wp-content\/uploads\/2024\/05\/Srpska-Folkloregruppe-Lijesce-aus-Brod.jpg\" data-orig-size=\"836,800\" data-comments-opened=\"\" data-image-meta=\"{&quot;aperture&quot;:&quot;0&quot;,&quot;credit&quot;:&quot;&quot;,&quot;camera&quot;:&quot;&quot;,&quot;caption&quot;:&quot;&quot;,&quot;created_timestamp&quot;:&quot;0&quot;,&quot;copyright&quot;:&quot;&quot;,&quot;focal_length&quot;:&quot;0&quot;,&quot;iso&quot;:&quot;0&quot;,&quot;shutter_speed&quot;:&quot;0&quot;,&quot;title&quot;:&quot;&quot;,&quot;orientation&quot;:&quot;1&quot;}\" data-image-title=\"Srpska Folkloregruppe Lijesce aus Brod\" data-image-description=\"\" data-medium-file=\"https:\/\/i0.wp.com\/www.freidenker.org\/fw17\/wp-content\/uploads\/2024\/05\/Srpska-Folkloregruppe-Lijesce-aus-Brod.jpg?fit=300%2C287&#038;ssl=1\" data-large-file=\"https:\/\/i0.wp.com\/www.freidenker.org\/fw17\/wp-content\/uploads\/2024\/05\/Srpska-Folkloregruppe-Lijesce-aus-Brod.jpg?fit=800%2C766&#038;ssl=1\" src=\"https:\/\/i0.wp.com\/www.freidenker.org\/fw17\/wp-content\/uploads\/2024\/05\/Srpska-Folkloregruppe-Lijesce-aus-Brod.jpg?w=132&#038;h=126&#038;ssl=1\" srcset=\"https:\/\/i0.wp.com\/www.freidenker.org\/fw17\/wp-content\/uploads\/2024\/05\/Srpska-Folkloregruppe-Lijesce-aus-Brod.jpg?w=836&amp;ssl=1 836w, https:\/\/i0.wp.com\/www.freidenker.org\/fw17\/wp-content\/uploads\/2024\/05\/Srpska-Folkloregruppe-Lijesce-aus-Brod.jpg?resize=300%2C287&amp;ssl=1 300w, https:\/\/i0.wp.com\/www.freidenker.org\/fw17\/wp-content\/uploads\/2024\/05\/Srpska-Folkloregruppe-Lijesce-aus-Brod.jpg?resize=768%2C735&amp;ssl=1 768w\" width=\"132\" height=\"126\" loading=\"lazy\" data-original-width=\"132\" data-original-height=\"126\" itemprop=\"http:\/\/schema.org\/image\" title=\"Srpska Folkloregruppe Lijesce aus Brod\" alt=\"Folkloregruppe Lijesce aus Brod\" style=\"width: 132px; height: 126px;\" \/> <\/a> <div class=\"tiled-gallery-caption\" itemprop=\"caption description\"> Folkloregruppe Lijesce aus Brod <\/div> <\/div> <\/div> <!-- close group --> <\/div> <!-- close row --> <\/div>\n<p><span style=\"font-size: 10pt;\">Bilder: Privat Bernd Duschner<\/span><\/p>\n<p><strong>Quellen<\/strong><\/p>\n<p><small>[<a href=\"#note_1\" name=\"foot_1\">\u00ab1<\/a>] Hannes Hofbauer: \u201eVerordnete Wahrheit, bestrafte Gesinnung\u201c, Promedia-Verlag, S. 134 ff<br \/>\n[<a href=\"#note_2\" name=\"foot_2\">\u00ab2<\/a>] <a href=\"https:\/\/documents.un.org\/doc\/undoc\/ltd\/n24\/140\/80\/pdf\/n2414080.pdf?ken=uigL9NPjV7tSwq3Why&amp;fe=true\">https:\/\/documents.un.org\/doc\/undoc\/ltd\/n24\/140\/80\/pdf\/n2414080.pdf?ken=uigL9NPjV7tSwq3Why&amp;fe=true<\/a><br \/>\n[<a href=\"#note_3\" name=\"foot_3\">\u00ab3<\/a>] Ana Brnabic, Pr\u00e4sidentin der serbischen Nationalversammlung, wies auf Erpressung in Zusammenhang mit Krediten, Entwicklungshilfeprojekten und politischer Erpressung hin <a href=\"https:\/\/www.argumenti.rs\/brnabic-rezolucijom-o-srebrenici-prekraja-se-istorija-20-vijeka\/\">https:\/\/www.argumenti.rs\/brnabic-rezolucijom-o-srebrenici-prekraja-se-istorija-20-vijeka\/<\/a><br \/>\n[<a href=\"#note_4\" name=\"foot_4\">\u00ab4<\/a>] <a href=\"https:\/\/www.argumenti.rs\/generalna-skupstina-usvojila-rezoluciju-o-srebrenici-za-84-protiv-19-uzdrzano-68\/\">https:\/\/www.argumenti.rs\/generalna-skupstina-usvojila-rezoluciju-o-srebrenici-za-84-protiv-19-uzdrzano-68\/<\/a><br \/>\n[<a href=\"#note_5\" name=\"foot_5\">\u00ab5<\/a>] <a href=\"https:\/\/brcanski-forum.com\/2024\/05\/24\/becirovic-otkrio-ko-je-pokrenuo-rezoluciju\/\">https:\/\/brcanski-forum.com\/2024\/05\/24\/becirovic-otkrio-ko-je-pokrenuo-rezoluciju\/<\/a><br \/>\n[<a href=\"#note_6\" name=\"foot_6\">\u00ab6<\/a>] <a href=\"https:\/\/www.tanjug.rs\/region\/politika\/86203\/vlada-republike-srpske-rezolucija-o-srebrenici-ima-destabilizujuce-nastojanje\/vest\">https:\/\/www.tanjug.rs\/region\/politika\/86203\/vlada-republike-srpske-rezolucija-o-srebrenici-ima-destabilizujuce-nastojanje\/vest<\/a><br \/>\n[<a href=\"#note_7\" name=\"foot_7\">\u00ab7<\/a>] <a href=\"https:\/\/beta.rs\/content\/204078-vucic-u-njujorku-usvajanje-rezolucije-un-o-srebrenici-dovelo-bi-do-destabilizacije-regiona\">https:\/\/beta.rs\/content\/204078-vucic-u-njujorku-usvajanje-rezolucije-un-o-srebrenici-dovelo-bi-do-destabilizacije-regiona<\/a><br \/>\n[<a href=\"#note_8\" name=\"foot_8\">\u00ab8<\/a>] <a href=\"https:\/\/www.un.org\/depts\/german\/gv-69\/band3\/ar69323.pdf\">https:\/\/www.un.org\/depts\/german\/gv-69\/band3\/ar69323.pdf<\/a><br \/>\n[<a href=\"#note_9\" name=\"foot_9\">\u00ab9<\/a>] <a href=\"https:\/\/www.swp-berlin.org\/publikation\/bosnien-stuetzpunkt-bin-ladens\">https:\/\/www.swp-berlin.org\/publikation\/bosnien-stuetzpunkt-bin-ladens<\/a><br \/>\n[<a href=\"#note_10\" name=\"foot_10\">\u00ab10<\/a>] Siehe dazu den Bericht der \u201eIndependent International Commission of Inquiry on the suffering of all people in the Srebrenica region 1992-95\u201c unter Leitung des Holocaust-Forschers Gideon Greif: <a href=\"https:\/\/incomfis-srebrenica.org\/\">https:\/\/incomfis-srebrenica.org\/<\/a><br \/>\n[<a href=\"#note_11\" name=\"foot_11\">\u00ab11<\/a>] <a href=\"https:\/\/www.politika.rs\/sr\/clanak\/611599\/Zurof-Ne-treba-podrzati-rezoluciju-o-Srebrenici\">https:\/\/www.politika.rs\/sr\/clanak\/611599\/Zurof-Ne-treba-podrzati-rezoluciju-o-Srebrenici<\/a> <a href=\"https:\/\/www.kosovo-online.com\/en\/news\/society\/professor-bauer-there-was-no-genocide-srebrenica-21-4-2024\">https:\/\/www.kosovo-online.com\/en\/news\/society\/professor-bauer-there-was-no-genocide-srebrenica-21-4-2024<\/a> <a href=\"https:\/\/www.politika.rs\/sr\/clanak\/486179\/Grajf-U-Srebrenici-se-desili-strasni-zlocini-ali-to-nije-genocid\">https:\/\/www.politika.rs\/sr\/clanak\/486179\/Grajf-U-Srebrenici-se-desili-strasni-zlocini-ali-to-nije-genocid<\/a><br \/>\n[<a href=\"#note_12\" name=\"foot_12\">\u00ab12<\/a>] <a href=\"https:\/\/www.politika.rs\/sr\/clanak\/615156\/Vucic-Trazicemo-rezoluciju-o-stradanju-Srba-od-Nemaca-i-ustasa\">https:\/\/www.politika.rs\/sr\/clanak\/615156\/Vucic-Trazicemo-rezoluciju-o-stradanju-Srba-od-Nemaca-i-ustasa<\/a><br \/>\n[<a href=\"#note_13\" name=\"foot_13\">\u00ab13<\/a>] <a href=\"https:\/\/www.pecat.co.rs\/2024\/05\/politicke-sponzoruse\/\">https:\/\/www.pecat.co.rs\/2024\/05\/politicke-sponzoruse\/<\/a><br \/>\n[<a href=\"#note_14\" name=\"foot_14\">\u00ab14<\/a>] <a href=\"https:\/\/www.argumenti.rs\/dodik-rezolucija-sahranila-bih-ona-vise-ne-postoji\/\">https:\/\/www.argumenti.rs\/dodik-rezolucija-sahranila-bih-ona-vise-ne-postoji\/<\/a><br \/>\n[<a href=\"#note_15\" name=\"foot_15\">\u00ab15<\/a>] <a href=\"https:\/\/www.pecat.co.rs\/2024\/04\/ironija-je-da-nemci-od-srba-prave-genocidase-rezolucijom-o-srebrenici-zapad-zeli-da-namiri-muslimane-koji-su-kivni-zbog-palestine\/\">https:\/\/www.pecat.co.rs\/2024\/04\/ironija-je-da-nemci-od-srba-prave-genocidase-rezolucijom-o-srebrenici-zapad-zeli-da-namiri-muslimane-koji-su-kivni-zbog-palestine\/<\/a><br \/>\n[<a href=\"#note_16\" name=\"foot_16\">\u00ab16<\/a>] Michael Parenti, \u201eTo kill a nation\u201c, Seite 50 ff.<br \/>\n[<a href=\"#note_17\" name=\"foot_17\">\u00ab17<\/a>] Ralph Hartmann, \u201eDie ehrlichen Makler\u201c, Seite 137<br \/>\n[<a href=\"#note_18\" name=\"foot_18\">\u00ab18<\/a>] <a href=\"https:\/\/www.bundesregierung.de\/breg-de\/aktuelles\/pressekonferenzen\/pressekonferenz-von-bundeskanzler-scholz-und-dem-vorsitzenden-des-staatspraesidiums-von-bosnien-und-herzegowina-be%C4%87irovi%C4%87-am-7-mai-2024-2280420\">https:\/\/www.bundesregierung.de\/breg-de\/aktuelles\/pressekonferenzen\/pressekonferenz-von-bundeskanzler-scholz-und-dem-vorsitzenden-des-staatspraesidiums-von-bosnien-und-herzegowina-be%C4%87irovi%C4%87-am-7-mai-2024-2280420<\/a><br \/>\n[<a href=\"#note_19\" name=\"foot_19\">\u00ab19<\/a>] <a href=\"https:\/\/www.kosovo-online.com\/vesti\/analize\/gde-je-zapelo-sa-smenom-gradonacelnika-na-severu-kosova-kome-odgovara-odugovlacenje\">https:\/\/www.kosovo-online.com\/vesti\/analize\/gde-je-zapelo-sa-smenom-gradonacelnika-na-severu-kosova-kome-odgovara-odugovlacenje<\/a><br \/>\n[<a href=\"#note_20\" name=\"foot_20\">\u00ab20<\/a>] <a href=\"https:\/\/www.kosovo-online.com\/vesti\/politika\/zabrana-dinara-na-kosovu-snazan-pritisak-na-beograd-23-2-2024\">https:\/\/www.kosovo-online.com\/vesti\/politika\/zabrana-dinara-na-kosovu-snazan-pritisak-na-beograd-23-2-2024<\/a><br \/>\n[<a href=\"#note_21\" name=\"foot_21\">\u00ab21<\/a>] <a href=\"https:\/\/www.novosti.rs\/vesti\/politika\/1289294\/autorski-tekst-milorada-dodika-spremamo-tuzbe-protiv-svih-razbijaca-dejtona\">https:\/\/www.novosti.rs\/vesti\/politika\/1289294\/autorski-tekst-milorada-dodika-spremamo-tuzbe-protiv-svih-razbijaca-dejtona<\/a><br \/>\n[<a href=\"#note_22\" name=\"foot_22\">\u00ab22<\/a>] <a href=\"https:\/\/www.slobodnaevropa.org\/a\/bih-republika-srpska-obveznice-kina-dodik\/32348491.html\">https:\/\/www.slobodnaevropa.org\/a\/bih-republika-srpska-obveznice-kina-dodik\/32348491.html<\/a> <a href=\"https:\/\/www.slobodnaevropa.org\/a\/rekonstrukcija-put-foca-scepan-polje-kina-bosna-exim\/32868783.html\">https:\/\/www.slobodnaevropa.org\/a\/rekonstrukcija-put-foca-scepan-polje-kina-bosna-exim\/32868783.html<\/a><br \/>\n[<a href=\"#note_23\" name=\"foot_23\">\u00ab23<\/a>] <a href=\"https:\/\/standard.rs\/2023\/11\/17\/kolonija-bih\/\">https:\/\/standard.rs\/2023\/11\/17\/kolonija-bih\/<\/a><br \/>\n[<a href=\"#note_24\" name=\"foot_24\">\u00ab24<\/a>] <a href=\"https:\/\/www.google.com\/search?client=firefox-b-lm&amp;q=autorski+tekst+Milorada+Dodika%2C+predsednika+Republike+Srpske%3A+Spremamo+tuzbe+protiv+svih\">https:\/\/www.google.com\/search?\u2026<\/a> <a href=\"https:\/\/www.slobodnaevropa.org\/a\/bosna-hercegovina-republika-srpska-skupstina-zakon-nepokretna-imovina\/32608148.html\">https:\/\/www.slobodnaevropa.org\/a\/bosna-hercegovina-republika-srpska-skupstina-zakon-nepokretna-imovina\/32608148.html<\/a><br \/>\n[<a href=\"#note_25\" name=\"foot_25\">\u00ab25<\/a>] <a href=\"https:\/\/www.ohr.int\/decision-enacting-the-law-on-amendments-to-the-criminal-code-of-bosnia-and-herzegovina-3\/\">https:\/\/www.ohr.int\/decision-enacting-the-law-on-amendments-to-the-criminal-code-of-bosnia-and-herzegovina-3\/<\/a><br \/>\n[<a href=\"#note_26\" name=\"foot_26\">\u00ab26<\/a>] <a href=\"https:\/\/www.dw.com\/de\/der-freund-xi-kommt-serbien-setzt-zunehmend-auf-china\/a-69013938\">https:\/\/www.dw.com\/de\/der-freund-xi-kommt-serbien-setzt-zunehmend-auf-china\/a-69013938<\/a> <a href=\"https:\/\/www.gtai.de\/de\/trade\/serbien\/wirtschaftsumfeld\/serbien-und-china-ruecken-enger-zusammen-1045298\">https:\/\/www.gtai.de\/de\/trade\/serbien\/wirtschaftsumfeld\/serbien-und-china-ruecken-enger-zusammen-1045298<\/a> <a href=\"https:\/\/www.pecat.co.rs\/2024\/05\/vucic-i-si-nakon-razmene-sporazuma-srbija-i-kina-prelaze-sa-strateskih-odnosa-na-najvisi-oblik-saradnje\/\">https:\/\/www.pecat.co.rs\/2024\/05\/vucic-i-si-nakon-razmene-sporazuma-srbija-i-kina-prelaze-sa-strateskih-odnosa-na-najvisi-oblik-saradnje\/<\/a><br \/>\n[<a href=\"#note_27\" name=\"foot_27\">\u00ab27<\/a>] <a href=\"https:\/\/www.politika.rs\/sr\/clanak\/599895\/Karan-Proces-protiv-Dodika-u-Sarajevu-politicki-a-ne-sudski\">https:\/\/www.politika.rs\/sr\/clanak\/599895\/Karan-Proces-protiv-Dodika-u-Sarajevu-politicki-a-ne-sudski<\/a><br \/>\n[<a href=\"#note_28\" name=\"foot_28\">\u00ab28<\/a>] <a href=\"https:\/\/www.glasamerike.net\/a\/aleksandar-vulin-potpredsednik-nova-vlada-afere\/7591614.html\">https:\/\/www.glasamerike.net\/a\/aleksandar-vulin-potpredsednik-nova-vlada-afere\/7591614.html<\/a><\/small><\/p>\n<hr \/>\n<p><span style=\"font-size: 10pt;\">Bild oben: Collage unter Verwendung von:<br \/>\nFeuer: <a href=\"https:\/\/pixabay.com\/de\/photos\/osterfeuer-brand-w%C3%A4rme-feuerschein-1439323\/\" target=\"_blank\" rel=\"noopener\">pixabay.com<\/a> \/ <a class=\"userName--owby3\" href=\"https:\/\/pixabay.com\/de\/users\/claus-heinrichcarstens-2643207\/\" target=\"_blank\" rel=\"noopener\">claus-heinrichcarstens<\/a> \/ <a href=\"https:\/\/pixabay.com\/de\/service\/license-summary\/\" target=\"_blank\" rel=\"noopener\">Inhaltslizenz<\/a><br \/>\nResolution: Screenshot von <a href=\"https:\/\/documents.un.org\/doc\/undoc\/ltd\/n24\/140\/80\/pdf\/n2414080.pdf?token=aH1oWJY8uJE3NojghR&amp;fe=true\">un.org<\/a><\/span><\/p>\n","protected":false},"excerpt":{"rendered":"<p><b>Beitrag von Bernd Duschner<\/b><br \/>\nSch\u00e4tzungsweise 100.000 Menschen haben im B\u00fcrgerkrieg in Bosnien 1992\u20131995 ihr Leben verloren, 2 Millionen wurden zu Fl\u00fcchtlingen. Das bekannteste Kriegsverbrechen ereignete sich im Juli 1995 in Srebrenica: [&#8230;] Trotz eines Entmilitarisierungsabkommens waren in der Stadt moslemisch-bosnische Einheiten stationiert, die aus dieser Schutzzone heraus wiederholt umliegende serbische D\u00f6rfer angriffen, sie niederbrannten und deren Bewohner t\u00f6teten. Am 11. Juli st\u00fcrmte die bosnisch-serbische Armee die Stadt. Einige Tausend gefangengenommene M\u00e4nner im wehrf\u00e4higen Alter wurden kaltbl\u00fctig erschossen. 30 Jahre nach diesem Massaker hatte die Bundesrepublik zusammen mit Ruanda einen Resolutionsentwurf in die UN-Generalversammlung eingebracht. [&#8230;] Das Abstimmungsergebnis ist f\u00fcr die deutsche und die westlichen Regierungen entt\u00e4uschend ausgefallen &#8230;<\/p>\n","protected":false},"author":3,"featured_media":19225,"comment_status":"closed","ping_status":"closed","sticky":false,"template":"","format":"standard","meta":{"colormag_page_container_layout":"default_layout","colormag_page_sidebar_layout":"default_layout","advanced_seo_description":"","jetpack_seo_html_title":"","jetpack_seo_noindex":false,"jetpack_post_was_ever_published":false,"footnotes":""},"categories":[12],"tags":[473,648,2169,679,740,590,736,2221,1775,222,764,1120,1931],"class_list":["post-19219","post","type-post","status-publish","format-standard","has-post-thumbnail","hentry","category-demokratie-medien-aufklaerung","tag-1-weltkrieg","tag-2-weltkrieg","tag-bosnien-herzegowina","tag-bosnienkrieg","tag-buergerkrieg","tag-jugoslawien","tag-massaker","tag-republik-srpska","tag-resolution","tag-russland","tag-serbien","tag-uno","tag-voelkermord"],"jetpack_featured_media_url":"https:\/\/i0.wp.com\/www.freidenker.org\/fw17\/wp-content\/uploads\/2024\/05\/UNO_Resolution_Srebrenica_Coll.jpg?fit=800%2C450&ssl=1","jetpack_shortlink":"https:\/\/wp.me\/p9stpK-4ZZ","jetpack-related-posts":[{"id":19573,"url":"https:\/\/www.freidenker.org\/?p=19573","url_meta":{"origin":19219,"position":0},"title":"Wo bleiben die Beweise f\u00fcr den &#8222;V\u00f6lkermord&#8220; in Srebrenica?","author":"Webredaktion","date":"22. Juli 2024","format":false,"excerpt":"Beitrag von George Pumphrey Die folgende Recherche wurde im englischen Original im US-amerikanischen Covert Action Magazine anl\u00e4sslich des 29. Jahrestages des sog. Massakers von Srebrenica am 11. Juli ver\u00f6ffentlicht \u2013 insbesondere vor dem Hintergrund der von Deutschland eingebrachten UN-Resolution zum \"V\u00f6lkermord\" in Srebrenica. [...] Am 23. Mai 2024 verabschiedete die\u2026","rel":"","context":"In &quot;Demokratie \u2013 Medien \u2013 Aufkl\u00e4rung&quot;","block_context":{"text":"Demokratie \u2013 Medien \u2013 Aufkl\u00e4rung","link":"https:\/\/www.freidenker.org\/?cat=12"},"img":{"alt_text":"","src":"https:\/\/i0.wp.com\/www.freidenker.org\/fw17\/wp-content\/uploads\/2024\/07\/srebrenica_graffiti_athen_35778412450_800x450.jpg?fit=800%2C450&ssl=1&resize=350%2C200","width":350,"height":200,"srcset":"https:\/\/i0.wp.com\/www.freidenker.org\/fw17\/wp-content\/uploads\/2024\/07\/srebrenica_graffiti_athen_35778412450_800x450.jpg?fit=800%2C450&ssl=1&resize=350%2C200 1x, https:\/\/i0.wp.com\/www.freidenker.org\/fw17\/wp-content\/uploads\/2024\/07\/srebrenica_graffiti_athen_35778412450_800x450.jpg?fit=800%2C450&ssl=1&resize=525%2C300 1.5x, https:\/\/i0.wp.com\/www.freidenker.org\/fw17\/wp-content\/uploads\/2024\/07\/srebrenica_graffiti_athen_35778412450_800x450.jpg?fit=800%2C450&ssl=1&resize=700%2C400 2x"},"classes":[]},{"id":6006,"url":"https:\/\/www.freidenker.org\/?p=6006","url_meta":{"origin":19219,"position":1},"title":"20 Jahre seit NATO-Angriffskrieg gegen Jugoslawien &#8211; Teil 7 und 8","author":"Webredaktion","date":"10. M\u00e4rz 2019","format":false,"excerpt":"Der Angriffskrieg der NATO gegen Jugoslawien am 24. M\u00e4rz 1999 markierte das Ende des Friedens in Europa, ein Frieden, der seit der Katastrophe des Zweiten Weltkriegs gehalten hatte, zumindest in Europa. Mit Beitr\u00e4gen in loser Folge wird RT-Deutsch in den n\u00e4chsten Wochen die wichtigsten Stationen der NATO-Vorbereitungen auf diesen Krieg\u2026","rel":"","context":"In &quot;Frieden - Antifaschismus - Solidarit\u00e4t&quot;","block_context":{"text":"Frieden - Antifaschismus - Solidarit\u00e4t","link":"https:\/\/www.freidenker.org\/?cat=13"},"img":{"alt_text":"","src":"https:\/\/i0.wp.com\/www.freidenker.org\/fw17\/wp-content\/uploads\/2019\/03\/20_Jahre_Jugoslawienkrieg_800x445_T7-8.jpg?fit=800%2C445&ssl=1&resize=350%2C200","width":350,"height":200,"srcset":"https:\/\/i0.wp.com\/www.freidenker.org\/fw17\/wp-content\/uploads\/2019\/03\/20_Jahre_Jugoslawienkrieg_800x445_T7-8.jpg?fit=800%2C445&ssl=1&resize=350%2C200 1x, https:\/\/i0.wp.com\/www.freidenker.org\/fw17\/wp-content\/uploads\/2019\/03\/20_Jahre_Jugoslawienkrieg_800x445_T7-8.jpg?fit=800%2C445&ssl=1&resize=525%2C300 1.5x, https:\/\/i0.wp.com\/www.freidenker.org\/fw17\/wp-content\/uploads\/2019\/03\/20_Jahre_Jugoslawienkrieg_800x445_T7-8.jpg?fit=800%2C445&ssl=1&resize=700%2C400 2x"},"classes":[]},{"id":6013,"url":"https:\/\/www.freidenker.org\/?p=6013","url_meta":{"origin":19219,"position":2},"title":"20 Jahre seit NATO-Angriffskrieg gegen Jugoslawien &#8211; Teil 9 und 10","author":"Webredaktion","date":"11. M\u00e4rz 2019","format":false,"excerpt":"Der Angriffskrieg der NATO gegen Jugoslawien am 24. M\u00e4rz 1999 markierte das Ende des Friedens in Europa, ein Frieden, der seit der Katastrophe des Zweiten Weltkriegs gehalten hatte, zumindest in Europa. Mit Beitr\u00e4gen in loser Folge wird RT-Deutsch in den n\u00e4chsten Wochen die wichtigsten Stationen der NATO-Vorbereitungen auf diesen Krieg\u2026","rel":"","context":"In &quot;Frieden - Antifaschismus - Solidarit\u00e4t&quot;","block_context":{"text":"Frieden - Antifaschismus - Solidarit\u00e4t","link":"https:\/\/www.freidenker.org\/?cat=13"},"img":{"alt_text":"","src":"https:\/\/i0.wp.com\/www.freidenker.org\/fw17\/wp-content\/uploads\/2019\/03\/20_Jahre_Jugoslawienkrieg_800x445_T9-10.jpg?fit=800%2C445&ssl=1&resize=350%2C200","width":350,"height":200,"srcset":"https:\/\/i0.wp.com\/www.freidenker.org\/fw17\/wp-content\/uploads\/2019\/03\/20_Jahre_Jugoslawienkrieg_800x445_T9-10.jpg?fit=800%2C445&ssl=1&resize=350%2C200 1x, https:\/\/i0.wp.com\/www.freidenker.org\/fw17\/wp-content\/uploads\/2019\/03\/20_Jahre_Jugoslawienkrieg_800x445_T9-10.jpg?fit=800%2C445&ssl=1&resize=525%2C300 1.5x, https:\/\/i0.wp.com\/www.freidenker.org\/fw17\/wp-content\/uploads\/2019\/03\/20_Jahre_Jugoslawienkrieg_800x445_T9-10.jpg?fit=800%2C445&ssl=1&resize=700%2C400 2x"},"classes":[]},{"id":2005,"url":"https:\/\/www.freidenker.org\/?p=2005","url_meta":{"origin":19219,"position":3},"title":"Gespr\u00e4ch mit Sputnik: \u201eIllegales Tribunal im Auftrag der Nato\u201c","author":"Webredaktion","date":"23. November 2017","format":false,"excerpt":"Von einem \"Skandalurteil auf Basis vorgefasster Meinungen\" gegen den bosnisch-serbischen Ex-General Ratko Mladic am Mittwoch spricht Klaus Hartmann, Vorsitzender des Freidenker-Verbandes und Beobachter der Ereignisse. Der Journalist Hannes Hofbauer sieht im Urteil eine juristische Fortsetzung des Nato-Vorgehens gegen Jugoslawien.","rel":"","context":"In &quot;Demokratie \u2013 Medien \u2013 Aufkl\u00e4rung&quot;","block_context":{"text":"Demokratie \u2013 Medien \u2013 Aufkl\u00e4rung","link":"https:\/\/www.freidenker.org\/?cat=12"},"img":{"alt_text":"","src":"https:\/\/i0.wp.com\/www.freidenker.org\/fw17\/wp-content\/uploads\/2017\/11\/Banja_Luka_Protesti_800x445_v2.jpg?fit=800%2C445&ssl=1&resize=350%2C200","width":350,"height":200,"srcset":"https:\/\/i0.wp.com\/www.freidenker.org\/fw17\/wp-content\/uploads\/2017\/11\/Banja_Luka_Protesti_800x445_v2.jpg?fit=800%2C445&ssl=1&resize=350%2C200 1x, https:\/\/i0.wp.com\/www.freidenker.org\/fw17\/wp-content\/uploads\/2017\/11\/Banja_Luka_Protesti_800x445_v2.jpg?fit=800%2C445&ssl=1&resize=525%2C300 1.5x, https:\/\/i0.wp.com\/www.freidenker.org\/fw17\/wp-content\/uploads\/2017\/11\/Banja_Luka_Protesti_800x445_v2.jpg?fit=800%2C445&ssl=1&resize=700%2C400 2x"},"classes":[]},{"id":7362,"url":"https:\/\/www.freidenker.org\/?p=7362","url_meta":{"origin":19219,"position":4},"title":"Das Prinzip Telepolis","author":"Webredaktion","date":"4. Januar 2020","format":false,"excerpt":"Beitrag von Anneliese Fikentscher und Andreas Neumann Es ist zum Staunen. Wir lesen: \"Israelkritik kann Antisemitismus sein\". Oder: \"Nobelpreis f\u00fcr einen 'Genozid-Leugner'\". Es sind die \u00dcberschriften von zwei Artikeln. Im ersten Fall geht es um die Verabschiedung eines Resolutionsentwurfs in der franz\u00f6sischen Nationalversammlung, der die IRHA-Antisemitismus-Definition zum Ma\u00df aller Dinge\u2026","rel":"","context":"In &quot;Demokratie \u2013 Medien \u2013 Aufkl\u00e4rung&quot;","block_context":{"text":"Demokratie \u2013 Medien \u2013 Aufkl\u00e4rung","link":"https:\/\/www.freidenker.org\/?cat=12"},"img":{"alt_text":"","src":"https:\/\/i0.wp.com\/www.freidenker.org\/fw17\/wp-content\/uploads\/2020\/01\/smartphone-3139219_800x445.jpg?fit=800%2C445&ssl=1&resize=350%2C200","width":350,"height":200,"srcset":"https:\/\/i0.wp.com\/www.freidenker.org\/fw17\/wp-content\/uploads\/2020\/01\/smartphone-3139219_800x445.jpg?fit=800%2C445&ssl=1&resize=350%2C200 1x, https:\/\/i0.wp.com\/www.freidenker.org\/fw17\/wp-content\/uploads\/2020\/01\/smartphone-3139219_800x445.jpg?fit=800%2C445&ssl=1&resize=525%2C300 1.5x, https:\/\/i0.wp.com\/www.freidenker.org\/fw17\/wp-content\/uploads\/2020\/01\/smartphone-3139219_800x445.jpg?fit=800%2C445&ssl=1&resize=700%2C400 2x"},"classes":[]},{"id":5956,"url":"https:\/\/www.freidenker.org\/?p=5956","url_meta":{"origin":19219,"position":5},"title":"20 Jahre seit NATO-Angriffskrieg gegen Jugoslawien &#8211; Teil 3 und 4","author":"Webredaktion","date":"2. M\u00e4rz 2019","format":false,"excerpt":"Der Angriffskrieg der NATO gegen Jugoslawien am 24. M\u00e4rz 1999 markierte das Ende des Friedens in Europa, ein Frieden, der seit der Katastrophe des Zweiten Weltkriegs gehalten hatte, zumindest in Europa. Mit Beitr\u00e4gen in loser Folge wird RT-Deutsch in den n\u00e4chsten Wochen die wichtigsten Stationen der NATO-Vorbereitungen auf diesen Krieg\u2026","rel":"","context":"In &quot;Frieden - Antifaschismus - Solidarit\u00e4t&quot;","block_context":{"text":"Frieden - Antifaschismus - Solidarit\u00e4t","link":"https:\/\/www.freidenker.org\/?cat=13"},"img":{"alt_text":"","src":"https:\/\/i0.wp.com\/www.freidenker.org\/fw17\/wp-content\/uploads\/2019\/03\/20_Jahre_Jugoslawienkrieg_800x445_T3-4.jpg?fit=800%2C445&ssl=1&resize=350%2C200","width":350,"height":200,"srcset":"https:\/\/i0.wp.com\/www.freidenker.org\/fw17\/wp-content\/uploads\/2019\/03\/20_Jahre_Jugoslawienkrieg_800x445_T3-4.jpg?fit=800%2C445&ssl=1&resize=350%2C200 1x, https:\/\/i0.wp.com\/www.freidenker.org\/fw17\/wp-content\/uploads\/2019\/03\/20_Jahre_Jugoslawienkrieg_800x445_T3-4.jpg?fit=800%2C445&ssl=1&resize=525%2C300 1.5x, https:\/\/i0.wp.com\/www.freidenker.org\/fw17\/wp-content\/uploads\/2019\/03\/20_Jahre_Jugoslawienkrieg_800x445_T3-4.jpg?fit=800%2C445&ssl=1&resize=700%2C400 2x"},"classes":[]}],"_links":{"self":[{"href":"https:\/\/www.freidenker.org\/index.php?rest_route=\/wp\/v2\/posts\/19219","targetHints":{"allow":["GET"]}}],"collection":[{"href":"https:\/\/www.freidenker.org\/index.php?rest_route=\/wp\/v2\/posts"}],"about":[{"href":"https:\/\/www.freidenker.org\/index.php?rest_route=\/wp\/v2\/types\/post"}],"author":[{"embeddable":true,"href":"https:\/\/www.freidenker.org\/index.php?rest_route=\/wp\/v2\/users\/3"}],"replies":[{"embeddable":true,"href":"https:\/\/www.freidenker.org\/index.php?rest_route=%2Fwp%2Fv2%2Fcomments&post=19219"}],"version-history":[{"count":0,"href":"https:\/\/www.freidenker.org\/index.php?rest_route=\/wp\/v2\/posts\/19219\/revisions"}],"wp:featuredmedia":[{"embeddable":true,"href":"https:\/\/www.freidenker.org\/index.php?rest_route=\/wp\/v2\/media\/19225"}],"wp:attachment":[{"href":"https:\/\/www.freidenker.org\/index.php?rest_route=%2Fwp%2Fv2%2Fmedia&parent=19219"}],"wp:term":[{"taxonomy":"category","embeddable":true,"href":"https:\/\/www.freidenker.org\/index.php?rest_route=%2Fwp%2Fv2%2Fcategories&post=19219"},{"taxonomy":"post_tag","embeddable":true,"href":"https:\/\/www.freidenker.org\/index.php?rest_route=%2Fwp%2Fv2%2Ftags&post=19219"}],"curies":[{"name":"wp","href":"https:\/\/api.w.org\/{rel}","templated":true}]}}