{"id":19209,"date":"2024-05-27T00:51:10","date_gmt":"2024-05-26T22:51:10","guid":{"rendered":"https:\/\/www.freidenker.org\/?p=19209"},"modified":"2024-06-14T13:22:25","modified_gmt":"2024-06-14T11:22:25","slug":"der-denunziant-als-neuer-held-die-wiederbelebung-einer-deutschen-tradition","status":"publish","type":"post","link":"https:\/\/www.freidenker.org\/?p=19209","title":{"rendered":"Der Denunziant als neuer Held \u2013 Die Wiederbelebung einer deutschen Tradition"},"content":{"rendered":"<p><strong>Ungestraft durfte die Medienagentur Brain\u2019n\u2019Dead im Fr\u00fchjahr 2021 den m\u00f6rderischen Slogan ver\u00f6ffentlichen: &#8222;Querdenker m\u00fcssen sterben!&#8220;. Doch zum Melden mutma\u00dflicher &#8222;Desinformation&#8220; seitens politisch Andersdenkender wird eine vielf\u00e4ltige Petzkultur unter den B\u00fcrgern etabliert.<\/strong><\/p>\n<p><em>Von <strong>Felicitas Rabe<\/strong><\/em><\/p>\n<p><span style=\"font-size: 10pt;\">Erstver\u00f6ffentlichung am 25.05.2024 auf <a href=\"https:\/\/freedert.online\/meinung\/206976-denunziant-als-neuer-held-wiederbelebung\/\" target=\"_blank\" rel=\"noopener\">RT DE<\/a><\/span><\/p>\n<p>Lange Zeit waren Menschen, die andere bei der Obrigkeit anschw\u00e4rzten \u2013 wenn es sich nicht gerade um Kapitalverbrechen handelt \u2013, von der Gesellschaft eher schlecht angesehen. Insbesondere in Deutschland, wo die Bespitzelung und Denunzierung Andersdenkender durch Blockwarte, Verfassungsschutz- und Stasi-Agenten als langj\u00e4hrige deutsche Negativtradition gebrandmarkt ist.<\/p>\n<p>Daher scheint es umso verwunderlicher, welche Blockwartmentalit\u00e4t gleich zu Beginn der Coronakrise im deutschen Volk nahtlos wieder abgerufen werden konnte. Besonders pikant: Damals wie heute durften sich Denunzianten darauf berufen, dass sie doch nur zum Schutz der deutschen Volksgesundheit handeln w\u00fcrden. Interessant w\u00e4re in jedem Fall eine Untersuchung, ob der Petzcharakter hierzulande besonders verbreitet ist\u00a0\u2012 im Vergleich zu anderen Nationen.<\/p>\n<p>Dabei soll es ihn doch nach Meinung vieler deutscher Cancel-Culture-Bef\u00fcrworter gar nicht mehr geben, den typischen Deutschen. Wom\u00f6glich merken dabei die \u00fcberzeugten deutschen Kulturverleugner gar nicht, wie typisch deutsch die herausragend fanatische Auffassung von Cancel-Culture, Flaggensymbolik und Klimahysterie eigentlich ist. Am deutschen Wesen soll die Welt mal wieder genesen, k\u00f6nnte man meinen.<\/p>\n<h5>Zum Schutze der Volksgesundheit\u00a0\u2012 Denunziantentum in der Coronazeit<\/h5>\n<p>Jedenfalls gab es zu Coronazeiten nicht nur diejenigen Menschen in Superm\u00e4rkten, die ihre Mitmenschen mit Masken auf halbmast \u00fcbereifrig bei Marktleitern anschw\u00e4rzten und ihren Rausschmiss forderten. Wie Pilze aus dem Boden schossen auch Beh\u00f6rdendienste, Meldestellen, Onlineportale und Petzeinrichtungen aller Art \u2013 und dieser &#8222;Petzeraufschwung&#8220; h\u00e4lt bis heute an, beziehungsweise nimmt immer weiter Fahrt auf. Corona diente quasi als Startschuss zur Legitimierung einer neuen positiven gesellschaftlichen Akzeptanz von Denunziantentum.<\/p>\n<p>Als Beispiel f\u00fcr eine der vielen Meldestellen in der Coronazeit, bei der man Verst\u00f6\u00dfe gegen die Pandemiema\u00dfnahmen melden sollte, sei die Melde-App der Stadt Frankfurt am Main genannt. Wie die <em>Frankfurter Rundschau<\/em>\u00a0<a href=\"https:\/\/www.fr.de\/meinung\/kolumnen\/corona-krise-covid-19-deutschland-denunzianten-maskenpflicht-zweite-welle-app-90076309.html\">im Oktober 2020 schrieb<\/a>, konnten B\u00fcrger\u00a0ganz anonym ihre Mitmenschen samt Foto bei einer st\u00e4dtischen Beh\u00f6rde anprangern: &#8222;Dort n\u00e4mlich k\u00f6nnen B\u00fcrgerinnen und B\u00fcrger auf einem Online-Portal Verst\u00f6\u00dfe gegen die &#8218;Coronaschutz-Verordnung&#8216; melden. Da kann man mit maximal 45 Zeichen den &#8222;Ort des Versto\u00dfes&#8220; angeben, Datum und Uhrzeit der &#8218;Feststellung&#8216; sowie Art und &#8217;n\u00e4here Beschreibung des Versto\u00dfes&#8216;. Ein Foto beizuf\u00fcgen, ist selbstverst\u00e4ndlich auch m\u00f6glich.&#8220;<\/p>\n<h5>Zensur und Meldung der vom offiziellen Narrativ abweichenden Meinungen<\/h5>\n<p>Das politisch gef\u00f6rderte Denunziantentum gipfelte zuletzt in der Verabschiedung des <a href=\"https:\/\/commission.europa.eu\/strategy-and-policy\/priorities-2019-2024\/europe-fit-digital-age\/digital-services-act_de\" target=\"_blank\" rel=\"noopener noreferrer\">&#8218;Digital Service Act&#8216;<\/a> in der Europ\u00e4ischen Union. Diese ab dem 17. Februar 2024 geltenden Vorschriften haben zum Ziel, &#8222;illegale oder sch\u00e4dliche Online-Aktivit\u00e4ten sowie die Verbreitung von Desinformation zu verhindern&#8220;, und gelten fortan f\u00fcr alle Internetplattformen.<\/p>\n<p>Wogegen die Aufgabe des deutschen Verfassungsschutzes von jeher darin besteht, Informationen \u00fcber politische Abweichler zu sammeln. Das schaffen die Verfassungssch\u00fctzer allerdings nach eigenen Angaben nur noch mithilfe von Denunzianten aus der Bev\u00f6lkerung, die bei der <a href=\"https:\/\/www.verfassungsschutz.de\/DE\/service\/buerger-und-betroffene\/hinweistelefon\/hinweis-geben_node.html\" target=\"_blank\" rel=\"noopener noreferrer\">offiziellen Meldestelle <\/a>der Beh\u00f6rde gesellschaftliche\u00a0 Extremisten melden sollen.<\/p>\n<p>Nur gemeinsam mit denunzierenden B\u00fcrgern k\u00f6nne der Verfassungsschutz seinen Auftrag erf\u00fcllen: &#8222;Sicherheit und Freiheit sind unabdingbare Pfeiler unserer Gesellschaft und gehen alle an, die B\u00fcrgerinnen und B\u00fcrger sowie die Sicherheitsbeh\u00f6rden. Nur gemeinsam mit Ihnen k\u00f6nnen wir unseren Auftrag erf\u00fcllen.&#8220; Seit Februar 2022 fordert auch das Bundeskriminalamt die Bev\u00f6lkerung auf, gemeinsam gegen unspezifische &#8222;Hass und Hetze&#8220; im Netz vorzugehen. Bei der daf\u00fcr eingerichteten <a href=\"https:\/\/www.bka.de\/DE\/KontaktAufnehmen\/HinweisGeben\/MeldestelleHetzeImInternet\/meldestelle_node.html\" target=\"_blank\" rel=\"noopener noreferrer\">Meldestelle &#8222;Hetze im Internet<\/a>&#8220; sollten B\u00fcrger unter anderem Straftaten wie &#8222;Propagandadelikte&#8220; melden. Auf der <a href=\"https:\/\/www.bka.de\/DE\/KontaktAufnehmen\/HinweisGeben\/MeldestelleHetzeImInternet\/meldestelle_node.html\" target=\"_blank\" rel=\"noopener noreferrer\">BKA-Webseite<\/a> hei\u00dft es dazu: &#8222;Mit dieser Kooperation soll einer zunehmenden Verrohung der Kommunikation in sozialen Netzwerken entgegenwirkt und eine effektive Strafverfolgung der dort begangenen Straftaten wie Propagandadelikten, Volksverhetzungen oder Bedrohungen erm\u00f6glicht werden.&#8220;<\/p>\n<h5>Was als Desinformation und was als Propaganda gilt, bestimmen die Produzenten von Fake News und Propaganda selbst<\/h5>\n<p>Nach all den Fake News und der Propaganda in Bezug auf die vermeintliche Coronapandemie \u2013 was mittlerweile durch die RKI-Dokumente best\u00e4tigt wird \u2013 und all der Hetze gegen diesbez\u00fcglich Andersdenkende seitens Politik und Medien kommt man bei aktuellen Melde-Kampagnen gegen Desinformation aus dem Staunen nicht mehr heraus. Ganz selbstverst\u00e4ndlich wird seitens der Beh\u00f6rden davon ausgegangen, dass potenzielle Petzer nur solche Menschen als &#8222;Propaganda-Verbreiter&#8220; in Betracht ziehen, die dem offiziellen Narrativ widersprechen. Es wird offenbar in Deutschland wieder vorausgesetzt, dass Regierung und Medien keine (nie und nimmer?) Propaganda und Hetze betreiben k\u00f6nnten. Und es wird wieder vorausgesetzt, dass die Petzbereiten ganz gehorsam auf Seiten der Regierung stehen, um die Regierungsungehorsamen zu diffamieren.<\/p>\n<p>Insofern kann man getrost davon ausgehen, dass jener Hass und die Desinformation, die von Regierung, Medien und anderen Personen des \u00f6ffentlichen Lebens seit ein paar Jahren mit zunehmender B\u00f6sartigkeit gegen Andersdenkende verbreitet werden, nicht denunziert werden. Desinformation wird nur einseitig diffamiert. Bis heute wird die seinerzeitige <a href=\"https:\/\/www.bundesregierung.de\/breg-de\/service\/archiv\/archiv-mediathek\/pressekonferenz-von-kanzlerin-merkel-nach-der-g7-videokonferenz-1860056\" target=\"_blank\" rel=\"noopener noreferrer\">Desinformation der Bundeskanzlerin Merkel<\/a> bei einer Pressekonferenz auf dem G7-Gipfel am 19. Februar 2021 von offizieller Stelle nicht bekrittelt. Merkel behauptete:<\/p>\n<blockquote><p><em>&#8222;Die Pandemie ist erst besiegt, wenn alle Menschen auf der Welt geimpft sind.&#8220;<\/em><\/p><\/blockquote>\n<p>Gleichzeitig durfte die Berliner Medienagentur Brain\u2019n\u2019Deadim Fr\u00fchjahr 2021 im Rahmen einer Impfkampagne\u00a0ungestraft\u00a0den <a href=\"https:\/\/corona-blog.net\/2021\/02\/02\/querdenker-muessen-sterben-impfaufruf-von-brainndead-absoluter-flopp\/\">m\u00f6rderischen Slogan<\/a> ver\u00f6ffentlichen: &#8222;Querdenker m\u00fcssen sterben!&#8220;. An Hass und sexistischer Hetze mangelt es auch nicht in der sachlich falschen Beschuldigung, mittels welcher der <em>ZDF<\/em>-Mitarbeiter Jan B\u00f6hmermann im November 2021 die <a href=\"https:\/\/www.youtube.com\/watch?v=cCInC6HLlXg%20(ab%20Minute%203:00)\" target=\"_blank\" rel=\"noopener noreferrer\">Impfverweigerer beschimpfte<\/a> (ab circa Minute 3:04):<\/p>\n<blockquote><p><em>&#8222;Schuld daran [&#8230;] sind die Wichser, die immer noch nicht in der Lage sind, sich zu impfen.&#8220;<\/em><\/p><\/blockquote>\n<p>Wie extreme Hetzkampagnen gegen Andersdenkende auch nach Corona weiter betrieben werden, sofern sie nur der herrschenden Politik dienen, kann man aktuell in Deutschland ganz besonders an der hetzerischen Aufstachelung gegen eine in Deutschland offiziell zugelassene Partei feststellen.<\/p>\n<h5>Zur Entsolidarisierung der Gesellschaft: Angebotsvielfalt f\u00fcr die Denunzierung Andersdenkender<\/h5>\n<p>Nachdem das Denunziantentum in der Coronazeit gesellschaftlich eine solche Aufwertung erfuhr, werden inzwischen von offiziellen Stellen f\u00fcr die abstrusesten Anschuldigungen neue Meldem\u00f6glichkeiten f\u00fcr Petzbegeisterte geschaffen.<\/p>\n<p>Bei einem neuen Portal der Amadeu-Antonio-Stiftung d\u00fcrfen sich Denunzianten austoben, die andere Menschen verd\u00e4chtigen, sich einer Sprache mit &#8222;antifeministischer Dimension&#8220; zu bedienen. Sofern jemand den Eindruck habe, ein Mitb\u00fcrger w\u00fcrde sich einer sogenannten antifeministischen Ausdrucksweise bedienen, solle er ihn bei der <a href=\"https:\/\/antifeminismus-melden.de\/?sc_src=email_4065241&amp;sc_lid=415777237&amp;sc_uid=%24uid%24&amp;sc_llid=-1&amp;sc_cid=4065241&amp;cid=email.crm.redaktion.newsletter.anna_schneider&amp;sc_eh\" target=\"_blank\" rel=\"noopener noreferrer\">Meldestelle f\u00fcr Antifeminismus<\/a> denunzieren. Zwar sei ein antifeministischer Sprachstil nicht strafbar, wird auf dem Meldeportal explizit erkl\u00e4rt, aber es z\u00e4hle schlie\u00dflich die subjektive &#8222;Erfahrung von Betroffenen&#8220;:<\/p>\n<p>&#8222;Antifeminismus ist kein Straftatbestand. Wir erfassen F\u00e4lle, unabh\u00e4ngig davon, ob sie angezeigt wurden, und unabh\u00e4ngig davon, ob sie einen Straftatbestand erf\u00fcllen oder unter der sogenannten Strafbarkeitsgrenze liegen. Relevant ist die antifeministische Dimension. Im Mittelpunkt stehen die Erfahrungen der Betroffenen.&#8220;<\/p>\n<p>Im Rahmen dieses Beitrags kann nur ein kleiner Einblick in das weite Feld des vielf\u00e4ltigen neuen Petzwesens gegeben werden: Von falschen Sprachgebrauchlern, \u00fcber Falschparker bis hin zu Menschen mit unliebsamen politischen Einstellungen und mutma\u00dflich falschen Meinungen \u2013 f\u00fcr fast alles gibt es neuerdings Denunziantentools. So ruft sogar die Deutsche Umwelthilfe den B\u00fcrger <a href=\"https:\/\/www.duh.de\/presse\/pressemitteilungen\/pressemitteilung\/deutsche-umwelthilfe-ruft-buerger-zur-anzeige-von-falschparkern-auf-zahlreiche-staedte-in-deutschland\/\" target=\"_blank\" rel=\"noopener noreferrer\">zur Anzeige von Falschparkern<\/a> auf.<\/p>\n<p>W\u00e4hrend die NRW-Landesregierung seit dem Juli 2022 gleich <a href=\"https:\/\/www.land.nrw\/pressemitteilung\/aufbau-von-vier-meldestellen-zu-queerfeindlichen-und-rassistischen-vorfaellen\" target=\"_blank\" rel=\"noopener noreferrer\">vier Meldestellen zum Anzeigen von queerfeindlichen Vorf\u00e4llen<\/a> eingerichtet hat. Hinsichtlich so vieler Meldestellen fragt man sich schlie\u00dflich auch, was die Verwaltung eigentlich damit bezweckt? Geld sparen bei hoheitlichen Aufgaben des Ordnungsamts? Oder soll die Bev\u00f6lkerung durch m\u00f6glichst weit verbreitete gegenseitige \u00dcberwachung und Verpetzen noch mehr gespalten und von gegenseitigem Misstrauen durchsetzt werden\u00a0\u2012 im Sinne einer Entsolidarisierung und einer grunds\u00e4tzlichen Abschaffung von gesellschaftlichem Zusammenhalt?<\/p>\n<p>Jedenfalls richtet auch das Ministerium f\u00fcr Kinder, Jugend, Familie, Gleichstellung, Flucht und Integration des Landes Nordrhein-Westfalen laut eigenen Angaben &#8222;ein bundesweit einzigartiges Netz in Form mehrerer Meldestellen ein, die Vorf\u00e4lle auch unterhalb der Strafbarkeitsgrenze erfassen, analysieren und dokumentieren&#8220;. Gemeldet werden sollen Queerfeindlichkeit, antimuslimischer Rassismus, Antiziganismus sowie antischwarzer, antiasiatischer und weitere Formen von Rassismus \u2013 und zwar auch hier ausdr\u00fccklich auch unterhalb der Strafbarkeitsgrenze.<\/p>\n<p>Dagegen ermutigt die <a href=\"https:\/\/www.veritas-berlin.de\/\" target=\"_blank\" rel=\"noopener noreferrer\">Veritas-Beratungsstelle f\u00fcr Betroffene von Verschw\u00f6rungserz\u00e4hlungen<\/a>\u00a0Freunde und Verwandte von sogenannten &#8222;verschw\u00f6rungsgl\u00e4ubigen Menschen&#8220;, \u00fcber Erfahrungen mit Andersdenkenden aus ihrem Umfeld zu berichten. Die Beratungsstelle beh\u00e4lt sich dann im Falle von andersdenkenden Eltern vor, diese beim Jugendamt anzuschw\u00e4rzen. Die Beh\u00f6rde w\u00fcrde daraufhin pr\u00fcfen, ob den andersdenkenden Eltern ihre Kinder entzogen werden m\u00fcssten.<\/p>\n<h5>Denunziantentum f\u00f6rdern hei\u00dft, &#8222;aus \u00dcberzeugung Gutes zu tun&#8220;<\/h5>\n<p><a href=\"https:\/\/www.zivile-helden.de\/kontakt-beratung-fuer-zivile-helden\/beratungsstellen-hass-im-netz\/\" target=\"_blank\" rel=\"noopener noreferrer\">&#8222;Zivile Helden&#8220;<\/a> nennt sich eine Webseite, auf der rund 20 Beratungsstellen ihre Dienste f\u00fcr Denunzianten unterschiedlicher Themen anbieten. Hier wird der Denunziant zum Helden stilisiert, wenn er Anh\u00e4nger von &#8222;Verschw\u00f6rungsmythen&#8220; und mutma\u00dfliche Antisemiten meldet. Unersch\u00f6pflich scheinen die M\u00f6glichkeiten, die Menschen bei jeglicher Gelegenheit zum Denunzianten zu dressieren: Seit ein paar Wochen wirbt man in K\u00f6lner Schwimmb\u00e4dern mit der Kampagne\u00a0<a href=\"https:\/\/www.koelnbaeder.de\/aktuelles-events\/\" target=\"_blank\" rel=\"noopener noreferrer\">&#8222;Ich sag&#8217;s \u2013 Hilfe holen ist kein Petzen&#8220;<\/a> f\u00fcr das Denunzieren von Mitschwimmern. Als seien Bademeister nicht selbst in der Lage, sexistisches Bel\u00e4stigen zu identifizieren, sollen sich die Besucher von Badeanstalten nun gegenseitig beschuldigen.<\/p>\n<figure id=\"attachment_19210\" aria-describedby=\"caption-attachment-19210\" style=\"width: 800px\" class=\"wp-caption alignnone\"><a href=\"https:\/\/i0.wp.com\/www.freidenker.org\/fw17\/wp-content\/uploads\/2024\/05\/Rabe_HilfeHolen.jpg?ssl=1\"><img data-recalc-dims=\"1\" loading=\"lazy\" decoding=\"async\" data-attachment-id=\"19210\" data-permalink=\"https:\/\/www.freidenker.org\/?attachment_id=19210\" data-orig-file=\"https:\/\/i0.wp.com\/www.freidenker.org\/fw17\/wp-content\/uploads\/2024\/05\/Rabe_HilfeHolen.jpg?fit=1280%2C960&amp;ssl=1\" data-orig-size=\"1280,960\" data-comments-opened=\"0\" data-image-meta=\"{&quot;aperture&quot;:&quot;0&quot;,&quot;credit&quot;:&quot;&quot;,&quot;camera&quot;:&quot;&quot;,&quot;caption&quot;:&quot;&quot;,&quot;created_timestamp&quot;:&quot;0&quot;,&quot;copyright&quot;:&quot;&quot;,&quot;focal_length&quot;:&quot;0&quot;,&quot;iso&quot;:&quot;0&quot;,&quot;shutter_speed&quot;:&quot;0&quot;,&quot;title&quot;:&quot;&quot;,&quot;orientation&quot;:&quot;0&quot;}\" data-image-title=\"Rabe_HilfeHolen\" data-image-description=\"\" data-image-caption=\"\" data-large-file=\"https:\/\/i0.wp.com\/www.freidenker.org\/fw17\/wp-content\/uploads\/2024\/05\/Rabe_HilfeHolen.jpg?fit=800%2C600&amp;ssl=1\" class=\"wp-image-19210 size-large\" src=\"https:\/\/i0.wp.com\/www.freidenker.org\/fw17\/wp-content\/uploads\/2024\/05\/Rabe_HilfeHolen.jpg?resize=800%2C600&#038;ssl=1\" alt=\"\" width=\"800\" height=\"600\" srcset=\"https:\/\/i0.wp.com\/www.freidenker.org\/fw17\/wp-content\/uploads\/2024\/05\/Rabe_HilfeHolen.jpg?resize=1024%2C768&amp;ssl=1 1024w, https:\/\/i0.wp.com\/www.freidenker.org\/fw17\/wp-content\/uploads\/2024\/05\/Rabe_HilfeHolen.jpg?resize=300%2C225&amp;ssl=1 300w, https:\/\/i0.wp.com\/www.freidenker.org\/fw17\/wp-content\/uploads\/2024\/05\/Rabe_HilfeHolen.jpg?resize=768%2C576&amp;ssl=1 768w, https:\/\/i0.wp.com\/www.freidenker.org\/fw17\/wp-content\/uploads\/2024\/05\/Rabe_HilfeHolen.jpg?w=1280&amp;ssl=1 1280w\" sizes=\"auto, (max-width: 800px) 100vw, 800px\" \/><\/a><figcaption id=\"caption-attachment-19210\" class=\"wp-caption-text\"><span style=\"font-size: 10pt;\">Kampagne &#8222;Ich sag&#8217;s&#8220; in K\u00f6lner Schwimmb\u00e4dern, Mai 2024. Foto: Felicitas Rabe<\/span><\/figcaption><\/figure>\n<p>Obendrein sollen die zumeist betroffenen M\u00e4dchen und Frauen den in der Regel m\u00e4nnlichen Bademeistern erkl\u00e4ren, wo und wie sie unsittlich ber\u00fchrt wurden. Mal abgesehen davon, dass diese Kampagne bei wohl nicht wenigen M\u00e4dchen und deren Eltern dazu f\u00fchren wird, vor lauter Sorge vor \u00dcbergriffen den T\u00f6chtern den Schwimmbadbesuch zu untersagen. Das wird als kleiner Kollateralschaden entweder in Kauf genommen \u2013 oder beabsichtigt.<\/p>\n<p>Bei der Feierveranstaltung zum <a href=\"https:\/\/www.lsvd.de\/de\/ct\/11759-idahobit2024\" target=\"_blank\" rel=\"noopener noreferrer\">Internationalen Tag gegen Transfeindlichkeit <\/a>vor dem K\u00f6lner Dom wurde am 17. Mai 2024 mit gro\u00dfen Plakaten f\u00fcr neu eingerichtete Meldestellen geworben, wo man tats\u00e4chliche oder vermeintliche Abwertung und Diffamierung von transsexuellen Menschen anzeigen sollte.<\/p>\n<figure id=\"attachment_19211\" aria-describedby=\"caption-attachment-19211\" style=\"width: 800px\" class=\"wp-caption alignnone\"><a href=\"https:\/\/i0.wp.com\/www.freidenker.org\/fw17\/wp-content\/uploads\/2024\/05\/Rabe_AnzeigenStattAushalten.jpg?ssl=1\"><img data-recalc-dims=\"1\" loading=\"lazy\" decoding=\"async\" data-attachment-id=\"19211\" data-permalink=\"https:\/\/www.freidenker.org\/?attachment_id=19211\" data-orig-file=\"https:\/\/i0.wp.com\/www.freidenker.org\/fw17\/wp-content\/uploads\/2024\/05\/Rabe_AnzeigenStattAushalten.jpg?fit=1280%2C960&amp;ssl=1\" data-orig-size=\"1280,960\" data-comments-opened=\"0\" data-image-meta=\"{&quot;aperture&quot;:&quot;0&quot;,&quot;credit&quot;:&quot;&quot;,&quot;camera&quot;:&quot;&quot;,&quot;caption&quot;:&quot;&quot;,&quot;created_timestamp&quot;:&quot;0&quot;,&quot;copyright&quot;:&quot;&quot;,&quot;focal_length&quot;:&quot;0&quot;,&quot;iso&quot;:&quot;0&quot;,&quot;shutter_speed&quot;:&quot;0&quot;,&quot;title&quot;:&quot;&quot;,&quot;orientation&quot;:&quot;0&quot;}\" data-image-title=\"Rabe_AnzeigenStattAushalten\" data-image-description=\"\" data-image-caption=\"\" data-large-file=\"https:\/\/i0.wp.com\/www.freidenker.org\/fw17\/wp-content\/uploads\/2024\/05\/Rabe_AnzeigenStattAushalten.jpg?fit=800%2C600&amp;ssl=1\" class=\"wp-image-19211 size-large\" src=\"https:\/\/i0.wp.com\/www.freidenker.org\/fw17\/wp-content\/uploads\/2024\/05\/Rabe_AnzeigenStattAushalten.jpg?resize=800%2C600&#038;ssl=1\" alt=\"\" width=\"800\" height=\"600\" srcset=\"https:\/\/i0.wp.com\/www.freidenker.org\/fw17\/wp-content\/uploads\/2024\/05\/Rabe_AnzeigenStattAushalten.jpg?resize=1024%2C768&amp;ssl=1 1024w, https:\/\/i0.wp.com\/www.freidenker.org\/fw17\/wp-content\/uploads\/2024\/05\/Rabe_AnzeigenStattAushalten.jpg?resize=300%2C225&amp;ssl=1 300w, https:\/\/i0.wp.com\/www.freidenker.org\/fw17\/wp-content\/uploads\/2024\/05\/Rabe_AnzeigenStattAushalten.jpg?resize=768%2C576&amp;ssl=1 768w, https:\/\/i0.wp.com\/www.freidenker.org\/fw17\/wp-content\/uploads\/2024\/05\/Rabe_AnzeigenStattAushalten.jpg?w=1280&amp;ssl=1 1280w\" sizes=\"auto, (max-width: 800px) 100vw, 800px\" \/><\/a><figcaption id=\"caption-attachment-19211\" class=\"wp-caption-text\"><span style=\"font-size: 10pt;\">&#8222;Anzeigen statt Aushalten&#8220;, Feier zum Internationalen Tag gegen Transfeindlichkeit, K\u00f6ln, 17. Mai 2024. Foto: Felicitas Rabe<\/span><\/figcaption><\/figure>\n<p>Was soll man zum Schluss noch sagen \u2012 all diese Petzangebote werden von selbsternannten Gutmenschen eingerichtet. Wie zum Beispiel das Angebot der <a href=\"https:\/\/meldestelle-respect.de\/\" target=\"_blank\" rel=\"noopener noreferrer\">Meldestelle REspect!<\/a>, bei der man unter anderem ebenfalls mutma\u00dfliche Verbreiter von Desinformation melden kann. REspect! r\u00fchmt sich auf der eigenen Webseite damit, von knapp 60.000 Meldungen (Stand 23. Mai 2024) rund 15.000 bei der Polizei zur Anzeige gebracht zu haben. Die Sammlung von Petzereien falle den Meldestellen-Betreibern nicht immer leicht, hei\u00dft es auf deren Internetseite \u2013 aber man sei \u00fcberzeugt, Gutes zu tun.<\/p>\n<blockquote><p><em>&#8222;Das machen wir \u2013 auch wenn es nicht immer leichtf\u00e4llt\u00a0\u2013 mit viel Spa\u00df und der \u00dcberzeugung, etwas Gutes zu tun.&#8220;<\/em><\/p><\/blockquote>\n<p style=\"text-align: right;\"><em>Felicitas Rabe ist freie Journalistin. Am 29. Mai 2023 berichtete die Autorin \u00fcber die <a href=\"https:\/\/www.freidenker.org\/?p=16200\" target=\"_blank\" rel=\"noopener\">Konferenz der Weltunion der Freidenker<\/a><\/em><\/p>\n<hr \/>\n<p><span style=\"font-size: 10pt;\">Bild oben: <a href=\"https:\/\/pixabay.com\/de\/photos\/mann-figur-beobachten-fernglas-4085657\/\" target=\"_blank\" rel=\"noopener\">pixabay.com<\/a> \/ <a class=\"userName--owby3\" href=\"https:\/\/pixabay.com\/de\/users\/guvo59-9285194\/\" target=\"_blank\" rel=\"noopener\">guvo59<\/a> \/ <a href=\"https:\/\/pixabay.com\/de\/service\/license-summary\/\" target=\"_blank\" rel=\"noopener\">Inhaltslizenz<\/a><\/span><\/p>\n","protected":false},"excerpt":{"rendered":"<p><b>Beitrag von Felicitas Rabe<\/b><br \/>\nLange Zeit waren Menschen, die andere bei der Obrigkeit anschw\u00e4rzten \u2013 wenn es sich nicht gerade um Kapitalverbrechen handelt \u2013, von der Gesellschaft eher schlecht angesehen. Insbesondere in Deutschland, wo die Bespitzelung und Denunzierung Andersdenkender durch Blockwarte, Verfassungsschutz- und Stasi-Agenten als langj\u00e4hrige deutsche Negativtradition gebrandmarkt ist. Daher scheint es umso verwunderlicher, welche Blockwartmentalit\u00e4t gleich zu Beginn der Coronakrise im deutschen Volk nahtlos wieder abgerufen werden konnte. Besonders pikant: Damals wie heute durften sich Denunzianten darauf berufen, dass sie doch nur zum Schutz der deutschen Volksgesundheit handeln w\u00fcrden. Interessant w\u00e4re in jedem Fall eine Untersuchung, ob der Petzcharakter hierzulande besonders verbreitet ist\u00a0\u2012 im Vergleich zu anderen Nationen.<\/p>\n","protected":false},"author":3,"featured_media":19213,"comment_status":"closed","ping_status":"closed","sticky":false,"template":"","format":"standard","meta":{"colormag_page_container_layout":"default_layout","colormag_page_sidebar_layout":"default_layout","advanced_seo_description":"","jetpack_seo_html_title":"","jetpack_seo_noindex":false,"jetpack_post_was_ever_published":false,"footnotes":""},"categories":[12],"tags":[1426,2220,1256,1541,605,602,395,1257,637,1333,1862,1397,641,527],"class_list":["post-19209","post","type-post","status-publish","format-standard","has-post-thumbnail","hentry","category-demokratie-medien-aufklaerung","tag-andersdenkende","tag-antifeminismus","tag-corona-virus","tag-denunziation","tag-desinformation","tag-fake-news","tag-meinungsfreiheit","tag-pandemie","tag-propaganda","tag-querdenker","tag-transsexualitaet","tag-verfassungsschutz","tag-verschwoerungstheorie","tag-zensur"],"jetpack_featured_media_url":"https:\/\/i0.wp.com\/www.freidenker.org\/fw17\/wp-content\/uploads\/2024\/05\/man-4085657_800x450.jpg?fit=800%2C450&ssl=1","jetpack_shortlink":"https:\/\/wp.me\/p9stpK-4ZP","jetpack-related-posts":[{"id":14170,"url":"https:\/\/www.freidenker.org\/?p=14170","url_meta":{"origin":19209,"position":0},"title":"\u201cCorona, Demokratieabbau, Krisen &#038; Kriege\u201d","author":"Webredaktion","date":"20. September 2022","format":false,"excerpt":"Einladung: Kurzvortr\u00e4ge und offene Diskussion \/ Gespr\u00e4chspartner: Klaus Hartmann und Jan Veil Mittwoch, 21.09.2022, 19:00 Uhr, Restaurant Tri Am, Bieberer Stra\u00dfe 84, 63071 Offenbach am Main \u201cCorona und die \u201eMa\u00dfnahmen\u201c \u2013 eine (Zwischen-)Bilanz. \/ Der zunehmende Abbau demokratischer Rechte \u2013 ein Fall von \u201eLong Covid\u201c? \/ Politisierte Moralisierung, Ausgrenzung Andersdenkender,\u2026","rel":"","context":"In &quot;Demokratie \u2013 Medien \u2013 Aufkl\u00e4rung&quot;","block_context":{"text":"Demokratie \u2013 Medien \u2013 Aufkl\u00e4rung","link":"https:\/\/www.freidenker.org\/?cat=12"},"img":{"alt_text":"","src":"https:\/\/i0.wp.com\/www.freidenker.org\/fw17\/wp-content\/uploads\/2022\/09\/globus_maske_800x445.jpg?fit=800%2C445&ssl=1&resize=350%2C200","width":350,"height":200,"srcset":"https:\/\/i0.wp.com\/www.freidenker.org\/fw17\/wp-content\/uploads\/2022\/09\/globus_maske_800x445.jpg?fit=800%2C445&ssl=1&resize=350%2C200 1x, https:\/\/i0.wp.com\/www.freidenker.org\/fw17\/wp-content\/uploads\/2022\/09\/globus_maske_800x445.jpg?fit=800%2C445&ssl=1&resize=525%2C300 1.5x, https:\/\/i0.wp.com\/www.freidenker.org\/fw17\/wp-content\/uploads\/2022\/09\/globus_maske_800x445.jpg?fit=800%2C445&ssl=1&resize=700%2C400 2x"},"classes":[]},{"id":9699,"url":"https:\/\/www.freidenker.org\/?p=9699","url_meta":{"origin":19209,"position":1},"title":"Grundrechteverteidigung ist nicht &#8222;reaktion\u00e4r&#8220;","author":"Webredaktion","date":"14. M\u00e4rz 2021","format":false,"excerpt":"Beitrag von Klaus Linder Anfang Februar ver\u00f6ffentlichte Andreas Wehr einen Artikel unter der \u00dcberschrift: \u201eDie Grundrechte der Querdenker\u00a0- Warum der behauptete Abbau von Freiheitsrechten fehl geht\u201c. ... Die Unter\u00fcberschrift \u201eWarum der behauptete Abbau von Freiheitsrechten fehl geht\u201c scheint grammatisch eher so gedacht: \u201eWarum die Behauptung eines Abbaus von Freiheitsrechten fehlgeht\u201c.\u2026","rel":"","context":"In &quot;Demokratie \u2013 Medien \u2013 Aufkl\u00e4rung&quot;","block_context":{"text":"Demokratie \u2013 Medien \u2013 Aufkl\u00e4rung","link":"https:\/\/www.freidenker.org\/?cat=12"},"img":{"alt_text":"","src":"https:\/\/i0.wp.com\/www.freidenker.org\/fw17\/wp-content\/uploads\/2021\/03\/Corona_grundgesetz_800x450.jpg?fit=800%2C450&ssl=1&resize=350%2C200","width":350,"height":200,"srcset":"https:\/\/i0.wp.com\/www.freidenker.org\/fw17\/wp-content\/uploads\/2021\/03\/Corona_grundgesetz_800x450.jpg?fit=800%2C450&ssl=1&resize=350%2C200 1x, https:\/\/i0.wp.com\/www.freidenker.org\/fw17\/wp-content\/uploads\/2021\/03\/Corona_grundgesetz_800x450.jpg?fit=800%2C450&ssl=1&resize=525%2C300 1.5x, https:\/\/i0.wp.com\/www.freidenker.org\/fw17\/wp-content\/uploads\/2021\/03\/Corona_grundgesetz_800x450.jpg?fit=800%2C450&ssl=1&resize=700%2C400 2x"},"classes":[]},{"id":15031,"url":"https:\/\/www.freidenker.org\/?p=15031","url_meta":{"origin":19209,"position":2},"title":"Corona, Demokratieabbau, Krisen &#038; Kriege","author":"Webredaktion","date":"21. Januar 2023","format":false,"excerpt":"Videos der Veranstaltung des Deutschen Freidenker-Verbandes, Landesverband Hessen am 21.09.2022 in Offenbach am Main Kurzvortr\u00e4ge von Klaus Hartmann und Jan Veil sowie Diskussion Schwerpunkte der Vortr\u00e4ge und der Diskussion: Corona und die \u201eMa\u00dfnahmen\u201c \u2013 eine (Zwischen-)Bilanz \/ Der zunehmende Abbau demokratischer Rechte \u2013 ein Fall von \u201eLong Covid\u201c? \/ Politisierte\u2026","rel":"","context":"In &quot;Demokratie \u2013 Medien \u2013 Aufkl\u00e4rung&quot;","block_context":{"text":"Demokratie \u2013 Medien \u2013 Aufkl\u00e4rung","link":"https:\/\/www.freidenker.org\/?cat=12"},"img":{"alt_text":"","src":"https:\/\/i0.wp.com\/www.freidenker.org\/fw17\/wp-content\/uploads\/2023\/01\/hartmann_veil_offenbach_4_800x450.jpg?fit=800%2C450&ssl=1&resize=350%2C200","width":350,"height":200,"srcset":"https:\/\/i0.wp.com\/www.freidenker.org\/fw17\/wp-content\/uploads\/2023\/01\/hartmann_veil_offenbach_4_800x450.jpg?fit=800%2C450&ssl=1&resize=350%2C200 1x, https:\/\/i0.wp.com\/www.freidenker.org\/fw17\/wp-content\/uploads\/2023\/01\/hartmann_veil_offenbach_4_800x450.jpg?fit=800%2C450&ssl=1&resize=525%2C300 1.5x, https:\/\/i0.wp.com\/www.freidenker.org\/fw17\/wp-content\/uploads\/2023\/01\/hartmann_veil_offenbach_4_800x450.jpg?fit=800%2C450&ssl=1&resize=700%2C400 2x"},"classes":[]},{"id":18456,"url":"https:\/\/www.freidenker.org\/?p=18456","url_meta":{"origin":19209,"position":3},"title":"Fiktion versus Realit\u00e4t: &#8222;Zwei Minuten Hass&#8220; hei\u00dft heute &#8222;Demokratie-Schulung&#8220;","author":"Webredaktion","date":"3. M\u00e4rz 2024","format":false,"excerpt":"Beitrag von Bernhard Loyen Hass ist ein sehr dunkles Wort. Hass soll im psychologischen Zusammenhang eine \"tiefe seelische Verletzung\" bedeuten. Die Wut dagegen sei eher ein allgemeines Gef\u00fchl, eine Stimmung.\u00a0Hass \"ist auf ein ganz bestimmtes Objekt gerichtet, in der Regel auf eine Person\", so die Definition. Die vernehmbare Stimmung im\u2026","rel":"","context":"In &quot;Demokratie \u2013 Medien \u2013 Aufkl\u00e4rung&quot;","block_context":{"text":"Demokratie \u2013 Medien \u2013 Aufkl\u00e4rung","link":"https:\/\/www.freidenker.org\/?cat=12"},"img":{"alt_text":"","src":"https:\/\/i0.wp.com\/www.freidenker.org\/fw17\/wp-content\/uploads\/2024\/03\/Punch_AfD_in_the_mouth_800x450-.jpg?fit=800%2C450&ssl=1&resize=350%2C200","width":350,"height":200,"srcset":"https:\/\/i0.wp.com\/www.freidenker.org\/fw17\/wp-content\/uploads\/2024\/03\/Punch_AfD_in_the_mouth_800x450-.jpg?fit=800%2C450&ssl=1&resize=350%2C200 1x, https:\/\/i0.wp.com\/www.freidenker.org\/fw17\/wp-content\/uploads\/2024\/03\/Punch_AfD_in_the_mouth_800x450-.jpg?fit=800%2C450&ssl=1&resize=525%2C300 1.5x, https:\/\/i0.wp.com\/www.freidenker.org\/fw17\/wp-content\/uploads\/2024\/03\/Punch_AfD_in_the_mouth_800x450-.jpg?fit=800%2C450&ssl=1&resize=700%2C400 2x"},"classes":[]},{"id":23570,"url":"https:\/\/www.freidenker.org\/?p=23570","url_meta":{"origin":19209,"position":4},"title":"Der Bundestag, die &#8222;Desinformation&#8220; und die &#8222;Kriegst\u00fcchtigkeit&#8220;","author":"Webredaktion","date":"15. November 2025","format":false,"excerpt":"Beitrag von Dagmar Henn Manchmal sind es die gr\u00f6\u00dferen Zusammenh\u00e4nge, die pl\u00f6tzlich aus ernsten Dingen komische machen. Wie bei folgenden S\u00e4tzen: \"Unter Desinformation versteht der Verfasser die gezielte Verbreitung falscher oder irref\u00fchrender Informationen, um Wahrnehmungen, Einstellungen oder Entscheidungen zu beeinflussen. Sie liegt vor, wenn Inhalte objektiv unzutreffend sind, der Urheber\u2026","rel":"","context":"In &quot;Demokratie \u2013 Medien \u2013 Aufkl\u00e4rung&quot;","block_context":{"text":"Demokratie \u2013 Medien \u2013 Aufkl\u00e4rung","link":"https:\/\/www.freidenker.org\/?cat=12"},"img":{"alt_text":"","src":"https:\/\/i0.wp.com\/www.freidenker.org\/fw17\/wp-content\/uploads\/2025\/11\/Bundestag_FakeNews_800x450.jpg?fit=800%2C450&ssl=1&resize=350%2C200","width":350,"height":200,"srcset":"https:\/\/i0.wp.com\/www.freidenker.org\/fw17\/wp-content\/uploads\/2025\/11\/Bundestag_FakeNews_800x450.jpg?fit=800%2C450&ssl=1&resize=350%2C200 1x, https:\/\/i0.wp.com\/www.freidenker.org\/fw17\/wp-content\/uploads\/2025\/11\/Bundestag_FakeNews_800x450.jpg?fit=800%2C450&ssl=1&resize=525%2C300 1.5x, https:\/\/i0.wp.com\/www.freidenker.org\/fw17\/wp-content\/uploads\/2025\/11\/Bundestag_FakeNews_800x450.jpg?fit=800%2C450&ssl=1&resize=700%2C400 2x"},"classes":[]},{"id":13986,"url":"https:\/\/www.freidenker.org\/?p=13986","url_meta":{"origin":19209,"position":5},"title":"Eine schwarze Liste der Ukraine","author":"Webredaktion","date":"17. August 2022","format":false,"excerpt":"Eine Stellungnehme von Wolfgang Bittner Das ukrainische Zentrum zur Desinformationsbek\u00e4mpfung (CCD) hat eine Schwarze Liste ver\u00f6ffentlicht, auf der 72 Pers\u00f6nlichkeiten des \u00f6ffentlichen Lebens stehen, die sich zum Ukraine-Konflikt ge\u00e4u\u00dfert haben und angeblich \u201eNarrative f\u00f6rdern, die mit der russischen Propaganda \u00fcbereinstimmen\u201c. Das CCD untersteht dem Nationalen Sicherheits- und Verteidigungsrat des ukrainischen\u2026","rel":"","context":"In &quot;Demokratie \u2013 Medien \u2013 Aufkl\u00e4rung&quot;","block_context":{"text":"Demokratie \u2013 Medien \u2013 Aufkl\u00e4rung","link":"https:\/\/www.freidenker.org\/?cat=12"},"img":{"alt_text":"","src":"https:\/\/i0.wp.com\/www.freidenker.org\/fw17\/wp-content\/uploads\/2022\/08\/schwarze_liste_800x450.jpg?fit=800%2C450&ssl=1&resize=350%2C200","width":350,"height":200,"srcset":"https:\/\/i0.wp.com\/www.freidenker.org\/fw17\/wp-content\/uploads\/2022\/08\/schwarze_liste_800x450.jpg?fit=800%2C450&ssl=1&resize=350%2C200 1x, https:\/\/i0.wp.com\/www.freidenker.org\/fw17\/wp-content\/uploads\/2022\/08\/schwarze_liste_800x450.jpg?fit=800%2C450&ssl=1&resize=525%2C300 1.5x, https:\/\/i0.wp.com\/www.freidenker.org\/fw17\/wp-content\/uploads\/2022\/08\/schwarze_liste_800x450.jpg?fit=800%2C450&ssl=1&resize=700%2C400 2x"},"classes":[]}],"_links":{"self":[{"href":"https:\/\/www.freidenker.org\/index.php?rest_route=\/wp\/v2\/posts\/19209","targetHints":{"allow":["GET"]}}],"collection":[{"href":"https:\/\/www.freidenker.org\/index.php?rest_route=\/wp\/v2\/posts"}],"about":[{"href":"https:\/\/www.freidenker.org\/index.php?rest_route=\/wp\/v2\/types\/post"}],"author":[{"embeddable":true,"href":"https:\/\/www.freidenker.org\/index.php?rest_route=\/wp\/v2\/users\/3"}],"replies":[{"embeddable":true,"href":"https:\/\/www.freidenker.org\/index.php?rest_route=%2Fwp%2Fv2%2Fcomments&post=19209"}],"version-history":[{"count":0,"href":"https:\/\/www.freidenker.org\/index.php?rest_route=\/wp\/v2\/posts\/19209\/revisions"}],"wp:featuredmedia":[{"embeddable":true,"href":"https:\/\/www.freidenker.org\/index.php?rest_route=\/wp\/v2\/media\/19213"}],"wp:attachment":[{"href":"https:\/\/www.freidenker.org\/index.php?rest_route=%2Fwp%2Fv2%2Fmedia&parent=19209"}],"wp:term":[{"taxonomy":"category","embeddable":true,"href":"https:\/\/www.freidenker.org\/index.php?rest_route=%2Fwp%2Fv2%2Fcategories&post=19209"},{"taxonomy":"post_tag","embeddable":true,"href":"https:\/\/www.freidenker.org\/index.php?rest_route=%2Fwp%2Fv2%2Ftags&post=19209"}],"curies":[{"name":"wp","href":"https:\/\/api.w.org\/{rel}","templated":true}]}}