{"id":19181,"date":"2024-05-25T15:53:43","date_gmt":"2024-05-25T13:53:43","guid":{"rendered":"https:\/\/www.freidenker.org\/?p=19181"},"modified":"2024-06-14T13:22:20","modified_gmt":"2024-06-14T11:22:20","slug":"immanuel-kants-300-geburtstag-teil-2","status":"publish","type":"post","link":"https:\/\/www.freidenker.org\/?p=19181","title":{"rendered":"Immanuel Kants 300. Geburtstag &#8211; Teil 2"},"content":{"rendered":"<h4>Teil 2: <strong>Reiseimpressionen aus Kaliningrad (ehemals K\u00f6nigsberg)<\/strong><\/h4>\n<p><em>Ein Kommentar von\u00a0<strong>Wolfgang Effenberger<\/strong><\/em><\/p>\n<p><span style=\"font-size: 10pt;\">auch ver\u00f6ffentlicht als Tagesdosis vom 23.05.2024 auf <a href=\"https:\/\/apolut.net\/immanuel-kants-300-geburtstag-teil-2-von-wolfgang-effenberger\/\" target=\"_blank\" rel=\"noopener\">apolut.net<\/a><br \/>\n<\/span><span style=\"font-size: 10pt;\">\u2192 Link zum ersten Teil: <a href=\"https:\/\/www.freidenker.org\/?p=19134\" target=\"_blank\" rel=\"noopener\">https:\/\/www.freidenker.org\/?p=19134<\/a><\/span><\/p>\n<p>Der Beitrag ist auch als Audiopodcast verf\u00fcgbar:<\/p>\n<audio class=\"wp-audio-shortcode\" id=\"audio-19181-1\" preload=\"none\" style=\"width: 100%;\" controls=\"controls\"><source type=\"audio\/mpeg\" src=\"https:\/\/apolut.net\/multimedia_apolut\/podcast\/tagesdosis-20240523-apolut.mp3?_=1\" \/><a href=\"https:\/\/apolut.net\/multimedia_apolut\/podcast\/tagesdosis-20240523-apolut.mp3\">https:\/\/apolut.net\/multimedia_apolut\/podcast\/tagesdosis-20240523-apolut.mp3<\/a><\/audio>\n<p><span style=\"font-size: 10pt;\">Bereitgestellt von\u00a0<a href=\"https:\/\/apolut.net\/immanuel-kants-300-geburtstag-teil-2-von-wolfgang-effenberger\/\" target=\"_blank\" rel=\"noopener\">apolut.net<\/a><\/span><br \/>\n<span style=\"font-size: 10pt;\"><a href=\"https:\/\/apolut.net\/multimedia_apolut\/podcast\/tagesdosis-20240523-apolut.mp3\" target=\"_blank\" rel=\"noopener\">Download<\/a><\/span><\/p>\n<p>&nbsp;<\/p>\n<p>Am 22. April 2024, dem 300sten Geburtstag von Immanuel Kant, sollte neben anderen Veranstaltungen die 1. Internationale Konferenz \u201c<em>Zum ewigen Frieden\u201d<\/em> in K\u00f6nigsberg \/ Kaliningrad stattfinden.<\/p>\n<p><a href=\"https:\/\/i0.wp.com\/www.freidenker.org\/fw17\/wp-content\/uploads\/2024\/05\/effenberger_kant2_01.jpg?ssl=1\"><img data-recalc-dims=\"1\" loading=\"lazy\" decoding=\"async\" data-attachment-id=\"19188\" data-permalink=\"https:\/\/www.freidenker.org\/?attachment_id=19188\" data-orig-file=\"https:\/\/i0.wp.com\/www.freidenker.org\/fw17\/wp-content\/uploads\/2024\/05\/effenberger_kant2_01.jpg?fit=1121%2C595&amp;ssl=1\" data-orig-size=\"1121,595\" data-comments-opened=\"0\" data-image-meta=\"{&quot;aperture&quot;:&quot;0&quot;,&quot;credit&quot;:&quot;&quot;,&quot;camera&quot;:&quot;&quot;,&quot;caption&quot;:&quot;&quot;,&quot;created_timestamp&quot;:&quot;0&quot;,&quot;copyright&quot;:&quot;&quot;,&quot;focal_length&quot;:&quot;0&quot;,&quot;iso&quot;:&quot;0&quot;,&quot;shutter_speed&quot;:&quot;0&quot;,&quot;title&quot;:&quot;&quot;,&quot;orientation&quot;:&quot;1&quot;}\" data-image-title=\"effenberger_kant2_01\" data-image-description=\"\" data-image-caption=\"\" data-large-file=\"https:\/\/i0.wp.com\/www.freidenker.org\/fw17\/wp-content\/uploads\/2024\/05\/effenberger_kant2_01.jpg?fit=800%2C425&amp;ssl=1\" class=\"alignnone wp-image-19188 size-large\" src=\"https:\/\/i0.wp.com\/www.freidenker.org\/fw17\/wp-content\/uploads\/2024\/05\/effenberger_kant2_01.jpg?resize=800%2C425&#038;ssl=1\" alt=\"\" width=\"800\" height=\"425\" srcset=\"https:\/\/i0.wp.com\/www.freidenker.org\/fw17\/wp-content\/uploads\/2024\/05\/effenberger_kant2_01.jpg?resize=1024%2C544&amp;ssl=1 1024w, https:\/\/i0.wp.com\/www.freidenker.org\/fw17\/wp-content\/uploads\/2024\/05\/effenberger_kant2_01.jpg?resize=300%2C159&amp;ssl=1 300w, https:\/\/i0.wp.com\/www.freidenker.org\/fw17\/wp-content\/uploads\/2024\/05\/effenberger_kant2_01.jpg?resize=768%2C408&amp;ssl=1 768w, https:\/\/i0.wp.com\/www.freidenker.org\/fw17\/wp-content\/uploads\/2024\/05\/effenberger_kant2_01.jpg?w=1121&amp;ssl=1 1121w\" sizes=\"auto, (max-width: 800px) 100vw, 800px\" \/><\/a><\/p>\n<p>Wolfgang Effenberger war eingeladen, einen Kurzvortrag zur aktuellen Lage und zu Kants Vision eines Weltfriedens zu halten. Die Philosophin und ehemalige BR-Sprecherin Beate Himmelsto\u00df hatte einen Vortrag zum philosophischen Aspekt von Kants Friedensschrift vorbereitet. Und der Komponist Rainer Bartesch hatte f\u00fcr diese Konferenz die eigens daf\u00fcr komponierte orchestrale Tondichtung, <em>\u201cAurora Pacis \u2013 Morgenr\u00f6te des Weltfriedens\u201d<\/em> beigesteuert, die das Kaliningrader Sinfonieorchester unter der Leitung von Arkady Feldman urauff\u00fchren wollte. Keine 2 Tage vor Abreise wurde die Veranstaltung vom Kaliningrader Gouverneur Anton Alichanow abgesagt. Was tun? Fahrkarten und Visum verfallen lassen? Nein, das w\u00e4re zu schade!<\/p>\n<p>Also traf sich die kleine Gruppe aus Bayern am Abend des 19. April mit ihrem Ansprechpartner Uli Hoppe (\u201eBerliner Freunde der V\u00f6lker Russlands\u201c) und dem Liedermacher Tino Eisbrenner in Berlin, um sich dann am Morgen darauf im Kleinbus des S\u00e4ngers und unter sachkundiger F\u00fchrung von Ulrich Hoppe auf den Weg nach Kaliningrad (ehemals K\u00f6nigsberg) zu machen. Trotz deutlicher Verz\u00f6gerungstaktik an der polnisch-russischen Grenze, die zu einer insgesamt 5-st\u00fcndigen Wartezeit f\u00fchrte, blieb die Stimmung im Team ungetr\u00fcbt.<\/p>\n<p>Der 21. April wurde nun zum Ausflug in das mond\u00e4ne Seebad Selenogradsk (bis 1947 deutsch\u00a0Cranz) genutzt, ein Badeort an der Samlandk\u00fcste in der russischen Oblast Kaliningrad, im ehemaligen Ostpreu\u00dfen. Einblicke in das russische Leben vermittelte Olga Sholmova, unsere russische Fremdenf\u00fchrerin und Kant-Expertin.<\/p>\n<p>Sp\u00e4tabends fand zu Ehren Kants im Kaliningrader Dom f\u00fcr 300 geladene G\u00e4ste eine musikalisch begleitete Lesung <em>\u201cKant und die Musik\u201d<\/em> statt. Um Mitternacht wurde gemeinsam mit Sekt auf Kants Geburtstag angesto\u00dfen. Zudem konnten die Zuh\u00f6rer das in den 1990er Jahren im Dom auf mehreren Etagen eingerichtete Kant-Museum besichtigen.<\/p>\n<p>Am n\u00e4chsten Tag, Kants 300. Geburtstag, trafen sich weitere Berliner Freunde Russlands, um auf dem Campus der Kant-Universit\u00e4t am Kant-Denkmal Blumen abzulegen.<\/p>\n<p>Nachdem sich der Vorplatz geleert hatte, hielt Wolfgang Effenberger am Denkmal von Kant bei leichtem Schneeregen spontan seinen f\u00fcr die Konferenz vorbereiteten 15-min\u00fctigen Redebeitrag, der von Rainer Bartesch aufgezeichnet wurde. Er ist \u00fcberschrieben:<\/p>\n<h5><em>\u201cDie UN-Charta \u2013 Anspruch und Wirklichkeit\u201d<\/em><\/h5>\n<p>Dieses Thema wurde gew\u00e4hlt, da sich die Kantischen Vorschl\u00e4ge zum internationalen V\u00f6lkerrecht durch die UN-Charta ziehen, obwohl sich diese an keiner Stelle explizit auf Kant beruft.<\/p>\n<p>Im April 1945 \u2013 kurz vor dem Ende des Zweiten Weltkriegs \u2013 hatten sich Vertreter von 51 Staaten im Opernhaus von San Francisco versammelt, um die Gr\u00fcndung der Vereinten Nationen vorzubereiten.<\/p>\n<p>In der Einladung zur Gr\u00fcndungskonferenz war das Ziel dieser zu schaffenden Organisation fest umrissen: <em>\u201eAufrechterhaltung des Weltfriedens und der internationalen Sicherheit\u201c<\/em>.(1)<\/p>\n<p>Doch wie sollte etwas aufrechterhalten werden, was es bis dahin noch nicht gegeben hatte?<\/p>\n<p>F\u00fcr Weltfrieden und internationale Sicherheit musste erst ein neuer Rahmen geschaffen werden: die \u201cCharta der Vereinten Nationen\u201d \u2013 ein Regelwerk, in dem sich die beteiligten Nationen bei offizieller Gleichberechtigung zu einer friedlichen Regelung aller internationalen Streitfragen verpflichteten.<\/p>\n<p>Mit Recht kann die UN-Charta als <em>\u201ejuristische Ausformulierung Kantischer Gedanken\u201c<\/em>(2) bezeichnet werden. <em>\u201eKants Friedensschrift bildet einen wesentlichen Teil der Theoriegeschichte von V\u00f6lkerbund und Vereinten Nationen.\u201c<\/em>(3) Kants Friedensentwurf leitete eine breite Friedensdiskussion in Deutschland und im Ausland ein. Bereits in den Folgejahren nach seiner Erscheinung 1795 wurde die deutsche Ausgabe ins Franz\u00f6sische, Englische und D\u00e4nische \u00fcbersetzt. Allein w\u00e4hrend der Romantik beteiligten sich 75 namhafte Autoren wie Fichte, Schlegel und Hegel sowie Jean Paul, Herder, Novalis und H\u00f6lderlin am Diskurs um Kants Schrift.<\/p>\n<p>Die Charta der Vereinten Nationen gab Hoffnung, dass der ewige Frieden <em>\u201ekeine leere Idee, sondern eine Aufgabe ist, die, nach und nach aufgel\u00f6st, ihrem Ziele [\u2026] best\u00e4ndig n\u00e4her kommt[..]\u201c<\/em>(4).<\/p>\n<p>Doch diese Hoffnung war kaum mehr als tr\u00fcgerischer Schein. Bereits am 19. Dezember 1949, wenige Monate nach Gr\u00fcndung der NATO im April 1949, setzten die USA den Kriegsplan DROPSHOT in Kraft. Er sollte 1957 \u2013 mit der Remilitarisierung Westdeutschlands \u2013 umgesetzt werden: Die umfassende Zerst\u00f6rung der Sowjetunion.<\/p>\n<p>Als dann 1957 die Sowjets den Satelliten Sputnik in eine Umlaufbahn bringen konnten, wurde der Krieg vertagt. Weitere Kriegsplanungen folgten und f\u00fchrten zum Teil zu Stellvertreterkriegen (Vietnam, Afghanistan, Irak, Syrien \u2026).<\/p>\n<p>Nur wenige Monate nach dem Maidan-Putsch im Februar 2014 wurde im darauffolgenden September das US-Langzeitstrategiedokument <em>\u201eWin in a Complex World 2020-2040\u201c<\/em> verabschiedet. Darin erhielten die US-Streitkr\u00e4fte den Auftrag, die Bedrohung durch Russland und China abzubauen. Im Oktober 2022 bekr\u00e4ftigte Biden diese Vorgaben noch durch die Absicht, weltweit einen dauerhaften Vorteil zu sichern. Die Welt strebt nun unaufh\u00f6rlich einem heute kaum vorstellbaren Inferno zu.<\/p>\n<p>Wolfgang Effenberger hielt seine vorbereitete Rede im Freien vor dem Kant-Denkmal in Kaliningrad. Diese Rede (im Anschluss die sinfonische Dichtung von Rainer Bartesch) kann hier angesehen werden:<\/p>\n<p><iframe loading=\"lazy\" src=\"https:\/\/player.vimeo.com\/video\/943394001?h=f06cdc59f4\" width=\"640\" height=\"360\" frameborder=\"0\" allowfullscreen=\"allowfullscreen\"><\/iframe><\/p>\n<p><span style=\"font-size: 10pt;\">Direktlink zum Video von Rainer Bartesch auf Vimeo.com: <a href=\"https:\/\/vimeo.com\/943394001\" target=\"_blank\" rel=\"noopener\">https:\/\/vimeo.com\/943394001<\/a><\/span><\/p>\n<p>Am Morgen des 23. April trafen sich der Komponist Rainer Bartesch, Tino Eisbrenner und Ulrich Hoppe in der Kaliningrader lutherischen Auferstehungskirche mit dem Bischof Sergei Holzwerth und Arkady Feldman, dem Dirigenten des Kaliningrader Sinfonie-Orchesters, um dennoch die M\u00f6glichkeit der Urauff\u00fchrung der sinfonischen Dichtung sowie einer k\u00fcnftigen Zusammenarbeit anzudenken. Spontan wurde f\u00fcr den Abend ein Konzert von Tino Eisbrenner in der Auferstehungskirche eingeplant. Am Nachmittag wurde eine Wanderung auf der Kurischen Nehrung unternommen \u2013 einem gut 40 km langen, schmalen Landstreifen (0,3 Kilometer bis 3,6 Kilometer breit) zwischen Haff und Ostsee, der sich im S\u00fcden ans Festland (Samland) anschlie\u00dft und im Norden an die M\u00fcndung der\u00a0Memel\u00a0grenzt. Eine atemberaubende D\u00fcnenlandschaft tat sich auf.<\/p>\n<h5>Spontankonzert von Tino Eisbrenner<\/h5>\n<p>Am Abend trat dann Tino Eisbrenner in der Auferstehungskirche auf. Zur \u00dcberraschung hatten sich einige Gemeindemitglieder, sowie zwei junge Damen aus Moskau eingefunden, die der Nachfolgeorganisation der \u201cdeutsch-sowjetischen Freundschaft\u201d angeh\u00f6ren und exzellent deutsch sprachen. Auch der Erzbischof war anwesend.<\/p>\n<p>Die von Tino Eisbrenner vorgetragenen Lieder bewegten die Besucher. Unvergessen wird allen Eisbrenners Ausf\u00fchrung sein, aus welcher Motivation heraus er die russischen Lieder \u00fcbersetzt und in Deutschland bekannt macht (Femida S. \u00fcbersetzte spontan ins Russische):<\/p>\n<p style=\"padding-left: 40px;\"><em>\u201eIch m\u00f6chte kurz erkl\u00e4ren, warum ich das mache, die russischen Lieder \u2013 vor allem im Moment russische Lieder ins Deutsche zu \u00fcbersetzen. Wir haben im Moment eine sehr schwierige politische Situation, die begann schon vor mehr als zehn Jahren. Pl\u00f6tzlich merkte ich als K\u00fcnstler und als Mensch, dass eine Kultur, die ich als Kind kennengelernt hatte, weil ich in der DDR geboren bin, n\u00e4mlich die russische Kultur, von der wir sehr viel erfahren haben \u2013 wir kannten die B\u00fccher, wir kannten die Filme, wir kannten die Kultur \u2013 in Deutschland immer weniger wurde und weniger und weniger. Und wir wissen, wenn man etwas nicht kennt, dann kommt die Angst vor dem Unbekannten. Und deswegen dachte ich, man muss als K\u00fcnstler, die Kunst muss verhindern, dass die russische Kultur in Deutschland verschwindet, dass sie unbekannt wird.<\/em><\/p>\n<p style=\"padding-left: 40px;\"><em>Genauso wie es wichtig ist und auch zum Beispiel in gro\u00dfen Konflikten, wie z. B. im zweiten Weltkrieg, wichtig war, dass die deutsche Kultur in Russland bekannt war; die deutsche Kultur hat uns eigentlich gerettet, z.B. im zweiten Weltkrieg.<\/em><\/p>\n<p style=\"padding-left: 40px;\"><em>Weil die Russen wussten, oder die Sowjets wussten, es sind nicht nur Barbaren, diese Deutschen, sondern wir haben auch Bach und Beethoven, Schiller, Goethe\u2026<\/em><\/p>\n<p style=\"padding-left: 40px;\"><em>Und um diese Br\u00fccke zu erhalten, habe ich also angefangen, russische Lieder, sowjetische Lieder ins Deutsche zu \u00fcbersetzen.<\/em><\/p>\n<p style=\"padding-left: 40px;\"><em>Ein gro\u00dfer Erfolg in Deutschland ist nat\u00fcrlich, wenn Leute zu mir kommen und sagen \u201cAh, was war denn das f\u00fcr ein sch\u00f6nes Lied?\u201d la-la-la-la-laaaa-la-laaaa<\/em><\/p>\n<p style=\"padding-left: 40px;\"><em>Und ich sage: \u201cein russisches!\u201d<\/em><\/p>\n<p style=\"padding-left: 40px;\"><em>Und so habe ich also in diesem Jahr auch mich mit Puschkin besch\u00e4ftigt und ein Puschkin \u2013 Programm, mit einem Musiker zusammen ein Puschkin-Programm entworfen, weil Puschkin 225 Jahre alt geworden w\u00e4re.<\/em><\/p>\n<p style=\"padding-left: 40px;\"><em>Und ich glaube, dass es wichtig ist, wenn es Orte auf der Welt gibt, wo man Puschkin-Denkm\u00e4ler kaputt macht und wegnimmt, dass dann Puschkin selbst zu Wort kommen kann, ob nun in Russland oder in Deutschland, oder \u00fcberall auf der Welt \u2013 die Kunst kann helfen, diese Br\u00fccke zu bauen.<\/em><\/p>\n<p style=\"padding-left: 40px;\"><em>Und so m\u00f6chte ich jetzt ein Lied singen, das eigentlich gar kein Lied war, sondern ein Gedicht von Puschkin. Ich hab das in unsere Sprache, ins Deutsche \u00fcbersetzt, dann kam eine Melodie dazu \u2013 und nun ist es ein Lied, und es ist zum Geburtstag von Puschkin am 6.6. in diesem Jahr.\u201c<\/em><\/p>\n<h5>Besuch des Kant-Museum in Wessjolowka (ehemals Judtschen)<\/h5>\n<p>Am letzten Tag der Reise nach Kaliningrad sollte es \u00fcber Tschernjachowsk (ehemals Insterburg) in der russischen Oblast Kaliningrad zum Kant-Museum in Wessjolowka (ehemals Judtschen \u2013 von 1938-1946 Kanthausen) gehen.<\/p>\n<p>Als Kants Vater 1744 schwer erkrankte und 1746 verstarb, musste Kant nicht nur f\u00fcr sein eigenes Auskommen, sondern auch f\u00fcr das zweier j\u00fcngerer Geschwister sorgen. Der \u201eStudiosus philosophiae\u201c verlie\u00df 22j\u00e4hrig K\u00f6nigsberg und nahm Anstellungen als\u00a0Hauslehrer\u00a0an, zun\u00e4chst bis etwa 1750 bei dem reformierten Prediger Daniel Ernst Andersch (t\u00e4tig 1728\u20131771 in Judtschen\u00a0(geh\u00f6rte damals zu\u00a0Gumbinnen), einer Schweizer Kolonie meist franz\u00f6sisch sprechender Siedler.(5) Die Kirche in Judtschen gilt als erste franz\u00f6sisch-reformierte Kirche(6) in Preu\u00dfen. Der Gottesdienst wurde zweisprachig abgehalten.) Der Student unterrichtete auch die S\u00f6hne des dortigen Schulmeisters Johann Jacob Challet. Judtschen war einer der wenigen Orte\u00a0au\u00dferhalb K\u00f6nigsbergs, die Kant im Verlauf seines Lebens besucht hat. Nach 1945 wurde das Gotteshaus landwirtschaftlich genutzt und sp\u00e4ter als Steinbruch f\u00fcr Schweinestall- und Stra\u00dfenbau. 1985 wurden die letzten Reste abgetragen. Als russische Medien 2013 \u00fcber das verfallene Pfarrhaus berichteten, reagierte Russlands Pr\u00e4sident Wladimir Putin sofort.<\/p>\n<p>Putin\u00a0schlug vor, Kant zu einem Symbol des Kaliningrader Gebiets zu machen. Das russische Staatsoberhaupt erkl\u00e4rte, dass der Philosoph nicht nur in der Region, sondern f\u00fcr ganz Europa zu einer Symbolfigur geworden sei. Umgehend wurde beschlossen, das mehr als eine Autostunde von K\u00f6nigsberg entfernt gelegene Haus als Teil einer dem Philosophen gewidmeten Kultureinrichtung wieder aufzubauen. Das alte Pfarrhaus in Judtschen wurde in die Liste der in Russland vorhandenen Kulturerbe-Objekte aufgenommen.<\/p>\n<figure id=\"attachment_19186\" aria-describedby=\"caption-attachment-19186\" style=\"width: 748px\" class=\"wp-caption alignnone\"><a href=\"https:\/\/i0.wp.com\/www.freidenker.org\/fw17\/wp-content\/uploads\/2024\/05\/effenberger_kant2_03.jpg?ssl=1\"><img data-recalc-dims=\"1\" loading=\"lazy\" decoding=\"async\" data-attachment-id=\"19186\" data-permalink=\"https:\/\/www.freidenker.org\/?attachment_id=19186\" data-orig-file=\"https:\/\/i0.wp.com\/www.freidenker.org\/fw17\/wp-content\/uploads\/2024\/05\/effenberger_kant2_03.jpg?fit=748%2C562&amp;ssl=1\" data-orig-size=\"748,562\" data-comments-opened=\"0\" data-image-meta=\"{&quot;aperture&quot;:&quot;0&quot;,&quot;credit&quot;:&quot;&quot;,&quot;camera&quot;:&quot;&quot;,&quot;caption&quot;:&quot;&quot;,&quot;created_timestamp&quot;:&quot;0&quot;,&quot;copyright&quot;:&quot;&quot;,&quot;focal_length&quot;:&quot;0&quot;,&quot;iso&quot;:&quot;0&quot;,&quot;shutter_speed&quot;:&quot;0&quot;,&quot;title&quot;:&quot;&quot;,&quot;orientation&quot;:&quot;1&quot;}\" data-image-title=\"effenberger_kant2_03\" data-image-description=\"\" data-image-caption=\"\" data-large-file=\"https:\/\/i0.wp.com\/www.freidenker.org\/fw17\/wp-content\/uploads\/2024\/05\/effenberger_kant2_03.jpg?fit=748%2C562&amp;ssl=1\" class=\"wp-image-19186 size-full\" src=\"https:\/\/i0.wp.com\/www.freidenker.org\/fw17\/wp-content\/uploads\/2024\/05\/effenberger_kant2_03.jpg?resize=748%2C562&#038;ssl=1\" alt=\"\" width=\"748\" height=\"562\" srcset=\"https:\/\/i0.wp.com\/www.freidenker.org\/fw17\/wp-content\/uploads\/2024\/05\/effenberger_kant2_03.jpg?w=748&amp;ssl=1 748w, https:\/\/i0.wp.com\/www.freidenker.org\/fw17\/wp-content\/uploads\/2024\/05\/effenberger_kant2_03.jpg?resize=300%2C225&amp;ssl=1 300w\" sizes=\"auto, (max-width: 748px) 100vw, 748px\" \/><\/a><figcaption id=\"caption-attachment-19186\" class=\"wp-caption-text\"><span style=\"font-size: 10pt;\">Links versetzt das neue G\u00e4stehaus (Fertigstellung zum 300. Geburtstags Kants)<\/span><\/figcaption><\/figure>\n<p>Die gelungenen Rekonstruktionsarbeiten hat eine Spezialfirma aus Moskau ausgef\u00fchrt. Im August 2018 konnte das Museum er\u00f6ffnet werden. Und rechtzeitig zu Kants 300. Geburtstag wurde das einladende G\u00e4stehaus in Fachwerkbauweise fertiggestellt. Diese positive Entwicklung hat leider bisher nur wenig Aufmerksamkeit bzw. gar keine in der deutschen \u00d6ffentlichkeit gefunden.<\/p>\n<p>Die profunde Ausstellung \u00fcberraschte mit Seiten von Kant, die vielen von uns nicht bekannt waren. So die technischen Zeichnungen und akribischen Naturbeobachtungen (wie hier am Beispiel der Offenen Wasserlilie):<\/p>\n<p><a href=\"https:\/\/i0.wp.com\/www.freidenker.org\/fw17\/wp-content\/uploads\/2024\/05\/effenberger_kant2_04.jpg?ssl=1\"><img data-recalc-dims=\"1\" loading=\"lazy\" decoding=\"async\" data-attachment-id=\"19185\" data-permalink=\"https:\/\/www.freidenker.org\/?attachment_id=19185\" data-orig-file=\"https:\/\/i0.wp.com\/www.freidenker.org\/fw17\/wp-content\/uploads\/2024\/05\/effenberger_kant2_04.jpg?fit=436%2C640&amp;ssl=1\" data-orig-size=\"436,640\" data-comments-opened=\"0\" data-image-meta=\"{&quot;aperture&quot;:&quot;0&quot;,&quot;credit&quot;:&quot;&quot;,&quot;camera&quot;:&quot;&quot;,&quot;caption&quot;:&quot;&quot;,&quot;created_timestamp&quot;:&quot;0&quot;,&quot;copyright&quot;:&quot;&quot;,&quot;focal_length&quot;:&quot;0&quot;,&quot;iso&quot;:&quot;0&quot;,&quot;shutter_speed&quot;:&quot;0&quot;,&quot;title&quot;:&quot;&quot;,&quot;orientation&quot;:&quot;1&quot;}\" data-image-title=\"effenberger_kant2_04\" data-image-description=\"\" data-image-caption=\"\" data-large-file=\"https:\/\/i0.wp.com\/www.freidenker.org\/fw17\/wp-content\/uploads\/2024\/05\/effenberger_kant2_04.jpg?fit=436%2C640&amp;ssl=1\" class=\"alignnone wp-image-19185 size-full\" src=\"https:\/\/i0.wp.com\/www.freidenker.org\/fw17\/wp-content\/uploads\/2024\/05\/effenberger_kant2_04.jpg?resize=436%2C640&#038;ssl=1\" alt=\"\" width=\"436\" height=\"640\" srcset=\"https:\/\/i0.wp.com\/www.freidenker.org\/fw17\/wp-content\/uploads\/2024\/05\/effenberger_kant2_04.jpg?w=436&amp;ssl=1 436w, https:\/\/i0.wp.com\/www.freidenker.org\/fw17\/wp-content\/uploads\/2024\/05\/effenberger_kant2_04.jpg?resize=204%2C300&amp;ssl=1 204w\" sizes=\"auto, (max-width: 436px) 100vw, 436px\" \/><\/a><\/p>\n<p><a href=\"https:\/\/i0.wp.com\/www.freidenker.org\/fw17\/wp-content\/uploads\/2024\/05\/effenberger_kant2_05.jpg?ssl=1\"><img data-recalc-dims=\"1\" loading=\"lazy\" decoding=\"async\" data-attachment-id=\"19184\" data-permalink=\"https:\/\/www.freidenker.org\/?attachment_id=19184\" data-orig-file=\"https:\/\/i0.wp.com\/www.freidenker.org\/fw17\/wp-content\/uploads\/2024\/05\/effenberger_kant2_05.jpg?fit=999%2C837&amp;ssl=1\" data-orig-size=\"999,837\" data-comments-opened=\"0\" data-image-meta=\"{&quot;aperture&quot;:&quot;0&quot;,&quot;credit&quot;:&quot;&quot;,&quot;camera&quot;:&quot;&quot;,&quot;caption&quot;:&quot;&quot;,&quot;created_timestamp&quot;:&quot;0&quot;,&quot;copyright&quot;:&quot;&quot;,&quot;focal_length&quot;:&quot;0&quot;,&quot;iso&quot;:&quot;0&quot;,&quot;shutter_speed&quot;:&quot;0&quot;,&quot;title&quot;:&quot;&quot;,&quot;orientation&quot;:&quot;1&quot;}\" data-image-title=\"effenberger_kant2_05\" data-image-description=\"\" data-image-caption=\"\" data-large-file=\"https:\/\/i0.wp.com\/www.freidenker.org\/fw17\/wp-content\/uploads\/2024\/05\/effenberger_kant2_05.jpg?fit=800%2C670&amp;ssl=1\" class=\"alignnone wp-image-19184\" src=\"https:\/\/i0.wp.com\/www.freidenker.org\/fw17\/wp-content\/uploads\/2024\/05\/effenberger_kant2_05.jpg?resize=800%2C670&#038;ssl=1\" alt=\"\" width=\"800\" height=\"670\" srcset=\"https:\/\/i0.wp.com\/www.freidenker.org\/fw17\/wp-content\/uploads\/2024\/05\/effenberger_kant2_05.jpg?w=999&amp;ssl=1 999w, https:\/\/i0.wp.com\/www.freidenker.org\/fw17\/wp-content\/uploads\/2024\/05\/effenberger_kant2_05.jpg?resize=300%2C251&amp;ssl=1 300w, https:\/\/i0.wp.com\/www.freidenker.org\/fw17\/wp-content\/uploads\/2024\/05\/effenberger_kant2_05.jpg?resize=768%2C643&amp;ssl=1 768w\" sizes=\"auto, (max-width: 800px) 100vw, 800px\" \/><\/a><\/p>\n<p><em>Auch wurden Kants Zeitgenossen ins Bild ger\u00fcckt:<\/em><\/p>\n<ul>\n<li>Gotthelf Ephraim Lessing (1729-1781)<\/li>\n<li>Johann Gottfried Herder (1744-1803)<\/li>\n<li>[Johann Christoph] Friedrich Schiller (1759-1805)<\/li>\n<\/ul>\n<p>Leider gibt es keine deutschen Texte, sondern neben den russischen nur wenige englische Erkl\u00e4rungen. (\u2026)<\/p>\n<p><a href=\"https:\/\/i0.wp.com\/www.freidenker.org\/fw17\/wp-content\/uploads\/2024\/05\/effenberger_kant2_06.jpg?ssl=1\"><img data-recalc-dims=\"1\" loading=\"lazy\" decoding=\"async\" data-attachment-id=\"19183\" data-permalink=\"https:\/\/www.freidenker.org\/?attachment_id=19183\" data-orig-file=\"https:\/\/i0.wp.com\/www.freidenker.org\/fw17\/wp-content\/uploads\/2024\/05\/effenberger_kant2_06.jpg?fit=1029%2C531&amp;ssl=1\" data-orig-size=\"1029,531\" data-comments-opened=\"0\" data-image-meta=\"{&quot;aperture&quot;:&quot;0&quot;,&quot;credit&quot;:&quot;&quot;,&quot;camera&quot;:&quot;&quot;,&quot;caption&quot;:&quot;&quot;,&quot;created_timestamp&quot;:&quot;0&quot;,&quot;copyright&quot;:&quot;&quot;,&quot;focal_length&quot;:&quot;0&quot;,&quot;iso&quot;:&quot;0&quot;,&quot;shutter_speed&quot;:&quot;0&quot;,&quot;title&quot;:&quot;&quot;,&quot;orientation&quot;:&quot;1&quot;}\" data-image-title=\"effenberger_kant2_06\" data-image-description=\"\" data-image-caption=\"\" data-large-file=\"https:\/\/i0.wp.com\/www.freidenker.org\/fw17\/wp-content\/uploads\/2024\/05\/effenberger_kant2_06.jpg?fit=800%2C413&amp;ssl=1\" class=\"alignnone wp-image-19183 size-large\" src=\"https:\/\/i0.wp.com\/www.freidenker.org\/fw17\/wp-content\/uploads\/2024\/05\/effenberger_kant2_06.jpg?resize=800%2C413&#038;ssl=1\" alt=\"\" width=\"800\" height=\"413\" srcset=\"https:\/\/i0.wp.com\/www.freidenker.org\/fw17\/wp-content\/uploads\/2024\/05\/effenberger_kant2_06.jpg?resize=1024%2C528&amp;ssl=1 1024w, https:\/\/i0.wp.com\/www.freidenker.org\/fw17\/wp-content\/uploads\/2024\/05\/effenberger_kant2_06.jpg?resize=300%2C155&amp;ssl=1 300w, https:\/\/i0.wp.com\/www.freidenker.org\/fw17\/wp-content\/uploads\/2024\/05\/effenberger_kant2_06.jpg?resize=768%2C396&amp;ssl=1 768w, https:\/\/i0.wp.com\/www.freidenker.org\/fw17\/wp-content\/uploads\/2024\/05\/effenberger_kant2_06.jpg?w=1029&amp;ssl=1 1029w\" sizes=\"auto, (max-width: 800px) 100vw, 800px\" \/><\/a><\/p>\n<p>Der Besuch dieses Kant-Museums war sicherlich eine der \u00dcberraschungen auf den Besichtigungen in und um Kaliningrad:<\/p>\n<blockquote><p><em>\u201eEin wunderbar konzipiertes Haus der Kontemplation und der Besinnung auf unsere Wurzeln \u2013 vielen Dank daf\u00fcr. Wir w\u00fcnschen diesem Haus und seinem G\u00e4stehaus viele interessierte Besucher und ein reges Geistesleben!\u201c<\/em>(7)<\/p><\/blockquote>\n<figure id=\"attachment_19182\" aria-describedby=\"caption-attachment-19182\" style=\"width: 800px\" class=\"wp-caption alignnone\"><img data-recalc-dims=\"1\" loading=\"lazy\" decoding=\"async\" data-attachment-id=\"19182\" data-permalink=\"https:\/\/www.freidenker.org\/?attachment_id=19182\" data-orig-file=\"https:\/\/i0.wp.com\/www.freidenker.org\/fw17\/wp-content\/uploads\/2024\/05\/effenberger_kant2_07.jpg?fit=892%2C574&amp;ssl=1\" data-orig-size=\"892,574\" data-comments-opened=\"0\" data-image-meta=\"{&quot;aperture&quot;:&quot;0&quot;,&quot;credit&quot;:&quot;&quot;,&quot;camera&quot;:&quot;&quot;,&quot;caption&quot;:&quot;&quot;,&quot;created_timestamp&quot;:&quot;0&quot;,&quot;copyright&quot;:&quot;&quot;,&quot;focal_length&quot;:&quot;0&quot;,&quot;iso&quot;:&quot;0&quot;,&quot;shutter_speed&quot;:&quot;0&quot;,&quot;title&quot;:&quot;&quot;,&quot;orientation&quot;:&quot;1&quot;}\" data-image-title=\"effenberger_kant2_07\" data-image-description=\"\" data-image-caption=\"\" data-large-file=\"https:\/\/i0.wp.com\/www.freidenker.org\/fw17\/wp-content\/uploads\/2024\/05\/effenberger_kant2_07.jpg?fit=800%2C515&amp;ssl=1\" class=\"wp-image-19182\" src=\"https:\/\/i0.wp.com\/www.freidenker.org\/fw17\/wp-content\/uploads\/2024\/05\/effenberger_kant2_07.jpg?resize=800%2C515&#038;ssl=1\" alt=\"\" width=\"800\" height=\"515\" srcset=\"https:\/\/i0.wp.com\/www.freidenker.org\/fw17\/wp-content\/uploads\/2024\/05\/effenberger_kant2_07.jpg?w=892&amp;ssl=1 892w, https:\/\/i0.wp.com\/www.freidenker.org\/fw17\/wp-content\/uploads\/2024\/05\/effenberger_kant2_07.jpg?resize=300%2C193&amp;ssl=1 300w, https:\/\/i0.wp.com\/www.freidenker.org\/fw17\/wp-content\/uploads\/2024\/05\/effenberger_kant2_07.jpg?resize=768%2C494&amp;ssl=1 768w\" sizes=\"auto, (max-width: 800px) 100vw, 800px\" \/><figcaption id=\"caption-attachment-19182\" class=\"wp-caption-text\"><span style=\"font-size: 10pt;\">Eintrag in das G\u00e4stebuch im Kant-Museum<\/span><\/figcaption><\/figure>\n<p>Nur schade, dass dieses \u00fcber eine Autostunde von Kaliningrad entfernte Juwel aufgrund der Entfernung und der negativen \u00c4u\u00dferungen des Gouverneurs \u00fcber Kant wohl nicht den verdienten touristischen Zuspruch hat.<\/p>\n<p style=\"text-align: right;\"><em>Wolfgang Effenberger ist Mitglied des Deutschen Freidenker-Verbandes und seines Beirats<\/em><\/p>\n<h3>Anmerkungen und Quellen<\/h3>\n<p>1) Siehe auch Wolfgang Effenberger: Geo-Imperialismus Die Zerst\u00f6rung der Welt. Rottenburg 2016, Unterkapitel Immanuels Kants philosophischer Entwurf eines respektvollen V\u00f6lkerrechts, S. 313-325<\/p>\n<p>2) \u201eH\u00f6ffe, Otfried\u00a0(Hg.) (1995):\u00a0<em>Zum ewigen Frieden.<\/em>, Berlin 1995, S. 250<\/p>\n<p>3) Ebda., S.114<\/p>\n<p>4) Kant, Immanuel (1795):\u00a0<em>Zum ewigen Frieden<\/em>; in: Weischedel, Wilhelm (1977), S. 251<\/p>\n<p>5) Sp\u00e4ter war er bis etwa 1753 Hauslehrer auf dem Gut des Majors Bernhard Friedrich von H\u00fclsen auf Gro\u00df-Arnsdorf bei Mohrungen (etwa 44 Kilometer s\u00fcd\u00f6stlich von Elbing (Elbl\u0105g) und 38 Kilometer nordwestlich von Allenstein (Olsztyn).<br \/>\nSeine dritte Stelle fand er nahe K\u00f6nigsberg auf dem Schloss\u00a0Waldburg-Capustigall\u00a0bei der Familie\u00a0Keyserlingk, die ihm auch Zugang zur h\u00f6heren Gesellschaft K\u00f6nigsbergs erm\u00f6glichte<\/p>\n<p>6) Die Kirche in Judtschen in Ostpreu\u00dfen wurde von 1725 bis 1727 als Ziegelbau mit Holzturm errichtet.<\/p>\n<p>7) G\u00e4stebucheintrag der Philosophin Beate Himmelsto\u00df vom 24. April 2024<\/p>\n<p>&nbsp;<\/p>\n<hr \/>\n<p><span style=\"font-size: 10pt;\">Fotos im Text: Wolfgang Effenberger<\/span><\/p>\n<p><span style=\"font-size: 10pt;\">Bild oben: Wolfgang Effenberger vor dem Kant-Denkmal auf dem Campus der Kant-Universit\u00e4t in Kaliningrad<br \/>\nFoto: n.n.<\/span><\/p>\n","protected":false},"excerpt":{"rendered":"<p><b>Teil 2: Reiseimpressionen aus Kaliningrad (ehemals K\u00f6nigsberg)<\/b><br \/>\n<b>Ein Kommentar von Wolfgang Effenberger<\/b><br \/>\nAm 22. April 2024, dem 300sten Geburtstag von Immanuel Kant, sollte neben anderen Veranstaltungen die 1. Internationale Konferenz \u201cZum ewigen Frieden\u201d in K\u00f6nigsberg \/ Kaliningrad stattfinden. Wolfgang Effenberger war eingeladen, einen Kurzvortrag zur aktuellen Lage und zu Kants Vision eines Weltfriedens zu halten. Die Philosophin und ehemalige BR-Sprecherin Beate Himmelsto\u00df hatte einen Vortrag zum philosophischen Aspekt von Kants Friedensschrift vorbereitet. Und der Komponist Rainer Bartesch hatte f\u00fcr diese Konferenz die eigens daf\u00fcr komponierte orchestrale Tondichtung, \u201cAurora Pacis \u2013 Morgenr\u00f6te des Weltfriedens\u201d beigesteuert, die das Kaliningrader Sinfonieorchester unter der Leitung von Arkady Feldman urauff\u00fchren wollte. Keine 2 Tage vor Abreise wurde die Veranstaltung vom Kaliningrader Gouverneur Anton Alichanow abgesagt. Was tun? Fahrkarten und Visum verfallen lassen? Nein, das w\u00e4re zu schade!<\/p>\n","protected":false},"author":3,"featured_media":19191,"comment_status":"closed","ping_status":"closed","sticky":false,"template":"","format":"standard","meta":{"colormag_page_container_layout":"default_layout","colormag_page_sidebar_layout":"default_layout","advanced_seo_description":"","jetpack_seo_html_title":"","jetpack_seo_noindex":false,"jetpack_post_was_ever_published":false,"footnotes":""},"categories":[913,16],"tags":[211,335,470,2018,866,1809,407,2217,939,495,124,1502,222],"class_list":["post-19181","post","type-post","status-publish","format-standard","has-post-thumbnail","hentry","category-kultur-kunst","category-weltanschauung-philosophie","tag-aufklaerung","tag-frieden","tag-ideologie","tag-kaliningrad","tag-kant","tag-kongress","tag-kunst","tag-museum","tag-musik","tag-philosophie","tag-politik","tag-reisebericht","tag-russland"],"jetpack_featured_media_url":"https:\/\/i0.wp.com\/www.freidenker.org\/fw17\/wp-content\/uploads\/2024\/05\/effenberger_kant2_02_800x450.jpg?fit=800%2C448&ssl=1","jetpack_shortlink":"https:\/\/wp.me\/p9stpK-4Zn","jetpack-related-posts":[{"id":19134,"url":"https:\/\/www.freidenker.org\/?p=19134","url_meta":{"origin":19181,"position":0},"title":"Immanuel Kants 300. Geburtstag &#8211; Teil 1","author":"Webredaktion","date":"21. Mai 2024","format":false,"excerpt":"Kommentar von\u00a0Wolfgang Effenberger. Am 22. April 2024 wurde Immanuel Kants Wirken weltweit anl\u00e4sslich seines 300. Geburtstags gew\u00fcrdigt \u2013 eingeschr\u00e4nkt an seinem Geburtsort K\u00f6nigsberg, dem heutigen Kaliningrad. Vordergr\u00fcndig beherrschte Kant jedoch durchaus das Stadtbild. Die \"Deutsche Kant-Gesellschaft\" wollte urspr\u00fcnglich anl\u00e4sslich des 300. Geburtstages von Kant ihren \"14. Internationalen Kant-Kongress\" 2024 in\u2026","rel":"","context":"In &quot;Weltanschauung &amp; Philosophie&quot;","block_context":{"text":"Weltanschauung &amp; Philosophie","link":"https:\/\/www.freidenker.org\/?cat=16"},"img":{"alt_text":"","src":"https:\/\/i0.wp.com\/www.freidenker.org\/fw17\/wp-content\/uploads\/2024\/05\/Immanuel_Kant_-_panoramio_800x450.jpg?fit=800%2C450&ssl=1&resize=350%2C200","width":350,"height":200,"srcset":"https:\/\/i0.wp.com\/www.freidenker.org\/fw17\/wp-content\/uploads\/2024\/05\/Immanuel_Kant_-_panoramio_800x450.jpg?fit=800%2C450&ssl=1&resize=350%2C200 1x, https:\/\/i0.wp.com\/www.freidenker.org\/fw17\/wp-content\/uploads\/2024\/05\/Immanuel_Kant_-_panoramio_800x450.jpg?fit=800%2C450&ssl=1&resize=525%2C300 1.5x, https:\/\/i0.wp.com\/www.freidenker.org\/fw17\/wp-content\/uploads\/2024\/05\/Immanuel_Kant_-_panoramio_800x450.jpg?fit=800%2C450&ssl=1&resize=700%2C400 2x"},"classes":[]},{"id":18909,"url":"https:\/\/www.freidenker.org\/?p=18909","url_meta":{"origin":19181,"position":1},"title":"Die vergessene Aufkl\u00e4rung: Wie in Deutschland Kants 300. Geburtstag instrumentalisiert wird","author":"Webredaktion","date":"30. April 2024","format":false,"excerpt":"Beitrag von Gert Ewen Ungar Immanuel Kant hatte Geburtstag. W\u00fcrde er noch leben, h\u00e4tte er gestern seinen 300. Geburtstag feiern k\u00f6nnen. Er ist jedoch tot, feiert daher nicht mehr, kann sich aber vor allem nun auch nicht mehr gegen Vereinnahmung wehren. Kant wurde anl\u00e4sslich seines Geburtstages massiv instrumentalisiert. Einer, der\u2026","rel":"","context":"In &quot;Demokratie \u2013 Medien \u2013 Aufkl\u00e4rung&quot;","block_context":{"text":"Demokratie \u2013 Medien \u2013 Aufkl\u00e4rung","link":"https:\/\/www.freidenker.org\/?cat=12"},"img":{"alt_text":"","src":"https:\/\/i0.wp.com\/www.freidenker.org\/fw17\/wp-content\/uploads\/2024\/04\/kant_grab_44965531381_fb426147a8_c_800x450.jpg?fit=800%2C450&ssl=1&resize=350%2C200","width":350,"height":200,"srcset":"https:\/\/i0.wp.com\/www.freidenker.org\/fw17\/wp-content\/uploads\/2024\/04\/kant_grab_44965531381_fb426147a8_c_800x450.jpg?fit=800%2C450&ssl=1&resize=350%2C200 1x, https:\/\/i0.wp.com\/www.freidenker.org\/fw17\/wp-content\/uploads\/2024\/04\/kant_grab_44965531381_fb426147a8_c_800x450.jpg?fit=800%2C450&ssl=1&resize=525%2C300 1.5x, https:\/\/i0.wp.com\/www.freidenker.org\/fw17\/wp-content\/uploads\/2024\/04\/kant_grab_44965531381_fb426147a8_c_800x450.jpg?fit=800%2C450&ssl=1&resize=700%2C400 2x"},"classes":[]},{"id":17997,"url":"https:\/\/www.freidenker.org\/?p=17997","url_meta":{"origin":19181,"position":2},"title":"Wird 2024 als historisches Jahr in die Geschichte eingehen?","author":"Webredaktion","date":"23. Januar 2024","format":false,"excerpt":"Kommentar von\u00a0Wolfgang Effenberger. Ein Blick auf den Globus zeigt, dass sich im Vergleich zum Vorjahr die Kriegsfeuer weiter von Europa in Richtung Asien vorgefressen haben. Der Kampf in Gaza tobt im 4. Monat, im Roten Meer erfolgreich flankiert von den Unterst\u00fctzungsangriffen der jemenitischen Huthi-Rebellen f\u00fcr die Pal\u00e4stinenser. Israelischen Schiffe oder\u2026","rel":"","context":"In &quot;Demokratie \u2013 Medien \u2013 Aufkl\u00e4rung&quot;","block_context":{"text":"Demokratie \u2013 Medien \u2013 Aufkl\u00e4rung","link":"https:\/\/www.freidenker.org\/?cat=12"},"img":{"alt_text":"","src":"https:\/\/i0.wp.com\/www.freidenker.org\/fw17\/wp-content\/uploads\/2024\/01\/new-year-8416395_800x450.jpg?fit=800%2C450&ssl=1&resize=350%2C200","width":350,"height":200,"srcset":"https:\/\/i0.wp.com\/www.freidenker.org\/fw17\/wp-content\/uploads\/2024\/01\/new-year-8416395_800x450.jpg?fit=800%2C450&ssl=1&resize=350%2C200 1x, https:\/\/i0.wp.com\/www.freidenker.org\/fw17\/wp-content\/uploads\/2024\/01\/new-year-8416395_800x450.jpg?fit=800%2C450&ssl=1&resize=525%2C300 1.5x, https:\/\/i0.wp.com\/www.freidenker.org\/fw17\/wp-content\/uploads\/2024\/01\/new-year-8416395_800x450.jpg?fit=800%2C450&ssl=1&resize=700%2C400 2x"},"classes":[]},{"id":20548,"url":"https:\/\/www.freidenker.org\/?p=20548","url_meta":{"origin":19181,"position":3},"title":"Im Gespr\u00e4ch: Wolfgang Bittner (&#8222;Niemand soll hungern, ohne zu frieren&#8220;)","author":"Webredaktion","date":"20. Dezember 2024","format":false,"excerpt":"Video-Interview von Dirk Pohlmann mit Wolfgang Bittner Wolfgang Bittner ist Schriftsteller, promovierter Jurist, bildender K\u00fcnstler und hat neben Jura auch Philosophie und Soziologie studiert. Er hat die Welt bereist und etwa 80 B\u00fccher verfasst. Bittner war Rundfunkrat des WDR und Professor in Deutschland und Polen. Er ist ein Mann der\u2026","rel":"","context":"In &quot;Demokratie \u2013 Medien \u2013 Aufkl\u00e4rung&quot;","block_context":{"text":"Demokratie \u2013 Medien \u2013 Aufkl\u00e4rung","link":"https:\/\/www.freidenker.org\/?cat=12"},"img":{"alt_text":"","src":"https:\/\/i0.wp.com\/www.freidenker.org\/fw17\/wp-content\/uploads\/2024\/12\/bittner_pohlmann_800x450.jpg?fit=800%2C450&ssl=1&resize=350%2C200","width":350,"height":200,"srcset":"https:\/\/i0.wp.com\/www.freidenker.org\/fw17\/wp-content\/uploads\/2024\/12\/bittner_pohlmann_800x450.jpg?fit=800%2C450&ssl=1&resize=350%2C200 1x, https:\/\/i0.wp.com\/www.freidenker.org\/fw17\/wp-content\/uploads\/2024\/12\/bittner_pohlmann_800x450.jpg?fit=800%2C450&ssl=1&resize=525%2C300 1.5x, https:\/\/i0.wp.com\/www.freidenker.org\/fw17\/wp-content\/uploads\/2024\/12\/bittner_pohlmann_800x450.jpg?fit=800%2C450&ssl=1&resize=700%2C400 2x"},"classes":[]},{"id":18884,"url":"https:\/\/www.freidenker.org\/?p=18884","url_meta":{"origin":19181,"position":4},"title":"EU-Wahl 2024: Kein Ruf nach Frieden \u2013 fast alle Parteien sind auf R\u00fcstung und Krieg fixiert (Teil 2)","author":"Webredaktion","date":"29. April 2024","format":false,"excerpt":"Teil 2: \u00a0Die 10. EU-Wahl im Schatten des Krieges Kommentar von\u00a0Wolfgang Effenberger Vom 6. bis zum 9. Juni 2024 (in Deutschland am 9. Juni) w\u00e4hlen die\u00a027 Mitgliedsstaaten der EU ein neues Europ\u00e4isches Parlament. Zum ersten Mal sind auch Jugendliche ab 16 Jahren wahlberechtigt. Daf\u00fcr haben sich die GR\u00dcNEN\u00a0seit zwei Jahren\u2026","rel":"","context":"In &quot;Demokratie \u2013 Medien \u2013 Aufkl\u00e4rung&quot;","block_context":{"text":"Demokratie \u2013 Medien \u2013 Aufkl\u00e4rung","link":"https:\/\/www.freidenker.org\/?cat=12"},"img":{"alt_text":"","src":"https:\/\/i0.wp.com\/www.freidenker.org\/fw17\/wp-content\/uploads\/2024\/04\/Effenberger_EU-Wahl_02_800x450.jpg?fit=800%2C450&ssl=1&resize=350%2C200","width":350,"height":200,"srcset":"https:\/\/i0.wp.com\/www.freidenker.org\/fw17\/wp-content\/uploads\/2024\/04\/Effenberger_EU-Wahl_02_800x450.jpg?fit=800%2C450&ssl=1&resize=350%2C200 1x, https:\/\/i0.wp.com\/www.freidenker.org\/fw17\/wp-content\/uploads\/2024\/04\/Effenberger_EU-Wahl_02_800x450.jpg?fit=800%2C450&ssl=1&resize=525%2C300 1.5x, https:\/\/i0.wp.com\/www.freidenker.org\/fw17\/wp-content\/uploads\/2024\/04\/Effenberger_EU-Wahl_02_800x450.jpg?fit=800%2C450&ssl=1&resize=700%2C400 2x"},"classes":[]},{"id":19595,"url":"https:\/\/www.freidenker.org\/?p=19595","url_meta":{"origin":19181,"position":5},"title":"Die langen Schatten des Ersten Weltkriegs (1)","author":"Webredaktion","date":"30. Juli 2024","format":false,"excerpt":"Teil 1: Der lange Weg in das Verh\u00e4ngnis Europas Kommentar von Wolfgang Effenberger Vor 110 Jahren wurden die letzten Weichen f\u00fcr den D-Zug in Europas Verh\u00e4ngnis 1914\/1918 gestellt. Anl\u00e4sslich des 100. Jahrestags brachten im Juli 2014 Willy Wimmer und Wolfgang Effenberger das Buch \"Wiederkehr der Hasardeure - Schattenstrategen, Kriegstreiber, stille\u2026","rel":"","context":"In &quot;Geschichte&quot;","block_context":{"text":"Geschichte","link":"https:\/\/www.freidenker.org\/?cat=1162"},"img":{"alt_text":"","src":"https:\/\/i0.wp.com\/www.freidenker.org\/fw17\/wp-content\/uploads\/2024\/07\/Bombardement_allemand_sur_Reims_01_800x450.jpg?fit=800%2C450&ssl=1&resize=350%2C200","width":350,"height":200,"srcset":"https:\/\/i0.wp.com\/www.freidenker.org\/fw17\/wp-content\/uploads\/2024\/07\/Bombardement_allemand_sur_Reims_01_800x450.jpg?fit=800%2C450&ssl=1&resize=350%2C200 1x, https:\/\/i0.wp.com\/www.freidenker.org\/fw17\/wp-content\/uploads\/2024\/07\/Bombardement_allemand_sur_Reims_01_800x450.jpg?fit=800%2C450&ssl=1&resize=525%2C300 1.5x, https:\/\/i0.wp.com\/www.freidenker.org\/fw17\/wp-content\/uploads\/2024\/07\/Bombardement_allemand_sur_Reims_01_800x450.jpg?fit=800%2C450&ssl=1&resize=700%2C400 2x"},"classes":[]}],"_links":{"self":[{"href":"https:\/\/www.freidenker.org\/index.php?rest_route=\/wp\/v2\/posts\/19181","targetHints":{"allow":["GET"]}}],"collection":[{"href":"https:\/\/www.freidenker.org\/index.php?rest_route=\/wp\/v2\/posts"}],"about":[{"href":"https:\/\/www.freidenker.org\/index.php?rest_route=\/wp\/v2\/types\/post"}],"author":[{"embeddable":true,"href":"https:\/\/www.freidenker.org\/index.php?rest_route=\/wp\/v2\/users\/3"}],"replies":[{"embeddable":true,"href":"https:\/\/www.freidenker.org\/index.php?rest_route=%2Fwp%2Fv2%2Fcomments&post=19181"}],"version-history":[{"count":0,"href":"https:\/\/www.freidenker.org\/index.php?rest_route=\/wp\/v2\/posts\/19181\/revisions"}],"wp:featuredmedia":[{"embeddable":true,"href":"https:\/\/www.freidenker.org\/index.php?rest_route=\/wp\/v2\/media\/19191"}],"wp:attachment":[{"href":"https:\/\/www.freidenker.org\/index.php?rest_route=%2Fwp%2Fv2%2Fmedia&parent=19181"}],"wp:term":[{"taxonomy":"category","embeddable":true,"href":"https:\/\/www.freidenker.org\/index.php?rest_route=%2Fwp%2Fv2%2Fcategories&post=19181"},{"taxonomy":"post_tag","embeddable":true,"href":"https:\/\/www.freidenker.org\/index.php?rest_route=%2Fwp%2Fv2%2Ftags&post=19181"}],"curies":[{"name":"wp","href":"https:\/\/api.w.org\/{rel}","templated":true}]}}