{"id":19152,"date":"2024-05-22T23:34:09","date_gmt":"2024-05-22T21:34:09","guid":{"rendered":"https:\/\/www.freidenker.org\/?p=19152"},"modified":"2024-06-14T13:21:25","modified_gmt":"2024-06-14T11:21:25","slug":"besuch-in-kiew-baerbocks-wille-zum-totalen-krieg","status":"publish","type":"post","link":"https:\/\/www.freidenker.org\/?p=19152","title":{"rendered":"Besuch in Kiew: Baerbocks Wille zum totalen Krieg"},"content":{"rendered":"<p><strong>Die deutsche Au\u00dfenministerin ist zu einem Besuch in Kiew eingetroffen. In einem Statement bekr\u00e4ftigt Baerbock den Plan, die Ukraine mittels Waffenlieferungen zu einem Sieg \u00fcber Russland zu bef\u00e4higen. Putin nennt sie wahnsinnig. Tats\u00e4chlich ist der Wahnsinn bei Baerbock voll ausgepr\u00e4gt.<\/strong><\/p>\n<p><em>Von <strong>Gert Ewen Ungar<\/strong><\/em><\/p>\n<p><span style=\"font-size: 10pt;\">Erstver\u00f6ffentlichung am 21.05.2024 auf <a href=\"https:\/\/freedert.online\/meinung\/206520-besuch-in-kiew-baerbocks-wille\/\" target=\"_blank\" rel=\"noopener\">RT DE<\/a><\/span><\/p>\n<div class=\"EmbedBlock-root EmbedBlock-all\">\n<div class=\"AllEmbed\"><iframe loading=\"lazy\" title=\"Besuch in Kiew: Baerbocks Wille zum totalen Krieg\" src=\"https:\/\/www.podbean.com\/player-v2\/?i=5k7ut-161c0bb-pb&amp;from=pb6admin&amp;share=1&amp;download=1&amp;rtl=0&amp;fonts=Arial&amp;skin=1&amp;font-color=&amp;logo_link=episode_page&amp;btn-skin=7\" width=\"100%\" height=\"150\" scrolling=\"no\" allowfullscreen=\"allowfullscreen\" data-name=\"pb-iframe-player\" data-mce-fragment=\"1\"><\/iframe><\/div>\n<\/div>\n<p>Au\u00dfenministerin Annalena Baerbock ist zu einem Besuch in Kiew eingetroffen. F\u00fcr ihre Unterst\u00fctzung wurde ihr von Wladimir Selenskij ein Orden verliehen. Das ist zynisch, denn Baerbocks &#8222;Unterst\u00fctzung&#8220; beschr\u00e4nkt sich darauf, den Krieg zu verl\u00e4ngern.<\/p>\n<p>Auf der Website des Ausw\u00e4rtigen Amts ist zum Besuch ein <a href=\"https:\/\/www.auswaertiges-amt.de\/de\/service\/laender\/ukraine-node\/reise-baerbock-ukraine\/2657594\" target=\"_blank\" rel=\"noopener noreferrer\">Beitrag <\/a>erschienen, der deutlich macht, dass Baerbock ihre Strategie, Desinformation und offensichtliche L\u00fcgen zur Ursache des Konflikts zu verbreiten, weiter aufrechterhalten wird. Deutlich machte sie damit auch, dass Deutschland weiterhin kein Interesse an einer L\u00f6sung des Konfliktes hat und bereit ist, die Ukraine einen hohen Preis zahlen zu lassen.<\/p>\n<blockquote><p><em>\u201cPutin wollte die Ukraine in seinem imperialen Wahn an sich rei\u00dfen\u201d, behauptet die deutsche Au\u00dfenministerin in ihrem Statement wahrheitswidrig. <\/em><\/p><\/blockquote>\n<p>Fakt ist: Russland verfolgt keine imperialistischen Interessen. Russlands Pr\u00e4sident agiert absolut rational und berechenbar. Es geht ihm um die Sicherheit seines Landes und den Schutz der Souver\u00e4nit\u00e4t Russlands. Das Wahnhafte und geradezu Irre verk\u00f6rpert dagegen die deutsche Au\u00dfenministerin, die auf eine immer weitergehende Eskalation setzt, ausschlie\u00dflich eine milit\u00e4rische L\u00f6sung des Konflikts bef\u00fcrwortet und Diplomatie ablehnt.<\/p>\n<p>Der Sieg \u00fcber Russland muss errungen werden, ist das wahnhafte Ziel baerbockscher Politik. Sie verweigert sich in diesem Zusammenhang schlicht ihrem Arbeitsauftrag: mit ihrem russischen Amtskollegen Sergej Lawrow spricht Baerbock einfach nicht.<\/p>\n<p><strong>Baerbock betreibt Desinformation\u00a0<\/strong><\/p>\n<p>Der Konflikt zwischen Russland und dem Westen \u00fcber den Status der Ukraine hat eine lange Vorgeschichte, die von Baerbock schlicht geleugnet wird. Sie erz\u00e4hlt die M\u00e4r von einer Sehnsucht nach Demokratie in der ukrainischen Bev\u00f6lkerung. Dabei hat der Ukraine-Konflikt mit Demokratie-Sehns\u00fcchten nachweislich nichts zu tun. Es geht um reine Machtinteressen.<\/p>\n<p>Die Geschichte des Konflikts beginnt sp\u00e4testens 2008 mit der auf dem NATO-Gipfel in Bukarest ausgesprochenen Einladung an die Ukraine und Georgien zum Beitritt. Russland sieht durch einen NATO-Beitritt der Ukraine aus guten Gr\u00fcnden seine Sicherheitsinteressen bedroht. Man k\u00f6nnte den Konflikt sofort beenden, indem man diese Sicherheitsinteressen ber\u00fccksichtigt und sich um einen Ausgleich bem\u00fcht.<\/p>\n<p>Aber gerade die deutsche Au\u00dfenministerin signalisiert immer wieder, dass sie auf den Beitritt des Landes zum Milit\u00e4rb\u00fcndnis besteht und f\u00fcr sie keine anderen L\u00f6sungen infrage kommen. Sie h\u00e4lt damit an der Ursache des Konfliktes fest. Deutschland leistet keinen Beitrag zu seiner L\u00f6sung &#8211; im Gegenteil. Deutschland tut alles f\u00fcr die Verl\u00e4ngerung des Krieges. F\u00fcr Baerbocks Kompromisslosigkeit und ihren Wunsch nach Dominanz, nicht aber f\u00fcr die Demokratie und westliche Werte sterben jeden Tag hunderte ukrainische Soldaten. Gleichzeitig tarnt Baerbock ihre b\u00f6se Tat als gute Absicht. Man helfe nur, ist ihre Botschaft.<\/p>\n<p><strong>Baerbock bereit zum totalen Krieg mit Russland<\/strong><\/p>\n<p>Dabei liegen ganz konkrete alternative Vorschl\u00e4ge zu einem NATO-Beitritt auf dem Tisch. China unterst\u00fctzt mit zahlreichen anderen L\u00e4ndern beispielsweise den Ansatz, der Ukraine im Fall eines Verzichts auf einen NATO-Beitritt Sicherheitsgarantien durch eine breit aufgestellte Staaten-Allianz zuzusichern.<\/p>\n<p>Baerbock bleibt jedoch weiter auf Kriegskurs und setzt auf einen Sieg der Ukraine \u00fcber Russland. &#8222;Unsere Unterst\u00fctzung ist verwurzelt in der tiefen \u00dcberzeugung, dass die Ukraine diesen Krieg gewinnen wird&#8220;, zitiert sie dazu das Ausw\u00e4rtige Amt auf seiner Seite.\u00a0Imperialistisch ist an dem Wunsch alles, realistisch ist an ihm allerdings gar nichts. Nicht Putin ist wahnsinnig, Baerbock ist es.<\/p>\n<p>Auch die Lieferung von F-16 Kampfjets, die Selenskij fordert, wird an der Misere der Ukraine nichts \u00e4ndern. Wie schon durch die Lieferung von Kampfpanzern und Marschflugk\u00f6rpern wird der Krieg dadurch nur in die L\u00e4nge gezogen sowie die Zahl der Opfer erh\u00f6ht &#8211; vor allem auf ukrainischer Seite.<\/p>\n<p>Russland verf\u00fcgt \u00fcber die M\u00f6glichkeit, jeden weiteren Eskalationsschritt des Westens mitzugehen und ist in der Lage, den Krieg in der jetzigen Intensit\u00e4t noch \u00fcber Jahre aufrecht zu erhalten. Aus diesem Grund bedeuten die Bekenntnisse Baerbocks zur weiteren milit\u00e4rischen Unterst\u00fctzung der Ukraine unter Ausschluss einer russische Sicherheitsinteressen ber\u00fccksichtigenden Verhandlungsl\u00f6sung nichts anderes als die Bereitschaft Baerbocks, die komplette Zerst\u00f6rung der Ukraine und die Ausl\u00f6schung einer Generation ukrainischer M\u00e4nner voranzutreiben. Mit ihrem Insistieren auf einen milit\u00e4rischen Sieg ist Baerbock verantwortlich f\u00fcr hunderttausendfachen Tod.<\/p>\n<p><strong>Die EU ist nicht Europa<\/strong><\/p>\n<p>Die Ukrainer und Ukrainerinnen k\u00e4mpfen &#8222;mit Mut und Hoffnung f\u00fcr einen festen Platz ihres Landes als Teil Europas&#8220;, steht in aller Absurdit\u00e4t auf der Seite des Ausw\u00e4rtigen Amtes. Als h\u00e4tte die Ukraine einst einen anderen geographischen Raum besetzt. Gleichzeitig wird an dieser Absurdit\u00e4t deutlich, wie sich die Au\u00dfenministerin einer L\u00f6sung des Konflikts verweigert. Sie setzt &#8211; wie viele andere Politiker in der EU und in Deutschland auch &#8211; EU und Europa gleich.<\/p>\n<p>Nun ist die EU schlicht und ergreifend nicht Europa. Das gr\u00f6\u00dfte Land Europas ist nach wie vor Russland; mit Moskau, London und Sankt Petersburg liegen die gr\u00f6\u00dften St\u00e4dte des europ\u00e4ischen Kontinents alle au\u00dferhalb der EU.<\/p>\n<p>Der Konflikt wurzelt aber eben in jenem Dominanzanspruch, der sich in der Gleichsetzung von EU und Europa ausdr\u00fcckt. Daran wird deutlich, nicht Putin verfolgt eine imperiale Politik, die EU und Politiker wie Baerbock tun es.<\/p>\n<p>H\u00e4tte Baerbock ein Interesse an Frieden und w\u00fcrde ihr das Wohl der Ukraine tats\u00e4chlich etwas bedeuten, w\u00fcrde sie Europa nicht auf die EU reduzieren, sondern die Interessen aller L\u00e4nder in Europa in den Blick nehmen. Die Gleichsetzung von EU und Europa impliziert aber, dass die Politik Europas in Br\u00fcssel gemacht wird. Das aber ist in der Realit\u00e4t schlicht nicht der Fall.<\/p>\n<p><strong>Der Imperialismus der Annalena Baerbock<\/strong><\/p>\n<p>In diesem Anspruch dr\u00fcckt sich jedoch der imperialistische Geist nicht nur Baerbocks, sondern gleich einer ganzen Politiker-Generation aus. Die Missachtung der Sicherheitsinteressen Russland und der Glaube, Russland habe seine staatliche Souver\u00e4nit\u00e4t den Expansionsw\u00fcnschen von EU und NATO unterzuordnen, ist zentraler Treiber des Konflikts. Baerbocks Bekenntnisse, an diesen Expansionsw\u00fcnschen, die auf Kosten der Sicherheit Russlands gehen, bedingungslos festhalten zu wollen, verankern die Ursache des Konflikt dauerhaft in Europa und schlie\u00dfen seine L\u00f6sung aus. Die Unf\u00e4higkeit zum Frieden ist der Politik Baerbocks inh\u00e4rent.<\/p>\n<p>Baerbock denkt ausschlie\u00dflich in den Kategorien von Sieg und Niederlage. Die sich daraus zwingend ergebende Ablehnung von Diplomatie, der Eskalationswille und ihre Zerst\u00f6rungswut machen Baerbock zur Last f\u00fcr den europ\u00e4ischen Kontinent als Ganzes. Dass es erneut eine Deutsche ist, die zum totalen Krieg nicht nur bereit ist, sondern ihn aktiv einfordert, wird f\u00fcr Deutschland und die Deutschen absehbar zu einer schweren B\u00fcrde.<\/p>\n<p style=\"text-align: right;\"><em>Gert-Ewen Ungar studierte Philosophie und Germanistik und schreibt regelm\u00e4\u00dfig f\u00fcr die <a href=\"https:\/\/www.neulandrebellen.de\/\" target=\"_blank\" rel=\"noopener\">Neulandrebellen<\/a>\u00a0<\/em><\/p>\n<hr \/>\n<p><span style=\"font-size: 10pt;\">Bild oben: <span class=\"Cover-caption\"><span class=\"Cover-captionItem\">Der ukrainische Pr\u00e4sident\u00a0 Selenskij mit der deutschen Au\u00dfenministerin Annalena Baerbock am 21.05.2024 in Kiew.<br \/>\n<\/span><\/span>Foto: The Presidential Office of Ukraine, Lizenz\u00a0 <a href=\"https:\/\/creativecommons.org\/licenses\/by-nc-nd\/4.0\/\" target=\"_blank\" rel=\"noopener\">CC BY 4.0 International<\/a><\/span><br \/>\n<span style=\"font-size: 10pt;\">Quelle: <a href=\"https:\/\/www.president.gov.ua\/en\/news\/prezident-zustrivsya-z-glavoyu-mzs-nimechchini-91017\" target=\"_blank\" rel=\"noopener\">https:\/\/www.president.gov.ua\/en\/news\/prezident-zustrivsya-z-glavoyu-mzs-nimechchini-91017<\/a><\/span><\/p>\n","protected":false},"excerpt":{"rendered":"<p><b>Beitrag von Gert Ewen Ungar<\/b><br \/>\nAu\u00dfenministerin Annalena Baerbock ist zu einem Besuch in Kiew eingetroffen. F\u00fcr ihre Unterst\u00fctzung wurde ihr von Wladimir Selenskij ein Orden verliehen. Das ist zynisch, denn Baerbocks &#8222;Unterst\u00fctzung&#8220; beschr\u00e4nkt sich darauf, den Krieg zu verl\u00e4ngern. Auf der Website des Ausw\u00e4rtigen Amts ist zum Besuch ein Beitrag erschienen, der deutlich macht, dass Baerbock ihre Strategie, Desinformation und offensichtliche L\u00fcgen zur Ursache des Konflikts zu verbreiten, weiter aufrechterhalten wird. Deutlich machte sie damit auch, dass Deutschland weiterhin kein Interesse an einer L\u00f6sung des Konfliktes hat und bereit ist, die Ukraine einen hohen Preis zahlen zu lassen.\u00a0<\/p>\n","protected":false},"author":3,"featured_media":19153,"comment_status":"closed","ping_status":"closed","sticky":false,"template":"","format":"standard","meta":{"colormag_page_container_layout":"default_layout","colormag_page_sidebar_layout":"default_layout","advanced_seo_description":"","jetpack_seo_html_title":"","jetpack_seo_noindex":false,"jetpack_post_was_ever_published":false,"footnotes":""},"categories":[12],"tags":[699,1423,605,1151,404,1691,2050,188,56,223,222,1111,639,1525],"class_list":["post-19152","post","type-post","status-publish","format-standard","has-post-thumbnail","hentry","category-demokratie-medien-aufklaerung","tag-aussenpolitik","tag-baerbock","tag-desinformation","tag-europa","tag-imperialismus","tag-kiew","tag-konfliktloesung","tag-krieg","tag-nato","tag-putin","tag-russland","tag-ukraine","tag-ukraine-konflikt","tag-waffenlieferungen"],"jetpack_featured_media_url":"https:\/\/i0.wp.com\/www.freidenker.org\/fw17\/wp-content\/uploads\/2024\/05\/Selenskij_Baerbock_2024_800x450.jpg?fit=800%2C450&ssl=1","jetpack_shortlink":"https:\/\/wp.me\/p9stpK-4YU","jetpack-related-posts":[{"id":16677,"url":"https:\/\/www.freidenker.org\/?p=16677","url_meta":{"origin":19152,"position":0},"title":"In ihrer geistigen Schlichtheit unheilvoll \u2013 die Weltsicht der Au\u00dfenministerin Baerbock","author":"Webredaktion","date":"18. Juli 2023","format":false,"excerpt":"Beitrag von Gert Ewen Ungar Dass Annalena Baerbock (B\u00fcndnis 90\/Die Gr\u00fcnen) Au\u00dfenministerin ist, ist sowohl f\u00fcr Deutschland als auch Europa und die Welt brandgef\u00e4hrlich. Baerbock ist mit dem Amt \u00fcberfordert, sch\u00e4tzt Entwicklungen falsch ein, denkt in einfachen Schwarz-Wei\u00df-Mustern und ist zur Differenzierung nicht in der Lage. Es fehlen ihr Basiskenntnisse\u2026","rel":"","context":"In &quot;Demokratie \u2013 Medien \u2013 Aufkl\u00e4rung&quot;","block_context":{"text":"Demokratie \u2013 Medien \u2013 Aufkl\u00e4rung","link":"https:\/\/www.freidenker.org\/?cat=12"},"img":{"alt_text":"","src":"https:\/\/i0.wp.com\/www.freidenker.org\/fw17\/wp-content\/uploads\/2023\/07\/Cleverly_meets_Baerbock_ausz_800x450.jpg?fit=800%2C450&ssl=1&resize=350%2C200","width":350,"height":200,"srcset":"https:\/\/i0.wp.com\/www.freidenker.org\/fw17\/wp-content\/uploads\/2023\/07\/Cleverly_meets_Baerbock_ausz_800x450.jpg?fit=800%2C450&ssl=1&resize=350%2C200 1x, https:\/\/i0.wp.com\/www.freidenker.org\/fw17\/wp-content\/uploads\/2023\/07\/Cleverly_meets_Baerbock_ausz_800x450.jpg?fit=800%2C450&ssl=1&resize=525%2C300 1.5x, https:\/\/i0.wp.com\/www.freidenker.org\/fw17\/wp-content\/uploads\/2023\/07\/Cleverly_meets_Baerbock_ausz_800x450.jpg?fit=800%2C450&ssl=1&resize=700%2C400 2x"},"classes":[]},{"id":17604,"url":"https:\/\/www.freidenker.org\/?p=17604","url_meta":{"origin":19152,"position":1},"title":"Baerbocks Au\u00dfenpolitik \u2013 Aggressiver als die der USA","author":"Webredaktion","date":"5. Dezember 2023","format":false,"excerpt":"Beitrag von Gert Ewen Ungar Die deutsche Au\u00dfenministerin hatte in dieser Woche gleich zwei relevante Treffen zu absolvieren. Zu Beginn der Woche trafen sich die Au\u00dfenminister der NATO-Staaten in Br\u00fcssel. Am Donnerstag und Freitag trifft sich der Ministerrat der OSZE in Skopje, der Hauptstadt Nordmazedoniens. Aussagen der deutschen Au\u00dfenministerin auf\u2026","rel":"","context":"In &quot;Demokratie \u2013 Medien \u2013 Aufkl\u00e4rung&quot;","block_context":{"text":"Demokratie \u2013 Medien \u2013 Aufkl\u00e4rung","link":"https:\/\/www.freidenker.org\/?cat=12"},"img":{"alt_text":"","src":"https:\/\/i0.wp.com\/www.freidenker.org\/fw17\/wp-content\/uploads\/2023\/12\/Blinken_Baerbock_Tokyo_2023_800x450.jpg?fit=800%2C450&ssl=1&resize=350%2C200","width":350,"height":200,"srcset":"https:\/\/i0.wp.com\/www.freidenker.org\/fw17\/wp-content\/uploads\/2023\/12\/Blinken_Baerbock_Tokyo_2023_800x450.jpg?fit=800%2C450&ssl=1&resize=350%2C200 1x, https:\/\/i0.wp.com\/www.freidenker.org\/fw17\/wp-content\/uploads\/2023\/12\/Blinken_Baerbock_Tokyo_2023_800x450.jpg?fit=800%2C450&ssl=1&resize=525%2C300 1.5x, https:\/\/i0.wp.com\/www.freidenker.org\/fw17\/wp-content\/uploads\/2023\/12\/Blinken_Baerbock_Tokyo_2023_800x450.jpg?fit=800%2C450&ssl=1&resize=700%2C400 2x"},"classes":[]},{"id":17706,"url":"https:\/\/www.freidenker.org\/?p=17706","url_meta":{"origin":19152,"position":2},"title":"Zeugnis des doppelten Standards: Baerbock im Interview","author":"Webredaktion","date":"29. Dezember 2023","format":false,"excerpt":"Beitrag von Gert Ewen Ungar Bez\u00fcglich des Ukraine-Konflikts werden die Deutschen fl\u00e4chendeckend von den verantwortlichen Politikern und von den mitverantwortlichen Medien des Mainstreams desinformiert. Dass die deutsche Au\u00dfenministerin da keine Ausnahme bildet, ist nicht \u00fcberraschend. Sie tut sich im Gegenteil seit Langem damit hervor, die Unwahrheiten besonders dick aufzutragen.\u00a0In einem\u2026","rel":"","context":"In &quot;Demokratie \u2013 Medien \u2013 Aufkl\u00e4rung&quot;","block_context":{"text":"Demokratie \u2013 Medien \u2013 Aufkl\u00e4rung","link":"https:\/\/www.freidenker.org\/?cat=12"},"img":{"alt_text":"","src":"https:\/\/i0.wp.com\/www.freidenker.org\/fw17\/wp-content\/uploads\/2023\/12\/BDK_Karlsruhe_Nov_2023_Annalena_Baerbock_11_800x450.jpg?fit=800%2C450&ssl=1&resize=350%2C200","width":350,"height":200,"srcset":"https:\/\/i0.wp.com\/www.freidenker.org\/fw17\/wp-content\/uploads\/2023\/12\/BDK_Karlsruhe_Nov_2023_Annalena_Baerbock_11_800x450.jpg?fit=800%2C450&ssl=1&resize=350%2C200 1x, https:\/\/i0.wp.com\/www.freidenker.org\/fw17\/wp-content\/uploads\/2023\/12\/BDK_Karlsruhe_Nov_2023_Annalena_Baerbock_11_800x450.jpg?fit=800%2C450&ssl=1&resize=525%2C300 1.5x, https:\/\/i0.wp.com\/www.freidenker.org\/fw17\/wp-content\/uploads\/2023\/12\/BDK_Karlsruhe_Nov_2023_Annalena_Baerbock_11_800x450.jpg?fit=800%2C450&ssl=1&resize=700%2C400 2x"},"classes":[]},{"id":14037,"url":"https:\/\/www.freidenker.org\/?p=14037","url_meta":{"origin":19152,"position":3},"title":"F\u00fcr eine Au\u00dfenministerin gef\u00e4hrlich naiv \u2013 Baerbocks Rede in New York","author":"Webredaktion","date":"24. August 2022","format":false,"excerpt":"Beitrag von Gert Ewen Ungar Im Rahmen ihrer Nordamerikareise vom 01. bis zum 03. August hielt Au\u00dfenministerin Annalena Baerbock an der New School in New York eine Rede, in der sie die Leitlinien deutscher Au\u00dfenpolitik skizzierte.\u00a0Die New School ist eine f\u00fcr die deutsch-amerikanischen Beziehungen historisch wichtige Universit\u00e4t. An der Universit\u00e4t\u2026","rel":"","context":"In &quot;Demokratie \u2013 Medien \u2013 Aufkl\u00e4rung&quot;","block_context":{"text":"Demokratie \u2013 Medien \u2013 Aufkl\u00e4rung","link":"https:\/\/www.freidenker.org\/?cat=12"},"img":{"alt_text":"","src":"https:\/\/i0.wp.com\/www.freidenker.org\/fw17\/wp-content\/uploads\/2022\/08\/Blinken_Baerbock_Virtual_Press_Conference_2022_800x450.jpg?fit=800%2C450&ssl=1&resize=350%2C200","width":350,"height":200,"srcset":"https:\/\/i0.wp.com\/www.freidenker.org\/fw17\/wp-content\/uploads\/2022\/08\/Blinken_Baerbock_Virtual_Press_Conference_2022_800x450.jpg?fit=800%2C450&ssl=1&resize=350%2C200 1x, https:\/\/i0.wp.com\/www.freidenker.org\/fw17\/wp-content\/uploads\/2022\/08\/Blinken_Baerbock_Virtual_Press_Conference_2022_800x450.jpg?fit=800%2C450&ssl=1&resize=525%2C300 1.5x, https:\/\/i0.wp.com\/www.freidenker.org\/fw17\/wp-content\/uploads\/2022\/08\/Blinken_Baerbock_Virtual_Press_Conference_2022_800x450.jpg?fit=800%2C450&ssl=1&resize=700%2C400 2x"},"classes":[]},{"id":20377,"url":"https:\/\/www.freidenker.org\/?p=20377","url_meta":{"origin":19152,"position":4},"title":"1000 Tage falsche Solidarit\u00e4t \u2013 die Ukraine geht zugrunde, die EU feiert sich selbst","author":"Webredaktion","date":"24. November 2024","format":false,"excerpt":"Beitrag von Gert Ewen Ungar In einer Sondersitzung mit einem zugeschalteten ukrainischen Pr\u00e4sidenten mit abgelaufenem Haltbarkeitsdatum, Wladimir Selenskij, erinnerte das EU-Parlament an \"1000 days of Russia's full-scale invasion of Ukraine\". 1000 Tage sind seit dem 24. Februar 2022 vergangen, als Russland der Bitte der Volksrepubliken Donezk und Lugansk folgte, und\u2026","rel":"","context":"In &quot;Demokratie \u2013 Medien \u2013 Aufkl\u00e4rung&quot;","block_context":{"text":"Demokratie \u2013 Medien \u2013 Aufkl\u00e4rung","link":"https:\/\/www.freidenker.org\/?cat=12"},"img":{"alt_text":"","src":"https:\/\/i0.wp.com\/www.freidenker.org\/fw17\/wp-content\/uploads\/2024\/11\/Zelenskyy_returned_to_the_European_Parliament_on_17_October_800x450.jpg?fit=800%2C450&ssl=1&resize=350%2C200","width":350,"height":200,"srcset":"https:\/\/i0.wp.com\/www.freidenker.org\/fw17\/wp-content\/uploads\/2024\/11\/Zelenskyy_returned_to_the_European_Parliament_on_17_October_800x450.jpg?fit=800%2C450&ssl=1&resize=350%2C200 1x, https:\/\/i0.wp.com\/www.freidenker.org\/fw17\/wp-content\/uploads\/2024\/11\/Zelenskyy_returned_to_the_European_Parliament_on_17_October_800x450.jpg?fit=800%2C450&ssl=1&resize=525%2C300 1.5x, https:\/\/i0.wp.com\/www.freidenker.org\/fw17\/wp-content\/uploads\/2024\/11\/Zelenskyy_returned_to_the_European_Parliament_on_17_October_800x450.jpg?fit=800%2C450&ssl=1&resize=700%2C400 2x"},"classes":[]},{"id":20291,"url":"https:\/\/www.freidenker.org\/?p=20291","url_meta":{"origin":19152,"position":5},"title":"Das verlogene S\u00e4useln der Annalena Baerbock","author":"Webredaktion","date":"17. November 2024","format":false,"excerpt":"Beitrag von Gert Ewen Ungar Vor 140 Jahren, am 15. November 1884, begann in Berlin die Kongo-Konferenz, auf der die Kolonialm\u00e4chte die Aufteilung Afrikas beschlossen. Deutschlands Au\u00dfenministerin Annalena Baerbock (B\u00fcndnis 90\/Die Gr\u00fcnen) nimmt das Datum zum Anlass f\u00fcr einen Namensbeitrag in der Frankfurter Rundschau. ... Mit dem \u00fcblichen Betroffenheitsges\u00e4usel schl\u00e4fert\u2026","rel":"","context":"In &quot;Demokratie \u2013 Medien \u2013 Aufkl\u00e4rung&quot;","block_context":{"text":"Demokratie \u2013 Medien \u2013 Aufkl\u00e4rung","link":"https:\/\/www.freidenker.org\/?cat=12"},"img":{"alt_text":"","src":"https:\/\/i0.wp.com\/www.freidenker.org\/fw17\/wp-content\/uploads\/2024\/11\/Kongokonferenz_800x450.jpg?fit=800%2C450&ssl=1&resize=350%2C200","width":350,"height":200,"srcset":"https:\/\/i0.wp.com\/www.freidenker.org\/fw17\/wp-content\/uploads\/2024\/11\/Kongokonferenz_800x450.jpg?fit=800%2C450&ssl=1&resize=350%2C200 1x, https:\/\/i0.wp.com\/www.freidenker.org\/fw17\/wp-content\/uploads\/2024\/11\/Kongokonferenz_800x450.jpg?fit=800%2C450&ssl=1&resize=525%2C300 1.5x, https:\/\/i0.wp.com\/www.freidenker.org\/fw17\/wp-content\/uploads\/2024\/11\/Kongokonferenz_800x450.jpg?fit=800%2C450&ssl=1&resize=700%2C400 2x"},"classes":[]}],"_links":{"self":[{"href":"https:\/\/www.freidenker.org\/index.php?rest_route=\/wp\/v2\/posts\/19152","targetHints":{"allow":["GET"]}}],"collection":[{"href":"https:\/\/www.freidenker.org\/index.php?rest_route=\/wp\/v2\/posts"}],"about":[{"href":"https:\/\/www.freidenker.org\/index.php?rest_route=\/wp\/v2\/types\/post"}],"author":[{"embeddable":true,"href":"https:\/\/www.freidenker.org\/index.php?rest_route=\/wp\/v2\/users\/3"}],"replies":[{"embeddable":true,"href":"https:\/\/www.freidenker.org\/index.php?rest_route=%2Fwp%2Fv2%2Fcomments&post=19152"}],"version-history":[{"count":0,"href":"https:\/\/www.freidenker.org\/index.php?rest_route=\/wp\/v2\/posts\/19152\/revisions"}],"wp:featuredmedia":[{"embeddable":true,"href":"https:\/\/www.freidenker.org\/index.php?rest_route=\/wp\/v2\/media\/19153"}],"wp:attachment":[{"href":"https:\/\/www.freidenker.org\/index.php?rest_route=%2Fwp%2Fv2%2Fmedia&parent=19152"}],"wp:term":[{"taxonomy":"category","embeddable":true,"href":"https:\/\/www.freidenker.org\/index.php?rest_route=%2Fwp%2Fv2%2Fcategories&post=19152"},{"taxonomy":"post_tag","embeddable":true,"href":"https:\/\/www.freidenker.org\/index.php?rest_route=%2Fwp%2Fv2%2Ftags&post=19152"}],"curies":[{"name":"wp","href":"https:\/\/api.w.org\/{rel}","templated":true}]}}