{"id":19143,"date":"2024-05-21T23:29:03","date_gmt":"2024-05-21T21:29:03","guid":{"rendered":"https:\/\/www.freidenker.org\/?p=19143"},"modified":"2024-06-14T13:21:11","modified_gmt":"2024-06-14T11:21:11","slug":"wer-haette-von-robert-ficos-ermordung-profitiert","status":"publish","type":"post","link":"https:\/\/www.freidenker.org\/?p=19143","title":{"rendered":"Wer h\u00e4tte von Robert Ficos Ermordung profitiert?"},"content":{"rendered":"<p><strong>Im aktuellen Stadium der Ermittlungen zum Mordanschlag gegen den slowakischen Ministerpr\u00e4sidenten ist es f\u00fcr Schuldzuweisungen viel zu fr\u00fch. Aber selbst wenn wir noch nicht wissen, wer dahintersteckt, so gibt es zahlreiche Hinweise, wer von Robert Ficos Eliminierung profitiert h\u00e4tte. <\/strong><\/p>\n<p><em>von <strong>Rainer Rupp<\/strong><\/em><\/p>\n<p><span style=\"font-size: 10pt;\">Erstver\u00f6ffentlichung am 16.05.2024 auf <a href=\"https:\/\/freedert.online\/meinung\/205973-rainer-rupp-wer-haette-von\/\" target=\"_blank\" rel=\"noopener\">RT DE<\/a><\/span><\/p>\n<div class=\"EmbedBlock-root EmbedBlock-all\">\n<div class=\"AllEmbed\"><iframe loading=\"lazy\" title=\"Rainer Rupp: Wer h\u00e4tte von Robert Ficos Ermordung profitiert?\" src=\"https:\/\/www.podbean.com\/player-v2\/?i=u8kqm-1615711-pb&amp;from=pb6admin&amp;share=1&amp;download=1&amp;rtl=0&amp;fonts=Arial&amp;skin=1&amp;font-color=&amp;logo_link=episode_page&amp;btn-skin=7\" width=\"100%\" height=\"150\" scrolling=\"no\" allowfullscreen=\"allowfullscreen\" data-name=\"pb-iframe-player\" data-mce-fragment=\"1\"><\/iframe><\/div>\n<\/div>\n<p>In Herrn Borells wundersamem &#8222;Garten Europa&#8220;, wo die US-diktierte &#8222;regelbasierte Ordnung&#8220; herrscht, wird man schnell zur Zielscheibe, wenn man als f\u00fchrender Politiker die Wahrheit sagt, oder seinem Gewissen folgt und die Souver\u00e4nit\u00e4t des eigenen Landes bzw. die vitalen Interessen des eigenen Volkes verteidigt. Mit Kommentaren dieser Art haben nationale und internationale Freunde und Unterst\u00fctzer Ficos auf das Attentat gegen ihn reagiert. Der war am Mittwoch, von Sch\u00fcssen mehrfach getroffen, schwer verletzt in ein Krankenhaus geflogen worden, wo \u00c4rzte stundenlang um sein Leben k\u00e4mpften.<\/p>\n<p>Ficos Anh\u00e4nger erkl\u00e4ren den Mordversuch damit, dass er die US\/NATO\/EU-Sanktionen gegen Moskau als nutzlos und sch\u00e4dlich f\u00fcr sein eigenes Land bezeichnet hatte. Dass er ein Veto gegen einen ukrainischen Antrag auf Beitritt zur NATO eingelegt und sich geweigert hatte, die Waffenlieferungen seiner Vorg\u00e4ngerregierung an die Ukraine fortzusetzen. Zugleich hatte er bez\u00fcglich des westlichen Narrativs kein Blatt vor den Mund genommen und erkl\u00e4rt:<\/p>\n<ul>\n<li>dass der Krieg in der Ukraine deshalb begonnen habe, weil Neonazis den Donbass terrorisierten;<\/li>\n<li>dass nach dem Zusammenbruch der Sowjetunion Russland versprochen worden sei, die NATO w\u00fcrde keinen Zentimeter nach Osten expandieren;<\/li>\n<li>dass die Mitgliedschaft der Ukraine den Dritten Weltkrieg mit Russland ausl\u00f6sen k\u00f6nnte;<\/li>\n<li>dass er sich den Kr\u00e4ften des globalen Neoliberalismus widersetze, die, wie er sagte, sein Land bedrohten.<\/li>\n<\/ul>\n<p>Der Fico-Attent\u00e4ter, der aus der Menge heraus auf sein Opfer geschossen hatte, konnte noch vor Ort festgenommen werden. Mehrere slowakische und internationale Medien berichten, dass es sich bei dem 71-j\u00e4hrigen Mann um Juraj C. gehandelt habe, einen Schriftsteller und Anh\u00e4nger der neoliberalen, pro-westlichen Oppositionspartei &#8222;Progressive Slowakei&#8220;. Eine offizielle Best\u00e4tigung dieser Angaben gibt es zum Zeitpunkt des Redaktionsschlusses noch nicht. Dennoch werden in sozialen Medien diese bruchst\u00fcckhaften Angaben bereits in komplexere, wenn auch diametral entgegengesetzte Narrative eingearbeitet:<\/p>\n<p>Der EU\/NATO-Propagandist und Unterst\u00fctzer der Ukraine-Nazis, der Attent\u00e4ter Juraj C., wollte Fico aus dem Wege r\u00e4umen, wozu er wom\u00f6glich mit allerlei Versprechungen angestiftet wurde.<\/p>\n<p>Im Gegensatz dazu wird auf anderen Social-Media-Kan\u00e4len das Narrativ verbreitet, dass Juraj C. ein Rechtsextremist mit Kontakten nach Russland sei und der Kreml ihm anscheinend den Auftrag gegeben habe, Fico zu eliminieren, weil der nicht sch\u00e4rfer gegen die NATO vorgegangen sei.<\/p>\n<p>Wie man sieht, sowohl Freunde als auch Feinde von Fico haben den Mordversuch bereits \u00f6ffentlich mit dessen anti-US\/NATO-Politik in Verbindung gebracht. Nat\u00fcrlich kann man in diesem Stadium der Ermittlungen noch nicht sicher sein, wer hinter dem Anschlag steckt. Aber wenn wir auch noch nicht wissen, wer dahintersteckt, wissen wir doch, wer von der Eliminierung Ficos profitiert h\u00e4tte und wer klammheimlich den Mordversuch zu rechtfertigen sucht.<\/p>\n<p>Zuerst sollten wir und das geopolitische Umfeld anschauen, in dem das Attentat stattgefunden hat. Der Mordanschlag auf Fico ist wahrscheinlich das am meisten beunruhigende Ereignis aus einer F\u00fclle von weiteren omin\u00f6sen Anzeichen f\u00fcr die Zukunft der EU. Dazu geh\u00f6rt die rasche Verschlechterung des Zustands der Demokratie in den meisten europ\u00e4ischen L\u00e4ndern, dazu geh\u00f6rt die Umschreibung der Geschichte und die schrittweise Rehabilitation der historischen Rolle der deutschen Nazis und der Faschisten in anderen L\u00e4ndern Europas.<\/p>\n<p>Zugleich ist da die Absicht m\u00e4chtiger Kreise im kollektiven Westen, ihre Intervention in der Ukraine zu eskalieren. Wir erinnern uns an die Rechtfertigung der Lieferung von Waffen, die tief in russisches Territorium eindringen k\u00f6nnen; an Macrons \u00c4u\u00dferungen \u00fcber die Entsendung franz\u00f6sischer Truppen in die Ukraine; an die Erkl\u00e4rung des polnischen Au\u00dfenministers, dass es keine diplomatische L\u00f6sung f\u00fcr das ukrainische Problem gebe;\u00a0und an viele andere provokative Ma\u00dfnahmen und Erkl\u00e4rungen.<\/p>\n<p>Objektiv ist die aktuelle Politik des kollektiven Westens gegen Russland eine Vorbereitung auf einen Weltkrieg, egal ob das den westlichen Akteuren subjektiv bewusst ist oder nicht. Diese Politik soll die \u00d6ffentlichkeit vor allem vor den wachsenden, zunehmend unkontrollierbaren und unheilbaren Problemen im Inneren des kollektiven Westens ablenken. Die erfolgreiche Durchf\u00fchrung einer solchen Politik setzt allerdings die &#8222;S\u00e4uberung&#8220; des Westens von jeglichem &#8222;Dissens&#8220; auf der politischen Ebene voraus, sowie die gewaltsame Unterdr\u00fcckung aller Demonstranten auf der Stra\u00dfe. Und zu diesen disziplinarischen Vorbereitungen geh\u00f6ren offenbar auch gro\u00dfe Terroranschl\u00e4ge, wie zum Beispiel die Sprengung der Nord-Stream-Pipeline, oder die j\u00fcngste Attacke in Moskau, die an die Anschl\u00e4ge der NATO-Untergrundarmee\u00a0&#8222;Gladio&#8220; vor 50 Jahren erinnern.<\/p>\n<p>Vor diesem Hintergrund ragen die politischen und wirtschaftlichen Positionen des slowakischen Ministerpr\u00e4sidenten Fico und seines ungarischen Amtskollegen Orb\u00e1n wie zwei in die H\u00f6he gestreckten Daumen empor. Die sich \u00fcber den ideologisch eingeebneten EU\/NATO-Tischrand hervorheben, und von denen einer am Mittwoch, dem 15. Mai 2024, abgeschnitten werden sollte.<\/p>\n<p>Eins steht jetzt schon fest: Unabh\u00e4ngig davon, wer die Hand des Attent\u00e4ters bewaffnet und gef\u00fchrt hat, selbst der gescheiterte Mordversuch wird dazu dienen, jeden internationalen Politiker zu warnen, der sich von Amerika oder der EU distanzieren will. Niemand kann sich in Sicherheit wiegen, denn das Attentat auf Fico war nicht das erste auf einen europ\u00e4ischen Premierminister, der sich US-&#8222;W\u00fcnschen&#8220; widersetzt hat; man denke nur an die bis heute unaufgekl\u00e4rte Ermordung des schwedischen Premierministers Olof Palme auf offener Stra\u00dfe. Aber es muss nicht immer gleich Mord sein. Erst k\u00fcrzlich h\u00e4tte der ungarische Premierminister in der <em>Financial Times<\/em> \u00fcber das von dieser Zeitung enth\u00fcllte, geheime Vorhaben der EU lesen k\u00f6nnen, wonach Br\u00fcssel plante, die ungarische Wirtschaft zu zerst\u00f6ren, falls Orb\u00e1n weiter darauf bestehen sollte, sein Veto gegen die EU-&#8222;Hilfe&#8220; f\u00fcr die Ukraine einzulegen.<\/p>\n<p>Wie schon oben angedeutet, war Fico ein schmerzhafter Dorn im Fleisch der gleichgeschalteten US\/NATO\/EU-Regierungseliten. Er kritisierte die Politik der slowakischen Vorg\u00e4ngerregierung, Waffen an die Ukraine zu liefern, um dann neue Waffen in Amerika zu bestellen, und die Sozialausgaben zu k\u00fcrzen, um diese Waffen zu bezahlen. Fico versprach auch, das Verteidigungsabkommen mit den USA einer \u00dcberarbeitung zu unterziehen.<\/p>\n<p>Fico bezeichnete den Konflikt in der Ukraine als Stellvertreterkrieg zwischen den USA und Russland und forderte die NATO und die EU auf, sofort zu deeskalieren und auf Friedensgespr\u00e4che zu dr\u00e4ngen. Er forderte, dass die Ukraine sowohl von Russland als auch von der NATO Sicherheitsgarantien erh\u00e4lt und zu einer Pufferzone zwischen Ost und West wird. In diesem Zusammenhang sei darauf hingewiesen, dass Fico auch den Irak-Krieg kritisiert\u00a0und w\u00e4hrend seiner fr\u00fcheren Amtszeit die slowakischen Truppen aus dem Irak abgezogen hat.<\/p>\n<p>So wurde Fico zu einem der wenigen europ\u00e4ischen Staats- und Regierungschefs, die eine Politik machen, die\u00a0den W\u00fcnschen der Mehrheit der Menschen des Landes entspricht und nicht den W\u00fcnschen der transnationalen, neoliberalen Machtzentren, die heute die europ\u00e4ischen Politiker kontrollieren. Zwischen 60 und 70\u00a0Prozent der Slowaken bef\u00fcrworten gute Beziehungen zu Russland, w\u00e4hrend 66\u00a0Prozent\u00a0der Meinung sind, dass die Vereinigten Staaten das Land in einen Konflikt mit Russland treiben.<\/p>\n<p>Wegen seiner vom Konsens des kollektiven Westens abweichenden Politik ist Fico nat\u00fcrlich das &#8222;schwarze Schaf&#8220; der westlichen &#8222;Qualit\u00e4tsmedien&#8220; geworden. Bereits seine Wahl zum Ministerpr\u00e4sidenten bezeichneten sie (etwa <em>CNN<\/em>) als ernsthafte geopolitische Bedrohung f\u00fcr die NATO und denunzierten ihn als &#8222;Populisten&#8220; und &#8222;Nationalisten&#8220;. Tats\u00e4chlich ist Fico einer der wenigen erfolgreichen Linkspolitiker f\u00fcr Frieden und soziale Gerechtigkeit in einer Zeit, in der die als &#8222;links&#8220; firmierenden Parteien in ganz Europa zu Wassertr\u00e4gern des Neoliberalismus degeneriert sind und zu Recht eine Niederlage nach der anderen einstecken m\u00fcssen.<\/p>\n<p>Einige westliche &#8222;Qualit\u00e4tsmedien&#8220; scheinen Schwierigkeiten zu haben, ihre klammheimliche Freude \u00fcber den Mordversuch an Fico zu verbergen. So machte heute, am 16. Mai,\u00a0der Journalist Glenn Greenwald zum Beispiel auf\u00a0den Beitrag eines popul\u00e4ren britischen <a href=\"https:\/\/twitter.com\/i\/status\/1790765583711297690\">TV-Kanals aufmerksam<\/a>:<\/p>\n<blockquote><p><em>&#8222;H\u00f6ren Sie sich diesen Bericht von Sky News \u00fcber die Sch\u00fcsse auf Robert Fico an. Nicht nur, dass sie es fast rechtfertigen, weil er gegen die Hilfe f\u00fcr die Ukraine ist, sie unterstellen ihm auch beil\u00e4ufig, dass er vom Kreml bezahlt wird. Diese beil\u00e4ufige Anschuldigung ist im Westen weit verbreitet und giftig.&#8220;<\/em><\/p><\/blockquote>\n<p>In dem betreffenden <em>Sky<\/em>-Beitrag wird Fico als &#8222;sehr pro-russisch&#8220; bezeichnet.\u00a0Es sei daher &#8222;nicht \u00fcberraschend&#8220;, dass der Anschlag gegen ihn stattgefunden habe.<\/p>\n<blockquote class=\"twitter-tweet\" data-width=\"550\" data-dnt=\"true\">\n<p lang=\"en\" dir=\"ltr\">Unsurprisingly, Sky News has literally justified the assassination attempt on Slovakian PM Robert Fico. Despicable ghouls.<\/p>\n<p>Reposting it, because the previous one has &quot;mysteriously disappeared&quot;. <a href=\"https:\/\/t.co\/JXPGJzgnTF\">pic.twitter.com\/JXPGJzgnTF<\/a><\/p>\n<p>&mdash; Olga Bazova (@OlgaBazova) <a href=\"https:\/\/twitter.com\/OlgaBazova\/status\/1790765583711297690?ref_src=twsrc%5Etfw\">May 15, 2024<\/a><\/p><\/blockquote>\n<p><script async src=\"https:\/\/platform.twitter.com\/widgets.js\" charset=\"utf-8\"><\/script><\/p>\n<div class=\"EmbedBlock-root EmbedBlock-twitter\">\n<div class=\"TwitterEmbed\">\n<div class=\"twitter-tweet twitter-tweet-rendered\">Westliche Staats- und Regierungschefs sind jedoch bem\u00fcht, sich emp\u00f6rt \u00fcber das Attentat zu zeigen und in offiziellen Erkl\u00e4rungen vergie\u00dfen sie Krokodilstr\u00e4nen:<\/div>\n<\/div>\n<\/div>\n<blockquote><p>&#8222;Schockiert und entsetzt \u00fcber das Attentat gegen Premierminister Robert Fico. Ich w\u00fcnsche ihm Kraft f\u00fcr eine baldige Genesung. Meine Gedanken sind bei Robert Fico, seinen Lieben und dem slowakischen Volk&#8220;,<\/p><\/blockquote>\n<p>twitterte\u00a0etwa NATO-Chef Jens Stoltenberg auf X.<\/p>\n<p style=\"text-align: right;\"><em>Rainer Rupp ist Mitglied des Beirats des Deutschen Freidenker-Verbandes<\/em><\/p>\n<hr \/>\n<p><span style=\"font-size: 10pt;\">Bild oben: Robert Fico, 2016<\/span><br \/>\n<span style=\"font-size: 10pt;\">Foto: \u00a9 European Union, 2024, <a href=\"https:\/\/creativecommons.org\/licenses\/by\/4.0\" target=\"_blank\" rel=\"noopener\">CC BY 4.0<\/a><\/span><br \/>\n<span style=\"font-size: 10pt;\">Quelle: <a href=\"https:\/\/commons.wikimedia.org\/w\/index.php?curid=147005006\" target=\"_blank\" rel=\"noopener\">https:\/\/commons.wikimedia.org\/w\/index.php?curid=147005006<\/a><\/span><\/p>\n","protected":false},"excerpt":{"rendered":"<p><b>Beitrag von Rainer Rupp<\/b><br \/>\nIn Herrn Borells wundersamem &#8222;Garten Europa&#8220;, wo die US-diktierte &#8222;regelbasierte Ordnung&#8220; herrscht, wird man schnell zur Zielscheibe, wenn man als f\u00fchrender Politiker die Wahrheit sagt, oder seinem Gewissen folgt und die Souver\u00e4nit\u00e4t des eigenen Landes bzw. die vitalen Interessen des eigenen Volkes verteidigt. Mit Kommentaren dieser Art haben nationale und internationale Freunde und Unterst\u00fctzer Ficos auf das Attentat gegen ihn reagiert. Der war am Mittwoch [15.05.2024], von Sch\u00fcssen mehrfach getroffen, schwer verletzt in ein Krankenhaus geflogen worden, wo \u00c4rzte stundenlang um sein Leben k\u00e4mpften. Ficos Anh\u00e4nger erkl\u00e4ren den Mordversuch damit, dass er die US\/NATO\/EU-Sanktionen gegen Moskau als nutzlos und sch\u00e4dlich f\u00fcr sein eigenes Land bezeichnet hatte. <\/p>\n","protected":false},"author":3,"featured_media":19146,"comment_status":"closed","ping_status":"closed","sticky":false,"template":"","format":"standard","meta":{"colormag_page_container_layout":"default_layout","colormag_page_sidebar_layout":"default_layout","advanced_seo_description":"","jetpack_seo_html_title":"","jetpack_seo_noindex":false,"jetpack_post_was_ever_published":false,"footnotes":""},"categories":[12],"tags":[1046,1587,182,2156,56,222,719,1956,639,185,1525],"class_list":["post-19143","post","type-post","status-publish","format-standard","has-post-thumbnail","hentry","category-demokratie-medien-aufklaerung","tag-3-weltkrieg","tag-anschlag","tag-eu","tag-ministerpraesident","tag-nato","tag-russland","tag-sanktionen","tag-slowakei","tag-ukraine-konflikt","tag-usa","tag-waffenlieferungen"],"jetpack_featured_media_url":"https:\/\/i0.wp.com\/www.freidenker.org\/fw17\/wp-content\/uploads\/2024\/05\/Robert_Fico_-_2016_P032075006401-645741_800x450.jpg?fit=800%2C450&ssl=1","jetpack_shortlink":"https:\/\/wp.me\/p9stpK-4YL","jetpack-related-posts":[{"id":7481,"url":"https:\/\/www.freidenker.org\/?p=7481","url_meta":{"origin":19143,"position":0},"title":"\u201eKeine Bedrohung? Dann schaff eine!\u201c","author":"Webredaktion","date":"29. Januar 2020","format":false,"excerpt":"Ex-DDR-Spion erkl\u00e4rt Zweck von Nato-Gro\u00df\u00fcbungen - Interview mit Rainer Rupp von Paul Linke Auf dem H\u00f6hepunkt des Kalten Krieges arbeitete Reiner Rupp in einer f\u00fchrenden Position f\u00fcr die Nato. Dabei verhinderte er durch seine Informanten-T\u00e4tigkeit f\u00fcr die DDR m\u00f6glicherweise einen Atomkrieg. 37 Jahre danach warnt der Ex-Spion vor einem \u00e4hnlichen\u2026","rel":"","context":"In &quot;Frieden - Antifaschismus - Solidarit\u00e4t&quot;","block_context":{"text":"Frieden - Antifaschismus - Solidarit\u00e4t","link":"https:\/\/www.freidenker.org\/?cat=13"},"img":{"alt_text":"","src":"https:\/\/i0.wp.com\/www.freidenker.org\/fw17\/wp-content\/uploads\/2020\/02\/The_U.S._Army_-_www.Army_.mil_262_800x445.jpg?fit=800%2C445&ssl=1&resize=350%2C200","width":350,"height":200,"srcset":"https:\/\/i0.wp.com\/www.freidenker.org\/fw17\/wp-content\/uploads\/2020\/02\/The_U.S._Army_-_www.Army_.mil_262_800x445.jpg?fit=800%2C445&ssl=1&resize=350%2C200 1x, https:\/\/i0.wp.com\/www.freidenker.org\/fw17\/wp-content\/uploads\/2020\/02\/The_U.S._Army_-_www.Army_.mil_262_800x445.jpg?fit=800%2C445&ssl=1&resize=525%2C300 1.5x, https:\/\/i0.wp.com\/www.freidenker.org\/fw17\/wp-content\/uploads\/2020\/02\/The_U.S._Army_-_www.Army_.mil_262_800x445.jpg?fit=800%2C445&ssl=1&resize=700%2C400 2x"},"classes":[]},{"id":497,"url":"https:\/\/www.freidenker.org\/?p=497","url_meta":{"origin":19143,"position":1},"title":"FREIDENKER 4-07 &#8211; Weltzivilisation im W\u00fcrgegriff der Superreichen","author":"Webmaster","date":"16. Dezember 2007","format":false,"excerpt":"Die Ausgabe 4-07 des Verbandsorgans FREIDENKER hat das Schwerpunkt-Thema \u201eWeltzivilisation im W\u00fcrgegriff der Superreichen\u201c und enth\u00e4lt u.a folgende Beitr\u00e4ge: - Rainer Rupp: Die M\u00e4chtigen und ihre ,heilige Ordnung\u2018 - Klaus von Raussendorff: Wer regiert die Welt? - Christian Christians: Au\u00dfenpolitische Denkfabriken und Netzwerke - Cathrin Sch\u00fctz: \u201eNicht\u201c-Regierungs-organisationen? - Bernd Fricke:\u2026","rel":"","context":"In &quot;Verbandsorgan FREIDENKER&quot;","block_context":{"text":"Verbandsorgan FREIDENKER","link":"https:\/\/www.freidenker.org\/?cat=8"},"img":{"alt_text":"","src":"https:\/\/i0.wp.com\/www.freidenker.org\/fw17\/wp-content\/uploads\/2017\/12\/FD_2007-04_Titel_mR.jpg?fit=800%2C445&ssl=1&resize=350%2C200","width":350,"height":200,"srcset":"https:\/\/i0.wp.com\/www.freidenker.org\/fw17\/wp-content\/uploads\/2017\/12\/FD_2007-04_Titel_mR.jpg?fit=800%2C445&ssl=1&resize=350%2C200 1x, https:\/\/i0.wp.com\/www.freidenker.org\/fw17\/wp-content\/uploads\/2017\/12\/FD_2007-04_Titel_mR.jpg?fit=800%2C445&ssl=1&resize=525%2C300 1.5x, https:\/\/i0.wp.com\/www.freidenker.org\/fw17\/wp-content\/uploads\/2017\/12\/FD_2007-04_Titel_mR.jpg?fit=800%2C445&ssl=1&resize=700%2C400 2x"},"classes":[]},{"id":12557,"url":"https:\/\/www.freidenker.org\/?p=12557","url_meta":{"origin":19143,"position":2},"title":"Trag\u00f6die in der Ukraine w\u00e4re per Diplomatie vermeidbar gewesen","author":"Webredaktion","date":"8. April 2022","format":false,"excerpt":"Beitrag von Rainer Rupp Wenn die Nachricht des Wall Street Journal stimmt, dann hat die Zeitung einen riesigen, menschenverachtenden Skandal enth\u00fcllt. Denn das Sterben von Tausenden und das Leid von zig Tausenden Menschen in der Ukraine, egal auf welcher Seite, erscheint aufgrund der Wall-Street-Journal-Enth\u00fcllung in einem ganz anderen Licht. Die\u2026","rel":"","context":"In &quot;Frieden - Antifaschismus - Solidarit\u00e4t&quot;","block_context":{"text":"Frieden - Antifaschismus - Solidarit\u00e4t","link":"https:\/\/www.freidenker.org\/?cat=13"},"img":{"alt_text":"","src":"https:\/\/i0.wp.com\/www.freidenker.org\/fw17\/wp-content\/uploads\/2022\/04\/gebaeude_mariupol_800x450.jpg?fit=800%2C450&ssl=1&resize=350%2C200","width":350,"height":200,"srcset":"https:\/\/i0.wp.com\/www.freidenker.org\/fw17\/wp-content\/uploads\/2022\/04\/gebaeude_mariupol_800x450.jpg?fit=800%2C450&ssl=1&resize=350%2C200 1x, https:\/\/i0.wp.com\/www.freidenker.org\/fw17\/wp-content\/uploads\/2022\/04\/gebaeude_mariupol_800x450.jpg?fit=800%2C450&ssl=1&resize=525%2C300 1.5x, https:\/\/i0.wp.com\/www.freidenker.org\/fw17\/wp-content\/uploads\/2022\/04\/gebaeude_mariupol_800x450.jpg?fit=800%2C450&ssl=1&resize=700%2C400 2x"},"classes":[]},{"id":9033,"url":"https:\/\/www.freidenker.org\/?p=9033","url_meta":{"origin":19143,"position":3},"title":"H\u00e4ssliche Fratzen hinter frommem Antlitz der EU-Menschenrechtsritter","author":"Webredaktion","date":"19. Dezember 2020","format":false,"excerpt":"Ein Kommentar von Rainer Rupp. Am Montag dieser Woche, am 7. Dezember, haben sich die Au\u00dfenminister der EU-Mitgliedstaaten \u00fcber neue Ma\u00dfnahmen der Europ\u00e4ischen Union verst\u00e4ndigt, um L\u00e4nder au\u00dferhalb der EU bei Menschenrechtsverletzungen schneller mit Strafen zu sanktionieren. Bei L\u00e4ndern in der EU, wie z.B. bei den groben Menschenrechtsverletzungen einschlie\u00dflich Folter\u2026","rel":"","context":"In &quot;Demokratie \u2013 Medien \u2013 Aufkl\u00e4rung&quot;","block_context":{"text":"Demokratie \u2013 Medien \u2013 Aufkl\u00e4rung","link":"https:\/\/www.freidenker.org\/?cat=12"},"img":{"alt_text":"","src":"https:\/\/i0.wp.com\/www.freidenker.org\/fw17\/wp-content\/uploads\/2020\/12\/Assange_demo_uz_800x450.jpg?fit=800%2C450&ssl=1&resize=350%2C200","width":350,"height":200,"srcset":"https:\/\/i0.wp.com\/www.freidenker.org\/fw17\/wp-content\/uploads\/2020\/12\/Assange_demo_uz_800x450.jpg?fit=800%2C450&ssl=1&resize=350%2C200 1x, https:\/\/i0.wp.com\/www.freidenker.org\/fw17\/wp-content\/uploads\/2020\/12\/Assange_demo_uz_800x450.jpg?fit=800%2C450&ssl=1&resize=525%2C300 1.5x, https:\/\/i0.wp.com\/www.freidenker.org\/fw17\/wp-content\/uploads\/2020\/12\/Assange_demo_uz_800x450.jpg?fit=800%2C450&ssl=1&resize=700%2C400 2x"},"classes":[]},{"id":7214,"url":"https:\/\/www.freidenker.org\/?p=7214","url_meta":{"origin":19143,"position":4},"title":"Trump allein zu Haus, belauert vom Tiefen Staat","author":"Webredaktion","date":"14. November 2019","format":false,"excerpt":"Beitrag von Rainer Rupp Seit fast 3 Jahren wird US-Pr\u00e4sident Trump bei seinen friedenspolitischen Initiativen ausgebremst, nicht selten von Gegnern in den eigenen Reihen im Wei\u00dfen Haus. Zugleich werden mit unvorstellbaren Schmutzkampagnen sowohl sein Ansehen als Person als auch seine politische Autorit\u00e4t als US-Pr\u00e4sident systematisch untergraben. ... Bereits als es\u2026","rel":"","context":"In &quot;Frieden - Antifaschismus - Solidarit\u00e4t&quot;","block_context":{"text":"Frieden - Antifaschismus - Solidarit\u00e4t","link":"https:\/\/www.freidenker.org\/?cat=13"},"img":{"alt_text":"","src":"https:\/\/i0.wp.com\/www.freidenker.org\/fw17\/wp-content\/uploads\/2019\/11\/trump-2546104_800x445.jpg?fit=800%2C445&ssl=1&resize=350%2C200","width":350,"height":200,"srcset":"https:\/\/i0.wp.com\/www.freidenker.org\/fw17\/wp-content\/uploads\/2019\/11\/trump-2546104_800x445.jpg?fit=800%2C445&ssl=1&resize=350%2C200 1x, https:\/\/i0.wp.com\/www.freidenker.org\/fw17\/wp-content\/uploads\/2019\/11\/trump-2546104_800x445.jpg?fit=800%2C445&ssl=1&resize=525%2C300 1.5x, https:\/\/i0.wp.com\/www.freidenker.org\/fw17\/wp-content\/uploads\/2019\/11\/trump-2546104_800x445.jpg?fit=800%2C445&ssl=1&resize=700%2C400 2x"},"classes":[]},{"id":20006,"url":"https:\/\/www.freidenker.org\/?p=20006","url_meta":{"origin":19143,"position":5},"title":"Die Marionettenshow im Wei\u00dfen Haus","author":"Webredaktion","date":"5. Oktober 2024","format":false,"excerpt":"Beitrag von Rainer Rupp Niemand, weder in Bonn noch in Berlin noch bei EU und NATO in Br\u00fcssel, wirklich niemand scheint sich daf\u00fcr zu interessieren, wer tats\u00e4chlich in Washington die Entscheidungen \u00fcber Krieg und Frieden f\u00e4llt. Stattdessen wird man an Andersens M\u00e4rchen vom nackten Kaiser mit seinen unsichtbaren, aber pr\u00e4chtigen\u2026","rel":"","context":"In &quot;Demokratie \u2013 Medien \u2013 Aufkl\u00e4rung&quot;","block_context":{"text":"Demokratie \u2013 Medien \u2013 Aufkl\u00e4rung","link":"https:\/\/www.freidenker.org\/?cat=12"},"img":{"alt_text":"","src":"https:\/\/i0.wp.com\/www.freidenker.org\/fw17\/wp-content\/uploads\/2024\/10\/Biden_Marionette_800x450.jpg?fit=800%2C450&ssl=1&resize=350%2C200","width":350,"height":200,"srcset":"https:\/\/i0.wp.com\/www.freidenker.org\/fw17\/wp-content\/uploads\/2024\/10\/Biden_Marionette_800x450.jpg?fit=800%2C450&ssl=1&resize=350%2C200 1x, https:\/\/i0.wp.com\/www.freidenker.org\/fw17\/wp-content\/uploads\/2024\/10\/Biden_Marionette_800x450.jpg?fit=800%2C450&ssl=1&resize=525%2C300 1.5x, https:\/\/i0.wp.com\/www.freidenker.org\/fw17\/wp-content\/uploads\/2024\/10\/Biden_Marionette_800x450.jpg?fit=800%2C450&ssl=1&resize=700%2C400 2x"},"classes":[]}],"_links":{"self":[{"href":"https:\/\/www.freidenker.org\/index.php?rest_route=\/wp\/v2\/posts\/19143","targetHints":{"allow":["GET"]}}],"collection":[{"href":"https:\/\/www.freidenker.org\/index.php?rest_route=\/wp\/v2\/posts"}],"about":[{"href":"https:\/\/www.freidenker.org\/index.php?rest_route=\/wp\/v2\/types\/post"}],"author":[{"embeddable":true,"href":"https:\/\/www.freidenker.org\/index.php?rest_route=\/wp\/v2\/users\/3"}],"replies":[{"embeddable":true,"href":"https:\/\/www.freidenker.org\/index.php?rest_route=%2Fwp%2Fv2%2Fcomments&post=19143"}],"version-history":[{"count":0,"href":"https:\/\/www.freidenker.org\/index.php?rest_route=\/wp\/v2\/posts\/19143\/revisions"}],"wp:featuredmedia":[{"embeddable":true,"href":"https:\/\/www.freidenker.org\/index.php?rest_route=\/wp\/v2\/media\/19146"}],"wp:attachment":[{"href":"https:\/\/www.freidenker.org\/index.php?rest_route=%2Fwp%2Fv2%2Fmedia&parent=19143"}],"wp:term":[{"taxonomy":"category","embeddable":true,"href":"https:\/\/www.freidenker.org\/index.php?rest_route=%2Fwp%2Fv2%2Fcategories&post=19143"},{"taxonomy":"post_tag","embeddable":true,"href":"https:\/\/www.freidenker.org\/index.php?rest_route=%2Fwp%2Fv2%2Ftags&post=19143"}],"curies":[{"name":"wp","href":"https:\/\/api.w.org\/{rel}","templated":true}]}}