{"id":19130,"date":"2024-05-20T21:10:17","date_gmt":"2024-05-20T19:10:17","guid":{"rendered":"https:\/\/www.freidenker.org\/?p=19130"},"modified":"2024-06-14T13:20:54","modified_gmt":"2024-06-14T11:20:54","slug":"wenn-eu-generaele-fantasieren","status":"publish","type":"post","link":"https:\/\/www.freidenker.org\/?p=19130","title":{"rendered":"Wenn EU-Gener\u00e4le fantasieren"},"content":{"rendered":"<div class=\"ArticleView-summary\">\n<div class=\"Text-root Text-type_1 \"><strong>Nat\u00fcrlich muss immer nachgelegt werden, nicht nur, um die Akzeptanz von Waffenlieferungen und R\u00fcstungsk\u00e4ufen zu erh\u00f6hen, sondern auch, um das Spielfeld f\u00fcr Wehrpflicht und Kriegseins\u00e4tze auszuweiten. Aber das mit den Ausbildungen in der Ukraine ist eine Schnapsidee.<\/strong><\/div>\n<\/div>\n<div class=\"ArticleView-coverWrap\"><\/div>\n<div class=\"Text-root Text-type_5 ArticleView-text ViewText-root \">\n<p><em>Von <strong>Dagmar Henn<\/strong><\/em><\/p>\n<p><span style=\"font-size: 10pt;\">Erstver\u00f6ffentlichung am 17.05.2023 auf <a href=\"https:\/\/freedert.online\/meinung\/206125-wenn-eu-generaele-fantasieren\/\" target=\"_blank\" rel=\"noopener\">RT DE<\/a><\/span><\/p>\n<p>Wenn die Lage nicht so w\u00e4re, wie sie ist, dann m\u00fcsste man sich angesichts der \u00dcberlegungen in der EU, die Ausbildungsmission, bei der EU-Armeen ukrainische Soldaten ausbilden, auf das Gebiet der Ukraine auszuweiten, Sorgen machen. Weil nat\u00fcrlich in den bekannten historischen F\u00e4llen die entsandten Ausbilder nur der Einstieg waren und die Truppen dann hinterherkamen. Wie eben bei den US-Amerikanern in Vietnam. Und die ganze Debatte rund um die lauten \u00dcberlegungen des franz\u00f6sischen Pr\u00e4sidenten Emmanuel Macron \u00fcber die Entsendung franz\u00f6sischer Soldaten in die Ukraine erinnert an die klassische Art und Weise, wie man die Bev\u00f6lkerungen f\u00fcr solche Dinge weichkocht. Schlie\u00dflich hatte der deutsche Wirtschaftsminister Robert Habeck gegen Macrons \u00dcberlegungen nur einen Einwand \u2013 dass er das Thema h\u00f6chst ungeschickt lanciert habe.<\/p>\n<p>Abgesehen davon, dass die Milit\u00e4rberater schon sehr, sehr lange in der Ukraine sind, weil es schon 2014 ein Interview mit dem deutschen Oberst Axel Schneider gab, der wenige Tage darauf als &#8222;OSZE-Beobachter&#8220; in Slawjansk landete, in dem er dem <em>Bayerischen Rundfunk<\/em> seine Aufgaben erl\u00e4uterte, und da ging es um die &#8222;\u00dcberpr\u00fcfung der Kampfbereitschaft&#8220;. Keine Aufgabe, die auf der Liste von Beobachtern nach dem Wiener Abkommen steht. Aber eine ganz typische T\u00e4tigkeit f\u00fcr Milit\u00e4rberater. Das liegt schon zehn Jahre zur\u00fcck. Damals wollte \u00fcbrigens Ursula von der Leyen, noch deutsche Verteidigungsministerin, unbedingt das KSK nach Slawjansk schicken. Und ihr damaliger Adjutant Christian Freuding ist heute bei der Bundeswehr f\u00fcr die Ukraine zust\u00e4ndig.<\/p>\n<p>Nein, es ist ganz klar, dass die Lieferung von HIMARS-Raketenwerfern, selbst die von Leopard-Panzern, nicht ohne entsprechend ausgebildetes Personal geht. Besonders lustig d\u00fcrfte das bei den F\u00a016 werden, sofern die \u00fcberhaupt eintreffen, solange es noch eine Ukraine gibt. Da ist n\u00e4mlich fast ausgeschlossen, dass ukrainische Piloten sie fliegen.<\/p>\n<p>Der Grund? Der k\u00fcnstliche Horizont, ein ganz entscheidendes Instrument, um ein Flugzeug nicht versehentlich in den Boden zu bohren, ist bei den MiG- und Su-Flugzeugen, auf denen ukrainische Piloten ausgebildet wurden, ganz anders aufgebaut als bei westlichen Modellen. Im einen Fall ist die Ebene des Flugzeugs starr, und der Horizont bewegt sich, im anderen bewegt sich der Horizont \u2026 was unter normalen Umst\u00e4nden durch Gewohnheit kompensiert werden kann.<\/p>\n<p>Allerdings, ein Flugzeug in einem Kampfeinsatz zu fliegen, in einem Kriegsgebiet, in dem der Gegner zuf\u00e4llig auch noch die beste Flugabwehr der Welt besitzt, das kann man nicht wirklich normale Umst\u00e4nde nennen. Je gr\u00f6\u00dfer der Stress, desto st\u00e4rker wird auf einge\u00fcbte Muster zur\u00fcckgegriffen, und das \u00e4lteste, erste ist in diesen F\u00e4llen immer das st\u00e4rkste. Was bedeutet, sobald er unter Beschuss geriete, w\u00fcrde ein ukrainischer F-16-Pilot genau falsch reagieren, was dann den Flug selbst ohne unmittelbare russische Treffer abrupt beenden w\u00fcrde. L\u00f6sen lie\u00dfe sich das nur durch Piloten, die gar nicht erst auf dem anderen System gelernt haben. Das hie\u00dfe aber, dass die ganze Ausbildung Jahre dauert. Die es bekanntlich nicht gibt.<\/p>\n<p>Auf jeden Fall ist es Nebelwerferei, so zu tun, als w\u00e4re bisher gar niemand in der Ukraine. Da d\u00fcrfte es l\u00e4ngst vor NATO-Personal wimmeln wie unter einem Stein im Garten vor Kellerasseln. Da werden doch auch die Anweisungen der NATO nicht nur alle paar Wochen einmal \u00fcber den Tisch geschoben, sondern t\u00e4glich, und das hei\u00dft zwangsl\u00e4ufig, vor Ort, genauso wie Zielkoordinaten. Es tun nur nach wie vor im Westen alle so, als w\u00e4re das nicht so, und Russland spielt bisher mit, wenn man mal von der einen oder anderen Bombe oder Rakete auf die entsprechenden Nester absieht. Wie war das noch einmal mit den CIA-St\u00fctzpunkten in der Ukraine? Das gibt so ungef\u00e4hr eine Ahnung, wie dicht die Best\u00fcckung beim \u00fcbrigen Personal sein d\u00fcrfte. Und es gibt l\u00e4ngst auch mehrfach das Eingest\u00e4ndnis dieser Tatsache.<\/p>\n<p>Die Ausgebildeten der ersten Runde, diejenigen, die letzten Sommer f\u00fcr die ukrainische Offensive zur\u00fcckgeschickt wurden und dort in ihren schnieken Leopard- oder Abrams-Panzern aufschlugen, d\u00fcrften inzwischen weit \u00fcberwiegend zur Erweiterung ukrainischer Friedh\u00f6fe beitragen. Nicht gerade das, was man im Neusprech &#8222;nachhaltig&#8220; nennt. Dieses Schicksal d\u00fcrfte zumindest jenen, die derzeit zur Ausbildung in der EU sind, vorerst erspart bleiben. Wenn sie Gl\u00fcck haben, ist die ukrainische Armee schneller am Ende als ihre Ausbildung.<\/p>\n<p>Die Debatte dar\u00fcber, ob jetzt in der Ukraine ausgebildet werden soll und nicht mehr in Deutschland oder Polen, k\u00f6nnte allerdings neben der reinen Propagandaabsicht noch zwei weitere m\u00f6gliche Hintergr\u00fcnde haben. Der erste: die ganzen Ausbildungen werden aus der Europ\u00e4ischen Friedensfazilit\u00e4t finanziert, einem EU-Sonderhaushalt, der eigentlich bis 2027 reichen sollte, aber inzwischen bereits ziemlich ausgesch\u00f6pft sein d\u00fcrfte (wobei man sich auch dabei fragen kann, woher die EU schon 2021 wusste, das sie so was brauchen w\u00fcrde). Und nachdem, wie die Bundeswehr so sch\u00f6n ausf\u00fchrte, auf zehn ukrainische Azubis sechzehn weitere Personen kommen, die zu bekochen oder f\u00fcr die zu \u00fcbersetzen ist, k\u00f6nnte es sein, dass schlicht eine Verlagerung in die Ukraine billiger ist. Dann ist n\u00e4mlich dieses ganze zus\u00e4tzliche Personal mit Ausnahme der EU-Offiziere auch ukrainisch und dementsprechend kosteng\u00fcnstiger.<\/p>\n<p>Schlie\u00dflich sind nicht mehr alle EU-Staaten willig, Geld in diesen Schlund zu werfen, und die letzte Entscheidung, das letzte &#8222;Ukraine-Hilfspaket&#8220; (ehrlicherweise m\u00fcsste man das Sterbehilfe nennen), das wurde nur noch m\u00fchsam beschlossen. Dabei ging es aber immer noch um Mittel aus diesem vorhandenen Sonderhaushalt. Sobald dieser ersch\u00f6pft ist, d\u00fcrfte es deutlich schwerer werden, weiteres Geld aufzutreiben.<\/p>\n<p>Oder aber, das w\u00e4re ein weiterer ernst zu nehmender Grund, der so nat\u00fcrlich nicht ausgesprochen w\u00fcrde \u2013 die Ausbildung von Truppen ist zu gro\u00dfen Teilen nicht der Job h\u00f6herer Offiziersr\u00e4nge. Das machen die Unteroffiziere. Aber auch die brauchen eine gewisse Erfahrung. Und es gibt Berichte, dass es in der Ukraine inzwischen schwierig ist, \u00fcberhaupt noch eine Grundausbildung f\u00fcr all das eingefangene Menschenmaterial durchzuf\u00fchren, weil die Verluste in den unteren Offiziersr\u00e4ngen so hoch sind. Es werden eben nicht nur die einfachen Soldaten verheizt. Es k\u00f6nnte also sein, dass diese \u00dcberlegungen in Wirklichkeit darauf abzielen, diese der Ukraine f\u00fcr die Ausbildung fehlenden Unteroffiziere zu ersetzen und das vor der EUMAM-Mission zu verbergen.<\/p>\n<p>Allerdings, allzu gro\u00dfe Sorgen machen muss man sich da nicht. Sollten die westlichen Staaten das dringende Bed\u00fcrfnis versp\u00fcren, nicht nur bis zum letzten Ukrainer zu k\u00e4mpfen, sondern noch nachzulegen, d\u00fcrfte eine Erweiterung von EUMAM da nicht viel n\u00fctzen. Wir reden hier schlie\u00dflich von Pl\u00e4nen f\u00fcr Anfang 2025. Da stecken entweder EU und NATO schon l\u00e4ngst mit allen vier Extremit\u00e4ten im dann gefrorenen ukrainischen Schlamm, oder Land wie Armee sind nicht mehr aufzufinden.<\/p>\n<p>Nachtrag 20.05.: ein Leser hat mich darauf hingewiesen, dass die EU mittlerweile zus\u00e4tzliche 5,5 Milliarden f\u00fcr die EPF beschlossen hat. Der finanzielle Grund ist also deutlich schw\u00e4cher.<\/p>\n<p style=\"text-align: right;\"><em>Dagmar Henn ist Mitglied des Deutschen Freidenker-Verbandes<\/em><\/p>\n<hr \/>\n<p><span style=\"font-size: 10pt;\">Bild oben: Rum\u00e4nische HIMARS-Raketenwerfer feuern w\u00e4hrend der \u00dcbung EAGLE ROYAL, Februar 2023<\/span><br \/>\n<span style=\"font-size: 10pt;\">Foto: \u00c9tat-major des arm\u00e9es &#8211; <a href=\"https:\/\/www.defense.gouv.fr\/operations\/actualites\/aigle-exercice-eagle-royal-campagne-tirs-dartillerie-au-sud-est-roumanie\" target=\"_blank\" rel=\"noopener\">https:\/\/www.defense.gouv.fr\/operations\/actualites\/aigle-exercice-eagle-royal-campagne-tirs-dartillerie-au-sud-est-roumanie<\/a>, Licence Ouverte (gemeinfrei)<\/span><br \/>\n<span style=\"font-size: 10pt;\">Quelle: <a href=\"https:\/\/commons.wikimedia.org\/w\/index.php?curid=129558113\" target=\"_blank\" rel=\"noopener\">https:\/\/commons.wikimedia.org\/w\/index.php?curid=129558113<\/a><\/span><\/p>\n<\/div>\n","protected":false},"excerpt":{"rendered":"<p><b>Beitrag von Dagmar Henn<\/b><br \/>\nWenn die Lage nicht so w\u00e4re, wie sie ist, dann m\u00fcsste man sich angesichts der \u00dcberlegungen in der EU, die Ausbildungsmission, bei der EU-Armeen ukrainische Soldaten ausbilden, auf das Gebiet der Ukraine auszuweiten, Sorgen machen. Weil nat\u00fcrlich in den bekannten historischen F\u00e4llen die entsandten Ausbilder nur der Einstieg waren und die Truppen dann hinterherkamen. Wie eben bei den US-Amerikanern in Vietnam. Und die ganze Debatte rund um die lauten \u00dcberlegungen des franz\u00f6sischen Pr\u00e4sidenten Emmanuel Macron \u00fcber die Entsendung franz\u00f6sischer Soldaten in die Ukraine erinnert an die klassische Art und Weise, wie man die Bev\u00f6lkerungen f\u00fcr solche Dinge weichkocht. Schlie\u00dflich hatte der deutsche Wirtschaftsminister Robert Habeck gegen Macrons \u00dcberlegungen nur einen Einwand \u2013 dass er das Thema h\u00f6chst ungeschickt lanciert habe.<\/p>\n","protected":false},"author":3,"featured_media":19132,"comment_status":"closed","ping_status":"closed","sticky":false,"template":"","format":"standard","meta":{"colormag_page_container_layout":"default_layout","colormag_page_sidebar_layout":"default_layout","advanced_seo_description":"","jetpack_seo_html_title":"","jetpack_seo_noindex":false,"jetpack_post_was_ever_published":false,"footnotes":""},"categories":[12],"tags":[182,339,2211,2213,56,222,2212,1111,639,1525],"class_list":["post-19130","post","type-post","status-publish","format-standard","has-post-thumbnail","hentry","category-demokratie-medien-aufklaerung","tag-eu","tag-kriegspropaganda","tag-militaerausbildung","tag-militaerhilfe","tag-nato","tag-russland","tag-streitkraefte","tag-ukraine","tag-ukraine-konflikt","tag-waffenlieferungen"],"jetpack_featured_media_url":"https:\/\/i0.wp.com\/www.freidenker.org\/fw17\/wp-content\/uploads\/2024\/05\/EAGLE_ROYAL_exercise_HIMARS_firing_800x450.jpg?fit=800%2C450&ssl=1","jetpack_shortlink":"https:\/\/wp.me\/p9stpK-4Yy","jetpack-related-posts":[{"id":24658,"url":"https:\/\/www.freidenker.org\/?p=24658","url_meta":{"origin":19130,"position":0},"title":"Kl\u00f6ckner und Selenskij: Zwei Illegitime beim freundlichen Plausch","author":"Webredaktion","date":"19. M\u00e4rz 2026","format":false,"excerpt":"Beitrag von Dagmar Henn Kein Wunder, dass sich Julia Kl\u00f6ckner und Wladimir Selenskij so sichtbar gut verstehen. Schlie\u00dflich haben sie eine wichtige Eigenschaft gemeinsam\u00a0\u2013 sie sitzen auf St\u00fchlen, die ihnen nicht zustehen. Selenskijs Amtszeit ist l\u00e4ngst abgelaufen, und Kl\u00f6ckner ist bekanntlich nur deshalb \u00fcberhaupt im Bundestag und kann dort Bundestagspr\u00e4sidentin\u2026","rel":"","context":"In &quot;Demokratie \u2013 Medien \u2013 Aufkl\u00e4rung&quot;","block_context":{"text":"Demokratie \u2013 Medien \u2013 Aufkl\u00e4rung","link":"https:\/\/www.freidenker.org\/?cat=12"},"img":{"alt_text":"","src":"https:\/\/i0.wp.com\/www.freidenker.org\/fw17\/wp-content\/uploads\/2026\/03\/Kloeckner_und_Selenskyj_5029050_800x450.jpg?fit=800%2C450&ssl=1&resize=350%2C200","width":350,"height":200,"srcset":"https:\/\/i0.wp.com\/www.freidenker.org\/fw17\/wp-content\/uploads\/2026\/03\/Kloeckner_und_Selenskyj_5029050_800x450.jpg?fit=800%2C450&ssl=1&resize=350%2C200 1x, https:\/\/i0.wp.com\/www.freidenker.org\/fw17\/wp-content\/uploads\/2026\/03\/Kloeckner_und_Selenskyj_5029050_800x450.jpg?fit=800%2C450&ssl=1&resize=525%2C300 1.5x, https:\/\/i0.wp.com\/www.freidenker.org\/fw17\/wp-content\/uploads\/2026\/03\/Kloeckner_und_Selenskyj_5029050_800x450.jpg?fit=800%2C450&ssl=1&resize=700%2C400 2x"},"classes":[]},{"id":18646,"url":"https:\/\/www.freidenker.org\/?p=18646","url_meta":{"origin":19130,"position":1},"title":"Warum Macron so auf Odessa fixiert ist","author":"Webredaktion","date":"31. M\u00e4rz 2024","format":false,"excerpt":"Von Dagmar Henn Bei den schwankenden \u00c4u\u00dferungen des franz\u00f6sischen Pr\u00e4sidenten Emmanuel Macron sticht ein Detail\u00a0ins Auge \u2013 immer wieder taucht Odessa auf. Nicht Kiew, nicht Charkow, nein, es scheint eine Befreiung Odessas zu sein, die um jeden Preis verhindert werden m\u00fcsse. \u00dcbrigens schreibe ich in diesem Fall ganz absichtlich explizit\u2026","rel":"","context":"In &quot;Demokratie \u2013 Medien \u2013 Aufkl\u00e4rung&quot;","block_context":{"text":"Demokratie \u2013 Medien \u2013 Aufkl\u00e4rung","link":"https:\/\/www.freidenker.org\/?cat=12"},"img":{"alt_text":"","src":"https:\/\/i0.wp.com\/www.freidenker.org\/fw17\/wp-content\/uploads\/2024\/03\/Emmanuel_Macron_-_51830991330_800x450.jpg?fit=800%2C450&ssl=1&resize=350%2C200","width":350,"height":200,"srcset":"https:\/\/i0.wp.com\/www.freidenker.org\/fw17\/wp-content\/uploads\/2024\/03\/Emmanuel_Macron_-_51830991330_800x450.jpg?fit=800%2C450&ssl=1&resize=350%2C200 1x, https:\/\/i0.wp.com\/www.freidenker.org\/fw17\/wp-content\/uploads\/2024\/03\/Emmanuel_Macron_-_51830991330_800x450.jpg?fit=800%2C450&ssl=1&resize=525%2C300 1.5x, https:\/\/i0.wp.com\/www.freidenker.org\/fw17\/wp-content\/uploads\/2024\/03\/Emmanuel_Macron_-_51830991330_800x450.jpg?fit=800%2C450&ssl=1&resize=700%2C400 2x"},"classes":[]},{"id":10896,"url":"https:\/\/www.freidenker.org\/?p=10896","url_meta":{"origin":19130,"position":2},"title":"Ein Pakt zum Pl\u00fcndern","author":"Webredaktion","date":"25. Juli 2021","format":false,"excerpt":"Die Einigung zwischen den USA und der Bundesrepublik zu Nord Stream 2 Beitrag von Dagmar Henn Die USA und die Bundesrepublik vertragen sich wieder, und Nord Stream 2 geht in Betrieb. Die Grundlage der Vers\u00f6hnung: gemeinsam die Osteurop\u00e4er bluten lassen ... wof\u00fcr die \"Energiewende\" gerade den rechten Vorwand liefert. ....\u2026","rel":"","context":"In &quot;Demokratie \u2013 Medien \u2013 Aufkl\u00e4rung&quot;","block_context":{"text":"Demokratie \u2013 Medien \u2013 Aufkl\u00e4rung","link":"https:\/\/www.freidenker.org\/?cat=12"},"img":{"alt_text":"","src":"https:\/\/i0.wp.com\/www.freidenker.org\/fw17\/wp-content\/uploads\/2021\/07\/Merkel_Biden_800x450.jpg?fit=800%2C450&ssl=1&resize=350%2C200","width":350,"height":200,"srcset":"https:\/\/i0.wp.com\/www.freidenker.org\/fw17\/wp-content\/uploads\/2021\/07\/Merkel_Biden_800x450.jpg?fit=800%2C450&ssl=1&resize=350%2C200 1x, https:\/\/i0.wp.com\/www.freidenker.org\/fw17\/wp-content\/uploads\/2021\/07\/Merkel_Biden_800x450.jpg?fit=800%2C450&ssl=1&resize=525%2C300 1.5x, https:\/\/i0.wp.com\/www.freidenker.org\/fw17\/wp-content\/uploads\/2021\/07\/Merkel_Biden_800x450.jpg?fit=800%2C450&ssl=1&resize=700%2C400 2x"},"classes":[]},{"id":23646,"url":"https:\/\/www.freidenker.org\/?p=23646","url_meta":{"origin":19130,"position":3},"title":"Europas zentrale Rolle oder: Wer welchen Wiederaufbau zahlen sollte","author":"Webredaktion","date":"29. November 2025","format":false,"excerpt":"Beitrag von Dagmar Henn Ja, da bin ich auch f\u00fcr. \"Die zentrale Rolle der Europ\u00e4ischen Union bei der Sicherung des Friedens f\u00fcr die Ukraine muss sich voll und ganz widerspiegeln\". Wie das EU-Kommissionspr\u00e4sidentin Ursula von der Leyen verlangt. Vorausgesetzt nat\u00fcrlich, der Spiegel ist gro\u00df genug (und damit meine ich nicht\u2026","rel":"","context":"In &quot;Demokratie \u2013 Medien \u2013 Aufkl\u00e4rung&quot;","block_context":{"text":"Demokratie \u2013 Medien \u2013 Aufkl\u00e4rung","link":"https:\/\/www.freidenker.org\/?cat=12"},"img":{"alt_text":"","src":"https:\/\/i0.wp.com\/www.freidenker.org\/fw17\/wp-content\/uploads\/2025\/11\/G20_meeting_on_Ukraine_000186341_800x450.jpg?fit=800%2C450&ssl=1&resize=350%2C200","width":350,"height":200,"srcset":"https:\/\/i0.wp.com\/www.freidenker.org\/fw17\/wp-content\/uploads\/2025\/11\/G20_meeting_on_Ukraine_000186341_800x450.jpg?fit=800%2C450&ssl=1&resize=350%2C200 1x, https:\/\/i0.wp.com\/www.freidenker.org\/fw17\/wp-content\/uploads\/2025\/11\/G20_meeting_on_Ukraine_000186341_800x450.jpg?fit=800%2C450&ssl=1&resize=525%2C300 1.5x, https:\/\/i0.wp.com\/www.freidenker.org\/fw17\/wp-content\/uploads\/2025\/11\/G20_meeting_on_Ukraine_000186341_800x450.jpg?fit=800%2C450&ssl=1&resize=700%2C400 2x"},"classes":[]},{"id":14858,"url":"https:\/\/www.freidenker.org\/?p=14858","url_meta":{"origin":19130,"position":4},"title":"UN-Resolution: EU-L\u00e4nder mit der Ukraine nicht mehr gegen Nazismus","author":"Webredaktion","date":"23. Dezember 2022","format":false,"excerpt":"Beitrag von Dagmar Henn Einmal im Jahr wird in der UN Fieber gemessen, und dieses Jahr ist das Ergebnis deutlich: Die Temperatur steigt. Seit dem Jahr 2005 legt die St\u00e4ndige Vertretung Russlands bei den Vereinten Nationen j\u00e4hrlich eine Resolution mit dem Titel \"Bek\u00e4mpfung der Verherrlichung des Nazismus, des Neonazismus und\u2026","rel":"","context":"In &quot;Frieden - Antifaschismus - Solidarit\u00e4t&quot;","block_context":{"text":"Frieden - Antifaschismus - Solidarit\u00e4t","link":"https:\/\/www.freidenker.org\/?cat=13"},"img":{"alt_text":"","src":"https:\/\/i0.wp.com\/www.freidenker.org\/fw17\/wp-content\/uploads\/2022\/12\/un_abstimmung_neonazismus_800x450.jpg?fit=800%2C450&ssl=1&resize=350%2C200","width":350,"height":200,"srcset":"https:\/\/i0.wp.com\/www.freidenker.org\/fw17\/wp-content\/uploads\/2022\/12\/un_abstimmung_neonazismus_800x450.jpg?fit=800%2C450&ssl=1&resize=350%2C200 1x, https:\/\/i0.wp.com\/www.freidenker.org\/fw17\/wp-content\/uploads\/2022\/12\/un_abstimmung_neonazismus_800x450.jpg?fit=800%2C450&ssl=1&resize=525%2C300 1.5x, https:\/\/i0.wp.com\/www.freidenker.org\/fw17\/wp-content\/uploads\/2022\/12\/un_abstimmung_neonazismus_800x450.jpg?fit=800%2C450&ssl=1&resize=700%2C400 2x"},"classes":[]},{"id":14482,"url":"https:\/\/www.freidenker.org\/?p=14482","url_meta":{"origin":19130,"position":5},"title":"Melnyk geht \u2013 schade, dass er seine Freunde nicht mitnimmt","author":"Webredaktion","date":"19. Oktober 2022","format":false,"excerpt":"Beitrag von Dagmar Henn Jetzt geht er also endlich, der ukrainische Giftzwerg Melnyk. Und die deutsche Presselandschaft scheint ihm geradezu nachzuweinen. Einen \"Lebensretter seines Landes\" nennt ihn die Tagesschau, der die Deutschen \"zwang\", \"in den Spiegel zu schauen\", und mit den \"Irrt\u00fcmern der Vergangenheit\" konfrontierte. Er habe \"f\u00fcr Wirbel gesorgt\"\u2026","rel":"","context":"In &quot;Demokratie \u2013 Medien \u2013 Aufkl\u00e4rung&quot;","block_context":{"text":"Demokratie \u2013 Medien \u2013 Aufkl\u00e4rung","link":"https:\/\/www.freidenker.org\/?cat=12"},"img":{"alt_text":"","src":"https:\/\/i0.wp.com\/www.freidenker.org\/fw17\/wp-content\/uploads\/2022\/10\/Andrij_Melnyk_800x450_v2.jpg?fit=800%2C450&ssl=1&resize=350%2C200","width":350,"height":200,"srcset":"https:\/\/i0.wp.com\/www.freidenker.org\/fw17\/wp-content\/uploads\/2022\/10\/Andrij_Melnyk_800x450_v2.jpg?fit=800%2C450&ssl=1&resize=350%2C200 1x, https:\/\/i0.wp.com\/www.freidenker.org\/fw17\/wp-content\/uploads\/2022\/10\/Andrij_Melnyk_800x450_v2.jpg?fit=800%2C450&ssl=1&resize=525%2C300 1.5x, https:\/\/i0.wp.com\/www.freidenker.org\/fw17\/wp-content\/uploads\/2022\/10\/Andrij_Melnyk_800x450_v2.jpg?fit=800%2C450&ssl=1&resize=700%2C400 2x"},"classes":[]}],"_links":{"self":[{"href":"https:\/\/www.freidenker.org\/index.php?rest_route=\/wp\/v2\/posts\/19130","targetHints":{"allow":["GET"]}}],"collection":[{"href":"https:\/\/www.freidenker.org\/index.php?rest_route=\/wp\/v2\/posts"}],"about":[{"href":"https:\/\/www.freidenker.org\/index.php?rest_route=\/wp\/v2\/types\/post"}],"author":[{"embeddable":true,"href":"https:\/\/www.freidenker.org\/index.php?rest_route=\/wp\/v2\/users\/3"}],"replies":[{"embeddable":true,"href":"https:\/\/www.freidenker.org\/index.php?rest_route=%2Fwp%2Fv2%2Fcomments&post=19130"}],"version-history":[{"count":0,"href":"https:\/\/www.freidenker.org\/index.php?rest_route=\/wp\/v2\/posts\/19130\/revisions"}],"wp:featuredmedia":[{"embeddable":true,"href":"https:\/\/www.freidenker.org\/index.php?rest_route=\/wp\/v2\/media\/19132"}],"wp:attachment":[{"href":"https:\/\/www.freidenker.org\/index.php?rest_route=%2Fwp%2Fv2%2Fmedia&parent=19130"}],"wp:term":[{"taxonomy":"category","embeddable":true,"href":"https:\/\/www.freidenker.org\/index.php?rest_route=%2Fwp%2Fv2%2Fcategories&post=19130"},{"taxonomy":"post_tag","embeddable":true,"href":"https:\/\/www.freidenker.org\/index.php?rest_route=%2Fwp%2Fv2%2Ftags&post=19130"}],"curies":[{"name":"wp","href":"https:\/\/api.w.org\/{rel}","templated":true}]}}