{"id":19118,"date":"2024-05-20T21:09:55","date_gmt":"2024-05-20T19:09:55","guid":{"rendered":"https:\/\/www.freidenker.org\/?p=19118"},"modified":"2024-06-14T13:20:15","modified_gmt":"2024-06-14T11:20:15","slug":"baerbock-will-nicht-duemmste-aussenministerin-der-welt-sein","status":"publish","type":"post","link":"https:\/\/www.freidenker.org\/?p=19118","title":{"rendered":"Baerbock will nicht &#8222;d\u00fcmmste Au\u00dfenministerin der Welt&#8220; sein"},"content":{"rendered":"<p><strong>Au\u00dfenministerin Annalena Baerbock f\u00fchlte sich nat\u00fcrlich beleidigt, als das BKA sie informierte, dass sie in einem Tweet als &#8222;d\u00fcmmste Au\u00dfenministerin der Welt&#8220; bezeichnet worden sei. Bei Weitem nicht das einzige Strafverfahren, das sie ausl\u00f6st, aber eines der d\u00fcmmsten. <\/strong><\/p>\n<p><em>Von <strong>Dagmar Henn<\/strong><\/em><\/p>\n<p><span style=\"font-size: 10pt;\">Erstver\u00f6ffentlichung am 15.05.2024 auf <a href=\"https:\/\/freedert.online\/meinung\/205884-baerbock-will-nicht-duemmste-aussenministerin\/\" target=\"_blank\" rel=\"noopener\">RT DE<\/a><\/span><\/p>\n<div class=\"EmbedBlock-root EmbedBlock-all\">\n<div class=\"AllEmbed\"><iframe loading=\"lazy\" title=\"Baerbock will nicht &quot;d\u00fcmmste Au\u00dfenministerin der Welt&quot; sein\" src=\"https:\/\/www.podbean.com\/player-v2\/?i=p7evs-1613ded-pb&amp;from=pb6admin&amp;share=1&amp;download=1&amp;rtl=0&amp;fonts=Arial&amp;skin=1&amp;font-color=&amp;logo_link=episode_page&amp;btn-skin=7\" width=\"100%\" height=\"150\" scrolling=\"no\" allowfullscreen=\"allowfullscreen\" data-name=\"pb-iframe-player\" data-mce-fragment=\"1\"><\/iframe><\/div>\n<\/div>\n<p>Im Grunde sollte man so etwas verbieten. Oder es m\u00fcsste ihr selbst auffallen, wenn die Bezeichnung nicht treffend w\u00e4re. Wobei, dass Au\u00dfenministerin Annalena Baerbock nicht einmal merkt, dass sie mit ihrer Anzeige gegen eine Benennung als &#8222;d\u00fcmmste Au\u00dfenministerin der Welt&#8220; eigentlich das Gegenteil einer Widerlegung liefert, zeigt, dass nicht nur sie durch ihre Position intellektuell \u00fcberfordert ist, sondern offenbar auch das Personal in ihrer unmittelbaren N\u00e4he. Vielleicht h\u00e4tte sie ja ihre Visagistin fragen sollen.<\/p>\n<p>Die Madame, die sich mit Bemerkungen wie &#8222;es ist mir egal, was meine W\u00e4hler denken&#8220; und beil\u00e4ufigen Kriegserkl\u00e4rungen gen Russland wirklich ins Herz des Volkes gestolpert hat, trifft un\u00fcbersehbar auch au\u00dferhalb des Landes auf nichts als Verehrung. Das zeigte \u00fcberdeutlich beispielsweise ihr Empfang damals bei den G20 in Indien. Mittlerweile k\u00f6nnte man fast sagen, das ist so der Standard f\u00fcr westliche Politiker, ein Gegen\u00fcber knapp \u00fcber dem Hausmeister, mal mit rotem Teppich, mal ohne, mal mit Licht, mal ohne. Jedenfalls, sobald der Globale S\u00fcden betreten wird.<\/p>\n<p>Aber sie hat schlie\u00dflich auch nichts als Drohungen im Gep\u00e4ck, als \u00fcberhebliche, sp\u00e4tkolonialistische Zwangsma\u00dfnahmen, gekoppelt mit tief verankerter Verachtung f\u00fcr alles, was nicht so ist wie sie. Die einzige Eigenschaft, mit der es ihr dennoch gelingt, bei vielen Interesse zu erregen, ist ihre unausl\u00f6schliche Neigung zur Sprachverst\u00fcmmelung und Inhaltsverdrehung, vom &#8222;Bacon of hope&#8220; (Schinken der Hoffnung) bis zur 360-Grad-Wende. Vermutlich muntert man sich selbst in den Fluren der Vereinten Nationen bei langen Sitzungen mit den neusten Baerbock-Videos auf; ihre internationale Bekanntheit beruht nicht auf ihrer Leistung, sondern ganz im Gegenteil auf den vielf\u00e4ltigen Formen ihres Versagens.<\/p>\n<p>Leistung, das ist das Stichwort. Ein Regierungsmitglied, das \u00f6ffentlich der Dummheit, sogar der rekordverd\u00e4chtigen, beschuldigt wird, hat eine einfache M\u00f6glichkeit, diese Behauptung L\u00fcgen zu strafen. N\u00e4mlich sich nicht dumm zu verhalten, sondern klug, und seine Aufgabe zu erf\u00fcllen, statt stets frisch geschminkt in Badem\u00e4nteln das Treppchen herunterzusteigen, als handele es sich um eine Art Variet\u00e9vorstellung. Irgendwie erwartet man, dass sie sich wenigstens verbiegen k\u00f6nnte, den Fu\u00df in den Mund stecken oder andere Schlangenmenschentricks vorf\u00fchren oder beim Aussteigen aus dem Flieger ein Liedchen tr\u00e4llern, und seien es die &#8222;99 Luftballons&#8220;. Aber auch wenn Baerbock stets ihr Bestes gibt, die Illusion eines Versprechens zu erwecken, bleibt am Ende nur der Versprecher.<\/p>\n<p>Jede M\u00f6glichkeit zu nutzen, die vermeintlich befleckte Ehre zu verteidigen und wegen Lappalien wie einem Tweet vor Gericht zu ziehen, wird nichts an dem Urteil \u00e4ndern, das die Historiker einmal f\u00e4llen werden \u00fcber unsere Madame. Sp\u00e4testens in diesem Moment bleibt es kleben, das Etikett &#8222;d\u00fcmmste Au\u00dfenministerin der Welt&#8220;, und dann n\u00fctzt keine Klage mehr, das Urteil der Nachwelt erfolgt ohne Berufung. Wenn sich das dem Verstand einer Annalena Baerbock schon nicht erschlie\u00dft, w\u00e4re zu hoffen gewesen, dass es in ihrer Umgebung noch Personen gibt, die das begreifen.<\/p>\n<p>Es ist eine Sache, wegen Eigenschaften angegriffen zu werden, die man nicht oder kaum beeinflussen kann. Aber das Problem, als &#8222;d\u00fcmmste Au\u00dfenministerin der Welt&#8220; gesehen zu werden (und daran \u00e4ndert sich kein Jota, wenn in Deutschland mit allen Mitteln untersagt wird, das auszusprechen), l\u00e4sst sich auf zwei Wegen l\u00f6sen. Entweder, keinen Unfug mehr anzustellen, vom hohen Ross zu steigen und es mal mit Diplomatie zu versuchen, oder den Posten jemandem zu \u00fcberlassen, der wei\u00df, wozu dieser gut ist und wie er ausgef\u00fcllt werden kann. Eine Sprechpuppe der Vereinigten Staaten mit Sprachfehler kann das mit Sicherheit nicht.<\/p>\n<p>Und ungeachtet der eigenartigen Mentalit\u00e4t, die sich darin zeigt, dass jene, die dem Volke dienen sollten, von ihm nichts als Honig ums Maul geschmiert bekommen wollen, und der Erwartung, unangreifbar \u00fcber den Wassern zu schweben, als w\u00e4re die p\u00e4pstliche Unfehlbarkeit in die Ernennungsurkunden eingewoben \u2013 niemand, wirklich niemand auf diesem Planeten k\u00e4me je auf den Gedanken, den russischen Au\u00dfenminister Sergei Lawrow dumm zu nennen. Was nichts damit zu tun hat, ob man seine Positionen teilt oder nicht. Kompetenz kann man auch bei Gegnern erkennen und anerkennen.<\/p>\n<p>Das genau ist der Grund, warum Baerbock wenigstens h\u00e4tte geraten werden sollen, eine derartige Bezeichnung lieber schweigend hinzunehmen, als sie durch eine Strafverfolgung noch zur internationalen Nachricht zu machen. Denn wo auch immer diese Tatsache aufschl\u00e4gt, von Alaska bis Zypern, werden vielleicht die einen zustimmen, die anderen es etwas scharf finden, aber es wird schwer sein, au\u00dferhalb der engsten gr\u00fcnen Blase jemanden zu finden, der diese Bezeichnung als absurd, unzutreffend oder gar unvorstellbar betrachtet. Wodurch im Kern genau die Benennung best\u00e4tigt wird, die man so gerne verschwinden lassen wollte. Und daran \u00e4ndern selbst hundert Strafverfahren nichts.<\/p>\n<p style=\"text-align: right;\"><em>Dagmar Henn ist Mitglied des Deutschen Freidenker-Verbandes<\/em><\/p>\n<hr \/>\n<p><span style=\"font-size: 10pt;\">Bild oben: <span class=\"mw-mmv-title\">Annalena Baerbock auf dem Gr\u00fcnen-Bundesparteitag in Karlsruhe, Nov 2023 (Ausschnitt)<\/span><\/span><br \/>\n<span style=\"font-size: 10pt;\">Foto: Kasa Fue, <a href=\"https:\/\/creativecommons.org\/licenses\/by-sa\/4.0\" target=\"_blank\" rel=\"noopener\">CC BY-SA 4.0<\/a><\/span><br \/>\n<span style=\"font-size: 10pt;\">Quelle: <a href=\"https:\/\/commons.wikimedia.org\/w\/index.php?curid=141601831\" target=\"_blank\" rel=\"noopener\">https:\/\/commons.wikimedia.org\/w\/index.php?curid=141601831<\/a><\/span><\/p>\n","protected":false},"excerpt":{"rendered":"<p><b>Beitrag von Dagmar Henn<\/b><br \/>\nIm Grunde sollte man so etwas verbieten. Oder es m\u00fcsste ihr selbst auffallen, wenn die Bezeichnung nicht treffend w\u00e4re. Wobei, dass Au\u00dfenministerin Annalena Baerbock nicht einmal merkt, dass sie mit ihrer Anzeige gegen eine Benennung als &#8222;<i>d\u00fcmmste Au\u00dfenministerin der Welt<\/i>&#8220; eigentlich das Gegenteil einer Widerlegung liefert, zeigt, dass nicht nur sie durch ihre Position intellektuell \u00fcberfordert ist, sondern offenbar auch das Personal in ihrer unmittelbaren N\u00e4he. Vielleicht h\u00e4tte sie ja ihre Visagistin fragen sollen. Die Madame, die sich mit Bemerkungen wie &#8222;es ist mir egal, was meine W\u00e4hler denken&#8220; und beil\u00e4ufigen Kriegserkl\u00e4rungen gen Russland wirklich ins Herz des Volkes gestolpert hat, trifft un\u00fcbersehbar auch au\u00dferhalb des Landes auf nichts als Verehrung. Das zeigte \u00fcberdeutlich beispielsweise ihr Empfang damals bei den G20 in Indien. <\/p>\n","protected":false},"author":3,"featured_media":19120,"comment_status":"closed","ping_status":"closed","sticky":false,"template":"","format":"standard","meta":{"colormag_page_container_layout":"default_layout","colormag_page_sidebar_layout":"default_layout","advanced_seo_description":"","jetpack_seo_html_title":"","jetpack_seo_noindex":false,"jetpack_post_was_ever_published":false,"footnotes":""},"categories":[12],"tags":[699,1423,1032,1406,1255,842,1583],"class_list":["post-19118","post","type-post","status-publish","format-standard","has-post-thumbnail","hentry","category-demokratie-medien-aufklaerung","tag-aussenpolitik","tag-baerbock","tag-bundesregierung","tag-diplomatie","tag-gerichtsprozess","tag-recht","tag-strafverfolgung"],"jetpack_featured_media_url":"https:\/\/i0.wp.com\/www.freidenker.org\/fw17\/wp-content\/uploads\/2024\/05\/BDK_Karlsruhe_Nov_2023_Annalena_Baerbock_6a_800x450.jpg?fit=800%2C450&ssl=1","jetpack_shortlink":"https:\/\/wp.me\/p9stpK-4Ym","jetpack-related-posts":[{"id":14749,"url":"https:\/\/www.freidenker.org\/?p=14749","url_meta":{"origin":19118,"position":0},"title":"Baerbock bringt das russische Au\u00dfenministerium zum Lachen","author":"Webredaktion","date":"25. November 2022","format":false,"excerpt":"Beitrag von Anti-Spiegel (d.i. Thomas R\u00f6per) Annalena Baerbock ist international vor allem deshalb bekannt, weil sie ihre Dummheit und mangelnde Bildung stolz zur Schau stellt. Als im November 2021 die Zusammensetzung der neuen Bundesregierung bekannt gegeben wurde, war ich gerade auf einer Konferenz mit Experten f\u00fcr internationale Politik, die sich\u2026","rel":"","context":"In &quot;Demokratie \u2013 Medien \u2013 Aufkl\u00e4rung&quot;","block_context":{"text":"Demokratie \u2013 Medien \u2013 Aufkl\u00e4rung","link":"https:\/\/www.freidenker.org\/?cat=12"},"img":{"alt_text":"","src":"https:\/\/i0.wp.com\/www.freidenker.org\/fw17\/wp-content\/uploads\/2022\/11\/baerbock_weltkarte_800x450.jpg?fit=800%2C450&ssl=1&resize=350%2C200","width":350,"height":200,"srcset":"https:\/\/i0.wp.com\/www.freidenker.org\/fw17\/wp-content\/uploads\/2022\/11\/baerbock_weltkarte_800x450.jpg?fit=800%2C450&ssl=1&resize=350%2C200 1x, https:\/\/i0.wp.com\/www.freidenker.org\/fw17\/wp-content\/uploads\/2022\/11\/baerbock_weltkarte_800x450.jpg?fit=800%2C450&ssl=1&resize=525%2C300 1.5x, https:\/\/i0.wp.com\/www.freidenker.org\/fw17\/wp-content\/uploads\/2022\/11\/baerbock_weltkarte_800x450.jpg?fit=800%2C450&ssl=1&resize=700%2C400 2x"},"classes":[]},{"id":17281,"url":"https:\/\/www.freidenker.org\/?p=17281","url_meta":{"origin":19118,"position":1},"title":"Tr\u00e4nen, Tr\u00e4nen, Tr\u00e4nen: Erst Kirby \u2013 jetzt Baerbock","author":"Webredaktion","date":"19. Oktober 2023","format":false,"excerpt":"Beitrag von Dagmar Henn Bundesau\u00dfenministerin Annalena Baerbock d\u00fcrfte, wenn ihre Amtszeit endlich endet, einen gewaltigen Flurschaden hinterlassen haben. Ihre \"feministische Au\u00dfenpolitik\" k\u00f6nnte daf\u00fcr sorgen, dass f\u00fcr l\u00e4ngere Zeit niemand mehr eine Frau in diesem Ministersessel sehen will. Dabei ist sie keine Frau, sie ist ein Weibchen; eine Karikatur des Weiblichen\u2026","rel":"","context":"In &quot;Demokratie \u2013 Medien \u2013 Aufkl\u00e4rung&quot;","block_context":{"text":"Demokratie \u2013 Medien \u2013 Aufkl\u00e4rung","link":"https:\/\/www.freidenker.org\/?cat=12"},"img":{"alt_text":"","src":"https:\/\/i0.wp.com\/www.freidenker.org\/fw17\/wp-content\/uploads\/2023\/10\/Gesprek_met_ICC_hoofdaanklager_Karim_Khan_17_800x450.jpg?fit=800%2C450&ssl=1&resize=350%2C200","width":350,"height":200,"srcset":"https:\/\/i0.wp.com\/www.freidenker.org\/fw17\/wp-content\/uploads\/2023\/10\/Gesprek_met_ICC_hoofdaanklager_Karim_Khan_17_800x450.jpg?fit=800%2C450&ssl=1&resize=350%2C200 1x, https:\/\/i0.wp.com\/www.freidenker.org\/fw17\/wp-content\/uploads\/2023\/10\/Gesprek_met_ICC_hoofdaanklager_Karim_Khan_17_800x450.jpg?fit=800%2C450&ssl=1&resize=525%2C300 1.5x, https:\/\/i0.wp.com\/www.freidenker.org\/fw17\/wp-content\/uploads\/2023\/10\/Gesprek_met_ICC_hoofdaanklager_Karim_Khan_17_800x450.jpg?fit=800%2C450&ssl=1&resize=700%2C400 2x"},"classes":[]},{"id":14037,"url":"https:\/\/www.freidenker.org\/?p=14037","url_meta":{"origin":19118,"position":2},"title":"F\u00fcr eine Au\u00dfenministerin gef\u00e4hrlich naiv \u2013 Baerbocks Rede in New York","author":"Webredaktion","date":"24. August 2022","format":false,"excerpt":"Beitrag von Gert Ewen Ungar Im Rahmen ihrer Nordamerikareise vom 01. bis zum 03. August hielt Au\u00dfenministerin Annalena Baerbock an der New School in New York eine Rede, in der sie die Leitlinien deutscher Au\u00dfenpolitik skizzierte.\u00a0Die New School ist eine f\u00fcr die deutsch-amerikanischen Beziehungen historisch wichtige Universit\u00e4t. An der Universit\u00e4t\u2026","rel":"","context":"In &quot;Demokratie \u2013 Medien \u2013 Aufkl\u00e4rung&quot;","block_context":{"text":"Demokratie \u2013 Medien \u2013 Aufkl\u00e4rung","link":"https:\/\/www.freidenker.org\/?cat=12"},"img":{"alt_text":"","src":"https:\/\/i0.wp.com\/www.freidenker.org\/fw17\/wp-content\/uploads\/2022\/08\/Blinken_Baerbock_Virtual_Press_Conference_2022_800x450.jpg?fit=800%2C450&ssl=1&resize=350%2C200","width":350,"height":200,"srcset":"https:\/\/i0.wp.com\/www.freidenker.org\/fw17\/wp-content\/uploads\/2022\/08\/Blinken_Baerbock_Virtual_Press_Conference_2022_800x450.jpg?fit=800%2C450&ssl=1&resize=350%2C200 1x, https:\/\/i0.wp.com\/www.freidenker.org\/fw17\/wp-content\/uploads\/2022\/08\/Blinken_Baerbock_Virtual_Press_Conference_2022_800x450.jpg?fit=800%2C450&ssl=1&resize=525%2C300 1.5x, https:\/\/i0.wp.com\/www.freidenker.org\/fw17\/wp-content\/uploads\/2022\/08\/Blinken_Baerbock_Virtual_Press_Conference_2022_800x450.jpg?fit=800%2C450&ssl=1&resize=700%2C400 2x"},"classes":[]},{"id":16677,"url":"https:\/\/www.freidenker.org\/?p=16677","url_meta":{"origin":19118,"position":3},"title":"In ihrer geistigen Schlichtheit unheilvoll \u2013 die Weltsicht der Au\u00dfenministerin Baerbock","author":"Webredaktion","date":"18. Juli 2023","format":false,"excerpt":"Beitrag von Gert Ewen Ungar Dass Annalena Baerbock (B\u00fcndnis 90\/Die Gr\u00fcnen) Au\u00dfenministerin ist, ist sowohl f\u00fcr Deutschland als auch Europa und die Welt brandgef\u00e4hrlich. Baerbock ist mit dem Amt \u00fcberfordert, sch\u00e4tzt Entwicklungen falsch ein, denkt in einfachen Schwarz-Wei\u00df-Mustern und ist zur Differenzierung nicht in der Lage. Es fehlen ihr Basiskenntnisse\u2026","rel":"","context":"In &quot;Demokratie \u2013 Medien \u2013 Aufkl\u00e4rung&quot;","block_context":{"text":"Demokratie \u2013 Medien \u2013 Aufkl\u00e4rung","link":"https:\/\/www.freidenker.org\/?cat=12"},"img":{"alt_text":"","src":"https:\/\/i0.wp.com\/www.freidenker.org\/fw17\/wp-content\/uploads\/2023\/07\/Cleverly_meets_Baerbock_ausz_800x450.jpg?fit=800%2C450&ssl=1&resize=350%2C200","width":350,"height":200,"srcset":"https:\/\/i0.wp.com\/www.freidenker.org\/fw17\/wp-content\/uploads\/2023\/07\/Cleverly_meets_Baerbock_ausz_800x450.jpg?fit=800%2C450&ssl=1&resize=350%2C200 1x, https:\/\/i0.wp.com\/www.freidenker.org\/fw17\/wp-content\/uploads\/2023\/07\/Cleverly_meets_Baerbock_ausz_800x450.jpg?fit=800%2C450&ssl=1&resize=525%2C300 1.5x, https:\/\/i0.wp.com\/www.freidenker.org\/fw17\/wp-content\/uploads\/2023\/07\/Cleverly_meets_Baerbock_ausz_800x450.jpg?fit=800%2C450&ssl=1&resize=700%2C400 2x"},"classes":[]},{"id":20490,"url":"https:\/\/www.freidenker.org\/?p=20490","url_meta":{"origin":19118,"position":4},"title":"Wenn Baerbock russische Schiffe schie\u00dfen l\u00e4sst","author":"Webredaktion","date":"9. Dezember 2024","format":false,"excerpt":"Beitrag von Dagmar Henn Dass man mit Aussagen von Au\u00dfenministerin Annalena Baerbock vorsichtig sein muss, d\u00fcrfte eigentlich sp\u00e4testens mit der 360-Grad-Wende auch bei der deutschen Presse angekommen sein. Das hindert sie aber nicht daran, eine angebliche Aussage der besagten Dame gleich zur Grundlage rei\u00dferischer Schlagzeilen zu machen. [...] Es ist\u2026","rel":"","context":"In &quot;Demokratie \u2013 Medien \u2013 Aufkl\u00e4rung&quot;","block_context":{"text":"Demokratie \u2013 Medien \u2013 Aufkl\u00e4rung","link":"https:\/\/www.freidenker.org\/?cat=12"},"img":{"alt_text":"","src":"https:\/\/i0.wp.com\/www.freidenker.org\/fw17\/wp-content\/uploads\/2024\/12\/helicopter-68244_800x450.jpg?fit=800%2C450&ssl=1&resize=350%2C200","width":350,"height":200,"srcset":"https:\/\/i0.wp.com\/www.freidenker.org\/fw17\/wp-content\/uploads\/2024\/12\/helicopter-68244_800x450.jpg?fit=800%2C450&ssl=1&resize=350%2C200 1x, https:\/\/i0.wp.com\/www.freidenker.org\/fw17\/wp-content\/uploads\/2024\/12\/helicopter-68244_800x450.jpg?fit=800%2C450&ssl=1&resize=525%2C300 1.5x, https:\/\/i0.wp.com\/www.freidenker.org\/fw17\/wp-content\/uploads\/2024\/12\/helicopter-68244_800x450.jpg?fit=800%2C450&ssl=1&resize=700%2C400 2x"},"classes":[]},{"id":14826,"url":"https:\/\/www.freidenker.org\/?p=14826","url_meta":{"origin":19118,"position":5},"title":"Das V\u00f6lkerrecht als Buffet f\u00fcr den Westen","author":"Webredaktion","date":"16. Dezember 2022","format":false,"excerpt":"Beitrag von Dagmar Henn Es wirkt fast, als h\u00e4tten sie sich verabredet. Es ist erst wenige Tage her, dass Ex-Bundeskanzlerin Angela Merkel im Gespr\u00e4ch mit der Zeit \u00f6ffentlich erkl\u00e4rte, auch sie habe, wie Poroschenko, die Minsker Vereinbarungen nur abgeschlossen, um der Ukraine Zeit zu verschaffen; und nun twittert Au\u00dfenministerin Annalena\u2026","rel":"","context":"In &quot;Frieden - Antifaschismus - Solidarit\u00e4t&quot;","block_context":{"text":"Frieden - Antifaschismus - Solidarit\u00e4t","link":"https:\/\/www.freidenker.org\/?cat=13"},"img":{"alt_text":"","src":"https:\/\/i0.wp.com\/www.freidenker.org\/fw17\/wp-content\/uploads\/2022\/12\/Angela_Merkel_auf_Werbebanner_Berlin-Alexanderplatz_800x450.jpg?fit=800%2C450&ssl=1&resize=350%2C200","width":350,"height":200,"srcset":"https:\/\/i0.wp.com\/www.freidenker.org\/fw17\/wp-content\/uploads\/2022\/12\/Angela_Merkel_auf_Werbebanner_Berlin-Alexanderplatz_800x450.jpg?fit=800%2C450&ssl=1&resize=350%2C200 1x, https:\/\/i0.wp.com\/www.freidenker.org\/fw17\/wp-content\/uploads\/2022\/12\/Angela_Merkel_auf_Werbebanner_Berlin-Alexanderplatz_800x450.jpg?fit=800%2C450&ssl=1&resize=525%2C300 1.5x, https:\/\/i0.wp.com\/www.freidenker.org\/fw17\/wp-content\/uploads\/2022\/12\/Angela_Merkel_auf_Werbebanner_Berlin-Alexanderplatz_800x450.jpg?fit=800%2C450&ssl=1&resize=700%2C400 2x"},"classes":[]}],"_links":{"self":[{"href":"https:\/\/www.freidenker.org\/index.php?rest_route=\/wp\/v2\/posts\/19118","targetHints":{"allow":["GET"]}}],"collection":[{"href":"https:\/\/www.freidenker.org\/index.php?rest_route=\/wp\/v2\/posts"}],"about":[{"href":"https:\/\/www.freidenker.org\/index.php?rest_route=\/wp\/v2\/types\/post"}],"author":[{"embeddable":true,"href":"https:\/\/www.freidenker.org\/index.php?rest_route=\/wp\/v2\/users\/3"}],"replies":[{"embeddable":true,"href":"https:\/\/www.freidenker.org\/index.php?rest_route=%2Fwp%2Fv2%2Fcomments&post=19118"}],"version-history":[{"count":0,"href":"https:\/\/www.freidenker.org\/index.php?rest_route=\/wp\/v2\/posts\/19118\/revisions"}],"wp:featuredmedia":[{"embeddable":true,"href":"https:\/\/www.freidenker.org\/index.php?rest_route=\/wp\/v2\/media\/19120"}],"wp:attachment":[{"href":"https:\/\/www.freidenker.org\/index.php?rest_route=%2Fwp%2Fv2%2Fmedia&parent=19118"}],"wp:term":[{"taxonomy":"category","embeddable":true,"href":"https:\/\/www.freidenker.org\/index.php?rest_route=%2Fwp%2Fv2%2Fcategories&post=19118"},{"taxonomy":"post_tag","embeddable":true,"href":"https:\/\/www.freidenker.org\/index.php?rest_route=%2Fwp%2Fv2%2Ftags&post=19118"}],"curies":[{"name":"wp","href":"https:\/\/api.w.org\/{rel}","templated":true}]}}