{"id":18966,"date":"2024-05-09T01:08:58","date_gmt":"2024-05-08T23:08:58","guid":{"rendered":"https:\/\/www.freidenker.org\/?p=18966"},"modified":"2024-06-03T19:56:49","modified_gmt":"2024-06-03T17:56:49","slug":"gedanken-zum-tag-der-arbeit-2024","status":"publish","type":"post","link":"https:\/\/www.freidenker.org\/?p=18966","title":{"rendered":"Gedanken zum Tag der Arbeit 2024"},"content":{"rendered":"<p><em>von <strong>Wolfgang Effenberger<\/strong><\/em><\/p>\n<p><span style=\"font-size: 10pt;\">Auch ver\u00f6ffentlicht als Tagesdosis vom 02.05.2024 auf <a href=\"https:\/\/apolut.net\/gedanken-zum-tag-der-arbeit-von-wolfgang-effenberger\/\" target=\"_blank\" rel=\"noopener\">apolut.net<\/a><\/span><\/p>\n<p>Der Beitrag ist auch als Audiopodcast verf\u00fcgbar:<\/p>\n<audio class=\"wp-audio-shortcode\" id=\"audio-18966-1\" preload=\"none\" style=\"width: 100%;\" controls=\"controls\"><source type=\"audio\/mpeg\" src=\"https:\/\/apolut.net\/multimedia_apolut\/podcast\/tagesdosis-20240502-apolut.mp3?_=1\" \/><a href=\"https:\/\/apolut.net\/multimedia_apolut\/podcast\/tagesdosis-20240502-apolut.mp3\">https:\/\/apolut.net\/multimedia_apolut\/podcast\/tagesdosis-20240502-apolut.mp3<\/a><\/audio>\n<p><span style=\"font-size: 10pt;\">Bereitgestellt von <a href=\"https:\/\/apolut.net\/gedanken-zum-tag-der-arbeit-von-wolfgang-effenberger\/\" target=\"_blank\" rel=\"noopener\">apolut.net<\/a><\/span><br \/>\n<span style=\"font-size: 10pt;\"><a href=\"https:\/\/apolut.net\/multimedia_apolut\/podcast\/tagesdosis-20240502-apolut.mp3\" target=\"_blank\" rel=\"noopener\">Download<\/a><\/span><\/p>\n<p>&nbsp;<\/p>\n<p>Wie kaum ein 1. Mai in der Nachkriegsgeschichte erlaubt der 1. Mai 2024 eine Diagnose \u00fcber das Befinden der bundesrepublikanischen Gesellschaft. Sie ringt zwischen einem \u201eImmer mehr\u201c und \u201eweiter so\u201c bis hin zu einem Krieg mit Russland und der Einsicht, mehr Verantwortung f\u00fcr die Umwelt und f\u00fcr eine Friedenspolitik ohne Waffen zu \u00fcbernehmen.<\/p>\n<h5>Seit 1886 der 1. Mai als Tag der Arbeiterbewegung<\/h5>\n<p>Erstmalig folgten in den USA am 1. Mai 1886 \u00fcber 340.000 Arbeiter dem Aufruf der Gewerkschaften, um gegen die Missst\u00e4nde in den Fabriken zu protestieren. Das Ziel der Forderungen waren bessere Arbeitsbedingungen und der Acht-Stunden-Tag. Der gr\u00f6\u00dfte Streik fand am 1. Mai 1886 in Chicago statt, wo sich mehr als 90.000 Menschen zusammenfanden. Der Protest eskalierte. Am 3. Mai erschoss die Polizei sechs streikende Arbeiter in der N\u00e4he einer Fabrik, am n\u00e4chsten Tag eskalierte die Situation auf dem\u00a0<strong>Chicagoer Haymarket<\/strong>\u00a0bei einer Kundgebung. Jemand warf eine Bombe in die Menge, wodurch zw\u00f6lf Menschen starben.(1)<\/p>\n<p>In der Folge schwappten die Protestaktionen nach Europa \u00fcber.<\/p>\n<p>Im Juli 1889 trafen sich rund 400 Delegierte sozialistischer Parteien und Gewerkschaften in Paris zu einem internationalen Kongress. Anlass war der 100. Jahrestag des Sturms auf die Bastille, aber auch die \u201eHaymarket Riots\u201c.\u00a0Am 20. Juli 1889 wurde deswegen der Weltfeiertag der Arbeit beschlossen<strong>\u00a0<\/strong>und auf den 1. Mai gelegt.<\/p>\n<p>In Deutschland gingen 1890 zum ersten Mal die Arbeiter auf die Stra\u00dfe, um sich f\u00fcr eine Verbesserung der Arbeitsverh\u00e4ltnisse starkzumachen. Bedroht wurden sie damit, dass sie ihre Arbeit verlieren w\u00fcrden und dass ihr Name auf einer Liste festgehalten w\u00fcrde: Wer darauf auftauchte, sollte in keiner Firma mehr eine Anstellung finden, was sich auch bewahrheitete.(2)<\/p>\n<p>Nach dem 1. Weltkrieg beschloss 1919 die Sozialdemokratischen Partei Deutschlands (SPD), dass der 1. Mai offiziell ein Feiertag werden sollte. Das Vorhaben scheiterte jedoch an politischen Differenzen zwischen den Parteien. Erst 1933, nach der sogenannten \u201eMachtergreifung der Nationalsozialisten\u201c wurde die Absicht der SPD umgesetzt und dieser Tag als &#8222;Tag der nationalen Arbeit&#8220; bezeichnet. Doch nur einen Tag sp\u00e4ter, am 2. Mai 1933, verbot das NS-Regime jede Arbeiterorganisation und jede Gewerkschaft. Zum 1. Mai 1934 wurde dann der Tag umbenannt in &#8222;Nationaler Feiertag des Deutschen Volkes&#8220;.(3)<\/p>\n<p>Nach dem Zweiten Weltkrieg best\u00e4tigte der Alliierte Kontrollrat den 1. Mai 1946 als Feiertag. Mittlerweile ist der 1. Mai in der Bundesrepublik Deutschland gem\u00e4\u00df der Feiertagsgesetze der L\u00e4nder als ein gesetzlicher Feiertag geregelt.<\/p>\n<p>Gewerkschaften rufen f\u00fcr dieses Datum zu Kundgebungen auf, auf denen an die Rechte der Arbeiter erinnert beziehungsweise sich daf\u00fcr engagiert werden soll<\/p>\n<p>In der ehemaligen Deutschen Demokratischen Republik und weiteren sozialistischen L\u00e4ndern war der 1. Mai der &#8222;Internationale Kampf- und Feiertag der Werkt\u00e4tigen f\u00fcr Frieden und Sozialismus&#8220;, an dem, beispielsweise mit Maim\u00e4rschen, an die Traditionen der internationalen Arbeiterbewegung erinnert wurde. Sozialistisches Symbol des 1. Mai ist die rote Nelke.<br \/>\nSeit den 1980ern kam es &#8211; abgesehen von den organisierten Demonstrationen mit gewerkschaftlichem und\/oder politischem Hintergrund &#8211; auch regelm\u00e4\u00dfig zu Ausschreitungen, und zwar insbesondere vor und w\u00e4hrend der Demonstrationen zum 1. Mai im Berliner Stadtteil Kreuzberg.<br \/>\nErstmals lieferten sich 1987 <strong>i<\/strong>n Kreuzberg rund 900 junge Menschen zw\u00f6lf Stunden lang Stra\u00dfenschlachten mit der\u00a0Polizei. Im Steinhagel musste sich die Polizei\u00a0zeitweise v\u00f6llig zur\u00fcckziehen. Gesch\u00e4fte wurden gepl\u00fcndert und Autos angez\u00fcndet, ein Supermarkt ging in Flammen auf. 55 Randalierer kamen in Haft oder Polizeigewahrsam. 245 Polizisten wurden verletzt.<\/p>\n<p>Nach der Wiedervereinigung zog die &#8222;Revolution\u00e4re 1.\u00a0Mai- Demonstration&#8220; in den fr\u00fcheren Ostteil der Stadt. Bei dem Zug durch Friedrichshain kam es zu Krawallen.<\/p>\n<p>2009 muss der Berliner Innensenator Erhart K\u00f6rting (SPD) 273 verletzte Polizisten einr\u00e4umen, 44 Haftbefehle wurden gegen Randalierer erlassen. Vier jungen M\u00e4nnern wurde sogar versuchter Mord vorgeworfen. Die Ausschreitungen griffen dann 2013 auch nach Hamburg \u00fcber, wo die Polizei im Schanzenviertel mit Wasserwerfern gegen Randalierer vorgehen musste. Erst in der Corona-Pandemie wurden kaum noch gewaltt\u00e4tige Ausschreitungen gemeldet.(4)<\/p>\n<p>Wegen der Vermischung von Klassenkampf, sozialistischer Bewegung und Fr\u00fchlingsfest gibt es heutzutage verschiedene Aktionen rund um den 1. Mai, die sich zum Teil auch regional unterscheiden, zum Beispiel:<\/p>\n<ul>\n<li>Maibaumstellen auf einem zentralen Platz als Fr\u00fchlingsfest<\/li>\n<li>Maibaumstellen als Liebesbeweis vor der T\u00fcr der Liebsten<\/li>\n<li>Maistreiche, regional auch als \u201eHexennacht\u201c oder \u201eFreinacht\u201c bekannt, in der Kinder und Jugendliche Streiche spielen<\/li>\n<li>Tanz in den Mai, abgleitet von der Walpurgisnacht vom 30. April auf den 1. Mai<\/li>\n<\/ul>\n<p>Dieses Brauchtum ist jedoch viel \u00e4lter als die 1.Mai-Tradition<\/p>\n<h5>Der vom Westen orchestrierte Regime-Change in der Ukraine 2014 als Kriegsursache<\/h5>\n<p>Vor 10 Jahren hat das westliche Werteb\u00fcndnis einem rechten, prowestlichen Regime in Kiew zur Macht verholfen und dann die ukrainische Armee systematisch reorganisiert und aufger\u00fcstet. Auf diese Weise wurde ein milit\u00e4rischer Angriff Russlands bewusst provoziert. Man hofft, Russland wirtschaftlich und milit\u00e4risch ausbluten zu lassen und das riesige Land mit seinen enormen Bodensch\u00e4tzen unter US-Kontrolle zu bringen.<\/p>\n<p>Die Niederlage der Ukraine vor Augen, planen die westlichen Strategen eine weitere Eskalation.<\/p>\n<p>Die bereits in kleinem Umfang stattfindende Stationierung von NATO-Bodentruppen, die Lieferung von hochpr\u00e4zisen Taurus-Marschflugk\u00f6rpern, die Moskau erreichen k\u00f6nnen, die riesigen NATO-Man\u00f6ver an der russischen Grenze und die Umwandlung der Ostsee und des Schwarzen Meers in NATO-Gew\u00e4sser sollen Moskau zu einer weiteren milit\u00e4rischen Reaktion provozieren.<\/p>\n<p>Nach Jahrzehnten zunehmender sozialer Ungleichheit und der Anh\u00e4ufung riesiger Mengen von Spekulationskapital hat die Krise des Weltkapitalismus erneut einen Punkt erreicht, an dem nur noch einen Ausweg gibt: Krieg samt gewaltsamer Neuaufteilung der Welt und die brutale Unterwerfung der arbeitenden Bev\u00f6lkerung.<\/p>\n<p>Schon Immanuel Kant stellte fest, dass unter der<\/p>\n<blockquote><p>\u201eHeeresmacht, der Bundesmacht und der Geldmacht die Letztere wohl das zuverl\u00e4ssigste Kriegswerkzeug sein d\u00fcrfte\u201c.(5)<\/p><\/blockquote>\n<p>Die Gewerkschaften, die sich als staatliche Hilfsorgane in Disziplinierungsapparate und Handlanger der Geldmacht verwandelt haben, stehen ebenso hinter dem eskalierenden Weltkrieg wie die Gr\u00fcnen, die SPD und die Linkspartei.<\/p>\n<p>Sehen wir uns den heutigen 1. Mai-Aufruf des Deutschen Gewerkschaftsbundes n\u00e4her an.<\/p>\n<p><img data-recalc-dims=\"1\" loading=\"lazy\" decoding=\"async\" data-attachment-id=\"18968\" data-permalink=\"https:\/\/www.freidenker.org\/?attachment_id=18968\" data-orig-file=\"https:\/\/i0.wp.com\/www.freidenker.org\/fw17\/wp-content\/uploads\/2024\/05\/Plakat_1.Mai_2024_DGB.png?fit=655%2C325&amp;ssl=1\" data-orig-size=\"655,325\" data-comments-opened=\"0\" data-image-meta=\"{&quot;aperture&quot;:&quot;0&quot;,&quot;credit&quot;:&quot;&quot;,&quot;camera&quot;:&quot;&quot;,&quot;caption&quot;:&quot;&quot;,&quot;created_timestamp&quot;:&quot;0&quot;,&quot;copyright&quot;:&quot;&quot;,&quot;focal_length&quot;:&quot;0&quot;,&quot;iso&quot;:&quot;0&quot;,&quot;shutter_speed&quot;:&quot;0&quot;,&quot;title&quot;:&quot;&quot;,&quot;orientation&quot;:&quot;0&quot;}\" data-image-title=\"Plakat_1.Mai_2024_DGB\" data-image-description=\"\" data-image-caption=\"\" data-large-file=\"https:\/\/i0.wp.com\/www.freidenker.org\/fw17\/wp-content\/uploads\/2024\/05\/Plakat_1.Mai_2024_DGB.png?fit=655%2C325&amp;ssl=1\" class=\"alignnone wp-image-18968 size-full\" src=\"https:\/\/i0.wp.com\/www.freidenker.org\/fw17\/wp-content\/uploads\/2024\/05\/Plakat_1.Mai_2024_DGB.png?resize=655%2C325&#038;ssl=1\" alt=\"\" width=\"655\" height=\"325\" srcset=\"https:\/\/i0.wp.com\/www.freidenker.org\/fw17\/wp-content\/uploads\/2024\/05\/Plakat_1.Mai_2024_DGB.png?w=655&amp;ssl=1 655w, https:\/\/i0.wp.com\/www.freidenker.org\/fw17\/wp-content\/uploads\/2024\/05\/Plakat_1.Mai_2024_DGB.png?resize=300%2C149&amp;ssl=1 300w\" sizes=\"auto, (max-width: 655px) 100vw, 655px\" \/><\/p>\n<p>Das schreiend rote Plakat ist \u00fcberschrieben:<\/p>\n<blockquote><p>\u201eMehr Lohn, mehr Freizeit, mehr Sicherheit.\u201c<\/p><\/blockquote>\n<p>Wobei auf dem Plakat das Wort MEHR Zweidrittel der Fl\u00e4che einnimmt! Dann folgt in der Schriftgr\u00f6\u00dfe LOHN. Die Sicherheit hat die kleinste Schriftgr\u00f6\u00dfe und f\u00fcr den\u00a0 FRIEDEN hat man keinen Platz mehr gefunden.<\/p>\n<p>Das entlarvt den Grundzug des kapitalistischen (Un)-Geistes.<\/p>\n<p>Ergebnis solcher Forderungen ist, wie wir wissen, ein wachsendes au\u00dfertariflich besch\u00e4ftigtes &#8222;Lumpenproletariat&#8220;.<\/p>\n<p>Dann folgt die obligate Abgrenzung gegen Rechts.<\/p>\n<p>Hier empfehle ich das Thesenpapier der Initiative Frieden-links (4.4.2023)(6):<\/p>\n<p>Es wendet sich entschieden gegen eine \u201eAbgrenzeritis\u201c ohne Bezug auf eigene friedenspolitische Grunds\u00e4tze mit Begriffen wie \u201erechtsoffen\u201c, \u201eQuerdenker\u201c oder dem leichtfertigen politischen Todessto\u00df \u201eAntisemitismus\u201c.<\/p>\n<p>Zitat:<\/p>\n<blockquote><p><em>\u201eWir wollen Einzelpersonen, die als \u201eumstritten\u201c oder \u201erechtsoffen\u201c dargestellt werden, nach der Gesamtheit ihrer inhaltlichen Aussagen beurteilen und k\u00e4mpfen hierbei f\u00fcr wahrheitsgem\u00e4\u00dfe Darstellungen. Wir wollen deren politische Sozialisierung verstehen und mit ihnen argumentative Ans\u00e4tze f\u00fcr eine offene und ehrliche Diskussion finden.\u201c7)<\/em><\/p><\/blockquote>\n<p>Von einem derartigen demokratischen Verst\u00e4ndnis trennen den DGB Welten!<\/p>\n<p>Im vorletzten Satz des DGB-Aufrufs wird dann doch noch der Frieden erw\u00e4hnt:<\/p>\n<blockquote><p>\u201eFrieden, Freiheit, Demokratie und Wohlstand. Daf\u00fcr k\u00e4mpfen wir \u2013 am 1. Mai und an jedem anderen Tag im Jahr. Mit uns ist mehr drin: Mehr Lohn, mehr Freizeit, mehr Sicherheit.\u201c<\/p><\/blockquote>\n<p>Mehr Sicherheit hei\u00dft mehr Krieg!!!<\/p>\n<p>Wie hoffnungsvoll im Vergleich zum DGB dagegen der Aufruf der Freien Linken Berlin\/die Basis mit ihrer Einladung zu j\u00e4hrlichen Demo f\u00fcr Frieden und soziale Gerechtigkeit!<\/p>\n<p><img data-recalc-dims=\"1\" loading=\"lazy\" decoding=\"async\" data-attachment-id=\"18967\" data-permalink=\"https:\/\/www.freidenker.org\/?attachment_id=18967\" data-orig-file=\"https:\/\/i0.wp.com\/www.freidenker.org\/fw17\/wp-content\/uploads\/2024\/05\/Plakat_1.Mai_2024_FreieLinke_800p.png?fit=800%2C508&amp;ssl=1\" data-orig-size=\"800,508\" data-comments-opened=\"0\" data-image-meta=\"{&quot;aperture&quot;:&quot;0&quot;,&quot;credit&quot;:&quot;&quot;,&quot;camera&quot;:&quot;&quot;,&quot;caption&quot;:&quot;&quot;,&quot;created_timestamp&quot;:&quot;0&quot;,&quot;copyright&quot;:&quot;&quot;,&quot;focal_length&quot;:&quot;0&quot;,&quot;iso&quot;:&quot;0&quot;,&quot;shutter_speed&quot;:&quot;0&quot;,&quot;title&quot;:&quot;&quot;,&quot;orientation&quot;:&quot;0&quot;}\" data-image-title=\"Plakat_1.Mai_2024_FreieLinke_800p\" data-image-description=\"\" data-image-caption=\"\" data-large-file=\"https:\/\/i0.wp.com\/www.freidenker.org\/fw17\/wp-content\/uploads\/2024\/05\/Plakat_1.Mai_2024_FreieLinke_800p.png?fit=800%2C508&amp;ssl=1\" class=\"alignnone wp-image-18967 size-full\" src=\"https:\/\/i0.wp.com\/www.freidenker.org\/fw17\/wp-content\/uploads\/2024\/05\/Plakat_1.Mai_2024_FreieLinke_800p.png?resize=800%2C508&#038;ssl=1\" alt=\"\" width=\"800\" height=\"508\" srcset=\"https:\/\/i0.wp.com\/www.freidenker.org\/fw17\/wp-content\/uploads\/2024\/05\/Plakat_1.Mai_2024_FreieLinke_800p.png?w=800&amp;ssl=1 800w, https:\/\/i0.wp.com\/www.freidenker.org\/fw17\/wp-content\/uploads\/2024\/05\/Plakat_1.Mai_2024_FreieLinke_800p.png?resize=300%2C191&amp;ssl=1 300w, https:\/\/i0.wp.com\/www.freidenker.org\/fw17\/wp-content\/uploads\/2024\/05\/Plakat_1.Mai_2024_FreieLinke_800p.png?resize=768%2C488&amp;ssl=1 768w\" sizes=\"auto, (max-width: 800px) 100vw, 800px\" \/><\/p>\n<p>Auf dem Plakat geht es um die Menschen! Jung und Alt halten Transparente in den H\u00e4nden. Wir finden hier die Forderung nach Frieden und Aufarbeitung der Corona-Zeit und Ablehnung einer WHO-Diktatur. Zur\u00fcckhaltend dagegen die Forderungen L\u00f6hne rauf und Verarmung stoppen. In der Mitte des Plakats die Forderung: FREE Julian Assange.<\/p>\n<p>Seit der Zeitenwende von 1999, als der Westen ohne UN-Mandat Rest-Jugoslawien mit Krieg \u00fcberzog, apportiert die noch Corona-betrunkene kriegsaffine Welt-Presse wie der Pavlovsche Hund den Kriegstreibern. Mit der gleichen faschistischen Sprache wie bei der Corona-Pandemie-Inszenierung:<\/p>\n<blockquote><p>\u00bbDas Virus muss ausgerottet werden\u00ab (Lauterbach, Drosten, Wieler).<\/p>\n<p>\u00bbRussland muss zerst\u00f6rt werden\u00ab (Baerbock),<\/p>\n<p>\u00bbRussland darf nicht gewinnen\u00ab (Habeck).<\/p><\/blockquote>\n<p>Wieder spielen die Einpeitscher die gro\u00dfe Rolle wie der Bu\u00df-Prediger Lauterbach in der Corona-Pandemie-Inszenierung. Es ist das gleiche Spiel der Einsch\u00fcchterung und Erl\u00f6sungshoffnung.<\/p>\n<p>Alle Kriegsparteien wurden von der R\u00fcstungsindustrie gekauft, so wie sie vorher am Tropf der Pharma-Industrie hingen. Diese R\u00fcstungsindustrie interessiert es nicht, dass die deutsche Bev\u00f6lkerung aufgrund der ungebremsten Aufr\u00fcstung der Ukraine Bedrohungen durch milit\u00e4rische Angriffe oder gar durch einen Atomkrieg ausgesetzt wird.<\/p>\n<p>Es interessiert sie nur, dass der Krieg ein gutes Gesch\u00e4ft f\u00fcr sie ist \u2013 auch v\u00f6lkerrechtswidrig spielt keine Rolle \u2013 er ist ja als ein Krieg gegen einen irre gewordenen Diktator deklariert, und als Verteidigung der Demokratie, zwar nicht am Hindukusch, aber vor der T\u00fcre Russlands \u2013 und damit vor unserer T\u00fcre \u2013 keinesfalls vor der Amerikas, das sich im Gegenteil in Sicherheit w\u00e4hnt.<\/p>\n<p>Dieser Krieg ist die Fortsetzung der Zerst\u00f6rung des politischen wie auch zivilen Lebens, wie wir sie die letzten zwei Jahre erleben und ertragen mussten. Er scheint wie die Fortsetzung dessen, wof\u00fcr die Corona-Inszenierung die Vor\u00fcbung war: Die Unterwerfungshaltung hat die geduldige Bev\u00f6lkerung in Corona-Zeiten einge\u00fcbt \u2013 sie wird weiter und noch st\u00e4rker strapaziert werden.<\/p>\n<p>Auch wird die Spaltung der Gesellschaft, die Vergiftung des zwischenmenschlichen Miteinanders verst\u00e4rkt werden, denn Krieg braucht einerseits den Feind und andererseits die jubelnde, begeisterte Volksgemeinschaft. Es ist dies das m\u00f6rderische Spiel, das wir bereits aus der Corona-Inszenierung kennen, diesmal um einige Stufen gef\u00e4hrlicher und bedrohlicher.<\/p>\n<p>Niemand wei\u00df, wie die Blockierung der Friedensbem\u00fchungen \u00fcberwunden werden kann. Klar ist, dass die russisch-chinesische F\u00fchrung ebenso wie die iranische sehr wohl wei\u00df, welche Gefahren auf dem Schachbrett lauern, wenn die \u00fcblichen Verd\u00e4chtigen alles auf eine Karte setzen, obwohl sie wissen, dass sie letztlich gegen die vereinten Kr\u00e4fte einer multipolaren Welt keine Chance haben.(8)<\/p>\n<p>26 Jahre nach Erscheinen seiner Romandystopie \u201eSch\u00f6ne neue Welt\u201c \u2013 beleuchtete Aldous Huxley 1958 die gemachten Fortschritte und kam zum Schluss, dass viele seiner Vorhersagen, die er f\u00fcr das Jahr 2540 machte, bereits in absehbarer Zeit eintreffen k\u00f6nnten.<\/p>\n<p>Ursachen seien die \u00dcberbev\u00f6lkerung, die \u00dcberorganisierung, Propaganda und Gehirnw\u00e4sche sowie der Einfluss von Chemikalien auf das menschliche Verhalten.<\/p>\n<p>Huxley kritisiert auch die in den USA nach den Gesetzen der Werbung erfolgte Verflachung der politischen Meinungsbildung.\u00a0Aus der Kontrolle, die &#8222;Big Business&#8220; und &#8222;Big Government&#8220; \u00fcber die Gesellschaft aus\u00fcben, resultiert der Schwund an individueller Freiheit, Kreativit\u00e4t und Gl\u00fcck.<\/p>\n<p>Vision\u00e4r sah Huxley das 21. Jahrhundert als ein \u201eZeitalter der Weltaufsichtsr\u00e4te und des wissenschaftlichen Kastensystems\u201d<\/p>\n<p>Weltaufsichtsr\u00e4te k\u00f6nnten Organisationen oder Gremien sein, die globale Angelegenheiten \u00fcberwachen und regulieren, sei es in Bezug auf Umweltschutz, Handel, Sicherheit oder andere Bereiche.<\/p>\n<p>Man denke an internationale Organisationen wie die Vereinten Nationen (UN), die Weltgesundheitsorganisation (WHO) oder der Internationale W\u00e4hrungsfonds (IWF). Diese Institutionen arbeiten offiziell daran, globale Herausforderungen zu bew\u00e4ltigen \u2013\u00a0im Hintergrund aber wird \u00fcber diese Organisationen der Einfluss einer kleiner Machtelite global ausgeweitet.<\/p>\n<p>Das wissenschaftliche Kastensystem k\u00f6nnte darauf hinweisen, dass diese Gruppen dabei eine herausragende Rolle spielen werden.<\/p>\n<p>Das 21. Jahrhundert steht vor gro\u00dfen Herausforderungen, die ernsthafte globale Zusammenarbeit und offenen wissenschaftlichen Fortschritt erfordern.<\/p>\n<p>Huxleys Einsichten fordern uns auf, die individuelle Freiheit zu sch\u00fctzen und die Aussagen \u00fcber die Welt um uns herum kritisch zu hinterfragen.<\/p>\n<p>Wir m\u00fcssen vom zerst\u00f6rerischen Weg der Profitmaximierung zur nachhaltigen Pflege unserer\u00a0Lebensgrundlagen kommen \u2013 das st\u00e4ndige \u201eimmer mehr\u201c f\u00fchrt zu immer weniger Lebendigkeit.<\/p>\n<p>Jeder Mensch muss daf\u00fcr sorgen, dass soviel Erde, wie er zu seinem \u00dcberleben braucht, lebendig und gesund erhalten wird.<\/p>\n<p style=\"text-align: right;\"><em>Wolfgang Effenberger ist Mitglied des Deutschen Freidenker-Verbandes und seines Beirats<\/em><\/p>\n<p><strong>Anmerkungen und Quellen<\/strong><\/p>\n<p>1) <a href=\"https:\/\/www.stuttgarter-zeitung.de\/inhalt.1-mai-geschichte-bedeutung-tag-der-arbeit-mhsd.d60156c5-34c1-47d6-ab8c-bbbdafb7a09b.html#:~:text=Seinen%20Ursprung%20hat%20der%20Feiertag%20am%201.%20Mai,der%20Forderungen%20waren%20bessere%20Arbeitsbedingungen%20und%20der%20Acht-Stunden-Tag\">https:\/\/www.stuttgarter-zeitung.de\/inhalt.1-mai-geschichte-bedeutung-tag-der-arbeit-mhsd.d60156c5-34c1-47d6-ab8c-bbbdafb7a09b.html#:~:text=Seinen%20Ursprung%20hat%20der%20Feiertag%20am%201.%20Mai,der%20Forderungen%20waren%20bessere%20Arbeitsbedingungen%20und%20der%20Acht-Stunden-Tag<\/a><\/p>\n<p>2) <a href=\"https:\/\/www.tag-der-arbeit.com\/geschichte\">https:\/\/www.tag-der-arbeit.com\/geschichte<\/a><\/p>\n<p>3) <a href=\"https:\/\/www.bpb.de\/kurz-knapp\/hintergrund-aktuell\/308214\/1-mai-tag-der-arbeit\/\">https:\/\/www.bpb.de\/kurz-knapp\/hintergrund-aktuell\/308214\/1-mai-tag-der-arbeit\/<\/a><\/p>\n<p>4) Berlin und die Geschichte der Mai-Krawalle <a href=\"https:\/\/www.zdf.de\/nachrichten\/panorama\/erster-mai-berlin-chronologie-100.html\">https:\/\/www.zdf.de\/nachrichten\/panorama\/erster-mai-berlin-chronologie-100.html<\/a><\/p>\n<p>5) Kant, Immanuel: Zum ewigen Frieden und andere Schriften. Frankfurt 2008, S. 154<\/p>\n<p>6) <a href=\"https:\/\/frieden-links.de\/2023\/04\/thesenpapier-friedensbewegung-rechtsoffen\/\">https:\/\/frieden-links.de\/2023\/04\/thesenpapier-friedensbewegung-rechtsoffen\/<\/a><\/p>\n<p>7) Ebda.<\/p>\n<p>8) Vgl. <a href=\"https:\/\/deref-web.de\/mail\/client\/oMYh3ZPpaMY\/dereferrer\/?redirectUrl=https%3A%2F%2Fsputnikglobe.com%2F20240410%2Fpepe-escobar-lavrov-wang-yi-sketch-the-future-as-the-world-waits-for-iranian-move-1117849516.html\">https:\/\/sputnikglobe.com\/20240410\/pepe-escobar-lavrov-wang-yi-sketch-the-future-as-the-world-waits-for-iranian-move-1117849516.html<\/a><\/p>\n<hr \/>\n<p><span style=\"font-size: 10pt;\">Bild oben: <span class=\"mw-mmv-title\">Traditionelle Demonstration des deutschen Gewerkschaftsbundes am 1. Mai 2024 in Berlin<\/span><\/span><br \/>\n<span style=\"font-size: 10pt;\">Foto: Leonhard Lenz, <a href=\"http:\/\/creativecommons.org\/publicdomain\/zero\/1.0\/deed.en\" target=\"_blank\" rel=\"noopener\">CC0<\/a><\/span><br \/>\n<span style=\"font-size: 10pt;\">Quelle: <a href=\"https:\/\/commons.wikimedia.org\/w\/index.php?curid=147983492\" target=\"_blank\" rel=\"noopener\">https:\/\/commons.wikimedia.org\/w\/index.php?curid=147983492<\/a><\/span><\/p>\n","protected":false},"excerpt":{"rendered":"<p><b>Beitrag von Wolfgang Effenberger<\/b><br \/>\nWie kaum ein 1. Mai in der Nachkriegsgeschichte erlaubt der 1. Mai 2024 eine Diagnose \u00fcber das Befinden der bundesrepublikanischen Gesellschaft. Sie ringt zwischen einem \u201eImmer mehr\u201c und \u201eweiter so\u201c bis hin zu einem Krieg mit Russland und der Einsicht, mehr Verantwortung f\u00fcr die Umwelt und f\u00fcr eine Friedenspolitik ohne Waffen zu \u00fcbernehmen. Erstmalig folgten in den USA am 1. Mai 1886 \u00fcber 340.000 Arbeiter dem Aufruf der Gewerkschaften, um gegen die Missst\u00e4nde in den Fabriken zu protestieren. Das Ziel der Forderungen waren bessere Arbeitsbedingungen und der Acht-Stunden-Tag. Der gr\u00f6\u00dfte Streik fand am 1. Mai 1886 in Chicago statt, wo sich mehr als 90.000 Menschen zusammenfanden. Der Protest eskalierte. Am 3. Mai erschoss die Polizei sechs streikende Arbeiter in der N\u00e4he einer Fabrik, am n\u00e4chsten Tag eskalierte die Situation auf dem\u00a0Chicagoer Haymarket\u00a0bei einer Kundgebung. <\/p>\n","protected":false},"author":3,"featured_media":18971,"comment_status":"closed","ping_status":"closed","sticky":false,"template":"","format":"standard","meta":{"colormag_page_container_layout":"default_layout","colormag_page_sidebar_layout":"default_layout","advanced_seo_description":"","jetpack_seo_html_title":"","jetpack_seo_noindex":false,"jetpack_post_was_ever_published":false,"footnotes":""},"categories":[11,13],"tags":[1281,454,359,43,358,441,180,56,2198,812,1154,1101,639,185],"class_list":["post-18966","post","type-post","status-publish","format-standard","has-post-thumbnail","hentry","category-arbeit-soziales","category-frieden-antifaschismus-solidaritaet","tag-1-mai","tag-ddr","tag-dgb","tag-friedensbewegung","tag-gewerkschaft","tag-kapitalismus","tag-krise","tag-nato","tag-proletariat","tag-protest","tag-regime-change","tag-soziale-frage","tag-ukraine-konflikt","tag-usa"],"jetpack_featured_media_url":"https:\/\/i0.wp.com\/www.freidenker.org\/fw17\/wp-content\/uploads\/2024\/05\/DGB_1st_May_demonstration_Berlin_2024_89_800x450.jpg?fit=800%2C450&ssl=1","jetpack_shortlink":"https:\/\/wp.me\/p9stpK-4VU","jetpack-related-posts":[{"id":19181,"url":"https:\/\/www.freidenker.org\/?p=19181","url_meta":{"origin":18966,"position":0},"title":"Immanuel Kants 300. Geburtstag &#8211; Teil 2","author":"Webredaktion","date":"25. Mai 2024","format":false,"excerpt":"Teil 2: Reiseimpressionen aus Kaliningrad (ehemals K\u00f6nigsberg) Ein Kommentar von Wolfgang Effenberger Am 22. April 2024, dem 300sten Geburtstag von Immanuel Kant, sollte neben anderen Veranstaltungen die 1. Internationale Konferenz \u201cZum ewigen Frieden\u201d in K\u00f6nigsberg \/ Kaliningrad stattfinden. Wolfgang Effenberger war eingeladen, einen Kurzvortrag zur aktuellen Lage und zu Kants\u2026","rel":"","context":"In &quot;Kultur &amp; Kunst&quot;","block_context":{"text":"Kultur &amp; Kunst","link":"https:\/\/www.freidenker.org\/?cat=913"},"img":{"alt_text":"","src":"https:\/\/i0.wp.com\/www.freidenker.org\/fw17\/wp-content\/uploads\/2024\/05\/effenberger_kant2_02_800x450.jpg?fit=800%2C448&ssl=1&resize=350%2C200","width":350,"height":200,"srcset":"https:\/\/i0.wp.com\/www.freidenker.org\/fw17\/wp-content\/uploads\/2024\/05\/effenberger_kant2_02_800x450.jpg?fit=800%2C448&ssl=1&resize=350%2C200 1x, https:\/\/i0.wp.com\/www.freidenker.org\/fw17\/wp-content\/uploads\/2024\/05\/effenberger_kant2_02_800x450.jpg?fit=800%2C448&ssl=1&resize=525%2C300 1.5x, https:\/\/i0.wp.com\/www.freidenker.org\/fw17\/wp-content\/uploads\/2024\/05\/effenberger_kant2_02_800x450.jpg?fit=800%2C448&ssl=1&resize=700%2C400 2x"},"classes":[]},{"id":17890,"url":"https:\/\/www.freidenker.org\/?p=17890","url_meta":{"origin":18966,"position":1},"title":"Nach 10 Jahren Vorbereitung: NATO kriegsbereit gegen Russland","author":"Webredaktion","date":"17. Januar 2024","format":false,"excerpt":"Ein Kommentar von Wolfgang Effenberger Vor dem Hintergrund eines milit\u00e4risch und wirtschaftlich noch angeschlagenen Russlands, eines milit\u00e4risch noch etwas schw\u00e4cheren Chinas und der noch relativ losen Gemeinschaft der BRICS-Staaten (das erste Treffen war 2009 in Jekaterinburg) entschlossen sich die USA im Herbst 2013 den im Jahr 2010 gew\u00e4hlten prorussischen Pr\u00e4sidenten\u2026","rel":"","context":"In &quot;Demokratie \u2013 Medien \u2013 Aufkl\u00e4rung&quot;","block_context":{"text":"Demokratie \u2013 Medien \u2013 Aufkl\u00e4rung","link":"https:\/\/www.freidenker.org\/?cat=12"},"img":{"alt_text":"","src":"https:\/\/i0.wp.com\/www.freidenker.org\/fw17\/wp-content\/uploads\/2024\/01\/Russia_NATO_flags.svg_800x450.png?fit=800%2C450&ssl=1&resize=350%2C200","width":350,"height":200,"srcset":"https:\/\/i0.wp.com\/www.freidenker.org\/fw17\/wp-content\/uploads\/2024\/01\/Russia_NATO_flags.svg_800x450.png?fit=800%2C450&ssl=1&resize=350%2C200 1x, https:\/\/i0.wp.com\/www.freidenker.org\/fw17\/wp-content\/uploads\/2024\/01\/Russia_NATO_flags.svg_800x450.png?fit=800%2C450&ssl=1&resize=525%2C300 1.5x, https:\/\/i0.wp.com\/www.freidenker.org\/fw17\/wp-content\/uploads\/2024\/01\/Russia_NATO_flags.svg_800x450.png?fit=800%2C450&ssl=1&resize=700%2C400 2x"},"classes":[]},{"id":19070,"url":"https:\/\/www.freidenker.org\/?p=19070","url_meta":{"origin":18966,"position":2},"title":"Der 9. Mai 2024 \u2013 ein denk- und geschichtsw\u00fcrdiger Tag","author":"Webredaktion","date":"12. Mai 2024","format":false,"excerpt":"Beitrag von\u00a0Wolfgang Effenberger Der 9.Mai 2024 f\u00e4llt nicht nur auf den Himmelfahrtstag, sondern steht auch f\u00fcr drei geschichtstr\u00e4chtige Ereignisse: Die seit 1950 j\u00e4hrliche Karlspreisverleihung in Aachen, der Europa-Tag, der auf die Robert-Schuman-Erkl\u00e4rung vom 9. Mai 1950 zur\u00fcckgeht, und die bedingungslose Kapitulation der deutschen Wehrmacht 1945 im Berliner Stadtteil Karlshorst, an\u2026","rel":"","context":"In &quot;Frieden - Antifaschismus - Solidarit\u00e4t&quot;","block_context":{"text":"Frieden - Antifaschismus - Solidarit\u00e4t","link":"https:\/\/www.freidenker.org\/?cat=13"},"img":{"alt_text":"","src":"https:\/\/i0.wp.com\/www.freidenker.org\/fw17\/wp-content\/uploads\/2024\/05\/Karl-d-Grosse_Treptow_Schuman_800x450.jpg?fit=800%2C450&ssl=1&resize=350%2C200","width":350,"height":200,"srcset":"https:\/\/i0.wp.com\/www.freidenker.org\/fw17\/wp-content\/uploads\/2024\/05\/Karl-d-Grosse_Treptow_Schuman_800x450.jpg?fit=800%2C450&ssl=1&resize=350%2C200 1x, https:\/\/i0.wp.com\/www.freidenker.org\/fw17\/wp-content\/uploads\/2024\/05\/Karl-d-Grosse_Treptow_Schuman_800x450.jpg?fit=800%2C450&ssl=1&resize=525%2C300 1.5x, https:\/\/i0.wp.com\/www.freidenker.org\/fw17\/wp-content\/uploads\/2024\/05\/Karl-d-Grosse_Treptow_Schuman_800x450.jpg?fit=800%2C450&ssl=1&resize=700%2C400 2x"},"classes":[]},{"id":20548,"url":"https:\/\/www.freidenker.org\/?p=20548","url_meta":{"origin":18966,"position":3},"title":"Im Gespr\u00e4ch: Wolfgang Bittner (&#8222;Niemand soll hungern, ohne zu frieren&#8220;)","author":"Webredaktion","date":"20. Dezember 2024","format":false,"excerpt":"Video-Interview von Dirk Pohlmann mit Wolfgang Bittner Wolfgang Bittner ist Schriftsteller, promovierter Jurist, bildender K\u00fcnstler und hat neben Jura auch Philosophie und Soziologie studiert. Er hat die Welt bereist und etwa 80 B\u00fccher verfasst. Bittner war Rundfunkrat des WDR und Professor in Deutschland und Polen. Er ist ein Mann der\u2026","rel":"","context":"In &quot;Demokratie \u2013 Medien \u2013 Aufkl\u00e4rung&quot;","block_context":{"text":"Demokratie \u2013 Medien \u2013 Aufkl\u00e4rung","link":"https:\/\/www.freidenker.org\/?cat=12"},"img":{"alt_text":"","src":"https:\/\/i0.wp.com\/www.freidenker.org\/fw17\/wp-content\/uploads\/2024\/12\/bittner_pohlmann_800x450.jpg?fit=800%2C450&ssl=1&resize=350%2C200","width":350,"height":200,"srcset":"https:\/\/i0.wp.com\/www.freidenker.org\/fw17\/wp-content\/uploads\/2024\/12\/bittner_pohlmann_800x450.jpg?fit=800%2C450&ssl=1&resize=350%2C200 1x, https:\/\/i0.wp.com\/www.freidenker.org\/fw17\/wp-content\/uploads\/2024\/12\/bittner_pohlmann_800x450.jpg?fit=800%2C450&ssl=1&resize=525%2C300 1.5x, https:\/\/i0.wp.com\/www.freidenker.org\/fw17\/wp-content\/uploads\/2024\/12\/bittner_pohlmann_800x450.jpg?fit=800%2C450&ssl=1&resize=700%2C400 2x"},"classes":[]},{"id":21542,"url":"https:\/\/www.freidenker.org\/?p=21542","url_meta":{"origin":18966,"position":4},"title":"Merz will \u201eTaurus\u201c liefern","author":"Webredaktion","date":"24. April 2025","format":false,"excerpt":"K\u00fcnftiger Kanzler verst\u00f6\u00dft vor Amtsantritt gegen den Amtseid \u2013 und beweist seine Ahnungslosigkeit Ein Kommentar von Tilo Gr\u00e4ser Der allen Voraussetzungen nach n\u00e4chste deutsche Bundeskanzler Friedrich Merz (CDU) hat bereits vor Amtsantritt angek\u00fcndigt, dass er seinen Amtseid brechen wird. Er tat das am Sonntag in der ARD-Sendung \u201eCaren Miosga\u201c, in\u2026","rel":"","context":"In &quot;Demokratie \u2013 Medien \u2013 Aufkl\u00e4rung&quot;","block_context":{"text":"Demokratie \u2013 Medien \u2013 Aufkl\u00e4rung","link":"https:\/\/www.freidenker.org\/?cat=12"},"img":{"alt_text":"","src":"https:\/\/i0.wp.com\/www.freidenker.org\/fw17\/wp-content\/uploads\/2025\/04\/Wahlkampf_mit_Friedrich_Merz_in_Erfurt_2024_STP_3071_800x450.jpg?fit=800%2C450&ssl=1&resize=350%2C200","width":350,"height":200,"srcset":"https:\/\/i0.wp.com\/www.freidenker.org\/fw17\/wp-content\/uploads\/2025\/04\/Wahlkampf_mit_Friedrich_Merz_in_Erfurt_2024_STP_3071_800x450.jpg?fit=800%2C450&ssl=1&resize=350%2C200 1x, https:\/\/i0.wp.com\/www.freidenker.org\/fw17\/wp-content\/uploads\/2025\/04\/Wahlkampf_mit_Friedrich_Merz_in_Erfurt_2024_STP_3071_800x450.jpg?fit=800%2C450&ssl=1&resize=525%2C300 1.5x, https:\/\/i0.wp.com\/www.freidenker.org\/fw17\/wp-content\/uploads\/2025\/04\/Wahlkampf_mit_Friedrich_Merz_in_Erfurt_2024_STP_3071_800x450.jpg?fit=800%2C450&ssl=1&resize=700%2C400 2x"},"classes":[]},{"id":20430,"url":"https:\/\/www.freidenker.org\/?p=20430","url_meta":{"origin":18966,"position":5},"title":"Jubel \u00fcber Eskalation durch Freigabe weitreichender Waffen","author":"Webredaktion","date":"30. November 2024","format":false,"excerpt":"Standpunkt von Wolfgang Effenberger Mit den vier Worten \"This is great news\" begann Alexander Soros, Sohn des Finanzspekulanten George Soros, am 17. November 2024, seinen Beitrag auf X (vormals Twitter). Dazu hatte sich der Soros-Spr\u00f6ssling auf die Eil-Meldung des Wall Street Journals (WSJ) bezogen: \u201ePr\u00e4sident Biden hat zum ersten Mal\u2026","rel":"","context":"In &quot;Demokratie \u2013 Medien \u2013 Aufkl\u00e4rung&quot;","block_context":{"text":"Demokratie \u2013 Medien \u2013 Aufkl\u00e4rung","link":"https:\/\/www.freidenker.org\/?cat=12"},"img":{"alt_text":"","src":"https:\/\/i0.wp.com\/www.freidenker.org\/fw17\/wp-content\/uploads\/2024\/11\/earth-1738059_800x450.jpg?fit=800%2C450&ssl=1&resize=350%2C200","width":350,"height":200,"srcset":"https:\/\/i0.wp.com\/www.freidenker.org\/fw17\/wp-content\/uploads\/2024\/11\/earth-1738059_800x450.jpg?fit=800%2C450&ssl=1&resize=350%2C200 1x, https:\/\/i0.wp.com\/www.freidenker.org\/fw17\/wp-content\/uploads\/2024\/11\/earth-1738059_800x450.jpg?fit=800%2C450&ssl=1&resize=525%2C300 1.5x, https:\/\/i0.wp.com\/www.freidenker.org\/fw17\/wp-content\/uploads\/2024\/11\/earth-1738059_800x450.jpg?fit=800%2C450&ssl=1&resize=700%2C400 2x"},"classes":[]}],"_links":{"self":[{"href":"https:\/\/www.freidenker.org\/index.php?rest_route=\/wp\/v2\/posts\/18966","targetHints":{"allow":["GET"]}}],"collection":[{"href":"https:\/\/www.freidenker.org\/index.php?rest_route=\/wp\/v2\/posts"}],"about":[{"href":"https:\/\/www.freidenker.org\/index.php?rest_route=\/wp\/v2\/types\/post"}],"author":[{"embeddable":true,"href":"https:\/\/www.freidenker.org\/index.php?rest_route=\/wp\/v2\/users\/3"}],"replies":[{"embeddable":true,"href":"https:\/\/www.freidenker.org\/index.php?rest_route=%2Fwp%2Fv2%2Fcomments&post=18966"}],"version-history":[{"count":0,"href":"https:\/\/www.freidenker.org\/index.php?rest_route=\/wp\/v2\/posts\/18966\/revisions"}],"wp:featuredmedia":[{"embeddable":true,"href":"https:\/\/www.freidenker.org\/index.php?rest_route=\/wp\/v2\/media\/18971"}],"wp:attachment":[{"href":"https:\/\/www.freidenker.org\/index.php?rest_route=%2Fwp%2Fv2%2Fmedia&parent=18966"}],"wp:term":[{"taxonomy":"category","embeddable":true,"href":"https:\/\/www.freidenker.org\/index.php?rest_route=%2Fwp%2Fv2%2Fcategories&post=18966"},{"taxonomy":"post_tag","embeddable":true,"href":"https:\/\/www.freidenker.org\/index.php?rest_route=%2Fwp%2Fv2%2Ftags&post=18966"}],"curies":[{"name":"wp","href":"https:\/\/api.w.org\/{rel}","templated":true}]}}