{"id":18944,"date":"2024-05-08T00:39:49","date_gmt":"2024-05-07T22:39:49","guid":{"rendered":"https:\/\/www.freidenker.org\/?p=18944"},"modified":"2024-06-03T19:56:21","modified_gmt":"2024-06-03T17:56:21","slug":"vor-79-jahren-tag-der-begegnung-in-torgau","status":"publish","type":"post","link":"https:\/\/www.freidenker.org\/?p=18944","title":{"rendered":"Vor 79 Jahren: Tag der Begegnung in Torgau"},"content":{"rendered":"<p>Das Zusammentreffen von Soldaten der Roten Armee und US-Soldaten an der Elbe am 25. April 1945 wurde auch 2024 wieder gefeiert: Offiziell von der Stadt und zwei Tage sp\u00e4ter am 27. April 2024 mit einer Demonstration und verschiedenen Kundgebungen.<\/p>\n<p>Bei der st\u00e4dtischen Veranstaltung blieben die Offiziellen keineswegs unter sich: \u00dcber ihrer Versammlung weht die Freidenker-Fahne und rund um das Denkmal der Befreiung waren Plakaten und Transparenten der DKP zu sehen, gegen die Kriegstreiberei der herrschenden Parteien in Deutschland und f\u00fcr \u201eFreundschaft mit Russland und China\u201c. Obwohl \u201enicht eingeladen\u201c, kam eine Abordnung des Russischen Hauses Berlin und legte einen Kranz nieder, \u00fcber 20 Mitglieder der Nachtw\u00f6lfe waren mit roten Nelken erschienen.<\/p>\n<p>Zu der Demonstration der Friedensorganisation Torgau begr\u00fc\u00dften Elke und Gerd Brucks (DKP Torgau) 400 Demonstranten am Fahnenmonument und Freidenkerin Jane Zahn steuerte Lieder zu den Kundgebungen bei. Bei diesen sprachen u.a. Jutta Kausch von der Friedenskoordination Berlin, der Vorsitzende des Revolution\u00e4ren Freundschaftsbundes, Albrecht Gei\u00dfler, Stefan Natke, Vorsitzender der DKP Berlin, ein Vertreter der Kommunistischen Organisation sowie Anja Mewes, Friedensglockengesellschaft Berlin, die ein von Christiane Reymann verfasstes Manifest zum 79. Jahrestages der Befreiung vom Faschismus vortrug. Der DKP-Vorsitzende Patrik K\u00f6bele sagte in seiner Rede u.a.: Einen verlogenen H\u00f6hepunkt schaffte der NATO-Generalsekret\u00e4r Stoltenberg, als er verk\u00fcndete, dass die NATO f\u00fcr 75 Jahre Frieden stehe. Dabei sei dieses Kriegsb\u00fcndnis an allen dreckigen Kriegen auf der Welt beteiligt gewesen und dr\u00e4nge uns jetzt an den Rand eines Atomkrieges. Eine Chance zur Gegenwehr und f\u00fcr die Sammlung der Arbeiterbewegung auf Friedenspositionen biete der Aufruf der Gewerkschafter gegen Aufr\u00fcstung und Krieg.<\/p>\n<p>Am Denkmal der Begegnung am Elbufer sprach Klaus Hartmann, dessen Beitrag nachfolgend dokumentiert wird. Er begr\u00fc\u00dfte Michail Suchow, 1. Sekret\u00e4r der Botschaft der Russischen F\u00f6deration, der anschlie\u00dfend eine von langanhaltendem Beifall begleitete Rede hielt.<\/p>\n<p style=\"text-align: right;\"><em>Webredaktion<\/em><\/p>\n<hr \/>\n<p><span style=\"font-size: 10pt;\">\u2193\u00a0<a href=\"#galerie\">Bildergalerie<\/a><\/span><\/p>\n<hr \/>\n<h4>Dank den Befreiern<\/h4>\n<p><em>Rede von Klaus Hartmann am Denkmal der Begegnung in Torgau, 27.04.2024<\/em><\/p>\n<div class=\"fb-video\" data-allowfullscreen=\"true\" data-href=\"https:\/\/www.facebook.com\/100001117160031\/videos\/738523455028521\/\" style=\"background-color: #fff; display: inline-block;\"><\/div>\n<p><span style=\"font-size: 10pt;\">Direktlink zum Video von Wlad Sankin auf Facebook: <a href=\"https:\/\/www.facebook.com\/100001117160031\/videos\/738523455028521\/\" target=\"_blank\" rel=\"noopener\">https:\/\/www.facebook.com\/100001117160031\/videos\/738523455028521\/<\/a><\/span><\/p>\n<p>&nbsp;<\/p>\n<p>Wir feiern heute das Andenken an diesem Tag der Begegnung auf etwas merkw\u00fcrdige Art: Denn dieser Tag findet ohne Begegnung statt. Das hei\u00dft, die Stadt Torgau hat am Donnerstag f\u00fcr ihre offizielle Feierlichkeit weder Vertreter der USA noch Vertreter der Russischen F\u00f6deration eingeladen. Das war wohl als besonders schlauer Trick gedacht, um nicht der Einseitigkeit beschuldigt zu werden.<\/p>\n<p>Was es allerdings mit dieser Einseitigkeit auf sich hat, hat die Bundesregierung gegen\u00fcber der Russischen F\u00f6deration, ihrer Botschaft in Berlin, unmissverst\u00e4ndlich zu verstehen gegeben: Vertreter der Russischen F\u00f6deration seien in diesem Jahr \u201eunerw\u00fcnscht\u201c. Unerw\u00fcnscht bei den Feiern zum Jahrestag der Befreiung, zum Jahrestag des Sieges, aber auch unerw\u00fcnscht bei den Feierlichkeiten zur Erinnerung an die Befreiung der Konzentrationslager. Sowohl die Gedenkst\u00e4ttenleitung in Buchenwald hat offiziell Vertreter der Russischen F\u00f6deration ausgeschlossen, und getoppt wird alles noch durch ein Ereignis in \u00d6sterreich, dass wir vielleicht so charakterisieren k\u00f6nnen: die \u00d6sterreicher wollen wieder Anschluss finden an das Deutsche Reich.<\/p>\n<p>Weil es war \u2013 und das kommt an Peinlichkeit hinzu \u2013 das Internationale Mauthausen-Komitee, das bereits seit zwei Jahren Vertreter der Russischen Botschaft ausl\u00e4dt, aber in diesem Jahr noch etwas draufsetzt, indem es n\u00e4mlich mitteilte, dass auch Vertreter der russischen Gemeinschaft, der B\u00fcrger, von der Gedenkfeier ausgeschlossen seien.<\/p>\n<p>Das liegt auf der Linie der NATO-Regierungen, selbst im angeblich neutralen \u00d6sterreich, und insofern haben wir es hier zu tun mit einer Europ\u00e4ischen Union, die an der Zerst\u00f6rung des historischen Ged\u00e4chtnisses arbeitet und die Erinnerung an die europ\u00e4ische Vergangenheit vergessen machen will.<\/p>\n<p>Das fing eigentlich schon im Jahr 2019 an: Als sie bekanntgaben, dass das Erinnern an die europ\u00e4ische Vergangenheit im Blick haben m\u00fcsste die Verursacher des zweiten Weltkriegs, n\u00e4mlich Nazi-Deutschland und die Sowjetunion \u2013 gleicherma\u00dfen, eine Gleichsetzung von beiden; die allerdings, wenn man diese Resolution genauer liest, doch keine Gleichsetzung war, weil in dieser Resolution 15-mal Nazi-Deutschland erw\u00e4hnt wird, aber 31-mal die Sowjetunion. Damit kann man sich bereits vorstellen, wie dieses Geschichtsbild unserer ach so demokratisch gew\u00e4hlten Abgeordneten des EU-Parlaments, wie Stefan Natke heute trefflich sagte, wie die ticken, wie es damit beschaffen ist, n\u00e4mlich geradezu auf dem Weg des Geschichtsrevisionismus.<\/p>\n<p>Wir freuen uns, dass am Donnerstag Vertreter des Russischen Hauses aus Berlin es sich nicht nehmen lie\u00dfen, hier einen Kranz an der Gedenkst\u00e4tte niederzulegen, und wir freuen uns umso mehr, dass auch heute ein Vertreter der Botschaft der Russischen F\u00f6deration extra hier her gekommen ist, einen Kranz niedergelegt hat und mit uns gemeinsam an dieser Veranstaltung teilnimmt. Wir hei\u00dfen ihn herzlich willkommen!<\/p>\n<p>Es gab keinen Redner, der am Donnerstag nicht die Floskel gebraucht h\u00e4tte vom \u201ev\u00f6lkerrechtswidrigen russischen Angriffskrieg auf die Ukraine\u201c. Jetzt wollen wir mal nicht ein Seminar zum Thema V\u00f6lkerrecht hier veranstalten, aber nur mal bitte einen ganz kurzen Gedanken in der Frage von Logik versuchen. Es war im letzten Jahr, Ende M\u00e4rz 2023 der NATO-Generalsekret\u00e4r Stoltenberg, der darauf hinwies, dass dieser Krieg ja nicht erst 2022 begonnen habe, sondern bereits 2014. Jetzt stellt sich doch die Frage, wie ein Krieg, der 2022 schon acht Jahre gedauert hat, wie es dann acht Jahre sp\u00e4ter zu einem Angriffskrieg kommen konnte. Ein Krieg, der schon 2014 beginnt, in den kann man h\u00f6chstens noch eingreifen, was die Russische F\u00f6deration ja auch gemacht hat, mit dem erkl\u00e4rten Ziel, diesen Krieg auch zu beenden.<\/p>\n<p>Nur das w\u00fcrde ja die ganze sch\u00f6ne Erz\u00e4hlung vom v\u00f6lkerrechtswidrigen Angriffskrieg L\u00fcgen strafen \u2013 eine Formel, \u00fcber die die NATO nat\u00fcrlich bestens Bescheid wei\u00df, denn sie war es, die vor exakt 25 Jahren den ersten v\u00f6lkerrechtswidrigen Angriffskrieg in Europa gestartet hat, mit ihrer Aggression zur Zerst\u00f6rung Jugoslawiens. Wir sagten damals, das ist der T\u00fcr\u00f6ffnerkrieg f\u00fcr die weiteren Kriege, die v\u00f6lkerrechtswidrig dann folgen werden und dann auch folgten in Afghanistan, im Irak, in Libyen gegen Syrien.<\/p>\n<p>Und dass es immer noch in der Friedensbewegung Kr\u00e4fte gibt, die vor diesem Ge\u00dfler-Hut gr\u00fc\u00dfen, das hei\u00dft, die diese NATO-Propaganda vom russischen Angriffskrieg nachbeten \u2013 das ist das eigentlich Besch\u00e4mende und unsere vorrangige Aufgabe, es durch Aufkl\u00e4rung niederzuk\u00e4mpfen, was bei Gehirnw\u00e4sche durch die Massenmedien in die K\u00f6pfe an Gift getr\u00e4ufelt wird.<\/p>\n<p>Das geschieht alles in einer Situation, in der Menschen auf der Stra\u00dfe demonstrieren \u201egegen Rechts\u201c oder \u201ef\u00fcr die Demokratie\u201c. Man stelle sich vor: Finanzminister Lindner, Au\u00dfenministerin Baerbock sind unter den Demonstranten gegen Rechts und f\u00fcr Demokratie \u2013 unvorstellbar, dieser Treppenwitz!<\/p>\n<p>F\u00fcr Demokratie \u2013 ja, f\u00fcr eine Demokratie, die nicht das Strafrecht zum Einsatz bringt, um von der Regierung und von der NATO abweichende Meinungen vor Gericht zu zerren, und die Betreffenden zu bestrafen. Gegen \u201eRechts\u201c \u2013 das ist ein Vorschlag. Gegen \u201eRechts\u201c hei\u00dft: Krieg ist rechts. Der V\u00f6lkermord in Gaza ist rechts. Wer Waffen liefert f\u00fcr diese Kriege, ist doch unbestritten rechts. Nur die Meinungsmacher, die \u2013 wie sie zurecht genannt werden \u2013 die L\u00fcgenpresse, will uns diese einfachen Erkenntnisse aus den K\u00f6pfen trommeln.<\/p>\n<p>Ich sage: L\u00fcgenpresse ist kein \u201erechtes\u201c Wort. Es stammt von der KPD aus den 1920er Jahren, mit der sie die Hugenberg-Presse, den Hugenberg-Konzern, der den Nazi-Machtergreifung bef\u00f6rdert und forciert hat, der hie\u00df nach unserer, nach der Auffassung unserer Genossinnen und Genossen aus der Kommunistischen Partei Deutschlands L\u00fcgenpresse, und deshalb werden wir uns dieses ach so wahre Wort nicht verbieten lassen, sagte Eckart Spoo.<\/p>\n<p>Kriegskredite f\u00fcr die Ukraine zu beschlie\u00dfen, das ist rechts. Wer f\u00fcr den Austritt aus der NATO und f\u00fcr den Abzug der NATO eintritt, der ist links. Wer f\u00fcr die Rettung der Bankprofite eintritt, ist rechts, und wer \u2013 ich antworte einfach mit der Formulierung des Freidenkers Rainer Rupp: was kann weiter rechts sein, als Waffen, die wieder auf Russen schie\u00dfen? Das erkl\u00e4rt die ganze Situation.<\/p>\n<p>Deshalb stellen wir an dieser Stelle fest: wer, wie die Bundesregierung den Faschisten in der Ukraine die Stange h\u00e4lt, ist rechts, der braucht sich keine anderen Rechten im eigenen Land mehr zu suchen.<\/p>\n<p>Wir danken den Befreiern wir danken den Befreiern von gestern und den Befreiern von heute. Das hei\u00dft, wir danken auch der Russischen F\u00f6deration f\u00fcr ihren unerm\u00fcdlichen Einsatz im Kampf gegen den Faschismus, w\u00e4hrend einige ihrer Alliierten heute auf der anderen Seite, n\u00e4mlich auf der Seite der Faschisten stehen.<\/p>\n<p>Deshalb wiederhole ich die Losung, die heute schon in verschiedenen Reden erklungen ist: Deutschland raus aus der NATO und NATO raus aus Deutschland, und NATO weg von den Grenzen der russischen F\u00f6deration! Keinen Euro f\u00fcr den Krieg, Freundschaft mit der Volksrepublik China und mit der Russischen F\u00f6deration! Danke sch\u00f6n.<\/p>\n<p style=\"text-align: right;\"><em>Klaus Hartmann ist Pr\u00e4sident der Weltunion der Freidenker und stellvertretender Vorsitzender des Deutschen Freidenker-Verbandes<\/em><\/p>\n<hr \/>\n<h4><a id=\"galerie\"><\/a>Bildergalerie<\/h4>\n<div class=\"tiled-gallery type-rectangular tiled-gallery-unresized\" data-original-width=\"800\" data-carousel-extra='{&quot;blog_id&quot;:1,&quot;permalink&quot;:&quot;https:\\\/\\\/www.freidenker.org\\\/?p=18944&quot;,&quot;likes_blog_id&quot;:139773280}' itemscope itemtype=\"http:\/\/schema.org\/ImageGallery\" > <div class=\"gallery-row\" style=\"width: 800px; height: 670px;\" data-original-width=\"800\" data-original-height=\"670\" > <div class=\"gallery-group images-3\" style=\"width: 296px; height: 670px;\" data-original-width=\"296\" data-original-height=\"670\" > <div class=\"tiled-gallery-item tiled-gallery-item-large\" itemprop=\"associatedMedia\" itemscope itemtype=\"http:\/\/schema.org\/ImageObject\"> <a href=\"https:\/\/www.freidenker.org\/?attachment_id=18947\" border=\"0\" itemprop=\"url\"> <meta itemprop=\"width\" content=\"292\"> <meta itemprop=\"height\" content=\"220\"> <img decoding=\"async\" class=\"\" data-attachment-id=\"18947\" data-orig-file=\"https:\/\/www.freidenker.org\/fw17\/wp-content\/uploads\/2024\/05\/Genossen-beim-Aufbau.jpg\" data-orig-size=\"1200,900\" data-comments-opened=\"\" data-image-meta=\"{&quot;aperture&quot;:&quot;1.9&quot;,&quot;credit&quot;:&quot;&quot;,&quot;camera&quot;:&quot;QCAM-AA&quot;,&quot;caption&quot;:&quot;&quot;,&quot;created_timestamp&quot;:&quot;1714039320&quot;,&quot;copyright&quot;:&quot;&quot;,&quot;focal_length&quot;:&quot;3.94&quot;,&quot;iso&quot;:&quot;103&quot;,&quot;shutter_speed&quot;:&quot;0.0032786885245902&quot;,&quot;title&quot;:&quot;&quot;,&quot;orientation&quot;:&quot;1&quot;}\" data-image-title=\"Genossen beim Aufbau\" data-image-description=\"\" data-medium-file=\"https:\/\/i0.wp.com\/www.freidenker.org\/fw17\/wp-content\/uploads\/2024\/05\/Genossen-beim-Aufbau.jpg?fit=300%2C225&#038;ssl=1\" data-large-file=\"https:\/\/i0.wp.com\/www.freidenker.org\/fw17\/wp-content\/uploads\/2024\/05\/Genossen-beim-Aufbau.jpg?fit=800%2C600&#038;ssl=1\" src=\"https:\/\/i0.wp.com\/www.freidenker.org\/fw17\/wp-content\/uploads\/2024\/05\/Genossen-beim-Aufbau.jpg?w=292&#038;h=220&#038;ssl=1\" srcset=\"https:\/\/i0.wp.com\/www.freidenker.org\/fw17\/wp-content\/uploads\/2024\/05\/Genossen-beim-Aufbau.jpg?w=1200&amp;ssl=1 1200w, https:\/\/i0.wp.com\/www.freidenker.org\/fw17\/wp-content\/uploads\/2024\/05\/Genossen-beim-Aufbau.jpg?resize=300%2C225&amp;ssl=1 300w, https:\/\/i0.wp.com\/www.freidenker.org\/fw17\/wp-content\/uploads\/2024\/05\/Genossen-beim-Aufbau.jpg?resize=1024%2C768&amp;ssl=1 1024w, https:\/\/i0.wp.com\/www.freidenker.org\/fw17\/wp-content\/uploads\/2024\/05\/Genossen-beim-Aufbau.jpg?resize=768%2C576&amp;ssl=1 768w\" width=\"292\" height=\"220\" loading=\"lazy\" data-original-width=\"292\" data-original-height=\"220\" itemprop=\"http:\/\/schema.org\/image\" title=\"Genossen beim Aufbau\" alt=\"Genossen der DKP Torgau mit Klaus Hartmann\" style=\"width: 292px; height: 220px;\" \/> <\/a> <div class=\"tiled-gallery-caption\" itemprop=\"caption description\"> Genossen der DKP Torgau mit Klaus Hartmann <\/div> <\/div> <div class=\"tiled-gallery-item tiled-gallery-item-large\" itemprop=\"associatedMedia\" itemscope itemtype=\"http:\/\/schema.org\/ImageObject\"> <a href=\"https:\/\/www.freidenker.org\/?attachment_id=18946\" border=\"0\" itemprop=\"url\"> <meta itemprop=\"width\" content=\"292\"> <meta itemprop=\"height\" content=\"219\"> <img decoding=\"async\" class=\"\" data-attachment-id=\"18946\" data-orig-file=\"https:\/\/www.freidenker.org\/fw17\/wp-content\/uploads\/2024\/05\/Blumenschalen-und-Fahnen.jpg\" data-orig-size=\"1200,900\" data-comments-opened=\"\" data-image-meta=\"{&quot;aperture&quot;:&quot;1.9&quot;,&quot;credit&quot;:&quot;&quot;,&quot;camera&quot;:&quot;QCAM-AA&quot;,&quot;caption&quot;:&quot;&quot;,&quot;created_timestamp&quot;:&quot;1714229972&quot;,&quot;copyright&quot;:&quot;&quot;,&quot;focal_length&quot;:&quot;3.94&quot;,&quot;iso&quot;:&quot;102&quot;,&quot;shutter_speed&quot;:&quot;0.0018691588785047&quot;,&quot;title&quot;:&quot;&quot;,&quot;orientation&quot;:&quot;1&quot;}\" data-image-title=\"Blumenschalen und Fahnen\" data-image-description=\"\" data-medium-file=\"https:\/\/i0.wp.com\/www.freidenker.org\/fw17\/wp-content\/uploads\/2024\/05\/Blumenschalen-und-Fahnen.jpg?fit=300%2C225&#038;ssl=1\" data-large-file=\"https:\/\/i0.wp.com\/www.freidenker.org\/fw17\/wp-content\/uploads\/2024\/05\/Blumenschalen-und-Fahnen.jpg?fit=800%2C600&#038;ssl=1\" src=\"https:\/\/i0.wp.com\/www.freidenker.org\/fw17\/wp-content\/uploads\/2024\/05\/Blumenschalen-und-Fahnen.jpg?w=292&#038;h=219&#038;ssl=1\" srcset=\"https:\/\/i0.wp.com\/www.freidenker.org\/fw17\/wp-content\/uploads\/2024\/05\/Blumenschalen-und-Fahnen.jpg?w=1200&amp;ssl=1 1200w, https:\/\/i0.wp.com\/www.freidenker.org\/fw17\/wp-content\/uploads\/2024\/05\/Blumenschalen-und-Fahnen.jpg?resize=300%2C225&amp;ssl=1 300w, https:\/\/i0.wp.com\/www.freidenker.org\/fw17\/wp-content\/uploads\/2024\/05\/Blumenschalen-und-Fahnen.jpg?resize=1024%2C768&amp;ssl=1 1024w, https:\/\/i0.wp.com\/www.freidenker.org\/fw17\/wp-content\/uploads\/2024\/05\/Blumenschalen-und-Fahnen.jpg?resize=768%2C576&amp;ssl=1 768w\" width=\"292\" height=\"219\" loading=\"lazy\" data-original-width=\"292\" data-original-height=\"219\" itemprop=\"http:\/\/schema.org\/image\" title=\"Blumenschalen und Fahnen\" alt=\"Blumenschalen der beteiligten Organisationen an der Stelenwand am Denkmal der Begegnung\" style=\"width: 292px; height: 219px;\" \/> <\/a> <div class=\"tiled-gallery-caption\" itemprop=\"caption description\"> Blumenschalen der beteiligten Organisationen an der Stelenwand am Denkmal der Begegnung <\/div> <\/div> <div class=\"tiled-gallery-item tiled-gallery-item-large\" itemprop=\"associatedMedia\" itemscope itemtype=\"http:\/\/schema.org\/ImageObject\"> <a href=\"https:\/\/www.freidenker.org\/?attachment_id=18945\" border=\"0\" itemprop=\"url\"> <meta itemprop=\"width\" content=\"292\"> <meta itemprop=\"height\" content=\"219\"> <img decoding=\"async\" class=\"\" data-attachment-id=\"18945\" data-orig-file=\"https:\/\/www.freidenker.org\/fw17\/wp-content\/uploads\/2024\/05\/Blumenschale-jw-und-dfv.jpg\" data-orig-size=\"1200,900\" data-comments-opened=\"\" data-image-meta=\"{&quot;aperture&quot;:&quot;1.9&quot;,&quot;credit&quot;:&quot;&quot;,&quot;camera&quot;:&quot;QCAM-AA&quot;,&quot;caption&quot;:&quot;&quot;,&quot;created_timestamp&quot;:&quot;1714043186&quot;,&quot;copyright&quot;:&quot;&quot;,&quot;focal_length&quot;:&quot;3.94&quot;,&quot;iso&quot;:&quot;101&quot;,&quot;shutter_speed&quot;:&quot;0.0021276595744681&quot;,&quot;title&quot;:&quot;&quot;,&quot;orientation&quot;:&quot;1&quot;}\" data-image-title=\"Blumenschale jw und dfv\" data-image-description=\"\" data-medium-file=\"https:\/\/i0.wp.com\/www.freidenker.org\/fw17\/wp-content\/uploads\/2024\/05\/Blumenschale-jw-und-dfv.jpg?fit=300%2C225&#038;ssl=1\" data-large-file=\"https:\/\/i0.wp.com\/www.freidenker.org\/fw17\/wp-content\/uploads\/2024\/05\/Blumenschale-jw-und-dfv.jpg?fit=800%2C600&#038;ssl=1\" src=\"https:\/\/i0.wp.com\/www.freidenker.org\/fw17\/wp-content\/uploads\/2024\/05\/Blumenschale-jw-und-dfv.jpg?w=292&#038;h=219&#038;ssl=1\" srcset=\"https:\/\/i0.wp.com\/www.freidenker.org\/fw17\/wp-content\/uploads\/2024\/05\/Blumenschale-jw-und-dfv.jpg?w=1200&amp;ssl=1 1200w, https:\/\/i0.wp.com\/www.freidenker.org\/fw17\/wp-content\/uploads\/2024\/05\/Blumenschale-jw-und-dfv.jpg?resize=300%2C225&amp;ssl=1 300w, https:\/\/i0.wp.com\/www.freidenker.org\/fw17\/wp-content\/uploads\/2024\/05\/Blumenschale-jw-und-dfv.jpg?resize=1024%2C768&amp;ssl=1 1024w, https:\/\/i0.wp.com\/www.freidenker.org\/fw17\/wp-content\/uploads\/2024\/05\/Blumenschale-jw-und-dfv.jpg?resize=768%2C576&amp;ssl=1 768w\" width=\"292\" height=\"219\" loading=\"lazy\" data-original-width=\"292\" data-original-height=\"219\" itemprop=\"http:\/\/schema.org\/image\" title=\"Blumenschale jw und dfv\" alt=\"Blumenschalen der beteiligten Organisationen: In der Mitte die Schale des Deutschen Freidenker-Verbandes\" style=\"width: 292px; height: 219px;\" \/> <\/a> <div class=\"tiled-gallery-caption\" itemprop=\"caption description\"> Blumenschalen der beteiligten Organisationen: In der Mitte die Schale des Deutschen Freidenker-Verbandes <\/div> <\/div> <\/div> <!-- close group --> <div class=\"gallery-group images-1\" style=\"width: 504px; height: 670px;\" data-original-width=\"504\" data-original-height=\"670\" > <div class=\"tiled-gallery-item tiled-gallery-item-large\" itemprop=\"associatedMedia\" itemscope itemtype=\"http:\/\/schema.org\/ImageObject\"> <a href=\"https:\/\/www.freidenker.org\/?attachment_id=18948\" border=\"0\" itemprop=\"url\"> <meta itemprop=\"width\" content=\"500\"> <meta itemprop=\"height\" content=\"666\"> <img decoding=\"async\" class=\"\" data-attachment-id=\"18948\" data-orig-file=\"https:\/\/www.freidenker.org\/fw17\/wp-content\/uploads\/2024\/05\/Gerd-mit-Wolgograd-Fahne.jpg\" data-orig-size=\"900,1200\" data-comments-opened=\"\" data-image-meta=\"{&quot;aperture&quot;:&quot;1.9&quot;,&quot;credit&quot;:&quot;&quot;,&quot;camera&quot;:&quot;QCAM-AA&quot;,&quot;caption&quot;:&quot;&quot;,&quot;created_timestamp&quot;:&quot;1714039427&quot;,&quot;copyright&quot;:&quot;&quot;,&quot;focal_length&quot;:&quot;3.94&quot;,&quot;iso&quot;:&quot;100&quot;,&quot;shutter_speed&quot;:&quot;0.0019569471624266&quot;,&quot;title&quot;:&quot;&quot;,&quot;orientation&quot;:&quot;1&quot;}\" data-image-title=\"Gerd mit Wolgograd-Fahne\" data-image-description=\"\" data-medium-file=\"https:\/\/i0.wp.com\/www.freidenker.org\/fw17\/wp-content\/uploads\/2024\/05\/Gerd-mit-Wolgograd-Fahne.jpg?fit=225%2C300&#038;ssl=1\" data-large-file=\"https:\/\/i0.wp.com\/www.freidenker.org\/fw17\/wp-content\/uploads\/2024\/05\/Gerd-mit-Wolgograd-Fahne.jpg?fit=768%2C1024&#038;ssl=1\" src=\"https:\/\/i0.wp.com\/www.freidenker.org\/fw17\/wp-content\/uploads\/2024\/05\/Gerd-mit-Wolgograd-Fahne.jpg?w=500&#038;h=666&#038;ssl=1\" srcset=\"https:\/\/i0.wp.com\/www.freidenker.org\/fw17\/wp-content\/uploads\/2024\/05\/Gerd-mit-Wolgograd-Fahne.jpg?w=900&amp;ssl=1 900w, https:\/\/i0.wp.com\/www.freidenker.org\/fw17\/wp-content\/uploads\/2024\/05\/Gerd-mit-Wolgograd-Fahne.jpg?resize=225%2C300&amp;ssl=1 225w, https:\/\/i0.wp.com\/www.freidenker.org\/fw17\/wp-content\/uploads\/2024\/05\/Gerd-mit-Wolgograd-Fahne.jpg?resize=768%2C1024&amp;ssl=1 768w\" width=\"500\" height=\"666\" loading=\"lazy\" data-original-width=\"500\" data-original-height=\"666\" itemprop=\"http:\/\/schema.org\/image\" title=\"Gerd mit Wolgograd-Fahne\" alt=\"Gerd Brucks von der DKP Torgau mit Wolgograd-Fahne\" style=\"width: 500px; height: 666px;\" \/> <\/a> <div class=\"tiled-gallery-caption\" itemprop=\"caption description\"> Gerd Brucks von der DKP Torgau mit Wolgograd-Fahne <\/div> <\/div> <\/div> <!-- close group --> <\/div> <!-- close row --> <div class=\"gallery-row\" style=\"width: 800px; height: 354px;\" data-original-width=\"800\" data-original-height=\"354\" > <div class=\"gallery-group images-1\" style=\"width: 267px; height: 354px;\" data-original-width=\"267\" data-original-height=\"354\" > <div class=\"tiled-gallery-item tiled-gallery-item-large\" itemprop=\"associatedMedia\" itemscope itemtype=\"http:\/\/schema.org\/ImageObject\"> <a href=\"https:\/\/www.freidenker.org\/?attachment_id=18949\" border=\"0\" itemprop=\"url\"> <meta itemprop=\"width\" content=\"263\"> <meta itemprop=\"height\" content=\"350\"> <img decoding=\"async\" class=\"\" data-attachment-id=\"18949\" data-orig-file=\"https:\/\/www.freidenker.org\/fw17\/wp-content\/uploads\/2024\/05\/Gerd-und-Klaus.jpg\" data-orig-size=\"900,1200\" data-comments-opened=\"\" data-image-meta=\"{&quot;aperture&quot;:&quot;1.9&quot;,&quot;credit&quot;:&quot;&quot;,&quot;camera&quot;:&quot;QCAM-AA&quot;,&quot;caption&quot;:&quot;&quot;,&quot;created_timestamp&quot;:&quot;1714039400&quot;,&quot;copyright&quot;:&quot;&quot;,&quot;focal_length&quot;:&quot;3.94&quot;,&quot;iso&quot;:&quot;101&quot;,&quot;shutter_speed&quot;:&quot;0.001531393568147&quot;,&quot;title&quot;:&quot;&quot;,&quot;orientation&quot;:&quot;1&quot;}\" data-image-title=\"Gerd und Klaus\" data-image-description=\"\" data-medium-file=\"https:\/\/i0.wp.com\/www.freidenker.org\/fw17\/wp-content\/uploads\/2024\/05\/Gerd-und-Klaus.jpg?fit=225%2C300&#038;ssl=1\" data-large-file=\"https:\/\/i0.wp.com\/www.freidenker.org\/fw17\/wp-content\/uploads\/2024\/05\/Gerd-und-Klaus.jpg?fit=768%2C1024&#038;ssl=1\" src=\"https:\/\/i0.wp.com\/www.freidenker.org\/fw17\/wp-content\/uploads\/2024\/05\/Gerd-und-Klaus.jpg?w=263&#038;h=350&#038;ssl=1\" srcset=\"https:\/\/i0.wp.com\/www.freidenker.org\/fw17\/wp-content\/uploads\/2024\/05\/Gerd-und-Klaus.jpg?w=900&amp;ssl=1 900w, https:\/\/i0.wp.com\/www.freidenker.org\/fw17\/wp-content\/uploads\/2024\/05\/Gerd-und-Klaus.jpg?resize=225%2C300&amp;ssl=1 225w, https:\/\/i0.wp.com\/www.freidenker.org\/fw17\/wp-content\/uploads\/2024\/05\/Gerd-und-Klaus.jpg?resize=768%2C1024&amp;ssl=1 768w\" width=\"263\" height=\"350\" loading=\"lazy\" data-original-width=\"263\" data-original-height=\"350\" itemprop=\"http:\/\/schema.org\/image\" title=\"Gerd und Klaus\" alt=\"v.l.n.r.: Klaus Hartmann, stellv. Vorsitzender des DFV und Gerd Brucks von der DKP Torgau\" style=\"width: 263px; height: 350px;\" \/> <\/a> <div class=\"tiled-gallery-caption\" itemprop=\"caption description\"> v.l.n.r.: Klaus Hartmann, stellv. Vorsitzender des DFV und Gerd Brucks von der DKP Torgau <\/div> <\/div> <\/div> <!-- close group --> <div class=\"gallery-group images-1\" style=\"width: 267px; height: 354px;\" data-original-width=\"267\" data-original-height=\"354\" > <div class=\"tiled-gallery-item tiled-gallery-item-large\" itemprop=\"associatedMedia\" itemscope itemtype=\"http:\/\/schema.org\/ImageObject\"> <a href=\"https:\/\/www.freidenker.org\/?attachment_id=18952\" border=\"0\" itemprop=\"url\"> <meta itemprop=\"width\" content=\"263\"> <meta itemprop=\"height\" content=\"350\"> <img decoding=\"async\" class=\"\" data-attachment-id=\"18952\" data-orig-file=\"https:\/\/www.freidenker.org\/fw17\/wp-content\/uploads\/2024\/05\/IMG_20240427_153121.jpg\" data-orig-size=\"900,1200\" data-comments-opened=\"\" data-image-meta=\"{&quot;aperture&quot;:&quot;1.9&quot;,&quot;credit&quot;:&quot;&quot;,&quot;camera&quot;:&quot;QCAM-AA&quot;,&quot;caption&quot;:&quot;&quot;,&quot;created_timestamp&quot;:&quot;1714231881&quot;,&quot;copyright&quot;:&quot;&quot;,&quot;focal_length&quot;:&quot;3.94&quot;,&quot;iso&quot;:&quot;102&quot;,&quot;shutter_speed&quot;:&quot;0.0020408163265306&quot;,&quot;title&quot;:&quot;&quot;,&quot;orientation&quot;:&quot;1&quot;}\" data-image-title=\"IMG_20240427_153121\" data-image-description=\"\" data-medium-file=\"https:\/\/i0.wp.com\/www.freidenker.org\/fw17\/wp-content\/uploads\/2024\/05\/IMG_20240427_153121.jpg?fit=225%2C300&#038;ssl=1\" data-large-file=\"https:\/\/i0.wp.com\/www.freidenker.org\/fw17\/wp-content\/uploads\/2024\/05\/IMG_20240427_153121.jpg?fit=768%2C1024&#038;ssl=1\" src=\"https:\/\/i0.wp.com\/www.freidenker.org\/fw17\/wp-content\/uploads\/2024\/05\/IMG_20240427_153121.jpg?w=263&#038;h=350&#038;ssl=1\" srcset=\"https:\/\/i0.wp.com\/www.freidenker.org\/fw17\/wp-content\/uploads\/2024\/05\/IMG_20240427_153121.jpg?w=900&amp;ssl=1 900w, https:\/\/i0.wp.com\/www.freidenker.org\/fw17\/wp-content\/uploads\/2024\/05\/IMG_20240427_153121.jpg?resize=225%2C300&amp;ssl=1 225w, https:\/\/i0.wp.com\/www.freidenker.org\/fw17\/wp-content\/uploads\/2024\/05\/IMG_20240427_153121.jpg?resize=768%2C1024&amp;ssl=1 768w\" width=\"263\" height=\"350\" loading=\"lazy\" data-original-width=\"263\" data-original-height=\"350\" itemprop=\"http:\/\/schema.org\/image\" title=\"IMG_20240427_153121\" alt=\"Heike Cienskowski, Vorsitzende des LV Th\u00fcringen und Klaus Hartmann, Stellv. Vorsitzender des DFV\" style=\"width: 263px; height: 350px;\" \/> <\/a> <div class=\"tiled-gallery-caption\" itemprop=\"caption description\"> Heike Cienskowski, Vorsitzende des LV Th\u00fcringen und Klaus Hartmann, Stellv. Vorsitzender des DFV <\/div> <\/div> <\/div> <!-- close group --> <div class=\"gallery-group images-1\" style=\"width: 266px; height: 354px;\" data-original-width=\"266\" data-original-height=\"354\" > <div class=\"tiled-gallery-item tiled-gallery-item-large\" itemprop=\"associatedMedia\" itemscope itemtype=\"http:\/\/schema.org\/ImageObject\"> <a href=\"https:\/\/www.freidenker.org\/?attachment_id=18951\" border=\"0\" itemprop=\"url\"> <meta itemprop=\"width\" content=\"262\"> <meta itemprop=\"height\" content=\"350\"> <img decoding=\"async\" class=\"\" data-attachment-id=\"18951\" data-orig-file=\"https:\/\/www.freidenker.org\/fw17\/wp-content\/uploads\/2024\/05\/IMG_20240427_151949.jpg\" data-orig-size=\"900,1200\" data-comments-opened=\"\" data-image-meta=\"{&quot;aperture&quot;:&quot;1.9&quot;,&quot;credit&quot;:&quot;&quot;,&quot;camera&quot;:&quot;QCAM-AA&quot;,&quot;caption&quot;:&quot;&quot;,&quot;created_timestamp&quot;:&quot;1714231189&quot;,&quot;copyright&quot;:&quot;&quot;,&quot;focal_length&quot;:&quot;3.94&quot;,&quot;iso&quot;:&quot;105&quot;,&quot;shutter_speed&quot;:&quot;0.00046772684752105&quot;,&quot;title&quot;:&quot;&quot;,&quot;orientation&quot;:&quot;1&quot;}\" data-image-title=\"IMG_20240427_151949\" data-image-description=\"\" data-medium-file=\"https:\/\/i0.wp.com\/www.freidenker.org\/fw17\/wp-content\/uploads\/2024\/05\/IMG_20240427_151949.jpg?fit=225%2C300&#038;ssl=1\" data-large-file=\"https:\/\/i0.wp.com\/www.freidenker.org\/fw17\/wp-content\/uploads\/2024\/05\/IMG_20240427_151949.jpg?fit=768%2C1024&#038;ssl=1\" src=\"https:\/\/i0.wp.com\/www.freidenker.org\/fw17\/wp-content\/uploads\/2024\/05\/IMG_20240427_151949.jpg?w=262&#038;h=350&#038;ssl=1\" srcset=\"https:\/\/i0.wp.com\/www.freidenker.org\/fw17\/wp-content\/uploads\/2024\/05\/IMG_20240427_151949.jpg?w=900&amp;ssl=1 900w, https:\/\/i0.wp.com\/www.freidenker.org\/fw17\/wp-content\/uploads\/2024\/05\/IMG_20240427_151949.jpg?resize=225%2C300&amp;ssl=1 225w, https:\/\/i0.wp.com\/www.freidenker.org\/fw17\/wp-content\/uploads\/2024\/05\/IMG_20240427_151949.jpg?resize=768%2C1024&amp;ssl=1 768w\" width=\"262\" height=\"350\" loading=\"lazy\" data-original-width=\"262\" data-original-height=\"350\" itemprop=\"http:\/\/schema.org\/image\" title=\"IMG_20240427_151949\" alt=\"Michail Suchow, 1. Sekret\u00e4r der Botschaft der Russischen F\u00f6deration w\u00e4hrend seiner Rede\" style=\"width: 262px; height: 350px;\" \/> <\/a> <div class=\"tiled-gallery-caption\" itemprop=\"caption description\"> Michail Suchow, 1. Sekret\u00e4r der Botschaft der Russischen F\u00f6deration w\u00e4hrend seiner Rede <\/div> <\/div> <\/div> <!-- close group --> <\/div> <!-- close row --> <div class=\"gallery-row\" style=\"width: 800px; height: 532px;\" data-original-width=\"800\" data-original-height=\"532\" > <div class=\"gallery-group images-1\" style=\"width: 400px; height: 532px;\" data-original-width=\"400\" data-original-height=\"532\" > <div class=\"tiled-gallery-item tiled-gallery-item-large\" itemprop=\"associatedMedia\" itemscope itemtype=\"http:\/\/schema.org\/ImageObject\"> <a href=\"https:\/\/www.freidenker.org\/?attachment_id=18950\" border=\"0\" itemprop=\"url\"> <meta itemprop=\"width\" content=\"396\"> <meta itemprop=\"height\" content=\"528\"> <img decoding=\"async\" class=\"\" data-attachment-id=\"18950\" data-orig-file=\"https:\/\/www.freidenker.org\/fw17\/wp-content\/uploads\/2024\/05\/IMG_20240427_124942.jpg\" data-orig-size=\"900,1200\" data-comments-opened=\"\" data-image-meta=\"{&quot;aperture&quot;:&quot;1.9&quot;,&quot;credit&quot;:&quot;&quot;,&quot;camera&quot;:&quot;QCAM-AA&quot;,&quot;caption&quot;:&quot;&quot;,&quot;created_timestamp&quot;:&quot;1714222182&quot;,&quot;copyright&quot;:&quot;&quot;,&quot;focal_length&quot;:&quot;3.94&quot;,&quot;iso&quot;:&quot;101&quot;,&quot;shutter_speed&quot;:&quot;0.0005952380952381&quot;,&quot;title&quot;:&quot;&quot;,&quot;orientation&quot;:&quot;1&quot;}\" data-image-title=\"IMG_20240427_124942\" data-image-description=\"\" data-medium-file=\"https:\/\/i0.wp.com\/www.freidenker.org\/fw17\/wp-content\/uploads\/2024\/05\/IMG_20240427_124942.jpg?fit=225%2C300&#038;ssl=1\" data-large-file=\"https:\/\/i0.wp.com\/www.freidenker.org\/fw17\/wp-content\/uploads\/2024\/05\/IMG_20240427_124942.jpg?fit=768%2C1024&#038;ssl=1\" src=\"https:\/\/i0.wp.com\/www.freidenker.org\/fw17\/wp-content\/uploads\/2024\/05\/IMG_20240427_124942.jpg?w=396&#038;h=528&#038;ssl=1\" srcset=\"https:\/\/i0.wp.com\/www.freidenker.org\/fw17\/wp-content\/uploads\/2024\/05\/IMG_20240427_124942.jpg?w=900&amp;ssl=1 900w, https:\/\/i0.wp.com\/www.freidenker.org\/fw17\/wp-content\/uploads\/2024\/05\/IMG_20240427_124942.jpg?resize=225%2C300&amp;ssl=1 225w, https:\/\/i0.wp.com\/www.freidenker.org\/fw17\/wp-content\/uploads\/2024\/05\/IMG_20240427_124942.jpg?resize=768%2C1024&amp;ssl=1 768w\" width=\"396\" height=\"528\" loading=\"lazy\" data-original-width=\"396\" data-original-height=\"528\" itemprop=\"http:\/\/schema.org\/image\" title=\"IMG_20240427_124942\" alt=\"Wolfram Fischer, Vorsitzender des LV Sachsen am Infostand des DFV auf dem Marktlatz\" style=\"width: 396px; height: 528px;\" \/> <\/a> <div class=\"tiled-gallery-caption\" itemprop=\"caption description\"> Wolfram Fischer, Vorsitzender des LV Sachsen am Infostand des DFV auf dem Marktlatz <\/div> <\/div> <\/div> <!-- close group --> <div class=\"gallery-group images-1\" style=\"width: 400px; height: 532px;\" data-original-width=\"400\" data-original-height=\"532\" > <div class=\"tiled-gallery-item tiled-gallery-item-large\" itemprop=\"associatedMedia\" itemscope itemtype=\"http:\/\/schema.org\/ImageObject\"> <a href=\"https:\/\/www.freidenker.org\/?attachment_id=18953\" border=\"0\" itemprop=\"url\"> <meta itemprop=\"width\" content=\"396\"> <meta itemprop=\"height\" content=\"528\"> <img decoding=\"async\" class=\"\" data-attachment-id=\"18953\" data-orig-file=\"https:\/\/www.freidenker.org\/fw17\/wp-content\/uploads\/2024\/05\/Wolfram-am-Stand.jpg\" data-orig-size=\"900,1200\" data-comments-opened=\"\" data-image-meta=\"{&quot;aperture&quot;:&quot;1.9&quot;,&quot;credit&quot;:&quot;&quot;,&quot;camera&quot;:&quot;QCAM-AA&quot;,&quot;caption&quot;:&quot;&quot;,&quot;created_timestamp&quot;:&quot;1714222165&quot;,&quot;copyright&quot;:&quot;&quot;,&quot;focal_length&quot;:&quot;3.94&quot;,&quot;iso&quot;:&quot;104&quot;,&quot;shutter_speed&quot;:&quot;0.00034013605442177&quot;,&quot;title&quot;:&quot;&quot;,&quot;orientation&quot;:&quot;1&quot;}\" data-image-title=\"Wolfram am Stand\" data-image-description=\"\" data-medium-file=\"https:\/\/i0.wp.com\/www.freidenker.org\/fw17\/wp-content\/uploads\/2024\/05\/Wolfram-am-Stand.jpg?fit=225%2C300&#038;ssl=1\" data-large-file=\"https:\/\/i0.wp.com\/www.freidenker.org\/fw17\/wp-content\/uploads\/2024\/05\/Wolfram-am-Stand.jpg?fit=768%2C1024&#038;ssl=1\" src=\"https:\/\/i0.wp.com\/www.freidenker.org\/fw17\/wp-content\/uploads\/2024\/05\/Wolfram-am-Stand.jpg?w=396&#038;h=528&#038;ssl=1\" srcset=\"https:\/\/i0.wp.com\/www.freidenker.org\/fw17\/wp-content\/uploads\/2024\/05\/Wolfram-am-Stand.jpg?w=900&amp;ssl=1 900w, https:\/\/i0.wp.com\/www.freidenker.org\/fw17\/wp-content\/uploads\/2024\/05\/Wolfram-am-Stand.jpg?resize=225%2C300&amp;ssl=1 225w, https:\/\/i0.wp.com\/www.freidenker.org\/fw17\/wp-content\/uploads\/2024\/05\/Wolfram-am-Stand.jpg?resize=768%2C1024&amp;ssl=1 768w\" width=\"396\" height=\"528\" loading=\"lazy\" data-original-width=\"396\" data-original-height=\"528\" itemprop=\"http:\/\/schema.org\/image\" title=\"Wolfram am Stand\" alt=\"Wolfram Fischer, Vorsitzender des LV Sachsen am Infostand des DFV auf dem Marktlatz\" style=\"width: 396px; height: 528px;\" \/> <\/a> <div class=\"tiled-gallery-caption\" itemprop=\"caption description\"> Wolfram Fischer, Vorsitzender des LV Sachsen am Infostand des DFV auf dem Marktlatz <\/div> <\/div> <\/div> <!-- close group --> <\/div> <!-- close row --> <\/div>\n<hr \/>\n<p><span style=\"font-size: 10pt;\">Bild ganz oben: Klaus Hartmann, stellv. Vorsitzender des DFV w\u00e4hrend seiner Rede. Davor mit Freidenker-Fahne: Heike Cienskowski, Vorsitzende des LV Th\u00fcringen.<\/span><br \/>\n<span style=\"font-size: 10pt;\">Foto: Screenshot aus dem Video von <a href=\"https:\/\/www.facebook.com\/100001117160031\/videos\/738523455028521\/\" target=\"_blank\" rel=\"noopener\">Wlad Sankin<\/a><\/span><\/p>\n","protected":false},"excerpt":{"rendered":"<p><b>Rede von Kaus Hartmann und Bildergalerie<\/b><br \/>\nDas Zusammentreffen von Soldaten der Roten Armee und US-Soldaten an der Elbe am 25. April 1945 wurde auch 2024 wieder gefeiert: Offiziell von der Stadt und zwei Tage sp\u00e4ter am 27. April 2024 mit einer Demonstration und verschiedenen Kundgebungen. [&#8230;] Zu der Demonstration der Friedensorganisation Torgau begr\u00fc\u00dften Elke und Gerd Brucks (DKP Torgau) 400 Demonstranten am Fahnenmonument und Freidenkerin Jane Zahn steuerte Lieder zu den Kundgebungen bei. [&#8230;] Am Denkmal der Begegnung am Elbufer sprach Klaus Hartmann, dessen Beitrag nachfolgend dokumentiert wird. Er begr\u00fc\u00dfte Michail Suchow, 1. Sekret\u00e4r der Botschaft der Russischen F\u00f6deration, der anschlie\u00dfend eine von langanhaltendem Beifall begleitete Rede hielt.<\/p>\n","protected":false},"author":3,"featured_media":18956,"comment_status":"closed","ping_status":"closed","sticky":false,"template":"","format":"standard","meta":{"colormag_page_container_layout":"default_layout","colormag_page_sidebar_layout":"default_layout","advanced_seo_description":"","jetpack_seo_html_title":"","jetpack_seo_noindex":false,"jetpack_post_was_ever_published":false,"footnotes":""},"categories":[13],"tags":[648,411,2196,335,43,924,925,430,1774,185],"class_list":["post-18944","post","type-post","status-publish","format-standard","has-post-thumbnail","hentry","category-frieden-antifaschismus-solidaritaet","tag-2-weltkrieg","tag-demonstration","tag-fotogalerie","tag-frieden","tag-friedensbewegung","tag-gedenken","tag-kundgebung","tag-sowjetunion","tag-torgau","tag-usa"],"jetpack_featured_media_url":"https:\/\/i0.wp.com\/www.freidenker.org\/fw17\/wp-content\/uploads\/2024\/05\/torgau_2024_hartmann_rede_800x450.jpg?fit=800%2C450&ssl=1","jetpack_shortlink":"https:\/\/wp.me\/p9stpK-4Vy","jetpack-related-posts":[{"id":9848,"url":"https:\/\/www.freidenker.org\/?p=9848","url_meta":{"origin":18944,"position":0},"title":"Elbe Tag &#8211; Demonstration in Torgau am 24. April 2021","author":"Webredaktion","date":"6. April 2021","format":false,"excerpt":"Torgau 1945-2021 - 76. Jahrestag der Begegnung - 80. Jahrestag des \u00dcberfalls Nazideutschlands auf die Sowjetunion Der Deutsche Freidenker-Verband unterst\u00fctzt die Initiative der DKP und anderer Organisationen, den Jahrestag des Zusammentreffens der Roten Armee und US-amerikanischer Truppen in Torgau 1945 zu einer Manifestation f\u00fcr den Frieden mit Russland und China\u2026","rel":"","context":"In &quot;Frieden - Antifaschismus - Solidarit\u00e4t&quot;","block_context":{"text":"Frieden - Antifaschismus - Solidarit\u00e4t","link":"https:\/\/www.freidenker.org\/?cat=13"},"img":{"alt_text":"","src":"https:\/\/i0.wp.com\/www.freidenker.org\/fw17\/wp-content\/uploads\/2021\/04\/Torgau_Elbe_Tag_800x450.jpg?fit=800%2C450&ssl=1&resize=350%2C200","width":350,"height":200,"srcset":"https:\/\/i0.wp.com\/www.freidenker.org\/fw17\/wp-content\/uploads\/2021\/04\/Torgau_Elbe_Tag_800x450.jpg?fit=800%2C450&ssl=1&resize=350%2C200 1x, https:\/\/i0.wp.com\/www.freidenker.org\/fw17\/wp-content\/uploads\/2021\/04\/Torgau_Elbe_Tag_800x450.jpg?fit=800%2C450&ssl=1&resize=525%2C300 1.5x, https:\/\/i0.wp.com\/www.freidenker.org\/fw17\/wp-content\/uploads\/2021\/04\/Torgau_Elbe_Tag_800x450.jpg?fit=800%2C450&ssl=1&resize=700%2C400 2x"},"classes":[]},{"id":24934,"url":"https:\/\/www.freidenker.org\/?p=24934","url_meta":{"origin":18944,"position":1},"title":"Demonstration, Kundgebung und Konzert zum Tag der Begegnung am 25. April 2026 in Torgau","author":"Webredaktion","date":"20. April 2026","format":false,"excerpt":"Anl\u00e4sslich des 81. Jahrestages des Tages der Begegnung in Torgau finden mehrere Veranstaltungen statt. Die DKP und zahlreiche Unterst\u00fctzer, darunter der Deutsche Freidenker-Verband rufen auf zur Friedensdemonstration zum Tag der Begegnung, Torgau 1945-2026 am 25. April 2026, Beginn um 11.30 Uhr am Br\u00fcckenkopf Torgau. Aus dem Aufruf: Nie wieder Faschismus\u2026","rel":"","context":"In &quot;Frieden - Antifaschismus - Solidarit\u00e4t&quot;","block_context":{"text":"Frieden - Antifaschismus - Solidarit\u00e4t","link":"https:\/\/www.freidenker.org\/?cat=13"},"img":{"alt_text":"","src":"https:\/\/i0.wp.com\/www.freidenker.org\/fw17\/wp-content\/uploads\/2026\/04\/TdB_Torgau_2026_800x450.jpg?fit=800%2C450&ssl=1&resize=350%2C200","width":350,"height":200,"srcset":"https:\/\/i0.wp.com\/www.freidenker.org\/fw17\/wp-content\/uploads\/2026\/04\/TdB_Torgau_2026_800x450.jpg?fit=800%2C450&ssl=1&resize=350%2C200 1x, https:\/\/i0.wp.com\/www.freidenker.org\/fw17\/wp-content\/uploads\/2026\/04\/TdB_Torgau_2026_800x450.jpg?fit=800%2C450&ssl=1&resize=525%2C300 1.5x, https:\/\/i0.wp.com\/www.freidenker.org\/fw17\/wp-content\/uploads\/2026\/04\/TdB_Torgau_2026_800x450.jpg?fit=800%2C450&ssl=1&resize=700%2C400 2x"},"classes":[]},{"id":12804,"url":"https:\/\/www.freidenker.org\/?p=12804","url_meta":{"origin":18944,"position":2},"title":"Auf zum \u201eTag der Begegnung\u201c am 23. April 2022 nach Torgau!","author":"Webredaktion","date":"16. April 2022","format":false,"excerpt":"Am 23. April 2022 wird in Torgau anl\u00e4sslich des \u201eTages der Begegnung\u201c erneut eine Friedensdemonstration stattfinden. Der \u201eTag der Begegnung\u201c erinnert an das Zusammentreffen der Soldaten der Roten Armee und der US\u2013Armee am 25.April 1945 an der Elbe und Ihren historischen Handschlag, der zum Symbol der Befreiung vom Faschismus und\u2026","rel":"","context":"In &quot;Frieden - Antifaschismus - Solidarit\u00e4t&quot;","block_context":{"text":"Frieden - Antifaschismus - Solidarit\u00e4t","link":"https:\/\/www.freidenker.org\/?cat=13"},"img":{"alt_text":"","src":"https:\/\/i0.wp.com\/www.freidenker.org\/fw17\/wp-content\/uploads\/2022\/04\/DEMONSTRATION-AM-23.-APRIL-2022-800x450-1.jpg?fit=800%2C450&ssl=1&resize=350%2C200","width":350,"height":200,"srcset":"https:\/\/i0.wp.com\/www.freidenker.org\/fw17\/wp-content\/uploads\/2022\/04\/DEMONSTRATION-AM-23.-APRIL-2022-800x450-1.jpg?fit=800%2C450&ssl=1&resize=350%2C200 1x, https:\/\/i0.wp.com\/www.freidenker.org\/fw17\/wp-content\/uploads\/2022\/04\/DEMONSTRATION-AM-23.-APRIL-2022-800x450-1.jpg?fit=800%2C450&ssl=1&resize=525%2C300 1.5x, https:\/\/i0.wp.com\/www.freidenker.org\/fw17\/wp-content\/uploads\/2022\/04\/DEMONSTRATION-AM-23.-APRIL-2022-800x450-1.jpg?fit=800%2C450&ssl=1&resize=700%2C400 2x"},"classes":[]},{"id":21305,"url":"https:\/\/www.freidenker.org\/?p=21305","url_meta":{"origin":18944,"position":3},"title":"Elbe-Tag: 80. Jahrestag der Begegnung","author":"Webredaktion","date":"30. M\u00e4rz 2025","format":false,"excerpt":"Demonstration am 26. April 2025 11:30 Uhr Br\u00fcckenkopf Torgau (anschl. 14:30 Uhr - Konzert mit Tino Eisbrenner und Ernesto Schwarz) Kein Ort an der Elbe \u2013 von Hamburg bis Dresden \u2013 hat mit seiner Symbolik am \u00a0Ende des faschistischen Krieges eine bis heute andauernde Aussagekraft und Wahrheit erlangt, die in\u2026","rel":"","context":"In &quot;Frieden - Antifaschismus - Solidarit\u00e4t&quot;","block_context":{"text":"Frieden - Antifaschismus - Solidarit\u00e4t","link":"https:\/\/www.freidenker.org\/?cat=13"},"img":{"alt_text":"","src":"https:\/\/i0.wp.com\/www.freidenker.org\/fw17\/wp-content\/uploads\/2025\/03\/Elbe-Tag_2025_800x450.jpg?fit=800%2C450&ssl=1&resize=350%2C200","width":350,"height":200,"srcset":"https:\/\/i0.wp.com\/www.freidenker.org\/fw17\/wp-content\/uploads\/2025\/03\/Elbe-Tag_2025_800x450.jpg?fit=800%2C450&ssl=1&resize=350%2C200 1x, https:\/\/i0.wp.com\/www.freidenker.org\/fw17\/wp-content\/uploads\/2025\/03\/Elbe-Tag_2025_800x450.jpg?fit=800%2C450&ssl=1&resize=525%2C300 1.5x, https:\/\/i0.wp.com\/www.freidenker.org\/fw17\/wp-content\/uploads\/2025\/03\/Elbe-Tag_2025_800x450.jpg?fit=800%2C450&ssl=1&resize=700%2C400 2x"},"classes":[]},{"id":21679,"url":"https:\/\/www.freidenker.org\/?p=21679","url_meta":{"origin":18944,"position":4},"title":"80 Jahre Begegnung an der Elbe","author":"Webredaktion","date":"5. Mai 2025","format":false,"excerpt":"Beitrag von Klaus Hartmann Stadt Torgau gestaltet einen Tag der W\u00fcrdelosigkeit - Am historischen Jahrestag des Zusammentreffens von Soldaten der Roten Armee und der US-Armee hat die Stadt Torgau auch 2025 zum Gedenken am Begegnungs-Denkmal geladen. Der \u201eElbe-Tag\u201c hei\u00dft inzwischen \u201eElbe Day\u201c, und auf gro\u00dffl\u00e4chigen Plakaten warb die Stadt: \u201eSchafft\u2026","rel":"","context":"In &quot;Frieden - Antifaschismus - Solidarit\u00e4t&quot;","block_context":{"text":"Frieden - Antifaschismus - Solidarit\u00e4t","link":"https:\/\/www.freidenker.org\/?cat=13"},"img":{"alt_text":"","src":"https:\/\/i0.wp.com\/www.freidenker.org\/fw17\/wp-content\/uploads\/2025\/05\/Torgau-2025_800x450.jpg?fit=800%2C450&ssl=1&resize=350%2C200","width":350,"height":200,"srcset":"https:\/\/i0.wp.com\/www.freidenker.org\/fw17\/wp-content\/uploads\/2025\/05\/Torgau-2025_800x450.jpg?fit=800%2C450&ssl=1&resize=350%2C200 1x, https:\/\/i0.wp.com\/www.freidenker.org\/fw17\/wp-content\/uploads\/2025\/05\/Torgau-2025_800x450.jpg?fit=800%2C450&ssl=1&resize=525%2C300 1.5x, https:\/\/i0.wp.com\/www.freidenker.org\/fw17\/wp-content\/uploads\/2025\/05\/Torgau-2025_800x450.jpg?fit=800%2C450&ssl=1&resize=700%2C400 2x"},"classes":[]},{"id":15812,"url":"https:\/\/www.freidenker.org\/?p=15812","url_meta":{"origin":18944,"position":5},"title":"Elbe Tag \u2013 Torgau 1945-2023","author":"Webredaktion","date":"20. April 2023","format":false,"excerpt":"78. Jahrestag der Begegnung - 82. Jahrestag des \u00dcberfalls Nazideutschlands auf die Sowjetunion Friedensdemonstration & Kundgebung am 22. April 2023, 12:00 Uhr am Br\u00fcckenkopf Torgau (Ostufer) Aus dem Aufruf: \u201eDer Schwur von Torgau muss lebendiges Zeugnis unseres Strebens nach einer Welt ohne Krieg bleiben!\u201c. Der Schwur der Soldaten der Roten\u2026","rel":"","context":"In &quot;Frieden - Antifaschismus - Solidarit\u00e4t&quot;","block_context":{"text":"Frieden - Antifaschismus - Solidarit\u00e4t","link":"https:\/\/www.freidenker.org\/?cat=13"},"img":{"alt_text":"","src":"https:\/\/i0.wp.com\/www.freidenker.org\/fw17\/wp-content\/uploads\/2023\/04\/Torgau_2023_800x450.jpg?fit=800%2C450&ssl=1&resize=350%2C200","width":350,"height":200,"srcset":"https:\/\/i0.wp.com\/www.freidenker.org\/fw17\/wp-content\/uploads\/2023\/04\/Torgau_2023_800x450.jpg?fit=800%2C450&ssl=1&resize=350%2C200 1x, https:\/\/i0.wp.com\/www.freidenker.org\/fw17\/wp-content\/uploads\/2023\/04\/Torgau_2023_800x450.jpg?fit=800%2C450&ssl=1&resize=525%2C300 1.5x, https:\/\/i0.wp.com\/www.freidenker.org\/fw17\/wp-content\/uploads\/2023\/04\/Torgau_2023_800x450.jpg?fit=800%2C450&ssl=1&resize=700%2C400 2x"},"classes":[]}],"_links":{"self":[{"href":"https:\/\/www.freidenker.org\/index.php?rest_route=\/wp\/v2\/posts\/18944","targetHints":{"allow":["GET"]}}],"collection":[{"href":"https:\/\/www.freidenker.org\/index.php?rest_route=\/wp\/v2\/posts"}],"about":[{"href":"https:\/\/www.freidenker.org\/index.php?rest_route=\/wp\/v2\/types\/post"}],"author":[{"embeddable":true,"href":"https:\/\/www.freidenker.org\/index.php?rest_route=\/wp\/v2\/users\/3"}],"replies":[{"embeddable":true,"href":"https:\/\/www.freidenker.org\/index.php?rest_route=%2Fwp%2Fv2%2Fcomments&post=18944"}],"version-history":[{"count":0,"href":"https:\/\/www.freidenker.org\/index.php?rest_route=\/wp\/v2\/posts\/18944\/revisions"}],"wp:featuredmedia":[{"embeddable":true,"href":"https:\/\/www.freidenker.org\/index.php?rest_route=\/wp\/v2\/media\/18956"}],"wp:attachment":[{"href":"https:\/\/www.freidenker.org\/index.php?rest_route=%2Fwp%2Fv2%2Fmedia&parent=18944"}],"wp:term":[{"taxonomy":"category","embeddable":true,"href":"https:\/\/www.freidenker.org\/index.php?rest_route=%2Fwp%2Fv2%2Fcategories&post=18944"},{"taxonomy":"post_tag","embeddable":true,"href":"https:\/\/www.freidenker.org\/index.php?rest_route=%2Fwp%2Fv2%2Ftags&post=18944"}],"curies":[{"name":"wp","href":"https:\/\/api.w.org\/{rel}","templated":true}]}}