{"id":18929,"date":"2024-05-03T22:46:10","date_gmt":"2024-05-03T20:46:10","guid":{"rendered":"https:\/\/www.freidenker.org\/?p=18929"},"modified":"2024-06-03T19:55:14","modified_gmt":"2024-06-03T17:55:14","slug":"vor-zehn-jahren-brannte-das-gewerkschaftshaus-von-odessa","status":"publish","type":"post","link":"https:\/\/www.freidenker.org\/?p=18929","title":{"rendered":"Vor zehn Jahren brannte das Gewerkschaftshaus von Odessa"},"content":{"rendered":"<h4>Es war eines der Startsignale f\u00fcr einen blutigen B\u00fcrgerkrieg<\/h4>\n<div class=\"articleHead\">\n<div class=\"metaWrap\"><em><span class=\"author\">von <strong>Ulrich Heyden<\/strong><\/span><\/em><\/div>\n<\/div>\n<div><\/div>\n<div><span style=\"font-size: 10pt;\">Erstver\u00f6ffentlichung am 02.05.2024 auf den <\/span><a style=\"font-size: 10pt;\" href=\"https:\/\/www.nachdenkseiten.de\/?p=114630\" target=\"_blank\" rel=\"noopener\">NachDenkSeiten<\/a><\/div>\n<div class=\"single titleImage\">\n<article id=\"content\">\n<div class=\"articleContent\">\n<p><em>Dieser Beitrag ist auch als Audio-Podcast verf\u00fcgbar.<\/em><\/p>\n<audio class=\"wp-audio-shortcode\" id=\"audio-18929-1\" preload=\"none\" style=\"width: 100%;\" controls=\"controls\"><source type=\"audio\/mpeg\" src=\"https:\/\/www.nachdenkseiten.de\/upload\/podcast\/240502-Zehn-Jahre-Gewerkschaftshaus-Odessa-NDS.mp3?_=1\" \/><a href=\"https:\/\/www.nachdenkseiten.de\/upload\/podcast\/240502-Zehn-Jahre-Gewerkschaftshaus-Odessa-NDS.mp3\">https:\/\/www.nachdenkseiten.de\/upload\/podcast\/240502-Zehn-Jahre-Gewerkschaftshaus-Odessa-NDS.mp3<\/a><\/audio>\n<p><span style=\"font-size: 10pt;\">Bereitgestellt von den <a href=\"https:\/\/www.nachdenkseiten.de\/?p=114630\" target=\"_blank\" rel=\"noopener\">NachDenkSeiten<\/a> | <a href=\"https:\/\/www.nachdenkseiten.de\/upload\/podcast\/240502-Zehn-Jahre-Gewerkschaftshaus-Odessa-NDS.mp3\" target=\"_blank\" rel=\"noopener\">Download<\/a><\/span><\/p>\n<p>Am 2. Mai 2014 starben 42 Menschen im Gewerkschaftshaus von Odessa. Ein nationalistischer Mob hatte das Geb\u00e4ude mit Molotow-Cocktails und Schl\u00e4gertrupps angegriffen. Der Angriff wurde von der Regierung in Kiew wohlwollend kommentiert, wenn nicht sogar organisiert, denn der ukrainische Sicherheitschef Andrej Parubi besuchte am 30. April 2014 Pro-Maidan-Kr\u00e4fte, die im Gebiet Odessa Stra\u00dfen kontrollierten. Von einer zielgerichteten Aktion zur Einsch\u00fcchterung von Regierungskritikern wollte man in den gro\u00dfen deutschen Medien 2014 nichts wissen. Der Brand sei eine \u201eVerkettung ungl\u00fccklicher Umst\u00e4nde\u201c gewesen, meinten damals die ukrainischen Medien. Eigene Recherchen gaben die gro\u00dfen deutschen Medien nicht in Auftrag.<\/p>\n<\/div>\n<\/article>\n<\/div>\n<p>Kein einziger der T\u00e4ter und Hinterm\u00e4nner des \u00dcberfalls auf das Gewerkschaftshaus von Odessa wurde bis heute vor Gericht gestellt. Die Ermittlungen verliefen im Sande. Es half auch nicht, dass Beobachter des Europarates im November 2015 einen <a href=\"https:\/\/rm.coe.int\/CoERMPublicCommonSearchServices\/DisplayDCTMContent?documentId=090000168048610f\">90 Seiten umfassenden Bericht<\/a> vorlegten, in dem sie der Regierung in Kiew bescheinigten, dass sie die Ermittlungen zum Brand vernachl\u00e4ssige.<\/p>\n<h5>Gefordert wurde eine F\u00f6deralisierung der Ukraine<\/h5>\n<p>Wie kam es \u00fcberhaupt zum Brand im Gewerkschaftshaus? In Odessa gab es eine starke Stimmung gegen den Staatsstreich in Kiew. Die Stadt war 2014 vorwiegend russland-freundlich. Nachdem die Staatsstreich-Regierung in Kiew beschlossen hatte, der russischen Sprache den Status einer Regionalsprache in Gebieten mit starkem russischen Bev\u00f6lkerungsanteil abzuerkennen, kam es in Odessa und anderen St\u00e4dten im S\u00fcdosten der Ukraine zu Demonstrationen. In Odessa demonstrierten 20.000 Menschen f\u00fcr eine F\u00f6deralisierung der Ukraine.<\/p>\n<p>Die F\u00f6deralisten bauten vor dem Gewerkschaftshaus von Odessa ein Zeltlager auf. Am 2. Mai 2014 wurde dieses Zeltlager von aus Kiew und Charkow angereisten Ultranationalisten niedergebrannt. Etwa 300 Anti-Maidan-Aktivisten fl\u00fcchteten vom Zeltlager ins Gewerkschaftshaus und verbarrikadierten sich dort in den Zimmern.<\/p>\n<p>Zu denen, die sich in das Geb\u00e4ude gefl\u00fcchtet hatten, geh\u00f6rte auch Anschela Polownowa. In einem Interview <a href=\"https:\/\/odysee.com\/@UlrichHeyden:2\/%25C3%25BCberlebende-des-massakers-im:6\">(ab Minute 11:33)<\/a> berichtete sie mir, was sie erlebte. Den ultranationalistischen Schl\u00e4gertrupps, die in das Geb\u00e4ude \u00fcber einen Seiteneingang eingedrungen waren, sei es gelungen, das B\u00fcrozimmer, in dem sie sich zusammen mit anderen Schutzsuchenden befand, aufzubrechen. Die Eindringlinge h\u00e4tten geschrien, \u201ealle hinlegen\u201c. Dann h\u00e4tten die Ultranationalisten begonnen, die am Boden Liegenden mit Ketten und Kn\u00fcppeln zu schlagen.<\/p>\n<p>Polownowa berichtet, weil der Qualm des Brandes im Geb\u00e4ude das Atmen erschwerte, seien Menschen aus den Fenstern des Geb\u00e4udes geklettert und h\u00e4tten sich dann an Mauervorspr\u00fcngen festgehalten. Andere sprangen in Todesangst aus dem Fenster. Doch auch unten angekommen war man sich seines Lebens nicht sicher. Viele derer, die gesprungen waren, wurden von Nationalisten, die unten warteten, mit Kn\u00fcppeln blutig geschlagen.<\/p>\n<h5><strong>\u201eHier k\u00f6nnt ihr sehen, was aus Russland werden wird \u2026\u201c<\/strong><\/h5>\n<p>Was in den K\u00f6pfen der Ultranationalisten vorging, wird in dem Film \u201eRemember Odessa\u201c deutlich, den der Regisseur Wilhelm Domke-Schulz 2022 ver\u00f6ffentlichte. In dem Film gibt es Szenen, die zeigen, wie Maidan-Anh\u00e4nger durch das Gewerkschaftshaus ziehen und mit h\u00f6hnischen Kommentaren \u00fcber die dort liegenden Toten reden und sich deren pers\u00f6nlicher Dokumente bem\u00e4chtigen (<a href=\"https:\/\/www.youtube.com\/watch?v=56bfHtbMC9w\">bei Minute 1:00:00<\/a>).<\/p>\n<p>Von dem Video-Streamer h\u00f6rt man S\u00e4tze wie, \u201eda liegt noch eine Negerin \u2026 sie sind verbrannt\u201c. Oder \u201eja, so etwas gibt es. Kartoffelk\u00e4fer\u201c. Kartoffelk\u00e4fer wurden die russland-freundlichen Oppositionellen wegen ihre schwarz-orangenen St.-Georgs-Erkennungs-Bandes genannt. Dann h\u00f6rt man den Sprecher im Stream-Video sagen, \u201eda k\u00f6nnt ihr euch vorstellen, was aus Russland werden wird, wenn da zuf\u00e4llig das Gleiche \u2026 das ist hier blo\u00df Odessa.\u201c Man sp\u00fcrt, wie gro\u00df der Hass der Ultranationalisten auf Russen und Russland schon damals war, acht Jahre bevor die russische Armee in die Ukraine einmarschierte.<\/p>\n<p>Ich besuchte Odessa im Juli 2014, zwei Monate nach dem Brand im Gewerkschaftshaus. Mit Hilfe eines Ortskundigen gelang es mir, in das vom Brand zerst\u00f6rte und abgesperrte Geb\u00e4ude zu gelangen. Ich sah eingeschlagene T\u00fcren und vom Brand verru\u00dfte W\u00e4nde. In einem Zimmer sah ich eine getrocknete Blutlache und auf einen Spiegel hatte jemand geschrieben, \u201ewir werden Russland t\u00f6ten\u201c (<a href=\"https:\/\/odysee.com\/@UlrichHeyden:2\/5.-jahrestag-des-odessa-massakers-es:e\">ab Minute 7:30<\/a>).<\/p>\n<h5>Die Feuerwehr kam erst sp\u00e4t<\/h5>\n<p>Die Feuerwehr kam erst 38 Minuten nach dem Beginn des Brandes, obwohl die Feuerwache nur 500 Meter vom Gewerkschaftshaus entfernt liegt. B\u00fcrger, welche die Feuerwehr anriefen, wurden abgewimmelt, wie ein Audiomitschnitt der Anrufe belegt. Die Polizei, die mit nur wenigen M\u00e4nnern vor dem Geb\u00e4ude pr\u00e4sent war, schritt nicht ein und die Sicherheitskr\u00e4fte bekamen auch keine Verst\u00e4rkung. Man hatte den Eindruck, dass der Gouverneur von Odessa, Wladimir Nemirowski, den Ultranationalisten ganz bewusst freie Hand f\u00fcr ihren \u00dcberfall lie\u00df.<\/p>\n<h5>Die Bilder aus Odessa sollten abschrecken<\/h5>\n<p>Ungew\u00f6hnlich war, dass die Attacke auf das Gewerkschaftshaus von zahlreichen Video-Streamern begleitet wurde. Sie konnten in aller Seelenruhe filmen. Die zahlreichen Film-Teams, die w\u00e4hrend des Massakers vor Ort waren, lieferten per Stream Berichte in alle Regionen der Ukraine. Dass \u201eukrainische Patrioten\u201c \u2013 ohne dass die Polizei einschritt \u2013 ein Geb\u00e4ude mit Menschen in Brand stecken konnten, sollte offenbar eine abschreckende Wirkung haben.<\/p>\n<p>Der Ablauf der Ereignisse zeigt: Die Staatsstreich-Regierung in Kiew wollte die Welle der Besetzungen von Regierungsgeb\u00e4uden, die es im Fr\u00fchjahr 2014 im S\u00fcdosten der Ukraine gegeben hatte, mit aller Macht stoppen. Nach dem Massaker bedankte sich die bekannte ukrainische Politikerin Julia Timoschenko bei \u201eden ukrainischen Patrioten\u201c, welche \u201eden russischen Terrorismus\u201c in Odessa gestoppt h\u00e4tten.<\/p>\n<p>Als ich im Juli 2014 Odessa besuchte, begann ich spontan, Interviews mit Angeh\u00f6rigen der im Gewerkschaftshaus verbrannten Menschen zu filmen. Die Aufnahmen waren ein Grundstock f\u00fcr <a href=\"https:\/\/www.youtube.com\/watch?v=LXRIuVNGmds\">den Film \u201eLauffeuer\u201c<\/a>, den ich dann mit dem Video-Kollektiv Leftvision in Berlin gemeinsam produzierte. Die Premiere des Films war im Februar 2015 im Berliner Programmkino Moviemento.<\/p>\n<p>\u201eLauffeuer\u201c war mehrere Jahre der einzige deutschsprachige Film, der die Ereignisse vom 2. Mai 2014 kritisch aufarbeitete und auch die politischen Motive der Brandstifter und ihrer Hinterm\u00e4nner nannte.<\/p>\n<p>Als einen der Hinterm\u00e4nner identifizierten wir in unserem Film Andrej Parubi, 2014 Chef des ukrainischen Sicherheitsrates, der Odessa noch am 30. April 2014 besucht und mit Pro-Maidan-Schutzstaffeln Gespr\u00e4che gef\u00fchrt hatte, sowie den Oligarchen Igor Kolomoiski, der gewaltbereite Maidan-Anh\u00e4nger finanzierte und im Fr\u00fchjahr 2014 \u00f6ffentlich ein Kopfgeld von 10.000 Dollar auf \u201eSeparatisten\u201c ausgesetzt hatte.<\/p>\n<h5><strong>Russen: \u201eWarum berichtet das deutsche Fernsehen nicht?\u201c<\/strong><\/h5>\n<p>F\u00fcr die russische Gesellschaft war der Brand im Gewerkschaftshaus in den Jahren 2014 und folgende ein zentrales Thema. Viele Russen \u00e4u\u00dferten mir gegen\u00fcber Emp\u00f6rung dar\u00fcber, dass \u00fcber den Brand im Gewerkschaftshaus in Deutschland nur am Rande und sehr verschwommen berichtet wurde.<\/p>\n<p>Als ich gefragt wurde, ob unser Film \u201eLauffeuer\u201c schon im deutschen Fernsehen gelaufen sei, und ich verneinte, gab es ungl\u00e4ubiges Staunen.<\/p>\n<p>Heute ist der Brand im Gewerkschaftshaus von Odessa kein zentrales Thema mehr in Russland. Der Chef-Kommentator des russischen Fernsehkanals <em>Rossija<\/em>, Dmitri Kiseljow, hat zwar vor einigen Tagen noch eine l\u00e4ngere Sendung \u00fcber die Trag\u00f6die vom 2. Mai 2014 gebracht, aber im Prinzip ist in Russland alles zum Thema gesagt.<\/p>\n<h5><strong>Frontgebiet Odessa<\/strong><\/h5>\n<p>Wenn es heute in den russischen Medien um Odessa geht, dann nur noch, wenn \u00fcber russische Angriffe auf milit\u00e4rische Infrastruktur in der ukrainischen Hafenstadt berichtet wird. In den letzten Tagen berichteten russische Medien mehrmals \u00fcber Raketenangriffe auf milit\u00e4rische Ziele im Gebiet Odessa. Dabei seien durch herabfallende Raketentr\u00fcmmer auch Zivilisten verletzt worden. Raketentr\u00fcmmer seien durch die ukrainische Luftabwehr entstanden.<\/p>\n<p>Die russische Nachrichtenagentur Ria Nowosti meldete, dass die russische Armee in der Nacht auf den 1. Mai 2024 einen Stab der ukrainischen Armee in der N\u00e4he des Kulikow-Feldes im Stadtzentrum von Odessa bombardiert habe. Am Kulikow-Feld liegt auch das Gewerkschaftshaus von Odessa. Drei russische Geschosse seien eingeschlagen.<\/p>\n<p>In russischen Medien wird auch berichtet, es g\u00e4be in Odessa bewaffnete Untergrund-Gruppen. Diese w\u00fcrden der russischen Armee als Informanten helfen. Derartige Meldungen werden wohl auch mit dem Ziel ver\u00f6ffentlicht, die Bev\u00f6lkerung in der Ukraine zu ermutigen, sich an russischen Milit\u00e4raktionen zu beteiligen.<\/p>\n<p style=\"text-align: right;\"><em>Ulrich Heyden arbeitet seit 1992 als freier Korrespondent f\u00fcr deutschsprachige Medien in Moskau und sprach auf verschiedenen Veranstaltungen des Deutschen Freidenker-Verbandes und der Nachdenkseiten-Lesekreise<\/em><\/p>\n<hr \/>\n<p><span style=\"font-size: 10pt;\">Bild oben: Gewerkschaftshaus in Odessa nach dem Angriff am 02. Mai 2014<\/span><br \/>\n<span style=\"font-size: 10pt;\">Foto: \u00a9 Ulrich Heyden<\/span><\/p>\n","protected":false},"excerpt":{"rendered":"<p><b>Es war eines der Startsignale f\u00fcr einen blutigen B\u00fcrgerkrieg<\/b><br \/>\n<b>Beitrag von Ulrich Heyden<\/b><br \/>\nAm 2. Mai 2014 starben 42 Menschen im Gewerkschaftshaus von Odessa. Ein nationalistischer Mob hatte das Geb\u00e4ude mit Molotow-Cocktails und Schl\u00e4gertrupps angegriffen. Der Angriff wurde von der Regierung in Kiew wohlwollend kommentiert, wenn nicht sogar organisiert, denn der ukrainische Sicherheitschef Andrej Parubi besuchte am 30. April 2014 Pro-Maidan-Kr\u00e4fte, die im Gebiet Odessa Stra\u00dfen kontrollierten. Von einer zielgerichteten Aktion zur Einsch\u00fcchterung von Regierungskritikern wollte man in den gro\u00dfen deutschen Medien 2014 nichts wissen. Der Brand sei eine \u201eVerkettung ungl\u00fccklicher Umst\u00e4nde\u201c gewesen, meinten damals die ukrainischen Medien. Eigene Recherchen gaben die gro\u00dfen deutschen Medien nicht in Auftrag.\u00a0Kein einziger der T\u00e4ter und Hinterm\u00e4nner des \u00dcberfalls auf das Gewerkschaftshaus von Odessa wurde bis heute vor Gericht gestellt. <\/p>\n","protected":false},"author":3,"featured_media":18930,"comment_status":"closed","ping_status":"closed","sticky":false,"template":"","format":"standard","meta":{"colormag_page_container_layout":"default_layout","colormag_page_sidebar_layout":"default_layout","advanced_seo_description":"","jetpack_seo_html_title":"","jetpack_seo_noindex":false,"jetpack_post_was_ever_published":false,"footnotes":""},"categories":[12],"tags":[451,2191,121,1692,483,1103,2192,639],"class_list":["post-18929","post","type-post","status-publish","format-standard","has-post-thumbnail","hentry","category-demokratie-medien-aufklaerung","tag-faschismus","tag-film","tag-medien","tag-odessa","tag-patriotismus","tag-putsch","tag-ueberfall","tag-ukraine-konflikt"],"jetpack_featured_media_url":"https:\/\/i0.wp.com\/www.freidenker.org\/fw17\/wp-content\/uploads\/2024\/05\/ukr-odessa-vertrocknete-blumen-vor-ausgebr-gewerk-haus-foto-heyden-2014_800x450.jpg?fit=800%2C450&ssl=1","jetpack_shortlink":"https:\/\/wp.me\/p9stpK-4Vj","jetpack-related-posts":[{"id":10180,"url":"https:\/\/www.freidenker.org\/?p=10180","url_meta":{"origin":18929,"position":0},"title":"Gedenken an Odessa &#8211; 2. Mai 2014","author":"Webredaktion","date":"4. Mai 2021","format":false,"excerpt":"Anl\u00e4sslich des 7. Jahrestages des Massakers von Odessa fanden am 2. Mai 2021 zwei Gedenkkundgebungen in Berlin statt; eine vor der ukrainischen Botschaft und eine am Brandenburger Tor. Am 2. Mai 2014 \u00fcberfielen ukrainische Faschisten in Odessa ein Anti-Maidan-Protestcamp, ... Die Antifaschisten fl\u00fcchteten sich ins Gewerkschaftshaus, das von den Faschisten\u2026","rel":"","context":"In &quot;Frieden - Antifaschismus - Solidarit\u00e4t&quot;","block_context":{"text":"Frieden - Antifaschismus - Solidarit\u00e4t","link":"https:\/\/www.freidenker.org\/?cat=13"},"img":{"alt_text":"","src":"https:\/\/i0.wp.com\/www.freidenker.org\/fw17\/wp-content\/uploads\/2021\/05\/odessa_P1040477_800x450.jpg?fit=800%2C450&ssl=1&resize=350%2C200","width":350,"height":200,"srcset":"https:\/\/i0.wp.com\/www.freidenker.org\/fw17\/wp-content\/uploads\/2021\/05\/odessa_P1040477_800x450.jpg?fit=800%2C450&ssl=1&resize=350%2C200 1x, https:\/\/i0.wp.com\/www.freidenker.org\/fw17\/wp-content\/uploads\/2021\/05\/odessa_P1040477_800x450.jpg?fit=800%2C450&ssl=1&resize=525%2C300 1.5x, https:\/\/i0.wp.com\/www.freidenker.org\/fw17\/wp-content\/uploads\/2021\/05\/odessa_P1040477_800x450.jpg?fit=800%2C450&ssl=1&resize=700%2C400 2x"},"classes":[]},{"id":15971,"url":"https:\/\/www.freidenker.org\/?p=15971","url_meta":{"origin":18929,"position":1},"title":"Deutsche Gewerkschaften schweigen zu Nazi-Terror \u2013 Gedenken an Opfer im Gewerkschaftshaus in Odessa","author":"Webredaktion","date":"7. Mai 2023","format":false,"excerpt":"Bericht von Felicitas Rabe \u00fcber eine Veranstaltung der hessischen Freidenker sowie ein Video von KCSB.TV Die hessischen Freidenker luden am Abend des 2. Mai 2023 zu einer Vorf\u00fchrung des Dokumentarfilms \"Remember Odessa\"\u00a0ein mit anschlie\u00dfender Diskussion \u00fcber den Hintergrund des Massakers und \u00fcber die politische Entwicklung in der Ukraine. Anl\u00e4sslich des\u2026","rel":"","context":"In &quot;Frieden - Antifaschismus - Solidarit\u00e4t&quot;","block_context":{"text":"Frieden - Antifaschismus - Solidarit\u00e4t","link":"https:\/\/www.freidenker.org\/?cat=13"},"img":{"alt_text":"","src":"https:\/\/i0.wp.com\/www.freidenker.org\/fw17\/wp-content\/uploads\/2023\/04\/remeber_odessa_800x450.jpg?fit=800%2C450&ssl=1&resize=350%2C200","width":350,"height":200,"srcset":"https:\/\/i0.wp.com\/www.freidenker.org\/fw17\/wp-content\/uploads\/2023\/04\/remeber_odessa_800x450.jpg?fit=800%2C450&ssl=1&resize=350%2C200 1x, https:\/\/i0.wp.com\/www.freidenker.org\/fw17\/wp-content\/uploads\/2023\/04\/remeber_odessa_800x450.jpg?fit=800%2C450&ssl=1&resize=525%2C300 1.5x, https:\/\/i0.wp.com\/www.freidenker.org\/fw17\/wp-content\/uploads\/2023\/04\/remeber_odessa_800x450.jpg?fit=800%2C450&ssl=1&resize=700%2C400 2x"},"classes":[]},{"id":15791,"url":"https:\/\/www.freidenker.org\/?p=15791","url_meta":{"origin":18929,"position":2},"title":"Film: Remember Odessa","author":"Webredaktion","date":"19. April 2023","format":false,"excerpt":"Filmvorf\u00fchrung mit anschlie\u00dfender Diskussion Dienstag, 02.05.2023, 19 Uhr, Gastst\u00e4tte Wiener Hof, Langener Stra\u00dfe 23, 63073 Offenbach Bieber Der Dokumentarfilm des Filmemachers Wilhelm Domke-Schulz zeigt die drama\u00adtischen Ereignisse am 1. und 2. Mai 2014 in der Hafenstadt Odessa am Schwarzen Meer. Nach dem Staatstreich in Kiew kommt es im Osten und\u2026","rel":"","context":"In &quot;Veranstaltungen in den DFV-Landesverb\u00e4nden&quot;","block_context":{"text":"Veranstaltungen in den DFV-Landesverb\u00e4nden","link":"https:\/\/www.freidenker.org\/?cat=19"},"img":{"alt_text":"","src":"https:\/\/i0.wp.com\/www.freidenker.org\/fw17\/wp-content\/uploads\/2023\/04\/remeber_odessa_800x450.jpg?fit=800%2C450&ssl=1&resize=350%2C200","width":350,"height":200,"srcset":"https:\/\/i0.wp.com\/www.freidenker.org\/fw17\/wp-content\/uploads\/2023\/04\/remeber_odessa_800x450.jpg?fit=800%2C450&ssl=1&resize=350%2C200 1x, https:\/\/i0.wp.com\/www.freidenker.org\/fw17\/wp-content\/uploads\/2023\/04\/remeber_odessa_800x450.jpg?fit=800%2C450&ssl=1&resize=525%2C300 1.5x, https:\/\/i0.wp.com\/www.freidenker.org\/fw17\/wp-content\/uploads\/2023\/04\/remeber_odessa_800x450.jpg?fit=800%2C450&ssl=1&resize=700%2C400 2x"},"classes":[]},{"id":15954,"url":"https:\/\/www.freidenker.org\/?p=15954","url_meta":{"origin":18929,"position":3},"title":"Kesseltreiben gegen die &#8222;Nicht-Mainstream-Konformen&#8220;","author":"Webredaktion","date":"6. Mai 2023","format":false,"excerpt":"Podcast \"Kontrafunk aktuell\" vom 23.03.2023, u.a. mit Sabiene Jahn In den letzten Jahren wurden alle, die nicht der Regierungs- und NATO-Linie sowie ihrer Medien huldigten, zu Objekten einer Hexenjagd. Der Kontrafunk zeigt dies an Beispielen auf und l\u00e4sst die Betroffenen zu Wort kommen. Der Journalist Ulrich Heyden berichtet regelm\u00e4\u00dfig aus\u2026","rel":"","context":"In &quot;Zeit der Verleumder - Freidenker f\u00fcr Klartext&quot;","block_context":{"text":"Zeit der Verleumder - Freidenker f\u00fcr Klartext","link":"https:\/\/www.freidenker.org\/?cat=937"},"img":{"alt_text":"","src":"https:\/\/i0.wp.com\/www.freidenker.org\/fw17\/wp-content\/uploads\/2023\/05\/klartext_Kontrafunk_800x450.jpg?fit=800%2C450&ssl=1&resize=350%2C200","width":350,"height":200,"srcset":"https:\/\/i0.wp.com\/www.freidenker.org\/fw17\/wp-content\/uploads\/2023\/05\/klartext_Kontrafunk_800x450.jpg?fit=800%2C450&ssl=1&resize=350%2C200 1x, https:\/\/i0.wp.com\/www.freidenker.org\/fw17\/wp-content\/uploads\/2023\/05\/klartext_Kontrafunk_800x450.jpg?fit=800%2C450&ssl=1&resize=525%2C300 1.5x, https:\/\/i0.wp.com\/www.freidenker.org\/fw17\/wp-content\/uploads\/2023\/05\/klartext_Kontrafunk_800x450.jpg?fit=800%2C450&ssl=1&resize=700%2C400 2x"},"classes":[]},{"id":19048,"url":"https:\/\/www.freidenker.org\/?p=19048","url_meta":{"origin":18929,"position":4},"title":"Vor zehn Jahren: Ukrainische Soldaten beschie\u00dfen Demonstration zum 9. Mai und Polizei-Zentrale in Mariupol","author":"Webredaktion","date":"11. Mai 2024","format":false,"excerpt":"Beitrag von Ulrich Heyden Der Angriff ukrainischer Soldaten, Nationalgardisten und Asow-Mitglieder auf eine Demonstration zum Tag des Sieges \u00fcber Hitler-Deutschland am 9. Mai 2014 in Mariupol und die Beschie\u00dfung der \u00f6rtlichen Polizeizentrale, wo sich meuternde Polizisten verbarrikadiert hatten, am gleichen Tag waren nach dem Brand des Gewerkschaftshauses in Odessa ein\u2026","rel":"","context":"In &quot;Demokratie \u2013 Medien \u2013 Aufkl\u00e4rung&quot;","block_context":{"text":"Demokratie \u2013 Medien \u2013 Aufkl\u00e4rung","link":"https:\/\/www.freidenker.org\/?cat=12"},"img":{"alt_text":"","src":"https:\/\/i0.wp.com\/www.freidenker.org\/fw17\/wp-content\/uploads\/2024\/05\/Burnt-out_police_station_in_Mariupol_800x450.jpg?fit=800%2C450&ssl=1&resize=350%2C200","width":350,"height":200,"srcset":"https:\/\/i0.wp.com\/www.freidenker.org\/fw17\/wp-content\/uploads\/2024\/05\/Burnt-out_police_station_in_Mariupol_800x450.jpg?fit=800%2C450&ssl=1&resize=350%2C200 1x, https:\/\/i0.wp.com\/www.freidenker.org\/fw17\/wp-content\/uploads\/2024\/05\/Burnt-out_police_station_in_Mariupol_800x450.jpg?fit=800%2C450&ssl=1&resize=525%2C300 1.5x, https:\/\/i0.wp.com\/www.freidenker.org\/fw17\/wp-content\/uploads\/2024\/05\/Burnt-out_police_station_in_Mariupol_800x450.jpg?fit=800%2C450&ssl=1&resize=700%2C400 2x"},"classes":[]},{"id":21750,"url":"https:\/\/www.freidenker.org\/?p=21750","url_meta":{"origin":18929,"position":5},"title":"Die stummen H\u00e4nde von Odessa","author":"Webredaktion","date":"7. Mai 2025","format":false,"excerpt":"Beitrag von Dagmar Henn Ja, wieder einmal Odessa. Der elfte Jahrestag inzwischen, immer noch im Westen ungeh\u00f6rt, unges\u00fchnt und unverstanden. W\u00e4hrend in Odessa selbst dieses Jahr sogar das Niederlegen von Blumen verboten wurde. Es gibt Augenblicke, zu denen man sich immer wieder fragt: Was h\u00e4tte anders ablaufen k\u00f6nnen? Und in\u2026","rel":"","context":"In &quot;Demokratie \u2013 Medien \u2013 Aufkl\u00e4rung&quot;","block_context":{"text":"Demokratie \u2013 Medien \u2013 Aufkl\u00e4rung","link":"https:\/\/www.freidenker.org\/?cat=12"},"img":{"alt_text":"","src":"https:\/\/i0.wp.com\/www.freidenker.org\/fw17\/wp-content\/uploads\/2025\/05\/Odessa_profsojuz_800x450.jpg?fit=800%2C450&ssl=1&resize=350%2C200","width":350,"height":200,"srcset":"https:\/\/i0.wp.com\/www.freidenker.org\/fw17\/wp-content\/uploads\/2025\/05\/Odessa_profsojuz_800x450.jpg?fit=800%2C450&ssl=1&resize=350%2C200 1x, https:\/\/i0.wp.com\/www.freidenker.org\/fw17\/wp-content\/uploads\/2025\/05\/Odessa_profsojuz_800x450.jpg?fit=800%2C450&ssl=1&resize=525%2C300 1.5x, https:\/\/i0.wp.com\/www.freidenker.org\/fw17\/wp-content\/uploads\/2025\/05\/Odessa_profsojuz_800x450.jpg?fit=800%2C450&ssl=1&resize=700%2C400 2x"},"classes":[]}],"_links":{"self":[{"href":"https:\/\/www.freidenker.org\/index.php?rest_route=\/wp\/v2\/posts\/18929","targetHints":{"allow":["GET"]}}],"collection":[{"href":"https:\/\/www.freidenker.org\/index.php?rest_route=\/wp\/v2\/posts"}],"about":[{"href":"https:\/\/www.freidenker.org\/index.php?rest_route=\/wp\/v2\/types\/post"}],"author":[{"embeddable":true,"href":"https:\/\/www.freidenker.org\/index.php?rest_route=\/wp\/v2\/users\/3"}],"replies":[{"embeddable":true,"href":"https:\/\/www.freidenker.org\/index.php?rest_route=%2Fwp%2Fv2%2Fcomments&post=18929"}],"version-history":[{"count":0,"href":"https:\/\/www.freidenker.org\/index.php?rest_route=\/wp\/v2\/posts\/18929\/revisions"}],"wp:featuredmedia":[{"embeddable":true,"href":"https:\/\/www.freidenker.org\/index.php?rest_route=\/wp\/v2\/media\/18930"}],"wp:attachment":[{"href":"https:\/\/www.freidenker.org\/index.php?rest_route=%2Fwp%2Fv2%2Fmedia&parent=18929"}],"wp:term":[{"taxonomy":"category","embeddable":true,"href":"https:\/\/www.freidenker.org\/index.php?rest_route=%2Fwp%2Fv2%2Fcategories&post=18929"},{"taxonomy":"post_tag","embeddable":true,"href":"https:\/\/www.freidenker.org\/index.php?rest_route=%2Fwp%2Fv2%2Ftags&post=18929"}],"curies":[{"name":"wp","href":"https:\/\/api.w.org\/{rel}","templated":true}]}}