{"id":18909,"date":"2024-04-30T16:01:12","date_gmt":"2024-04-30T14:01:12","guid":{"rendered":"https:\/\/www.freidenker.org\/?p=18909"},"modified":"2024-05-09T01:24:45","modified_gmt":"2024-05-08T23:24:45","slug":"die-vergessene-aufklaerung-wie-in-deutschland-kants-300-geburtstag-instrumentalisiert-wird","status":"publish","type":"post","link":"https:\/\/www.freidenker.org\/?p=18909","title":{"rendered":"Die vergessene Aufkl\u00e4rung: Wie in Deutschland Kants 300. Geburtstag instrumentalisiert wird"},"content":{"rendered":"<p><strong>Kant w\u00e4re heute gegen Friedensverhandlungen, behauptet Kanzler Scholz und bekommt Zustimmung auch von Philosophen. Der deutsche Umgang mit Kant zeugt von einem unglaublichen Ausma\u00df geistiger Verflachung im deutschen Mainstream, in der Politik aber auch in den Geisteswissenschaften. <\/strong><\/p>\n<p><em>Von <strong>Gert Ewen Ungar<\/strong><\/em><\/p>\n<p><span style=\"font-size: 10pt;\">Erstver\u00f6ffentlichung am 23.04.2024 auf <a href=\"https:\/\/freedert.online\/meinung\/203604-vergessene-aufklaerung-wie-in-deutschland\/\" target=\"_blank\" rel=\"noopener\">RT DE<\/a><\/span><\/p>\n<p>Immanuel Kant hatte Geburtstag. W\u00fcrde er noch leben, h\u00e4tte er gestern (22.04.2024) seinen 300. Geburtstag feiern k\u00f6nnen. Er ist jedoch tot, feiert daher nicht mehr, kann sich aber vor allem nun auch nicht mehr gegen Vereinnahmung wehren. Kant wurde anl\u00e4sslich seines Geburtstages massiv instrumentalisiert. Einer, der ihn f\u00fcr seine Zwecke missbrauchte, ist Bundeskanzler Olaf Scholz (SPD).<\/p>\n<blockquote class=\"twitter-tweet\" data-width=\"550\" data-dnt=\"true\">\n<p lang=\"de\" dir=\"ltr\">Eine Rechtsordnung, in der alle Staaten nach innen republikanisch und demokratisch verfasst sind und nach au\u00dfen die Rechte aller anderen Staaten respektieren \u2013 darin lag f\u00fcr den Philosophen Immanuel Kant, geboren heute vor 300 Jahren, das anzustrebende \u201eHeil der Welt\u201c. 1\/5<\/p>\n<p>&mdash; Bundeskanzler Olaf Scholz (@Bundeskanzler) <a href=\"https:\/\/twitter.com\/Bundeskanzler\/status\/1782458843265482808?ref_src=twsrc%5Etfw\">April 22, 2024<\/a><\/p><\/blockquote>\n<p><script async src=\"https:\/\/platform.twitter.com\/widgets.js\" charset=\"utf-8\"><\/script><\/p>\n<div class=\"EmbedBlock-root EmbedBlock-twitter\">\n<div class=\"TwitterEmbed\">\n<div class=\"twitter-tweet twitter-tweet-rendered\">Kant wurde am 22. April 1724 im preu\u00dfischen K\u00f6nigsberg geboren und liegt im russischen Kaliningrad begraben. Es ist geografisch derselbe Ort. Kant hat K\u00f6nigsberg nie verlassen. Dass der bedeutende deutsche Philosoph jetzt auf russischem Territorium begraben liegt, bezeugt auch das grundlegende Scheitern Europas am Denken des Autors der Schrift &#8222;<a href=\"https:\/\/www.gutenberg.org\/files\/46873\/46873-h\/46873-h.htm\" target=\"_blank\" rel=\"noopener noreferrer\">Zum ewigen Frieden<\/a>&#8222;.<\/div>\n<\/div>\n<\/div>\n<p>Dass dieses Scheitern nicht zu Ende ist, machen die Einlassungen von Bundeskanzler Olaf Scholz anl\u00e4sslich des Geburtstages des Philosophen deutlich. Kant w\u00e4re heute gegen Friedensverhandlungen in der Ukraine, behauptet der Bundeskanzler.<\/p>\n<blockquote><p><em>Ein Angegriffener &#8222;soll nicht gezwungen sein, sich auf einen Frieden einzulassen, den der Aggressor mit dem &#8218;b\u00f6sem Willen&#8216; abschlie\u00dft, den Krieg bei &#8218;erster g\u00fcnstiger Gelegenheit&#8216; wieder aufzunehmen&#8220;, <\/em><\/p><\/blockquote>\n<p>zitiert Scholz Kant.<\/p>\n<p>Scholz\u00a0legitimiert damit seine Ablehnung von Friedensverhandlungen, denn er unterstellt Russland, an einem echten Friedensschluss nicht interessiert zu sein. Damit t\u00e4uscht Scholz nicht nur seine W\u00e4hler, sondern auch gleich noch einen Kant-Experten. Scholz\u00a0bekommt im <em>ZDF<\/em>\u00a0<a href=\"https:\/\/www.zdf.de\/nachrichten\/politik\/ausland\/putin-kant-russland-propaganda-100.html\" target=\"_blank\" rel=\"noopener noreferrer\">Unterst\u00fctzung <\/a>von dem Philosophen Marcus Willaschek, der die bizarre Interpretation von Scholz st\u00fctzt und damit auf ein Problem in Deutschland aufmerksam macht.<\/p>\n<p>Das Denken ist in Deutschland inzwischen massiv verflacht und von gro\u00dfer geistiger Provinzialit\u00e4t. Die Ursache f\u00fcr diese Verflachung liegt unter anderem in der umfassenden Zensur, die in Deutschland wieder herrscht. Sie geht einher mit der Koordination der Narrative. Der Beitrag im <em>ZDF<\/em> zum Geburtstag Kants ist ein Beispiel daf\u00fcr, denn nat\u00fcrlich bedient er antirussische Klischees. Putin wolle Kant russifizieren, ist da zu lesen. Das <em>ZDF<\/em> behauptet eine Gleichmacherei, die zwar in Deutschland verbreitet, in Russland aber fremd ist. Russland sch\u00e4tzt und pflegt die Vielfalt. Vor allem aber sch\u00e4tzt es an sich selbst, dass es unterschiedlichen Kulturen, unterschiedliche Weisen des Denkens und ganz unterschiedlichen Traditionen Raum bietet.<\/p>\n<p>Zum anderen liegt die Verflachung des Diskurses sicherlich auch an der gesellschaftlichen Atmosph\u00e4re. Der Konformit\u00e4tsdruck ist in Deutschland enorm. Das wird auch im Wissenschaftsbetrieb deutlich. Das Regierungsnarrativ legt in Deutschland wieder fest, was an den Universit\u00e4ten gesagt und in welche Richtung geforscht und gelehrt werden darf. Professuren sind wieder daran gebunden, politische Vorgaben zu beachten. Wer von der vorgegebenen Linie abweicht, bekommt in Deutschland keinen Platz am Katheder, musste neulich die US-amerikanische Philosophin Nancy Fraser feststellen, die wegen Israel-Kritik von einer Gastdozentur an der Universit\u00e4t zu K\u00f6ln wieder ausgeladen wurde.<\/p>\n<p>Nein, Kant w\u00e4re nicht f\u00fcr Aufr\u00fcstung, er w\u00e4re nicht f\u00fcr eine neue Milit\u00e4rarisierung, er w\u00e4re nicht f\u00fcr die Konfrontation.\u00a0 Er w\u00e4re vor allem nicht gegen Friedensverhandlungen, zumal es eben entgegen den Behauptungen von sowohl Scholz als auch Willaschek nicht um Verhandlungen zur Vorbereitung eines weiteren Krieges geht. Die von Russland immer wieder angebotenen Verhandlungen haben zum Ziel, eine neue Sicherheitsordnung in Europa zu implementieren, in der die Sicherheitsinteressen aller L\u00e4nder einschlie\u00dflich Russlands ber\u00fccksichtigt werden.<\/p>\n<p>Das aber wiederum ist ein durchweg kantischer Ansatz, der jedoch von den L\u00e4ndern der EU und von Deutschland zur\u00fcckgewiesen wird. Dort strebt man nach einem Sieg \u00fcber Russland und fordert die Unterordnung russischer Interessen unter die des Westens. Scholz hat Kant eben nicht verstanden. Er will es auch gar nicht. Kant ist ihm zu friedliebend \u2013 sein Denken passt nicht ins gegenw\u00e4rtige Deutschland. Kant muss daher radikal gegen sich selbst interpretiert werden.<\/p>\n<p>Dass man mit Kant in Deutschland gerade wenig am Hut hat, wird auch an der deutschen Gespr\u00e4chsverweigerung deutlich. Scholz redet nicht mit Putin, Baerbock nicht mit Russlands Au\u00dfenminister Lawrow. Die Preisgabe von Diplomatie ist der deutlichste R\u00fcckfall nicht nur Deutschlands, sondern des gesamten kollektiven Westens hinter das Denken Kants.<\/p>\n<p>Dass der Westen weit hinter Kant zur\u00fcckgefallen ist, wird aber noch an anderer Stelle deutlich:<\/p>\n<blockquote><p><em>\u201cKein Staat soll sich in die Verfassung und Regierung eines anderen Staats gewaltt\u00e4tig einmischen&#8220;, <\/em><\/p><\/blockquote>\n<p>steht gleich im ersten Abschnitt von Kants kleiner Schrift &#8222;Zum ewigen Frieden&#8220;.<\/p>\n<p>Dieses Prinzip der Nichteinmischung fand Eingang in die UN-Charta. Es ist eines der zentralen Prinzipien des V\u00f6lkerrechts. Der Kollektive Westen verst\u00f6\u00dft gegen dieses Prinzip permanent. Eine ganze Einmischungsindustrie von Organisationen, die nur der Bezeichnung nach von Regierungen unabh\u00e4ngig sind, dient vorrangig dem Zweck der Einflussnahme in anderen L\u00e4ndern und der Durchsetzung der westlichen Agenda. Ohne westliche Einmischung in die inneren Angelegenheiten der Ukraine w\u00fcrde es den Ukraine-Krieg nicht geben.<\/p>\n<p>Der aktuelle Trend westlicher und auch der deutschen Regierung, nicht die L\u00e4nder, sondern deren Regierungen je nach Gefallen wahlweise anzuerkennen oder auch nicht, ist ein weiterer Beleg daf\u00fcr, wie sehr sich Kant auf der einen und Deutschland und der Kollektive Westen auf der anderen Seite inzwischen fremd geworden sind.<\/p>\n<p>Kant war Universalist. Er glaubte, dass es universelle, allzeit g\u00fcltige Werte gibt. Was er nicht sah, ist, dass das Wissen um diese Werte vergessen werden kann. Das ist in Deutschland passiert \u2013 wohlgemerkt nicht zum ersten Mal. Die Aufkl\u00e4rung ist inzwischen weitergewandert. Das wird an dem Umgang mit dem Gedenken an Immanuel Kant anschaulich.<\/p>\n<p>Die Deutschen sehen in ihm einen deutschen Denker. Eine Kooperation mit Russland zur Pflege seines Andenkens kommt jedoch nicht infrage. Das Kant-Haus in Kaliningrad war eine Ruine. Russland suchte die Zusammenarbeit. Deutschland wand sich, z\u00f6gerte hinaus, stellte Forderungen und Bedingungen. Schlie\u00dflich stellte Putin aus dem Reservefonds der Russischen F\u00f6deration 42 Millionen Rubel zur Renovierung und Einrichtung eines Museums zur Verf\u00fcgung. Es war ihm ein pers\u00f6nliches Anliegen. Anl\u00e4sslich des Geburtstages von Kant wurde in Kaliningrad ein Kongress veranstaltet. Das offizielle Deutschland blieb fern.<\/p>\n<p>In Deutschland wird nun unterstellt, Russland und Putin w\u00fcrden Kants Verm\u00e4chtnis instrumentalisieren. Derartige Unterstellungen, verbunden mit der Behauptung, man habe Einblick in die Maximen der Handlungen von Dritten, zeigen ebenfalls, wie sehr man sich in Deutschland von Kant und seinem Denken entfernt hat. Es regiert die Missgunst und die Selbst\u00fcbersch\u00e4tzung. Gro\u00dfe geistige Entw\u00fcrfe sind aus Deutschland daher gerade nicht zu erwarten.<\/p>\n<p>Deutschland bekommt eine anst\u00e4ndige Erinnerungskultur nicht hin. Wenn das deutsche Versagen von einem anderen Land kompensiert wird, werden b\u00f6se Absichten unterstellt. Angesichts der\u00a0aktuell regierenden Kleingeistigkeit in Deutschland, w\u00fcrde Kant wohl heute schon aus ganz grundlegenden ethischen Erw\u00e4gungen lieber in Russland begraben liegen.<\/p>\n<p style=\"text-align: right;\"><em>Gert-Ewen Ungar studierte Philosophie und Germanistik und schreibt regelm\u00e4\u00dfig f\u00fcr die <a href=\"https:\/\/www.neulandrebellen.de\/\" target=\"_blank\" rel=\"noopener\">Neulandrebellen<\/a><\/em><\/p>\n<hr \/>\n<p><span style=\"font-size: 10pt;\">Bild oben: Inschrift von Immanuel Kants Grabmal am K\u00f6nigsberger Dom in Kaliningrad (Russland)<\/span><br \/>\n<span style=\"font-size: 10pt;\">Foto:\u00a0Felipe Tofani,\u00a0<a href=\"https:\/\/creativecommons.org\/licenses\/by-sa\/2.0\/\" target=\"_blank\" rel=\"noopener\">CC BY-SA 2.0 Deed<\/a><\/span><br \/>\n<span style=\"font-size: 10pt;\">Quelle: <a href=\"https:\/\/www.flickr.com\/photos\/gastaum\/44965531381\" target=\"_blank\" rel=\"noopener\">https:\/\/www.flickr.com\/photos\/gastaum\/44965531381<\/a><\/span><\/p>\n","protected":false},"excerpt":{"rendered":"<p><b>Beitrag von Gert Ewen Ungar<\/b><br \/>\nImmanuel Kant hatte Geburtstag. W\u00fcrde er noch leben, h\u00e4tte er gestern seinen 300. Geburtstag feiern k\u00f6nnen. Er ist jedoch tot, feiert daher nicht mehr, kann sich aber vor allem nun auch nicht mehr gegen Vereinnahmung wehren. Kant wurde anl\u00e4sslich seines Geburtstages massiv instrumentalisiert. Einer, der ihn f\u00fcr seine Zwecke missbrauchte, ist Bundeskanzler Olaf Scholz (SPD).\u00a0<br \/>\nKant wurde am 22. April 1724 im preu\u00dfischen K\u00f6nigsberg geboren und liegt im russischen Kaliningrad begraben. Es ist geografisch derselbe Ort. Kant hat K\u00f6nigsberg nie verlassen. Dass der bedeutende deutsche Philosoph jetzt auf russischem Territorium begraben liegt, bezeugt auch das grundlegende Scheitern Europas am Denken des Autors der Schrift &#8222;Zum ewigen Frieden&#8220;. Dass dieses Scheitern nicht zu Ende ist, machen die Einlassungen von Bundeskanzler Olaf Scholz anl\u00e4sslich des Geburtstages des Philosophen deutlich. <\/p>\n","protected":false},"author":3,"featured_media":18912,"comment_status":"closed","ping_status":"closed","sticky":false,"template":"","format":"standard","meta":{"colormag_page_container_layout":"default_layout","colormag_page_sidebar_layout":"default_layout","advanced_seo_description":"","jetpack_seo_html_title":"","jetpack_seo_noindex":false,"jetpack_post_was_ever_published":false,"footnotes":""},"categories":[12,16],"tags":[1398,1708,2189,1136,2187,2188,2018,866,1662,495,223,222,639],"class_list":["post-18909","post","type-post","status-publish","format-standard","has-post-thumbnail","hentry","category-demokratie-medien-aufklaerung","category-weltanschauung-philosophie","tag-aufruestung","tag-einmischung","tag-erinnerungskultur","tag-friedenspolitik","tag-geburtstag","tag-instrumentalisierung","tag-kaliningrad","tag-kant","tag-olaf-scholz","tag-philosophie","tag-putin","tag-russland","tag-ukraine-konflikt"],"jetpack_featured_media_url":"https:\/\/i0.wp.com\/www.freidenker.org\/fw17\/wp-content\/uploads\/2024\/04\/kant_grab_44965531381_fb426147a8_c_800x450.jpg?fit=800%2C450&ssl=1","jetpack_shortlink":"https:\/\/wp.me\/p9stpK-4UZ","jetpack-related-posts":[{"id":19134,"url":"https:\/\/www.freidenker.org\/?p=19134","url_meta":{"origin":18909,"position":0},"title":"Immanuel Kants 300. Geburtstag &#8211; Teil 1","author":"Webredaktion","date":"21. Mai 2024","format":false,"excerpt":"Kommentar von\u00a0Wolfgang Effenberger. Am 22. April 2024 wurde Immanuel Kants Wirken weltweit anl\u00e4sslich seines 300. Geburtstags gew\u00fcrdigt \u2013 eingeschr\u00e4nkt an seinem Geburtsort K\u00f6nigsberg, dem heutigen Kaliningrad. Vordergr\u00fcndig beherrschte Kant jedoch durchaus das Stadtbild. Die \"Deutsche Kant-Gesellschaft\" wollte urspr\u00fcnglich anl\u00e4sslich des 300. Geburtstages von Kant ihren \"14. Internationalen Kant-Kongress\" 2024 in\u2026","rel":"","context":"In &quot;Weltanschauung &amp; Philosophie&quot;","block_context":{"text":"Weltanschauung &amp; Philosophie","link":"https:\/\/www.freidenker.org\/?cat=16"},"img":{"alt_text":"","src":"https:\/\/i0.wp.com\/www.freidenker.org\/fw17\/wp-content\/uploads\/2024\/05\/Immanuel_Kant_-_panoramio_800x450.jpg?fit=800%2C450&ssl=1&resize=350%2C200","width":350,"height":200,"srcset":"https:\/\/i0.wp.com\/www.freidenker.org\/fw17\/wp-content\/uploads\/2024\/05\/Immanuel_Kant_-_panoramio_800x450.jpg?fit=800%2C450&ssl=1&resize=350%2C200 1x, https:\/\/i0.wp.com\/www.freidenker.org\/fw17\/wp-content\/uploads\/2024\/05\/Immanuel_Kant_-_panoramio_800x450.jpg?fit=800%2C450&ssl=1&resize=525%2C300 1.5x, https:\/\/i0.wp.com\/www.freidenker.org\/fw17\/wp-content\/uploads\/2024\/05\/Immanuel_Kant_-_panoramio_800x450.jpg?fit=800%2C450&ssl=1&resize=700%2C400 2x"},"classes":[]},{"id":19181,"url":"https:\/\/www.freidenker.org\/?p=19181","url_meta":{"origin":18909,"position":1},"title":"Immanuel Kants 300. Geburtstag &#8211; Teil 2","author":"Webredaktion","date":"25. Mai 2024","format":false,"excerpt":"Teil 2: Reiseimpressionen aus Kaliningrad (ehemals K\u00f6nigsberg) Ein Kommentar von Wolfgang Effenberger Am 22. April 2024, dem 300sten Geburtstag von Immanuel Kant, sollte neben anderen Veranstaltungen die 1. Internationale Konferenz \u201cZum ewigen Frieden\u201d in K\u00f6nigsberg \/ Kaliningrad stattfinden. Wolfgang Effenberger war eingeladen, einen Kurzvortrag zur aktuellen Lage und zu Kants\u2026","rel":"","context":"In &quot;Kultur &amp; Kunst&quot;","block_context":{"text":"Kultur &amp; Kunst","link":"https:\/\/www.freidenker.org\/?cat=913"},"img":{"alt_text":"","src":"https:\/\/i0.wp.com\/www.freidenker.org\/fw17\/wp-content\/uploads\/2024\/05\/effenberger_kant2_02_800x450.jpg?fit=800%2C448&ssl=1&resize=350%2C200","width":350,"height":200,"srcset":"https:\/\/i0.wp.com\/www.freidenker.org\/fw17\/wp-content\/uploads\/2024\/05\/effenberger_kant2_02_800x450.jpg?fit=800%2C448&ssl=1&resize=350%2C200 1x, https:\/\/i0.wp.com\/www.freidenker.org\/fw17\/wp-content\/uploads\/2024\/05\/effenberger_kant2_02_800x450.jpg?fit=800%2C448&ssl=1&resize=525%2C300 1.5x, https:\/\/i0.wp.com\/www.freidenker.org\/fw17\/wp-content\/uploads\/2024\/05\/effenberger_kant2_02_800x450.jpg?fit=800%2C448&ssl=1&resize=700%2C400 2x"},"classes":[]},{"id":17997,"url":"https:\/\/www.freidenker.org\/?p=17997","url_meta":{"origin":18909,"position":2},"title":"Wird 2024 als historisches Jahr in die Geschichte eingehen?","author":"Webredaktion","date":"23. Januar 2024","format":false,"excerpt":"Kommentar von\u00a0Wolfgang Effenberger. Ein Blick auf den Globus zeigt, dass sich im Vergleich zum Vorjahr die Kriegsfeuer weiter von Europa in Richtung Asien vorgefressen haben. Der Kampf in Gaza tobt im 4. Monat, im Roten Meer erfolgreich flankiert von den Unterst\u00fctzungsangriffen der jemenitischen Huthi-Rebellen f\u00fcr die Pal\u00e4stinenser. Israelischen Schiffe oder\u2026","rel":"","context":"In &quot;Demokratie \u2013 Medien \u2013 Aufkl\u00e4rung&quot;","block_context":{"text":"Demokratie \u2013 Medien \u2013 Aufkl\u00e4rung","link":"https:\/\/www.freidenker.org\/?cat=12"},"img":{"alt_text":"","src":"https:\/\/i0.wp.com\/www.freidenker.org\/fw17\/wp-content\/uploads\/2024\/01\/new-year-8416395_800x450.jpg?fit=800%2C450&ssl=1&resize=350%2C200","width":350,"height":200,"srcset":"https:\/\/i0.wp.com\/www.freidenker.org\/fw17\/wp-content\/uploads\/2024\/01\/new-year-8416395_800x450.jpg?fit=800%2C450&ssl=1&resize=350%2C200 1x, https:\/\/i0.wp.com\/www.freidenker.org\/fw17\/wp-content\/uploads\/2024\/01\/new-year-8416395_800x450.jpg?fit=800%2C450&ssl=1&resize=525%2C300 1.5x, https:\/\/i0.wp.com\/www.freidenker.org\/fw17\/wp-content\/uploads\/2024\/01\/new-year-8416395_800x450.jpg?fit=800%2C450&ssl=1&resize=700%2C400 2x"},"classes":[]},{"id":14673,"url":"https:\/\/www.freidenker.org\/?p=14673","url_meta":{"origin":18909,"position":3},"title":"Der Kanzler mit dem kurzen Ged\u00e4chtnis: Olaf Scholz in Vietnam","author":"Webredaktion","date":"15. November 2022","format":false,"excerpt":"Beitrag von Dagmar Henn Olaf Scholz h\u00e4tte es besser wissen m\u00fcssen. Aber vermutlich hatte er gehofft, wenn ihn die Chinesen schon nicht lieben, dann wenigstens die Vietnamesen, schon allein, weil deren Verh\u00e4ltnis untereinander nicht ganz frei von Komplikationen ist. Jedenfalls hat er, Pressemeldungen zufolge, in Vietnam erkl\u00e4rt, er w\u00fcnsche sich\u2026","rel":"","context":"In &quot;Demokratie \u2013 Medien \u2013 Aufkl\u00e4rung&quot;","block_context":{"text":"Demokratie \u2013 Medien \u2013 Aufkl\u00e4rung","link":"https:\/\/www.freidenker.org\/?cat=12"},"img":{"alt_text":"","src":"https:\/\/i0.wp.com\/www.freidenker.org\/fw17\/wp-content\/uploads\/2022\/11\/Ho_Chi_Minh_Mausoleum_7360943118_800x450.jpg?fit=800%2C450&ssl=1&resize=350%2C200","width":350,"height":200,"srcset":"https:\/\/i0.wp.com\/www.freidenker.org\/fw17\/wp-content\/uploads\/2022\/11\/Ho_Chi_Minh_Mausoleum_7360943118_800x450.jpg?fit=800%2C450&ssl=1&resize=350%2C200 1x, https:\/\/i0.wp.com\/www.freidenker.org\/fw17\/wp-content\/uploads\/2022\/11\/Ho_Chi_Minh_Mausoleum_7360943118_800x450.jpg?fit=800%2C450&ssl=1&resize=525%2C300 1.5x, https:\/\/i0.wp.com\/www.freidenker.org\/fw17\/wp-content\/uploads\/2022\/11\/Ho_Chi_Minh_Mausoleum_7360943118_800x450.jpg?fit=800%2C450&ssl=1&resize=700%2C400 2x"},"classes":[]},{"id":16863,"url":"https:\/\/www.freidenker.org\/?p=16863","url_meta":{"origin":18909,"position":4},"title":"Scholz schockiert: &#8222;Putin beschwert sich gar nicht \u00fcber die Sanktionen&#8220;","author":"Webredaktion","date":"30. August 2023","format":false,"excerpt":"Beitrag von Gert Ewen Ungar Die BILD-Zeitung ver\u00f6ffentlichte Teile aus einem Telefongespr\u00e4ch, das Bundeskanzler Scholz mit dem franz\u00f6sischen Pr\u00e4sidenten Macron gef\u00fchrt hat, nachdem beide zuvor mit Russlands Pr\u00e4sident Putin gesprochen hatten. Das Telefongespr\u00e4ch fand Anfang M\u00e4rz 2022 statt, am neunten Tag nach Beginn der milit\u00e4rischen Spezialoperation. Die Friedensverhandlungen zwischen der\u2026","rel":"","context":"In &quot;Demokratie \u2013 Medien \u2013 Aufkl\u00e4rung&quot;","block_context":{"text":"Demokratie \u2013 Medien \u2013 Aufkl\u00e4rung","link":"https:\/\/www.freidenker.org\/?cat=12"},"img":{"alt_text":"","src":"https:\/\/i0.wp.com\/www.freidenker.org\/fw17\/wp-content\/uploads\/2023\/08\/selenski-macron-scholz_800x450.jpg?fit=800%2C450&ssl=1&resize=350%2C200","width":350,"height":200,"srcset":"https:\/\/i0.wp.com\/www.freidenker.org\/fw17\/wp-content\/uploads\/2023\/08\/selenski-macron-scholz_800x450.jpg?fit=800%2C450&ssl=1&resize=350%2C200 1x, https:\/\/i0.wp.com\/www.freidenker.org\/fw17\/wp-content\/uploads\/2023\/08\/selenski-macron-scholz_800x450.jpg?fit=800%2C450&ssl=1&resize=525%2C300 1.5x, https:\/\/i0.wp.com\/www.freidenker.org\/fw17\/wp-content\/uploads\/2023\/08\/selenski-macron-scholz_800x450.jpg?fit=800%2C450&ssl=1&resize=700%2C400 2x"},"classes":[]},{"id":17654,"url":"https:\/\/www.freidenker.org\/?p=17654","url_meta":{"origin":18909,"position":5},"title":"Die L\u00fcgenrede von Scholz auf dem SPD-Parteitag","author":"Webredaktion","date":"13. Dezember 2023","format":false,"excerpt":"Beitrag von Anti-Spiegel (d.i. Thomas R\u00f6per) Wie schon bei seiner Regierungserkl\u00e4rung vor einigen Tagen zum Urteil des Verfassungsgerichtes, dass die Haushaltspolitik der Scholz-Regierung als verfassungswidrig eingestuft und damit die Haushaltskrise ausgel\u00f6st hat, hat Scholz auch die Rede beim SPD-Parteitag damit begonnen, dass er und seine Regierung an allen Problemen in\u2026","rel":"","context":"In &quot;Demokratie \u2013 Medien \u2013 Aufkl\u00e4rung&quot;","block_context":{"text":"Demokratie \u2013 Medien \u2013 Aufkl\u00e4rung","link":"https:\/\/www.freidenker.org\/?cat=12"},"img":{"alt_text":"","src":"https:\/\/i0.wp.com\/www.freidenker.org\/fw17\/wp-content\/uploads\/2023\/12\/scholz_nase_800x450.jpg?fit=797%2C449&ssl=1&resize=350%2C200","width":350,"height":200,"srcset":"https:\/\/i0.wp.com\/www.freidenker.org\/fw17\/wp-content\/uploads\/2023\/12\/scholz_nase_800x450.jpg?fit=797%2C449&ssl=1&resize=350%2C200 1x, https:\/\/i0.wp.com\/www.freidenker.org\/fw17\/wp-content\/uploads\/2023\/12\/scholz_nase_800x450.jpg?fit=797%2C449&ssl=1&resize=525%2C300 1.5x, https:\/\/i0.wp.com\/www.freidenker.org\/fw17\/wp-content\/uploads\/2023\/12\/scholz_nase_800x450.jpg?fit=797%2C449&ssl=1&resize=700%2C400 2x"},"classes":[]}],"_links":{"self":[{"href":"https:\/\/www.freidenker.org\/index.php?rest_route=\/wp\/v2\/posts\/18909","targetHints":{"allow":["GET"]}}],"collection":[{"href":"https:\/\/www.freidenker.org\/index.php?rest_route=\/wp\/v2\/posts"}],"about":[{"href":"https:\/\/www.freidenker.org\/index.php?rest_route=\/wp\/v2\/types\/post"}],"author":[{"embeddable":true,"href":"https:\/\/www.freidenker.org\/index.php?rest_route=\/wp\/v2\/users\/3"}],"replies":[{"embeddable":true,"href":"https:\/\/www.freidenker.org\/index.php?rest_route=%2Fwp%2Fv2%2Fcomments&post=18909"}],"version-history":[{"count":0,"href":"https:\/\/www.freidenker.org\/index.php?rest_route=\/wp\/v2\/posts\/18909\/revisions"}],"wp:featuredmedia":[{"embeddable":true,"href":"https:\/\/www.freidenker.org\/index.php?rest_route=\/wp\/v2\/media\/18912"}],"wp:attachment":[{"href":"https:\/\/www.freidenker.org\/index.php?rest_route=%2Fwp%2Fv2%2Fmedia&parent=18909"}],"wp:term":[{"taxonomy":"category","embeddable":true,"href":"https:\/\/www.freidenker.org\/index.php?rest_route=%2Fwp%2Fv2%2Fcategories&post=18909"},{"taxonomy":"post_tag","embeddable":true,"href":"https:\/\/www.freidenker.org\/index.php?rest_route=%2Fwp%2Fv2%2Ftags&post=18909"}],"curies":[{"name":"wp","href":"https:\/\/api.w.org\/{rel}","templated":true}]}}